{"id":81695,"date":"2026-07-01T09:51:55","date_gmt":"2026-07-01T07:51:55","guid":{"rendered":"https:\/\/dorogimedence.hu\/?p=81695"},"modified":"2026-07-01T09:51:55","modified_gmt":"2026-07-01T07:51:55","slug":"homlokzatfelujitasra-lehet-palyazni-esztergomban","status":"publish","type":"post","link":"https:\/\/dorogimedence.hu\/index.php\/2026\/07\/01\/homlokzatfelujitasra-lehet-palyazni-esztergomban\/","title":{"rendered":"Homlokzatfel\u00faj\u00edt\u00e1sra lehet p\u00e1ly\u00e1zni Esztergomban"},"content":{"rendered":"<p><strong>Esztergom Megyei Jog\u00fa V\u00e1ros \u00d6nkorm\u00e1nyzata meghirdette a 2026. \u00e9vi homlokzatfel\u00faj\u00edt\u00e1si p\u00e1ly\u00e1zat\u00e1t. A t\u00e1mogat\u00e1s c\u00e9lja, hogy hozz\u00e1j\u00e1ruljon a v\u00e1ros \u00e9p\u00edtett \u00f6r\u00f6ks\u00e9g\u00e9nek meg\u00f3v\u00e1s\u00e1hoz, valamint a telep\u00fcl\u00e9sk\u00e9p meg\u0151rz\u00e9s\u00e9hez \u00e9s sz\u00e9p\u00edt\u00e9s\u00e9hez.<\/strong><\/p>\n<p>A p\u00e1ly\u00e1zatra Esztergom k\u00f6zigazgat\u00e1si ter\u00fclet\u00e9n tal\u00e1lhat\u00f3 orsz\u00e1gosan v\u00e9dett, lak\u00f3h\u00e1zk\u00e9nt nyilv\u00e1ntartott \u00e9p\u00fcletek, helyi v\u00e9delem alatt \u00e1ll\u00f3 ingatlanok, valamint telep\u00fcl\u00e9sk\u00e9pi szempontb\u00f3l meghat\u00e1roz\u00f3 ter\u00fcleten fekv\u0151, egyedi v\u00e9delem alatt nem \u00e1ll\u00f3 ingatlanok tulajdonosai \u00e9s vagyonkezel\u0151i jelentkezhetnek. A felh\u00edv\u00e1sra term\u00e9szetes \u00e9s jogi szem\u00e9lyek egyar\u00e1nt p\u00e1ly\u00e1zhatnak.<\/p>\n<p>A t\u00e1mogat\u00e1s felhaszn\u00e1lhat\u00f3 t\u00f6bbek k\u00f6z\u00f6tt homlokzatok fel\u00faj\u00edt\u00e1s\u00e1ra \u00e9s korszer\u0171s\u00edt\u00e9s\u00e9re, ut\u00f3lagos v\u00edz- \u00e9s h\u0151szigetel\u00e9sre, a homlokzat meghat\u00e1roz\u00f3 \u00e9p\u00edt\u00e9szeti elemeinek \u2013 p\u00e9ld\u00e1ul a p\u00e1rk\u00e1nyok, tagozatok, ny\u00edl\u00e1sz\u00e1r\u00f3k vagy a tet\u0151forma \u2013 eredeti \u00e1llapothoz igazod\u00f3 helyre\u00e1ll\u00edt\u00e1s\u00e1ra, a fel\u00faj\u00edt\u00e1shoz kapcsol\u00f3d\u00f3 szerkezet\u00e9p\u00edt\u00e9si munk\u00e1kra, valamint a sz\u00fcks\u00e9ges tervez\u00e9si szolg\u00e1ltat\u00e1sok k\u00f6lts\u00e9geire is.<\/p>\n<p>A p\u00e1ly\u00e1zatokat 2026. szeptember 30-ig lehet beny\u00fajtani szem\u00e9lyesen vagy postai \u00faton az Esztergom Megyei Jog\u00fa V\u00e1ros Polg\u00e1rmesteri Hivatal\u00e1nak V\u00e1rosfejleszt\u00e9si Oszt\u00e1lya, F\u0151\u00e9p\u00edt\u00e9szi Irod\u00e1j\u00e1hoz (2500 Esztergom, Sz\u00e9chenyi t\u00e9r 1.).<\/p>\n<p>A jelentkez\u00e9shez t\u00f6bb dokumentumot is csatolni kell, k\u00f6zt\u00fck a kit\u00f6lt\u00f6tt p\u00e1ly\u00e1zati adatlapot, a tervezett fel\u00faj\u00edt\u00e1s enged\u00e9lyes szint\u0171 terv\u00e9t, a r\u00e9szletes k\u00f6lts\u00e9gvet\u00e9st, a kivitelez\u00e9s \u00fctemez\u00e9s\u00e9t, az \u00f6nr\u00e9sz v\u00e1llal\u00e1s\u00e1r\u00f3l sz\u00f3l\u00f3 nyilatkozatot, valamint a 30 napn\u00e1l nem r\u00e9gebbi tulajdoni lapot. T\u00e1rsash\u00e1zak \u00e9s egy\u00e9b szervezetek eset\u00e9ben tov\u00e1bbi igazol\u00f3 dokumentumok beny\u00fajt\u00e1sa is sz\u00fcks\u00e9ges.<\/p>\n<p>A p\u00e1ly\u00e1zattal kapcsolatban a F\u0151\u00e9p\u00edt\u00e9szi Iroda munkat\u00e1rsai szem\u00e9lyesen, a foepitesz@esztergom.hu e-mail-c\u00edmen, illetve a +36 33 542 024 telefonsz\u00e1mon adnak t\u00e1j\u00e9koztat\u00e1st.<\/p>\n<p>Tov\u00e1bbi r\u00e9szletek \u00e9s a p\u00e1ly\u00e1zathoz tartoz\u00f3 dokumentumok <a href=\"https:\/\/esztergom.hu\/hirek\/2148-homlokzatfelujitasi_palyazat_felhivas\" target=\"_blank\" rel=\"noopener\"><span style=\"text-decoration: underline; color: #0000ff;\">ide kattintva<\/span><\/a> \u00e9rhet\u0151k el.<\/p>\n<p><em>Bor\u00edt\u00f3k\u00e9p: illusztr\u00e1ci\u00f3 (ChatGPT &#8211; AI)<br \/>\nForr\u00e1s: esztergom.hu<\/em><\/p>\n","protected":false},"excerpt":{"rendered":"<p>Esztergom Megyei Jog\u00fa V\u00e1ros \u00d6nkorm\u00e1nyzata meghirdette a 2026. \u00e9vi homlokzatfel\u00faj\u00edt\u00e1si p\u00e1ly\u00e1zat\u00e1t. A t\u00e1mogat\u00e1s c\u00e9lja, hogy hozz\u00e1j\u00e1ruljon a v\u00e1ros \u00e9p\u00edtett \u00f6r\u00f6ks\u00e9g\u00e9nek meg\u00f3v\u00e1s\u00e1hoz, valamint a telep\u00fcl\u00e9sk\u00e9p meg\u0151rz\u00e9s\u00e9hez \u00e9s sz\u00e9p\u00edt\u00e9s\u00e9hez. A p\u00e1ly\u00e1zatra Esztergom k\u00f6zigazgat\u00e1si ter\u00fclet\u00e9n tal\u00e1lhat\u00f3 orsz\u00e1gosan v\u00e9dett, lak\u00f3h\u00e1zk\u00e9nt nyilv\u00e1ntartott \u00e9p\u00fcletek, helyi v\u00e9delem alatt \u00e1ll\u00f3 ingatlanok, valamint telep\u00fcl\u00e9sk\u00e9pi szempontb\u00f3l meghat\u00e1roz\u00f3 ter\u00fcleten fekv\u0151, egyedi v\u00e9delem alatt nem \u00e1ll\u00f3 ingatlanok<\/p>\n","protected":false},"author":1,"featured_media":81696,"comment_status":"closed","ping_status":"closed","sticky":false,"template":"","format":"standard","meta":{"ngg_post_thumbnail":0,"footnotes":""},"categories":[38,3],"tags":[42,2395,74],"class_list":["post-81695","post","type-post","status-publish","format-standard","has-post-thumbnail","category-esztergom","category-hirek","tag-esztergom","tag-homlokzatfelujitas","tag-palyazat"],"yoast_head":"<!-- This site is optimized with the Yoast SEO plugin v28.3 - https:\/\/yoast.com\/product\/yoast-seo-wordpress\/ -->\n<title>Homlokzatfel\u00faj\u00edt\u00e1sra lehet p\u00e1ly\u00e1zni Esztergomban<\/title>\n<meta name=\"robots\" content=\"index, follow, max-snippet:-1, max-image-preview:large, max-video-preview:-1\" \/>\n<link rel=\"canonical\" href=\"https:\/\/dorogimedence.hu\/index.php\/2026\/07\/01\/homlokzatfelujitasra-lehet-palyazni-esztergomban\/\" class=\"yoast-seo-meta-tag\" \/>\n<meta property=\"og:locale\" content=\"hu_HU\" class=\"yoast-seo-meta-tag\" \/>\n<meta property=\"og:type\" content=\"article\" class=\"yoast-seo-meta-tag\" \/>\n<meta property=\"og:title\" content=\"Homlokzatfel\u00faj\u00edt\u00e1sra lehet p\u00e1ly\u00e1zni Esztergomban\" class=\"yoast-seo-meta-tag\" \/>\n<meta property=\"og:description\" content=\"Esztergom Megyei Jog\u00fa V\u00e1ros \u00d6nkorm\u00e1nyzata meghirdette a 2026. \u00e9vi homlokzatfel\u00faj\u00edt\u00e1si p\u00e1ly\u00e1zat\u00e1t. A t\u00e1mogat\u00e1s c\u00e9lja, hogy hozz\u00e1j\u00e1ruljon a v\u00e1ros \u00e9p\u00edtett \u00f6r\u00f6ks\u00e9g\u00e9nek meg\u00f3v\u00e1s\u00e1hoz, valamint a telep\u00fcl\u00e9sk\u00e9p meg\u0151rz\u00e9s\u00e9hez \u00e9s sz\u00e9p\u00edt\u00e9s\u00e9hez. A p\u00e1ly\u00e1zatra Esztergom k\u00f6zigazgat\u00e1si ter\u00fclet\u00e9n tal\u00e1lhat\u00f3 orsz\u00e1gosan v\u00e9dett, lak\u00f3h\u00e1zk\u00e9nt nyilv\u00e1ntartott \u00e9p\u00fcletek, helyi v\u00e9delem alatt \u00e1ll\u00f3 ingatlanok, valamint telep\u00fcl\u00e9sk\u00e9pi szempontb\u00f3l meghat\u00e1roz\u00f3 ter\u00fcleten fekv\u0151, egyedi v\u00e9delem alatt nem \u00e1ll\u00f3 ingatlanok\" class=\"yoast-seo-meta-tag\" \/>\n<meta property=\"og:url\" content=\"https:\/\/dorogimedence.hu\/index.php\/2026\/07\/01\/homlokzatfelujitasra-lehet-palyazni-esztergomban\/\" class=\"yoast-seo-meta-tag\" \/>\n<meta property=\"og:site_name\" content=\"Dorogi-medence Region\u00e1lis H\u00edrport\u00e1l\" class=\"yoast-seo-meta-tag\" \/>\n<meta property=\"article:publisher\" content=\"https:\/\/www.facebook.com\/dorogimedence\/\" class=\"yoast-seo-meta-tag\" \/>\n<meta property=\"article:published_time\" content=\"2026-07-01T07:51:55+00:00\" class=\"yoast-seo-meta-tag\" \/>\n<meta property=\"og:image\" content=\"https:\/\/dorogimedence.hu\/wp-content\/uploads\/2026\/07\/ChatGPT-Image-2026.-jul.-1.-09_51_00.png\" class=\"yoast-seo-meta-tag\" \/>\n\t<meta property=\"og:image:width\" content=\"755\" class=\"yoast-seo-meta-tag\" \/>\n\t<meta property=\"og:image:height\" content=\"503\" class=\"yoast-seo-meta-tag\" \/>\n\t<meta property=\"og:image:type\" content=\"image\/png\" class=\"yoast-seo-meta-tag\" \/>\n<meta name=\"author\" content=\"dorogimedence.hu\" class=\"yoast-seo-meta-tag\" \/>\n<meta name=\"twitter:card\" content=\"summary_large_image\" class=\"yoast-seo-meta-tag\" \/>\n<meta name=\"twitter:label1\" content=\"Szerz\u0151:\" class=\"yoast-seo-meta-tag\" \/>\n\t<meta name=\"twitter:data1\" content=\"dorogimedence.hu\" class=\"yoast-seo-meta-tag\" \/>\n\t<meta name=\"twitter:label2\" content=\"Becs\u00fclt olvas\u00e1si id\u0151\" class=\"yoast-seo-meta-tag\" \/>\n\t<meta name=\"twitter:data2\" content=\"2 perc\" class=\"yoast-seo-meta-tag\" \/>\n<script type=\"application\/ld+json\" class=\"yoast-schema-graph\">{\"@context\":\"https:\\\/\\\/schema.org\",\"@graph\":[{\"@type\":\"Article\",\"@id\":\"https:\\\/\\\/dorogimedence.hu\\\/index.php\\\/2026\\\/07\\\/01\\\/homlokzatfelujitasra-lehet-palyazni-esztergomban\\\/#article\",\"isPartOf\":{\"@id\":\"https:\\\/\\\/dorogimedence.hu\\\/index.php\\\/2026\\\/07\\\/01\\\/homlokzatfelujitasra-lehet-palyazni-esztergomban\\\/\"},\"author\":{\"name\":\"dorogimedence.hu\",\"@id\":\"https:\\\/\\\/dorogimedence.hu\\\/#\\\/schema\\\/person\\\/ce6091eeb7e95ecdc87890d6aa8e0fd4\"},\"headline\":\"Homlokzatfel\u00faj\u00edt\u00e1sra lehet p\u00e1ly\u00e1zni Esztergomban\",\"datePublished\":\"2026-07-01T07:51:55+00:00\",\"mainEntityOfPage\":{\"@id\":\"https:\\\/\\\/dorogimedence.hu\\\/index.php\\\/2026\\\/07\\\/01\\\/homlokzatfelujitasra-lehet-palyazni-esztergomban\\\/\"},\"wordCount\":411,\"publisher\":{\"@id\":\"https:\\\/\\\/dorogimedence.hu\\\/#organization\"},\"image\":{\"@id\":\"https:\\\/\\\/dorogimedence.hu\\\/index.php\\\/2026\\\/07\\\/01\\\/homlokzatfelujitasra-lehet-palyazni-esztergomban\\\/#primaryimage\"},\"thumbnailUrl\":\"https:\\\/\\\/dorogimedence.hu\\\/wp-content\\\/uploads\\\/2026\\\/07\\\/ChatGPT-Image-2026.-jul.-1.-09_51_00.png\",\"keywords\":[\"esztergom\",\"homlokzatfel\u00faj\u00edt\u00e1s\",\"p\u00e1ly\u00e1zat\"],\"articleSection\":[\"Esztergom\",\"H\u00edrek\"],\"inLanguage\":\"hu\"},{\"@type\":\"WebPage\",\"@id\":\"https:\\\/\\\/dorogimedence.hu\\\/index.php\\\/2026\\\/07\\\/01\\\/homlokzatfelujitasra-lehet-palyazni-esztergomban\\\/\",\"url\":\"https:\\\/\\\/dorogimedence.hu\\\/index.php\\\/2026\\\/07\\\/01\\\/homlokzatfelujitasra-lehet-palyazni-esztergomban\\\/\",\"name\":\"Homlokzatfel\u00faj\u00edt\u00e1sra lehet p\u00e1ly\u00e1zni Esztergomban\",\"isPartOf\":{\"@id\":\"https:\\\/\\\/dorogimedence.hu\\\/#website\"},\"primaryImageOfPage\":{\"@id\":\"https:\\\/\\\/dorogimedence.hu\\\/index.php\\\/2026\\\/07\\\/01\\\/homlokzatfelujitasra-lehet-palyazni-esztergomban\\\/#primaryimage\"},\"image\":{\"@id\":\"https:\\\/\\\/dorogimedence.hu\\\/index.php\\\/2026\\\/07\\\/01\\\/homlokzatfelujitasra-lehet-palyazni-esztergomban\\\/#primaryimage\"},\"thumbnailUrl\":\"https:\\\/\\\/dorogimedence.hu\\\/wp-content\\\/uploads\\\/2026\\\/07\\\/ChatGPT-Image-2026.-jul.-1.-09_51_00.png\",\"datePublished\":\"2026-07-01T07:51:55+00:00\",\"breadcrumb\":{\"@id\":\"https:\\\/\\\/dorogimedence.hu\\\/index.php\\\/2026\\\/07\\\/01\\\/homlokzatfelujitasra-lehet-palyazni-esztergomban\\\/#breadcrumb\"},\"inLanguage\":\"hu\",\"potentialAction\":[{\"@type\":\"ReadAction\",\"target\":[\"https:\\\/\\\/dorogimedence.hu\\\/index.php\\\/2026\\\/07\\\/01\\\/homlokzatfelujitasra-lehet-palyazni-esztergomban\\\/\"]}]},{\"@type\":\"ImageObject\",\"inLanguage\":\"hu\",\"@id\":\"https:\\\/\\\/dorogimedence.hu\\\/index.php\\\/2026\\\/07\\\/01\\\/homlokzatfelujitasra-lehet-palyazni-esztergomban\\\/#primaryimage\",\"url\":\"https:\\\/\\\/dorogimedence.hu\\\/wp-content\\\/uploads\\\/2026\\\/07\\\/ChatGPT-Image-2026.-jul.-1.-09_51_00.png\",\"contentUrl\":\"https:\\\/\\\/dorogimedence.hu\\\/wp-content\\\/uploads\\\/2026\\\/07\\\/ChatGPT-Image-2026.-jul.-1.-09_51_00.png\",\"width\":1536,\"height\":1024},{\"@type\":\"BreadcrumbList\",\"@id\":\"https:\\\/\\\/dorogimedence.hu\\\/index.php\\\/2026\\\/07\\\/01\\\/homlokzatfelujitasra-lehet-palyazni-esztergomban\\\/#breadcrumb\",\"itemListElement\":[{\"@type\":\"ListItem\",\"position\":1,\"name\":\"Kezd\u0151lap\",\"item\":\"https:\\\/\\\/dorogimedence.hu\\\/\"},{\"@type\":\"ListItem\",\"position\":2,\"name\":\"Homlokzatfel\u00faj\u00edt\u00e1sra lehet p\u00e1ly\u00e1zni Esztergomban\"}]},{\"@type\":\"WebSite\",\"@id\":\"https:\\\/\\\/dorogimedence.hu\\\/#website\",\"url\":\"https:\\\/\\\/dorogimedence.hu\\\/\",\"name\":\"Dorogi-medence Region\u00e1lis H\u00edrport\u00e1l\",\"description\":\"Dorog, Keszt\u00f6lc, Le\u00e1nyv\u00e1r, Piliscs\u00e9v, Tokod, Tokodalt\u00e1r\u00f3, Csolnok, Esztergom-kertv\u00e1ros: h\u00edrek, programok\",\"publisher\":{\"@id\":\"https:\\\/\\\/dorogimedence.hu\\\/#organization\"},\"potentialAction\":[{\"@type\":\"SearchAction\",\"target\":{\"@type\":\"EntryPoint\",\"urlTemplate\":\"https:\\\/\\\/dorogimedence.hu\\\/?s={search_term_string}\"},\"query-input\":{\"@type\":\"PropertyValueSpecification\",\"valueRequired\":true,\"valueName\":\"search_term_string\"}}],\"inLanguage\":\"hu\"},{\"@type\":\"Organization\",\"@id\":\"https:\\\/\\\/dorogimedence.hu\\\/#organization\",\"name\":\"Dorogi-medence Region\u00e1lis H\u00edrport\u00e1l\",\"url\":\"https:\\\/\\\/dorogimedence.hu\\\/\",\"logo\":{\"@type\":\"ImageObject\",\"inLanguage\":\"hu\",\"@id\":\"https:\\\/\\\/dorogimedence.hu\\\/#\\\/schema\\\/logo\\\/image\\\/\",\"url\":\"https:\\\/\\\/dorogimedence.hu\\\/wp-content\\\/uploads\\\/2021\\\/04\\\/logo-feher-600.png\",\"contentUrl\":\"https:\\\/\\\/dorogimedence.hu\\\/wp-content\\\/uploads\\\/2021\\\/04\\\/logo-feher-600.png\",\"width\":600,\"height\":100,\"caption\":\"Dorogi-medence Region\u00e1lis H\u00edrport\u00e1l\"},\"image\":{\"@id\":\"https:\\\/\\\/dorogimedence.hu\\\/#\\\/schema\\\/logo\\\/image\\\/\"},\"sameAs\":[\"https:\\\/\\\/www.facebook.com\\\/dorogimedence\\\/\"]},{\"@type\":\"Person\",\"@id\":\"https:\\\/\\\/dorogimedence.hu\\\/#\\\/schema\\\/person\\\/ce6091eeb7e95ecdc87890d6aa8e0fd4\",\"name\":\"dorogimedence.hu\",\"image\":{\"@type\":\"ImageObject\",\"inLanguage\":\"hu\",\"@id\":\"\\\/\\\/www.gravatar.com\\\/avatar\\\/d8d45f8901aadff40a4af72c0b826f1d?s=96&#038;r=g&#038;d=mm\",\"url\":\"\\\/\\\/www.gravatar.com\\\/avatar\\\/d8d45f8901aadff40a4af72c0b826f1d?s=96&#038;r=g&#038;d=mm\",\"contentUrl\":\"\\\/\\\/www.gravatar.com\\\/avatar\\\/d8d45f8901aadff40a4af72c0b826f1d?s=96&#038;r=g&#038;d=mm\",\"caption\":\"dorogimedence.hu\"}}]}<\/script>\n<!-- \/ Yoast SEO plugin. -->","yoast_head_json":{"title":"Homlokzatfel\u00faj\u00edt\u00e1sra lehet p\u00e1ly\u00e1zni Esztergomban","robots":{"index":"index","follow":"follow","max-snippet":"max-snippet:-1","max-image-preview":"max-image-preview:large","max-video-preview":"max-video-preview:-1"},"canonical":"https:\/\/dorogimedence.hu\/index.php\/2026\/07\/01\/homlokzatfelujitasra-lehet-palyazni-esztergomban\/","og_locale":"hu_HU","og_type":"article","og_title":"Homlokzatfel\u00faj\u00edt\u00e1sra lehet p\u00e1ly\u00e1zni Esztergomban","og_description":"Esztergom Megyei Jog\u00fa V\u00e1ros \u00d6nkorm\u00e1nyzata meghirdette a 2026. \u00e9vi homlokzatfel\u00faj\u00edt\u00e1si p\u00e1ly\u00e1zat\u00e1t. A t\u00e1mogat\u00e1s c\u00e9lja, hogy hozz\u00e1j\u00e1ruljon a v\u00e1ros \u00e9p\u00edtett \u00f6r\u00f6ks\u00e9g\u00e9nek meg\u00f3v\u00e1s\u00e1hoz, valamint a telep\u00fcl\u00e9sk\u00e9p meg\u0151rz\u00e9s\u00e9hez \u00e9s sz\u00e9p\u00edt\u00e9s\u00e9hez. A p\u00e1ly\u00e1zatra Esztergom k\u00f6zigazgat\u00e1si ter\u00fclet\u00e9n tal\u00e1lhat\u00f3 orsz\u00e1gosan v\u00e9dett, lak\u00f3h\u00e1zk\u00e9nt nyilv\u00e1ntartott \u00e9p\u00fcletek, helyi v\u00e9delem alatt \u00e1ll\u00f3 ingatlanok, valamint telep\u00fcl\u00e9sk\u00e9pi szempontb\u00f3l meghat\u00e1roz\u00f3 ter\u00fcleten fekv\u0151, egyedi v\u00e9delem alatt nem \u00e1ll\u00f3 ingatlanok","og_url":"https:\/\/dorogimedence.hu\/index.php\/2026\/07\/01\/homlokzatfelujitasra-lehet-palyazni-esztergomban\/","og_site_name":"Dorogi-medence Region\u00e1lis H\u00edrport\u00e1l","article_publisher":"https:\/\/www.facebook.com\/dorogimedence\/","article_published_time":"2026-07-01T07:51:55+00:00","og_image":[{"url":"https:\/\/dorogimedence.hu\/wp-content\/uploads\/2026\/07\/ChatGPT-Image-2026.-jul.-1.-09_51_00.png","width":755,"height":503,"type":"image\/png"}],"author":"dorogimedence.hu","twitter_card":"summary_large_image","twitter_misc":{"Szerz\u0151:":"dorogimedence.hu","Becs\u00fclt olvas\u00e1si id\u0151":"2 perc"},"schema":{"@context":"https:\/\/schema.org","@graph":[{"@type":"Article","@id":"https:\/\/dorogimedence.hu\/index.php\/2026\/07\/01\/homlokzatfelujitasra-lehet-palyazni-esztergomban\/#article","isPartOf":{"@id":"https:\/\/dorogimedence.hu\/index.php\/2026\/07\/01\/homlokzatfelujitasra-lehet-palyazni-esztergomban\/"},"author":{"name":"dorogimedence.hu","@id":"https:\/\/dorogimedence.hu\/#\/schema\/person\/ce6091eeb7e95ecdc87890d6aa8e0fd4"},"headline":"Homlokzatfel\u00faj\u00edt\u00e1sra lehet p\u00e1ly\u00e1zni Esztergomban","datePublished":"2026-07-01T07:51:55+00:00","mainEntityOfPage":{"@id":"https:\/\/dorogimedence.hu\/index.php\/2026\/07\/01\/homlokzatfelujitasra-lehet-palyazni-esztergomban\/"},"wordCount":411,"publisher":{"@id":"https:\/\/dorogimedence.hu\/#organization"},"image":{"@id":"https:\/\/dorogimedence.hu\/index.php\/2026\/07\/01\/homlokzatfelujitasra-lehet-palyazni-esztergomban\/#primaryimage"},"thumbnailUrl":"https:\/\/dorogimedence.hu\/wp-content\/uploads\/2026\/07\/ChatGPT-Image-2026.-jul.-1.-09_51_00.png","keywords":["esztergom","homlokzatfel\u00faj\u00edt\u00e1s","p\u00e1ly\u00e1zat"],"articleSection":["Esztergom","H\u00edrek"],"inLanguage":"hu"},{"@type":"WebPage","@id":"https:\/\/dorogimedence.hu\/index.php\/2026\/07\/01\/homlokzatfelujitasra-lehet-palyazni-esztergomban\/","url":"https:\/\/dorogimedence.hu\/index.php\/2026\/07\/01\/homlokzatfelujitasra-lehet-palyazni-esztergomban\/","name":"Homlokzatfel\u00faj\u00edt\u00e1sra lehet p\u00e1ly\u00e1zni Esztergomban","isPartOf":{"@id":"https:\/\/dorogimedence.hu\/#website"},"primaryImageOfPage":{"@id":"https:\/\/dorogimedence.hu\/index.php\/2026\/07\/01\/homlokzatfelujitasra-lehet-palyazni-esztergomban\/#primaryimage"},"image":{"@id":"https:\/\/dorogimedence.hu\/index.php\/2026\/07\/01\/homlokzatfelujitasra-lehet-palyazni-esztergomban\/#primaryimage"},"thumbnailUrl":"https:\/\/dorogimedence.hu\/wp-content\/uploads\/2026\/07\/ChatGPT-Image-2026.-jul.-1.-09_51_00.png","datePublished":"2026-07-01T07:51:55+00:00","breadcrumb":{"@id":"https:\/\/dorogimedence.hu\/index.php\/2026\/07\/01\/homlokzatfelujitasra-lehet-palyazni-esztergomban\/#breadcrumb"},"inLanguage":"hu","potentialAction":[{"@type":"ReadAction","target":["https:\/\/dorogimedence.hu\/index.php\/2026\/07\/01\/homlokzatfelujitasra-lehet-palyazni-esztergomban\/"]}]},{"@type":"ImageObject","inLanguage":"hu","@id":"https:\/\/dorogimedence.hu\/index.php\/2026\/07\/01\/homlokzatfelujitasra-lehet-palyazni-esztergomban\/#primaryimage","url":"https:\/\/dorogimedence.hu\/wp-content\/uploads\/2026\/07\/ChatGPT-Image-2026.-jul.-1.-09_51_00.png","contentUrl":"https:\/\/dorogimedence.hu\/wp-content\/uploads\/2026\/07\/ChatGPT-Image-2026.-jul.-1.-09_51_00.png","width":1536,"height":1024},{"@type":"BreadcrumbList","@id":"https:\/\/dorogimedence.hu\/index.php\/2026\/07\/01\/homlokzatfelujitasra-lehet-palyazni-esztergomban\/#breadcrumb","itemListElement":[{"@type":"ListItem","position":1,"name":"Kezd\u0151lap","item":"https:\/\/dorogimedence.hu\/"},{"@type":"ListItem","position":2,"name":"Homlokzatfel\u00faj\u00edt\u00e1sra lehet p\u00e1ly\u00e1zni Esztergomban"}]},{"@type":"WebSite","@id":"https:\/\/dorogimedence.hu\/#website","url":"https:\/\/dorogimedence.hu\/","name":"Dorogi-medence Region\u00e1lis H\u00edrport\u00e1l","description":"Dorog, Keszt\u00f6lc, Le\u00e1nyv\u00e1r, Piliscs\u00e9v, Tokod, Tokodalt\u00e1r\u00f3, Csolnok, Esztergom-kertv\u00e1ros: h\u00edrek, programok","publisher":{"@id":"https:\/\/dorogimedence.hu\/#organization"},"potentialAction":[{"@type":"SearchAction","target":{"@type":"EntryPoint","urlTemplate":"https:\/\/dorogimedence.hu\/?s={search_term_string}"},"query-input":{"@type":"PropertyValueSpecification","valueRequired":true,"valueName":"search_term_string"}}],"inLanguage":"hu"},{"@type":"Organization","@id":"https:\/\/dorogimedence.hu\/#organization","name":"Dorogi-medence Region\u00e1lis H\u00edrport\u00e1l","url":"https:\/\/dorogimedence.hu\/","logo":{"@type":"ImageObject","inLanguage":"hu","@id":"https:\/\/dorogimedence.hu\/#\/schema\/logo\/image\/","url":"https:\/\/dorogimedence.hu\/wp-content\/uploads\/2021\/04\/logo-feher-600.png","contentUrl":"https:\/\/dorogimedence.hu\/wp-content\/uploads\/2021\/04\/logo-feher-600.png","width":600,"height":100,"caption":"Dorogi-medence Region\u00e1lis H\u00edrport\u00e1l"},"image":{"@id":"https:\/\/dorogimedence.hu\/#\/schema\/logo\/image\/"},"sameAs":["https:\/\/www.facebook.com\/dorogimedence\/"]},{"@type":"Person","@id":"https:\/\/dorogimedence.hu\/#\/schema\/person\/ce6091eeb7e95ecdc87890d6aa8e0fd4","name":"dorogimedence.hu","image":{"@type":"ImageObject","inLanguage":"hu","@id":"\/\/www.gravatar.com\/avatar\/d8d45f8901aadff40a4af72c0b826f1d?s=96&#038;r=g&#038;d=mm","url":"\/\/www.gravatar.com\/avatar\/d8d45f8901aadff40a4af72c0b826f1d?s=96&#038;r=g&#038;d=mm","contentUrl":"\/\/www.gravatar.com\/avatar\/d8d45f8901aadff40a4af72c0b826f1d?s=96&#038;r=g&#038;d=mm","caption":"dorogimedence.hu"}}]}},"_links":{"self":[{"href":"https:\/\/dorogimedence.hu\/index.php\/wp-json\/wp\/v2\/posts\/81695","targetHints":{"allow":["GET"]}}],"collection":[{"href":"https:\/\/dorogimedence.hu\/index.php\/wp-json\/wp\/v2\/posts"}],"about":[{"href":"https:\/\/dorogimedence.hu\/index.php\/wp-json\/wp\/v2\/types\/post"}],"author":[{"embeddable":true,"href":"https:\/\/dorogimedence.hu\/index.php\/wp-json\/wp\/v2\/users\/1"}],"replies":[{"embeddable":true,"href":"https:\/\/dorogimedence.hu\/index.php\/wp-json\/wp\/v2\/comments?post=81695"}],"version-history":[{"count":1,"href":"https:\/\/dorogimedence.hu\/index.php\/wp-json\/wp\/v2\/posts\/81695\/revisions"}],"predecessor-version":[{"id":81697,"href":"https:\/\/dorogimedence.hu\/index.php\/wp-json\/wp\/v2\/posts\/81695\/revisions\/81697"}],"wp:featuredmedia":[{"embeddable":true,"href":"https:\/\/dorogimedence.hu\/index.php\/wp-json\/wp\/v2\/media\/81696"}],"wp:attachment":[{"href":"https:\/\/dorogimedence.hu\/index.php\/wp-json\/wp\/v2\/media?parent=81695"}],"wp:term":[{"taxonomy":"category","embeddable":true,"href":"https:\/\/dorogimedence.hu\/index.php\/wp-json\/wp\/v2\/categories?post=81695"},{"taxonomy":"post_tag","embeddable":true,"href":"https:\/\/dorogimedence.hu\/index.php\/wp-json\/wp\/v2\/tags?post=81695"}],"curies":[{"name":"wp","href":"https:\/\/api.w.org\/{rel}","templated":true}]}}