{"id":81644,"date":"2026-07-03T08:03:28","date_gmt":"2026-07-03T06:03:28","guid":{"rendered":"https:\/\/dorogimedence.hu\/?p=81644"},"modified":"2026-07-03T08:17:42","modified_gmt":"2026-07-03T06:17:42","slug":"60-eve-tortent-a-dorogi-banyasz-labdarugoinak-sikere-a-vilaghiru-nemzetkozi-tornan","status":"publish","type":"post","link":"https:\/\/dorogimedence.hu\/index.php\/2026\/07\/03\/60-eve-tortent-a-dorogi-banyasz-labdarugoinak-sikere-a-vilaghiru-nemzetkozi-tornan\/","title":{"rendered":"60 \u00e9ve t\u00f6rt\u00e9nt: A Dorogi B\u00e1ny\u00e1sz labdar\u00fag\u00f3inak sikere a vil\u00e1gh\u00edr\u0171 nemzetk\u00f6zi torn\u00e1n"},"content":{"rendered":"<p class=\"isSelectedEnd\" style=\"text-align: justify;\"><strong><em>A kontinens egyik legrangosabb nemzetk\u00f6zi labdar\u00fag\u00f3torn\u00e1j\u00e1nak sz\u00e1m\u00edt\u00f3<\/em> Kvarnerska Rivijera 1966-os ki\u00edr\u00e1s\u00e1ban a Dorogi B\u00e1ny\u00e1sz egy\u00fcttese az el\u0151kel\u0151 harmadik helyet szerezte meg. A klub t\u00f6rt\u00e9net\u00e9nek egyik figyelemre m\u00e9lt\u00f3 nemzetk\u00f6zi siker\u00e9re, annak hatvanadik \u00e9vfordul\u00f3ja alkalm\u00e1b\u00f3l eml\u00e9kez\u00fcnk vissza<\/strong> (Az \u00f6t \u00e9vvel ezel\u0151tti cikkem friss\u00edtett, b\u0151v\u00edtett v\u00e1ltozata)<strong>.<\/strong><\/p>\n<p class=\"isSelectedEnd\" style=\"text-align: justify;\">A tekint\u00e9lyes jugoszl\u00e1v HNK Rijeka kezdem\u00e9nyez\u00e9s\u00e9re \u00e9s szervez\u00e9s\u00e9ben az 1950-es \u00e9vek elej\u00e9n indult \u00fatj\u00e1ra a Kvarnerska Rivijera nemzetk\u00f6zi torna. Az alap\u00edt\u00f3k eredeti sz\u00e1nd\u00e9ka szerint a viadal els\u0151sorban nagyszab\u00e1s\u00fa ut\u00e1np\u00f3tl\u00e1s-seregszemle volt, amely mindv\u00e9gig meg\u0151rizte ifj\u00fas\u00e1gi jelleg\u00e9t, noha az \u00e9vek sor\u00e1n a csapatok keret\u00e9ben egyre t\u00f6bb feln\u0151tt j\u00e1t\u00e9kos is szerepet kapott. A rendezv\u00e9ny els\u0151dleges c\u00e9lja az volt, hogy bemutatkoz\u00e1si lehet\u0151s\u00e9get biztos\u00edtson a feln\u0151tt p\u00e1lyafut\u00e1s k\u00fcsz\u00f6b\u00e9n \u00e1ll\u00f3 fiatal labdar\u00fag\u00f3knak.<\/p>\n<p><span style=\"font-size: 10pt;\"><em><img fetchpriority=\"high\" decoding=\"async\" class=\"wp-image-81646 size-full aligncenter\" src=\"https:\/\/dorogimedence.hu\/wp-content\/uploads\/2026\/06\/2c890b9b-22ac-4a2e-af1f-3f1986021515.jpg\" alt=\"\" width=\"816\" height=\"468\" srcset=\"https:\/\/dorogimedence.hu\/wp-content\/uploads\/2026\/06\/2c890b9b-22ac-4a2e-af1f-3f1986021515.jpg 816w, https:\/\/dorogimedence.hu\/wp-content\/uploads\/2026\/06\/2c890b9b-22ac-4a2e-af1f-3f1986021515-600x344.jpg 600w, https:\/\/dorogimedence.hu\/wp-content\/uploads\/2026\/06\/2c890b9b-22ac-4a2e-af1f-3f1986021515-768x440.jpg 768w, https:\/\/dorogimedence.hu\/wp-content\/uploads\/2026\/06\/2c890b9b-22ac-4a2e-af1f-3f1986021515-150x86.jpg 150w, https:\/\/dorogimedence.hu\/wp-content\/uploads\/2026\/06\/2c890b9b-22ac-4a2e-af1f-3f1986021515-450x258.jpg 450w\" sizes=\"(max-width: 816px) 100vw, 816px\" \/><\/em><\/span><\/p>\n<p style=\"text-align: center;\"><span style=\"font-size: 10pt;\"><em>A rendez\u0151 v\u00e1ros a tengerpart fel\u0151li l\u00e1tv\u00e1nya (forr\u00e1s: Wikimedia Commons)<\/em><\/span><\/p>\n<p style=\"text-align: justify;\">A h\u00e1zigazda Rijeka v\u00e1rosa \u00e9s a rendez\u0151 HNK Rijeka az egykori Jugoszl\u00e1via legjobb klubjai k\u00f6z\u00fcl h\u00edvta meg a mez\u0151ny egyik fel\u00e9t, m\u00edg a m\u00e1sik fel\u00e9t rangos k\u00fclf\u00f6ldi egyes\u00fcletek alkott\u00e1k. Ennek k\u00f6sz\u00f6nhet\u0151en a torna r\u00f6vid id\u0151 alatt Eur\u00f3pa egyik legjelent\u0151sebb nemzetk\u00f6zi ut\u00e1np\u00f3tl\u00e1s-labdar\u00fag\u00f3 esem\u00e9ny\u00e9v\u00e9 n\u0151tte ki mag\u00e1t.<\/p>\n<p><img decoding=\"async\" class=\"aligncenter wp-image-81680 size-full\" src=\"https:\/\/dorogimedence.hu\/wp-content\/uploads\/2026\/06\/zaglavlje_hotel_kvarner3.jpg\" alt=\"\" width=\"1012\" height=\"522\" srcset=\"https:\/\/dorogimedence.hu\/wp-content\/uploads\/2026\/06\/zaglavlje_hotel_kvarner3.jpg 1012w, https:\/\/dorogimedence.hu\/wp-content\/uploads\/2026\/06\/zaglavlje_hotel_kvarner3-600x309.jpg 600w, https:\/\/dorogimedence.hu\/wp-content\/uploads\/2026\/06\/zaglavlje_hotel_kvarner3-768x396.jpg 768w, https:\/\/dorogimedence.hu\/wp-content\/uploads\/2026\/06\/zaglavlje_hotel_kvarner3-150x77.jpg 150w, https:\/\/dorogimedence.hu\/wp-content\/uploads\/2026\/06\/zaglavlje_hotel_kvarner3-450x232.jpg 450w\" sizes=\"(max-width: 1012px) 100vw, 1012px\" \/><\/p>\n<p style=\"text-align: center;\">\u00a0<span style=\"font-size: 10pt;\"><em>A kupa n\u00e9vad\u00f3ja, az Adria sz\u00e9ps\u00e9ges fiumei partszakasza (forr\u00e1s: KAYAK.com)<\/em><\/span><\/p>\n<p style=\"text-align: justify;\">A 16 csapatos mez\u0151nyt n\u00e9gy n\u00e9gyes csoportba osztj\u00e1k. A csoportokon bel\u00fcl k\u00f6rm\u00e9rk\u0151z\u00e9seket rendeznek, majd a csoportgy\u0151ztesek jutnak az el\u0151d\u00f6nt\u0151be. A k\u00e9s\u0151bbi \u00e9vekben a torna nemzetk\u00f6zi jellege tov\u00e1bb er\u0151s\u00f6d\u00f6tt. Id\u0151vel m\u00e1r t\u00f6bb kontinens klubjai \u00e9s ut\u00e1np\u00f3tl\u00e1s-v\u00e1logatottjai is megh\u00edv\u00e1st kaptak. A torna rangj\u00e1t j\u00f3l mutatja, hogy az \u00e9vek sor\u00e1n nemcsak klubcsapatok, hanem ut\u00e1np\u00f3tl\u00e1s-v\u00e1logatottak is p\u00e1ly\u00e1ra l\u00e9ptek Rijek\u00e1ban. A r\u00e9sztvev\u0151k k\u00f6z\u00f6tt megtal\u00e1ljuk t\u00f6bbek k\u00f6z\u00f6tt Alb\u00e1nia, Csehszlov\u00e1kia, az Egyes\u00fclt \u00c1llamok, \u00c9szak-Maced\u00f3nia, \u00cdrorsz\u00e1g, Tun\u00e9zia, Irak, D\u00e9l-Korea, Jap\u00e1n \u00e9s Om\u00e1n fiataljait is.<\/p>\n<p><img decoding=\"async\" class=\"aligncenter wp-image-81681 size-full\" src=\"https:\/\/dorogimedence.hu\/wp-content\/uploads\/2026\/06\/nasi-klubovi-znacke.jpg\" alt=\"\" width=\"1264\" height=\"1058\" srcset=\"https:\/\/dorogimedence.hu\/wp-content\/uploads\/2026\/06\/nasi-klubovi-znacke.jpg 1264w, https:\/\/dorogimedence.hu\/wp-content\/uploads\/2026\/06\/nasi-klubovi-znacke-600x502.jpg 600w, https:\/\/dorogimedence.hu\/wp-content\/uploads\/2026\/06\/nasi-klubovi-znacke-768x643.jpg 768w, https:\/\/dorogimedence.hu\/wp-content\/uploads\/2026\/06\/nasi-klubovi-znacke-150x126.jpg 150w, https:\/\/dorogimedence.hu\/wp-content\/uploads\/2026\/06\/nasi-klubovi-znacke-450x377.jpg 450w, https:\/\/dorogimedence.hu\/wp-content\/uploads\/2026\/06\/nasi-klubovi-znacke-1200x1004.jpg 1200w\" sizes=\"(max-width: 1264px) 100vw, 1264px\" \/><\/p>\n<p style=\"text-align: justify;\"><span style=\"font-size: 10pt;\"><em>Jelv\u00e9nygy\u0171jtem\u00e9ny a kupa sor\u00e1n r\u00e9sztvev\u0151 csapatok klubc\u00edmereivel. K\u00f6zt\u00fck alulr\u00f3l a harmadik sor els\u0151 harmad\u00e1ban a Dorogi B\u00e1ny\u00e1sz jelv\u00e9nye (forr\u00e1s: Lokalpatrioti Rijeka.com)<\/em><\/span><\/p>\n<p style=\"text-align: justify;\">Tov\u00e1bb\u00e1 a brazil Clube Atl\u00e9tico Mineiro is szerepelt, amely haz\u00e1ja egyik legsikeresebb egy\u00fcttese, bajnoki c\u00edmekkel \u00e9s Libertadores-kupa-gy\u0151zelemmel is b\u00fcszk\u00e9lkedhet. A belo horizont\u00e9i klub t\u00f6bb alkalommal is r\u00e9szt vett a rijekai viadalon, \u00e9s k\u00e9t \u00edzben a tr\u00f3fe\u00e1t is elh\u00f3d\u00edtotta. A torn\u00e1t 1953-ban rendezt\u00e9k meg el\u0151sz\u00f6r, \u00e9s hossz\u00fa \u00e9vtizedeken \u00e1t megszak\u00edt\u00e1s n\u00e9lk\u00fcl szerepelt a nemzetk\u00f6zi labdar\u00fag\u00f3-napt\u00e1rban. M\u00e9g a d\u00e9lszl\u00e1v h\u00e1bor\u00fa sem tudta megszak\u00edtani folytonoss\u00e1g\u00e1t; erre csup\u00e1n a koronav\u00edrus-j\u00e1rv\u00e1ny miatt ker\u00fclt sor, amikor a 2020-as \u00e9s a 2021-es ki\u00edr\u00e1st t\u00f6r\u00f6lni kellett.<\/p>\n<p><img loading=\"lazy\" decoding=\"async\" class=\"aligncenter wp-image-81662 size-full\" src=\"https:\/\/dorogimedence.hu\/wp-content\/uploads\/2026\/06\/kvarnerska_rivijera_1977.jpg.crdownload.jpg\" alt=\"\" width=\"848\" height=\"606\" srcset=\"https:\/\/dorogimedence.hu\/wp-content\/uploads\/2026\/06\/kvarnerska_rivijera_1977.jpg.crdownload.jpg 848w, https:\/\/dorogimedence.hu\/wp-content\/uploads\/2026\/06\/kvarnerska_rivijera_1977.jpg.crdownload-600x429.jpg 600w, https:\/\/dorogimedence.hu\/wp-content\/uploads\/2026\/06\/kvarnerska_rivijera_1977.jpg.crdownload-768x549.jpg 768w, https:\/\/dorogimedence.hu\/wp-content\/uploads\/2026\/06\/kvarnerska_rivijera_1977.jpg.crdownload-150x107.jpg 150w, https:\/\/dorogimedence.hu\/wp-content\/uploads\/2026\/06\/kvarnerska_rivijera_1977.jpg.crdownload-450x322.jpg 450w\" sizes=\"(max-width: 848px) 100vw, 848px\" \/><\/p>\n<p class=\"isSelectedEnd\" style=\"text-align: center;\"><em><span style=\"font-size: 10pt;\">A torn\u00e1ra megjelen\u0151 prom\u00f3ci\u00f3s kiadv\u00e1nyok egyik beharangoz\u00f3 oldala (forr\u00e1s: Lokalpatrioti Rijeka.com)<\/span><\/em><\/p>\n<p class=\"isSelectedEnd\" style=\"text-align: justify;\">Az els\u0151 k\u00fclf\u00f6ldi kupagy\u0151ztes a Vasas volt, amely k\u00e9s\u0151bb m\u00e9g egy alkalommal is elh\u00f3d\u00edtotta a tr\u00f3fe\u00e1t, majd a Dukla Praha k\u00f6vette a sort a gy\u0151ztesek k\u00f6z\u00f6tt. Az 1970-es \u00e9s 1971-es ki\u00edr\u00e1sban el\u0151sz\u00f6r fordult el\u0151, hogy egym\u00e1st k\u00f6vet\u0151en k\u00e9t k\u00fclf\u00f6ldi csapat is diadalmaskodott: a Burevestnik Moszkva, majd a Leeds United szerezte meg a v\u00e9gs\u0151 gy\u0151zelmet. N\u00e9h\u00e1ny \u00e9vvel k\u00e9s\u0151bb a moszkvai egy\u00fcttes ism\u00e9t kupagy\u0151zelmet \u00fcnnepelhetett.<\/p>\n<p class=\"isSelectedEnd\" style=\"text-align: justify;\">B\u0151 egy \u00e9vtizeddel k\u00e9s\u0151bb \u00fajra megism\u00e9tl\u0151d\u00f6tt a sorozatos k\u00fclf\u00f6ldi siker: ekkor ism\u00e9t a Leeds United, valamint a jap\u00e1n v\u00e1logatott v\u00e9gzett az \u00e9len egym\u00e1st k\u00f6vet\u0151 \u00e9vekben. Az egyetlen csapat, amely egym\u00e1s ut\u00e1n k\u00e9t alkalommal is meg tudta nyerni a torn\u00e1t, a brazil Clube Atl\u00e9tico Mineiro volt, amely 2003-ban \u00e9s 2004-ben is diadalmaskodott.<\/p>\n<p style=\"text-align: justify;\">A magas sz\u00ednvonal\u00fa mez\u0151nyben az \u00e9vek sor\u00e1n sz\u00e1mos vil\u00e1gh\u00edr\u0171 labdar\u00fag\u00f3 is p\u00e1ly\u00e1ra l\u00e9pett. A teljess\u00e9g ig\u00e9nye n\u00e9lk\u00fcl megeml\u00edthet\u0151 Dino Zoff, Pietro Carmignani, Giovanni Galli, Gerd M\u00fcller, Paul Breitner, Joe Jordan, Zvonimir Boban, Robert Prosinecki \u00e9s Davor \u0160uker.<\/p>\n<p><img loading=\"lazy\" decoding=\"async\" class=\"aligncenter wp-image-81654 \" src=\"https:\/\/dorogimedence.hu\/wp-content\/uploads\/2026\/06\/Edo-Jardas-1954.-Kvarnerska-rivijera.jpg\" alt=\"\" width=\"603\" height=\"619\" srcset=\"https:\/\/dorogimedence.hu\/wp-content\/uploads\/2026\/06\/Edo-Jardas-1954.-Kvarnerska-rivijera.jpg 1245w, https:\/\/dorogimedence.hu\/wp-content\/uploads\/2026\/06\/Edo-Jardas-1954.-Kvarnerska-rivijera-585x600.jpg 585w, https:\/\/dorogimedence.hu\/wp-content\/uploads\/2026\/06\/Edo-Jardas-1954.-Kvarnerska-rivijera-768x788.jpg 768w, https:\/\/dorogimedence.hu\/wp-content\/uploads\/2026\/06\/Edo-Jardas-1954.-Kvarnerska-rivijera-150x154.jpg 150w, https:\/\/dorogimedence.hu\/wp-content\/uploads\/2026\/06\/Edo-Jardas-1954.-Kvarnerska-rivijera-450x462.jpg 450w, https:\/\/dorogimedence.hu\/wp-content\/uploads\/2026\/06\/Edo-Jardas-1954.-Kvarnerska-rivijera-1200x1232.jpg 1200w\" sizes=\"(max-width: 603px) 100vw, 603px\" \/><\/p>\n<p class=\"isSelectedEnd\" style=\"text-align: center;\"><span style=\"font-size: 10pt;\"><em>\u00a0Az egyik f\u0151rendez\u0151, Edo Jardas a nyit\u00f3\u00fcnneps\u00e9gen 1954-ben (forr\u00e1s: Lokalpatrioti Rijeka.com)<\/em><\/span><\/p>\n<p class=\"isSelectedEnd\" style=\"text-align: justify;\">N\u00e9h\u00e1ny \u00e9rdekess\u00e9get kiemelve a kupa t\u00f6rt\u00e9net\u00e9b\u0151l: a d\u00f6nt\u0151k sor\u00e1n a legnagyobb ar\u00e1ny\u00fa gy\u0151zelem a 6\u20131-es eredm\u00e9ny volt, amelyre k\u00e9t alkalommal is sor ker\u00fclt. El\u0151bb a Dukla Praha gy\u0151zte le a Rudart 1963-ban, majd a Hajduk Split aratott hasonl\u00f3 ar\u00e1ny\u00fa sikert a Dinamo Zagreb ellen 1972-ben. M\u00e9g egy alkalommal fordult el\u0151 h\u00e9tg\u00f3los d\u00f6nt\u0151, amikor a Sutjeska Nik\u0161i\u0107 5\u20132-re m\u00falta fel\u00fcl a Skopj\u00e9t.<\/p>\n<p><img loading=\"lazy\" decoding=\"async\" class=\"aligncenter wp-image-81678 size-full\" src=\"https:\/\/dorogimedence.hu\/wp-content\/uploads\/2026\/06\/stadion-krimeja-1969-godine-1.jpg\" alt=\"\" width=\"832\" height=\"461\" srcset=\"https:\/\/dorogimedence.hu\/wp-content\/uploads\/2026\/06\/stadion-krimeja-1969-godine-1.jpg 832w, https:\/\/dorogimedence.hu\/wp-content\/uploads\/2026\/06\/stadion-krimeja-1969-godine-1-600x332.jpg 600w, https:\/\/dorogimedence.hu\/wp-content\/uploads\/2026\/06\/stadion-krimeja-1969-godine-1-768x426.jpg 768w, https:\/\/dorogimedence.hu\/wp-content\/uploads\/2026\/06\/stadion-krimeja-1969-godine-1-150x83.jpg 150w, https:\/\/dorogimedence.hu\/wp-content\/uploads\/2026\/06\/stadion-krimeja-1969-godine-1-450x249.jpg 450w\" sizes=\"(max-width: 832px) 100vw, 832px\" \/><\/p>\n<p style=\"text-align: justify;\"><span style=\"font-size: 10pt;\"><em>A Krimeja stadion Rijeka\u00a0<\/em><em>Su\u0161ak negyed\u00e9ben. Itt j\u00e1tszott\u00e1k a dorogiak a csoportmecseiket (forr\u00e1s: A HNK Orijent 1919 hivatalos honlapja)<\/em><\/span><\/p>\n<p class=\"isSelectedEnd\" style=\"text-align: justify;\">A magyar csapatok k\u00f6z\u00fcl a Vasas k\u00e9t alkalommal is kupagy\u0151zelmet \u00fcnnepelhetett: el\u0151bb 3\u20132-re nyert a Trieszt ellen, majd k\u00e9s\u0151bb 1\u20130-ra a Dukla Praha ellen. A cs\u00facstart\u00f3 a h\u00e1zigazda rijekai csapat, amely h\u00fasz alkalommal h\u00f3d\u00edtotta el a tr\u00f3fe\u00e1t, igaz, az egyetlen olyan g\u00e1rda, amely az \u00f6sszes eddigi ki\u00edr\u00e1sban szerepelt a kezdetekt\u0151l fogva.<\/p>\n<p class=\"isSelectedEnd\" style=\"text-align: justify;\">A statisztik\u00e1k szerint 14 d\u00f6nt\u0151 nem d\u0151lt el a rendes j\u00e1t\u00e9kid\u0151ben, \u00edgy hosszabb\u00edt\u00e1s vagy tizenegyesp\u00e1rbaj d\u00f6nt\u00f6tt a v\u00e9gs\u0151 gy\u0151zelemr\u0151l. K\u00f6z\u00fcl\u00fck kiemelkedik a Crvena zvezda\u2013Vojvodina fin\u00e1l\u00e9, amely 3\u20133-as rendes j\u00e1t\u00e9kid\u0151 ut\u00e1n b\u00fcntet\u0151kkel d\u0151lt el a belgr\u00e1di csapat jav\u00e1ra. Mind\u00f6ssze h\u00e9t d\u00f6nt\u0151 z\u00e1rult g\u00f3l n\u00e9lk\u00fcli d\u00f6ntetlennel.<\/p>\n<p style=\"text-align: justify;\">A torn\u00e1n t\u00f6bb magyar klub is szerepelt az \u00e9vtizedek sor\u00e1n: a Vasas, az MTK \u00e9s a Dorog mellett k\u00e9s\u0151bb a Ferencv\u00e1ros, az \u00dajpesti D\u00f3zsa, a Csepel, a R\u00e1ba ETO \u00e9s a ZTE is p\u00e1ly\u00e1ra l\u00e9pett a viadalon.<\/p>\n<p style=\"text-align: center;\"><img loading=\"lazy\" decoding=\"async\" class=\"aligncenter wp-image-81656 size-medium\" src=\"https:\/\/dorogimedence.hu\/wp-content\/uploads\/2026\/06\/Finale-1972-Dinamo-Hajduk-600x532.jpg\" alt=\"\" width=\"600\" height=\"532\" srcset=\"https:\/\/dorogimedence.hu\/wp-content\/uploads\/2026\/06\/Finale-1972-Dinamo-Hajduk-600x532.jpg 600w, https:\/\/dorogimedence.hu\/wp-content\/uploads\/2026\/06\/Finale-1972-Dinamo-Hajduk-768x681.jpg 768w, https:\/\/dorogimedence.hu\/wp-content\/uploads\/2026\/06\/Finale-1972-Dinamo-Hajduk-150x133.jpg 150w, https:\/\/dorogimedence.hu\/wp-content\/uploads\/2026\/06\/Finale-1972-Dinamo-Hajduk-450x399.jpg 450w, https:\/\/dorogimedence.hu\/wp-content\/uploads\/2026\/06\/Finale-1972-Dinamo-Hajduk-1200x1064.jpg 1200w, https:\/\/dorogimedence.hu\/wp-content\/uploads\/2026\/06\/Finale-1972-Dinamo-Hajduk.jpg 1244w\" sizes=\"(max-width: 600px) 100vw, 600px\" \/><span style=\"font-size: 10pt;\"><em>A Hajduk Split\u2013Dinamo Zagreb 6\u20131-es d\u00f6nt\u0151n k\u00e9sz\u00fclt felv\u00e9tel 1972-ben (forr\u00e1s: Lokalpatrioti Rijeka.com)<\/em><\/span><\/p>\n<p class=\"isSelectedEnd\">A tov\u00e1bbi r\u00e9szletek ismertet\u00e9se el\u0151tt \u00e9rdemes r\u00f6viden kit\u00e9rni a torn\u00e1nak otthont ad\u00f3 v\u00e1rosra is.<\/p>\n<p class=\"isSelectedEnd\" style=\"text-align: justify;\">Rijeka (magyar nev\u00e9n Fiume) az Adriai-tenger partj\u00e1n fekv\u0151 kik\u00f6t\u0151v\u00e1ros, amely nev\u00e9t a v\u00e1roson \u00e1thalad\u00f3 Recsina foly\u00f3r\u00f3l kapta. A telep\u00fcl\u00e9s m\u00e1r az \u00f3korban is lakott volt: a kelt\u00e1k \u00e9s ill\u00edrek ut\u00e1n a r\u00f3maiak h\u00f3d\u00edtott\u00e1k meg, Tarsatica n\u00e9ven.<\/p>\n<p><img loading=\"lazy\" decoding=\"async\" class=\"aligncenter wp-image-81650 size-full\" src=\"https:\/\/dorogimedence.hu\/wp-content\/uploads\/2026\/06\/croatia-rijeka-aerial-view-city-carnival.jpg\" alt=\"\" width=\"823\" height=\"547\" srcset=\"https:\/\/dorogimedence.hu\/wp-content\/uploads\/2026\/06\/croatia-rijeka-aerial-view-city-carnival.jpg 823w, https:\/\/dorogimedence.hu\/wp-content\/uploads\/2026\/06\/croatia-rijeka-aerial-view-city-carnival-600x399.jpg 600w, https:\/\/dorogimedence.hu\/wp-content\/uploads\/2026\/06\/croatia-rijeka-aerial-view-city-carnival-768x510.jpg 768w, https:\/\/dorogimedence.hu\/wp-content\/uploads\/2026\/06\/croatia-rijeka-aerial-view-city-carnival-150x100.jpg 150w, https:\/\/dorogimedence.hu\/wp-content\/uploads\/2026\/06\/croatia-rijeka-aerial-view-city-carnival-450x299.jpg 450w, https:\/\/dorogimedence.hu\/wp-content\/uploads\/2026\/06\/croatia-rijeka-aerial-view-city-carnival-272x182.jpg 272w\" sizes=\"(max-width: 823px) 100vw, 823px\" \/><\/p>\n<p style=\"text-align: center;\"><span style=\"font-size: 10pt;\"><em>Rijekai panor\u00e1ma (forr\u00e1s: Wikimedia Commons)<\/em><\/span><\/p>\n<p class=\"isSelectedEnd\" style=\"text-align: justify;\">A v\u00e1ros a t\u00f6rt\u00e9nelem sor\u00e1n t\u00f6bb \u00e1llamalakulat fennhat\u00f3s\u00e1ga al\u00e1 tartozott. A k\u00f6z\u00e9pkort\u00f3l kezdve hossz\u00fa id\u0151n \u00e1t a Magyar Kir\u00e1lys\u00e1ghoz k\u00f6t\u0151d\u00f6tt perszon\u00e1luni\u00f3ban, majd az Osztr\u00e1k\u2013Magyar Monarchia r\u00e9szek\u00e9nt fejl\u0151d\u00f6tt tov\u00e1bb.<\/p>\n<p style=\"text-align: justify;\">Az els\u0151 vil\u00e1gh\u00e1bor\u00fat k\u00f6vet\u0151en Fiume sorsa megosztott\u00e1 v\u00e1lt: a v\u00e1ros k\u00fcl\u00f6nb\u00f6z\u0151 r\u00e9szei elt\u00e9r\u0151 \u00e1llamigazgat\u00e1s al\u00e1 ker\u00fcltek, a term\u00e9szetes hat\u00e1rvonalat pedig a Recsina foly\u00f3 jelentette.<\/p>\n<p style=\"text-align: center;\"><img loading=\"lazy\" decoding=\"async\" class=\"aligncenter wp-image-81675 size-full\" src=\"https:\/\/dorogimedence.hu\/wp-content\/uploads\/2026\/06\/Rijeka.jpg\" alt=\"\" width=\"740\" height=\"385\" srcset=\"https:\/\/dorogimedence.hu\/wp-content\/uploads\/2026\/06\/Rijeka.jpg 740w, https:\/\/dorogimedence.hu\/wp-content\/uploads\/2026\/06\/Rijeka-600x312.jpg 600w, https:\/\/dorogimedence.hu\/wp-content\/uploads\/2026\/06\/Rijeka-150x78.jpg 150w, https:\/\/dorogimedence.hu\/wp-content\/uploads\/2026\/06\/Rijeka-450x234.jpg 450w\" sizes=\"(max-width: 740px) 100vw, 740px\" \/>\u00a0<span style=\"font-size: 10pt;\"><em>A leny\u0171g\u00f6z\u0151 Rijeka, amely 2020-ban Eur\u00f3pa kultur\u00e1lis f\u0151v\u00e1rosa volt (forr\u00e1s: Love Exploring \u2013 Stefan Brajkovic felv\u00e9tele)<\/em><\/span><\/p>\n<p class=\"isSelectedEnd\" style=\"text-align: justify;\">A m\u00e1sodik vil\u00e1gh\u00e1bor\u00fa idej\u00e9n a v\u00e1ros n\u00e9met megsz\u00e1ll\u00e1s al\u00e1 ker\u00fclt, majd a h\u00e1bor\u00fat k\u00f6vet\u0151en Jugoszl\u00e1via r\u00e9sze lett. Az 1990-es \u00e9vek elej\u00e9n kit\u00f6rt d\u00e9lszl\u00e1v h\u00e1bor\u00fa \u00e9s Jugoszl\u00e1via felboml\u00e1sa ut\u00e1n 1991-ben Horv\u00e1torsz\u00e1g kiki\u00e1ltotta f\u00fcggetlens\u00e9g\u00e9t, amelyet k\u00e9s\u0151bb nemzetk\u00f6zileg is elismertek, \u00edgy Rijeka az \u00fajonnan l\u00e9trej\u00f6tt \u00e1llam r\u00e9sze lett.<\/p>\n<p><img loading=\"lazy\" decoding=\"async\" class=\"aligncenter wp-image-81659 size-full\" src=\"https:\/\/dorogimedence.hu\/wp-content\/uploads\/2026\/06\/kvarner.jpg\" alt=\"\" width=\"1048\" height=\"715\" srcset=\"https:\/\/dorogimedence.hu\/wp-content\/uploads\/2026\/06\/kvarner.jpg 1048w, https:\/\/dorogimedence.hu\/wp-content\/uploads\/2026\/06\/kvarner-600x409.jpg 600w, https:\/\/dorogimedence.hu\/wp-content\/uploads\/2026\/06\/kvarner-768x524.jpg 768w, https:\/\/dorogimedence.hu\/wp-content\/uploads\/2026\/06\/kvarner-150x102.jpg 150w, https:\/\/dorogimedence.hu\/wp-content\/uploads\/2026\/06\/kvarner-450x307.jpg 450w\" sizes=\"(max-width: 1048px) 100vw, 1048px\" \/><\/p>\n<p style=\"text-align: center;\"><em><span style=\"font-size: 10pt;\">A fest\u0151i Adria-\u00f6b\u00f6l (forr\u00e1s: Wikimedia Commons)<\/span><\/em><\/p>\n<p class=\"isSelectedEnd\" style=\"text-align: justify;\">A Tengermell\u00e9k\u2013Hegyvid\u00e9k megy\u00e9ben, az Adria partj\u00e1n fekv\u0151 Rijeka mintegy 110 ezer lakos\u00fa v\u00e1ros, Horv\u00e1torsz\u00e1g harmadik legnagyobb telep\u00fcl\u00e9se. Fontos kik\u00f6t\u0151v\u00e1ros, jelent\u0151s haj\u00f3gy\u00e1rt\u00e1si hagyom\u00e1nyokkal, valamint a t\u00e9rs\u00e9g k\u00f6zigazgat\u00e1si, kultur\u00e1lis \u00e9s turisztikai k\u00f6zpontja.<\/p>\n<p style=\"text-align: justify;\">A v\u00e1ros h\u00edres partszakasza a Kvarner-\u00f6b\u00f6l t\u00e9rs\u00e9g\u00e9hez kapcsol\u00f3dik, amelyr\u0151l a Kvarnerska Rivijera labdar\u00fag\u00f3torna is a nev\u00e9t kapta.<\/p>\n<p><img loading=\"lazy\" decoding=\"async\" class=\"aligncenter wp-image-81663 size-medium\" src=\"https:\/\/dorogimedence.hu\/wp-content\/uploads\/2026\/06\/kvarnerska-rivijera-rijeka-labin-pula-26-vi-3-vii-1966-slika-51862638-1-451x600.jpg\" alt=\"\" width=\"451\" height=\"600\" srcset=\"https:\/\/dorogimedence.hu\/wp-content\/uploads\/2026\/06\/kvarnerska-rivijera-rijeka-labin-pula-26-vi-3-vii-1966-slika-51862638-1-451x600.jpg 451w, https:\/\/dorogimedence.hu\/wp-content\/uploads\/2026\/06\/kvarnerska-rivijera-rijeka-labin-pula-26-vi-3-vii-1966-slika-51862638-1-150x200.jpg 150w, https:\/\/dorogimedence.hu\/wp-content\/uploads\/2026\/06\/kvarnerska-rivijera-rijeka-labin-pula-26-vi-3-vii-1966-slika-51862638-1-450x599.jpg 450w, https:\/\/dorogimedence.hu\/wp-content\/uploads\/2026\/06\/kvarnerska-rivijera-rijeka-labin-pula-26-vi-3-vii-1966-slika-51862638-1.jpg 477w\" sizes=\"(max-width: 451px) 100vw, 451px\" \/><\/p>\n<p class=\"isSelectedEnd\" style=\"text-align: center;\"><span style=\"font-size: 10pt;\"><em>A torna 1966-os ki\u00edr\u00e1s\u00e1ra k\u00e9sz\u00fclt m\u0171sorf\u00fczet (forr\u00e1s: Njuskalo.hr Ogalsnik)<\/em><\/span><\/p>\n<p class=\"isSelectedEnd\" style=\"text-align: justify;\">1966-ban a Kvarnerska Rivijera 14. ki\u00edr\u00e1s\u00e1ra ker\u00fclt sor, amelyre a Dorogi B\u00e1ny\u00e1sz csapata is megh\u00edv\u00e1st kapott. A megh\u00edv\u00e1s \u00f6nmag\u00e1ban is rangot jelentett, hiszen az 1950\u201360-as \u00e9vekben az egyes\u00fclet komoly nemzetk\u00f6zi elismerts\u00e9gnek \u00f6rvendett. A Dorogi B\u00e1ny\u00e1sz nemcsak hazai eredm\u00e9nyeivel v\u00edvott ki tekint\u00e9lyt, hanem k\u00fclf\u00f6ld\u00f6n is nagy megbecs\u00fcl\u00e9s \u00f6vezte, \u00edgy rendszeresen kapott megh\u00edv\u00e1st rangos nemzetk\u00f6zi torn\u00e1kra.<\/p>\n<p><img loading=\"lazy\" decoding=\"async\" class=\"aligncenter wp-image-81660 \" src=\"https:\/\/dorogimedence.hu\/wp-content\/uploads\/2026\/06\/Kvarnerska-rivijera-1982-s2-600x586.jpg\" alt=\"\" width=\"603\" height=\"589\" srcset=\"https:\/\/dorogimedence.hu\/wp-content\/uploads\/2026\/06\/Kvarnerska-rivijera-1982-s2-600x586.jpg 600w, https:\/\/dorogimedence.hu\/wp-content\/uploads\/2026\/06\/Kvarnerska-rivijera-1982-s2-768x750.jpg 768w, https:\/\/dorogimedence.hu\/wp-content\/uploads\/2026\/06\/Kvarnerska-rivijera-1982-s2-150x147.jpg 150w, https:\/\/dorogimedence.hu\/wp-content\/uploads\/2026\/06\/Kvarnerska-rivijera-1982-s2-450x440.jpg 450w, https:\/\/dorogimedence.hu\/wp-content\/uploads\/2026\/06\/Kvarnerska-rivijera-1982-s2-1200x1173.jpg 1200w, https:\/\/dorogimedence.hu\/wp-content\/uploads\/2026\/06\/Kvarnerska-rivijera-1982-s2.jpg 1270w\" sizes=\"(max-width: 603px) 100vw, 603px\" \/><\/p>\n<p style=\"text-align: center;\"><span style=\"font-size: 10pt;\"><em>A nyit\u00f3\u00fcnneps\u00e9g (forr\u00e1s: Lokalpatrioti Rijeka.com)<\/em><\/span><\/p>\n<p class=\"isSelectedEnd\" style=\"text-align: justify;\">A magyar csapatok k\u00f6z\u00fcl kor\u00e1bban m\u00e1r a Vasas \u00e9s az MTK is szerepelt a rijekai viadalon. Az angyalf\u00f6ldiek k\u00e9t alkalommal \u2013 1956-ban \u00e9s 1962-ben \u2013 meg is nyert\u00e9k a torn\u00e1t, m\u00edg az MTK 1965-ben a negyedik helyen v\u00e9gzett. A Dorogi B\u00e1ny\u00e1sz az els\u0151 magyar vid\u00e9ki klubk\u00e9nt vett r\u00e9szt a Kvarnerska Rivijer\u00e1n.<\/p>\n<p style=\"text-align: justify;\">A csoportm\u00e9rk\u0151z\u00e9seket t\u00f6bb helysz\u00ednen, Rijek\u00e1ban, Pul\u00e1ban \u00e9s Labinban rendezt\u00e9k, \u00f6sszesen n\u00e9gy stadionban, k\u00f6zt\u00fck a rijekai Su\u0161ak v\u00e1rosr\u00e9sz ar\u00e9n\u00e1j\u00e1ban.<\/p>\n<p><img loading=\"lazy\" decoding=\"async\" class=\"aligncenter wp-image-81661 \" src=\"https:\/\/dorogimedence.hu\/wp-content\/uploads\/2026\/06\/Kvarnerska-rivijera-1982-529x600.jpg\" alt=\"\" width=\"603\" height=\"684\" srcset=\"https:\/\/dorogimedence.hu\/wp-content\/uploads\/2026\/06\/Kvarnerska-rivijera-1982-529x600.jpg 529w, https:\/\/dorogimedence.hu\/wp-content\/uploads\/2026\/06\/Kvarnerska-rivijera-1982-768x872.jpg 768w, https:\/\/dorogimedence.hu\/wp-content\/uploads\/2026\/06\/Kvarnerska-rivijera-1982-150x170.jpg 150w, https:\/\/dorogimedence.hu\/wp-content\/uploads\/2026\/06\/Kvarnerska-rivijera-1982-450x511.jpg 450w, https:\/\/dorogimedence.hu\/wp-content\/uploads\/2026\/06\/Kvarnerska-rivijera-1982.jpg 1124w\" sizes=\"(max-width: 603px) 100vw, 603px\" \/><\/p>\n<p class=\"isSelectedEnd\" style=\"text-align: center;\"><span style=\"font-size: 10pt;\"><em>\u00a0Egy tov\u00e1bbi felv\u00e9tel a nyit\u00f3\u00fcnneps\u00e9gr\u0151l (forr\u00e1s: Lokalpatrioti Rijeka.com)<\/em><\/span><\/p>\n<p class=\"isSelectedEnd\" style=\"text-align: justify;\">A torna 1966. j\u00fanius 26. \u00e9s j\u00falius 3. k\u00f6z\u00f6tt ker\u00fclt megrendez\u00e9sre, \u00e9s a hivatalos megnyit\u00f3 \u00fcnneps\u00e9ggel vette kezdet\u00e9t a rijekai Kantrida stadionban.<\/p>\n<p class=\"isSelectedEnd\" style=\"text-align: justify;\">A Dorogi B\u00e1ny\u00e1sz csapata \u00e9s k\u00eds\u00e9r\u0151i a megnyit\u00f3t megel\u0151z\u0151 napon \u00e9rkeztek a helysz\u00ednre, egy t\u00f6bb mint 13 \u00f3r\u00e1s, vonattal megtett utaz\u00e1st k\u00f6vet\u0151en. A deleg\u00e1ci\u00f3 az Adria egyik legszebb \u00e9s legn\u00e9pszer\u0171bb \u00fcd\u00fcl\u0151hely\u00e9n, Opatij\u00e1ban (magyar nev\u00e9n Abb\u00e1zia) kapott sz\u00e1ll\u00e1st, a Hotel Centralban.<\/p>\n<p><img loading=\"lazy\" decoding=\"async\" class=\"aligncenter wp-image-81653 size-full\" src=\"https:\/\/dorogimedence.hu\/wp-content\/uploads\/2026\/06\/Dorogiak-szallashelye.jpg\" alt=\"\" width=\"1072\" height=\"815\" srcset=\"https:\/\/dorogimedence.hu\/wp-content\/uploads\/2026\/06\/Dorogiak-szallashelye.jpg 1072w, https:\/\/dorogimedence.hu\/wp-content\/uploads\/2026\/06\/Dorogiak-szallashelye-600x456.jpg 600w, https:\/\/dorogimedence.hu\/wp-content\/uploads\/2026\/06\/Dorogiak-szallashelye-768x584.jpg 768w, https:\/\/dorogimedence.hu\/wp-content\/uploads\/2026\/06\/Dorogiak-szallashelye-150x114.jpg 150w, https:\/\/dorogimedence.hu\/wp-content\/uploads\/2026\/06\/Dorogiak-szallashelye-450x342.jpg 450w\" sizes=\"(max-width: 1072px) 100vw, 1072px\" \/><\/p>\n<p style=\"text-align: center;\"><span style=\"font-size: 10pt;\"><em>A Grand Hotel Central \u00e9s k\u00f6rny\u00e9ke Opati\u00e1ban. Itt volt elsz\u00e1ll\u00e1solva a dorogi deleg\u00e1ci\u00f3 (forr\u00e1s: nikitravel)<\/em><\/span><\/p>\n<p style=\"text-align: justify;\">A dorogiakat m\u00e1r a rijekai p\u00e1lyaudvaron sz\u00edv\u00e9lyes fogadtat\u00e1s v\u00e1rta, \u00e9s a torna teljes ideje alatt p\u00e9lda\u00e9rt\u00e9k\u0171 vend\u00e9gl\u00e1t\u00e1sban r\u00e9szes\u00fcltek. A j\u00e1t\u00e9kosok szabadidej\u00fckben v\u00e1rosn\u00e9z\u00e9ssel \u00e9s az Adriai-tengerben val\u00f3 f\u00fcrd\u0151z\u00e9ssel t\u00f6lt\u00f6tt\u00e9k idej\u00fcket.<\/p>\n<p style=\"text-align: center;\"><img loading=\"lazy\" decoding=\"async\" class=\"aligncenter wp-image-81657 \" src=\"https:\/\/dorogimedence.hu\/wp-content\/uploads\/2026\/06\/grand-hotel-central-opatija.jpg\" alt=\"\" width=\"606\" height=\"606\" srcset=\"https:\/\/dorogimedence.hu\/wp-content\/uploads\/2026\/06\/grand-hotel-central-opatija.jpg 548w, https:\/\/dorogimedence.hu\/wp-content\/uploads\/2026\/06\/grand-hotel-central-opatija-300x300.jpg 300w, https:\/\/dorogimedence.hu\/wp-content\/uploads\/2026\/06\/grand-hotel-central-opatija-150x150.jpg 150w, https:\/\/dorogimedence.hu\/wp-content\/uploads\/2026\/06\/grand-hotel-central-opatija-450x450.jpg 450w\" sizes=\"(max-width: 606px) 100vw, 606px\" \/><span style=\"font-size: 10pt;\"><em>A dorogiak hotel\u00e9nek log\u00f3ja<\/em><\/span><\/p>\n<p><strong>Az 1966-os torna csoportjai:\u00a0<\/strong><\/p>\n<p><img loading=\"lazy\" decoding=\"async\" class=\"aligncenter wp-image-81672 size-medium\" src=\"https:\/\/dorogimedence.hu\/wp-content\/uploads\/2026\/06\/Rijeka-kupa_1cs-410x600.jpg\" alt=\"\" width=\"410\" height=\"600\" srcset=\"https:\/\/dorogimedence.hu\/wp-content\/uploads\/2026\/06\/Rijeka-kupa_1cs-410x600.jpg 410w, https:\/\/dorogimedence.hu\/wp-content\/uploads\/2026\/06\/Rijeka-kupa_1cs-768x1124.jpg 768w, https:\/\/dorogimedence.hu\/wp-content\/uploads\/2026\/06\/Rijeka-kupa_1cs-1049x1536.jpg 1049w, https:\/\/dorogimedence.hu\/wp-content\/uploads\/2026\/06\/Rijeka-kupa_1cs-150x220.jpg 150w, https:\/\/dorogimedence.hu\/wp-content\/uploads\/2026\/06\/Rijeka-kupa_1cs-450x659.jpg 450w, https:\/\/dorogimedence.hu\/wp-content\/uploads\/2026\/06\/Rijeka-kupa_1cs.jpg 1104w\" sizes=\"(max-width: 410px) 100vw, 410px\" \/><\/p>\n<p><img loading=\"lazy\" decoding=\"async\" class=\"aligncenter wp-image-81673 size-medium\" src=\"https:\/\/dorogimedence.hu\/wp-content\/uploads\/2026\/06\/Rijeka-kupa_2cs-410x600.jpg\" alt=\"\" width=\"410\" height=\"600\" srcset=\"https:\/\/dorogimedence.hu\/wp-content\/uploads\/2026\/06\/Rijeka-kupa_2cs-410x600.jpg 410w, https:\/\/dorogimedence.hu\/wp-content\/uploads\/2026\/06\/Rijeka-kupa_2cs-768x1125.jpg 768w, https:\/\/dorogimedence.hu\/wp-content\/uploads\/2026\/06\/Rijeka-kupa_2cs-1049x1536.jpg 1049w, https:\/\/dorogimedence.hu\/wp-content\/uploads\/2026\/06\/Rijeka-kupa_2cs-150x220.jpg 150w, https:\/\/dorogimedence.hu\/wp-content\/uploads\/2026\/06\/Rijeka-kupa_2cs-450x659.jpg 450w, https:\/\/dorogimedence.hu\/wp-content\/uploads\/2026\/06\/Rijeka-kupa_2cs.jpg 1102w\" sizes=\"(max-width: 410px) 100vw, 410px\" \/><\/p>\n<p><img loading=\"lazy\" decoding=\"async\" class=\"aligncenter wp-image-81670 size-medium\" src=\"https:\/\/dorogimedence.hu\/wp-content\/uploads\/2026\/06\/Rijeka-kupa_-3cs-410x600.jpg\" alt=\"\" width=\"410\" height=\"600\" srcset=\"https:\/\/dorogimedence.hu\/wp-content\/uploads\/2026\/06\/Rijeka-kupa_-3cs-410x600.jpg 410w, https:\/\/dorogimedence.hu\/wp-content\/uploads\/2026\/06\/Rijeka-kupa_-3cs-768x1124.jpg 768w, https:\/\/dorogimedence.hu\/wp-content\/uploads\/2026\/06\/Rijeka-kupa_-3cs-1049x1536.jpg 1049w, https:\/\/dorogimedence.hu\/wp-content\/uploads\/2026\/06\/Rijeka-kupa_-3cs-150x220.jpg 150w, https:\/\/dorogimedence.hu\/wp-content\/uploads\/2026\/06\/Rijeka-kupa_-3cs-450x659.jpg 450w, https:\/\/dorogimedence.hu\/wp-content\/uploads\/2026\/06\/Rijeka-kupa_-3cs.jpg 1102w\" sizes=\"(max-width: 410px) 100vw, 410px\" \/><\/p>\n<p><img loading=\"lazy\" decoding=\"async\" class=\"aligncenter wp-image-81671 size-medium\" src=\"https:\/\/dorogimedence.hu\/wp-content\/uploads\/2026\/06\/Rijeka-kupa_-4cs-410x600.jpg\" alt=\"\" width=\"410\" height=\"600\" srcset=\"https:\/\/dorogimedence.hu\/wp-content\/uploads\/2026\/06\/Rijeka-kupa_-4cs-410x600.jpg 410w, https:\/\/dorogimedence.hu\/wp-content\/uploads\/2026\/06\/Rijeka-kupa_-4cs-768x1125.jpg 768w, https:\/\/dorogimedence.hu\/wp-content\/uploads\/2026\/06\/Rijeka-kupa_-4cs-1049x1536.jpg 1049w, https:\/\/dorogimedence.hu\/wp-content\/uploads\/2026\/06\/Rijeka-kupa_-4cs-150x220.jpg 150w, https:\/\/dorogimedence.hu\/wp-content\/uploads\/2026\/06\/Rijeka-kupa_-4cs-450x659.jpg 450w, https:\/\/dorogimedence.hu\/wp-content\/uploads\/2026\/06\/Rijeka-kupa_-4cs.jpg 1102w\" sizes=\"(max-width: 410px) 100vw, 410px\" \/><\/p>\n<p>&nbsp;<\/p>\n<p class=\"isSelectedEnd\" style=\"text-align: justify;\">A meg\u00e9rkez\u00e9st k\u00f6vet\u0151 napon megkezd\u0151dtek a csoportk\u00fczdelmek, amelyek sor\u00e1n a Dorogi B\u00e1ny\u00e1sz az els\u0151 fordul\u00f3ban a helyi klub, az 1919-ben alap\u00edtott Orijent ellen l\u00e9pett p\u00e1ly\u00e1ra. A csapat a rijekai Su\u0161ak v\u00e1rosr\u00e9sz\u00e9t k\u00e9pviselte, amely 1946 \u00f3ta Rijeka r\u00e9sze, kor\u00e1bban azonban \u00f6n\u00e1ll\u00f3 telep\u00fcl\u00e9sk\u00e9nt m\u0171k\u00f6d\u00f6tt.<\/p>\n<p style=\"text-align: justify;\">A rendelkez\u00e9sre \u00e1ll\u00f3 forr\u00e1sok alapj\u00e1n a m\u00e9rk\u0151z\u00e9s g\u00f3lszerz\u0151i nem ismertek, \u00edgy a tov\u00e1bbi tal\u00e1lkoz\u00f3kn\u00e1l is kiz\u00e1r\u00f3lag az eredm\u00e9nyek ker\u00fclnek felt\u00fcntet\u00e9sre.<\/p>\n<p><img loading=\"lazy\" decoding=\"async\" class=\"aligncenter wp-image-81652 size-full\" src=\"https:\/\/dorogimedence.hu\/wp-content\/uploads\/2026\/06\/Dorogi-AC-in-Rijeka-1966-summer.jpg\" alt=\"\" width=\"1868\" height=\"1148\" srcset=\"https:\/\/dorogimedence.hu\/wp-content\/uploads\/2026\/06\/Dorogi-AC-in-Rijeka-1966-summer.jpg 1868w, https:\/\/dorogimedence.hu\/wp-content\/uploads\/2026\/06\/Dorogi-AC-in-Rijeka-1966-summer-600x369.jpg 600w, https:\/\/dorogimedence.hu\/wp-content\/uploads\/2026\/06\/Dorogi-AC-in-Rijeka-1966-summer-768x472.jpg 768w, https:\/\/dorogimedence.hu\/wp-content\/uploads\/2026\/06\/Dorogi-AC-in-Rijeka-1966-summer-1536x944.jpg 1536w, https:\/\/dorogimedence.hu\/wp-content\/uploads\/2026\/06\/Dorogi-AC-in-Rijeka-1966-summer-150x92.jpg 150w, https:\/\/dorogimedence.hu\/wp-content\/uploads\/2026\/06\/Dorogi-AC-in-Rijeka-1966-summer-450x277.jpg 450w, https:\/\/dorogimedence.hu\/wp-content\/uploads\/2026\/06\/Dorogi-AC-in-Rijeka-1966-summer-1200x737.jpg 1200w\" sizes=\"(max-width: 1868px) 100vw, 1868px\" \/><\/p>\n<p class=\"isSelectedEnd\" style=\"text-align: center;\"><span style=\"font-size: 10pt;\"><em>\u00a0A dorogi g\u00e1rda tagjai a sz\u00e1ll\u00e1shely\u00fck bej\u00e1rata el\u0151tt (forr\u00e1s: A Csisz\u00e1r csal\u00e1d album\u00e1b\u00f3l)<\/em><\/span><\/p>\n<p class=\"isSelectedEnd\"><strong>1. csoportm\u00e9rk\u0151z\u00e9s \u2013 1966. j\u00fanius 26.<\/strong><\/p>\n<p class=\"isSelectedEnd\" style=\"text-align: justify;\">A Dorogi B\u00e1ny\u00e1sz ir\u00e1ny\u00edtotta a tal\u00e1lkoz\u00f3t, \u00e9s meg\u00e9rdemelten gy\u0151z\u00f6tt, ugyanakkor sz\u00e1mos helyzetet nem siker\u00fclt kihaszn\u00e1lni. A j\u00e1t\u00e9k k\u00e9pe \u00e9s a kidolgozott lehet\u0151s\u00e9gek alapj\u00e1n a csapat nagyobb g\u00f3lk\u00fcl\u00f6nbs\u00e9ggel is nyerhetett volna.<\/p>\n<p><img loading=\"lazy\" decoding=\"async\" class=\"aligncenter wp-image-81665 size-full\" src=\"https:\/\/dorogimedence.hu\/wp-content\/uploads\/2026\/06\/Meccs1.jpg\" alt=\"\" width=\"1536\" height=\"1024\" srcset=\"https:\/\/dorogimedence.hu\/wp-content\/uploads\/2026\/06\/Meccs1.jpg 1536w, https:\/\/dorogimedence.hu\/wp-content\/uploads\/2026\/06\/Meccs1-600x400.jpg 600w, https:\/\/dorogimedence.hu\/wp-content\/uploads\/2026\/06\/Meccs1-768x512.jpg 768w, https:\/\/dorogimedence.hu\/wp-content\/uploads\/2026\/06\/Meccs1-150x100.jpg 150w, https:\/\/dorogimedence.hu\/wp-content\/uploads\/2026\/06\/Meccs1-450x300.jpg 450w, https:\/\/dorogimedence.hu\/wp-content\/uploads\/2026\/06\/Meccs1-1200x800.jpg 1200w, https:\/\/dorogimedence.hu\/wp-content\/uploads\/2026\/06\/Meccs1-272x182.jpg 272w\" sizes=\"(max-width: 1536px) 100vw, 1536px\" \/><\/p>\n<p class=\"isSelectedEnd\"><strong>2. csoportm\u00e9rk\u0151z\u00e9s \u2013 1966. j\u00fanius 27.<\/strong><\/p>\n<p class=\"isSelectedEnd\" style=\"text-align: justify;\">A k\u00f6vetkez\u0151 napon m\u00e1r a m\u00e1sodik csoportm\u00e9rk\u0151z\u00e9s k\u00f6vetkezett a kiv\u00e1l\u00f3 osztr\u00e1k Austria Wien ellen. A Dorogi B\u00e1ny\u00e1sz ez\u00fattal hat\u00e9konyabb j\u00e1t\u00e9kkal rukkolt el\u0151, \u00e9s magabiztos gy\u0151zelmet aratott.<\/p>\n<p><img loading=\"lazy\" decoding=\"async\" class=\"aligncenter wp-image-81666 size-full\" src=\"https:\/\/dorogimedence.hu\/wp-content\/uploads\/2026\/06\/Meccs2.jpg\" alt=\"\" width=\"1536\" height=\"1024\" srcset=\"https:\/\/dorogimedence.hu\/wp-content\/uploads\/2026\/06\/Meccs2.jpg 1536w, https:\/\/dorogimedence.hu\/wp-content\/uploads\/2026\/06\/Meccs2-600x400.jpg 600w, https:\/\/dorogimedence.hu\/wp-content\/uploads\/2026\/06\/Meccs2-768x512.jpg 768w, https:\/\/dorogimedence.hu\/wp-content\/uploads\/2026\/06\/Meccs2-150x100.jpg 150w, https:\/\/dorogimedence.hu\/wp-content\/uploads\/2026\/06\/Meccs2-450x300.jpg 450w, https:\/\/dorogimedence.hu\/wp-content\/uploads\/2026\/06\/Meccs2-1200x800.jpg 1200w, https:\/\/dorogimedence.hu\/wp-content\/uploads\/2026\/06\/Meccs2-272x182.jpg 272w\" sizes=\"(max-width: 1536px) 100vw, 1536px\" \/><\/p>\n<p class=\"isSelectedEnd\"><strong>3. csoportm\u00e9rk\u0151z\u00e9s \u2013 1966. j\u00fanius 29.<\/strong><\/p>\n<p class=\"isSelectedEnd\" style=\"text-align: justify;\">A z\u00e1r\u00f3fordul\u00f3 el\u0151tt egy\u00e9rtelm\u0171v\u00e9 v\u00e1lt, hogy a csoport harmadik m\u00e9rk\u0151z\u00e9se d\u00f6nt\u0151 jelent\u0151s\u00e9g\u0171 lesz. Az FK Vojvodina ugyanis mindk\u00e9t kor\u00e1bbi ellenfel\u00e9t legy\u0151zte, \u00e9s jobb g\u00f3lk\u00fcl\u00f6nbs\u00e9g\u00e9nek k\u00f6sz\u00f6nhet\u0151en egy d\u00f6ntetlen is elegend\u0151 lett volna sz\u00e1m\u00e1ra a tov\u00e1bbjut\u00e1shoz.<\/p>\n<p class=\"isSelectedEnd\" style=\"text-align: justify;\">Egy nap pihen\u0151t k\u00f6vet\u0151en rendezt\u00e9k meg a tal\u00e1lkoz\u00f3t, amelyen a Dorogi B\u00e1ny\u00e1sz mindent megtett a gy\u0151zelem\u00e9rt. A fesz\u00fclt, ki\u00e9lezett m\u00e9rk\u0151z\u00e9sen a dorogi csapat v\u00e9g\u00fcl meg\u00e9rdemelt gy\u0151zelmet aratott, \u00e9s csoportja \u00e9l\u00e9n v\u00e9gzett \u00fagy, hogy a h\u00e1rom m\u00e9rk\u0151z\u00e9sen nem kapott g\u00f3lt.<\/p>\n<p class=\"isSelectedEnd\"><img loading=\"lazy\" decoding=\"async\" class=\"aligncenter wp-image-81667 size-full\" src=\"https:\/\/dorogimedence.hu\/wp-content\/uploads\/2026\/06\/Meccs3.jpg\" alt=\"\" width=\"1536\" height=\"1024\" srcset=\"https:\/\/dorogimedence.hu\/wp-content\/uploads\/2026\/06\/Meccs3.jpg 1536w, https:\/\/dorogimedence.hu\/wp-content\/uploads\/2026\/06\/Meccs3-600x400.jpg 600w, https:\/\/dorogimedence.hu\/wp-content\/uploads\/2026\/06\/Meccs3-768x512.jpg 768w, https:\/\/dorogimedence.hu\/wp-content\/uploads\/2026\/06\/Meccs3-150x100.jpg 150w, https:\/\/dorogimedence.hu\/wp-content\/uploads\/2026\/06\/Meccs3-450x300.jpg 450w, https:\/\/dorogimedence.hu\/wp-content\/uploads\/2026\/06\/Meccs3-1200x800.jpg 1200w, https:\/\/dorogimedence.hu\/wp-content\/uploads\/2026\/06\/Meccs3-272x182.jpg 272w\" sizes=\"(max-width: 1536px) 100vw, 1536px\" \/><\/p>\n<p class=\"isSelectedEnd\" style=\"text-align: justify;\">A csoportk\u00f6r\u00f6k ut\u00e1n a n\u00e9gy csoportgy\u0151ztes jutott az el\u0151d\u00f6nt\u0151be: az 1. csoportb\u00f3l a Partizan Beograd, a 2.-b\u00f3l a CSZKA Sz\u00f3fia, a 3.-b\u00f3l a HNK Rijeka, m\u00edg a 4.-b\u0151l a Dorogi B\u00e1ny\u00e1sz. A csapatok k\u00e9t nap pihen\u0151t k\u00f6vet\u0151en k\u00e9sz\u00fclhettek a folytat\u00e1sra.<\/p>\n<p class=\"isSelectedEnd\" style=\"text-align: justify;\">Az el\u0151d\u00f6nt\u0151k helysz\u00edne a fest\u0151i fekv\u00e9s\u0171 kantridai stadion volt, amely a torna tov\u00e1bbi m\u00e9rk\u0151z\u00e9seinek \u2013 az el\u0151d\u00f6nt\u0151k mellett, a bronzm\u00e9rk\u0151z\u00e9snek \u00e9s a d\u00f6nt\u0151nek \u2013 is otthont adott.<\/p>\n<p><img loading=\"lazy\" decoding=\"async\" class=\"aligncenter wp-image-81679 \" src=\"https:\/\/dorogimedence.hu\/wp-content\/uploads\/2026\/06\/Vojvodina-meccs-utan-66.-csLacibacsi-info.jpg\" alt=\"\" width=\"837\" height=\"589\" srcset=\"https:\/\/dorogimedence.hu\/wp-content\/uploads\/2026\/06\/Vojvodina-meccs-utan-66.-csLacibacsi-info.jpg 652w, https:\/\/dorogimedence.hu\/wp-content\/uploads\/2026\/06\/Vojvodina-meccs-utan-66.-csLacibacsi-info-600x422.jpg 600w, https:\/\/dorogimedence.hu\/wp-content\/uploads\/2026\/06\/Vojvodina-meccs-utan-66.-csLacibacsi-info-150x106.jpg 150w, https:\/\/dorogimedence.hu\/wp-content\/uploads\/2026\/06\/Vojvodina-meccs-utan-66.-csLacibacsi-info-450x317.jpg 450w\" sizes=\"(max-width: 837px) 100vw, 837px\" \/><\/p>\n<p style=\"text-align: center;\"><span style=\"font-size: 10pt;\"><em>Az el\u0151d\u00f6nt\u0151be jutott dorogiak a Vojvodina elleni m\u00e9rk\u0151z\u00e9st k\u00f6vet\u0151en (forr\u00e1s: A Csisz\u00e1r csal\u00e1d album\u00e1b\u00f3l)<\/em><\/span><\/p>\n<p class=\"isSelectedEnd\"><strong>El\u0151d\u00f6nt\u0151 \u2013 1966. j\u00falius 2.<\/strong><\/p>\n<p class=\"isSelectedEnd\" style=\"text-align: justify;\">A pihen\u0151t k\u00f6vet\u0151en a Dorogi B\u00e1ny\u00e1sz neh\u00e9z helyzetbe ker\u00fclt, \u00e9s a Partizan Beograd ellen s\u00falyos veres\u00e9get szenvedett. A jugoszl\u00e1v \u00e9lcsapat es\u00e9lyeshez m\u00e9lt\u00f3an j\u00e1tszott, \u00e9s magabiztosan jutott a d\u00f6nt\u0151be.<\/p>\n<p class=\"isSelectedEnd\"><img loading=\"lazy\" decoding=\"async\" class=\"aligncenter wp-image-81668 size-full\" src=\"https:\/\/dorogimedence.hu\/wp-content\/uploads\/2026\/06\/Meccs4.jpg\" alt=\"\" width=\"1536\" height=\"1024\" srcset=\"https:\/\/dorogimedence.hu\/wp-content\/uploads\/2026\/06\/Meccs4.jpg 1536w, https:\/\/dorogimedence.hu\/wp-content\/uploads\/2026\/06\/Meccs4-600x400.jpg 600w, https:\/\/dorogimedence.hu\/wp-content\/uploads\/2026\/06\/Meccs4-768x512.jpg 768w, https:\/\/dorogimedence.hu\/wp-content\/uploads\/2026\/06\/Meccs4-150x100.jpg 150w, https:\/\/dorogimedence.hu\/wp-content\/uploads\/2026\/06\/Meccs4-450x300.jpg 450w, https:\/\/dorogimedence.hu\/wp-content\/uploads\/2026\/06\/Meccs4-1200x800.jpg 1200w, https:\/\/dorogimedence.hu\/wp-content\/uploads\/2026\/06\/Meccs4-272x182.jpg 272w\" sizes=\"(max-width: 1536px) 100vw, 1536px\" \/><\/p>\n<p class=\"isSelectedEnd\">A m\u00e1sik \u00e1gon a hazai HNK Rijeka nem tudta kiharcolni a fin\u00e1l\u00e9ba jut\u00e1st, miut\u00e1n a CSZKA Sz\u00f3fia 1\u20130-ra gy\u0151z\u00f6tt.<\/p>\n<p><img loading=\"lazy\" decoding=\"async\" class=\"aligncenter wp-image-81669 size-full\" src=\"https:\/\/dorogimedence.hu\/wp-content\/uploads\/2026\/06\/Meccs5.jpg\" alt=\"\" width=\"1536\" height=\"1024\" srcset=\"https:\/\/dorogimedence.hu\/wp-content\/uploads\/2026\/06\/Meccs5.jpg 1536w, https:\/\/dorogimedence.hu\/wp-content\/uploads\/2026\/06\/Meccs5-600x400.jpg 600w, https:\/\/dorogimedence.hu\/wp-content\/uploads\/2026\/06\/Meccs5-768x512.jpg 768w, https:\/\/dorogimedence.hu\/wp-content\/uploads\/2026\/06\/Meccs5-150x100.jpg 150w, https:\/\/dorogimedence.hu\/wp-content\/uploads\/2026\/06\/Meccs5-450x300.jpg 450w, https:\/\/dorogimedence.hu\/wp-content\/uploads\/2026\/06\/Meccs5-1200x800.jpg 1200w, https:\/\/dorogimedence.hu\/wp-content\/uploads\/2026\/06\/Meccs5-272x182.jpg 272w\" sizes=\"(max-width: 1536px) 100vw, 1536px\" \/><\/p>\n<p class=\"isSelectedEnd\"><strong>Bronzm\u00e9rk\u0151z\u00e9s \u2013 1966. j\u00falius 3.<\/strong><\/p>\n<p class=\"isSelectedEnd\" style=\"text-align: justify;\">M\u00e1snap m\u00e1r az \u00e9rmek\u00e9rt zajlottak a k\u00fczdelmek. A h\u00e1zigazda HNK Rijeka abban b\u00edzott, hogy hazai k\u00f6z\u00f6ns\u00e9g el\u0151tt megszerezheti a harmadik helyet, ugyanakkor a Dorogi B\u00e1ny\u00e1sz is hasonl\u00f3 c\u00e9llal l\u00e9pett p\u00e1ly\u00e1ra. A t\u00f6bb ezres n\u00e9z\u0151sereg biztat\u00e1sa mellett rendk\u00edv\u00fcl izgalmas, magas sz\u00ednvonal\u00fa m\u00e9rk\u0151z\u00e9s alakult ki, amely a torna egyik legeml\u00e9kezetesebb \u00f6sszecsap\u00e1s\u00e1nak bizonyult.<\/p>\n<p><img loading=\"lazy\" decoding=\"async\" class=\"aligncenter wp-image-81676 size-full\" src=\"https:\/\/dorogimedence.hu\/wp-content\/uploads\/2026\/06\/RijekaKantridaStadion.jpg\" alt=\"\" width=\"1668\" height=\"1132\" srcset=\"https:\/\/dorogimedence.hu\/wp-content\/uploads\/2026\/06\/RijekaKantridaStadion.jpg 1668w, https:\/\/dorogimedence.hu\/wp-content\/uploads\/2026\/06\/RijekaKantridaStadion-600x407.jpg 600w, https:\/\/dorogimedence.hu\/wp-content\/uploads\/2026\/06\/RijekaKantridaStadion-768x521.jpg 768w, https:\/\/dorogimedence.hu\/wp-content\/uploads\/2026\/06\/RijekaKantridaStadion-1536x1042.jpg 1536w, https:\/\/dorogimedence.hu\/wp-content\/uploads\/2026\/06\/RijekaKantridaStadion-150x102.jpg 150w, https:\/\/dorogimedence.hu\/wp-content\/uploads\/2026\/06\/RijekaKantridaStadion-450x305.jpg 450w, https:\/\/dorogimedence.hu\/wp-content\/uploads\/2026\/06\/RijekaKantridaStadion-1200x814.jpg 1200w\" sizes=\"(max-width: 1668px) 100vw, 1668px\" \/><\/p>\n<p style=\"text-align: center;\"><span style=\"font-size: 10pt;\"><em>A bronzmeccs \u00e9s a d\u00f6nt\u0151 csod\u00e1latos helysz\u00edne, a Kantrida stadion Rijek\u00e1ban (forr\u00e1s: Wikimedia Commons)\u00a0<\/em><\/span><\/p>\n<p class=\"isSelectedEnd\" style=\"text-align: justify;\">A Dorogi B\u00e1ny\u00e1sz az el\u0151d\u00f6nt\u0151 veres\u00e9ge ut\u00e1n is j\u00f3l szervezetten futballozott, \u00e9s az els\u0151 f\u00e9lid\u0151t k\u00f6vet\u0151en el\u0151nyben vonulhatott sz\u00fcnetre. A fordul\u00e1s ut\u00e1n a hazaiak el\u0151bb egyenl\u00edtettek, majd a vezet\u00e9st is megszerezt\u00e9k, \u00e1m a dorogi csapat nem adta fel: gyorsan v\u00e1laszolt, majd \u00fajabb tal\u00e1lattal ism\u00e9t megford\u00edtotta az eredm\u00e9nyt, \u00e9s v\u00e9g\u00fcl 3\u20132-re gy\u0151z\u00f6tt.<\/p>\n<p class=\"isSelectedEnd\">A hazai k\u00f6z\u00f6ns\u00e9g a csal\u00f3dotts\u00e1g ellen\u00e9re sportszer\u0171en, vastapssal jutalmazta a Dorogi B\u00e1ny\u00e1sz teljes\u00edtm\u00e9ny\u00e9t, amely a torna sor\u00e1n k\u00fcl\u00f6n\u00f6sen a bronzm\u00e9rk\u0151z\u00e9sen aratott nagy k\u00f6z\u00f6ns\u00e9gsikert.<\/p>\n<p class=\"isSelectedEnd\"><img loading=\"lazy\" decoding=\"async\" class=\"aligncenter wp-image-81677 size-full\" src=\"https:\/\/dorogimedence.hu\/wp-content\/uploads\/2026\/06\/Rijekea-bronz.jpg\" alt=\"\" width=\"1536\" height=\"1024\" srcset=\"https:\/\/dorogimedence.hu\/wp-content\/uploads\/2026\/06\/Rijekea-bronz.jpg 1536w, https:\/\/dorogimedence.hu\/wp-content\/uploads\/2026\/06\/Rijekea-bronz-600x400.jpg 600w, https:\/\/dorogimedence.hu\/wp-content\/uploads\/2026\/06\/Rijekea-bronz-768x512.jpg 768w, https:\/\/dorogimedence.hu\/wp-content\/uploads\/2026\/06\/Rijekea-bronz-150x100.jpg 150w, https:\/\/dorogimedence.hu\/wp-content\/uploads\/2026\/06\/Rijekea-bronz-450x300.jpg 450w, https:\/\/dorogimedence.hu\/wp-content\/uploads\/2026\/06\/Rijekea-bronz-1200x800.jpg 1200w, https:\/\/dorogimedence.hu\/wp-content\/uploads\/2026\/06\/Rijekea-bronz-272x182.jpg 272w\" sizes=\"(max-width: 1536px) 100vw, 1536px\" \/><\/p>\n<p class=\"isSelectedEnd\"><strong>D\u00f6nt\u0151 \u2013 1966. j\u00falius 3.<\/strong><\/p>\n<p class=\"isSelectedEnd\" style=\"text-align: justify;\">A fin\u00e1l\u00e9ban a Partizan Beograd \u00e9s a CSZKA Sz\u00f3fia tal\u00e1lkozott. A szoros m\u00e9rk\u0151z\u00e9sen v\u00e9g\u00fcl a belgr\u00e1di egy\u00fcttes diadalmaskodott, \u00e9s megv\u00e9dte c\u00edm\u00e9t.<\/p>\n<p class=\"isSelectedEnd\"><img loading=\"lazy\" decoding=\"async\" class=\"aligncenter wp-image-81674 size-full\" src=\"https:\/\/dorogimedence.hu\/wp-content\/uploads\/2026\/06\/Rijeka-donto.jpg\" alt=\"\" width=\"1536\" height=\"1024\" srcset=\"https:\/\/dorogimedence.hu\/wp-content\/uploads\/2026\/06\/Rijeka-donto.jpg 1536w, https:\/\/dorogimedence.hu\/wp-content\/uploads\/2026\/06\/Rijeka-donto-600x400.jpg 600w, https:\/\/dorogimedence.hu\/wp-content\/uploads\/2026\/06\/Rijeka-donto-768x512.jpg 768w, https:\/\/dorogimedence.hu\/wp-content\/uploads\/2026\/06\/Rijeka-donto-150x100.jpg 150w, https:\/\/dorogimedence.hu\/wp-content\/uploads\/2026\/06\/Rijeka-donto-450x300.jpg 450w, https:\/\/dorogimedence.hu\/wp-content\/uploads\/2026\/06\/Rijeka-donto-1200x800.jpg 1200w, https:\/\/dorogimedence.hu\/wp-content\/uploads\/2026\/06\/Rijeka-donto-272x182.jpg 272w\" sizes=\"(max-width: 1536px) 100vw, 1536px\" \/><\/p>\n<p class=\"isSelectedEnd\" style=\"text-align: justify;\">A Dorogi B\u00e1ny\u00e1sz \u00edgy bronz\u00e9rmet szerzett, amellyel jelent\u0151s nemzetk\u00f6zi sikert \u00e9rt el, \u00e9s hozz\u00e1j\u00e1rult a magyar labdar\u00fag\u00e1s h\u00edrnev\u00e9nek \u00f6regb\u00edt\u00e9s\u00e9hez. A torn\u00e1n elszenvedett egyetlen veres\u00e9get a c\u00edmv\u00e9d\u0151, egyben a k\u00e9s\u0151bbi gy\u0151ztes ellen\u00e9ben k\u00f6nnyebb volt elfogadni. A f\u00e9lelmetes h\u00edr\u0171 Partiz\u00e1n klub am\u00fagy is roppant sikeres peri\u00f3dusban volt. Az el\u0151z\u0151 \u00e9vben haz\u00e1ja bajnoks\u00e1g\u00e1t nyerte, majd azt k\u00f6vet\u0151en BEK-d\u00f6nt\u0151t j\u00e1tszott alig k\u00e9t h\u00f3nappal a rijekai torn\u00e1t megel\u0151z\u0151en. A belgr\u00e1diak kupamenetel\u00e9s\u00fck sor\u00e1n t\u00f6bbek k\u00f6z\u00f6tt 4\u20132-es \u00f6sszes\u00edt\u00e9ssel l\u00e9ptek t\u00fal a francia FC Nantes csapat\u00e1n, majd 3\u20131-es \u00f6sszes\u00edt\u00e9ssel a n\u00e9met Werder Bremen g\u00e1rd\u00e1j\u00e1n, 6\u20134-es \u00f6sszes\u00edt\u00e9ssel a csehszlov\u00e1k Sparta Praha egy\u00fcttes\u00e9n, az el\u0151d\u00f6nt\u0151ben pedig 2\u20131-es \u00f6sszes\u00edt\u00e9ssel az angol Manchester United alakulat\u00e1t b\u00facs\u00faztatt\u00e1k. A d\u00f6nt\u0151ben a br\u00fcsszeli Heysel Stadionban a 70. percig vezettek a Real Madrid ellen, m\u00edg v\u00e9g\u00fcl a spanyolok nyertek 2 : 1 ar\u00e1nyaban.<\/p>\n<p class=\"isSelectedEnd\">Az eredm\u00e9nyhirdet\u00e9st \u00e9s az \u00e9rmek \u00e1tad\u00e1s\u00e1t k\u00f6vet\u0151en a r\u00e9sztvev\u0151k k\u00f6z\u00f6s b\u00facs\u00fabanketten vettek r\u00e9szt.<\/p>\n<p class=\"isSelectedEnd\"><strong>Az 1966-os Kvarnerska Rivijera v\u00e9geredm\u00e9nye:<\/strong><\/p>\n<ol start=\"1\" data-spread=\"false\">\n<li>Partizan Beograd<\/li>\n<li>CSZKA Szofija<\/li>\n<li>Dorogi B\u00e1ny\u00e1sz<\/li>\n<li>HNK Rijeka<\/li>\n<\/ol>\n<p><img loading=\"lazy\" decoding=\"async\" class=\"aligncenter wp-image-81658 \" src=\"https:\/\/dorogimedence.hu\/wp-content\/uploads\/2026\/06\/kupa1-460x600.jpg\" alt=\"\" width=\"520\" height=\"678\" srcset=\"https:\/\/dorogimedence.hu\/wp-content\/uploads\/2026\/06\/kupa1-460x600.jpg 460w, https:\/\/dorogimedence.hu\/wp-content\/uploads\/2026\/06\/kupa1-150x195.jpg 150w, https:\/\/dorogimedence.hu\/wp-content\/uploads\/2026\/06\/kupa1-450x586.jpg 450w, https:\/\/dorogimedence.hu\/wp-content\/uploads\/2026\/06\/kupa1.jpg 660w\" sizes=\"(max-width: 520px) 100vw, 520px\" \/><\/p>\n<p class=\"isSelectedEnd\" style=\"text-align: center;\"><span style=\"font-size: 10pt;\"><em>\u00a0A 3. hely\u00e9rt j\u00e1r\u00f3 tr\u00f3fea (forr\u00e1s: A Csisz\u00e1r csal\u00e1d album\u00e1b\u00f3l)<\/em><\/span><\/p>\n<p class=\"isSelectedEnd\" style=\"text-align: justify;\">A torna sor\u00e1n a g\u00f3lkir\u00e1lyi c\u00edmet \u00e9s a legjobb j\u00e1t\u00e9kosnak j\u00e1r\u00f3 k\u00fcl\u00f6nd\u00edjat a Partizan Beograd k\u00e9t labdar\u00fag\u00f3ja kapta, m\u00edg a legsportszer\u0171bb csapatnak j\u00e1r\u00f3 elismer\u00e9st a d\u00e1n egy\u00fcttes \u00e9rdemelte ki. A k\u00fcl\u00f6nb\u00f6z\u0151 d\u00edjak mellett t\u00f6bb egy\u00e9ni \u00e9s csapatszint\u0171 elismer\u00e9s is gazd\u00e1ra tal\u00e1lt, k\u00f6zt\u00fck a Dorogi B\u00e1ny\u00e1sz j\u00e1t\u00e9kosai is r\u00e9szes\u00fcltek d\u00edjaz\u00e1sban.<\/p>\n<p class=\"isSelectedEnd\" style=\"text-align: justify;\">A r\u00e9sztvev\u0151 csapatok a j\u00e1t\u00e9kvezet\u00e9s sz\u00ednvonal\u00e1t egys\u00e9gesen magasra \u00e9rt\u00e9kelt\u00e9k, a m\u00e9rk\u0151z\u00e9seket a korabeli besz\u00e1mol\u00f3k szerint kiegyens\u00falyozott \u00e9s sportszer\u0171 b\u00edr\u00e1skod\u00e1s jellemezte.<\/p>\n<p class=\"isSelectedEnd\" style=\"text-align: justify;\"><strong>A torn\u00e1n r\u00e9szt vett Dorogi B\u00e1ny\u00e1sz kerete :<\/strong><br \/>\nBartalos J\u00f3zsef, Bartl L\u0151rinc, Cz\u00e9h L\u00e1szl\u00f3, Csisz\u00e1r L\u00e1szl\u00f3, Dancs Gyula, Debre P\u00e9ter, Duralla Ferenc, Kaiser J\u00f3zsef, Kiss Rudolf, Laczk\u00f3 Istv\u00e1n, Lakics Bal\u00e1zs, Moln\u00e1r J\u00f3zsef, Nagy S\u00e1ndor, Simon Gyula, Simonfi Ferenc, Szab\u00f3 I. Istv\u00e1n, Szab\u00f3 II. Istv\u00e1n.<\/p>\n<p><img loading=\"lazy\" decoding=\"async\" class=\"aligncenter wp-image-81651 size-full\" src=\"https:\/\/dorogimedence.hu\/wp-content\/uploads\/2026\/06\/DBSC-1966-Rijeka.jpg\" alt=\"\" width=\"827\" height=\"471\" srcset=\"https:\/\/dorogimedence.hu\/wp-content\/uploads\/2026\/06\/DBSC-1966-Rijeka.jpg 827w, https:\/\/dorogimedence.hu\/wp-content\/uploads\/2026\/06\/DBSC-1966-Rijeka-600x342.jpg 600w, https:\/\/dorogimedence.hu\/wp-content\/uploads\/2026\/06\/DBSC-1966-Rijeka-768x437.jpg 768w, https:\/\/dorogimedence.hu\/wp-content\/uploads\/2026\/06\/DBSC-1966-Rijeka-150x85.jpg 150w, https:\/\/dorogimedence.hu\/wp-content\/uploads\/2026\/06\/DBSC-1966-Rijeka-450x256.jpg 450w\" sizes=\"(max-width: 827px) 100vw, 827px\" \/><\/p>\n<p style=\"text-align: justify;\"><span style=\"font-size: 10pt;\"><em>A dorogi csapat m\u00e9g odahaza, nem sokkal az indul\u00e1st megel\u0151z\u0151en. Fels\u0151 sor balr\u00f3l: Simonfi, Csisz\u00e1r, Debre, Simon, Varga J\u00e1nos edz\u0151, Laczk\u00f3, Bartl, Duralla, Moln\u00e1r. Als\u00f3 sor: Nagy, Lakics, Dancs, Szab\u00f3 I., Bartalos, Kiss R. (forr\u00e1s: A Csisz\u00e1r csal\u00e1d album\u00e1b\u00f3l)<\/em><\/span><\/p>\n<p style=\"text-align: justify;\"><strong>Szakmai st\u00e1b:<\/strong><br \/>\nVarga J\u00e1nos (vezet\u0151edz\u0151), Nyir\u00e1k Rudolf (technikai vezet\u0151), K\u00e1llai K\u00e1roly (szakoszt\u00e1lyvezet\u0151), Havas Mikl\u00f3s (sportvezet\u0151). A vezet\u0151edz\u0151, Varga J\u00e1nos, aki n\u00e9h\u00e1ny \u00e9vvel kor\u00e1bban m\u00e9g a klub j\u00e1t\u00e9kosa volt, ekkor m\u00e1r fiatal edz\u0151k\u00e9nt ir\u00e1ny\u00edtotta a csapatot. Munk\u00e1ja hozz\u00e1j\u00e1rult ahhoz, hogy a dorogi egy\u00fcttes sikeres szerepl\u00e9ssel z\u00e1rja a nemzetk\u00f6zi torn\u00e1t.<\/p>\n<p><img loading=\"lazy\" decoding=\"async\" class=\"aligncenter wp-image-81648 size-full\" src=\"https:\/\/dorogimedence.hu\/wp-content\/uploads\/2026\/06\/208909640_4562199193814568_2575819769511112581_n.jpg\" alt=\"\" width=\"833\" height=\"175\" srcset=\"https:\/\/dorogimedence.hu\/wp-content\/uploads\/2026\/06\/208909640_4562199193814568_2575819769511112581_n.jpg 833w, https:\/\/dorogimedence.hu\/wp-content\/uploads\/2026\/06\/208909640_4562199193814568_2575819769511112581_n-600x126.jpg 600w, https:\/\/dorogimedence.hu\/wp-content\/uploads\/2026\/06\/208909640_4562199193814568_2575819769511112581_n-768x161.jpg 768w, https:\/\/dorogimedence.hu\/wp-content\/uploads\/2026\/06\/208909640_4562199193814568_2575819769511112581_n-150x32.jpg 150w, https:\/\/dorogimedence.hu\/wp-content\/uploads\/2026\/06\/208909640_4562199193814568_2575819769511112581_n-450x95.jpg 450w\" sizes=\"(max-width: 833px) 100vw, 833px\" \/><\/p>\n<p><img loading=\"lazy\" decoding=\"async\" class=\"aligncenter wp-image-81647 size-full\" src=\"https:\/\/dorogimedence.hu\/wp-content\/uploads\/2026\/06\/208432741_4562199477147873_4795840344174125126_n.jpg\" alt=\"\" width=\"821\" height=\"129\" srcset=\"https:\/\/dorogimedence.hu\/wp-content\/uploads\/2026\/06\/208432741_4562199477147873_4795840344174125126_n.jpg 821w, https:\/\/dorogimedence.hu\/wp-content\/uploads\/2026\/06\/208432741_4562199477147873_4795840344174125126_n-600x94.jpg 600w, https:\/\/dorogimedence.hu\/wp-content\/uploads\/2026\/06\/208432741_4562199477147873_4795840344174125126_n-768x121.jpg 768w, https:\/\/dorogimedence.hu\/wp-content\/uploads\/2026\/06\/208432741_4562199477147873_4795840344174125126_n-150x24.jpg 150w, https:\/\/dorogimedence.hu\/wp-content\/uploads\/2026\/06\/208432741_4562199477147873_4795840344174125126_n-450x71.jpg 450w\" sizes=\"(max-width: 821px) 100vw, 821px\" \/><\/p>\n<p class=\"isSelectedEnd\" style=\"text-align: center;\"><span style=\"font-size: 10pt;\"><em>K\u00e9t szalagc\u00edm a korabeli sajt\u00f3b\u00f3l (forr\u00e1s: Dolgoz\u00f3k Lapja)<\/em><\/span><\/p>\n<p class=\"isSelectedEnd\" style=\"text-align: justify;\">A szakvezet\u0151k el\u00e9gedetten \u00e9rt\u00e9kelt\u00e9k a Dorogi B\u00e1ny\u00e1sz teljes\u00edtm\u00e9ny\u00e9t, k\u00fcl\u00f6n kiemelve a j\u00e1t\u00e9kosok fegyelmezetts\u00e9g\u00e9t \u00e9s p\u00e9ld\u00e1s hozz\u00e1\u00e1ll\u00e1s\u00e1t. A besz\u00e1mol\u00f3k szerint a csapat a rekken\u0151 h\u0151s\u00e9g ellen\u00e9re is maxim\u00e1lis er\u0151bedob\u00e1ssal k\u00fczd\u00f6tt, a torn\u00e1n a napi \u00e1tlagh\u0151m\u00e9rs\u00e9klet meghaladta a 30 Celsius-fokot.<\/p>\n<p class=\"isSelectedEnd\" style=\"text-align: justify;\">Egy\u00e9ni teljes\u00edtm\u00e9nyek tekintet\u00e9ben Simonfi Ferencet emelt\u00e9k ki a szakemberek, aki a torna sor\u00e1n kiemelked\u0151 form\u00e1ban j\u00e1tszott. A rutinosabb j\u00e1t\u00e9kosok \u2013 k\u00f6zt\u00fck Bartalos, Duralla, Lakics, Simon, Cz\u00e9h \u00e9s Moln\u00e1r \u2013 meghat\u00e1roz\u00f3 szerepet t\u00f6lt\u00f6ttek be a csapatban, m\u00edg a fiatalabb labdar\u00fag\u00f3k sz\u00e1m\u00e1ra a torna fontos nemzetk\u00f6zi tapasztalatszerz\u00e9st jelentett.<\/p>\n<p class=\"isSelectedEnd\" style=\"text-align: justify;\">\u00c9rdekess\u00e9g, hogy a keretben t\u00f6bb csal\u00e1di futballhagyom\u00e1ny is tov\u00e1bb \u00e9lt: Laczk\u00f3 Istv\u00e1n \u00e9s Moln\u00e1r J\u00f3zsef is olyan csal\u00e1dokb\u00f3l \u00e9rkezett, ahol az \u00e9desap\u00e1k kor\u00e1bban a dorogi labdar\u00fag\u00e1s meghat\u00e1roz\u00f3 szerepl\u0151i voltak.<\/p>\n<p><img loading=\"lazy\" decoding=\"async\" class=\"aligncenter wp-image-81649 size-full\" src=\"https:\/\/dorogimedence.hu\/wp-content\/uploads\/2026\/06\/596807127_25605150289078513_1938419177059545339_n.jpg\" alt=\"\" width=\"1912\" height=\"1422\" srcset=\"https:\/\/dorogimedence.hu\/wp-content\/uploads\/2026\/06\/596807127_25605150289078513_1938419177059545339_n.jpg 1912w, https:\/\/dorogimedence.hu\/wp-content\/uploads\/2026\/06\/596807127_25605150289078513_1938419177059545339_n-600x446.jpg 600w, https:\/\/dorogimedence.hu\/wp-content\/uploads\/2026\/06\/596807127_25605150289078513_1938419177059545339_n-768x571.jpg 768w, https:\/\/dorogimedence.hu\/wp-content\/uploads\/2026\/06\/596807127_25605150289078513_1938419177059545339_n-1536x1142.jpg 1536w, https:\/\/dorogimedence.hu\/wp-content\/uploads\/2026\/06\/596807127_25605150289078513_1938419177059545339_n-150x112.jpg 150w, https:\/\/dorogimedence.hu\/wp-content\/uploads\/2026\/06\/596807127_25605150289078513_1938419177059545339_n-450x335.jpg 450w, https:\/\/dorogimedence.hu\/wp-content\/uploads\/2026\/06\/596807127_25605150289078513_1938419177059545339_n-1200x892.jpg 1200w\" sizes=\"(max-width: 1912px) 100vw, 1912px\" \/><\/p>\n<p style=\"text-align: justify;\"><span style=\"font-size: 10pt;\"><em>A sikeresen szerepl\u0151 dorogiak a hotel l\u00e9pcs\u0151j\u00e9n, imm\u00e1r a harmadik helyezettnek j\u00e1r\u00f3 tr\u00f3fe\u00e1val \u00e9s klubz\u00e1szl\u00f3val (forr\u00e1s: A Csisz\u00e1r csal\u00e1d album\u00e1b\u00f3l)<\/em><\/span><\/p>\n<p class=\"isSelectedEnd\" style=\"text-align: justify;\">A csapat koreln\u00f6ke Bartalos J\u00f3zsef volt. A Dorogi Sportm\u00fazeum II. term\u00e9ben ma is l\u00e1that\u00f3k a rijekai torn\u00e1hoz kapcsol\u00f3d\u00f3 relikvi\u00e1k, k\u00f6zt\u00fck egy d\u00edszes faragott fakulacs \u201eRijeka\u201d felirattal \u00e9s egy jugoszl\u00e1v z\u00e1szl\u00f3, amelyek a r\u00e9szv\u00e9tel eml\u00e9k\u00e9t \u0151rzik.<\/p>\n<p><img loading=\"lazy\" decoding=\"async\" class=\"aligncenter wp-image-66574 size-full\" src=\"https:\/\/dorogimedence.hu\/wp-content\/uploads\/2024\/11\/6_sportmuzeum-03.jpg\" alt=\"\" width=\"724\" height=\"557\" srcset=\"https:\/\/dorogimedence.hu\/wp-content\/uploads\/2024\/11\/6_sportmuzeum-03.jpg 724w, https:\/\/dorogimedence.hu\/wp-content\/uploads\/2024\/11\/6_sportmuzeum-03-600x462.jpg 600w, https:\/\/dorogimedence.hu\/wp-content\/uploads\/2024\/11\/6_sportmuzeum-03-150x115.jpg 150w, https:\/\/dorogimedence.hu\/wp-content\/uploads\/2024\/11\/6_sportmuzeum-03-450x346.jpg 450w\" sizes=\"(max-width: 724px) 100vw, 724px\" \/><\/p>\n<p style=\"text-align: justify;\"><span style=\"font-size: 10pt;\"><em>Bartalos J\u00f3zsef \u00e9vtizedekkel a rijekai kupaszerepl\u00e9st k\u00f6vet\u0151en a Dorogi Sportm\u00fazeumban. K\u00f6r\u00fcl\u00f6tte a torn\u00e1r\u00f3l sz\u00e1rmaz\u00f3 k\u00e9t ereklye is l\u00e1that\u00f3: T\u0151le balra a d\u00edszes faragott fakulacs, d\u00edsszalag\u00e1n &#8222;Rijeka 1966&#8221; felirattal, valamint jobbra, a sarok k\u00f6zel\u00e9ben a jugoszl\u00e1v z\u00e1szl\u00f3.<\/em><\/span><\/p>\n<p class=\"isSelectedEnd\" style=\"text-align: justify;\">A keretben k\u00e9t azonos nev\u0171 j\u00e1t\u00e9kos is szerepelt Szab\u00f3 Istv\u00e1n n\u00e9ven, akiket a p\u00e1ly\u00e1n bet\u00f6lt\u00f6tt szerep\u00fck \u00e9s becenev\u00fck alapj\u00e1n k\u00fcl\u00f6nb\u00f6ztettek meg (\u201ePiszka\u201d \u2013 kapus, \u201eOkos\u201d \u2013 ir\u00e1ny\u00edt\u00f3). A kapus k\u00e9s\u0151bb a Videoton egy\u00fcttes\u00e9ben is szerepelt, majd p\u00e1lyafut\u00e1sa v\u00e9g\u00e9n visszat\u00e9rt Dorogra, m\u00edg a mez\u0151nyj\u00e1t\u00e9kos Szab\u00f3 ifjabbik \u00f6ccse, Szab\u00f3 J\u00f3zsef kiemelked\u0151 csat\u00e1rk\u00e9nt szerzett nemzetk\u00f6zi elismerts\u00e9get is.<\/p>\n<p style=\"text-align: justify;\">A csapat \u00f6sszet\u00e9tele j\u00f3l t\u00fckr\u00f6zte a korszak saj\u00e1toss\u00e1gait: a keret jelent\u0151s r\u00e9sze dorogi k\u00f6t\u0151d\u00e9s\u0171 j\u00e1t\u00e9kosokb\u00f3l \u00e1llt, sokan k\u00f6z\u00fcl\u00fck helyben sz\u00fclettek, amely nagyban er\u0151s\u00edtette a csapatszellemet.<\/p>\n<p style=\"text-align: center;\"><img loading=\"lazy\" decoding=\"async\" class=\"aligncenter wp-image-81664 size-full\" src=\"https:\/\/dorogimedence.hu\/wp-content\/uploads\/2026\/06\/md_798P6BGB6E0R4XU55GHQAVN1T8AA11.jpg\" alt=\"\" width=\"847\" height=\"397\" srcset=\"https:\/\/dorogimedence.hu\/wp-content\/uploads\/2026\/06\/md_798P6BGB6E0R4XU55GHQAVN1T8AA11.jpg 847w, https:\/\/dorogimedence.hu\/wp-content\/uploads\/2026\/06\/md_798P6BGB6E0R4XU55GHQAVN1T8AA11-600x281.jpg 600w, https:\/\/dorogimedence.hu\/wp-content\/uploads\/2026\/06\/md_798P6BGB6E0R4XU55GHQAVN1T8AA11-768x360.jpg 768w, https:\/\/dorogimedence.hu\/wp-content\/uploads\/2026\/06\/md_798P6BGB6E0R4XU55GHQAVN1T8AA11-150x70.jpg 150w, https:\/\/dorogimedence.hu\/wp-content\/uploads\/2026\/06\/md_798P6BGB6E0R4XU55GHQAVN1T8AA11-450x211.jpg 450w\" sizes=\"(max-width: 847px) 100vw, 847px\" \/><span style=\"font-size: 10pt;\"><em>A 2018-ban rendezett torna 2. csoportj\u00e1nak menetrendje a programf\u00fczetben (forr\u00e1s: Kvarnerska Rivijera weboldala)<\/em><\/span><\/p>\n<p class=\"isSelectedEnd\" style=\"text-align: justify;\">A cikkben szerepl\u0151 k\u00fclf\u00f6ldi csapatnevek \u00e9s f\u00f6ldrajzi elnevez\u00e9sek a korabeli magyar sajt\u00f3ban \u00e9s szakirodalomban haszn\u00e1lt form\u00e1k alapj\u00e1n ker\u00fcltek felt\u00fcntet\u00e9sre. A t\u00f6rt\u00e9neti h\u0171s\u00e9g \u00e9rdek\u00e9ben a forr\u00e1sokban el\u0151fordul\u00f3 elnevez\u00e9seket k\u00f6vettem, figyelembe v\u00e9ve a magyaros \u00edr\u00e1sm\u00f3dot \u00e9s a nemzetk\u00f6zi haszn\u00e1latban elterjedt v\u00e1ltozatokat is.<\/p>\n<p><img loading=\"lazy\" decoding=\"async\" class=\"aligncenter wp-image-81682 size-full\" src=\"https:\/\/dorogimedence.hu\/wp-content\/uploads\/2026\/06\/rijeka-este.jpg\" alt=\"\" width=\"825\" height=\"485\" srcset=\"https:\/\/dorogimedence.hu\/wp-content\/uploads\/2026\/06\/rijeka-este.jpg 825w, https:\/\/dorogimedence.hu\/wp-content\/uploads\/2026\/06\/rijeka-este-600x353.jpg 600w, https:\/\/dorogimedence.hu\/wp-content\/uploads\/2026\/06\/rijeka-este-768x451.jpg 768w, https:\/\/dorogimedence.hu\/wp-content\/uploads\/2026\/06\/rijeka-este-150x88.jpg 150w, https:\/\/dorogimedence.hu\/wp-content\/uploads\/2026\/06\/rijeka-este-450x265.jpg 450w\" sizes=\"(max-width: 825px) 100vw, 825px\" \/><\/p>\n<p style=\"text-align: center;\"><span style=\"font-size: 10pt;\"><em>Az Adria-parti v\u00e1ros naplemente ut\u00e1n (forr\u00e1s: Wikimedia Commons)<\/em><\/span><\/p>\n<p class=\"isSelectedEnd\" style=\"text-align: justify;\">K\u00fcl\u00f6n k\u00f6sz\u00f6net Csisz\u00e1r L\u00e1szl\u00f3 \u00e9s csal\u00e1dj\u00e1nak a rendelkez\u00e9sre bocs\u00e1tott fot\u00f3k\u00e9rt, valamint a pontos\u00edt\u00e1sok\u00e9rt \u00e9s kieg\u00e9sz\u00edt\u0151 inform\u00e1ci\u00f3k\u00e9rt.<\/p>\n<p class=\"isSelectedEnd\"><span style=\"text-decoration: underline;\">Bor\u00edt\u00f3k\u00e9p<\/span><strong>:<\/strong> A torna embl\u00e9m\u00e1ja (forr\u00e1s: Kvarnerska Rivijera weboldala)<\/p>\n<p class=\"isSelectedEnd\" style=\"text-align: center;\"><strong>Felhaszn\u00e1lt irodalom<\/strong><\/p>\n<ul data-spread=\"false\">\n<li>Kvarnerska Rivijera hivatalos weboldala<\/li>\n<li><em>Dolgoz\u00f3k Lapja<\/em> (Kom\u00e1rom megyei napilap), 1966. j\u00falius 7\u201310.<\/li>\n<li><em>Magyar Sz\u00f3<\/em> (1966. j\u00faniusi\u2013j\u00faliusi sz\u00e1mok)<\/li>\n<li>Danilo Butorovi\u0107: <em>Mezzo secolo della Kvarnerska Rivijera 1953\u20132002<\/em> (2005\/2006)<\/li>\n<li>NK Rijeka hivatalos oldal \u2013 \u201eKvarnerska Rivijera Contest Rules\u201d (2016)<\/li>\n<\/ul>\n<p><em><strong>Szab\u00f3 Gyula<\/strong><\/em><\/p>\n","protected":false},"excerpt":{"rendered":"<p>A kontinens egyik legrangosabb nemzetk\u00f6zi labdar\u00fag\u00f3torn\u00e1j\u00e1nak sz\u00e1m\u00edt\u00f3 Kvarnerska Rivijera 1966-os ki\u00edr\u00e1s\u00e1ban a Dorogi B\u00e1ny\u00e1sz egy\u00fcttese az el\u0151kel\u0151 harmadik helyet szerezte meg. A klub t\u00f6rt\u00e9net\u00e9nek egyik figyelemre m\u00e9lt\u00f3 nemzetk\u00f6zi siker\u00e9re, annak hatvanadik \u00e9vfordul\u00f3ja alkalm\u00e1b\u00f3l eml\u00e9kez\u00fcnk vissza (Az \u00f6t \u00e9vvel ezel\u0151tti cikkem friss\u00edtett, b\u0151v\u00edtett v\u00e1ltozata). A tekint\u00e9lyes jugoszl\u00e1v HNK Rijeka kezdem\u00e9nyez\u00e9s\u00e9re \u00e9s szervez\u00e9s\u00e9ben az 1950-es \u00e9vek elej\u00e9n<\/p>\n","protected":false},"author":4,"featured_media":81655,"comment_status":"closed","ping_status":"closed","sticky":false,"template":"","format":"standard","meta":{"ngg_post_thumbnail":0,"footnotes":""},"categories":[2,3,6031,5],"tags":[],"class_list":["post-81644","post","type-post","status-publish","format-standard","has-post-thumbnail","category-dorog","category-hirek","category-kerek-evfordulok","category-sport"],"yoast_head":"<!-- This site is optimized with the Yoast SEO plugin v28.3 - https:\/\/yoast.com\/product\/yoast-seo-wordpress\/ -->\n<title>60 \u00e9ve t\u00f6rt\u00e9nt: A Dorogi B\u00e1ny\u00e1sz labdar\u00fag\u00f3inak sikere a vil\u00e1gh\u00edr\u0171 nemzetk\u00f6zi torn\u00e1n<\/title>\n<meta name=\"robots\" content=\"index, follow, max-snippet:-1, max-image-preview:large, max-video-preview:-1\" \/>\n<link rel=\"canonical\" href=\"https:\/\/dorogimedence.hu\/index.php\/2026\/07\/03\/60-eve-tortent-a-dorogi-banyasz-labdarugoinak-sikere-a-vilaghiru-nemzetkozi-tornan\/\" class=\"yoast-seo-meta-tag\" \/>\n<meta property=\"og:locale\" content=\"hu_HU\" class=\"yoast-seo-meta-tag\" \/>\n<meta property=\"og:type\" content=\"article\" class=\"yoast-seo-meta-tag\" \/>\n<meta property=\"og:title\" content=\"60 \u00e9ve t\u00f6rt\u00e9nt: A Dorogi B\u00e1ny\u00e1sz labdar\u00fag\u00f3inak sikere a vil\u00e1gh\u00edr\u0171 nemzetk\u00f6zi torn\u00e1n\" class=\"yoast-seo-meta-tag\" \/>\n<meta property=\"og:description\" content=\"A kontinens egyik legrangosabb nemzetk\u00f6zi labdar\u00fag\u00f3torn\u00e1j\u00e1nak sz\u00e1m\u00edt\u00f3 Kvarnerska Rivijera 1966-os ki\u00edr\u00e1s\u00e1ban a Dorogi B\u00e1ny\u00e1sz egy\u00fcttese az el\u0151kel\u0151 harmadik helyet szerezte meg. A klub t\u00f6rt\u00e9net\u00e9nek egyik figyelemre m\u00e9lt\u00f3 nemzetk\u00f6zi siker\u00e9re, annak hatvanadik \u00e9vfordul\u00f3ja alkalm\u00e1b\u00f3l eml\u00e9kez\u00fcnk vissza (Az \u00f6t \u00e9vvel ezel\u0151tti cikkem friss\u00edtett, b\u0151v\u00edtett v\u00e1ltozata). A tekint\u00e9lyes jugoszl\u00e1v HNK Rijeka kezdem\u00e9nyez\u00e9s\u00e9re \u00e9s szervez\u00e9s\u00e9ben az 1950-es \u00e9vek elej\u00e9n\" class=\"yoast-seo-meta-tag\" \/>\n<meta property=\"og:url\" content=\"https:\/\/dorogimedence.hu\/index.php\/2026\/07\/03\/60-eve-tortent-a-dorogi-banyasz-labdarugoinak-sikere-a-vilaghiru-nemzetkozi-tornan\/\" class=\"yoast-seo-meta-tag\" \/>\n<meta property=\"og:site_name\" content=\"Dorogi-medence Region\u00e1lis H\u00edrport\u00e1l\" class=\"yoast-seo-meta-tag\" \/>\n<meta property=\"article:publisher\" content=\"https:\/\/www.facebook.com\/dorogimedence\/\" class=\"yoast-seo-meta-tag\" \/>\n<meta property=\"article:published_time\" content=\"2026-07-03T06:03:28+00:00\" class=\"yoast-seo-meta-tag\" \/>\n<meta property=\"article:modified_time\" content=\"2026-07-03T06:17:42+00:00\" class=\"yoast-seo-meta-tag\" \/>\n<meta property=\"og:image\" content=\"https:\/\/dorogimedence.hu\/wp-content\/uploads\/2026\/06\/FBoritokep.jpg\" class=\"yoast-seo-meta-tag\" \/>\n\t<meta property=\"og:image:width\" content=\"630\" class=\"yoast-seo-meta-tag\" \/>\n\t<meta property=\"og:image:height\" content=\"375\" class=\"yoast-seo-meta-tag\" \/>\n\t<meta property=\"og:image:type\" content=\"image\/jpeg\" class=\"yoast-seo-meta-tag\" \/>\n<meta name=\"author\" content=\"Szab\u00f3 Gyula\" class=\"yoast-seo-meta-tag\" \/>\n<meta name=\"twitter:card\" content=\"summary_large_image\" class=\"yoast-seo-meta-tag\" \/>\n<meta name=\"twitter:label1\" content=\"Szerz\u0151:\" class=\"yoast-seo-meta-tag\" \/>\n\t<meta name=\"twitter:data1\" content=\"Szab\u00f3 Gyula\" class=\"yoast-seo-meta-tag\" \/>\n\t<meta name=\"twitter:label2\" content=\"Becs\u00fclt olvas\u00e1si id\u0151\" class=\"yoast-seo-meta-tag\" \/>\n\t<meta name=\"twitter:data2\" content=\"20 perc\" class=\"yoast-seo-meta-tag\" \/>\n<script type=\"application\/ld+json\" class=\"yoast-schema-graph\">{\"@context\":\"https:\\\/\\\/schema.org\",\"@graph\":[{\"@type\":\"Article\",\"@id\":\"https:\\\/\\\/dorogimedence.hu\\\/index.php\\\/2026\\\/07\\\/03\\\/60-eve-tortent-a-dorogi-banyasz-labdarugoinak-sikere-a-vilaghiru-nemzetkozi-tornan\\\/#article\",\"isPartOf\":{\"@id\":\"https:\\\/\\\/dorogimedence.hu\\\/index.php\\\/2026\\\/07\\\/03\\\/60-eve-tortent-a-dorogi-banyasz-labdarugoinak-sikere-a-vilaghiru-nemzetkozi-tornan\\\/\"},\"author\":{\"name\":\"Szab\u00f3 Gyula\",\"@id\":\"https:\\\/\\\/dorogimedence.hu\\\/#\\\/schema\\\/person\\\/76605e8151ec1b7376385cd184ede973\"},\"headline\":\"60 \u00e9ve t\u00f6rt\u00e9nt: A Dorogi B\u00e1ny\u00e1sz labdar\u00fag\u00f3inak sikere a vil\u00e1gh\u00edr\u0171 nemzetk\u00f6zi torn\u00e1n\",\"datePublished\":\"2026-07-03T06:03:28+00:00\",\"dateModified\":\"2026-07-03T06:17:42+00:00\",\"mainEntityOfPage\":{\"@id\":\"https:\\\/\\\/dorogimedence.hu\\\/index.php\\\/2026\\\/07\\\/03\\\/60-eve-tortent-a-dorogi-banyasz-labdarugoinak-sikere-a-vilaghiru-nemzetkozi-tornan\\\/\"},\"wordCount\":4033,\"publisher\":{\"@id\":\"https:\\\/\\\/dorogimedence.hu\\\/#organization\"},\"image\":{\"@id\":\"https:\\\/\\\/dorogimedence.hu\\\/index.php\\\/2026\\\/07\\\/03\\\/60-eve-tortent-a-dorogi-banyasz-labdarugoinak-sikere-a-vilaghiru-nemzetkozi-tornan\\\/#primaryimage\"},\"thumbnailUrl\":\"https:\\\/\\\/dorogimedence.hu\\\/wp-content\\\/uploads\\\/2026\\\/06\\\/FBoritokep.jpg\",\"articleSection\":[\"Dorog\",\"H\u00edrek\",\"Kerek \u00e9vfordul\u00f3k\",\"Sport\"],\"inLanguage\":\"hu\"},{\"@type\":\"WebPage\",\"@id\":\"https:\\\/\\\/dorogimedence.hu\\\/index.php\\\/2026\\\/07\\\/03\\\/60-eve-tortent-a-dorogi-banyasz-labdarugoinak-sikere-a-vilaghiru-nemzetkozi-tornan\\\/\",\"url\":\"https:\\\/\\\/dorogimedence.hu\\\/index.php\\\/2026\\\/07\\\/03\\\/60-eve-tortent-a-dorogi-banyasz-labdarugoinak-sikere-a-vilaghiru-nemzetkozi-tornan\\\/\",\"name\":\"60 \u00e9ve t\u00f6rt\u00e9nt: A Dorogi B\u00e1ny\u00e1sz labdar\u00fag\u00f3inak sikere a vil\u00e1gh\u00edr\u0171 nemzetk\u00f6zi torn\u00e1n\",\"isPartOf\":{\"@id\":\"https:\\\/\\\/dorogimedence.hu\\\/#website\"},\"primaryImageOfPage\":{\"@id\":\"https:\\\/\\\/dorogimedence.hu\\\/index.php\\\/2026\\\/07\\\/03\\\/60-eve-tortent-a-dorogi-banyasz-labdarugoinak-sikere-a-vilaghiru-nemzetkozi-tornan\\\/#primaryimage\"},\"image\":{\"@id\":\"https:\\\/\\\/dorogimedence.hu\\\/index.php\\\/2026\\\/07\\\/03\\\/60-eve-tortent-a-dorogi-banyasz-labdarugoinak-sikere-a-vilaghiru-nemzetkozi-tornan\\\/#primaryimage\"},\"thumbnailUrl\":\"https:\\\/\\\/dorogimedence.hu\\\/wp-content\\\/uploads\\\/2026\\\/06\\\/FBoritokep.jpg\",\"datePublished\":\"2026-07-03T06:03:28+00:00\",\"dateModified\":\"2026-07-03T06:17:42+00:00\",\"breadcrumb\":{\"@id\":\"https:\\\/\\\/dorogimedence.hu\\\/index.php\\\/2026\\\/07\\\/03\\\/60-eve-tortent-a-dorogi-banyasz-labdarugoinak-sikere-a-vilaghiru-nemzetkozi-tornan\\\/#breadcrumb\"},\"inLanguage\":\"hu\",\"potentialAction\":[{\"@type\":\"ReadAction\",\"target\":[\"https:\\\/\\\/dorogimedence.hu\\\/index.php\\\/2026\\\/07\\\/03\\\/60-eve-tortent-a-dorogi-banyasz-labdarugoinak-sikere-a-vilaghiru-nemzetkozi-tornan\\\/\"]}]},{\"@type\":\"ImageObject\",\"inLanguage\":\"hu\",\"@id\":\"https:\\\/\\\/dorogimedence.hu\\\/index.php\\\/2026\\\/07\\\/03\\\/60-eve-tortent-a-dorogi-banyasz-labdarugoinak-sikere-a-vilaghiru-nemzetkozi-tornan\\\/#primaryimage\",\"url\":\"https:\\\/\\\/dorogimedence.hu\\\/wp-content\\\/uploads\\\/2026\\\/06\\\/FBoritokep.jpg\",\"contentUrl\":\"https:\\\/\\\/dorogimedence.hu\\\/wp-content\\\/uploads\\\/2026\\\/06\\\/FBoritokep.jpg\",\"width\":630,\"height\":375},{\"@type\":\"BreadcrumbList\",\"@id\":\"https:\\\/\\\/dorogimedence.hu\\\/index.php\\\/2026\\\/07\\\/03\\\/60-eve-tortent-a-dorogi-banyasz-labdarugoinak-sikere-a-vilaghiru-nemzetkozi-tornan\\\/#breadcrumb\",\"itemListElement\":[{\"@type\":\"ListItem\",\"position\":1,\"name\":\"Kezd\u0151lap\",\"item\":\"https:\\\/\\\/dorogimedence.hu\\\/\"},{\"@type\":\"ListItem\",\"position\":2,\"name\":\"60 \u00e9ve t\u00f6rt\u00e9nt: A Dorogi B\u00e1ny\u00e1sz labdar\u00fag\u00f3inak sikere a vil\u00e1gh\u00edr\u0171 nemzetk\u00f6zi torn\u00e1n\"}]},{\"@type\":\"WebSite\",\"@id\":\"https:\\\/\\\/dorogimedence.hu\\\/#website\",\"url\":\"https:\\\/\\\/dorogimedence.hu\\\/\",\"name\":\"Dorogi-medence Region\u00e1lis H\u00edrport\u00e1l\",\"description\":\"Dorog, Keszt\u00f6lc, Le\u00e1nyv\u00e1r, Piliscs\u00e9v, Tokod, Tokodalt\u00e1r\u00f3, Csolnok, Esztergom-kertv\u00e1ros: h\u00edrek, programok\",\"publisher\":{\"@id\":\"https:\\\/\\\/dorogimedence.hu\\\/#organization\"},\"potentialAction\":[{\"@type\":\"SearchAction\",\"target\":{\"@type\":\"EntryPoint\",\"urlTemplate\":\"https:\\\/\\\/dorogimedence.hu\\\/?s={search_term_string}\"},\"query-input\":{\"@type\":\"PropertyValueSpecification\",\"valueRequired\":true,\"valueName\":\"search_term_string\"}}],\"inLanguage\":\"hu\"},{\"@type\":\"Organization\",\"@id\":\"https:\\\/\\\/dorogimedence.hu\\\/#organization\",\"name\":\"Dorogi-medence Region\u00e1lis H\u00edrport\u00e1l\",\"url\":\"https:\\\/\\\/dorogimedence.hu\\\/\",\"logo\":{\"@type\":\"ImageObject\",\"inLanguage\":\"hu\",\"@id\":\"https:\\\/\\\/dorogimedence.hu\\\/#\\\/schema\\\/logo\\\/image\\\/\",\"url\":\"https:\\\/\\\/dorogimedence.hu\\\/wp-content\\\/uploads\\\/2021\\\/04\\\/logo-feher-600.png\",\"contentUrl\":\"https:\\\/\\\/dorogimedence.hu\\\/wp-content\\\/uploads\\\/2021\\\/04\\\/logo-feher-600.png\",\"width\":600,\"height\":100,\"caption\":\"Dorogi-medence Region\u00e1lis H\u00edrport\u00e1l\"},\"image\":{\"@id\":\"https:\\\/\\\/dorogimedence.hu\\\/#\\\/schema\\\/logo\\\/image\\\/\"},\"sameAs\":[\"https:\\\/\\\/www.facebook.com\\\/dorogimedence\\\/\"]},{\"@type\":\"Person\",\"@id\":\"https:\\\/\\\/dorogimedence.hu\\\/#\\\/schema\\\/person\\\/76605e8151ec1b7376385cd184ede973\",\"name\":\"Szab\u00f3 Gyula\",\"image\":{\"@type\":\"ImageObject\",\"inLanguage\":\"hu\",\"@id\":\"\\\/\\\/www.gravatar.com\\\/avatar\\\/3e44b6fb2ef9bcea3639958cc2a587cb?s=96&#038;r=g&#038;d=mm\",\"url\":\"\\\/\\\/www.gravatar.com\\\/avatar\\\/3e44b6fb2ef9bcea3639958cc2a587cb?s=96&#038;r=g&#038;d=mm\",\"contentUrl\":\"\\\/\\\/www.gravatar.com\\\/avatar\\\/3e44b6fb2ef9bcea3639958cc2a587cb?s=96&#038;r=g&#038;d=mm\",\"caption\":\"Szab\u00f3 Gyula\"}}]}<\/script>\n<!-- \/ Yoast SEO plugin. -->","yoast_head_json":{"title":"60 \u00e9ve t\u00f6rt\u00e9nt: A Dorogi B\u00e1ny\u00e1sz labdar\u00fag\u00f3inak sikere a vil\u00e1gh\u00edr\u0171 nemzetk\u00f6zi torn\u00e1n","robots":{"index":"index","follow":"follow","max-snippet":"max-snippet:-1","max-image-preview":"max-image-preview:large","max-video-preview":"max-video-preview:-1"},"canonical":"https:\/\/dorogimedence.hu\/index.php\/2026\/07\/03\/60-eve-tortent-a-dorogi-banyasz-labdarugoinak-sikere-a-vilaghiru-nemzetkozi-tornan\/","og_locale":"hu_HU","og_type":"article","og_title":"60 \u00e9ve t\u00f6rt\u00e9nt: A Dorogi B\u00e1ny\u00e1sz labdar\u00fag\u00f3inak sikere a vil\u00e1gh\u00edr\u0171 nemzetk\u00f6zi torn\u00e1n","og_description":"A kontinens egyik legrangosabb nemzetk\u00f6zi labdar\u00fag\u00f3torn\u00e1j\u00e1nak sz\u00e1m\u00edt\u00f3 Kvarnerska Rivijera 1966-os ki\u00edr\u00e1s\u00e1ban a Dorogi B\u00e1ny\u00e1sz egy\u00fcttese az el\u0151kel\u0151 harmadik helyet szerezte meg. A klub t\u00f6rt\u00e9net\u00e9nek egyik figyelemre m\u00e9lt\u00f3 nemzetk\u00f6zi siker\u00e9re, annak hatvanadik \u00e9vfordul\u00f3ja alkalm\u00e1b\u00f3l eml\u00e9kez\u00fcnk vissza (Az \u00f6t \u00e9vvel ezel\u0151tti cikkem friss\u00edtett, b\u0151v\u00edtett v\u00e1ltozata). A tekint\u00e9lyes jugoszl\u00e1v HNK Rijeka kezdem\u00e9nyez\u00e9s\u00e9re \u00e9s szervez\u00e9s\u00e9ben az 1950-es \u00e9vek elej\u00e9n","og_url":"https:\/\/dorogimedence.hu\/index.php\/2026\/07\/03\/60-eve-tortent-a-dorogi-banyasz-labdarugoinak-sikere-a-vilaghiru-nemzetkozi-tornan\/","og_site_name":"Dorogi-medence Region\u00e1lis H\u00edrport\u00e1l","article_publisher":"https:\/\/www.facebook.com\/dorogimedence\/","article_published_time":"2026-07-03T06:03:28+00:00","article_modified_time":"2026-07-03T06:17:42+00:00","og_image":[{"width":630,"height":375,"url":"https:\/\/dorogimedence.hu\/wp-content\/uploads\/2026\/06\/FBoritokep.jpg","type":"image\/jpeg"}],"author":"Szab\u00f3 Gyula","twitter_card":"summary_large_image","twitter_misc":{"Szerz\u0151:":"Szab\u00f3 Gyula","Becs\u00fclt olvas\u00e1si id\u0151":"20 perc"},"schema":{"@context":"https:\/\/schema.org","@graph":[{"@type":"Article","@id":"https:\/\/dorogimedence.hu\/index.php\/2026\/07\/03\/60-eve-tortent-a-dorogi-banyasz-labdarugoinak-sikere-a-vilaghiru-nemzetkozi-tornan\/#article","isPartOf":{"@id":"https:\/\/dorogimedence.hu\/index.php\/2026\/07\/03\/60-eve-tortent-a-dorogi-banyasz-labdarugoinak-sikere-a-vilaghiru-nemzetkozi-tornan\/"},"author":{"name":"Szab\u00f3 Gyula","@id":"https:\/\/dorogimedence.hu\/#\/schema\/person\/76605e8151ec1b7376385cd184ede973"},"headline":"60 \u00e9ve t\u00f6rt\u00e9nt: A Dorogi B\u00e1ny\u00e1sz labdar\u00fag\u00f3inak sikere a vil\u00e1gh\u00edr\u0171 nemzetk\u00f6zi torn\u00e1n","datePublished":"2026-07-03T06:03:28+00:00","dateModified":"2026-07-03T06:17:42+00:00","mainEntityOfPage":{"@id":"https:\/\/dorogimedence.hu\/index.php\/2026\/07\/03\/60-eve-tortent-a-dorogi-banyasz-labdarugoinak-sikere-a-vilaghiru-nemzetkozi-tornan\/"},"wordCount":4033,"publisher":{"@id":"https:\/\/dorogimedence.hu\/#organization"},"image":{"@id":"https:\/\/dorogimedence.hu\/index.php\/2026\/07\/03\/60-eve-tortent-a-dorogi-banyasz-labdarugoinak-sikere-a-vilaghiru-nemzetkozi-tornan\/#primaryimage"},"thumbnailUrl":"https:\/\/dorogimedence.hu\/wp-content\/uploads\/2026\/06\/FBoritokep.jpg","articleSection":["Dorog","H\u00edrek","Kerek \u00e9vfordul\u00f3k","Sport"],"inLanguage":"hu"},{"@type":"WebPage","@id":"https:\/\/dorogimedence.hu\/index.php\/2026\/07\/03\/60-eve-tortent-a-dorogi-banyasz-labdarugoinak-sikere-a-vilaghiru-nemzetkozi-tornan\/","url":"https:\/\/dorogimedence.hu\/index.php\/2026\/07\/03\/60-eve-tortent-a-dorogi-banyasz-labdarugoinak-sikere-a-vilaghiru-nemzetkozi-tornan\/","name":"60 \u00e9ve t\u00f6rt\u00e9nt: A Dorogi B\u00e1ny\u00e1sz labdar\u00fag\u00f3inak sikere a vil\u00e1gh\u00edr\u0171 nemzetk\u00f6zi torn\u00e1n","isPartOf":{"@id":"https:\/\/dorogimedence.hu\/#website"},"primaryImageOfPage":{"@id":"https:\/\/dorogimedence.hu\/index.php\/2026\/07\/03\/60-eve-tortent-a-dorogi-banyasz-labdarugoinak-sikere-a-vilaghiru-nemzetkozi-tornan\/#primaryimage"},"image":{"@id":"https:\/\/dorogimedence.hu\/index.php\/2026\/07\/03\/60-eve-tortent-a-dorogi-banyasz-labdarugoinak-sikere-a-vilaghiru-nemzetkozi-tornan\/#primaryimage"},"thumbnailUrl":"https:\/\/dorogimedence.hu\/wp-content\/uploads\/2026\/06\/FBoritokep.jpg","datePublished":"2026-07-03T06:03:28+00:00","dateModified":"2026-07-03T06:17:42+00:00","breadcrumb":{"@id":"https:\/\/dorogimedence.hu\/index.php\/2026\/07\/03\/60-eve-tortent-a-dorogi-banyasz-labdarugoinak-sikere-a-vilaghiru-nemzetkozi-tornan\/#breadcrumb"},"inLanguage":"hu","potentialAction":[{"@type":"ReadAction","target":["https:\/\/dorogimedence.hu\/index.php\/2026\/07\/03\/60-eve-tortent-a-dorogi-banyasz-labdarugoinak-sikere-a-vilaghiru-nemzetkozi-tornan\/"]}]},{"@type":"ImageObject","inLanguage":"hu","@id":"https:\/\/dorogimedence.hu\/index.php\/2026\/07\/03\/60-eve-tortent-a-dorogi-banyasz-labdarugoinak-sikere-a-vilaghiru-nemzetkozi-tornan\/#primaryimage","url":"https:\/\/dorogimedence.hu\/wp-content\/uploads\/2026\/06\/FBoritokep.jpg","contentUrl":"https:\/\/dorogimedence.hu\/wp-content\/uploads\/2026\/06\/FBoritokep.jpg","width":630,"height":375},{"@type":"BreadcrumbList","@id":"https:\/\/dorogimedence.hu\/index.php\/2026\/07\/03\/60-eve-tortent-a-dorogi-banyasz-labdarugoinak-sikere-a-vilaghiru-nemzetkozi-tornan\/#breadcrumb","itemListElement":[{"@type":"ListItem","position":1,"name":"Kezd\u0151lap","item":"https:\/\/dorogimedence.hu\/"},{"@type":"ListItem","position":2,"name":"60 \u00e9ve t\u00f6rt\u00e9nt: A Dorogi B\u00e1ny\u00e1sz labdar\u00fag\u00f3inak sikere a vil\u00e1gh\u00edr\u0171 nemzetk\u00f6zi torn\u00e1n"}]},{"@type":"WebSite","@id":"https:\/\/dorogimedence.hu\/#website","url":"https:\/\/dorogimedence.hu\/","name":"Dorogi-medence Region\u00e1lis H\u00edrport\u00e1l","description":"Dorog, Keszt\u00f6lc, Le\u00e1nyv\u00e1r, Piliscs\u00e9v, Tokod, Tokodalt\u00e1r\u00f3, Csolnok, Esztergom-kertv\u00e1ros: h\u00edrek, programok","publisher":{"@id":"https:\/\/dorogimedence.hu\/#organization"},"potentialAction":[{"@type":"SearchAction","target":{"@type":"EntryPoint","urlTemplate":"https:\/\/dorogimedence.hu\/?s={search_term_string}"},"query-input":{"@type":"PropertyValueSpecification","valueRequired":true,"valueName":"search_term_string"}}],"inLanguage":"hu"},{"@type":"Organization","@id":"https:\/\/dorogimedence.hu\/#organization","name":"Dorogi-medence Region\u00e1lis H\u00edrport\u00e1l","url":"https:\/\/dorogimedence.hu\/","logo":{"@type":"ImageObject","inLanguage":"hu","@id":"https:\/\/dorogimedence.hu\/#\/schema\/logo\/image\/","url":"https:\/\/dorogimedence.hu\/wp-content\/uploads\/2021\/04\/logo-feher-600.png","contentUrl":"https:\/\/dorogimedence.hu\/wp-content\/uploads\/2021\/04\/logo-feher-600.png","width":600,"height":100,"caption":"Dorogi-medence Region\u00e1lis H\u00edrport\u00e1l"},"image":{"@id":"https:\/\/dorogimedence.hu\/#\/schema\/logo\/image\/"},"sameAs":["https:\/\/www.facebook.com\/dorogimedence\/"]},{"@type":"Person","@id":"https:\/\/dorogimedence.hu\/#\/schema\/person\/76605e8151ec1b7376385cd184ede973","name":"Szab\u00f3 Gyula","image":{"@type":"ImageObject","inLanguage":"hu","@id":"\/\/www.gravatar.com\/avatar\/3e44b6fb2ef9bcea3639958cc2a587cb?s=96&#038;r=g&#038;d=mm","url":"\/\/www.gravatar.com\/avatar\/3e44b6fb2ef9bcea3639958cc2a587cb?s=96&#038;r=g&#038;d=mm","contentUrl":"\/\/www.gravatar.com\/avatar\/3e44b6fb2ef9bcea3639958cc2a587cb?s=96&#038;r=g&#038;d=mm","caption":"Szab\u00f3 Gyula"}}]}},"_links":{"self":[{"href":"https:\/\/dorogimedence.hu\/index.php\/wp-json\/wp\/v2\/posts\/81644","targetHints":{"allow":["GET"]}}],"collection":[{"href":"https:\/\/dorogimedence.hu\/index.php\/wp-json\/wp\/v2\/posts"}],"about":[{"href":"https:\/\/dorogimedence.hu\/index.php\/wp-json\/wp\/v2\/types\/post"}],"author":[{"embeddable":true,"href":"https:\/\/dorogimedence.hu\/index.php\/wp-json\/wp\/v2\/users\/4"}],"replies":[{"embeddable":true,"href":"https:\/\/dorogimedence.hu\/index.php\/wp-json\/wp\/v2\/comments?post=81644"}],"version-history":[{"count":14,"href":"https:\/\/dorogimedence.hu\/index.php\/wp-json\/wp\/v2\/posts\/81644\/revisions"}],"predecessor-version":[{"id":81751,"href":"https:\/\/dorogimedence.hu\/index.php\/wp-json\/wp\/v2\/posts\/81644\/revisions\/81751"}],"wp:featuredmedia":[{"embeddable":true,"href":"https:\/\/dorogimedence.hu\/index.php\/wp-json\/wp\/v2\/media\/81655"}],"wp:attachment":[{"href":"https:\/\/dorogimedence.hu\/index.php\/wp-json\/wp\/v2\/media?parent=81644"}],"wp:term":[{"taxonomy":"category","embeddable":true,"href":"https:\/\/dorogimedence.hu\/index.php\/wp-json\/wp\/v2\/categories?post=81644"},{"taxonomy":"post_tag","embeddable":true,"href":"https:\/\/dorogimedence.hu\/index.php\/wp-json\/wp\/v2\/tags?post=81644"}],"curies":[{"name":"wp","href":"https:\/\/api.w.org\/{rel}","templated":true}]}}