{"id":81630,"date":"2026-06-30T14:56:01","date_gmt":"2026-06-30T12:56:01","guid":{"rendered":"https:\/\/dorogimedence.hu\/?p=81630"},"modified":"2026-06-30T14:56:01","modified_gmt":"2026-06-30T12:56:01","slug":"ket-pedagogus-kapott-szent-gellert-dijat-az-esztergom-kertvarosi-meszlenyi-iskolabol","status":"publish","type":"post","link":"https:\/\/dorogimedence.hu\/index.php\/2026\/06\/30\/ket-pedagogus-kapott-szent-gellert-dijat-az-esztergom-kertvarosi-meszlenyi-iskolabol\/","title":{"rendered":"K\u00e9t pedag\u00f3gus kapott Szent Gell\u00e9rt-d\u00edjat az esztergom-kertv\u00e1rosi Meszl\u00e9nyi iskol\u00e1b\u00f3l"},"content":{"rendered":"<p><strong>K\u00fcl\u00f6nleges elismer\u00e9sben r\u00e9szes\u00fclt az esztergom-kertv\u00e1rosi Meszl\u00e9nyi Zolt\u00e1n Katolikus \u00c1ltal\u00e1nos Iskola k\u00e9t pedag\u00f3gusa: Baranya Istv\u00e1n igazgat\u00f3 \u00e9s Fiedler \u00c9va tan\u00edt\u00f3 a Szent Gell\u00e9rt-d\u00edj Arany Fokozat\u00e1t vehette \u00e1t.<\/strong><\/p>\n<p>Az elismer\u00e9seket az Esztergom\u2013Budapesti F\u0151egyh\u00e1zmegye k\u00f6zoktat\u00e1si int\u00e9zm\u00e9nyeinek tan\u00e9vz\u00e1r\u00f3 h\u00e1laad\u00f3 szentmis\u00e9j\u00e9t k\u00f6vet\u0151en adt\u00e1k \u00e1t j\u00fanius 23-\u00e1n a Szent Istv\u00e1n-templomban. A d\u00edjakat Gyetv\u00e1n G\u00e1bor, a Budapesti Katolikus Int\u00e9zm\u00e9nyfenntart\u00f3 K\u00f6zpont f\u0151igazgat\u00f3ja adta \u00e1t.<\/p>\n<p>Fiedler \u00c9va 40 \u00e9ves tan\u00edt\u00f3i szolg\u00e1lat\u00e1t ismert\u00e9k el a kit\u00fcntet\u00e9ssel. P\u00e1lyafut\u00e1sa sor\u00e1n v\u00e9gig ugyanabban az int\u00e9zm\u00e9nyben dolgozott, amely els\u0151 munkahelye is volt. Baranya Istv\u00e1n pedig 30 \u00e9ves igazgat\u00f3i szolg\u00e1lat\u00e1\u00e9rt r\u00e9szes\u00fclt a rangos elismer\u00e9sben, amelyet szint\u00e9n az esztergom-kertv\u00e1rosi iskol\u00e1ban v\u00e9gzett munk\u00e1j\u00e1val \u00e9rdemelt ki.<\/p>\n<p>Az iskola k\u00f6z\u00f6ss\u00e9ge kiemelte, hogy ritka \u00e9s kiv\u00e9teles, amikor k\u00e9t pedag\u00f3gus ilyen hossz\u00fa id\u0151n \u00e1t ugyanazon int\u00e9zm\u00e9nyben szolg\u00e1lja a gyermekek nevel\u00e9s\u00e9t \u00e9s oktat\u00e1s\u00e1t. Munk\u00e1juk sor\u00e1n gener\u00e1ci\u00f3kat tan\u00edtottak, k\u00fcl\u00f6n\u00f6s figyelmet ford\u00edtva a h\u00e1tr\u00e1nyos helyzet\u0171, n\u00e9lk\u00fcl\u00f6z\u0151 csal\u00e1dokb\u00f3l \u00e9rkez\u0151 \u00e9s roma sz\u00e1rmaz\u00e1s\u00fa tanul\u00f3k t\u00e1mogat\u00e1s\u00e1ra, mik\u00f6zben sz\u00e1mos tehets\u00e9ges di\u00e1k p\u00e1ly\u00e1j\u00e1t is seg\u00edtett\u00e9k.<\/p>\n<p>A tantest\u00fclet szerint Baranya Istv\u00e1n \u00e9s Fiedler \u00c9va meghat\u00e1roz\u00f3 alakjai lettek Esztergom, k\u00fcl\u00f6n\u00f6sen Esztergom-Kertv\u00e1ros oktat\u00e1si \u00e9let\u00e9nek, akik m\u00e9lt\u00f3 m\u00f3don vitt\u00e9k tov\u00e1bb a kor\u00e1bbi pedag\u00f3gusnemzed\u00e9kek \u00f6r\u00f6ks\u00e9g\u00e9t.<\/p>\n<p>A Meszl\u00e9nyi Zolt\u00e1n Katolikus \u00c1ltal\u00e1nos Iskola alkalmazotti k\u00f6z\u00f6ss\u00e9ge, tantest\u00fclete, a sz\u00fcl\u0151i munkak\u00f6z\u00f6ss\u00e9g \u00e9s a di\u00e1k\u00f6nkorm\u00e1nyzat tagjai gratul\u00e1ltak a k\u00e9t kit\u00fcntetett pedag\u00f3gusnak, \u00e9s Isten \u00e1ld\u00e1s\u00e1t k\u00e9rt\u00e9k tov\u00e1bbi \u00e9let\u00fckre \u00e9s szolg\u00e1latukra.<\/p>\n<p><em>Bor\u00edt\u00f3k\u00e9p, forr\u00e1s: Meszl\u00e9nyi Zolt\u00e1n Katolikus \u00c1ltal\u00e1nos Iskola Facebook-oldal<\/em><\/p>\n","protected":false},"excerpt":{"rendered":"<p>K\u00fcl\u00f6nleges elismer\u00e9sben r\u00e9szes\u00fclt az esztergom-kertv\u00e1rosi Meszl\u00e9nyi Zolt\u00e1n Katolikus \u00c1ltal\u00e1nos Iskola k\u00e9t pedag\u00f3gusa: Baranya Istv\u00e1n igazgat\u00f3 \u00e9s Fiedler \u00c9va tan\u00edt\u00f3 a Szent Gell\u00e9rt-d\u00edj Arany Fokozat\u00e1t vehette \u00e1t. Az elismer\u00e9seket az Esztergom\u2013Budapesti F\u0151egyh\u00e1zmegye k\u00f6zoktat\u00e1si int\u00e9zm\u00e9nyeinek tan\u00e9vz\u00e1r\u00f3 h\u00e1laad\u00f3 szentmis\u00e9j\u00e9t k\u00f6vet\u0151en adt\u00e1k \u00e1t j\u00fanius 23-\u00e1n a Szent Istv\u00e1n-templomban. A d\u00edjakat Gyetv\u00e1n G\u00e1bor, a Budapesti Katolikus Int\u00e9zm\u00e9nyfenntart\u00f3 K\u00f6zpont f\u0151igazgat\u00f3ja adta<\/p>\n","protected":false},"author":1,"featured_media":81631,"comment_status":"closed","ping_status":"closed","sticky":false,"template":"","format":"standard","meta":{"ngg_post_thumbnail":0,"footnotes":""},"categories":[38,7,3],"tags":[594,42,169,519,6029],"class_list":["post-81630","post","type-post","status-publish","format-standard","has-post-thumbnail","category-esztergom","category-esztergom_kertvaros","category-hirek","tag-dijatado","tag-esztergom","tag-esztergom-kertvaros","tag-kituntetes","tag-meszlenyi-zoltan-katolikus-altalanos-iskola"],"yoast_head":"<!-- This site is optimized with the Yoast SEO plugin v28.3 - https:\/\/yoast.com\/product\/yoast-seo-wordpress\/ -->\n<title>K\u00e9t pedag\u00f3gus kapott Szent Gell\u00e9rt-d\u00edjat az esztergom-kertv\u00e1rosi Meszl\u00e9nyi iskol\u00e1b\u00f3l<\/title>\n<meta name=\"robots\" content=\"index, follow, max-snippet:-1, max-image-preview:large, max-video-preview:-1\" \/>\n<link rel=\"canonical\" href=\"https:\/\/dorogimedence.hu\/index.php\/2026\/06\/30\/ket-pedagogus-kapott-szent-gellert-dijat-az-esztergom-kertvarosi-meszlenyi-iskolabol\/\" class=\"yoast-seo-meta-tag\" \/>\n<meta property=\"og:locale\" content=\"hu_HU\" class=\"yoast-seo-meta-tag\" \/>\n<meta property=\"og:type\" content=\"article\" class=\"yoast-seo-meta-tag\" \/>\n<meta property=\"og:title\" content=\"K\u00e9t pedag\u00f3gus kapott Szent Gell\u00e9rt-d\u00edjat az esztergom-kertv\u00e1rosi Meszl\u00e9nyi iskol\u00e1b\u00f3l\" class=\"yoast-seo-meta-tag\" \/>\n<meta property=\"og:description\" content=\"K\u00fcl\u00f6nleges elismer\u00e9sben r\u00e9szes\u00fclt az esztergom-kertv\u00e1rosi Meszl\u00e9nyi Zolt\u00e1n Katolikus \u00c1ltal\u00e1nos Iskola k\u00e9t pedag\u00f3gusa: Baranya Istv\u00e1n igazgat\u00f3 \u00e9s Fiedler \u00c9va tan\u00edt\u00f3 a Szent Gell\u00e9rt-d\u00edj Arany Fokozat\u00e1t vehette \u00e1t. Az elismer\u00e9seket az Esztergom\u2013Budapesti F\u0151egyh\u00e1zmegye k\u00f6zoktat\u00e1si int\u00e9zm\u00e9nyeinek tan\u00e9vz\u00e1r\u00f3 h\u00e1laad\u00f3 szentmis\u00e9j\u00e9t k\u00f6vet\u0151en adt\u00e1k \u00e1t j\u00fanius 23-\u00e1n a Szent Istv\u00e1n-templomban. A d\u00edjakat Gyetv\u00e1n G\u00e1bor, a Budapesti Katolikus Int\u00e9zm\u00e9nyfenntart\u00f3 K\u00f6zpont f\u0151igazgat\u00f3ja adta\" class=\"yoast-seo-meta-tag\" \/>\n<meta property=\"og:url\" content=\"https:\/\/dorogimedence.hu\/index.php\/2026\/06\/30\/ket-pedagogus-kapott-szent-gellert-dijat-az-esztergom-kertvarosi-meszlenyi-iskolabol\/\" class=\"yoast-seo-meta-tag\" \/>\n<meta property=\"og:site_name\" content=\"Dorogi-medence Region\u00e1lis H\u00edrport\u00e1l\" class=\"yoast-seo-meta-tag\" \/>\n<meta property=\"article:publisher\" content=\"https:\/\/www.facebook.com\/dorogimedence\/\" class=\"yoast-seo-meta-tag\" \/>\n<meta property=\"article:published_time\" content=\"2026-06-30T12:56:01+00:00\" class=\"yoast-seo-meta-tag\" \/>\n<meta property=\"og:image\" content=\"https:\/\/dorogimedence.hu\/wp-content\/uploads\/2026\/06\/meszlenyi.jpg\" class=\"yoast-seo-meta-tag\" \/>\n\t<meta property=\"og:image:width\" content=\"1920\" class=\"yoast-seo-meta-tag\" \/>\n\t<meta property=\"og:image:height\" content=\"970\" class=\"yoast-seo-meta-tag\" \/>\n\t<meta property=\"og:image:type\" content=\"image\/jpeg\" class=\"yoast-seo-meta-tag\" \/>\n<meta name=\"author\" content=\"dorogimedence.hu\" class=\"yoast-seo-meta-tag\" \/>\n<meta name=\"twitter:card\" content=\"summary_large_image\" class=\"yoast-seo-meta-tag\" \/>\n<meta name=\"twitter:label1\" content=\"Szerz\u0151:\" class=\"yoast-seo-meta-tag\" \/>\n\t<meta name=\"twitter:data1\" content=\"dorogimedence.hu\" class=\"yoast-seo-meta-tag\" \/>\n\t<meta name=\"twitter:label2\" content=\"Becs\u00fclt olvas\u00e1si id\u0151\" class=\"yoast-seo-meta-tag\" \/>\n\t<meta name=\"twitter:data2\" content=\"2 perc\" class=\"yoast-seo-meta-tag\" \/>\n<script type=\"application\/ld+json\" class=\"yoast-schema-graph\">{\"@context\":\"https:\\\/\\\/schema.org\",\"@graph\":[{\"@type\":\"Article\",\"@id\":\"https:\\\/\\\/dorogimedence.hu\\\/index.php\\\/2026\\\/06\\\/30\\\/ket-pedagogus-kapott-szent-gellert-dijat-az-esztergom-kertvarosi-meszlenyi-iskolabol\\\/#article\",\"isPartOf\":{\"@id\":\"https:\\\/\\\/dorogimedence.hu\\\/index.php\\\/2026\\\/06\\\/30\\\/ket-pedagogus-kapott-szent-gellert-dijat-az-esztergom-kertvarosi-meszlenyi-iskolabol\\\/\"},\"author\":{\"name\":\"dorogimedence.hu\",\"@id\":\"https:\\\/\\\/dorogimedence.hu\\\/#\\\/schema\\\/person\\\/ce6091eeb7e95ecdc87890d6aa8e0fd4\"},\"headline\":\"K\u00e9t pedag\u00f3gus kapott Szent Gell\u00e9rt-d\u00edjat az esztergom-kertv\u00e1rosi Meszl\u00e9nyi iskol\u00e1b\u00f3l\",\"datePublished\":\"2026-06-30T12:56:01+00:00\",\"mainEntityOfPage\":{\"@id\":\"https:\\\/\\\/dorogimedence.hu\\\/index.php\\\/2026\\\/06\\\/30\\\/ket-pedagogus-kapott-szent-gellert-dijat-az-esztergom-kertvarosi-meszlenyi-iskolabol\\\/\"},\"wordCount\":389,\"publisher\":{\"@id\":\"https:\\\/\\\/dorogimedence.hu\\\/#organization\"},\"image\":{\"@id\":\"https:\\\/\\\/dorogimedence.hu\\\/index.php\\\/2026\\\/06\\\/30\\\/ket-pedagogus-kapott-szent-gellert-dijat-az-esztergom-kertvarosi-meszlenyi-iskolabol\\\/#primaryimage\"},\"thumbnailUrl\":\"https:\\\/\\\/dorogimedence.hu\\\/wp-content\\\/uploads\\\/2026\\\/06\\\/meszlenyi.jpg\",\"keywords\":[\"d\u00edj\u00e1tad\u00f3\",\"esztergom\",\"Esztergom-kertv\u00e1ros\",\"kit\u00fcntet\u00e9s\",\"Meszl\u00e9nyi Zolt\u00e1n Katolikus \u00c1ltal\u00e1nos Iskola\"],\"articleSection\":[\"Esztergom\",\"Esztergom-kertv\u00e1ros\",\"H\u00edrek\"],\"inLanguage\":\"hu\"},{\"@type\":\"WebPage\",\"@id\":\"https:\\\/\\\/dorogimedence.hu\\\/index.php\\\/2026\\\/06\\\/30\\\/ket-pedagogus-kapott-szent-gellert-dijat-az-esztergom-kertvarosi-meszlenyi-iskolabol\\\/\",\"url\":\"https:\\\/\\\/dorogimedence.hu\\\/index.php\\\/2026\\\/06\\\/30\\\/ket-pedagogus-kapott-szent-gellert-dijat-az-esztergom-kertvarosi-meszlenyi-iskolabol\\\/\",\"name\":\"K\u00e9t pedag\u00f3gus kapott Szent Gell\u00e9rt-d\u00edjat az esztergom-kertv\u00e1rosi Meszl\u00e9nyi iskol\u00e1b\u00f3l\",\"isPartOf\":{\"@id\":\"https:\\\/\\\/dorogimedence.hu\\\/#website\"},\"primaryImageOfPage\":{\"@id\":\"https:\\\/\\\/dorogimedence.hu\\\/index.php\\\/2026\\\/06\\\/30\\\/ket-pedagogus-kapott-szent-gellert-dijat-az-esztergom-kertvarosi-meszlenyi-iskolabol\\\/#primaryimage\"},\"image\":{\"@id\":\"https:\\\/\\\/dorogimedence.hu\\\/index.php\\\/2026\\\/06\\\/30\\\/ket-pedagogus-kapott-szent-gellert-dijat-az-esztergom-kertvarosi-meszlenyi-iskolabol\\\/#primaryimage\"},\"thumbnailUrl\":\"https:\\\/\\\/dorogimedence.hu\\\/wp-content\\\/uploads\\\/2026\\\/06\\\/meszlenyi.jpg\",\"datePublished\":\"2026-06-30T12:56:01+00:00\",\"breadcrumb\":{\"@id\":\"https:\\\/\\\/dorogimedence.hu\\\/index.php\\\/2026\\\/06\\\/30\\\/ket-pedagogus-kapott-szent-gellert-dijat-az-esztergom-kertvarosi-meszlenyi-iskolabol\\\/#breadcrumb\"},\"inLanguage\":\"hu\",\"potentialAction\":[{\"@type\":\"ReadAction\",\"target\":[\"https:\\\/\\\/dorogimedence.hu\\\/index.php\\\/2026\\\/06\\\/30\\\/ket-pedagogus-kapott-szent-gellert-dijat-az-esztergom-kertvarosi-meszlenyi-iskolabol\\\/\"]}]},{\"@type\":\"ImageObject\",\"inLanguage\":\"hu\",\"@id\":\"https:\\\/\\\/dorogimedence.hu\\\/index.php\\\/2026\\\/06\\\/30\\\/ket-pedagogus-kapott-szent-gellert-dijat-az-esztergom-kertvarosi-meszlenyi-iskolabol\\\/#primaryimage\",\"url\":\"https:\\\/\\\/dorogimedence.hu\\\/wp-content\\\/uploads\\\/2026\\\/06\\\/meszlenyi.jpg\",\"contentUrl\":\"https:\\\/\\\/dorogimedence.hu\\\/wp-content\\\/uploads\\\/2026\\\/06\\\/meszlenyi.jpg\",\"width\":1920,\"height\":970},{\"@type\":\"BreadcrumbList\",\"@id\":\"https:\\\/\\\/dorogimedence.hu\\\/index.php\\\/2026\\\/06\\\/30\\\/ket-pedagogus-kapott-szent-gellert-dijat-az-esztergom-kertvarosi-meszlenyi-iskolabol\\\/#breadcrumb\",\"itemListElement\":[{\"@type\":\"ListItem\",\"position\":1,\"name\":\"Kezd\u0151lap\",\"item\":\"https:\\\/\\\/dorogimedence.hu\\\/\"},{\"@type\":\"ListItem\",\"position\":2,\"name\":\"K\u00e9t pedag\u00f3gus kapott Szent Gell\u00e9rt-d\u00edjat az esztergom-kertv\u00e1rosi Meszl\u00e9nyi iskol\u00e1b\u00f3l\"}]},{\"@type\":\"WebSite\",\"@id\":\"https:\\\/\\\/dorogimedence.hu\\\/#website\",\"url\":\"https:\\\/\\\/dorogimedence.hu\\\/\",\"name\":\"Dorogi-medence Region\u00e1lis H\u00edrport\u00e1l\",\"description\":\"Dorog, Keszt\u00f6lc, Le\u00e1nyv\u00e1r, Piliscs\u00e9v, Tokod, Tokodalt\u00e1r\u00f3, Csolnok, Esztergom-kertv\u00e1ros: h\u00edrek, programok\",\"publisher\":{\"@id\":\"https:\\\/\\\/dorogimedence.hu\\\/#organization\"},\"potentialAction\":[{\"@type\":\"SearchAction\",\"target\":{\"@type\":\"EntryPoint\",\"urlTemplate\":\"https:\\\/\\\/dorogimedence.hu\\\/?s={search_term_string}\"},\"query-input\":{\"@type\":\"PropertyValueSpecification\",\"valueRequired\":true,\"valueName\":\"search_term_string\"}}],\"inLanguage\":\"hu\"},{\"@type\":\"Organization\",\"@id\":\"https:\\\/\\\/dorogimedence.hu\\\/#organization\",\"name\":\"Dorogi-medence Region\u00e1lis H\u00edrport\u00e1l\",\"url\":\"https:\\\/\\\/dorogimedence.hu\\\/\",\"logo\":{\"@type\":\"ImageObject\",\"inLanguage\":\"hu\",\"@id\":\"https:\\\/\\\/dorogimedence.hu\\\/#\\\/schema\\\/logo\\\/image\\\/\",\"url\":\"https:\\\/\\\/dorogimedence.hu\\\/wp-content\\\/uploads\\\/2021\\\/04\\\/logo-feher-600.png\",\"contentUrl\":\"https:\\\/\\\/dorogimedence.hu\\\/wp-content\\\/uploads\\\/2021\\\/04\\\/logo-feher-600.png\",\"width\":600,\"height\":100,\"caption\":\"Dorogi-medence Region\u00e1lis H\u00edrport\u00e1l\"},\"image\":{\"@id\":\"https:\\\/\\\/dorogimedence.hu\\\/#\\\/schema\\\/logo\\\/image\\\/\"},\"sameAs\":[\"https:\\\/\\\/www.facebook.com\\\/dorogimedence\\\/\"]},{\"@type\":\"Person\",\"@id\":\"https:\\\/\\\/dorogimedence.hu\\\/#\\\/schema\\\/person\\\/ce6091eeb7e95ecdc87890d6aa8e0fd4\",\"name\":\"dorogimedence.hu\",\"image\":{\"@type\":\"ImageObject\",\"inLanguage\":\"hu\",\"@id\":\"\\\/\\\/www.gravatar.com\\\/avatar\\\/d8d45f8901aadff40a4af72c0b826f1d?s=96&#038;r=g&#038;d=mm\",\"url\":\"\\\/\\\/www.gravatar.com\\\/avatar\\\/d8d45f8901aadff40a4af72c0b826f1d?s=96&#038;r=g&#038;d=mm\",\"contentUrl\":\"\\\/\\\/www.gravatar.com\\\/avatar\\\/d8d45f8901aadff40a4af72c0b826f1d?s=96&#038;r=g&#038;d=mm\",\"caption\":\"dorogimedence.hu\"}}]}<\/script>\n<!-- \/ Yoast SEO plugin. -->","yoast_head_json":{"title":"K\u00e9t pedag\u00f3gus kapott Szent Gell\u00e9rt-d\u00edjat az esztergom-kertv\u00e1rosi Meszl\u00e9nyi iskol\u00e1b\u00f3l","robots":{"index":"index","follow":"follow","max-snippet":"max-snippet:-1","max-image-preview":"max-image-preview:large","max-video-preview":"max-video-preview:-1"},"canonical":"https:\/\/dorogimedence.hu\/index.php\/2026\/06\/30\/ket-pedagogus-kapott-szent-gellert-dijat-az-esztergom-kertvarosi-meszlenyi-iskolabol\/","og_locale":"hu_HU","og_type":"article","og_title":"K\u00e9t pedag\u00f3gus kapott Szent Gell\u00e9rt-d\u00edjat az esztergom-kertv\u00e1rosi Meszl\u00e9nyi iskol\u00e1b\u00f3l","og_description":"K\u00fcl\u00f6nleges elismer\u00e9sben r\u00e9szes\u00fclt az esztergom-kertv\u00e1rosi Meszl\u00e9nyi Zolt\u00e1n Katolikus \u00c1ltal\u00e1nos Iskola k\u00e9t pedag\u00f3gusa: Baranya Istv\u00e1n igazgat\u00f3 \u00e9s Fiedler \u00c9va tan\u00edt\u00f3 a Szent Gell\u00e9rt-d\u00edj Arany Fokozat\u00e1t vehette \u00e1t. Az elismer\u00e9seket az Esztergom\u2013Budapesti F\u0151egyh\u00e1zmegye k\u00f6zoktat\u00e1si int\u00e9zm\u00e9nyeinek tan\u00e9vz\u00e1r\u00f3 h\u00e1laad\u00f3 szentmis\u00e9j\u00e9t k\u00f6vet\u0151en adt\u00e1k \u00e1t j\u00fanius 23-\u00e1n a Szent Istv\u00e1n-templomban. A d\u00edjakat Gyetv\u00e1n G\u00e1bor, a Budapesti Katolikus Int\u00e9zm\u00e9nyfenntart\u00f3 K\u00f6zpont f\u0151igazgat\u00f3ja adta","og_url":"https:\/\/dorogimedence.hu\/index.php\/2026\/06\/30\/ket-pedagogus-kapott-szent-gellert-dijat-az-esztergom-kertvarosi-meszlenyi-iskolabol\/","og_site_name":"Dorogi-medence Region\u00e1lis H\u00edrport\u00e1l","article_publisher":"https:\/\/www.facebook.com\/dorogimedence\/","article_published_time":"2026-06-30T12:56:01+00:00","og_image":[{"width":1920,"height":970,"url":"https:\/\/dorogimedence.hu\/wp-content\/uploads\/2026\/06\/meszlenyi.jpg","type":"image\/jpeg"}],"author":"dorogimedence.hu","twitter_card":"summary_large_image","twitter_misc":{"Szerz\u0151:":"dorogimedence.hu","Becs\u00fclt olvas\u00e1si id\u0151":"2 perc"},"schema":{"@context":"https:\/\/schema.org","@graph":[{"@type":"Article","@id":"https:\/\/dorogimedence.hu\/index.php\/2026\/06\/30\/ket-pedagogus-kapott-szent-gellert-dijat-az-esztergom-kertvarosi-meszlenyi-iskolabol\/#article","isPartOf":{"@id":"https:\/\/dorogimedence.hu\/index.php\/2026\/06\/30\/ket-pedagogus-kapott-szent-gellert-dijat-az-esztergom-kertvarosi-meszlenyi-iskolabol\/"},"author":{"name":"dorogimedence.hu","@id":"https:\/\/dorogimedence.hu\/#\/schema\/person\/ce6091eeb7e95ecdc87890d6aa8e0fd4"},"headline":"K\u00e9t pedag\u00f3gus kapott Szent Gell\u00e9rt-d\u00edjat az esztergom-kertv\u00e1rosi Meszl\u00e9nyi iskol\u00e1b\u00f3l","datePublished":"2026-06-30T12:56:01+00:00","mainEntityOfPage":{"@id":"https:\/\/dorogimedence.hu\/index.php\/2026\/06\/30\/ket-pedagogus-kapott-szent-gellert-dijat-az-esztergom-kertvarosi-meszlenyi-iskolabol\/"},"wordCount":389,"publisher":{"@id":"https:\/\/dorogimedence.hu\/#organization"},"image":{"@id":"https:\/\/dorogimedence.hu\/index.php\/2026\/06\/30\/ket-pedagogus-kapott-szent-gellert-dijat-az-esztergom-kertvarosi-meszlenyi-iskolabol\/#primaryimage"},"thumbnailUrl":"https:\/\/dorogimedence.hu\/wp-content\/uploads\/2026\/06\/meszlenyi.jpg","keywords":["d\u00edj\u00e1tad\u00f3","esztergom","Esztergom-kertv\u00e1ros","kit\u00fcntet\u00e9s","Meszl\u00e9nyi Zolt\u00e1n Katolikus \u00c1ltal\u00e1nos Iskola"],"articleSection":["Esztergom","Esztergom-kertv\u00e1ros","H\u00edrek"],"inLanguage":"hu"},{"@type":"WebPage","@id":"https:\/\/dorogimedence.hu\/index.php\/2026\/06\/30\/ket-pedagogus-kapott-szent-gellert-dijat-az-esztergom-kertvarosi-meszlenyi-iskolabol\/","url":"https:\/\/dorogimedence.hu\/index.php\/2026\/06\/30\/ket-pedagogus-kapott-szent-gellert-dijat-az-esztergom-kertvarosi-meszlenyi-iskolabol\/","name":"K\u00e9t pedag\u00f3gus kapott Szent Gell\u00e9rt-d\u00edjat az esztergom-kertv\u00e1rosi Meszl\u00e9nyi iskol\u00e1b\u00f3l","isPartOf":{"@id":"https:\/\/dorogimedence.hu\/#website"},"primaryImageOfPage":{"@id":"https:\/\/dorogimedence.hu\/index.php\/2026\/06\/30\/ket-pedagogus-kapott-szent-gellert-dijat-az-esztergom-kertvarosi-meszlenyi-iskolabol\/#primaryimage"},"image":{"@id":"https:\/\/dorogimedence.hu\/index.php\/2026\/06\/30\/ket-pedagogus-kapott-szent-gellert-dijat-az-esztergom-kertvarosi-meszlenyi-iskolabol\/#primaryimage"},"thumbnailUrl":"https:\/\/dorogimedence.hu\/wp-content\/uploads\/2026\/06\/meszlenyi.jpg","datePublished":"2026-06-30T12:56:01+00:00","breadcrumb":{"@id":"https:\/\/dorogimedence.hu\/index.php\/2026\/06\/30\/ket-pedagogus-kapott-szent-gellert-dijat-az-esztergom-kertvarosi-meszlenyi-iskolabol\/#breadcrumb"},"inLanguage":"hu","potentialAction":[{"@type":"ReadAction","target":["https:\/\/dorogimedence.hu\/index.php\/2026\/06\/30\/ket-pedagogus-kapott-szent-gellert-dijat-az-esztergom-kertvarosi-meszlenyi-iskolabol\/"]}]},{"@type":"ImageObject","inLanguage":"hu","@id":"https:\/\/dorogimedence.hu\/index.php\/2026\/06\/30\/ket-pedagogus-kapott-szent-gellert-dijat-az-esztergom-kertvarosi-meszlenyi-iskolabol\/#primaryimage","url":"https:\/\/dorogimedence.hu\/wp-content\/uploads\/2026\/06\/meszlenyi.jpg","contentUrl":"https:\/\/dorogimedence.hu\/wp-content\/uploads\/2026\/06\/meszlenyi.jpg","width":1920,"height":970},{"@type":"BreadcrumbList","@id":"https:\/\/dorogimedence.hu\/index.php\/2026\/06\/30\/ket-pedagogus-kapott-szent-gellert-dijat-az-esztergom-kertvarosi-meszlenyi-iskolabol\/#breadcrumb","itemListElement":[{"@type":"ListItem","position":1,"name":"Kezd\u0151lap","item":"https:\/\/dorogimedence.hu\/"},{"@type":"ListItem","position":2,"name":"K\u00e9t pedag\u00f3gus kapott Szent Gell\u00e9rt-d\u00edjat az esztergom-kertv\u00e1rosi Meszl\u00e9nyi iskol\u00e1b\u00f3l"}]},{"@type":"WebSite","@id":"https:\/\/dorogimedence.hu\/#website","url":"https:\/\/dorogimedence.hu\/","name":"Dorogi-medence Region\u00e1lis H\u00edrport\u00e1l","description":"Dorog, Keszt\u00f6lc, Le\u00e1nyv\u00e1r, Piliscs\u00e9v, Tokod, Tokodalt\u00e1r\u00f3, Csolnok, Esztergom-kertv\u00e1ros: h\u00edrek, programok","publisher":{"@id":"https:\/\/dorogimedence.hu\/#organization"},"potentialAction":[{"@type":"SearchAction","target":{"@type":"EntryPoint","urlTemplate":"https:\/\/dorogimedence.hu\/?s={search_term_string}"},"query-input":{"@type":"PropertyValueSpecification","valueRequired":true,"valueName":"search_term_string"}}],"inLanguage":"hu"},{"@type":"Organization","@id":"https:\/\/dorogimedence.hu\/#organization","name":"Dorogi-medence Region\u00e1lis H\u00edrport\u00e1l","url":"https:\/\/dorogimedence.hu\/","logo":{"@type":"ImageObject","inLanguage":"hu","@id":"https:\/\/dorogimedence.hu\/#\/schema\/logo\/image\/","url":"https:\/\/dorogimedence.hu\/wp-content\/uploads\/2021\/04\/logo-feher-600.png","contentUrl":"https:\/\/dorogimedence.hu\/wp-content\/uploads\/2021\/04\/logo-feher-600.png","width":600,"height":100,"caption":"Dorogi-medence Region\u00e1lis H\u00edrport\u00e1l"},"image":{"@id":"https:\/\/dorogimedence.hu\/#\/schema\/logo\/image\/"},"sameAs":["https:\/\/www.facebook.com\/dorogimedence\/"]},{"@type":"Person","@id":"https:\/\/dorogimedence.hu\/#\/schema\/person\/ce6091eeb7e95ecdc87890d6aa8e0fd4","name":"dorogimedence.hu","image":{"@type":"ImageObject","inLanguage":"hu","@id":"\/\/www.gravatar.com\/avatar\/d8d45f8901aadff40a4af72c0b826f1d?s=96&#038;r=g&#038;d=mm","url":"\/\/www.gravatar.com\/avatar\/d8d45f8901aadff40a4af72c0b826f1d?s=96&#038;r=g&#038;d=mm","contentUrl":"\/\/www.gravatar.com\/avatar\/d8d45f8901aadff40a4af72c0b826f1d?s=96&#038;r=g&#038;d=mm","caption":"dorogimedence.hu"}}]}},"_links":{"self":[{"href":"https:\/\/dorogimedence.hu\/index.php\/wp-json\/wp\/v2\/posts\/81630","targetHints":{"allow":["GET"]}}],"collection":[{"href":"https:\/\/dorogimedence.hu\/index.php\/wp-json\/wp\/v2\/posts"}],"about":[{"href":"https:\/\/dorogimedence.hu\/index.php\/wp-json\/wp\/v2\/types\/post"}],"author":[{"embeddable":true,"href":"https:\/\/dorogimedence.hu\/index.php\/wp-json\/wp\/v2\/users\/1"}],"replies":[{"embeddable":true,"href":"https:\/\/dorogimedence.hu\/index.php\/wp-json\/wp\/v2\/comments?post=81630"}],"version-history":[{"count":1,"href":"https:\/\/dorogimedence.hu\/index.php\/wp-json\/wp\/v2\/posts\/81630\/revisions"}],"predecessor-version":[{"id":81632,"href":"https:\/\/dorogimedence.hu\/index.php\/wp-json\/wp\/v2\/posts\/81630\/revisions\/81632"}],"wp:featuredmedia":[{"embeddable":true,"href":"https:\/\/dorogimedence.hu\/index.php\/wp-json\/wp\/v2\/media\/81631"}],"wp:attachment":[{"href":"https:\/\/dorogimedence.hu\/index.php\/wp-json\/wp\/v2\/media?parent=81630"}],"wp:term":[{"taxonomy":"category","embeddable":true,"href":"https:\/\/dorogimedence.hu\/index.php\/wp-json\/wp\/v2\/categories?post=81630"},{"taxonomy":"post_tag","embeddable":true,"href":"https:\/\/dorogimedence.hu\/index.php\/wp-json\/wp\/v2\/tags?post=81630"}],"curies":[{"name":"wp","href":"https:\/\/api.w.org\/{rel}","templated":true}]}}