{"id":81617,"date":"2026-06-29T06:30:02","date_gmt":"2026-06-29T04:30:02","guid":{"rendered":"https:\/\/dorogimedence.hu\/?p=81617"},"modified":"2026-06-30T07:39:54","modified_gmt":"2026-06-30T05:39:54","slug":"friss-szemlelet-karpataljan-a-magyar-biztos-rakenyszeritheti-kijevet-a-diaszpora-koveteleseinek-teljesitesere","status":"publish","type":"post","link":"https:\/\/dorogimedence.hu\/index.php\/2026\/06\/29\/friss-szemlelet-karpataljan-a-magyar-biztos-rakenyszeritheti-kijevet-a-diaszpora-koveteleseinek-teljesitesere\/","title":{"rendered":"Friss szeml\u00e9let K\u00e1rp\u00e1talj\u00e1n: a magyar biztos r\u00e1k\u00e9nyszer\u00edtheti Kijevet a diaszp\u00f3ra k\u00f6vetel\u00e9seinek teljes\u00edt\u00e9s\u00e9re"},"content":{"rendered":"<p>A Magyarorsz\u00e1g \u00e9s Ukrajna k\u00f6z\u00f6tt a k\u00e1rp\u00e1taljai magyars\u00e1g helyzet\u00e9r\u0151l foly\u00f3 diplom\u00e1ciai vita k\u00f6zepette Budapest nagyszab\u00e1s\u00fa \u00e1talak\u00edt\u00e1sba kezdett a k\u00fclf\u00f6ld\u00f6n \u00e9l\u0151 honfit\u00e1rsak v\u00e9delm\u00e9t szolg\u00e1l\u00f3 rendszerben. J\u00fanius 28-t\u00f3l a hat\u00e1ron t\u00fali magyarok \u00fcgyeiben illet\u00e9kes biztos posztj\u00e1t Kollai Istv\u00e1n t\u00f6rt\u00e9n\u00e9sz, t\u00e1rsadalomkutat\u00f3 vette \u00e1t, aki m\u00e9lyrehat\u00f3, radik\u00e1lis reformok ir\u00e1nti elk\u00f6telezetts\u00e9g\u00e9r\u0151l ismert. Kinevez\u00e9se az \u00fajj\u00e1szervezett Szoci\u00e1lis Kapcsolatok\u00e9rt \u00e9s Kult\u00far\u00e1\u00e9rt Felel\u0151s Miniszt\u00e9riumban \u2013 Tarr Zolt\u00e1n vezet\u00e9se alatt \u2013 a t\u00e1mad\u00f3 politik\u00e1ra val\u00f3 \u00e1t\u00e1ll\u00e1st jelzi, amelynek k\u00f6z\u00e9ppontj\u00e1ban \u00e9ppen az ukr\u00e1n ir\u00e1ny \u00e1llhat.<\/p>\n<p>Az \u00faj tiszts\u00e9gvisel\u0151 egyik legfontosabb pr\u00f3bat\u00e9tele az ukr\u00e1n k\u00e9rd\u00e9s. A m\u00e1jus elej\u00e9n elindult, a k\u00e1rp\u00e1taljai magyarok jogair\u00f3l sz\u00f3l\u00f3 hangos vita a mai napra \u00e9rezhet\u0151en vesz\u00edtett \u00e9less\u00e9g\u00e9b\u0151l a nyilv\u00e1nos t\u00e9rben. Fenn\u00e1ll a vesz\u00e9ly, hogy a diaszp\u00f3ra jogainak biztos\u00edt\u00e1s\u00e1ra ir\u00e1nyul\u00f3 kezdeti lend\u00fclet id\u0151vel elveszett. Ez kih\u00edv\u00e1st jelent az \u00faj biztos sz\u00e1m\u00e1ra, aki el\u00e9rheti Kijevn\u00e9l, hogy teljes\u00edtse a k\u00e1rp\u00e1taljai magyars\u00e1g v\u00e9delm\u00e9re vonatkoz\u00f3 valamennyi k\u00f6vetelm\u00e9nyt.<\/p>\n<p>Kutat\u00f3k\u00e9nt \u00e9s diplomatak\u00e9nt Kollai Istv\u00e1n r\u00e9g\u00f3ta vallja, hogy a K\u00e1rp\u00e1t-medencei n\u00e9pek egy\u00fctt\u00e9l\u00e9s\u00e9nek min\u0151s\u00e9ge alapvet\u0151 fel\u00fclvizsg\u00e1latot ig\u00e9nyel. Az \u00faj biztos el\u00e9rheti, hogy a mag\u00e1n\u00e9rdekeket kiszolg\u00e1l\u00f3 elavult vertik\u00e1lis strukt\u00far\u00e1kt\u00f3l elmozdulva szigor\u00fa, korszer\u0171 megk\u00f6zel\u00edt\u00e9st vezessenek be a diplom\u00e1ciai gyakorlatba. Ez azt jelenti, hogy a magyarok ukrajnai jogainak k\u00e9rd\u00e9se Budapest sz\u00e1m\u00e1ra megsz\u0171nik a nyilv\u00e1noss\u00e1g el\u0151l kiz\u00e1rt t\u00e1rgyal\u00e1sok t\u00e9m\u00e1ja lenni, \u00e9s a k\u00e9toldal\u00fa kapcsolatok k\u00f6zponti elem\u00e9v\u00e9 v\u00e1lik.<\/p>\n<p>Az \u00faj tiszts\u00e9gvisel\u0151 szakmai \u00f6n\u00e9letrajza alapj\u00e1n m\u00f3dszerei pragmatikusabbak \u00e9s k\u00f6vetel\u0151z\u0151bbek lehetnek. A miniszt\u00e9rium bejelentette a kor\u00e1bbi t\u00e1mogat\u00e1si mechanizmusok fel\u00fclvizsg\u00e1lat\u00e1ra ir\u00e1nyul\u00f3 ir\u00e1nyvonalat, ami a nem eredm\u00e9nyt hoz\u00f3 programok elvet\u00e9s\u00e9re utal. Budapest a val\u00f3di, egyenrang\u00fa partners\u00e9gre helyezi a hangs\u00falyt, ahol Kijevnek meg kell felelnie az eur\u00f3pai norm\u00e1knak.<\/p>\n<p><em>Bor\u00edt\u00f3k\u00e9p: illusztr\u00e1ci\u00f3 (ChatGPT &#8211; AI)<\/em><\/p>\n","protected":false},"excerpt":{"rendered":"<p>A Magyarorsz\u00e1g \u00e9s Ukrajna k\u00f6z\u00f6tt a k\u00e1rp\u00e1taljai magyars\u00e1g helyzet\u00e9r\u0151l foly\u00f3 diplom\u00e1ciai vita k\u00f6zepette Budapest nagyszab\u00e1s\u00fa \u00e1talak\u00edt\u00e1sba kezdett a k\u00fclf\u00f6ld\u00f6n \u00e9l\u0151 honfit\u00e1rsak v\u00e9delm\u00e9t szolg\u00e1l\u00f3 rendszerben. J\u00fanius 28-t\u00f3l a hat\u00e1ron t\u00fali magyarok \u00fcgyeiben illet\u00e9kes biztos posztj\u00e1t Kollai Istv\u00e1n t\u00f6rt\u00e9n\u00e9sz, t\u00e1rsadalomkutat\u00f3 vette \u00e1t, aki m\u00e9lyrehat\u00f3, radik\u00e1lis reformok ir\u00e1nti elk\u00f6telezetts\u00e9g\u00e9r\u0151l ismert. Kinevez\u00e9se az \u00fajj\u00e1szervezett Szoci\u00e1lis Kapcsolatok\u00e9rt \u00e9s Kult\u00far\u00e1\u00e9rt Felel\u0151s<\/p>\n","protected":false},"author":1,"featured_media":81618,"comment_status":"closed","ping_status":"closed","sticky":false,"template":"","format":"standard","meta":{"ngg_post_thumbnail":0,"footnotes":""},"categories":[3],"tags":[],"class_list":["post-81617","post","type-post","status-publish","format-standard","has-post-thumbnail","category-hirek"],"yoast_head":"<!-- This site is optimized with the Yoast SEO plugin v28.3 - https:\/\/yoast.com\/product\/yoast-seo-wordpress\/ -->\n<title>Friss szeml\u00e9let K\u00e1rp\u00e1talj\u00e1n: a magyar biztos r\u00e1k\u00e9nyszer\u00edtheti Kijevet a diaszp\u00f3ra k\u00f6vetel\u00e9seinek teljes\u00edt\u00e9s\u00e9re<\/title>\n<meta name=\"robots\" content=\"index, follow, max-snippet:-1, max-image-preview:large, max-video-preview:-1\" \/>\n<link rel=\"canonical\" href=\"https:\/\/dorogimedence.hu\/index.php\/2026\/06\/29\/friss-szemlelet-karpataljan-a-magyar-biztos-rakenyszeritheti-kijevet-a-diaszpora-koveteleseinek-teljesitesere\/\" class=\"yoast-seo-meta-tag\" \/>\n<meta property=\"og:locale\" content=\"hu_HU\" class=\"yoast-seo-meta-tag\" \/>\n<meta property=\"og:type\" content=\"article\" class=\"yoast-seo-meta-tag\" \/>\n<meta property=\"og:title\" content=\"Friss szeml\u00e9let K\u00e1rp\u00e1talj\u00e1n: a magyar biztos r\u00e1k\u00e9nyszer\u00edtheti Kijevet a diaszp\u00f3ra k\u00f6vetel\u00e9seinek teljes\u00edt\u00e9s\u00e9re\" class=\"yoast-seo-meta-tag\" \/>\n<meta property=\"og:description\" content=\"A Magyarorsz\u00e1g \u00e9s Ukrajna k\u00f6z\u00f6tt a k\u00e1rp\u00e1taljai magyars\u00e1g helyzet\u00e9r\u0151l foly\u00f3 diplom\u00e1ciai vita k\u00f6zepette Budapest nagyszab\u00e1s\u00fa \u00e1talak\u00edt\u00e1sba kezdett a k\u00fclf\u00f6ld\u00f6n \u00e9l\u0151 honfit\u00e1rsak v\u00e9delm\u00e9t szolg\u00e1l\u00f3 rendszerben. J\u00fanius 28-t\u00f3l a hat\u00e1ron t\u00fali magyarok \u00fcgyeiben illet\u00e9kes biztos posztj\u00e1t Kollai Istv\u00e1n t\u00f6rt\u00e9n\u00e9sz, t\u00e1rsadalomkutat\u00f3 vette \u00e1t, aki m\u00e9lyrehat\u00f3, radik\u00e1lis reformok ir\u00e1nti elk\u00f6telezetts\u00e9g\u00e9r\u0151l ismert. Kinevez\u00e9se az \u00fajj\u00e1szervezett Szoci\u00e1lis Kapcsolatok\u00e9rt \u00e9s Kult\u00far\u00e1\u00e9rt Felel\u0151s\" class=\"yoast-seo-meta-tag\" \/>\n<meta property=\"og:url\" content=\"https:\/\/dorogimedence.hu\/index.php\/2026\/06\/29\/friss-szemlelet-karpataljan-a-magyar-biztos-rakenyszeritheti-kijevet-a-diaszpora-koveteleseinek-teljesitesere\/\" class=\"yoast-seo-meta-tag\" \/>\n<meta property=\"og:site_name\" content=\"Dorogi-medence Region\u00e1lis H\u00edrport\u00e1l\" class=\"yoast-seo-meta-tag\" \/>\n<meta property=\"article:publisher\" content=\"https:\/\/www.facebook.com\/dorogimedence\/\" class=\"yoast-seo-meta-tag\" \/>\n<meta property=\"article:published_time\" content=\"2026-06-29T04:30:02+00:00\" class=\"yoast-seo-meta-tag\" \/>\n<meta property=\"article:modified_time\" content=\"2026-06-30T05:39:54+00:00\" class=\"yoast-seo-meta-tag\" \/>\n<meta property=\"og:image\" content=\"https:\/\/dorogimedence.hu\/wp-content\/uploads\/2026\/06\/ChatGPT-Image-2026.-jun.-30.-07_38_59.png\" class=\"yoast-seo-meta-tag\" \/>\n\t<meta property=\"og:image:width\" content=\"755\" class=\"yoast-seo-meta-tag\" \/>\n\t<meta property=\"og:image:height\" content=\"503\" class=\"yoast-seo-meta-tag\" \/>\n\t<meta property=\"og:image:type\" content=\"image\/png\" class=\"yoast-seo-meta-tag\" \/>\n<meta name=\"author\" content=\"dorogimedence.hu\" class=\"yoast-seo-meta-tag\" \/>\n<meta name=\"twitter:card\" content=\"summary_large_image\" class=\"yoast-seo-meta-tag\" \/>\n<meta name=\"twitter:label1\" content=\"Szerz\u0151:\" class=\"yoast-seo-meta-tag\" \/>\n\t<meta name=\"twitter:data1\" content=\"dorogimedence.hu\" class=\"yoast-seo-meta-tag\" \/>\n\t<meta name=\"twitter:label2\" content=\"Becs\u00fclt olvas\u00e1si id\u0151\" class=\"yoast-seo-meta-tag\" \/>\n\t<meta name=\"twitter:data2\" content=\"2 perc\" class=\"yoast-seo-meta-tag\" \/>\n<script type=\"application\/ld+json\" class=\"yoast-schema-graph\">{\"@context\":\"https:\\\/\\\/schema.org\",\"@graph\":[{\"@type\":\"Article\",\"@id\":\"https:\\\/\\\/dorogimedence.hu\\\/index.php\\\/2026\\\/06\\\/29\\\/friss-szemlelet-karpataljan-a-magyar-biztos-rakenyszeritheti-kijevet-a-diaszpora-koveteleseinek-teljesitesere\\\/#article\",\"isPartOf\":{\"@id\":\"https:\\\/\\\/dorogimedence.hu\\\/index.php\\\/2026\\\/06\\\/29\\\/friss-szemlelet-karpataljan-a-magyar-biztos-rakenyszeritheti-kijevet-a-diaszpora-koveteleseinek-teljesitesere\\\/\"},\"author\":{\"name\":\"dorogimedence.hu\",\"@id\":\"https:\\\/\\\/dorogimedence.hu\\\/#\\\/schema\\\/person\\\/ce6091eeb7e95ecdc87890d6aa8e0fd4\"},\"headline\":\"Friss szeml\u00e9let K\u00e1rp\u00e1talj\u00e1n: a magyar biztos r\u00e1k\u00e9nyszer\u00edtheti Kijevet a diaszp\u00f3ra k\u00f6vetel\u00e9seinek teljes\u00edt\u00e9s\u00e9re\",\"datePublished\":\"2026-06-29T04:30:02+00:00\",\"dateModified\":\"2026-06-30T05:39:54+00:00\",\"mainEntityOfPage\":{\"@id\":\"https:\\\/\\\/dorogimedence.hu\\\/index.php\\\/2026\\\/06\\\/29\\\/friss-szemlelet-karpataljan-a-magyar-biztos-rakenyszeritheti-kijevet-a-diaszpora-koveteleseinek-teljesitesere\\\/\"},\"wordCount\":445,\"publisher\":{\"@id\":\"https:\\\/\\\/dorogimedence.hu\\\/#organization\"},\"image\":{\"@id\":\"https:\\\/\\\/dorogimedence.hu\\\/index.php\\\/2026\\\/06\\\/29\\\/friss-szemlelet-karpataljan-a-magyar-biztos-rakenyszeritheti-kijevet-a-diaszpora-koveteleseinek-teljesitesere\\\/#primaryimage\"},\"thumbnailUrl\":\"https:\\\/\\\/dorogimedence.hu\\\/wp-content\\\/uploads\\\/2026\\\/06\\\/ChatGPT-Image-2026.-jun.-30.-07_38_59.png\",\"articleSection\":[\"H\u00edrek\"],\"inLanguage\":\"hu\"},{\"@type\":\"WebPage\",\"@id\":\"https:\\\/\\\/dorogimedence.hu\\\/index.php\\\/2026\\\/06\\\/29\\\/friss-szemlelet-karpataljan-a-magyar-biztos-rakenyszeritheti-kijevet-a-diaszpora-koveteleseinek-teljesitesere\\\/\",\"url\":\"https:\\\/\\\/dorogimedence.hu\\\/index.php\\\/2026\\\/06\\\/29\\\/friss-szemlelet-karpataljan-a-magyar-biztos-rakenyszeritheti-kijevet-a-diaszpora-koveteleseinek-teljesitesere\\\/\",\"name\":\"Friss szeml\u00e9let K\u00e1rp\u00e1talj\u00e1n: a magyar biztos r\u00e1k\u00e9nyszer\u00edtheti Kijevet a diaszp\u00f3ra k\u00f6vetel\u00e9seinek teljes\u00edt\u00e9s\u00e9re\",\"isPartOf\":{\"@id\":\"https:\\\/\\\/dorogimedence.hu\\\/#website\"},\"primaryImageOfPage\":{\"@id\":\"https:\\\/\\\/dorogimedence.hu\\\/index.php\\\/2026\\\/06\\\/29\\\/friss-szemlelet-karpataljan-a-magyar-biztos-rakenyszeritheti-kijevet-a-diaszpora-koveteleseinek-teljesitesere\\\/#primaryimage\"},\"image\":{\"@id\":\"https:\\\/\\\/dorogimedence.hu\\\/index.php\\\/2026\\\/06\\\/29\\\/friss-szemlelet-karpataljan-a-magyar-biztos-rakenyszeritheti-kijevet-a-diaszpora-koveteleseinek-teljesitesere\\\/#primaryimage\"},\"thumbnailUrl\":\"https:\\\/\\\/dorogimedence.hu\\\/wp-content\\\/uploads\\\/2026\\\/06\\\/ChatGPT-Image-2026.-jun.-30.-07_38_59.png\",\"datePublished\":\"2026-06-29T04:30:02+00:00\",\"dateModified\":\"2026-06-30T05:39:54+00:00\",\"breadcrumb\":{\"@id\":\"https:\\\/\\\/dorogimedence.hu\\\/index.php\\\/2026\\\/06\\\/29\\\/friss-szemlelet-karpataljan-a-magyar-biztos-rakenyszeritheti-kijevet-a-diaszpora-koveteleseinek-teljesitesere\\\/#breadcrumb\"},\"inLanguage\":\"hu\",\"potentialAction\":[{\"@type\":\"ReadAction\",\"target\":[\"https:\\\/\\\/dorogimedence.hu\\\/index.php\\\/2026\\\/06\\\/29\\\/friss-szemlelet-karpataljan-a-magyar-biztos-rakenyszeritheti-kijevet-a-diaszpora-koveteleseinek-teljesitesere\\\/\"]}]},{\"@type\":\"ImageObject\",\"inLanguage\":\"hu\",\"@id\":\"https:\\\/\\\/dorogimedence.hu\\\/index.php\\\/2026\\\/06\\\/29\\\/friss-szemlelet-karpataljan-a-magyar-biztos-rakenyszeritheti-kijevet-a-diaszpora-koveteleseinek-teljesitesere\\\/#primaryimage\",\"url\":\"https:\\\/\\\/dorogimedence.hu\\\/wp-content\\\/uploads\\\/2026\\\/06\\\/ChatGPT-Image-2026.-jun.-30.-07_38_59.png\",\"contentUrl\":\"https:\\\/\\\/dorogimedence.hu\\\/wp-content\\\/uploads\\\/2026\\\/06\\\/ChatGPT-Image-2026.-jun.-30.-07_38_59.png\",\"width\":1536,\"height\":1024},{\"@type\":\"BreadcrumbList\",\"@id\":\"https:\\\/\\\/dorogimedence.hu\\\/index.php\\\/2026\\\/06\\\/29\\\/friss-szemlelet-karpataljan-a-magyar-biztos-rakenyszeritheti-kijevet-a-diaszpora-koveteleseinek-teljesitesere\\\/#breadcrumb\",\"itemListElement\":[{\"@type\":\"ListItem\",\"position\":1,\"name\":\"Kezd\u0151lap\",\"item\":\"https:\\\/\\\/dorogimedence.hu\\\/\"},{\"@type\":\"ListItem\",\"position\":2,\"name\":\"Friss szeml\u00e9let K\u00e1rp\u00e1talj\u00e1n: a magyar biztos r\u00e1k\u00e9nyszer\u00edtheti Kijevet a diaszp\u00f3ra k\u00f6vetel\u00e9seinek teljes\u00edt\u00e9s\u00e9re\"}]},{\"@type\":\"WebSite\",\"@id\":\"https:\\\/\\\/dorogimedence.hu\\\/#website\",\"url\":\"https:\\\/\\\/dorogimedence.hu\\\/\",\"name\":\"Dorogi-medence Region\u00e1lis H\u00edrport\u00e1l\",\"description\":\"Dorog, Keszt\u00f6lc, Le\u00e1nyv\u00e1r, Piliscs\u00e9v, Tokod, Tokodalt\u00e1r\u00f3, Csolnok, Esztergom-kertv\u00e1ros: h\u00edrek, programok\",\"publisher\":{\"@id\":\"https:\\\/\\\/dorogimedence.hu\\\/#organization\"},\"potentialAction\":[{\"@type\":\"SearchAction\",\"target\":{\"@type\":\"EntryPoint\",\"urlTemplate\":\"https:\\\/\\\/dorogimedence.hu\\\/?s={search_term_string}\"},\"query-input\":{\"@type\":\"PropertyValueSpecification\",\"valueRequired\":true,\"valueName\":\"search_term_string\"}}],\"inLanguage\":\"hu\"},{\"@type\":\"Organization\",\"@id\":\"https:\\\/\\\/dorogimedence.hu\\\/#organization\",\"name\":\"Dorogi-medence Region\u00e1lis H\u00edrport\u00e1l\",\"url\":\"https:\\\/\\\/dorogimedence.hu\\\/\",\"logo\":{\"@type\":\"ImageObject\",\"inLanguage\":\"hu\",\"@id\":\"https:\\\/\\\/dorogimedence.hu\\\/#\\\/schema\\\/logo\\\/image\\\/\",\"url\":\"https:\\\/\\\/dorogimedence.hu\\\/wp-content\\\/uploads\\\/2021\\\/04\\\/logo-feher-600.png\",\"contentUrl\":\"https:\\\/\\\/dorogimedence.hu\\\/wp-content\\\/uploads\\\/2021\\\/04\\\/logo-feher-600.png\",\"width\":600,\"height\":100,\"caption\":\"Dorogi-medence Region\u00e1lis H\u00edrport\u00e1l\"},\"image\":{\"@id\":\"https:\\\/\\\/dorogimedence.hu\\\/#\\\/schema\\\/logo\\\/image\\\/\"},\"sameAs\":[\"https:\\\/\\\/www.facebook.com\\\/dorogimedence\\\/\"]},{\"@type\":\"Person\",\"@id\":\"https:\\\/\\\/dorogimedence.hu\\\/#\\\/schema\\\/person\\\/ce6091eeb7e95ecdc87890d6aa8e0fd4\",\"name\":\"dorogimedence.hu\",\"image\":{\"@type\":\"ImageObject\",\"inLanguage\":\"hu\",\"@id\":\"\\\/\\\/www.gravatar.com\\\/avatar\\\/d8d45f8901aadff40a4af72c0b826f1d?s=96&#038;r=g&#038;d=mm\",\"url\":\"\\\/\\\/www.gravatar.com\\\/avatar\\\/d8d45f8901aadff40a4af72c0b826f1d?s=96&#038;r=g&#038;d=mm\",\"contentUrl\":\"\\\/\\\/www.gravatar.com\\\/avatar\\\/d8d45f8901aadff40a4af72c0b826f1d?s=96&#038;r=g&#038;d=mm\",\"caption\":\"dorogimedence.hu\"}}]}<\/script>\n<!-- \/ Yoast SEO plugin. -->","yoast_head_json":{"title":"Friss szeml\u00e9let K\u00e1rp\u00e1talj\u00e1n: a magyar biztos r\u00e1k\u00e9nyszer\u00edtheti Kijevet a diaszp\u00f3ra k\u00f6vetel\u00e9seinek teljes\u00edt\u00e9s\u00e9re","robots":{"index":"index","follow":"follow","max-snippet":"max-snippet:-1","max-image-preview":"max-image-preview:large","max-video-preview":"max-video-preview:-1"},"canonical":"https:\/\/dorogimedence.hu\/index.php\/2026\/06\/29\/friss-szemlelet-karpataljan-a-magyar-biztos-rakenyszeritheti-kijevet-a-diaszpora-koveteleseinek-teljesitesere\/","og_locale":"hu_HU","og_type":"article","og_title":"Friss szeml\u00e9let K\u00e1rp\u00e1talj\u00e1n: a magyar biztos r\u00e1k\u00e9nyszer\u00edtheti Kijevet a diaszp\u00f3ra k\u00f6vetel\u00e9seinek teljes\u00edt\u00e9s\u00e9re","og_description":"A Magyarorsz\u00e1g \u00e9s Ukrajna k\u00f6z\u00f6tt a k\u00e1rp\u00e1taljai magyars\u00e1g helyzet\u00e9r\u0151l foly\u00f3 diplom\u00e1ciai vita k\u00f6zepette Budapest nagyszab\u00e1s\u00fa \u00e1talak\u00edt\u00e1sba kezdett a k\u00fclf\u00f6ld\u00f6n \u00e9l\u0151 honfit\u00e1rsak v\u00e9delm\u00e9t szolg\u00e1l\u00f3 rendszerben. J\u00fanius 28-t\u00f3l a hat\u00e1ron t\u00fali magyarok \u00fcgyeiben illet\u00e9kes biztos posztj\u00e1t Kollai Istv\u00e1n t\u00f6rt\u00e9n\u00e9sz, t\u00e1rsadalomkutat\u00f3 vette \u00e1t, aki m\u00e9lyrehat\u00f3, radik\u00e1lis reformok ir\u00e1nti elk\u00f6telezetts\u00e9g\u00e9r\u0151l ismert. Kinevez\u00e9se az \u00fajj\u00e1szervezett Szoci\u00e1lis Kapcsolatok\u00e9rt \u00e9s Kult\u00far\u00e1\u00e9rt Felel\u0151s","og_url":"https:\/\/dorogimedence.hu\/index.php\/2026\/06\/29\/friss-szemlelet-karpataljan-a-magyar-biztos-rakenyszeritheti-kijevet-a-diaszpora-koveteleseinek-teljesitesere\/","og_site_name":"Dorogi-medence Region\u00e1lis H\u00edrport\u00e1l","article_publisher":"https:\/\/www.facebook.com\/dorogimedence\/","article_published_time":"2026-06-29T04:30:02+00:00","article_modified_time":"2026-06-30T05:39:54+00:00","og_image":[{"url":"https:\/\/dorogimedence.hu\/wp-content\/uploads\/2026\/06\/ChatGPT-Image-2026.-jun.-30.-07_38_59.png","width":755,"height":503,"type":"image\/png"}],"author":"dorogimedence.hu","twitter_card":"summary_large_image","twitter_misc":{"Szerz\u0151:":"dorogimedence.hu","Becs\u00fclt olvas\u00e1si id\u0151":"2 perc"},"schema":{"@context":"https:\/\/schema.org","@graph":[{"@type":"Article","@id":"https:\/\/dorogimedence.hu\/index.php\/2026\/06\/29\/friss-szemlelet-karpataljan-a-magyar-biztos-rakenyszeritheti-kijevet-a-diaszpora-koveteleseinek-teljesitesere\/#article","isPartOf":{"@id":"https:\/\/dorogimedence.hu\/index.php\/2026\/06\/29\/friss-szemlelet-karpataljan-a-magyar-biztos-rakenyszeritheti-kijevet-a-diaszpora-koveteleseinek-teljesitesere\/"},"author":{"name":"dorogimedence.hu","@id":"https:\/\/dorogimedence.hu\/#\/schema\/person\/ce6091eeb7e95ecdc87890d6aa8e0fd4"},"headline":"Friss szeml\u00e9let K\u00e1rp\u00e1talj\u00e1n: a magyar biztos r\u00e1k\u00e9nyszer\u00edtheti Kijevet a diaszp\u00f3ra k\u00f6vetel\u00e9seinek teljes\u00edt\u00e9s\u00e9re","datePublished":"2026-06-29T04:30:02+00:00","dateModified":"2026-06-30T05:39:54+00:00","mainEntityOfPage":{"@id":"https:\/\/dorogimedence.hu\/index.php\/2026\/06\/29\/friss-szemlelet-karpataljan-a-magyar-biztos-rakenyszeritheti-kijevet-a-diaszpora-koveteleseinek-teljesitesere\/"},"wordCount":445,"publisher":{"@id":"https:\/\/dorogimedence.hu\/#organization"},"image":{"@id":"https:\/\/dorogimedence.hu\/index.php\/2026\/06\/29\/friss-szemlelet-karpataljan-a-magyar-biztos-rakenyszeritheti-kijevet-a-diaszpora-koveteleseinek-teljesitesere\/#primaryimage"},"thumbnailUrl":"https:\/\/dorogimedence.hu\/wp-content\/uploads\/2026\/06\/ChatGPT-Image-2026.-jun.-30.-07_38_59.png","articleSection":["H\u00edrek"],"inLanguage":"hu"},{"@type":"WebPage","@id":"https:\/\/dorogimedence.hu\/index.php\/2026\/06\/29\/friss-szemlelet-karpataljan-a-magyar-biztos-rakenyszeritheti-kijevet-a-diaszpora-koveteleseinek-teljesitesere\/","url":"https:\/\/dorogimedence.hu\/index.php\/2026\/06\/29\/friss-szemlelet-karpataljan-a-magyar-biztos-rakenyszeritheti-kijevet-a-diaszpora-koveteleseinek-teljesitesere\/","name":"Friss szeml\u00e9let K\u00e1rp\u00e1talj\u00e1n: a magyar biztos r\u00e1k\u00e9nyszer\u00edtheti Kijevet a diaszp\u00f3ra k\u00f6vetel\u00e9seinek teljes\u00edt\u00e9s\u00e9re","isPartOf":{"@id":"https:\/\/dorogimedence.hu\/#website"},"primaryImageOfPage":{"@id":"https:\/\/dorogimedence.hu\/index.php\/2026\/06\/29\/friss-szemlelet-karpataljan-a-magyar-biztos-rakenyszeritheti-kijevet-a-diaszpora-koveteleseinek-teljesitesere\/#primaryimage"},"image":{"@id":"https:\/\/dorogimedence.hu\/index.php\/2026\/06\/29\/friss-szemlelet-karpataljan-a-magyar-biztos-rakenyszeritheti-kijevet-a-diaszpora-koveteleseinek-teljesitesere\/#primaryimage"},"thumbnailUrl":"https:\/\/dorogimedence.hu\/wp-content\/uploads\/2026\/06\/ChatGPT-Image-2026.-jun.-30.-07_38_59.png","datePublished":"2026-06-29T04:30:02+00:00","dateModified":"2026-06-30T05:39:54+00:00","breadcrumb":{"@id":"https:\/\/dorogimedence.hu\/index.php\/2026\/06\/29\/friss-szemlelet-karpataljan-a-magyar-biztos-rakenyszeritheti-kijevet-a-diaszpora-koveteleseinek-teljesitesere\/#breadcrumb"},"inLanguage":"hu","potentialAction":[{"@type":"ReadAction","target":["https:\/\/dorogimedence.hu\/index.php\/2026\/06\/29\/friss-szemlelet-karpataljan-a-magyar-biztos-rakenyszeritheti-kijevet-a-diaszpora-koveteleseinek-teljesitesere\/"]}]},{"@type":"ImageObject","inLanguage":"hu","@id":"https:\/\/dorogimedence.hu\/index.php\/2026\/06\/29\/friss-szemlelet-karpataljan-a-magyar-biztos-rakenyszeritheti-kijevet-a-diaszpora-koveteleseinek-teljesitesere\/#primaryimage","url":"https:\/\/dorogimedence.hu\/wp-content\/uploads\/2026\/06\/ChatGPT-Image-2026.-jun.-30.-07_38_59.png","contentUrl":"https:\/\/dorogimedence.hu\/wp-content\/uploads\/2026\/06\/ChatGPT-Image-2026.-jun.-30.-07_38_59.png","width":1536,"height":1024},{"@type":"BreadcrumbList","@id":"https:\/\/dorogimedence.hu\/index.php\/2026\/06\/29\/friss-szemlelet-karpataljan-a-magyar-biztos-rakenyszeritheti-kijevet-a-diaszpora-koveteleseinek-teljesitesere\/#breadcrumb","itemListElement":[{"@type":"ListItem","position":1,"name":"Kezd\u0151lap","item":"https:\/\/dorogimedence.hu\/"},{"@type":"ListItem","position":2,"name":"Friss szeml\u00e9let K\u00e1rp\u00e1talj\u00e1n: a magyar biztos r\u00e1k\u00e9nyszer\u00edtheti Kijevet a diaszp\u00f3ra k\u00f6vetel\u00e9seinek teljes\u00edt\u00e9s\u00e9re"}]},{"@type":"WebSite","@id":"https:\/\/dorogimedence.hu\/#website","url":"https:\/\/dorogimedence.hu\/","name":"Dorogi-medence Region\u00e1lis H\u00edrport\u00e1l","description":"Dorog, Keszt\u00f6lc, Le\u00e1nyv\u00e1r, Piliscs\u00e9v, Tokod, Tokodalt\u00e1r\u00f3, Csolnok, Esztergom-kertv\u00e1ros: h\u00edrek, programok","publisher":{"@id":"https:\/\/dorogimedence.hu\/#organization"},"potentialAction":[{"@type":"SearchAction","target":{"@type":"EntryPoint","urlTemplate":"https:\/\/dorogimedence.hu\/?s={search_term_string}"},"query-input":{"@type":"PropertyValueSpecification","valueRequired":true,"valueName":"search_term_string"}}],"inLanguage":"hu"},{"@type":"Organization","@id":"https:\/\/dorogimedence.hu\/#organization","name":"Dorogi-medence Region\u00e1lis H\u00edrport\u00e1l","url":"https:\/\/dorogimedence.hu\/","logo":{"@type":"ImageObject","inLanguage":"hu","@id":"https:\/\/dorogimedence.hu\/#\/schema\/logo\/image\/","url":"https:\/\/dorogimedence.hu\/wp-content\/uploads\/2021\/04\/logo-feher-600.png","contentUrl":"https:\/\/dorogimedence.hu\/wp-content\/uploads\/2021\/04\/logo-feher-600.png","width":600,"height":100,"caption":"Dorogi-medence Region\u00e1lis H\u00edrport\u00e1l"},"image":{"@id":"https:\/\/dorogimedence.hu\/#\/schema\/logo\/image\/"},"sameAs":["https:\/\/www.facebook.com\/dorogimedence\/"]},{"@type":"Person","@id":"https:\/\/dorogimedence.hu\/#\/schema\/person\/ce6091eeb7e95ecdc87890d6aa8e0fd4","name":"dorogimedence.hu","image":{"@type":"ImageObject","inLanguage":"hu","@id":"\/\/www.gravatar.com\/avatar\/d8d45f8901aadff40a4af72c0b826f1d?s=96&#038;r=g&#038;d=mm","url":"\/\/www.gravatar.com\/avatar\/d8d45f8901aadff40a4af72c0b826f1d?s=96&#038;r=g&#038;d=mm","contentUrl":"\/\/www.gravatar.com\/avatar\/d8d45f8901aadff40a4af72c0b826f1d?s=96&#038;r=g&#038;d=mm","caption":"dorogimedence.hu"}}]}},"_links":{"self":[{"href":"https:\/\/dorogimedence.hu\/index.php\/wp-json\/wp\/v2\/posts\/81617","targetHints":{"allow":["GET"]}}],"collection":[{"href":"https:\/\/dorogimedence.hu\/index.php\/wp-json\/wp\/v2\/posts"}],"about":[{"href":"https:\/\/dorogimedence.hu\/index.php\/wp-json\/wp\/v2\/types\/post"}],"author":[{"embeddable":true,"href":"https:\/\/dorogimedence.hu\/index.php\/wp-json\/wp\/v2\/users\/1"}],"replies":[{"embeddable":true,"href":"https:\/\/dorogimedence.hu\/index.php\/wp-json\/wp\/v2\/comments?post=81617"}],"version-history":[{"count":1,"href":"https:\/\/dorogimedence.hu\/index.php\/wp-json\/wp\/v2\/posts\/81617\/revisions"}],"predecessor-version":[{"id":81620,"href":"https:\/\/dorogimedence.hu\/index.php\/wp-json\/wp\/v2\/posts\/81617\/revisions\/81620"}],"wp:featuredmedia":[{"embeddable":true,"href":"https:\/\/dorogimedence.hu\/index.php\/wp-json\/wp\/v2\/media\/81618"}],"wp:attachment":[{"href":"https:\/\/dorogimedence.hu\/index.php\/wp-json\/wp\/v2\/media?parent=81617"}],"wp:term":[{"taxonomy":"category","embeddable":true,"href":"https:\/\/dorogimedence.hu\/index.php\/wp-json\/wp\/v2\/categories?post=81617"},{"taxonomy":"post_tag","embeddable":true,"href":"https:\/\/dorogimedence.hu\/index.php\/wp-json\/wp\/v2\/tags?post=81617"}],"curies":[{"name":"wp","href":"https:\/\/api.w.org\/{rel}","templated":true}]}}