{"id":81593,"date":"2026-06-29T06:00:10","date_gmt":"2026-06-29T04:00:10","guid":{"rendered":"https:\/\/dorogimedence.hu\/?p=81593"},"modified":"2026-06-29T14:11:04","modified_gmt":"2026-06-29T12:11:04","slug":"albania-autoval-igy-hoditsd-meg-a-balkan-legszebb-tajait-tiranabol-indulva","status":"publish","type":"post","link":"https:\/\/dorogimedence.hu\/index.php\/2026\/06\/29\/albania-autoval-igy-hoditsd-meg-a-balkan-legszebb-tajait-tiranabol-indulva\/","title":{"rendered":"Alb\u00e1nia aut\u00f3val: \u00cdgy h\u00f3d\u00edtsd meg a Balk\u00e1n legszebb t\u00e1jait Tiran\u00e1b\u00f3l indulva"},"content":{"rendered":"<p>Alb\u00e1nia az elm\u00falt \u00e9vekben a magyar utaz\u00f3k egyik legkedveltebb titkos tippj\u00e9v\u00e9 n\u0151tte ki mag\u00e1t. Nem v\u00e9letlen\u00fcl: a fens\u00e9ges hegycs\u00facsok, az \u00e9rintetlen nemzeti parkok \u00e9s az \u00fagynevezett \u201eBalk\u00e1n-Mald\u00edv-szigetek\u201d (Ksamil) l\u00e9legzetel\u00e1ll\u00edt\u00f3 l\u00e1tv\u00e1nyt ny\u00fajtanak a turist\u00e1knak. R\u00e1ad\u00e1sul Budapestr\u0151l k\u00f6zvetlen fapados j\u00e1ratokkal alig m\u00e1sf\u00e9l \u00f3ra alatt el\u00e9rhet\u0151 a f\u0151v\u00e1ros, Tirana. Ahhoz azonban, hogy ezt az egzotikus \u00e9s soksz\u00edn\u0171 orsz\u00e1got igaz\u00e1n felfedezd, a t\u00f6megk\u00f6zleked\u00e9s vagy a szervezett buszos utak sajnos nem lesznek elegend\u0151ek.<\/p>\n<p>A sikeres \u00e9s z\u00f6kken\u0151mentes <a title=\"aut\u00f3b\u00e9rl\u00e9s Alb\u00e1ni\u00e1ban\" href=\"https:\/\/anyrentcars.com\/hu\/albania\/\" target=\"_blank\" rel=\"noopener\"><span style=\"text-decoration: underline; color: #0000ff;\">aut\u00f3b\u00e9rl\u00e9s Alb\u00e1ni\u00e1ban<\/span><\/a> a kulcs ahhoz, hogy a saj\u00e1t temp\u00f3dban, k\u00f6t\u00f6tts\u00e9gek n\u00e9lk\u00fcl j\u00e1rd be a vid\u00e9ket, \u00e9s eljuss azokra a helyekre is, amelyeket a hagyom\u00e1nyos turist\u00e1k soha nem l\u00e1thatnak. Ebb\u0151l a r\u00e9szletes \u00fatmutat\u00f3b\u00f3l megtudhatod, hogyan m\u0171k\u00f6dik a b\u00e9rl\u00e9s menete, mire kell mindenk\u00e9ppen figyelned a tiranai utakon, milyen rejtett k\u00f6lts\u00e9gek mer\u00fclhetnek fel, \u00e9s hogyan sp\u00f3rolhatsz a legt\u00f6bbet a folyamaton.<\/p>\n<h2>Mi\u00e9rt k\u00f6telez\u0151 az aut\u00f3 Alb\u00e1ni\u00e1ban? \u2013 \u00c9rdekess\u00e9gek \u00e9s t\u00e9nyek az orsz\u00e1gr\u00f3l<\/h2>\n<p>Sokan m\u00e9g mindig a 90-es \u00e9vek sztereot\u00edpi\u00e1ival azonos\u00edtj\u00e1k Alb\u00e1ni\u00e1t, \u00e9s azt gondolj\u00e1k, hogy a k\u00f6zleked\u00e9s vesz\u00e9lyes vagy elmaradott. A val\u00f3s\u00e1g ezzel szemben az, hogy a mai Alb\u00e1nia egy modern, rohamosan fejl\u0151d\u0151 orsz\u00e1g, ahol az infrastrukt\u00fara az elm\u00falt \u00e9vtizedben hatalmas v\u00e1ltoz\u00e1sokon ment kereszt\u00fcl. Az aut\u00f3p\u00e1ly\u00e1k \u00e9s a f\u0151utak min\u0151s\u00e9ge a legt\u00f6bb helyen kiv\u00e1l\u00f3, a t\u00e1jk\u00e9p pedig egyszer\u0171en leny\u0171g\u00f6z\u0151.<\/p>\n<ul>\n<li><strong>A bunkerek orsz\u00e1ga:<\/strong> Alb\u00e1ni\u00e1ban a kommunista diktat\u00fara alatt t\u00f6bb mint 170 000 bunkert \u00e9p\u00edtettek fel orsz\u00e1gszerte, mert a vezet\u00e9s k\u00fcls\u0151 t\u00e1mad\u00e1st\u00f3l tartott. Ma ezek k\u00f6z\u00fcl sokat rakt\u00e1rnak, k\u00e1v\u00e9z\u00f3nak, m\u00fazeumnak vagy \u00e9ppen tetov\u00e1l\u00f3szalonnak haszn\u00e1lnak. Aut\u00f3z\u00e1s k\u00f6zben l\u00e9pten-nyomon tal\u00e1lkozhatsz vel\u00fck a tengerparton, a hegyekben \u00e9s az utak ment\u00e9n is, ami eg\u00e9szen egyedi hangulatot ad az utaz\u00e1snak.<\/li>\n<li><strong>A Mercedes-kultusz:<\/strong> Ha bel\u00e9psz az orsz\u00e1gba, azonnal fel fog t\u0171nni, hogy rengeteg Mercedes-Benz fut az utakon. Ez egy \u00e9rdekes kultur\u00e1lis saj\u00e1toss\u00e1g: a kommunizmus buk\u00e1sa ut\u00e1n az alb\u00e1nok sz\u00e1m\u00e1ra ez a m\u00e1rka v\u00e1lt a szabads\u00e1g, a gazdags\u00e1g \u00e9s a megb\u00edzhat\u00f3s\u00e1g v\u00e9gs\u0151 szimb\u00f3lum\u00e1v\u00e1. B\u00e1r ma m\u00e1r mindenf\u00e9le modern aut\u00f3t l\u00e1tni, a helyiek rajong\u00e1sa a t\u00edpus ir\u00e1nt tov\u00e1bbra is j\u00f3l \u00e9rezhet\u0151.<\/li>\n<li><strong>A szabads\u00e1g \u00e1ra:<\/strong> B\u00e1r a v\u00e1rosok k\u00f6z\u00f6tt l\u00e9tezik egyfajta buszh\u00e1l\u00f3zat (ezeket a helyiek furgonnak nevezik), menetrendj\u00fck teljesen kisz\u00e1m\u00edthatatlan, gyakran csak akkor indulnak el, ha megtelnek utasokkal. A legszebb rejtett \u00f6bl\u00f6kh\u00f6z, a Llogara-h\u00e1g\u00f3 l\u00e9legzetel\u00e1ll\u00edt\u00f3 panor\u00e1ma\u00fatjaira vagy a nemzeti parkok m\u00e9ly\u00e9re a t\u00f6megk\u00f6zleked\u00e9s egy\u00e1ltal\u00e1n nem juttat el. Ha l\u00e1tni akarod a h\u00edres \u201eK\u00e9k Szem\u201d (Syri i Kalt\u00ebr) forr\u00e1st vagy Gjirokastra \u00e9s Berat t\u00f6rt\u00e9nelmi k\u0151v\u00e1rosait, a saj\u00e1t aut\u00f3 egyszer\u0171en elengedhetetlen.<\/li>\n<\/ul>\n<p>A magyar utaz\u00f3k sz\u00e1m\u00e1ra j\u00f3 h\u00edr, hogy a sima, k\u00e1rtya form\u00e1tum\u00fa nemzeti jogos\u00edtv\u00e1nyokat Alb\u00e1nia hivatalosan elfogadja a k\u00e9toldal\u00fa egyezm\u00e9nyek alapj\u00e1n. \u00cdgy nem kell k\u00fcl\u00f6n nemzetk\u00f6zi jogos\u00edtv\u00e1nyt kiv\u00e1ltanod az okm\u00e1nyirod\u00e1ban, ha turista c\u00e9lb\u00f3l \u00e9rkezel az orsz\u00e1gba \u00e9s aut\u00f3t szeretn\u00e9l vezetni.<\/p>\n<h2>Aut\u00f3b\u00e9rl\u00e9s Tiran\u00e1ban: Tippek a rep\u00fcl\u0151t\u00e9ri \u00e9s v\u00e1rosi \u00e1tv\u00e9telhez<\/h2>\n<p>A legt\u00f6bb magyar utaz\u00f3 a tiranai Ter\u00e9z anya nemzetk\u00f6zi rep\u00fcl\u0151t\u00e9rre (TIA) \u00e9rkezik meg. Ez a legpraktikusabb \u00e9s legn\u00e9pszer\u0171bb helysz\u00edn a g\u00e9pj\u00e1rm\u0171 \u00e1tv\u00e9tel\u00e9re \u00e9s lead\u00e1s\u00e1ra is, hiszen a rep\u00fcl\u00e9s ut\u00e1n azonnal vol\u00e1n m\u00f6g\u00e9 \u00fclhetsz. Az <a title=\"aut\u00f3b\u00e9rl\u00e9s Tiran\u00e1ban\" href=\"https:\/\/anyrentcars.com\/hu\/albania\/tirana\/\" target=\"_blank\" rel=\"noopener\"><span style=\"text-decoration: underline; color: #0000ff;\">aut\u00f3b\u00e9rl\u00e9s Tiran\u00e1ban<\/span><\/a> rendk\u00edv\u00fcl rugalmas ipar\u00e1gg\u00e1 n\u0151tte ki mag\u00e1t: a rep\u00fcl\u0151t\u00e9r termin\u00e1lj\u00e1ban \u00e9s annak k\u00f6zvetlen k\u00f6rnyezet\u00e9ben sz\u00e1mos szolg\u00e1ltat\u00f3 irod\u00e1j\u00e1t egyar\u00e1nt megtal\u00e1lod.<\/p>\n<p>A v\u00e1laszt\u00e1s sor\u00e1n azonban \u00e9rdemes tiszt\u00e1ban lenni n\u00e9h\u00e1ny fontos szab\u00e1llyal:<\/p>\n<ul>\n<li><strong>A kauci\u00f3 k\u00e9rd\u00e9se:<\/strong> Sok iroda magas hitelk\u00e1rty\u00e1s fedezetet (let\u00e9tet) k\u00e9r a b\u00e9rl\u00e9s megkezd\u00e9sekor. Ez az \u00f6sszeg gyakran 500 \u00e9s 1500 eur\u00f3 k\u00f6z\u00f6tt mozog, amit z\u00e1rolnak a k\u00e1rty\u00e1don. Fontos, hogy sok helyen nem fogadj\u00e1k el a sima bet\u00e9ti k\u00e1rty\u00e1t (debit card), kiz\u00e1r\u00f3lag a val\u00f3di hitelk\u00e1rty\u00e1t (credit card), amelyen a neved dombornyomott form\u00e1ban szerepel.<\/li>\n<li><strong>A felt\u00e9telek rugalmass\u00e1ga:<\/strong> \u00c9rdemes olyan partnert keresni, ahol rugalmasabbak a felt\u00e9telek, \u00e9s hitelk\u00e1rtya n\u00e9lk\u00fcl, sima bet\u00e9ti k\u00e1rty\u00e1val vagy alacsonyabb kauci\u00f3val is megoldhat\u00f3 a b\u00e9rl\u00e9s folyamata.<\/li>\n<li><strong>F\u0151szezoni szezonalit\u00e1s:<\/strong> J\u00faliusban \u00e9s augusztusban az Alb\u00e1n Rivi\u00e9r\u00e1ra \u00e1raml\u00f3 turist\u00e1k miatt a kereslet az egekbe sz\u00f6kik. Ha a ny\u00e1ri h\u00f3napokra tervezed az utaz\u00e1st, legal\u00e1bb 1-2 h\u00f3nappal el\u0151re foglald le a j\u00e1rm\u0171vet az interneten. Ha az utols\u00f3 pillanatra hagyod, nemcsak az \u00e1rak fognak megdupl\u00e1z\u00f3dni, hanem el\u0151fordulhat, hogy alig marad szabad aut\u00f3 a flott\u00e1kban.<\/li>\n<\/ul>\n<h2>Az alb\u00e1n k\u00f6zleked\u00e9si kult\u00fara: Hogyan \u00e9ld t\u00fal a tiranai forgalmat?<\/h2>\n<p>Ha Budapesten, a Balaton k\u00f6rny\u00e9k\u00e9n vagy a nyugat-eur\u00f3pai aut\u00f3p\u00e1ly\u00e1kon szocializ\u00e1l\u00f3dt\u00e1l, a tiranai forgalom \u00e9s a helyi vezet\u00e9si st\u00edlus els\u0151re kaotikusnak, s\u0151t ijeszt\u0151nek t\u0171nhet. Az alb\u00e1n sof\u0151r\u00f6k rendk\u00edv\u00fcl temperamentumosak, a dud\u00e1t nem felt\u00e9tlen\u00fcl agresszi\u00f3b\u00f3l haszn\u00e1lj\u00e1k, hanem jelz\u00e9sk\u00e9ppen: \u201eitt vagyok, j\u00f6v\u00f6k\u201d.<\/p>\n<p>A biztons\u00e1gos \u00e9s stresszmentes aut\u00f3z\u00e1shoz \u00e9rdemes megfogadni az al\u00e1bbi tan\u00e1csokat:<\/p>\n<ol>\n<li><strong>A tiranai k\u00f6rforgalmak saj\u00e1tos szab\u00e1lyai:<\/strong> B\u00e1r a KRESZ szerint a k\u00f6rforgalomban l\u00e9v\u0151 aut\u00f3nak van els\u0151bbs\u00e9ge, a val\u00f3s\u00e1gban Tirana nagy \u00e9s forgalmas k\u00f6rforgalmaiban az a szab\u00e1ly \u00e9rv\u00e9nyes\u00fcl, hogy annak van els\u0151bbs\u00e9ge, aki b\u00e1trabban vagy \u00fcgyesebben hajt be. Ne ess p\u00e1nikba! L\u00e9gy hat\u00e1rozott, folyamatosan figyeld a t\u00f6bbi aut\u00f3t, haszn\u00e1lj szemkontaktust, \u00e9s haladj a forgalom term\u00e9szetes ritmus\u00e1val.<\/li>\n<li><strong>Az utak min\u0151s\u00e9ge a k\u00fcl\u00f6nb\u00f6z\u0151 r\u00e9gi\u00f3kban:<\/strong> A Tirana \u00e9s Durr\u00ebs k\u00f6z\u00f6tti szakasz, valamint a Vlora fel\u00e9 vezet\u0151 aut\u00f3p\u00e1ly\u00e1k teljesen modernek, sim\u00e1k \u00e9s j\u00f3l kit\u00e1bl\u00e1zottak. Viszont ha a sz\u00e1razf\u00f6ld belseje vagy az \u00e9szaki hegyek (p\u00e9ld\u00e1ul Theth vagy Valbona) fel\u00e9 indulsz, sz\u0171k szerpentinekre, hirtelen kanyarokra, \u00fathib\u00e1kra, valamint az \u00fattesten s\u00e9t\u00e1l\u00f3 kecskeny\u00e1jakra vagy tehenekre kell sz\u00e1m\u00edtanod.<\/li>\n<li><strong>A rend\u0151ri jelenl\u00e9t:<\/strong> Az alb\u00e1n utakon nagyon sok a rend\u0151ri ellen\u0151rz\u00e9s. A k\u00fclf\u00f6ldi rendsz\u00e1m\u00fa aut\u00f3kat \u00e1ltal\u00e1ban nem zaklatj\u00e1k ok n\u00e9lk\u00fcl, de a sebess\u00e9ghat\u00e1rok betart\u00e1s\u00e1t \u00e9s a biztons\u00e1gi \u00f6v haszn\u00e1lat\u00e1t szigor\u00faan ellen\u0151rzik. Ha leintenek, maradj udvarias \u00e9s nyugodt.<\/li>\n<li><strong>A biztos\u00edt\u00e1s fontoss\u00e1ga:<\/strong> Alb\u00e1ni\u00e1ban kifejezetten aj\u00e1nlott a teljes k\u00f6r\u0171, \u00f6nr\u00e9sz n\u00e9lk\u00fcli (Full Kaszk\u00f3 \/ SCDW) biztos\u00edt\u00e1s megk\u00f6t\u00e9se az aut\u00f3ra. A sz\u0171k parkol\u00f3helyek \u00e9s a zs\u00fafolt tiranai utc\u00e1k miatt az apr\u00f3bb karcol\u00e1sok mindennaposak, \u00edgy a teljes biztos\u00edt\u00e1ssal teljesen nyugodtan utazhatsz.<\/li>\n<\/ol>\n<h2>AnyRentCars \u2013 A megb\u00edzhat\u00f3 \u00e9s modern partner a balk\u00e1ni roadtriphez<\/h2>\n<p>Amikor k\u00fclf\u00f6ld\u00f6n b\u00e9rel\u00fcnk aut\u00f3t, a legnagyobb f\u00e9lelm\u00fcnk mindig az, hogy valamilyen rejtett k\u00f6lts\u00e9ggel, ut\u00f3lagos levon\u00e1sokkal vagy tisztess\u00e9gtelen felt\u00e9telekkel tal\u00e1lkozunk az \u00e1tv\u00e9tel sor\u00e1n. Ha szeretn\u00e9d elker\u00fclni a bonyolult adminisztr\u00e1ci\u00f3t, a nyelvi akad\u00e1lyokat \u00e9s a bizonytalans\u00e1got, \u00e9rdemes egy olyan modern online platformot v\u00e1lasztani, amely k\u00f6zvet\u00edt a megb\u00edzhat\u00f3 helyi szolg\u00e1ltat\u00f3k \u00e9s az utaz\u00f3k k\u00f6z\u00f6tt. Az <span style=\"text-decoration: underline; color: #0000ff;\"><a style=\"color: #0000ff; text-decoration: underline;\" title=\"AnyRentCars\" href=\"https:\/\/anyrentcars.com\/hu\/\" target=\"_blank\" rel=\"noopener\">AnyRentCars<\/a><\/span> pontosan ebben ny\u00fajt professzion\u00e1lis seg\u00edts\u00e9get a magyar utaz\u00f3knak.<\/p>\n<p>A platform haszn\u00e1lata sz\u00e1mos olyan el\u0151nnyel j\u00e1r, amely megk\u00f6nny\u00edti a nyaral\u00e1st \u00e9s biztons\u00e1goss\u00e1 teszi a foglal\u00e1si folyamatot:<\/p>\n<ul>\n<li><strong>Teljesen \u00e1tl\u00e1that\u00f3 \u00e1rak:<\/strong> A fel\u00fcleten nincsenek apr\u00f3 bet\u0171s r\u00e9szek vagy rejtett k\u00f6lts\u00e9gek. Pontosan l\u00e1tod, hogy a megadott napi \u00e1r mit tartalmaz (biztos\u00edt\u00e1si csomagok, helyi ad\u00f3k, rep\u00fcl\u0151t\u00e9ri illet\u00e9kek), \u00edgy nem \u00e9rhet meglepet\u00e9s az irod\u00e1ban.<\/li>\n<li><strong>Rugalmas fizet\u00e9si \u00e9s k\u00e1rtyafelt\u00e9telek:<\/strong> A k\u00edn\u00e1latban sz\u00e1mos olyan aut\u00f3t tal\u00e1lhatsz, amelyek foglal\u00e1s\u00e1hoz \u00e9s \u00e1tv\u00e9tel\u00e9hez nem sz\u00fcks\u00e9ges hitelk\u00e1rtya, \u00e9s a let\u00e9t (kauci\u00f3) \u00f6sszege is minim\u00e1lis, vagy ak\u00e1r teljesen el is hagyhat\u00f3 bizonyos biztos\u00edt\u00e1si konstrukci\u00f3k v\u00e1laszt\u00e1sa eset\u00e9n.<\/li>\n<li><strong>Val\u00f3s aut\u00f3garancia:<\/strong> Sok nagy nemzetk\u00f6zi k\u00f6zvet\u00edt\u0151 oldallal szemben, ahol csak aut\u00f3kateg\u00f3ri\u00e1t foglalhatsz, itt konkr\u00e9tan azt a j\u00e1rm\u0171vet fogod kapni, amelyet a fot\u00f3kon kiv\u00e1lasztott\u00e1l, azonos felszerelts\u00e9ggel \u00e9s m\u0171szaki \u00e1llapottal.<\/li>\n<li><strong>Gyors \u00e9s megb\u00edzhat\u00f3 \u00fcgyf\u00e9lszolg\u00e1lat:<\/strong> Az utaz\u00e1s el\u0151tt \u00e9s alatt is biztos\u00edtott a folyamatos kommunik\u00e1ci\u00f3. Ha b\u00e1rmilyen k\u00e9rd\u00e9sed ad\u00f3dna az alb\u00e1n utakon, baleset \u00e9rne vagy elakadn\u00e1l, nem maradsz egyed\u00fcl a probl\u00e9m\u00e1ddal.<\/li>\n<\/ul>\n<p>Amikor aut\u00f3t v\u00e1lasztasz a platformon, mindenk\u00e9ppen vedd figyelembe a tervezett \u00fatvonalat is. Ha a tengerparti h\u00e1g\u00f3kat (p\u00e9ld\u00e1ul a tengerszint felett t\u00f6bb mint 1000 m\u00e9ter magasan fekv\u0151, meredek Llogara-h\u00e1g\u00f3t) vagy a hegyvid\u00e9ki bels\u0151 ter\u00fcleteket is megc\u00e9lozod, \u00e9rdemes egy kicsit er\u0151sebb motorral szerelt vagy automata v\u00e1lt\u00f3s aut\u00f3t v\u00e1lasztani. Ez jelent\u0151sen n\u00f6veli a vezet\u00e9si komfortot \u00e9s a biztons\u00e1g\u00e9rzetet a meredek emelked\u0151k\u00f6n \u00e9s a szerpentineken.<\/p>\n<h2>\u00d6sszegz\u00e9s \u00e9s egy ide\u00e1lis \u00fatiterv-\u00f6tlet magyar utaz\u00f3knak<\/h2>\n<p>Alb\u00e1nia felfedez\u00e9se n\u00e9gy ker\u00e9ken egy \u00e9letre sz\u00f3l\u00f3, felejthetetlen \u00e9lm\u00e9nyt ny\u00fajt. Egy klasszikus, 7 napos aut\u00f3s \u00fatvonal a magyarok sz\u00e1m\u00e1ra p\u00e9ld\u00e1ul \u00edgy n\u00e9zhet ki:Vedd \u00e1t az aut\u00f3t k\u00f6zvetlen\u00fcl a tiranai rep\u00fcl\u0151t\u00e9ren, majd t\u00f6lts el egy d\u00e9lut\u00e1nt \u00e9s egy est\u00e9t a vibr\u00e1l\u00f3, modern f\u0151v\u00e1rosban. \u00c9rdemes ell\u00e1togatni a sz\u00ednes Blloku negyedbe, amely a v\u00e1ros legmen\u0151bb k\u00e1v\u00e9z\u00f3inak, \u00e9ttermeinek \u00e9s \u00e9jszakai \u00e9let\u00e9nek a k\u00f6zpontja.<\/p>\n<p>M\u00e1snap indulj el d\u00e9l fel\u00e9: ejtsd \u00fatba Durr\u00ebs tengerpartj\u00e1t, majd haladj tov\u00e1bb Vlora ir\u00e1ny\u00e1ba. Innen kezd\u0151dik az orsz\u00e1g legszebb panor\u00e1ma\u00fatja, amely a Llogara-h\u00e1g\u00f3n kereszt\u00fcl vezet le az Alb\u00e1n Rivi\u00e9r\u00e1ra. T\u00f6lts el n\u00e9h\u00e1ny napot Saranda \u00e9s Ksamil csod\u00e1latos, krist\u00e1lytiszta viz\u0171 strandjain, ahonnan ak\u00e1r Korfu sziget\u00e9re is \u00e1tl\u00e1thatsz. Visszafel\u00e9 a sz\u00e1razf\u00f6ld belsej\u00e9ben haladj, \u00e9s mindenk\u00e9ppen l\u00e1togasd meg Gjirokastra \u00e9s Berat UNESCO vil\u00e1g\u00f6r\u00f6ks\u00e9gi v\u00e9delmet \u00e9lvez\u0151 t\u00f6rt\u00e9nelmi k\u0151v\u00e1rosait, ahol az oszm\u00e1n kori \u00e9p\u00edt\u00e9szet var\u00e1zsa szippant mag\u00e1val.<\/p>\n<p>A b\u00e9relt aut\u00f3 \u00e1ltal ny\u00fajtott teljes szabads\u00e1ggal olyan eldugott, turist\u00e1kt\u00f3l mentes \u00f6bl\u00f6ket, eldugott hegyi falvakat \u00e9s autentikus csal\u00e1di \u00e9ttermeket fedezhetsz fel, amelyekr\u0151l a menetrend szerinti buszokkal vagy szervezett csoportokkal utaz\u00f3k nem is \u00e1lmodhatnak. K\u00e9sz\u00fclj fel a kalandra, foglalj id\u0151ben, \u00e9s \u00e9lvezd a Balk\u00e1n vend\u00e9gszeretet\u00e9t!<\/p>\n","protected":false},"excerpt":{"rendered":"<p>Alb\u00e1nia az elm\u00falt \u00e9vekben a magyar utaz\u00f3k egyik legkedveltebb titkos tippj\u00e9v\u00e9 n\u0151tte ki mag\u00e1t. Nem v\u00e9letlen\u00fcl: a fens\u00e9ges hegycs\u00facsok, az \u00e9rintetlen nemzeti parkok \u00e9s az \u00fagynevezett \u201eBalk\u00e1n-Mald\u00edv-szigetek\u201d (Ksamil) l\u00e9legzetel\u00e1ll\u00edt\u00f3 l\u00e1tv\u00e1nyt ny\u00fajtanak a turist\u00e1knak. R\u00e1ad\u00e1sul Budapestr\u0151l k\u00f6zvetlen fapados j\u00e1ratokkal alig m\u00e1sf\u00e9l \u00f3ra alatt el\u00e9rhet\u0151 a f\u0151v\u00e1ros, Tirana. Ahhoz azonban, hogy ezt az egzotikus \u00e9s soksz\u00edn\u0171 orsz\u00e1got<\/p>\n","protected":false},"author":1,"featured_media":81594,"comment_status":"closed","ping_status":"closed","sticky":false,"template":"","format":"standard","meta":{"ngg_post_thumbnail":0,"footnotes":""},"categories":[3],"tags":[8954,8953],"class_list":["post-81593","post","type-post","status-publish","format-standard","has-post-thumbnail","category-hirek","tag-albania","tag-autoberles"],"yoast_head":"<!-- This site is optimized with the Yoast SEO plugin v28.3 - https:\/\/yoast.com\/product\/yoast-seo-wordpress\/ -->\n<title>Alb\u00e1nia aut\u00f3val: \u00cdgy h\u00f3d\u00edtsd meg a Balk\u00e1n legszebb t\u00e1jait Tiran\u00e1b\u00f3l indulva<\/title>\n<meta name=\"robots\" content=\"index, follow, max-snippet:-1, max-image-preview:large, max-video-preview:-1\" \/>\n<link rel=\"canonical\" href=\"https:\/\/dorogimedence.hu\/index.php\/2026\/06\/29\/albania-autoval-igy-hoditsd-meg-a-balkan-legszebb-tajait-tiranabol-indulva\/\" class=\"yoast-seo-meta-tag\" \/>\n<meta property=\"og:locale\" content=\"hu_HU\" class=\"yoast-seo-meta-tag\" \/>\n<meta property=\"og:type\" content=\"article\" class=\"yoast-seo-meta-tag\" \/>\n<meta property=\"og:title\" content=\"Alb\u00e1nia aut\u00f3val: \u00cdgy h\u00f3d\u00edtsd meg a Balk\u00e1n legszebb t\u00e1jait Tiran\u00e1b\u00f3l indulva\" class=\"yoast-seo-meta-tag\" \/>\n<meta property=\"og:description\" content=\"Alb\u00e1nia az elm\u00falt \u00e9vekben a magyar utaz\u00f3k egyik legkedveltebb titkos tippj\u00e9v\u00e9 n\u0151tte ki mag\u00e1t. Nem v\u00e9letlen\u00fcl: a fens\u00e9ges hegycs\u00facsok, az \u00e9rintetlen nemzeti parkok \u00e9s az \u00fagynevezett \u201eBalk\u00e1n-Mald\u00edv-szigetek\u201d (Ksamil) l\u00e9legzetel\u00e1ll\u00edt\u00f3 l\u00e1tv\u00e1nyt ny\u00fajtanak a turist\u00e1knak. R\u00e1ad\u00e1sul Budapestr\u0151l k\u00f6zvetlen fapados j\u00e1ratokkal alig m\u00e1sf\u00e9l \u00f3ra alatt el\u00e9rhet\u0151 a f\u0151v\u00e1ros, Tirana. Ahhoz azonban, hogy ezt az egzotikus \u00e9s soksz\u00edn\u0171 orsz\u00e1got\" class=\"yoast-seo-meta-tag\" \/>\n<meta property=\"og:url\" content=\"https:\/\/dorogimedence.hu\/index.php\/2026\/06\/29\/albania-autoval-igy-hoditsd-meg-a-balkan-legszebb-tajait-tiranabol-indulva\/\" class=\"yoast-seo-meta-tag\" \/>\n<meta property=\"og:site_name\" content=\"Dorogi-medence Region\u00e1lis H\u00edrport\u00e1l\" class=\"yoast-seo-meta-tag\" \/>\n<meta property=\"article:publisher\" content=\"https:\/\/www.facebook.com\/dorogimedence\/\" class=\"yoast-seo-meta-tag\" \/>\n<meta property=\"article:published_time\" content=\"2026-06-29T04:00:10+00:00\" class=\"yoast-seo-meta-tag\" \/>\n<meta property=\"article:modified_time\" content=\"2026-06-29T12:11:04+00:00\" class=\"yoast-seo-meta-tag\" \/>\n<meta property=\"og:image\" content=\"https:\/\/dorogimedence.hu\/wp-content\/uploads\/2026\/06\/real_4748d1b6-fe51-4ddb-b41d-8e37d09acc6c.jpeg\" class=\"yoast-seo-meta-tag\" \/>\n\t<meta property=\"og:image:width\" content=\"1760\" class=\"yoast-seo-meta-tag\" \/>\n\t<meta property=\"og:image:height\" content=\"996\" class=\"yoast-seo-meta-tag\" \/>\n\t<meta property=\"og:image:type\" content=\"image\/jpeg\" class=\"yoast-seo-meta-tag\" \/>\n<meta name=\"author\" content=\"dorogimedence.hu\" class=\"yoast-seo-meta-tag\" \/>\n<meta name=\"twitter:card\" content=\"summary_large_image\" class=\"yoast-seo-meta-tag\" \/>\n<meta name=\"twitter:label1\" content=\"Szerz\u0151:\" class=\"yoast-seo-meta-tag\" \/>\n\t<meta name=\"twitter:data1\" content=\"dorogimedence.hu\" class=\"yoast-seo-meta-tag\" \/>\n\t<meta name=\"twitter:label2\" content=\"Becs\u00fclt olvas\u00e1si id\u0151\" class=\"yoast-seo-meta-tag\" \/>\n\t<meta name=\"twitter:data2\" content=\"10 perc\" class=\"yoast-seo-meta-tag\" \/>\n<script type=\"application\/ld+json\" class=\"yoast-schema-graph\">{\"@context\":\"https:\\\/\\\/schema.org\",\"@graph\":[{\"@type\":\"Article\",\"@id\":\"https:\\\/\\\/dorogimedence.hu\\\/index.php\\\/2026\\\/06\\\/29\\\/albania-autoval-igy-hoditsd-meg-a-balkan-legszebb-tajait-tiranabol-indulva\\\/#article\",\"isPartOf\":{\"@id\":\"https:\\\/\\\/dorogimedence.hu\\\/index.php\\\/2026\\\/06\\\/29\\\/albania-autoval-igy-hoditsd-meg-a-balkan-legszebb-tajait-tiranabol-indulva\\\/\"},\"author\":{\"name\":\"dorogimedence.hu\",\"@id\":\"https:\\\/\\\/dorogimedence.hu\\\/#\\\/schema\\\/person\\\/ce6091eeb7e95ecdc87890d6aa8e0fd4\"},\"headline\":\"Alb\u00e1nia aut\u00f3val: \u00cdgy h\u00f3d\u00edtsd meg a Balk\u00e1n legszebb t\u00e1jait Tiran\u00e1b\u00f3l indulva\",\"datePublished\":\"2026-06-29T04:00:10+00:00\",\"dateModified\":\"2026-06-29T12:11:04+00:00\",\"mainEntityOfPage\":{\"@id\":\"https:\\\/\\\/dorogimedence.hu\\\/index.php\\\/2026\\\/06\\\/29\\\/albania-autoval-igy-hoditsd-meg-a-balkan-legszebb-tajait-tiranabol-indulva\\\/\"},\"wordCount\":2062,\"publisher\":{\"@id\":\"https:\\\/\\\/dorogimedence.hu\\\/#organization\"},\"image\":{\"@id\":\"https:\\\/\\\/dorogimedence.hu\\\/index.php\\\/2026\\\/06\\\/29\\\/albania-autoval-igy-hoditsd-meg-a-balkan-legszebb-tajait-tiranabol-indulva\\\/#primaryimage\"},\"thumbnailUrl\":\"https:\\\/\\\/dorogimedence.hu\\\/wp-content\\\/uploads\\\/2026\\\/06\\\/real_4748d1b6-fe51-4ddb-b41d-8e37d09acc6c.jpeg\",\"keywords\":[\"Alb\u00e1nia\",\"aut\u00f3b\u00e9rl\u00e9s\"],\"articleSection\":[\"H\u00edrek\"],\"inLanguage\":\"hu\"},{\"@type\":\"WebPage\",\"@id\":\"https:\\\/\\\/dorogimedence.hu\\\/index.php\\\/2026\\\/06\\\/29\\\/albania-autoval-igy-hoditsd-meg-a-balkan-legszebb-tajait-tiranabol-indulva\\\/\",\"url\":\"https:\\\/\\\/dorogimedence.hu\\\/index.php\\\/2026\\\/06\\\/29\\\/albania-autoval-igy-hoditsd-meg-a-balkan-legszebb-tajait-tiranabol-indulva\\\/\",\"name\":\"Alb\u00e1nia aut\u00f3val: \u00cdgy h\u00f3d\u00edtsd meg a Balk\u00e1n legszebb t\u00e1jait Tiran\u00e1b\u00f3l indulva\",\"isPartOf\":{\"@id\":\"https:\\\/\\\/dorogimedence.hu\\\/#website\"},\"primaryImageOfPage\":{\"@id\":\"https:\\\/\\\/dorogimedence.hu\\\/index.php\\\/2026\\\/06\\\/29\\\/albania-autoval-igy-hoditsd-meg-a-balkan-legszebb-tajait-tiranabol-indulva\\\/#primaryimage\"},\"image\":{\"@id\":\"https:\\\/\\\/dorogimedence.hu\\\/index.php\\\/2026\\\/06\\\/29\\\/albania-autoval-igy-hoditsd-meg-a-balkan-legszebb-tajait-tiranabol-indulva\\\/#primaryimage\"},\"thumbnailUrl\":\"https:\\\/\\\/dorogimedence.hu\\\/wp-content\\\/uploads\\\/2026\\\/06\\\/real_4748d1b6-fe51-4ddb-b41d-8e37d09acc6c.jpeg\",\"datePublished\":\"2026-06-29T04:00:10+00:00\",\"dateModified\":\"2026-06-29T12:11:04+00:00\",\"breadcrumb\":{\"@id\":\"https:\\\/\\\/dorogimedence.hu\\\/index.php\\\/2026\\\/06\\\/29\\\/albania-autoval-igy-hoditsd-meg-a-balkan-legszebb-tajait-tiranabol-indulva\\\/#breadcrumb\"},\"inLanguage\":\"hu\",\"potentialAction\":[{\"@type\":\"ReadAction\",\"target\":[\"https:\\\/\\\/dorogimedence.hu\\\/index.php\\\/2026\\\/06\\\/29\\\/albania-autoval-igy-hoditsd-meg-a-balkan-legszebb-tajait-tiranabol-indulva\\\/\"]}]},{\"@type\":\"ImageObject\",\"inLanguage\":\"hu\",\"@id\":\"https:\\\/\\\/dorogimedence.hu\\\/index.php\\\/2026\\\/06\\\/29\\\/albania-autoval-igy-hoditsd-meg-a-balkan-legszebb-tajait-tiranabol-indulva\\\/#primaryimage\",\"url\":\"https:\\\/\\\/dorogimedence.hu\\\/wp-content\\\/uploads\\\/2026\\\/06\\\/real_4748d1b6-fe51-4ddb-b41d-8e37d09acc6c.jpeg\",\"contentUrl\":\"https:\\\/\\\/dorogimedence.hu\\\/wp-content\\\/uploads\\\/2026\\\/06\\\/real_4748d1b6-fe51-4ddb-b41d-8e37d09acc6c.jpeg\",\"width\":1760,\"height\":996},{\"@type\":\"BreadcrumbList\",\"@id\":\"https:\\\/\\\/dorogimedence.hu\\\/index.php\\\/2026\\\/06\\\/29\\\/albania-autoval-igy-hoditsd-meg-a-balkan-legszebb-tajait-tiranabol-indulva\\\/#breadcrumb\",\"itemListElement\":[{\"@type\":\"ListItem\",\"position\":1,\"name\":\"Kezd\u0151lap\",\"item\":\"https:\\\/\\\/dorogimedence.hu\\\/\"},{\"@type\":\"ListItem\",\"position\":2,\"name\":\"Alb\u00e1nia aut\u00f3val: \u00cdgy h\u00f3d\u00edtsd meg a Balk\u00e1n legszebb t\u00e1jait Tiran\u00e1b\u00f3l indulva\"}]},{\"@type\":\"WebSite\",\"@id\":\"https:\\\/\\\/dorogimedence.hu\\\/#website\",\"url\":\"https:\\\/\\\/dorogimedence.hu\\\/\",\"name\":\"Dorogi-medence Region\u00e1lis H\u00edrport\u00e1l\",\"description\":\"Dorog, Keszt\u00f6lc, Le\u00e1nyv\u00e1r, Piliscs\u00e9v, Tokod, Tokodalt\u00e1r\u00f3, Csolnok, Esztergom-kertv\u00e1ros: h\u00edrek, programok\",\"publisher\":{\"@id\":\"https:\\\/\\\/dorogimedence.hu\\\/#organization\"},\"potentialAction\":[{\"@type\":\"SearchAction\",\"target\":{\"@type\":\"EntryPoint\",\"urlTemplate\":\"https:\\\/\\\/dorogimedence.hu\\\/?s={search_term_string}\"},\"query-input\":{\"@type\":\"PropertyValueSpecification\",\"valueRequired\":true,\"valueName\":\"search_term_string\"}}],\"inLanguage\":\"hu\"},{\"@type\":\"Organization\",\"@id\":\"https:\\\/\\\/dorogimedence.hu\\\/#organization\",\"name\":\"Dorogi-medence Region\u00e1lis H\u00edrport\u00e1l\",\"url\":\"https:\\\/\\\/dorogimedence.hu\\\/\",\"logo\":{\"@type\":\"ImageObject\",\"inLanguage\":\"hu\",\"@id\":\"https:\\\/\\\/dorogimedence.hu\\\/#\\\/schema\\\/logo\\\/image\\\/\",\"url\":\"https:\\\/\\\/dorogimedence.hu\\\/wp-content\\\/uploads\\\/2021\\\/04\\\/logo-feher-600.png\",\"contentUrl\":\"https:\\\/\\\/dorogimedence.hu\\\/wp-content\\\/uploads\\\/2021\\\/04\\\/logo-feher-600.png\",\"width\":600,\"height\":100,\"caption\":\"Dorogi-medence Region\u00e1lis H\u00edrport\u00e1l\"},\"image\":{\"@id\":\"https:\\\/\\\/dorogimedence.hu\\\/#\\\/schema\\\/logo\\\/image\\\/\"},\"sameAs\":[\"https:\\\/\\\/www.facebook.com\\\/dorogimedence\\\/\"]},{\"@type\":\"Person\",\"@id\":\"https:\\\/\\\/dorogimedence.hu\\\/#\\\/schema\\\/person\\\/ce6091eeb7e95ecdc87890d6aa8e0fd4\",\"name\":\"dorogimedence.hu\",\"image\":{\"@type\":\"ImageObject\",\"inLanguage\":\"hu\",\"@id\":\"\\\/\\\/www.gravatar.com\\\/avatar\\\/d8d45f8901aadff40a4af72c0b826f1d?s=96&#038;r=g&#038;d=mm\",\"url\":\"\\\/\\\/www.gravatar.com\\\/avatar\\\/d8d45f8901aadff40a4af72c0b826f1d?s=96&#038;r=g&#038;d=mm\",\"contentUrl\":\"\\\/\\\/www.gravatar.com\\\/avatar\\\/d8d45f8901aadff40a4af72c0b826f1d?s=96&#038;r=g&#038;d=mm\",\"caption\":\"dorogimedence.hu\"}}]}<\/script>\n<!-- \/ Yoast SEO plugin. -->","yoast_head_json":{"title":"Alb\u00e1nia aut\u00f3val: \u00cdgy h\u00f3d\u00edtsd meg a Balk\u00e1n legszebb t\u00e1jait Tiran\u00e1b\u00f3l indulva","robots":{"index":"index","follow":"follow","max-snippet":"max-snippet:-1","max-image-preview":"max-image-preview:large","max-video-preview":"max-video-preview:-1"},"canonical":"https:\/\/dorogimedence.hu\/index.php\/2026\/06\/29\/albania-autoval-igy-hoditsd-meg-a-balkan-legszebb-tajait-tiranabol-indulva\/","og_locale":"hu_HU","og_type":"article","og_title":"Alb\u00e1nia aut\u00f3val: \u00cdgy h\u00f3d\u00edtsd meg a Balk\u00e1n legszebb t\u00e1jait Tiran\u00e1b\u00f3l indulva","og_description":"Alb\u00e1nia az elm\u00falt \u00e9vekben a magyar utaz\u00f3k egyik legkedveltebb titkos tippj\u00e9v\u00e9 n\u0151tte ki mag\u00e1t. Nem v\u00e9letlen\u00fcl: a fens\u00e9ges hegycs\u00facsok, az \u00e9rintetlen nemzeti parkok \u00e9s az \u00fagynevezett \u201eBalk\u00e1n-Mald\u00edv-szigetek\u201d (Ksamil) l\u00e9legzetel\u00e1ll\u00edt\u00f3 l\u00e1tv\u00e1nyt ny\u00fajtanak a turist\u00e1knak. R\u00e1ad\u00e1sul Budapestr\u0151l k\u00f6zvetlen fapados j\u00e1ratokkal alig m\u00e1sf\u00e9l \u00f3ra alatt el\u00e9rhet\u0151 a f\u0151v\u00e1ros, Tirana. Ahhoz azonban, hogy ezt az egzotikus \u00e9s soksz\u00edn\u0171 orsz\u00e1got","og_url":"https:\/\/dorogimedence.hu\/index.php\/2026\/06\/29\/albania-autoval-igy-hoditsd-meg-a-balkan-legszebb-tajait-tiranabol-indulva\/","og_site_name":"Dorogi-medence Region\u00e1lis H\u00edrport\u00e1l","article_publisher":"https:\/\/www.facebook.com\/dorogimedence\/","article_published_time":"2026-06-29T04:00:10+00:00","article_modified_time":"2026-06-29T12:11:04+00:00","og_image":[{"width":1760,"height":996,"url":"https:\/\/dorogimedence.hu\/wp-content\/uploads\/2026\/06\/real_4748d1b6-fe51-4ddb-b41d-8e37d09acc6c.jpeg","type":"image\/jpeg"}],"author":"dorogimedence.hu","twitter_card":"summary_large_image","twitter_misc":{"Szerz\u0151:":"dorogimedence.hu","Becs\u00fclt olvas\u00e1si id\u0151":"10 perc"},"schema":{"@context":"https:\/\/schema.org","@graph":[{"@type":"Article","@id":"https:\/\/dorogimedence.hu\/index.php\/2026\/06\/29\/albania-autoval-igy-hoditsd-meg-a-balkan-legszebb-tajait-tiranabol-indulva\/#article","isPartOf":{"@id":"https:\/\/dorogimedence.hu\/index.php\/2026\/06\/29\/albania-autoval-igy-hoditsd-meg-a-balkan-legszebb-tajait-tiranabol-indulva\/"},"author":{"name":"dorogimedence.hu","@id":"https:\/\/dorogimedence.hu\/#\/schema\/person\/ce6091eeb7e95ecdc87890d6aa8e0fd4"},"headline":"Alb\u00e1nia aut\u00f3val: \u00cdgy h\u00f3d\u00edtsd meg a Balk\u00e1n legszebb t\u00e1jait Tiran\u00e1b\u00f3l indulva","datePublished":"2026-06-29T04:00:10+00:00","dateModified":"2026-06-29T12:11:04+00:00","mainEntityOfPage":{"@id":"https:\/\/dorogimedence.hu\/index.php\/2026\/06\/29\/albania-autoval-igy-hoditsd-meg-a-balkan-legszebb-tajait-tiranabol-indulva\/"},"wordCount":2062,"publisher":{"@id":"https:\/\/dorogimedence.hu\/#organization"},"image":{"@id":"https:\/\/dorogimedence.hu\/index.php\/2026\/06\/29\/albania-autoval-igy-hoditsd-meg-a-balkan-legszebb-tajait-tiranabol-indulva\/#primaryimage"},"thumbnailUrl":"https:\/\/dorogimedence.hu\/wp-content\/uploads\/2026\/06\/real_4748d1b6-fe51-4ddb-b41d-8e37d09acc6c.jpeg","keywords":["Alb\u00e1nia","aut\u00f3b\u00e9rl\u00e9s"],"articleSection":["H\u00edrek"],"inLanguage":"hu"},{"@type":"WebPage","@id":"https:\/\/dorogimedence.hu\/index.php\/2026\/06\/29\/albania-autoval-igy-hoditsd-meg-a-balkan-legszebb-tajait-tiranabol-indulva\/","url":"https:\/\/dorogimedence.hu\/index.php\/2026\/06\/29\/albania-autoval-igy-hoditsd-meg-a-balkan-legszebb-tajait-tiranabol-indulva\/","name":"Alb\u00e1nia aut\u00f3val: \u00cdgy h\u00f3d\u00edtsd meg a Balk\u00e1n legszebb t\u00e1jait Tiran\u00e1b\u00f3l indulva","isPartOf":{"@id":"https:\/\/dorogimedence.hu\/#website"},"primaryImageOfPage":{"@id":"https:\/\/dorogimedence.hu\/index.php\/2026\/06\/29\/albania-autoval-igy-hoditsd-meg-a-balkan-legszebb-tajait-tiranabol-indulva\/#primaryimage"},"image":{"@id":"https:\/\/dorogimedence.hu\/index.php\/2026\/06\/29\/albania-autoval-igy-hoditsd-meg-a-balkan-legszebb-tajait-tiranabol-indulva\/#primaryimage"},"thumbnailUrl":"https:\/\/dorogimedence.hu\/wp-content\/uploads\/2026\/06\/real_4748d1b6-fe51-4ddb-b41d-8e37d09acc6c.jpeg","datePublished":"2026-06-29T04:00:10+00:00","dateModified":"2026-06-29T12:11:04+00:00","breadcrumb":{"@id":"https:\/\/dorogimedence.hu\/index.php\/2026\/06\/29\/albania-autoval-igy-hoditsd-meg-a-balkan-legszebb-tajait-tiranabol-indulva\/#breadcrumb"},"inLanguage":"hu","potentialAction":[{"@type":"ReadAction","target":["https:\/\/dorogimedence.hu\/index.php\/2026\/06\/29\/albania-autoval-igy-hoditsd-meg-a-balkan-legszebb-tajait-tiranabol-indulva\/"]}]},{"@type":"ImageObject","inLanguage":"hu","@id":"https:\/\/dorogimedence.hu\/index.php\/2026\/06\/29\/albania-autoval-igy-hoditsd-meg-a-balkan-legszebb-tajait-tiranabol-indulva\/#primaryimage","url":"https:\/\/dorogimedence.hu\/wp-content\/uploads\/2026\/06\/real_4748d1b6-fe51-4ddb-b41d-8e37d09acc6c.jpeg","contentUrl":"https:\/\/dorogimedence.hu\/wp-content\/uploads\/2026\/06\/real_4748d1b6-fe51-4ddb-b41d-8e37d09acc6c.jpeg","width":1760,"height":996},{"@type":"BreadcrumbList","@id":"https:\/\/dorogimedence.hu\/index.php\/2026\/06\/29\/albania-autoval-igy-hoditsd-meg-a-balkan-legszebb-tajait-tiranabol-indulva\/#breadcrumb","itemListElement":[{"@type":"ListItem","position":1,"name":"Kezd\u0151lap","item":"https:\/\/dorogimedence.hu\/"},{"@type":"ListItem","position":2,"name":"Alb\u00e1nia aut\u00f3val: \u00cdgy h\u00f3d\u00edtsd meg a Balk\u00e1n legszebb t\u00e1jait Tiran\u00e1b\u00f3l indulva"}]},{"@type":"WebSite","@id":"https:\/\/dorogimedence.hu\/#website","url":"https:\/\/dorogimedence.hu\/","name":"Dorogi-medence Region\u00e1lis H\u00edrport\u00e1l","description":"Dorog, Keszt\u00f6lc, Le\u00e1nyv\u00e1r, Piliscs\u00e9v, Tokod, Tokodalt\u00e1r\u00f3, Csolnok, Esztergom-kertv\u00e1ros: h\u00edrek, programok","publisher":{"@id":"https:\/\/dorogimedence.hu\/#organization"},"potentialAction":[{"@type":"SearchAction","target":{"@type":"EntryPoint","urlTemplate":"https:\/\/dorogimedence.hu\/?s={search_term_string}"},"query-input":{"@type":"PropertyValueSpecification","valueRequired":true,"valueName":"search_term_string"}}],"inLanguage":"hu"},{"@type":"Organization","@id":"https:\/\/dorogimedence.hu\/#organization","name":"Dorogi-medence Region\u00e1lis H\u00edrport\u00e1l","url":"https:\/\/dorogimedence.hu\/","logo":{"@type":"ImageObject","inLanguage":"hu","@id":"https:\/\/dorogimedence.hu\/#\/schema\/logo\/image\/","url":"https:\/\/dorogimedence.hu\/wp-content\/uploads\/2021\/04\/logo-feher-600.png","contentUrl":"https:\/\/dorogimedence.hu\/wp-content\/uploads\/2021\/04\/logo-feher-600.png","width":600,"height":100,"caption":"Dorogi-medence Region\u00e1lis H\u00edrport\u00e1l"},"image":{"@id":"https:\/\/dorogimedence.hu\/#\/schema\/logo\/image\/"},"sameAs":["https:\/\/www.facebook.com\/dorogimedence\/"]},{"@type":"Person","@id":"https:\/\/dorogimedence.hu\/#\/schema\/person\/ce6091eeb7e95ecdc87890d6aa8e0fd4","name":"dorogimedence.hu","image":{"@type":"ImageObject","inLanguage":"hu","@id":"\/\/www.gravatar.com\/avatar\/d8d45f8901aadff40a4af72c0b826f1d?s=96&#038;r=g&#038;d=mm","url":"\/\/www.gravatar.com\/avatar\/d8d45f8901aadff40a4af72c0b826f1d?s=96&#038;r=g&#038;d=mm","contentUrl":"\/\/www.gravatar.com\/avatar\/d8d45f8901aadff40a4af72c0b826f1d?s=96&#038;r=g&#038;d=mm","caption":"dorogimedence.hu"}}]}},"_links":{"self":[{"href":"https:\/\/dorogimedence.hu\/index.php\/wp-json\/wp\/v2\/posts\/81593","targetHints":{"allow":["GET"]}}],"collection":[{"href":"https:\/\/dorogimedence.hu\/index.php\/wp-json\/wp\/v2\/posts"}],"about":[{"href":"https:\/\/dorogimedence.hu\/index.php\/wp-json\/wp\/v2\/types\/post"}],"author":[{"embeddable":true,"href":"https:\/\/dorogimedence.hu\/index.php\/wp-json\/wp\/v2\/users\/1"}],"replies":[{"embeddable":true,"href":"https:\/\/dorogimedence.hu\/index.php\/wp-json\/wp\/v2\/comments?post=81593"}],"version-history":[{"count":1,"href":"https:\/\/dorogimedence.hu\/index.php\/wp-json\/wp\/v2\/posts\/81593\/revisions"}],"predecessor-version":[{"id":81595,"href":"https:\/\/dorogimedence.hu\/index.php\/wp-json\/wp\/v2\/posts\/81593\/revisions\/81595"}],"wp:featuredmedia":[{"embeddable":true,"href":"https:\/\/dorogimedence.hu\/index.php\/wp-json\/wp\/v2\/media\/81594"}],"wp:attachment":[{"href":"https:\/\/dorogimedence.hu\/index.php\/wp-json\/wp\/v2\/media?parent=81593"}],"wp:term":[{"taxonomy":"category","embeddable":true,"href":"https:\/\/dorogimedence.hu\/index.php\/wp-json\/wp\/v2\/categories?post=81593"},{"taxonomy":"post_tag","embeddable":true,"href":"https:\/\/dorogimedence.hu\/index.php\/wp-json\/wp\/v2\/tags?post=81593"}],"curies":[{"name":"wp","href":"https:\/\/api.w.org\/{rel}","templated":true}]}}