{"id":81579,"date":"2026-06-29T11:53:34","date_gmt":"2026-06-29T09:53:34","guid":{"rendered":"https:\/\/dorogimedence.hu\/?p=81579"},"modified":"2026-06-29T11:53:34","modified_gmt":"2026-06-29T09:53:34","slug":"elokeszitik-a-fay-andras-lakotelepi-garazsok-elotti-terulet-rendezeset","status":"publish","type":"post","link":"https:\/\/dorogimedence.hu\/index.php\/2026\/06\/29\/elokeszitik-a-fay-andras-lakotelepi-garazsok-elotti-terulet-rendezeset\/","title":{"rendered":"El\u0151k\u00e9sz\u00edtik a F\u00e1y Andr\u00e1s lak\u00f3telepi gar\u00e1zsok el\u0151tti ter\u00fclet rendez\u00e9s\u00e9t"},"content":{"rendered":"<p><strong>A F\u00e1y Andr\u00e1s lak\u00f3telep 5. sz\u00e1m alatti lak\u00f3k bejelent\u00e9se nyom\u00e1n megkezd\u0151d\u00f6tt a gar\u00e1zsok el\u0151tti ter\u00fclet rendez\u00e9s\u00e9nek el\u0151k\u00e9sz\u00edt\u00e9se Dorogon. A probl\u00e9m\u00e1t az okozza, hogy es\u0151z\u00e9sek idej\u00e9n a csapad\u00e9kv\u00edz nem tud megfelel\u0151en elfolyni, emellett a burkolat m\u0171szaki \u00e1llapota is jelent\u0151sen leromlott.<\/strong><\/p>\n<p>Dorog V\u00e1ros \u00d6nkorm\u00e1nyzat\u00e1nak <a href=\"https:\/\/www.facebook.com\/dorogvarosonkormanyzata\/posts\/pfbid02HHuwS1fXpTuTY5DbLk7Z12PQVsXh9g9pFfonxmzQho95Ajnh3Nw9JPb5gKm1NTg7l\" target=\"_blank\" rel=\"noopener\"><span style=\"text-decoration: underline; color: #0000ff;\">t\u00e1j\u00e9koztat\u00e1sa szerint<\/span><\/a> a helysz\u00edni szemle sor\u00e1n meg\u00e1llap\u00edtott\u00e1k, hogy a probl\u00e9ma v\u00e9gleges megold\u00e1s\u00e1hoz els\u0151k\u00e9nt tervdokument\u00e1ci\u00f3 elk\u00e9sz\u00edt\u00e9s\u00e9re van sz\u00fcks\u00e9g.<\/p>\n<p>A tervek a F\u00e1y Andr\u00e1s lak\u00f3telep 2\u20135. \u00e9s 5\u20136. sz\u00e1m k\u00f6z\u00f6tti t\u00e1rsash\u00e1zak k\u00f6z\u00f6tti ter\u00fclet csapad\u00e9kv\u00edz-elvezet\u00e9s\u00e9nek megold\u00e1s\u00e1t, valamint egy \u00faj, megfelel\u0151 teherb\u00edr\u00e1s\u00fa burkolat kialak\u00edt\u00e1s\u00e1t is tartalmazz\u00e1k majd.<\/p>\n<p>Az \u00f6nkorm\u00e1nyzat k\u00f6zl\u00e9se szerint a kivitelez\u00e9s a tervek elk\u00e9sz\u00fclt\u00e9t k\u00f6vet\u0151en, a rendelkez\u00e9sre \u00e1ll\u00f3 k\u00f6lts\u00e9gvet\u00e9si forr\u00e1sok f\u00fcggv\u00e9ny\u00e9ben val\u00f3sulhat meg.<\/p>\n<p><em>Bor\u00edt\u00f3k\u00e9p: Dorog V\u00e1ros \u00d6nkorm\u00e1nyzat\u00e1nak Facebook-oldala<\/em><\/p>\n","protected":false},"excerpt":{"rendered":"<p>A F\u00e1y Andr\u00e1s lak\u00f3telep 5. sz\u00e1m alatti lak\u00f3k bejelent\u00e9se nyom\u00e1n megkezd\u0151d\u00f6tt a gar\u00e1zsok el\u0151tti ter\u00fclet rendez\u00e9s\u00e9nek el\u0151k\u00e9sz\u00edt\u00e9se Dorogon. A probl\u00e9m\u00e1t az okozza, hogy es\u0151z\u00e9sek idej\u00e9n a csapad\u00e9kv\u00edz nem tud megfelel\u0151en elfolyni, emellett a burkolat m\u0171szaki \u00e1llapota is jelent\u0151sen leromlott. Dorog V\u00e1ros \u00d6nkorm\u00e1nyzat\u00e1nak t\u00e1j\u00e9koztat\u00e1sa szerint a helysz\u00edni szemle sor\u00e1n meg\u00e1llap\u00edtott\u00e1k, hogy a probl\u00e9ma v\u00e9gleges megold\u00e1s\u00e1hoz els\u0151k\u00e9nt<\/p>\n","protected":false},"author":1,"featured_media":81580,"comment_status":"closed","ping_status":"closed","sticky":false,"template":"","format":"standard","meta":{"ngg_post_thumbnail":0,"footnotes":""},"categories":[2,3],"tags":[15,4886],"class_list":["post-81579","post","type-post","status-publish","format-standard","has-post-thumbnail","category-dorog","category-hirek","tag-dorog","tag-terulet-rendezes"],"yoast_head":"<!-- This site is optimized with the Yoast SEO plugin v28.3 - https:\/\/yoast.com\/product\/yoast-seo-wordpress\/ -->\n<title>El\u0151k\u00e9sz\u00edtik a F\u00e1y Andr\u00e1s lak\u00f3telepi gar\u00e1zsok el\u0151tti ter\u00fclet rendez\u00e9s\u00e9t<\/title>\n<meta name=\"robots\" content=\"index, follow, max-snippet:-1, max-image-preview:large, max-video-preview:-1\" \/>\n<link rel=\"canonical\" href=\"https:\/\/dorogimedence.hu\/index.php\/2026\/06\/29\/elokeszitik-a-fay-andras-lakotelepi-garazsok-elotti-terulet-rendezeset\/\" class=\"yoast-seo-meta-tag\" \/>\n<meta property=\"og:locale\" content=\"hu_HU\" class=\"yoast-seo-meta-tag\" \/>\n<meta property=\"og:type\" content=\"article\" class=\"yoast-seo-meta-tag\" \/>\n<meta property=\"og:title\" content=\"El\u0151k\u00e9sz\u00edtik a F\u00e1y Andr\u00e1s lak\u00f3telepi gar\u00e1zsok el\u0151tti ter\u00fclet rendez\u00e9s\u00e9t\" class=\"yoast-seo-meta-tag\" \/>\n<meta property=\"og:description\" content=\"A F\u00e1y Andr\u00e1s lak\u00f3telep 5. sz\u00e1m alatti lak\u00f3k bejelent\u00e9se nyom\u00e1n megkezd\u0151d\u00f6tt a gar\u00e1zsok el\u0151tti ter\u00fclet rendez\u00e9s\u00e9nek el\u0151k\u00e9sz\u00edt\u00e9se Dorogon. A probl\u00e9m\u00e1t az okozza, hogy es\u0151z\u00e9sek idej\u00e9n a csapad\u00e9kv\u00edz nem tud megfelel\u0151en elfolyni, emellett a burkolat m\u0171szaki \u00e1llapota is jelent\u0151sen leromlott. Dorog V\u00e1ros \u00d6nkorm\u00e1nyzat\u00e1nak t\u00e1j\u00e9koztat\u00e1sa szerint a helysz\u00edni szemle sor\u00e1n meg\u00e1llap\u00edtott\u00e1k, hogy a probl\u00e9ma v\u00e9gleges megold\u00e1s\u00e1hoz els\u0151k\u00e9nt\" class=\"yoast-seo-meta-tag\" \/>\n<meta property=\"og:url\" content=\"https:\/\/dorogimedence.hu\/index.php\/2026\/06\/29\/elokeszitik-a-fay-andras-lakotelepi-garazsok-elotti-terulet-rendezeset\/\" class=\"yoast-seo-meta-tag\" \/>\n<meta property=\"og:site_name\" content=\"Dorogi-medence Region\u00e1lis H\u00edrport\u00e1l\" class=\"yoast-seo-meta-tag\" \/>\n<meta property=\"article:publisher\" content=\"https:\/\/www.facebook.com\/dorogimedence\/\" class=\"yoast-seo-meta-tag\" \/>\n<meta property=\"article:published_time\" content=\"2026-06-29T09:53:34+00:00\" class=\"yoast-seo-meta-tag\" \/>\n<meta property=\"og:image\" content=\"https:\/\/dorogimedence.hu\/wp-content\/uploads\/2026\/06\/735563394_946039598450456_7329361039914370870_n.jpg\" class=\"yoast-seo-meta-tag\" \/>\n\t<meta property=\"og:image:width\" content=\"2048\" class=\"yoast-seo-meta-tag\" \/>\n\t<meta property=\"og:image:height\" content=\"1152\" class=\"yoast-seo-meta-tag\" \/>\n\t<meta property=\"og:image:type\" content=\"image\/jpeg\" class=\"yoast-seo-meta-tag\" \/>\n<meta name=\"author\" content=\"dorogimedence.hu\" class=\"yoast-seo-meta-tag\" \/>\n<meta name=\"twitter:card\" content=\"summary_large_image\" class=\"yoast-seo-meta-tag\" \/>\n<meta name=\"twitter:label1\" content=\"Szerz\u0151:\" class=\"yoast-seo-meta-tag\" \/>\n\t<meta name=\"twitter:data1\" content=\"dorogimedence.hu\" class=\"yoast-seo-meta-tag\" \/>\n\t<meta name=\"twitter:label2\" content=\"Becs\u00fclt olvas\u00e1si id\u0151\" class=\"yoast-seo-meta-tag\" \/>\n\t<meta name=\"twitter:data2\" content=\"1 perc\" class=\"yoast-seo-meta-tag\" \/>\n<script type=\"application\/ld+json\" class=\"yoast-schema-graph\">{\"@context\":\"https:\\\/\\\/schema.org\",\"@graph\":[{\"@type\":\"Article\",\"@id\":\"https:\\\/\\\/dorogimedence.hu\\\/index.php\\\/2026\\\/06\\\/29\\\/elokeszitik-a-fay-andras-lakotelepi-garazsok-elotti-terulet-rendezeset\\\/#article\",\"isPartOf\":{\"@id\":\"https:\\\/\\\/dorogimedence.hu\\\/index.php\\\/2026\\\/06\\\/29\\\/elokeszitik-a-fay-andras-lakotelepi-garazsok-elotti-terulet-rendezeset\\\/\"},\"author\":{\"name\":\"dorogimedence.hu\",\"@id\":\"https:\\\/\\\/dorogimedence.hu\\\/#\\\/schema\\\/person\\\/ce6091eeb7e95ecdc87890d6aa8e0fd4\"},\"headline\":\"El\u0151k\u00e9sz\u00edtik a F\u00e1y Andr\u00e1s lak\u00f3telepi gar\u00e1zsok el\u0151tti ter\u00fclet rendez\u00e9s\u00e9t\",\"datePublished\":\"2026-06-29T09:53:34+00:00\",\"mainEntityOfPage\":{\"@id\":\"https:\\\/\\\/dorogimedence.hu\\\/index.php\\\/2026\\\/06\\\/29\\\/elokeszitik-a-fay-andras-lakotelepi-garazsok-elotti-terulet-rendezeset\\\/\"},\"wordCount\":224,\"publisher\":{\"@id\":\"https:\\\/\\\/dorogimedence.hu\\\/#organization\"},\"image\":{\"@id\":\"https:\\\/\\\/dorogimedence.hu\\\/index.php\\\/2026\\\/06\\\/29\\\/elokeszitik-a-fay-andras-lakotelepi-garazsok-elotti-terulet-rendezeset\\\/#primaryimage\"},\"thumbnailUrl\":\"https:\\\/\\\/dorogimedence.hu\\\/wp-content\\\/uploads\\\/2026\\\/06\\\/735563394_946039598450456_7329361039914370870_n.jpg\",\"keywords\":[\"Dorog\",\"ter\u00fclet rendez\u00e9s\"],\"articleSection\":[\"Dorog\",\"H\u00edrek\"],\"inLanguage\":\"hu\"},{\"@type\":\"WebPage\",\"@id\":\"https:\\\/\\\/dorogimedence.hu\\\/index.php\\\/2026\\\/06\\\/29\\\/elokeszitik-a-fay-andras-lakotelepi-garazsok-elotti-terulet-rendezeset\\\/\",\"url\":\"https:\\\/\\\/dorogimedence.hu\\\/index.php\\\/2026\\\/06\\\/29\\\/elokeszitik-a-fay-andras-lakotelepi-garazsok-elotti-terulet-rendezeset\\\/\",\"name\":\"El\u0151k\u00e9sz\u00edtik a F\u00e1y Andr\u00e1s lak\u00f3telepi gar\u00e1zsok el\u0151tti ter\u00fclet rendez\u00e9s\u00e9t\",\"isPartOf\":{\"@id\":\"https:\\\/\\\/dorogimedence.hu\\\/#website\"},\"primaryImageOfPage\":{\"@id\":\"https:\\\/\\\/dorogimedence.hu\\\/index.php\\\/2026\\\/06\\\/29\\\/elokeszitik-a-fay-andras-lakotelepi-garazsok-elotti-terulet-rendezeset\\\/#primaryimage\"},\"image\":{\"@id\":\"https:\\\/\\\/dorogimedence.hu\\\/index.php\\\/2026\\\/06\\\/29\\\/elokeszitik-a-fay-andras-lakotelepi-garazsok-elotti-terulet-rendezeset\\\/#primaryimage\"},\"thumbnailUrl\":\"https:\\\/\\\/dorogimedence.hu\\\/wp-content\\\/uploads\\\/2026\\\/06\\\/735563394_946039598450456_7329361039914370870_n.jpg\",\"datePublished\":\"2026-06-29T09:53:34+00:00\",\"breadcrumb\":{\"@id\":\"https:\\\/\\\/dorogimedence.hu\\\/index.php\\\/2026\\\/06\\\/29\\\/elokeszitik-a-fay-andras-lakotelepi-garazsok-elotti-terulet-rendezeset\\\/#breadcrumb\"},\"inLanguage\":\"hu\",\"potentialAction\":[{\"@type\":\"ReadAction\",\"target\":[\"https:\\\/\\\/dorogimedence.hu\\\/index.php\\\/2026\\\/06\\\/29\\\/elokeszitik-a-fay-andras-lakotelepi-garazsok-elotti-terulet-rendezeset\\\/\"]}]},{\"@type\":\"ImageObject\",\"inLanguage\":\"hu\",\"@id\":\"https:\\\/\\\/dorogimedence.hu\\\/index.php\\\/2026\\\/06\\\/29\\\/elokeszitik-a-fay-andras-lakotelepi-garazsok-elotti-terulet-rendezeset\\\/#primaryimage\",\"url\":\"https:\\\/\\\/dorogimedence.hu\\\/wp-content\\\/uploads\\\/2026\\\/06\\\/735563394_946039598450456_7329361039914370870_n.jpg\",\"contentUrl\":\"https:\\\/\\\/dorogimedence.hu\\\/wp-content\\\/uploads\\\/2026\\\/06\\\/735563394_946039598450456_7329361039914370870_n.jpg\",\"width\":2048,\"height\":1152},{\"@type\":\"BreadcrumbList\",\"@id\":\"https:\\\/\\\/dorogimedence.hu\\\/index.php\\\/2026\\\/06\\\/29\\\/elokeszitik-a-fay-andras-lakotelepi-garazsok-elotti-terulet-rendezeset\\\/#breadcrumb\",\"itemListElement\":[{\"@type\":\"ListItem\",\"position\":1,\"name\":\"Kezd\u0151lap\",\"item\":\"https:\\\/\\\/dorogimedence.hu\\\/\"},{\"@type\":\"ListItem\",\"position\":2,\"name\":\"El\u0151k\u00e9sz\u00edtik a F\u00e1y Andr\u00e1s lak\u00f3telepi gar\u00e1zsok el\u0151tti ter\u00fclet rendez\u00e9s\u00e9t\"}]},{\"@type\":\"WebSite\",\"@id\":\"https:\\\/\\\/dorogimedence.hu\\\/#website\",\"url\":\"https:\\\/\\\/dorogimedence.hu\\\/\",\"name\":\"Dorogi-medence Region\u00e1lis H\u00edrport\u00e1l\",\"description\":\"Dorog, Keszt\u00f6lc, Le\u00e1nyv\u00e1r, Piliscs\u00e9v, Tokod, Tokodalt\u00e1r\u00f3, Csolnok, Esztergom-kertv\u00e1ros: h\u00edrek, programok\",\"publisher\":{\"@id\":\"https:\\\/\\\/dorogimedence.hu\\\/#organization\"},\"potentialAction\":[{\"@type\":\"SearchAction\",\"target\":{\"@type\":\"EntryPoint\",\"urlTemplate\":\"https:\\\/\\\/dorogimedence.hu\\\/?s={search_term_string}\"},\"query-input\":{\"@type\":\"PropertyValueSpecification\",\"valueRequired\":true,\"valueName\":\"search_term_string\"}}],\"inLanguage\":\"hu\"},{\"@type\":\"Organization\",\"@id\":\"https:\\\/\\\/dorogimedence.hu\\\/#organization\",\"name\":\"Dorogi-medence Region\u00e1lis H\u00edrport\u00e1l\",\"url\":\"https:\\\/\\\/dorogimedence.hu\\\/\",\"logo\":{\"@type\":\"ImageObject\",\"inLanguage\":\"hu\",\"@id\":\"https:\\\/\\\/dorogimedence.hu\\\/#\\\/schema\\\/logo\\\/image\\\/\",\"url\":\"https:\\\/\\\/dorogimedence.hu\\\/wp-content\\\/uploads\\\/2021\\\/04\\\/logo-feher-600.png\",\"contentUrl\":\"https:\\\/\\\/dorogimedence.hu\\\/wp-content\\\/uploads\\\/2021\\\/04\\\/logo-feher-600.png\",\"width\":600,\"height\":100,\"caption\":\"Dorogi-medence Region\u00e1lis H\u00edrport\u00e1l\"},\"image\":{\"@id\":\"https:\\\/\\\/dorogimedence.hu\\\/#\\\/schema\\\/logo\\\/image\\\/\"},\"sameAs\":[\"https:\\\/\\\/www.facebook.com\\\/dorogimedence\\\/\"]},{\"@type\":\"Person\",\"@id\":\"https:\\\/\\\/dorogimedence.hu\\\/#\\\/schema\\\/person\\\/ce6091eeb7e95ecdc87890d6aa8e0fd4\",\"name\":\"dorogimedence.hu\",\"image\":{\"@type\":\"ImageObject\",\"inLanguage\":\"hu\",\"@id\":\"\\\/\\\/www.gravatar.com\\\/avatar\\\/d8d45f8901aadff40a4af72c0b826f1d?s=96&#038;r=g&#038;d=mm\",\"url\":\"\\\/\\\/www.gravatar.com\\\/avatar\\\/d8d45f8901aadff40a4af72c0b826f1d?s=96&#038;r=g&#038;d=mm\",\"contentUrl\":\"\\\/\\\/www.gravatar.com\\\/avatar\\\/d8d45f8901aadff40a4af72c0b826f1d?s=96&#038;r=g&#038;d=mm\",\"caption\":\"dorogimedence.hu\"}}]}<\/script>\n<!-- \/ Yoast SEO plugin. -->","yoast_head_json":{"title":"El\u0151k\u00e9sz\u00edtik a F\u00e1y Andr\u00e1s lak\u00f3telepi gar\u00e1zsok el\u0151tti ter\u00fclet rendez\u00e9s\u00e9t","robots":{"index":"index","follow":"follow","max-snippet":"max-snippet:-1","max-image-preview":"max-image-preview:large","max-video-preview":"max-video-preview:-1"},"canonical":"https:\/\/dorogimedence.hu\/index.php\/2026\/06\/29\/elokeszitik-a-fay-andras-lakotelepi-garazsok-elotti-terulet-rendezeset\/","og_locale":"hu_HU","og_type":"article","og_title":"El\u0151k\u00e9sz\u00edtik a F\u00e1y Andr\u00e1s lak\u00f3telepi gar\u00e1zsok el\u0151tti ter\u00fclet rendez\u00e9s\u00e9t","og_description":"A F\u00e1y Andr\u00e1s lak\u00f3telep 5. sz\u00e1m alatti lak\u00f3k bejelent\u00e9se nyom\u00e1n megkezd\u0151d\u00f6tt a gar\u00e1zsok el\u0151tti ter\u00fclet rendez\u00e9s\u00e9nek el\u0151k\u00e9sz\u00edt\u00e9se Dorogon. A probl\u00e9m\u00e1t az okozza, hogy es\u0151z\u00e9sek idej\u00e9n a csapad\u00e9kv\u00edz nem tud megfelel\u0151en elfolyni, emellett a burkolat m\u0171szaki \u00e1llapota is jelent\u0151sen leromlott. Dorog V\u00e1ros \u00d6nkorm\u00e1nyzat\u00e1nak t\u00e1j\u00e9koztat\u00e1sa szerint a helysz\u00edni szemle sor\u00e1n meg\u00e1llap\u00edtott\u00e1k, hogy a probl\u00e9ma v\u00e9gleges megold\u00e1s\u00e1hoz els\u0151k\u00e9nt","og_url":"https:\/\/dorogimedence.hu\/index.php\/2026\/06\/29\/elokeszitik-a-fay-andras-lakotelepi-garazsok-elotti-terulet-rendezeset\/","og_site_name":"Dorogi-medence Region\u00e1lis H\u00edrport\u00e1l","article_publisher":"https:\/\/www.facebook.com\/dorogimedence\/","article_published_time":"2026-06-29T09:53:34+00:00","og_image":[{"width":2048,"height":1152,"url":"https:\/\/dorogimedence.hu\/wp-content\/uploads\/2026\/06\/735563394_946039598450456_7329361039914370870_n.jpg","type":"image\/jpeg"}],"author":"dorogimedence.hu","twitter_card":"summary_large_image","twitter_misc":{"Szerz\u0151:":"dorogimedence.hu","Becs\u00fclt olvas\u00e1si id\u0151":"1 perc"},"schema":{"@context":"https:\/\/schema.org","@graph":[{"@type":"Article","@id":"https:\/\/dorogimedence.hu\/index.php\/2026\/06\/29\/elokeszitik-a-fay-andras-lakotelepi-garazsok-elotti-terulet-rendezeset\/#article","isPartOf":{"@id":"https:\/\/dorogimedence.hu\/index.php\/2026\/06\/29\/elokeszitik-a-fay-andras-lakotelepi-garazsok-elotti-terulet-rendezeset\/"},"author":{"name":"dorogimedence.hu","@id":"https:\/\/dorogimedence.hu\/#\/schema\/person\/ce6091eeb7e95ecdc87890d6aa8e0fd4"},"headline":"El\u0151k\u00e9sz\u00edtik a F\u00e1y Andr\u00e1s lak\u00f3telepi gar\u00e1zsok el\u0151tti ter\u00fclet rendez\u00e9s\u00e9t","datePublished":"2026-06-29T09:53:34+00:00","mainEntityOfPage":{"@id":"https:\/\/dorogimedence.hu\/index.php\/2026\/06\/29\/elokeszitik-a-fay-andras-lakotelepi-garazsok-elotti-terulet-rendezeset\/"},"wordCount":224,"publisher":{"@id":"https:\/\/dorogimedence.hu\/#organization"},"image":{"@id":"https:\/\/dorogimedence.hu\/index.php\/2026\/06\/29\/elokeszitik-a-fay-andras-lakotelepi-garazsok-elotti-terulet-rendezeset\/#primaryimage"},"thumbnailUrl":"https:\/\/dorogimedence.hu\/wp-content\/uploads\/2026\/06\/735563394_946039598450456_7329361039914370870_n.jpg","keywords":["Dorog","ter\u00fclet rendez\u00e9s"],"articleSection":["Dorog","H\u00edrek"],"inLanguage":"hu"},{"@type":"WebPage","@id":"https:\/\/dorogimedence.hu\/index.php\/2026\/06\/29\/elokeszitik-a-fay-andras-lakotelepi-garazsok-elotti-terulet-rendezeset\/","url":"https:\/\/dorogimedence.hu\/index.php\/2026\/06\/29\/elokeszitik-a-fay-andras-lakotelepi-garazsok-elotti-terulet-rendezeset\/","name":"El\u0151k\u00e9sz\u00edtik a F\u00e1y Andr\u00e1s lak\u00f3telepi gar\u00e1zsok el\u0151tti ter\u00fclet rendez\u00e9s\u00e9t","isPartOf":{"@id":"https:\/\/dorogimedence.hu\/#website"},"primaryImageOfPage":{"@id":"https:\/\/dorogimedence.hu\/index.php\/2026\/06\/29\/elokeszitik-a-fay-andras-lakotelepi-garazsok-elotti-terulet-rendezeset\/#primaryimage"},"image":{"@id":"https:\/\/dorogimedence.hu\/index.php\/2026\/06\/29\/elokeszitik-a-fay-andras-lakotelepi-garazsok-elotti-terulet-rendezeset\/#primaryimage"},"thumbnailUrl":"https:\/\/dorogimedence.hu\/wp-content\/uploads\/2026\/06\/735563394_946039598450456_7329361039914370870_n.jpg","datePublished":"2026-06-29T09:53:34+00:00","breadcrumb":{"@id":"https:\/\/dorogimedence.hu\/index.php\/2026\/06\/29\/elokeszitik-a-fay-andras-lakotelepi-garazsok-elotti-terulet-rendezeset\/#breadcrumb"},"inLanguage":"hu","potentialAction":[{"@type":"ReadAction","target":["https:\/\/dorogimedence.hu\/index.php\/2026\/06\/29\/elokeszitik-a-fay-andras-lakotelepi-garazsok-elotti-terulet-rendezeset\/"]}]},{"@type":"ImageObject","inLanguage":"hu","@id":"https:\/\/dorogimedence.hu\/index.php\/2026\/06\/29\/elokeszitik-a-fay-andras-lakotelepi-garazsok-elotti-terulet-rendezeset\/#primaryimage","url":"https:\/\/dorogimedence.hu\/wp-content\/uploads\/2026\/06\/735563394_946039598450456_7329361039914370870_n.jpg","contentUrl":"https:\/\/dorogimedence.hu\/wp-content\/uploads\/2026\/06\/735563394_946039598450456_7329361039914370870_n.jpg","width":2048,"height":1152},{"@type":"BreadcrumbList","@id":"https:\/\/dorogimedence.hu\/index.php\/2026\/06\/29\/elokeszitik-a-fay-andras-lakotelepi-garazsok-elotti-terulet-rendezeset\/#breadcrumb","itemListElement":[{"@type":"ListItem","position":1,"name":"Kezd\u0151lap","item":"https:\/\/dorogimedence.hu\/"},{"@type":"ListItem","position":2,"name":"El\u0151k\u00e9sz\u00edtik a F\u00e1y Andr\u00e1s lak\u00f3telepi gar\u00e1zsok el\u0151tti ter\u00fclet rendez\u00e9s\u00e9t"}]},{"@type":"WebSite","@id":"https:\/\/dorogimedence.hu\/#website","url":"https:\/\/dorogimedence.hu\/","name":"Dorogi-medence Region\u00e1lis H\u00edrport\u00e1l","description":"Dorog, Keszt\u00f6lc, Le\u00e1nyv\u00e1r, Piliscs\u00e9v, Tokod, Tokodalt\u00e1r\u00f3, Csolnok, Esztergom-kertv\u00e1ros: h\u00edrek, programok","publisher":{"@id":"https:\/\/dorogimedence.hu\/#organization"},"potentialAction":[{"@type":"SearchAction","target":{"@type":"EntryPoint","urlTemplate":"https:\/\/dorogimedence.hu\/?s={search_term_string}"},"query-input":{"@type":"PropertyValueSpecification","valueRequired":true,"valueName":"search_term_string"}}],"inLanguage":"hu"},{"@type":"Organization","@id":"https:\/\/dorogimedence.hu\/#organization","name":"Dorogi-medence Region\u00e1lis H\u00edrport\u00e1l","url":"https:\/\/dorogimedence.hu\/","logo":{"@type":"ImageObject","inLanguage":"hu","@id":"https:\/\/dorogimedence.hu\/#\/schema\/logo\/image\/","url":"https:\/\/dorogimedence.hu\/wp-content\/uploads\/2021\/04\/logo-feher-600.png","contentUrl":"https:\/\/dorogimedence.hu\/wp-content\/uploads\/2021\/04\/logo-feher-600.png","width":600,"height":100,"caption":"Dorogi-medence Region\u00e1lis H\u00edrport\u00e1l"},"image":{"@id":"https:\/\/dorogimedence.hu\/#\/schema\/logo\/image\/"},"sameAs":["https:\/\/www.facebook.com\/dorogimedence\/"]},{"@type":"Person","@id":"https:\/\/dorogimedence.hu\/#\/schema\/person\/ce6091eeb7e95ecdc87890d6aa8e0fd4","name":"dorogimedence.hu","image":{"@type":"ImageObject","inLanguage":"hu","@id":"\/\/www.gravatar.com\/avatar\/d8d45f8901aadff40a4af72c0b826f1d?s=96&#038;r=g&#038;d=mm","url":"\/\/www.gravatar.com\/avatar\/d8d45f8901aadff40a4af72c0b826f1d?s=96&#038;r=g&#038;d=mm","contentUrl":"\/\/www.gravatar.com\/avatar\/d8d45f8901aadff40a4af72c0b826f1d?s=96&#038;r=g&#038;d=mm","caption":"dorogimedence.hu"}}]}},"_links":{"self":[{"href":"https:\/\/dorogimedence.hu\/index.php\/wp-json\/wp\/v2\/posts\/81579","targetHints":{"allow":["GET"]}}],"collection":[{"href":"https:\/\/dorogimedence.hu\/index.php\/wp-json\/wp\/v2\/posts"}],"about":[{"href":"https:\/\/dorogimedence.hu\/index.php\/wp-json\/wp\/v2\/types\/post"}],"author":[{"embeddable":true,"href":"https:\/\/dorogimedence.hu\/index.php\/wp-json\/wp\/v2\/users\/1"}],"replies":[{"embeddable":true,"href":"https:\/\/dorogimedence.hu\/index.php\/wp-json\/wp\/v2\/comments?post=81579"}],"version-history":[{"count":1,"href":"https:\/\/dorogimedence.hu\/index.php\/wp-json\/wp\/v2\/posts\/81579\/revisions"}],"predecessor-version":[{"id":81581,"href":"https:\/\/dorogimedence.hu\/index.php\/wp-json\/wp\/v2\/posts\/81579\/revisions\/81581"}],"wp:featuredmedia":[{"embeddable":true,"href":"https:\/\/dorogimedence.hu\/index.php\/wp-json\/wp\/v2\/media\/81580"}],"wp:attachment":[{"href":"https:\/\/dorogimedence.hu\/index.php\/wp-json\/wp\/v2\/media?parent=81579"}],"wp:term":[{"taxonomy":"category","embeddable":true,"href":"https:\/\/dorogimedence.hu\/index.php\/wp-json\/wp\/v2\/categories?post=81579"},{"taxonomy":"post_tag","embeddable":true,"href":"https:\/\/dorogimedence.hu\/index.php\/wp-json\/wp\/v2\/tags?post=81579"}],"curies":[{"name":"wp","href":"https:\/\/api.w.org\/{rel}","templated":true}]}}