{"id":81566,"date":"2026-06-29T09:51:53","date_gmt":"2026-06-29T07:51:53","guid":{"rendered":"https:\/\/dorogimedence.hu\/?p=81566"},"modified":"2026-06-29T09:51:53","modified_gmt":"2026-06-29T07:51:53","slug":"szaz-gyertya-egett-a-tusc-kepzeletbeli-tortajan","status":"publish","type":"post","link":"https:\/\/dorogimedence.hu\/index.php\/2026\/06\/29\/szaz-gyertya-egett-a-tusc-kepzeletbeli-tortajan\/","title":{"rendered":"Sz\u00e1z gyertya \u00e9gett a T\u00dcSC k\u00e9pzeletbeli tort\u00e1j\u00e1n"},"content":{"rendered":"<p><strong>J\u00fanius 20-\u00e1n nagyszab\u00e1s\u00fa rendezv\u00e9nnyel \u00fcnnepelte fenn\u00e1ll\u00e1s\u00e1nak sz\u00e1zadik \u00e9vfordul\u00f3j\u00e1t a Tokod \u00dcveggy\u00e1ri Sport Club. A jubileum alkalm\u00e1b\u00f3l ki\u00e1ll\u00edt\u00e1s ny\u00edlt a klub regn\u00e1l\u00e1s\u00e1nak \u00e9vtizedeib\u0151l, amely a futball mellett az egykori r\u00f6plabda csapat, a ping-pongosok, bokszol\u00f3k, sakkoz\u00f3k sikereit is bemutatta. Az esem\u00e9ny m\u00e1r d\u00e9lel\u0151tt elkezd\u0151d\u00f6tt, a Tokodi Mesev\u00e1r \u00d3voda \u00fcveggy\u00e1ri telephely\u00e9nek \u00e9s a Tokodi Mesev\u00e1r B\u00f6lcs\u0151de dolgoz\u00f3i k\u00f6z\u00f6s gyermekprogramokkal v\u00e1rt\u00e1k a fiatalokat a m\u0171vel\u0151d\u00e9si h\u00e1z el\u0151tti t\u00e9ren, ahol egy ugr\u00e1l\u00f3v\u00e1r is a gyermekek rendelkez\u00e9s\u00e9re \u00e1llt.<\/strong><\/p>\n<p>A Liszt Ferenc M\u0171vel\u0151d\u00e9si H\u00e1zban tartott \u00fcnneps\u00e9g kezdet\u00e9n levet\u00edtettek egy fot\u00f3kb\u00f3l k\u00e9sz\u00fclt \u00f6ssze\u00e1ll\u00edt\u00e1st, mely feleleven\u00edtette az elm\u00falt 100 \u00e9v legfontosabb pillanatait. Ezt k\u00f6vet\u0151en egy perces n\u00e9ma csenddel tisztelegtek azok el\u0151tt, akik egykor vezet\u0151k\u00e9nt, j\u00e1t\u00e9kosk\u00e9nt, vagy b\u00e1rmilyen m\u00e1s form\u00e1ban hozz\u00e1j\u00e1rultak a klub m\u0171k\u00f6d\u00e9s\u00e9hez, sikereihez.<\/p>\n<p><img fetchpriority=\"high\" decoding=\"async\" class=\"alignnone size-full wp-image-81569\" src=\"https:\/\/dorogimedence.hu\/wp-content\/uploads\/2026\/06\/732920704_1334562501490645_7506409415688129428_n.jpg\" alt=\"\" width=\"2048\" height=\"1365\" srcset=\"https:\/\/dorogimedence.hu\/wp-content\/uploads\/2026\/06\/732920704_1334562501490645_7506409415688129428_n.jpg 2048w, https:\/\/dorogimedence.hu\/wp-content\/uploads\/2026\/06\/732920704_1334562501490645_7506409415688129428_n-600x400.jpg 600w, https:\/\/dorogimedence.hu\/wp-content\/uploads\/2026\/06\/732920704_1334562501490645_7506409415688129428_n-1920x1280.jpg 1920w, https:\/\/dorogimedence.hu\/wp-content\/uploads\/2026\/06\/732920704_1334562501490645_7506409415688129428_n-768x512.jpg 768w, https:\/\/dorogimedence.hu\/wp-content\/uploads\/2026\/06\/732920704_1334562501490645_7506409415688129428_n-1536x1024.jpg 1536w, https:\/\/dorogimedence.hu\/wp-content\/uploads\/2026\/06\/732920704_1334562501490645_7506409415688129428_n-150x100.jpg 150w, https:\/\/dorogimedence.hu\/wp-content\/uploads\/2026\/06\/732920704_1334562501490645_7506409415688129428_n-450x300.jpg 450w, https:\/\/dorogimedence.hu\/wp-content\/uploads\/2026\/06\/732920704_1334562501490645_7506409415688129428_n-1200x800.jpg 1200w, https:\/\/dorogimedence.hu\/wp-content\/uploads\/2026\/06\/732920704_1334562501490645_7506409415688129428_n-272x182.jpg 272w\" sizes=\"(max-width: 2048px) 100vw, 2048px\" \/><\/p>\n<p>A rendezv\u00e9ny moder\u00e1tora Horv\u00e1th Gy\u00f6ngyi volt, aki k\u00f6sz\u00f6nt\u00f6tte a megh\u00edvott vend\u00e9geket, k\u00f6zt\u00fck Antal-Eggenhofer Juditot, az \u00fcnneps\u00e9g f\u0151v\u00e9dn\u00f6k\u00e9t, dr. Szerencs\u00e9s Gergely Istv\u00e1nt, a v\u00e1rmegyei k\u00f6zgy\u0171l\u00e9s aleln\u00f6k\u00e9t, Kh\u00e9ner L\u00e1szl\u00f3t, az MLSZ ter\u00fcleti igazgat\u00f3j\u00e1t, Mayer L\u00e1szl\u00f3t, a Dorogi Futball Club eln\u00f6k\u00e9t, Halmai Tam\u00e1s fizioterapeut\u00e1t, B\u00e1nhidi L\u00e1szl\u00f3 polg\u00e1rmestert \u00e9s Csernik Ferencet, a T\u00dcSC eln\u00f6k\u00e9t.<\/p>\n<p>Antal-Eggenhofer Judit elmondta, hogy d\u00e9dnagyapj\u00e1nak, Eggenhofer Jen\u0151nek nagy szerepe volt abban, hogy 1926-ban megalakulhatott a klub, egyben \u0151 is lett az egyes\u00fclet els\u0151 eln\u00f6ke. Nagyapja, ifj. Eggenhofer Jen\u0151 Budapestre k\u00f6lt\u00f6z\u00e9s\u00e9ig a T\u00dcSC labdar\u00fag\u00f3ja volt. A jubileumra elhozta mag\u00e1val azt a kis labdar\u00fag\u00f3 szobrot, melyet m\u00e9g d\u00e9dnagyapja kapott aj\u00e1nd\u00e9kba 1937-ben a klub j\u00e1t\u00e9kosait\u00f3l. \u00d6r\u00f6m\u00e9t fejezte ki az\u00e9rt, hogy a tokodiak m\u00e1ig nem felejtett\u00e9k el mindazt, amit csal\u00e1dja tett az \u00fcveggy\u00e1ri egyes\u00fclet\u00e9rt.<\/p>\n<p><img decoding=\"async\" class=\"alignnone size-full wp-image-81570\" src=\"https:\/\/dorogimedence.hu\/wp-content\/uploads\/2026\/06\/732365783_1690987695483850_8864082391752266095_n.jpg\" alt=\"\" width=\"2048\" height=\"1365\" srcset=\"https:\/\/dorogimedence.hu\/wp-content\/uploads\/2026\/06\/732365783_1690987695483850_8864082391752266095_n.jpg 2048w, https:\/\/dorogimedence.hu\/wp-content\/uploads\/2026\/06\/732365783_1690987695483850_8864082391752266095_n-600x400.jpg 600w, https:\/\/dorogimedence.hu\/wp-content\/uploads\/2026\/06\/732365783_1690987695483850_8864082391752266095_n-1920x1280.jpg 1920w, https:\/\/dorogimedence.hu\/wp-content\/uploads\/2026\/06\/732365783_1690987695483850_8864082391752266095_n-768x512.jpg 768w, https:\/\/dorogimedence.hu\/wp-content\/uploads\/2026\/06\/732365783_1690987695483850_8864082391752266095_n-1536x1024.jpg 1536w, https:\/\/dorogimedence.hu\/wp-content\/uploads\/2026\/06\/732365783_1690987695483850_8864082391752266095_n-150x100.jpg 150w, https:\/\/dorogimedence.hu\/wp-content\/uploads\/2026\/06\/732365783_1690987695483850_8864082391752266095_n-450x300.jpg 450w, https:\/\/dorogimedence.hu\/wp-content\/uploads\/2026\/06\/732365783_1690987695483850_8864082391752266095_n-1200x800.jpg 1200w, https:\/\/dorogimedence.hu\/wp-content\/uploads\/2026\/06\/732365783_1690987695483850_8864082391752266095_n-272x182.jpg 272w\" sizes=\"(max-width: 2048px) 100vw, 2048px\" \/><\/p>\n<p>Csernik Ferenc felid\u00e9zte, hogy 100 \u00e9vvel ezel\u0151tt n\u00e9h\u00e1ny elsz\u00e1nt el\u0151rel\u00e1t\u00f3 \u00e9s b\u00e1tor ember \u00fagy d\u00f6nt\u00f6tt, hogy l\u00e9trehozz\u00e1k a T\u00dcSC-\u00f6t, mely a sporton kereszt\u00fcl k\u00f6z\u00f6ss\u00e9get, tart\u00e1st \u00e9s j\u00f6v\u0151t adott Tokod-\u00fcveggy\u00e1rnak \u00e9s k\u00f6rny\u00e9k\u00e9nek. K\u00f6sz\u00f6netet mondott az alap\u00edt\u00f3knak, a mindenkori edz\u0151knek \u00e9s sportol\u00f3knak, a t\u00e1mogat\u00f3knak, valamint a szurkol\u00f3knak, akik mindig mellett\u00fck \u00e1lltak. Eln\u00f6kk\u00e9nt b\u00fcszke arra, hogy egy olyan egyes\u00fclethez tartozhat, mely sz\u00e1z \u00e9ve \u00e1ll stabilan \u00e9s mely ma is k\u00e9pes meg\u00fajulni, fejl\u0151dni.<\/p>\n<p>Kh\u00e9ner L\u00e1szl\u00f3 szerint a T\u00dcSC a v\u00e1rmegyei klubok k\u00f6z\u00f6tt az egyik legr\u00e9gebbi szervezetnek sz\u00e1m\u00edt. \u00d6r\u00f6mtelinek nevezte, hogy b\u00e1r m\u00e1r nincs nagyp\u00e1ly\u00e1s csapat, a Kistelep\u00fcl\u00e9sek Torn\u00e1j\u00e1ban imm\u00e1r k\u00e9t \u00e9ve szerepel Tokod-\u00dcveggy\u00e1r, \u00e9s az elm\u00falt k\u00e9t szezont arany\u00e9remmel siker\u00fclt z\u00e1rniuk.<\/p>\n<p>Dr. Szerencs\u00e9s Gergely Istv\u00e1n k\u00f6sz\u00f6netet mondott mindazoknak, akik az elm\u00falt sz\u00e1z \u00e9vben seg\u00edtett\u00e9k a klubot, \u00e9s m\u00e9ltatta azokat is, akik \u0151rzik a T\u00dcSC \u00f6r\u00f6ks\u00e9g\u00e9t. A jubileum alkalm\u00e1b\u00f3l egy d\u00edszoklevelet adott \u00e1t Csernik Ferencnek.<\/p>\n<p><img decoding=\"async\" class=\"alignnone size-full wp-image-81571\" src=\"https:\/\/dorogimedence.hu\/wp-content\/uploads\/2026\/06\/733529511_1541085220748425_3165623095445982936_n.jpg\" alt=\"\" width=\"2048\" height=\"1365\" srcset=\"https:\/\/dorogimedence.hu\/wp-content\/uploads\/2026\/06\/733529511_1541085220748425_3165623095445982936_n.jpg 2048w, https:\/\/dorogimedence.hu\/wp-content\/uploads\/2026\/06\/733529511_1541085220748425_3165623095445982936_n-600x400.jpg 600w, https:\/\/dorogimedence.hu\/wp-content\/uploads\/2026\/06\/733529511_1541085220748425_3165623095445982936_n-1920x1280.jpg 1920w, https:\/\/dorogimedence.hu\/wp-content\/uploads\/2026\/06\/733529511_1541085220748425_3165623095445982936_n-768x512.jpg 768w, https:\/\/dorogimedence.hu\/wp-content\/uploads\/2026\/06\/733529511_1541085220748425_3165623095445982936_n-1536x1024.jpg 1536w, https:\/\/dorogimedence.hu\/wp-content\/uploads\/2026\/06\/733529511_1541085220748425_3165623095445982936_n-150x100.jpg 150w, https:\/\/dorogimedence.hu\/wp-content\/uploads\/2026\/06\/733529511_1541085220748425_3165623095445982936_n-450x300.jpg 450w, https:\/\/dorogimedence.hu\/wp-content\/uploads\/2026\/06\/733529511_1541085220748425_3165623095445982936_n-1200x800.jpg 1200w, https:\/\/dorogimedence.hu\/wp-content\/uploads\/2026\/06\/733529511_1541085220748425_3165623095445982936_n-272x182.jpg 272w\" sizes=\"(max-width: 2048px) 100vw, 2048px\" \/><\/p>\n<p>B\u00e1nhidi L\u00e1szl\u00f3 szerint sz\u00e1z \u00e9v egy sportegyes\u00fclet \u00e9let\u00e9ben nem csup\u00e1n egy sz\u00e1m, egy \u00e9vsz\u00e1zad k\u00f6z\u00f6ss\u00e9get, kitart\u00e1st, hagyom\u00e1nyt \u00e9s gener\u00e1ci\u00f3kon \u00e1t\u00edvel\u0151 \u00f6sszetartoz\u00e1st jelent. Az eltelt id\u0151szak alatt sportol\u00f3k, edz\u0151k, vezet\u0151k, szurkol\u00f3k, t\u00e1mogat\u00f3k \u00e9s csal\u00e1dok sokas\u00e1ga j\u00e1rult hozz\u00e1 ahhoz, hogy a Tokod \u00dcveggy\u00e1ri Sport Club egykor az orsz\u00e1g, a t\u00e9rs\u00e9g, \u00e9s a telep\u00fcl\u00e9s egyik legmeghat\u00e1roz\u00f3bb k\u00f6z\u00f6ss\u00e9g\u00e9v\u00e9 v\u00e1ljon. Gratul\u00e1lt a T\u00dcSC jelenlegi j\u00e1t\u00e9kosainak, akik egym\u00e1s ut\u00e1n k\u00e9tszer szereztek bajnoki c\u00edmet.<\/p>\n<p>Horv\u00e1th Mih\u00e1ly, a jubileum egyik szervez\u0151je, a T\u00dcSC eml\u00e9keinek gy\u0171jt\u0151je t\u00f6rt\u00e9nelmi el\u0151ad\u00e1st tartott a kezdetekt\u0151l a 1972-ig tart\u00f3 id\u0151szakr\u00f3l. Sokan nem is tudj\u00e1k, de m\u00e1r 1913-ban volt labdar\u00fag\u00e1s Tokod-\u00fcveggy\u00e1rban. A legnagyobb siker az volt, hogy a T\u00dcSC az 1940\/41-es szezonban az NB I-ben szerepelhetett. A megy\u00e9ben egyed\u00fclik\u00e9nt nyerte meg a Corinthian kup\u00e1t, els\u0151 labdar\u00fag\u00f3 olimpikont Berta J\u00f3zsef szem\u00e9ly\u00e9ben.<\/p>\n<p><img loading=\"lazy\" decoding=\"async\" class=\"alignnone size-full wp-image-81572\" src=\"https:\/\/dorogimedence.hu\/wp-content\/uploads\/2026\/06\/732644700_1617992356592143_7382011133576215019_n.jpg\" alt=\"\" width=\"2048\" height=\"1365\" srcset=\"https:\/\/dorogimedence.hu\/wp-content\/uploads\/2026\/06\/732644700_1617992356592143_7382011133576215019_n.jpg 2048w, https:\/\/dorogimedence.hu\/wp-content\/uploads\/2026\/06\/732644700_1617992356592143_7382011133576215019_n-600x400.jpg 600w, https:\/\/dorogimedence.hu\/wp-content\/uploads\/2026\/06\/732644700_1617992356592143_7382011133576215019_n-1920x1280.jpg 1920w, https:\/\/dorogimedence.hu\/wp-content\/uploads\/2026\/06\/732644700_1617992356592143_7382011133576215019_n-768x512.jpg 768w, https:\/\/dorogimedence.hu\/wp-content\/uploads\/2026\/06\/732644700_1617992356592143_7382011133576215019_n-1536x1024.jpg 1536w, https:\/\/dorogimedence.hu\/wp-content\/uploads\/2026\/06\/732644700_1617992356592143_7382011133576215019_n-150x100.jpg 150w, https:\/\/dorogimedence.hu\/wp-content\/uploads\/2026\/06\/732644700_1617992356592143_7382011133576215019_n-450x300.jpg 450w, https:\/\/dorogimedence.hu\/wp-content\/uploads\/2026\/06\/732644700_1617992356592143_7382011133576215019_n-1200x800.jpg 1200w, https:\/\/dorogimedence.hu\/wp-content\/uploads\/2026\/06\/732644700_1617992356592143_7382011133576215019_n-272x182.jpg 272w\" sizes=\"(max-width: 2048px) 100vw, 2048px\" \/><\/p>\n<p>P\u00e1ncz\u00e9l Mih\u00e1ly, kor\u00e1bbi polg\u00e1rmester \u00e9s klubeln\u00f6k 1972-t\u0151l napjainkig tart\u00f3 \u00e9vtizedeket id\u00e9zte fel. Eml\u00edtette, hogy volt olyan id\u0151szak, mikor a T\u00dcSC mellett Tokodon m\u00e9g h\u00e1rom \u201eb\u00e1ny\u00e1sz csapat\u201d is l\u00e9tezett, nagy rangad\u00f3kat v\u00edvtak egym\u00e1ssal a futballist\u00e1k. V\u00e9lem\u00e9nye szerint Tokod legjobb j\u00e1t\u00e9kosa M\u00e9sz\u00e1ros Ferenc volt, aki egyszeres magyar \u00e9s h\u00e1romszoros rom\u00e1n v\u00e1logatott volt, j\u00e1tszott Franciaorsz\u00e1gban, Portug\u00e1li\u00e1ban \u00e9s Olaszorsz\u00e1gban is, majd kiv\u00e1ndorolt Guatemal\u00e1ba. Kit\u00e9rt arra is, hogy a futball mellett kor\u00e1bban t\u00f6bb szakoszt\u00e1lya (asztalitenisz, birk\u00f3z\u00e1s, boksz, r\u00f6plabda, sakk, s\u00falyemel\u00e9s) is volt az egyes\u00fcletnek. Az asztalitenisz \u00e9s a r\u00f6plabda annyira n\u00e9pszer\u0171 volt, hogy volt egyar\u00e1nt f\u00e9rfi \u00e9s n\u0151i csapat is Tokod-\u00fcveggy\u00e1rban.<\/p>\n<p>Halmai Tam\u00e1s, a kisp\u00e1ly\u00e1s csapat egyik t\u00e1mogat\u00f3jak\u00e9nt m\u00e9ltatta azokat, akik n\u00e9lk\u00fcl nem j\u00f6hetett volna l\u00e9tre a rendezv\u00e9ny, illetve gratul\u00e1lt a bajnokcsapatnak, mely zsin\u00f3rban m\u00e1sodik alkalommal lett arany\u00e9rmes. Ezut\u00e1n t\u00f6bb szem\u00e9lyes \u00fcveggy\u00e1ri \u00e9lm\u00e9ny\u00e9t osztotta meg a jelenl\u00e9v\u0151kkel.<\/p>\n<p><img loading=\"lazy\" decoding=\"async\" class=\"alignnone size-full wp-image-81568\" src=\"https:\/\/dorogimedence.hu\/wp-content\/uploads\/2026\/06\/731366023_1398320992136899_95044191001784637_n.jpg\" alt=\"\" width=\"2048\" height=\"1365\" srcset=\"https:\/\/dorogimedence.hu\/wp-content\/uploads\/2026\/06\/731366023_1398320992136899_95044191001784637_n.jpg 2048w, https:\/\/dorogimedence.hu\/wp-content\/uploads\/2026\/06\/731366023_1398320992136899_95044191001784637_n-600x400.jpg 600w, https:\/\/dorogimedence.hu\/wp-content\/uploads\/2026\/06\/731366023_1398320992136899_95044191001784637_n-1920x1280.jpg 1920w, https:\/\/dorogimedence.hu\/wp-content\/uploads\/2026\/06\/731366023_1398320992136899_95044191001784637_n-768x512.jpg 768w, https:\/\/dorogimedence.hu\/wp-content\/uploads\/2026\/06\/731366023_1398320992136899_95044191001784637_n-1536x1024.jpg 1536w, https:\/\/dorogimedence.hu\/wp-content\/uploads\/2026\/06\/731366023_1398320992136899_95044191001784637_n-150x100.jpg 150w, https:\/\/dorogimedence.hu\/wp-content\/uploads\/2026\/06\/731366023_1398320992136899_95044191001784637_n-450x300.jpg 450w, https:\/\/dorogimedence.hu\/wp-content\/uploads\/2026\/06\/731366023_1398320992136899_95044191001784637_n-1200x800.jpg 1200w, https:\/\/dorogimedence.hu\/wp-content\/uploads\/2026\/06\/731366023_1398320992136899_95044191001784637_n-272x182.jpg 272w\" sizes=\"(max-width: 2048px) 100vw, 2048px\" \/><\/p>\n<p>Az \u00fcnneps\u00e9g v\u00e9g\u00e9hez k\u00f6zeledve Csernik Ferenc \u00e9s T\u00f3th Imre J\u00e1nos eln\u00f6khelyettes eml\u00e9klapokat \u00e9s aj\u00e1nd\u00e9kokat adtak \u00e1t, majd T\u00f3th Imre J\u00e1nos bemutatta a bajnokcsapat tagjait. A rendezv\u00e9nyen vehette \u00e1t Kissz\u00f6lgy\u00e9mi D\u00e1niel a bajnoks\u00e1g legjobb kapus\u00e1nak j\u00e1r\u00f3 d\u00edjat, Budav\u00e1ri D\u00e1niel pedig a h\u00e1zi g\u00f3lkir\u00e1lyi c\u00edm\u00e9rt j\u00e1r\u00f3 elismer\u00e9sben r\u00e9szes\u00fclt.<\/p>\n<p>A jubileum ezut\u00e1n k\u00e9s\u0151i eb\u00e9ddel kedveskedtek a r\u00e9sztvev\u0151knek, majd a program k\u00f6tetlen besz\u00e9lget\u00e9ssel z\u00e1rult. K\u00f6sz\u00f6nj\u00fck mindenkinek, aki hozz\u00e1j\u00e1rult a rendezv\u00e9ny megszervez\u00e9s\u00e9hez \u00e9s lebonyol\u00edt\u00e1s\u00e1hoz!<\/p>\n<p>Tov\u00e1bbi k\u00e9pek <a href=\"https:\/\/tokod.hu\/tusc-jubileumi-unnepseg\/\" target=\"_blank\" rel=\"noopener\"><span style=\"text-decoration: underline; color: #0000ff;\">ide kattintva<\/span><\/a> tekinthet\u0151k meg.<\/p>\n<p><em>Fot\u00f3k, forr\u00e1s: Tokod Nagyk\u00f6zs\u00e9g \u00d6nkorm\u00e1nyzata Facebook-oldal<\/em><\/p>\n","protected":false},"excerpt":{"rendered":"<p>J\u00fanius 20-\u00e1n nagyszab\u00e1s\u00fa rendezv\u00e9nnyel \u00fcnnepelte fenn\u00e1ll\u00e1s\u00e1nak sz\u00e1zadik \u00e9vfordul\u00f3j\u00e1t a Tokod \u00dcveggy\u00e1ri Sport Club. A jubileum alkalm\u00e1b\u00f3l ki\u00e1ll\u00edt\u00e1s ny\u00edlt a klub regn\u00e1l\u00e1s\u00e1nak \u00e9vtizedeib\u0151l, amely a futball mellett az egykori r\u00f6plabda csapat, a ping-pongosok, bokszol\u00f3k, sakkoz\u00f3k sikereit is bemutatta. Az esem\u00e9ny m\u00e1r d\u00e9lel\u0151tt elkezd\u0151d\u00f6tt, a Tokodi Mesev\u00e1r \u00d3voda \u00fcveggy\u00e1ri telephely\u00e9nek \u00e9s a Tokodi Mesev\u00e1r B\u00f6lcs\u0151de dolgoz\u00f3i k\u00f6z\u00f6s<\/p>\n","protected":false},"author":1,"featured_media":81567,"comment_status":"closed","ping_status":"closed","sticky":false,"template":"","format":"standard","meta":{"ngg_post_thumbnail":0,"footnotes":""},"categories":[3,5,6],"tags":[70,69,72,16,12,8950,8055],"class_list":["post-81566","post","type-post","status-publish","format-standard","has-post-thumbnail","category-hirek","category-sport","category-tokod","tag-foci","tag-futball","tag-labdarugas","tag-sport","tag-tokod","tag-tokod-uveggyari-sport-club","tag-tusc"],"yoast_head":"<!-- This site is optimized with the Yoast SEO plugin v28.3 - https:\/\/yoast.com\/product\/yoast-seo-wordpress\/ -->\n<title>Sz\u00e1z gyertya \u00e9gett a T\u00dcSC k\u00e9pzeletbeli tort\u00e1j\u00e1n<\/title>\n<meta name=\"robots\" content=\"index, follow, max-snippet:-1, max-image-preview:large, max-video-preview:-1\" \/>\n<link rel=\"canonical\" href=\"https:\/\/dorogimedence.hu\/index.php\/2026\/06\/29\/szaz-gyertya-egett-a-tusc-kepzeletbeli-tortajan\/\" class=\"yoast-seo-meta-tag\" \/>\n<meta property=\"og:locale\" content=\"hu_HU\" class=\"yoast-seo-meta-tag\" \/>\n<meta property=\"og:type\" content=\"article\" class=\"yoast-seo-meta-tag\" \/>\n<meta property=\"og:title\" content=\"Sz\u00e1z gyertya \u00e9gett a T\u00dcSC k\u00e9pzeletbeli tort\u00e1j\u00e1n\" class=\"yoast-seo-meta-tag\" \/>\n<meta property=\"og:description\" content=\"J\u00fanius 20-\u00e1n nagyszab\u00e1s\u00fa rendezv\u00e9nnyel \u00fcnnepelte fenn\u00e1ll\u00e1s\u00e1nak sz\u00e1zadik \u00e9vfordul\u00f3j\u00e1t a Tokod \u00dcveggy\u00e1ri Sport Club. A jubileum alkalm\u00e1b\u00f3l ki\u00e1ll\u00edt\u00e1s ny\u00edlt a klub regn\u00e1l\u00e1s\u00e1nak \u00e9vtizedeib\u0151l, amely a futball mellett az egykori r\u00f6plabda csapat, a ping-pongosok, bokszol\u00f3k, sakkoz\u00f3k sikereit is bemutatta. Az esem\u00e9ny m\u00e1r d\u00e9lel\u0151tt elkezd\u0151d\u00f6tt, a Tokodi Mesev\u00e1r \u00d3voda \u00fcveggy\u00e1ri telephely\u00e9nek \u00e9s a Tokodi Mesev\u00e1r B\u00f6lcs\u0151de dolgoz\u00f3i k\u00f6z\u00f6s\" class=\"yoast-seo-meta-tag\" \/>\n<meta property=\"og:url\" content=\"https:\/\/dorogimedence.hu\/index.php\/2026\/06\/29\/szaz-gyertya-egett-a-tusc-kepzeletbeli-tortajan\/\" class=\"yoast-seo-meta-tag\" \/>\n<meta property=\"og:site_name\" content=\"Dorogi-medence Region\u00e1lis H\u00edrport\u00e1l\" class=\"yoast-seo-meta-tag\" \/>\n<meta property=\"article:publisher\" content=\"https:\/\/www.facebook.com\/dorogimedence\/\" class=\"yoast-seo-meta-tag\" \/>\n<meta property=\"article:published_time\" content=\"2026-06-29T07:51:53+00:00\" class=\"yoast-seo-meta-tag\" \/>\n<meta property=\"og:image\" content=\"https:\/\/dorogimedence.hu\/wp-content\/uploads\/2026\/06\/731093774_957633273929070_5145335708696936923_n.jpg\" class=\"yoast-seo-meta-tag\" \/>\n\t<meta property=\"og:image:width\" content=\"2048\" class=\"yoast-seo-meta-tag\" \/>\n\t<meta property=\"og:image:height\" content=\"1365\" class=\"yoast-seo-meta-tag\" \/>\n\t<meta property=\"og:image:type\" content=\"image\/jpeg\" class=\"yoast-seo-meta-tag\" \/>\n<meta name=\"author\" content=\"dorogimedence.hu\" class=\"yoast-seo-meta-tag\" \/>\n<meta name=\"twitter:card\" content=\"summary_large_image\" class=\"yoast-seo-meta-tag\" \/>\n<meta name=\"twitter:label1\" content=\"Szerz\u0151:\" class=\"yoast-seo-meta-tag\" \/>\n\t<meta name=\"twitter:data1\" content=\"dorogimedence.hu\" class=\"yoast-seo-meta-tag\" \/>\n\t<meta name=\"twitter:label2\" content=\"Becs\u00fclt olvas\u00e1si id\u0151\" class=\"yoast-seo-meta-tag\" \/>\n\t<meta name=\"twitter:data2\" content=\"6 perc\" class=\"yoast-seo-meta-tag\" \/>\n<script type=\"application\/ld+json\" class=\"yoast-schema-graph\">{\"@context\":\"https:\\\/\\\/schema.org\",\"@graph\":[{\"@type\":\"Article\",\"@id\":\"https:\\\/\\\/dorogimedence.hu\\\/index.php\\\/2026\\\/06\\\/29\\\/szaz-gyertya-egett-a-tusc-kepzeletbeli-tortajan\\\/#article\",\"isPartOf\":{\"@id\":\"https:\\\/\\\/dorogimedence.hu\\\/index.php\\\/2026\\\/06\\\/29\\\/szaz-gyertya-egett-a-tusc-kepzeletbeli-tortajan\\\/\"},\"author\":{\"name\":\"dorogimedence.hu\",\"@id\":\"https:\\\/\\\/dorogimedence.hu\\\/#\\\/schema\\\/person\\\/ce6091eeb7e95ecdc87890d6aa8e0fd4\"},\"headline\":\"Sz\u00e1z gyertya \u00e9gett a T\u00dcSC k\u00e9pzeletbeli tort\u00e1j\u00e1n\",\"datePublished\":\"2026-06-29T07:51:53+00:00\",\"mainEntityOfPage\":{\"@id\":\"https:\\\/\\\/dorogimedence.hu\\\/index.php\\\/2026\\\/06\\\/29\\\/szaz-gyertya-egett-a-tusc-kepzeletbeli-tortajan\\\/\"},\"wordCount\":1181,\"publisher\":{\"@id\":\"https:\\\/\\\/dorogimedence.hu\\\/#organization\"},\"image\":{\"@id\":\"https:\\\/\\\/dorogimedence.hu\\\/index.php\\\/2026\\\/06\\\/29\\\/szaz-gyertya-egett-a-tusc-kepzeletbeli-tortajan\\\/#primaryimage\"},\"thumbnailUrl\":\"https:\\\/\\\/dorogimedence.hu\\\/wp-content\\\/uploads\\\/2026\\\/06\\\/731093774_957633273929070_5145335708696936923_n.jpg\",\"keywords\":[\"foci\",\"futball\",\"labdar\u00fag\u00e1s\",\"sport\",\"Tokod\",\"Tokod \u00dcveggy\u00e1ri Sport Club\",\"T\u00dcSC\"],\"articleSection\":[\"H\u00edrek\",\"Sport\",\"Tokod\"],\"inLanguage\":\"hu\"},{\"@type\":\"WebPage\",\"@id\":\"https:\\\/\\\/dorogimedence.hu\\\/index.php\\\/2026\\\/06\\\/29\\\/szaz-gyertya-egett-a-tusc-kepzeletbeli-tortajan\\\/\",\"url\":\"https:\\\/\\\/dorogimedence.hu\\\/index.php\\\/2026\\\/06\\\/29\\\/szaz-gyertya-egett-a-tusc-kepzeletbeli-tortajan\\\/\",\"name\":\"Sz\u00e1z gyertya \u00e9gett a T\u00dcSC k\u00e9pzeletbeli tort\u00e1j\u00e1n\",\"isPartOf\":{\"@id\":\"https:\\\/\\\/dorogimedence.hu\\\/#website\"},\"primaryImageOfPage\":{\"@id\":\"https:\\\/\\\/dorogimedence.hu\\\/index.php\\\/2026\\\/06\\\/29\\\/szaz-gyertya-egett-a-tusc-kepzeletbeli-tortajan\\\/#primaryimage\"},\"image\":{\"@id\":\"https:\\\/\\\/dorogimedence.hu\\\/index.php\\\/2026\\\/06\\\/29\\\/szaz-gyertya-egett-a-tusc-kepzeletbeli-tortajan\\\/#primaryimage\"},\"thumbnailUrl\":\"https:\\\/\\\/dorogimedence.hu\\\/wp-content\\\/uploads\\\/2026\\\/06\\\/731093774_957633273929070_5145335708696936923_n.jpg\",\"datePublished\":\"2026-06-29T07:51:53+00:00\",\"breadcrumb\":{\"@id\":\"https:\\\/\\\/dorogimedence.hu\\\/index.php\\\/2026\\\/06\\\/29\\\/szaz-gyertya-egett-a-tusc-kepzeletbeli-tortajan\\\/#breadcrumb\"},\"inLanguage\":\"hu\",\"potentialAction\":[{\"@type\":\"ReadAction\",\"target\":[\"https:\\\/\\\/dorogimedence.hu\\\/index.php\\\/2026\\\/06\\\/29\\\/szaz-gyertya-egett-a-tusc-kepzeletbeli-tortajan\\\/\"]}]},{\"@type\":\"ImageObject\",\"inLanguage\":\"hu\",\"@id\":\"https:\\\/\\\/dorogimedence.hu\\\/index.php\\\/2026\\\/06\\\/29\\\/szaz-gyertya-egett-a-tusc-kepzeletbeli-tortajan\\\/#primaryimage\",\"url\":\"https:\\\/\\\/dorogimedence.hu\\\/wp-content\\\/uploads\\\/2026\\\/06\\\/731093774_957633273929070_5145335708696936923_n.jpg\",\"contentUrl\":\"https:\\\/\\\/dorogimedence.hu\\\/wp-content\\\/uploads\\\/2026\\\/06\\\/731093774_957633273929070_5145335708696936923_n.jpg\",\"width\":2048,\"height\":1365},{\"@type\":\"BreadcrumbList\",\"@id\":\"https:\\\/\\\/dorogimedence.hu\\\/index.php\\\/2026\\\/06\\\/29\\\/szaz-gyertya-egett-a-tusc-kepzeletbeli-tortajan\\\/#breadcrumb\",\"itemListElement\":[{\"@type\":\"ListItem\",\"position\":1,\"name\":\"Kezd\u0151lap\",\"item\":\"https:\\\/\\\/dorogimedence.hu\\\/\"},{\"@type\":\"ListItem\",\"position\":2,\"name\":\"Sz\u00e1z gyertya \u00e9gett a T\u00dcSC k\u00e9pzeletbeli tort\u00e1j\u00e1n\"}]},{\"@type\":\"WebSite\",\"@id\":\"https:\\\/\\\/dorogimedence.hu\\\/#website\",\"url\":\"https:\\\/\\\/dorogimedence.hu\\\/\",\"name\":\"Dorogi-medence Region\u00e1lis H\u00edrport\u00e1l\",\"description\":\"Dorog, Keszt\u00f6lc, Le\u00e1nyv\u00e1r, Piliscs\u00e9v, Tokod, Tokodalt\u00e1r\u00f3, Csolnok, Esztergom-kertv\u00e1ros: h\u00edrek, programok\",\"publisher\":{\"@id\":\"https:\\\/\\\/dorogimedence.hu\\\/#organization\"},\"potentialAction\":[{\"@type\":\"SearchAction\",\"target\":{\"@type\":\"EntryPoint\",\"urlTemplate\":\"https:\\\/\\\/dorogimedence.hu\\\/?s={search_term_string}\"},\"query-input\":{\"@type\":\"PropertyValueSpecification\",\"valueRequired\":true,\"valueName\":\"search_term_string\"}}],\"inLanguage\":\"hu\"},{\"@type\":\"Organization\",\"@id\":\"https:\\\/\\\/dorogimedence.hu\\\/#organization\",\"name\":\"Dorogi-medence Region\u00e1lis H\u00edrport\u00e1l\",\"url\":\"https:\\\/\\\/dorogimedence.hu\\\/\",\"logo\":{\"@type\":\"ImageObject\",\"inLanguage\":\"hu\",\"@id\":\"https:\\\/\\\/dorogimedence.hu\\\/#\\\/schema\\\/logo\\\/image\\\/\",\"url\":\"https:\\\/\\\/dorogimedence.hu\\\/wp-content\\\/uploads\\\/2021\\\/04\\\/logo-feher-600.png\",\"contentUrl\":\"https:\\\/\\\/dorogimedence.hu\\\/wp-content\\\/uploads\\\/2021\\\/04\\\/logo-feher-600.png\",\"width\":600,\"height\":100,\"caption\":\"Dorogi-medence Region\u00e1lis H\u00edrport\u00e1l\"},\"image\":{\"@id\":\"https:\\\/\\\/dorogimedence.hu\\\/#\\\/schema\\\/logo\\\/image\\\/\"},\"sameAs\":[\"https:\\\/\\\/www.facebook.com\\\/dorogimedence\\\/\"]},{\"@type\":\"Person\",\"@id\":\"https:\\\/\\\/dorogimedence.hu\\\/#\\\/schema\\\/person\\\/ce6091eeb7e95ecdc87890d6aa8e0fd4\",\"name\":\"dorogimedence.hu\",\"image\":{\"@type\":\"ImageObject\",\"inLanguage\":\"hu\",\"@id\":\"\\\/\\\/www.gravatar.com\\\/avatar\\\/d8d45f8901aadff40a4af72c0b826f1d?s=96&#038;r=g&#038;d=mm\",\"url\":\"\\\/\\\/www.gravatar.com\\\/avatar\\\/d8d45f8901aadff40a4af72c0b826f1d?s=96&#038;r=g&#038;d=mm\",\"contentUrl\":\"\\\/\\\/www.gravatar.com\\\/avatar\\\/d8d45f8901aadff40a4af72c0b826f1d?s=96&#038;r=g&#038;d=mm\",\"caption\":\"dorogimedence.hu\"}}]}<\/script>\n<!-- \/ Yoast SEO plugin. -->","yoast_head_json":{"title":"Sz\u00e1z gyertya \u00e9gett a T\u00dcSC k\u00e9pzeletbeli tort\u00e1j\u00e1n","robots":{"index":"index","follow":"follow","max-snippet":"max-snippet:-1","max-image-preview":"max-image-preview:large","max-video-preview":"max-video-preview:-1"},"canonical":"https:\/\/dorogimedence.hu\/index.php\/2026\/06\/29\/szaz-gyertya-egett-a-tusc-kepzeletbeli-tortajan\/","og_locale":"hu_HU","og_type":"article","og_title":"Sz\u00e1z gyertya \u00e9gett a T\u00dcSC k\u00e9pzeletbeli tort\u00e1j\u00e1n","og_description":"J\u00fanius 20-\u00e1n nagyszab\u00e1s\u00fa rendezv\u00e9nnyel \u00fcnnepelte fenn\u00e1ll\u00e1s\u00e1nak sz\u00e1zadik \u00e9vfordul\u00f3j\u00e1t a Tokod \u00dcveggy\u00e1ri Sport Club. A jubileum alkalm\u00e1b\u00f3l ki\u00e1ll\u00edt\u00e1s ny\u00edlt a klub regn\u00e1l\u00e1s\u00e1nak \u00e9vtizedeib\u0151l, amely a futball mellett az egykori r\u00f6plabda csapat, a ping-pongosok, bokszol\u00f3k, sakkoz\u00f3k sikereit is bemutatta. Az esem\u00e9ny m\u00e1r d\u00e9lel\u0151tt elkezd\u0151d\u00f6tt, a Tokodi Mesev\u00e1r \u00d3voda \u00fcveggy\u00e1ri telephely\u00e9nek \u00e9s a Tokodi Mesev\u00e1r B\u00f6lcs\u0151de dolgoz\u00f3i k\u00f6z\u00f6s","og_url":"https:\/\/dorogimedence.hu\/index.php\/2026\/06\/29\/szaz-gyertya-egett-a-tusc-kepzeletbeli-tortajan\/","og_site_name":"Dorogi-medence Region\u00e1lis H\u00edrport\u00e1l","article_publisher":"https:\/\/www.facebook.com\/dorogimedence\/","article_published_time":"2026-06-29T07:51:53+00:00","og_image":[{"width":2048,"height":1365,"url":"https:\/\/dorogimedence.hu\/wp-content\/uploads\/2026\/06\/731093774_957633273929070_5145335708696936923_n.jpg","type":"image\/jpeg"}],"author":"dorogimedence.hu","twitter_card":"summary_large_image","twitter_misc":{"Szerz\u0151:":"dorogimedence.hu","Becs\u00fclt olvas\u00e1si id\u0151":"6 perc"},"schema":{"@context":"https:\/\/schema.org","@graph":[{"@type":"Article","@id":"https:\/\/dorogimedence.hu\/index.php\/2026\/06\/29\/szaz-gyertya-egett-a-tusc-kepzeletbeli-tortajan\/#article","isPartOf":{"@id":"https:\/\/dorogimedence.hu\/index.php\/2026\/06\/29\/szaz-gyertya-egett-a-tusc-kepzeletbeli-tortajan\/"},"author":{"name":"dorogimedence.hu","@id":"https:\/\/dorogimedence.hu\/#\/schema\/person\/ce6091eeb7e95ecdc87890d6aa8e0fd4"},"headline":"Sz\u00e1z gyertya \u00e9gett a T\u00dcSC k\u00e9pzeletbeli tort\u00e1j\u00e1n","datePublished":"2026-06-29T07:51:53+00:00","mainEntityOfPage":{"@id":"https:\/\/dorogimedence.hu\/index.php\/2026\/06\/29\/szaz-gyertya-egett-a-tusc-kepzeletbeli-tortajan\/"},"wordCount":1181,"publisher":{"@id":"https:\/\/dorogimedence.hu\/#organization"},"image":{"@id":"https:\/\/dorogimedence.hu\/index.php\/2026\/06\/29\/szaz-gyertya-egett-a-tusc-kepzeletbeli-tortajan\/#primaryimage"},"thumbnailUrl":"https:\/\/dorogimedence.hu\/wp-content\/uploads\/2026\/06\/731093774_957633273929070_5145335708696936923_n.jpg","keywords":["foci","futball","labdar\u00fag\u00e1s","sport","Tokod","Tokod \u00dcveggy\u00e1ri Sport Club","T\u00dcSC"],"articleSection":["H\u00edrek","Sport","Tokod"],"inLanguage":"hu"},{"@type":"WebPage","@id":"https:\/\/dorogimedence.hu\/index.php\/2026\/06\/29\/szaz-gyertya-egett-a-tusc-kepzeletbeli-tortajan\/","url":"https:\/\/dorogimedence.hu\/index.php\/2026\/06\/29\/szaz-gyertya-egett-a-tusc-kepzeletbeli-tortajan\/","name":"Sz\u00e1z gyertya \u00e9gett a T\u00dcSC k\u00e9pzeletbeli tort\u00e1j\u00e1n","isPartOf":{"@id":"https:\/\/dorogimedence.hu\/#website"},"primaryImageOfPage":{"@id":"https:\/\/dorogimedence.hu\/index.php\/2026\/06\/29\/szaz-gyertya-egett-a-tusc-kepzeletbeli-tortajan\/#primaryimage"},"image":{"@id":"https:\/\/dorogimedence.hu\/index.php\/2026\/06\/29\/szaz-gyertya-egett-a-tusc-kepzeletbeli-tortajan\/#primaryimage"},"thumbnailUrl":"https:\/\/dorogimedence.hu\/wp-content\/uploads\/2026\/06\/731093774_957633273929070_5145335708696936923_n.jpg","datePublished":"2026-06-29T07:51:53+00:00","breadcrumb":{"@id":"https:\/\/dorogimedence.hu\/index.php\/2026\/06\/29\/szaz-gyertya-egett-a-tusc-kepzeletbeli-tortajan\/#breadcrumb"},"inLanguage":"hu","potentialAction":[{"@type":"ReadAction","target":["https:\/\/dorogimedence.hu\/index.php\/2026\/06\/29\/szaz-gyertya-egett-a-tusc-kepzeletbeli-tortajan\/"]}]},{"@type":"ImageObject","inLanguage":"hu","@id":"https:\/\/dorogimedence.hu\/index.php\/2026\/06\/29\/szaz-gyertya-egett-a-tusc-kepzeletbeli-tortajan\/#primaryimage","url":"https:\/\/dorogimedence.hu\/wp-content\/uploads\/2026\/06\/731093774_957633273929070_5145335708696936923_n.jpg","contentUrl":"https:\/\/dorogimedence.hu\/wp-content\/uploads\/2026\/06\/731093774_957633273929070_5145335708696936923_n.jpg","width":2048,"height":1365},{"@type":"BreadcrumbList","@id":"https:\/\/dorogimedence.hu\/index.php\/2026\/06\/29\/szaz-gyertya-egett-a-tusc-kepzeletbeli-tortajan\/#breadcrumb","itemListElement":[{"@type":"ListItem","position":1,"name":"Kezd\u0151lap","item":"https:\/\/dorogimedence.hu\/"},{"@type":"ListItem","position":2,"name":"Sz\u00e1z gyertya \u00e9gett a T\u00dcSC k\u00e9pzeletbeli tort\u00e1j\u00e1n"}]},{"@type":"WebSite","@id":"https:\/\/dorogimedence.hu\/#website","url":"https:\/\/dorogimedence.hu\/","name":"Dorogi-medence Region\u00e1lis H\u00edrport\u00e1l","description":"Dorog, Keszt\u00f6lc, Le\u00e1nyv\u00e1r, Piliscs\u00e9v, Tokod, Tokodalt\u00e1r\u00f3, Csolnok, Esztergom-kertv\u00e1ros: h\u00edrek, programok","publisher":{"@id":"https:\/\/dorogimedence.hu\/#organization"},"potentialAction":[{"@type":"SearchAction","target":{"@type":"EntryPoint","urlTemplate":"https:\/\/dorogimedence.hu\/?s={search_term_string}"},"query-input":{"@type":"PropertyValueSpecification","valueRequired":true,"valueName":"search_term_string"}}],"inLanguage":"hu"},{"@type":"Organization","@id":"https:\/\/dorogimedence.hu\/#organization","name":"Dorogi-medence Region\u00e1lis H\u00edrport\u00e1l","url":"https:\/\/dorogimedence.hu\/","logo":{"@type":"ImageObject","inLanguage":"hu","@id":"https:\/\/dorogimedence.hu\/#\/schema\/logo\/image\/","url":"https:\/\/dorogimedence.hu\/wp-content\/uploads\/2021\/04\/logo-feher-600.png","contentUrl":"https:\/\/dorogimedence.hu\/wp-content\/uploads\/2021\/04\/logo-feher-600.png","width":600,"height":100,"caption":"Dorogi-medence Region\u00e1lis H\u00edrport\u00e1l"},"image":{"@id":"https:\/\/dorogimedence.hu\/#\/schema\/logo\/image\/"},"sameAs":["https:\/\/www.facebook.com\/dorogimedence\/"]},{"@type":"Person","@id":"https:\/\/dorogimedence.hu\/#\/schema\/person\/ce6091eeb7e95ecdc87890d6aa8e0fd4","name":"dorogimedence.hu","image":{"@type":"ImageObject","inLanguage":"hu","@id":"\/\/www.gravatar.com\/avatar\/d8d45f8901aadff40a4af72c0b826f1d?s=96&#038;r=g&#038;d=mm","url":"\/\/www.gravatar.com\/avatar\/d8d45f8901aadff40a4af72c0b826f1d?s=96&#038;r=g&#038;d=mm","contentUrl":"\/\/www.gravatar.com\/avatar\/d8d45f8901aadff40a4af72c0b826f1d?s=96&#038;r=g&#038;d=mm","caption":"dorogimedence.hu"}}]}},"_links":{"self":[{"href":"https:\/\/dorogimedence.hu\/index.php\/wp-json\/wp\/v2\/posts\/81566","targetHints":{"allow":["GET"]}}],"collection":[{"href":"https:\/\/dorogimedence.hu\/index.php\/wp-json\/wp\/v2\/posts"}],"about":[{"href":"https:\/\/dorogimedence.hu\/index.php\/wp-json\/wp\/v2\/types\/post"}],"author":[{"embeddable":true,"href":"https:\/\/dorogimedence.hu\/index.php\/wp-json\/wp\/v2\/users\/1"}],"replies":[{"embeddable":true,"href":"https:\/\/dorogimedence.hu\/index.php\/wp-json\/wp\/v2\/comments?post=81566"}],"version-history":[{"count":1,"href":"https:\/\/dorogimedence.hu\/index.php\/wp-json\/wp\/v2\/posts\/81566\/revisions"}],"predecessor-version":[{"id":81573,"href":"https:\/\/dorogimedence.hu\/index.php\/wp-json\/wp\/v2\/posts\/81566\/revisions\/81573"}],"wp:featuredmedia":[{"embeddable":true,"href":"https:\/\/dorogimedence.hu\/index.php\/wp-json\/wp\/v2\/media\/81567"}],"wp:attachment":[{"href":"https:\/\/dorogimedence.hu\/index.php\/wp-json\/wp\/v2\/media?parent=81566"}],"wp:term":[{"taxonomy":"category","embeddable":true,"href":"https:\/\/dorogimedence.hu\/index.php\/wp-json\/wp\/v2\/categories?post=81566"},{"taxonomy":"post_tag","embeddable":true,"href":"https:\/\/dorogimedence.hu\/index.php\/wp-json\/wp\/v2\/tags?post=81566"}],"curies":[{"name":"wp","href":"https:\/\/api.w.org\/{rel}","templated":true}]}}