{"id":8154,"date":"2018-02-05T06:50:57","date_gmt":"2018-02-05T05:50:57","guid":{"rendered":"http:\/\/dorogimedence.hu\/?p=8154"},"modified":"2018-02-05T06:50:57","modified_gmt":"2018-02-05T05:50:57","slug":"ovd-a-gyalogost","status":"publish","type":"post","link":"https:\/\/dorogimedence.hu\/index.php\/2018\/02\/05\/ovd-a-gyalogost\/","title":{"rendered":"\u00d3vd a gyalogost!"},"content":{"rendered":"<p style=\"text-align: justify;\"><strong>\u0150sszel \u00e9s t\u00e9len a k\u00f6z\u00fati k\u00f6zleked\u00e9st befoly\u00e1sol\u00f3\u00a0id\u0151j\u00e1r\u00e1si, l\u00e1t\u00e1si \u00e9s az \u00fatviszonyok egyar\u00e1nt kedvez\u0151tlen\u00fcl v\u00e1ltoznak. Ebben az id\u0151szakban sajn\u00e1latos m\u00f3don sok gyalogost \u00fctnek el a k\u00f6zutakon.<\/strong><\/p>\n<p style=\"text-align: justify;\">Ezen balesetek t\u00f6bbs\u00e9g\u00e9ben a gyalogos v\u00e9tlen r\u00e9sztvev\u0151k\u00e9nt s\u00e9r\u00fcl meg. Sajnos nagy sz\u00e1mban fordulnak el\u0151 olyan esetek, amelyek a kijel\u00f6lt gyalogos-\u00e1tkel\u0151helyeken t\u00f6rt\u00e9nnek annak ellen\u00e9re, hogy ez a helysz\u00edn k\u00f6z\u00fati jelz\u0151t\u00e1bl\u00e1val jelezve van \u00e9s \u00fatburkolati jellel fel van festve. Ezekben az esetekben a g\u00e9pj\u00e1rm\u0171vezet\u0151k nem biztos\u00edtanak r\u00e9sz\u00fckre \u00e1thalad\u00e1si els\u0151bbs\u00e9get.<\/p>\n<p style=\"text-align: justify;\">Fenti balesetek mellett l\u00e9nyegesen kisebb sz\u00e1mban, de el\u0151fordulnak olyan esetek is, amikor a gyalogos id\u00e9zi el\u0151 a k\u00f6z\u00fati k\u00f6zleked\u00e9si balesetet azzal, hogy \u00f3vatlanul, hirtelen l\u00e9p az \u00fattestre f\u00e9kt\u00e1vols\u00e1gon bel\u00fcl.<\/p>\n<p style=\"text-align: justify;\">Vezess\u00fcnk k\u00f6r\u00fcltekint\u0151bben, \u00f3vatosabban \u00e9s lassabban! Tartsuk mindig tiszt\u00e1n a g\u00e9pj\u00e1rm\u0171 f\u00e9nysz\u00f3r\u00f3it, vil\u00e1g\u00edt\u00f3 eszk\u00f6zeit, valamint sz\u00e9lv\u00e9d\u0151it \u00e9s cser\u00e9lj\u00fck le az el\u00f6regedett ablakt\u00f6rl\u0151 lap\u00e1tot!<\/p>\n<p style=\"text-align: justify;\">A bels\u0151 p\u00e1r\u00e1sod\u00e1s megsz\u00fcntet\u00e9se n\u00e9lk\u00fcl soha ne induljunk \u00fatnak!<\/p>\n<p style=\"text-align: justify;\">Sz\u00e1moljunk mindig azzal, hogy a j\u00e1rm\u0171 f\u00e9kt\u00e1vols\u00e1ga a h\u0151m\u00e9rs\u00e9klet, a leesett csapad\u00e9k \u00e9s az \u00fatviszonyok f\u00fcggv\u00e9ny\u00e9ben ak\u00e1r jelent\u0151s m\u00e9rt\u00e9kben is megn\u0151het!<\/p>\n<p style=\"text-align: justify;\">T\u00e9len legy\u00fcnk t\u00fcrelmesebbek az \u00fattesten lassabban halad\u00f3 gyalogosokkal szemben, biztos\u00edtsuk biztons\u00e1gos \u00e1tkel\u00e9s\u00fcket, \u00e9s v\u00e9letlen\u00fcl se pr\u00f3b\u00e1ljunk meg az el\u0151tt\u00fcnk \u00e1thalad\u00f3 gyalogos m\u00f6g\u00f6tt k\u00f6zvetlen\u00fcl \u00e1thaladni!<\/p>\n<p style=\"text-align: justify;\">A gyerekek, valamint a t\u00f6bbnyire lassabban, bizonytalanabbul halad\u00f3 id\u0151sebbek k\u00fcl\u00f6n\u00f6s odafigyel\u00e9st ig\u00e9nyelnek.<\/p>\n<p style=\"text-align: justify;\">A fokozott \u00f3vatoss\u00e1gra k\u00fcl\u00f6n\u00f6sen nagy sz\u00fcks\u00e9g van a nagyobb belter\u00fcleti csom\u00f3pontokn\u00e1l, a bev\u00e1s\u00e1rl\u00f3 k\u00f6zpontok, vas\u00fati \u00e9s aut\u00f3busz p\u00e1lyaudvarok k\u00f6rnyezet\u00e9ben, a gyalogos \u00e1tkel\u0151helyek megk\u00f6zel\u00edt\u00e9se sor\u00e1n, valamint a gyermekek, a fiatalok \u00e9s az id\u0151sek \u00e1ltal l\u00e1togatott int\u00e9zm\u00e9nyek k\u00f6zel\u00e9ben.<\/p>\n<p><strong><em>Kom\u00e1rom-Esztergom Megyei Rend\u0151r-f\u0151kapit\u00e1nys\u00e1g Sajt\u00f3<\/em><\/strong><\/p>\n","protected":false},"excerpt":{"rendered":"<p>\u0150sszel \u00e9s t\u00e9len a k\u00f6z\u00fati k\u00f6zleked\u00e9st befoly\u00e1sol\u00f3\u00a0id\u0151j\u00e1r\u00e1si, l\u00e1t\u00e1si \u00e9s az \u00fatviszonyok egyar\u00e1nt kedvez\u0151tlen\u00fcl v\u00e1ltoznak. Ebben az id\u0151szakban sajn\u00e1latos m\u00f3don sok gyalogost \u00fctnek el a k\u00f6zutakon. Ezen balesetek t\u00f6bbs\u00e9g\u00e9ben a gyalogos v\u00e9tlen r\u00e9sztvev\u0151k\u00e9nt s\u00e9r\u00fcl meg. Sajnos nagy sz\u00e1mban fordulnak el\u0151 olyan esetek, amelyek a kijel\u00f6lt gyalogos-\u00e1tkel\u0151helyeken t\u00f6rt\u00e9nnek annak ellen\u00e9re, hogy ez a helysz\u00edn k\u00f6z\u00fati jelz\u0151t\u00e1bl\u00e1val jelezve<\/p>\n","protected":false},"author":1,"featured_media":4629,"comment_status":"closed","ping_status":"closed","sticky":false,"template":"","format":"standard","meta":{"ngg_post_thumbnail":0,"footnotes":""},"categories":[3],"tags":[77,285,2178,279,505],"class_list":{"0":"post-8154","1":"post","2":"type-post","3":"status-publish","4":"format-standard","5":"has-post-thumbnail","7":"category-hirek","8":"tag-felhivas","9":"tag-gazolas","10":"tag-gyalogos","11":"tag-kozlekedes","12":"tag-rendorsegi-felhivas"},"yoast_head":"<!-- This site is optimized with the Yoast SEO plugin v27.5 - https:\/\/yoast.com\/product\/yoast-seo-wordpress\/ -->\n<title>\u00d3vd a gyalogost!<\/title>\n<meta name=\"robots\" content=\"index, follow, max-snippet:-1, max-image-preview:large, max-video-preview:-1\" \/>\n<link rel=\"canonical\" href=\"https:\/\/dorogimedence.hu\/index.php\/2018\/02\/05\/ovd-a-gyalogost\/\" class=\"yoast-seo-meta-tag\" \/>\n<meta property=\"og:locale\" content=\"hu_HU\" class=\"yoast-seo-meta-tag\" \/>\n<meta property=\"og:type\" content=\"article\" class=\"yoast-seo-meta-tag\" \/>\n<meta property=\"og:title\" content=\"\u00d3vd a gyalogost!\" class=\"yoast-seo-meta-tag\" \/>\n<meta property=\"og:description\" content=\"\u0150sszel \u00e9s t\u00e9len a k\u00f6z\u00fati k\u00f6zleked\u00e9st befoly\u00e1sol\u00f3\u00a0id\u0151j\u00e1r\u00e1si, l\u00e1t\u00e1si \u00e9s az \u00fatviszonyok egyar\u00e1nt kedvez\u0151tlen\u00fcl v\u00e1ltoznak. Ebben az id\u0151szakban sajn\u00e1latos m\u00f3don sok gyalogost \u00fctnek el a k\u00f6zutakon. Ezen balesetek t\u00f6bbs\u00e9g\u00e9ben a gyalogos v\u00e9tlen r\u00e9sztvev\u0151k\u00e9nt s\u00e9r\u00fcl meg. Sajnos nagy sz\u00e1mban fordulnak el\u0151 olyan esetek, amelyek a kijel\u00f6lt gyalogos-\u00e1tkel\u0151helyeken t\u00f6rt\u00e9nnek annak ellen\u00e9re, hogy ez a helysz\u00edn k\u00f6z\u00fati jelz\u0151t\u00e1bl\u00e1val jelezve\" class=\"yoast-seo-meta-tag\" \/>\n<meta property=\"og:url\" content=\"https:\/\/dorogimedence.hu\/index.php\/2018\/02\/05\/ovd-a-gyalogost\/\" class=\"yoast-seo-meta-tag\" \/>\n<meta property=\"og:site_name\" content=\"Dorogi-medence Region\u00e1lis H\u00edrport\u00e1l\" class=\"yoast-seo-meta-tag\" \/>\n<meta property=\"article:publisher\" content=\"https:\/\/www.facebook.com\/dorogimedence\/\" class=\"yoast-seo-meta-tag\" \/>\n<meta property=\"article:published_time\" content=\"2018-02-05T05:50:57+00:00\" class=\"yoast-seo-meta-tag\" \/>\n<meta property=\"og:image\" content=\"https:\/\/i0.wp.com\/dorogimedence.hu\/wp-content\/uploads\/2017\/07\/gazolas-04.jpg?fit=670%2C365&ssl=1\" class=\"yoast-seo-meta-tag\" \/>\n\t<meta property=\"og:image:width\" content=\"670\" class=\"yoast-seo-meta-tag\" \/>\n\t<meta property=\"og:image:height\" content=\"365\" class=\"yoast-seo-meta-tag\" \/>\n\t<meta property=\"og:image:type\" content=\"image\/jpeg\" class=\"yoast-seo-meta-tag\" \/>\n<meta name=\"author\" content=\"dorogimedence.hu\" class=\"yoast-seo-meta-tag\" \/>\n<meta name=\"twitter:card\" content=\"summary_large_image\" class=\"yoast-seo-meta-tag\" \/>\n<meta name=\"twitter:label1\" content=\"Szerz\u0151:\" class=\"yoast-seo-meta-tag\" \/>\n\t<meta name=\"twitter:data1\" content=\"dorogimedence.hu\" class=\"yoast-seo-meta-tag\" \/>\n\t<meta name=\"twitter:label2\" content=\"Becs\u00fclt olvas\u00e1si id\u0151\" class=\"yoast-seo-meta-tag\" \/>\n\t<meta name=\"twitter:data2\" content=\"2 perc\" class=\"yoast-seo-meta-tag\" \/>\n<script type=\"application\/ld+json\" class=\"yoast-schema-graph\">{\"@context\":\"https:\\\/\\\/schema.org\",\"@graph\":[{\"@type\":\"Article\",\"@id\":\"https:\\\/\\\/dorogimedence.hu\\\/index.php\\\/2018\\\/02\\\/05\\\/ovd-a-gyalogost\\\/#article\",\"isPartOf\":{\"@id\":\"https:\\\/\\\/dorogimedence.hu\\\/index.php\\\/2018\\\/02\\\/05\\\/ovd-a-gyalogost\\\/\"},\"author\":{\"name\":\"dorogimedence.hu\",\"@id\":\"https:\\\/\\\/dorogimedence.hu\\\/#\\\/schema\\\/person\\\/ce6091eeb7e95ecdc87890d6aa8e0fd4\"},\"headline\":\"\u00d3vd a gyalogost!\",\"datePublished\":\"2018-02-05T05:50:57+00:00\",\"mainEntityOfPage\":{\"@id\":\"https:\\\/\\\/dorogimedence.hu\\\/index.php\\\/2018\\\/02\\\/05\\\/ovd-a-gyalogost\\\/\"},\"wordCount\":399,\"publisher\":{\"@id\":\"https:\\\/\\\/dorogimedence.hu\\\/#organization\"},\"image\":{\"@id\":\"https:\\\/\\\/dorogimedence.hu\\\/index.php\\\/2018\\\/02\\\/05\\\/ovd-a-gyalogost\\\/#primaryimage\"},\"thumbnailUrl\":\"https:\\\/\\\/dorogimedence.hu\\\/wp-content\\\/uploads\\\/2017\\\/07\\\/gazolas-04.jpg\",\"keywords\":[\"felh\u00edv\u00e1s\",\"g\u00e1zol\u00e1s\",\"gyalogos\",\"k\u00f6zleked\u00e9s\",\"rend\u0151rs\u00e9gi felh\u00edv\u00e1s\"],\"articleSection\":[\"H\u00edrek\"],\"inLanguage\":\"hu\"},{\"@type\":\"WebPage\",\"@id\":\"https:\\\/\\\/dorogimedence.hu\\\/index.php\\\/2018\\\/02\\\/05\\\/ovd-a-gyalogost\\\/\",\"url\":\"https:\\\/\\\/dorogimedence.hu\\\/index.php\\\/2018\\\/02\\\/05\\\/ovd-a-gyalogost\\\/\",\"name\":\"\u00d3vd a gyalogost!\",\"isPartOf\":{\"@id\":\"https:\\\/\\\/dorogimedence.hu\\\/#website\"},\"primaryImageOfPage\":{\"@id\":\"https:\\\/\\\/dorogimedence.hu\\\/index.php\\\/2018\\\/02\\\/05\\\/ovd-a-gyalogost\\\/#primaryimage\"},\"image\":{\"@id\":\"https:\\\/\\\/dorogimedence.hu\\\/index.php\\\/2018\\\/02\\\/05\\\/ovd-a-gyalogost\\\/#primaryimage\"},\"thumbnailUrl\":\"https:\\\/\\\/dorogimedence.hu\\\/wp-content\\\/uploads\\\/2017\\\/07\\\/gazolas-04.jpg\",\"datePublished\":\"2018-02-05T05:50:57+00:00\",\"breadcrumb\":{\"@id\":\"https:\\\/\\\/dorogimedence.hu\\\/index.php\\\/2018\\\/02\\\/05\\\/ovd-a-gyalogost\\\/#breadcrumb\"},\"inLanguage\":\"hu\",\"potentialAction\":[{\"@type\":\"ReadAction\",\"target\":[\"https:\\\/\\\/dorogimedence.hu\\\/index.php\\\/2018\\\/02\\\/05\\\/ovd-a-gyalogost\\\/\"]}]},{\"@type\":\"ImageObject\",\"inLanguage\":\"hu\",\"@id\":\"https:\\\/\\\/dorogimedence.hu\\\/index.php\\\/2018\\\/02\\\/05\\\/ovd-a-gyalogost\\\/#primaryimage\",\"url\":\"https:\\\/\\\/dorogimedence.hu\\\/wp-content\\\/uploads\\\/2017\\\/07\\\/gazolas-04.jpg\",\"contentUrl\":\"https:\\\/\\\/dorogimedence.hu\\\/wp-content\\\/uploads\\\/2017\\\/07\\\/gazolas-04.jpg\",\"width\":670,\"height\":365},{\"@type\":\"BreadcrumbList\",\"@id\":\"https:\\\/\\\/dorogimedence.hu\\\/index.php\\\/2018\\\/02\\\/05\\\/ovd-a-gyalogost\\\/#breadcrumb\",\"itemListElement\":[{\"@type\":\"ListItem\",\"position\":1,\"name\":\"Kezd\u0151lap\",\"item\":\"https:\\\/\\\/dorogimedence.hu\\\/\"},{\"@type\":\"ListItem\",\"position\":2,\"name\":\"\u00d3vd a gyalogost!\"}]},{\"@type\":\"WebSite\",\"@id\":\"https:\\\/\\\/dorogimedence.hu\\\/#website\",\"url\":\"https:\\\/\\\/dorogimedence.hu\\\/\",\"name\":\"Dorogi-medence Region\u00e1lis H\u00edrport\u00e1l\",\"description\":\"Dorog, Keszt\u00f6lc, Le\u00e1nyv\u00e1r, Piliscs\u00e9v, Tokod, Tokodalt\u00e1r\u00f3, Csolnok, Esztergom-kertv\u00e1ros: h\u00edrek, programok\",\"publisher\":{\"@id\":\"https:\\\/\\\/dorogimedence.hu\\\/#organization\"},\"potentialAction\":[{\"@type\":\"SearchAction\",\"target\":{\"@type\":\"EntryPoint\",\"urlTemplate\":\"https:\\\/\\\/dorogimedence.hu\\\/?s={search_term_string}\"},\"query-input\":{\"@type\":\"PropertyValueSpecification\",\"valueRequired\":true,\"valueName\":\"search_term_string\"}}],\"inLanguage\":\"hu\"},{\"@type\":\"Organization\",\"@id\":\"https:\\\/\\\/dorogimedence.hu\\\/#organization\",\"name\":\"Dorogi-medence Region\u00e1lis H\u00edrport\u00e1l\",\"url\":\"https:\\\/\\\/dorogimedence.hu\\\/\",\"logo\":{\"@type\":\"ImageObject\",\"inLanguage\":\"hu\",\"@id\":\"https:\\\/\\\/dorogimedence.hu\\\/#\\\/schema\\\/logo\\\/image\\\/\",\"url\":\"https:\\\/\\\/dorogimedence.hu\\\/wp-content\\\/uploads\\\/2021\\\/04\\\/logo-feher-600.png\",\"contentUrl\":\"https:\\\/\\\/dorogimedence.hu\\\/wp-content\\\/uploads\\\/2021\\\/04\\\/logo-feher-600.png\",\"width\":600,\"height\":100,\"caption\":\"Dorogi-medence Region\u00e1lis H\u00edrport\u00e1l\"},\"image\":{\"@id\":\"https:\\\/\\\/dorogimedence.hu\\\/#\\\/schema\\\/logo\\\/image\\\/\"},\"sameAs\":[\"https:\\\/\\\/www.facebook.com\\\/dorogimedence\\\/\"]},{\"@type\":\"Person\",\"@id\":\"https:\\\/\\\/dorogimedence.hu\\\/#\\\/schema\\\/person\\\/ce6091eeb7e95ecdc87890d6aa8e0fd4\",\"name\":\"dorogimedence.hu\",\"image\":{\"@type\":\"ImageObject\",\"inLanguage\":\"hu\",\"@id\":\"\\\/\\\/www.gravatar.com\\\/avatar\\\/d8d45f8901aadff40a4af72c0b826f1d?s=96&#038;r=g&#038;d=mm\",\"url\":\"\\\/\\\/www.gravatar.com\\\/avatar\\\/d8d45f8901aadff40a4af72c0b826f1d?s=96&#038;r=g&#038;d=mm\",\"contentUrl\":\"\\\/\\\/www.gravatar.com\\\/avatar\\\/d8d45f8901aadff40a4af72c0b826f1d?s=96&#038;r=g&#038;d=mm\",\"caption\":\"dorogimedence.hu\"}}]}<\/script>\n<!-- \/ Yoast SEO plugin. -->","yoast_head_json":{"title":"\u00d3vd a gyalogost!","robots":{"index":"index","follow":"follow","max-snippet":"max-snippet:-1","max-image-preview":"max-image-preview:large","max-video-preview":"max-video-preview:-1"},"canonical":"https:\/\/dorogimedence.hu\/index.php\/2018\/02\/05\/ovd-a-gyalogost\/","og_locale":"hu_HU","og_type":"article","og_title":"\u00d3vd a gyalogost!","og_description":"\u0150sszel \u00e9s t\u00e9len a k\u00f6z\u00fati k\u00f6zleked\u00e9st befoly\u00e1sol\u00f3\u00a0id\u0151j\u00e1r\u00e1si, l\u00e1t\u00e1si \u00e9s az \u00fatviszonyok egyar\u00e1nt kedvez\u0151tlen\u00fcl v\u00e1ltoznak. Ebben az id\u0151szakban sajn\u00e1latos m\u00f3don sok gyalogost \u00fctnek el a k\u00f6zutakon. Ezen balesetek t\u00f6bbs\u00e9g\u00e9ben a gyalogos v\u00e9tlen r\u00e9sztvev\u0151k\u00e9nt s\u00e9r\u00fcl meg. Sajnos nagy sz\u00e1mban fordulnak el\u0151 olyan esetek, amelyek a kijel\u00f6lt gyalogos-\u00e1tkel\u0151helyeken t\u00f6rt\u00e9nnek annak ellen\u00e9re, hogy ez a helysz\u00edn k\u00f6z\u00fati jelz\u0151t\u00e1bl\u00e1val jelezve","og_url":"https:\/\/dorogimedence.hu\/index.php\/2018\/02\/05\/ovd-a-gyalogost\/","og_site_name":"Dorogi-medence Region\u00e1lis H\u00edrport\u00e1l","article_publisher":"https:\/\/www.facebook.com\/dorogimedence\/","article_published_time":"2018-02-05T05:50:57+00:00","og_image":[{"width":670,"height":365,"url":"https:\/\/i0.wp.com\/dorogimedence.hu\/wp-content\/uploads\/2017\/07\/gazolas-04.jpg?fit=670%2C365&ssl=1","type":"image\/jpeg"}],"author":"dorogimedence.hu","twitter_card":"summary_large_image","twitter_misc":{"Szerz\u0151:":"dorogimedence.hu","Becs\u00fclt olvas\u00e1si id\u0151":"2 perc"},"schema":{"@context":"https:\/\/schema.org","@graph":[{"@type":"Article","@id":"https:\/\/dorogimedence.hu\/index.php\/2018\/02\/05\/ovd-a-gyalogost\/#article","isPartOf":{"@id":"https:\/\/dorogimedence.hu\/index.php\/2018\/02\/05\/ovd-a-gyalogost\/"},"author":{"name":"dorogimedence.hu","@id":"https:\/\/dorogimedence.hu\/#\/schema\/person\/ce6091eeb7e95ecdc87890d6aa8e0fd4"},"headline":"\u00d3vd a gyalogost!","datePublished":"2018-02-05T05:50:57+00:00","mainEntityOfPage":{"@id":"https:\/\/dorogimedence.hu\/index.php\/2018\/02\/05\/ovd-a-gyalogost\/"},"wordCount":399,"publisher":{"@id":"https:\/\/dorogimedence.hu\/#organization"},"image":{"@id":"https:\/\/dorogimedence.hu\/index.php\/2018\/02\/05\/ovd-a-gyalogost\/#primaryimage"},"thumbnailUrl":"https:\/\/dorogimedence.hu\/wp-content\/uploads\/2017\/07\/gazolas-04.jpg","keywords":["felh\u00edv\u00e1s","g\u00e1zol\u00e1s","gyalogos","k\u00f6zleked\u00e9s","rend\u0151rs\u00e9gi felh\u00edv\u00e1s"],"articleSection":["H\u00edrek"],"inLanguage":"hu"},{"@type":"WebPage","@id":"https:\/\/dorogimedence.hu\/index.php\/2018\/02\/05\/ovd-a-gyalogost\/","url":"https:\/\/dorogimedence.hu\/index.php\/2018\/02\/05\/ovd-a-gyalogost\/","name":"\u00d3vd a gyalogost!","isPartOf":{"@id":"https:\/\/dorogimedence.hu\/#website"},"primaryImageOfPage":{"@id":"https:\/\/dorogimedence.hu\/index.php\/2018\/02\/05\/ovd-a-gyalogost\/#primaryimage"},"image":{"@id":"https:\/\/dorogimedence.hu\/index.php\/2018\/02\/05\/ovd-a-gyalogost\/#primaryimage"},"thumbnailUrl":"https:\/\/dorogimedence.hu\/wp-content\/uploads\/2017\/07\/gazolas-04.jpg","datePublished":"2018-02-05T05:50:57+00:00","breadcrumb":{"@id":"https:\/\/dorogimedence.hu\/index.php\/2018\/02\/05\/ovd-a-gyalogost\/#breadcrumb"},"inLanguage":"hu","potentialAction":[{"@type":"ReadAction","target":["https:\/\/dorogimedence.hu\/index.php\/2018\/02\/05\/ovd-a-gyalogost\/"]}]},{"@type":"ImageObject","inLanguage":"hu","@id":"https:\/\/dorogimedence.hu\/index.php\/2018\/02\/05\/ovd-a-gyalogost\/#primaryimage","url":"https:\/\/dorogimedence.hu\/wp-content\/uploads\/2017\/07\/gazolas-04.jpg","contentUrl":"https:\/\/dorogimedence.hu\/wp-content\/uploads\/2017\/07\/gazolas-04.jpg","width":670,"height":365},{"@type":"BreadcrumbList","@id":"https:\/\/dorogimedence.hu\/index.php\/2018\/02\/05\/ovd-a-gyalogost\/#breadcrumb","itemListElement":[{"@type":"ListItem","position":1,"name":"Kezd\u0151lap","item":"https:\/\/dorogimedence.hu\/"},{"@type":"ListItem","position":2,"name":"\u00d3vd a gyalogost!"}]},{"@type":"WebSite","@id":"https:\/\/dorogimedence.hu\/#website","url":"https:\/\/dorogimedence.hu\/","name":"Dorogi-medence Region\u00e1lis H\u00edrport\u00e1l","description":"Dorog, Keszt\u00f6lc, Le\u00e1nyv\u00e1r, Piliscs\u00e9v, Tokod, Tokodalt\u00e1r\u00f3, Csolnok, Esztergom-kertv\u00e1ros: h\u00edrek, programok","publisher":{"@id":"https:\/\/dorogimedence.hu\/#organization"},"potentialAction":[{"@type":"SearchAction","target":{"@type":"EntryPoint","urlTemplate":"https:\/\/dorogimedence.hu\/?s={search_term_string}"},"query-input":{"@type":"PropertyValueSpecification","valueRequired":true,"valueName":"search_term_string"}}],"inLanguage":"hu"},{"@type":"Organization","@id":"https:\/\/dorogimedence.hu\/#organization","name":"Dorogi-medence Region\u00e1lis H\u00edrport\u00e1l","url":"https:\/\/dorogimedence.hu\/","logo":{"@type":"ImageObject","inLanguage":"hu","@id":"https:\/\/dorogimedence.hu\/#\/schema\/logo\/image\/","url":"https:\/\/dorogimedence.hu\/wp-content\/uploads\/2021\/04\/logo-feher-600.png","contentUrl":"https:\/\/dorogimedence.hu\/wp-content\/uploads\/2021\/04\/logo-feher-600.png","width":600,"height":100,"caption":"Dorogi-medence Region\u00e1lis H\u00edrport\u00e1l"},"image":{"@id":"https:\/\/dorogimedence.hu\/#\/schema\/logo\/image\/"},"sameAs":["https:\/\/www.facebook.com\/dorogimedence\/"]},{"@type":"Person","@id":"https:\/\/dorogimedence.hu\/#\/schema\/person\/ce6091eeb7e95ecdc87890d6aa8e0fd4","name":"dorogimedence.hu","image":{"@type":"ImageObject","inLanguage":"hu","@id":"\/\/www.gravatar.com\/avatar\/d8d45f8901aadff40a4af72c0b826f1d?s=96&#038;r=g&#038;d=mm","url":"\/\/www.gravatar.com\/avatar\/d8d45f8901aadff40a4af72c0b826f1d?s=96&#038;r=g&#038;d=mm","contentUrl":"\/\/www.gravatar.com\/avatar\/d8d45f8901aadff40a4af72c0b826f1d?s=96&#038;r=g&#038;d=mm","caption":"dorogimedence.hu"}}]}},"_links":{"self":[{"href":"https:\/\/dorogimedence.hu\/index.php\/wp-json\/wp\/v2\/posts\/8154","targetHints":{"allow":["GET"]}}],"collection":[{"href":"https:\/\/dorogimedence.hu\/index.php\/wp-json\/wp\/v2\/posts"}],"about":[{"href":"https:\/\/dorogimedence.hu\/index.php\/wp-json\/wp\/v2\/types\/post"}],"author":[{"embeddable":true,"href":"https:\/\/dorogimedence.hu\/index.php\/wp-json\/wp\/v2\/users\/1"}],"replies":[{"embeddable":true,"href":"https:\/\/dorogimedence.hu\/index.php\/wp-json\/wp\/v2\/comments?post=8154"}],"version-history":[{"count":0,"href":"https:\/\/dorogimedence.hu\/index.php\/wp-json\/wp\/v2\/posts\/8154\/revisions"}],"wp:featuredmedia":[{"embeddable":true,"href":"https:\/\/dorogimedence.hu\/index.php\/wp-json\/wp\/v2\/media\/4629"}],"wp:attachment":[{"href":"https:\/\/dorogimedence.hu\/index.php\/wp-json\/wp\/v2\/media?parent=8154"}],"wp:term":[{"taxonomy":"category","embeddable":true,"href":"https:\/\/dorogimedence.hu\/index.php\/wp-json\/wp\/v2\/categories?post=8154"},{"taxonomy":"post_tag","embeddable":true,"href":"https:\/\/dorogimedence.hu\/index.php\/wp-json\/wp\/v2\/tags?post=8154"}],"curies":[{"name":"wp","href":"https:\/\/api.w.org\/{rel}","templated":true}]}}