{"id":81539,"date":"2026-06-27T11:49:33","date_gmt":"2026-06-27T09:49:33","guid":{"rendered":"https:\/\/dorogimedence.hu\/?p=81539"},"modified":"2026-06-27T11:49:33","modified_gmt":"2026-06-27T09:49:33","slug":"kevesebb-a-vasuti-atjaros-baleset-iden","status":"publish","type":"post","link":"https:\/\/dorogimedence.hu\/index.php\/2026\/06\/27\/kevesebb-a-vasuti-atjaros-baleset-iden\/","title":{"rendered":"Kevesebb a vas\u00fati \u00e1tj\u00e1r\u00f3s baleset id\u00e9n"},"content":{"rendered":"<p><strong>Az idei \u00e9v els\u0151 fel\u00e9ben kedvez\u0151bb k\u00e9pet mutatnak a vas\u00fati \u00e1tj\u00e1r\u00f3k baleseti statisztik\u00e1i, mint az el\u0151z\u0151 \u00e9vekben, a ny\u00e1ri vak\u00e1ci\u00f3 azonban tov\u00e1bbra is kiemelten vesz\u00e9lyes id\u0151szaknak sz\u00e1m\u00edt. A <a href=\"https:\/\/www.mavcsoport.hu\/mav-csoport\/kevesebb-baleset-vasuti-atjarokban-de-nyari-szezon-miatt-fokozott-ovatossagot-ker-mav\" target=\"_blank\" rel=\"noopener\"><span style=\"text-decoration: underline; color: #0000ff;\">M\u00c1V-csoport<\/span><\/a> arra k\u00e9ri az aut\u00f3sokat, ker\u00e9kp\u00e1rosokat \u00e9s gyalogosokat, hogy minden esetben tarts\u00e1k be a k\u00f6zleked\u00e9si szab\u00e1lyokat, hiszen a trag\u00e9di\u00e1k szinte kiv\u00e9tel n\u00e9lk\u00fcl emberi figyelmetlens\u00e9gre vezethet\u0151k vissza.<\/strong><\/p>\n<p>Az \u00e9v eddigi r\u00e9sz\u00e9ben 21 baleset t\u00f6rt\u00e9nt vas\u00fati \u00e1tj\u00e1r\u00f3kban, amelyek t\u00edz ember \u00e9let\u00e9t k\u00f6vetelt\u00e9k. A vas\u00fatt\u00e1rsas\u00e1g hangs\u00falyozza: ezek a balesetek elker\u00fclhet\u0151k lettek volna, ha a k\u00f6zleked\u0151k betartj\u00e1k az alapvet\u0151 KRESZ-szab\u00e1lyokat \u00e9s kell\u0151 k\u00f6r\u00fcltekint\u00e9ssel k\u00f6zel\u00edtik meg az \u00e1tj\u00e1r\u00f3kat.<\/p>\n<p>A M\u00c1V szerint a ny\u00e1ri sz\u00fcnet idej\u00e9n jelent\u0151sen megn\u0151 a k\u00f6zleked\u0151k sz\u00e1ma, ez\u00e9rt ilyenkor k\u00fcl\u00f6n\u00f6sen fontos a fokozott figyelem. A vas\u00fatt\u00e1rsas\u00e1g folytatja az \u201e\u00c9rj haza biztons\u00e1gban!\u201d kamp\u00e1ny\u00e1t is, amely plak\u00e1tokkal, figyelemfelh\u00edv\u00f3 piktogramokkal, fed\u00e9lzeti kijelz\u0151k\u00f6n megjelen\u0151 \u00fczenetekkel \u00e9s oktat\u00f3vide\u00f3kkal igyekszik felh\u00edvni a figyelmet a vas\u00fati k\u00f6zleked\u00e9s vesz\u00e9lyeire.<\/p>\n<p>A <a href=\"https:\/\/www.mavcsoport.hu\/mav-csoport\/kevesebb-baleset-vasuti-atjarokban-de-nyari-szezon-miatt-fokozott-ovatossagot-ker-mav\" target=\"_blank\" rel=\"noopener\"><span style=\"text-decoration: underline; color: #0000ff;\">k\u00f6zlem\u00e9ny kit\u00e9r arra is<\/span><\/a>, hogy az elm\u00falt hetekben ism\u00e9t s\u00falyos \u00e1ram\u00fct\u00e9ses baleset t\u00f6rt\u00e9nt, amikor valaki felm\u00e1szott egy vas\u00fati kocsira. A fels\u0151vezet\u00e9kben 25 ezer voltos fesz\u00fclts\u00e9g halad, amely m\u00e1r k\u00e9tm\u00e9teres t\u00e1vols\u00e1gb\u00f3l is hal\u00e1los \u00e1ram\u00fct\u00e9st okozhat, ez\u00e9rt a vas\u00fati j\u00e1rm\u0171vek tetej\u00e9re felm\u00e1szni szigor\u00faan tilos \u00e9s \u00e9letvesz\u00e9lyes.<\/p>\n<p>A vas\u00fatt\u00e1rsas\u00e1g arra is eml\u00e9keztet, hogy vas\u00fat\u00fczemi ter\u00fcleten tart\u00f3zkodni tilos, a s\u00edneken kiz\u00e1r\u00f3lag kijel\u00f6lt \u00e1tj\u00e1r\u00f3ban szabad \u00e1tkelni, \u00e9s a f\u00e9nysoromp\u00f3 piros jelz\u00e9se eset\u00e9n minden esetben meg kell \u00e1llni. A gyalogosoknak \u00e9s ker\u00e9kp\u00e1rosoknak is ker\u00fclni\u00fck kell a mobiltelefon haszn\u00e1lat\u00e1t \u00e9s a f\u00fclhallgat\u00f3 visel\u00e9s\u00e9t \u00e1tkel\u00e9s k\u00f6zben, mert ezek jelent\u0151sen cs\u00f6kkentik a vesz\u00e9lyek \u00e9szlel\u00e9s\u00e9nek es\u00e9ly\u00e9t.<\/p>\n<p>A M\u00c1V kiemeli, hogy a vas\u00fat tov\u00e1bbra is a legbiztons\u00e1gosabb k\u00f6zleked\u00e9si m\u00f3dok k\u00f6z\u00e9 tartozik. Az elm\u00falt 16 \u00e9vben nem t\u00f6rt\u00e9nt olyan hal\u00e1los vas\u00fati \u00e1tj\u00e1r\u00f3s baleset a h\u00e1l\u00f3zatukon, amelyet a vas\u00fat hib\u00e1ja okozott volna. A trag\u00e9di\u00e1k minden esetben a k\u00f6zleked\u00e9si szab\u00e1lyok megszeg\u00e9s\u00e9re vagy figyelmetlens\u00e9gre vezethet\u0151k vissza.<\/p>\n<p>A vas\u00fatt\u00e1rsas\u00e1g arra k\u00e9ri a k\u00f6zleked\u0151ket, hogy a ny\u00e1ri id\u0151szakban is fokozott \u00f3vatoss\u00e1ggal k\u00f6zel\u00edts\u00e9k meg a vas\u00fati \u00e1tj\u00e1r\u00f3kat, hiszen n\u00e9h\u00e1ny m\u00e1sodpercnyi figyelmetlens\u00e9g is v\u00e9gzetes k\u00f6vetkezm\u00e9nyekkel j\u00e1rhat.<\/p>\n<p><em>Bor\u00edt\u00f3k\u00e9p: illusztr\u00e1ci\u00f3 (ChatGPT &#8211; AI)<\/em><\/p>\n","protected":false},"excerpt":{"rendered":"<p>Az idei \u00e9v els\u0151 fel\u00e9ben kedvez\u0151bb k\u00e9pet mutatnak a vas\u00fati \u00e1tj\u00e1r\u00f3k baleseti statisztik\u00e1i, mint az el\u0151z\u0151 \u00e9vekben, a ny\u00e1ri vak\u00e1ci\u00f3 azonban tov\u00e1bbra is kiemelten vesz\u00e9lyes id\u0151szaknak sz\u00e1m\u00edt. A M\u00c1V-csoport arra k\u00e9ri az aut\u00f3sokat, ker\u00e9kp\u00e1rosokat \u00e9s gyalogosokat, hogy minden esetben tarts\u00e1k be a k\u00f6zleked\u00e9si szab\u00e1lyokat, hiszen a trag\u00e9di\u00e1k szinte kiv\u00e9tel n\u00e9lk\u00fcl emberi figyelmetlens\u00e9gre vezethet\u0151k vissza. Az<\/p>\n","protected":false},"author":1,"featured_media":81540,"comment_status":"closed","ping_status":"closed","sticky":false,"template":"","format":"standard","meta":{"ngg_post_thumbnail":0,"footnotes":""},"categories":[6934,3],"tags":[279,292,381,291],"class_list":["post-81539","post","type-post","status-publish","format-standard","has-post-thumbnail","category-belfold","category-hirek","tag-kozlekedes","tag-mav","tag-vasut","tag-vonat"],"yoast_head":"<!-- This site is optimized with the Yoast SEO plugin v28.3 - https:\/\/yoast.com\/product\/yoast-seo-wordpress\/ -->\n<title>Kevesebb a vas\u00fati \u00e1tj\u00e1r\u00f3s baleset id\u00e9n<\/title>\n<meta name=\"robots\" content=\"index, follow, max-snippet:-1, max-image-preview:large, max-video-preview:-1\" \/>\n<link rel=\"canonical\" href=\"https:\/\/dorogimedence.hu\/index.php\/2026\/06\/27\/kevesebb-a-vasuti-atjaros-baleset-iden\/\" class=\"yoast-seo-meta-tag\" \/>\n<meta property=\"og:locale\" content=\"hu_HU\" class=\"yoast-seo-meta-tag\" \/>\n<meta property=\"og:type\" content=\"article\" class=\"yoast-seo-meta-tag\" \/>\n<meta property=\"og:title\" content=\"Kevesebb a vas\u00fati \u00e1tj\u00e1r\u00f3s baleset id\u00e9n\" class=\"yoast-seo-meta-tag\" \/>\n<meta property=\"og:description\" content=\"Az idei \u00e9v els\u0151 fel\u00e9ben kedvez\u0151bb k\u00e9pet mutatnak a vas\u00fati \u00e1tj\u00e1r\u00f3k baleseti statisztik\u00e1i, mint az el\u0151z\u0151 \u00e9vekben, a ny\u00e1ri vak\u00e1ci\u00f3 azonban tov\u00e1bbra is kiemelten vesz\u00e9lyes id\u0151szaknak sz\u00e1m\u00edt. A M\u00c1V-csoport arra k\u00e9ri az aut\u00f3sokat, ker\u00e9kp\u00e1rosokat \u00e9s gyalogosokat, hogy minden esetben tarts\u00e1k be a k\u00f6zleked\u00e9si szab\u00e1lyokat, hiszen a trag\u00e9di\u00e1k szinte kiv\u00e9tel n\u00e9lk\u00fcl emberi figyelmetlens\u00e9gre vezethet\u0151k vissza. Az\" class=\"yoast-seo-meta-tag\" \/>\n<meta property=\"og:url\" content=\"https:\/\/dorogimedence.hu\/index.php\/2026\/06\/27\/kevesebb-a-vasuti-atjaros-baleset-iden\/\" class=\"yoast-seo-meta-tag\" \/>\n<meta property=\"og:site_name\" content=\"Dorogi-medence Region\u00e1lis H\u00edrport\u00e1l\" class=\"yoast-seo-meta-tag\" \/>\n<meta property=\"article:publisher\" content=\"https:\/\/www.facebook.com\/dorogimedence\/\" class=\"yoast-seo-meta-tag\" \/>\n<meta property=\"article:published_time\" content=\"2026-06-27T09:49:33+00:00\" class=\"yoast-seo-meta-tag\" \/>\n<meta property=\"og:image\" content=\"https:\/\/dorogimedence.hu\/wp-content\/uploads\/2026\/06\/ChatGPT-Image-2026.-jun.-27.-11_48_20.png\" class=\"yoast-seo-meta-tag\" \/>\n\t<meta property=\"og:image:width\" content=\"1536\" class=\"yoast-seo-meta-tag\" \/>\n\t<meta property=\"og:image:height\" content=\"1024\" class=\"yoast-seo-meta-tag\" \/>\n\t<meta property=\"og:image:type\" content=\"image\/png\" class=\"yoast-seo-meta-tag\" \/>\n<meta name=\"author\" content=\"dorogimedence.hu\" class=\"yoast-seo-meta-tag\" \/>\n<meta name=\"twitter:card\" content=\"summary_large_image\" class=\"yoast-seo-meta-tag\" \/>\n<meta name=\"twitter:label1\" content=\"Szerz\u0151:\" class=\"yoast-seo-meta-tag\" \/>\n\t<meta name=\"twitter:data1\" content=\"dorogimedence.hu\" class=\"yoast-seo-meta-tag\" \/>\n\t<meta name=\"twitter:label2\" content=\"Becs\u00fclt olvas\u00e1si id\u0151\" class=\"yoast-seo-meta-tag\" \/>\n\t<meta name=\"twitter:data2\" content=\"3 perc\" class=\"yoast-seo-meta-tag\" \/>\n<script type=\"application\/ld+json\" class=\"yoast-schema-graph\">{\"@context\":\"https:\\\/\\\/schema.org\",\"@graph\":[{\"@type\":\"Article\",\"@id\":\"https:\\\/\\\/dorogimedence.hu\\\/index.php\\\/2026\\\/06\\\/27\\\/kevesebb-a-vasuti-atjaros-baleset-iden\\\/#article\",\"isPartOf\":{\"@id\":\"https:\\\/\\\/dorogimedence.hu\\\/index.php\\\/2026\\\/06\\\/27\\\/kevesebb-a-vasuti-atjaros-baleset-iden\\\/\"},\"author\":{\"name\":\"dorogimedence.hu\",\"@id\":\"https:\\\/\\\/dorogimedence.hu\\\/#\\\/schema\\\/person\\\/ce6091eeb7e95ecdc87890d6aa8e0fd4\"},\"headline\":\"Kevesebb a vas\u00fati \u00e1tj\u00e1r\u00f3s baleset id\u00e9n\",\"datePublished\":\"2026-06-27T09:49:33+00:00\",\"mainEntityOfPage\":{\"@id\":\"https:\\\/\\\/dorogimedence.hu\\\/index.php\\\/2026\\\/06\\\/27\\\/kevesebb-a-vasuti-atjaros-baleset-iden\\\/\"},\"wordCount\":529,\"publisher\":{\"@id\":\"https:\\\/\\\/dorogimedence.hu\\\/#organization\"},\"image\":{\"@id\":\"https:\\\/\\\/dorogimedence.hu\\\/index.php\\\/2026\\\/06\\\/27\\\/kevesebb-a-vasuti-atjaros-baleset-iden\\\/#primaryimage\"},\"thumbnailUrl\":\"https:\\\/\\\/dorogimedence.hu\\\/wp-content\\\/uploads\\\/2026\\\/06\\\/ChatGPT-Image-2026.-jun.-27.-11_48_20.png\",\"keywords\":[\"k\u00f6zleked\u00e9s\",\"m\u00e1v\",\"vas\u00fat\",\"vonat\"],\"articleSection\":[\"Belf\u00f6ld, Gazdas\u00e1g\",\"H\u00edrek\"],\"inLanguage\":\"hu\"},{\"@type\":\"WebPage\",\"@id\":\"https:\\\/\\\/dorogimedence.hu\\\/index.php\\\/2026\\\/06\\\/27\\\/kevesebb-a-vasuti-atjaros-baleset-iden\\\/\",\"url\":\"https:\\\/\\\/dorogimedence.hu\\\/index.php\\\/2026\\\/06\\\/27\\\/kevesebb-a-vasuti-atjaros-baleset-iden\\\/\",\"name\":\"Kevesebb a vas\u00fati \u00e1tj\u00e1r\u00f3s baleset id\u00e9n\",\"isPartOf\":{\"@id\":\"https:\\\/\\\/dorogimedence.hu\\\/#website\"},\"primaryImageOfPage\":{\"@id\":\"https:\\\/\\\/dorogimedence.hu\\\/index.php\\\/2026\\\/06\\\/27\\\/kevesebb-a-vasuti-atjaros-baleset-iden\\\/#primaryimage\"},\"image\":{\"@id\":\"https:\\\/\\\/dorogimedence.hu\\\/index.php\\\/2026\\\/06\\\/27\\\/kevesebb-a-vasuti-atjaros-baleset-iden\\\/#primaryimage\"},\"thumbnailUrl\":\"https:\\\/\\\/dorogimedence.hu\\\/wp-content\\\/uploads\\\/2026\\\/06\\\/ChatGPT-Image-2026.-jun.-27.-11_48_20.png\",\"datePublished\":\"2026-06-27T09:49:33+00:00\",\"breadcrumb\":{\"@id\":\"https:\\\/\\\/dorogimedence.hu\\\/index.php\\\/2026\\\/06\\\/27\\\/kevesebb-a-vasuti-atjaros-baleset-iden\\\/#breadcrumb\"},\"inLanguage\":\"hu\",\"potentialAction\":[{\"@type\":\"ReadAction\",\"target\":[\"https:\\\/\\\/dorogimedence.hu\\\/index.php\\\/2026\\\/06\\\/27\\\/kevesebb-a-vasuti-atjaros-baleset-iden\\\/\"]}]},{\"@type\":\"ImageObject\",\"inLanguage\":\"hu\",\"@id\":\"https:\\\/\\\/dorogimedence.hu\\\/index.php\\\/2026\\\/06\\\/27\\\/kevesebb-a-vasuti-atjaros-baleset-iden\\\/#primaryimage\",\"url\":\"https:\\\/\\\/dorogimedence.hu\\\/wp-content\\\/uploads\\\/2026\\\/06\\\/ChatGPT-Image-2026.-jun.-27.-11_48_20.png\",\"contentUrl\":\"https:\\\/\\\/dorogimedence.hu\\\/wp-content\\\/uploads\\\/2026\\\/06\\\/ChatGPT-Image-2026.-jun.-27.-11_48_20.png\",\"width\":1536,\"height\":1024},{\"@type\":\"BreadcrumbList\",\"@id\":\"https:\\\/\\\/dorogimedence.hu\\\/index.php\\\/2026\\\/06\\\/27\\\/kevesebb-a-vasuti-atjaros-baleset-iden\\\/#breadcrumb\",\"itemListElement\":[{\"@type\":\"ListItem\",\"position\":1,\"name\":\"Kezd\u0151lap\",\"item\":\"https:\\\/\\\/dorogimedence.hu\\\/\"},{\"@type\":\"ListItem\",\"position\":2,\"name\":\"Kevesebb a vas\u00fati \u00e1tj\u00e1r\u00f3s baleset id\u00e9n\"}]},{\"@type\":\"WebSite\",\"@id\":\"https:\\\/\\\/dorogimedence.hu\\\/#website\",\"url\":\"https:\\\/\\\/dorogimedence.hu\\\/\",\"name\":\"Dorogi-medence Region\u00e1lis H\u00edrport\u00e1l\",\"description\":\"Dorog, Keszt\u00f6lc, Le\u00e1nyv\u00e1r, Piliscs\u00e9v, Tokod, Tokodalt\u00e1r\u00f3, Csolnok, Esztergom-kertv\u00e1ros: h\u00edrek, programok\",\"publisher\":{\"@id\":\"https:\\\/\\\/dorogimedence.hu\\\/#organization\"},\"potentialAction\":[{\"@type\":\"SearchAction\",\"target\":{\"@type\":\"EntryPoint\",\"urlTemplate\":\"https:\\\/\\\/dorogimedence.hu\\\/?s={search_term_string}\"},\"query-input\":{\"@type\":\"PropertyValueSpecification\",\"valueRequired\":true,\"valueName\":\"search_term_string\"}}],\"inLanguage\":\"hu\"},{\"@type\":\"Organization\",\"@id\":\"https:\\\/\\\/dorogimedence.hu\\\/#organization\",\"name\":\"Dorogi-medence Region\u00e1lis H\u00edrport\u00e1l\",\"url\":\"https:\\\/\\\/dorogimedence.hu\\\/\",\"logo\":{\"@type\":\"ImageObject\",\"inLanguage\":\"hu\",\"@id\":\"https:\\\/\\\/dorogimedence.hu\\\/#\\\/schema\\\/logo\\\/image\\\/\",\"url\":\"https:\\\/\\\/dorogimedence.hu\\\/wp-content\\\/uploads\\\/2021\\\/04\\\/logo-feher-600.png\",\"contentUrl\":\"https:\\\/\\\/dorogimedence.hu\\\/wp-content\\\/uploads\\\/2021\\\/04\\\/logo-feher-600.png\",\"width\":600,\"height\":100,\"caption\":\"Dorogi-medence Region\u00e1lis H\u00edrport\u00e1l\"},\"image\":{\"@id\":\"https:\\\/\\\/dorogimedence.hu\\\/#\\\/schema\\\/logo\\\/image\\\/\"},\"sameAs\":[\"https:\\\/\\\/www.facebook.com\\\/dorogimedence\\\/\"]},{\"@type\":\"Person\",\"@id\":\"https:\\\/\\\/dorogimedence.hu\\\/#\\\/schema\\\/person\\\/ce6091eeb7e95ecdc87890d6aa8e0fd4\",\"name\":\"dorogimedence.hu\",\"image\":{\"@type\":\"ImageObject\",\"inLanguage\":\"hu\",\"@id\":\"\\\/\\\/www.gravatar.com\\\/avatar\\\/d8d45f8901aadff40a4af72c0b826f1d?s=96&#038;r=g&#038;d=mm\",\"url\":\"\\\/\\\/www.gravatar.com\\\/avatar\\\/d8d45f8901aadff40a4af72c0b826f1d?s=96&#038;r=g&#038;d=mm\",\"contentUrl\":\"\\\/\\\/www.gravatar.com\\\/avatar\\\/d8d45f8901aadff40a4af72c0b826f1d?s=96&#038;r=g&#038;d=mm\",\"caption\":\"dorogimedence.hu\"}}]}<\/script>\n<!-- \/ Yoast SEO plugin. -->","yoast_head_json":{"title":"Kevesebb a vas\u00fati \u00e1tj\u00e1r\u00f3s baleset id\u00e9n","robots":{"index":"index","follow":"follow","max-snippet":"max-snippet:-1","max-image-preview":"max-image-preview:large","max-video-preview":"max-video-preview:-1"},"canonical":"https:\/\/dorogimedence.hu\/index.php\/2026\/06\/27\/kevesebb-a-vasuti-atjaros-baleset-iden\/","og_locale":"hu_HU","og_type":"article","og_title":"Kevesebb a vas\u00fati \u00e1tj\u00e1r\u00f3s baleset id\u00e9n","og_description":"Az idei \u00e9v els\u0151 fel\u00e9ben kedvez\u0151bb k\u00e9pet mutatnak a vas\u00fati \u00e1tj\u00e1r\u00f3k baleseti statisztik\u00e1i, mint az el\u0151z\u0151 \u00e9vekben, a ny\u00e1ri vak\u00e1ci\u00f3 azonban tov\u00e1bbra is kiemelten vesz\u00e9lyes id\u0151szaknak sz\u00e1m\u00edt. A M\u00c1V-csoport arra k\u00e9ri az aut\u00f3sokat, ker\u00e9kp\u00e1rosokat \u00e9s gyalogosokat, hogy minden esetben tarts\u00e1k be a k\u00f6zleked\u00e9si szab\u00e1lyokat, hiszen a trag\u00e9di\u00e1k szinte kiv\u00e9tel n\u00e9lk\u00fcl emberi figyelmetlens\u00e9gre vezethet\u0151k vissza. Az","og_url":"https:\/\/dorogimedence.hu\/index.php\/2026\/06\/27\/kevesebb-a-vasuti-atjaros-baleset-iden\/","og_site_name":"Dorogi-medence Region\u00e1lis H\u00edrport\u00e1l","article_publisher":"https:\/\/www.facebook.com\/dorogimedence\/","article_published_time":"2026-06-27T09:49:33+00:00","og_image":[{"width":1536,"height":1024,"url":"https:\/\/dorogimedence.hu\/wp-content\/uploads\/2026\/06\/ChatGPT-Image-2026.-jun.-27.-11_48_20.png","type":"image\/png"}],"author":"dorogimedence.hu","twitter_card":"summary_large_image","twitter_misc":{"Szerz\u0151:":"dorogimedence.hu","Becs\u00fclt olvas\u00e1si id\u0151":"3 perc"},"schema":{"@context":"https:\/\/schema.org","@graph":[{"@type":"Article","@id":"https:\/\/dorogimedence.hu\/index.php\/2026\/06\/27\/kevesebb-a-vasuti-atjaros-baleset-iden\/#article","isPartOf":{"@id":"https:\/\/dorogimedence.hu\/index.php\/2026\/06\/27\/kevesebb-a-vasuti-atjaros-baleset-iden\/"},"author":{"name":"dorogimedence.hu","@id":"https:\/\/dorogimedence.hu\/#\/schema\/person\/ce6091eeb7e95ecdc87890d6aa8e0fd4"},"headline":"Kevesebb a vas\u00fati \u00e1tj\u00e1r\u00f3s baleset id\u00e9n","datePublished":"2026-06-27T09:49:33+00:00","mainEntityOfPage":{"@id":"https:\/\/dorogimedence.hu\/index.php\/2026\/06\/27\/kevesebb-a-vasuti-atjaros-baleset-iden\/"},"wordCount":529,"publisher":{"@id":"https:\/\/dorogimedence.hu\/#organization"},"image":{"@id":"https:\/\/dorogimedence.hu\/index.php\/2026\/06\/27\/kevesebb-a-vasuti-atjaros-baleset-iden\/#primaryimage"},"thumbnailUrl":"https:\/\/dorogimedence.hu\/wp-content\/uploads\/2026\/06\/ChatGPT-Image-2026.-jun.-27.-11_48_20.png","keywords":["k\u00f6zleked\u00e9s","m\u00e1v","vas\u00fat","vonat"],"articleSection":["Belf\u00f6ld, Gazdas\u00e1g","H\u00edrek"],"inLanguage":"hu"},{"@type":"WebPage","@id":"https:\/\/dorogimedence.hu\/index.php\/2026\/06\/27\/kevesebb-a-vasuti-atjaros-baleset-iden\/","url":"https:\/\/dorogimedence.hu\/index.php\/2026\/06\/27\/kevesebb-a-vasuti-atjaros-baleset-iden\/","name":"Kevesebb a vas\u00fati \u00e1tj\u00e1r\u00f3s baleset id\u00e9n","isPartOf":{"@id":"https:\/\/dorogimedence.hu\/#website"},"primaryImageOfPage":{"@id":"https:\/\/dorogimedence.hu\/index.php\/2026\/06\/27\/kevesebb-a-vasuti-atjaros-baleset-iden\/#primaryimage"},"image":{"@id":"https:\/\/dorogimedence.hu\/index.php\/2026\/06\/27\/kevesebb-a-vasuti-atjaros-baleset-iden\/#primaryimage"},"thumbnailUrl":"https:\/\/dorogimedence.hu\/wp-content\/uploads\/2026\/06\/ChatGPT-Image-2026.-jun.-27.-11_48_20.png","datePublished":"2026-06-27T09:49:33+00:00","breadcrumb":{"@id":"https:\/\/dorogimedence.hu\/index.php\/2026\/06\/27\/kevesebb-a-vasuti-atjaros-baleset-iden\/#breadcrumb"},"inLanguage":"hu","potentialAction":[{"@type":"ReadAction","target":["https:\/\/dorogimedence.hu\/index.php\/2026\/06\/27\/kevesebb-a-vasuti-atjaros-baleset-iden\/"]}]},{"@type":"ImageObject","inLanguage":"hu","@id":"https:\/\/dorogimedence.hu\/index.php\/2026\/06\/27\/kevesebb-a-vasuti-atjaros-baleset-iden\/#primaryimage","url":"https:\/\/dorogimedence.hu\/wp-content\/uploads\/2026\/06\/ChatGPT-Image-2026.-jun.-27.-11_48_20.png","contentUrl":"https:\/\/dorogimedence.hu\/wp-content\/uploads\/2026\/06\/ChatGPT-Image-2026.-jun.-27.-11_48_20.png","width":1536,"height":1024},{"@type":"BreadcrumbList","@id":"https:\/\/dorogimedence.hu\/index.php\/2026\/06\/27\/kevesebb-a-vasuti-atjaros-baleset-iden\/#breadcrumb","itemListElement":[{"@type":"ListItem","position":1,"name":"Kezd\u0151lap","item":"https:\/\/dorogimedence.hu\/"},{"@type":"ListItem","position":2,"name":"Kevesebb a vas\u00fati \u00e1tj\u00e1r\u00f3s baleset id\u00e9n"}]},{"@type":"WebSite","@id":"https:\/\/dorogimedence.hu\/#website","url":"https:\/\/dorogimedence.hu\/","name":"Dorogi-medence Region\u00e1lis H\u00edrport\u00e1l","description":"Dorog, Keszt\u00f6lc, Le\u00e1nyv\u00e1r, Piliscs\u00e9v, Tokod, Tokodalt\u00e1r\u00f3, Csolnok, Esztergom-kertv\u00e1ros: h\u00edrek, programok","publisher":{"@id":"https:\/\/dorogimedence.hu\/#organization"},"potentialAction":[{"@type":"SearchAction","target":{"@type":"EntryPoint","urlTemplate":"https:\/\/dorogimedence.hu\/?s={search_term_string}"},"query-input":{"@type":"PropertyValueSpecification","valueRequired":true,"valueName":"search_term_string"}}],"inLanguage":"hu"},{"@type":"Organization","@id":"https:\/\/dorogimedence.hu\/#organization","name":"Dorogi-medence Region\u00e1lis H\u00edrport\u00e1l","url":"https:\/\/dorogimedence.hu\/","logo":{"@type":"ImageObject","inLanguage":"hu","@id":"https:\/\/dorogimedence.hu\/#\/schema\/logo\/image\/","url":"https:\/\/dorogimedence.hu\/wp-content\/uploads\/2021\/04\/logo-feher-600.png","contentUrl":"https:\/\/dorogimedence.hu\/wp-content\/uploads\/2021\/04\/logo-feher-600.png","width":600,"height":100,"caption":"Dorogi-medence Region\u00e1lis H\u00edrport\u00e1l"},"image":{"@id":"https:\/\/dorogimedence.hu\/#\/schema\/logo\/image\/"},"sameAs":["https:\/\/www.facebook.com\/dorogimedence\/"]},{"@type":"Person","@id":"https:\/\/dorogimedence.hu\/#\/schema\/person\/ce6091eeb7e95ecdc87890d6aa8e0fd4","name":"dorogimedence.hu","image":{"@type":"ImageObject","inLanguage":"hu","@id":"\/\/www.gravatar.com\/avatar\/d8d45f8901aadff40a4af72c0b826f1d?s=96&#038;r=g&#038;d=mm","url":"\/\/www.gravatar.com\/avatar\/d8d45f8901aadff40a4af72c0b826f1d?s=96&#038;r=g&#038;d=mm","contentUrl":"\/\/www.gravatar.com\/avatar\/d8d45f8901aadff40a4af72c0b826f1d?s=96&#038;r=g&#038;d=mm","caption":"dorogimedence.hu"}}]}},"_links":{"self":[{"href":"https:\/\/dorogimedence.hu\/index.php\/wp-json\/wp\/v2\/posts\/81539","targetHints":{"allow":["GET"]}}],"collection":[{"href":"https:\/\/dorogimedence.hu\/index.php\/wp-json\/wp\/v2\/posts"}],"about":[{"href":"https:\/\/dorogimedence.hu\/index.php\/wp-json\/wp\/v2\/types\/post"}],"author":[{"embeddable":true,"href":"https:\/\/dorogimedence.hu\/index.php\/wp-json\/wp\/v2\/users\/1"}],"replies":[{"embeddable":true,"href":"https:\/\/dorogimedence.hu\/index.php\/wp-json\/wp\/v2\/comments?post=81539"}],"version-history":[{"count":1,"href":"https:\/\/dorogimedence.hu\/index.php\/wp-json\/wp\/v2\/posts\/81539\/revisions"}],"predecessor-version":[{"id":81541,"href":"https:\/\/dorogimedence.hu\/index.php\/wp-json\/wp\/v2\/posts\/81539\/revisions\/81541"}],"wp:featuredmedia":[{"embeddable":true,"href":"https:\/\/dorogimedence.hu\/index.php\/wp-json\/wp\/v2\/media\/81540"}],"wp:attachment":[{"href":"https:\/\/dorogimedence.hu\/index.php\/wp-json\/wp\/v2\/media?parent=81539"}],"wp:term":[{"taxonomy":"category","embeddable":true,"href":"https:\/\/dorogimedence.hu\/index.php\/wp-json\/wp\/v2\/categories?post=81539"},{"taxonomy":"post_tag","embeddable":true,"href":"https:\/\/dorogimedence.hu\/index.php\/wp-json\/wp\/v2\/tags?post=81539"}],"curies":[{"name":"wp","href":"https:\/\/api.w.org\/{rel}","templated":true}]}}