{"id":81534,"date":"2026-06-27T11:42:18","date_gmt":"2026-06-27T09:42:18","guid":{"rendered":"https:\/\/dorogimedence.hu\/?p=81534"},"modified":"2026-06-27T11:42:18","modified_gmt":"2026-06-27T09:42:18","slug":"elhunyt-foldes-vilmos-esztergom-utolso-klasszikus-karikaturistaja","status":"publish","type":"post","link":"https:\/\/dorogimedence.hu\/index.php\/2026\/06\/27\/elhunyt-foldes-vilmos-esztergom-utolso-klasszikus-karikaturistaja\/","title":{"rendered":"Elhunyt F\u00f6ldes Vilmos, Esztergom utols\u00f3 klasszikus karikaturist\u00e1ja"},"content":{"rendered":"<p><strong>\u00c9let\u00e9nek 84. \u00e9v\u00e9ben elhunyt F\u00f6ldes Vilmos, m\u0171v\u00e9sznev\u00e9n VILL, Esztergom ismert karikaturist\u00e1ja, rajztan\u00e1ra \u00e9s f\u0151iskolai docense. Hal\u00e1l\u00e1val nemcsak a v\u00e1ros, hanem a magyar karikat\u00faram\u0171v\u00e9szet is egy meghat\u00e1roz\u00f3 alkot\u00f3t vesz\u00edtett el.<\/strong><\/p>\n<p>F\u00f6ldes Vilmos 1942-ben sz\u00fcletett Esztergomban, \u00e9s eg\u00e9sz \u00e9let\u00e9ben szoros kapcsolatban maradt sz\u00fcl\u0151v\u00e1ros\u00e1val. M\u00e1r fiatalon kit\u0171nt rajztehets\u00e9g\u00e9vel, els\u0151 jelent\u0151s karikat\u00fara-ki\u00e1ll\u00edt\u00e1sa a M\u0171csarnokban ny\u00edlt meg. P\u00e1ly\u00e1ja kezdet\u00e9n az Esztergomi Szem\u00fcvegkeretgy\u00e1r formatervez\u0151jek\u00e9nt dolgozott, munk\u00e1ja sor\u00e1n k\u00fclf\u00f6ldi tanulm\u00e1nyutakon \u00e9s nemzetk\u00f6zi ki\u00e1ll\u00edt\u00e1sokon ismerkedett meg a kor meghat\u00e1roz\u00f3 diz\u00e1jnir\u00e1nyzataival.<\/p>\n<p><img fetchpriority=\"high\" decoding=\"async\" class=\"alignnone size-full wp-image-81536\" src=\"https:\/\/dorogimedence.hu\/wp-content\/uploads\/2026\/06\/730732032_1907481299921478_2256903222833172422_n.jpg\" alt=\"\" width=\"1600\" height=\"1142\" srcset=\"https:\/\/dorogimedence.hu\/wp-content\/uploads\/2026\/06\/730732032_1907481299921478_2256903222833172422_n.jpg 1600w, https:\/\/dorogimedence.hu\/wp-content\/uploads\/2026\/06\/730732032_1907481299921478_2256903222833172422_n-600x428.jpg 600w, https:\/\/dorogimedence.hu\/wp-content\/uploads\/2026\/06\/730732032_1907481299921478_2256903222833172422_n-768x548.jpg 768w, https:\/\/dorogimedence.hu\/wp-content\/uploads\/2026\/06\/730732032_1907481299921478_2256903222833172422_n-1536x1096.jpg 1536w, https:\/\/dorogimedence.hu\/wp-content\/uploads\/2026\/06\/730732032_1907481299921478_2256903222833172422_n-150x107.jpg 150w, https:\/\/dorogimedence.hu\/wp-content\/uploads\/2026\/06\/730732032_1907481299921478_2256903222833172422_n-450x321.jpg 450w, https:\/\/dorogimedence.hu\/wp-content\/uploads\/2026\/06\/730732032_1907481299921478_2256903222833172422_n-1200x857.jpg 1200w\" sizes=\"(max-width: 1600px) 100vw, 1600px\" \/><\/p>\n<p>B\u00e1r karikaturistak\u00e9nt orsz\u00e1gos ismerts\u00e9gre tett szert, legfontosabb hivat\u00e1s\u00e1nak mindig a pedag\u00f3gi\u00e1t tekintette. Munka mellett szerezte meg diplom\u00e1it, majd az Esztergomi Tan\u00edt\u00f3k\u00e9pz\u0151 F\u0151iskola oktat\u00f3jak\u00e9nt, k\u00e9s\u0151bb f\u0151iskolai docensk\u00e9nt \u00e9s tansz\u00e9kvezet\u0151k\u00e9nt gener\u00e1ci\u00f3knak adta \u00e1t a rajz \u00e9s a vizu\u00e1lis kult\u00fara szeretet\u00e9t.<\/p>\n<p>Karikat\u00far\u00e1i \u00e9vtizedeken \u00e1t jelentek meg a magyar sajt\u00f3 meghat\u00e1roz\u00f3 lapjaiban. Rajzait t\u00f6bbek k\u00f6z\u00f6tt a Ludas Matyi, a Hahota, a Pajt\u00e1s, a Magyar Ifj\u00fas\u00e1g, a Szabad F\u00f6ld, a N\u00e9psport, a Figyel\u0151, a Dolgoz\u00f3k Lapja, az Esztergom \u00e9s Vid\u00e9ke, valamint sz\u00e1mos m\u00e1s orsz\u00e1gos \u00e9s helyi kiadv\u00e1ny k\u00f6z\u00f6lte. Alkot\u00e1sait jellegzetes \u201eVILL\u201d szign\u00f3val l\u00e1tta el.<\/p>\n<p>Munk\u00e1ss\u00e1g\u00e1t t\u00f6bb rangos szakmai elismer\u00e9ssel is d\u00edjazt\u00e1k. Tagja volt a Magyar K\u00e9pz\u0151- \u00e9s Iparm\u0171v\u00e9szeti Sz\u00f6vets\u00e9gnek, emellett elismer\u00e9st kapott t\u00f6bbek k\u00f6z\u00f6tt a Magyar Nemzet Eur\u00f3pai Uni\u00f3s H\u00edrlevele \u00e9s a K\u00fcl\u00fcgyminiszt\u00e9rium k\u00f6z\u00f6s p\u00e1ly\u00e1zat\u00e1n, valamint a III. Magyar Karikat\u00fara Fesztiv\u00e1lon is.<\/p>\n<p><img decoding=\"async\" class=\"alignnone size-full wp-image-81537\" src=\"https:\/\/dorogimedence.hu\/wp-content\/uploads\/2026\/06\/731111641_1013391351393346_7294476151617514022_n.jpg\" alt=\"\" width=\"1252\" height=\"1600\" srcset=\"https:\/\/dorogimedence.hu\/wp-content\/uploads\/2026\/06\/731111641_1013391351393346_7294476151617514022_n.jpg 1252w, https:\/\/dorogimedence.hu\/wp-content\/uploads\/2026\/06\/731111641_1013391351393346_7294476151617514022_n-470x600.jpg 470w, https:\/\/dorogimedence.hu\/wp-content\/uploads\/2026\/06\/731111641_1013391351393346_7294476151617514022_n-768x981.jpg 768w, https:\/\/dorogimedence.hu\/wp-content\/uploads\/2026\/06\/731111641_1013391351393346_7294476151617514022_n-1202x1536.jpg 1202w, https:\/\/dorogimedence.hu\/wp-content\/uploads\/2026\/06\/731111641_1013391351393346_7294476151617514022_n-150x192.jpg 150w, https:\/\/dorogimedence.hu\/wp-content\/uploads\/2026\/06\/731111641_1013391351393346_7294476151617514022_n-450x575.jpg 450w, https:\/\/dorogimedence.hu\/wp-content\/uploads\/2026\/06\/731111641_1013391351393346_7294476151617514022_n-1200x1534.jpg 1200w\" sizes=\"(max-width: 1252px) 100vw, 1252px\" \/><\/p>\n<p>P\u00e1lyat\u00e1rsa, Bal\u00e1zs-Piri Bal\u00e1zs egy kor\u00e1bbi ki\u00e1ll\u00edt\u00e1smegnyit\u00f3n \u00fagy fogalmazott r\u00f3la, hogy F\u00f6ldes Vilmos a magyar karikat\u00fara \u201elegszer\u00e9nyebb k\u00f6zkaton\u00e1ja\u201d volt, aki mindig a humor \u00e9s a mosoly erej\u00e9ben hitt. Maga F\u00f6ldes Vilmos is \u00fagy vallotta: a karikat\u00fara ugyan nem v\u00e1ltja meg a vil\u00e1got, de seg\u00edt \u00e1tv\u00e9szelni az \u00e9let neh\u00e9z id\u0151szakait, mert \u201eaki mosolyogni tud, \u00e9lni is tud\u201d.<\/p>\n<p>J\u00fanius 25-\u00e9n az esztergom-szentgy\u00f6rgymez\u0151i temet\u0151ben k\u00eds\u00e9rt\u00e9k utols\u00f3 \u00fatj\u00e1ra. T\u00e1voz\u00e1s\u00e1val egy olyan alkot\u00f3 b\u00facs\u00fazott, aki eg\u00e9sz \u00e9let\u00e9vel \u00e9s munk\u00e1ss\u00e1g\u00e1val gazdag\u00edtotta Esztergom kultur\u00e1lis \u00e9let\u00e9t, mik\u00f6zben rajzaival \u00e9vtizedeken \u00e1t milli\u00f3k arc\u00e1ra csalt mosolyt.<\/p>\n<p>Nyugodj\u00e9k b\u00e9k\u00e9ben!<\/p>\n<p><em>Fot\u00f3k: Esztergom Anno Facebook-oldal<br \/>\nFelhaszn\u00e1lt forr\u00e1sok: <a href=\"https:\/\/www.facebook.com\/esztergomanno\/posts\/pfbid02YKC2aRfJg5JTzdMqnMPgBbFvBv17GEgDE1YujmtpW5C7SL2q4vxumBBxykM7sSxil\" target=\"_blank\" rel=\"noopener\"><span style=\"text-decoration: underline; color: #0000ff;\">Esztergom Anno Facebook-oldal<\/span><\/a>, <a href=\"https:\/\/www.grantv.hu\/index.php\/hirek-3\/102-helyi\/4021-elhunyt-foeldes-vilmos-vill-esztergom-utolso-karikaturistaja\" target=\"_blank\" rel=\"noopener\"><span style=\"text-decoration: underline; color: #0000ff;\">GranTV<\/span><\/a>, <a href=\"https:\/\/www.kemma.hu\/helyi-kozelet\/2026\/06\/foldes-vilmos-karikaturista-esztergomi-karikaturista\" target=\"_blank\" rel=\"noopener\"><span style=\"text-decoration: underline; color: #0000ff;\">KEMMA<\/span><\/a><\/em><\/p>\n","protected":false},"excerpt":{"rendered":"<p>\u00c9let\u00e9nek 84. \u00e9v\u00e9ben elhunyt F\u00f6ldes Vilmos, m\u0171v\u00e9sznev\u00e9n VILL, Esztergom ismert karikaturist\u00e1ja, rajztan\u00e1ra \u00e9s f\u0151iskolai docense. Hal\u00e1l\u00e1val nemcsak a v\u00e1ros, hanem a magyar karikat\u00faram\u0171v\u00e9szet is egy meghat\u00e1roz\u00f3 alkot\u00f3t vesz\u00edtett el. F\u00f6ldes Vilmos 1942-ben sz\u00fcletett Esztergomban, \u00e9s eg\u00e9sz \u00e9let\u00e9ben szoros kapcsolatban maradt sz\u00fcl\u0151v\u00e1ros\u00e1val. M\u00e1r fiatalon kit\u0171nt rajztehets\u00e9g\u00e9vel, els\u0151 jelent\u0151s karikat\u00fara-ki\u00e1ll\u00edt\u00e1sa a M\u0171csarnokban ny\u00edlt meg. P\u00e1ly\u00e1ja kezdet\u00e9n az<\/p>\n","protected":false},"author":1,"featured_media":81535,"comment_status":"closed","ping_status":"closed","sticky":false,"template":"","format":"standard","meta":{"ngg_post_thumbnail":0,"footnotes":""},"categories":[38,3],"tags":[42,8948,1691,8949],"class_list":["post-81534","post","type-post","status-publish","format-standard","has-post-thumbnail","category-esztergom","category-hirek","tag-esztergom","tag-foldes-vilmos","tag-gyaszhir","tag-karikaturista"],"yoast_head":"<!-- This site is optimized with the Yoast SEO plugin v28.3 - https:\/\/yoast.com\/product\/yoast-seo-wordpress\/ -->\n<title>Elhunyt F\u00f6ldes Vilmos, Esztergom utols\u00f3 klasszikus karikaturist\u00e1ja<\/title>\n<meta name=\"robots\" content=\"index, follow, max-snippet:-1, max-image-preview:large, max-video-preview:-1\" \/>\n<link rel=\"canonical\" href=\"https:\/\/dorogimedence.hu\/index.php\/2026\/06\/27\/elhunyt-foldes-vilmos-esztergom-utolso-klasszikus-karikaturistaja\/\" class=\"yoast-seo-meta-tag\" \/>\n<meta property=\"og:locale\" content=\"hu_HU\" class=\"yoast-seo-meta-tag\" \/>\n<meta property=\"og:type\" content=\"article\" class=\"yoast-seo-meta-tag\" \/>\n<meta property=\"og:title\" content=\"Elhunyt F\u00f6ldes Vilmos, Esztergom utols\u00f3 klasszikus karikaturist\u00e1ja\" class=\"yoast-seo-meta-tag\" \/>\n<meta property=\"og:description\" content=\"\u00c9let\u00e9nek 84. \u00e9v\u00e9ben elhunyt F\u00f6ldes Vilmos, m\u0171v\u00e9sznev\u00e9n VILL, Esztergom ismert karikaturist\u00e1ja, rajztan\u00e1ra \u00e9s f\u0151iskolai docense. Hal\u00e1l\u00e1val nemcsak a v\u00e1ros, hanem a magyar karikat\u00faram\u0171v\u00e9szet is egy meghat\u00e1roz\u00f3 alkot\u00f3t vesz\u00edtett el. F\u00f6ldes Vilmos 1942-ben sz\u00fcletett Esztergomban, \u00e9s eg\u00e9sz \u00e9let\u00e9ben szoros kapcsolatban maradt sz\u00fcl\u0151v\u00e1ros\u00e1val. M\u00e1r fiatalon kit\u0171nt rajztehets\u00e9g\u00e9vel, els\u0151 jelent\u0151s karikat\u00fara-ki\u00e1ll\u00edt\u00e1sa a M\u0171csarnokban ny\u00edlt meg. P\u00e1ly\u00e1ja kezdet\u00e9n az\" class=\"yoast-seo-meta-tag\" \/>\n<meta property=\"og:url\" content=\"https:\/\/dorogimedence.hu\/index.php\/2026\/06\/27\/elhunyt-foldes-vilmos-esztergom-utolso-klasszikus-karikaturistaja\/\" class=\"yoast-seo-meta-tag\" \/>\n<meta property=\"og:site_name\" content=\"Dorogi-medence Region\u00e1lis H\u00edrport\u00e1l\" class=\"yoast-seo-meta-tag\" \/>\n<meta property=\"article:publisher\" content=\"https:\/\/www.facebook.com\/dorogimedence\/\" class=\"yoast-seo-meta-tag\" \/>\n<meta property=\"article:published_time\" content=\"2026-06-27T09:42:18+00:00\" class=\"yoast-seo-meta-tag\" \/>\n<meta property=\"og:image\" content=\"https:\/\/dorogimedence.hu\/wp-content\/uploads\/2026\/06\/foldes.jpg\" class=\"yoast-seo-meta-tag\" \/>\n\t<meta property=\"og:image:width\" content=\"1920\" class=\"yoast-seo-meta-tag\" \/>\n\t<meta property=\"og:image:height\" content=\"970\" class=\"yoast-seo-meta-tag\" \/>\n\t<meta property=\"og:image:type\" content=\"image\/jpeg\" class=\"yoast-seo-meta-tag\" \/>\n<meta name=\"author\" content=\"dorogimedence.hu\" class=\"yoast-seo-meta-tag\" \/>\n<meta name=\"twitter:card\" content=\"summary_large_image\" class=\"yoast-seo-meta-tag\" \/>\n<meta name=\"twitter:label1\" content=\"Szerz\u0151:\" class=\"yoast-seo-meta-tag\" \/>\n\t<meta name=\"twitter:data1\" content=\"dorogimedence.hu\" class=\"yoast-seo-meta-tag\" \/>\n\t<meta name=\"twitter:label2\" content=\"Becs\u00fclt olvas\u00e1si id\u0151\" class=\"yoast-seo-meta-tag\" \/>\n\t<meta name=\"twitter:data2\" content=\"2 perc\" class=\"yoast-seo-meta-tag\" \/>\n<script type=\"application\/ld+json\" class=\"yoast-schema-graph\">{\"@context\":\"https:\\\/\\\/schema.org\",\"@graph\":[{\"@type\":\"Article\",\"@id\":\"https:\\\/\\\/dorogimedence.hu\\\/index.php\\\/2026\\\/06\\\/27\\\/elhunyt-foldes-vilmos-esztergom-utolso-klasszikus-karikaturistaja\\\/#article\",\"isPartOf\":{\"@id\":\"https:\\\/\\\/dorogimedence.hu\\\/index.php\\\/2026\\\/06\\\/27\\\/elhunyt-foldes-vilmos-esztergom-utolso-klasszikus-karikaturistaja\\\/\"},\"author\":{\"name\":\"dorogimedence.hu\",\"@id\":\"https:\\\/\\\/dorogimedence.hu\\\/#\\\/schema\\\/person\\\/ce6091eeb7e95ecdc87890d6aa8e0fd4\"},\"headline\":\"Elhunyt F\u00f6ldes Vilmos, Esztergom utols\u00f3 klasszikus karikaturist\u00e1ja\",\"datePublished\":\"2026-06-27T09:42:18+00:00\",\"mainEntityOfPage\":{\"@id\":\"https:\\\/\\\/dorogimedence.hu\\\/index.php\\\/2026\\\/06\\\/27\\\/elhunyt-foldes-vilmos-esztergom-utolso-klasszikus-karikaturistaja\\\/\"},\"wordCount\":495,\"publisher\":{\"@id\":\"https:\\\/\\\/dorogimedence.hu\\\/#organization\"},\"image\":{\"@id\":\"https:\\\/\\\/dorogimedence.hu\\\/index.php\\\/2026\\\/06\\\/27\\\/elhunyt-foldes-vilmos-esztergom-utolso-klasszikus-karikaturistaja\\\/#primaryimage\"},\"thumbnailUrl\":\"https:\\\/\\\/dorogimedence.hu\\\/wp-content\\\/uploads\\\/2026\\\/06\\\/foldes.jpg\",\"keywords\":[\"esztergom\",\"F\u00f6ldes Vilmos\",\"gy\u00e1szh\u00edr\",\"karikaturista\"],\"articleSection\":[\"Esztergom\",\"H\u00edrek\"],\"inLanguage\":\"hu\"},{\"@type\":\"WebPage\",\"@id\":\"https:\\\/\\\/dorogimedence.hu\\\/index.php\\\/2026\\\/06\\\/27\\\/elhunyt-foldes-vilmos-esztergom-utolso-klasszikus-karikaturistaja\\\/\",\"url\":\"https:\\\/\\\/dorogimedence.hu\\\/index.php\\\/2026\\\/06\\\/27\\\/elhunyt-foldes-vilmos-esztergom-utolso-klasszikus-karikaturistaja\\\/\",\"name\":\"Elhunyt F\u00f6ldes Vilmos, Esztergom utols\u00f3 klasszikus karikaturist\u00e1ja\",\"isPartOf\":{\"@id\":\"https:\\\/\\\/dorogimedence.hu\\\/#website\"},\"primaryImageOfPage\":{\"@id\":\"https:\\\/\\\/dorogimedence.hu\\\/index.php\\\/2026\\\/06\\\/27\\\/elhunyt-foldes-vilmos-esztergom-utolso-klasszikus-karikaturistaja\\\/#primaryimage\"},\"image\":{\"@id\":\"https:\\\/\\\/dorogimedence.hu\\\/index.php\\\/2026\\\/06\\\/27\\\/elhunyt-foldes-vilmos-esztergom-utolso-klasszikus-karikaturistaja\\\/#primaryimage\"},\"thumbnailUrl\":\"https:\\\/\\\/dorogimedence.hu\\\/wp-content\\\/uploads\\\/2026\\\/06\\\/foldes.jpg\",\"datePublished\":\"2026-06-27T09:42:18+00:00\",\"breadcrumb\":{\"@id\":\"https:\\\/\\\/dorogimedence.hu\\\/index.php\\\/2026\\\/06\\\/27\\\/elhunyt-foldes-vilmos-esztergom-utolso-klasszikus-karikaturistaja\\\/#breadcrumb\"},\"inLanguage\":\"hu\",\"potentialAction\":[{\"@type\":\"ReadAction\",\"target\":[\"https:\\\/\\\/dorogimedence.hu\\\/index.php\\\/2026\\\/06\\\/27\\\/elhunyt-foldes-vilmos-esztergom-utolso-klasszikus-karikaturistaja\\\/\"]}]},{\"@type\":\"ImageObject\",\"inLanguage\":\"hu\",\"@id\":\"https:\\\/\\\/dorogimedence.hu\\\/index.php\\\/2026\\\/06\\\/27\\\/elhunyt-foldes-vilmos-esztergom-utolso-klasszikus-karikaturistaja\\\/#primaryimage\",\"url\":\"https:\\\/\\\/dorogimedence.hu\\\/wp-content\\\/uploads\\\/2026\\\/06\\\/foldes.jpg\",\"contentUrl\":\"https:\\\/\\\/dorogimedence.hu\\\/wp-content\\\/uploads\\\/2026\\\/06\\\/foldes.jpg\",\"width\":1920,\"height\":970},{\"@type\":\"BreadcrumbList\",\"@id\":\"https:\\\/\\\/dorogimedence.hu\\\/index.php\\\/2026\\\/06\\\/27\\\/elhunyt-foldes-vilmos-esztergom-utolso-klasszikus-karikaturistaja\\\/#breadcrumb\",\"itemListElement\":[{\"@type\":\"ListItem\",\"position\":1,\"name\":\"Kezd\u0151lap\",\"item\":\"https:\\\/\\\/dorogimedence.hu\\\/\"},{\"@type\":\"ListItem\",\"position\":2,\"name\":\"Elhunyt F\u00f6ldes Vilmos, Esztergom utols\u00f3 klasszikus karikaturist\u00e1ja\"}]},{\"@type\":\"WebSite\",\"@id\":\"https:\\\/\\\/dorogimedence.hu\\\/#website\",\"url\":\"https:\\\/\\\/dorogimedence.hu\\\/\",\"name\":\"Dorogi-medence Region\u00e1lis H\u00edrport\u00e1l\",\"description\":\"Dorog, Keszt\u00f6lc, Le\u00e1nyv\u00e1r, Piliscs\u00e9v, Tokod, Tokodalt\u00e1r\u00f3, Csolnok, Esztergom-kertv\u00e1ros: h\u00edrek, programok\",\"publisher\":{\"@id\":\"https:\\\/\\\/dorogimedence.hu\\\/#organization\"},\"potentialAction\":[{\"@type\":\"SearchAction\",\"target\":{\"@type\":\"EntryPoint\",\"urlTemplate\":\"https:\\\/\\\/dorogimedence.hu\\\/?s={search_term_string}\"},\"query-input\":{\"@type\":\"PropertyValueSpecification\",\"valueRequired\":true,\"valueName\":\"search_term_string\"}}],\"inLanguage\":\"hu\"},{\"@type\":\"Organization\",\"@id\":\"https:\\\/\\\/dorogimedence.hu\\\/#organization\",\"name\":\"Dorogi-medence Region\u00e1lis H\u00edrport\u00e1l\",\"url\":\"https:\\\/\\\/dorogimedence.hu\\\/\",\"logo\":{\"@type\":\"ImageObject\",\"inLanguage\":\"hu\",\"@id\":\"https:\\\/\\\/dorogimedence.hu\\\/#\\\/schema\\\/logo\\\/image\\\/\",\"url\":\"https:\\\/\\\/dorogimedence.hu\\\/wp-content\\\/uploads\\\/2021\\\/04\\\/logo-feher-600.png\",\"contentUrl\":\"https:\\\/\\\/dorogimedence.hu\\\/wp-content\\\/uploads\\\/2021\\\/04\\\/logo-feher-600.png\",\"width\":600,\"height\":100,\"caption\":\"Dorogi-medence Region\u00e1lis H\u00edrport\u00e1l\"},\"image\":{\"@id\":\"https:\\\/\\\/dorogimedence.hu\\\/#\\\/schema\\\/logo\\\/image\\\/\"},\"sameAs\":[\"https:\\\/\\\/www.facebook.com\\\/dorogimedence\\\/\"]},{\"@type\":\"Person\",\"@id\":\"https:\\\/\\\/dorogimedence.hu\\\/#\\\/schema\\\/person\\\/ce6091eeb7e95ecdc87890d6aa8e0fd4\",\"name\":\"dorogimedence.hu\",\"image\":{\"@type\":\"ImageObject\",\"inLanguage\":\"hu\",\"@id\":\"\\\/\\\/www.gravatar.com\\\/avatar\\\/d8d45f8901aadff40a4af72c0b826f1d?s=96&#038;r=g&#038;d=mm\",\"url\":\"\\\/\\\/www.gravatar.com\\\/avatar\\\/d8d45f8901aadff40a4af72c0b826f1d?s=96&#038;r=g&#038;d=mm\",\"contentUrl\":\"\\\/\\\/www.gravatar.com\\\/avatar\\\/d8d45f8901aadff40a4af72c0b826f1d?s=96&#038;r=g&#038;d=mm\",\"caption\":\"dorogimedence.hu\"}}]}<\/script>\n<!-- \/ Yoast SEO plugin. -->","yoast_head_json":{"title":"Elhunyt F\u00f6ldes Vilmos, Esztergom utols\u00f3 klasszikus karikaturist\u00e1ja","robots":{"index":"index","follow":"follow","max-snippet":"max-snippet:-1","max-image-preview":"max-image-preview:large","max-video-preview":"max-video-preview:-1"},"canonical":"https:\/\/dorogimedence.hu\/index.php\/2026\/06\/27\/elhunyt-foldes-vilmos-esztergom-utolso-klasszikus-karikaturistaja\/","og_locale":"hu_HU","og_type":"article","og_title":"Elhunyt F\u00f6ldes Vilmos, Esztergom utols\u00f3 klasszikus karikaturist\u00e1ja","og_description":"\u00c9let\u00e9nek 84. \u00e9v\u00e9ben elhunyt F\u00f6ldes Vilmos, m\u0171v\u00e9sznev\u00e9n VILL, Esztergom ismert karikaturist\u00e1ja, rajztan\u00e1ra \u00e9s f\u0151iskolai docense. Hal\u00e1l\u00e1val nemcsak a v\u00e1ros, hanem a magyar karikat\u00faram\u0171v\u00e9szet is egy meghat\u00e1roz\u00f3 alkot\u00f3t vesz\u00edtett el. F\u00f6ldes Vilmos 1942-ben sz\u00fcletett Esztergomban, \u00e9s eg\u00e9sz \u00e9let\u00e9ben szoros kapcsolatban maradt sz\u00fcl\u0151v\u00e1ros\u00e1val. M\u00e1r fiatalon kit\u0171nt rajztehets\u00e9g\u00e9vel, els\u0151 jelent\u0151s karikat\u00fara-ki\u00e1ll\u00edt\u00e1sa a M\u0171csarnokban ny\u00edlt meg. P\u00e1ly\u00e1ja kezdet\u00e9n az","og_url":"https:\/\/dorogimedence.hu\/index.php\/2026\/06\/27\/elhunyt-foldes-vilmos-esztergom-utolso-klasszikus-karikaturistaja\/","og_site_name":"Dorogi-medence Region\u00e1lis H\u00edrport\u00e1l","article_publisher":"https:\/\/www.facebook.com\/dorogimedence\/","article_published_time":"2026-06-27T09:42:18+00:00","og_image":[{"width":1920,"height":970,"url":"https:\/\/dorogimedence.hu\/wp-content\/uploads\/2026\/06\/foldes.jpg","type":"image\/jpeg"}],"author":"dorogimedence.hu","twitter_card":"summary_large_image","twitter_misc":{"Szerz\u0151:":"dorogimedence.hu","Becs\u00fclt olvas\u00e1si id\u0151":"2 perc"},"schema":{"@context":"https:\/\/schema.org","@graph":[{"@type":"Article","@id":"https:\/\/dorogimedence.hu\/index.php\/2026\/06\/27\/elhunyt-foldes-vilmos-esztergom-utolso-klasszikus-karikaturistaja\/#article","isPartOf":{"@id":"https:\/\/dorogimedence.hu\/index.php\/2026\/06\/27\/elhunyt-foldes-vilmos-esztergom-utolso-klasszikus-karikaturistaja\/"},"author":{"name":"dorogimedence.hu","@id":"https:\/\/dorogimedence.hu\/#\/schema\/person\/ce6091eeb7e95ecdc87890d6aa8e0fd4"},"headline":"Elhunyt F\u00f6ldes Vilmos, Esztergom utols\u00f3 klasszikus karikaturist\u00e1ja","datePublished":"2026-06-27T09:42:18+00:00","mainEntityOfPage":{"@id":"https:\/\/dorogimedence.hu\/index.php\/2026\/06\/27\/elhunyt-foldes-vilmos-esztergom-utolso-klasszikus-karikaturistaja\/"},"wordCount":495,"publisher":{"@id":"https:\/\/dorogimedence.hu\/#organization"},"image":{"@id":"https:\/\/dorogimedence.hu\/index.php\/2026\/06\/27\/elhunyt-foldes-vilmos-esztergom-utolso-klasszikus-karikaturistaja\/#primaryimage"},"thumbnailUrl":"https:\/\/dorogimedence.hu\/wp-content\/uploads\/2026\/06\/foldes.jpg","keywords":["esztergom","F\u00f6ldes Vilmos","gy\u00e1szh\u00edr","karikaturista"],"articleSection":["Esztergom","H\u00edrek"],"inLanguage":"hu"},{"@type":"WebPage","@id":"https:\/\/dorogimedence.hu\/index.php\/2026\/06\/27\/elhunyt-foldes-vilmos-esztergom-utolso-klasszikus-karikaturistaja\/","url":"https:\/\/dorogimedence.hu\/index.php\/2026\/06\/27\/elhunyt-foldes-vilmos-esztergom-utolso-klasszikus-karikaturistaja\/","name":"Elhunyt F\u00f6ldes Vilmos, Esztergom utols\u00f3 klasszikus karikaturist\u00e1ja","isPartOf":{"@id":"https:\/\/dorogimedence.hu\/#website"},"primaryImageOfPage":{"@id":"https:\/\/dorogimedence.hu\/index.php\/2026\/06\/27\/elhunyt-foldes-vilmos-esztergom-utolso-klasszikus-karikaturistaja\/#primaryimage"},"image":{"@id":"https:\/\/dorogimedence.hu\/index.php\/2026\/06\/27\/elhunyt-foldes-vilmos-esztergom-utolso-klasszikus-karikaturistaja\/#primaryimage"},"thumbnailUrl":"https:\/\/dorogimedence.hu\/wp-content\/uploads\/2026\/06\/foldes.jpg","datePublished":"2026-06-27T09:42:18+00:00","breadcrumb":{"@id":"https:\/\/dorogimedence.hu\/index.php\/2026\/06\/27\/elhunyt-foldes-vilmos-esztergom-utolso-klasszikus-karikaturistaja\/#breadcrumb"},"inLanguage":"hu","potentialAction":[{"@type":"ReadAction","target":["https:\/\/dorogimedence.hu\/index.php\/2026\/06\/27\/elhunyt-foldes-vilmos-esztergom-utolso-klasszikus-karikaturistaja\/"]}]},{"@type":"ImageObject","inLanguage":"hu","@id":"https:\/\/dorogimedence.hu\/index.php\/2026\/06\/27\/elhunyt-foldes-vilmos-esztergom-utolso-klasszikus-karikaturistaja\/#primaryimage","url":"https:\/\/dorogimedence.hu\/wp-content\/uploads\/2026\/06\/foldes.jpg","contentUrl":"https:\/\/dorogimedence.hu\/wp-content\/uploads\/2026\/06\/foldes.jpg","width":1920,"height":970},{"@type":"BreadcrumbList","@id":"https:\/\/dorogimedence.hu\/index.php\/2026\/06\/27\/elhunyt-foldes-vilmos-esztergom-utolso-klasszikus-karikaturistaja\/#breadcrumb","itemListElement":[{"@type":"ListItem","position":1,"name":"Kezd\u0151lap","item":"https:\/\/dorogimedence.hu\/"},{"@type":"ListItem","position":2,"name":"Elhunyt F\u00f6ldes Vilmos, Esztergom utols\u00f3 klasszikus karikaturist\u00e1ja"}]},{"@type":"WebSite","@id":"https:\/\/dorogimedence.hu\/#website","url":"https:\/\/dorogimedence.hu\/","name":"Dorogi-medence Region\u00e1lis H\u00edrport\u00e1l","description":"Dorog, Keszt\u00f6lc, Le\u00e1nyv\u00e1r, Piliscs\u00e9v, Tokod, Tokodalt\u00e1r\u00f3, Csolnok, Esztergom-kertv\u00e1ros: h\u00edrek, programok","publisher":{"@id":"https:\/\/dorogimedence.hu\/#organization"},"potentialAction":[{"@type":"SearchAction","target":{"@type":"EntryPoint","urlTemplate":"https:\/\/dorogimedence.hu\/?s={search_term_string}"},"query-input":{"@type":"PropertyValueSpecification","valueRequired":true,"valueName":"search_term_string"}}],"inLanguage":"hu"},{"@type":"Organization","@id":"https:\/\/dorogimedence.hu\/#organization","name":"Dorogi-medence Region\u00e1lis H\u00edrport\u00e1l","url":"https:\/\/dorogimedence.hu\/","logo":{"@type":"ImageObject","inLanguage":"hu","@id":"https:\/\/dorogimedence.hu\/#\/schema\/logo\/image\/","url":"https:\/\/dorogimedence.hu\/wp-content\/uploads\/2021\/04\/logo-feher-600.png","contentUrl":"https:\/\/dorogimedence.hu\/wp-content\/uploads\/2021\/04\/logo-feher-600.png","width":600,"height":100,"caption":"Dorogi-medence Region\u00e1lis H\u00edrport\u00e1l"},"image":{"@id":"https:\/\/dorogimedence.hu\/#\/schema\/logo\/image\/"},"sameAs":["https:\/\/www.facebook.com\/dorogimedence\/"]},{"@type":"Person","@id":"https:\/\/dorogimedence.hu\/#\/schema\/person\/ce6091eeb7e95ecdc87890d6aa8e0fd4","name":"dorogimedence.hu","image":{"@type":"ImageObject","inLanguage":"hu","@id":"\/\/www.gravatar.com\/avatar\/d8d45f8901aadff40a4af72c0b826f1d?s=96&#038;r=g&#038;d=mm","url":"\/\/www.gravatar.com\/avatar\/d8d45f8901aadff40a4af72c0b826f1d?s=96&#038;r=g&#038;d=mm","contentUrl":"\/\/www.gravatar.com\/avatar\/d8d45f8901aadff40a4af72c0b826f1d?s=96&#038;r=g&#038;d=mm","caption":"dorogimedence.hu"}}]}},"_links":{"self":[{"href":"https:\/\/dorogimedence.hu\/index.php\/wp-json\/wp\/v2\/posts\/81534","targetHints":{"allow":["GET"]}}],"collection":[{"href":"https:\/\/dorogimedence.hu\/index.php\/wp-json\/wp\/v2\/posts"}],"about":[{"href":"https:\/\/dorogimedence.hu\/index.php\/wp-json\/wp\/v2\/types\/post"}],"author":[{"embeddable":true,"href":"https:\/\/dorogimedence.hu\/index.php\/wp-json\/wp\/v2\/users\/1"}],"replies":[{"embeddable":true,"href":"https:\/\/dorogimedence.hu\/index.php\/wp-json\/wp\/v2\/comments?post=81534"}],"version-history":[{"count":1,"href":"https:\/\/dorogimedence.hu\/index.php\/wp-json\/wp\/v2\/posts\/81534\/revisions"}],"predecessor-version":[{"id":81538,"href":"https:\/\/dorogimedence.hu\/index.php\/wp-json\/wp\/v2\/posts\/81534\/revisions\/81538"}],"wp:featuredmedia":[{"embeddable":true,"href":"https:\/\/dorogimedence.hu\/index.php\/wp-json\/wp\/v2\/media\/81535"}],"wp:attachment":[{"href":"https:\/\/dorogimedence.hu\/index.php\/wp-json\/wp\/v2\/media?parent=81534"}],"wp:term":[{"taxonomy":"category","embeddable":true,"href":"https:\/\/dorogimedence.hu\/index.php\/wp-json\/wp\/v2\/categories?post=81534"},{"taxonomy":"post_tag","embeddable":true,"href":"https:\/\/dorogimedence.hu\/index.php\/wp-json\/wp\/v2\/tags?post=81534"}],"curies":[{"name":"wp","href":"https:\/\/api.w.org\/{rel}","templated":true}]}}