{"id":81409,"date":"2026-06-24T11:49:51","date_gmt":"2026-06-24T09:49:51","guid":{"rendered":"https:\/\/dorogimedence.hu\/?p=81409"},"modified":"2026-06-24T11:49:51","modified_gmt":"2026-06-24T09:49:51","slug":"konyhai-kalandok-varjak-a-gyerekeket-esztergomban","status":"publish","type":"post","link":"https:\/\/dorogimedence.hu\/index.php\/2026\/06\/24\/konyhai-kalandok-varjak-a-gyerekeket-esztergomban\/","title":{"rendered":"Konyhai kalandok v\u00e1rj\u00e1k a gyerekeket Esztergomban"},"content":{"rendered":"<p><strong>Id\u00e9n ny\u00e1ron m\u00e1r tizenkettedik alkalommal rendezik meg Esztergomban a n\u00e9pszer\u0171 S\u00fct\u0151-f\u0151z\u0151 napk\u00f6zis t\u00e1bort, ahol a gyerekek j\u00e1t\u00e9kos form\u00e1ban ismerkedhetnek meg a s\u00fct\u00e9s-f\u0151z\u00e9s rejtelmeivel, az eg\u00e9szs\u00e9ges t\u00e1pl\u00e1lkoz\u00e1ssal \u00e9s a k\u00f6z\u00f6ss\u00e9gi \u00e9lm\u00e9nyekkel.<\/strong><\/p>\n<p>A t\u00e1bornak ez\u00fattal is a Mont\u00e1gh Imre \u00c1ltal\u00e1nos Iskola ad otthont. A szervez\u0151k h\u00e1rom turnusban v\u00e1rj\u00e1k a 7\u201314 \u00e9ves koroszt\u00e1lyt, kis l\u00e9tsz\u00e1m\u00fa csoportokban. Egyszerre legfeljebb 15 gyermek vehet r\u00e9szt a programokon, akikkel h\u00e1rom pedag\u00f3gus \u00e9s seg\u00edt\u0151ik foglalkoznak.<\/p>\n<p>A t\u00e1bor k\u00fcl\u00f6nlegess\u00e9ge, hogy a gyerekek nem csup\u00e1n n\u00e9z\u0151i, hanem akt\u00edv r\u00e9sztvev\u0151i is a konyhai munk\u00e1nak. A t\u00e1boroz\u00f3k k\u00f6zrem\u0171k\u00f6dnek a t\u00edz\u00f3rai, az eb\u00e9d \u00e9s az uzsonna elk\u00e9sz\u00edt\u00e9s\u00e9ben, mik\u00f6zben elsaj\u00e1t\u00edthatj\u00e1k a s\u00fct\u00e9s-f\u0151z\u00e9s alapjait \u00e9s sz\u00e1mos hasznos konyhai praktik\u00e1t. Az elk\u00e9sz\u00edtett \u00e9telek receptjeit haza is vihetik, \u00edgy a tanultakat k\u00e9s\u0151bb otthon is kipr\u00f3b\u00e1lhatj\u00e1k.<\/p>\n<p>A szervez\u0151k kiemelt figyelmet ford\u00edtanak a helyes t\u00e1pl\u00e1lkoz\u00e1sra, az eg\u00e9szs\u00e9ges \u00e9letm\u00f3dra \u00e9s a megfelel\u0151 alapanyagok haszn\u00e1lat\u00e1ra. A gyerekek a gyakorlatban is megtapasztalhatj\u00e1k, hogyan k\u00e9sz\u00fclnek az eg\u00e9szs\u00e9ges \u00e9s \u00edzletes \u00e9telek.<\/p>\n<p>A f\u0151z\u0151programok mellett sz\u00e1mos szabadid\u0151s elfoglalts\u00e1g is v\u00e1rja a r\u00e9sztvev\u0151ket. A gyerekek k\u00e9zm\u0171veskedhetnek, sportolhatnak, k\u00f6z\u00f6s j\u00e1t\u00e9kokat tanulhatnak, mozizhatnak, valamint marcip\u00e1nfigur\u00e1kat is k\u00e9sz\u00edthetnek. A j\u00f3 hangulatr\u00f3l Sink\u00f3 Gyula, a t\u00e1bor egyik vezet\u0151je is gondoskodik, aki git\u00e1rk\u00eds\u00e9rettel k\u00f6z\u00f6s \u00e9nekl\u00e9sre invit\u00e1lja a t\u00e1boroz\u00f3kat.<\/p>\n<p>Az iskolai sz\u00fcnet idej\u00e9n a t\u00e1bor helysz\u00edn\u00e9n a f\u0151z\u0151konyha mellett j\u00e1tsz\u00f3t\u00e9r, tornaterem, csocs\u00f3, asztalitenisz \u00e9s m\u0171f\u00fcves focip\u00e1lya is a gyerekek rendelkez\u00e9s\u00e9re \u00e1ll.<\/p>\n<p><strong>A S\u00fct\u0151-f\u0151z\u0151 t\u00e1bor h\u00e1rom turnusban v\u00e1rja az \u00e9rdekl\u0151d\u0151ket: j\u00falius 6\u201310., j\u00falius 13\u201317. \u00e9s j\u00falius 20\u201324. k\u00f6z\u00f6tt. A foglalkoz\u00e1sok minden nap 9 \u00e9s 16 \u00f3ra k\u00f6z\u00f6tt zajlanak.<\/strong><\/p>\n<p>A szervez\u0151k els\u0151sorban az \u00e1ltal\u00e1nos iskol\u00e1s koroszt\u00e1ly jelentkez\u00e9s\u00e9t v\u00e1rj\u00e1k. A h\u00e1rom turnus sor\u00e1n \u00f6sszesen mintegy 45 gyermek ismerkedhet meg a s\u00fct\u00e9s-f\u0151z\u00e9s vil\u00e1g\u00e1val, mik\u00f6zben \u00faj bar\u00e1ts\u00e1gokat k\u00f6thet \u00e9s \u00e9lm\u00e9nyekkel gazdagodhat.<\/p>\n<p><strong>Tov\u00e1bbi inform\u00e1ci\u00f3 k\u00e9rhet\u0151 Sink\u00f3 Borb\u00e1l\u00e1t\u00f3l a 06-20\/940-2778-as telefonsz\u00e1mon vagy a <a href=\"mailto:gyulasinko@gmail.com\" target=\"_blank\" rel=\"noopener\"><span style=\"text-decoration: underline; color: #0000ff;\">gyulasinko@gmail.com<\/span><\/a> e-mail c\u00edmen.<\/strong><\/p>\n<p><img fetchpriority=\"high\" decoding=\"async\" class=\"alignnone size-full wp-image-81411\" src=\"https:\/\/dorogimedence.hu\/wp-content\/uploads\/2026\/06\/SUTO-FOZO-TABOR-plakatA3_2026-011.jpg\" alt=\"\" width=\"1695\" height=\"2419\" srcset=\"https:\/\/dorogimedence.hu\/wp-content\/uploads\/2026\/06\/SUTO-FOZO-TABOR-plakatA3_2026-011.jpg 1695w, https:\/\/dorogimedence.hu\/wp-content\/uploads\/2026\/06\/SUTO-FOZO-TABOR-plakatA3_2026-011-420x600.jpg 420w, https:\/\/dorogimedence.hu\/wp-content\/uploads\/2026\/06\/SUTO-FOZO-TABOR-plakatA3_2026-011-1345x1920.jpg 1345w, https:\/\/dorogimedence.hu\/wp-content\/uploads\/2026\/06\/SUTO-FOZO-TABOR-plakatA3_2026-011-768x1096.jpg 768w, https:\/\/dorogimedence.hu\/wp-content\/uploads\/2026\/06\/SUTO-FOZO-TABOR-plakatA3_2026-011-1076x1536.jpg 1076w, https:\/\/dorogimedence.hu\/wp-content\/uploads\/2026\/06\/SUTO-FOZO-TABOR-plakatA3_2026-011-1435x2048.jpg 1435w, https:\/\/dorogimedence.hu\/wp-content\/uploads\/2026\/06\/SUTO-FOZO-TABOR-plakatA3_2026-011-150x214.jpg 150w, https:\/\/dorogimedence.hu\/wp-content\/uploads\/2026\/06\/SUTO-FOZO-TABOR-plakatA3_2026-011-450x642.jpg 450w, https:\/\/dorogimedence.hu\/wp-content\/uploads\/2026\/06\/SUTO-FOZO-TABOR-plakatA3_2026-011-1200x1713.jpg 1200w\" sizes=\"(max-width: 1695px) 100vw, 1695px\" \/><\/p>\n<p><em>Bor\u00edt\u00f3k\u00e9p: illusztr\u00e1ci\u00f3 (ChatGPT &#8211; AI)<\/em><\/p>\n","protected":false},"excerpt":{"rendered":"<p>Id\u00e9n ny\u00e1ron m\u00e1r tizenkettedik alkalommal rendezik meg Esztergomban a n\u00e9pszer\u0171 S\u00fct\u0151-f\u0151z\u0151 napk\u00f6zis t\u00e1bort, ahol a gyerekek j\u00e1t\u00e9kos form\u00e1ban ismerkedhetnek meg a s\u00fct\u00e9s-f\u0151z\u00e9s rejtelmeivel, az eg\u00e9szs\u00e9ges t\u00e1pl\u00e1lkoz\u00e1ssal \u00e9s a k\u00f6z\u00f6ss\u00e9gi \u00e9lm\u00e9nyekkel. A t\u00e1bornak ez\u00fattal is a Mont\u00e1gh Imre \u00c1ltal\u00e1nos Iskola ad otthont. A szervez\u0151k h\u00e1rom turnusban v\u00e1rj\u00e1k a 7\u201314 \u00e9ves koroszt\u00e1lyt, kis l\u00e9tsz\u00e1m\u00fa csoportokban. Egyszerre legfeljebb<\/p>\n","protected":false},"author":1,"featured_media":81410,"comment_status":"closed","ping_status":"closed","sticky":false,"template":"","format":"standard","meta":{"ngg_post_thumbnail":0,"footnotes":""},"categories":[38,3,3561],"tags":[42,721,1172,101,116],"class_list":["post-81409","post","type-post","status-publish","format-standard","has-post-thumbnail","category-esztergom","category-hirek","category-programok","tag-esztergom","tag-gyerekprogram","tag-napkozis-tabor","tag-program","tag-programok"],"yoast_head":"<!-- This site is optimized with the Yoast SEO plugin v28.3 - https:\/\/yoast.com\/product\/yoast-seo-wordpress\/ -->\n<title>Konyhai kalandok v\u00e1rj\u00e1k a gyerekeket Esztergomban<\/title>\n<meta name=\"robots\" content=\"index, follow, max-snippet:-1, max-image-preview:large, max-video-preview:-1\" \/>\n<link rel=\"canonical\" href=\"https:\/\/dorogimedence.hu\/index.php\/2026\/06\/24\/konyhai-kalandok-varjak-a-gyerekeket-esztergomban\/\" class=\"yoast-seo-meta-tag\" \/>\n<meta property=\"og:locale\" content=\"hu_HU\" class=\"yoast-seo-meta-tag\" \/>\n<meta property=\"og:type\" content=\"article\" class=\"yoast-seo-meta-tag\" \/>\n<meta property=\"og:title\" content=\"Konyhai kalandok v\u00e1rj\u00e1k a gyerekeket Esztergomban\" class=\"yoast-seo-meta-tag\" \/>\n<meta property=\"og:description\" content=\"Id\u00e9n ny\u00e1ron m\u00e1r tizenkettedik alkalommal rendezik meg Esztergomban a n\u00e9pszer\u0171 S\u00fct\u0151-f\u0151z\u0151 napk\u00f6zis t\u00e1bort, ahol a gyerekek j\u00e1t\u00e9kos form\u00e1ban ismerkedhetnek meg a s\u00fct\u00e9s-f\u0151z\u00e9s rejtelmeivel, az eg\u00e9szs\u00e9ges t\u00e1pl\u00e1lkoz\u00e1ssal \u00e9s a k\u00f6z\u00f6ss\u00e9gi \u00e9lm\u00e9nyekkel. A t\u00e1bornak ez\u00fattal is a Mont\u00e1gh Imre \u00c1ltal\u00e1nos Iskola ad otthont. A szervez\u0151k h\u00e1rom turnusban v\u00e1rj\u00e1k a 7\u201314 \u00e9ves koroszt\u00e1lyt, kis l\u00e9tsz\u00e1m\u00fa csoportokban. Egyszerre legfeljebb\" class=\"yoast-seo-meta-tag\" \/>\n<meta property=\"og:url\" content=\"https:\/\/dorogimedence.hu\/index.php\/2026\/06\/24\/konyhai-kalandok-varjak-a-gyerekeket-esztergomban\/\" class=\"yoast-seo-meta-tag\" \/>\n<meta property=\"og:site_name\" content=\"Dorogi-medence Region\u00e1lis H\u00edrport\u00e1l\" class=\"yoast-seo-meta-tag\" \/>\n<meta property=\"article:publisher\" content=\"https:\/\/www.facebook.com\/dorogimedence\/\" class=\"yoast-seo-meta-tag\" \/>\n<meta property=\"article:published_time\" content=\"2026-06-24T09:49:51+00:00\" class=\"yoast-seo-meta-tag\" \/>\n<meta property=\"og:image\" content=\"https:\/\/dorogimedence.hu\/wp-content\/uploads\/2026\/06\/ChatGPT-Image-2026.-jun.-24.-11_47_27.png\" class=\"yoast-seo-meta-tag\" \/>\n\t<meta property=\"og:image:width\" content=\"755\" class=\"yoast-seo-meta-tag\" \/>\n\t<meta property=\"og:image:height\" content=\"503\" class=\"yoast-seo-meta-tag\" \/>\n\t<meta property=\"og:image:type\" content=\"image\/png\" class=\"yoast-seo-meta-tag\" \/>\n<meta name=\"author\" content=\"dorogimedence.hu\" class=\"yoast-seo-meta-tag\" \/>\n<meta name=\"twitter:card\" content=\"summary_large_image\" class=\"yoast-seo-meta-tag\" \/>\n<meta name=\"twitter:label1\" content=\"Szerz\u0151:\" class=\"yoast-seo-meta-tag\" \/>\n\t<meta name=\"twitter:data1\" content=\"dorogimedence.hu\" class=\"yoast-seo-meta-tag\" \/>\n\t<meta name=\"twitter:label2\" content=\"Becs\u00fclt olvas\u00e1si id\u0151\" class=\"yoast-seo-meta-tag\" \/>\n\t<meta name=\"twitter:data2\" content=\"2 perc\" class=\"yoast-seo-meta-tag\" \/>\n<script type=\"application\/ld+json\" class=\"yoast-schema-graph\">{\"@context\":\"https:\\\/\\\/schema.org\",\"@graph\":[{\"@type\":\"Article\",\"@id\":\"https:\\\/\\\/dorogimedence.hu\\\/index.php\\\/2026\\\/06\\\/24\\\/konyhai-kalandok-varjak-a-gyerekeket-esztergomban\\\/#article\",\"isPartOf\":{\"@id\":\"https:\\\/\\\/dorogimedence.hu\\\/index.php\\\/2026\\\/06\\\/24\\\/konyhai-kalandok-varjak-a-gyerekeket-esztergomban\\\/\"},\"author\":{\"name\":\"dorogimedence.hu\",\"@id\":\"https:\\\/\\\/dorogimedence.hu\\\/#\\\/schema\\\/person\\\/ce6091eeb7e95ecdc87890d6aa8e0fd4\"},\"headline\":\"Konyhai kalandok v\u00e1rj\u00e1k a gyerekeket Esztergomban\",\"datePublished\":\"2026-06-24T09:49:51+00:00\",\"mainEntityOfPage\":{\"@id\":\"https:\\\/\\\/dorogimedence.hu\\\/index.php\\\/2026\\\/06\\\/24\\\/konyhai-kalandok-varjak-a-gyerekeket-esztergomban\\\/\"},\"wordCount\":477,\"publisher\":{\"@id\":\"https:\\\/\\\/dorogimedence.hu\\\/#organization\"},\"image\":{\"@id\":\"https:\\\/\\\/dorogimedence.hu\\\/index.php\\\/2026\\\/06\\\/24\\\/konyhai-kalandok-varjak-a-gyerekeket-esztergomban\\\/#primaryimage\"},\"thumbnailUrl\":\"https:\\\/\\\/dorogimedence.hu\\\/wp-content\\\/uploads\\\/2026\\\/06\\\/ChatGPT-Image-2026.-jun.-24.-11_47_27.png\",\"keywords\":[\"esztergom\",\"gyerekprogram\",\"napk\u00f6zis t\u00e1bor\",\"program\",\"programok\"],\"articleSection\":[\"Esztergom\",\"H\u00edrek\",\"Programok\"],\"inLanguage\":\"hu\"},{\"@type\":\"WebPage\",\"@id\":\"https:\\\/\\\/dorogimedence.hu\\\/index.php\\\/2026\\\/06\\\/24\\\/konyhai-kalandok-varjak-a-gyerekeket-esztergomban\\\/\",\"url\":\"https:\\\/\\\/dorogimedence.hu\\\/index.php\\\/2026\\\/06\\\/24\\\/konyhai-kalandok-varjak-a-gyerekeket-esztergomban\\\/\",\"name\":\"Konyhai kalandok v\u00e1rj\u00e1k a gyerekeket Esztergomban\",\"isPartOf\":{\"@id\":\"https:\\\/\\\/dorogimedence.hu\\\/#website\"},\"primaryImageOfPage\":{\"@id\":\"https:\\\/\\\/dorogimedence.hu\\\/index.php\\\/2026\\\/06\\\/24\\\/konyhai-kalandok-varjak-a-gyerekeket-esztergomban\\\/#primaryimage\"},\"image\":{\"@id\":\"https:\\\/\\\/dorogimedence.hu\\\/index.php\\\/2026\\\/06\\\/24\\\/konyhai-kalandok-varjak-a-gyerekeket-esztergomban\\\/#primaryimage\"},\"thumbnailUrl\":\"https:\\\/\\\/dorogimedence.hu\\\/wp-content\\\/uploads\\\/2026\\\/06\\\/ChatGPT-Image-2026.-jun.-24.-11_47_27.png\",\"datePublished\":\"2026-06-24T09:49:51+00:00\",\"breadcrumb\":{\"@id\":\"https:\\\/\\\/dorogimedence.hu\\\/index.php\\\/2026\\\/06\\\/24\\\/konyhai-kalandok-varjak-a-gyerekeket-esztergomban\\\/#breadcrumb\"},\"inLanguage\":\"hu\",\"potentialAction\":[{\"@type\":\"ReadAction\",\"target\":[\"https:\\\/\\\/dorogimedence.hu\\\/index.php\\\/2026\\\/06\\\/24\\\/konyhai-kalandok-varjak-a-gyerekeket-esztergomban\\\/\"]}]},{\"@type\":\"ImageObject\",\"inLanguage\":\"hu\",\"@id\":\"https:\\\/\\\/dorogimedence.hu\\\/index.php\\\/2026\\\/06\\\/24\\\/konyhai-kalandok-varjak-a-gyerekeket-esztergomban\\\/#primaryimage\",\"url\":\"https:\\\/\\\/dorogimedence.hu\\\/wp-content\\\/uploads\\\/2026\\\/06\\\/ChatGPT-Image-2026.-jun.-24.-11_47_27.png\",\"contentUrl\":\"https:\\\/\\\/dorogimedence.hu\\\/wp-content\\\/uploads\\\/2026\\\/06\\\/ChatGPT-Image-2026.-jun.-24.-11_47_27.png\",\"width\":1536,\"height\":1024},{\"@type\":\"BreadcrumbList\",\"@id\":\"https:\\\/\\\/dorogimedence.hu\\\/index.php\\\/2026\\\/06\\\/24\\\/konyhai-kalandok-varjak-a-gyerekeket-esztergomban\\\/#breadcrumb\",\"itemListElement\":[{\"@type\":\"ListItem\",\"position\":1,\"name\":\"Kezd\u0151lap\",\"item\":\"https:\\\/\\\/dorogimedence.hu\\\/\"},{\"@type\":\"ListItem\",\"position\":2,\"name\":\"Konyhai kalandok v\u00e1rj\u00e1k a gyerekeket Esztergomban\"}]},{\"@type\":\"WebSite\",\"@id\":\"https:\\\/\\\/dorogimedence.hu\\\/#website\",\"url\":\"https:\\\/\\\/dorogimedence.hu\\\/\",\"name\":\"Dorogi-medence Region\u00e1lis H\u00edrport\u00e1l\",\"description\":\"Dorog, Keszt\u00f6lc, Le\u00e1nyv\u00e1r, Piliscs\u00e9v, Tokod, Tokodalt\u00e1r\u00f3, Csolnok, Esztergom-kertv\u00e1ros: h\u00edrek, programok\",\"publisher\":{\"@id\":\"https:\\\/\\\/dorogimedence.hu\\\/#organization\"},\"potentialAction\":[{\"@type\":\"SearchAction\",\"target\":{\"@type\":\"EntryPoint\",\"urlTemplate\":\"https:\\\/\\\/dorogimedence.hu\\\/?s={search_term_string}\"},\"query-input\":{\"@type\":\"PropertyValueSpecification\",\"valueRequired\":true,\"valueName\":\"search_term_string\"}}],\"inLanguage\":\"hu\"},{\"@type\":\"Organization\",\"@id\":\"https:\\\/\\\/dorogimedence.hu\\\/#organization\",\"name\":\"Dorogi-medence Region\u00e1lis H\u00edrport\u00e1l\",\"url\":\"https:\\\/\\\/dorogimedence.hu\\\/\",\"logo\":{\"@type\":\"ImageObject\",\"inLanguage\":\"hu\",\"@id\":\"https:\\\/\\\/dorogimedence.hu\\\/#\\\/schema\\\/logo\\\/image\\\/\",\"url\":\"https:\\\/\\\/dorogimedence.hu\\\/wp-content\\\/uploads\\\/2021\\\/04\\\/logo-feher-600.png\",\"contentUrl\":\"https:\\\/\\\/dorogimedence.hu\\\/wp-content\\\/uploads\\\/2021\\\/04\\\/logo-feher-600.png\",\"width\":600,\"height\":100,\"caption\":\"Dorogi-medence Region\u00e1lis H\u00edrport\u00e1l\"},\"image\":{\"@id\":\"https:\\\/\\\/dorogimedence.hu\\\/#\\\/schema\\\/logo\\\/image\\\/\"},\"sameAs\":[\"https:\\\/\\\/www.facebook.com\\\/dorogimedence\\\/\"]},{\"@type\":\"Person\",\"@id\":\"https:\\\/\\\/dorogimedence.hu\\\/#\\\/schema\\\/person\\\/ce6091eeb7e95ecdc87890d6aa8e0fd4\",\"name\":\"dorogimedence.hu\",\"image\":{\"@type\":\"ImageObject\",\"inLanguage\":\"hu\",\"@id\":\"\\\/\\\/www.gravatar.com\\\/avatar\\\/d8d45f8901aadff40a4af72c0b826f1d?s=96&#038;r=g&#038;d=mm\",\"url\":\"\\\/\\\/www.gravatar.com\\\/avatar\\\/d8d45f8901aadff40a4af72c0b826f1d?s=96&#038;r=g&#038;d=mm\",\"contentUrl\":\"\\\/\\\/www.gravatar.com\\\/avatar\\\/d8d45f8901aadff40a4af72c0b826f1d?s=96&#038;r=g&#038;d=mm\",\"caption\":\"dorogimedence.hu\"}}]}<\/script>\n<!-- \/ Yoast SEO plugin. -->","yoast_head_json":{"title":"Konyhai kalandok v\u00e1rj\u00e1k a gyerekeket Esztergomban","robots":{"index":"index","follow":"follow","max-snippet":"max-snippet:-1","max-image-preview":"max-image-preview:large","max-video-preview":"max-video-preview:-1"},"canonical":"https:\/\/dorogimedence.hu\/index.php\/2026\/06\/24\/konyhai-kalandok-varjak-a-gyerekeket-esztergomban\/","og_locale":"hu_HU","og_type":"article","og_title":"Konyhai kalandok v\u00e1rj\u00e1k a gyerekeket Esztergomban","og_description":"Id\u00e9n ny\u00e1ron m\u00e1r tizenkettedik alkalommal rendezik meg Esztergomban a n\u00e9pszer\u0171 S\u00fct\u0151-f\u0151z\u0151 napk\u00f6zis t\u00e1bort, ahol a gyerekek j\u00e1t\u00e9kos form\u00e1ban ismerkedhetnek meg a s\u00fct\u00e9s-f\u0151z\u00e9s rejtelmeivel, az eg\u00e9szs\u00e9ges t\u00e1pl\u00e1lkoz\u00e1ssal \u00e9s a k\u00f6z\u00f6ss\u00e9gi \u00e9lm\u00e9nyekkel. A t\u00e1bornak ez\u00fattal is a Mont\u00e1gh Imre \u00c1ltal\u00e1nos Iskola ad otthont. A szervez\u0151k h\u00e1rom turnusban v\u00e1rj\u00e1k a 7\u201314 \u00e9ves koroszt\u00e1lyt, kis l\u00e9tsz\u00e1m\u00fa csoportokban. Egyszerre legfeljebb","og_url":"https:\/\/dorogimedence.hu\/index.php\/2026\/06\/24\/konyhai-kalandok-varjak-a-gyerekeket-esztergomban\/","og_site_name":"Dorogi-medence Region\u00e1lis H\u00edrport\u00e1l","article_publisher":"https:\/\/www.facebook.com\/dorogimedence\/","article_published_time":"2026-06-24T09:49:51+00:00","og_image":[{"url":"https:\/\/dorogimedence.hu\/wp-content\/uploads\/2026\/06\/ChatGPT-Image-2026.-jun.-24.-11_47_27.png","width":755,"height":503,"type":"image\/png"}],"author":"dorogimedence.hu","twitter_card":"summary_large_image","twitter_misc":{"Szerz\u0151:":"dorogimedence.hu","Becs\u00fclt olvas\u00e1si id\u0151":"2 perc"},"schema":{"@context":"https:\/\/schema.org","@graph":[{"@type":"Article","@id":"https:\/\/dorogimedence.hu\/index.php\/2026\/06\/24\/konyhai-kalandok-varjak-a-gyerekeket-esztergomban\/#article","isPartOf":{"@id":"https:\/\/dorogimedence.hu\/index.php\/2026\/06\/24\/konyhai-kalandok-varjak-a-gyerekeket-esztergomban\/"},"author":{"name":"dorogimedence.hu","@id":"https:\/\/dorogimedence.hu\/#\/schema\/person\/ce6091eeb7e95ecdc87890d6aa8e0fd4"},"headline":"Konyhai kalandok v\u00e1rj\u00e1k a gyerekeket Esztergomban","datePublished":"2026-06-24T09:49:51+00:00","mainEntityOfPage":{"@id":"https:\/\/dorogimedence.hu\/index.php\/2026\/06\/24\/konyhai-kalandok-varjak-a-gyerekeket-esztergomban\/"},"wordCount":477,"publisher":{"@id":"https:\/\/dorogimedence.hu\/#organization"},"image":{"@id":"https:\/\/dorogimedence.hu\/index.php\/2026\/06\/24\/konyhai-kalandok-varjak-a-gyerekeket-esztergomban\/#primaryimage"},"thumbnailUrl":"https:\/\/dorogimedence.hu\/wp-content\/uploads\/2026\/06\/ChatGPT-Image-2026.-jun.-24.-11_47_27.png","keywords":["esztergom","gyerekprogram","napk\u00f6zis t\u00e1bor","program","programok"],"articleSection":["Esztergom","H\u00edrek","Programok"],"inLanguage":"hu"},{"@type":"WebPage","@id":"https:\/\/dorogimedence.hu\/index.php\/2026\/06\/24\/konyhai-kalandok-varjak-a-gyerekeket-esztergomban\/","url":"https:\/\/dorogimedence.hu\/index.php\/2026\/06\/24\/konyhai-kalandok-varjak-a-gyerekeket-esztergomban\/","name":"Konyhai kalandok v\u00e1rj\u00e1k a gyerekeket Esztergomban","isPartOf":{"@id":"https:\/\/dorogimedence.hu\/#website"},"primaryImageOfPage":{"@id":"https:\/\/dorogimedence.hu\/index.php\/2026\/06\/24\/konyhai-kalandok-varjak-a-gyerekeket-esztergomban\/#primaryimage"},"image":{"@id":"https:\/\/dorogimedence.hu\/index.php\/2026\/06\/24\/konyhai-kalandok-varjak-a-gyerekeket-esztergomban\/#primaryimage"},"thumbnailUrl":"https:\/\/dorogimedence.hu\/wp-content\/uploads\/2026\/06\/ChatGPT-Image-2026.-jun.-24.-11_47_27.png","datePublished":"2026-06-24T09:49:51+00:00","breadcrumb":{"@id":"https:\/\/dorogimedence.hu\/index.php\/2026\/06\/24\/konyhai-kalandok-varjak-a-gyerekeket-esztergomban\/#breadcrumb"},"inLanguage":"hu","potentialAction":[{"@type":"ReadAction","target":["https:\/\/dorogimedence.hu\/index.php\/2026\/06\/24\/konyhai-kalandok-varjak-a-gyerekeket-esztergomban\/"]}]},{"@type":"ImageObject","inLanguage":"hu","@id":"https:\/\/dorogimedence.hu\/index.php\/2026\/06\/24\/konyhai-kalandok-varjak-a-gyerekeket-esztergomban\/#primaryimage","url":"https:\/\/dorogimedence.hu\/wp-content\/uploads\/2026\/06\/ChatGPT-Image-2026.-jun.-24.-11_47_27.png","contentUrl":"https:\/\/dorogimedence.hu\/wp-content\/uploads\/2026\/06\/ChatGPT-Image-2026.-jun.-24.-11_47_27.png","width":1536,"height":1024},{"@type":"BreadcrumbList","@id":"https:\/\/dorogimedence.hu\/index.php\/2026\/06\/24\/konyhai-kalandok-varjak-a-gyerekeket-esztergomban\/#breadcrumb","itemListElement":[{"@type":"ListItem","position":1,"name":"Kezd\u0151lap","item":"https:\/\/dorogimedence.hu\/"},{"@type":"ListItem","position":2,"name":"Konyhai kalandok v\u00e1rj\u00e1k a gyerekeket Esztergomban"}]},{"@type":"WebSite","@id":"https:\/\/dorogimedence.hu\/#website","url":"https:\/\/dorogimedence.hu\/","name":"Dorogi-medence Region\u00e1lis H\u00edrport\u00e1l","description":"Dorog, Keszt\u00f6lc, Le\u00e1nyv\u00e1r, Piliscs\u00e9v, Tokod, Tokodalt\u00e1r\u00f3, Csolnok, Esztergom-kertv\u00e1ros: h\u00edrek, programok","publisher":{"@id":"https:\/\/dorogimedence.hu\/#organization"},"potentialAction":[{"@type":"SearchAction","target":{"@type":"EntryPoint","urlTemplate":"https:\/\/dorogimedence.hu\/?s={search_term_string}"},"query-input":{"@type":"PropertyValueSpecification","valueRequired":true,"valueName":"search_term_string"}}],"inLanguage":"hu"},{"@type":"Organization","@id":"https:\/\/dorogimedence.hu\/#organization","name":"Dorogi-medence Region\u00e1lis H\u00edrport\u00e1l","url":"https:\/\/dorogimedence.hu\/","logo":{"@type":"ImageObject","inLanguage":"hu","@id":"https:\/\/dorogimedence.hu\/#\/schema\/logo\/image\/","url":"https:\/\/dorogimedence.hu\/wp-content\/uploads\/2021\/04\/logo-feher-600.png","contentUrl":"https:\/\/dorogimedence.hu\/wp-content\/uploads\/2021\/04\/logo-feher-600.png","width":600,"height":100,"caption":"Dorogi-medence Region\u00e1lis H\u00edrport\u00e1l"},"image":{"@id":"https:\/\/dorogimedence.hu\/#\/schema\/logo\/image\/"},"sameAs":["https:\/\/www.facebook.com\/dorogimedence\/"]},{"@type":"Person","@id":"https:\/\/dorogimedence.hu\/#\/schema\/person\/ce6091eeb7e95ecdc87890d6aa8e0fd4","name":"dorogimedence.hu","image":{"@type":"ImageObject","inLanguage":"hu","@id":"\/\/www.gravatar.com\/avatar\/d8d45f8901aadff40a4af72c0b826f1d?s=96&#038;r=g&#038;d=mm","url":"\/\/www.gravatar.com\/avatar\/d8d45f8901aadff40a4af72c0b826f1d?s=96&#038;r=g&#038;d=mm","contentUrl":"\/\/www.gravatar.com\/avatar\/d8d45f8901aadff40a4af72c0b826f1d?s=96&#038;r=g&#038;d=mm","caption":"dorogimedence.hu"}}]}},"_links":{"self":[{"href":"https:\/\/dorogimedence.hu\/index.php\/wp-json\/wp\/v2\/posts\/81409","targetHints":{"allow":["GET"]}}],"collection":[{"href":"https:\/\/dorogimedence.hu\/index.php\/wp-json\/wp\/v2\/posts"}],"about":[{"href":"https:\/\/dorogimedence.hu\/index.php\/wp-json\/wp\/v2\/types\/post"}],"author":[{"embeddable":true,"href":"https:\/\/dorogimedence.hu\/index.php\/wp-json\/wp\/v2\/users\/1"}],"replies":[{"embeddable":true,"href":"https:\/\/dorogimedence.hu\/index.php\/wp-json\/wp\/v2\/comments?post=81409"}],"version-history":[{"count":1,"href":"https:\/\/dorogimedence.hu\/index.php\/wp-json\/wp\/v2\/posts\/81409\/revisions"}],"predecessor-version":[{"id":81412,"href":"https:\/\/dorogimedence.hu\/index.php\/wp-json\/wp\/v2\/posts\/81409\/revisions\/81412"}],"wp:featuredmedia":[{"embeddable":true,"href":"https:\/\/dorogimedence.hu\/index.php\/wp-json\/wp\/v2\/media\/81410"}],"wp:attachment":[{"href":"https:\/\/dorogimedence.hu\/index.php\/wp-json\/wp\/v2\/media?parent=81409"}],"wp:term":[{"taxonomy":"category","embeddable":true,"href":"https:\/\/dorogimedence.hu\/index.php\/wp-json\/wp\/v2\/categories?post=81409"},{"taxonomy":"post_tag","embeddable":true,"href":"https:\/\/dorogimedence.hu\/index.php\/wp-json\/wp\/v2\/tags?post=81409"}],"curies":[{"name":"wp","href":"https:\/\/api.w.org\/{rel}","templated":true}]}}