{"id":81353,"date":"2026-06-27T07:15:00","date_gmt":"2026-06-27T05:15:00","guid":{"rendered":"https:\/\/dorogimedence.hu\/?p=81353"},"modified":"2026-06-27T19:21:16","modified_gmt":"2026-06-27T17:21:16","slug":"45-eve-tortent-a-dorogi-rockfesztival-negyedik-befejezo-resz","status":"publish","type":"post","link":"https:\/\/dorogimedence.hu\/index.php\/2026\/06\/27\/45-eve-tortent-a-dorogi-rockfesztival-negyedik-befejezo-resz\/","title":{"rendered":"45 \u00e9ve t\u00f6rt\u00e9nt: A Dorogi Rockfesztiv\u00e1l (Negyedik, befejez\u0151 r\u00e9sz)"},"content":{"rendered":"<div class=\"flex max-w-full flex-col gap-4 grow\">\n<div class=\"min-h-8 text-message relative flex w-full flex-col items-end gap-2 text-start break-words whitespace-normal outline-none keyboard-focused:focus-ring [.text-message+&amp;]:mt-1\" dir=\"auto\" data-message-author-role=\"assistant\" data-message-id=\"5cdf202b-d09d-4310-912b-f71af8ae8fb3\" data-message-model-slug=\"gpt-5-5\">\n<div class=\"flex w-full flex-col gap-1 empty:hidden\">\n<div class=\"markdown prose dark:prose-invert wrap-break-word w-full light markdown-new-styling\">\n<p style=\"text-align: justify;\" data-start=\"0\" data-end=\"422\"><em><strong>N\u00e9gy \u00e9s f\u00e9l \u00e9vtizeddel ezel\u0151tt, 1981. j\u00fanius 27-\u00e9n ker\u00fclt megrendez\u00e9sre a maga nem\u00e9ben az\u00f3ta is kuri\u00f3zumnak sz\u00e1m\u00edt\u00f3 esem\u00e9ny, ahol n\u00e9h\u00e1ny k\u00fclf\u00f6ldi fell\u00e9p\u0151 mellett a hazai rockzene akkori k\u00e9pvisel\u0151inek sz\u00edne-java l\u00e9pett sz\u00ednpadra t\u00f6bb t\u00edzezer rajong\u00f3 el\u0151tt. Azon a bizonyos j\u00faniusi h\u00e9tv\u00e9g\u00e9n a telep\u00fcl\u00e9s lakoss\u00e1g\u00e1nak t\u00f6bbsz\u00f6r\u00f6se gy\u0171lt \u00f6ssze Dorogon. Az \u00e9vfordul\u00f3ra k\u00e9sz\u00fclt megeml\u00e9kez\u0151 cikksorozat negyedik., egyben utols\u00f3 felvon\u00e1sa k\u00f6vetkezik <\/strong>(Az 5 \u00e9vvel ezel\u0151tti cikkem firss\u00edtett, b\u0151v\u00edtett v\u00e1ltozata)<span style=\"font-size: 12pt;\"><strong>.<\/strong><\/span><\/em><\/p>\n<p style=\"text-align: justify;\" data-start=\"424\" data-end=\"1024\">Mire az est\u00e9be ny\u00fal\u00f3 fesztiv\u00e1l \u00e9rdemi r\u00e9sze befejez\u0151d\u00f6tt, s a v\u00e9gs\u0151 zenei taktusok is elcsendes\u00fcltek, az utols\u00f3 buszj\u00e1ratokra \u2013 mivel f\u00e9l tizenegy ut\u00e1n le\u00e1llt a t\u00f6megk\u00f6zleked\u00e9s \u2013 mindazok felkapaszkodtak, akik csak tehett\u00e9k. A k\u00f6rnyez\u0151 telep\u00fcl\u00e9sekr\u0151l \u00e9rkez\u0151k r\u00e9szben gyalog, r\u00e9szben ker\u00e9kp\u00e1rral indultak haza. Az el\u0151rel\u00e1t\u00f3 k\u00f6rny\u00e9kbeliek k\u00f6z\u00fcl sokan biciklivel tekertek \u00e1t Dorogra, majd a Smidi k\u00f6rny\u00e9k\u00e9n a ker\u00edt\u00e9snek t\u00e1masztva hagyt\u00e1k j\u00e1rg\u00e1nyukat, amely j\u00f3 szolg\u00e1latot tett a buli ut\u00e1n. Magam is iparkodtam haza, s m\u00e9g miel\u0151tt a t\u00f6meg igaz\u00e1n megindult volna, gyors l\u00e9ptekkel v\u00e1gt\u00e1ztam nagysz\u00fcleimhez.<\/p>\n<p data-start=\"424\" data-end=\"1024\"><img fetchpriority=\"high\" decoding=\"async\" class=\"aligncenter wp-image-81362 size-full\" src=\"https:\/\/dorogimedence.hu\/wp-content\/uploads\/2026\/06\/DR_4_7.jpg\" alt=\"\" width=\"812\" height=\"617\" srcset=\"https:\/\/dorogimedence.hu\/wp-content\/uploads\/2026\/06\/DR_4_7.jpg 812w, https:\/\/dorogimedence.hu\/wp-content\/uploads\/2026\/06\/DR_4_7-600x456.jpg 600w, https:\/\/dorogimedence.hu\/wp-content\/uploads\/2026\/06\/DR_4_7-768x584.jpg 768w, https:\/\/dorogimedence.hu\/wp-content\/uploads\/2026\/06\/DR_4_7-150x114.jpg 150w, https:\/\/dorogimedence.hu\/wp-content\/uploads\/2026\/06\/DR_4_7-450x342.jpg 450w\" sizes=\"(max-width: 812px) 100vw, 812px\" \/><\/p>\n<p style=\"text-align: center;\" data-start=\"1026\" data-end=\"1093\"><span style=\"font-size: 10pt;\"><em data-start=\"1026\" data-end=\"1093\">Csend\u00e9let a Schmidt-vill\u00e1ban (forr\u00e1s: A Lampert csal\u00e1d album\u00e1b\u00f3l)<\/em><\/span><\/p>\n<p style=\"text-align: justify;\" data-start=\"1095\" data-end=\"1884\">Az egyik szomsz\u00e9d n\u00e9ni folyton fel-al\u00e1 j\u00e1rk\u00e1lt el\u0151tt\u00fcnk, egyre idegesebben v\u00e1rakozva. Unok\u00e1j\u00e1t \u00e9s annak bar\u00e1tn\u0151j\u00e9t v\u00e1rta t\u00fcrelmetlen\u00fcl. A l\u00e1nyok akkor kezdt\u00e9k a k\u00f6z\u00e9piskol\u00e1t, \u00e9s sz\u00fcl\u0151i enged\u00e9llyel mehettek el a fesztiv\u00e1lra, a vend\u00e9gl\u00e1t\u00f3 nagymama azonban \u00e9rthet\u0151en agg\u00f3dott \u00e9rt\u00fck \u2013 tal\u00e1n t\u00fals\u00e1gosan is belelovalta mag\u00e1t a f\u00e9lt\u00e9sbe. M\u00e1r a vacsor\u00e1t is elfogyasztottuk, az esti f\u00fcrd\u00e9sen is t\u00fal voltam, amikor v\u00e9gre meg\u00e9rkezett a k\u00e9t amazon. M\u00e1ria n\u00e9nib\u0151l ekkor kit\u00f6rt a zokog\u00e1s, \u00e9s n\u00e9mi k\u00e9retlen k\u00f6r\u00edt\u0151sz\u00f6veg k\u00eds\u00e9ret\u00e9ben, m\u00e9g az udvaron mindkett\u0151j\u00fcknek kiosztott egy-egy sallert, kis hajcib\u00e1l\u00e1ssal f\u0171szerezve. Azt\u00e1n ugyanazzal a lend\u00fclettel meg is b\u00e1nta az eg\u00e9szet, bocs\u00e1natk\u00e9r\u0151en \u00f6lelte mag\u00e1hoz a l\u00e1nyokat, s hamar helyre\u00e1llt a b\u00e9ke. M\u00e1snap reggel m\u00e1r nevetg\u00e9lve id\u00e9zt\u00e9k fel az esti fiask\u00f3t.<\/p>\n<p data-start=\"1095\" data-end=\"1884\"><img decoding=\"async\" class=\"aligncenter wp-image-81363 \" src=\"https:\/\/dorogimedence.hu\/wp-content\/uploads\/2026\/06\/DR_4_8-456x600.jpg\" alt=\"\" width=\"496\" height=\"653\" srcset=\"https:\/\/dorogimedence.hu\/wp-content\/uploads\/2026\/06\/DR_4_8-456x600.jpg 456w, https:\/\/dorogimedence.hu\/wp-content\/uploads\/2026\/06\/DR_4_8-768x1011.jpg 768w, https:\/\/dorogimedence.hu\/wp-content\/uploads\/2026\/06\/DR_4_8-1167x1536.jpg 1167w, https:\/\/dorogimedence.hu\/wp-content\/uploads\/2026\/06\/DR_4_8-150x197.jpg 150w, https:\/\/dorogimedence.hu\/wp-content\/uploads\/2026\/06\/DR_4_8-450x592.jpg 450w, https:\/\/dorogimedence.hu\/wp-content\/uploads\/2026\/06\/DR_4_8-1200x1579.jpg 1200w, https:\/\/dorogimedence.hu\/wp-content\/uploads\/2026\/06\/DR_4_8.jpg 1234w\" sizes=\"(max-width: 496px) 100vw, 496px\" \/><\/p>\n<p style=\"text-align: center;\" data-start=\"1886\" data-end=\"1964\"><span style=\"font-size: 10pt;\"><em data-start=\"1886\" data-end=\"1964\">A megpihent had a villa parkj\u00e1ban (forr\u00e1s: A Lampert csal\u00e1d album\u00e1b\u00f3l)<\/em><\/span><\/p>\n<p style=\"text-align: justify;\" data-start=\"1966\" data-end=\"2585\">A fesztiv\u00e1loz\u00f3k k\u00f6z\u00fcl rengetegen maradtak m\u00e9g egy \u00e9jszak\u00e1ra, s d\u00f6nt\u0151 t\u00f6bbs\u00e9g\u00fck helyben, a villaparkban vackolta be mag\u00e1t. A vas\u00e1rnapra virrad\u00f3 \u00e9jszaka m\u00e1r sz\u00e1razon telt, az id\u0151j\u00e1r\u00e1s ez\u00fattal nem zavarta a pihen\u00e9s\u00fcket. Igen n\u00e9pes t\u00e1bor indult a Pal\u00e1ra is, ahol kellemes f\u00fcrd\u0151vel friss\u00edtett\u00e9k fel magukat, lemosva a nap por\u00e1t \u00e9s izzadts\u00e1g\u00e1t. M\u00e1snap reggel h\u00f6mp\u00f6lyg\u0151 \u00e1radat vonult a vas\u00fat\u00e1llom\u00e1s, valamint a telep\u00fcl\u00e9s k\u00f6zpontja \u00e9s a f\u0151bb buszj\u00e1ratok meg\u00e1ll\u00f3i fel\u00e9. A nap v\u00e9g\u00e9re az utols\u00f3 csoportok is elhagyt\u00e1k Dorogot, n\u00e9h\u00e1nyan azonban m\u00e9g maradtak p\u00e1r napot, s olyanra is akadt p\u00e9lda, hogy valaki v\u00e9g\u00fcl \u00f6r\u00f6kre itt maradt.<\/p>\n<p data-start=\"1966\" data-end=\"2585\"><img decoding=\"async\" class=\"wp-image-81359 aligncenter\" src=\"https:\/\/dorogimedence.hu\/wp-content\/uploads\/2026\/06\/DR_4_4-457x600.jpg\" alt=\"\" width=\"496\" height=\"651\" srcset=\"https:\/\/dorogimedence.hu\/wp-content\/uploads\/2026\/06\/DR_4_4-457x600.jpg 457w, https:\/\/dorogimedence.hu\/wp-content\/uploads\/2026\/06\/DR_4_4-150x197.jpg 150w, https:\/\/dorogimedence.hu\/wp-content\/uploads\/2026\/06\/DR_4_4-450x591.jpg 450w, https:\/\/dorogimedence.hu\/wp-content\/uploads\/2026\/06\/DR_4_4.jpg 621w\" sizes=\"(max-width: 496px) 100vw, 496px\" \/><\/p>\n<p style=\"text-align: center;\" data-start=\"2587\" data-end=\"2649\"><span style=\"font-size: 10pt;\"><em data-start=\"2587\" data-end=\"2649\">Elkapott pillanat (forr\u00e1s: A Lampert csal\u00e1d album\u00e1b\u00f3l)<\/em><\/span><\/p>\n<p style=\"text-align: justify;\" data-start=\"2651\" data-end=\"3204\">A fesztiv\u00e1l egyik k\u00fcl\u00f6n\u00f6s ut\u00f3\u00e9letek\u00e9nt eml\u00edthet\u0151 meg a Hajd\u00fan\u00e1n\u00e1sr\u00f3l \u00e9rkezett T\u00f6r\u00f6k Katalin t\u00f6rt\u00e9nete. K\u00f6zvetlen\u00fcl a rendezv\u00e9ny el\u0151tt \u00e9retts\u00e9gizett, \u00e9s b\u00e1r hivatalosan m\u00e1r nagykor\u00fa volt, sz\u00fclei nem engedt\u00e9k el Dorogra. Katinak azonban elt\u00f6k\u00e9lt sz\u00e1nd\u00e9ka volt r\u00e9szt venni a bulin. Egy hajd\u00fadorogi bar\u00e1tn\u0151je r\u00e9v\u00e9n, akinek Dorogon \u00e9s Esztergom-kertv\u00e1rosban is \u00e9ltek rokonai, v\u00e9g\u00fcl egyed\u00fcl utazta \u00e1t az orsz\u00e1got, \u00e9s m\u00e1r napokkal a fesztiv\u00e1l el\u0151tt meg\u00e9rkezett. A Palaparton s\u00e1toroztak, majd a koncertet k\u00f6vet\u0151en Kati \u00fagy d\u00f6nt\u00f6tt: nem t\u00e9r vissza sz\u00fcl\u0151v\u00e1ros\u00e1ba.<\/p>\n<p data-start=\"2651\" data-end=\"3204\"><img loading=\"lazy\" decoding=\"async\" class=\"aligncenter wp-image-81368 \" src=\"https:\/\/dorogimedence.hu\/wp-content\/uploads\/2026\/06\/DR_4_13.jpg\" alt=\"\" width=\"796\" height=\"544\" srcset=\"https:\/\/dorogimedence.hu\/wp-content\/uploads\/2026\/06\/DR_4_13.jpg 544w, https:\/\/dorogimedence.hu\/wp-content\/uploads\/2026\/06\/DR_4_13-150x103.jpg 150w, https:\/\/dorogimedence.hu\/wp-content\/uploads\/2026\/06\/DR_4_13-450x308.jpg 450w\" sizes=\"(max-width: 796px) 100vw, 796px\" \/><\/p>\n<p style=\"text-align: center;\" data-start=\"2651\" data-end=\"3204\"><span style=\"font-size: 10pt;\"><em>A sz\u00ednpad al\u00f3 k\u00e9sz\u00fclt felv\u00e9tel (forr\u00e1s: A Lampert csal\u00e1d album\u00e1b\u00f3l)<\/em><\/span><\/p>\n<p style=\"text-align: justify;\" data-start=\"3206\" data-end=\"3952\">Egyszerre ragadta mag\u00e1val a k\u00f6rny\u00e9k hangulata, a Palatinus-t\u00f3 \u201edorogi rivi\u00e9r\u00e1ja\u201d, valamint az a szabads\u00e1g\u00e9rzet, amelyet itt tapasztalt. A helyiek seg\u00edtett\u00e9k: alb\u00e9rlethez jutott, munk\u00e1t kapott a fesztiv\u00e1lt szervez\u0151 gy\u00f3gyszergy\u00e1rban, \u00e9s fokozatosan \u00faj \u00e9letet \u00e9p\u00edtett mag\u00e1nak. Csak \u00e9vekkel k\u00e9s\u0151bb l\u00e1togatott haza el\u0151sz\u00f6r a sz\u00fcleihez. Dorog azonban v\u00e9gleg az otthon\u00e1v\u00e1 v\u00e1lt. Csal\u00e1dot alap\u00edtott, k\u00e9t gyermek \u00e9desanyja lett, \u00e9s az\u00f3ta is a gy\u00f3gyszergy\u00e1r alkalmazottja. Emellett hossz\u00fa \u00e9veken \u00e1t dolgozott a dorogi stadion b\u00fcf\u00e9j\u00e9ben is, ahol sokan ismert\u00e9k \u00e9s szerett\u00e9k. K\u00fcl\u00f6n \u00f6r\u00f6m sz\u00e1momra, hogy szem\u00e9lyesen is \u00e9vtizedek \u00f3ta ismerhetem. Kata ma is nap mint nap elhalad a Schmidt-villa mellett, amelyt\u0151l csup\u00e1n egy karny\u00fajt\u00e1snyira, a Pozsonyi utc\u00e1ban \u00e9l.<\/p>\n<p data-start=\"3206\" data-end=\"3952\"><img loading=\"lazy\" decoding=\"async\" class=\"aligncenter wp-image-81379 size-full\" src=\"https:\/\/dorogimedence.hu\/wp-content\/uploads\/2026\/06\/DR_4_22.jpg\" alt=\"\" width=\"1060\" height=\"772\" srcset=\"https:\/\/dorogimedence.hu\/wp-content\/uploads\/2026\/06\/DR_4_22.jpg 1060w, https:\/\/dorogimedence.hu\/wp-content\/uploads\/2026\/06\/DR_4_22-600x437.jpg 600w, https:\/\/dorogimedence.hu\/wp-content\/uploads\/2026\/06\/DR_4_22-768x559.jpg 768w, https:\/\/dorogimedence.hu\/wp-content\/uploads\/2026\/06\/DR_4_22-150x109.jpg 150w, https:\/\/dorogimedence.hu\/wp-content\/uploads\/2026\/06\/DR_4_22-450x328.jpg 450w\" sizes=\"(max-width: 1060px) 100vw, 1060px\" \/><\/p>\n<p style=\"text-align: justify;\" data-start=\"3954\" data-end=\"4109\"><span style=\"font-size: 10pt;\"><em data-start=\"3954\" data-end=\"4109\">Katalin balr\u00f3l k\u00e9s\u0151bbi f\u00e9rj\u00e9vel, Gyul\u00e1val, leend\u0151 s\u00f3gorn\u0151j\u00e9vel, Csill\u00e1val \u00e9s k\u00f6z\u00f6s bar\u00e1tjukkal, Zsolttal a fesztiv\u00e1l idej\u00e9n (forr\u00e1s: T\u00f6r\u00f6k Katalin album\u00e1b\u00f3l)<\/em><\/span><\/p>\n<p style=\"text-align: justify;\" data-start=\"4111\" data-end=\"4606\">Az el\u0151z\u0151 r\u00e9szekben m\u00e1r sz\u00f3 esett r\u00f3la, hogy hat\u00e1rainkon t\u00falr\u00f3l is sz\u00e9p sz\u00e1mban \u00e9rkeztek a rendezv\u00e9nyre. K\u00f6z\u00fcl\u00fck az egyik legkedvesebb t\u00f6rt\u00e9net Bajnok Ren\u00e1t\u00e1\u00e9, aki akkoriban P\u00e1rk\u00e1nyb\u00f3l ruccant \u00e1t Dorogra. K\u00e9t b\u00e1tyja szint\u00e9n jelen volt a k\u00f6z\u00f6ns\u00e9g soraiban, \u0151 azonban bar\u00e1tn\u0151ivel \u00e9rkezett. \u00c9let\u00e9nek k\u00e9s\u0151bbi fordulatai Pr\u00e1g\u00e1ba vezett\u00e9k, ahol csal\u00e1dot alap\u00edtott \u00e9s egy kisl\u00e1nynak adott \u00e9letet. F\u00e9rje hal\u00e1la ut\u00e1n visszak\u00f6lt\u00f6z\u00f6tt P\u00e1rk\u00e1nyba, majd k\u00e9s\u0151bb a P. Mobil git\u00e1rosa, S\u00e1rv\u00e1ri Vilmos lett a p\u00e1rja.<\/p>\n<p style=\"text-align: justify;\" data-start=\"4608\" data-end=\"4894\">Ren\u00e1ta a mai napig rendszeresen j\u00e1r koncertekre, \u00e9s valah\u00e1nyszor elhalad a Schmidt-villa mellett, azonnal a fesztiv\u00e1l jut esz\u00e9be. \u00c9letvid\u00e1m, kedves szem\u00e9lyis\u00e9ge \u00e9s a vil\u00e1g dolgair\u00f3l alkotott tiszta l\u00e1t\u00e1sm\u00f3dja miatt \u00f6r\u00f6m vele besz\u00e9lgetni. Megtiszteltet\u00e9s sz\u00e1momra, hogy \u0151t is ismerhetem.<\/p>\n<p data-start=\"4608\" data-end=\"4894\"><img loading=\"lazy\" decoding=\"async\" class=\"aligncenter wp-image-81356 \" src=\"https:\/\/dorogimedence.hu\/wp-content\/uploads\/2026\/06\/DR_4_1-423x600.jpg\" alt=\"\" width=\"497\" height=\"705\" srcset=\"https:\/\/dorogimedence.hu\/wp-content\/uploads\/2026\/06\/DR_4_1-423x600.jpg 423w, https:\/\/dorogimedence.hu\/wp-content\/uploads\/2026\/06\/DR_4_1-150x213.jpg 150w, https:\/\/dorogimedence.hu\/wp-content\/uploads\/2026\/06\/DR_4_1-450x638.jpg 450w, https:\/\/dorogimedence.hu\/wp-content\/uploads\/2026\/06\/DR_4_1.jpg 704w\" sizes=\"(max-width: 497px) 100vw, 497px\" \/><\/p>\n<p style=\"text-align: center;\" data-start=\"4896\" data-end=\"4976\"><span style=\"font-size: 10pt;\"><em data-start=\"4896\" data-end=\"4976\">Ren\u00e1ta az egykori medence medr\u00e9ben a fesztiv\u00e1lon (forr\u00e1s: Bajnok Ren\u00e1ta album\u00e1b\u00f3l)<\/em><\/span><\/p>\n<p style=\"text-align: justify;\" data-start=\"4978\" data-end=\"5536\">K\u00f6zvetlen\u00fcl a fesztiv\u00e1l ut\u00e1n m\u00e1r megjelentek az els\u0151 tud\u00f3s\u00edt\u00e1sok az orsz\u00e1gos \u00e9s helyi lapokban. A Kom\u00e1rom megyei <em data-start=\"5091\" data-end=\"5107\">Dolgoz\u00f3k Lapja<\/em> j\u00fanius 30-i sz\u00e1m\u00e1ban k\u00f6z\u00f6lt \u201eRockfesztiv\u00e1l Dorogon\u201d c\u00edm\u0171 \u00edr\u00e1s ugyan felsorolta a fell\u00e9p\u0151 zenekarokat, \u00e1m er\u0151teljes kritik\u00e1val illette mind a k\u00f6z\u00f6ns\u00e9get, mind a zenei sz\u00ednvonalat. A kor szellem\u00e9ben minden, ami a hivatalos norm\u00e1kt\u00f3l elt\u00e9rt, jobb esetben is csak megt\u0171rtnek sz\u00e1m\u00edtott. A rockzene \u00e9s rajong\u00f3i k\u00fcl\u00f6n\u00f6sen az el\u0151\u00edt\u00e9letek keresztt\u00fcz\u00e9ben \u00e1lltak: a k\u00f6znyelvben megszokott\u00e1 v\u00e1lt a \u201ecs\u00f6ves\u201d vagy \u201ehulig\u00e1n\u201d b\u00e9lyeg haszn\u00e1lata.<\/p>\n<p data-start=\"4978\" data-end=\"5536\"><img loading=\"lazy\" decoding=\"async\" class=\"aligncenter wp-image-81369 \" src=\"https:\/\/dorogimedence.hu\/wp-content\/uploads\/2026\/06\/DR_4_14-567x600.jpg\" alt=\"\" width=\"498\" height=\"527\" srcset=\"https:\/\/dorogimedence.hu\/wp-content\/uploads\/2026\/06\/DR_4_14-567x600.jpg 567w, https:\/\/dorogimedence.hu\/wp-content\/uploads\/2026\/06\/DR_4_14-150x159.jpg 150w, https:\/\/dorogimedence.hu\/wp-content\/uploads\/2026\/06\/DR_4_14-450x476.jpg 450w, https:\/\/dorogimedence.hu\/wp-content\/uploads\/2026\/06\/DR_4_14.jpg 607w\" sizes=\"(max-width: 498px) 100vw, 498px\" \/><\/p>\n<p style=\"text-align: center;\" data-start=\"4978\" data-end=\"5536\"><em><span style=\"font-size: 10pt;\">A megyei lap cikk\u00e9hez mell\u00e9kelt fot\u00f3 (forr\u00e9s: Dolgoz\u00f3k Lapja, 1981. j\u00fanius 30. sz\u00e1m)<\/span><\/em><\/p>\n<p style=\"text-align: justify;\" data-start=\"5538\" data-end=\"6058\">Nem sokkal k\u00e9s\u0151bb azonban v\u00e1lasz is \u00e9rkezett. Tatai Tibor \u00edr\u00e1sa \u00e1rnyaltabb k\u00e9pet pr\u00f3b\u00e1lt festeni a fesztiv\u00e1lr\u00f3l. Elismerte, hogy akadtak ittas \u00e9s \u00f6nmagukb\u00f3l kivetk\u0151z\u00f6tt emberek, de hangs\u00falyozta: messze nem ez volt a meghat\u00e1roz\u00f3. Ugyan\u00edgy v\u00e9delm\u00e9be vette a zen\u00e9t is, kiemelve, hogy a k\u00f6z\u00f6ns\u00e9g igenis \u00e9rt\u00e9kes produkci\u00f3kat hallhatott. M\u00e1r \u00f6nmag\u00e1ban az is nagy sz\u00f3 volt akkoriban, hogy a megyei lap helyet adott egy ilyen ellenv\u00e9lem\u00e9nynek. Az <em data-start=\"5977\" data-end=\"6018\">Ellenv\u00e9lem\u00e9ny a dorogi rockfesztiv\u00e1lr\u00f3l<\/em> c\u00edm\u0171 \u00edr\u00e1s 1981. j\u00falius 9-\u00e9n jelent meg.<\/p>\n<p data-start=\"5538\" data-end=\"6058\"><img loading=\"lazy\" decoding=\"async\" class=\"aligncenter wp-image-81357 size-full\" src=\"https:\/\/dorogimedence.hu\/wp-content\/uploads\/2026\/06\/DR_4_2.jpg\" alt=\"\" width=\"814\" height=\"619\" srcset=\"https:\/\/dorogimedence.hu\/wp-content\/uploads\/2026\/06\/DR_4_2.jpg 814w, https:\/\/dorogimedence.hu\/wp-content\/uploads\/2026\/06\/DR_4_2-600x456.jpg 600w, https:\/\/dorogimedence.hu\/wp-content\/uploads\/2026\/06\/DR_4_2-768x584.jpg 768w, https:\/\/dorogimedence.hu\/wp-content\/uploads\/2026\/06\/DR_4_2-150x114.jpg 150w, https:\/\/dorogimedence.hu\/wp-content\/uploads\/2026\/06\/DR_4_2-450x342.jpg 450w\" sizes=\"(max-width: 814px) 100vw, 814px\" \/><\/p>\n<p style=\"text-align: center;\" data-start=\"6060\" data-end=\"6139\"><span style=\"font-size: 10pt;\"><em data-start=\"6060\" data-end=\"6139\">A zs\u00fafol\u00e1sig megtelt Schmidt-villa (forr\u00e1s: A Lampert csal\u00e1d album\u00e1b\u00f3l)<\/em><\/span><\/p>\n<p style=\"text-align: justify;\" data-start=\"6141\" data-end=\"6360\">Az\u00f3ta is sz\u00e1mtalan f\u00f3rumon id\u00e9zik fel \u00f6r\u00f6mteli nosztalgi\u00e1val az egykori r\u00e9sztvev\u0151k a dorogi h\u00e9tv\u00e9g\u00e9t. Tal\u00e1n az egyik legt\u00f6m\u00f6rebb \u00f6sszegz\u00e9st Korbely Gy\u00f6rgy, a k\u00e9s\u0151bbi Hegyalja Fesztiv\u00e1l egyik koordin\u00e1tora fogalmazta meg:<\/p>\n<blockquote data-start=\"6362\" data-end=\"6553\">\n<p style=\"text-align: justify;\" data-start=\"6364\" data-end=\"6553\">\u201eWoodstock ut\u00e1n tizenk\u00e9t \u00e9vvel fesztiv\u00e1lozni Dorogon? Remek\u00fcl hangz\u00f3 aj\u00e1nlat volt ez a szervez\u0151kt\u0151l\u2026 k\u00f6zel n\u00e9gy \u00e9vtized ut\u00e1n is kijelenthet\u0151: szeg\u00e9nyebbek lenn\u00e9nk, ha nem ment\u00fcnk volna el.<\/p>\n<\/blockquote>\n<p data-start=\"6555\" data-end=\"6636\"><img loading=\"lazy\" decoding=\"async\" class=\"aligncenter wp-image-81370 size-full\" src=\"https:\/\/dorogimedence.hu\/wp-content\/uploads\/2026\/06\/DR_4_15.jpg\" alt=\"\" width=\"2016\" height=\"1450\" srcset=\"https:\/\/dorogimedence.hu\/wp-content\/uploads\/2026\/06\/DR_4_15.jpg 2016w, https:\/\/dorogimedence.hu\/wp-content\/uploads\/2026\/06\/DR_4_15-600x432.jpg 600w, https:\/\/dorogimedence.hu\/wp-content\/uploads\/2026\/06\/DR_4_15-1920x1381.jpg 1920w, https:\/\/dorogimedence.hu\/wp-content\/uploads\/2026\/06\/DR_4_15-768x552.jpg 768w, https:\/\/dorogimedence.hu\/wp-content\/uploads\/2026\/06\/DR_4_15-1536x1105.jpg 1536w, https:\/\/dorogimedence.hu\/wp-content\/uploads\/2026\/06\/DR_4_15-150x108.jpg 150w, https:\/\/dorogimedence.hu\/wp-content\/uploads\/2026\/06\/DR_4_15-450x324.jpg 450w, https:\/\/dorogimedence.hu\/wp-content\/uploads\/2026\/06\/DR_4_15-1200x863.jpg 1200w\" sizes=\"(max-width: 2016px) 100vw, 2016px\" \/><\/p>\n<p style=\"text-align: center;\" data-start=\"6555\" data-end=\"6636\"><span style=\"font-size: 10pt;\"><em data-start=\"6555\" data-end=\"6636\">Akik garant\u00e1ltan nem maradtak ki a bulib\u00f3l (forr\u00e1s: A Lampert csal\u00e1d album\u00e1b\u00f3l)<\/em><\/span><\/p>\n<p style=\"text-align: justify;\" data-start=\"6638\" data-end=\"7050\">A fesztiv\u00e1l eml\u00e9k\u00e9t n\u00e9h\u00e1ny kultikus alkot\u00e1s is \u0151rzi. Az 1982-ben bemutatott, rendez\u0151i d\u00edjjal is kit\u00fcntetett <em data-start=\"6746\" data-end=\"6760\">A p\u00e1rtfogolt<\/em> c\u00edm\u0171 dokumentum-j\u00e1t\u00e9kfilmben mintegy t\u00edz percnyi, a fesztiv\u00e1lon forgatott jelenet l\u00e1that\u00f3. Emellett k\u00fcl\u00f6n fejezetet kapott Risk\u00f3 G\u00e9za 1984-ben megjelent <em data-start=\"6914\" data-end=\"6935\">Edda M\u0171vek, Miskolc<\/em> c\u00edm\u0171 k\u00f6nyv\u00e9ben is, s annak idej\u00e9n fot\u00f3ki\u00e1ll\u00edt\u00e1s ny\u00edlt r\u00f3la a J\u00f3zsef Attila M\u0171vel\u0151d\u00e9si K\u00f6zpont Dorogi Gal\u00e9ri\u00e1j\u00e1ban.<\/p>\n<p data-start=\"6638\" data-end=\"7050\"><img loading=\"lazy\" decoding=\"async\" class=\"aligncenter wp-image-81378 size-full\" src=\"https:\/\/dorogimedence.hu\/wp-content\/uploads\/2026\/06\/DR_4_21.jpg\" alt=\"\" width=\"944\" height=\"627\" srcset=\"https:\/\/dorogimedence.hu\/wp-content\/uploads\/2026\/06\/DR_4_21.jpg 944w, https:\/\/dorogimedence.hu\/wp-content\/uploads\/2026\/06\/DR_4_21-600x399.jpg 600w, https:\/\/dorogimedence.hu\/wp-content\/uploads\/2026\/06\/DR_4_21-768x510.jpg 768w, https:\/\/dorogimedence.hu\/wp-content\/uploads\/2026\/06\/DR_4_21-150x100.jpg 150w, https:\/\/dorogimedence.hu\/wp-content\/uploads\/2026\/06\/DR_4_21-450x299.jpg 450w, https:\/\/dorogimedence.hu\/wp-content\/uploads\/2026\/06\/DR_4_21-272x182.jpg 272w\" sizes=\"(max-width: 944px) 100vw, 944px\" \/><\/p>\n<p style=\"text-align: center;\" data-start=\"6638\" data-end=\"7050\"><span style=\"font-size: 10pt;\"><em>A f\u00e1radhatatlan rajong\u00f3k (forr\u00e1s: A Lampert csal\u00e1d album\u00e1b\u00f3l)<\/em><\/span><\/p>\n<p style=\"text-align: justify;\" data-start=\"7052\" data-end=\"7676\">Mindent egybevetve a fesztiv\u00e1l sikeresnek bizonyult. A rajong\u00f3k j\u00f3l sz\u00f3rakoztak, a fell\u00e9p\u0151 zenekarok pedig k\u00e9s\u0151bb is kiemelked\u0151 koncertk\u00e9nt emlegett\u00e9k a dorogi fell\u00e9p\u00e9st. Zselencz L\u00e1szl\u00f3, az Edda basszusgit\u00e1rosa k\u00e9s\u0151bb \u00fagy nyilatkozott: a koncert ut\u00e1n n\u00e9gy \u00f3r\u00e1n kereszt\u00fcl dedik\u00e1ltak a rajong\u00f3knak. Dorog \u00e9s lakoss\u00e1ga ki\u00e1llta a t\u00f6bb t\u00edzezres inv\u00e1zi\u00f3 pr\u00f3b\u00e1j\u00e1t, s a rendezv\u00e9ny m\u00e9ret\u00e9hez k\u00e9pest k\u00fcl\u00f6n\u00f6sebb rendbont\u00e1s n\u00e9lk\u00fcl zajlott le minden. A fesztiv\u00e1l ut\u00e1n sem maradt nagyobb rendetlens\u00e9g, mint egy \u00e1tlagos b\u00e1ny\u00e1sznapi mulats\u00e1got k\u00f6vet\u0151en, r\u00e1ad\u00e1sul a szervez\u0151 KISZ-esek v\u00e1llalt\u00e1k \u00e9s teljes\u00edtett\u00e9k is a helysz\u00edn rendbet\u00e9tel\u00e9t.<\/p>\n<p data-start=\"7052\" data-end=\"7676\"><img loading=\"lazy\" decoding=\"async\" class=\"aligncenter wp-image-81360 \" src=\"https:\/\/dorogimedence.hu\/wp-content\/uploads\/2026\/06\/DR_4_5-460x600.jpg\" alt=\"\" width=\"502\" height=\"655\" srcset=\"https:\/\/dorogimedence.hu\/wp-content\/uploads\/2026\/06\/DR_4_5-460x600.jpg 460w, https:\/\/dorogimedence.hu\/wp-content\/uploads\/2026\/06\/DR_4_5-150x196.jpg 150w, https:\/\/dorogimedence.hu\/wp-content\/uploads\/2026\/06\/DR_4_5-450x587.jpg 450w, https:\/\/dorogimedence.hu\/wp-content\/uploads\/2026\/06\/DR_4_5.jpg 606w\" sizes=\"(max-width: 502px) 100vw, 502px\" \/><\/p>\n<p style=\"text-align: center;\" data-start=\"7678\" data-end=\"7740\"><span style=\"font-size: 10pt;\"><em data-start=\"7678\" data-end=\"7740\">A flaska k\u00f6rbej\u00e1r (forr\u00e1s: A Lampert csal\u00e1d album\u00e1b\u00f3l)<\/em><\/span><\/p>\n<p style=\"text-align: justify;\" data-start=\"7742\" data-end=\"8197\">Persze sz\u00e9ls\u0151s\u00e9ges t\u00f6rt\u00e9netek \u00e9s t\u00falz\u00e1sok mindig akadnak. A sz\u00f3besz\u00e9d szerint hal\u00e1los balesetek t\u00f6rt\u00e9ntek a ker\u00edt\u00e9s leoml\u00e1sakor, m\u00e1sok szerint t\u00f6bben a Palatinus-t\u00f3ba fulladtak, vagy szem\u00e9rmetlen jelenetek zajlottak az utak ment\u00e9n. Ezek jelent\u0151s r\u00e9sze azonban egyszer\u0171 legenda. B\u00e1r n\u00e9h\u00e1ny nappal k\u00e9s\u0151bb val\u00f3ban t\u00f6rt\u00e9nt v\u00edzbefullad\u00e1s a Pal\u00e1ban, az \u00e1ldozat nem a fesztiv\u00e1l k\u00f6z\u00f6ns\u00e9g\u00e9b\u0151l ker\u00fclt ki, hanem egy piliscs\u00e9vi f\u00e9rfi volt, aki tiltott helyen f\u00fcrd\u00f6tt.<\/p>\n<p data-start=\"7742\" data-end=\"8197\"><img loading=\"lazy\" decoding=\"async\" class=\"alignnone wp-image-81364 size-full\" src=\"https:\/\/dorogimedence.hu\/wp-content\/uploads\/2026\/06\/DR_4_9.jpg\" alt=\"\" width=\"816\" height=\"621\" srcset=\"https:\/\/dorogimedence.hu\/wp-content\/uploads\/2026\/06\/DR_4_9.jpg 816w, https:\/\/dorogimedence.hu\/wp-content\/uploads\/2026\/06\/DR_4_9-600x457.jpg 600w, https:\/\/dorogimedence.hu\/wp-content\/uploads\/2026\/06\/DR_4_9-768x584.jpg 768w, https:\/\/dorogimedence.hu\/wp-content\/uploads\/2026\/06\/DR_4_9-150x114.jpg 150w, https:\/\/dorogimedence.hu\/wp-content\/uploads\/2026\/06\/DR_4_9-450x342.jpg 450w\" sizes=\"(max-width: 816px) 100vw, 816px\" \/><\/p>\n<p style=\"text-align: center;\" data-start=\"8199\" data-end=\"8265\"><span style=\"font-size: 10pt;\"><em data-start=\"8199\" data-end=\"8265\">L\u00e1tk\u00e9p a fesztiv\u00e1lr\u00f3l (forr\u00e1s: A Lampert csal\u00e1d album\u00e1b\u00f3l)<\/em><\/span><\/p>\n<p style=\"text-align: justify;\" data-start=\"8199\" data-end=\"8265\">Rossz eml\u00e9k\u0171 lenyomatok \u00e9s k\u00e1rog\u00f3k mindig akadnak, azonban d\u00f6nt\u0151en ink\u00e1bb a szebb benyom\u00e1sok maradtak. Mindezt j\u00f3l igazolj\u00e1k a m\u00e1r id\u00e9zett Korbely Gy\u00f6rgy sorai, amelyek a m\u00e9g \u00e9vekkel ezel\u0151tt \u00edrt cikk\u00e9ben olvashat\u00f3k: <em>\u201eA dorogi rockfesztiv\u00e1l nem csak a Sziget VIP-szektor\u00e1b\u00f3l n\u00e9zve volt csapnival\u00f3an szervezetlen. De kit \u00e9rdekelt ez akkor: kev\u00e9s volt az iv\u00f3v\u00edz? Volt egy csom\u00f3 kann\u00e1s borunk (m\u00e9gpedig garant\u00e1ltan sz\u0151l\u0151b\u0151l k\u00e9sz\u00fclt). Nem volt \u00e1rny\u00e9k? F\u00e9lmeztelen\u00fcl napoztunk. Az eg\u00e9sz v\u00e1rosban ki\u00fcr\u00fcltek a boltok? Egy napot ki lehet b\u00edrni kaja n\u00e9lk\u00fcl. A sz\u00ednpad majdnem \u00f6sszeomlott? Ja, ezt csak k\u00e9s\u0151bb olvastam, \u00e1ll\u00edt\u00f3lag nem sok h\u00edja volt a trag\u00e9di\u00e1nak, de szerencs\u00e9re ezt is meg\u00fasztuk.\u201d<\/em><\/p>\n<p data-start=\"8199\" data-end=\"8265\"><img loading=\"lazy\" decoding=\"async\" class=\"aligncenter wp-image-81366 size-full\" src=\"https:\/\/dorogimedence.hu\/wp-content\/uploads\/2026\/06\/DR_4_11.jpg\" alt=\"\" width=\"822\" height=\"627\" srcset=\"https:\/\/dorogimedence.hu\/wp-content\/uploads\/2026\/06\/DR_4_11.jpg 822w, https:\/\/dorogimedence.hu\/wp-content\/uploads\/2026\/06\/DR_4_11-600x458.jpg 600w, https:\/\/dorogimedence.hu\/wp-content\/uploads\/2026\/06\/DR_4_11-768x586.jpg 768w, https:\/\/dorogimedence.hu\/wp-content\/uploads\/2026\/06\/DR_4_11-150x114.jpg 150w, https:\/\/dorogimedence.hu\/wp-content\/uploads\/2026\/06\/DR_4_11-450x343.jpg 450w\" sizes=\"(max-width: 822px) 100vw, 822px\" \/><\/p>\n<p style=\"text-align: justify;\" data-start=\"8199\" data-end=\"8265\"><span style=\"font-size: 10pt;\"><em>A karhatalom is jelen volt, b\u00e1r a fesztiv\u00e1l m\u00e9ret\u00e9hez k\u00e9pest az\u00e9rt nem volt t\u00falbiztos\u00edtva a rendezv\u00e9ny\u00a0(forr\u00e1s: A Lampert csal\u00e1d album\u00e1b\u00f3l)<\/em><\/span><\/p>\n<p style=\"text-align: justify;\" data-start=\"8199\" data-end=\"8265\">\u00a0Arr\u00f3l nem \u00edrtak az \u00fajs\u00e1gok, viszont a lakoss\u00e1g eml\u00e9kezet\u00e9ben a mai napig is \u00e9lnek kifejezetten pozit\u00edv t\u00f6rt\u00e9netek. Az egyik \u00e9ppen a mi lak\u00f3telep\u00fcnk\u00f6n, a h\u0151s dorogi b\u00e1nyament\u0151, H\u00e1m K\u00e1lm\u00e1nr\u00f3l \u2013 aki 1952-ben t\u00f6rt\u00e9nt s\u00falyos szuhak\u00e1ll\u00f3i b\u00e1nyaszerencs\u00e9tlens\u00e9g sor\u00e1n saj\u00e1t \u00e9let\u00e9t adta, hogy 12 b\u00e1ny\u00e1szt megmentsen \u2013\u00a0 elnevezett telepen esett, ahol a l\u00e9pcs\u0151h\u00e1zakban \u00e9jszak\u00e1zott fiatalok egyenesen p\u00e9ld\u00e1san viselkedtek. Semmi szemetet nem hagytak maguk ut\u00e1n, s\u0151t a lak\u00f3kt\u00f3l k\u00e9rtek tiszt\u00edt\u00f3szereket, hogy fel is takar\u00edtsanak. Tov\u00e1bb\u00e1 a lak\u00f3telepi kisbolt el\u00e9 letett hajnali sz\u00e1ll\u00edtm\u00e1nyb\u00f3l magukhoz vett \u00e9lelmiszer \u00e1r\u00e1t a l\u00e1d\u00e1ba helyezt\u00e9k. Ezt a helyi lak\u00f3k \u00e9s a bolti alkalmazottak mes\u00e9lt\u00e9k.<\/p>\n<p data-start=\"8199\" data-end=\"8265\"><img loading=\"lazy\" decoding=\"async\" class=\"alignnone wp-image-81382\" src=\"https:\/\/dorogimedence.hu\/wp-content\/uploads\/2026\/06\/DR_4_6-1-455x600.jpg\" alt=\"\" width=\"502\" height=\"662\" srcset=\"https:\/\/dorogimedence.hu\/wp-content\/uploads\/2026\/06\/DR_4_6-1-455x600.jpg 455w, https:\/\/dorogimedence.hu\/wp-content\/uploads\/2026\/06\/DR_4_6-1-150x198.jpg 150w, https:\/\/dorogimedence.hu\/wp-content\/uploads\/2026\/06\/DR_4_6-1-450x594.jpg 450w, https:\/\/dorogimedence.hu\/wp-content\/uploads\/2026\/06\/DR_4_6-1.jpg 626w\" sizes=\"(max-width: 502px) 100vw, 502px\" \/><\/p>\n<p style=\"text-align: center;\" data-start=\"8199\" data-end=\"8265\"><span style=\"font-size: 10pt;\"><em>\u00c9rdekes \u00e9letk\u00e9p a fesztiv\u00e1lon (forr\u00e1s: A Lampert csal\u00e1d album\u00e1b\u00f3l)<\/em><\/span><\/p>\n<p style=\"text-align: justify;\" data-start=\"8267\" data-end=\"8515\">A Dorogi Rockfesztiv\u00e1l a maga form\u00e1j\u00e1ban egyszeri \u00e9s megism\u00e9telhetetlen maradt. Az id\u0151 m\u00fal\u00e1sa sok egykori f\u0151szerepl\u0151t m\u00e1r elragadott k\u00f6z\u00fcl\u00fcnk, akik ma m\u00e1r a f\u00e9nyes Csillag\u00f6sv\u00e9nyen zen\u00e9lnek tov\u00e1bb. E cikksorozattal az \u0151 eml\u00e9k\u00fck el\u0151tt is tisztelg\u00fcnk.<\/p>\n<p style=\"text-align: justify;\" data-start=\"8517\" data-end=\"8935\">A teljess\u00e9g ig\u00e9nye n\u00e9lk\u00fcl ide tartozik K\u0151r\u00f6s J\u00f3zsef \u00e9s Sz\u00e9nich J\u00e1nos git\u00e1rosok, P\u00f3ka Egon basszusgit\u00e1ros (mindh\u00e1rman a Hobo Blues Bandb\u0151l), Tunyogi P\u00e9ter \u00e9nekes (P. Mobil), Vida Ferenc basszusgit\u00e1ros, T\u00f6r\u00f6k J\u00f3zsef billenty\u0171s, Sip\u0151cz Ern\u0151 \u00e9nekes (mindh\u00e1rman a Lord egy\u00fcttesb\u0151l) Bokor Tibor basszusgit\u00e1ros, \u00e9nekes (Color) \u00e9s Jaszenovics Iv\u00e1n basszusgit\u00e1ros (F\u00f3rum), valamint Lampert \u00d6d\u00f6n, a fesztiv\u00e1l egyik dorogi f\u0151szervez\u0151je is. Fia, Viktor k\u00e9s\u0151bb tov\u00e1bb vitte a helyi rock\u00e9let f\u00e1kly\u00e1j\u00e1t, amikor 1999-ben megnyitotta a Biker\u2019s rockkocsm\u00e1t.<\/p>\n<p data-start=\"8517\" data-end=\"8935\"><img loading=\"lazy\" decoding=\"async\" class=\"aligncenter wp-image-81358 size-full\" src=\"https:\/\/dorogimedence.hu\/wp-content\/uploads\/2026\/06\/DR_4_3.jpg\" alt=\"\" width=\"812\" height=\"617\" srcset=\"https:\/\/dorogimedence.hu\/wp-content\/uploads\/2026\/06\/DR_4_3.jpg 812w, https:\/\/dorogimedence.hu\/wp-content\/uploads\/2026\/06\/DR_4_3-600x456.jpg 600w, https:\/\/dorogimedence.hu\/wp-content\/uploads\/2026\/06\/DR_4_3-768x584.jpg 768w, https:\/\/dorogimedence.hu\/wp-content\/uploads\/2026\/06\/DR_4_3-150x114.jpg 150w, https:\/\/dorogimedence.hu\/wp-content\/uploads\/2026\/06\/DR_4_3-450x342.jpg 450w\" sizes=\"(max-width: 812px) 100vw, 812px\" \/><\/p>\n<p style=\"text-align: justify;\" data-start=\"8937\" data-end=\"9028\"><span style=\"font-size: 10pt;\"><em data-start=\"8937\" data-end=\"9028\">Lampert \u00d6d\u00f6n &#8211; a sapk\u00e1s kiszolg\u00e1l\u00f3 \u00e9s a pultos h\u00f6lgy k\u00f6z\u00f6tt &#8211; a b\u00fcf\u00e9n\u00e9l is beseg\u00edtett a munk\u00e1ba (forr\u00e1s: A Lampert csal\u00e1d album\u00e1b\u00f3l)<\/em><\/span><\/p>\n<p style=\"text-align: justify;\" data-start=\"9030\" data-end=\"9496\">Ugyancsak nincs m\u00e1r k\u00f6z\u00f6tt\u00fcnk Zolt\u00e1n J\u00e1nos, a fesztiv\u00e1l egyik konferanszi\u00e9ja sem. \u00dajs\u00e1g\u00edr\u00f3k\u00e9nt, koncertszervez\u0151k\u00e9nt, menedzserk\u00e9nt \u00e9s a hazai heavy metal sajt\u00f3 egyik \u00fatt\u00f6r\u0151 alakjak\u00e9nt maradand\u00f3t alkotott. Dorog k\u00e9s\u0151bb is fontos szerepet j\u00e1tszott az \u00e9let\u00e9ben: \u00e9veken \u00e1t t\u00f6lt\u00f6tte nyarait a Palaparton b\u00e9relt \u00fcd\u00fcl\u0151h\u00e1zban. Magam is ekkor ismertem meg szem\u00e9lyesen. Hossz\u00fa besz\u00e9lget\u00e9seink sor\u00e1n \u00f3r\u00e1kon \u00e1t t\u00e1rgyaltuk az \u00e9let, a vil\u00e1g \u00e9s term\u00e9szetesen a zene nagy k\u00e9rd\u00e9seit.<\/p>\n<p data-start=\"9030\" data-end=\"9496\"><img loading=\"lazy\" decoding=\"async\" class=\"aligncenter wp-image-81365 size-full\" src=\"https:\/\/dorogimedence.hu\/wp-content\/uploads\/2026\/06\/DR_4_10.jpg\" alt=\"\" width=\"806\" height=\"619\" srcset=\"https:\/\/dorogimedence.hu\/wp-content\/uploads\/2026\/06\/DR_4_10.jpg 806w, https:\/\/dorogimedence.hu\/wp-content\/uploads\/2026\/06\/DR_4_10-600x461.jpg 600w, https:\/\/dorogimedence.hu\/wp-content\/uploads\/2026\/06\/DR_4_10-768x590.jpg 768w, https:\/\/dorogimedence.hu\/wp-content\/uploads\/2026\/06\/DR_4_10-150x115.jpg 150w, https:\/\/dorogimedence.hu\/wp-content\/uploads\/2026\/06\/DR_4_10-450x346.jpg 450w\" sizes=\"(max-width: 806px) 100vw, 806px\" \/><\/p>\n<p data-start=\"9030\" data-end=\"9496\"><span style=\"font-size: 10pt;\"><em>Ugyan a helysz\u00ednen szeszesitalt nem \u00e1rus\u00edtottak, az\u00e9rt az \u00fcd\u00edt\u0151knek is \u00f6rvendett a nagy\u00e9rdem\u0171 (forr\u00e1s: A Lampert csal\u00e1d album\u00e1b\u00f3l)<\/em><\/span><\/p>\n<p style=\"text-align: justify;\" data-start=\"9030\" data-end=\"9496\">A k\u00f6zismert dorogi rockerek k\u00f6z\u00fcl ugyancsak t\u00f6bben m\u00e1r nem lehetnek k\u00f6z\u00f6tt\u00fcnk, mint Angelov Istv\u00e1n, Antal R\u00f3bert, F\u00f6ldesi J\u00e1nos, H\u00e9dai Ferenc, Macza L\u00e1szl\u00f3, Pap K\u00e1lm\u00e1n \u00e9s Petri Lajos, akik kiv\u00e9tel n\u00e9lk\u00fcl r\u00e9szt vettek a fesztiv\u00e1lon \u00e9s szint\u00e9n eml\u00e9ket k\u00edv\u00e1ntam \u00e1ll\u00edtani szem\u00e9ly\u00fcknek. K\u00fcl\u00f6n kiemelten pedig a legend\u00e1ss\u00e1 v\u00e1lt zen\u00e9sz\u00f3ri\u00e1s, a nemzetk\u00f6zi szinten is elismert basszusgit\u00e1r fenom\u00e9n, v\u00e1rosunk egyik legk\u00f6zkedveltebb lak\u00f3ja, a k\u00f6zelm\u00faltban elhunyt Lattmann B\u00e9la eml\u00e9ke el\u0151tt is tisztelgek, aki ugyancsak jelen volt a fesztiv\u00e1lon.<\/p>\n<p data-start=\"9030\" data-end=\"9496\"><img loading=\"lazy\" decoding=\"async\" class=\"aligncenter wp-image-81496 size-full\" src=\"https:\/\/dorogimedence.hu\/wp-content\/uploads\/2026\/06\/DR_4_15-1.jpg\" alt=\"\" width=\"942\" height=\"625\" srcset=\"https:\/\/dorogimedence.hu\/wp-content\/uploads\/2026\/06\/DR_4_15-1.jpg 942w, https:\/\/dorogimedence.hu\/wp-content\/uploads\/2026\/06\/DR_4_15-1-600x398.jpg 600w, https:\/\/dorogimedence.hu\/wp-content\/uploads\/2026\/06\/DR_4_15-1-768x510.jpg 768w, https:\/\/dorogimedence.hu\/wp-content\/uploads\/2026\/06\/DR_4_15-1-150x100.jpg 150w, https:\/\/dorogimedence.hu\/wp-content\/uploads\/2026\/06\/DR_4_15-1-450x299.jpg 450w\" sizes=\"(max-width: 942px) 100vw, 942px\" \/><\/p>\n<p style=\"text-align: center;\" data-start=\"9030\" data-end=\"9496\"><span style=\"font-size: 10pt;\"><em>A fiatalok a medenc\u00e9t is birtokba vett\u00e9k (forr\u00e1s: A Lampert csal\u00e1d album\u00e1b\u00f3l)<\/em><\/span><\/p>\n<p style=\"text-align: justify;\" data-start=\"9498\" data-end=\"9851\">A fell\u00e9p\u0151 zenekarok k\u00f6z\u00fcl t\u00f6bb ma is akt\u00edv. A P. Mobil tov\u00e1bbra is m\u0171k\u00f6dik Schuster L\u00f3r\u00e1nttal \u00e9s S\u00e1rv\u00e1ri Vilmossal az \u00e9len, a Lord \u00e9s a Progn\u00f3zis szint\u00e9n meghat\u00e1roz\u00f3 szerepl\u0151je maradt a hazai rock\u00e9letnek, m\u00edg a Karthago t\u00f6bb mint negyven\u00f6t \u00e9v ut\u00e1n is az eredeti fel\u00e1ll\u00e1s\u00e1ban l\u00e9tezik. Az Edda ugyan jelent\u0151sen \u00e1talakult az \u00e9vek sor\u00e1n, de szint\u00e9n akt\u00edv maradt.<\/p>\n<p data-start=\"9498\" data-end=\"9851\"><img loading=\"lazy\" decoding=\"async\" class=\"aligncenter wp-image-81355 size-full\" src=\"https:\/\/dorogimedence.hu\/wp-content\/uploads\/2026\/06\/DR_4.jpg\" alt=\"\" width=\"849\" height=\"729\" srcset=\"https:\/\/dorogimedence.hu\/wp-content\/uploads\/2026\/06\/DR_4.jpg 849w, https:\/\/dorogimedence.hu\/wp-content\/uploads\/2026\/06\/DR_4-600x515.jpg 600w, https:\/\/dorogimedence.hu\/wp-content\/uploads\/2026\/06\/DR_4-768x659.jpg 768w, https:\/\/dorogimedence.hu\/wp-content\/uploads\/2026\/06\/DR_4-150x129.jpg 150w, https:\/\/dorogimedence.hu\/wp-content\/uploads\/2026\/06\/DR_4-450x386.jpg 450w\" sizes=\"(max-width: 849px) 100vw, 849px\" \/><\/p>\n<p style=\"text-align: center;\" data-start=\"9853\" data-end=\"9962\"><span style=\"font-size: 10pt;\"><em data-start=\"9853\" data-end=\"9962\">Az 1982-es Edda-koncert a m\u0171vel\u0151d\u00e9si k\u00f6zpont kerthelyis\u00e9g\u00e9ben (forr\u00e1s: Dorogi helyt\u00f6rt\u00e9neti arch\u00edvum)<\/em><\/span><\/p>\n<p style=\"text-align: justify;\" data-start=\"9964\" data-end=\"10309\">A fesztiv\u00e1lt k\u00f6vet\u0151en Dorogon tov\u00e1bb \u00e9ltek a rockkoncertek. A m\u0171vel\u0151d\u00e9si k\u00f6zpont, k\u00e9s\u0151bb a sportcsarnok, majd a k\u00fcl\u00f6nf\u00e9le rockkocsm\u00e1k \u2013 a Kacsa, a Biker\u2019s, a Bandita vagy a Pokol b\u00e1r \u2013 mind fontos szerepet j\u00e1tszottak a helyi zenei \u00e9letben. B\u00e1r ezek k\u00f6z\u00fcl t\u00f6bb m\u00e1r megsz\u0171nt, az eml\u00e9k\u00fck \u00e9s szellemis\u00e9g\u00fck tov\u00e1bb \u00e9l a v\u00e1ros kultur\u00e1lis eml\u00e9kezet\u00e9ben.<\/p>\n<p data-start=\"9964\" data-end=\"10309\"><img loading=\"lazy\" decoding=\"async\" class=\"aligncenter wp-image-81384 size-full\" src=\"https:\/\/dorogimedence.hu\/wp-content\/uploads\/2026\/06\/DR_4_24-scaled.jpg\" alt=\"\" width=\"2560\" height=\"1624\" srcset=\"https:\/\/dorogimedence.hu\/wp-content\/uploads\/2026\/06\/DR_4_24-scaled.jpg 2560w, https:\/\/dorogimedence.hu\/wp-content\/uploads\/2026\/06\/DR_4_24-600x381.jpg 600w, https:\/\/dorogimedence.hu\/wp-content\/uploads\/2026\/06\/DR_4_24-1920x1218.jpg 1920w, https:\/\/dorogimedence.hu\/wp-content\/uploads\/2026\/06\/DR_4_24-768x487.jpg 768w, https:\/\/dorogimedence.hu\/wp-content\/uploads\/2026\/06\/DR_4_24-1536x974.jpg 1536w, https:\/\/dorogimedence.hu\/wp-content\/uploads\/2026\/06\/DR_4_24-2048x1299.jpg 2048w, https:\/\/dorogimedence.hu\/wp-content\/uploads\/2026\/06\/DR_4_24-150x95.jpg 150w, https:\/\/dorogimedence.hu\/wp-content\/uploads\/2026\/06\/DR_4_24-450x285.jpg 450w, https:\/\/dorogimedence.hu\/wp-content\/uploads\/2026\/06\/DR_4_24-1200x761.jpg 1200w\" sizes=\"(max-width: 2560px) 100vw, 2560px\" \/><\/p>\n<p style=\"text-align: justify;\" data-start=\"9964\" data-end=\"10309\"><span style=\"font-size: 10pt;\"><em>A fesztiv\u00e1l ext\u00e1zis\u00e1ban (forr\u00e1s: K\u00f3cos t\u00f6meg a Schmidt-vill\u00e1ban &#8211; Az 1981-es dorogi rockfesztiv\u00e1l c\u00edm\u0171 cikkb\u0151l a beatkorszak.blog.hu oldal\u00e1r\u00f3l)<\/em><\/span><\/p>\n<p style=\"text-align: justify;\" data-start=\"9964\" data-end=\"10309\">Ilyen hatalmas bulit \u00fajra \u00f6sszehozni azonban nagyon neh\u00e9z lett volna Dorogon, de b\u00e1rhol az orsz\u00e1gban is. A koncertek a fesztiv\u00e1lt k\u00f6vet\u0151en is zajlottak, amelyeknek j\u00f3 ideig ugyan\u00fagy a helyi m\u0171vel\u0151d\u00e9si k\u00f6zpont adott otthont. A nagy band\u00e1k k\u00f6z\u00fcl legels\u0151k\u00e9nt az Edda t\u00e9rt vissza Dorogra, m\u00e9gpedig mindj\u00e1rt a k\u00f6vetkez\u0151 \u00e9vben, szinte pontosan egy \u00e9vre a fesztiv\u00e1l ut\u00e1n. Az el\u0151ad\u00e1sra 1982. j\u00falius 19-\u00e9n, a MUKI kerthelyis\u00e9g\u00e9ben ker\u00fclt sor, ahol ez\u00fattal m\u00e1r Bartha Alfonz billenty\u0171s is sz\u00ednpadra l\u00e9pett. A fesztiv\u00e1lon nem szerepelhetett Nagy Fer\u00f3nak \u00e9s dorogi h\u00edveinek pontosan h\u00e1rom tov\u00e1bbi \u00e9vet kellett v\u00e1rniuk arra, hogy Dorogon \u00fajra koncertje lehessen. Igaz, erre m\u00e1r az \u00faj csapat\u00e1val, a Bikinivel ker\u00fclt sor, ugyancsak a MUKI kerthelyis\u00e9g\u00e9ben 1984 nyar\u00e1n \u00e9s a kor\u00e1bbi Edda koncerthez hasonl\u00f3an dugig telth\u00e1z el\u0151tt. Az 1985-ben \u00e1tadott helyi Sportcsarnokkal b\u0151v\u00fclt a dorogi koncertek helysz\u00edneinek sora. Onnant\u00f3l kezdve a sporiban is t\u00f6bb remek el\u0151ad\u00e1st rendeztek. A sort a KFT egy\u00fcttes \u00e9s Schuster L\u00f3r\u00e1nt nyitotta 1986-ban, majd \u00e9venk\u00e9nt k\u00f6vette sorra a t\u00f6bbi produkci\u00f3, mint el\u0151bb a Lord, majd az Edda is. 1994 j\u00fanius v\u00e9g\u00e9n a stadion ker\u00edt\u00e9sein bel\u00fcl l\u00e9pett fel a Boxer Varga Mikl\u00f3ssal \u00e9s Vikid\u00e1l Gyul\u00e1val.<\/p>\n<p data-start=\"9964\" data-end=\"10309\"><img loading=\"lazy\" decoding=\"async\" class=\"aligncenter wp-image-81367 \" src=\"https:\/\/dorogimedence.hu\/wp-content\/uploads\/2026\/06\/DR_4_12.jpg\" alt=\"\" width=\"732\" height=\"572\" srcset=\"https:\/\/dorogimedence.hu\/wp-content\/uploads\/2026\/06\/DR_4_12.jpg 654w, https:\/\/dorogimedence.hu\/wp-content\/uploads\/2026\/06\/DR_4_12-600x469.jpg 600w, https:\/\/dorogimedence.hu\/wp-content\/uploads\/2026\/06\/DR_4_12-150x117.jpg 150w, https:\/\/dorogimedence.hu\/wp-content\/uploads\/2026\/06\/DR_4_12-450x352.jpg 450w\" sizes=\"(max-width: 732px) 100vw, 732px\" \/><\/p>\n<p style=\"text-align: center;\" data-start=\"10311\" data-end=\"10382\"><span style=\"font-size: 10pt;\"><em data-start=\"10311\" data-end=\"10382\">\u00a0\u00c9ppen a fesztiv\u00e1l 40 \u00e9ves eml\u00e9knapj\u00e1n rendezett koncert Dorogon<\/em><\/span><\/p>\n<p style=\"text-align: justify;\">Kisebb form\u00e1tum\u00fa, de igen n\u00e9pszer\u0171 \u00e9s nagyon j\u00f3 hangulat\u00fa koncertek jellemezt\u00e9k a k\u00e9s\u0151bbiekben a felhozatalt a sorra ny\u00edlt tov\u00e1bbi helyek j\u00f3volt\u00e1b\u00f3l. K\u00f6z\u00fcl\u00fck az \u00fatt\u00f6r\u0151, az 1985-ben megny\u00edlt Kacsa kocsma, amely rockbuliknak \u00e9s zenei filmek vet\u00edt\u00e9s\u00e9nek is lett az \u00e1lland\u00f3 helye. Szabadt\u00e9ri jelleg\u00e9n\u00e9l fogva a ny\u00e1ri id\u0151szakban Dorog legl\u00e1togatottabb sz\u00f3rakoz\u00f3hely\u00e9v\u00e9 n\u0151tte ki mag\u00e1t, amit fokozott szol\u00edd \u00e1raival \u00e9s a koncertekre val\u00f3 d\u00edjtalan r\u00e9szv\u00e9tellel. A Kacsa id\u00e9n fenn\u00e1ll\u00e1s\u00e1nak m\u00e1r a 41. \u00e9v\u00e9t \u00fcnnepli. 1999-ben sz\u00e9lesedett a k\u00edn\u00e1lat a m\u00e1r a fentiekben is eml\u00edtett Biker\u2019s rockkocsm\u00e1val, ahol ugyancsak fergeteges \u00e9l\u0151zenei programok is v\u00e1rt\u00e1k a m\u0171faj kedvel\u0151it. Gyakori vend\u00e9gk\u00e9nt fordult meg ott a P. Mobil tagjaib\u00f3l \u2013 Tunyogi P\u00e9ter, Zeffer Andr\u00e1s, K\u00e9kesi L\u00e1szl\u00f3 \u00e9s Don\u00e1szy Tibor \u2013 szervez\u0151d\u00f6tt TRB zenekar, amely kieg\u00e9sz\u00fclt a Piramis git\u00e1ros\u00e1val, Z\u00e1vodi J\u00e1nossal.<\/p>\n<p><img loading=\"lazy\" decoding=\"async\" class=\"aligncenter wp-image-81385 size-full\" src=\"https:\/\/dorogimedence.hu\/wp-content\/uploads\/2026\/06\/DR_4_25.jpg\" alt=\"\" width=\"1258\" height=\"826\" srcset=\"https:\/\/dorogimedence.hu\/wp-content\/uploads\/2026\/06\/DR_4_25.jpg 1258w, https:\/\/dorogimedence.hu\/wp-content\/uploads\/2026\/06\/DR_4_25-600x394.jpg 600w, https:\/\/dorogimedence.hu\/wp-content\/uploads\/2026\/06\/DR_4_25-768x504.jpg 768w, https:\/\/dorogimedence.hu\/wp-content\/uploads\/2026\/06\/DR_4_25-150x98.jpg 150w, https:\/\/dorogimedence.hu\/wp-content\/uploads\/2026\/06\/DR_4_25-450x295.jpg 450w, https:\/\/dorogimedence.hu\/wp-content\/uploads\/2026\/06\/DR_4_25-1200x788.jpg 1200w\" sizes=\"(max-width: 1258px) 100vw, 1258px\" \/><\/p>\n<p style=\"text-align: justify;\"><span style=\"font-size: 10pt;\"><em>A dorogi fesztiv\u00e1l egyik f\u0151szervez\u0151je; Sz\u00e1d\u00f3czki Zolt\u00e1n 1981-ben \u00e9s napjainkban (forr\u00e1s: Sz\u00fclinapos a magyar Woodstock, a Dorogi Rockfesztiv\u00e1l -Kom\u00e1rom-Esztergom V\u00e1rmegyei H\u00edrporlt\u00e1l)<\/em><\/span><\/p>\n<p style=\"text-align: justify;\">2002-ben megnyitotta kapuit a Bandita rock kocsma is, profilj\u00e1ban ugyancsak sz\u00e1mos \u00e9l\u0151 koncerttel. T\u00f6bbek k\u00f6z\u00f6tt a Stress egy\u00fcttes is fell\u00e9pett a Bandita sz\u00ednpad\u00e1n \u00e9s az el\u0151ad\u00e1st k\u00f6vet\u0151en volt szerencs\u00e9m besz\u00e9lgetni a csapat git\u00e1ros\u00e1val, Borhidi Mikl\u00f3ssal, aki b\u0151 h\u00fasz \u00e9vvel a fesztiv\u00e1l ut\u00e1n is elragadtat\u00e1ssal id\u00e9zte fel akkori eml\u00e9keit. Hasonl\u00f3an v\u00e9lekedett \u00e9s \u00f6r\u00f6mmel eml\u00e9kezett vissza Jankai B\u00e9la is, a Progn\u00f3zis billenty\u0171se, amikor 2015-ben szem\u00e9lyesen tal\u00e1lkoztam vele \u00e9s a besz\u00e9lget\u00e9s\u00fcnk sor\u00e1n sz\u00f3baker\u00fclt a fesztiv\u00e1l is. \u00dajabb egy \u00e9v eltelt\u00e9vel pedig a harmadik rock kocsma, a Pokol b\u00e1r is a csatasorba \u00e1llt. Itt is remek hangulat\u00fa koncertek v\u00e1rt\u00e1k a nagy\u00e9rdem\u0171t, s olyan neves el\u0151ad\u00f3k is j\u00e1tszottak a sz\u00ednpad\u00e1n, mint Kalap\u00e1cs J\u00f3zsef \u00e9s zenekara, az Ossian, a Sex Action, a Hooligans, vagy a Zorall. Sajnos id\u0151vel mindh\u00e1rom pub megsz\u0171nt az egyre nehezebb anyagi eredet\u0171 fenntarthat\u00f3s\u00e1g miatt. Abban viszont biztosak lehet\u00fcnk, hogy ezzel nem z\u00e1rult le \u00f6r\u00f6kre az ilyen jelleg\u0171 klubok t\u00f6rt\u00e9nete Dorogon.<\/p>\n<p><img loading=\"lazy\" decoding=\"async\" class=\"aligncenter wp-image-81383 size-full\" src=\"https:\/\/dorogimedence.hu\/wp-content\/uploads\/2026\/06\/DR_4_23.jpg\" alt=\"\" width=\"714\" height=\"409\" srcset=\"https:\/\/dorogimedence.hu\/wp-content\/uploads\/2026\/06\/DR_4_23.jpg 714w, https:\/\/dorogimedence.hu\/wp-content\/uploads\/2026\/06\/DR_4_23-600x344.jpg 600w, https:\/\/dorogimedence.hu\/wp-content\/uploads\/2026\/06\/DR_4_23-150x86.jpg 150w, https:\/\/dorogimedence.hu\/wp-content\/uploads\/2026\/06\/DR_4_23-450x258.jpg 450w\" sizes=\"(max-width: 714px) 100vw, 714px\" \/><\/p>\n<p style=\"text-align: center;\"><span style=\"font-size: 10pt;\"><em>A P. Mobil fell\u00e9p\u00e9s\u00e9t h\u00edrdet\u0151 plak\u00e1t 2017-ben (forr\u00e1s: A Dorogi \u00d6nkorm\u00e1nyzat arch\u00edvum\u00e1b\u00f3l)<\/em><\/span><\/p>\n<p style=\"text-align: justify;\">A m\u0171vel\u0151d\u00e9si k\u00f6zpont pedig folyamatosan tov\u00e1bbra is potenci\u00e1lis koncertlehet\u0151s\u00e9get jelent. A legnagyobb \u00e9rdekl\u0151d\u00e9ssel v\u00e1rt bulikat oda szervezik. K\u00f6z\u00fcl\u00fck is kiemelked\u0151 \u00e9s abszol\u00fat telth\u00e1zas volt az Edda, a No, a Tankcsapda \u00e9s a Lord koncertek. Jelenleg a folyamatos rockzenei produkci\u00f3k a Jubileum t\u00e9r szabadt\u00e9ri sz\u00ednpad\u00e1n zajlanak a B\u00e1ny\u00e1sznapi rendezv\u00e9nyek r\u00e9szek\u00e9nt, minden \u00e9v augusztus v\u00e9g\u00e9n \u2013 szeptember elej\u00e9n. Az egyhetes rendezv\u00e9nysor k\u00f6zepette egy teljes nap, a p\u00e9ntek szinte csak a rockzenekaroknak van fenntartva, de a t\u00f6bbi h\u00e9tv\u00e9gi napokon is el\u0151fordul rockegy\u00fcttes a fell\u00e9p\u0151k k\u00f6z\u00f6tt. A leggyakoribb vend\u00e9g az Edda volt, de t\u00f6bbsz\u00f6r fell\u00e9pett m\u00e1r a Lord, De\u00e1k Bill Gyula, a KFT \u00e9s Beatrice is.<\/p>\n<p><img loading=\"lazy\" decoding=\"async\" class=\"aligncenter wp-image-81386 size-full\" src=\"https:\/\/dorogimedence.hu\/wp-content\/uploads\/2026\/06\/DR_4_26.jpg\" alt=\"\" width=\"1460\" height=\"935\" srcset=\"https:\/\/dorogimedence.hu\/wp-content\/uploads\/2026\/06\/DR_4_26.jpg 1460w, https:\/\/dorogimedence.hu\/wp-content\/uploads\/2026\/06\/DR_4_26-600x384.jpg 600w, https:\/\/dorogimedence.hu\/wp-content\/uploads\/2026\/06\/DR_4_26-768x492.jpg 768w, https:\/\/dorogimedence.hu\/wp-content\/uploads\/2026\/06\/DR_4_26-150x96.jpg 150w, https:\/\/dorogimedence.hu\/wp-content\/uploads\/2026\/06\/DR_4_26-450x288.jpg 450w, https:\/\/dorogimedence.hu\/wp-content\/uploads\/2026\/06\/DR_4_26-1200x768.jpg 1200w\" sizes=\"(max-width: 1460px) 100vw, 1460px\" \/><\/p>\n<p style=\"text-align: center;\"><span style=\"font-size: 10pt;\"><em>A felejthetetlen t\u00f6meg a Schmidt-vill\u00e1ban<\/em> <em>(forr\u00e1s: A Lampert csal\u00e1d album\u00e1b\u00f3l)<\/em><\/span><\/p>\n<p style=\"text-align: justify;\">Ezen fel\u00fcl pedig a j\u00faniusban esed\u00e9kes \u00e9venk\u00e9nti Kosbor fesztiv\u00e1l keret\u00e9n bel\u00fcl, az Otthon t\u00e9ren is zajlanak koncertek. Azonban fesztiv\u00e1l-szer\u0171 esem\u00e9nyre m\u00e1r csak egy \u00edzben volt p\u00e9lda, amikor 2000 j\u00falius els\u0151 h\u00e9tv\u00e9g\u00e9j\u00e9n, a Pala partj\u00e1n megrendezett h\u00e1romnapos motoros tal\u00e1lkoz\u00f3 keret\u00e9n bel\u00fcl l\u00e9pett fel sz\u00e1mos rockegy\u00fcttes, k\u00f6zt\u00fck a nevesebbeket eml\u00edtve, mint a Kalap\u00e1cs, a TRB, a Kiss Forever Band, vagy a Harley Davidson Band. A kiv\u00e1l\u00f3 hangulat\u00fa rendezv\u00e9nynek mintegy 5 ezer l\u00e1togat\u00f3ja volt, akik az orsz\u00e1g legt\u00e1volabbi vid\u00e9keir\u0151l, j\u00f3p\u00e1ran pedig t\u00f6bbek k\u00f6z\u00f6tt Hollandi\u00e1b\u00f3l, Ausztri\u00e1b\u00f3l, N\u00e9metorsz\u00e1gb\u00f3l \u00e9s Franciaorsz\u00e1gb\u00f3l \u00e9rkeztek.<\/p>\n<p style=\"text-align: justify;\" data-start=\"10384\" data-end=\"10653\">A Schmidt-villa parkja a fesztiv\u00e1lt k\u00f6vet\u0151en is meg\u0151rizte kultikus jelleg\u00e9t. A helyi rockrajong\u00f3 galerik kedvelt tal\u00e1lkoz\u00f3helye maradt, ahol gener\u00e1ci\u00f3k t\u00f6lt\u00f6tt\u00e9k nyaraik hossz\u00fa d\u00e9lut\u00e1njait \u00e9s est\u00e9it. A mi t\u00e1rsas\u00e1gunk is \u00e9veken \u00e1t itt \u00fct\u00f6tte fel \u201ef\u0151hadisz\u00e1ll\u00e1s\u00e1t\u201d.<\/p>\n<p data-start=\"10384\" data-end=\"10653\"><img loading=\"lazy\" decoding=\"async\" class=\"aligncenter wp-image-81377 size-full\" src=\"https:\/\/dorogimedence.hu\/wp-content\/uploads\/2026\/06\/DR_4_20.jpg\" alt=\"\" width=\"2107\" height=\"1649\" srcset=\"https:\/\/dorogimedence.hu\/wp-content\/uploads\/2026\/06\/DR_4_20.jpg 2107w, https:\/\/dorogimedence.hu\/wp-content\/uploads\/2026\/06\/DR_4_20-600x470.jpg 600w, https:\/\/dorogimedence.hu\/wp-content\/uploads\/2026\/06\/DR_4_20-1920x1503.jpg 1920w, https:\/\/dorogimedence.hu\/wp-content\/uploads\/2026\/06\/DR_4_20-768x601.jpg 768w, https:\/\/dorogimedence.hu\/wp-content\/uploads\/2026\/06\/DR_4_20-1536x1202.jpg 1536w, https:\/\/dorogimedence.hu\/wp-content\/uploads\/2026\/06\/DR_4_20-2048x1603.jpg 2048w, https:\/\/dorogimedence.hu\/wp-content\/uploads\/2026\/06\/DR_4_20-150x117.jpg 150w, https:\/\/dorogimedence.hu\/wp-content\/uploads\/2026\/06\/DR_4_20-450x352.jpg 450w, https:\/\/dorogimedence.hu\/wp-content\/uploads\/2026\/06\/DR_4_20-1200x939.jpg 1200w\" sizes=\"(max-width: 2107px) 100vw, 2107px\" \/><\/p>\n<p style=\"text-align: justify;\" data-start=\"10655\" data-end=\"10779\"><span style=\"font-size: 10pt;\"><em data-start=\"10655\" data-end=\"10779\">Bar\u00e1ti k\u00f6r\u00fcnk n\u00e9h\u00e1ny tagj\u00e1val a Schmidt-villa parkj\u00e1ban 1988-ban \u2013 szer\u00e9nys\u00e9gem a bal sz\u00e9len guggol (forr\u00e1s: mag\u00e1ngy\u0171jtem\u00e9ny)<\/em><\/span><\/p>\n<p style=\"text-align: justify;\" data-start=\"10655\" data-end=\"10779\">A villa \u00e9p\u00fclete viszont m\u00e9g \u00e9vekig \u00fcresen \u00e1llt \u00e9s a dorogi tan\u00e1cs t\u00f6bb tervet is k\u00e9sz\u00edtett a hasznos\u00edt\u00e1sra. Azt egyetlen helyi k\u00e9pvisel\u0151 (akkori megnevez\u00e9ssel tan\u00e1cstag), vagy lakos szem akarta, hogy a sz\u00e9p \u00e9p\u00edtm\u00e9ny lepusztuljon, de \u00e9vekbe telt, m\u00edg v\u00e9gre v\u00e9gleges megold\u00e1s sz\u00fcletett.<\/p>\n<p data-start=\"10655\" data-end=\"10779\"><img loading=\"lazy\" decoding=\"async\" class=\"aligncenter wp-image-81375 size-full\" src=\"https:\/\/dorogimedence.hu\/wp-content\/uploads\/2026\/06\/DR_4_18.jpg\" alt=\"\" width=\"1572\" height=\"1222\" srcset=\"https:\/\/dorogimedence.hu\/wp-content\/uploads\/2026\/06\/DR_4_18.jpg 1572w, https:\/\/dorogimedence.hu\/wp-content\/uploads\/2026\/06\/DR_4_18-600x466.jpg 600w, https:\/\/dorogimedence.hu\/wp-content\/uploads\/2026\/06\/DR_4_18-768x597.jpg 768w, https:\/\/dorogimedence.hu\/wp-content\/uploads\/2026\/06\/DR_4_18-1536x1194.jpg 1536w, https:\/\/dorogimedence.hu\/wp-content\/uploads\/2026\/06\/DR_4_18-150x117.jpg 150w, https:\/\/dorogimedence.hu\/wp-content\/uploads\/2026\/06\/DR_4_18-450x350.jpg 450w, https:\/\/dorogimedence.hu\/wp-content\/uploads\/2026\/06\/DR_4_18-1200x933.jpg 1200w\" sizes=\"(max-width: 1572px) 100vw, 1572px\" \/><\/p>\n<p style=\"text-align: justify;\" data-start=\"10655\" data-end=\"10779\"><span style=\"font-size: 10pt;\"><em>A dorogi brig\u00e1d egy r\u00e9sze \u2013 k\u00f6zt\u00fck magam is \u2013 a Schmidt-villa \u00e9p\u00fclet\u00e9nek nyugati sz\u00e1rny\u00e1n\u00e1l 1988 nyar\u00e1n. Ekkor m\u00e1r a v\u00edzm\u0171 birtokba vette az \u00e9p\u00fcletet \u00e9s \u00e9ppen a fel\u00faj\u00edt\u00e1si munk\u00e1latok kezd\u0151dtek meg. M\u00f6g\u00f6tt\u00fcnk l\u00e1tszik a v\u00e1llalat \u00e1ltal felh\u00fazott ker\u00edt\u00e9s is. A k\u00e9t jobb oldali nagy ablak az egykori iskolai oszt\u00e1lyterm\u00fcnk oldals\u00f3 ablakai voltak, a baloldalon l\u00e1tsz\u00f3d\u00f3 dupla sz\u00e1rny\u00fa ablak pedig a tornaterem\u00e9 volt az 1975 \u00e9s 1980 k\u00f6z\u00f6tti id\u0151szakban (forr\u00e1s: mag\u00e1ngy\u0171jtem\u00e9ny).<\/em><\/span><\/p>\n<p style=\"text-align: justify;\" data-start=\"10655\" data-end=\"10779\">1988-ban a Dorogi V\u00edzm\u0171, egyben a dorogi k\u00f6zpont\u00fa \u00c9szak-Dun\u00e1nt\u00fali V\u00edzm\u0171vek sz\u00e9kh\u00e1za lett. A v\u00e1llalat a villa parkj\u00e1nak csak egy kisebb darabj\u00e1ra tartott ig\u00e9nyt, amelyet le is ker\u00edtett, \u00edgy a park d\u00f6nt\u0151 h\u00e1nyada v\u00e1ltozatlanul k\u00f6zter\u00fclet maradt, ez\u00e1ltal szabadon haszn\u00e1lhat\u00f3. A \u201evizesekkel\u201d is eg\u00e9sz j\u00f3 kapcsolatba ker\u00fclt\u00fcnk, s mondhatni igazi idill volt sz\u00e1munkra az az id\u0151szak. Noha a lev\u00e1lasztott ter\u00fclet a vill\u00e1val egyetemben sz\u00e9pen rendbetartott, az\u00e9rt t\u00f6bb t\u00f6r\u0151d\u00e9st ig\u00e9nyelne maga a park. Az is igaz, hogy ezen a ter\u00fcleten egy\u00e9b \u00e9s v\u00e1ltozatos, nagyszab\u00e1s\u00fa esem\u00e9nyeket lehet rendezni. Tal\u00e1n ez is az egyik oka, hogy nem lett hermetikusan elz\u00e1rva, s ez\u00e1ltan sokszor t\u00e9nyleg gazd\u00e1tlannak t\u0171nik. Az Eperjesi \u00fat fel\u0151li egykori panelker\u00edt\u00e9s teljesen elt\u0171nt, tal\u00e1n csak mutat\u00f3ban maradt meg egy-egy darabja, viszont az Esztergomi \u00fat fel\u0151li diszes ker\u00edt\u00e9s a teljes hossz\u00e1ban m\u00e9g mindig \u00e1llja az id\u0151k pr\u00f3b\u00e1j\u00e1t.<\/p>\n<p data-start=\"10655\" data-end=\"10779\"><img loading=\"lazy\" decoding=\"async\" class=\"aligncenter wp-image-81376 size-full\" src=\"https:\/\/dorogimedence.hu\/wp-content\/uploads\/2026\/06\/DR_4_19.jpg\" alt=\"\" width=\"2066\" height=\"1569\" srcset=\"https:\/\/dorogimedence.hu\/wp-content\/uploads\/2026\/06\/DR_4_19.jpg 2066w, https:\/\/dorogimedence.hu\/wp-content\/uploads\/2026\/06\/DR_4_19-600x456.jpg 600w, https:\/\/dorogimedence.hu\/wp-content\/uploads\/2026\/06\/DR_4_19-1920x1458.jpg 1920w, https:\/\/dorogimedence.hu\/wp-content\/uploads\/2026\/06\/DR_4_19-768x583.jpg 768w, https:\/\/dorogimedence.hu\/wp-content\/uploads\/2026\/06\/DR_4_19-1536x1166.jpg 1536w, https:\/\/dorogimedence.hu\/wp-content\/uploads\/2026\/06\/DR_4_19-2048x1555.jpg 2048w, https:\/\/dorogimedence.hu\/wp-content\/uploads\/2026\/06\/DR_4_19-150x114.jpg 150w, https:\/\/dorogimedence.hu\/wp-content\/uploads\/2026\/06\/DR_4_19-450x342.jpg 450w, https:\/\/dorogimedence.hu\/wp-content\/uploads\/2026\/06\/DR_4_19-1200x911.jpg 1200w\" sizes=\"(max-width: 2066px) 100vw, 2066px\" \/><\/p>\n<p style=\"text-align: center;\" data-start=\"10655\" data-end=\"10779\"><span style=\"font-size: 10pt;\"><em>A Schmidt-villa Esztergomi \u00fat fel\u0151li \u00e9vsz\u00e1zados ker\u00edt\u00e9se napjainkban, amely mindent \u00e1tv\u00e9szelt (forr\u00e1s: mag\u00e1ngy\u0171jtem\u00e9ny)<\/em><\/span><\/p>\n<p style=\"text-align: justify;\" data-start=\"10655\" data-end=\"10779\">A id\u0151k sor\u00e1n t\u00f6bbsz\u00f6r volt itt b\u00facs\u00fa, cirkuszi el\u0151ad\u00e1s, a kilencvenes \u00e9vek k\u00f6zep\u00e9t\u0151l pedig j\u00f3 egy \u00e9vtizeden kereszt\u00fcl s\u00f6rfesztiv\u00e1l. Ut\u00f3bbi a szomsz\u00e9dos kertv\u00e1rosiak kezdem\u00e9nyez\u00e9s\u00e9re \u00e9s rendez\u00e9s\u00e9ben, a dorogi \u00f6nkorm\u00e1nyzat j\u00f3v\u00e1hagy\u00e1s\u00e1val t\u00f6rt\u00e9nt. Ezen esem\u00e9nyek alkalm\u00e1n \u00fajfent koncertek is bet\u00f6lt\u00f6tt\u00e9k a parkot. Igaz, a nagysz\u00ednpad \u00e9ppen az ellent\u00e9tes oldalon lett fel\u00e1ll\u00edtva, az Esztergomi \u00fat fel\u0151li ker\u00edt\u00e9s k\u00f6zel\u00e9ben. Ezen alkalmakkor ism\u00e9t sokezren lept\u00e9k el a helysz\u00ednt \u00e9s t\u00f6bb, nagyszer\u0171 koncert sz\u00ednes\u00edtette a programot, \u00e9l\u00e9n a Bikini, vagy a Hoolingans fell\u00e9p\u00e9s\u00e9vel. Egyik alkalommal \u2013 eml\u00e9keim szerint 1996 augusztus\u00e1ban \u2013 a sz\u00ednpad szinte pont azon a helyen \u00e1llt, mint a fesztiv\u00e1l sz\u00ednpada annak idej\u00e9n, csak eltolt form\u00e1ban, az Eperjesi \u00fat \u2013 patakpart\u00a0 ir\u00e1nyban. \u00c9ppen az Irigy H\u00f3naljmirigy produkci\u00f3j\u00e1t befejezv\u00e9n, meghajoltak a t\u00e1rsulat tagjai a k\u00f6z\u00f6ns\u00e9g fel\u00e9, mik\u00f6zben Sipos P\u00e9ter k\u00f6sz\u00f6n\u0151 szavai mellett utal\u00e1st tett a fesztiv\u00e1lra, mondv\u00e1n megtiszteltet\u00e9s volt ugyanott szerepelni, ahol az egykori legend\u00e1s buli is zajlott.<\/p>\n<p data-start=\"10655\" data-end=\"10779\"><img loading=\"lazy\" decoding=\"async\" class=\"aligncenter wp-image-81374 size-full\" src=\"https:\/\/dorogimedence.hu\/wp-content\/uploads\/2026\/06\/DR_4_17.jpg\" alt=\"\" width=\"1330\" height=\"770\" srcset=\"https:\/\/dorogimedence.hu\/wp-content\/uploads\/2026\/06\/DR_4_17.jpg 1330w, https:\/\/dorogimedence.hu\/wp-content\/uploads\/2026\/06\/DR_4_17-600x347.jpg 600w, https:\/\/dorogimedence.hu\/wp-content\/uploads\/2026\/06\/DR_4_17-768x445.jpg 768w, https:\/\/dorogimedence.hu\/wp-content\/uploads\/2026\/06\/DR_4_17-150x87.jpg 150w, https:\/\/dorogimedence.hu\/wp-content\/uploads\/2026\/06\/DR_4_17-450x261.jpg 450w, https:\/\/dorogimedence.hu\/wp-content\/uploads\/2026\/06\/DR_4_17-1200x695.jpg 1200w\" sizes=\"(max-width: 1330px) 100vw, 1330px\" \/><\/p>\n<p style=\"text-align: center;\"><span style=\"font-size: 10pt;\"><em>A Schmidt-villa napjainkban, az \u00c9szak-Dun\u00e1nt\u00fali V\u00edzm\u0171vek k\u00f6zpontjak\u00e9nt (forr\u00e1s: A Dorogi \u00d6nkorm\u00e1nyzat arch\u00edvum\u00e1b\u00f3l)<\/em><\/span><\/p>\n<p style=\"text-align: justify;\">2003-ban mer\u00fclt fel komolyabban annak lehet\u0151s\u00e9ge, hogy a fesztiv\u00e1l eml\u00e9k\u00e9nek tisztelet\u00e9re egy hasonl\u00f3 nagyszab\u00e1s\u00fa rocktal\u00e1lkoz\u00f3 val\u00f3suljon meg Dorogon. Az aprop\u00f3t eredetileg a rendezv\u00e9ny 25 \u00e9ves \u00e9vfordul\u00f3ja adta volna, a terv azonban id\u0151k\u00f6zben egy h\u00e1romnapos rockmaratonn\u00e1 b\u0151v\u00fclt. A szervez\u0151k az egykori hazai fell\u00e9p\u0151k mellett sz\u00e1mos tov\u00e1bbi magyar zenekarral is sz\u00e1moltak, a rendezv\u00e9ny szt\u00e1rvend\u00e9gek\u00e9nt pedig az Iron Maiden fell\u00e9p\u00e9s\u00e9t c\u00e9lozt\u00e1k meg.<\/p>\n<p style=\"text-align: justify;\">A tervezett esem\u00e9ny m\u00e9rete miatt ez\u00fattal nem a Schmidt-villa parkja, hanem a dorogi Buz\u00e1nszky Stadion adott volna otthont a rendezv\u00e9nynek. Az enged\u00e9lyez\u00e9s a Dorogi \u00d6nkorm\u00e1nyzat, a Dorogi Futball Club \u00e9s a Dorogi-sz\u00e9nmedence Sportj\u00e1\u00e9rt K\u00f6zalap\u00edtv\u00e1ny kurat\u00f3rium\u00e1nak d\u00f6nt\u00e9s\u00e9n m\u00falott. Mindh\u00e1rom f\u00e9l nemcsak egy\u00f6ntet\u0171en t\u00e1mogatta a kezdem\u00e9nyez\u00e9st, hanem a helysz\u00edn haszn\u00e1lat\u00e1t is d\u00edjmentesen aj\u00e1nlotta fel, tov\u00e1bb\u00e1 a bev\u00e9telekb\u0151l sem tartott ig\u00e9nyt semmif\u00e9le r\u00e9szesed\u00e9sre. A fesztiv\u00e1lt egy\u00e9bk\u00e9nt j\u00f3t\u00e9konys\u00e1gi c\u00e9llal hirdett\u00e9k meg.<\/p>\n<p style=\"text-align: justify;\">Az eredeti, 1981-es fell\u00e9p\u0151k k\u00f6z\u00fcl els\u0151k\u00e9nt az Edda \u00e9s a Lord fogadta el a felk\u00e9r\u00e9st, de igent mondott a Tankcsapda \u00e9s a Hooligans is. A brit heavy metal legenda r\u00e9sz\u00e9r\u0151l szint\u00e9n biztat\u00f3 visszajelz\u00e9sek \u00e9rkeztek. Ugyanakkor a polg\u00e1rmester felh\u00edvta a figyelmet arra, hogy a rendezv\u00e9ny a lakoss\u00e1g egy r\u00e9sz\u00e9nek ellen\u00e1ll\u00e1s\u00e1ba \u00fctk\u00f6zhet. Erre re\u00e1lis es\u00e9ly mutatkozott, hiszen ugyanabban az \u00e9vben sikeres tiltakoz\u00e1s bontakozott ki egy, a stadion ter\u00fclet\u00e9re tervezett Westel-\u00e1tj\u00e1tsz\u00f3torony fel\u00e1ll\u00edt\u00e1sa ellen.<\/p>\n<p style=\"text-align: justify;\">A szervez\u0151k ez\u00e9rt \u2013 megel\u0151zve az esetleges konfliktusokat \u2013 a polg\u00e1rmester javaslat\u00e1ra ink\u00e1bb a kertv\u00e1rosi rep\u00fcl\u0151t\u00e9r ter\u00fclet\u00e9t vett\u00e9k c\u00e9lba. Ezzel azonban a fesztiv\u00e1l eredeti karaktere \u00e9s hangulata alapvet\u0151en megv\u00e1ltozott. A helysz\u00ednv\u00e1lt\u00e1s k\u00f6vetkezt\u00e9ben az Iron Maiden fell\u00e9p\u00e9s\u00e9nek lehet\u0151s\u00e9ge is leker\u00fclt a napirendr\u0151l, a rendezv\u00e9ny pedig v\u00e9g\u00fcl V\u00e9szkij\u00e1rat n\u00e9ven val\u00f3sult meg 2005. j\u00falius els\u0151 h\u00e1rom napj\u00e1n, a Rubik Ern\u0151 Rep\u00fcl\u0151t\u00e9ren. A korabeli fell\u00e9p\u0151k k\u00f6z\u00fcl az Edda \u00e9s De\u00e1k Bill Gyula adott koncertet, mellett\u00fck pedig a Tankcsapda is sz\u00ednpadra l\u00e9pett.<\/p>\n<p><img loading=\"lazy\" decoding=\"async\" class=\"aligncenter wp-image-81373 size-full\" src=\"https:\/\/dorogimedence.hu\/wp-content\/uploads\/2026\/06\/DR_4_16.jpg\" alt=\"\" width=\"706\" height=\"401\" srcset=\"https:\/\/dorogimedence.hu\/wp-content\/uploads\/2026\/06\/DR_4_16.jpg 706w, https:\/\/dorogimedence.hu\/wp-content\/uploads\/2026\/06\/DR_4_16-600x341.jpg 600w, https:\/\/dorogimedence.hu\/wp-content\/uploads\/2026\/06\/DR_4_16-150x85.jpg 150w, https:\/\/dorogimedence.hu\/wp-content\/uploads\/2026\/06\/DR_4_16-450x256.jpg 450w\" sizes=\"(max-width: 706px) 100vw, 706px\" \/><\/p>\n<p style=\"text-align: center;\"><span style=\"font-size: 10pt;\"><em>Dr. Schmidt S\u00e1ndor szobra a nev\u00e9t visel\u0151 villa parkj\u00e1ban napjainkban (forr\u00e1s: A Dorogi \u00d6nkorm\u00e1nyzat arch\u00edvum\u00e1b\u00f3l)<\/em><\/span><\/p>\n<p style=\"text-align: justify;\">Az egykori helyi f\u0151szervez\u0151 \u00e9s t\u00e1mogat\u00f3 gy\u00f3gyszergy\u00e1r id\u00e9n \u00fcnnepli fenn\u00e1ll\u00e1s\u00e1nak 125. \u00e9v\u00e9t. \u00d6t \u00e9vvel ezel\u0151tt a c\u00e9g 120. \u00e9s egyben a rockfesztiv\u00e1l 40. kerek \u00e9vfordul\u00f3ja aprop\u00f3j\u00e1n, maga a Richter Rt. vette tervbe, hogy \u00fajra \u00f6sszehoz egy hasonl\u00f3 gigantikus fesztiv\u00e1lt, m\u00e9gpedig amennyire csak lehet, visszahozni az 1981-es esem\u00e9nyt, \u00e9l\u00e9n az akkori fell\u00e9p\u0151k megh\u00edv\u00e1s\u00e1val, ugyanazon a napon \u00e9s term\u00e9szetesen ugyan\u00fagy a Schmidt-vill\u00e1ban. Sajnos a koronav\u00edrus-j\u00e1rv\u00e1ny meghi\u00fas\u00edtotta a fesztiv\u00e1l kivitelez\u00e9s\u00e9t, azonban kor\u00e1ntsem biztos, hogy ezzel v\u00e9g\u00e9rv\u00e9nyesen kell lemondani minderr\u0151l.<\/p>\n<p><span style=\"text-decoration: underline;\">Bor\u00edt\u00f3k\u00e9p<\/span>: A sz\u00ednpad el\u0151tti tumultus (forr\u00e1s: A Lampert csal\u00e1d album\u00e1b\u00f3l)<\/p>\n<p style=\"text-align: justify;\">K\u00fcl\u00f6n k\u00f6sz\u00f6net: Lampert Viktor, Bajnok Ren\u00e1ta, T\u00f6r\u00f6k Katalin, H\u00e9dai Ferenc,\u00a0Korbely Gy\u00f6rgy \u00e9s Hal\u00e1sz L\u00e1szl\u00f3\u00a0r\u00e9sz\u00e9re, a cikkben szerepl\u0151 fot\u00f3k enged\u00e9lyez\u00e9s\u00e9\u00e9rt, valamint a fesztiv\u00e1llal kapcsolatos kieg\u00e9sz\u00edt\u0151 inform\u00e1ci\u00f3k\u00e9rt.<\/p>\n<p><img loading=\"lazy\" decoding=\"async\" class=\"aligncenter wp-image-81497 size-full\" src=\"https:\/\/dorogimedence.hu\/wp-content\/uploads\/2026\/06\/DR_4_16-1.jpg\" alt=\"\" width=\"950\" height=\"633\" srcset=\"https:\/\/dorogimedence.hu\/wp-content\/uploads\/2026\/06\/DR_4_16-1.jpg 950w, https:\/\/dorogimedence.hu\/wp-content\/uploads\/2026\/06\/DR_4_16-1-600x400.jpg 600w, https:\/\/dorogimedence.hu\/wp-content\/uploads\/2026\/06\/DR_4_16-1-768x512.jpg 768w, https:\/\/dorogimedence.hu\/wp-content\/uploads\/2026\/06\/DR_4_16-1-150x100.jpg 150w, https:\/\/dorogimedence.hu\/wp-content\/uploads\/2026\/06\/DR_4_16-1-450x300.jpg 450w, https:\/\/dorogimedence.hu\/wp-content\/uploads\/2026\/06\/DR_4_16-1-272x182.jpg 272w\" sizes=\"(max-width: 950px) 100vw, 950px\" \/><\/p>\n<p style=\"text-align: center;\"><span style=\"font-size: 10pt;\"><em>M\u00e9g egy b\u00facs\u00fak\u00e9p a sz\u00ednpaddal (forr\u00e1s: A Lampert csal\u00e1d album\u00e1b\u00f3l)<\/em><\/span><\/p>\n<p style=\"text-align: justify;\">Ezzel ugyan befejez\u0151d\u00f6tt a cikksorozat, de amennyiben b\u00e1rki rendelkezik a fesztiv\u00e1llal kapcsolatos tov\u00e1bbi k\u00e9panyaggal, eml\u00e9kt\u00e1rggyal, \u00e9rdekes sztroival, inform\u00e1ci\u00f3val b\u00e1tran jelezze \u00e9s ossza meg vel\u00fcnk. K\u00f6sz\u00f6nettel \u00e9s \u00f6r\u00f6mmel fogadunk minden \u00e9p\u00edt\u0151 sz\u00e1nd\u00e9k\u00fa kieg\u00e9szt\u00e9st!<\/p>\n<p><em><strong>Szab\u00f3 Gyula<\/strong><\/em><\/p>\n<p>A cikksorozat el\u0151z\u0151 h\u00e1rom r\u00e9sze al\u00e1bb tal\u00e1lhat\u00f3<\/p>\n<ol>\n<li>r\u00e9sz:<\/li>\n<\/ol>\n<blockquote class=\"wp-embedded-content\" data-secret=\"6lFfOd6App\"><p><a href=\"https:\/\/dorogimedence.hu\/index.php\/2026\/06\/21\/45-eve-tortent-a-dorogi-rockfesztival-1-resz\/\">45 \u00e9ve t\u00f6rt\u00e9nt: A Dorogi Rockfesztiv\u00e1l (1. r\u00e9sz)<\/a><\/p><\/blockquote>\n<p><iframe class=\"wp-embedded-content\" sandbox=\"allow-scripts\" security=\"restricted\" style=\"position: absolute; visibility: hidden;\" title=\"\u201c45 \u00e9ve t\u00f6rt\u00e9nt: A Dorogi Rockfesztiv\u00e1l (1. r\u00e9sz)\u201d \u2014 Dorogi-medence Region\u00e1lis H\u00edrport\u00e1l\" src=\"https:\/\/dorogimedence.hu\/index.php\/2026\/06\/21\/45-eve-tortent-a-dorogi-rockfesztival-1-resz\/embed\/#?secret=tt3oltu1Je#?secret=6lFfOd6App\" data-secret=\"6lFfOd6App\" width=\"600\" height=\"338\" frameborder=\"0\" marginwidth=\"0\" marginheight=\"0\" scrolling=\"no\"><\/iframe><\/p>\n<p>2. r\u00e9sz:<\/p>\n<blockquote class=\"wp-embedded-content\" data-secret=\"rQohWpirlE\"><p><a href=\"https:\/\/dorogimedence.hu\/index.php\/2026\/06\/23\/45-eve-tortent-a-dorogi-rockfesztival-2-resz\/\">45 \u00e9ve t\u00f6rt\u00e9nt: A Dorogi Rockfesztiv\u00e1l (2. r\u00e9sz)<\/a><\/p><\/blockquote>\n<p><iframe class=\"wp-embedded-content\" sandbox=\"allow-scripts\" security=\"restricted\" style=\"position: absolute; visibility: hidden;\" title=\"\u201c45 \u00e9ve t\u00f6rt\u00e9nt: A Dorogi Rockfesztiv\u00e1l (2. r\u00e9sz)\u201d \u2014 Dorogi-medence Region\u00e1lis H\u00edrport\u00e1l\" src=\"https:\/\/dorogimedence.hu\/index.php\/2026\/06\/23\/45-eve-tortent-a-dorogi-rockfesztival-2-resz\/embed\/#?secret=LJvcuK7UqT#?secret=rQohWpirlE\" data-secret=\"rQohWpirlE\" width=\"600\" height=\"338\" frameborder=\"0\" marginwidth=\"0\" marginheight=\"0\" scrolling=\"no\"><\/iframe><\/p>\n<p>3. r\u00e9sz:<\/p>\n<blockquote class=\"wp-embedded-content\" data-secret=\"jmxXBwIjiJ\"><p><a href=\"https:\/\/dorogimedence.hu\/index.php\/2026\/06\/25\/45-eve-tortent-a-dorogi-rockfesztival-3-resz\/\">45 \u00e9ve t\u00f6rt\u00e9nt: A Dorogi Rockfesztiv\u00e1l (3. r\u00e9sz)<\/a><\/p><\/blockquote>\n<p><iframe class=\"wp-embedded-content\" sandbox=\"allow-scripts\" security=\"restricted\" style=\"position: absolute; visibility: hidden;\" title=\"\u201c45 \u00e9ve t\u00f6rt\u00e9nt: A Dorogi Rockfesztiv\u00e1l (3. r\u00e9sz)\u201d \u2014 Dorogi-medence Region\u00e1lis H\u00edrport\u00e1l\" src=\"https:\/\/dorogimedence.hu\/index.php\/2026\/06\/25\/45-eve-tortent-a-dorogi-rockfesztival-3-resz\/embed\/#?secret=wDPciOS8PO#?secret=jmxXBwIjiJ\" data-secret=\"jmxXBwIjiJ\" width=\"600\" height=\"338\" frameborder=\"0\" marginwidth=\"0\" marginheight=\"0\" scrolling=\"no\"><\/iframe><\/p>\n<div class=\"main-wrap\">\n<div class=\"main ts-contain cf right-sidebar\">\n<div class=\"ts-row\">\n<div class=\"col-8 main-content s-post-contain\">\n<div class=\"the-post s-post-modern\">\n<article id=\"post-34365\" class=\"post-34365 post type-post status-publish format-standard has-post-thumbnail category-dorog category-dorogi-rockfesztival category-hirek category-kerek-evfordulok tag-dorog tag-dorogi-rockfesztival tag-featured\">\n<div class=\"post-content-wrap has-share-float\">\n<div class=\"post-content cf entry-content content-spacious\">\n<p>&nbsp;<\/p>\n<\/div>\n<\/div>\n<div class=\"the-post-tags\"><a href=\"https:\/\/dorogimedence.hu\/index.php\/tag\/dorog\/\" rel=\"tag\">Dorog<\/a><a href=\"https:\/\/dorogimedence.hu\/index.php\/tag\/dorogi-rockfesztival\/\" rel=\"tag\">Dorogi Rockfesztiv\u00e1l<\/a><a href=\"https:\/\/dorogimedence.hu\/index.php\/tag\/featured\/\" rel=\"tag\">featured<\/a><\/div>\n<\/article>\n<div class=\"post-share-bot\"><span class=\"info\">Share.<\/span><span class=\"share-links spc-social spc-social-colors spc-social-bg\"><a class=\"service s-facebook tsi tsi-facebook\" title=\"Share on Facebook\" href=\"https:\/\/www.facebook.com\/sharer.php?u=https%3A%2F%2Fdorogimedence.hu%2Findex.php%2F2021%2F06%2F28%2F40-eve-tortent-a-dorogi-rockfesztival-negyedik-befejezo-resz%2F\" target=\"_blank\" rel=\"nofollow noopener\"><span class=\"visuallyhidden\">Facebook<\/span><\/a><a class=\"service s-twitter tsi tsi-twitter\" title=\"Share on X (Twitter)\" href=\"https:\/\/twitter.com\/intent\/tweet?url=https%3A%2F%2Fdorogimedence.hu%2Findex.php%2F2021%2F06%2F28%2F40-eve-tortent-a-dorogi-rockfesztival-negyedik-befejezo-resz%2F&amp;text=40%20%C3%A9ve%20t%C3%B6rt%C3%A9nt%3A%20A%20Dorogi%20Rockfesztiv%C3%A1l%20%28Negyedik%2C%20befejez%C5%91%20r%C3%A9sz%29\" target=\"_blank\" rel=\"nofollow noopener\"><span class=\"visuallyhidden\">Twitter<\/span><\/a><a class=\"service s-pinterest tsi tsi-pinterest\" title=\"Share on Pinterest\" href=\"https:\/\/pinterest.com\/pin\/create\/button\/?url=https%3A%2F%2Fdorogimedence.hu%2Findex.php%2F2021%2F06%2F28%2F40-eve-tortent-a-dorogi-rockfesztival-negyedik-befejezo-resz%2F&amp;media=https%3A%2F%2Fdorogimedence.hu%2Fwp-content%2Fuploads%2F2021%2F06%2Ffesztival-01.jpg&amp;description=40%20%C3%A9ve%20t%C3%B6rt%C3%A9nt%3A%20A%20Dorogi%20Rockfesztiv%C3%A1l%20%28Negyedik%2C%20befejez%C5%91%20r%C3%A9sz%29\" target=\"_blank\" rel=\"nofollow noopener\"><span class=\"visuallyhidden\">Pinterest<\/span><\/a><a class=\"service s-linkedin tsi tsi-linkedin\" title=\"Share on LinkedIn\" href=\"https:\/\/www.linkedin.com\/shareArticle?mini=true&amp;url=https%3A%2F%2Fdorogimedence.hu%2Findex.php%2F2021%2F06%2F28%2F40-eve-tortent-a-dorogi-rockfesztival-negyedik-befejezo-resz%2F\" target=\"_blank\" rel=\"nofollow noopener\"><span class=\"visuallyhidden\">LinkedIn<\/span><\/a><a class=\"service s-tumblr tsi tsi-tumblr\" title=\"Share on Tumblr\" href=\"https:\/\/www.tumblr.com\/share\/link?url=https%3A%2F%2Fdorogimedence.hu%2Findex.php%2F2021%2F06%2F28%2F40-eve-tortent-a-dorogi-rockfesztival-negyedik-befejezo-resz%2F&amp;name=40%20%C3%A9ve%20t%C3%B6rt%C3%A9nt%3A%20A%20Dorogi%20Rockfesztiv%C3%A1l%20%28Negyedik%2C%20befejez%C5%91%20r%C3%A9sz%29\" target=\"_blank\" rel=\"nofollow noopener\"><span class=\"visuallyhidden\">Tumblr<\/span><\/a><a class=\"service s-email tsi tsi-envelope-o\" title=\"Share via Email\" href=\"mailto:?subject=40%20%C3%A9ve%20t%C3%B6rt%C3%A9nt%3A%20A%20Dorogi%20Rockfesztiv%C3%A1l%20%28Negyedik%2C%20befejez%C5%91%20r%C3%A9sz%29&amp;body=https%3A%2F%2Fdorogimedence.hu%2Findex.php%2F2021%2F06%2F28%2F40-eve-tortent-a-dorogi-rockfesztival-negyedik-befejezo-resz%2F\" target=\"_blank\" rel=\"nofollow noopener\"><span class=\"visuallyhidden\">Email<\/span><\/a><\/span><\/div>\n<section class=\"navigate-posts\">\n<div class=\"previous\"><span class=\"main-color title\"><i class=\"tsi tsi-chevron-left\"><\/i>\u00a0Previous Article<\/span><span class=\"link\"><a href=\"https:\/\/dorogimedence.hu\/index.php\/2021\/06\/28\/bokorba-bujt-a-rendorok-elol\/\" rel=\"prev\">Bokorba b\u00fajt a rend\u0151r\u00f6k el\u0151l<\/a><\/span><\/div>\n<div class=\"next\"><span class=\"main-color title\">Next Article\u00a0<i class=\"tsi tsi-chevron-right\"><\/i><\/span><span class=\"link\"><a href=\"https:\/\/dorogimedence.hu\/index.php\/2021\/06\/28\/tobb-mint-ezren-latogattak-ki-a-tokodi-nyitott-pincekhez\/\" rel=\"next\">T\u00f6bb mint ezren l\u00e1togattak ki a Tokodi Nyitott Pinc\u00e9khez<\/a><\/span><\/div>\n<\/section>\n<div class=\"author-box\">\n<section class=\"author-info\"><img loading=\"lazy\" decoding=\"async\" class=\"avatar avatar-95 photo\" src=\"https:\/\/www.gravatar.com\/avatar\/d8d45f8901aadff40a4af72c0b826f1d?s=95&amp;r=g&amp;d=mm\" srcset=\"\/\/www.gravatar.com\/avatar\/d8d45f8901aadff40a4af72c0b826f1d?s=95&amp;r=g&amp;d=mm 2x\" alt=\"\" width=\"95\" height=\"95\" \/><\/section>\n<\/div>\n<\/div>\n<\/div>\n<\/div>\n<\/div>\n<\/div>\n<div class=\"description\">\n<p><a href=\"https:\/\/dorogimedence.hu\/index.php\/author\/lehoo88\/\" rel=\"author\">dorogimedence.hu<\/a><\/p>\n<p class=\"bio\">\n<\/div>\n<\/div>\n<section class=\"related-posts\">\n<div class=\"block-head block-head-ac block-head-a block-head-a1 is-left\">\n<h4 class=\"heading\">Related\u00a0<span class=\"color\">Posts<\/span><\/h4>\n<\/div>\n<section class=\"block-wrap block-grid cols-gap-sm mb-none\" data-id=\"2\">\n<div class=\"block-content\">\n<div class=\"loop loop-grid loop-grid-sm grid grid-3 md:grid-2 xs:grid-1\">\n<article class=\"l-post grid-post grid-sm-post\">\n<div class=\"media\"><\/div>\n<div class=\"content\">\n<div class=\"post-meta post-meta-a has-below\">\n<h4 class=\"is-title post-title\"><a href=\"https:\/\/dorogimedence.hu\/index.php\/2026\/06\/23\/pumukli-volt-a-muzeumok-ejszakaja-sztarja-esztergomban\/\">Pumukli volt a M\u00fazeumok \u00c9jszak\u00e1ja szt\u00e1rja Esztergomban<\/a><\/h4>\n<div class=\"post-meta-items meta-below\"><span class=\"meta-item date\"><span class=\"date-link\"><time class=\"post-date\" datetime=\"2026-06-23T16:11:41+02:00\">2026-06-23<\/time><\/span><\/span><\/div>\n<\/div>\n<\/div>\n<\/article>\n<article class=\"l-post grid-post grid-sm-post\">\n<div class=\"media\"><\/div>\n<div class=\"content\">\n<div class=\"post-meta post-meta-a has-below\">\n<h4 class=\"is-title post-title\"><a href=\"https:\/\/dorogimedence.hu\/index.php\/2026\/06\/23\/harmadfokura-emelik-a-hosegriasztast-tovabb-fokozodik-a-kanikula\/\">Harmadfok\u00fara emelik a h\u0151s\u00e9griaszt\u00e1st, tov\u00e1bb fokoz\u00f3dik a k\u00e1nikula<\/a><\/h4>\n<div class=\"post-meta-items meta-below\"><span class=\"meta-item date\"><span class=\"date-link\"><time class=\"post-date\" datetime=\"2026-06-23T15:20:16+02:00\">2026-06-23<\/time><\/span><\/span><\/div>\n<\/div>\n<\/div>\n<\/article>\n<article class=\"l-post grid-post grid-sm-post\">\n<div class=\"media\"><\/div>\n<div class=\"content\">\n<div class=\"post-meta post-meta-a has-below\">\n<h4 class=\"is-title post-title\"><a href=\"https:\/\/dorogimedence.hu\/index.php\/2026\/06\/23\/tobb-mint-50-kulonleges-sorrel-erkezik-a-parkanyi-kezmuves-sorfesztival\/\">T\u00f6bb mint 50 k\u00fcl\u00f6nleges s\u00f6rrel \u00e9rkezik a P\u00e1rk\u00e1nyi K\u00e9zm\u0171ves S\u00f6rfesztiv\u00e1l<\/a><\/h4>\n<div class=\"post-meta-items meta-below\"><span class=\"meta-item date\"><span class=\"date-link\"><time class=\"post-date\" datetime=\"2026-06-23T13:40:07+02:00\">2026-06-23<\/time><\/span><\/span><\/div>\n<\/div>\n<\/div>\n<\/article>\n<\/div>\n<\/div>\n<\/section>\n<\/section>\n<div class=\"comments\">\n<div id=\"comments\">\n<div class=\"comments-area \">\n<p class=\"nocomments\">Comments are closed.<\/p>\n<\/div>\n<\/div>\n<\/div>\n<\/div>\n<\/div>\n<aside class=\"col-4 main-sidebar has-sep\" data-sticky=\"1\">\n<div class=\"inner theiaStickySidebar\">\n<div id=\"ai_widget-20\" class=\"widget block-widget\">\n<div class=\"code-block code-block-10\"><\/div>\n<\/div>\n<div id=\"ai_widget-23\" class=\"widget block-widget\">\n<div class=\"code-block code-block-8\"><\/div>\n<\/div>\n<div id=\"ai_widget-24\" class=\"widget block-widget\">\n<div class=\"code-block code-block-2\"><\/div>\n<\/div>\n<div id=\"ai_widget-27\" class=\"widget block-widget\">\n<div class=\"code-block code-block-1\"><\/div>\n<\/div>\n<\/div>\n<\/aside>\n<\/div>\n<footer class=\"main-footer cols-gap-lg footer-classic s-dark\">\n<div class=\"upper-footer classic-footer-upper\">\n<div class=\"ts-contain wrap\"><\/div>\n<\/div>\n<div class=\"lower-footer classic-footer-lower\">\n<div class=\"ts-contain wrap\">\n<div class=\"inner\">\n<div class=\"copyright\">Copyright \u00a9 2026. Designed by\u00a0<a href=\"http:\/\/theme-sphere.com\/\">ThemeSphere<\/a>.<\/div>\n<div class=\"links\">\n<div class=\"menu-footer-links-container\">\n<ul id=\"menu-footer-links\" class=\"menu\">\n<li id=\"menu-item-32399\" class=\"menu-item menu-item-type-post_type menu-item-object-page menu-item-32399\"><a href=\"https:\/\/dorogimedence.hu\/index.php\/dorogi-medencerol\/\">Dorogi-medenc\u00e9r\u0151l<\/a><\/li>\n<li id=\"menu-item-32273\" class=\"menu-item menu-item-type-custom menu-item-object-custom menu-item-home menu-item-32273\"><a href=\"https:\/\/dorogimedence.hu\/\">Kezd\u0151lap<\/a><\/li>\n<li id=\"menu-item-59249\" class=\"menu-item menu-item-type-post_type menu-item-object-page menu-item-59249\"><a href=\"https:\/\/dorogimedence.hu\/index.php\/impresszum-wp\/\">Impresszum<\/a><\/li>\n<li id=\"menu-item-32374\" class=\"menu-item menu-item-type-post_type menu-item-object-page menu-item-32374\"><a href=\"https:\/\/dorogimedence.hu\/index.php\/mediaajanlo\/\">M\u00e9diaaj\u00e1nl\u00f3<\/a><\/li>\n<li id=\"menu-item-32372\" class=\"menu-item menu-item-type-post_type menu-item-object-page menu-item-privacy-policy menu-item-32372\"><a href=\"https:\/\/dorogimedence.hu\/index.php\/adatvedelmi-tajekoztato\/\" rel=\"privacy-policy\">Adatv\u00e9delmi t\u00e1j\u00e9koztat\u00f3<\/a><\/li>\n<\/ul>\n<\/div>\n<\/div>\n<\/div>\n<\/div>\n<\/div>\n<\/footer>\n<div class=\"settings-manager-wrapper\">\n<div id=\"toggle-button-wrapper\" class=\"settings-manager-toggle-button-wrapper settings-manager-toggle-button-wrapper_side-right\">\n<div class=\"settings-manager-icon js-active-ad-blocking-icon\"><\/div>\n<div class=\"settings-manager-toggle-button-counter\"><span id=\"toggle-button-counter\" class=\"settings-manager-toggle-button-counter__text\">285K<\/span><\/div>\n<\/div>\n<\/div>\n<div class=\"main-wrap\">\n<div class=\"main ts-contain cf right-sidebar\">\n<div class=\"ts-row\">\n<div class=\"col-8 main-content s-post-contain\">\n<div class=\"the-post s-post-modern\">\n<article id=\"post-34365\" class=\"post-34365 post type-post status-publish format-standard has-post-thumbnail category-dorog category-dorogi-rockfesztival category-hirek category-kerek-evfordulok tag-dorog tag-dorogi-rockfesztival tag-featured\">\n<div class=\"post-content-wrap has-share-float\">\n<div class=\"post-content cf entry-content content-spacious\"><\/div>\n<\/div>\n<\/article>\n<\/div>\n<\/div>\n<aside class=\"col-4 main-sidebar has-sep\" data-sticky=\"1\">\n<div class=\"inner theiaStickySidebar\">\n<div id=\"ai_widget-27\" class=\"widget block-widget\">\n<div class=\"code-block code-block-1\"><\/div>\n<\/div>\n<\/div>\n<\/aside>\n<\/div>\n<\/div>\n<footer class=\"main-footer cols-gap-lg footer-classic s-dark\">\n<div class=\"upper-footer classic-footer-upper\">\n<div class=\"ts-contain wrap\"><\/div>\n<\/div>\n<div class=\"lower-footer classic-footer-lower\">\n<div class=\"ts-contain wrap\">\n<div class=\"inner\">\n<div class=\"copyright\">Copyright \u00a9 2026. Designed by\u00a0<a href=\"http:\/\/theme-sphere.com\/\">ThemeSphere<\/a>.<\/div>\n<div class=\"links\">\n<div class=\"menu-footer-links-container\">\n<ul id=\"menu-footer-links\" class=\"menu\">\n<li id=\"menu-item-32399\" class=\"menu-item menu-item-type-post_type menu-item-object-page menu-item-32399\"><a href=\"https:\/\/dorogimedence.hu\/index.php\/dorogi-medencerol\/\">Dorogi-medenc\u00e9r\u0151l<\/a><\/li>\n<li id=\"menu-item-32273\" class=\"menu-item menu-item-type-custom menu-item-object-custom menu-item-home menu-item-32273\"><a href=\"https:\/\/dorogimedence.hu\/\">Kezd\u0151lap<\/a><\/li>\n<li id=\"menu-item-59249\" class=\"menu-item menu-item-type-post_type menu-item-object-page menu-item-59249\"><a href=\"https:\/\/dorogimedence.hu\/index.php\/impresszum-wp\/\">Impresszum<\/a><\/li>\n<li id=\"menu-item-32374\" class=\"menu-item menu-item-type-post_type menu-item-object-page menu-item-32374\"><a href=\"https:\/\/dorogimedence.hu\/index.php\/mediaajanlo\/\">M\u00e9diaaj\u00e1nl\u00f3<\/a><\/li>\n<li id=\"menu-item-32372\" class=\"menu-item menu-item-type-post_type menu-item-object-page menu-item-privacy-policy menu-item-32372\"><a href=\"https:\/\/dorogimedence.hu\/index.php\/adatvedelmi-tajekoztato\/\" rel=\"privacy-policy\">Adatv\u00e9delmi t\u00e1j\u00e9koztat\u00f3<\/a><\/li>\n<\/ul>\n<\/div>\n<\/div>\n<\/div>\n<\/div>\n<\/div>\n<\/footer>\n<\/div>\n<div class=\"settings-manager-wrapper\">\n<div id=\"toggle-button-wrapper\" class=\"settings-manager-toggle-button-wrapper settings-manager-toggle-button-wrapper_side-right\">\n<div class=\"settings-manager-icon js-active-ad-blocking-icon\"><\/div>\n<\/div>\n<\/div>\n<div class=\"z-0 flex min-h-[46px] justify-start\"><\/div>\n<div class=\"pointer-events-none -mb-px h-px w-full opacity-0\" aria-hidden=\"true\" data-testid=\"bazaar-action-bar-observer\"><\/div>\n","protected":false},"excerpt":{"rendered":"<p>N\u00e9gy \u00e9s f\u00e9l \u00e9vtizeddel ezel\u0151tt, 1981. j\u00fanius 27-\u00e9n ker\u00fclt megrendez\u00e9sre a maga nem\u00e9ben az\u00f3ta is kuri\u00f3zumnak sz\u00e1m\u00edt\u00f3 esem\u00e9ny, ahol n\u00e9h\u00e1ny k\u00fclf\u00f6ldi fell\u00e9p\u0151 mellett a hazai rockzene akkori k\u00e9pvisel\u0151inek sz\u00edne-java l\u00e9pett sz\u00ednpadra t\u00f6bb t\u00edzezer rajong\u00f3 el\u0151tt. Azon a bizonyos j\u00faniusi h\u00e9tv\u00e9g\u00e9n a telep\u00fcl\u00e9s lakoss\u00e1g\u00e1nak t\u00f6bbsz\u00f6r\u00f6se gy\u0171lt \u00f6ssze Dorogon. Az \u00e9vfordul\u00f3ra k\u00e9sz\u00fclt megeml\u00e9kez\u0151 cikksorozat negyedik., egyben utols\u00f3<\/p>\n","protected":false},"author":4,"featured_media":81456,"comment_status":"closed","ping_status":"closed","sticky":false,"template":"","format":"standard","meta":{"ngg_post_thumbnail":0,"footnotes":""},"categories":[2,5769,3,6031],"tags":[],"class_list":["post-81353","post","type-post","status-publish","format-standard","has-post-thumbnail","category-dorog","category-dorogi-rockfesztival","category-hirek","category-kerek-evfordulok"],"yoast_head":"<!-- This site is optimized with the Yoast SEO plugin v28.3 - https:\/\/yoast.com\/product\/yoast-seo-wordpress\/ -->\n<title>45 \u00e9ve t\u00f6rt\u00e9nt: A Dorogi Rockfesztiv\u00e1l (Negyedik, befejez\u0151 r\u00e9sz)<\/title>\n<meta name=\"robots\" content=\"index, follow, max-snippet:-1, max-image-preview:large, max-video-preview:-1\" \/>\n<link rel=\"canonical\" href=\"https:\/\/dorogimedence.hu\/index.php\/2026\/06\/27\/45-eve-tortent-a-dorogi-rockfesztival-negyedik-befejezo-resz\/\" class=\"yoast-seo-meta-tag\" \/>\n<meta property=\"og:locale\" content=\"hu_HU\" class=\"yoast-seo-meta-tag\" \/>\n<meta property=\"og:type\" content=\"article\" class=\"yoast-seo-meta-tag\" \/>\n<meta property=\"og:title\" content=\"45 \u00e9ve t\u00f6rt\u00e9nt: A Dorogi Rockfesztiv\u00e1l (Negyedik, befejez\u0151 r\u00e9sz)\" class=\"yoast-seo-meta-tag\" \/>\n<meta property=\"og:description\" content=\"N\u00e9gy \u00e9s f\u00e9l \u00e9vtizeddel ezel\u0151tt, 1981. j\u00fanius 27-\u00e9n ker\u00fclt megrendez\u00e9sre a maga nem\u00e9ben az\u00f3ta is kuri\u00f3zumnak sz\u00e1m\u00edt\u00f3 esem\u00e9ny, ahol n\u00e9h\u00e1ny k\u00fclf\u00f6ldi fell\u00e9p\u0151 mellett a hazai rockzene akkori k\u00e9pvisel\u0151inek sz\u00edne-java l\u00e9pett sz\u00ednpadra t\u00f6bb t\u00edzezer rajong\u00f3 el\u0151tt. Azon a bizonyos j\u00faniusi h\u00e9tv\u00e9g\u00e9n a telep\u00fcl\u00e9s lakoss\u00e1g\u00e1nak t\u00f6bbsz\u00f6r\u00f6se gy\u0171lt \u00f6ssze Dorogon. Az \u00e9vfordul\u00f3ra k\u00e9sz\u00fclt megeml\u00e9kez\u0151 cikksorozat negyedik., egyben utols\u00f3\" class=\"yoast-seo-meta-tag\" \/>\n<meta property=\"og:url\" content=\"https:\/\/dorogimedence.hu\/index.php\/2026\/06\/27\/45-eve-tortent-a-dorogi-rockfesztival-negyedik-befejezo-resz\/\" class=\"yoast-seo-meta-tag\" \/>\n<meta property=\"og:site_name\" content=\"Dorogi-medence Region\u00e1lis H\u00edrport\u00e1l\" class=\"yoast-seo-meta-tag\" \/>\n<meta property=\"article:publisher\" content=\"https:\/\/www.facebook.com\/dorogimedence\/\" class=\"yoast-seo-meta-tag\" \/>\n<meta property=\"article:published_time\" content=\"2026-06-27T05:15:00+00:00\" class=\"yoast-seo-meta-tag\" \/>\n<meta property=\"article:modified_time\" content=\"2026-06-27T17:21:16+00:00\" class=\"yoast-seo-meta-tag\" \/>\n<meta property=\"og:image\" content=\"https:\/\/dorogimedence.hu\/wp-content\/uploads\/2026\/06\/dorogi-rockfesztival-4.jpg\" class=\"yoast-seo-meta-tag\" \/>\n\t<meta property=\"og:image:width\" content=\"1920\" class=\"yoast-seo-meta-tag\" \/>\n\t<meta property=\"og:image:height\" content=\"970\" class=\"yoast-seo-meta-tag\" \/>\n\t<meta property=\"og:image:type\" content=\"image\/jpeg\" class=\"yoast-seo-meta-tag\" \/>\n<meta name=\"author\" content=\"Szab\u00f3 Gyula\" class=\"yoast-seo-meta-tag\" \/>\n<meta name=\"twitter:card\" content=\"summary_large_image\" class=\"yoast-seo-meta-tag\" \/>\n<meta name=\"twitter:label1\" content=\"Szerz\u0151:\" class=\"yoast-seo-meta-tag\" \/>\n\t<meta name=\"twitter:data1\" content=\"Szab\u00f3 Gyula\" class=\"yoast-seo-meta-tag\" \/>\n\t<meta name=\"twitter:label2\" content=\"Becs\u00fclt olvas\u00e1si id\u0151\" class=\"yoast-seo-meta-tag\" \/>\n\t<meta name=\"twitter:data2\" content=\"28 perc\" class=\"yoast-seo-meta-tag\" \/>\n<script type=\"application\/ld+json\" class=\"yoast-schema-graph\">{\"@context\":\"https:\\\/\\\/schema.org\",\"@graph\":[{\"@type\":\"Article\",\"@id\":\"https:\\\/\\\/dorogimedence.hu\\\/index.php\\\/2026\\\/06\\\/27\\\/45-eve-tortent-a-dorogi-rockfesztival-negyedik-befejezo-resz\\\/#article\",\"isPartOf\":{\"@id\":\"https:\\\/\\\/dorogimedence.hu\\\/index.php\\\/2026\\\/06\\\/27\\\/45-eve-tortent-a-dorogi-rockfesztival-negyedik-befejezo-resz\\\/\"},\"author\":{\"name\":\"Szab\u00f3 Gyula\",\"@id\":\"https:\\\/\\\/dorogimedence.hu\\\/#\\\/schema\\\/person\\\/76605e8151ec1b7376385cd184ede973\"},\"headline\":\"45 \u00e9ve t\u00f6rt\u00e9nt: A Dorogi Rockfesztiv\u00e1l (Negyedik, befejez\u0151 r\u00e9sz)\",\"datePublished\":\"2026-06-27T05:15:00+00:00\",\"dateModified\":\"2026-06-27T17:21:16+00:00\",\"mainEntityOfPage\":{\"@id\":\"https:\\\/\\\/dorogimedence.hu\\\/index.php\\\/2026\\\/06\\\/27\\\/45-eve-tortent-a-dorogi-rockfesztival-negyedik-befejezo-resz\\\/\"},\"wordCount\":5561,\"publisher\":{\"@id\":\"https:\\\/\\\/dorogimedence.hu\\\/#organization\"},\"image\":{\"@id\":\"https:\\\/\\\/dorogimedence.hu\\\/index.php\\\/2026\\\/06\\\/27\\\/45-eve-tortent-a-dorogi-rockfesztival-negyedik-befejezo-resz\\\/#primaryimage\"},\"thumbnailUrl\":\"https:\\\/\\\/dorogimedence.hu\\\/wp-content\\\/uploads\\\/2026\\\/06\\\/dorogi-rockfesztival-4.jpg\",\"articleSection\":[\"Dorog\",\"Dorogi Rockfesztiv\u00e1l\",\"H\u00edrek\",\"Kerek \u00e9vfordul\u00f3k\"],\"inLanguage\":\"hu\"},{\"@type\":\"WebPage\",\"@id\":\"https:\\\/\\\/dorogimedence.hu\\\/index.php\\\/2026\\\/06\\\/27\\\/45-eve-tortent-a-dorogi-rockfesztival-negyedik-befejezo-resz\\\/\",\"url\":\"https:\\\/\\\/dorogimedence.hu\\\/index.php\\\/2026\\\/06\\\/27\\\/45-eve-tortent-a-dorogi-rockfesztival-negyedik-befejezo-resz\\\/\",\"name\":\"45 \u00e9ve t\u00f6rt\u00e9nt: A Dorogi Rockfesztiv\u00e1l (Negyedik, befejez\u0151 r\u00e9sz)\",\"isPartOf\":{\"@id\":\"https:\\\/\\\/dorogimedence.hu\\\/#website\"},\"primaryImageOfPage\":{\"@id\":\"https:\\\/\\\/dorogimedence.hu\\\/index.php\\\/2026\\\/06\\\/27\\\/45-eve-tortent-a-dorogi-rockfesztival-negyedik-befejezo-resz\\\/#primaryimage\"},\"image\":{\"@id\":\"https:\\\/\\\/dorogimedence.hu\\\/index.php\\\/2026\\\/06\\\/27\\\/45-eve-tortent-a-dorogi-rockfesztival-negyedik-befejezo-resz\\\/#primaryimage\"},\"thumbnailUrl\":\"https:\\\/\\\/dorogimedence.hu\\\/wp-content\\\/uploads\\\/2026\\\/06\\\/dorogi-rockfesztival-4.jpg\",\"datePublished\":\"2026-06-27T05:15:00+00:00\",\"dateModified\":\"2026-06-27T17:21:16+00:00\",\"breadcrumb\":{\"@id\":\"https:\\\/\\\/dorogimedence.hu\\\/index.php\\\/2026\\\/06\\\/27\\\/45-eve-tortent-a-dorogi-rockfesztival-negyedik-befejezo-resz\\\/#breadcrumb\"},\"inLanguage\":\"hu\",\"potentialAction\":[{\"@type\":\"ReadAction\",\"target\":[\"https:\\\/\\\/dorogimedence.hu\\\/index.php\\\/2026\\\/06\\\/27\\\/45-eve-tortent-a-dorogi-rockfesztival-negyedik-befejezo-resz\\\/\"]}]},{\"@type\":\"ImageObject\",\"inLanguage\":\"hu\",\"@id\":\"https:\\\/\\\/dorogimedence.hu\\\/index.php\\\/2026\\\/06\\\/27\\\/45-eve-tortent-a-dorogi-rockfesztival-negyedik-befejezo-resz\\\/#primaryimage\",\"url\":\"https:\\\/\\\/dorogimedence.hu\\\/wp-content\\\/uploads\\\/2026\\\/06\\\/dorogi-rockfesztival-4.jpg\",\"contentUrl\":\"https:\\\/\\\/dorogimedence.hu\\\/wp-content\\\/uploads\\\/2026\\\/06\\\/dorogi-rockfesztival-4.jpg\",\"width\":1920,\"height\":970},{\"@type\":\"BreadcrumbList\",\"@id\":\"https:\\\/\\\/dorogimedence.hu\\\/index.php\\\/2026\\\/06\\\/27\\\/45-eve-tortent-a-dorogi-rockfesztival-negyedik-befejezo-resz\\\/#breadcrumb\",\"itemListElement\":[{\"@type\":\"ListItem\",\"position\":1,\"name\":\"Kezd\u0151lap\",\"item\":\"https:\\\/\\\/dorogimedence.hu\\\/\"},{\"@type\":\"ListItem\",\"position\":2,\"name\":\"45 \u00e9ve t\u00f6rt\u00e9nt: A Dorogi Rockfesztiv\u00e1l (Negyedik, befejez\u0151 r\u00e9sz)\"}]},{\"@type\":\"WebSite\",\"@id\":\"https:\\\/\\\/dorogimedence.hu\\\/#website\",\"url\":\"https:\\\/\\\/dorogimedence.hu\\\/\",\"name\":\"Dorogi-medence Region\u00e1lis H\u00edrport\u00e1l\",\"description\":\"Dorog, Keszt\u00f6lc, Le\u00e1nyv\u00e1r, Piliscs\u00e9v, Tokod, Tokodalt\u00e1r\u00f3, Csolnok, Esztergom-kertv\u00e1ros: h\u00edrek, programok\",\"publisher\":{\"@id\":\"https:\\\/\\\/dorogimedence.hu\\\/#organization\"},\"potentialAction\":[{\"@type\":\"SearchAction\",\"target\":{\"@type\":\"EntryPoint\",\"urlTemplate\":\"https:\\\/\\\/dorogimedence.hu\\\/?s={search_term_string}\"},\"query-input\":{\"@type\":\"PropertyValueSpecification\",\"valueRequired\":true,\"valueName\":\"search_term_string\"}}],\"inLanguage\":\"hu\"},{\"@type\":\"Organization\",\"@id\":\"https:\\\/\\\/dorogimedence.hu\\\/#organization\",\"name\":\"Dorogi-medence Region\u00e1lis H\u00edrport\u00e1l\",\"url\":\"https:\\\/\\\/dorogimedence.hu\\\/\",\"logo\":{\"@type\":\"ImageObject\",\"inLanguage\":\"hu\",\"@id\":\"https:\\\/\\\/dorogimedence.hu\\\/#\\\/schema\\\/logo\\\/image\\\/\",\"url\":\"https:\\\/\\\/dorogimedence.hu\\\/wp-content\\\/uploads\\\/2021\\\/04\\\/logo-feher-600.png\",\"contentUrl\":\"https:\\\/\\\/dorogimedence.hu\\\/wp-content\\\/uploads\\\/2021\\\/04\\\/logo-feher-600.png\",\"width\":600,\"height\":100,\"caption\":\"Dorogi-medence Region\u00e1lis H\u00edrport\u00e1l\"},\"image\":{\"@id\":\"https:\\\/\\\/dorogimedence.hu\\\/#\\\/schema\\\/logo\\\/image\\\/\"},\"sameAs\":[\"https:\\\/\\\/www.facebook.com\\\/dorogimedence\\\/\"]},{\"@type\":\"Person\",\"@id\":\"https:\\\/\\\/dorogimedence.hu\\\/#\\\/schema\\\/person\\\/76605e8151ec1b7376385cd184ede973\",\"name\":\"Szab\u00f3 Gyula\",\"image\":{\"@type\":\"ImageObject\",\"inLanguage\":\"hu\",\"@id\":\"\\\/\\\/www.gravatar.com\\\/avatar\\\/3e44b6fb2ef9bcea3639958cc2a587cb?s=96&#038;r=g&#038;d=mm\",\"url\":\"\\\/\\\/www.gravatar.com\\\/avatar\\\/3e44b6fb2ef9bcea3639958cc2a587cb?s=96&#038;r=g&#038;d=mm\",\"contentUrl\":\"\\\/\\\/www.gravatar.com\\\/avatar\\\/3e44b6fb2ef9bcea3639958cc2a587cb?s=96&#038;r=g&#038;d=mm\",\"caption\":\"Szab\u00f3 Gyula\"}}]}<\/script>\n<!-- \/ Yoast SEO plugin. -->","yoast_head_json":{"title":"45 \u00e9ve t\u00f6rt\u00e9nt: A Dorogi Rockfesztiv\u00e1l (Negyedik, befejez\u0151 r\u00e9sz)","robots":{"index":"index","follow":"follow","max-snippet":"max-snippet:-1","max-image-preview":"max-image-preview:large","max-video-preview":"max-video-preview:-1"},"canonical":"https:\/\/dorogimedence.hu\/index.php\/2026\/06\/27\/45-eve-tortent-a-dorogi-rockfesztival-negyedik-befejezo-resz\/","og_locale":"hu_HU","og_type":"article","og_title":"45 \u00e9ve t\u00f6rt\u00e9nt: A Dorogi Rockfesztiv\u00e1l (Negyedik, befejez\u0151 r\u00e9sz)","og_description":"N\u00e9gy \u00e9s f\u00e9l \u00e9vtizeddel ezel\u0151tt, 1981. j\u00fanius 27-\u00e9n ker\u00fclt megrendez\u00e9sre a maga nem\u00e9ben az\u00f3ta is kuri\u00f3zumnak sz\u00e1m\u00edt\u00f3 esem\u00e9ny, ahol n\u00e9h\u00e1ny k\u00fclf\u00f6ldi fell\u00e9p\u0151 mellett a hazai rockzene akkori k\u00e9pvisel\u0151inek sz\u00edne-java l\u00e9pett sz\u00ednpadra t\u00f6bb t\u00edzezer rajong\u00f3 el\u0151tt. Azon a bizonyos j\u00faniusi h\u00e9tv\u00e9g\u00e9n a telep\u00fcl\u00e9s lakoss\u00e1g\u00e1nak t\u00f6bbsz\u00f6r\u00f6se gy\u0171lt \u00f6ssze Dorogon. Az \u00e9vfordul\u00f3ra k\u00e9sz\u00fclt megeml\u00e9kez\u0151 cikksorozat negyedik., egyben utols\u00f3","og_url":"https:\/\/dorogimedence.hu\/index.php\/2026\/06\/27\/45-eve-tortent-a-dorogi-rockfesztival-negyedik-befejezo-resz\/","og_site_name":"Dorogi-medence Region\u00e1lis H\u00edrport\u00e1l","article_publisher":"https:\/\/www.facebook.com\/dorogimedence\/","article_published_time":"2026-06-27T05:15:00+00:00","article_modified_time":"2026-06-27T17:21:16+00:00","og_image":[{"width":1920,"height":970,"url":"https:\/\/dorogimedence.hu\/wp-content\/uploads\/2026\/06\/dorogi-rockfesztival-4.jpg","type":"image\/jpeg"}],"author":"Szab\u00f3 Gyula","twitter_card":"summary_large_image","twitter_misc":{"Szerz\u0151:":"Szab\u00f3 Gyula","Becs\u00fclt olvas\u00e1si id\u0151":"28 perc"},"schema":{"@context":"https:\/\/schema.org","@graph":[{"@type":"Article","@id":"https:\/\/dorogimedence.hu\/index.php\/2026\/06\/27\/45-eve-tortent-a-dorogi-rockfesztival-negyedik-befejezo-resz\/#article","isPartOf":{"@id":"https:\/\/dorogimedence.hu\/index.php\/2026\/06\/27\/45-eve-tortent-a-dorogi-rockfesztival-negyedik-befejezo-resz\/"},"author":{"name":"Szab\u00f3 Gyula","@id":"https:\/\/dorogimedence.hu\/#\/schema\/person\/76605e8151ec1b7376385cd184ede973"},"headline":"45 \u00e9ve t\u00f6rt\u00e9nt: A Dorogi Rockfesztiv\u00e1l (Negyedik, befejez\u0151 r\u00e9sz)","datePublished":"2026-06-27T05:15:00+00:00","dateModified":"2026-06-27T17:21:16+00:00","mainEntityOfPage":{"@id":"https:\/\/dorogimedence.hu\/index.php\/2026\/06\/27\/45-eve-tortent-a-dorogi-rockfesztival-negyedik-befejezo-resz\/"},"wordCount":5561,"publisher":{"@id":"https:\/\/dorogimedence.hu\/#organization"},"image":{"@id":"https:\/\/dorogimedence.hu\/index.php\/2026\/06\/27\/45-eve-tortent-a-dorogi-rockfesztival-negyedik-befejezo-resz\/#primaryimage"},"thumbnailUrl":"https:\/\/dorogimedence.hu\/wp-content\/uploads\/2026\/06\/dorogi-rockfesztival-4.jpg","articleSection":["Dorog","Dorogi Rockfesztiv\u00e1l","H\u00edrek","Kerek \u00e9vfordul\u00f3k"],"inLanguage":"hu"},{"@type":"WebPage","@id":"https:\/\/dorogimedence.hu\/index.php\/2026\/06\/27\/45-eve-tortent-a-dorogi-rockfesztival-negyedik-befejezo-resz\/","url":"https:\/\/dorogimedence.hu\/index.php\/2026\/06\/27\/45-eve-tortent-a-dorogi-rockfesztival-negyedik-befejezo-resz\/","name":"45 \u00e9ve t\u00f6rt\u00e9nt: A Dorogi Rockfesztiv\u00e1l (Negyedik, befejez\u0151 r\u00e9sz)","isPartOf":{"@id":"https:\/\/dorogimedence.hu\/#website"},"primaryImageOfPage":{"@id":"https:\/\/dorogimedence.hu\/index.php\/2026\/06\/27\/45-eve-tortent-a-dorogi-rockfesztival-negyedik-befejezo-resz\/#primaryimage"},"image":{"@id":"https:\/\/dorogimedence.hu\/index.php\/2026\/06\/27\/45-eve-tortent-a-dorogi-rockfesztival-negyedik-befejezo-resz\/#primaryimage"},"thumbnailUrl":"https:\/\/dorogimedence.hu\/wp-content\/uploads\/2026\/06\/dorogi-rockfesztival-4.jpg","datePublished":"2026-06-27T05:15:00+00:00","dateModified":"2026-06-27T17:21:16+00:00","breadcrumb":{"@id":"https:\/\/dorogimedence.hu\/index.php\/2026\/06\/27\/45-eve-tortent-a-dorogi-rockfesztival-negyedik-befejezo-resz\/#breadcrumb"},"inLanguage":"hu","potentialAction":[{"@type":"ReadAction","target":["https:\/\/dorogimedence.hu\/index.php\/2026\/06\/27\/45-eve-tortent-a-dorogi-rockfesztival-negyedik-befejezo-resz\/"]}]},{"@type":"ImageObject","inLanguage":"hu","@id":"https:\/\/dorogimedence.hu\/index.php\/2026\/06\/27\/45-eve-tortent-a-dorogi-rockfesztival-negyedik-befejezo-resz\/#primaryimage","url":"https:\/\/dorogimedence.hu\/wp-content\/uploads\/2026\/06\/dorogi-rockfesztival-4.jpg","contentUrl":"https:\/\/dorogimedence.hu\/wp-content\/uploads\/2026\/06\/dorogi-rockfesztival-4.jpg","width":1920,"height":970},{"@type":"BreadcrumbList","@id":"https:\/\/dorogimedence.hu\/index.php\/2026\/06\/27\/45-eve-tortent-a-dorogi-rockfesztival-negyedik-befejezo-resz\/#breadcrumb","itemListElement":[{"@type":"ListItem","position":1,"name":"Kezd\u0151lap","item":"https:\/\/dorogimedence.hu\/"},{"@type":"ListItem","position":2,"name":"45 \u00e9ve t\u00f6rt\u00e9nt: A Dorogi Rockfesztiv\u00e1l (Negyedik, befejez\u0151 r\u00e9sz)"}]},{"@type":"WebSite","@id":"https:\/\/dorogimedence.hu\/#website","url":"https:\/\/dorogimedence.hu\/","name":"Dorogi-medence Region\u00e1lis H\u00edrport\u00e1l","description":"Dorog, Keszt\u00f6lc, Le\u00e1nyv\u00e1r, Piliscs\u00e9v, Tokod, Tokodalt\u00e1r\u00f3, Csolnok, Esztergom-kertv\u00e1ros: h\u00edrek, programok","publisher":{"@id":"https:\/\/dorogimedence.hu\/#organization"},"potentialAction":[{"@type":"SearchAction","target":{"@type":"EntryPoint","urlTemplate":"https:\/\/dorogimedence.hu\/?s={search_term_string}"},"query-input":{"@type":"PropertyValueSpecification","valueRequired":true,"valueName":"search_term_string"}}],"inLanguage":"hu"},{"@type":"Organization","@id":"https:\/\/dorogimedence.hu\/#organization","name":"Dorogi-medence Region\u00e1lis H\u00edrport\u00e1l","url":"https:\/\/dorogimedence.hu\/","logo":{"@type":"ImageObject","inLanguage":"hu","@id":"https:\/\/dorogimedence.hu\/#\/schema\/logo\/image\/","url":"https:\/\/dorogimedence.hu\/wp-content\/uploads\/2021\/04\/logo-feher-600.png","contentUrl":"https:\/\/dorogimedence.hu\/wp-content\/uploads\/2021\/04\/logo-feher-600.png","width":600,"height":100,"caption":"Dorogi-medence Region\u00e1lis H\u00edrport\u00e1l"},"image":{"@id":"https:\/\/dorogimedence.hu\/#\/schema\/logo\/image\/"},"sameAs":["https:\/\/www.facebook.com\/dorogimedence\/"]},{"@type":"Person","@id":"https:\/\/dorogimedence.hu\/#\/schema\/person\/76605e8151ec1b7376385cd184ede973","name":"Szab\u00f3 Gyula","image":{"@type":"ImageObject","inLanguage":"hu","@id":"\/\/www.gravatar.com\/avatar\/3e44b6fb2ef9bcea3639958cc2a587cb?s=96&#038;r=g&#038;d=mm","url":"\/\/www.gravatar.com\/avatar\/3e44b6fb2ef9bcea3639958cc2a587cb?s=96&#038;r=g&#038;d=mm","contentUrl":"\/\/www.gravatar.com\/avatar\/3e44b6fb2ef9bcea3639958cc2a587cb?s=96&#038;r=g&#038;d=mm","caption":"Szab\u00f3 Gyula"}}]}},"_links":{"self":[{"href":"https:\/\/dorogimedence.hu\/index.php\/wp-json\/wp\/v2\/posts\/81353","targetHints":{"allow":["GET"]}}],"collection":[{"href":"https:\/\/dorogimedence.hu\/index.php\/wp-json\/wp\/v2\/posts"}],"about":[{"href":"https:\/\/dorogimedence.hu\/index.php\/wp-json\/wp\/v2\/types\/post"}],"author":[{"embeddable":true,"href":"https:\/\/dorogimedence.hu\/index.php\/wp-json\/wp\/v2\/users\/4"}],"replies":[{"embeddable":true,"href":"https:\/\/dorogimedence.hu\/index.php\/wp-json\/wp\/v2\/comments?post=81353"}],"version-history":[{"count":20,"href":"https:\/\/dorogimedence.hu\/index.php\/wp-json\/wp\/v2\/posts\/81353\/revisions"}],"predecessor-version":[{"id":81546,"href":"https:\/\/dorogimedence.hu\/index.php\/wp-json\/wp\/v2\/posts\/81353\/revisions\/81546"}],"wp:featuredmedia":[{"embeddable":true,"href":"https:\/\/dorogimedence.hu\/index.php\/wp-json\/wp\/v2\/media\/81456"}],"wp:attachment":[{"href":"https:\/\/dorogimedence.hu\/index.php\/wp-json\/wp\/v2\/media?parent=81353"}],"wp:term":[{"taxonomy":"category","embeddable":true,"href":"https:\/\/dorogimedence.hu\/index.php\/wp-json\/wp\/v2\/categories?post=81353"},{"taxonomy":"post_tag","embeddable":true,"href":"https:\/\/dorogimedence.hu\/index.php\/wp-json\/wp\/v2\/tags?post=81353"}],"curies":[{"name":"wp","href":"https:\/\/api.w.org\/{rel}","templated":true}]}}