{"id":81350,"date":"2026-06-23T16:11:41","date_gmt":"2026-06-23T14:11:41","guid":{"rendered":"https:\/\/dorogimedence.hu\/?p=81350"},"modified":"2026-06-23T16:11:41","modified_gmt":"2026-06-23T14:11:41","slug":"pumukli-volt-a-muzeumok-ejszakaja-sztarja-esztergomban","status":"publish","type":"post","link":"https:\/\/dorogimedence.hu\/index.php\/2026\/06\/23\/pumukli-volt-a-muzeumok-ejszakaja-sztarja-esztergomban\/","title":{"rendered":"Pumukli volt a M\u00fazeumok \u00c9jszak\u00e1ja szt\u00e1rja Esztergomban"},"content":{"rendered":"<p class=\"wp-block-paragraph\"><strong>J\u00fanius 20-\u00e1n este ism\u00e9t megteltek \u00e9lettel Esztergom m\u00fazeumai, gal\u00e9ri\u00e1i \u00e9s kultur\u00e1lis helysz\u00ednei. A M\u00fazeumok \u00c9jszak\u00e1ja idei programjain sok sz\u00e1z l\u00e1togat\u00f3 vett r\u00e9szt, akik egyetlen karszalaggal fedezhett\u00e9k fel a v\u00e1ros gazdag kultur\u00e1lis k\u00edn\u00e1lat\u00e1t, a t\u00f6rt\u00e9nelmi eml\u00e9kekt\u0151l a tudom\u00e1nyos bemutat\u00f3kon \u00e1t eg\u00e9szen a csal\u00e1di programokig.<\/strong><\/p>\n<p class=\"wp-block-paragraph\">A helysz\u00ednek k\u00f6z\u00f6tti ingyenes kisvonatos k\u00f6zleked\u00e9s id\u00e9n is a Richter Gedeon Nyrt. t\u00e1mogat\u00e1s\u00e1val val\u00f3sult meg, \u00edgy a l\u00e1togat\u00f3k k\u00e9nyelmesen j\u00e1rhatt\u00e1k v\u00e9gig az esztergomi \u00e9s p\u00e1rk\u00e1nyi programhelysz\u00edneket. A Richter nev\u00e9hez f\u0171z\u0151d\u00f6tt a rendezv\u00e9ny egyik legn\u00e9pszer\u0171bb programeleme is: a Duna M\u00fazeumban megrendezett Richter Tudom\u00e1nyos Show. A l\u00e1tv\u00e1nyos k\u00e9miai k\u00eds\u00e9rletekkel \u00e9s k\u00fcl\u00f6nleges f\u00e9nyhat\u00e1sokkal k\u00eds\u00e9rt el\u0151ad\u00e1sban Zsdav is k\u00f6zrem\u0171k\u00f6d\u00f6tt, \u00edgy a tudom\u00e1ny \u00e9s a sz\u00f3rakoz\u00e1s ism\u00e9t sikeresen tal\u00e1lkozott a sz\u00ednpadon.<\/p>\n<figure class=\"wp-block-image size-large\"><img fetchpriority=\"high\" decoding=\"async\" class=\"wp-image-37228\" src=\"https:\/\/visitesztergom.hu\/wp-content\/uploads\/2026\/06\/duna07-1024x683.avif\" sizes=\"(max-width: 1024px) 100vw, 1024px\" srcset=\"https:\/\/visitesztergom.hu\/wp-content\/uploads\/2026\/06\/duna07-1024x683.avif 1024w, https:\/\/visitesztergom.hu\/wp-content\/uploads\/2026\/06\/duna07-700x467.avif 700w, https:\/\/visitesztergom.hu\/wp-content\/uploads\/2026\/06\/duna07-768x512.avif 768w, https:\/\/visitesztergom.hu\/wp-content\/uploads\/2026\/06\/duna07-391x260.avif 391w, https:\/\/visitesztergom.hu\/wp-content\/uploads\/2026\/06\/duna07-1536x1024.avif 1536w, https:\/\/visitesztergom.hu\/wp-content\/uploads\/2026\/06\/duna07.avif 2048w\" alt=\"\" width=\"1024\" height=\"683\"><\/figure>\n<p class=\"wp-block-paragraph\">Az este k\u00e9ts\u00e9gtelen szt\u00e1rja azonban Pumukli volt. A kedvelt meseh\u0151s a rendezv\u00e9ny teljes ideje alatt t\u00f6bb helysz\u00ednen is felt\u0171nt, ahol gyerekek \u00e9s feln\u0151ttek egyar\u00e1nt \u00f6r\u00f6mmel \u00e1lltak meg egy k\u00f6z\u00f6s fot\u00f3ra. A l\u00e1togat\u00f3k t\u00f6bb alkalommal tal\u00e1lkozhattak Pumuklival \u00e9s k\u00eds\u00e9r\u0151j\u00e9vel, Pusztaszeri Korn\u00e9llal, aki a mesefigura hangj\u00e1t k\u00f6lcs\u00f6n\u00f6zte a n\u00e9pszer\u0171 rajzfilmsorozatban. Rengeteg szelfi \u00e9s eml\u00e9kk\u00e9p k\u00e9sz\u00fclt vel\u00fck, mik\u00f6zben a legkisebbek a \u201ePumukli m\u00fazeumi kalandt\u00far\u00e1ja\u201d pecs\u00e9tgy\u0171jt\u0151 f\u00fczet seg\u00edts\u00e9g\u00e9vel fedezhett\u00e9k fel a programban r\u00e9szt vev\u0151 int\u00e9zm\u00e9nyeket. Kicsik \u00e9s nagyok egy\u00fctt kerest\u00e9k, fot\u00f3zkodtak vel\u00fck, \u00edgy nem meglep\u0151, hogy az este egyik legnagyobb k\u00f6z\u00f6ns\u00e9gkedvenceiv\u00e9 v\u00e1ltak.<\/p>\n<figure class=\"wp-block-image size-large\"><img decoding=\"async\" class=\"wp-image-37229\" src=\"https:\/\/visitesztergom.hu\/wp-content\/uploads\/2026\/06\/25-1024x683.avif\" sizes=\"(max-width: 1024px) 100vw, 1024px\" srcset=\"https:\/\/visitesztergom.hu\/wp-content\/uploads\/2026\/06\/25-1024x683.avif 1024w, https:\/\/visitesztergom.hu\/wp-content\/uploads\/2026\/06\/25-700x467.avif 700w, https:\/\/visitesztergom.hu\/wp-content\/uploads\/2026\/06\/25-768x512.avif 768w, https:\/\/visitesztergom.hu\/wp-content\/uploads\/2026\/06\/25-391x260.avif 391w, https:\/\/visitesztergom.hu\/wp-content\/uploads\/2026\/06\/25-1536x1024.avif 1536w, https:\/\/visitesztergom.hu\/wp-content\/uploads\/2026\/06\/25.avif 2048w\" alt=\"\" width=\"1024\" height=\"683\"><\/figure>\n<p class=\"wp-block-paragraph\">A Bazilik\u00e1ban nagy \u00e9rdekl\u0151d\u00e9s k\u00eds\u00e9rte a Biblia \u00e9teleit bemutat\u00f3 el\u0151ad\u00e1st, a gyertyaf\u00e9nyes orgonakoncertet \u00e9s a kupolal\u00e1togat\u00e1sokat. A F\u0151sz\u00e9kesegyh\u00e1zi K\u00f6nyvt\u00e1rban a Bak\u00f3cz-gradu\u00e1l\u00e9 \u00e9s m\u00e1s k\u00f6nyvritkas\u00e1gok vonzott\u00e1k a l\u00e1togat\u00f3kat, a Baptista Imah\u00e1zban ki\u00e1ll\u00edt\u00e1s \u00e9s koncert v\u00e1rta az \u00e9rdekl\u0151d\u0151ket, m\u00edg a V\u00e1rm\u00fazeumban interakt\u00edv t\u00f6rt\u00e9nelmi programok id\u00e9zt\u00e9k meg a m\u00faltat.<\/p>\n<p class=\"wp-block-paragraph\">A Balassa B\u00e1lint M\u00fazeumban k\u00e9zm\u0171ves foglalkoz\u00e1sok, a Babits Mih\u00e1ly Eml\u00e9kh\u00e1zban t\u00e1rlatvezet\u00e9sek \u00e9s kertprogramok, a GEODA Interakt\u00edv \u00c1sv\u00e1ny- \u00e9s \u0150sl\u00e9nyki\u00e1ll\u00edt\u00e1son pedig az aranymos\u00e1s \u00e9s az \u00e1sv\u00e1nyvil\u00e1g rejtelmei bizonyultak n\u00e9pszer\u0171nek. Az Esztergomi M\u0171v\u00e9szek C\u00e9he el\u0151ad\u00e1sokkal \u00e9s workshopokkal k\u00e9sz\u00fclt, a Kom\u00e1rom-Esztergom V\u00e1rmegyei Lev\u00e9lt\u00e1rban pedig a bakelitlemezek \u00e9s a dorogi hanglemezgy\u00e1rt\u00e1s t\u00f6rt\u00e9nete ker\u00fclt a k\u00f6z\u00e9ppontba.<\/p>\n<figure class=\"wp-block-image size-large\"><img decoding=\"async\" class=\"wp-image-37230\" src=\"https:\/\/visitesztergom.hu\/wp-content\/uploads\/2026\/06\/23-1024x683.avif\" sizes=\"(max-width: 1024px) 100vw, 1024px\" srcset=\"https:\/\/visitesztergom.hu\/wp-content\/uploads\/2026\/06\/23-1024x683.avif 1024w, https:\/\/visitesztergom.hu\/wp-content\/uploads\/2026\/06\/23-700x467.avif 700w, https:\/\/visitesztergom.hu\/wp-content\/uploads\/2026\/06\/23-768x512.avif 768w, https:\/\/visitesztergom.hu\/wp-content\/uploads\/2026\/06\/23-391x260.avif 391w, https:\/\/visitesztergom.hu\/wp-content\/uploads\/2026\/06\/23-1536x1024.avif 1536w, https:\/\/visitesztergom.hu\/wp-content\/uploads\/2026\/06\/23.avif 2048w\" alt=\"\" width=\"1024\" height=\"683\"><\/figure>\n<p class=\"wp-block-paragraph\">A programok k\u00f6z\u00f6tt szerepelt a K\u00e1konyi Asztrik Kort\u00e1rs Gal\u00e9ria ki\u00e1ll\u00edt\u00e1sa, a P\u00e1zm\u00e1ny P\u00e9ter Katolikus Egyetem csal\u00e1di \u00e9s j\u00e1t\u00e9kos foglalkoz\u00e1sai, valamint a P\u00e1rk\u00e1nyi V\u00e1rosi M\u00fazeum programjai is. Az idei M\u00fazeumok \u00c9jszak\u00e1ja egy \u00faj kultur\u00e1lis helysz\u00edn bemutatkoz\u00e1s\u00e1nak is alkalmat adott: a Sz\u00e9chenyi t\u00e9ren megny\u00edlt Temesi Attila gal\u00e9ri\u00e1ja, amelyet szint\u00e9n sokan felkerestek az este folyam\u00e1n.<\/p>\n<p class=\"wp-block-paragraph\">Az idei M\u00fazeumok \u00c9jszak\u00e1ja ism\u00e9t bebizony\u00edtotta, hogy Esztergom kultur\u00e1lis int\u00e9zm\u00e9nyei \u00f6sszefogva k\u00e9pesek olyan k\u00fcl\u00f6nleges \u00e9lm\u00e9nyt ny\u00fajtani, amely \u00e9vr\u0151l \u00e9vre egyre t\u00f6bb l\u00e1togat\u00f3t vonz. A t\u00f6rt\u00e9nelmi helysz\u00ednek, a m\u0171v\u00e9szeti programok, a tudom\u00e1nyos bemutat\u00f3k \u00e9s a csal\u00e1di \u00e9lm\u00e9nyek egyetlen est\u00e9re \u00fajra megt\u00f6lt\u00f6tt\u00e9k \u00e9lettel Magyarorsz\u00e1g els\u0151 v\u00e1ros\u00e1t.<\/p>\n<figure class=\"wp-block-image size-large\"><img loading=\"lazy\" decoding=\"async\" class=\"wp-image-37231\" src=\"https:\/\/visitesztergom.hu\/wp-content\/uploads\/2026\/06\/07-1024x683.avif\" sizes=\"(max-width: 1024px) 100vw, 1024px\" srcset=\"https:\/\/visitesztergom.hu\/wp-content\/uploads\/2026\/06\/07-1024x683.avif 1024w, https:\/\/visitesztergom.hu\/wp-content\/uploads\/2026\/06\/07-700x467.avif 700w, https:\/\/visitesztergom.hu\/wp-content\/uploads\/2026\/06\/07-768x512.avif 768w, https:\/\/visitesztergom.hu\/wp-content\/uploads\/2026\/06\/07-391x260.avif 391w, https:\/\/visitesztergom.hu\/wp-content\/uploads\/2026\/06\/07-1536x1024.avif 1536w, https:\/\/visitesztergom.hu\/wp-content\/uploads\/2026\/06\/07.avif 2048w\" alt=\"\" width=\"1024\" height=\"683\"><\/figure>\n<p><em>Fot\u00f3k, forr\u00e1s: <a href=\"https:\/\/visitesztergom.hu\/pumukli-volt-a-muzeumok-ejszakaja-sztarja-esztergomban\/\" target=\"_blank\" rel=\"noopener\"><span style=\"text-decoration: underline; color: #0000ff;\">visitesztergom.hu<\/span><\/a><\/em><\/p>\n","protected":false},"excerpt":{"rendered":"<p>J\u00fanius 20-\u00e1n este ism\u00e9t megteltek \u00e9lettel Esztergom m\u00fazeumai, gal\u00e9ri\u00e1i \u00e9s kultur\u00e1lis helysz\u00ednei. A M\u00fazeumok \u00c9jszak\u00e1ja idei programjain sok sz\u00e1z l\u00e1togat\u00f3 vett r\u00e9szt, akik egyetlen karszalaggal fedezhett\u00e9k fel a v\u00e1ros gazdag kultur\u00e1lis k\u00edn\u00e1lat\u00e1t, a t\u00f6rt\u00e9nelmi eml\u00e9kekt\u0151l a tudom\u00e1nyos bemutat\u00f3kon \u00e1t eg\u00e9szen a csal\u00e1di programokig. A helysz\u00ednek k\u00f6z\u00f6tti ingyenes kisvonatos k\u00f6zleked\u00e9s id\u00e9n is a Richter Gedeon Nyrt.<\/p>\n","protected":false},"author":1,"featured_media":81351,"comment_status":"closed","ping_status":"closed","sticky":false,"template":"","format":"standard","meta":{"ngg_post_thumbnail":0,"footnotes":""},"categories":[38,3],"tags":[42,1167],"class_list":["post-81350","post","type-post","status-publish","format-standard","has-post-thumbnail","category-esztergom","category-hirek","tag-esztergom","tag-muzeumok-ejszakaja"],"yoast_head":"<!-- This site is optimized with the Yoast SEO plugin v28.3 - https:\/\/yoast.com\/product\/yoast-seo-wordpress\/ -->\n<title>Pumukli volt a M\u00fazeumok \u00c9jszak\u00e1ja szt\u00e1rja Esztergomban<\/title>\n<meta name=\"robots\" content=\"index, follow, max-snippet:-1, max-image-preview:large, max-video-preview:-1\" \/>\n<link rel=\"canonical\" href=\"https:\/\/dorogimedence.hu\/index.php\/2026\/06\/23\/pumukli-volt-a-muzeumok-ejszakaja-sztarja-esztergomban\/\" class=\"yoast-seo-meta-tag\" \/>\n<meta property=\"og:locale\" content=\"hu_HU\" class=\"yoast-seo-meta-tag\" \/>\n<meta property=\"og:type\" content=\"article\" class=\"yoast-seo-meta-tag\" \/>\n<meta property=\"og:title\" content=\"Pumukli volt a M\u00fazeumok \u00c9jszak\u00e1ja szt\u00e1rja Esztergomban\" class=\"yoast-seo-meta-tag\" \/>\n<meta property=\"og:description\" content=\"J\u00fanius 20-\u00e1n este ism\u00e9t megteltek \u00e9lettel Esztergom m\u00fazeumai, gal\u00e9ri\u00e1i \u00e9s kultur\u00e1lis helysz\u00ednei. A M\u00fazeumok \u00c9jszak\u00e1ja idei programjain sok sz\u00e1z l\u00e1togat\u00f3 vett r\u00e9szt, akik egyetlen karszalaggal fedezhett\u00e9k fel a v\u00e1ros gazdag kultur\u00e1lis k\u00edn\u00e1lat\u00e1t, a t\u00f6rt\u00e9nelmi eml\u00e9kekt\u0151l a tudom\u00e1nyos bemutat\u00f3kon \u00e1t eg\u00e9szen a csal\u00e1di programokig. A helysz\u00ednek k\u00f6z\u00f6tti ingyenes kisvonatos k\u00f6zleked\u00e9s id\u00e9n is a Richter Gedeon Nyrt.\" class=\"yoast-seo-meta-tag\" \/>\n<meta property=\"og:url\" content=\"https:\/\/dorogimedence.hu\/index.php\/2026\/06\/23\/pumukli-volt-a-muzeumok-ejszakaja-sztarja-esztergomban\/\" class=\"yoast-seo-meta-tag\" \/>\n<meta property=\"og:site_name\" content=\"Dorogi-medence Region\u00e1lis H\u00edrport\u00e1l\" class=\"yoast-seo-meta-tag\" \/>\n<meta property=\"article:publisher\" content=\"https:\/\/www.facebook.com\/dorogimedence\/\" class=\"yoast-seo-meta-tag\" \/>\n<meta property=\"article:published_time\" content=\"2026-06-23T14:11:41+00:00\" class=\"yoast-seo-meta-tag\" \/>\n<meta property=\"og:image\" content=\"https:\/\/dorogimedence.hu\/wp-content\/uploads\/2026\/06\/30.jpg\" class=\"yoast-seo-meta-tag\" \/>\n\t<meta property=\"og:image:width\" content=\"2048\" class=\"yoast-seo-meta-tag\" \/>\n\t<meta property=\"og:image:height\" content=\"1365\" class=\"yoast-seo-meta-tag\" \/>\n\t<meta property=\"og:image:type\" content=\"image\/jpeg\" class=\"yoast-seo-meta-tag\" \/>\n<meta name=\"author\" content=\"dorogimedence.hu\" class=\"yoast-seo-meta-tag\" \/>\n<meta name=\"twitter:card\" content=\"summary_large_image\" class=\"yoast-seo-meta-tag\" \/>\n<meta name=\"twitter:label1\" content=\"Szerz\u0151:\" class=\"yoast-seo-meta-tag\" \/>\n\t<meta name=\"twitter:data1\" content=\"dorogimedence.hu\" class=\"yoast-seo-meta-tag\" \/>\n\t<meta name=\"twitter:label2\" content=\"Becs\u00fclt olvas\u00e1si id\u0151\" class=\"yoast-seo-meta-tag\" \/>\n\t<meta name=\"twitter:data2\" content=\"3 perc\" class=\"yoast-seo-meta-tag\" \/>\n<script type=\"application\/ld+json\" class=\"yoast-schema-graph\">{\"@context\":\"https:\\\/\\\/schema.org\",\"@graph\":[{\"@type\":\"Article\",\"@id\":\"https:\\\/\\\/dorogimedence.hu\\\/index.php\\\/2026\\\/06\\\/23\\\/pumukli-volt-a-muzeumok-ejszakaja-sztarja-esztergomban\\\/#article\",\"isPartOf\":{\"@id\":\"https:\\\/\\\/dorogimedence.hu\\\/index.php\\\/2026\\\/06\\\/23\\\/pumukli-volt-a-muzeumok-ejszakaja-sztarja-esztergomban\\\/\"},\"author\":{\"name\":\"dorogimedence.hu\",\"@id\":\"https:\\\/\\\/dorogimedence.hu\\\/#\\\/schema\\\/person\\\/ce6091eeb7e95ecdc87890d6aa8e0fd4\"},\"headline\":\"Pumukli volt a M\u00fazeumok \u00c9jszak\u00e1ja szt\u00e1rja Esztergomban\",\"datePublished\":\"2026-06-23T14:11:41+00:00\",\"mainEntityOfPage\":{\"@id\":\"https:\\\/\\\/dorogimedence.hu\\\/index.php\\\/2026\\\/06\\\/23\\\/pumukli-volt-a-muzeumok-ejszakaja-sztarja-esztergomban\\\/\"},\"wordCount\":681,\"publisher\":{\"@id\":\"https:\\\/\\\/dorogimedence.hu\\\/#organization\"},\"image\":{\"@id\":\"https:\\\/\\\/dorogimedence.hu\\\/index.php\\\/2026\\\/06\\\/23\\\/pumukli-volt-a-muzeumok-ejszakaja-sztarja-esztergomban\\\/#primaryimage\"},\"thumbnailUrl\":\"https:\\\/\\\/dorogimedence.hu\\\/wp-content\\\/uploads\\\/2026\\\/06\\\/30.jpg\",\"keywords\":[\"esztergom\",\"M\u00fazeumok \u00c9jszak\u00e1ja\"],\"articleSection\":[\"Esztergom\",\"H\u00edrek\"],\"inLanguage\":\"hu\"},{\"@type\":\"WebPage\",\"@id\":\"https:\\\/\\\/dorogimedence.hu\\\/index.php\\\/2026\\\/06\\\/23\\\/pumukli-volt-a-muzeumok-ejszakaja-sztarja-esztergomban\\\/\",\"url\":\"https:\\\/\\\/dorogimedence.hu\\\/index.php\\\/2026\\\/06\\\/23\\\/pumukli-volt-a-muzeumok-ejszakaja-sztarja-esztergomban\\\/\",\"name\":\"Pumukli volt a M\u00fazeumok \u00c9jszak\u00e1ja szt\u00e1rja Esztergomban\",\"isPartOf\":{\"@id\":\"https:\\\/\\\/dorogimedence.hu\\\/#website\"},\"primaryImageOfPage\":{\"@id\":\"https:\\\/\\\/dorogimedence.hu\\\/index.php\\\/2026\\\/06\\\/23\\\/pumukli-volt-a-muzeumok-ejszakaja-sztarja-esztergomban\\\/#primaryimage\"},\"image\":{\"@id\":\"https:\\\/\\\/dorogimedence.hu\\\/index.php\\\/2026\\\/06\\\/23\\\/pumukli-volt-a-muzeumok-ejszakaja-sztarja-esztergomban\\\/#primaryimage\"},\"thumbnailUrl\":\"https:\\\/\\\/dorogimedence.hu\\\/wp-content\\\/uploads\\\/2026\\\/06\\\/30.jpg\",\"datePublished\":\"2026-06-23T14:11:41+00:00\",\"breadcrumb\":{\"@id\":\"https:\\\/\\\/dorogimedence.hu\\\/index.php\\\/2026\\\/06\\\/23\\\/pumukli-volt-a-muzeumok-ejszakaja-sztarja-esztergomban\\\/#breadcrumb\"},\"inLanguage\":\"hu\",\"potentialAction\":[{\"@type\":\"ReadAction\",\"target\":[\"https:\\\/\\\/dorogimedence.hu\\\/index.php\\\/2026\\\/06\\\/23\\\/pumukli-volt-a-muzeumok-ejszakaja-sztarja-esztergomban\\\/\"]}]},{\"@type\":\"ImageObject\",\"inLanguage\":\"hu\",\"@id\":\"https:\\\/\\\/dorogimedence.hu\\\/index.php\\\/2026\\\/06\\\/23\\\/pumukli-volt-a-muzeumok-ejszakaja-sztarja-esztergomban\\\/#primaryimage\",\"url\":\"https:\\\/\\\/dorogimedence.hu\\\/wp-content\\\/uploads\\\/2026\\\/06\\\/30.jpg\",\"contentUrl\":\"https:\\\/\\\/dorogimedence.hu\\\/wp-content\\\/uploads\\\/2026\\\/06\\\/30.jpg\",\"width\":2048,\"height\":1365},{\"@type\":\"BreadcrumbList\",\"@id\":\"https:\\\/\\\/dorogimedence.hu\\\/index.php\\\/2026\\\/06\\\/23\\\/pumukli-volt-a-muzeumok-ejszakaja-sztarja-esztergomban\\\/#breadcrumb\",\"itemListElement\":[{\"@type\":\"ListItem\",\"position\":1,\"name\":\"Kezd\u0151lap\",\"item\":\"https:\\\/\\\/dorogimedence.hu\\\/\"},{\"@type\":\"ListItem\",\"position\":2,\"name\":\"Pumukli volt a M\u00fazeumok \u00c9jszak\u00e1ja szt\u00e1rja Esztergomban\"}]},{\"@type\":\"WebSite\",\"@id\":\"https:\\\/\\\/dorogimedence.hu\\\/#website\",\"url\":\"https:\\\/\\\/dorogimedence.hu\\\/\",\"name\":\"Dorogi-medence Region\u00e1lis H\u00edrport\u00e1l\",\"description\":\"Dorog, Keszt\u00f6lc, Le\u00e1nyv\u00e1r, Piliscs\u00e9v, Tokod, Tokodalt\u00e1r\u00f3, Csolnok, Esztergom-kertv\u00e1ros: h\u00edrek, programok\",\"publisher\":{\"@id\":\"https:\\\/\\\/dorogimedence.hu\\\/#organization\"},\"potentialAction\":[{\"@type\":\"SearchAction\",\"target\":{\"@type\":\"EntryPoint\",\"urlTemplate\":\"https:\\\/\\\/dorogimedence.hu\\\/?s={search_term_string}\"},\"query-input\":{\"@type\":\"PropertyValueSpecification\",\"valueRequired\":true,\"valueName\":\"search_term_string\"}}],\"inLanguage\":\"hu\"},{\"@type\":\"Organization\",\"@id\":\"https:\\\/\\\/dorogimedence.hu\\\/#organization\",\"name\":\"Dorogi-medence Region\u00e1lis H\u00edrport\u00e1l\",\"url\":\"https:\\\/\\\/dorogimedence.hu\\\/\",\"logo\":{\"@type\":\"ImageObject\",\"inLanguage\":\"hu\",\"@id\":\"https:\\\/\\\/dorogimedence.hu\\\/#\\\/schema\\\/logo\\\/image\\\/\",\"url\":\"https:\\\/\\\/dorogimedence.hu\\\/wp-content\\\/uploads\\\/2021\\\/04\\\/logo-feher-600.png\",\"contentUrl\":\"https:\\\/\\\/dorogimedence.hu\\\/wp-content\\\/uploads\\\/2021\\\/04\\\/logo-feher-600.png\",\"width\":600,\"height\":100,\"caption\":\"Dorogi-medence Region\u00e1lis H\u00edrport\u00e1l\"},\"image\":{\"@id\":\"https:\\\/\\\/dorogimedence.hu\\\/#\\\/schema\\\/logo\\\/image\\\/\"},\"sameAs\":[\"https:\\\/\\\/www.facebook.com\\\/dorogimedence\\\/\"]},{\"@type\":\"Person\",\"@id\":\"https:\\\/\\\/dorogimedence.hu\\\/#\\\/schema\\\/person\\\/ce6091eeb7e95ecdc87890d6aa8e0fd4\",\"name\":\"dorogimedence.hu\",\"image\":{\"@type\":\"ImageObject\",\"inLanguage\":\"hu\",\"@id\":\"\\\/\\\/www.gravatar.com\\\/avatar\\\/d8d45f8901aadff40a4af72c0b826f1d?s=96&#038;r=g&#038;d=mm\",\"url\":\"\\\/\\\/www.gravatar.com\\\/avatar\\\/d8d45f8901aadff40a4af72c0b826f1d?s=96&#038;r=g&#038;d=mm\",\"contentUrl\":\"\\\/\\\/www.gravatar.com\\\/avatar\\\/d8d45f8901aadff40a4af72c0b826f1d?s=96&#038;r=g&#038;d=mm\",\"caption\":\"dorogimedence.hu\"}}]}<\/script>\n<!-- \/ Yoast SEO plugin. -->","yoast_head_json":{"title":"Pumukli volt a M\u00fazeumok \u00c9jszak\u00e1ja szt\u00e1rja Esztergomban","robots":{"index":"index","follow":"follow","max-snippet":"max-snippet:-1","max-image-preview":"max-image-preview:large","max-video-preview":"max-video-preview:-1"},"canonical":"https:\/\/dorogimedence.hu\/index.php\/2026\/06\/23\/pumukli-volt-a-muzeumok-ejszakaja-sztarja-esztergomban\/","og_locale":"hu_HU","og_type":"article","og_title":"Pumukli volt a M\u00fazeumok \u00c9jszak\u00e1ja szt\u00e1rja Esztergomban","og_description":"J\u00fanius 20-\u00e1n este ism\u00e9t megteltek \u00e9lettel Esztergom m\u00fazeumai, gal\u00e9ri\u00e1i \u00e9s kultur\u00e1lis helysz\u00ednei. A M\u00fazeumok \u00c9jszak\u00e1ja idei programjain sok sz\u00e1z l\u00e1togat\u00f3 vett r\u00e9szt, akik egyetlen karszalaggal fedezhett\u00e9k fel a v\u00e1ros gazdag kultur\u00e1lis k\u00edn\u00e1lat\u00e1t, a t\u00f6rt\u00e9nelmi eml\u00e9kekt\u0151l a tudom\u00e1nyos bemutat\u00f3kon \u00e1t eg\u00e9szen a csal\u00e1di programokig. A helysz\u00ednek k\u00f6z\u00f6tti ingyenes kisvonatos k\u00f6zleked\u00e9s id\u00e9n is a Richter Gedeon Nyrt.","og_url":"https:\/\/dorogimedence.hu\/index.php\/2026\/06\/23\/pumukli-volt-a-muzeumok-ejszakaja-sztarja-esztergomban\/","og_site_name":"Dorogi-medence Region\u00e1lis H\u00edrport\u00e1l","article_publisher":"https:\/\/www.facebook.com\/dorogimedence\/","article_published_time":"2026-06-23T14:11:41+00:00","og_image":[{"width":2048,"height":1365,"url":"https:\/\/dorogimedence.hu\/wp-content\/uploads\/2026\/06\/30.jpg","type":"image\/jpeg"}],"author":"dorogimedence.hu","twitter_card":"summary_large_image","twitter_misc":{"Szerz\u0151:":"dorogimedence.hu","Becs\u00fclt olvas\u00e1si id\u0151":"3 perc"},"schema":{"@context":"https:\/\/schema.org","@graph":[{"@type":"Article","@id":"https:\/\/dorogimedence.hu\/index.php\/2026\/06\/23\/pumukli-volt-a-muzeumok-ejszakaja-sztarja-esztergomban\/#article","isPartOf":{"@id":"https:\/\/dorogimedence.hu\/index.php\/2026\/06\/23\/pumukli-volt-a-muzeumok-ejszakaja-sztarja-esztergomban\/"},"author":{"name":"dorogimedence.hu","@id":"https:\/\/dorogimedence.hu\/#\/schema\/person\/ce6091eeb7e95ecdc87890d6aa8e0fd4"},"headline":"Pumukli volt a M\u00fazeumok \u00c9jszak\u00e1ja szt\u00e1rja Esztergomban","datePublished":"2026-06-23T14:11:41+00:00","mainEntityOfPage":{"@id":"https:\/\/dorogimedence.hu\/index.php\/2026\/06\/23\/pumukli-volt-a-muzeumok-ejszakaja-sztarja-esztergomban\/"},"wordCount":681,"publisher":{"@id":"https:\/\/dorogimedence.hu\/#organization"},"image":{"@id":"https:\/\/dorogimedence.hu\/index.php\/2026\/06\/23\/pumukli-volt-a-muzeumok-ejszakaja-sztarja-esztergomban\/#primaryimage"},"thumbnailUrl":"https:\/\/dorogimedence.hu\/wp-content\/uploads\/2026\/06\/30.jpg","keywords":["esztergom","M\u00fazeumok \u00c9jszak\u00e1ja"],"articleSection":["Esztergom","H\u00edrek"],"inLanguage":"hu"},{"@type":"WebPage","@id":"https:\/\/dorogimedence.hu\/index.php\/2026\/06\/23\/pumukli-volt-a-muzeumok-ejszakaja-sztarja-esztergomban\/","url":"https:\/\/dorogimedence.hu\/index.php\/2026\/06\/23\/pumukli-volt-a-muzeumok-ejszakaja-sztarja-esztergomban\/","name":"Pumukli volt a M\u00fazeumok \u00c9jszak\u00e1ja szt\u00e1rja Esztergomban","isPartOf":{"@id":"https:\/\/dorogimedence.hu\/#website"},"primaryImageOfPage":{"@id":"https:\/\/dorogimedence.hu\/index.php\/2026\/06\/23\/pumukli-volt-a-muzeumok-ejszakaja-sztarja-esztergomban\/#primaryimage"},"image":{"@id":"https:\/\/dorogimedence.hu\/index.php\/2026\/06\/23\/pumukli-volt-a-muzeumok-ejszakaja-sztarja-esztergomban\/#primaryimage"},"thumbnailUrl":"https:\/\/dorogimedence.hu\/wp-content\/uploads\/2026\/06\/30.jpg","datePublished":"2026-06-23T14:11:41+00:00","breadcrumb":{"@id":"https:\/\/dorogimedence.hu\/index.php\/2026\/06\/23\/pumukli-volt-a-muzeumok-ejszakaja-sztarja-esztergomban\/#breadcrumb"},"inLanguage":"hu","potentialAction":[{"@type":"ReadAction","target":["https:\/\/dorogimedence.hu\/index.php\/2026\/06\/23\/pumukli-volt-a-muzeumok-ejszakaja-sztarja-esztergomban\/"]}]},{"@type":"ImageObject","inLanguage":"hu","@id":"https:\/\/dorogimedence.hu\/index.php\/2026\/06\/23\/pumukli-volt-a-muzeumok-ejszakaja-sztarja-esztergomban\/#primaryimage","url":"https:\/\/dorogimedence.hu\/wp-content\/uploads\/2026\/06\/30.jpg","contentUrl":"https:\/\/dorogimedence.hu\/wp-content\/uploads\/2026\/06\/30.jpg","width":2048,"height":1365},{"@type":"BreadcrumbList","@id":"https:\/\/dorogimedence.hu\/index.php\/2026\/06\/23\/pumukli-volt-a-muzeumok-ejszakaja-sztarja-esztergomban\/#breadcrumb","itemListElement":[{"@type":"ListItem","position":1,"name":"Kezd\u0151lap","item":"https:\/\/dorogimedence.hu\/"},{"@type":"ListItem","position":2,"name":"Pumukli volt a M\u00fazeumok \u00c9jszak\u00e1ja szt\u00e1rja Esztergomban"}]},{"@type":"WebSite","@id":"https:\/\/dorogimedence.hu\/#website","url":"https:\/\/dorogimedence.hu\/","name":"Dorogi-medence Region\u00e1lis H\u00edrport\u00e1l","description":"Dorog, Keszt\u00f6lc, Le\u00e1nyv\u00e1r, Piliscs\u00e9v, Tokod, Tokodalt\u00e1r\u00f3, Csolnok, Esztergom-kertv\u00e1ros: h\u00edrek, programok","publisher":{"@id":"https:\/\/dorogimedence.hu\/#organization"},"potentialAction":[{"@type":"SearchAction","target":{"@type":"EntryPoint","urlTemplate":"https:\/\/dorogimedence.hu\/?s={search_term_string}"},"query-input":{"@type":"PropertyValueSpecification","valueRequired":true,"valueName":"search_term_string"}}],"inLanguage":"hu"},{"@type":"Organization","@id":"https:\/\/dorogimedence.hu\/#organization","name":"Dorogi-medence Region\u00e1lis H\u00edrport\u00e1l","url":"https:\/\/dorogimedence.hu\/","logo":{"@type":"ImageObject","inLanguage":"hu","@id":"https:\/\/dorogimedence.hu\/#\/schema\/logo\/image\/","url":"https:\/\/dorogimedence.hu\/wp-content\/uploads\/2021\/04\/logo-feher-600.png","contentUrl":"https:\/\/dorogimedence.hu\/wp-content\/uploads\/2021\/04\/logo-feher-600.png","width":600,"height":100,"caption":"Dorogi-medence Region\u00e1lis H\u00edrport\u00e1l"},"image":{"@id":"https:\/\/dorogimedence.hu\/#\/schema\/logo\/image\/"},"sameAs":["https:\/\/www.facebook.com\/dorogimedence\/"]},{"@type":"Person","@id":"https:\/\/dorogimedence.hu\/#\/schema\/person\/ce6091eeb7e95ecdc87890d6aa8e0fd4","name":"dorogimedence.hu","image":{"@type":"ImageObject","inLanguage":"hu","@id":"\/\/www.gravatar.com\/avatar\/d8d45f8901aadff40a4af72c0b826f1d?s=96&#038;r=g&#038;d=mm","url":"\/\/www.gravatar.com\/avatar\/d8d45f8901aadff40a4af72c0b826f1d?s=96&#038;r=g&#038;d=mm","contentUrl":"\/\/www.gravatar.com\/avatar\/d8d45f8901aadff40a4af72c0b826f1d?s=96&#038;r=g&#038;d=mm","caption":"dorogimedence.hu"}}]}},"_links":{"self":[{"href":"https:\/\/dorogimedence.hu\/index.php\/wp-json\/wp\/v2\/posts\/81350","targetHints":{"allow":["GET"]}}],"collection":[{"href":"https:\/\/dorogimedence.hu\/index.php\/wp-json\/wp\/v2\/posts"}],"about":[{"href":"https:\/\/dorogimedence.hu\/index.php\/wp-json\/wp\/v2\/types\/post"}],"author":[{"embeddable":true,"href":"https:\/\/dorogimedence.hu\/index.php\/wp-json\/wp\/v2\/users\/1"}],"replies":[{"embeddable":true,"href":"https:\/\/dorogimedence.hu\/index.php\/wp-json\/wp\/v2\/comments?post=81350"}],"version-history":[{"count":1,"href":"https:\/\/dorogimedence.hu\/index.php\/wp-json\/wp\/v2\/posts\/81350\/revisions"}],"predecessor-version":[{"id":81352,"href":"https:\/\/dorogimedence.hu\/index.php\/wp-json\/wp\/v2\/posts\/81350\/revisions\/81352"}],"wp:featuredmedia":[{"embeddable":true,"href":"https:\/\/dorogimedence.hu\/index.php\/wp-json\/wp\/v2\/media\/81351"}],"wp:attachment":[{"href":"https:\/\/dorogimedence.hu\/index.php\/wp-json\/wp\/v2\/media?parent=81350"}],"wp:term":[{"taxonomy":"category","embeddable":true,"href":"https:\/\/dorogimedence.hu\/index.php\/wp-json\/wp\/v2\/categories?post=81350"},{"taxonomy":"post_tag","embeddable":true,"href":"https:\/\/dorogimedence.hu\/index.php\/wp-json\/wp\/v2\/tags?post=81350"}],"curies":[{"name":"wp","href":"https:\/\/api.w.org\/{rel}","templated":true}]}}