{"id":81345,"date":"2026-06-23T15:20:16","date_gmt":"2026-06-23T13:20:16","guid":{"rendered":"https:\/\/dorogimedence.hu\/?p=81345"},"modified":"2026-06-23T15:22:56","modified_gmt":"2026-06-23T13:22:56","slug":"harmadfokura-emelik-a-hosegriasztast-tovabb-fokozodik-a-kanikula","status":"publish","type":"post","link":"https:\/\/dorogimedence.hu\/index.php\/2026\/06\/23\/harmadfokura-emelik-a-hosegriasztast-tovabb-fokozodik-a-kanikula\/","title":{"rendered":"Harmadfok\u00fara emelik a h\u0151s\u00e9griaszt\u00e1st, tov\u00e1bb fokoz\u00f3dik a k\u00e1nikula"},"content":{"rendered":"<p><strong>Az orsz\u00e1gos tisztif\u0151orvos a HungaroMet el\u0151rejelz\u00e9se alapj\u00e1n meghosszabb\u00edtotta a jelenleg \u00e9rv\u00e9nyben l\u00e9v\u0151 m\u00e1sodfok\u00fa h\u0151s\u00e9griaszt\u00e1st, amely \u00edgy j\u00fanius 26-\u00e1n (p\u00e9ntek) \u00e9jf\u00e9lig marad \u00e9rv\u00e9nyben az orsz\u00e1g teljes ter\u00fclet\u00e9n. A h\u0151s\u00e9g azonban tov\u00e1bb er\u0151s\u00f6dik, ez\u00e9rt j\u00fanius 27-\u00e9n (szombat) 0 \u00f3r\u00e1t\u00f3l j\u00fanius 30-\u00e1n (kedd) \u00e9jf\u00e9lig m\u00e1r harmadfok\u00fa h\u0151s\u00e9griaszt\u00e1s lesz \u00e9rv\u00e9nyben Magyarorsz\u00e1gon.<\/strong><\/p>\n<p>A Nemzeti N\u00e9peg\u00e9szs\u00e9g\u00fcgyi \u00e9s Gy\u00f3gyszer\u00e9szeti K\u00f6zpont, valamint a BM Orsz\u00e1gos Katasztr\u00f3fav\u00e9delmi F\u0151igazgat\u00f3s\u00e1g <a href=\"https:\/\/nngyk.gov.hu\/hu\/tovabbi-hirek\/a-hosegriasztas-meghosszabbodik-szombattol-mar-harmadfoku-riasztas-lesz-ervenyben.html\" target=\"_blank\" rel=\"noopener\"><span style=\"text-decoration: underline; color: #0000ff;\">k\u00f6z\u00f6s k\u00f6zlem\u00e9ny\u00e9ben<\/span><\/a> arra figyelmeztetett, hogy a tart\u00f3s extr\u00e9m meleg jelent\u0151s terhel\u00e9st r\u00f3 a szervezetre. K\u00fcl\u00f6n\u00f6sen vesz\u00e9lyeztetettek a kisgyermekek, az id\u0151sek, a v\u00e1rand\u00f3sok, valamint a sz\u00edv- \u00e9s \u00e9rrendszeri betegs\u00e9ggel \u00e9l\u0151k.<\/p>\n<p>A hat\u00f3s\u00e1gok arra k\u00e9rik a lakoss\u00e1got, hogy a k\u00f6vetkez\u0151 napokban fokozottan figyeljenek a megfelel\u0151 folyad\u00e9kp\u00f3tl\u00e1sra, \u00e9s lehet\u0151s\u00e9g szerint ker\u00fclj\u00e9k a t\u0171z\u0151 napot a d\u00e9li, kora d\u00e9lut\u00e1ni \u00f3r\u00e1kban. Javasolt a vil\u00e1gos, j\u00f3l szell\u0151z\u0151 ruh\u00e1zat visel\u00e9se, a napszem\u00fcveg \u00e9s a magas faktorsz\u00e1m\u00fa f\u00e9nyv\u00e9d\u0151 haszn\u00e1lata is.<\/p>\n<p>A szabadt\u00e9ri programokon, strandokon \u00e9s fesztiv\u00e1lokon szint\u00e9n \u00e9rdemes el\u0151vigy\u00e1zatosnak lenni. A szakemberek azt tan\u00e1csolj\u00e1k, hogy felhev\u00fclt testtel senki ne ugorjon a v\u00edzbe, hanem fokozatosan h\u0171tse le szervezet\u00e9t. Emellett a viharjelz\u00e9seket is figyelemmel kell k\u00eds\u00e9rni, mivel a nagy meleg hat\u00e1s\u00e1ra helyenk\u00e9nt zivatarok is kialakulhatnak.<\/p>\n<p>A k\u00f6zlem\u00e9ny kiemeli, hogy gyermekeket \u00e9s h\u00e1zi\u00e1llatokat m\u00e9g r\u00f6vid id\u0151re sem szabad parkol\u00f3 aut\u00f3ban hagyni, mert az utast\u00e9r percek alatt \u00e9letvesz\u00e9lyesen felmelegedhet. Amennyiben valaki aut\u00f3ban hagyott gyermeket vagy \u00e1llatot l\u00e1t, azonnal \u00e9rtes\u00edtse a 112-es seg\u00e9lyh\u00edv\u00f3t.<\/p>\n<p>A h\u0151s\u00e9g miatt a t\u0171zesetek kock\u00e1zata is n\u00f6vekszik. T\u00f6bb v\u00e1rmegy\u00e9ben tov\u00e1bbra is t\u0171zgy\u00fajt\u00e1si tilalom van \u00e9rv\u00e9nyben, ez\u00e9rt az erd\u0151kben \u00e9s azok k\u00f6zel\u00e9ben fokozott \u00f3vatoss\u00e1g sz\u00fcks\u00e9ges. A saj\u00e1t kertben t\u00f6rt\u00e9n\u0151 grillez\u00e9s vagy bogr\u00e1csoz\u00e1s tov\u00e1bbra is megengedett, de a t\u00fczet fel\u00fcgyelet n\u00e9lk\u00fcl hagyni tilos.<\/p>\n<p>A hat\u00f3s\u00e1gok szerint a k\u00f6vetkez\u0151 napokban k\u00fcl\u00f6n\u00f6sen fontos, hogy figyelj\u00fcnk egym\u00e1sra, els\u0151sorban az egyed\u00fcl \u00e9l\u0151 id\u0151sekre \u00e9s a seg\u00edts\u00e9gre szorul\u00f3kra. Egy poh\u00e1r v\u00edz, egy telefonh\u00edv\u00e1s vagy egy r\u00f6vid \u00e9rdekl\u0151d\u00e9s is sokat jelenthet a k\u00e1nikula idej\u00e9n.<\/p>\n<p>A h\u0151s\u00e9griaszt\u00e1sokkal kapcsolatos aktu\u00e1lis inform\u00e1ci\u00f3k a V\u00c9SZ applik\u00e1ci\u00f3ban, valamint a katasztr\u00f3fav\u00e9delem hivatalos fel\u00fcletein is nyomon k\u00f6vethet\u0151k.<\/p>\n<p><em>Bor\u00edt\u00f3k\u00e9p: illusztr\u00e1ci\u00f3 (ChatGPT &#8211; AI)<\/em><\/p>\n","protected":false},"excerpt":{"rendered":"<p>Az orsz\u00e1gos tisztif\u0151orvos a HungaroMet el\u0151rejelz\u00e9se alapj\u00e1n meghosszabb\u00edtotta a jelenleg \u00e9rv\u00e9nyben l\u00e9v\u0151 m\u00e1sodfok\u00fa h\u0151s\u00e9griaszt\u00e1st, amely \u00edgy j\u00fanius 26-\u00e1n (p\u00e9ntek) \u00e9jf\u00e9lig marad \u00e9rv\u00e9nyben az orsz\u00e1g teljes ter\u00fclet\u00e9n. A h\u0151s\u00e9g azonban tov\u00e1bb er\u0151s\u00f6dik, ez\u00e9rt j\u00fanius 27-\u00e9n (szombat) 0 \u00f3r\u00e1t\u00f3l j\u00fanius 30-\u00e1n (kedd) \u00e9jf\u00e9lig m\u00e1r harmadfok\u00fa h\u0151s\u00e9griaszt\u00e1s lesz \u00e9rv\u00e9nyben Magyarorsz\u00e1gon. A Nemzeti N\u00e9peg\u00e9szs\u00e9g\u00fcgyi \u00e9s Gy\u00f3gyszer\u00e9szeti K\u00f6zpont, valamint a<\/p>\n","protected":false},"author":1,"featured_media":81218,"comment_status":"closed","ping_status":"closed","sticky":false,"template":"","format":"standard","meta":{"ngg_post_thumbnail":0,"footnotes":""},"categories":[3],"tags":[5624,1173,2876,1203],"class_list":["post-81345","post","type-post","status-publish","format-standard","has-post-thumbnail","category-hirek","tag-featured","tag-hoseg","tag-hosegriasztas","tag-meteorologia"],"yoast_head":"<!-- This site is optimized with the Yoast SEO plugin v28.3 - https:\/\/yoast.com\/product\/yoast-seo-wordpress\/ -->\n<title>Harmadfok\u00fara emelik a h\u0151s\u00e9griaszt\u00e1st, tov\u00e1bb fokoz\u00f3dik a k\u00e1nikula<\/title>\n<meta name=\"robots\" content=\"index, follow, max-snippet:-1, max-image-preview:large, max-video-preview:-1\" \/>\n<link rel=\"canonical\" href=\"https:\/\/dorogimedence.hu\/index.php\/2026\/06\/23\/harmadfokura-emelik-a-hosegriasztast-tovabb-fokozodik-a-kanikula\/\" class=\"yoast-seo-meta-tag\" \/>\n<meta property=\"og:locale\" content=\"hu_HU\" class=\"yoast-seo-meta-tag\" \/>\n<meta property=\"og:type\" content=\"article\" class=\"yoast-seo-meta-tag\" \/>\n<meta property=\"og:title\" content=\"Harmadfok\u00fara emelik a h\u0151s\u00e9griaszt\u00e1st, tov\u00e1bb fokoz\u00f3dik a k\u00e1nikula\" class=\"yoast-seo-meta-tag\" \/>\n<meta property=\"og:description\" content=\"Az orsz\u00e1gos tisztif\u0151orvos a HungaroMet el\u0151rejelz\u00e9se alapj\u00e1n meghosszabb\u00edtotta a jelenleg \u00e9rv\u00e9nyben l\u00e9v\u0151 m\u00e1sodfok\u00fa h\u0151s\u00e9griaszt\u00e1st, amely \u00edgy j\u00fanius 26-\u00e1n (p\u00e9ntek) \u00e9jf\u00e9lig marad \u00e9rv\u00e9nyben az orsz\u00e1g teljes ter\u00fclet\u00e9n. A h\u0151s\u00e9g azonban tov\u00e1bb er\u0151s\u00f6dik, ez\u00e9rt j\u00fanius 27-\u00e9n (szombat) 0 \u00f3r\u00e1t\u00f3l j\u00fanius 30-\u00e1n (kedd) \u00e9jf\u00e9lig m\u00e1r harmadfok\u00fa h\u0151s\u00e9griaszt\u00e1s lesz \u00e9rv\u00e9nyben Magyarorsz\u00e1gon. A Nemzeti N\u00e9peg\u00e9szs\u00e9g\u00fcgyi \u00e9s Gy\u00f3gyszer\u00e9szeti K\u00f6zpont, valamint a\" class=\"yoast-seo-meta-tag\" \/>\n<meta property=\"og:url\" content=\"https:\/\/dorogimedence.hu\/index.php\/2026\/06\/23\/harmadfokura-emelik-a-hosegriasztast-tovabb-fokozodik-a-kanikula\/\" class=\"yoast-seo-meta-tag\" \/>\n<meta property=\"og:site_name\" content=\"Dorogi-medence Region\u00e1lis H\u00edrport\u00e1l\" class=\"yoast-seo-meta-tag\" \/>\n<meta property=\"article:publisher\" content=\"https:\/\/www.facebook.com\/dorogimedence\/\" class=\"yoast-seo-meta-tag\" \/>\n<meta property=\"article:published_time\" content=\"2026-06-23T13:20:16+00:00\" class=\"yoast-seo-meta-tag\" \/>\n<meta property=\"article:modified_time\" content=\"2026-06-23T13:22:56+00:00\" class=\"yoast-seo-meta-tag\" \/>\n<meta property=\"og:image\" content=\"https:\/\/dorogimedence.hu\/wp-content\/uploads\/2026\/06\/ChatGPT-Image-2026.-jun.-19.-08_07_24.png\" class=\"yoast-seo-meta-tag\" \/>\n\t<meta property=\"og:image:width\" content=\"1536\" class=\"yoast-seo-meta-tag\" \/>\n\t<meta property=\"og:image:height\" content=\"1024\" class=\"yoast-seo-meta-tag\" \/>\n\t<meta property=\"og:image:type\" content=\"image\/png\" class=\"yoast-seo-meta-tag\" \/>\n<meta name=\"author\" content=\"dorogimedence.hu\" class=\"yoast-seo-meta-tag\" \/>\n<meta name=\"twitter:card\" content=\"summary_large_image\" class=\"yoast-seo-meta-tag\" \/>\n<meta name=\"twitter:label1\" content=\"Szerz\u0151:\" class=\"yoast-seo-meta-tag\" \/>\n\t<meta name=\"twitter:data1\" content=\"dorogimedence.hu\" class=\"yoast-seo-meta-tag\" \/>\n\t<meta name=\"twitter:label2\" content=\"Becs\u00fclt olvas\u00e1si id\u0151\" class=\"yoast-seo-meta-tag\" \/>\n\t<meta name=\"twitter:data2\" content=\"3 perc\" class=\"yoast-seo-meta-tag\" \/>\n<script type=\"application\/ld+json\" class=\"yoast-schema-graph\">{\"@context\":\"https:\\\/\\\/schema.org\",\"@graph\":[{\"@type\":\"Article\",\"@id\":\"https:\\\/\\\/dorogimedence.hu\\\/index.php\\\/2026\\\/06\\\/23\\\/harmadfokura-emelik-a-hosegriasztast-tovabb-fokozodik-a-kanikula\\\/#article\",\"isPartOf\":{\"@id\":\"https:\\\/\\\/dorogimedence.hu\\\/index.php\\\/2026\\\/06\\\/23\\\/harmadfokura-emelik-a-hosegriasztast-tovabb-fokozodik-a-kanikula\\\/\"},\"author\":{\"name\":\"dorogimedence.hu\",\"@id\":\"https:\\\/\\\/dorogimedence.hu\\\/#\\\/schema\\\/person\\\/ce6091eeb7e95ecdc87890d6aa8e0fd4\"},\"headline\":\"Harmadfok\u00fara emelik a h\u0151s\u00e9griaszt\u00e1st, tov\u00e1bb fokoz\u00f3dik a k\u00e1nikula\",\"datePublished\":\"2026-06-23T13:20:16+00:00\",\"dateModified\":\"2026-06-23T13:22:56+00:00\",\"mainEntityOfPage\":{\"@id\":\"https:\\\/\\\/dorogimedence.hu\\\/index.php\\\/2026\\\/06\\\/23\\\/harmadfokura-emelik-a-hosegriasztast-tovabb-fokozodik-a-kanikula\\\/\"},\"wordCount\":524,\"publisher\":{\"@id\":\"https:\\\/\\\/dorogimedence.hu\\\/#organization\"},\"image\":{\"@id\":\"https:\\\/\\\/dorogimedence.hu\\\/index.php\\\/2026\\\/06\\\/23\\\/harmadfokura-emelik-a-hosegriasztast-tovabb-fokozodik-a-kanikula\\\/#primaryimage\"},\"thumbnailUrl\":\"https:\\\/\\\/dorogimedence.hu\\\/wp-content\\\/uploads\\\/2026\\\/06\\\/ChatGPT-Image-2026.-jun.-19.-08_07_24.png\",\"keywords\":[\"featured\",\"h\u0151s\u00e9g\",\"h\u0151s\u00e9griaszt\u00e1s\",\"meteorol\u00f3gia\"],\"articleSection\":[\"H\u00edrek\"],\"inLanguage\":\"hu\"},{\"@type\":\"WebPage\",\"@id\":\"https:\\\/\\\/dorogimedence.hu\\\/index.php\\\/2026\\\/06\\\/23\\\/harmadfokura-emelik-a-hosegriasztast-tovabb-fokozodik-a-kanikula\\\/\",\"url\":\"https:\\\/\\\/dorogimedence.hu\\\/index.php\\\/2026\\\/06\\\/23\\\/harmadfokura-emelik-a-hosegriasztast-tovabb-fokozodik-a-kanikula\\\/\",\"name\":\"Harmadfok\u00fara emelik a h\u0151s\u00e9griaszt\u00e1st, tov\u00e1bb fokoz\u00f3dik a k\u00e1nikula\",\"isPartOf\":{\"@id\":\"https:\\\/\\\/dorogimedence.hu\\\/#website\"},\"primaryImageOfPage\":{\"@id\":\"https:\\\/\\\/dorogimedence.hu\\\/index.php\\\/2026\\\/06\\\/23\\\/harmadfokura-emelik-a-hosegriasztast-tovabb-fokozodik-a-kanikula\\\/#primaryimage\"},\"image\":{\"@id\":\"https:\\\/\\\/dorogimedence.hu\\\/index.php\\\/2026\\\/06\\\/23\\\/harmadfokura-emelik-a-hosegriasztast-tovabb-fokozodik-a-kanikula\\\/#primaryimage\"},\"thumbnailUrl\":\"https:\\\/\\\/dorogimedence.hu\\\/wp-content\\\/uploads\\\/2026\\\/06\\\/ChatGPT-Image-2026.-jun.-19.-08_07_24.png\",\"datePublished\":\"2026-06-23T13:20:16+00:00\",\"dateModified\":\"2026-06-23T13:22:56+00:00\",\"breadcrumb\":{\"@id\":\"https:\\\/\\\/dorogimedence.hu\\\/index.php\\\/2026\\\/06\\\/23\\\/harmadfokura-emelik-a-hosegriasztast-tovabb-fokozodik-a-kanikula\\\/#breadcrumb\"},\"inLanguage\":\"hu\",\"potentialAction\":[{\"@type\":\"ReadAction\",\"target\":[\"https:\\\/\\\/dorogimedence.hu\\\/index.php\\\/2026\\\/06\\\/23\\\/harmadfokura-emelik-a-hosegriasztast-tovabb-fokozodik-a-kanikula\\\/\"]}]},{\"@type\":\"ImageObject\",\"inLanguage\":\"hu\",\"@id\":\"https:\\\/\\\/dorogimedence.hu\\\/index.php\\\/2026\\\/06\\\/23\\\/harmadfokura-emelik-a-hosegriasztast-tovabb-fokozodik-a-kanikula\\\/#primaryimage\",\"url\":\"https:\\\/\\\/dorogimedence.hu\\\/wp-content\\\/uploads\\\/2026\\\/06\\\/ChatGPT-Image-2026.-jun.-19.-08_07_24.png\",\"contentUrl\":\"https:\\\/\\\/dorogimedence.hu\\\/wp-content\\\/uploads\\\/2026\\\/06\\\/ChatGPT-Image-2026.-jun.-19.-08_07_24.png\",\"width\":1536,\"height\":1024},{\"@type\":\"BreadcrumbList\",\"@id\":\"https:\\\/\\\/dorogimedence.hu\\\/index.php\\\/2026\\\/06\\\/23\\\/harmadfokura-emelik-a-hosegriasztast-tovabb-fokozodik-a-kanikula\\\/#breadcrumb\",\"itemListElement\":[{\"@type\":\"ListItem\",\"position\":1,\"name\":\"Kezd\u0151lap\",\"item\":\"https:\\\/\\\/dorogimedence.hu\\\/\"},{\"@type\":\"ListItem\",\"position\":2,\"name\":\"Harmadfok\u00fara emelik a h\u0151s\u00e9griaszt\u00e1st, tov\u00e1bb fokoz\u00f3dik a k\u00e1nikula\"}]},{\"@type\":\"WebSite\",\"@id\":\"https:\\\/\\\/dorogimedence.hu\\\/#website\",\"url\":\"https:\\\/\\\/dorogimedence.hu\\\/\",\"name\":\"Dorogi-medence Region\u00e1lis H\u00edrport\u00e1l\",\"description\":\"Dorog, Keszt\u00f6lc, Le\u00e1nyv\u00e1r, Piliscs\u00e9v, Tokod, Tokodalt\u00e1r\u00f3, Csolnok, Esztergom-kertv\u00e1ros: h\u00edrek, programok\",\"publisher\":{\"@id\":\"https:\\\/\\\/dorogimedence.hu\\\/#organization\"},\"potentialAction\":[{\"@type\":\"SearchAction\",\"target\":{\"@type\":\"EntryPoint\",\"urlTemplate\":\"https:\\\/\\\/dorogimedence.hu\\\/?s={search_term_string}\"},\"query-input\":{\"@type\":\"PropertyValueSpecification\",\"valueRequired\":true,\"valueName\":\"search_term_string\"}}],\"inLanguage\":\"hu\"},{\"@type\":\"Organization\",\"@id\":\"https:\\\/\\\/dorogimedence.hu\\\/#organization\",\"name\":\"Dorogi-medence Region\u00e1lis H\u00edrport\u00e1l\",\"url\":\"https:\\\/\\\/dorogimedence.hu\\\/\",\"logo\":{\"@type\":\"ImageObject\",\"inLanguage\":\"hu\",\"@id\":\"https:\\\/\\\/dorogimedence.hu\\\/#\\\/schema\\\/logo\\\/image\\\/\",\"url\":\"https:\\\/\\\/dorogimedence.hu\\\/wp-content\\\/uploads\\\/2021\\\/04\\\/logo-feher-600.png\",\"contentUrl\":\"https:\\\/\\\/dorogimedence.hu\\\/wp-content\\\/uploads\\\/2021\\\/04\\\/logo-feher-600.png\",\"width\":600,\"height\":100,\"caption\":\"Dorogi-medence Region\u00e1lis H\u00edrport\u00e1l\"},\"image\":{\"@id\":\"https:\\\/\\\/dorogimedence.hu\\\/#\\\/schema\\\/logo\\\/image\\\/\"},\"sameAs\":[\"https:\\\/\\\/www.facebook.com\\\/dorogimedence\\\/\"]},{\"@type\":\"Person\",\"@id\":\"https:\\\/\\\/dorogimedence.hu\\\/#\\\/schema\\\/person\\\/ce6091eeb7e95ecdc87890d6aa8e0fd4\",\"name\":\"dorogimedence.hu\",\"image\":{\"@type\":\"ImageObject\",\"inLanguage\":\"hu\",\"@id\":\"\\\/\\\/www.gravatar.com\\\/avatar\\\/d8d45f8901aadff40a4af72c0b826f1d?s=96&#038;r=g&#038;d=mm\",\"url\":\"\\\/\\\/www.gravatar.com\\\/avatar\\\/d8d45f8901aadff40a4af72c0b826f1d?s=96&#038;r=g&#038;d=mm\",\"contentUrl\":\"\\\/\\\/www.gravatar.com\\\/avatar\\\/d8d45f8901aadff40a4af72c0b826f1d?s=96&#038;r=g&#038;d=mm\",\"caption\":\"dorogimedence.hu\"}}]}<\/script>\n<!-- \/ Yoast SEO plugin. -->","yoast_head_json":{"title":"Harmadfok\u00fara emelik a h\u0151s\u00e9griaszt\u00e1st, tov\u00e1bb fokoz\u00f3dik a k\u00e1nikula","robots":{"index":"index","follow":"follow","max-snippet":"max-snippet:-1","max-image-preview":"max-image-preview:large","max-video-preview":"max-video-preview:-1"},"canonical":"https:\/\/dorogimedence.hu\/index.php\/2026\/06\/23\/harmadfokura-emelik-a-hosegriasztast-tovabb-fokozodik-a-kanikula\/","og_locale":"hu_HU","og_type":"article","og_title":"Harmadfok\u00fara emelik a h\u0151s\u00e9griaszt\u00e1st, tov\u00e1bb fokoz\u00f3dik a k\u00e1nikula","og_description":"Az orsz\u00e1gos tisztif\u0151orvos a HungaroMet el\u0151rejelz\u00e9se alapj\u00e1n meghosszabb\u00edtotta a jelenleg \u00e9rv\u00e9nyben l\u00e9v\u0151 m\u00e1sodfok\u00fa h\u0151s\u00e9griaszt\u00e1st, amely \u00edgy j\u00fanius 26-\u00e1n (p\u00e9ntek) \u00e9jf\u00e9lig marad \u00e9rv\u00e9nyben az orsz\u00e1g teljes ter\u00fclet\u00e9n. A h\u0151s\u00e9g azonban tov\u00e1bb er\u0151s\u00f6dik, ez\u00e9rt j\u00fanius 27-\u00e9n (szombat) 0 \u00f3r\u00e1t\u00f3l j\u00fanius 30-\u00e1n (kedd) \u00e9jf\u00e9lig m\u00e1r harmadfok\u00fa h\u0151s\u00e9griaszt\u00e1s lesz \u00e9rv\u00e9nyben Magyarorsz\u00e1gon. A Nemzeti N\u00e9peg\u00e9szs\u00e9g\u00fcgyi \u00e9s Gy\u00f3gyszer\u00e9szeti K\u00f6zpont, valamint a","og_url":"https:\/\/dorogimedence.hu\/index.php\/2026\/06\/23\/harmadfokura-emelik-a-hosegriasztast-tovabb-fokozodik-a-kanikula\/","og_site_name":"Dorogi-medence Region\u00e1lis H\u00edrport\u00e1l","article_publisher":"https:\/\/www.facebook.com\/dorogimedence\/","article_published_time":"2026-06-23T13:20:16+00:00","article_modified_time":"2026-06-23T13:22:56+00:00","og_image":[{"width":1536,"height":1024,"url":"https:\/\/dorogimedence.hu\/wp-content\/uploads\/2026\/06\/ChatGPT-Image-2026.-jun.-19.-08_07_24.png","type":"image\/png"}],"author":"dorogimedence.hu","twitter_card":"summary_large_image","twitter_misc":{"Szerz\u0151:":"dorogimedence.hu","Becs\u00fclt olvas\u00e1si id\u0151":"3 perc"},"schema":{"@context":"https:\/\/schema.org","@graph":[{"@type":"Article","@id":"https:\/\/dorogimedence.hu\/index.php\/2026\/06\/23\/harmadfokura-emelik-a-hosegriasztast-tovabb-fokozodik-a-kanikula\/#article","isPartOf":{"@id":"https:\/\/dorogimedence.hu\/index.php\/2026\/06\/23\/harmadfokura-emelik-a-hosegriasztast-tovabb-fokozodik-a-kanikula\/"},"author":{"name":"dorogimedence.hu","@id":"https:\/\/dorogimedence.hu\/#\/schema\/person\/ce6091eeb7e95ecdc87890d6aa8e0fd4"},"headline":"Harmadfok\u00fara emelik a h\u0151s\u00e9griaszt\u00e1st, tov\u00e1bb fokoz\u00f3dik a k\u00e1nikula","datePublished":"2026-06-23T13:20:16+00:00","dateModified":"2026-06-23T13:22:56+00:00","mainEntityOfPage":{"@id":"https:\/\/dorogimedence.hu\/index.php\/2026\/06\/23\/harmadfokura-emelik-a-hosegriasztast-tovabb-fokozodik-a-kanikula\/"},"wordCount":524,"publisher":{"@id":"https:\/\/dorogimedence.hu\/#organization"},"image":{"@id":"https:\/\/dorogimedence.hu\/index.php\/2026\/06\/23\/harmadfokura-emelik-a-hosegriasztast-tovabb-fokozodik-a-kanikula\/#primaryimage"},"thumbnailUrl":"https:\/\/dorogimedence.hu\/wp-content\/uploads\/2026\/06\/ChatGPT-Image-2026.-jun.-19.-08_07_24.png","keywords":["featured","h\u0151s\u00e9g","h\u0151s\u00e9griaszt\u00e1s","meteorol\u00f3gia"],"articleSection":["H\u00edrek"],"inLanguage":"hu"},{"@type":"WebPage","@id":"https:\/\/dorogimedence.hu\/index.php\/2026\/06\/23\/harmadfokura-emelik-a-hosegriasztast-tovabb-fokozodik-a-kanikula\/","url":"https:\/\/dorogimedence.hu\/index.php\/2026\/06\/23\/harmadfokura-emelik-a-hosegriasztast-tovabb-fokozodik-a-kanikula\/","name":"Harmadfok\u00fara emelik a h\u0151s\u00e9griaszt\u00e1st, tov\u00e1bb fokoz\u00f3dik a k\u00e1nikula","isPartOf":{"@id":"https:\/\/dorogimedence.hu\/#website"},"primaryImageOfPage":{"@id":"https:\/\/dorogimedence.hu\/index.php\/2026\/06\/23\/harmadfokura-emelik-a-hosegriasztast-tovabb-fokozodik-a-kanikula\/#primaryimage"},"image":{"@id":"https:\/\/dorogimedence.hu\/index.php\/2026\/06\/23\/harmadfokura-emelik-a-hosegriasztast-tovabb-fokozodik-a-kanikula\/#primaryimage"},"thumbnailUrl":"https:\/\/dorogimedence.hu\/wp-content\/uploads\/2026\/06\/ChatGPT-Image-2026.-jun.-19.-08_07_24.png","datePublished":"2026-06-23T13:20:16+00:00","dateModified":"2026-06-23T13:22:56+00:00","breadcrumb":{"@id":"https:\/\/dorogimedence.hu\/index.php\/2026\/06\/23\/harmadfokura-emelik-a-hosegriasztast-tovabb-fokozodik-a-kanikula\/#breadcrumb"},"inLanguage":"hu","potentialAction":[{"@type":"ReadAction","target":["https:\/\/dorogimedence.hu\/index.php\/2026\/06\/23\/harmadfokura-emelik-a-hosegriasztast-tovabb-fokozodik-a-kanikula\/"]}]},{"@type":"ImageObject","inLanguage":"hu","@id":"https:\/\/dorogimedence.hu\/index.php\/2026\/06\/23\/harmadfokura-emelik-a-hosegriasztast-tovabb-fokozodik-a-kanikula\/#primaryimage","url":"https:\/\/dorogimedence.hu\/wp-content\/uploads\/2026\/06\/ChatGPT-Image-2026.-jun.-19.-08_07_24.png","contentUrl":"https:\/\/dorogimedence.hu\/wp-content\/uploads\/2026\/06\/ChatGPT-Image-2026.-jun.-19.-08_07_24.png","width":1536,"height":1024},{"@type":"BreadcrumbList","@id":"https:\/\/dorogimedence.hu\/index.php\/2026\/06\/23\/harmadfokura-emelik-a-hosegriasztast-tovabb-fokozodik-a-kanikula\/#breadcrumb","itemListElement":[{"@type":"ListItem","position":1,"name":"Kezd\u0151lap","item":"https:\/\/dorogimedence.hu\/"},{"@type":"ListItem","position":2,"name":"Harmadfok\u00fara emelik a h\u0151s\u00e9griaszt\u00e1st, tov\u00e1bb fokoz\u00f3dik a k\u00e1nikula"}]},{"@type":"WebSite","@id":"https:\/\/dorogimedence.hu\/#website","url":"https:\/\/dorogimedence.hu\/","name":"Dorogi-medence Region\u00e1lis H\u00edrport\u00e1l","description":"Dorog, Keszt\u00f6lc, Le\u00e1nyv\u00e1r, Piliscs\u00e9v, Tokod, Tokodalt\u00e1r\u00f3, Csolnok, Esztergom-kertv\u00e1ros: h\u00edrek, programok","publisher":{"@id":"https:\/\/dorogimedence.hu\/#organization"},"potentialAction":[{"@type":"SearchAction","target":{"@type":"EntryPoint","urlTemplate":"https:\/\/dorogimedence.hu\/?s={search_term_string}"},"query-input":{"@type":"PropertyValueSpecification","valueRequired":true,"valueName":"search_term_string"}}],"inLanguage":"hu"},{"@type":"Organization","@id":"https:\/\/dorogimedence.hu\/#organization","name":"Dorogi-medence Region\u00e1lis H\u00edrport\u00e1l","url":"https:\/\/dorogimedence.hu\/","logo":{"@type":"ImageObject","inLanguage":"hu","@id":"https:\/\/dorogimedence.hu\/#\/schema\/logo\/image\/","url":"https:\/\/dorogimedence.hu\/wp-content\/uploads\/2021\/04\/logo-feher-600.png","contentUrl":"https:\/\/dorogimedence.hu\/wp-content\/uploads\/2021\/04\/logo-feher-600.png","width":600,"height":100,"caption":"Dorogi-medence Region\u00e1lis H\u00edrport\u00e1l"},"image":{"@id":"https:\/\/dorogimedence.hu\/#\/schema\/logo\/image\/"},"sameAs":["https:\/\/www.facebook.com\/dorogimedence\/"]},{"@type":"Person","@id":"https:\/\/dorogimedence.hu\/#\/schema\/person\/ce6091eeb7e95ecdc87890d6aa8e0fd4","name":"dorogimedence.hu","image":{"@type":"ImageObject","inLanguage":"hu","@id":"\/\/www.gravatar.com\/avatar\/d8d45f8901aadff40a4af72c0b826f1d?s=96&#038;r=g&#038;d=mm","url":"\/\/www.gravatar.com\/avatar\/d8d45f8901aadff40a4af72c0b826f1d?s=96&#038;r=g&#038;d=mm","contentUrl":"\/\/www.gravatar.com\/avatar\/d8d45f8901aadff40a4af72c0b826f1d?s=96&#038;r=g&#038;d=mm","caption":"dorogimedence.hu"}}]}},"_links":{"self":[{"href":"https:\/\/dorogimedence.hu\/index.php\/wp-json\/wp\/v2\/posts\/81345","targetHints":{"allow":["GET"]}}],"collection":[{"href":"https:\/\/dorogimedence.hu\/index.php\/wp-json\/wp\/v2\/posts"}],"about":[{"href":"https:\/\/dorogimedence.hu\/index.php\/wp-json\/wp\/v2\/types\/post"}],"author":[{"embeddable":true,"href":"https:\/\/dorogimedence.hu\/index.php\/wp-json\/wp\/v2\/users\/1"}],"replies":[{"embeddable":true,"href":"https:\/\/dorogimedence.hu\/index.php\/wp-json\/wp\/v2\/comments?post=81345"}],"version-history":[{"count":3,"href":"https:\/\/dorogimedence.hu\/index.php\/wp-json\/wp\/v2\/posts\/81345\/revisions"}],"predecessor-version":[{"id":81349,"href":"https:\/\/dorogimedence.hu\/index.php\/wp-json\/wp\/v2\/posts\/81345\/revisions\/81349"}],"wp:featuredmedia":[{"embeddable":true,"href":"https:\/\/dorogimedence.hu\/index.php\/wp-json\/wp\/v2\/media\/81218"}],"wp:attachment":[{"href":"https:\/\/dorogimedence.hu\/index.php\/wp-json\/wp\/v2\/media?parent=81345"}],"wp:term":[{"taxonomy":"category","embeddable":true,"href":"https:\/\/dorogimedence.hu\/index.php\/wp-json\/wp\/v2\/categories?post=81345"},{"taxonomy":"post_tag","embeddable":true,"href":"https:\/\/dorogimedence.hu\/index.php\/wp-json\/wp\/v2\/tags?post=81345"}],"curies":[{"name":"wp","href":"https:\/\/api.w.org\/{rel}","templated":true}]}}