{"id":81328,"date":"2026-06-23T09:06:17","date_gmt":"2026-06-23T07:06:17","guid":{"rendered":"https:\/\/dorogimedence.hu\/?p=81328"},"modified":"2026-06-23T09:07:02","modified_gmt":"2026-06-23T07:07:02","slug":"a-kerecsensolymok-nyomaban-lezarult-a-2026-evi-gyuruzesi-es-jeladozasi-szezon","status":"publish","type":"post","link":"https:\/\/dorogimedence.hu\/index.php\/2026\/06\/23\/a-kerecsensolymok-nyomaban-lezarult-a-2026-evi-gyuruzesi-es-jeladozasi-szezon\/","title":{"rendered":"A kerecsens\u00f3lymok nyom\u00e1ban \u2013 lez\u00e1rult a 2026. \u00e9vi gy\u0171r\u0171z\u00e9si \u00e9s jelad\u00f3z\u00e1si szezon"},"content":{"rendered":"<div class=\"qMYqUG_convSearchResultHighlightRoot\">\n<div class=\"\" data-turn-id-container=\"request-WEB:bb957df7-3b3a-492a-96b2-f2b93ef30d2c-0\" data-is-intersecting=\"true\">\n<section class=\"text-token-text-primary w-full focus:outline-none has-data-writing-block:pointer-events-none [&amp;:has([data-writing-block])&gt;*]:pointer-events-auto R6Vx5W_threadScrollVars scroll-mb-[calc(var(--scroll-root-safe-area-inset-bottom,0px)+var(--thread-response-height))] scroll-mt-[calc(var(--header-height)+min(200px,max(70px,20svh)))]\" dir=\"auto\" data-turn-id=\"request-WEB:bb957df7-3b3a-492a-96b2-f2b93ef30d2c-0\" data-turn-id-container=\"request-WEB:bb957df7-3b3a-492a-96b2-f2b93ef30d2c-0\" data-testid=\"conversation-turn-2\" data-turn=\"assistant\">\n<div class=\"text-base my-auto mx-auto pb-10 [--thread-content-margin:var(--thread-content-margin-xs,calc(var(--spacing)*4))] @w-sm\/main:[--thread-content-margin:var(--thread-content-margin-sm,calc(var(--spacing)*6))] @w-lg\/main:[--thread-content-margin:var(--thread-content-margin-lg,calc(var(--spacing)*16))] px-(--thread-content-margin)\">\n<div class=\"[--thread-content-max-width:40rem] @w-lg\/main:[--thread-content-max-width:48rem] mx-auto max-w-(--thread-content-max-width) flex-1 group\/turn-messages focus-visible:outline-hidden relative flex w-full min-w-0 flex-col agent-turn\" data-conversation-screenshot-content=\"\">\n<div class=\"flex max-w-full flex-col gap-4 grow\">\n<div class=\"min-h-8 text-message relative flex w-full flex-col items-end gap-2 text-start break-words whitespace-normal outline-none keyboard-focused:focus-ring [.text-message+&amp;]:mt-1\" dir=\"auto\" tabindex=\"0\" data-message-author-role=\"assistant\" data-message-id=\"2acc6086-dd7b-4841-b9c4-bdbc4e500fec\" data-message-model-slug=\"gpt-5-5\" data-turn-start-message=\"true\">\n<div class=\"flex w-full flex-col gap-1 empty:hidden\">\n<div class=\"markdown prose dark:prose-invert wrap-break-word w-full light markdown-new-styling\">\n<p data-start=\"44\" data-end=\"547\" data-is-last-node=\"\" data-is-only-node=\"\"><strong>A fokozottan v\u00e9dett kerecsens\u00f3lyom \u00e1llom\u00e1ny\u00e1nak meg\u00f3v\u00e1s\u00e1t seg\u00edti az a kutat\u00e1si \u00e9s monitoring munka, amelynek idei szakasza nemr\u00e9g z\u00e1rult le Magyarorsz\u00e1gon. A LIFE SakerRoads projekt keret\u00e9ben a szakemberek id\u00e9n 17 fiatal madarat l\u00e1ttak el m\u0171holdas jelad\u00f3val, mik\u00f6zben gy\u0171r\u0171z\u00e9si, eg\u00e9szs\u00e9g\u00fcgyi \u00e9s genetikai vizsg\u00e1latokat is v\u00e9geztek. A program c\u00e9lja, hogy a vesz\u00e9lyeztetett ragadoz\u00f3 mad\u00e1r mozg\u00e1s\u00e1r\u00f3l \u00e9s t\u00fal\u00e9l\u00e9s\u00e9r\u0151l gy\u0171jt\u00f6tt adatok seg\u00edts\u00e9g\u00e9vel m\u00e9g hat\u00e9konyabb term\u00e9szetv\u00e9delmi int\u00e9zked\u00e9sek sz\u00fclethessenek.<\/strong><\/p>\n<\/div>\n<\/div>\n<\/div>\n<\/div>\n<\/div>\n<\/div>\n<\/section>\n<\/div>\n<\/div>\n<p>A kerecsens\u00f3lyom-fi\u00f3k\u00e1k gy\u0171r\u0171z\u00e9s\u00e9re \u00e9s biometriai adatainak felv\u00e9tel\u00e9re minden \u00e9vben m\u00e1jus \u00e9s j\u00fanius k\u00f6zepe k\u00f6z\u00f6tt ker\u00fcl sor, a fi\u00f3k\u00e1k fejletts\u00e9g\u00e9hez igazodva. A gy\u0171r\u0171z\u00e9sek mellett, a projekt keret\u00e9ben a Magyar Mad\u00e1rtani \u00e9s Term\u00e9szetv\u00e9delmi Egyes\u00fclet szakemberei 2024-ben kezdt\u00e9k meg a kerecsens\u00f3lyom-fi\u00f3k\u00e1k GPS-jelad\u00f3val t\u00f6rt\u00e9n\u0151 jel\u00f6l\u00e9s\u00e9t.<\/p>\n<p><img fetchpriority=\"high\" decoding=\"async\" class=\"alignnone size-full wp-image-81330\" src=\"https:\/\/dorogimedence.hu\/wp-content\/uploads\/2026\/06\/kerecsen-02.jpg\" alt=\"\" width=\"1920\" height=\"1280\" srcset=\"https:\/\/dorogimedence.hu\/wp-content\/uploads\/2026\/06\/kerecsen-02.jpg 1920w, https:\/\/dorogimedence.hu\/wp-content\/uploads\/2026\/06\/kerecsen-02-600x400.jpg 600w, https:\/\/dorogimedence.hu\/wp-content\/uploads\/2026\/06\/kerecsen-02-768x512.jpg 768w, https:\/\/dorogimedence.hu\/wp-content\/uploads\/2026\/06\/kerecsen-02-1536x1024.jpg 1536w, https:\/\/dorogimedence.hu\/wp-content\/uploads\/2026\/06\/kerecsen-02-150x100.jpg 150w, https:\/\/dorogimedence.hu\/wp-content\/uploads\/2026\/06\/kerecsen-02-450x300.jpg 450w, https:\/\/dorogimedence.hu\/wp-content\/uploads\/2026\/06\/kerecsen-02-1200x800.jpg 1200w, https:\/\/dorogimedence.hu\/wp-content\/uploads\/2026\/06\/kerecsen-02-272x182.jpg 272w\" sizes=\"(max-width: 1920px) 100vw, 1920px\" \/><\/p>\n<p>2026-ban a D\u00e9vav\u00e1nyai-s\u00edk \u00e9s a J\u00e1szs\u00e1g K\u00fcl\u00f6nleges Mad\u00e1rv\u00e9delmi Ter\u00fcleteken, \u00f6sszesen 5 f\u00e9szekben 17 fiatal kerecsens\u00f3lyom kapott m\u0171holdas nyomk\u00f6vet\u0151 eszk\u00f6zt, id\u00e9n kiz\u00e1r\u00f3lag f\u00e1n k\u00f6lt\u0151 p\u00e1rok fi\u00f3k\u00e1i. A LIFE SakerRoads projekt keret\u00e9ben ezzel \u00f6sszesen 86 fi\u00f3ka jel\u00f6l\u00e9se val\u00f3sult meg 2024 \u00f3ta. A korszer\u0171, mind\u00f6ssze 11 grammos eszk\u00f6z\u00f6k a kor\u00e1bbiakhoz k\u00e9pest l\u00e9nyegesen kisebb terhel\u00e9st jelentenek a madarak sz\u00e1m\u00e1ra, mik\u00f6zben \u00e9rt\u00e9kes inform\u00e1ci\u00f3kat szolg\u00e1ltatnak mozg\u00e1sukr\u00f3l, ter\u00fclethaszn\u00e1latukr\u00f3l \u00e9s t\u00fal\u00e9l\u00e9s\u00fckr\u0151l. Az \u00edgy gy\u0171jt\u00f6tt adatok nemzetk\u00f6zi szinten is jelent\u0151s \u00e9rt\u00e9ket k\u00e9pviselnek, hozz\u00e1j\u00e1rulva a faj term\u00e9szetv\u00e9delmi c\u00e9l\u00fa kutat\u00e1s\u00e1hoz \u00e9s v\u00e9delm\u00e9hez.&nbsp;<\/p>\n<p>A jelad\u00f3k felszerel\u00e9s\u00e9vel egy id\u0151ben \u00e1llatorvosi mintav\u00e9telez\u00e9sre is sor ker\u00fclt, melynek els\u0151dleges c\u00e9lja a fi\u00f3k\u00e1k \u00e1ltal\u00e1nos eg\u00e9szs\u00e9gi \u00e1llapot\u00e1nak felm\u00e9r\u00e9se. Emellett a genetikai mintav\u00e9telez\u00e9snek k\u00f6sz\u00f6nhet\u0151en DNS-ujjlenyomat-vizsg\u00e1latokat is v\u00e9gz\u00fcnk, amivel a fi\u00f3k\u00e1k genetikai \u00e1llom\u00e1nya alapj\u00e1n a sz\u00fcl\u0151k kil\u00e9te is meghat\u00e1rozhat\u00f3.&nbsp;<\/p>\n<p>A jelad\u00f3z\u00e1si akci\u00f3 a projektben ezzel a szakasz\u00e1val lez\u00e1rult, a tov\u00e1bbiakban a be\u00e9rkez\u0151 adatok elemz\u00e9se \u00e9s folyamatos monitoroz\u00e1sa k\u00f6vetkezik. A program c\u00e9lja, hogy a kerecsens\u00f3lymok pusztul\u00e1si okait a kor\u00e1bbin\u00e1l pontosabban, adatalap\u00fa m\u00f3don t\u00e1rja fel, \u00e9s ezzel hat\u00e9konyabb v\u00e9delmi int\u00e9zked\u00e9seket alapozzon meg. A jelad\u00f3k lehet\u0151v\u00e9 teszik a madarak mozg\u00e1s\u00e1nak napi szint\u0171 nyomon k\u00f6vet\u00e9s\u00e9t, \u00edgy sz\u00fcks\u00e9g eset\u00e9n gyors terepi beavatkoz\u00e1s is biztos\u00edthat\u00f3.<\/p>\n<p><img decoding=\"async\" class=\"alignnone size-full wp-image-81331\" src=\"https:\/\/dorogimedence.hu\/wp-content\/uploads\/2026\/06\/kerecsen-03.jpg\" alt=\"\" width=\"1920\" height=\"1440\" srcset=\"https:\/\/dorogimedence.hu\/wp-content\/uploads\/2026\/06\/kerecsen-03.jpg 1920w, https:\/\/dorogimedence.hu\/wp-content\/uploads\/2026\/06\/kerecsen-03-600x450.jpg 600w, https:\/\/dorogimedence.hu\/wp-content\/uploads\/2026\/06\/kerecsen-03-768x576.jpg 768w, https:\/\/dorogimedence.hu\/wp-content\/uploads\/2026\/06\/kerecsen-03-1536x1152.jpg 1536w, https:\/\/dorogimedence.hu\/wp-content\/uploads\/2026\/06\/kerecsen-03-150x113.jpg 150w, https:\/\/dorogimedence.hu\/wp-content\/uploads\/2026\/06\/kerecsen-03-450x338.jpg 450w, https:\/\/dorogimedence.hu\/wp-content\/uploads\/2026\/06\/kerecsen-03-1200x900.jpg 1200w\" sizes=\"(max-width: 1920px) 100vw, 1920px\" \/><\/p>\n<p>Ez\u00faton is k\u00f6sz\u00f6net a r\u00e9sztvev\u0151 nemzeti park igazgat\u00f3s\u00e1goknak \u2013 a B\u00fckki, a Hortob\u00e1gyi \u00e9s a K\u00f6r\u00f6s-Maros Nemzeti Park Igazgat\u00f3s\u00e1gnak \u2013, k\u00fcl\u00f6n kiemelve a term\u00e9szetv\u00e9delmi \u0151rszolg\u00e1latok munk\u00e1j\u00e1t, valamint a MAVIR Zrt. szakembereinek t\u00e1mogat\u00e1s\u00e1t, amely n\u00e9lk\u00fcl ez az \u00f6sszetett munka nem val\u00f3sulhatott volna meg. K\u00f6sz\u00f6net illeti tov\u00e1bb\u00e1 a k\u00f6zrem\u0171k\u00f6d\u0151 \u00e1llatorvosokat: Dr. S\u00f3s-Koroknai Vikt\u00f3ri\u00e1t, Dr. Erd\u00e9lyi K\u00e1rolyt \u00e9s Dr. S\u00f3s Endr\u00e9t.<\/p>\n<p>A LIFE SakerRoads &#8211; A kerecsens\u00f3lyom v\u00e9delme az \u00c9szak-alf\u00f6ldi r\u00e9gi\u00f3ban (LIFE21-NAT-HU-101074704) projektet az Eur\u00f3pai Uni\u00f3 LIFE programja t\u00e1mogatja.<\/p>\n<p><em>Fot\u00f3k<\/em><em>: G\u00f3cs Kata \/ Zvara G\u00e1bor \/ Vasv\u00e1ri Babaett \/ MME<br \/>\nForr\u00e1s: MME<\/em><\/p>\n","protected":false},"excerpt":{"rendered":"<p>A fokozottan v\u00e9dett kerecsens\u00f3lyom \u00e1llom\u00e1ny\u00e1nak meg\u00f3v\u00e1s\u00e1t seg\u00edti az a kutat\u00e1si \u00e9s monitoring munka, amelynek idei szakasza nemr\u00e9g z\u00e1rult le Magyarorsz\u00e1gon. A LIFE SakerRoads projekt keret\u00e9ben a szakemberek id\u00e9n 17 fiatal madarat l\u00e1ttak el m\u0171holdas jelad\u00f3val, mik\u00f6zben gy\u0171r\u0171z\u00e9si, eg\u00e9szs\u00e9g\u00fcgyi \u00e9s genetikai vizsg\u00e1latokat is v\u00e9geztek. A program c\u00e9lja, hogy a vesz\u00e9lyeztetett ragadoz\u00f3 mad\u00e1r mozg\u00e1s\u00e1r\u00f3l \u00e9s t\u00fal\u00e9l\u00e9s\u00e9r\u0151l gy\u0171jt\u00f6tt<\/p>\n","protected":false},"author":1,"featured_media":81329,"comment_status":"closed","ping_status":"closed","sticky":false,"template":"","format":"standard","meta":{"ngg_post_thumbnail":0,"footnotes":""},"categories":[3,6948],"tags":[7643,7325],"class_list":["post-81328","post","type-post","status-publish","format-standard","has-post-thumbnail","category-hirek","category-szines","tag-kerecsensolyom","tag-mme"],"yoast_head":"<!-- This site is optimized with the Yoast SEO plugin v28.3 - https:\/\/yoast.com\/product\/yoast-seo-wordpress\/ -->\n<title>A kerecsens\u00f3lymok nyom\u00e1ban \u2013 lez\u00e1rult a 2026. \u00e9vi gy\u0171r\u0171z\u00e9si \u00e9s jelad\u00f3z\u00e1si szezon<\/title>\n<meta name=\"robots\" content=\"index, follow, max-snippet:-1, max-image-preview:large, max-video-preview:-1\" \/>\n<link rel=\"canonical\" href=\"https:\/\/dorogimedence.hu\/index.php\/2026\/06\/23\/a-kerecsensolymok-nyomaban-lezarult-a-2026-evi-gyuruzesi-es-jeladozasi-szezon\/\" class=\"yoast-seo-meta-tag\" \/>\n<meta property=\"og:locale\" content=\"hu_HU\" class=\"yoast-seo-meta-tag\" \/>\n<meta property=\"og:type\" content=\"article\" class=\"yoast-seo-meta-tag\" \/>\n<meta property=\"og:title\" content=\"A kerecsens\u00f3lymok nyom\u00e1ban \u2013 lez\u00e1rult a 2026. \u00e9vi gy\u0171r\u0171z\u00e9si \u00e9s jelad\u00f3z\u00e1si szezon\" class=\"yoast-seo-meta-tag\" \/>\n<meta property=\"og:description\" content=\"A fokozottan v\u00e9dett kerecsens\u00f3lyom \u00e1llom\u00e1ny\u00e1nak meg\u00f3v\u00e1s\u00e1t seg\u00edti az a kutat\u00e1si \u00e9s monitoring munka, amelynek idei szakasza nemr\u00e9g z\u00e1rult le Magyarorsz\u00e1gon. A LIFE SakerRoads projekt keret\u00e9ben a szakemberek id\u00e9n 17 fiatal madarat l\u00e1ttak el m\u0171holdas jelad\u00f3val, mik\u00f6zben gy\u0171r\u0171z\u00e9si, eg\u00e9szs\u00e9g\u00fcgyi \u00e9s genetikai vizsg\u00e1latokat is v\u00e9geztek. A program c\u00e9lja, hogy a vesz\u00e9lyeztetett ragadoz\u00f3 mad\u00e1r mozg\u00e1s\u00e1r\u00f3l \u00e9s t\u00fal\u00e9l\u00e9s\u00e9r\u0151l gy\u0171jt\u00f6tt\" class=\"yoast-seo-meta-tag\" \/>\n<meta property=\"og:url\" content=\"https:\/\/dorogimedence.hu\/index.php\/2026\/06\/23\/a-kerecsensolymok-nyomaban-lezarult-a-2026-evi-gyuruzesi-es-jeladozasi-szezon\/\" class=\"yoast-seo-meta-tag\" \/>\n<meta property=\"og:site_name\" content=\"Dorogi-medence Region\u00e1lis H\u00edrport\u00e1l\" class=\"yoast-seo-meta-tag\" \/>\n<meta property=\"article:publisher\" content=\"https:\/\/www.facebook.com\/dorogimedence\/\" class=\"yoast-seo-meta-tag\" \/>\n<meta property=\"article:published_time\" content=\"2026-06-23T07:06:17+00:00\" class=\"yoast-seo-meta-tag\" \/>\n<meta property=\"article:modified_time\" content=\"2026-06-23T07:07:02+00:00\" class=\"yoast-seo-meta-tag\" \/>\n<meta property=\"og:image\" content=\"https:\/\/dorogimedence.hu\/wp-content\/uploads\/2026\/06\/kerecsen-01.jpg\" class=\"yoast-seo-meta-tag\" \/>\n\t<meta property=\"og:image:width\" content=\"755\" class=\"yoast-seo-meta-tag\" \/>\n\t<meta property=\"og:image:height\" content=\"566\" class=\"yoast-seo-meta-tag\" \/>\n\t<meta property=\"og:image:type\" content=\"image\/jpeg\" class=\"yoast-seo-meta-tag\" \/>\n<meta name=\"author\" content=\"dorogimedence.hu\" class=\"yoast-seo-meta-tag\" \/>\n<meta name=\"twitter:card\" content=\"summary_large_image\" class=\"yoast-seo-meta-tag\" \/>\n<meta name=\"twitter:label1\" content=\"Szerz\u0151:\" class=\"yoast-seo-meta-tag\" \/>\n\t<meta name=\"twitter:data1\" content=\"dorogimedence.hu\" class=\"yoast-seo-meta-tag\" \/>\n\t<meta name=\"twitter:label2\" content=\"Becs\u00fclt olvas\u00e1si id\u0151\" class=\"yoast-seo-meta-tag\" \/>\n\t<meta name=\"twitter:data2\" content=\"3 perc\" class=\"yoast-seo-meta-tag\" \/>\n<script type=\"application\/ld+json\" class=\"yoast-schema-graph\">{\"@context\":\"https:\\\/\\\/schema.org\",\"@graph\":[{\"@type\":\"Article\",\"@id\":\"https:\\\/\\\/dorogimedence.hu\\\/index.php\\\/2026\\\/06\\\/23\\\/a-kerecsensolymok-nyomaban-lezarult-a-2026-evi-gyuruzesi-es-jeladozasi-szezon\\\/#article\",\"isPartOf\":{\"@id\":\"https:\\\/\\\/dorogimedence.hu\\\/index.php\\\/2026\\\/06\\\/23\\\/a-kerecsensolymok-nyomaban-lezarult-a-2026-evi-gyuruzesi-es-jeladozasi-szezon\\\/\"},\"author\":{\"name\":\"dorogimedence.hu\",\"@id\":\"https:\\\/\\\/dorogimedence.hu\\\/#\\\/schema\\\/person\\\/ce6091eeb7e95ecdc87890d6aa8e0fd4\"},\"headline\":\"A kerecsens\u00f3lymok nyom\u00e1ban \u2013 lez\u00e1rult a 2026. \u00e9vi gy\u0171r\u0171z\u00e9si \u00e9s jelad\u00f3z\u00e1si szezon\",\"datePublished\":\"2026-06-23T07:06:17+00:00\",\"dateModified\":\"2026-06-23T07:07:02+00:00\",\"mainEntityOfPage\":{\"@id\":\"https:\\\/\\\/dorogimedence.hu\\\/index.php\\\/2026\\\/06\\\/23\\\/a-kerecsensolymok-nyomaban-lezarult-a-2026-evi-gyuruzesi-es-jeladozasi-szezon\\\/\"},\"wordCount\":649,\"publisher\":{\"@id\":\"https:\\\/\\\/dorogimedence.hu\\\/#organization\"},\"image\":{\"@id\":\"https:\\\/\\\/dorogimedence.hu\\\/index.php\\\/2026\\\/06\\\/23\\\/a-kerecsensolymok-nyomaban-lezarult-a-2026-evi-gyuruzesi-es-jeladozasi-szezon\\\/#primaryimage\"},\"thumbnailUrl\":\"https:\\\/\\\/dorogimedence.hu\\\/wp-content\\\/uploads\\\/2026\\\/06\\\/kerecsen-01.jpg\",\"keywords\":[\"kerecsens\u00f3lyom\",\"MME\"],\"articleSection\":[\"H\u00edrek\",\"Sz\u00ednes\"],\"inLanguage\":\"hu\"},{\"@type\":\"WebPage\",\"@id\":\"https:\\\/\\\/dorogimedence.hu\\\/index.php\\\/2026\\\/06\\\/23\\\/a-kerecsensolymok-nyomaban-lezarult-a-2026-evi-gyuruzesi-es-jeladozasi-szezon\\\/\",\"url\":\"https:\\\/\\\/dorogimedence.hu\\\/index.php\\\/2026\\\/06\\\/23\\\/a-kerecsensolymok-nyomaban-lezarult-a-2026-evi-gyuruzesi-es-jeladozasi-szezon\\\/\",\"name\":\"A kerecsens\u00f3lymok nyom\u00e1ban \u2013 lez\u00e1rult a 2026. \u00e9vi gy\u0171r\u0171z\u00e9si \u00e9s jelad\u00f3z\u00e1si szezon\",\"isPartOf\":{\"@id\":\"https:\\\/\\\/dorogimedence.hu\\\/#website\"},\"primaryImageOfPage\":{\"@id\":\"https:\\\/\\\/dorogimedence.hu\\\/index.php\\\/2026\\\/06\\\/23\\\/a-kerecsensolymok-nyomaban-lezarult-a-2026-evi-gyuruzesi-es-jeladozasi-szezon\\\/#primaryimage\"},\"image\":{\"@id\":\"https:\\\/\\\/dorogimedence.hu\\\/index.php\\\/2026\\\/06\\\/23\\\/a-kerecsensolymok-nyomaban-lezarult-a-2026-evi-gyuruzesi-es-jeladozasi-szezon\\\/#primaryimage\"},\"thumbnailUrl\":\"https:\\\/\\\/dorogimedence.hu\\\/wp-content\\\/uploads\\\/2026\\\/06\\\/kerecsen-01.jpg\",\"datePublished\":\"2026-06-23T07:06:17+00:00\",\"dateModified\":\"2026-06-23T07:07:02+00:00\",\"breadcrumb\":{\"@id\":\"https:\\\/\\\/dorogimedence.hu\\\/index.php\\\/2026\\\/06\\\/23\\\/a-kerecsensolymok-nyomaban-lezarult-a-2026-evi-gyuruzesi-es-jeladozasi-szezon\\\/#breadcrumb\"},\"inLanguage\":\"hu\",\"potentialAction\":[{\"@type\":\"ReadAction\",\"target\":[\"https:\\\/\\\/dorogimedence.hu\\\/index.php\\\/2026\\\/06\\\/23\\\/a-kerecsensolymok-nyomaban-lezarult-a-2026-evi-gyuruzesi-es-jeladozasi-szezon\\\/\"]}]},{\"@type\":\"ImageObject\",\"inLanguage\":\"hu\",\"@id\":\"https:\\\/\\\/dorogimedence.hu\\\/index.php\\\/2026\\\/06\\\/23\\\/a-kerecsensolymok-nyomaban-lezarult-a-2026-evi-gyuruzesi-es-jeladozasi-szezon\\\/#primaryimage\",\"url\":\"https:\\\/\\\/dorogimedence.hu\\\/wp-content\\\/uploads\\\/2026\\\/06\\\/kerecsen-01.jpg\",\"contentUrl\":\"https:\\\/\\\/dorogimedence.hu\\\/wp-content\\\/uploads\\\/2026\\\/06\\\/kerecsen-01.jpg\",\"width\":1920,\"height\":1440},{\"@type\":\"BreadcrumbList\",\"@id\":\"https:\\\/\\\/dorogimedence.hu\\\/index.php\\\/2026\\\/06\\\/23\\\/a-kerecsensolymok-nyomaban-lezarult-a-2026-evi-gyuruzesi-es-jeladozasi-szezon\\\/#breadcrumb\",\"itemListElement\":[{\"@type\":\"ListItem\",\"position\":1,\"name\":\"Kezd\u0151lap\",\"item\":\"https:\\\/\\\/dorogimedence.hu\\\/\"},{\"@type\":\"ListItem\",\"position\":2,\"name\":\"A kerecsens\u00f3lymok nyom\u00e1ban \u2013 lez\u00e1rult a 2026. \u00e9vi gy\u0171r\u0171z\u00e9si \u00e9s jelad\u00f3z\u00e1si szezon\"}]},{\"@type\":\"WebSite\",\"@id\":\"https:\\\/\\\/dorogimedence.hu\\\/#website\",\"url\":\"https:\\\/\\\/dorogimedence.hu\\\/\",\"name\":\"Dorogi-medence Region\u00e1lis H\u00edrport\u00e1l\",\"description\":\"Dorog, Keszt\u00f6lc, Le\u00e1nyv\u00e1r, Piliscs\u00e9v, Tokod, Tokodalt\u00e1r\u00f3, Csolnok, Esztergom-kertv\u00e1ros: h\u00edrek, programok\",\"publisher\":{\"@id\":\"https:\\\/\\\/dorogimedence.hu\\\/#organization\"},\"potentialAction\":[{\"@type\":\"SearchAction\",\"target\":{\"@type\":\"EntryPoint\",\"urlTemplate\":\"https:\\\/\\\/dorogimedence.hu\\\/?s={search_term_string}\"},\"query-input\":{\"@type\":\"PropertyValueSpecification\",\"valueRequired\":true,\"valueName\":\"search_term_string\"}}],\"inLanguage\":\"hu\"},{\"@type\":\"Organization\",\"@id\":\"https:\\\/\\\/dorogimedence.hu\\\/#organization\",\"name\":\"Dorogi-medence Region\u00e1lis H\u00edrport\u00e1l\",\"url\":\"https:\\\/\\\/dorogimedence.hu\\\/\",\"logo\":{\"@type\":\"ImageObject\",\"inLanguage\":\"hu\",\"@id\":\"https:\\\/\\\/dorogimedence.hu\\\/#\\\/schema\\\/logo\\\/image\\\/\",\"url\":\"https:\\\/\\\/dorogimedence.hu\\\/wp-content\\\/uploads\\\/2021\\\/04\\\/logo-feher-600.png\",\"contentUrl\":\"https:\\\/\\\/dorogimedence.hu\\\/wp-content\\\/uploads\\\/2021\\\/04\\\/logo-feher-600.png\",\"width\":600,\"height\":100,\"caption\":\"Dorogi-medence Region\u00e1lis H\u00edrport\u00e1l\"},\"image\":{\"@id\":\"https:\\\/\\\/dorogimedence.hu\\\/#\\\/schema\\\/logo\\\/image\\\/\"},\"sameAs\":[\"https:\\\/\\\/www.facebook.com\\\/dorogimedence\\\/\"]},{\"@type\":\"Person\",\"@id\":\"https:\\\/\\\/dorogimedence.hu\\\/#\\\/schema\\\/person\\\/ce6091eeb7e95ecdc87890d6aa8e0fd4\",\"name\":\"dorogimedence.hu\",\"image\":{\"@type\":\"ImageObject\",\"inLanguage\":\"hu\",\"@id\":\"\\\/\\\/www.gravatar.com\\\/avatar\\\/d8d45f8901aadff40a4af72c0b826f1d?s=96&#038;r=g&#038;d=mm\",\"url\":\"\\\/\\\/www.gravatar.com\\\/avatar\\\/d8d45f8901aadff40a4af72c0b826f1d?s=96&#038;r=g&#038;d=mm\",\"contentUrl\":\"\\\/\\\/www.gravatar.com\\\/avatar\\\/d8d45f8901aadff40a4af72c0b826f1d?s=96&#038;r=g&#038;d=mm\",\"caption\":\"dorogimedence.hu\"}}]}<\/script>\n<!-- \/ Yoast SEO plugin. -->","yoast_head_json":{"title":"A kerecsens\u00f3lymok nyom\u00e1ban \u2013 lez\u00e1rult a 2026. \u00e9vi gy\u0171r\u0171z\u00e9si \u00e9s jelad\u00f3z\u00e1si szezon","robots":{"index":"index","follow":"follow","max-snippet":"max-snippet:-1","max-image-preview":"max-image-preview:large","max-video-preview":"max-video-preview:-1"},"canonical":"https:\/\/dorogimedence.hu\/index.php\/2026\/06\/23\/a-kerecsensolymok-nyomaban-lezarult-a-2026-evi-gyuruzesi-es-jeladozasi-szezon\/","og_locale":"hu_HU","og_type":"article","og_title":"A kerecsens\u00f3lymok nyom\u00e1ban \u2013 lez\u00e1rult a 2026. \u00e9vi gy\u0171r\u0171z\u00e9si \u00e9s jelad\u00f3z\u00e1si szezon","og_description":"A fokozottan v\u00e9dett kerecsens\u00f3lyom \u00e1llom\u00e1ny\u00e1nak meg\u00f3v\u00e1s\u00e1t seg\u00edti az a kutat\u00e1si \u00e9s monitoring munka, amelynek idei szakasza nemr\u00e9g z\u00e1rult le Magyarorsz\u00e1gon. A LIFE SakerRoads projekt keret\u00e9ben a szakemberek id\u00e9n 17 fiatal madarat l\u00e1ttak el m\u0171holdas jelad\u00f3val, mik\u00f6zben gy\u0171r\u0171z\u00e9si, eg\u00e9szs\u00e9g\u00fcgyi \u00e9s genetikai vizsg\u00e1latokat is v\u00e9geztek. A program c\u00e9lja, hogy a vesz\u00e9lyeztetett ragadoz\u00f3 mad\u00e1r mozg\u00e1s\u00e1r\u00f3l \u00e9s t\u00fal\u00e9l\u00e9s\u00e9r\u0151l gy\u0171jt\u00f6tt","og_url":"https:\/\/dorogimedence.hu\/index.php\/2026\/06\/23\/a-kerecsensolymok-nyomaban-lezarult-a-2026-evi-gyuruzesi-es-jeladozasi-szezon\/","og_site_name":"Dorogi-medence Region\u00e1lis H\u00edrport\u00e1l","article_publisher":"https:\/\/www.facebook.com\/dorogimedence\/","article_published_time":"2026-06-23T07:06:17+00:00","article_modified_time":"2026-06-23T07:07:02+00:00","og_image":[{"url":"https:\/\/dorogimedence.hu\/wp-content\/uploads\/2026\/06\/kerecsen-01.jpg","width":755,"height":566,"type":"image\/jpeg"}],"author":"dorogimedence.hu","twitter_card":"summary_large_image","twitter_misc":{"Szerz\u0151:":"dorogimedence.hu","Becs\u00fclt olvas\u00e1si id\u0151":"3 perc"},"schema":{"@context":"https:\/\/schema.org","@graph":[{"@type":"Article","@id":"https:\/\/dorogimedence.hu\/index.php\/2026\/06\/23\/a-kerecsensolymok-nyomaban-lezarult-a-2026-evi-gyuruzesi-es-jeladozasi-szezon\/#article","isPartOf":{"@id":"https:\/\/dorogimedence.hu\/index.php\/2026\/06\/23\/a-kerecsensolymok-nyomaban-lezarult-a-2026-evi-gyuruzesi-es-jeladozasi-szezon\/"},"author":{"name":"dorogimedence.hu","@id":"https:\/\/dorogimedence.hu\/#\/schema\/person\/ce6091eeb7e95ecdc87890d6aa8e0fd4"},"headline":"A kerecsens\u00f3lymok nyom\u00e1ban \u2013 lez\u00e1rult a 2026. \u00e9vi gy\u0171r\u0171z\u00e9si \u00e9s jelad\u00f3z\u00e1si szezon","datePublished":"2026-06-23T07:06:17+00:00","dateModified":"2026-06-23T07:07:02+00:00","mainEntityOfPage":{"@id":"https:\/\/dorogimedence.hu\/index.php\/2026\/06\/23\/a-kerecsensolymok-nyomaban-lezarult-a-2026-evi-gyuruzesi-es-jeladozasi-szezon\/"},"wordCount":649,"publisher":{"@id":"https:\/\/dorogimedence.hu\/#organization"},"image":{"@id":"https:\/\/dorogimedence.hu\/index.php\/2026\/06\/23\/a-kerecsensolymok-nyomaban-lezarult-a-2026-evi-gyuruzesi-es-jeladozasi-szezon\/#primaryimage"},"thumbnailUrl":"https:\/\/dorogimedence.hu\/wp-content\/uploads\/2026\/06\/kerecsen-01.jpg","keywords":["kerecsens\u00f3lyom","MME"],"articleSection":["H\u00edrek","Sz\u00ednes"],"inLanguage":"hu"},{"@type":"WebPage","@id":"https:\/\/dorogimedence.hu\/index.php\/2026\/06\/23\/a-kerecsensolymok-nyomaban-lezarult-a-2026-evi-gyuruzesi-es-jeladozasi-szezon\/","url":"https:\/\/dorogimedence.hu\/index.php\/2026\/06\/23\/a-kerecsensolymok-nyomaban-lezarult-a-2026-evi-gyuruzesi-es-jeladozasi-szezon\/","name":"A kerecsens\u00f3lymok nyom\u00e1ban \u2013 lez\u00e1rult a 2026. \u00e9vi gy\u0171r\u0171z\u00e9si \u00e9s jelad\u00f3z\u00e1si szezon","isPartOf":{"@id":"https:\/\/dorogimedence.hu\/#website"},"primaryImageOfPage":{"@id":"https:\/\/dorogimedence.hu\/index.php\/2026\/06\/23\/a-kerecsensolymok-nyomaban-lezarult-a-2026-evi-gyuruzesi-es-jeladozasi-szezon\/#primaryimage"},"image":{"@id":"https:\/\/dorogimedence.hu\/index.php\/2026\/06\/23\/a-kerecsensolymok-nyomaban-lezarult-a-2026-evi-gyuruzesi-es-jeladozasi-szezon\/#primaryimage"},"thumbnailUrl":"https:\/\/dorogimedence.hu\/wp-content\/uploads\/2026\/06\/kerecsen-01.jpg","datePublished":"2026-06-23T07:06:17+00:00","dateModified":"2026-06-23T07:07:02+00:00","breadcrumb":{"@id":"https:\/\/dorogimedence.hu\/index.php\/2026\/06\/23\/a-kerecsensolymok-nyomaban-lezarult-a-2026-evi-gyuruzesi-es-jeladozasi-szezon\/#breadcrumb"},"inLanguage":"hu","potentialAction":[{"@type":"ReadAction","target":["https:\/\/dorogimedence.hu\/index.php\/2026\/06\/23\/a-kerecsensolymok-nyomaban-lezarult-a-2026-evi-gyuruzesi-es-jeladozasi-szezon\/"]}]},{"@type":"ImageObject","inLanguage":"hu","@id":"https:\/\/dorogimedence.hu\/index.php\/2026\/06\/23\/a-kerecsensolymok-nyomaban-lezarult-a-2026-evi-gyuruzesi-es-jeladozasi-szezon\/#primaryimage","url":"https:\/\/dorogimedence.hu\/wp-content\/uploads\/2026\/06\/kerecsen-01.jpg","contentUrl":"https:\/\/dorogimedence.hu\/wp-content\/uploads\/2026\/06\/kerecsen-01.jpg","width":1920,"height":1440},{"@type":"BreadcrumbList","@id":"https:\/\/dorogimedence.hu\/index.php\/2026\/06\/23\/a-kerecsensolymok-nyomaban-lezarult-a-2026-evi-gyuruzesi-es-jeladozasi-szezon\/#breadcrumb","itemListElement":[{"@type":"ListItem","position":1,"name":"Kezd\u0151lap","item":"https:\/\/dorogimedence.hu\/"},{"@type":"ListItem","position":2,"name":"A kerecsens\u00f3lymok nyom\u00e1ban \u2013 lez\u00e1rult a 2026. \u00e9vi gy\u0171r\u0171z\u00e9si \u00e9s jelad\u00f3z\u00e1si szezon"}]},{"@type":"WebSite","@id":"https:\/\/dorogimedence.hu\/#website","url":"https:\/\/dorogimedence.hu\/","name":"Dorogi-medence Region\u00e1lis H\u00edrport\u00e1l","description":"Dorog, Keszt\u00f6lc, Le\u00e1nyv\u00e1r, Piliscs\u00e9v, Tokod, Tokodalt\u00e1r\u00f3, Csolnok, Esztergom-kertv\u00e1ros: h\u00edrek, programok","publisher":{"@id":"https:\/\/dorogimedence.hu\/#organization"},"potentialAction":[{"@type":"SearchAction","target":{"@type":"EntryPoint","urlTemplate":"https:\/\/dorogimedence.hu\/?s={search_term_string}"},"query-input":{"@type":"PropertyValueSpecification","valueRequired":true,"valueName":"search_term_string"}}],"inLanguage":"hu"},{"@type":"Organization","@id":"https:\/\/dorogimedence.hu\/#organization","name":"Dorogi-medence Region\u00e1lis H\u00edrport\u00e1l","url":"https:\/\/dorogimedence.hu\/","logo":{"@type":"ImageObject","inLanguage":"hu","@id":"https:\/\/dorogimedence.hu\/#\/schema\/logo\/image\/","url":"https:\/\/dorogimedence.hu\/wp-content\/uploads\/2021\/04\/logo-feher-600.png","contentUrl":"https:\/\/dorogimedence.hu\/wp-content\/uploads\/2021\/04\/logo-feher-600.png","width":600,"height":100,"caption":"Dorogi-medence Region\u00e1lis H\u00edrport\u00e1l"},"image":{"@id":"https:\/\/dorogimedence.hu\/#\/schema\/logo\/image\/"},"sameAs":["https:\/\/www.facebook.com\/dorogimedence\/"]},{"@type":"Person","@id":"https:\/\/dorogimedence.hu\/#\/schema\/person\/ce6091eeb7e95ecdc87890d6aa8e0fd4","name":"dorogimedence.hu","image":{"@type":"ImageObject","inLanguage":"hu","@id":"\/\/www.gravatar.com\/avatar\/d8d45f8901aadff40a4af72c0b826f1d?s=96&#038;r=g&#038;d=mm","url":"\/\/www.gravatar.com\/avatar\/d8d45f8901aadff40a4af72c0b826f1d?s=96&#038;r=g&#038;d=mm","contentUrl":"\/\/www.gravatar.com\/avatar\/d8d45f8901aadff40a4af72c0b826f1d?s=96&#038;r=g&#038;d=mm","caption":"dorogimedence.hu"}}]}},"_links":{"self":[{"href":"https:\/\/dorogimedence.hu\/index.php\/wp-json\/wp\/v2\/posts\/81328","targetHints":{"allow":["GET"]}}],"collection":[{"href":"https:\/\/dorogimedence.hu\/index.php\/wp-json\/wp\/v2\/posts"}],"about":[{"href":"https:\/\/dorogimedence.hu\/index.php\/wp-json\/wp\/v2\/types\/post"}],"author":[{"embeddable":true,"href":"https:\/\/dorogimedence.hu\/index.php\/wp-json\/wp\/v2\/users\/1"}],"replies":[{"embeddable":true,"href":"https:\/\/dorogimedence.hu\/index.php\/wp-json\/wp\/v2\/comments?post=81328"}],"version-history":[{"count":2,"href":"https:\/\/dorogimedence.hu\/index.php\/wp-json\/wp\/v2\/posts\/81328\/revisions"}],"predecessor-version":[{"id":81333,"href":"https:\/\/dorogimedence.hu\/index.php\/wp-json\/wp\/v2\/posts\/81328\/revisions\/81333"}],"wp:featuredmedia":[{"embeddable":true,"href":"https:\/\/dorogimedence.hu\/index.php\/wp-json\/wp\/v2\/media\/81329"}],"wp:attachment":[{"href":"https:\/\/dorogimedence.hu\/index.php\/wp-json\/wp\/v2\/media?parent=81328"}],"wp:term":[{"taxonomy":"category","embeddable":true,"href":"https:\/\/dorogimedence.hu\/index.php\/wp-json\/wp\/v2\/categories?post=81328"},{"taxonomy":"post_tag","embeddable":true,"href":"https:\/\/dorogimedence.hu\/index.php\/wp-json\/wp\/v2\/tags?post=81328"}],"curies":[{"name":"wp","href":"https:\/\/api.w.org\/{rel}","templated":true}]}}