{"id":81322,"date":"2026-06-22T16:45:47","date_gmt":"2026-06-22T14:45:47","guid":{"rendered":"https:\/\/dorogimedence.hu\/?p=81322"},"modified":"2026-06-22T16:45:47","modified_gmt":"2026-06-22T14:45:47","slug":"folytatodik-a-szunyogok-elleni-vedekezes-varmegyenkben-is-lesz-larvagyerites","status":"publish","type":"post","link":"https:\/\/dorogimedence.hu\/index.php\/2026\/06\/22\/folytatodik-a-szunyogok-elleni-vedekezes-varmegyenkben-is-lesz-larvagyerites\/","title":{"rendered":"Folytat\u00f3dik a sz\u00fanyogok elleni v\u00e9dekez\u00e9s, v\u00e1rmegy\u00e9nkben is lesz l\u00e1rvagy\u00e9r\u00edt\u00e9s"},"content":{"rendered":"<p><strong>A h\u00e9ten Kom\u00e1rom-Esztergom v\u00e1rmegy\u00e9ben is folytat\u00f3dik a sz\u00fanyogok elleni v\u00e9dekez\u00e9s. A katasztr\u00f3fav\u00e9delem <a href=\"https:\/\/komarom.katasztrofavedelem.hu\/24940\/hirek\/297535\/folytatodik-a-szunyogok-elleni-vedekezes\" target=\"_blank\" rel=\"noopener\"><span style=\"text-decoration: underline; color: #0000ff;\">t\u00e1j\u00e9koztat\u00e1sa szerint<\/span><\/a> a szakemberek biol\u00f3giai l\u00e1rvagy\u00e9r\u00edt\u00e9st v\u00e9geznek, amelynek c\u00e9lja, hogy m\u00e9g a kifejlett sz\u00fanyogok megjelen\u00e9se el\u0151tt cs\u00f6kkents\u00e9k a v\u00e9rsz\u00edv\u00f3k sz\u00e1m\u00e1t.<\/strong><\/p>\n<p>Az Orsz\u00e1gos Katasztr\u00f3fav\u00e9delmi F\u0151igazgat\u00f3s\u00e1g <a href=\"https:\/\/www.katasztrofavedelem.hu\/29\/hirek\/297518\/folytatodik-a-szunyogok-elleni-vedekezes\" target=\"_blank\" rel=\"noopener\"><span style=\"text-decoration: underline; color: #0000ff;\">k\u00f6zl\u00e9se szerint<\/span><\/a> a h\u00e9ten Baranya, B\u00e9k\u00e9s, Csongr\u00e1d-Csan\u00e1d, J\u00e1sz-Nagykun-Szolnok, Kom\u00e1rom-Esztergom \u00e9s Pest v\u00e1rmegy\u00e9ben v\u00e9geznek biol\u00f3giai kezel\u00e9seket. Az elm\u00falt id\u0151szak csapad\u00e9ka ugyanis t\u00f6bb helyen kedvez\u0151 felt\u00e9teleket teremtett a sz\u00fanyogl\u00e1rv\u00e1k fejl\u0151d\u00e9s\u00e9hez.<\/p>\n<p>Kom\u00e1rom-Esztergom v\u00e1rmegy\u00e9ben a tervek szerint j\u00fanius 24-\u00e9n, szerd\u00e1n v\u00e9gzik el a beavatkoz\u00e1st. A k\u00f6zz\u00e9tett <a href=\"https:\/\/www.katasztrofavedelem.hu\/application\/uploads\/documents\/2026-06\/87679.html\" target=\"_blank\" rel=\"noopener\"><span style=\"text-decoration: underline; color: #0000ff;\">\u00fctemterv szerint<\/span><\/a> f\u00f6ldi biol\u00f3giai l\u00e1rvagy\u00e9r\u00edt\u00e9sre ker\u00fcl sor a v\u00e1rmegye v\u00edzparti \u00e9s agglomer\u00e1ci\u00f3s ter\u00fcletein, \u00f6sszesen 100 hekt\u00e1ron. L\u00e9gi kezel\u00e9sre ez\u00fattal nem lesz sz\u00fcks\u00e9g.<\/p>\n<p>A biol\u00f3giai l\u00e1rvagy\u00e9r\u00edt\u00e9s sor\u00e1n a szakemberek a sz\u00fanyogok teny\u00e9sz\u0151helyein egy term\u00e9szetes bakt\u00e9rium \u00e1ltal termelt feh\u00e9rj\u00e9t tartalmaz\u00f3 k\u00e9sz\u00edtm\u00e9nyt juttatnak a v\u00edzbe. Ez a m\u00f3dszer kiz\u00e1r\u00f3lag a cs\u00edp\u0151sz\u00fanyogok l\u00e1rv\u00e1it puszt\u00edtja el, m\u00e1s \u00e9l\u0151l\u00e9nyekre, \u00edgy p\u00e9ld\u00e1ul az \u00e1rvasz\u00fanyogokra, halakra vagy m\u00e1s v\u00edzi szervezetekre nem jelent vesz\u00e9lyt.<\/p>\n<p>A katasztr\u00f3fav\u00e9delem szerint a legt\u00f6bb t\u00e9rs\u00e9gben csak kisebb, elsz\u00f3rtan elhelyezked\u0151 teny\u00e9sz\u0151helyek alakultak ki, amelyeket aut\u00f3val vagy sz\u00fcks\u00e9g eset\u00e9n cs\u00f3nakkal k\u00f6zel\u00edtenek meg a szakemberek. Nagyobb kiterjed\u00e9s\u0171 kezel\u00e9sekre csak B\u00e9k\u00e9s \u00e9s Csongr\u00e1d-Csan\u00e1d v\u00e1rmegy\u00e9ben lesz sz\u00fcks\u00e9g, ahol rep\u00fcl\u0151r\u0151l juttatj\u00e1k ki a biol\u00f3giai k\u00e9sz\u00edtm\u00e9nyt.<\/p>\n<p>A szakemberek hangs\u00falyozz\u00e1k, hogy a szervezett l\u00e1rvagy\u00e9r\u00edt\u00e9s jelent\u0151sen cs\u00f6kkenti a k\u00e9s\u0151bbi sz\u00fanyog\u00e1rtalmat, ugyanakkor nem ny\u00fajt teljes v\u00e9delmet. A sz\u00fanyogok elleni v\u00e9dekez\u00e9sben a lakoss\u00e1gnak is fontos szerepe van, hiszen a h\u00e1z k\u00f6r\u00fcli vizekben, es\u0151v\u00edzgy\u0171jt\u0151kben, kerti t\u00e1rgyakban vagy ak\u00e1r a rendszeresen locsolt ter\u00fcleteken is k\u00f6nnyen kialakulhatnak teny\u00e9sz\u0151helyek.<\/p>\n<p>A katasztr\u00f3fav\u00e9delem arra k\u00e9ri a lakoss\u00e1got, hogy a h\u00e1z k\u00f6r\u00fcl \u00f6sszegy\u0171lt vizeket rendszeresen \u00f6nts\u00e9k ki vagy fedj\u00e9k le, ezzel is hozz\u00e1j\u00e1rulva a sz\u00fanyogok sz\u00e1m\u00e1nak cs\u00f6kkent\u00e9s\u00e9hez.<\/p>\n<p>A hat\u00f3s\u00e1g kiemelte, hogy jelenleg nincs sz\u00f3 sz\u00fanyoginv\u00e1zi\u00f3r\u00f3l, ez\u00e9rt a telep\u00fcl\u00e9sek belter\u00fclet\u00e9t \u00e9rint\u0151 k\u00e9miai sz\u00fanyoggy\u00e9r\u00edt\u00e9sekre egyel\u0151re nem ker\u00fcl sor.<\/p>\n<p><em>Bor\u00edt\u00f3k\u00e9p: illusztr\u00e1ci\u00f3 (magnific.com \u2013 jcomp)<\/em><\/p>\n","protected":false},"excerpt":{"rendered":"<p>A h\u00e9ten Kom\u00e1rom-Esztergom v\u00e1rmegy\u00e9ben is folytat\u00f3dik a sz\u00fanyogok elleni v\u00e9dekez\u00e9s. A katasztr\u00f3fav\u00e9delem t\u00e1j\u00e9koztat\u00e1sa szerint a szakemberek biol\u00f3giai l\u00e1rvagy\u00e9r\u00edt\u00e9st v\u00e9geznek, amelynek c\u00e9lja, hogy m\u00e9g a kifejlett sz\u00fanyogok megjelen\u00e9se el\u0151tt cs\u00f6kkents\u00e9k a v\u00e9rsz\u00edv\u00f3k sz\u00e1m\u00e1t. Az Orsz\u00e1gos Katasztr\u00f3fav\u00e9delmi F\u0151igazgat\u00f3s\u00e1g k\u00f6zl\u00e9se szerint a h\u00e9ten Baranya, B\u00e9k\u00e9s, Csongr\u00e1d-Csan\u00e1d, J\u00e1sz-Nagykun-Szolnok, Kom\u00e1rom-Esztergom \u00e9s Pest v\u00e1rmegy\u00e9ben v\u00e9geznek biol\u00f3giai kezel\u00e9seket. Az elm\u00falt id\u0151szak csapad\u00e9ka<\/p>\n","protected":false},"author":1,"featured_media":80168,"comment_status":"closed","ping_status":"closed","sticky":false,"template":"","format":"standard","meta":{"ngg_post_thumbnail":0,"footnotes":""},"categories":[3,56],"tags":[175,6890,1084,1085,65],"class_list":["post-81322","post","type-post","status-publish","format-standard","has-post-thumbnail","category-hirek","category-komarom-esztergom","tag-katasztrofavedelem","tag-komarom-esztergom-varmegye","tag-szunyoggyerites","tag-szunyogirtas","tag-tuzoltosag"],"yoast_head":"<!-- This site is optimized with the Yoast SEO plugin v28.3 - https:\/\/yoast.com\/product\/yoast-seo-wordpress\/ -->\n<title>Folytat\u00f3dik a sz\u00fanyogok elleni v\u00e9dekez\u00e9s, v\u00e1rmegy\u00e9nkben is lesz l\u00e1rvagy\u00e9r\u00edt\u00e9s<\/title>\n<meta name=\"robots\" content=\"index, follow, max-snippet:-1, max-image-preview:large, max-video-preview:-1\" \/>\n<link rel=\"canonical\" href=\"https:\/\/dorogimedence.hu\/index.php\/2026\/06\/22\/folytatodik-a-szunyogok-elleni-vedekezes-varmegyenkben-is-lesz-larvagyerites\/\" class=\"yoast-seo-meta-tag\" \/>\n<meta property=\"og:locale\" content=\"hu_HU\" class=\"yoast-seo-meta-tag\" \/>\n<meta property=\"og:type\" content=\"article\" class=\"yoast-seo-meta-tag\" \/>\n<meta property=\"og:title\" content=\"Folytat\u00f3dik a sz\u00fanyogok elleni v\u00e9dekez\u00e9s, v\u00e1rmegy\u00e9nkben is lesz l\u00e1rvagy\u00e9r\u00edt\u00e9s\" class=\"yoast-seo-meta-tag\" \/>\n<meta property=\"og:description\" content=\"A h\u00e9ten Kom\u00e1rom-Esztergom v\u00e1rmegy\u00e9ben is folytat\u00f3dik a sz\u00fanyogok elleni v\u00e9dekez\u00e9s. A katasztr\u00f3fav\u00e9delem t\u00e1j\u00e9koztat\u00e1sa szerint a szakemberek biol\u00f3giai l\u00e1rvagy\u00e9r\u00edt\u00e9st v\u00e9geznek, amelynek c\u00e9lja, hogy m\u00e9g a kifejlett sz\u00fanyogok megjelen\u00e9se el\u0151tt cs\u00f6kkents\u00e9k a v\u00e9rsz\u00edv\u00f3k sz\u00e1m\u00e1t. Az Orsz\u00e1gos Katasztr\u00f3fav\u00e9delmi F\u0151igazgat\u00f3s\u00e1g k\u00f6zl\u00e9se szerint a h\u00e9ten Baranya, B\u00e9k\u00e9s, Csongr\u00e1d-Csan\u00e1d, J\u00e1sz-Nagykun-Szolnok, Kom\u00e1rom-Esztergom \u00e9s Pest v\u00e1rmegy\u00e9ben v\u00e9geznek biol\u00f3giai kezel\u00e9seket. Az elm\u00falt id\u0151szak csapad\u00e9ka\" class=\"yoast-seo-meta-tag\" \/>\n<meta property=\"og:url\" content=\"https:\/\/dorogimedence.hu\/index.php\/2026\/06\/22\/folytatodik-a-szunyogok-elleni-vedekezes-varmegyenkben-is-lesz-larvagyerites\/\" class=\"yoast-seo-meta-tag\" \/>\n<meta property=\"og:site_name\" content=\"Dorogi-medence Region\u00e1lis H\u00edrport\u00e1l\" class=\"yoast-seo-meta-tag\" \/>\n<meta property=\"article:publisher\" content=\"https:\/\/www.facebook.com\/dorogimedence\/\" class=\"yoast-seo-meta-tag\" \/>\n<meta property=\"article:published_time\" content=\"2026-06-22T14:45:47+00:00\" class=\"yoast-seo-meta-tag\" \/>\n<meta property=\"og:image\" content=\"https:\/\/dorogimedence.hu\/wp-content\/uploads\/2026\/05\/1876.jpg\" class=\"yoast-seo-meta-tag\" \/>\n\t<meta property=\"og:image:width\" content=\"1500\" class=\"yoast-seo-meta-tag\" \/>\n\t<meta property=\"og:image:height\" content=\"711\" class=\"yoast-seo-meta-tag\" \/>\n\t<meta property=\"og:image:type\" content=\"image\/jpeg\" class=\"yoast-seo-meta-tag\" \/>\n<meta name=\"author\" content=\"dorogimedence.hu\" class=\"yoast-seo-meta-tag\" \/>\n<meta name=\"twitter:card\" content=\"summary_large_image\" class=\"yoast-seo-meta-tag\" \/>\n<meta name=\"twitter:label1\" content=\"Szerz\u0151:\" class=\"yoast-seo-meta-tag\" \/>\n\t<meta name=\"twitter:data1\" content=\"dorogimedence.hu\" class=\"yoast-seo-meta-tag\" \/>\n\t<meta name=\"twitter:label2\" content=\"Becs\u00fclt olvas\u00e1si id\u0151\" class=\"yoast-seo-meta-tag\" \/>\n\t<meta name=\"twitter:data2\" content=\"3 perc\" class=\"yoast-seo-meta-tag\" \/>\n<script type=\"application\/ld+json\" class=\"yoast-schema-graph\">{\"@context\":\"https:\\\/\\\/schema.org\",\"@graph\":[{\"@type\":\"Article\",\"@id\":\"https:\\\/\\\/dorogimedence.hu\\\/index.php\\\/2026\\\/06\\\/22\\\/folytatodik-a-szunyogok-elleni-vedekezes-varmegyenkben-is-lesz-larvagyerites\\\/#article\",\"isPartOf\":{\"@id\":\"https:\\\/\\\/dorogimedence.hu\\\/index.php\\\/2026\\\/06\\\/22\\\/folytatodik-a-szunyogok-elleni-vedekezes-varmegyenkben-is-lesz-larvagyerites\\\/\"},\"author\":{\"name\":\"dorogimedence.hu\",\"@id\":\"https:\\\/\\\/dorogimedence.hu\\\/#\\\/schema\\\/person\\\/ce6091eeb7e95ecdc87890d6aa8e0fd4\"},\"headline\":\"Folytat\u00f3dik a sz\u00fanyogok elleni v\u00e9dekez\u00e9s, v\u00e1rmegy\u00e9nkben is lesz l\u00e1rvagy\u00e9r\u00edt\u00e9s\",\"datePublished\":\"2026-06-22T14:45:47+00:00\",\"mainEntityOfPage\":{\"@id\":\"https:\\\/\\\/dorogimedence.hu\\\/index.php\\\/2026\\\/06\\\/22\\\/folytatodik-a-szunyogok-elleni-vedekezes-varmegyenkben-is-lesz-larvagyerites\\\/\"},\"wordCount\":524,\"publisher\":{\"@id\":\"https:\\\/\\\/dorogimedence.hu\\\/#organization\"},\"image\":{\"@id\":\"https:\\\/\\\/dorogimedence.hu\\\/index.php\\\/2026\\\/06\\\/22\\\/folytatodik-a-szunyogok-elleni-vedekezes-varmegyenkben-is-lesz-larvagyerites\\\/#primaryimage\"},\"thumbnailUrl\":\"https:\\\/\\\/dorogimedence.hu\\\/wp-content\\\/uploads\\\/2026\\\/05\\\/1876.jpg\",\"keywords\":[\"katasztr\u00f3fav\u00e9delem\",\"Kom\u00e1rom-Esztergom v\u00e1rmegye\",\"sz\u00fanyoggy\u00e9r\u00edt\u00e9s\",\"sz\u00fanyog\u00edrt\u00e1s\",\"t\u0171zolt\u00f3s\u00e1g\"],\"articleSection\":[\"H\u00edrek\",\"Kom\u00e1rom-Esztergom\"],\"inLanguage\":\"hu\"},{\"@type\":\"WebPage\",\"@id\":\"https:\\\/\\\/dorogimedence.hu\\\/index.php\\\/2026\\\/06\\\/22\\\/folytatodik-a-szunyogok-elleni-vedekezes-varmegyenkben-is-lesz-larvagyerites\\\/\",\"url\":\"https:\\\/\\\/dorogimedence.hu\\\/index.php\\\/2026\\\/06\\\/22\\\/folytatodik-a-szunyogok-elleni-vedekezes-varmegyenkben-is-lesz-larvagyerites\\\/\",\"name\":\"Folytat\u00f3dik a sz\u00fanyogok elleni v\u00e9dekez\u00e9s, v\u00e1rmegy\u00e9nkben is lesz l\u00e1rvagy\u00e9r\u00edt\u00e9s\",\"isPartOf\":{\"@id\":\"https:\\\/\\\/dorogimedence.hu\\\/#website\"},\"primaryImageOfPage\":{\"@id\":\"https:\\\/\\\/dorogimedence.hu\\\/index.php\\\/2026\\\/06\\\/22\\\/folytatodik-a-szunyogok-elleni-vedekezes-varmegyenkben-is-lesz-larvagyerites\\\/#primaryimage\"},\"image\":{\"@id\":\"https:\\\/\\\/dorogimedence.hu\\\/index.php\\\/2026\\\/06\\\/22\\\/folytatodik-a-szunyogok-elleni-vedekezes-varmegyenkben-is-lesz-larvagyerites\\\/#primaryimage\"},\"thumbnailUrl\":\"https:\\\/\\\/dorogimedence.hu\\\/wp-content\\\/uploads\\\/2026\\\/05\\\/1876.jpg\",\"datePublished\":\"2026-06-22T14:45:47+00:00\",\"breadcrumb\":{\"@id\":\"https:\\\/\\\/dorogimedence.hu\\\/index.php\\\/2026\\\/06\\\/22\\\/folytatodik-a-szunyogok-elleni-vedekezes-varmegyenkben-is-lesz-larvagyerites\\\/#breadcrumb\"},\"inLanguage\":\"hu\",\"potentialAction\":[{\"@type\":\"ReadAction\",\"target\":[\"https:\\\/\\\/dorogimedence.hu\\\/index.php\\\/2026\\\/06\\\/22\\\/folytatodik-a-szunyogok-elleni-vedekezes-varmegyenkben-is-lesz-larvagyerites\\\/\"]}]},{\"@type\":\"ImageObject\",\"inLanguage\":\"hu\",\"@id\":\"https:\\\/\\\/dorogimedence.hu\\\/index.php\\\/2026\\\/06\\\/22\\\/folytatodik-a-szunyogok-elleni-vedekezes-varmegyenkben-is-lesz-larvagyerites\\\/#primaryimage\",\"url\":\"https:\\\/\\\/dorogimedence.hu\\\/wp-content\\\/uploads\\\/2026\\\/05\\\/1876.jpg\",\"contentUrl\":\"https:\\\/\\\/dorogimedence.hu\\\/wp-content\\\/uploads\\\/2026\\\/05\\\/1876.jpg\",\"width\":1500,\"height\":711},{\"@type\":\"BreadcrumbList\",\"@id\":\"https:\\\/\\\/dorogimedence.hu\\\/index.php\\\/2026\\\/06\\\/22\\\/folytatodik-a-szunyogok-elleni-vedekezes-varmegyenkben-is-lesz-larvagyerites\\\/#breadcrumb\",\"itemListElement\":[{\"@type\":\"ListItem\",\"position\":1,\"name\":\"Kezd\u0151lap\",\"item\":\"https:\\\/\\\/dorogimedence.hu\\\/\"},{\"@type\":\"ListItem\",\"position\":2,\"name\":\"Folytat\u00f3dik a sz\u00fanyogok elleni v\u00e9dekez\u00e9s, v\u00e1rmegy\u00e9nkben is lesz l\u00e1rvagy\u00e9r\u00edt\u00e9s\"}]},{\"@type\":\"WebSite\",\"@id\":\"https:\\\/\\\/dorogimedence.hu\\\/#website\",\"url\":\"https:\\\/\\\/dorogimedence.hu\\\/\",\"name\":\"Dorogi-medence Region\u00e1lis H\u00edrport\u00e1l\",\"description\":\"Dorog, Keszt\u00f6lc, Le\u00e1nyv\u00e1r, Piliscs\u00e9v, Tokod, Tokodalt\u00e1r\u00f3, Csolnok, Esztergom-kertv\u00e1ros: h\u00edrek, programok\",\"publisher\":{\"@id\":\"https:\\\/\\\/dorogimedence.hu\\\/#organization\"},\"potentialAction\":[{\"@type\":\"SearchAction\",\"target\":{\"@type\":\"EntryPoint\",\"urlTemplate\":\"https:\\\/\\\/dorogimedence.hu\\\/?s={search_term_string}\"},\"query-input\":{\"@type\":\"PropertyValueSpecification\",\"valueRequired\":true,\"valueName\":\"search_term_string\"}}],\"inLanguage\":\"hu\"},{\"@type\":\"Organization\",\"@id\":\"https:\\\/\\\/dorogimedence.hu\\\/#organization\",\"name\":\"Dorogi-medence Region\u00e1lis H\u00edrport\u00e1l\",\"url\":\"https:\\\/\\\/dorogimedence.hu\\\/\",\"logo\":{\"@type\":\"ImageObject\",\"inLanguage\":\"hu\",\"@id\":\"https:\\\/\\\/dorogimedence.hu\\\/#\\\/schema\\\/logo\\\/image\\\/\",\"url\":\"https:\\\/\\\/dorogimedence.hu\\\/wp-content\\\/uploads\\\/2021\\\/04\\\/logo-feher-600.png\",\"contentUrl\":\"https:\\\/\\\/dorogimedence.hu\\\/wp-content\\\/uploads\\\/2021\\\/04\\\/logo-feher-600.png\",\"width\":600,\"height\":100,\"caption\":\"Dorogi-medence Region\u00e1lis H\u00edrport\u00e1l\"},\"image\":{\"@id\":\"https:\\\/\\\/dorogimedence.hu\\\/#\\\/schema\\\/logo\\\/image\\\/\"},\"sameAs\":[\"https:\\\/\\\/www.facebook.com\\\/dorogimedence\\\/\"]},{\"@type\":\"Person\",\"@id\":\"https:\\\/\\\/dorogimedence.hu\\\/#\\\/schema\\\/person\\\/ce6091eeb7e95ecdc87890d6aa8e0fd4\",\"name\":\"dorogimedence.hu\",\"image\":{\"@type\":\"ImageObject\",\"inLanguage\":\"hu\",\"@id\":\"\\\/\\\/www.gravatar.com\\\/avatar\\\/d8d45f8901aadff40a4af72c0b826f1d?s=96&#038;r=g&#038;d=mm\",\"url\":\"\\\/\\\/www.gravatar.com\\\/avatar\\\/d8d45f8901aadff40a4af72c0b826f1d?s=96&#038;r=g&#038;d=mm\",\"contentUrl\":\"\\\/\\\/www.gravatar.com\\\/avatar\\\/d8d45f8901aadff40a4af72c0b826f1d?s=96&#038;r=g&#038;d=mm\",\"caption\":\"dorogimedence.hu\"}}]}<\/script>\n<!-- \/ Yoast SEO plugin. -->","yoast_head_json":{"title":"Folytat\u00f3dik a sz\u00fanyogok elleni v\u00e9dekez\u00e9s, v\u00e1rmegy\u00e9nkben is lesz l\u00e1rvagy\u00e9r\u00edt\u00e9s","robots":{"index":"index","follow":"follow","max-snippet":"max-snippet:-1","max-image-preview":"max-image-preview:large","max-video-preview":"max-video-preview:-1"},"canonical":"https:\/\/dorogimedence.hu\/index.php\/2026\/06\/22\/folytatodik-a-szunyogok-elleni-vedekezes-varmegyenkben-is-lesz-larvagyerites\/","og_locale":"hu_HU","og_type":"article","og_title":"Folytat\u00f3dik a sz\u00fanyogok elleni v\u00e9dekez\u00e9s, v\u00e1rmegy\u00e9nkben is lesz l\u00e1rvagy\u00e9r\u00edt\u00e9s","og_description":"A h\u00e9ten Kom\u00e1rom-Esztergom v\u00e1rmegy\u00e9ben is folytat\u00f3dik a sz\u00fanyogok elleni v\u00e9dekez\u00e9s. A katasztr\u00f3fav\u00e9delem t\u00e1j\u00e9koztat\u00e1sa szerint a szakemberek biol\u00f3giai l\u00e1rvagy\u00e9r\u00edt\u00e9st v\u00e9geznek, amelynek c\u00e9lja, hogy m\u00e9g a kifejlett sz\u00fanyogok megjelen\u00e9se el\u0151tt cs\u00f6kkents\u00e9k a v\u00e9rsz\u00edv\u00f3k sz\u00e1m\u00e1t. Az Orsz\u00e1gos Katasztr\u00f3fav\u00e9delmi F\u0151igazgat\u00f3s\u00e1g k\u00f6zl\u00e9se szerint a h\u00e9ten Baranya, B\u00e9k\u00e9s, Csongr\u00e1d-Csan\u00e1d, J\u00e1sz-Nagykun-Szolnok, Kom\u00e1rom-Esztergom \u00e9s Pest v\u00e1rmegy\u00e9ben v\u00e9geznek biol\u00f3giai kezel\u00e9seket. Az elm\u00falt id\u0151szak csapad\u00e9ka","og_url":"https:\/\/dorogimedence.hu\/index.php\/2026\/06\/22\/folytatodik-a-szunyogok-elleni-vedekezes-varmegyenkben-is-lesz-larvagyerites\/","og_site_name":"Dorogi-medence Region\u00e1lis H\u00edrport\u00e1l","article_publisher":"https:\/\/www.facebook.com\/dorogimedence\/","article_published_time":"2026-06-22T14:45:47+00:00","og_image":[{"width":1500,"height":711,"url":"https:\/\/dorogimedence.hu\/wp-content\/uploads\/2026\/05\/1876.jpg","type":"image\/jpeg"}],"author":"dorogimedence.hu","twitter_card":"summary_large_image","twitter_misc":{"Szerz\u0151:":"dorogimedence.hu","Becs\u00fclt olvas\u00e1si id\u0151":"3 perc"},"schema":{"@context":"https:\/\/schema.org","@graph":[{"@type":"Article","@id":"https:\/\/dorogimedence.hu\/index.php\/2026\/06\/22\/folytatodik-a-szunyogok-elleni-vedekezes-varmegyenkben-is-lesz-larvagyerites\/#article","isPartOf":{"@id":"https:\/\/dorogimedence.hu\/index.php\/2026\/06\/22\/folytatodik-a-szunyogok-elleni-vedekezes-varmegyenkben-is-lesz-larvagyerites\/"},"author":{"name":"dorogimedence.hu","@id":"https:\/\/dorogimedence.hu\/#\/schema\/person\/ce6091eeb7e95ecdc87890d6aa8e0fd4"},"headline":"Folytat\u00f3dik a sz\u00fanyogok elleni v\u00e9dekez\u00e9s, v\u00e1rmegy\u00e9nkben is lesz l\u00e1rvagy\u00e9r\u00edt\u00e9s","datePublished":"2026-06-22T14:45:47+00:00","mainEntityOfPage":{"@id":"https:\/\/dorogimedence.hu\/index.php\/2026\/06\/22\/folytatodik-a-szunyogok-elleni-vedekezes-varmegyenkben-is-lesz-larvagyerites\/"},"wordCount":524,"publisher":{"@id":"https:\/\/dorogimedence.hu\/#organization"},"image":{"@id":"https:\/\/dorogimedence.hu\/index.php\/2026\/06\/22\/folytatodik-a-szunyogok-elleni-vedekezes-varmegyenkben-is-lesz-larvagyerites\/#primaryimage"},"thumbnailUrl":"https:\/\/dorogimedence.hu\/wp-content\/uploads\/2026\/05\/1876.jpg","keywords":["katasztr\u00f3fav\u00e9delem","Kom\u00e1rom-Esztergom v\u00e1rmegye","sz\u00fanyoggy\u00e9r\u00edt\u00e9s","sz\u00fanyog\u00edrt\u00e1s","t\u0171zolt\u00f3s\u00e1g"],"articleSection":["H\u00edrek","Kom\u00e1rom-Esztergom"],"inLanguage":"hu"},{"@type":"WebPage","@id":"https:\/\/dorogimedence.hu\/index.php\/2026\/06\/22\/folytatodik-a-szunyogok-elleni-vedekezes-varmegyenkben-is-lesz-larvagyerites\/","url":"https:\/\/dorogimedence.hu\/index.php\/2026\/06\/22\/folytatodik-a-szunyogok-elleni-vedekezes-varmegyenkben-is-lesz-larvagyerites\/","name":"Folytat\u00f3dik a sz\u00fanyogok elleni v\u00e9dekez\u00e9s, v\u00e1rmegy\u00e9nkben is lesz l\u00e1rvagy\u00e9r\u00edt\u00e9s","isPartOf":{"@id":"https:\/\/dorogimedence.hu\/#website"},"primaryImageOfPage":{"@id":"https:\/\/dorogimedence.hu\/index.php\/2026\/06\/22\/folytatodik-a-szunyogok-elleni-vedekezes-varmegyenkben-is-lesz-larvagyerites\/#primaryimage"},"image":{"@id":"https:\/\/dorogimedence.hu\/index.php\/2026\/06\/22\/folytatodik-a-szunyogok-elleni-vedekezes-varmegyenkben-is-lesz-larvagyerites\/#primaryimage"},"thumbnailUrl":"https:\/\/dorogimedence.hu\/wp-content\/uploads\/2026\/05\/1876.jpg","datePublished":"2026-06-22T14:45:47+00:00","breadcrumb":{"@id":"https:\/\/dorogimedence.hu\/index.php\/2026\/06\/22\/folytatodik-a-szunyogok-elleni-vedekezes-varmegyenkben-is-lesz-larvagyerites\/#breadcrumb"},"inLanguage":"hu","potentialAction":[{"@type":"ReadAction","target":["https:\/\/dorogimedence.hu\/index.php\/2026\/06\/22\/folytatodik-a-szunyogok-elleni-vedekezes-varmegyenkben-is-lesz-larvagyerites\/"]}]},{"@type":"ImageObject","inLanguage":"hu","@id":"https:\/\/dorogimedence.hu\/index.php\/2026\/06\/22\/folytatodik-a-szunyogok-elleni-vedekezes-varmegyenkben-is-lesz-larvagyerites\/#primaryimage","url":"https:\/\/dorogimedence.hu\/wp-content\/uploads\/2026\/05\/1876.jpg","contentUrl":"https:\/\/dorogimedence.hu\/wp-content\/uploads\/2026\/05\/1876.jpg","width":1500,"height":711},{"@type":"BreadcrumbList","@id":"https:\/\/dorogimedence.hu\/index.php\/2026\/06\/22\/folytatodik-a-szunyogok-elleni-vedekezes-varmegyenkben-is-lesz-larvagyerites\/#breadcrumb","itemListElement":[{"@type":"ListItem","position":1,"name":"Kezd\u0151lap","item":"https:\/\/dorogimedence.hu\/"},{"@type":"ListItem","position":2,"name":"Folytat\u00f3dik a sz\u00fanyogok elleni v\u00e9dekez\u00e9s, v\u00e1rmegy\u00e9nkben is lesz l\u00e1rvagy\u00e9r\u00edt\u00e9s"}]},{"@type":"WebSite","@id":"https:\/\/dorogimedence.hu\/#website","url":"https:\/\/dorogimedence.hu\/","name":"Dorogi-medence Region\u00e1lis H\u00edrport\u00e1l","description":"Dorog, Keszt\u00f6lc, Le\u00e1nyv\u00e1r, Piliscs\u00e9v, Tokod, Tokodalt\u00e1r\u00f3, Csolnok, Esztergom-kertv\u00e1ros: h\u00edrek, programok","publisher":{"@id":"https:\/\/dorogimedence.hu\/#organization"},"potentialAction":[{"@type":"SearchAction","target":{"@type":"EntryPoint","urlTemplate":"https:\/\/dorogimedence.hu\/?s={search_term_string}"},"query-input":{"@type":"PropertyValueSpecification","valueRequired":true,"valueName":"search_term_string"}}],"inLanguage":"hu"},{"@type":"Organization","@id":"https:\/\/dorogimedence.hu\/#organization","name":"Dorogi-medence Region\u00e1lis H\u00edrport\u00e1l","url":"https:\/\/dorogimedence.hu\/","logo":{"@type":"ImageObject","inLanguage":"hu","@id":"https:\/\/dorogimedence.hu\/#\/schema\/logo\/image\/","url":"https:\/\/dorogimedence.hu\/wp-content\/uploads\/2021\/04\/logo-feher-600.png","contentUrl":"https:\/\/dorogimedence.hu\/wp-content\/uploads\/2021\/04\/logo-feher-600.png","width":600,"height":100,"caption":"Dorogi-medence Region\u00e1lis H\u00edrport\u00e1l"},"image":{"@id":"https:\/\/dorogimedence.hu\/#\/schema\/logo\/image\/"},"sameAs":["https:\/\/www.facebook.com\/dorogimedence\/"]},{"@type":"Person","@id":"https:\/\/dorogimedence.hu\/#\/schema\/person\/ce6091eeb7e95ecdc87890d6aa8e0fd4","name":"dorogimedence.hu","image":{"@type":"ImageObject","inLanguage":"hu","@id":"\/\/www.gravatar.com\/avatar\/d8d45f8901aadff40a4af72c0b826f1d?s=96&#038;r=g&#038;d=mm","url":"\/\/www.gravatar.com\/avatar\/d8d45f8901aadff40a4af72c0b826f1d?s=96&#038;r=g&#038;d=mm","contentUrl":"\/\/www.gravatar.com\/avatar\/d8d45f8901aadff40a4af72c0b826f1d?s=96&#038;r=g&#038;d=mm","caption":"dorogimedence.hu"}}]}},"_links":{"self":[{"href":"https:\/\/dorogimedence.hu\/index.php\/wp-json\/wp\/v2\/posts\/81322","targetHints":{"allow":["GET"]}}],"collection":[{"href":"https:\/\/dorogimedence.hu\/index.php\/wp-json\/wp\/v2\/posts"}],"about":[{"href":"https:\/\/dorogimedence.hu\/index.php\/wp-json\/wp\/v2\/types\/post"}],"author":[{"embeddable":true,"href":"https:\/\/dorogimedence.hu\/index.php\/wp-json\/wp\/v2\/users\/1"}],"replies":[{"embeddable":true,"href":"https:\/\/dorogimedence.hu\/index.php\/wp-json\/wp\/v2\/comments?post=81322"}],"version-history":[{"count":1,"href":"https:\/\/dorogimedence.hu\/index.php\/wp-json\/wp\/v2\/posts\/81322\/revisions"}],"predecessor-version":[{"id":81323,"href":"https:\/\/dorogimedence.hu\/index.php\/wp-json\/wp\/v2\/posts\/81322\/revisions\/81323"}],"wp:featuredmedia":[{"embeddable":true,"href":"https:\/\/dorogimedence.hu\/index.php\/wp-json\/wp\/v2\/media\/80168"}],"wp:attachment":[{"href":"https:\/\/dorogimedence.hu\/index.php\/wp-json\/wp\/v2\/media?parent=81322"}],"wp:term":[{"taxonomy":"category","embeddable":true,"href":"https:\/\/dorogimedence.hu\/index.php\/wp-json\/wp\/v2\/categories?post=81322"},{"taxonomy":"post_tag","embeddable":true,"href":"https:\/\/dorogimedence.hu\/index.php\/wp-json\/wp\/v2\/tags?post=81322"}],"curies":[{"name":"wp","href":"https:\/\/api.w.org\/{rel}","templated":true}]}}