{"id":81316,"date":"2026-06-22T16:07:04","date_gmt":"2026-06-22T14:07:04","guid":{"rendered":"https:\/\/dorogimedence.hu\/?p=81316"},"modified":"2026-06-22T16:07:04","modified_gmt":"2026-06-22T14:07:04","slug":"a-batorsag-rajzolt-arca-esztergomi-diak-kapott-kulondijat-a-rendorseg-palyazatan","status":"publish","type":"post","link":"https:\/\/dorogimedence.hu\/index.php\/2026\/06\/22\/a-batorsag-rajzolt-arca-esztergomi-diak-kapott-kulondijat-a-rendorseg-palyazatan\/","title":{"rendered":"A b\u00e1tors\u00e1g rajzolt arca: esztergomi di\u00e1k kapott k\u00fcl\u00f6nd\u00edjat a rend\u0151rs\u00e9g p\u00e1ly\u00e1zat\u00e1n"},"content":{"rendered":"<p><strong>Az iskolai er\u0151szak megel\u0151z\u00e9s\u00e9re \u00e9s a seg\u00edt\u0151 k\u00f6z\u00f6ss\u00e9gek fontoss\u00e1g\u00e1ra h\u00edvta fel a figyelmet a Kom\u00e1rom-Esztergom V\u00e1rmegyei Rend\u0151r-f\u0151kapit\u00e1nys\u00e1g B\u0171nmegel\u0151z\u00e9si Aloszt\u00e1ly\u00e1nak k\u00e9preg\u00e9nyp\u00e1ly\u00e1zata. A \u201eA b\u00e1tors\u00e1g rajzolt arca\u201d c\u00edmmel meghirdetett versenyen a di\u00e1koknak kreat\u00edv k\u00e9preg\u00e9ny form\u00e1j\u00e1ban kellett bemutatniuk, hogyan seg\u00edthetnek t\u00e1rsaiknak, illetve milyen lehet\u0151s\u00e9gek vannak az iskolai agresszi\u00f3 megel\u0151z\u00e9s\u00e9re \u00e9s kezel\u00e9s\u00e9re.<\/strong><\/p>\n<p>A felh\u00edv\u00e1sra hat iskola tanul\u00f3i \u00f6sszesen 13 p\u00e1lyam\u0171vet k\u00fcldtek be. A be\u00e9rkezett alkot\u00e1sokat a zs\u0171ri a kreativit\u00e1s, az \u00fczenet ereje \u00e9s a probl\u00e9mamegold\u00f3 szeml\u00e9let alapj\u00e1n \u00e9rt\u00e9kelte.<\/p>\n<p><img fetchpriority=\"high\" decoding=\"async\" class=\"alignnone size-full wp-image-81317\" src=\"https:\/\/dorogimedence.hu\/wp-content\/uploads\/2026\/06\/729684996_1339055570891355_6242284288134405064_n.jpg\" alt=\"\" width=\"2048\" height=\"1536\" srcset=\"https:\/\/dorogimedence.hu\/wp-content\/uploads\/2026\/06\/729684996_1339055570891355_6242284288134405064_n.jpg 2048w, https:\/\/dorogimedence.hu\/wp-content\/uploads\/2026\/06\/729684996_1339055570891355_6242284288134405064_n-600x450.jpg 600w, https:\/\/dorogimedence.hu\/wp-content\/uploads\/2026\/06\/729684996_1339055570891355_6242284288134405064_n-1920x1440.jpg 1920w, https:\/\/dorogimedence.hu\/wp-content\/uploads\/2026\/06\/729684996_1339055570891355_6242284288134405064_n-768x576.jpg 768w, https:\/\/dorogimedence.hu\/wp-content\/uploads\/2026\/06\/729684996_1339055570891355_6242284288134405064_n-1536x1152.jpg 1536w, https:\/\/dorogimedence.hu\/wp-content\/uploads\/2026\/06\/729684996_1339055570891355_6242284288134405064_n-150x113.jpg 150w, https:\/\/dorogimedence.hu\/wp-content\/uploads\/2026\/06\/729684996_1339055570891355_6242284288134405064_n-450x338.jpg 450w, https:\/\/dorogimedence.hu\/wp-content\/uploads\/2026\/06\/729684996_1339055570891355_6242284288134405064_n-1200x900.jpg 1200w\" sizes=\"(max-width: 2048px) 100vw, 2048px\" \/><\/p>\n<p>A p\u00e1ly\u00e1zat els\u0151 helyezettje Erd\u00e9lyi Gerg\u0151, a tatab\u00e1nyai K\u00f6lcsey Ferenc \u00c1ltal\u00e1nos Iskola tanul\u00f3ja lett. A m\u00e1sodik helyen Guszmann Lilla, a tatab\u00e1nyai Szent Margit Gimn\u00e1zium \u00e9s \u00c1ltal\u00e1nos Iskola di\u00e1kja v\u00e9gzett, m\u00edg a harmadik helyet Balogh Dorina, a tatab\u00e1nyai F\u00fczes Utcai Cig\u00e1ny Nemzetis\u00e9gi \u00c1ltal\u00e1nos Iskola tanul\u00f3ja szerezte meg.<\/p>\n<p>A zs\u0171ri k\u00fcl\u00f6nd\u00edjjal jutalmazta Boldizs\u00e1r Vivient, az esztergomi Balassa B\u00e1lint Gazdas\u00e1gi Technikum \u00e9s Szakk\u00e9pz\u0151 Iskola di\u00e1kj\u00e1t, aki munk\u00e1j\u00e1val kiemelkedett a mez\u0151nyb\u0151l.<\/p>\n<p>A <a href=\"https:\/\/www.facebook.com\/kemrfk\/posts\/pfbid09LcB23omGBGinojDbyqfy1oJhv28YBNMt3p2JWqLks9DasdPNaKg6G8B36NqY9n4l\" target=\"_blank\" rel=\"noopener\"><span style=\"text-decoration: underline; color: #0000ff;\">rend\u0151rs\u00e9g gratul\u00e1lt a d\u00edjazottaknak<\/span><\/a>, valamint k\u00f6sz\u00f6netet mondott minden r\u00e9sztvev\u0151 di\u00e1knak \u00e9s felk\u00e9sz\u00edt\u0151 pedag\u00f3gusnak. Mint hangs\u00falyozt\u00e1k, k\u00f6z\u00f6sen tehet\u00fcnk az\u00e9rt, hogy az iskol\u00e1k biztons\u00e1gosabb, elfogad\u00f3bb k\u00f6z\u00f6ss\u00e9gekk\u00e9 v\u00e1ljanak, ahol a fiatalok b\u00e1tran ki\u00e1llnak egym\u00e1s\u00e9rt \u00e9s seg\u00edtik t\u00e1rsaikat a neh\u00e9z helyzetekben.<\/p>\n<p><em>Fot\u00f3k, forr\u00e1s: Kom\u00e1rom-Esztergom V\u00e1rmegyei Rend\u0151r-f\u0151kapit\u00e1nys\u00e1g Facebook-oldala<\/em><\/p>\n","protected":false},"excerpt":{"rendered":"<p>Az iskolai er\u0151szak megel\u0151z\u00e9s\u00e9re \u00e9s a seg\u00edt\u0151 k\u00f6z\u00f6ss\u00e9gek fontoss\u00e1g\u00e1ra h\u00edvta fel a figyelmet a Kom\u00e1rom-Esztergom V\u00e1rmegyei Rend\u0151r-f\u0151kapit\u00e1nys\u00e1g B\u0171nmegel\u0151z\u00e9si Aloszt\u00e1ly\u00e1nak k\u00e9preg\u00e9nyp\u00e1ly\u00e1zata. A \u201eA b\u00e1tors\u00e1g rajzolt arca\u201d c\u00edmmel meghirdetett versenyen a di\u00e1koknak kreat\u00edv k\u00e9preg\u00e9ny form\u00e1j\u00e1ban kellett bemutatniuk, hogyan seg\u00edthetnek t\u00e1rsaiknak, illetve milyen lehet\u0151s\u00e9gek vannak az iskolai agresszi\u00f3 megel\u0151z\u00e9s\u00e9re \u00e9s kezel\u00e9s\u00e9re. A felh\u00edv\u00e1sra hat iskola tanul\u00f3i \u00f6sszesen 13<\/p>\n","protected":false},"author":1,"featured_media":81318,"comment_status":"closed","ping_status":"closed","sticky":false,"template":"","format":"standard","meta":{"ngg_post_thumbnail":0,"footnotes":""},"categories":[38,3],"tags":[42,1111,8942,61],"class_list":["post-81316","post","type-post","status-publish","format-standard","has-post-thumbnail","category-esztergom","category-hirek","tag-esztergom","tag-rajzpalyazat","tag-rendorseg-palyazat","tag-rendorsegi-hirek"],"yoast_head":"<!-- This site is optimized with the Yoast SEO plugin v28.3 - https:\/\/yoast.com\/product\/yoast-seo-wordpress\/ -->\n<title>A b\u00e1tors\u00e1g rajzolt arca: esztergomi di\u00e1k kapott k\u00fcl\u00f6nd\u00edjat a rend\u0151rs\u00e9g p\u00e1ly\u00e1zat\u00e1n<\/title>\n<meta name=\"robots\" content=\"index, follow, max-snippet:-1, max-image-preview:large, max-video-preview:-1\" \/>\n<link rel=\"canonical\" href=\"https:\/\/dorogimedence.hu\/index.php\/2026\/06\/22\/a-batorsag-rajzolt-arca-esztergomi-diak-kapott-kulondijat-a-rendorseg-palyazatan\/\" class=\"yoast-seo-meta-tag\" \/>\n<meta property=\"og:locale\" content=\"hu_HU\" class=\"yoast-seo-meta-tag\" \/>\n<meta property=\"og:type\" content=\"article\" class=\"yoast-seo-meta-tag\" \/>\n<meta property=\"og:title\" content=\"A b\u00e1tors\u00e1g rajzolt arca: esztergomi di\u00e1k kapott k\u00fcl\u00f6nd\u00edjat a rend\u0151rs\u00e9g p\u00e1ly\u00e1zat\u00e1n\" class=\"yoast-seo-meta-tag\" \/>\n<meta property=\"og:description\" content=\"Az iskolai er\u0151szak megel\u0151z\u00e9s\u00e9re \u00e9s a seg\u00edt\u0151 k\u00f6z\u00f6ss\u00e9gek fontoss\u00e1g\u00e1ra h\u00edvta fel a figyelmet a Kom\u00e1rom-Esztergom V\u00e1rmegyei Rend\u0151r-f\u0151kapit\u00e1nys\u00e1g B\u0171nmegel\u0151z\u00e9si Aloszt\u00e1ly\u00e1nak k\u00e9preg\u00e9nyp\u00e1ly\u00e1zata. A \u201eA b\u00e1tors\u00e1g rajzolt arca\u201d c\u00edmmel meghirdetett versenyen a di\u00e1koknak kreat\u00edv k\u00e9preg\u00e9ny form\u00e1j\u00e1ban kellett bemutatniuk, hogyan seg\u00edthetnek t\u00e1rsaiknak, illetve milyen lehet\u0151s\u00e9gek vannak az iskolai agresszi\u00f3 megel\u0151z\u00e9s\u00e9re \u00e9s kezel\u00e9s\u00e9re. A felh\u00edv\u00e1sra hat iskola tanul\u00f3i \u00f6sszesen 13\" class=\"yoast-seo-meta-tag\" \/>\n<meta property=\"og:url\" content=\"https:\/\/dorogimedence.hu\/index.php\/2026\/06\/22\/a-batorsag-rajzolt-arca-esztergomi-diak-kapott-kulondijat-a-rendorseg-palyazatan\/\" class=\"yoast-seo-meta-tag\" \/>\n<meta property=\"og:site_name\" content=\"Dorogi-medence Region\u00e1lis H\u00edrport\u00e1l\" class=\"yoast-seo-meta-tag\" \/>\n<meta property=\"article:publisher\" content=\"https:\/\/www.facebook.com\/dorogimedence\/\" class=\"yoast-seo-meta-tag\" \/>\n<meta property=\"article:published_time\" content=\"2026-06-22T14:07:04+00:00\" class=\"yoast-seo-meta-tag\" \/>\n<meta property=\"og:image\" content=\"https:\/\/dorogimedence.hu\/wp-content\/uploads\/2026\/06\/727704194_1730426334621461_8555794176538546301_n.jpg\" class=\"yoast-seo-meta-tag\" \/>\n\t<meta property=\"og:image:width\" content=\"2048\" class=\"yoast-seo-meta-tag\" \/>\n\t<meta property=\"og:image:height\" content=\"1677\" class=\"yoast-seo-meta-tag\" \/>\n\t<meta property=\"og:image:type\" content=\"image\/jpeg\" class=\"yoast-seo-meta-tag\" \/>\n<meta name=\"author\" content=\"dorogimedence.hu\" class=\"yoast-seo-meta-tag\" \/>\n<meta name=\"twitter:card\" content=\"summary_large_image\" class=\"yoast-seo-meta-tag\" \/>\n<meta name=\"twitter:label1\" content=\"Szerz\u0151:\" class=\"yoast-seo-meta-tag\" \/>\n\t<meta name=\"twitter:data1\" content=\"dorogimedence.hu\" class=\"yoast-seo-meta-tag\" \/>\n\t<meta name=\"twitter:label2\" content=\"Becs\u00fclt olvas\u00e1si id\u0151\" class=\"yoast-seo-meta-tag\" \/>\n\t<meta name=\"twitter:data2\" content=\"2 perc\" class=\"yoast-seo-meta-tag\" \/>\n<script type=\"application\/ld+json\" class=\"yoast-schema-graph\">{\"@context\":\"https:\\\/\\\/schema.org\",\"@graph\":[{\"@type\":\"Article\",\"@id\":\"https:\\\/\\\/dorogimedence.hu\\\/index.php\\\/2026\\\/06\\\/22\\\/a-batorsag-rajzolt-arca-esztergomi-diak-kapott-kulondijat-a-rendorseg-palyazatan\\\/#article\",\"isPartOf\":{\"@id\":\"https:\\\/\\\/dorogimedence.hu\\\/index.php\\\/2026\\\/06\\\/22\\\/a-batorsag-rajzolt-arca-esztergomi-diak-kapott-kulondijat-a-rendorseg-palyazatan\\\/\"},\"author\":{\"name\":\"dorogimedence.hu\",\"@id\":\"https:\\\/\\\/dorogimedence.hu\\\/#\\\/schema\\\/person\\\/ce6091eeb7e95ecdc87890d6aa8e0fd4\"},\"headline\":\"A b\u00e1tors\u00e1g rajzolt arca: esztergomi di\u00e1k kapott k\u00fcl\u00f6nd\u00edjat a rend\u0151rs\u00e9g p\u00e1ly\u00e1zat\u00e1n\",\"datePublished\":\"2026-06-22T14:07:04+00:00\",\"mainEntityOfPage\":{\"@id\":\"https:\\\/\\\/dorogimedence.hu\\\/index.php\\\/2026\\\/06\\\/22\\\/a-batorsag-rajzolt-arca-esztergomi-diak-kapott-kulondijat-a-rendorseg-palyazatan\\\/\"},\"wordCount\":337,\"publisher\":{\"@id\":\"https:\\\/\\\/dorogimedence.hu\\\/#organization\"},\"image\":{\"@id\":\"https:\\\/\\\/dorogimedence.hu\\\/index.php\\\/2026\\\/06\\\/22\\\/a-batorsag-rajzolt-arca-esztergomi-diak-kapott-kulondijat-a-rendorseg-palyazatan\\\/#primaryimage\"},\"thumbnailUrl\":\"https:\\\/\\\/dorogimedence.hu\\\/wp-content\\\/uploads\\\/2026\\\/06\\\/727704194_1730426334621461_8555794176538546301_n.jpg\",\"keywords\":[\"esztergom\",\"rajzp\u00e1ly\u00e1zat\",\"rend\u0151rs\u00e9g p\u00e1ly\u00e1zat\",\"rend\u0151rs\u00e9gi h\u00edrek\"],\"articleSection\":[\"Esztergom\",\"H\u00edrek\"],\"inLanguage\":\"hu\"},{\"@type\":\"WebPage\",\"@id\":\"https:\\\/\\\/dorogimedence.hu\\\/index.php\\\/2026\\\/06\\\/22\\\/a-batorsag-rajzolt-arca-esztergomi-diak-kapott-kulondijat-a-rendorseg-palyazatan\\\/\",\"url\":\"https:\\\/\\\/dorogimedence.hu\\\/index.php\\\/2026\\\/06\\\/22\\\/a-batorsag-rajzolt-arca-esztergomi-diak-kapott-kulondijat-a-rendorseg-palyazatan\\\/\",\"name\":\"A b\u00e1tors\u00e1g rajzolt arca: esztergomi di\u00e1k kapott k\u00fcl\u00f6nd\u00edjat a rend\u0151rs\u00e9g p\u00e1ly\u00e1zat\u00e1n\",\"isPartOf\":{\"@id\":\"https:\\\/\\\/dorogimedence.hu\\\/#website\"},\"primaryImageOfPage\":{\"@id\":\"https:\\\/\\\/dorogimedence.hu\\\/index.php\\\/2026\\\/06\\\/22\\\/a-batorsag-rajzolt-arca-esztergomi-diak-kapott-kulondijat-a-rendorseg-palyazatan\\\/#primaryimage\"},\"image\":{\"@id\":\"https:\\\/\\\/dorogimedence.hu\\\/index.php\\\/2026\\\/06\\\/22\\\/a-batorsag-rajzolt-arca-esztergomi-diak-kapott-kulondijat-a-rendorseg-palyazatan\\\/#primaryimage\"},\"thumbnailUrl\":\"https:\\\/\\\/dorogimedence.hu\\\/wp-content\\\/uploads\\\/2026\\\/06\\\/727704194_1730426334621461_8555794176538546301_n.jpg\",\"datePublished\":\"2026-06-22T14:07:04+00:00\",\"breadcrumb\":{\"@id\":\"https:\\\/\\\/dorogimedence.hu\\\/index.php\\\/2026\\\/06\\\/22\\\/a-batorsag-rajzolt-arca-esztergomi-diak-kapott-kulondijat-a-rendorseg-palyazatan\\\/#breadcrumb\"},\"inLanguage\":\"hu\",\"potentialAction\":[{\"@type\":\"ReadAction\",\"target\":[\"https:\\\/\\\/dorogimedence.hu\\\/index.php\\\/2026\\\/06\\\/22\\\/a-batorsag-rajzolt-arca-esztergomi-diak-kapott-kulondijat-a-rendorseg-palyazatan\\\/\"]}]},{\"@type\":\"ImageObject\",\"inLanguage\":\"hu\",\"@id\":\"https:\\\/\\\/dorogimedence.hu\\\/index.php\\\/2026\\\/06\\\/22\\\/a-batorsag-rajzolt-arca-esztergomi-diak-kapott-kulondijat-a-rendorseg-palyazatan\\\/#primaryimage\",\"url\":\"https:\\\/\\\/dorogimedence.hu\\\/wp-content\\\/uploads\\\/2026\\\/06\\\/727704194_1730426334621461_8555794176538546301_n.jpg\",\"contentUrl\":\"https:\\\/\\\/dorogimedence.hu\\\/wp-content\\\/uploads\\\/2026\\\/06\\\/727704194_1730426334621461_8555794176538546301_n.jpg\",\"width\":2048,\"height\":1677},{\"@type\":\"BreadcrumbList\",\"@id\":\"https:\\\/\\\/dorogimedence.hu\\\/index.php\\\/2026\\\/06\\\/22\\\/a-batorsag-rajzolt-arca-esztergomi-diak-kapott-kulondijat-a-rendorseg-palyazatan\\\/#breadcrumb\",\"itemListElement\":[{\"@type\":\"ListItem\",\"position\":1,\"name\":\"Kezd\u0151lap\",\"item\":\"https:\\\/\\\/dorogimedence.hu\\\/\"},{\"@type\":\"ListItem\",\"position\":2,\"name\":\"A b\u00e1tors\u00e1g rajzolt arca: esztergomi di\u00e1k kapott k\u00fcl\u00f6nd\u00edjat a rend\u0151rs\u00e9g p\u00e1ly\u00e1zat\u00e1n\"}]},{\"@type\":\"WebSite\",\"@id\":\"https:\\\/\\\/dorogimedence.hu\\\/#website\",\"url\":\"https:\\\/\\\/dorogimedence.hu\\\/\",\"name\":\"Dorogi-medence Region\u00e1lis H\u00edrport\u00e1l\",\"description\":\"Dorog, Keszt\u00f6lc, Le\u00e1nyv\u00e1r, Piliscs\u00e9v, Tokod, Tokodalt\u00e1r\u00f3, Csolnok, Esztergom-kertv\u00e1ros: h\u00edrek, programok\",\"publisher\":{\"@id\":\"https:\\\/\\\/dorogimedence.hu\\\/#organization\"},\"potentialAction\":[{\"@type\":\"SearchAction\",\"target\":{\"@type\":\"EntryPoint\",\"urlTemplate\":\"https:\\\/\\\/dorogimedence.hu\\\/?s={search_term_string}\"},\"query-input\":{\"@type\":\"PropertyValueSpecification\",\"valueRequired\":true,\"valueName\":\"search_term_string\"}}],\"inLanguage\":\"hu\"},{\"@type\":\"Organization\",\"@id\":\"https:\\\/\\\/dorogimedence.hu\\\/#organization\",\"name\":\"Dorogi-medence Region\u00e1lis H\u00edrport\u00e1l\",\"url\":\"https:\\\/\\\/dorogimedence.hu\\\/\",\"logo\":{\"@type\":\"ImageObject\",\"inLanguage\":\"hu\",\"@id\":\"https:\\\/\\\/dorogimedence.hu\\\/#\\\/schema\\\/logo\\\/image\\\/\",\"url\":\"https:\\\/\\\/dorogimedence.hu\\\/wp-content\\\/uploads\\\/2021\\\/04\\\/logo-feher-600.png\",\"contentUrl\":\"https:\\\/\\\/dorogimedence.hu\\\/wp-content\\\/uploads\\\/2021\\\/04\\\/logo-feher-600.png\",\"width\":600,\"height\":100,\"caption\":\"Dorogi-medence Region\u00e1lis H\u00edrport\u00e1l\"},\"image\":{\"@id\":\"https:\\\/\\\/dorogimedence.hu\\\/#\\\/schema\\\/logo\\\/image\\\/\"},\"sameAs\":[\"https:\\\/\\\/www.facebook.com\\\/dorogimedence\\\/\"]},{\"@type\":\"Person\",\"@id\":\"https:\\\/\\\/dorogimedence.hu\\\/#\\\/schema\\\/person\\\/ce6091eeb7e95ecdc87890d6aa8e0fd4\",\"name\":\"dorogimedence.hu\",\"image\":{\"@type\":\"ImageObject\",\"inLanguage\":\"hu\",\"@id\":\"\\\/\\\/www.gravatar.com\\\/avatar\\\/d8d45f8901aadff40a4af72c0b826f1d?s=96&#038;r=g&#038;d=mm\",\"url\":\"\\\/\\\/www.gravatar.com\\\/avatar\\\/d8d45f8901aadff40a4af72c0b826f1d?s=96&#038;r=g&#038;d=mm\",\"contentUrl\":\"\\\/\\\/www.gravatar.com\\\/avatar\\\/d8d45f8901aadff40a4af72c0b826f1d?s=96&#038;r=g&#038;d=mm\",\"caption\":\"dorogimedence.hu\"}}]}<\/script>\n<!-- \/ Yoast SEO plugin. -->","yoast_head_json":{"title":"A b\u00e1tors\u00e1g rajzolt arca: esztergomi di\u00e1k kapott k\u00fcl\u00f6nd\u00edjat a rend\u0151rs\u00e9g p\u00e1ly\u00e1zat\u00e1n","robots":{"index":"index","follow":"follow","max-snippet":"max-snippet:-1","max-image-preview":"max-image-preview:large","max-video-preview":"max-video-preview:-1"},"canonical":"https:\/\/dorogimedence.hu\/index.php\/2026\/06\/22\/a-batorsag-rajzolt-arca-esztergomi-diak-kapott-kulondijat-a-rendorseg-palyazatan\/","og_locale":"hu_HU","og_type":"article","og_title":"A b\u00e1tors\u00e1g rajzolt arca: esztergomi di\u00e1k kapott k\u00fcl\u00f6nd\u00edjat a rend\u0151rs\u00e9g p\u00e1ly\u00e1zat\u00e1n","og_description":"Az iskolai er\u0151szak megel\u0151z\u00e9s\u00e9re \u00e9s a seg\u00edt\u0151 k\u00f6z\u00f6ss\u00e9gek fontoss\u00e1g\u00e1ra h\u00edvta fel a figyelmet a Kom\u00e1rom-Esztergom V\u00e1rmegyei Rend\u0151r-f\u0151kapit\u00e1nys\u00e1g B\u0171nmegel\u0151z\u00e9si Aloszt\u00e1ly\u00e1nak k\u00e9preg\u00e9nyp\u00e1ly\u00e1zata. A \u201eA b\u00e1tors\u00e1g rajzolt arca\u201d c\u00edmmel meghirdetett versenyen a di\u00e1koknak kreat\u00edv k\u00e9preg\u00e9ny form\u00e1j\u00e1ban kellett bemutatniuk, hogyan seg\u00edthetnek t\u00e1rsaiknak, illetve milyen lehet\u0151s\u00e9gek vannak az iskolai agresszi\u00f3 megel\u0151z\u00e9s\u00e9re \u00e9s kezel\u00e9s\u00e9re. A felh\u00edv\u00e1sra hat iskola tanul\u00f3i \u00f6sszesen 13","og_url":"https:\/\/dorogimedence.hu\/index.php\/2026\/06\/22\/a-batorsag-rajzolt-arca-esztergomi-diak-kapott-kulondijat-a-rendorseg-palyazatan\/","og_site_name":"Dorogi-medence Region\u00e1lis H\u00edrport\u00e1l","article_publisher":"https:\/\/www.facebook.com\/dorogimedence\/","article_published_time":"2026-06-22T14:07:04+00:00","og_image":[{"width":2048,"height":1677,"url":"https:\/\/dorogimedence.hu\/wp-content\/uploads\/2026\/06\/727704194_1730426334621461_8555794176538546301_n.jpg","type":"image\/jpeg"}],"author":"dorogimedence.hu","twitter_card":"summary_large_image","twitter_misc":{"Szerz\u0151:":"dorogimedence.hu","Becs\u00fclt olvas\u00e1si id\u0151":"2 perc"},"schema":{"@context":"https:\/\/schema.org","@graph":[{"@type":"Article","@id":"https:\/\/dorogimedence.hu\/index.php\/2026\/06\/22\/a-batorsag-rajzolt-arca-esztergomi-diak-kapott-kulondijat-a-rendorseg-palyazatan\/#article","isPartOf":{"@id":"https:\/\/dorogimedence.hu\/index.php\/2026\/06\/22\/a-batorsag-rajzolt-arca-esztergomi-diak-kapott-kulondijat-a-rendorseg-palyazatan\/"},"author":{"name":"dorogimedence.hu","@id":"https:\/\/dorogimedence.hu\/#\/schema\/person\/ce6091eeb7e95ecdc87890d6aa8e0fd4"},"headline":"A b\u00e1tors\u00e1g rajzolt arca: esztergomi di\u00e1k kapott k\u00fcl\u00f6nd\u00edjat a rend\u0151rs\u00e9g p\u00e1ly\u00e1zat\u00e1n","datePublished":"2026-06-22T14:07:04+00:00","mainEntityOfPage":{"@id":"https:\/\/dorogimedence.hu\/index.php\/2026\/06\/22\/a-batorsag-rajzolt-arca-esztergomi-diak-kapott-kulondijat-a-rendorseg-palyazatan\/"},"wordCount":337,"publisher":{"@id":"https:\/\/dorogimedence.hu\/#organization"},"image":{"@id":"https:\/\/dorogimedence.hu\/index.php\/2026\/06\/22\/a-batorsag-rajzolt-arca-esztergomi-diak-kapott-kulondijat-a-rendorseg-palyazatan\/#primaryimage"},"thumbnailUrl":"https:\/\/dorogimedence.hu\/wp-content\/uploads\/2026\/06\/727704194_1730426334621461_8555794176538546301_n.jpg","keywords":["esztergom","rajzp\u00e1ly\u00e1zat","rend\u0151rs\u00e9g p\u00e1ly\u00e1zat","rend\u0151rs\u00e9gi h\u00edrek"],"articleSection":["Esztergom","H\u00edrek"],"inLanguage":"hu"},{"@type":"WebPage","@id":"https:\/\/dorogimedence.hu\/index.php\/2026\/06\/22\/a-batorsag-rajzolt-arca-esztergomi-diak-kapott-kulondijat-a-rendorseg-palyazatan\/","url":"https:\/\/dorogimedence.hu\/index.php\/2026\/06\/22\/a-batorsag-rajzolt-arca-esztergomi-diak-kapott-kulondijat-a-rendorseg-palyazatan\/","name":"A b\u00e1tors\u00e1g rajzolt arca: esztergomi di\u00e1k kapott k\u00fcl\u00f6nd\u00edjat a rend\u0151rs\u00e9g p\u00e1ly\u00e1zat\u00e1n","isPartOf":{"@id":"https:\/\/dorogimedence.hu\/#website"},"primaryImageOfPage":{"@id":"https:\/\/dorogimedence.hu\/index.php\/2026\/06\/22\/a-batorsag-rajzolt-arca-esztergomi-diak-kapott-kulondijat-a-rendorseg-palyazatan\/#primaryimage"},"image":{"@id":"https:\/\/dorogimedence.hu\/index.php\/2026\/06\/22\/a-batorsag-rajzolt-arca-esztergomi-diak-kapott-kulondijat-a-rendorseg-palyazatan\/#primaryimage"},"thumbnailUrl":"https:\/\/dorogimedence.hu\/wp-content\/uploads\/2026\/06\/727704194_1730426334621461_8555794176538546301_n.jpg","datePublished":"2026-06-22T14:07:04+00:00","breadcrumb":{"@id":"https:\/\/dorogimedence.hu\/index.php\/2026\/06\/22\/a-batorsag-rajzolt-arca-esztergomi-diak-kapott-kulondijat-a-rendorseg-palyazatan\/#breadcrumb"},"inLanguage":"hu","potentialAction":[{"@type":"ReadAction","target":["https:\/\/dorogimedence.hu\/index.php\/2026\/06\/22\/a-batorsag-rajzolt-arca-esztergomi-diak-kapott-kulondijat-a-rendorseg-palyazatan\/"]}]},{"@type":"ImageObject","inLanguage":"hu","@id":"https:\/\/dorogimedence.hu\/index.php\/2026\/06\/22\/a-batorsag-rajzolt-arca-esztergomi-diak-kapott-kulondijat-a-rendorseg-palyazatan\/#primaryimage","url":"https:\/\/dorogimedence.hu\/wp-content\/uploads\/2026\/06\/727704194_1730426334621461_8555794176538546301_n.jpg","contentUrl":"https:\/\/dorogimedence.hu\/wp-content\/uploads\/2026\/06\/727704194_1730426334621461_8555794176538546301_n.jpg","width":2048,"height":1677},{"@type":"BreadcrumbList","@id":"https:\/\/dorogimedence.hu\/index.php\/2026\/06\/22\/a-batorsag-rajzolt-arca-esztergomi-diak-kapott-kulondijat-a-rendorseg-palyazatan\/#breadcrumb","itemListElement":[{"@type":"ListItem","position":1,"name":"Kezd\u0151lap","item":"https:\/\/dorogimedence.hu\/"},{"@type":"ListItem","position":2,"name":"A b\u00e1tors\u00e1g rajzolt arca: esztergomi di\u00e1k kapott k\u00fcl\u00f6nd\u00edjat a rend\u0151rs\u00e9g p\u00e1ly\u00e1zat\u00e1n"}]},{"@type":"WebSite","@id":"https:\/\/dorogimedence.hu\/#website","url":"https:\/\/dorogimedence.hu\/","name":"Dorogi-medence Region\u00e1lis H\u00edrport\u00e1l","description":"Dorog, Keszt\u00f6lc, Le\u00e1nyv\u00e1r, Piliscs\u00e9v, Tokod, Tokodalt\u00e1r\u00f3, Csolnok, Esztergom-kertv\u00e1ros: h\u00edrek, programok","publisher":{"@id":"https:\/\/dorogimedence.hu\/#organization"},"potentialAction":[{"@type":"SearchAction","target":{"@type":"EntryPoint","urlTemplate":"https:\/\/dorogimedence.hu\/?s={search_term_string}"},"query-input":{"@type":"PropertyValueSpecification","valueRequired":true,"valueName":"search_term_string"}}],"inLanguage":"hu"},{"@type":"Organization","@id":"https:\/\/dorogimedence.hu\/#organization","name":"Dorogi-medence Region\u00e1lis H\u00edrport\u00e1l","url":"https:\/\/dorogimedence.hu\/","logo":{"@type":"ImageObject","inLanguage":"hu","@id":"https:\/\/dorogimedence.hu\/#\/schema\/logo\/image\/","url":"https:\/\/dorogimedence.hu\/wp-content\/uploads\/2021\/04\/logo-feher-600.png","contentUrl":"https:\/\/dorogimedence.hu\/wp-content\/uploads\/2021\/04\/logo-feher-600.png","width":600,"height":100,"caption":"Dorogi-medence Region\u00e1lis H\u00edrport\u00e1l"},"image":{"@id":"https:\/\/dorogimedence.hu\/#\/schema\/logo\/image\/"},"sameAs":["https:\/\/www.facebook.com\/dorogimedence\/"]},{"@type":"Person","@id":"https:\/\/dorogimedence.hu\/#\/schema\/person\/ce6091eeb7e95ecdc87890d6aa8e0fd4","name":"dorogimedence.hu","image":{"@type":"ImageObject","inLanguage":"hu","@id":"\/\/www.gravatar.com\/avatar\/d8d45f8901aadff40a4af72c0b826f1d?s=96&#038;r=g&#038;d=mm","url":"\/\/www.gravatar.com\/avatar\/d8d45f8901aadff40a4af72c0b826f1d?s=96&#038;r=g&#038;d=mm","contentUrl":"\/\/www.gravatar.com\/avatar\/d8d45f8901aadff40a4af72c0b826f1d?s=96&#038;r=g&#038;d=mm","caption":"dorogimedence.hu"}}]}},"_links":{"self":[{"href":"https:\/\/dorogimedence.hu\/index.php\/wp-json\/wp\/v2\/posts\/81316","targetHints":{"allow":["GET"]}}],"collection":[{"href":"https:\/\/dorogimedence.hu\/index.php\/wp-json\/wp\/v2\/posts"}],"about":[{"href":"https:\/\/dorogimedence.hu\/index.php\/wp-json\/wp\/v2\/types\/post"}],"author":[{"embeddable":true,"href":"https:\/\/dorogimedence.hu\/index.php\/wp-json\/wp\/v2\/users\/1"}],"replies":[{"embeddable":true,"href":"https:\/\/dorogimedence.hu\/index.php\/wp-json\/wp\/v2\/comments?post=81316"}],"version-history":[{"count":1,"href":"https:\/\/dorogimedence.hu\/index.php\/wp-json\/wp\/v2\/posts\/81316\/revisions"}],"predecessor-version":[{"id":81319,"href":"https:\/\/dorogimedence.hu\/index.php\/wp-json\/wp\/v2\/posts\/81316\/revisions\/81319"}],"wp:featuredmedia":[{"embeddable":true,"href":"https:\/\/dorogimedence.hu\/index.php\/wp-json\/wp\/v2\/media\/81318"}],"wp:attachment":[{"href":"https:\/\/dorogimedence.hu\/index.php\/wp-json\/wp\/v2\/media?parent=81316"}],"wp:term":[{"taxonomy":"category","embeddable":true,"href":"https:\/\/dorogimedence.hu\/index.php\/wp-json\/wp\/v2\/categories?post=81316"},{"taxonomy":"post_tag","embeddable":true,"href":"https:\/\/dorogimedence.hu\/index.php\/wp-json\/wp\/v2\/tags?post=81316"}],"curies":[{"name":"wp","href":"https:\/\/api.w.org\/{rel}","templated":true}]}}