{"id":81314,"date":"2026-06-22T11:44:55","date_gmt":"2026-06-22T09:44:55","guid":{"rendered":"https:\/\/dorogimedence.hu\/?p=81314"},"modified":"2026-06-22T11:44:55","modified_gmt":"2026-06-22T09:44:55","slug":"kilenc-korozessel-kerestek-egy-ferfit-esztergomi-ellenorzesen-fogtak-el","status":"publish","type":"post","link":"https:\/\/dorogimedence.hu\/index.php\/2026\/06\/22\/kilenc-korozessel-kerestek-egy-ferfit-esztergomi-ellenorzesen-fogtak-el\/","title":{"rendered":"Kilenc k\u00f6r\u00f6z\u00e9ssel kerestek egy f\u00e9rfit, esztergomi ellen\u0151rz\u00e9sen fogt\u00e1k el"},"content":{"rendered":"<p><strong>A k\u00f6r\u00f6z\u00f6tt szem\u00e9lyek felkutat\u00e1s\u00e1ra ir\u00e1nyul\u00f3 fokozott ellen\u0151rz\u00e9st tartottak j\u00fanius 17-\u00e9n Esztergomban. Az Esztergomi Rend\u0151rkapit\u00e1nys\u00e1g munkat\u00e1rsai a k\u00f6zter\u00fclet-fel\u00fcgyel\u0151kkel k\u00f6z\u00f6sen hajtott\u00e1k v\u00e9gre az akci\u00f3t, amelynek eredm\u00e9nyek\u00e9nt t\u00edz embert \u00e1ll\u00edtottak el\u0151.<\/strong><\/p>\n<p>A <a href=\"https:\/\/www.facebook.com\/kemrfk\/posts\/pfbid02sSsXD63axa4adzhaCFJ64M3XvP39ZfGLRzWgMpvuKhs1PL5NAw2GPHfQmXGfeodHl\" target=\"_blank\" rel=\"noopener\"><span style=\"text-decoration: underline; color: #0000ff;\">rend\u0151rs\u00e9g t\u00e1j\u00e9koztat\u00e1sa szerint<\/span><\/a> az el\u0151\u00e1ll\u00edtottak k\u00f6z\u00f6tt volt egy olyan f\u00e9rfi is, aki ellen \u00f6sszesen kilenc k\u00f6r\u00f6z\u00e9s volt \u00e9rv\u00e9nyben. A k\u00f6r\u00f6z\u00e9sek h\u00e1tter\u00e9ben \u00f6sszesen 974 ezer forintnyi meg nem fizetett p\u00e9nzb\u00edrs\u00e1g \u00e1llt.<\/p>\n<p>Az int\u00e9zked\u00e9s sor\u00e1n el\u0151\u00e1ll\u00edtott t\u00edz szem\u00e9ly k\u00f6z\u00fcl h\u00e9t f\u0151t a K\u00f6z\u00e9p-dun\u00e1nt\u00fali Orsz\u00e1gos B\u00fcntet\u00e9s-v\u00e9grehajt\u00e1si Int\u00e9zet baracskai objektum\u00e1ba sz\u00e1ll\u00edtottak a rend\u0151r\u00f6k. Erre az\u00e9rt ker\u00fclt sor, mert a k\u00f6r\u00f6z\u00e9sek alapj\u00e1ul szolg\u00e1l\u00f3 p\u00e9nzb\u00edrs\u00e1gokat nem tudt\u00e1k megfizetni.<\/p>\n<p>A Kom\u00e1rom-Esztergom V\u00e1rmegyei Rend\u0151r-f\u0151kapit\u00e1nys\u00e1g kiemelte, hogy a k\u00f6r\u00f6z\u00f6tt szem\u00e9lyek felkutat\u00e1s\u00e1ban az \u00e1llampolg\u00e1rok seg\u00edts\u00e9ge is fontos szerepet j\u00e1tszik. Aki k\u00f6r\u00f6z\u00f6tt szem\u00e9ly tart\u00f3zkod\u00e1si hely\u00e9r\u0151l vagy holl\u00e9t\u00e9r\u0151l inform\u00e1ci\u00f3val rendelkezik, a 112-es seg\u00e9lyh\u00edv\u00f3 sz\u00e1mon vagy a legk\u00f6zelebbi rend\u0151rkapit\u00e1nys\u00e1gon tehet bejelent\u00e9st.<\/p>\n<p>A rend\u0151rs\u00e9g rendszeresen szervez hasonl\u00f3 c\u00e9lzott ellen\u0151rz\u00e9seket annak \u00e9rdek\u00e9ben, hogy a k\u00f6r\u00f6z\u00f6tt szem\u00e9lyeket felkutass\u00e1k \u00e9s a vel\u00fck szemben folyamatban l\u00e9v\u0151 elj\u00e1r\u00e1sokat v\u00e9grehajts\u00e1k.<\/p>\n<p><em>Bor\u00edt\u00f3k\u00e9p: illusztr\u00e1ci\u00f3 (freepik.com)<\/em><\/p>\n","protected":false},"excerpt":{"rendered":"<p>A k\u00f6r\u00f6z\u00f6tt szem\u00e9lyek felkutat\u00e1s\u00e1ra ir\u00e1nyul\u00f3 fokozott ellen\u0151rz\u00e9st tartottak j\u00fanius 17-\u00e9n Esztergomban. Az Esztergomi Rend\u0151rkapit\u00e1nys\u00e1g munkat\u00e1rsai a k\u00f6zter\u00fclet-fel\u00fcgyel\u0151kkel k\u00f6z\u00f6sen hajtott\u00e1k v\u00e9gre az akci\u00f3t, amelynek eredm\u00e9nyek\u00e9nt t\u00edz embert \u00e1ll\u00edtottak el\u0151. A rend\u0151rs\u00e9g t\u00e1j\u00e9koztat\u00e1sa szerint az el\u0151\u00e1ll\u00edtottak k\u00f6z\u00f6tt volt egy olyan f\u00e9rfi is, aki ellen \u00f6sszesen kilenc k\u00f6r\u00f6z\u00e9s volt \u00e9rv\u00e9nyben. A k\u00f6r\u00f6z\u00e9sek h\u00e1tter\u00e9ben \u00f6sszesen 974 ezer forintnyi meg<\/p>\n","protected":false},"author":1,"featured_media":73736,"comment_status":"closed","ping_status":"closed","sticky":false,"template":"","format":"standard","meta":{"ngg_post_thumbnail":0,"footnotes":""},"categories":[38,3,39],"tags":[1556,42,106,61],"class_list":["post-81314","post","type-post","status-publish","format-standard","has-post-thumbnail","category-esztergom","category-hirek","category-kek-hirek","tag-elfogatoparancs","tag-esztergom","tag-korozes","tag-rendorsegi-hirek"],"yoast_head":"<!-- This site is optimized with the Yoast SEO plugin v28.3 - https:\/\/yoast.com\/product\/yoast-seo-wordpress\/ -->\n<title>Kilenc k\u00f6r\u00f6z\u00e9ssel kerestek egy f\u00e9rfit, esztergomi ellen\u0151rz\u00e9sen fogt\u00e1k el<\/title>\n<meta name=\"robots\" content=\"index, follow, max-snippet:-1, max-image-preview:large, max-video-preview:-1\" \/>\n<link rel=\"canonical\" href=\"https:\/\/dorogimedence.hu\/index.php\/2026\/06\/22\/kilenc-korozessel-kerestek-egy-ferfit-esztergomi-ellenorzesen-fogtak-el\/\" class=\"yoast-seo-meta-tag\" \/>\n<meta property=\"og:locale\" content=\"hu_HU\" class=\"yoast-seo-meta-tag\" \/>\n<meta property=\"og:type\" content=\"article\" class=\"yoast-seo-meta-tag\" \/>\n<meta property=\"og:title\" content=\"Kilenc k\u00f6r\u00f6z\u00e9ssel kerestek egy f\u00e9rfit, esztergomi ellen\u0151rz\u00e9sen fogt\u00e1k el\" class=\"yoast-seo-meta-tag\" \/>\n<meta property=\"og:description\" content=\"A k\u00f6r\u00f6z\u00f6tt szem\u00e9lyek felkutat\u00e1s\u00e1ra ir\u00e1nyul\u00f3 fokozott ellen\u0151rz\u00e9st tartottak j\u00fanius 17-\u00e9n Esztergomban. Az Esztergomi Rend\u0151rkapit\u00e1nys\u00e1g munkat\u00e1rsai a k\u00f6zter\u00fclet-fel\u00fcgyel\u0151kkel k\u00f6z\u00f6sen hajtott\u00e1k v\u00e9gre az akci\u00f3t, amelynek eredm\u00e9nyek\u00e9nt t\u00edz embert \u00e1ll\u00edtottak el\u0151. A rend\u0151rs\u00e9g t\u00e1j\u00e9koztat\u00e1sa szerint az el\u0151\u00e1ll\u00edtottak k\u00f6z\u00f6tt volt egy olyan f\u00e9rfi is, aki ellen \u00f6sszesen kilenc k\u00f6r\u00f6z\u00e9s volt \u00e9rv\u00e9nyben. A k\u00f6r\u00f6z\u00e9sek h\u00e1tter\u00e9ben \u00f6sszesen 974 ezer forintnyi meg\" class=\"yoast-seo-meta-tag\" \/>\n<meta property=\"og:url\" content=\"https:\/\/dorogimedence.hu\/index.php\/2026\/06\/22\/kilenc-korozessel-kerestek-egy-ferfit-esztergomi-ellenorzesen-fogtak-el\/\" class=\"yoast-seo-meta-tag\" \/>\n<meta property=\"og:site_name\" content=\"Dorogi-medence Region\u00e1lis H\u00edrport\u00e1l\" class=\"yoast-seo-meta-tag\" \/>\n<meta property=\"article:publisher\" content=\"https:\/\/www.facebook.com\/dorogimedence\/\" class=\"yoast-seo-meta-tag\" \/>\n<meta property=\"article:published_time\" content=\"2026-06-22T09:44:55+00:00\" class=\"yoast-seo-meta-tag\" \/>\n<meta property=\"og:image\" content=\"https:\/\/dorogimedence.hu\/wp-content\/uploads\/2025\/08\/bilincs-freepik-139638.jpg\" class=\"yoast-seo-meta-tag\" \/>\n\t<meta property=\"og:image:width\" content=\"2000\" class=\"yoast-seo-meta-tag\" \/>\n\t<meta property=\"og:image:height\" content=\"1333\" class=\"yoast-seo-meta-tag\" \/>\n\t<meta property=\"og:image:type\" content=\"image\/jpeg\" class=\"yoast-seo-meta-tag\" \/>\n<meta name=\"author\" content=\"dorogimedence.hu\" class=\"yoast-seo-meta-tag\" \/>\n<meta name=\"twitter:card\" content=\"summary_large_image\" class=\"yoast-seo-meta-tag\" \/>\n<meta name=\"twitter:label1\" content=\"Szerz\u0151:\" class=\"yoast-seo-meta-tag\" \/>\n\t<meta name=\"twitter:data1\" content=\"dorogimedence.hu\" class=\"yoast-seo-meta-tag\" \/>\n\t<meta name=\"twitter:label2\" content=\"Becs\u00fclt olvas\u00e1si id\u0151\" class=\"yoast-seo-meta-tag\" \/>\n\t<meta name=\"twitter:data2\" content=\"1 perc\" class=\"yoast-seo-meta-tag\" \/>\n<script type=\"application\/ld+json\" class=\"yoast-schema-graph\">{\"@context\":\"https:\\\/\\\/schema.org\",\"@graph\":[{\"@type\":\"Article\",\"@id\":\"https:\\\/\\\/dorogimedence.hu\\\/index.php\\\/2026\\\/06\\\/22\\\/kilenc-korozessel-kerestek-egy-ferfit-esztergomi-ellenorzesen-fogtak-el\\\/#article\",\"isPartOf\":{\"@id\":\"https:\\\/\\\/dorogimedence.hu\\\/index.php\\\/2026\\\/06\\\/22\\\/kilenc-korozessel-kerestek-egy-ferfit-esztergomi-ellenorzesen-fogtak-el\\\/\"},\"author\":{\"name\":\"dorogimedence.hu\",\"@id\":\"https:\\\/\\\/dorogimedence.hu\\\/#\\\/schema\\\/person\\\/ce6091eeb7e95ecdc87890d6aa8e0fd4\"},\"headline\":\"Kilenc k\u00f6r\u00f6z\u00e9ssel kerestek egy f\u00e9rfit, esztergomi ellen\u0151rz\u00e9sen fogt\u00e1k el\",\"datePublished\":\"2026-06-22T09:44:55+00:00\",\"mainEntityOfPage\":{\"@id\":\"https:\\\/\\\/dorogimedence.hu\\\/index.php\\\/2026\\\/06\\\/22\\\/kilenc-korozessel-kerestek-egy-ferfit-esztergomi-ellenorzesen-fogtak-el\\\/\"},\"wordCount\":313,\"publisher\":{\"@id\":\"https:\\\/\\\/dorogimedence.hu\\\/#organization\"},\"image\":{\"@id\":\"https:\\\/\\\/dorogimedence.hu\\\/index.php\\\/2026\\\/06\\\/22\\\/kilenc-korozessel-kerestek-egy-ferfit-esztergomi-ellenorzesen-fogtak-el\\\/#primaryimage\"},\"thumbnailUrl\":\"https:\\\/\\\/dorogimedence.hu\\\/wp-content\\\/uploads\\\/2025\\\/08\\\/bilincs-freepik-139638.jpg\",\"keywords\":[\"elfogat\u00f3parancs\",\"esztergom\",\"k\u00f6r\u00f6z\u00e9s\",\"rend\u0151rs\u00e9gi h\u00edrek\"],\"articleSection\":[\"Esztergom\",\"H\u00edrek\",\"K\u00e9k h\u00edrek\"],\"inLanguage\":\"hu\"},{\"@type\":\"WebPage\",\"@id\":\"https:\\\/\\\/dorogimedence.hu\\\/index.php\\\/2026\\\/06\\\/22\\\/kilenc-korozessel-kerestek-egy-ferfit-esztergomi-ellenorzesen-fogtak-el\\\/\",\"url\":\"https:\\\/\\\/dorogimedence.hu\\\/index.php\\\/2026\\\/06\\\/22\\\/kilenc-korozessel-kerestek-egy-ferfit-esztergomi-ellenorzesen-fogtak-el\\\/\",\"name\":\"Kilenc k\u00f6r\u00f6z\u00e9ssel kerestek egy f\u00e9rfit, esztergomi ellen\u0151rz\u00e9sen fogt\u00e1k el\",\"isPartOf\":{\"@id\":\"https:\\\/\\\/dorogimedence.hu\\\/#website\"},\"primaryImageOfPage\":{\"@id\":\"https:\\\/\\\/dorogimedence.hu\\\/index.php\\\/2026\\\/06\\\/22\\\/kilenc-korozessel-kerestek-egy-ferfit-esztergomi-ellenorzesen-fogtak-el\\\/#primaryimage\"},\"image\":{\"@id\":\"https:\\\/\\\/dorogimedence.hu\\\/index.php\\\/2026\\\/06\\\/22\\\/kilenc-korozessel-kerestek-egy-ferfit-esztergomi-ellenorzesen-fogtak-el\\\/#primaryimage\"},\"thumbnailUrl\":\"https:\\\/\\\/dorogimedence.hu\\\/wp-content\\\/uploads\\\/2025\\\/08\\\/bilincs-freepik-139638.jpg\",\"datePublished\":\"2026-06-22T09:44:55+00:00\",\"breadcrumb\":{\"@id\":\"https:\\\/\\\/dorogimedence.hu\\\/index.php\\\/2026\\\/06\\\/22\\\/kilenc-korozessel-kerestek-egy-ferfit-esztergomi-ellenorzesen-fogtak-el\\\/#breadcrumb\"},\"inLanguage\":\"hu\",\"potentialAction\":[{\"@type\":\"ReadAction\",\"target\":[\"https:\\\/\\\/dorogimedence.hu\\\/index.php\\\/2026\\\/06\\\/22\\\/kilenc-korozessel-kerestek-egy-ferfit-esztergomi-ellenorzesen-fogtak-el\\\/\"]}]},{\"@type\":\"ImageObject\",\"inLanguage\":\"hu\",\"@id\":\"https:\\\/\\\/dorogimedence.hu\\\/index.php\\\/2026\\\/06\\\/22\\\/kilenc-korozessel-kerestek-egy-ferfit-esztergomi-ellenorzesen-fogtak-el\\\/#primaryimage\",\"url\":\"https:\\\/\\\/dorogimedence.hu\\\/wp-content\\\/uploads\\\/2025\\\/08\\\/bilincs-freepik-139638.jpg\",\"contentUrl\":\"https:\\\/\\\/dorogimedence.hu\\\/wp-content\\\/uploads\\\/2025\\\/08\\\/bilincs-freepik-139638.jpg\",\"width\":2000,\"height\":1333},{\"@type\":\"BreadcrumbList\",\"@id\":\"https:\\\/\\\/dorogimedence.hu\\\/index.php\\\/2026\\\/06\\\/22\\\/kilenc-korozessel-kerestek-egy-ferfit-esztergomi-ellenorzesen-fogtak-el\\\/#breadcrumb\",\"itemListElement\":[{\"@type\":\"ListItem\",\"position\":1,\"name\":\"Kezd\u0151lap\",\"item\":\"https:\\\/\\\/dorogimedence.hu\\\/\"},{\"@type\":\"ListItem\",\"position\":2,\"name\":\"Kilenc k\u00f6r\u00f6z\u00e9ssel kerestek egy f\u00e9rfit, esztergomi ellen\u0151rz\u00e9sen fogt\u00e1k el\"}]},{\"@type\":\"WebSite\",\"@id\":\"https:\\\/\\\/dorogimedence.hu\\\/#website\",\"url\":\"https:\\\/\\\/dorogimedence.hu\\\/\",\"name\":\"Dorogi-medence Region\u00e1lis H\u00edrport\u00e1l\",\"description\":\"Dorog, Keszt\u00f6lc, Le\u00e1nyv\u00e1r, Piliscs\u00e9v, Tokod, Tokodalt\u00e1r\u00f3, Csolnok, Esztergom-kertv\u00e1ros: h\u00edrek, programok\",\"publisher\":{\"@id\":\"https:\\\/\\\/dorogimedence.hu\\\/#organization\"},\"potentialAction\":[{\"@type\":\"SearchAction\",\"target\":{\"@type\":\"EntryPoint\",\"urlTemplate\":\"https:\\\/\\\/dorogimedence.hu\\\/?s={search_term_string}\"},\"query-input\":{\"@type\":\"PropertyValueSpecification\",\"valueRequired\":true,\"valueName\":\"search_term_string\"}}],\"inLanguage\":\"hu\"},{\"@type\":\"Organization\",\"@id\":\"https:\\\/\\\/dorogimedence.hu\\\/#organization\",\"name\":\"Dorogi-medence Region\u00e1lis H\u00edrport\u00e1l\",\"url\":\"https:\\\/\\\/dorogimedence.hu\\\/\",\"logo\":{\"@type\":\"ImageObject\",\"inLanguage\":\"hu\",\"@id\":\"https:\\\/\\\/dorogimedence.hu\\\/#\\\/schema\\\/logo\\\/image\\\/\",\"url\":\"https:\\\/\\\/dorogimedence.hu\\\/wp-content\\\/uploads\\\/2021\\\/04\\\/logo-feher-600.png\",\"contentUrl\":\"https:\\\/\\\/dorogimedence.hu\\\/wp-content\\\/uploads\\\/2021\\\/04\\\/logo-feher-600.png\",\"width\":600,\"height\":100,\"caption\":\"Dorogi-medence Region\u00e1lis H\u00edrport\u00e1l\"},\"image\":{\"@id\":\"https:\\\/\\\/dorogimedence.hu\\\/#\\\/schema\\\/logo\\\/image\\\/\"},\"sameAs\":[\"https:\\\/\\\/www.facebook.com\\\/dorogimedence\\\/\"]},{\"@type\":\"Person\",\"@id\":\"https:\\\/\\\/dorogimedence.hu\\\/#\\\/schema\\\/person\\\/ce6091eeb7e95ecdc87890d6aa8e0fd4\",\"name\":\"dorogimedence.hu\",\"image\":{\"@type\":\"ImageObject\",\"inLanguage\":\"hu\",\"@id\":\"\\\/\\\/www.gravatar.com\\\/avatar\\\/d8d45f8901aadff40a4af72c0b826f1d?s=96&#038;r=g&#038;d=mm\",\"url\":\"\\\/\\\/www.gravatar.com\\\/avatar\\\/d8d45f8901aadff40a4af72c0b826f1d?s=96&#038;r=g&#038;d=mm\",\"contentUrl\":\"\\\/\\\/www.gravatar.com\\\/avatar\\\/d8d45f8901aadff40a4af72c0b826f1d?s=96&#038;r=g&#038;d=mm\",\"caption\":\"dorogimedence.hu\"}}]}<\/script>\n<!-- \/ Yoast SEO plugin. -->","yoast_head_json":{"title":"Kilenc k\u00f6r\u00f6z\u00e9ssel kerestek egy f\u00e9rfit, esztergomi ellen\u0151rz\u00e9sen fogt\u00e1k el","robots":{"index":"index","follow":"follow","max-snippet":"max-snippet:-1","max-image-preview":"max-image-preview:large","max-video-preview":"max-video-preview:-1"},"canonical":"https:\/\/dorogimedence.hu\/index.php\/2026\/06\/22\/kilenc-korozessel-kerestek-egy-ferfit-esztergomi-ellenorzesen-fogtak-el\/","og_locale":"hu_HU","og_type":"article","og_title":"Kilenc k\u00f6r\u00f6z\u00e9ssel kerestek egy f\u00e9rfit, esztergomi ellen\u0151rz\u00e9sen fogt\u00e1k el","og_description":"A k\u00f6r\u00f6z\u00f6tt szem\u00e9lyek felkutat\u00e1s\u00e1ra ir\u00e1nyul\u00f3 fokozott ellen\u0151rz\u00e9st tartottak j\u00fanius 17-\u00e9n Esztergomban. Az Esztergomi Rend\u0151rkapit\u00e1nys\u00e1g munkat\u00e1rsai a k\u00f6zter\u00fclet-fel\u00fcgyel\u0151kkel k\u00f6z\u00f6sen hajtott\u00e1k v\u00e9gre az akci\u00f3t, amelynek eredm\u00e9nyek\u00e9nt t\u00edz embert \u00e1ll\u00edtottak el\u0151. A rend\u0151rs\u00e9g t\u00e1j\u00e9koztat\u00e1sa szerint az el\u0151\u00e1ll\u00edtottak k\u00f6z\u00f6tt volt egy olyan f\u00e9rfi is, aki ellen \u00f6sszesen kilenc k\u00f6r\u00f6z\u00e9s volt \u00e9rv\u00e9nyben. A k\u00f6r\u00f6z\u00e9sek h\u00e1tter\u00e9ben \u00f6sszesen 974 ezer forintnyi meg","og_url":"https:\/\/dorogimedence.hu\/index.php\/2026\/06\/22\/kilenc-korozessel-kerestek-egy-ferfit-esztergomi-ellenorzesen-fogtak-el\/","og_site_name":"Dorogi-medence Region\u00e1lis H\u00edrport\u00e1l","article_publisher":"https:\/\/www.facebook.com\/dorogimedence\/","article_published_time":"2026-06-22T09:44:55+00:00","og_image":[{"width":2000,"height":1333,"url":"https:\/\/dorogimedence.hu\/wp-content\/uploads\/2025\/08\/bilincs-freepik-139638.jpg","type":"image\/jpeg"}],"author":"dorogimedence.hu","twitter_card":"summary_large_image","twitter_misc":{"Szerz\u0151:":"dorogimedence.hu","Becs\u00fclt olvas\u00e1si id\u0151":"1 perc"},"schema":{"@context":"https:\/\/schema.org","@graph":[{"@type":"Article","@id":"https:\/\/dorogimedence.hu\/index.php\/2026\/06\/22\/kilenc-korozessel-kerestek-egy-ferfit-esztergomi-ellenorzesen-fogtak-el\/#article","isPartOf":{"@id":"https:\/\/dorogimedence.hu\/index.php\/2026\/06\/22\/kilenc-korozessel-kerestek-egy-ferfit-esztergomi-ellenorzesen-fogtak-el\/"},"author":{"name":"dorogimedence.hu","@id":"https:\/\/dorogimedence.hu\/#\/schema\/person\/ce6091eeb7e95ecdc87890d6aa8e0fd4"},"headline":"Kilenc k\u00f6r\u00f6z\u00e9ssel kerestek egy f\u00e9rfit, esztergomi ellen\u0151rz\u00e9sen fogt\u00e1k el","datePublished":"2026-06-22T09:44:55+00:00","mainEntityOfPage":{"@id":"https:\/\/dorogimedence.hu\/index.php\/2026\/06\/22\/kilenc-korozessel-kerestek-egy-ferfit-esztergomi-ellenorzesen-fogtak-el\/"},"wordCount":313,"publisher":{"@id":"https:\/\/dorogimedence.hu\/#organization"},"image":{"@id":"https:\/\/dorogimedence.hu\/index.php\/2026\/06\/22\/kilenc-korozessel-kerestek-egy-ferfit-esztergomi-ellenorzesen-fogtak-el\/#primaryimage"},"thumbnailUrl":"https:\/\/dorogimedence.hu\/wp-content\/uploads\/2025\/08\/bilincs-freepik-139638.jpg","keywords":["elfogat\u00f3parancs","esztergom","k\u00f6r\u00f6z\u00e9s","rend\u0151rs\u00e9gi h\u00edrek"],"articleSection":["Esztergom","H\u00edrek","K\u00e9k h\u00edrek"],"inLanguage":"hu"},{"@type":"WebPage","@id":"https:\/\/dorogimedence.hu\/index.php\/2026\/06\/22\/kilenc-korozessel-kerestek-egy-ferfit-esztergomi-ellenorzesen-fogtak-el\/","url":"https:\/\/dorogimedence.hu\/index.php\/2026\/06\/22\/kilenc-korozessel-kerestek-egy-ferfit-esztergomi-ellenorzesen-fogtak-el\/","name":"Kilenc k\u00f6r\u00f6z\u00e9ssel kerestek egy f\u00e9rfit, esztergomi ellen\u0151rz\u00e9sen fogt\u00e1k el","isPartOf":{"@id":"https:\/\/dorogimedence.hu\/#website"},"primaryImageOfPage":{"@id":"https:\/\/dorogimedence.hu\/index.php\/2026\/06\/22\/kilenc-korozessel-kerestek-egy-ferfit-esztergomi-ellenorzesen-fogtak-el\/#primaryimage"},"image":{"@id":"https:\/\/dorogimedence.hu\/index.php\/2026\/06\/22\/kilenc-korozessel-kerestek-egy-ferfit-esztergomi-ellenorzesen-fogtak-el\/#primaryimage"},"thumbnailUrl":"https:\/\/dorogimedence.hu\/wp-content\/uploads\/2025\/08\/bilincs-freepik-139638.jpg","datePublished":"2026-06-22T09:44:55+00:00","breadcrumb":{"@id":"https:\/\/dorogimedence.hu\/index.php\/2026\/06\/22\/kilenc-korozessel-kerestek-egy-ferfit-esztergomi-ellenorzesen-fogtak-el\/#breadcrumb"},"inLanguage":"hu","potentialAction":[{"@type":"ReadAction","target":["https:\/\/dorogimedence.hu\/index.php\/2026\/06\/22\/kilenc-korozessel-kerestek-egy-ferfit-esztergomi-ellenorzesen-fogtak-el\/"]}]},{"@type":"ImageObject","inLanguage":"hu","@id":"https:\/\/dorogimedence.hu\/index.php\/2026\/06\/22\/kilenc-korozessel-kerestek-egy-ferfit-esztergomi-ellenorzesen-fogtak-el\/#primaryimage","url":"https:\/\/dorogimedence.hu\/wp-content\/uploads\/2025\/08\/bilincs-freepik-139638.jpg","contentUrl":"https:\/\/dorogimedence.hu\/wp-content\/uploads\/2025\/08\/bilincs-freepik-139638.jpg","width":2000,"height":1333},{"@type":"BreadcrumbList","@id":"https:\/\/dorogimedence.hu\/index.php\/2026\/06\/22\/kilenc-korozessel-kerestek-egy-ferfit-esztergomi-ellenorzesen-fogtak-el\/#breadcrumb","itemListElement":[{"@type":"ListItem","position":1,"name":"Kezd\u0151lap","item":"https:\/\/dorogimedence.hu\/"},{"@type":"ListItem","position":2,"name":"Kilenc k\u00f6r\u00f6z\u00e9ssel kerestek egy f\u00e9rfit, esztergomi ellen\u0151rz\u00e9sen fogt\u00e1k el"}]},{"@type":"WebSite","@id":"https:\/\/dorogimedence.hu\/#website","url":"https:\/\/dorogimedence.hu\/","name":"Dorogi-medence Region\u00e1lis H\u00edrport\u00e1l","description":"Dorog, Keszt\u00f6lc, Le\u00e1nyv\u00e1r, Piliscs\u00e9v, Tokod, Tokodalt\u00e1r\u00f3, Csolnok, Esztergom-kertv\u00e1ros: h\u00edrek, programok","publisher":{"@id":"https:\/\/dorogimedence.hu\/#organization"},"potentialAction":[{"@type":"SearchAction","target":{"@type":"EntryPoint","urlTemplate":"https:\/\/dorogimedence.hu\/?s={search_term_string}"},"query-input":{"@type":"PropertyValueSpecification","valueRequired":true,"valueName":"search_term_string"}}],"inLanguage":"hu"},{"@type":"Organization","@id":"https:\/\/dorogimedence.hu\/#organization","name":"Dorogi-medence Region\u00e1lis H\u00edrport\u00e1l","url":"https:\/\/dorogimedence.hu\/","logo":{"@type":"ImageObject","inLanguage":"hu","@id":"https:\/\/dorogimedence.hu\/#\/schema\/logo\/image\/","url":"https:\/\/dorogimedence.hu\/wp-content\/uploads\/2021\/04\/logo-feher-600.png","contentUrl":"https:\/\/dorogimedence.hu\/wp-content\/uploads\/2021\/04\/logo-feher-600.png","width":600,"height":100,"caption":"Dorogi-medence Region\u00e1lis H\u00edrport\u00e1l"},"image":{"@id":"https:\/\/dorogimedence.hu\/#\/schema\/logo\/image\/"},"sameAs":["https:\/\/www.facebook.com\/dorogimedence\/"]},{"@type":"Person","@id":"https:\/\/dorogimedence.hu\/#\/schema\/person\/ce6091eeb7e95ecdc87890d6aa8e0fd4","name":"dorogimedence.hu","image":{"@type":"ImageObject","inLanguage":"hu","@id":"\/\/www.gravatar.com\/avatar\/d8d45f8901aadff40a4af72c0b826f1d?s=96&#038;r=g&#038;d=mm","url":"\/\/www.gravatar.com\/avatar\/d8d45f8901aadff40a4af72c0b826f1d?s=96&#038;r=g&#038;d=mm","contentUrl":"\/\/www.gravatar.com\/avatar\/d8d45f8901aadff40a4af72c0b826f1d?s=96&#038;r=g&#038;d=mm","caption":"dorogimedence.hu"}}]}},"_links":{"self":[{"href":"https:\/\/dorogimedence.hu\/index.php\/wp-json\/wp\/v2\/posts\/81314","targetHints":{"allow":["GET"]}}],"collection":[{"href":"https:\/\/dorogimedence.hu\/index.php\/wp-json\/wp\/v2\/posts"}],"about":[{"href":"https:\/\/dorogimedence.hu\/index.php\/wp-json\/wp\/v2\/types\/post"}],"author":[{"embeddable":true,"href":"https:\/\/dorogimedence.hu\/index.php\/wp-json\/wp\/v2\/users\/1"}],"replies":[{"embeddable":true,"href":"https:\/\/dorogimedence.hu\/index.php\/wp-json\/wp\/v2\/comments?post=81314"}],"version-history":[{"count":1,"href":"https:\/\/dorogimedence.hu\/index.php\/wp-json\/wp\/v2\/posts\/81314\/revisions"}],"predecessor-version":[{"id":81315,"href":"https:\/\/dorogimedence.hu\/index.php\/wp-json\/wp\/v2\/posts\/81314\/revisions\/81315"}],"wp:featuredmedia":[{"embeddable":true,"href":"https:\/\/dorogimedence.hu\/index.php\/wp-json\/wp\/v2\/media\/73736"}],"wp:attachment":[{"href":"https:\/\/dorogimedence.hu\/index.php\/wp-json\/wp\/v2\/media?parent=81314"}],"wp:term":[{"taxonomy":"category","embeddable":true,"href":"https:\/\/dorogimedence.hu\/index.php\/wp-json\/wp\/v2\/categories?post=81314"},{"taxonomy":"post_tag","embeddable":true,"href":"https:\/\/dorogimedence.hu\/index.php\/wp-json\/wp\/v2\/tags?post=81314"}],"curies":[{"name":"wp","href":"https:\/\/api.w.org\/{rel}","templated":true}]}}