{"id":81300,"date":"2026-06-22T08:06:00","date_gmt":"2026-06-22T06:06:00","guid":{"rendered":"https:\/\/dorogimedence.hu\/?p=81300"},"modified":"2026-06-22T08:06:00","modified_gmt":"2026-06-22T06:06:00","slug":"dobogora-allhattak-a-terseg-fiatal-labdarugoi-portugaliaban","status":"publish","type":"post","link":"https:\/\/dorogimedence.hu\/index.php\/2026\/06\/22\/dobogora-allhattak-a-terseg-fiatal-labdarugoi-portugaliaban\/","title":{"rendered":"Dobog\u00f3ra \u00e1llhattak a t\u00e9rs\u00e9g fiatal labdar\u00fag\u00f3i Portug\u00e1li\u00e1ban"},"content":{"rendered":"<p><strong>Bronz\u00e9remmel z\u00e1rta a portug\u00e1liai Youth for Peace nemzetk\u00f6zi ut\u00e1np\u00f3tl\u00e1s labdar\u00fag\u00f3torn\u00e1t az Esztergomi Region\u00e1lis V\u00e1logatott. A <span style=\"text-decoration: underline;\"><span style=\"color: #0000ff; text-decoration: underline;\"><a style=\"color: #0000ff; text-decoration: underline;\" href=\"https:\/\/www.facebook.com\/municipiodeourem\/posts\/pfbid0FQNZbcAjhdJf5bjeD63WPUztezKTrpUjmtTPA5faoAkECZ4z8uD2p2dcamstRC1tl\" target=\"_blank\" rel=\"noopener\">F\u00e1tima\u2013Our\u00e9mben<\/a><\/span><\/span>, Esztergom portug\u00e1liai testv\u00e9rv\u00e1ros\u00e1ban megrendezett esem\u00e9nyen a t\u00e9rs\u00e9g fiataljai remek teljes\u00edtm\u00e9nyt ny\u00fajtva a harmadik helyen v\u00e9geztek.<\/strong><\/p>\n<p>A j\u00fanius 19. \u00e9s 21. k\u00f6z\u00f6tt megrendezett torn\u00e1n \u00f6sszesen nyolc eur\u00f3pai orsz\u00e1g 16 csapata \u00e9s mintegy 300 r\u00e9sztvev\u0151 vett r\u00e9szt. A rendezv\u00e9ny c\u00e9lja nemcsak a sportverseny volt, hanem a k\u00fcl\u00f6nb\u00f6z\u0151 orsz\u00e1gokb\u00f3l \u00e9rkez\u0151 fiatalok k\u00f6z\u00f6tti kapcsolatok \u00e9p\u00edt\u00e9se, a kultur\u00e1lis tapasztalatcsere, valamint a fair play, a csapatmunka \u00e9s a k\u00f6lcs\u00f6n\u00f6s tisztelet \u00e9rt\u00e9keinek er\u0151s\u00edt\u00e9se.<\/p>\n<p><img fetchpriority=\"high\" decoding=\"async\" class=\"alignnone size-full wp-image-81302\" src=\"https:\/\/dorogimedence.hu\/wp-content\/uploads\/2026\/06\/725922004_1038189128633620_5730968123824043882_n.jpg\" alt=\"\" width=\"2048\" height=\"1365\" srcset=\"https:\/\/dorogimedence.hu\/wp-content\/uploads\/2026\/06\/725922004_1038189128633620_5730968123824043882_n.jpg 2048w, https:\/\/dorogimedence.hu\/wp-content\/uploads\/2026\/06\/725922004_1038189128633620_5730968123824043882_n-600x400.jpg 600w, https:\/\/dorogimedence.hu\/wp-content\/uploads\/2026\/06\/725922004_1038189128633620_5730968123824043882_n-1920x1280.jpg 1920w, https:\/\/dorogimedence.hu\/wp-content\/uploads\/2026\/06\/725922004_1038189128633620_5730968123824043882_n-768x512.jpg 768w, https:\/\/dorogimedence.hu\/wp-content\/uploads\/2026\/06\/725922004_1038189128633620_5730968123824043882_n-1536x1024.jpg 1536w, https:\/\/dorogimedence.hu\/wp-content\/uploads\/2026\/06\/725922004_1038189128633620_5730968123824043882_n-150x100.jpg 150w, https:\/\/dorogimedence.hu\/wp-content\/uploads\/2026\/06\/725922004_1038189128633620_5730968123824043882_n-450x300.jpg 450w, https:\/\/dorogimedence.hu\/wp-content\/uploads\/2026\/06\/725922004_1038189128633620_5730968123824043882_n-1200x800.jpg 1200w, https:\/\/dorogimedence.hu\/wp-content\/uploads\/2026\/06\/725922004_1038189128633620_5730968123824043882_n-272x182.jpg 272w\" sizes=\"(max-width: 2048px) 100vw, 2048px\" \/><\/p>\n<p>Az Esztergomi Region\u00e1lis V\u00e1logatott keret\u00e9ben \u00f6sszesen 12 j\u00e1t\u00e9kos kapott lehet\u0151s\u00e9get: hat esztergomi, n\u00e9gy dorogi \u00e9s k\u00e9t s\u00e1ris\u00e1pi fiatal k\u00e9pviselte t\u00e9rs\u00e9g\u00fcnket Portug\u00e1li\u00e1ban. Az <a href=\"https:\/\/www.facebook.com\/fcesztergom\/posts\/pfbid0FLmZQ9uGuU6NV6W5MvVCn1AZhjGDxrejTi6G58S3ESEf7etpw97zC1woJPjZJAzZl\" target=\"_blank\" rel=\"noopener\"><span style=\"text-decoration: underline; color: #0000ff;\">esztergomi j\u00e1t\u00e9kosok<\/span><\/a> Varga Marcell, Sch\u00f6nw\u00e4lder Z\u00e9t\u00e9ny, Deissinger Boldizs\u00e1r, Fiala Barnab\u00e1s, Cs\u00e9pke Csaba \u00e9s Petruska Noel voltak, m\u00edg a <a href=\"https:\/\/www.facebook.com\/dorogifc\/posts\/pfbid0GPP1RQ96Jvt7owbYqEDaPT19nPAGx7TfkJYy2ACL9HgVwUYjJQ6S3gXYS9f62SaUl\" target=\"_blank\" rel=\"noopener\"><span style=\"text-decoration: underline; color: #0000ff;\">Dorogi FC-t<\/span><\/a> Kara Krist\u00f3f, Holop Zsombor, Valasek Zsombor \u00e9s V\u00f6r\u00f6s R\u00f3bert k\u00e9pviselte a torn\u00e1n.<\/p>\n<p>A fiatalok m\u00e1r a torna kezdete el\u0151tt k\u00fcl\u00f6nleges \u00e9lm\u00e9nyekkel gazdagodtak. Ell\u00e1togattak a Sporting CP stadionj\u00e1ba, majd Lisszabon nevezetess\u00e9geit is megtekinthett\u00e9k. A torna m\u00e9rk\u0151z\u00e9seit F\u00e1tima \u00e9s Our\u00e9m v\u00e1rosaiban rendezt\u00e9k meg, m\u00edg a r\u00e9sztvev\u0151ket kultur\u00e1lis \u00e9s k\u00f6z\u00f6ss\u00e9gi programok is v\u00e1rt\u00e1k a portug\u00e1liai tart\u00f3zkod\u00e1s sor\u00e1n.<\/p>\n<p><img decoding=\"async\" class=\"alignnone size-full wp-image-81303\" src=\"https:\/\/dorogimedence.hu\/wp-content\/uploads\/2026\/06\/726997093_1662077291515813_3914151368786082670_n.jpg\" alt=\"\" width=\"1440\" height=\"1080\" srcset=\"https:\/\/dorogimedence.hu\/wp-content\/uploads\/2026\/06\/726997093_1662077291515813_3914151368786082670_n.jpg 1440w, https:\/\/dorogimedence.hu\/wp-content\/uploads\/2026\/06\/726997093_1662077291515813_3914151368786082670_n-600x450.jpg 600w, https:\/\/dorogimedence.hu\/wp-content\/uploads\/2026\/06\/726997093_1662077291515813_3914151368786082670_n-768x576.jpg 768w, https:\/\/dorogimedence.hu\/wp-content\/uploads\/2026\/06\/726997093_1662077291515813_3914151368786082670_n-150x113.jpg 150w, https:\/\/dorogimedence.hu\/wp-content\/uploads\/2026\/06\/726997093_1662077291515813_3914151368786082670_n-450x338.jpg 450w, https:\/\/dorogimedence.hu\/wp-content\/uploads\/2026\/06\/726997093_1662077291515813_3914151368786082670_n-1200x900.jpg 1200w\" sizes=\"(max-width: 1440px) 100vw, 1440px\" \/><\/p>\n<p>A r\u00e9gi\u00f3s v\u00e1logatott kiv\u00e1l\u00f3an szerepelt a csoportk\u00f6rben. A B csoport m\u00e9rk\u0151z\u00e9sein legy\u0151zte a h\u00e1zigazda Academia Vasco da Gama, a n\u00e9met JFG \u00d6tting\/Inn \u00e9s a portug\u00e1l C.C.D. Caxarias csapat\u00e1t is, \u00edgy hib\u00e1tlan m\u00e9rleggel jutott tov\u00e1bb az egyenes kies\u00e9ses szakaszba.<\/p>\n<p>A torna v\u00e9g\u00e9n az Esztergomi Region\u00e1lis V\u00e1logatott a dobog\u00f3 harmadik fok\u00e1ra \u00e1llhatott. A torn\u00e1t a franciaorsz\u00e1gi Lourdes csapata nyerte meg, m\u00edg a h\u00e1zigazda Clube Atl\u00e9tico Ouriense a m\u00e1sodik helyen v\u00e9gzett. A Fair Play-d\u00edjat a litv\u00e1niai Raseiniai egy\u00fcttese \u00e9rdemelte ki.<\/p>\n<p><img decoding=\"async\" class=\"alignnone size-full wp-image-81304\" src=\"https:\/\/dorogimedence.hu\/wp-content\/uploads\/2026\/06\/726734201_1014401881171712_1711937718407847577_n.jpg\" alt=\"\" width=\"2048\" height=\"1365\" srcset=\"https:\/\/dorogimedence.hu\/wp-content\/uploads\/2026\/06\/726734201_1014401881171712_1711937718407847577_n.jpg 2048w, https:\/\/dorogimedence.hu\/wp-content\/uploads\/2026\/06\/726734201_1014401881171712_1711937718407847577_n-600x400.jpg 600w, https:\/\/dorogimedence.hu\/wp-content\/uploads\/2026\/06\/726734201_1014401881171712_1711937718407847577_n-1920x1280.jpg 1920w, https:\/\/dorogimedence.hu\/wp-content\/uploads\/2026\/06\/726734201_1014401881171712_1711937718407847577_n-768x512.jpg 768w, https:\/\/dorogimedence.hu\/wp-content\/uploads\/2026\/06\/726734201_1014401881171712_1711937718407847577_n-1536x1024.jpg 1536w, https:\/\/dorogimedence.hu\/wp-content\/uploads\/2026\/06\/726734201_1014401881171712_1711937718407847577_n-150x100.jpg 150w, https:\/\/dorogimedence.hu\/wp-content\/uploads\/2026\/06\/726734201_1014401881171712_1711937718407847577_n-450x300.jpg 450w, https:\/\/dorogimedence.hu\/wp-content\/uploads\/2026\/06\/726734201_1014401881171712_1711937718407847577_n-1200x800.jpg 1200w, https:\/\/dorogimedence.hu\/wp-content\/uploads\/2026\/06\/726734201_1014401881171712_1711937718407847577_n-272x182.jpg 272w\" sizes=\"(max-width: 2048px) 100vw, 2048px\" \/><\/p>\n<p>Hern\u00e1di \u00c1d\u00e1m, Esztergom polg\u00e1rmestere <a href=\"https:\/\/www.facebook.com\/hernadiadam.esztergom\/posts\/pfbid02egY3jy4HhesUQrs3eZ4EKfxxqxVBXqBikgWU9KSP39CBx1jkiayuQa2XaehMJNNWl\" target=\"_blank\" rel=\"noopener\"><span style=\"text-decoration: underline; color: #0000ff;\">k\u00f6z\u00f6ss\u00e9gi oldal\u00e1n<\/span><\/a> gratul\u00e1lt a fiataloknak \u00e9s a felk\u00e9sz\u00edt\u0151 edz\u0151knek az el\u00e9rt eredm\u00e9nyhez. Bejegyz\u00e9s\u00e9ben k\u00fcl\u00f6n kiemelte, hogy b\u00fcszke a csapat teljes\u00edtm\u00e9ny\u00e9re, valamint miel\u0151bbi fel\u00e9p\u00fcl\u00e9st k\u00edv\u00e1nt a torna sor\u00e1n megs\u00e9r\u00fclt j\u00e1t\u00e9kosnak.<\/p>\n<p>A bronz\u00e9rem \u00fajabb sz\u00e9p nemzetk\u00f6zi siker a t\u00e9rs\u00e9g ut\u00e1np\u00f3tl\u00e1s labdar\u00fag\u00e1sa sz\u00e1m\u00e1ra, \u00e9s j\u00f3l mutatja, hogy az esztergomi, dorogi \u00e9s s\u00e1ris\u00e1pi fiatalok eur\u00f3pai mez\u0151nyben is meg\u00e1llj\u00e1k a hely\u00fcket.<\/p>\n<p><img loading=\"lazy\" decoding=\"async\" class=\"alignnone size-full wp-image-81305\" src=\"https:\/\/dorogimedence.hu\/wp-content\/uploads\/2026\/06\/725860786_3442718575900684_7585737417394055499_n.jpg\" alt=\"\" width=\"2048\" height=\"1365\" srcset=\"https:\/\/dorogimedence.hu\/wp-content\/uploads\/2026\/06\/725860786_3442718575900684_7585737417394055499_n.jpg 2048w, https:\/\/dorogimedence.hu\/wp-content\/uploads\/2026\/06\/725860786_3442718575900684_7585737417394055499_n-600x400.jpg 600w, https:\/\/dorogimedence.hu\/wp-content\/uploads\/2026\/06\/725860786_3442718575900684_7585737417394055499_n-1920x1280.jpg 1920w, https:\/\/dorogimedence.hu\/wp-content\/uploads\/2026\/06\/725860786_3442718575900684_7585737417394055499_n-768x512.jpg 768w, https:\/\/dorogimedence.hu\/wp-content\/uploads\/2026\/06\/725860786_3442718575900684_7585737417394055499_n-1536x1024.jpg 1536w, https:\/\/dorogimedence.hu\/wp-content\/uploads\/2026\/06\/725860786_3442718575900684_7585737417394055499_n-150x100.jpg 150w, https:\/\/dorogimedence.hu\/wp-content\/uploads\/2026\/06\/725860786_3442718575900684_7585737417394055499_n-450x300.jpg 450w, https:\/\/dorogimedence.hu\/wp-content\/uploads\/2026\/06\/725860786_3442718575900684_7585737417394055499_n-1200x800.jpg 1200w, https:\/\/dorogimedence.hu\/wp-content\/uploads\/2026\/06\/725860786_3442718575900684_7585737417394055499_n-272x182.jpg 272w\" sizes=\"(max-width: 2048px) 100vw, 2048px\" \/><\/p>\n<p><em>Fot\u00f3k: Munic\u00edpio de Our\u00e9m Facebook-oldala \/ Dorogi FC Facebook-oldala<\/em><\/p>\n","protected":false},"excerpt":{"rendered":"<p>Bronz\u00e9remmel z\u00e1rta a portug\u00e1liai Youth for Peace nemzetk\u00f6zi ut\u00e1np\u00f3tl\u00e1s labdar\u00fag\u00f3torn\u00e1t az Esztergomi Region\u00e1lis V\u00e1logatott. A F\u00e1tima\u2013Our\u00e9mben, Esztergom portug\u00e1liai testv\u00e9rv\u00e1ros\u00e1ban megrendezett esem\u00e9nyen a t\u00e9rs\u00e9g fiataljai remek teljes\u00edtm\u00e9nyt ny\u00fajtva a harmadik helyen v\u00e9geztek. A j\u00fanius 19. \u00e9s 21. k\u00f6z\u00f6tt megrendezett torn\u00e1n \u00f6sszesen nyolc eur\u00f3pai orsz\u00e1g 16 csapata \u00e9s mintegy 300 r\u00e9sztvev\u0151 vett r\u00e9szt. A rendezv\u00e9ny c\u00e9lja nemcsak<\/p>\n","protected":false},"author":1,"featured_media":81301,"comment_status":"closed","ping_status":"closed","sticky":false,"template":"","format":"standard","meta":{"ngg_post_thumbnail":0,"footnotes":""},"categories":[2,38,3,5],"tags":[15,42,5624,70,69,72,423,16],"class_list":["post-81300","post","type-post","status-publish","format-standard","has-post-thumbnail","category-dorog","category-esztergom","category-hirek","category-sport","tag-dorog","tag-esztergom","tag-featured","tag-foci","tag-futball","tag-labdarugas","tag-sarisap","tag-sport"],"yoast_head":"<!-- This site is optimized with the Yoast SEO plugin v28.3 - https:\/\/yoast.com\/product\/yoast-seo-wordpress\/ -->\n<title>Dobog\u00f3ra \u00e1llhattak a t\u00e9rs\u00e9g fiatal labdar\u00fag\u00f3i Portug\u00e1li\u00e1ban<\/title>\n<meta name=\"robots\" content=\"index, follow, max-snippet:-1, max-image-preview:large, max-video-preview:-1\" \/>\n<link rel=\"canonical\" href=\"https:\/\/dorogimedence.hu\/index.php\/2026\/06\/22\/dobogora-allhattak-a-terseg-fiatal-labdarugoi-portugaliaban\/\" class=\"yoast-seo-meta-tag\" \/>\n<meta property=\"og:locale\" content=\"hu_HU\" class=\"yoast-seo-meta-tag\" \/>\n<meta property=\"og:type\" content=\"article\" class=\"yoast-seo-meta-tag\" \/>\n<meta property=\"og:title\" content=\"Dobog\u00f3ra \u00e1llhattak a t\u00e9rs\u00e9g fiatal labdar\u00fag\u00f3i Portug\u00e1li\u00e1ban\" class=\"yoast-seo-meta-tag\" \/>\n<meta property=\"og:description\" content=\"Bronz\u00e9remmel z\u00e1rta a portug\u00e1liai Youth for Peace nemzetk\u00f6zi ut\u00e1np\u00f3tl\u00e1s labdar\u00fag\u00f3torn\u00e1t az Esztergomi Region\u00e1lis V\u00e1logatott. A F\u00e1tima\u2013Our\u00e9mben, Esztergom portug\u00e1liai testv\u00e9rv\u00e1ros\u00e1ban megrendezett esem\u00e9nyen a t\u00e9rs\u00e9g fiataljai remek teljes\u00edtm\u00e9nyt ny\u00fajtva a harmadik helyen v\u00e9geztek. A j\u00fanius 19. \u00e9s 21. k\u00f6z\u00f6tt megrendezett torn\u00e1n \u00f6sszesen nyolc eur\u00f3pai orsz\u00e1g 16 csapata \u00e9s mintegy 300 r\u00e9sztvev\u0151 vett r\u00e9szt. A rendezv\u00e9ny c\u00e9lja nemcsak\" class=\"yoast-seo-meta-tag\" \/>\n<meta property=\"og:url\" content=\"https:\/\/dorogimedence.hu\/index.php\/2026\/06\/22\/dobogora-allhattak-a-terseg-fiatal-labdarugoi-portugaliaban\/\" class=\"yoast-seo-meta-tag\" \/>\n<meta property=\"og:site_name\" content=\"Dorogi-medence Region\u00e1lis H\u00edrport\u00e1l\" class=\"yoast-seo-meta-tag\" \/>\n<meta property=\"article:publisher\" content=\"https:\/\/www.facebook.com\/dorogimedence\/\" class=\"yoast-seo-meta-tag\" \/>\n<meta property=\"article:published_time\" content=\"2026-06-22T06:06:00+00:00\" class=\"yoast-seo-meta-tag\" \/>\n<meta property=\"og:image\" content=\"https:\/\/dorogimedence.hu\/wp-content\/uploads\/2026\/06\/729168021_994287586531872_1043354253105251420_n.jpg\" class=\"yoast-seo-meta-tag\" \/>\n\t<meta property=\"og:image:width\" content=\"2048\" class=\"yoast-seo-meta-tag\" \/>\n\t<meta property=\"og:image:height\" content=\"1365\" class=\"yoast-seo-meta-tag\" \/>\n\t<meta property=\"og:image:type\" content=\"image\/jpeg\" class=\"yoast-seo-meta-tag\" \/>\n<meta name=\"author\" content=\"dorogimedence.hu\" class=\"yoast-seo-meta-tag\" \/>\n<meta name=\"twitter:card\" content=\"summary_large_image\" class=\"yoast-seo-meta-tag\" \/>\n<meta name=\"twitter:label1\" content=\"Szerz\u0151:\" class=\"yoast-seo-meta-tag\" \/>\n\t<meta name=\"twitter:data1\" content=\"dorogimedence.hu\" class=\"yoast-seo-meta-tag\" \/>\n\t<meta name=\"twitter:label2\" content=\"Becs\u00fclt olvas\u00e1si id\u0151\" class=\"yoast-seo-meta-tag\" \/>\n\t<meta name=\"twitter:data2\" content=\"3 perc\" class=\"yoast-seo-meta-tag\" \/>\n<script type=\"application\/ld+json\" class=\"yoast-schema-graph\">{\"@context\":\"https:\\\/\\\/schema.org\",\"@graph\":[{\"@type\":\"Article\",\"@id\":\"https:\\\/\\\/dorogimedence.hu\\\/index.php\\\/2026\\\/06\\\/22\\\/dobogora-allhattak-a-terseg-fiatal-labdarugoi-portugaliaban\\\/#article\",\"isPartOf\":{\"@id\":\"https:\\\/\\\/dorogimedence.hu\\\/index.php\\\/2026\\\/06\\\/22\\\/dobogora-allhattak-a-terseg-fiatal-labdarugoi-portugaliaban\\\/\"},\"author\":{\"name\":\"dorogimedence.hu\",\"@id\":\"https:\\\/\\\/dorogimedence.hu\\\/#\\\/schema\\\/person\\\/ce6091eeb7e95ecdc87890d6aa8e0fd4\"},\"headline\":\"Dobog\u00f3ra \u00e1llhattak a t\u00e9rs\u00e9g fiatal labdar\u00fag\u00f3i Portug\u00e1li\u00e1ban\",\"datePublished\":\"2026-06-22T06:06:00+00:00\",\"mainEntityOfPage\":{\"@id\":\"https:\\\/\\\/dorogimedence.hu\\\/index.php\\\/2026\\\/06\\\/22\\\/dobogora-allhattak-a-terseg-fiatal-labdarugoi-portugaliaban\\\/\"},\"wordCount\":538,\"publisher\":{\"@id\":\"https:\\\/\\\/dorogimedence.hu\\\/#organization\"},\"image\":{\"@id\":\"https:\\\/\\\/dorogimedence.hu\\\/index.php\\\/2026\\\/06\\\/22\\\/dobogora-allhattak-a-terseg-fiatal-labdarugoi-portugaliaban\\\/#primaryimage\"},\"thumbnailUrl\":\"https:\\\/\\\/dorogimedence.hu\\\/wp-content\\\/uploads\\\/2026\\\/06\\\/729168021_994287586531872_1043354253105251420_n.jpg\",\"keywords\":[\"Dorog\",\"esztergom\",\"featured\",\"foci\",\"futball\",\"labdar\u00fag\u00e1s\",\"S\u00e1ris\u00e1p\",\"sport\"],\"articleSection\":[\"Dorog\",\"Esztergom\",\"H\u00edrek\",\"Sport\"],\"inLanguage\":\"hu\"},{\"@type\":\"WebPage\",\"@id\":\"https:\\\/\\\/dorogimedence.hu\\\/index.php\\\/2026\\\/06\\\/22\\\/dobogora-allhattak-a-terseg-fiatal-labdarugoi-portugaliaban\\\/\",\"url\":\"https:\\\/\\\/dorogimedence.hu\\\/index.php\\\/2026\\\/06\\\/22\\\/dobogora-allhattak-a-terseg-fiatal-labdarugoi-portugaliaban\\\/\",\"name\":\"Dobog\u00f3ra \u00e1llhattak a t\u00e9rs\u00e9g fiatal labdar\u00fag\u00f3i Portug\u00e1li\u00e1ban\",\"isPartOf\":{\"@id\":\"https:\\\/\\\/dorogimedence.hu\\\/#website\"},\"primaryImageOfPage\":{\"@id\":\"https:\\\/\\\/dorogimedence.hu\\\/index.php\\\/2026\\\/06\\\/22\\\/dobogora-allhattak-a-terseg-fiatal-labdarugoi-portugaliaban\\\/#primaryimage\"},\"image\":{\"@id\":\"https:\\\/\\\/dorogimedence.hu\\\/index.php\\\/2026\\\/06\\\/22\\\/dobogora-allhattak-a-terseg-fiatal-labdarugoi-portugaliaban\\\/#primaryimage\"},\"thumbnailUrl\":\"https:\\\/\\\/dorogimedence.hu\\\/wp-content\\\/uploads\\\/2026\\\/06\\\/729168021_994287586531872_1043354253105251420_n.jpg\",\"datePublished\":\"2026-06-22T06:06:00+00:00\",\"breadcrumb\":{\"@id\":\"https:\\\/\\\/dorogimedence.hu\\\/index.php\\\/2026\\\/06\\\/22\\\/dobogora-allhattak-a-terseg-fiatal-labdarugoi-portugaliaban\\\/#breadcrumb\"},\"inLanguage\":\"hu\",\"potentialAction\":[{\"@type\":\"ReadAction\",\"target\":[\"https:\\\/\\\/dorogimedence.hu\\\/index.php\\\/2026\\\/06\\\/22\\\/dobogora-allhattak-a-terseg-fiatal-labdarugoi-portugaliaban\\\/\"]}]},{\"@type\":\"ImageObject\",\"inLanguage\":\"hu\",\"@id\":\"https:\\\/\\\/dorogimedence.hu\\\/index.php\\\/2026\\\/06\\\/22\\\/dobogora-allhattak-a-terseg-fiatal-labdarugoi-portugaliaban\\\/#primaryimage\",\"url\":\"https:\\\/\\\/dorogimedence.hu\\\/wp-content\\\/uploads\\\/2026\\\/06\\\/729168021_994287586531872_1043354253105251420_n.jpg\",\"contentUrl\":\"https:\\\/\\\/dorogimedence.hu\\\/wp-content\\\/uploads\\\/2026\\\/06\\\/729168021_994287586531872_1043354253105251420_n.jpg\",\"width\":2048,\"height\":1365},{\"@type\":\"BreadcrumbList\",\"@id\":\"https:\\\/\\\/dorogimedence.hu\\\/index.php\\\/2026\\\/06\\\/22\\\/dobogora-allhattak-a-terseg-fiatal-labdarugoi-portugaliaban\\\/#breadcrumb\",\"itemListElement\":[{\"@type\":\"ListItem\",\"position\":1,\"name\":\"Kezd\u0151lap\",\"item\":\"https:\\\/\\\/dorogimedence.hu\\\/\"},{\"@type\":\"ListItem\",\"position\":2,\"name\":\"Dobog\u00f3ra \u00e1llhattak a t\u00e9rs\u00e9g fiatal labdar\u00fag\u00f3i Portug\u00e1li\u00e1ban\"}]},{\"@type\":\"WebSite\",\"@id\":\"https:\\\/\\\/dorogimedence.hu\\\/#website\",\"url\":\"https:\\\/\\\/dorogimedence.hu\\\/\",\"name\":\"Dorogi-medence Region\u00e1lis H\u00edrport\u00e1l\",\"description\":\"Dorog, Keszt\u00f6lc, Le\u00e1nyv\u00e1r, Piliscs\u00e9v, Tokod, Tokodalt\u00e1r\u00f3, Csolnok, Esztergom-kertv\u00e1ros: h\u00edrek, programok\",\"publisher\":{\"@id\":\"https:\\\/\\\/dorogimedence.hu\\\/#organization\"},\"potentialAction\":[{\"@type\":\"SearchAction\",\"target\":{\"@type\":\"EntryPoint\",\"urlTemplate\":\"https:\\\/\\\/dorogimedence.hu\\\/?s={search_term_string}\"},\"query-input\":{\"@type\":\"PropertyValueSpecification\",\"valueRequired\":true,\"valueName\":\"search_term_string\"}}],\"inLanguage\":\"hu\"},{\"@type\":\"Organization\",\"@id\":\"https:\\\/\\\/dorogimedence.hu\\\/#organization\",\"name\":\"Dorogi-medence Region\u00e1lis H\u00edrport\u00e1l\",\"url\":\"https:\\\/\\\/dorogimedence.hu\\\/\",\"logo\":{\"@type\":\"ImageObject\",\"inLanguage\":\"hu\",\"@id\":\"https:\\\/\\\/dorogimedence.hu\\\/#\\\/schema\\\/logo\\\/image\\\/\",\"url\":\"https:\\\/\\\/dorogimedence.hu\\\/wp-content\\\/uploads\\\/2021\\\/04\\\/logo-feher-600.png\",\"contentUrl\":\"https:\\\/\\\/dorogimedence.hu\\\/wp-content\\\/uploads\\\/2021\\\/04\\\/logo-feher-600.png\",\"width\":600,\"height\":100,\"caption\":\"Dorogi-medence Region\u00e1lis H\u00edrport\u00e1l\"},\"image\":{\"@id\":\"https:\\\/\\\/dorogimedence.hu\\\/#\\\/schema\\\/logo\\\/image\\\/\"},\"sameAs\":[\"https:\\\/\\\/www.facebook.com\\\/dorogimedence\\\/\"]},{\"@type\":\"Person\",\"@id\":\"https:\\\/\\\/dorogimedence.hu\\\/#\\\/schema\\\/person\\\/ce6091eeb7e95ecdc87890d6aa8e0fd4\",\"name\":\"dorogimedence.hu\",\"image\":{\"@type\":\"ImageObject\",\"inLanguage\":\"hu\",\"@id\":\"\\\/\\\/www.gravatar.com\\\/avatar\\\/d8d45f8901aadff40a4af72c0b826f1d?s=96&#038;r=g&#038;d=mm\",\"url\":\"\\\/\\\/www.gravatar.com\\\/avatar\\\/d8d45f8901aadff40a4af72c0b826f1d?s=96&#038;r=g&#038;d=mm\",\"contentUrl\":\"\\\/\\\/www.gravatar.com\\\/avatar\\\/d8d45f8901aadff40a4af72c0b826f1d?s=96&#038;r=g&#038;d=mm\",\"caption\":\"dorogimedence.hu\"}}]}<\/script>\n<!-- \/ Yoast SEO plugin. -->","yoast_head_json":{"title":"Dobog\u00f3ra \u00e1llhattak a t\u00e9rs\u00e9g fiatal labdar\u00fag\u00f3i Portug\u00e1li\u00e1ban","robots":{"index":"index","follow":"follow","max-snippet":"max-snippet:-1","max-image-preview":"max-image-preview:large","max-video-preview":"max-video-preview:-1"},"canonical":"https:\/\/dorogimedence.hu\/index.php\/2026\/06\/22\/dobogora-allhattak-a-terseg-fiatal-labdarugoi-portugaliaban\/","og_locale":"hu_HU","og_type":"article","og_title":"Dobog\u00f3ra \u00e1llhattak a t\u00e9rs\u00e9g fiatal labdar\u00fag\u00f3i Portug\u00e1li\u00e1ban","og_description":"Bronz\u00e9remmel z\u00e1rta a portug\u00e1liai Youth for Peace nemzetk\u00f6zi ut\u00e1np\u00f3tl\u00e1s labdar\u00fag\u00f3torn\u00e1t az Esztergomi Region\u00e1lis V\u00e1logatott. A F\u00e1tima\u2013Our\u00e9mben, Esztergom portug\u00e1liai testv\u00e9rv\u00e1ros\u00e1ban megrendezett esem\u00e9nyen a t\u00e9rs\u00e9g fiataljai remek teljes\u00edtm\u00e9nyt ny\u00fajtva a harmadik helyen v\u00e9geztek. A j\u00fanius 19. \u00e9s 21. k\u00f6z\u00f6tt megrendezett torn\u00e1n \u00f6sszesen nyolc eur\u00f3pai orsz\u00e1g 16 csapata \u00e9s mintegy 300 r\u00e9sztvev\u0151 vett r\u00e9szt. A rendezv\u00e9ny c\u00e9lja nemcsak","og_url":"https:\/\/dorogimedence.hu\/index.php\/2026\/06\/22\/dobogora-allhattak-a-terseg-fiatal-labdarugoi-portugaliaban\/","og_site_name":"Dorogi-medence Region\u00e1lis H\u00edrport\u00e1l","article_publisher":"https:\/\/www.facebook.com\/dorogimedence\/","article_published_time":"2026-06-22T06:06:00+00:00","og_image":[{"width":2048,"height":1365,"url":"https:\/\/dorogimedence.hu\/wp-content\/uploads\/2026\/06\/729168021_994287586531872_1043354253105251420_n.jpg","type":"image\/jpeg"}],"author":"dorogimedence.hu","twitter_card":"summary_large_image","twitter_misc":{"Szerz\u0151:":"dorogimedence.hu","Becs\u00fclt olvas\u00e1si id\u0151":"3 perc"},"schema":{"@context":"https:\/\/schema.org","@graph":[{"@type":"Article","@id":"https:\/\/dorogimedence.hu\/index.php\/2026\/06\/22\/dobogora-allhattak-a-terseg-fiatal-labdarugoi-portugaliaban\/#article","isPartOf":{"@id":"https:\/\/dorogimedence.hu\/index.php\/2026\/06\/22\/dobogora-allhattak-a-terseg-fiatal-labdarugoi-portugaliaban\/"},"author":{"name":"dorogimedence.hu","@id":"https:\/\/dorogimedence.hu\/#\/schema\/person\/ce6091eeb7e95ecdc87890d6aa8e0fd4"},"headline":"Dobog\u00f3ra \u00e1llhattak a t\u00e9rs\u00e9g fiatal labdar\u00fag\u00f3i Portug\u00e1li\u00e1ban","datePublished":"2026-06-22T06:06:00+00:00","mainEntityOfPage":{"@id":"https:\/\/dorogimedence.hu\/index.php\/2026\/06\/22\/dobogora-allhattak-a-terseg-fiatal-labdarugoi-portugaliaban\/"},"wordCount":538,"publisher":{"@id":"https:\/\/dorogimedence.hu\/#organization"},"image":{"@id":"https:\/\/dorogimedence.hu\/index.php\/2026\/06\/22\/dobogora-allhattak-a-terseg-fiatal-labdarugoi-portugaliaban\/#primaryimage"},"thumbnailUrl":"https:\/\/dorogimedence.hu\/wp-content\/uploads\/2026\/06\/729168021_994287586531872_1043354253105251420_n.jpg","keywords":["Dorog","esztergom","featured","foci","futball","labdar\u00fag\u00e1s","S\u00e1ris\u00e1p","sport"],"articleSection":["Dorog","Esztergom","H\u00edrek","Sport"],"inLanguage":"hu"},{"@type":"WebPage","@id":"https:\/\/dorogimedence.hu\/index.php\/2026\/06\/22\/dobogora-allhattak-a-terseg-fiatal-labdarugoi-portugaliaban\/","url":"https:\/\/dorogimedence.hu\/index.php\/2026\/06\/22\/dobogora-allhattak-a-terseg-fiatal-labdarugoi-portugaliaban\/","name":"Dobog\u00f3ra \u00e1llhattak a t\u00e9rs\u00e9g fiatal labdar\u00fag\u00f3i Portug\u00e1li\u00e1ban","isPartOf":{"@id":"https:\/\/dorogimedence.hu\/#website"},"primaryImageOfPage":{"@id":"https:\/\/dorogimedence.hu\/index.php\/2026\/06\/22\/dobogora-allhattak-a-terseg-fiatal-labdarugoi-portugaliaban\/#primaryimage"},"image":{"@id":"https:\/\/dorogimedence.hu\/index.php\/2026\/06\/22\/dobogora-allhattak-a-terseg-fiatal-labdarugoi-portugaliaban\/#primaryimage"},"thumbnailUrl":"https:\/\/dorogimedence.hu\/wp-content\/uploads\/2026\/06\/729168021_994287586531872_1043354253105251420_n.jpg","datePublished":"2026-06-22T06:06:00+00:00","breadcrumb":{"@id":"https:\/\/dorogimedence.hu\/index.php\/2026\/06\/22\/dobogora-allhattak-a-terseg-fiatal-labdarugoi-portugaliaban\/#breadcrumb"},"inLanguage":"hu","potentialAction":[{"@type":"ReadAction","target":["https:\/\/dorogimedence.hu\/index.php\/2026\/06\/22\/dobogora-allhattak-a-terseg-fiatal-labdarugoi-portugaliaban\/"]}]},{"@type":"ImageObject","inLanguage":"hu","@id":"https:\/\/dorogimedence.hu\/index.php\/2026\/06\/22\/dobogora-allhattak-a-terseg-fiatal-labdarugoi-portugaliaban\/#primaryimage","url":"https:\/\/dorogimedence.hu\/wp-content\/uploads\/2026\/06\/729168021_994287586531872_1043354253105251420_n.jpg","contentUrl":"https:\/\/dorogimedence.hu\/wp-content\/uploads\/2026\/06\/729168021_994287586531872_1043354253105251420_n.jpg","width":2048,"height":1365},{"@type":"BreadcrumbList","@id":"https:\/\/dorogimedence.hu\/index.php\/2026\/06\/22\/dobogora-allhattak-a-terseg-fiatal-labdarugoi-portugaliaban\/#breadcrumb","itemListElement":[{"@type":"ListItem","position":1,"name":"Kezd\u0151lap","item":"https:\/\/dorogimedence.hu\/"},{"@type":"ListItem","position":2,"name":"Dobog\u00f3ra \u00e1llhattak a t\u00e9rs\u00e9g fiatal labdar\u00fag\u00f3i Portug\u00e1li\u00e1ban"}]},{"@type":"WebSite","@id":"https:\/\/dorogimedence.hu\/#website","url":"https:\/\/dorogimedence.hu\/","name":"Dorogi-medence Region\u00e1lis H\u00edrport\u00e1l","description":"Dorog, Keszt\u00f6lc, Le\u00e1nyv\u00e1r, Piliscs\u00e9v, Tokod, Tokodalt\u00e1r\u00f3, Csolnok, Esztergom-kertv\u00e1ros: h\u00edrek, programok","publisher":{"@id":"https:\/\/dorogimedence.hu\/#organization"},"potentialAction":[{"@type":"SearchAction","target":{"@type":"EntryPoint","urlTemplate":"https:\/\/dorogimedence.hu\/?s={search_term_string}"},"query-input":{"@type":"PropertyValueSpecification","valueRequired":true,"valueName":"search_term_string"}}],"inLanguage":"hu"},{"@type":"Organization","@id":"https:\/\/dorogimedence.hu\/#organization","name":"Dorogi-medence Region\u00e1lis H\u00edrport\u00e1l","url":"https:\/\/dorogimedence.hu\/","logo":{"@type":"ImageObject","inLanguage":"hu","@id":"https:\/\/dorogimedence.hu\/#\/schema\/logo\/image\/","url":"https:\/\/dorogimedence.hu\/wp-content\/uploads\/2021\/04\/logo-feher-600.png","contentUrl":"https:\/\/dorogimedence.hu\/wp-content\/uploads\/2021\/04\/logo-feher-600.png","width":600,"height":100,"caption":"Dorogi-medence Region\u00e1lis H\u00edrport\u00e1l"},"image":{"@id":"https:\/\/dorogimedence.hu\/#\/schema\/logo\/image\/"},"sameAs":["https:\/\/www.facebook.com\/dorogimedence\/"]},{"@type":"Person","@id":"https:\/\/dorogimedence.hu\/#\/schema\/person\/ce6091eeb7e95ecdc87890d6aa8e0fd4","name":"dorogimedence.hu","image":{"@type":"ImageObject","inLanguage":"hu","@id":"\/\/www.gravatar.com\/avatar\/d8d45f8901aadff40a4af72c0b826f1d?s=96&#038;r=g&#038;d=mm","url":"\/\/www.gravatar.com\/avatar\/d8d45f8901aadff40a4af72c0b826f1d?s=96&#038;r=g&#038;d=mm","contentUrl":"\/\/www.gravatar.com\/avatar\/d8d45f8901aadff40a4af72c0b826f1d?s=96&#038;r=g&#038;d=mm","caption":"dorogimedence.hu"}}]}},"_links":{"self":[{"href":"https:\/\/dorogimedence.hu\/index.php\/wp-json\/wp\/v2\/posts\/81300","targetHints":{"allow":["GET"]}}],"collection":[{"href":"https:\/\/dorogimedence.hu\/index.php\/wp-json\/wp\/v2\/posts"}],"about":[{"href":"https:\/\/dorogimedence.hu\/index.php\/wp-json\/wp\/v2\/types\/post"}],"author":[{"embeddable":true,"href":"https:\/\/dorogimedence.hu\/index.php\/wp-json\/wp\/v2\/users\/1"}],"replies":[{"embeddable":true,"href":"https:\/\/dorogimedence.hu\/index.php\/wp-json\/wp\/v2\/comments?post=81300"}],"version-history":[{"count":1,"href":"https:\/\/dorogimedence.hu\/index.php\/wp-json\/wp\/v2\/posts\/81300\/revisions"}],"predecessor-version":[{"id":81306,"href":"https:\/\/dorogimedence.hu\/index.php\/wp-json\/wp\/v2\/posts\/81300\/revisions\/81306"}],"wp:featuredmedia":[{"embeddable":true,"href":"https:\/\/dorogimedence.hu\/index.php\/wp-json\/wp\/v2\/media\/81301"}],"wp:attachment":[{"href":"https:\/\/dorogimedence.hu\/index.php\/wp-json\/wp\/v2\/media?parent=81300"}],"wp:term":[{"taxonomy":"category","embeddable":true,"href":"https:\/\/dorogimedence.hu\/index.php\/wp-json\/wp\/v2\/categories?post=81300"},{"taxonomy":"post_tag","embeddable":true,"href":"https:\/\/dorogimedence.hu\/index.php\/wp-json\/wp\/v2\/tags?post=81300"}],"curies":[{"name":"wp","href":"https:\/\/api.w.org\/{rel}","templated":true}]}}