{"id":81273,"date":"2026-06-25T07:15:02","date_gmt":"2026-06-25T05:15:02","guid":{"rendered":"https:\/\/dorogimedence.hu\/?p=81273"},"modified":"2026-06-25T08:25:31","modified_gmt":"2026-06-25T06:25:31","slug":"45-eve-tortent-a-dorogi-rockfesztival-3-resz","status":"publish","type":"post","link":"https:\/\/dorogimedence.hu\/index.php\/2026\/06\/25\/45-eve-tortent-a-dorogi-rockfesztival-3-resz\/","title":{"rendered":"45 \u00e9ve t\u00f6rt\u00e9nt: A Dorogi Rockfesztiv\u00e1l (3. r\u00e9sz)"},"content":{"rendered":"<p style=\"text-align: justify;\"><em><strong>N\u00e9gy \u00e9s f\u00e9l \u00e9vtizeddel ezel\u0151tt, 1981. j\u00fanius 27-\u00e9n ker\u00fclt megrendez\u00e9sre az a maga nem\u00e9ben az\u00f3ta is kuri\u00f3zumnak sz\u00e1m\u00edt\u00f3 esem\u00e9ny, ahol n\u00e9h\u00e1ny k\u00fclf\u00f6ldi fell\u00e9p\u0151 mellett a hazai rockzene akkori k\u00e9pvisel\u0151inek sz\u00edne-java l\u00e9pett sz\u00ednpadra t\u00f6bb t\u00edzezer rajong\u00f3 el\u0151tt. Azon a bizonyos j\u00faniusi h\u00e9tv\u00e9g\u00e9n a telep\u00fcl\u00e9s lakoss\u00e1g\u00e1nak t\u00f6bbsz\u00f6r\u00f6se gy\u0171lt \u00f6ssze Dorogon. Az \u00e9vfordul\u00f3ra k\u00e9sz\u00fclt megeml\u00e9kez\u00e9sre sz\u00e1nt eml\u00e9kcikk m\u00e1sodik fejezete ut\u00e1n most a harmadik r\u00e9sszel folytat\u00f3dik, m\u00edg a 4., befejez\u0151r\u00e9sz j\u00fanius 27-\u00e9n lesz olvashat\u00f3\u00a0<\/strong><\/em> (Az 5 \u00e9vvel ezel\u0151tti cikkem friss\u00edtett v\u00e1ltozata)<strong>.<\/strong><\/p>\n<p style=\"text-align: justify;\" data-start=\"478\" data-end=\"856\">A sz\u00ednpad az Alugrafika \u00fczem\u00e9nek Eperjesi \u00fat fel\u0151li \u00e9p\u00fcletsz\u00e1rnya \u00e9s a mai Dr. Magyar K\u00e1roly V\u00e1rosi B\u00f6lcs\u0151de k\u00f6z\u00f6tti vonalban \u00e1llt. Tekint\u00e9lyt parancsol\u00f3 m\u00e9retei messzir\u0151l uralt\u00e1k a terepet, s massz\u00edv \u00f3ri\u00e1sk\u00e9nt magasodott a park f\u00f6l\u00e9. Menet k\u00f6zben azonban j\u00f3csk\u00e1n akadtak vele probl\u00e9m\u00e1k, de a folyamatos jav\u00edtgat\u00e1soknak k\u00f6sz\u00f6nhet\u0151en szerencs\u00e9sen kib\u00edrta a nap megpr\u00f3b\u00e1ltat\u00e1sait.<\/p>\n<p style=\"text-align: justify;\" data-start=\"858\" data-end=\"1303\">A hangos\u00edt\u00e1s r\u00e9szek\u00e9nt a sz\u00ednpad k\u00e9t oldal\u00e1n hatalmas hangfaltornyok magasodtak, amelyek szinte az Esztergomi \u00fat fel\u00e9 l\u00f6kt\u00e9k ki magukb\u00f3l az iszonyatos hanger\u0151t. Ett\u0151l f\u00fcggetlen\u00fcl a sz\u00ednpad m\u00f6g\u00f6tti v\u00e1rosr\u00e9sz is b\u0151s\u00e9gesen kapott a hanghat\u00e1sb\u00f3l. M\u00e1r reggel ny\u00e1rias meleg \u00e9s zavartalan naps\u00fct\u00e9s fogadta az embereket, a h\u0151\u00e9rzetet pedig fokozta az el\u0151z\u0151 esti zivatar ut\u00e1ni p\u00e1rolg\u00e1s. A nyomaszt\u00f3, f\u00fclledt leveg\u0151 csak k\u00e9s\u0151 d\u00e9lut\u00e1nra enyh\u00fclt valamelyest.<\/p>\n<p data-start=\"858\" data-end=\"1303\"><img fetchpriority=\"high\" decoding=\"async\" class=\"aligncenter wp-image-81264 \" src=\"https:\/\/dorogimedence.hu\/wp-content\/uploads\/2026\/06\/DR_3_6-406x600.jpg\" alt=\"\" width=\"484\" height=\"716\" srcset=\"https:\/\/dorogimedence.hu\/wp-content\/uploads\/2026\/06\/DR_3_6-406x600.jpg 406w, https:\/\/dorogimedence.hu\/wp-content\/uploads\/2026\/06\/DR_3_6-1300x1920.jpg 1300w, https:\/\/dorogimedence.hu\/wp-content\/uploads\/2026\/06\/DR_3_6-768x1134.jpg 768w, https:\/\/dorogimedence.hu\/wp-content\/uploads\/2026\/06\/DR_3_6-1040x1536.jpg 1040w, https:\/\/dorogimedence.hu\/wp-content\/uploads\/2026\/06\/DR_3_6-1387x2048.jpg 1387w, https:\/\/dorogimedence.hu\/wp-content\/uploads\/2026\/06\/DR_3_6-150x221.jpg 150w, https:\/\/dorogimedence.hu\/wp-content\/uploads\/2026\/06\/DR_3_6-1200x1772.jpg 1200w, https:\/\/dorogimedence.hu\/wp-content\/uploads\/2026\/06\/DR_3_6.jpg 1440w\" sizes=\"(max-width: 484px) 100vw, 484px\" \/><\/p>\n<p style=\"text-align: center;\" data-start=\"1305\" data-end=\"1335\"><span style=\"font-size: 10pt;\"><em>A fesztiv\u00e1l plak\u00e1tja (A Progn\u00f3zis egy\u00fcttes arch\u00edvum\u00e1b\u00f3l)<\/em><\/span><\/p>\n<p style=\"text-align: justify;\" data-start=\"1337\" data-end=\"1608\">Noha a plak\u00e1tokon \u00e9s t\u00f6bb korabeli \u00edrott forr\u00e1sban a helyi f\u0151szervez\u0151k k\u00f6z\u00fcl csak Sz\u00e1d\u00f3czki Zolt\u00e1n neve szerepelt, felt\u00e9tlen\u00fcl eml\u00edt\u00e9st \u00e9rdemel Lampert \u00d6d\u00f6n is, aki mind a fesztiv\u00e1l szervez\u00e9s\u00e9ben, mind m\u00e1s dorogi zenei rendezv\u00e9nyek lebonyol\u00edt\u00e1s\u00e1ban oroszl\u00e1nr\u00e9szt v\u00e1llalt.<\/p>\n<p style=\"text-align: justify;\" data-start=\"1610\" data-end=\"2069\">A Lampert csal\u00e1d k\u00f6zvetlen\u00fcl a Schmidt-villa szomsz\u00e9ds\u00e1g\u00e1ban, a Keny\u00e9rmez\u0151i-patak t\u00falpartj\u00e1n h\u00faz\u00f3d\u00f3 Di\u00f3fa utc\u00e1ban lakott. \u00d6di \u00e9desapja a Dorogi AC egykori kiv\u00e1l\u00f3 labdar\u00fag\u00f3ja, Lampert M\u00e1ty\u00e1s volt, aki m\u00e1r a negyvenes \u00e9vek elej\u00e9n a csapat egyik leger\u0151sebb j\u00e1t\u00e9kos\u00e1nak sz\u00e1m\u00edtott, \u00e9s jelent\u0151s szerepet v\u00e1llalt az 1945-ben NB I-be jutott egy\u00fcttes sikereiben. Egyben az \u0151 nev\u00e9hez f\u0171z\u0151dik a Dorog els\u0151 NB I-es g\u00f3lja is, amelyet a Szombathelyi Halad\u00e1s ellen szerzett.<\/p>\n<p style=\"text-align: justify;\" data-start=\"2071\" data-end=\"2321\">J\u00e1t\u00e9kost\u00e1rsai k\u00f6z\u00f6tt olyan legend\u00e1s nevek szerepeltek, mint Grosics Gyula, Buz\u00e1nszky Jen\u0151, Pfluger Dezs\u0151, Turai J\u00f3zsef, Cserm\u00e1k J\u00e1nos vagy Klausz J\u00f3zsef. Az egykori nagyszer\u0171 csapat kapit\u00e1nya, Pfluger Dezs\u0151 \u00e9ppen a fesztiv\u00e1l el\u0151tti hetekben hunyt el.<\/p>\n<p data-start=\"2071\" data-end=\"2321\"><img decoding=\"async\" class=\"aligncenter wp-image-81263 \" src=\"https:\/\/dorogimedence.hu\/wp-content\/uploads\/2026\/06\/DR_3_5.jpg\" alt=\"\" width=\"721\" height=\"552\" srcset=\"https:\/\/dorogimedence.hu\/wp-content\/uploads\/2026\/06\/DR_3_5.jpg 532w, https:\/\/dorogimedence.hu\/wp-content\/uploads\/2026\/06\/DR_3_5-150x115.jpg 150w, https:\/\/dorogimedence.hu\/wp-content\/uploads\/2026\/06\/DR_3_5-450x344.jpg 450w\" sizes=\"(max-width: 721px) 100vw, 721px\" \/><\/p>\n<p style=\"text-align: center;\" data-start=\"2323\" data-end=\"2369\"><span style=\"font-size: 10pt;\"><em>A fesztiv\u00e1l k\u00f6zvetlen k\u00f6rny\u00e9ke mad\u00e1rt\u00e1vlatb\u00f3l<\/em><\/span><\/p>\n<p style=\"text-align: justify;\" data-start=\"2371\" data-end=\"2754\">Ha akkoriban dr\u00f3nfelv\u00e9tel k\u00e9sz\u00fclhetett volna a sz\u00ednpad fel\u0151l, akkor a fenti k\u00e9p t\u00e1rult volna a szeml\u00e9l\u0151d\u0151 el\u00e9. Balra tekintve a gy\u00f3gyszergy\u00e1r teniszp\u00e1ly\u00e1i, mellett\u00fck az \u00f3voda, t\u0151l\u00fck t\u00e1volabb pedig a Bocskai-sor \u00e9s az Eperjesi \u00fat h\u00e1zai t\u00e1rultak volna el\u00e9nk. J\u00f3l l\u00e1tszott volna a felv\u00e9tel k\u00f6z\u00e9ps\u0151 r\u00e9sz\u00e9t t\u00e1j\u00e1n a patakpart, m\u00f6g\u00f6tte pedig a Di\u00f3fa \u00e9s Ak\u00e1cfa utca keresztez\u0151d\u00e9se, valamint a T\u00f6lgyfa utca Borb\u00e1la-telep fel\u0151li szakasza \u00e9s a F\u00e1y Andr\u00e1s lak\u00f3telep els\u0151 h\u00e1zt\u00f6mbjei.<\/p>\n<p style=\"text-align: justify;\" data-start=\"2756\" data-end=\"2970\">Az egyes fell\u00e9p\u0151k el\u0151tt ismert m\u0171sorvezet\u0151k \u00e9s szervez\u0151k \u2013 k\u00f6zt\u00fck B. T\u00f3th L\u00e1szl\u00f3, Hajnal G\u00e1bor \u00e9s Zolt\u00e1n J\u00e1nos \u2013 konfer\u00e1lt\u00e1k fel a zenekarokat, r\u00f6vid ismertet\u0151kkel \u00e9s humoros megjegyz\u00e9sekkel f\u0171szerezve a programot.<\/p>\n<p style=\"text-align: justify;\" data-start=\"2972\" data-end=\"3096\">A fesztiv\u00e1lt az Elektron zenekar nyitotta. Egy korabeli tud\u00f3s\u00edt\u00f3, Cs. Nagy Lajos \u00edgy eml\u00e9kezett vissza az els\u0151 pillanatokra:<\/p>\n<blockquote data-start=\"3098\" data-end=\"3385\">\n<p style=\"text-align: justify;\" data-start=\"3100\" data-end=\"3385\">\u201eMellettem az \u00e9jszakai es\u0151b\u0151l itt maradt pocsoly\u00e1ban f\u00e9lmeztelen, arany f\u00fclbeval\u00f3s fi\u00fa torkaszakadt\u00e1b\u00f3l \u00fcv\u00f6lt\u00f6tte: \u00bbTam\u00e1s, te vagy a kir\u00e1ly!\u00ab \u2014 majd trik\u00f3j\u00e1t a sz\u00ednpadra dobta al\u00e1\u00edr\u00e1s\u00e9rt. Ezzel kezdet\u00e9t vette a K\u00f6z\u00e9p-Eur\u00f3pa legnagyobb rockfesztiv\u00e1ljak\u00e9nt emlegetett dorogi rendezv\u00e9ny.\u201d<\/p>\n<\/blockquote>\n<p style=\"text-align: justify;\" data-start=\"3387\" data-end=\"3635\">D\u00e9lel\u0151tt f\u0151k\u00e9nt kisebb ismerts\u00e9g\u0171 zenekarok l\u00e9ptek sz\u00ednpadra, k\u00f6zt\u00fck azonban t\u00f6bb olyan csapat is, amely k\u00e9s\u0151bb orsz\u00e1gos h\u00edrn\u00e9vre tett szert. Els\u0151sorban a Stress egy\u00fcttes emelkedett ki, amely m\u00e1r egy\u00e9rtelm\u0171en a heavy metal st\u00edlusjegyeit k\u00e9pviselte.<\/p>\n<p style=\"text-align: justify;\" data-start=\"3637\" data-end=\"3807\">Ugyancsak a nap els\u0151 fel\u00e9ben j\u00e1tszott a szombathelyi Lord zenekar is, amely akkoriban m\u00e9g f\u0151k\u00e9nt saj\u00e1t r\u00e9gi\u00f3j\u00e1ban sz\u00e1m\u00edtott ismertnek, \u00e1m Dorogon hatalmas sikert aratott.<\/p>\n<p data-start=\"3637\" data-end=\"3807\"><img decoding=\"async\" class=\"aligncenter wp-image-81286 size-full\" src=\"https:\/\/dorogimedence.hu\/wp-content\/uploads\/2026\/06\/DR_3_A-Lord-egyuttes-a-Dorogi-Rockfesztivalon-1981.jpg\" alt=\"\" width=\"1033\" height=\"745\" srcset=\"https:\/\/dorogimedence.hu\/wp-content\/uploads\/2026\/06\/DR_3_A-Lord-egyuttes-a-Dorogi-Rockfesztivalon-1981.jpg 1033w, https:\/\/dorogimedence.hu\/wp-content\/uploads\/2026\/06\/DR_3_A-Lord-egyuttes-a-Dorogi-Rockfesztivalon-1981-600x433.jpg 600w, https:\/\/dorogimedence.hu\/wp-content\/uploads\/2026\/06\/DR_3_A-Lord-egyuttes-a-Dorogi-Rockfesztivalon-1981-768x554.jpg 768w, https:\/\/dorogimedence.hu\/wp-content\/uploads\/2026\/06\/DR_3_A-Lord-egyuttes-a-Dorogi-Rockfesztivalon-1981-150x108.jpg 150w, https:\/\/dorogimedence.hu\/wp-content\/uploads\/2026\/06\/DR_3_A-Lord-egyuttes-a-Dorogi-Rockfesztivalon-1981-450x325.jpg 450w\" sizes=\"(max-width: 1033px) 100vw, 1033px\" \/><\/p>\n<p style=\"text-align: center;\" data-start=\"3809\" data-end=\"3876\"><span style=\"font-size: 10pt;\"><em>\u00a0A Lord fell\u00e9p\u00e9se k\u00f6zben (forr\u00e1s: Lord egy\u00fcttes arch\u00edvuma)<\/em><\/span><\/p>\n<p style=\"text-align: justify;\" data-start=\"3878\" data-end=\"4074\">Ebben az \u00e9vben ker\u00fclt Pohl Mih\u00e1ly \u00e9nekes a Lord soraiba, a dorogi fesztiv\u00e1lon azonban m\u00e9g az eredeti fel\u00e1ll\u00e1s l\u00e9pett sz\u00ednpadra: Sip\u0151cz Ern\u0151, Vida Ferenc, Er\u0151s Attila, T\u00f6r\u00f6k J\u00f3zsef \u00e9s N\u00e1das K\u00e1roly.<\/p>\n<p style=\"text-align: justify;\" data-start=\"4076\" data-end=\"4314\">Er\u0151s Attila k\u00e9s\u0151bb \u00fagy eml\u00e9kezett vissza, hogy Dorogon l\u00e1ttak el\u0151sz\u00f6r Lord-felirat\u00fa molin\u00f3kat a k\u00f6z\u00f6ns\u00e9g soraiban. A zenekar itt szerzett el\u0151sz\u00f6r orsz\u00e1gos visszhangot, \u00e9s a d\u00e9lel\u0151tti fell\u00e9p\u0151k k\u00f6z\u00fcl egy\u00e9rtelm\u0171en a legnagyobb sikert aratta.<\/p>\n<p data-start=\"4316\" data-end=\"4401\">Seb\u0151k J\u00e1nos a <em data-start=\"4330\" data-end=\"4349\">Rock \u00c9vk\u00f6nyv 1981<\/em> c\u00edm\u0171 kiadv\u00e1nyban \u00edgy \u00edrta le a helysz\u00edn hangulat\u00e1t:<\/p>\n<blockquote data-start=\"4403\" data-end=\"4692\">\n<p style=\"text-align: justify;\" data-start=\"4405\" data-end=\"4692\">\u201eEgym\u00e1s ut\u00e1n j\u00f6nnek a szuperhapsik, a nagycsoda manusok; l\u00f3denben, b\u0151rben, bakancsban, f\u00e9lmeztelen\u00fcl. Vonszolj\u00e1k a kiscsajokat, a kiscsajok vonszolj\u00e1k \u0151ket, s ebben az eg\u00e9szben az a frank\u00f3, hogy egy\u00fctt vonszolj\u00e1k egym\u00e1st itt Dorogon, a b\u00e1ny\u00e1szv\u00e1rosban, amely m\u00e9g nem \u00e9lt \u00e1t ilyen napot.\u201d<\/p>\n<\/blockquote>\n<p style=\"text-align: justify;\" data-start=\"4694\" data-end=\"4935\">A teljess\u00e9g kedv\u00e9\u00e9rt ugyanakkor \u00e9rdemes megjegyezni, hogy Dorog 1981-ben hivatalosan m\u00e9g nagyk\u00f6zs\u00e9g volt, noha a k\u00f6znyelv \u00e9s a sajt\u00f3 m\u00e1r \u00e9vtizedek \u00f3ta v\u00e1rosk\u00e9nt emlegette. A t\u00e9nyleges v\u00e1ross\u00e1 nyilv\u00e1n\u00edt\u00e1s v\u00e9g\u00fcl 1984. janu\u00e1r 1-j\u00e9n t\u00f6rt\u00e9nt meg.<\/p>\n<p data-start=\"4694\" data-end=\"4935\"><img loading=\"lazy\" decoding=\"async\" class=\"aligncenter wp-image-81290 \" src=\"https:\/\/dorogimedence.hu\/wp-content\/uploads\/2026\/06\/DR_3_1.jpg\" alt=\"\" width=\"789\" height=\"648\" srcset=\"https:\/\/dorogimedence.hu\/wp-content\/uploads\/2026\/06\/DR_3_1.jpg 471w, https:\/\/dorogimedence.hu\/wp-content\/uploads\/2026\/06\/DR_3_1-150x123.jpg 150w, https:\/\/dorogimedence.hu\/wp-content\/uploads\/2026\/06\/DR_3_1-450x370.jpg 450w\" sizes=\"(max-width: 789px) 100vw, 789px\" \/><\/p>\n<p style=\"text-align: center;\" data-start=\"4937\" data-end=\"5010\"><span style=\"font-size: 10pt;\">Zeffer Andr\u00e1s a k\u00f6z\u00f6ns\u00e9g gy\u0171r\u0171j\u00e9ben (forr\u00e1s: P. Mobil arch\u00edvum)<\/span><\/p>\n<p style=\"text-align: justify;\" data-start=\"5012\" data-end=\"5197\">A programok k\u00f6zepette a v\u00edzhez jut\u00e1s szinte l\u00e9tk\u00e9rd\u00e9ss\u00e9 v\u00e1lt. A helysz\u00ednen tal\u00e1lhat\u00f3 k\u00e9t csap messze nem bizonyult elegend\u0151nek, ami a ny\u00e1ri melegben k\u00fcl\u00f6n\u00f6sen neh\u00e9zz\u00e9 tette a helyzetet.<\/p>\n<p style=\"text-align: justify;\" data-start=\"5199\" data-end=\"5469\">Az italos standok szint\u00e9n k\u00e9ptelenek voltak megfelel\u0151en kiszolg\u00e1lni a t\u00f6meget. Szeszes italt a rendezv\u00e9ny ter\u00fclet\u00e9n nem \u00e1rus\u00edtottak, az \u00fcd\u00edt\u0151k pedig fel\u00e1rasnak sz\u00e1m\u00edtottak. Ut\u00f3lag tal\u00e1n mindenki jobban \u00f6r\u00fclt volna m\u00e9g n\u00e9h\u00e1ny v\u00edzv\u00e9teli pontnak a v\u00e1s\u00e1ri baz\u00e1rosok helyett.<\/p>\n<p data-start=\"5471\" data-end=\"5558\">A m\u0171sorvezet\u0151k is pr\u00f3b\u00e1ltak vizet szerezni. B. T\u00f3th L\u00e1szl\u00f3 egyszer a mikrofonba mondta:<\/p>\n<blockquote data-start=\"5560\" data-end=\"5645\">\n<p data-start=\"5562\" data-end=\"5645\">\u201eMost \u00e9ppen nem siker\u00fclt vizet szereznem, amit sz\u00e9toszthatn\u00e9k, de sebaj, kib\u00edrjuk!\u201d<\/p>\n<p data-start=\"5562\" data-end=\"5645\">Majd m\u00e1r konfer\u00e1lta is a k\u00f6vetkez\u0151 fell\u00e9p\u0151t: \u201e\u00c9s m\u00e1ris k\u00f6vetkezik a F\u00f3rum-rum-rum-rum-rum!\u201d<\/p>\n<\/blockquote>\n<p data-start=\"5743\" data-end=\"5807\"><img loading=\"lazy\" decoding=\"async\" class=\"aligncenter wp-image-81261 \" src=\"https:\/\/dorogimedence.hu\/wp-content\/uploads\/2026\/06\/DR_3_3.jpg\" alt=\"\" width=\"776\" height=\"488\" srcset=\"https:\/\/dorogimedence.hu\/wp-content\/uploads\/2026\/06\/DR_3_3.jpg 498w, https:\/\/dorogimedence.hu\/wp-content\/uploads\/2026\/06\/DR_3_3-150x94.jpg 150w, https:\/\/dorogimedence.hu\/wp-content\/uploads\/2026\/06\/DR_3_3-450x283.jpg 450w\" sizes=\"(max-width: 776px) 100vw, 776px\" \/><\/p>\n<p style=\"text-align: center;\" data-start=\"5743\" data-end=\"5807\"><span style=\"font-size: 10pt;\"><em>Schuster L\u00f3r\u00e1nt k\u00fcl\u00f6nsz\u00e1ma (forr\u00e1s: P. Mobil arch\u00edvum)<\/em><\/span><\/p>\n<p style=\"text-align: justify;\" data-start=\"5809\" data-end=\"6102\">A v\u00edzhez jut\u00e1s eg\u00e9sz nap k\u00f6zponti k\u00e9rd\u00e9s maradt. A k\u00f6rny\u00e9k lak\u00f3i igyekeztek seg\u00edteni: ritk\u00e1n fordult el\u0151, hogy a szomjas fiatalokat elutas\u00edtott\u00e1k volna. T\u00f6bben ennival\u00f3t is adtak, a villa k\u00f6zvetlen k\u00f6zel\u00e9ben \u00e9l\u0151k pedig slagokon kereszt\u00fcl szinte folyamatosan l\u00e1tt\u00e1k el v\u00edzzel a fesztiv\u00e1loz\u00f3kat.<\/p>\n<p style=\"text-align: justify;\" data-start=\"6104\" data-end=\"6563\">Sokan a Di\u00f3fa utca fel\u0151l pr\u00f3b\u00e1ltak bejutni a villaparkba, azonban a patakpart tetej\u00e9n h\u00faz\u00f3d\u00f3 magas dr\u00f3tker\u00edt\u00e9s ezt lehetetlenn\u00e9 tette. El\u0151fordult, hogy a fiatalok megk\u00e9rt\u00e9k a lak\u00f3kat: engedj\u00e9k \u00e1t \u0151ket a kerteken kereszt\u00fcl. A helyiek t\u00f6bbnyire t\u00fcrelmesen elmagyar\u00e1zt\u00e1k, hogy onnan sem lehet tov\u00e1bbjutni, s akadt olyan is, aki beengedett egy-egy embert, hogy saj\u00e1t szem\u00e9vel gy\u0151z\u0151dhessen meg r\u00f3la. Miut\u00e1n l\u00e1tt\u00e1k, hogy val\u00f3ban nincs \u00e1tj\u00e1r\u00e1s, b\u00e9k\u00e9ben tov\u00e1bb\u00e1lltak.<\/p>\n<p data-start=\"6104\" data-end=\"6563\"><img loading=\"lazy\" decoding=\"async\" class=\"aligncenter wp-image-81262 \" src=\"https:\/\/dorogimedence.hu\/wp-content\/uploads\/2026\/06\/DR_3_4.jpg\" alt=\"\" width=\"651\" height=\"575\" srcset=\"https:\/\/dorogimedence.hu\/wp-content\/uploads\/2026\/06\/DR_3_4.jpg 616w, https:\/\/dorogimedence.hu\/wp-content\/uploads\/2026\/06\/DR_3_4-600x530.jpg 600w, https:\/\/dorogimedence.hu\/wp-content\/uploads\/2026\/06\/DR_3_4-150x132.jpg 150w, https:\/\/dorogimedence.hu\/wp-content\/uploads\/2026\/06\/DR_3_4-450x397.jpg 450w\" sizes=\"(max-width: 651px) 100vw, 651px\" \/><\/p>\n<p style=\"text-align: center;\" data-start=\"6565\" data-end=\"6632\"><span style=\"font-size: 10pt;\"><em>Tunyogi P\u00e9ter h\u00f6lgykoszor\u00faban (forr\u00e1s: P. Mobil arch\u00edvum)<\/em><\/span><\/p>\n<p style=\"text-align: justify;\" data-start=\"6634\" data-end=\"6901\">Mire a boltok k\u00e9szletei ki\u00fcr\u00fcltek, az \u00e9tkez\u00e9st valahogy m\u00e9gis megoldott\u00e1k a fiatalok. Kenyeret sokan k\u00f6zvetlen\u00fcl a helyi keny\u00e9rgy\u00e1rb\u00f3l szereztek, majd ir\u00e1ny a hentes, ahol t\u00f6mbzs\u00edrb\u00f3l m\u00e9rtek ki adagokat. Egy szelet keny\u00e9r, n\u00e9mi zs\u00edr \u2013 \u00e9s m\u00e1ris megvolt a napi kal\u00f3ria.<\/p>\n<p style=\"text-align: justify;\" data-start=\"6903\" data-end=\"7019\">K\u00f6zben a zene folyamatosan sz\u00f3lt, a hangulat pedig egyre emelkedett. Ahogy egy korabeli visszaeml\u00e9kez\u00e9s fogalmazott:<\/p>\n<blockquote data-start=\"7021\" data-end=\"7064\">\n<p data-start=\"7023\" data-end=\"7064\">\u201eA buli a sok hib\u00e1ja ellen\u00e9re is s\u00fct\u00f6tt.\u201d<\/p>\n<\/blockquote>\n<p style=\"text-align: justify;\" data-start=\"7066\" data-end=\"7361\">Pedig n\u00e9h\u00e1ny nagy n\u00e9v hi\u00e1nyzott a fell\u00e9p\u0151k k\u00f6z\u00fcl. Nem volt ott p\u00e9ld\u00e1ul a Piramis, amely \u00e9ppen az NDK-ban turn\u00e9zott, r\u00e1ad\u00e1sul R\u00e9v\u00e9sz S\u00e1ndor ekkor jelentette be kiv\u00e1l\u00e1s\u00e1t a zenekarb\u00f3l. Hi\u00e1nyzott a rendszer \u00e1ltal k\u00fcl\u00f6n\u00f6sen \u00fcld\u00f6z\u00f6tt Beatrice is, amely 1981-re gyakorlatilag koncerttilt\u00e1s alatt \u00e1llt.<\/p>\n<p style=\"text-align: justify;\" data-start=\"7363\" data-end=\"7587\">Sokan hi\u00e1nyolt\u00e1k a Kor\u00e1lt is, amely ebben az id\u0151ben m\u00e1r nagy n\u00e9pszer\u0171s\u00e9gnek \u00f6rvendett, illetve a Dinamitot, amelynek t\u00e1volmarad\u00e1sa m\u00f6g\u00f6tt ak\u00e1r a P. Mobillal fenn\u00e1ll\u00f3 fesz\u00fclts\u00e9g is \u00e1llhatott \u2013 b\u00e1r ez ink\u00e1bb csak felt\u00e9telez\u00e9s.<\/p>\n<p data-start=\"7363\" data-end=\"7587\"><img loading=\"lazy\" decoding=\"async\" class=\"aligncenter wp-image-81283 size-full\" src=\"https:\/\/dorogimedence.hu\/wp-content\/uploads\/2026\/06\/DR_3_11.jpg\" alt=\"\" width=\"757\" height=\"555\" srcset=\"https:\/\/dorogimedence.hu\/wp-content\/uploads\/2026\/06\/DR_3_11.jpg 757w, https:\/\/dorogimedence.hu\/wp-content\/uploads\/2026\/06\/DR_3_11-600x440.jpg 600w, https:\/\/dorogimedence.hu\/wp-content\/uploads\/2026\/06\/DR_3_11-150x110.jpg 150w, https:\/\/dorogimedence.hu\/wp-content\/uploads\/2026\/06\/DR_3_11-450x330.jpg 450w\" sizes=\"(max-width: 757px) 100vw, 757px\" \/><\/p>\n<p style=\"text-align: center;\" data-start=\"7589\" data-end=\"7681\"><span style=\"font-size: 10pt;\"><em>A kiss\u00e9 megreccsent sz\u00ednpad, amely v\u00e9g\u00fcl \u00e1llta a sarat (forr\u00e1s: P. Mobil arch\u00edvum)<\/em><\/span><\/p>\n<p style=\"text-align: justify;\" data-start=\"7683\" data-end=\"7815\">Noha a Beatrice nem l\u00e9phetett fel, Nagy Fer\u00f3 m\u00e9gis ott volt Dorogon. K\u00e9s\u0151bb maga mondta, hogy nem akart lemaradni ekkora esem\u00e9nyr\u0151l.<\/p>\n<p data-start=\"7817\" data-end=\"7891\">A t\u00f6meg azonban hamar felismerte. Pillanatok alatt felhangzott az ord\u00edt\u00e1s:<\/p>\n<p data-start=\"7893\" data-end=\"7913\">\u2013 Itt van Nagy Fer\u00f3!<\/p>\n<p style=\"text-align: justify;\" data-start=\"7915\" data-end=\"8067\">A rajong\u00f3k k\u00f6rbevett\u00e9k, Fer\u00f3 pedig ink\u00e1bb egy k\u00f6zeli mikrobuszba menek\u00fclt. A b\u00fav\u00f3hely azonban gyorsan kider\u00fclt, \u00e9s a t\u00f6meg ostromolni kezdte a j\u00e1rm\u0171vet:<\/p>\n<p data-start=\"8069\" data-end=\"8086\">\u2013 Fer\u00f3, gyere ki!<\/p>\n<p data-start=\"8088\" data-end=\"8149\">Amikor nem reag\u00e1lt, ritmusosan r\u00e1ngatni kezdt\u00e9k a mikrobuszt:<\/p>\n<p data-start=\"8151\" data-end=\"8180\">\u2013 Rice-rice Beatrice, h\u00f3rukk!<\/p>\n<p style=\"text-align: justify;\" data-start=\"8182\" data-end=\"8349\">A j\u00e1rm\u0171 m\u00e1r majdnem felborult, mire Fer\u00f3 v\u00e9g\u00fcl kirohant \u00e9s menek\u00fcl\u0151re fogta. Valahogy siker\u00fclt bejutnia a villa \u00e9p\u00fclet\u00e9be, ahol kiv\u00e1rta, m\u00edg lecsillapodnak a ked\u00e9lyek.<\/p>\n<p data-start=\"8182\" data-end=\"8349\"><img loading=\"lazy\" decoding=\"async\" class=\"aligncenter wp-image-81282 size-full\" src=\"https:\/\/dorogimedence.hu\/wp-content\/uploads\/2026\/06\/DR_3_10.jpg\" alt=\"\" width=\"764\" height=\"511\" srcset=\"https:\/\/dorogimedence.hu\/wp-content\/uploads\/2026\/06\/DR_3_10.jpg 764w, https:\/\/dorogimedence.hu\/wp-content\/uploads\/2026\/06\/DR_3_10-600x401.jpg 600w, https:\/\/dorogimedence.hu\/wp-content\/uploads\/2026\/06\/DR_3_10-150x100.jpg 150w, https:\/\/dorogimedence.hu\/wp-content\/uploads\/2026\/06\/DR_3_10-450x301.jpg 450w, https:\/\/dorogimedence.hu\/wp-content\/uploads\/2026\/06\/DR_3_10-272x182.jpg 272w\" sizes=\"(max-width: 764px) 100vw, 764px\" \/><\/p>\n<p style=\"text-align: center;\" data-start=\"8351\" data-end=\"8453\"><span style=\"font-size: 10pt;\"><em>Zeffer Andr\u00e1s a rajong\u00f3kkal, m\u00f6g\u00f6tt\u00fck a led\u0151lt ker\u00edt\u00e9s egy r\u00e9sze (forr\u00e1s: P. Mobil arch\u00edvum)<\/em><\/span><\/p>\n<p style=\"text-align: justify;\" data-start=\"8455\" data-end=\"8718\">A Schmidt-villa falai v\u00e9g\u00fcl sz\u00f3 szerint is \u201eleomlottak\u201d. Pontosabban az Eperjesi \u00fat fel\u0151li panelker\u00edt\u00e9s egy r\u00e9sze nem b\u00edrta a t\u00f6meg nyom\u00e1s\u00e1t \u00e9s led\u0151lt. Val\u00f3sz\u00edn\u0171leg nem sz\u00e1nd\u00e9kos rong\u00e1l\u00e1s t\u00f6rt\u00e9nt, egyszer\u0171en ekkora embert\u00f6megnek nem tudott ellen\u00e1llni a szerkezet. R\u00e1ad\u00e1sul sokan \u00e9ppen a ker\u00edt\u00e9s tetej\u00e9r\u0151l pr\u00f3b\u00e1lt\u00e1k figyelni a koncerteket.<\/p>\n<p style=\"text-align: justify;\" data-start=\"8796\" data-end=\"9069\">Otthon \u00e9desap\u00e1m m\u00e1r j\u00f3 el\u0151re a lelkemre k\u00f6t\u00f6tte, hogy m\u00e9g csak a Schmidt-villa k\u00f6rny\u00e9k\u00e9re se menjek. Nem a rockzen\u00e9t\u0151l f\u00e9ltett \u2013 \u0151 maga is szerette \u2013, hanem a hatalmas t\u00f6megt\u0151l. Teljes joggal agg\u00f3dott, hiszen ekkora embert\u00f6meg egy gyerek sz\u00e1m\u00e1ra val\u00f3ban vesz\u00e9lyes lehetett.<\/p>\n<p style=\"text-align: justify;\" data-start=\"9071\" data-end=\"9274\">A fesztiv\u00e1l het\u00e9t nagysz\u00fcleimn\u00e9l t\u00f6lt\u00f6ttem, \u00e9s b\u00e1r tilt\u00e1s ide vagy oda, neh\u00e9z volt otthon maradni. A h\u00e1z melletti telepre kimenni nem volt tilos, \u00e9n pedig id\u0151vel egyre k\u00f6zelebb mer\u00e9szkedtem a villa fel\u00e9.<\/p>\n<p style=\"text-align: justify;\" data-start=\"9276\" data-end=\"9415\">Az id\u0151sebb haverok m\u00e1r mind ott voltak. A fesztiv\u00e1l hangjai pedig egyre er\u0151sebben sz\u0171r\u0151dtek \u00e1t a v\u00e1roson, szinte h\u00fazt\u00e1k magukkal az embert. Egy \u00f3vatlan pillanatban kereket oldottam.<\/p>\n<p data-start=\"9417\" data-end=\"9458\"><img loading=\"lazy\" decoding=\"async\" class=\"aligncenter wp-image-81292 size-full\" src=\"https:\/\/dorogimedence.hu\/wp-content\/uploads\/2026\/06\/DR_3_14.jpg\" alt=\"\" width=\"825\" height=\"484\" srcset=\"https:\/\/dorogimedence.hu\/wp-content\/uploads\/2026\/06\/DR_3_14.jpg 825w, https:\/\/dorogimedence.hu\/wp-content\/uploads\/2026\/06\/DR_3_14-600x352.jpg 600w, https:\/\/dorogimedence.hu\/wp-content\/uploads\/2026\/06\/DR_3_14-768x451.jpg 768w, https:\/\/dorogimedence.hu\/wp-content\/uploads\/2026\/06\/DR_3_14-150x88.jpg 150w, https:\/\/dorogimedence.hu\/wp-content\/uploads\/2026\/06\/DR_3_14-450x264.jpg 450w\" sizes=\"(max-width: 825px) 100vw, 825px\" \/><\/p>\n<p style=\"text-align: center;\" data-start=\"9460\" data-end=\"9525\"><span style=\"font-size: 10pt;\"><em>A kitart\u00f3 k\u00f6z\u00f6ns\u00e9g soraib\u00f3l (forr\u00e1s: P. Mobil arch\u00edvum)<\/em><\/span><\/p>\n<p style=\"text-align: justify;\" data-start=\"9527\" data-end=\"9711\">A &#8222;Smidi&#8221; fel\u00e9 vezet\u0151 \u00f6sszes utat j\u00f3l ismertem. A leggyorsabb \u00fatvonalat v\u00e1lasztottam: v\u00e9gig a Pataksoron, \u00e1t a Trenka-h\u00eddon, majd r\u00e1 a Bocskai-sorra, onnan pedig az Eperjesi \u00fat ir\u00e1ny\u00e1ba.<\/p>\n<p data-start=\"9713\" data-end=\"9814\">Ahogy k\u00f6zeledtem, egyre t\u00f6bb rajong\u00f3val tal\u00e1lkoztam. Az Eperjesi \u00faton m\u00e1r szinte h\u00f6mp\u00f6lyg\u00f6tt a t\u00f6meg. A l\u00e1tv\u00e1ny egyszerre volt f\u00e9lelmetes \u00e9s felemel\u0151.<\/p>\n<p style=\"text-align: justify;\" data-start=\"9866\" data-end=\"10099\">A stadionok hangulat\u00e1t ismertem ugyan \u2013 Dorogon rendszeresen t\u00f6bb ezren j\u00e1rtak meccsre, s\u0151t az NB I-es \u00e9vekben 15 ezres t\u00f6meget is l\u00e1ttam \u2013, de ez eg\u00e9szen m\u00e1s volt. A Schmidt-villa k\u00f6r\u00fcl hull\u00e1mz\u00f3 ember\u00e1radat val\u00f3s\u00e1ggal mellbe v\u00e1gott. M\u00e9gis furcsa m\u00f3don senki sem t\u0171nt idegennek. Szinte mindenki k\u00f6sz\u00f6nt, mosolygott vagy j\u00f3kedv\u0171en sz\u00f3lt oda valamit.<\/p>\n<p style=\"text-align: justify;\" data-start=\"10217\" data-end=\"10416\">A K\u00d6GY\u00d3 \u00f3vod\u00e1hoz k\u00f6zeledve m\u00e1r mozdulni is alig lehetett. Eszem \u00e1g\u00e1ban sem volt bemenni a koncert ter\u00fclet\u00e9re \u2013 \u00f6sszesen 15 forint lapult n\u00e1lam. Ink\u00e1bb csak n\u00e9zel\u0151dtem egy ideig, azt\u00e1n visszaindultam.<\/p>\n<p style=\"text-align: justify;\" data-start=\"10418\" data-end=\"10617\">Otthon r\u00f6gt\u00f6n asztalhoz invit\u00e1ltak. A ny\u00e1ri id\u0151szakban szinte mindig az udvaron eb\u00e9delt\u00fcnk. M\u00e1sf\u00e9l kilom\u00e9terre voltunk a fesztiv\u00e1lt\u00f3l, de a zene \u00e9s a k\u00f6z\u00f6ns\u00e9g moraja \u00edgy is t\u00f6k\u00e9letesen \u00e1thallatszott.<\/p>\n<p data-start=\"10619\" data-end=\"10728\">Nagysz\u00fcleim a h\u0151s\u00e9g miatt d\u00e9lut\u00e1nig ink\u00e1bb pihentek a kertben, \u00e9s a t\u00e1volb\u00f3l hallgatt\u00e1k a fesztiv\u00e1l hangjait.<\/p>\n<p data-start=\"10730\" data-end=\"10766\">\u2013 Nem hallgatod vel\u00fcnk? \u2013 k\u00e9rdezt\u00e9k.<\/p>\n<p data-start=\"10768\" data-end=\"10818\">\u2013 De\u2026 csak kint a telepen a t\u00f6bbiekkel \u2013 feleltem.<\/p>\n<p data-start=\"10820\" data-end=\"10912\">Azt\u00e1n magamhoz vettem n\u00e9h\u00e1ny apr\u00f3 harapnival\u00f3t, meg a 15 forintomat, \u00e9s \u00fajra \u00fatnak indultam.<\/p>\n<p data-start=\"10820\" data-end=\"10912\"><img loading=\"lazy\" decoding=\"async\" class=\"aligncenter wp-image-81265 \" src=\"https:\/\/dorogimedence.hu\/wp-content\/uploads\/2026\/06\/DR_3_7.jpg\" alt=\"\" width=\"762\" height=\"563\" srcset=\"https:\/\/dorogimedence.hu\/wp-content\/uploads\/2026\/06\/DR_3_7.jpg 654w, https:\/\/dorogimedence.hu\/wp-content\/uploads\/2026\/06\/DR_3_7-600x443.jpg 600w, https:\/\/dorogimedence.hu\/wp-content\/uploads\/2026\/06\/DR_3_7-150x111.jpg 150w, https:\/\/dorogimedence.hu\/wp-content\/uploads\/2026\/06\/DR_3_7-450x332.jpg 450w\" sizes=\"(max-width: 762px) 100vw, 762px\" \/><\/p>\n<p style=\"text-align: center;\" data-start=\"10914\" data-end=\"10974\"><span style=\"font-size: 10pt;\"><em>A Progn\u00f3zis fell\u00e9p\u00e9se (forr\u00e1s: Progn\u00f3zis arch\u00edvum)<\/em><\/span><\/p>\n<p style=\"text-align: justify;\" data-start=\"10976\" data-end=\"11173\">A nap derek\u00e1n kiv\u00e1l\u00f3 zen\u00e9kkel jutalmazt\u00e1k a kitart\u00f3 k\u00f6z\u00f6ns\u00e9get. Ekkor j\u00e1tszott a Progn\u00f3zis, az East \u00e9s a csehszlov\u00e1k Ferm\u00e1ta is, amely m\u00e1r addigra is komoly n\u00e9pszer\u0171s\u00e9gre tett szert Magyarorsz\u00e1gon.<\/p>\n<p data-start=\"11175\" data-end=\"11230\">K\u00e9s\u0151bb pedig sorra \u00e9rkeztek a legjobban v\u00e1rt zenekarok.<\/p>\n<p style=\"text-align: justify;\" data-start=\"11232\" data-end=\"11535\">A Skorpi\u00f3 ekkor m\u00e1r elhagyta nev\u00e9b\u0151l az \u201e\u00daj\u201d el\u0151tagot. Az egy\u00fcttesb\u0151l kor\u00e1bban kiv\u00e1lt Sz\u0171cs Antal G\u00e1bor, Papp Gyula \u00e9s N\u00e9meth G\u00e1bor ugyanis addigra m\u00e1r a Dinamitban zen\u00e9lt. Frenreisz K\u00e1roly azonban \u00edgy is kiv\u00e1l\u00f3 csapatot vezetett tov\u00e1bb, soraiban az orsz\u00e1g egyik legnagyobb git\u00e1ros\u00e1val, T\u00e1trai Tiborral. Ahogy egym\u00e1s ut\u00e1n megsz\u00f3laltak a Skorpi\u00f3 dalai, \u00fagy lend\u00fclt bele egyre ink\u00e1bb a zenekar \u00e9s a k\u00f6z\u00f6ns\u00e9g is.<\/p>\n<p data-start=\"11644\" data-end=\"11824\"><img loading=\"lazy\" decoding=\"async\" class=\"aligncenter wp-image-81285 size-medium\" src=\"https:\/\/dorogimedence.hu\/wp-content\/uploads\/2026\/06\/DR_3_13-440x600.jpg\" alt=\"\" width=\"440\" height=\"600\" srcset=\"https:\/\/dorogimedence.hu\/wp-content\/uploads\/2026\/06\/DR_3_13-440x600.jpg 440w, https:\/\/dorogimedence.hu\/wp-content\/uploads\/2026\/06\/DR_3_13-150x204.jpg 150w, https:\/\/dorogimedence.hu\/wp-content\/uploads\/2026\/06\/DR_3_13-450x613.jpg 450w, https:\/\/dorogimedence.hu\/wp-content\/uploads\/2026\/06\/DR_3_13.jpg 486w\" sizes=\"(max-width: 440px) 100vw, 440px\" \/><\/p>\n<p style=\"text-align: center;\" data-start=\"11826\" data-end=\"11879\"><span style=\"font-size: 10pt;\"><em>Frenreisz K\u00e1roly a Skorpi\u00f3 fell\u00e9p\u00e9se k\u00f6zben (forr\u00e1s: Dolgoz\u00f3k Lapja)<\/em><\/span><\/p>\n<p data-start=\"11826\" data-end=\"11879\">A Karth\u00e1g\u00f3 szint\u00e9n eml\u00e9kezetes produkci\u00f3t ny\u00fajtott. Tak\u00e1ts Tam\u00e1s k\u00e9t dal k\u00f6z\u00f6tt \u00f6r\u00f6mmel jelentette be, hogy n\u00e9h\u00e1ny nappal kor\u00e1bban megsz\u00fcletett Gid\u00f3falvy Attila kisl\u00e1nya, Bogl\u00e1rka.<\/p>\n<p style=\"text-align: justify;\" data-start=\"11881\" data-end=\"12120\">K\u00f6zben a sz\u00ednpad el\u0151tti r\u00e9sz val\u00f3s\u00e1gos dagony\u00e1v\u00e1 v\u00e1ltozott. Egy elt\u00f6rt v\u00edzcsapb\u00f3l meg\u00e1ll\u00e1s n\u00e9lk\u00fcl \u00f6ml\u00f6tt a v\u00edz, amely el\u00e1rasztotta a k\u00f6rny\u00e9ket. K\u00e9s\u0151bb a ki\u00e9rkez\u0151 t\u0171zolt\u00f3k is locsolni kezdt\u00e9k a t\u00f6meget, amit mindenki megv\u00e1lt\u00e1sk\u00e9nt fogadott. Sokan \u00e9lvezettel vetett\u00e9k bele magukat a t\u00f3cs\u00e1kba, amelyek id\u0151vel \u00f6sszef\u00fcgg\u0151 s\u00e1rtengerr\u00e9 v\u00e1ltoztak.<\/p>\n<p data-start=\"11881\" data-end=\"12120\"><img loading=\"lazy\" decoding=\"async\" class=\"aligncenter wp-image-81284 \" src=\"https:\/\/dorogimedence.hu\/wp-content\/uploads\/2026\/06\/DR_3_12.jpg\" alt=\"\" width=\"753\" height=\"511\" srcset=\"https:\/\/dorogimedence.hu\/wp-content\/uploads\/2026\/06\/DR_3_12.jpg 504w, https:\/\/dorogimedence.hu\/wp-content\/uploads\/2026\/06\/DR_3_12-150x102.jpg 150w, https:\/\/dorogimedence.hu\/wp-content\/uploads\/2026\/06\/DR_3_12-450x305.jpg 450w\" sizes=\"(max-width: 753px) 100vw, 753px\" \/><\/p>\n<p style=\"text-align: center;\" data-start=\"12223\" data-end=\"12278\"><span style=\"font-size: 10pt;\"><em>\u00a0Nyomul a P. Mobil (forr\u00e1s: P. Mobil arch\u00edvum)<\/em><\/span><\/p>\n<p style=\"text-align: justify;\" data-start=\"12280\" data-end=\"12557\">Az Edda fell\u00e9p\u00e9se val\u00f3s\u00e1gos t\u00f6megkatarzist id\u00e9zett el\u0151. A miskolci zenekar ekkor n\u00e9pszer\u0171s\u00e9ge cs\u00facs\u00e1n \u00e1llt, \u00e9s mindent beleadott a koncertbe. Bartha Alfonz billenty\u0171s sorkatonai szolg\u00e1lata miatt hi\u00e1nyzott, zen\u00e9szt\u00e1rsai azonban szolidarit\u00e1sb\u00f3l maguk is r\u00f6vidre v\u00e1gatt\u00e1k hajukat. Az Edda element\u00e1ris er\u0151vel sz\u00f3lt.<\/p>\n<p style=\"text-align: justify;\" data-start=\"12594\" data-end=\"12804\">Ugyanilyen hatalmas ov\u00e1ci\u00f3 fogadta a P. Mobilt \u00e9s a Hobo Blues Bandet is. A P. Mobil fell\u00e9p\u00e9se szinte m\u00e1r lemezbemutat\u00f3nak is beillett, hiszen az abban az \u00e9vben k\u00e9sz\u00fcl\u0151 <em data-start=\"12763\" data-end=\"12774\">Mobilizmo<\/em> dalai adt\u00e1k a m\u0171sor gerinc\u00e9t. A k\u00f6z\u00f6ns\u00e9g azonban term\u00e9szetesen egy\u00fctt \u00e9nekelte a kor\u00e1bbi nagy kedvenceket is: a <em data-start=\"12888\" data-end=\"12898\">Forma I.<\/em>-et, a <em data-start=\"12905\" data-end=\"12917\">Rockt\u00f3bert<\/em>, a <em data-start=\"12921\" data-end=\"12930\">Vonatot<\/em> vagy a <em data-start=\"12938\" data-end=\"12949\">Miskolcot<\/em>. A zenekar v\u00e9g\u00fcl a legend\u00e1s <em data-start=\"12979\" data-end=\"13000\">Utols\u00f3 cigarett\u00e1val<\/em> b\u00facs\u00fazott.<\/p>\n<p data-start=\"12594\" data-end=\"12804\"><img loading=\"lazy\" decoding=\"async\" class=\"aligncenter wp-image-81297 \" src=\"https:\/\/dorogimedence.hu\/wp-content\/uploads\/2026\/06\/DR_3_15.jpg\" alt=\"\" width=\"776\" height=\"523\" srcset=\"https:\/\/dorogimedence.hu\/wp-content\/uploads\/2026\/06\/DR_3_15.jpg 552w, https:\/\/dorogimedence.hu\/wp-content\/uploads\/2026\/06\/DR_3_15-150x101.jpg 150w, https:\/\/dorogimedence.hu\/wp-content\/uploads\/2026\/06\/DR_3_15-450x303.jpg 450w, https:\/\/dorogimedence.hu\/wp-content\/uploads\/2026\/06\/DR_3_15-272x182.jpg 272w\" sizes=\"(max-width: 776px) 100vw, 776px\" \/><\/p>\n<p style=\"text-align: center;\" data-start=\"13013\" data-end=\"13070\"><span style=\"font-size: 10pt;\"><em>Rockt\u00f3ber j\u00faniusban (forr\u00e1s: P. Mobil arch\u00edvum)<\/em><\/span><\/p>\n<p style=\"text-align: justify;\" data-start=\"13072\" data-end=\"13236\">A Hobo Blues Band f\u0151k\u00e9nt az el\u0151z\u0151 \u00e9vben megjelent els\u0151 lemez\u00e9nek dalaira \u00e9p\u00edtette m\u0171sor\u00e1t, amelyet m\u00e1r n\u00e9h\u00e1ny, a k\u00f6vetkez\u0151 albumra sz\u00e1nt szerzem\u00e9ny is kieg\u00e9sz\u00edtett. A zenekar ekkoriban forgatta Szomjas Gy\u00f6rgy kultikus filmj\u00e9t, a <em data-start=\"13302\" data-end=\"13317\">Kopasz kuty\u00e1t<\/em>, amelyben nemcsak a dalaik kaptak fontos szerepet, de maguk a zen\u00e9szek is felt\u0171ntek. A filmben Schuster L\u00f3r\u00e1nt is kiemelt szerepet j\u00e1tszott, a z\u00e1r\u00f3dal pedig a P. Mobil legend\u00e1s <em data-start=\"13496\" data-end=\"13514\">Utols\u00f3 cigaretta<\/em> c\u00edm\u0171 sz\u00e1ma lett.<\/p>\n<p data-start=\"13072\" data-end=\"13236\"><img loading=\"lazy\" decoding=\"async\" class=\"aligncenter wp-image-81291 size-full\" src=\"https:\/\/dorogimedence.hu\/wp-content\/uploads\/2026\/06\/DR_3_2-1.jpg\" alt=\"\" width=\"1891\" height=\"1458\" srcset=\"https:\/\/dorogimedence.hu\/wp-content\/uploads\/2026\/06\/DR_3_2-1.jpg 1891w, https:\/\/dorogimedence.hu\/wp-content\/uploads\/2026\/06\/DR_3_2-1-600x463.jpg 600w, https:\/\/dorogimedence.hu\/wp-content\/uploads\/2026\/06\/DR_3_2-1-768x592.jpg 768w, https:\/\/dorogimedence.hu\/wp-content\/uploads\/2026\/06\/DR_3_2-1-1536x1184.jpg 1536w, https:\/\/dorogimedence.hu\/wp-content\/uploads\/2026\/06\/DR_3_2-1-150x116.jpg 150w, https:\/\/dorogimedence.hu\/wp-content\/uploads\/2026\/06\/DR_3_2-1-450x347.jpg 450w, https:\/\/dorogimedence.hu\/wp-content\/uploads\/2026\/06\/DR_3_2-1-1200x925.jpg 1200w\" sizes=\"(max-width: 1891px) 100vw, 1891px\" \/><\/p>\n<p style=\"text-align: center;\" data-start=\"13533\" data-end=\"13614\"><span style=\"font-size: 10pt;\"><em>Tunyogi P\u00e9ter \u00e9s S\u00e1rv\u00e1ri Vilmos a sz\u00ednpadon (forr\u00e1s: P. Mobil arch\u00edvum)<\/em><\/span><\/p>\n<p data-start=\"13616\" data-end=\"13723\">Az \u00e9jszak\u00e1ba ny\u00fal\u00f3 fesztiv\u00e1l este t\u00edz \u00f3rakor \u00e9rt v\u00e9get, \u00e9s alighanem minden r\u00e9sztvev\u0151 el\u00e9gedetten t\u00e1vozott.<\/p>\n<p style=\"text-align: justify;\" data-start=\"13725\" data-end=\"13866\">Hi\u00e1ny\u00e9rzete legfeljebb azoknak lehetett, akik valamilyen okb\u00f3l nem lehettek jelen ezen a \u2013 t\u00falz\u00e1s n\u00e9lk\u00fcl \u00e1ll\u00edthat\u00f3 \u2013 korszakalkot\u00f3 esem\u00e9nyen.<\/p>\n<p style=\"text-align: justify;\" data-start=\"13868\" data-end=\"14138\">A fesztiv\u00e1l napja szakr\u00e1lis \u00e9s t\u00f6rt\u00e9nelmi szempontb\u00f3l is k\u00fcl\u00f6n\u00f6s jelent\u0151s\u00e9ggel b\u00edrt. J\u00fanius 27-e Szent L\u00e1szl\u00f3 napja, amelyhez sz\u00e1mos t\u00f6rt\u00e9nelmi esem\u00e9ny is kapcsol\u00f3dik. Ezen a napon sz\u00fcletett 1040-ben Szent L\u00e1szl\u00f3 kir\u00e1ly, s 1192-ben ugyancsak j\u00fanius 27-\u00e9n avatt\u00e1k szentt\u00e9.<\/p>\n<p style=\"text-align: justify;\" data-start=\"14140\" data-end=\"14315\">1941-ben ezen a napon l\u00e9pett be Magyarorsz\u00e1g a m\u00e1sodik vil\u00e1gh\u00e1bor\u00faba a Szovjetuni\u00f3 elleni had\u00fczenettel, m\u00edg 1989-ben ugyancsak j\u00fanius 27-\u00e9n v\u00e1gt\u00e1k \u00e1t jelk\u00e9pesen a vasf\u00fcgg\u00f6nyt.<\/p>\n<p style=\"text-align: justify;\" data-start=\"14317\" data-end=\"14492\">Hogy mindez csup\u00e1n k\u00fcl\u00f6n\u00f6s egybees\u00e9s-e, vagy val\u00f3ban van valami saj\u00e1tos kisug\u00e1rz\u00e1sa ennek a napnak, ki tudja. Mindenesetre Dorogon 1981. j\u00fanius 27-e \u00f6r\u00f6kre eml\u00e9kezetes maradt.<\/p>\n<p data-start=\"14494\" data-end=\"14518\"><strong data-start=\"14494\" data-end=\"14518\">Z\u00e1r\u00f3r\u00e9sz k\u00f6vetkezik\u2026<\/strong><\/p>\n<p data-start=\"14520\" data-end=\"14599\"><span style=\"text-decoration: underline;\">Bor\u00edt\u00f3k\u00e9p<\/span><strong data-start=\"14520\" data-end=\"14534\">:<\/strong> A Schmidt-villa sz\u00ednpad\u00e1n a P. Mobil (forr\u00e1s: P. Mobil arch\u00edvum)<\/p>\n<p style=\"text-align: justify;\" data-start=\"14601\" data-end=\"14898\" data-is-last-node=\"\" data-is-only-node=\"\"><strong data-start=\"14601\" data-end=\"14620\">K\u00fcl\u00f6n k\u00f6sz\u00f6net:<\/strong> Schuster L\u00f3r\u00e1nt \u00e9s a P. Mobil egy\u00fcttes, Szab\u00f3 Attila, Er\u0151s Attila \u00e9s a Lord egy\u00fcttes, V\u00f6r\u00f6s Istv\u00e1n \u00e9s a Progn\u00f3zis egy\u00fcttes, Vass Norbert, Korbely Gy\u00f6rgy, Lampert Viktor, T\u0151r\u00f6sn\u00e9 Kolozsy Erika, Csuha Andr\u00e1s \u00e9s Menyh\u00e1rt Csaba r\u00e9sz\u00e9re a fot\u00f3k \u00e9s kieg\u00e9sz\u00edt\u0151 inform\u00e1ci\u00f3k rendelkez\u00e9sre bocs\u00e1t\u00e1s\u00e1\u00e9rt.<\/p>\n<p data-start=\"14601\" data-end=\"14898\" data-is-last-node=\"\" data-is-only-node=\"\">Az el\u0151z\u0151 k\u00e9t r\u00e9sz az al\u00e1bbi linkeket megnyitva olvashat\u00f3:<\/p>\n<blockquote class=\"wp-embedded-content\" data-secret=\"LFSApaHlEm\"><p><a href=\"https:\/\/dorogimedence.hu\/index.php\/2026\/06\/21\/45-eve-tortent-a-dorogi-rockfesztival-1-resz\/\">45 \u00e9ve t\u00f6rt\u00e9nt: A Dorogi Rockfesztiv\u00e1l (1. r\u00e9sz)<\/a><\/p><\/blockquote>\n<p><iframe class=\"wp-embedded-content\" sandbox=\"allow-scripts\" security=\"restricted\" style=\"position: absolute; visibility: hidden;\" title=\"\u201c45 \u00e9ve t\u00f6rt\u00e9nt: A Dorogi Rockfesztiv\u00e1l (1. r\u00e9sz)\u201d \u2014 Dorogi-medence Region\u00e1lis H\u00edrport\u00e1l\" src=\"https:\/\/dorogimedence.hu\/index.php\/2026\/06\/21\/45-eve-tortent-a-dorogi-rockfesztival-1-resz\/embed\/#?secret=sxF7XNtmvg#?secret=LFSApaHlEm\" data-secret=\"LFSApaHlEm\" width=\"600\" height=\"338\" frameborder=\"0\" marginwidth=\"0\" marginheight=\"0\" scrolling=\"no\"><\/iframe><\/p>\n<blockquote class=\"wp-embedded-content\" data-secret=\"Y1qt8upcsR\"><p><a href=\"https:\/\/dorogimedence.hu\/index.php\/2026\/06\/23\/45-eve-tortent-a-dorogi-rockfesztival-2-resz\/\">45 \u00e9ve t\u00f6rt\u00e9nt: A Dorogi Rockfesztiv\u00e1l (2. r\u00e9sz)<\/a><\/p><\/blockquote>\n<p><iframe class=\"wp-embedded-content\" sandbox=\"allow-scripts\" security=\"restricted\" style=\"position: absolute; visibility: hidden;\" title=\"\u201c45 \u00e9ve t\u00f6rt\u00e9nt: A Dorogi Rockfesztiv\u00e1l (2. r\u00e9sz)\u201d \u2014 Dorogi-medence Region\u00e1lis H\u00edrport\u00e1l\" src=\"https:\/\/dorogimedence.hu\/index.php\/2026\/06\/23\/45-eve-tortent-a-dorogi-rockfesztival-2-resz\/embed\/#?secret=CZZF5hkrdT#?secret=Y1qt8upcsR\" data-secret=\"Y1qt8upcsR\" width=\"600\" height=\"338\" frameborder=\"0\" marginwidth=\"0\" marginheight=\"0\" scrolling=\"no\"><\/iframe><\/p>\n<p data-start=\"14601\" data-end=\"14898\" data-is-last-node=\"\" data-is-only-node=\"\"><em><strong>Szab\u00f3 Gyula<\/strong><\/em><\/p>\n","protected":false},"excerpt":{"rendered":"<p>N\u00e9gy \u00e9s f\u00e9l \u00e9vtizeddel ezel\u0151tt, 1981. j\u00fanius 27-\u00e9n ker\u00fclt megrendez\u00e9sre az a maga nem\u00e9ben az\u00f3ta is kuri\u00f3zumnak sz\u00e1m\u00edt\u00f3 esem\u00e9ny, ahol n\u00e9h\u00e1ny k\u00fclf\u00f6ldi fell\u00e9p\u0151 mellett a hazai rockzene akkori k\u00e9pvisel\u0151inek sz\u00edne-java l\u00e9pett sz\u00ednpadra t\u00f6bb t\u00edzezer rajong\u00f3 el\u0151tt. Azon a bizonyos j\u00faniusi h\u00e9tv\u00e9g\u00e9n a telep\u00fcl\u00e9s lakoss\u00e1g\u00e1nak t\u00f6bbsz\u00f6r\u00f6se gy\u0171lt \u00f6ssze Dorogon. Az \u00e9vfordul\u00f3ra k\u00e9sz\u00fclt megeml\u00e9kez\u00e9sre sz\u00e1nt eml\u00e9kcikk m\u00e1sodik<\/p>\n","protected":false},"author":4,"featured_media":81299,"comment_status":"closed","ping_status":"closed","sticky":false,"template":"","format":"standard","meta":{"ngg_post_thumbnail":0,"footnotes":""},"categories":[2,5769,3,6031],"tags":[],"class_list":["post-81273","post","type-post","status-publish","format-standard","has-post-thumbnail","category-dorog","category-dorogi-rockfesztival","category-hirek","category-kerek-evfordulok"],"yoast_head":"<!-- This site is optimized with the Yoast SEO plugin v28.3 - https:\/\/yoast.com\/product\/yoast-seo-wordpress\/ -->\n<title>45 \u00e9ve t\u00f6rt\u00e9nt: A Dorogi Rockfesztiv\u00e1l (3. r\u00e9sz)<\/title>\n<meta name=\"robots\" content=\"index, follow, max-snippet:-1, max-image-preview:large, max-video-preview:-1\" \/>\n<link rel=\"canonical\" href=\"https:\/\/dorogimedence.hu\/index.php\/2026\/06\/25\/45-eve-tortent-a-dorogi-rockfesztival-3-resz\/\" class=\"yoast-seo-meta-tag\" \/>\n<meta property=\"og:locale\" content=\"hu_HU\" class=\"yoast-seo-meta-tag\" \/>\n<meta property=\"og:type\" content=\"article\" class=\"yoast-seo-meta-tag\" \/>\n<meta property=\"og:title\" content=\"45 \u00e9ve t\u00f6rt\u00e9nt: A Dorogi Rockfesztiv\u00e1l (3. r\u00e9sz)\" class=\"yoast-seo-meta-tag\" \/>\n<meta property=\"og:description\" content=\"N\u00e9gy \u00e9s f\u00e9l \u00e9vtizeddel ezel\u0151tt, 1981. j\u00fanius 27-\u00e9n ker\u00fclt megrendez\u00e9sre az a maga nem\u00e9ben az\u00f3ta is kuri\u00f3zumnak sz\u00e1m\u00edt\u00f3 esem\u00e9ny, ahol n\u00e9h\u00e1ny k\u00fclf\u00f6ldi fell\u00e9p\u0151 mellett a hazai rockzene akkori k\u00e9pvisel\u0151inek sz\u00edne-java l\u00e9pett sz\u00ednpadra t\u00f6bb t\u00edzezer rajong\u00f3 el\u0151tt. Azon a bizonyos j\u00faniusi h\u00e9tv\u00e9g\u00e9n a telep\u00fcl\u00e9s lakoss\u00e1g\u00e1nak t\u00f6bbsz\u00f6r\u00f6se gy\u0171lt \u00f6ssze Dorogon. Az \u00e9vfordul\u00f3ra k\u00e9sz\u00fclt megeml\u00e9kez\u00e9sre sz\u00e1nt eml\u00e9kcikk m\u00e1sodik\" class=\"yoast-seo-meta-tag\" \/>\n<meta property=\"og:url\" content=\"https:\/\/dorogimedence.hu\/index.php\/2026\/06\/25\/45-eve-tortent-a-dorogi-rockfesztival-3-resz\/\" class=\"yoast-seo-meta-tag\" \/>\n<meta property=\"og:site_name\" content=\"Dorogi-medence Region\u00e1lis H\u00edrport\u00e1l\" class=\"yoast-seo-meta-tag\" \/>\n<meta property=\"article:publisher\" content=\"https:\/\/www.facebook.com\/dorogimedence\/\" class=\"yoast-seo-meta-tag\" \/>\n<meta property=\"article:published_time\" content=\"2026-06-25T05:15:02+00:00\" class=\"yoast-seo-meta-tag\" \/>\n<meta property=\"article:modified_time\" content=\"2026-06-25T06:25:31+00:00\" class=\"yoast-seo-meta-tag\" \/>\n<meta property=\"og:image\" content=\"https:\/\/dorogimedence.hu\/wp-content\/uploads\/2026\/06\/dorogi-rockfesztival-3.jpg\" class=\"yoast-seo-meta-tag\" \/>\n\t<meta property=\"og:image:width\" content=\"1920\" class=\"yoast-seo-meta-tag\" \/>\n\t<meta property=\"og:image:height\" content=\"970\" class=\"yoast-seo-meta-tag\" \/>\n\t<meta property=\"og:image:type\" content=\"image\/jpeg\" class=\"yoast-seo-meta-tag\" \/>\n<meta name=\"author\" content=\"Szab\u00f3 Gyula\" class=\"yoast-seo-meta-tag\" \/>\n<meta name=\"twitter:card\" content=\"summary_large_image\" class=\"yoast-seo-meta-tag\" \/>\n<meta name=\"twitter:label1\" content=\"Szerz\u0151:\" class=\"yoast-seo-meta-tag\" \/>\n\t<meta name=\"twitter:data1\" content=\"Szab\u00f3 Gyula\" class=\"yoast-seo-meta-tag\" \/>\n\t<meta name=\"twitter:label2\" content=\"Becs\u00fclt olvas\u00e1si id\u0151\" class=\"yoast-seo-meta-tag\" \/>\n\t<meta name=\"twitter:data2\" content=\"16 perc\" class=\"yoast-seo-meta-tag\" \/>\n<script type=\"application\/ld+json\" class=\"yoast-schema-graph\">{\"@context\":\"https:\\\/\\\/schema.org\",\"@graph\":[{\"@type\":\"Article\",\"@id\":\"https:\\\/\\\/dorogimedence.hu\\\/index.php\\\/2026\\\/06\\\/25\\\/45-eve-tortent-a-dorogi-rockfesztival-3-resz\\\/#article\",\"isPartOf\":{\"@id\":\"https:\\\/\\\/dorogimedence.hu\\\/index.php\\\/2026\\\/06\\\/25\\\/45-eve-tortent-a-dorogi-rockfesztival-3-resz\\\/\"},\"author\":{\"name\":\"Szab\u00f3 Gyula\",\"@id\":\"https:\\\/\\\/dorogimedence.hu\\\/#\\\/schema\\\/person\\\/76605e8151ec1b7376385cd184ede973\"},\"headline\":\"45 \u00e9ve t\u00f6rt\u00e9nt: A Dorogi Rockfesztiv\u00e1l (3. r\u00e9sz)\",\"datePublished\":\"2026-06-25T05:15:02+00:00\",\"dateModified\":\"2026-06-25T06:25:31+00:00\",\"mainEntityOfPage\":{\"@id\":\"https:\\\/\\\/dorogimedence.hu\\\/index.php\\\/2026\\\/06\\\/25\\\/45-eve-tortent-a-dorogi-rockfesztival-3-resz\\\/\"},\"wordCount\":3301,\"publisher\":{\"@id\":\"https:\\\/\\\/dorogimedence.hu\\\/#organization\"},\"image\":{\"@id\":\"https:\\\/\\\/dorogimedence.hu\\\/index.php\\\/2026\\\/06\\\/25\\\/45-eve-tortent-a-dorogi-rockfesztival-3-resz\\\/#primaryimage\"},\"thumbnailUrl\":\"https:\\\/\\\/dorogimedence.hu\\\/wp-content\\\/uploads\\\/2026\\\/06\\\/dorogi-rockfesztival-3.jpg\",\"articleSection\":[\"Dorog\",\"Dorogi Rockfesztiv\u00e1l\",\"H\u00edrek\",\"Kerek \u00e9vfordul\u00f3k\"],\"inLanguage\":\"hu\"},{\"@type\":\"WebPage\",\"@id\":\"https:\\\/\\\/dorogimedence.hu\\\/index.php\\\/2026\\\/06\\\/25\\\/45-eve-tortent-a-dorogi-rockfesztival-3-resz\\\/\",\"url\":\"https:\\\/\\\/dorogimedence.hu\\\/index.php\\\/2026\\\/06\\\/25\\\/45-eve-tortent-a-dorogi-rockfesztival-3-resz\\\/\",\"name\":\"45 \u00e9ve t\u00f6rt\u00e9nt: A Dorogi Rockfesztiv\u00e1l (3. r\u00e9sz)\",\"isPartOf\":{\"@id\":\"https:\\\/\\\/dorogimedence.hu\\\/#website\"},\"primaryImageOfPage\":{\"@id\":\"https:\\\/\\\/dorogimedence.hu\\\/index.php\\\/2026\\\/06\\\/25\\\/45-eve-tortent-a-dorogi-rockfesztival-3-resz\\\/#primaryimage\"},\"image\":{\"@id\":\"https:\\\/\\\/dorogimedence.hu\\\/index.php\\\/2026\\\/06\\\/25\\\/45-eve-tortent-a-dorogi-rockfesztival-3-resz\\\/#primaryimage\"},\"thumbnailUrl\":\"https:\\\/\\\/dorogimedence.hu\\\/wp-content\\\/uploads\\\/2026\\\/06\\\/dorogi-rockfesztival-3.jpg\",\"datePublished\":\"2026-06-25T05:15:02+00:00\",\"dateModified\":\"2026-06-25T06:25:31+00:00\",\"breadcrumb\":{\"@id\":\"https:\\\/\\\/dorogimedence.hu\\\/index.php\\\/2026\\\/06\\\/25\\\/45-eve-tortent-a-dorogi-rockfesztival-3-resz\\\/#breadcrumb\"},\"inLanguage\":\"hu\",\"potentialAction\":[{\"@type\":\"ReadAction\",\"target\":[\"https:\\\/\\\/dorogimedence.hu\\\/index.php\\\/2026\\\/06\\\/25\\\/45-eve-tortent-a-dorogi-rockfesztival-3-resz\\\/\"]}]},{\"@type\":\"ImageObject\",\"inLanguage\":\"hu\",\"@id\":\"https:\\\/\\\/dorogimedence.hu\\\/index.php\\\/2026\\\/06\\\/25\\\/45-eve-tortent-a-dorogi-rockfesztival-3-resz\\\/#primaryimage\",\"url\":\"https:\\\/\\\/dorogimedence.hu\\\/wp-content\\\/uploads\\\/2026\\\/06\\\/dorogi-rockfesztival-3.jpg\",\"contentUrl\":\"https:\\\/\\\/dorogimedence.hu\\\/wp-content\\\/uploads\\\/2026\\\/06\\\/dorogi-rockfesztival-3.jpg\",\"width\":1920,\"height\":970},{\"@type\":\"BreadcrumbList\",\"@id\":\"https:\\\/\\\/dorogimedence.hu\\\/index.php\\\/2026\\\/06\\\/25\\\/45-eve-tortent-a-dorogi-rockfesztival-3-resz\\\/#breadcrumb\",\"itemListElement\":[{\"@type\":\"ListItem\",\"position\":1,\"name\":\"Kezd\u0151lap\",\"item\":\"https:\\\/\\\/dorogimedence.hu\\\/\"},{\"@type\":\"ListItem\",\"position\":2,\"name\":\"45 \u00e9ve t\u00f6rt\u00e9nt: A Dorogi Rockfesztiv\u00e1l (3. r\u00e9sz)\"}]},{\"@type\":\"WebSite\",\"@id\":\"https:\\\/\\\/dorogimedence.hu\\\/#website\",\"url\":\"https:\\\/\\\/dorogimedence.hu\\\/\",\"name\":\"Dorogi-medence Region\u00e1lis H\u00edrport\u00e1l\",\"description\":\"Dorog, Keszt\u00f6lc, Le\u00e1nyv\u00e1r, Piliscs\u00e9v, Tokod, Tokodalt\u00e1r\u00f3, Csolnok, Esztergom-kertv\u00e1ros: h\u00edrek, programok\",\"publisher\":{\"@id\":\"https:\\\/\\\/dorogimedence.hu\\\/#organization\"},\"potentialAction\":[{\"@type\":\"SearchAction\",\"target\":{\"@type\":\"EntryPoint\",\"urlTemplate\":\"https:\\\/\\\/dorogimedence.hu\\\/?s={search_term_string}\"},\"query-input\":{\"@type\":\"PropertyValueSpecification\",\"valueRequired\":true,\"valueName\":\"search_term_string\"}}],\"inLanguage\":\"hu\"},{\"@type\":\"Organization\",\"@id\":\"https:\\\/\\\/dorogimedence.hu\\\/#organization\",\"name\":\"Dorogi-medence Region\u00e1lis H\u00edrport\u00e1l\",\"url\":\"https:\\\/\\\/dorogimedence.hu\\\/\",\"logo\":{\"@type\":\"ImageObject\",\"inLanguage\":\"hu\",\"@id\":\"https:\\\/\\\/dorogimedence.hu\\\/#\\\/schema\\\/logo\\\/image\\\/\",\"url\":\"https:\\\/\\\/dorogimedence.hu\\\/wp-content\\\/uploads\\\/2021\\\/04\\\/logo-feher-600.png\",\"contentUrl\":\"https:\\\/\\\/dorogimedence.hu\\\/wp-content\\\/uploads\\\/2021\\\/04\\\/logo-feher-600.png\",\"width\":600,\"height\":100,\"caption\":\"Dorogi-medence Region\u00e1lis H\u00edrport\u00e1l\"},\"image\":{\"@id\":\"https:\\\/\\\/dorogimedence.hu\\\/#\\\/schema\\\/logo\\\/image\\\/\"},\"sameAs\":[\"https:\\\/\\\/www.facebook.com\\\/dorogimedence\\\/\"]},{\"@type\":\"Person\",\"@id\":\"https:\\\/\\\/dorogimedence.hu\\\/#\\\/schema\\\/person\\\/76605e8151ec1b7376385cd184ede973\",\"name\":\"Szab\u00f3 Gyula\",\"image\":{\"@type\":\"ImageObject\",\"inLanguage\":\"hu\",\"@id\":\"\\\/\\\/www.gravatar.com\\\/avatar\\\/3e44b6fb2ef9bcea3639958cc2a587cb?s=96&#038;r=g&#038;d=mm\",\"url\":\"\\\/\\\/www.gravatar.com\\\/avatar\\\/3e44b6fb2ef9bcea3639958cc2a587cb?s=96&#038;r=g&#038;d=mm\",\"contentUrl\":\"\\\/\\\/www.gravatar.com\\\/avatar\\\/3e44b6fb2ef9bcea3639958cc2a587cb?s=96&#038;r=g&#038;d=mm\",\"caption\":\"Szab\u00f3 Gyula\"}}]}<\/script>\n<!-- \/ Yoast SEO plugin. -->","yoast_head_json":{"title":"45 \u00e9ve t\u00f6rt\u00e9nt: A Dorogi Rockfesztiv\u00e1l (3. r\u00e9sz)","robots":{"index":"index","follow":"follow","max-snippet":"max-snippet:-1","max-image-preview":"max-image-preview:large","max-video-preview":"max-video-preview:-1"},"canonical":"https:\/\/dorogimedence.hu\/index.php\/2026\/06\/25\/45-eve-tortent-a-dorogi-rockfesztival-3-resz\/","og_locale":"hu_HU","og_type":"article","og_title":"45 \u00e9ve t\u00f6rt\u00e9nt: A Dorogi Rockfesztiv\u00e1l (3. r\u00e9sz)","og_description":"N\u00e9gy \u00e9s f\u00e9l \u00e9vtizeddel ezel\u0151tt, 1981. j\u00fanius 27-\u00e9n ker\u00fclt megrendez\u00e9sre az a maga nem\u00e9ben az\u00f3ta is kuri\u00f3zumnak sz\u00e1m\u00edt\u00f3 esem\u00e9ny, ahol n\u00e9h\u00e1ny k\u00fclf\u00f6ldi fell\u00e9p\u0151 mellett a hazai rockzene akkori k\u00e9pvisel\u0151inek sz\u00edne-java l\u00e9pett sz\u00ednpadra t\u00f6bb t\u00edzezer rajong\u00f3 el\u0151tt. Azon a bizonyos j\u00faniusi h\u00e9tv\u00e9g\u00e9n a telep\u00fcl\u00e9s lakoss\u00e1g\u00e1nak t\u00f6bbsz\u00f6r\u00f6se gy\u0171lt \u00f6ssze Dorogon. Az \u00e9vfordul\u00f3ra k\u00e9sz\u00fclt megeml\u00e9kez\u00e9sre sz\u00e1nt eml\u00e9kcikk m\u00e1sodik","og_url":"https:\/\/dorogimedence.hu\/index.php\/2026\/06\/25\/45-eve-tortent-a-dorogi-rockfesztival-3-resz\/","og_site_name":"Dorogi-medence Region\u00e1lis H\u00edrport\u00e1l","article_publisher":"https:\/\/www.facebook.com\/dorogimedence\/","article_published_time":"2026-06-25T05:15:02+00:00","article_modified_time":"2026-06-25T06:25:31+00:00","og_image":[{"width":1920,"height":970,"url":"https:\/\/dorogimedence.hu\/wp-content\/uploads\/2026\/06\/dorogi-rockfesztival-3.jpg","type":"image\/jpeg"}],"author":"Szab\u00f3 Gyula","twitter_card":"summary_large_image","twitter_misc":{"Szerz\u0151:":"Szab\u00f3 Gyula","Becs\u00fclt olvas\u00e1si id\u0151":"16 perc"},"schema":{"@context":"https:\/\/schema.org","@graph":[{"@type":"Article","@id":"https:\/\/dorogimedence.hu\/index.php\/2026\/06\/25\/45-eve-tortent-a-dorogi-rockfesztival-3-resz\/#article","isPartOf":{"@id":"https:\/\/dorogimedence.hu\/index.php\/2026\/06\/25\/45-eve-tortent-a-dorogi-rockfesztival-3-resz\/"},"author":{"name":"Szab\u00f3 Gyula","@id":"https:\/\/dorogimedence.hu\/#\/schema\/person\/76605e8151ec1b7376385cd184ede973"},"headline":"45 \u00e9ve t\u00f6rt\u00e9nt: A Dorogi Rockfesztiv\u00e1l (3. r\u00e9sz)","datePublished":"2026-06-25T05:15:02+00:00","dateModified":"2026-06-25T06:25:31+00:00","mainEntityOfPage":{"@id":"https:\/\/dorogimedence.hu\/index.php\/2026\/06\/25\/45-eve-tortent-a-dorogi-rockfesztival-3-resz\/"},"wordCount":3301,"publisher":{"@id":"https:\/\/dorogimedence.hu\/#organization"},"image":{"@id":"https:\/\/dorogimedence.hu\/index.php\/2026\/06\/25\/45-eve-tortent-a-dorogi-rockfesztival-3-resz\/#primaryimage"},"thumbnailUrl":"https:\/\/dorogimedence.hu\/wp-content\/uploads\/2026\/06\/dorogi-rockfesztival-3.jpg","articleSection":["Dorog","Dorogi Rockfesztiv\u00e1l","H\u00edrek","Kerek \u00e9vfordul\u00f3k"],"inLanguage":"hu"},{"@type":"WebPage","@id":"https:\/\/dorogimedence.hu\/index.php\/2026\/06\/25\/45-eve-tortent-a-dorogi-rockfesztival-3-resz\/","url":"https:\/\/dorogimedence.hu\/index.php\/2026\/06\/25\/45-eve-tortent-a-dorogi-rockfesztival-3-resz\/","name":"45 \u00e9ve t\u00f6rt\u00e9nt: A Dorogi Rockfesztiv\u00e1l (3. r\u00e9sz)","isPartOf":{"@id":"https:\/\/dorogimedence.hu\/#website"},"primaryImageOfPage":{"@id":"https:\/\/dorogimedence.hu\/index.php\/2026\/06\/25\/45-eve-tortent-a-dorogi-rockfesztival-3-resz\/#primaryimage"},"image":{"@id":"https:\/\/dorogimedence.hu\/index.php\/2026\/06\/25\/45-eve-tortent-a-dorogi-rockfesztival-3-resz\/#primaryimage"},"thumbnailUrl":"https:\/\/dorogimedence.hu\/wp-content\/uploads\/2026\/06\/dorogi-rockfesztival-3.jpg","datePublished":"2026-06-25T05:15:02+00:00","dateModified":"2026-06-25T06:25:31+00:00","breadcrumb":{"@id":"https:\/\/dorogimedence.hu\/index.php\/2026\/06\/25\/45-eve-tortent-a-dorogi-rockfesztival-3-resz\/#breadcrumb"},"inLanguage":"hu","potentialAction":[{"@type":"ReadAction","target":["https:\/\/dorogimedence.hu\/index.php\/2026\/06\/25\/45-eve-tortent-a-dorogi-rockfesztival-3-resz\/"]}]},{"@type":"ImageObject","inLanguage":"hu","@id":"https:\/\/dorogimedence.hu\/index.php\/2026\/06\/25\/45-eve-tortent-a-dorogi-rockfesztival-3-resz\/#primaryimage","url":"https:\/\/dorogimedence.hu\/wp-content\/uploads\/2026\/06\/dorogi-rockfesztival-3.jpg","contentUrl":"https:\/\/dorogimedence.hu\/wp-content\/uploads\/2026\/06\/dorogi-rockfesztival-3.jpg","width":1920,"height":970},{"@type":"BreadcrumbList","@id":"https:\/\/dorogimedence.hu\/index.php\/2026\/06\/25\/45-eve-tortent-a-dorogi-rockfesztival-3-resz\/#breadcrumb","itemListElement":[{"@type":"ListItem","position":1,"name":"Kezd\u0151lap","item":"https:\/\/dorogimedence.hu\/"},{"@type":"ListItem","position":2,"name":"45 \u00e9ve t\u00f6rt\u00e9nt: A Dorogi Rockfesztiv\u00e1l (3. r\u00e9sz)"}]},{"@type":"WebSite","@id":"https:\/\/dorogimedence.hu\/#website","url":"https:\/\/dorogimedence.hu\/","name":"Dorogi-medence Region\u00e1lis H\u00edrport\u00e1l","description":"Dorog, Keszt\u00f6lc, Le\u00e1nyv\u00e1r, Piliscs\u00e9v, Tokod, Tokodalt\u00e1r\u00f3, Csolnok, Esztergom-kertv\u00e1ros: h\u00edrek, programok","publisher":{"@id":"https:\/\/dorogimedence.hu\/#organization"},"potentialAction":[{"@type":"SearchAction","target":{"@type":"EntryPoint","urlTemplate":"https:\/\/dorogimedence.hu\/?s={search_term_string}"},"query-input":{"@type":"PropertyValueSpecification","valueRequired":true,"valueName":"search_term_string"}}],"inLanguage":"hu"},{"@type":"Organization","@id":"https:\/\/dorogimedence.hu\/#organization","name":"Dorogi-medence Region\u00e1lis H\u00edrport\u00e1l","url":"https:\/\/dorogimedence.hu\/","logo":{"@type":"ImageObject","inLanguage":"hu","@id":"https:\/\/dorogimedence.hu\/#\/schema\/logo\/image\/","url":"https:\/\/dorogimedence.hu\/wp-content\/uploads\/2021\/04\/logo-feher-600.png","contentUrl":"https:\/\/dorogimedence.hu\/wp-content\/uploads\/2021\/04\/logo-feher-600.png","width":600,"height":100,"caption":"Dorogi-medence Region\u00e1lis H\u00edrport\u00e1l"},"image":{"@id":"https:\/\/dorogimedence.hu\/#\/schema\/logo\/image\/"},"sameAs":["https:\/\/www.facebook.com\/dorogimedence\/"]},{"@type":"Person","@id":"https:\/\/dorogimedence.hu\/#\/schema\/person\/76605e8151ec1b7376385cd184ede973","name":"Szab\u00f3 Gyula","image":{"@type":"ImageObject","inLanguage":"hu","@id":"\/\/www.gravatar.com\/avatar\/3e44b6fb2ef9bcea3639958cc2a587cb?s=96&#038;r=g&#038;d=mm","url":"\/\/www.gravatar.com\/avatar\/3e44b6fb2ef9bcea3639958cc2a587cb?s=96&#038;r=g&#038;d=mm","contentUrl":"\/\/www.gravatar.com\/avatar\/3e44b6fb2ef9bcea3639958cc2a587cb?s=96&#038;r=g&#038;d=mm","caption":"Szab\u00f3 Gyula"}}]}},"_links":{"self":[{"href":"https:\/\/dorogimedence.hu\/index.php\/wp-json\/wp\/v2\/posts\/81273","targetHints":{"allow":["GET"]}}],"collection":[{"href":"https:\/\/dorogimedence.hu\/index.php\/wp-json\/wp\/v2\/posts"}],"about":[{"href":"https:\/\/dorogimedence.hu\/index.php\/wp-json\/wp\/v2\/types\/post"}],"author":[{"embeddable":true,"href":"https:\/\/dorogimedence.hu\/index.php\/wp-json\/wp\/v2\/users\/4"}],"replies":[{"embeddable":true,"href":"https:\/\/dorogimedence.hu\/index.php\/wp-json\/wp\/v2\/comments?post=81273"}],"version-history":[{"count":16,"href":"https:\/\/dorogimedence.hu\/index.php\/wp-json\/wp\/v2\/posts\/81273\/revisions"}],"predecessor-version":[{"id":81432,"href":"https:\/\/dorogimedence.hu\/index.php\/wp-json\/wp\/v2\/posts\/81273\/revisions\/81432"}],"wp:featuredmedia":[{"embeddable":true,"href":"https:\/\/dorogimedence.hu\/index.php\/wp-json\/wp\/v2\/media\/81299"}],"wp:attachment":[{"href":"https:\/\/dorogimedence.hu\/index.php\/wp-json\/wp\/v2\/media?parent=81273"}],"wp:term":[{"taxonomy":"category","embeddable":true,"href":"https:\/\/dorogimedence.hu\/index.php\/wp-json\/wp\/v2\/categories?post=81273"},{"taxonomy":"post_tag","embeddable":true,"href":"https:\/\/dorogimedence.hu\/index.php\/wp-json\/wp\/v2\/tags?post=81273"}],"curies":[{"name":"wp","href":"https:\/\/api.w.org\/{rel}","templated":true}]}}