{"id":81257,"date":"2026-06-28T07:33:31","date_gmt":"2026-06-28T05:33:31","guid":{"rendered":"https:\/\/dorogimedence.hu\/?p=81257"},"modified":"2026-06-29T04:48:40","modified_gmt":"2026-06-29T02:48:40","slug":"55-eve-tortent-bajnoki-cimet-nyert-es-az-nb-i-b-be-jutott-a-dorogi-banyasz-labdarugocsapata","status":"publish","type":"post","link":"https:\/\/dorogimedence.hu\/index.php\/2026\/06\/28\/55-eve-tortent-bajnoki-cimet-nyert-es-az-nb-i-b-be-jutott-a-dorogi-banyasz-labdarugocsapata\/","title":{"rendered":"55 \u00e9ve t\u00f6rt\u00e9nt: Bajnoki c\u00edmet nyert \u00e9s az NB I\/B-be jutott a Dorogi B\u00e1ny\u00e1sz labdar\u00fag\u00f3csapata"},"content":{"rendered":"<p style=\"text-align: justify;\"><strong><em>\u00d6t \u00e9s f\u00e9l \u00e9vtizeddel ezel\u0151tt a Dorog 1923, 1939 \u00e9s 1944 ut\u00e1n imm\u00e1r negyedszer nyerte meg a harmadoszt\u00e1ly\u00fa bajnoks\u00e1got. Az 1971-ben megszerzett arany\u00e9rem nemcsak feljut\u00e1st \u00e9rt, hanem egy olyan felemelked\u00e9s kezdet\u00e9t is jelentette, amely k\u00e9t \u00e9vvel k\u00e9s\u0151bb ism\u00e9t az \u00e9lvonalba vezette a csapatot <\/em><\/strong><span style=\"font-size: 10pt;\">(Az \u00f6t \u00e9vvel ezel\u0151tti cikkem friss\u00edtett, b\u0151v\u00edtett v\u00e1ltozata)<\/span><strong><em>.<\/em><\/strong><\/p>\n<p class=\"isSelectedEnd\" style=\"text-align: justify;\">A hatvanas \u00e9vek m\u00e1sodik fel\u00e9ben neh\u00e9z id\u0151szakot \u00e9lt \u00e1t az egykori futballfellegv\u00e1r, amely egyetlen esztend\u0151 leforg\u00e1sa alatt az NB I-b\u0151l k\u00e9t oszt\u00e1llyal lejjebb cs\u00faszott. A kedvez\u0151tlen fordulat h\u00e1tter\u00e9ben t\u00f6bb szerencs\u00e9tlen k\u00f6r\u00fclm\u00e9ny egy\u00fcttes hat\u00e1sa h\u00faz\u00f3dott meg. A hatvanas \u00e9vek k\u00f6zep\u00e9re sz\u00e1mos meghat\u00e1roz\u00f3 j\u00e1t\u00e9kos \u00e9letkor\u00e1n\u00e1l fogva egyszerre \u00e9rte el p\u00e1lyafut\u00e1sa v\u00e9g\u00e9t, m\u00edg m\u00e1sokat jelent\u0151sebb egyes\u00fcletek cs\u00e1b\u00edtottak soraikba. Ekkor t\u00e1vozott Dorogr\u00f3l t\u00f6bbek k\u00f6z\u00f6tt Sz\u0171cs Lajos, Kar\u00e1ba J\u00e1nos \u00e9s Szuromi Antal is, akik a Ferencv\u00e1roshoz, illetve az MTK-hoz szerz\u0151dtek. A t\u00e1voz\u00f3k sz\u00e1ma t\u00f6bb mint egy teljes csapatot tett ki. Ekkora vesztes\u00e9get b\u00e1rmely komoly egyes\u00fclet nehezen viselt volna el. A megmaradt j\u00e1t\u00e9koskeretet ugyan az ut\u00e1np\u00f3tl\u00e1sb\u00f3l felker\u00fcl\u0151 fiatalokkal \u00e9s \u00faj igazol\u00e1sokkal igyekeztek meger\u0151s\u00edteni, de ilyen m\u00e9rt\u00e9k\u0171 min\u0151s\u00e9gi vesztes\u00e9get nem tudtak megfelel\u0151en p\u00f3tolni.<\/p>\n<p><img fetchpriority=\"high\" decoding=\"async\" class=\"aligncenter wp-image-81487 \" src=\"https:\/\/dorogimedence.hu\/wp-content\/uploads\/2026\/06\/71_10.jpg\" alt=\"\" width=\"757\" height=\"417\" srcset=\"https:\/\/dorogimedence.hu\/wp-content\/uploads\/2026\/06\/71_10.jpg 596w, https:\/\/dorogimedence.hu\/wp-content\/uploads\/2026\/06\/71_10-150x83.jpg 150w, https:\/\/dorogimedence.hu\/wp-content\/uploads\/2026\/06\/71_10-450x248.jpg 450w\" sizes=\"(max-width: 757px) 100vw, 757px\" \/><\/p>\n<p style=\"text-align: center;\"><span style=\"font-size: 10pt;\"><em>\u00cdgy kezd\u0151d\u00f6tt &#8211; az 1970-1971-es bajnoki \u00e9vad nyit\u00e1nya ut\u00e1ni f\u0151c\u00edm<\/em><\/span><\/p>\n<p class=\"isSelectedEnd\" style=\"text-align: justify;\">Ennek megfelel\u0151en a dorogiak els\u0151dleges c\u00e9lja az \u00e9lvonalbeli tags\u00e1g meg\u0151rz\u00e9se volt, illetve id\u0151t nyerni egy k\u00e9s\u0151bbi meger\u0151s\u00f6d\u00e9shez. A csapat v\u00e9g\u00fcl nem tudta megtartani hely\u00e9t az NB I-ben, \u00e9s 1966-ban oszt\u00e1lyoz\u00f3n b\u00facs\u00fazott az \u00e9lvonalt\u00f3l. A kies\u00e9s k\u00fcl\u00f6n\u00f6sen balszerencs\u00e9s k\u00f6r\u00fclm\u00e9nyek k\u00f6z\u00f6tt k\u00f6vetkezett be. A Koml\u00f3 elleni mindent eld\u00f6nt\u0151 m\u00e9rk\u0151z\u00e9sen m\u00e1r csak \u00f6t percet kellett volna kib\u00edrniuk, amikor g\u00f3lt kaptak, \u00e9s 1\u20130-ra elvesz\u00edtett\u00e9k a Csepelen lej\u00e1tszott tal\u00e1lkoz\u00f3t. Egy \u00e9vvel k\u00e9s\u0151bb az NB I\/B-ben is rendk\u00edv\u00fcl kev\u00e9s hi\u00e1nyzott a bennmarad\u00e1shoz. A m\u00e9g bent marad\u00f3 \u00d3zd, Ny\u00edregyh\u00e1za \u00e9s Budafok egyar\u00e1nt 31 pontot szerzett, m\u00edg a dorogiak 30 ponttal z\u00e1rtak. A h\u00faszcsapatos mez\u0151nyben m\u00e9g a 10. helyen v\u00e9gz\u0151 P\u00e9csi \u00c9rcb\u00e1ny\u00e1sz is csup\u00e1n k\u00e9t ponttal el\u0151zte meg \u0151ket. A Dorogi B\u00e1ny\u00e1sszal egy\u00fctt a F\u0151v\u00e1rosi Aut\u00f3busz SK \u00e9s az abszol\u00fat sereghajt\u00f3 Debreceni VSC b\u00facs\u00fazott az NB I\/B-t\u0151l.<\/p>\n<p><img decoding=\"async\" class=\"aligncenter wp-image-81451 \" src=\"https:\/\/dorogimedence.hu\/wp-content\/uploads\/2026\/06\/71_9.jpg\" alt=\"\" width=\"896\" height=\"198\" srcset=\"https:\/\/dorogimedence.hu\/wp-content\/uploads\/2026\/06\/71_9.jpg 552w, https:\/\/dorogimedence.hu\/wp-content\/uploads\/2026\/06\/71_9-150x33.jpg 150w, https:\/\/dorogimedence.hu\/wp-content\/uploads\/2026\/06\/71_9-450x99.jpg 450w\" sizes=\"(max-width: 896px) 100vw, 896px\" \/><\/p>\n<p class=\"isSelectedEnd\" style=\"text-align: center;\"><span style=\"font-size: 10pt;\"><em>Az 1970\u201371-es \u00e9vad leggyakoribb f\u0151c\u00edme<\/em><\/span><\/p>\n<p class=\"isSelectedEnd\" style=\"text-align: justify;\">Az \u00faj id\u00e9nyt m\u00e1r a harmadik vonalnak sz\u00e1m\u00edt\u00f3 NB II-ben kezdt\u00e9k meg. Vezet\u0151edz\u0151k\u00e9nt Varga J\u00e1nos \u2013 aki \u00f6t \u00e9vvel kor\u00e1bban m\u00e9g a kiv\u00e1l\u00f3 NB I-es csapat meghat\u00e1roz\u00f3 j\u00e1t\u00e9kosa volt \u2013 igyekezett megszil\u00e1rd\u00edtani a sorokat \u00e9s \u00fct\u0151k\u00e9pes egy\u00fcttest kialak\u00edtani. A kor\u00e1bban az \u00e9lvonalban is bizony\u00edtott labdar\u00fag\u00f3k k\u00f6z\u00fcl Bartalos J\u00f3zsef, Cs\u00f3ri L\u00e1szl\u00f3, Ilku Istv\u00e1n, Horv\u00e1th P\u00e9ter, Tak\u00e1cs Tibor, T\u00f3th Gyula \u00e9s Vir\u00e1g P\u00e1l alkott\u00e1k az \u00faj csapat gerinc\u00e9t.<\/p>\n<p class=\"isSelectedEnd\" style=\"text-align: justify;\">A szurkol\u00f3k d\u00f6nt\u0151 t\u00f6bbs\u00e9ge az azonnali visszajut\u00e1sban b\u00edzott, ugyanakkor akadtak olyan kishit\u0171 hangok is, amelyek szerint k\u00e1r tov\u00e1bb er\u0151ltetni a nagy c\u00e9lokat Dorogon. \u00dagy v\u00e9lt\u00e9k, hogy a jelent\u0151sebb anyagi h\u00e1tt\u00e9rrel \u00e9s j\u00f3val nagyobb szurkol\u00f3i b\u00e1zissal rendelkez\u0151 v\u00e1rosok csapataival m\u00e1r lehetetlen felvenni a versenyt egy ilyen kis telep\u00fcl\u00e9snek. A klub vezet\u0151i \u00e9s a j\u00e1t\u00e9kosok szerencs\u00e9re nem osztott\u00e1k ezt a v\u00e9lem\u00e9nyt, b\u00e1r a felemelked\u00e9shez hossz\u00fa \u00e9s neh\u00e9z \u00fat vezetett.<\/p>\n<p><img decoding=\"async\" class=\"aligncenter wp-image-81450 \" src=\"https:\/\/dorogimedence.hu\/wp-content\/uploads\/2026\/06\/71_8.jpg\" alt=\"\" width=\"702\" height=\"264\" srcset=\"https:\/\/dorogimedence.hu\/wp-content\/uploads\/2026\/06\/71_8.jpg 590w, https:\/\/dorogimedence.hu\/wp-content\/uploads\/2026\/06\/71_8-150x56.jpg 150w, https:\/\/dorogimedence.hu\/wp-content\/uploads\/2026\/06\/71_8-450x169.jpg 450w\" sizes=\"(max-width: 702px) 100vw, 702px\" \/><\/p>\n<p class=\"isSelectedEnd\" style=\"text-align: center;\"><span style=\"font-size: 10pt;\"><em>\u00d6r\u00f6mre \u00e9s egyre nagyobb bizakod\u00e1sra okot ad\u00f3 h\u00edr<\/em><\/span><\/p>\n<p class=\"isSelectedEnd\" style=\"text-align: justify;\">Varga J\u00e1nos egy\u00fcttese hamar bizony\u00edtotta, hogy az NB II-ben meghat\u00e1roz\u00f3 szerepet t\u00f6lthet be. Az 1968-as \u00e9s az 1969-es bajnoks\u00e1gban egyar\u00e1nt a harmadik helyen v\u00e9gzett. Innen m\u00e1r csak egy l\u00e9p\u00e9snek t\u0171nt a v\u00e9gs\u0151 c\u00e9l el\u00e9r\u00e9se, \u00e1m \u00fajabb neh\u00e9zs\u00e9gek ad\u00f3dtak. A csapat k\u00e9t kiemelked\u0151 j\u00e1t\u00e9kos\u00e1t ugyanis \u00e9lvonalbeli klubok szerz\u0151dtett\u00e9k. Szab\u00f3 Istv\u00e1n a Videotonhoz, Mucha J\u00f3zsef pedig a Ferencv\u00e1roshoz igazolt. Mindketten kiv\u00e1l\u00f3 p\u00e1lyafut\u00e1st futottak be. Szab\u00f3 \u201ePiszka\u201d Istv\u00e1n k\u00f6zel egy \u00e9vtizeden \u00e1t volt a Videoton kapuj\u00e1nak biztos pontja, Mucha pedig a Ferencv\u00e1ros meghat\u00e1roz\u00f3 j\u00e1t\u00e9kos\u00e1v\u00e1 v\u00e1lt, majd a v\u00e1logatottban is bemutatkozott.<\/p>\n<p class=\"isSelectedEnd\" style=\"text-align: justify;\">A dorogi vezet\u0151k azonban el\u0151rel\u00e1t\u00f3 d\u00f6nt\u00e9st hoztak. Kihaszn\u00e1lt\u00e1k azt a saj\u00e1tos helyzetet, hogy az eredeti \u0151szi\u2013tavaszi rendszer vissza\u00e1ll\u00edt\u00e1sa miatt egyfordul\u00f3s bajnoks\u00e1g k\u00f6vetkezett. Ezt az id\u0151szakot tudatos csapat\u00e9p\u00edt\u00e9sre \u00e9s k\u00eds\u00e9rletez\u00e9sre ford\u00edtott\u00e1k. A strat\u00e9gia bev\u00e1lt, hiszen az 1970\u201371-es teljes id\u00e9nynek m\u00e1r egy j\u00f3l \u00f6sszeszokott \u00e9s \u00fct\u0151k\u00e9pes g\u00e1rda v\u00e1ghatott neki.<\/p>\n<p><img loading=\"lazy\" decoding=\"async\" class=\"aligncenter wp-image-81448 size-full\" src=\"https:\/\/dorogimedence.hu\/wp-content\/uploads\/2026\/06\/71_7.jpg\" alt=\"\" width=\"582\" height=\"204\" srcset=\"https:\/\/dorogimedence.hu\/wp-content\/uploads\/2026\/06\/71_7.jpg 582w, https:\/\/dorogimedence.hu\/wp-content\/uploads\/2026\/06\/71_7-150x53.jpg 150w, https:\/\/dorogimedence.hu\/wp-content\/uploads\/2026\/06\/71_7-450x158.jpg 450w\" sizes=\"(max-width: 582px) 100vw, 582px\" \/><\/p>\n<p class=\"isSelectedEnd\" style=\"text-align: center;\"><em><span style=\"font-size: 10pt;\">A f\u0151c\u00edm \u00f6nmag\u00e1\u00e9rt besz\u00e9l<\/span><\/em><\/p>\n<p class=\"isSelectedEnd\" style=\"text-align: justify;\">A bajnoki k\u00fczdelmek 1970. augusztus 16-\u00e1n kezd\u0151dtek. A vezet\u0151edz\u0151i posztot H\u00e1ry L\u00e1szl\u00f3 t\u00f6lt\u00f6tte be, m\u00edg seg\u00edt\u0151je Varga J\u00e1nos volt. A nyit\u00f3fordul\u00f3ban a P\u00e1pa l\u00e1togatott Dorogra, ahol a hazaiak magabiztos, 3\u20130-s gy\u0151zelmet arattak.<\/p>\n<p class=\"isSelectedEnd\" style=\"text-align: justify;\">A csapat k\u00fcl\u00f6n\u00f6sen hazai p\u00e1ly\u00e1n szerepelt kiv\u00e1l\u00f3an. Eg\u00e9szen novemberig valamennyi ellenfel\u00e9t legy\u0151zte Dorogon. A szenz\u00e1ci\u00f3s sorozatnak v\u00e9g\u00fcl a P\u00e9csi \u00c9rcb\u00e1ny\u00e1sz vetett v\u00e9get, amely az utols\u00f3 hazai m\u00e9rk\u0151z\u00e9sen 1\u20130-ra gy\u0151z\u00f6tt. A csorb\u00e1t azonban azonnal kik\u00f6sz\u00f6r\u00fclt\u00e9k a dorogiak, amikor a k\u00f6vetkez\u0151 fordul\u00f3ban Zalaegerszegen 5\u20132-es sikert arattak. Az \u0151szi id\u00e9ny sor\u00e1n h\u00e9t egym\u00e1st k\u00f6vet\u0151 m\u00e9rk\u0151z\u00e9sen nem kaptak g\u00f3lt.<\/p>\n<p><img loading=\"lazy\" decoding=\"async\" class=\"aligncenter wp-image-81442 size-full\" src=\"https:\/\/dorogimedence.hu\/wp-content\/uploads\/2026\/06\/71_3.jpg\" alt=\"\" width=\"476\" height=\"848\" srcset=\"https:\/\/dorogimedence.hu\/wp-content\/uploads\/2026\/06\/71_3.jpg 476w, https:\/\/dorogimedence.hu\/wp-content\/uploads\/2026\/06\/71_3-337x600.jpg 337w, https:\/\/dorogimedence.hu\/wp-content\/uploads\/2026\/06\/71_3-150x267.jpg 150w, https:\/\/dorogimedence.hu\/wp-content\/uploads\/2026\/06\/71_3-450x802.jpg 450w\" sizes=\"(max-width: 476px) 100vw, 476px\" \/><\/p>\n<p class=\"isSelectedEnd\" style=\"text-align: center;\"><span style=\"font-size: 10pt;\"><em>A t\u00e9li alapoz\u00e1s sor\u00e1n k\u00e9sz\u00fclt cikk<\/em><\/span><\/p>\n<p class=\"isSelectedEnd\" style=\"text-align: justify;\">A tavaszi folytat\u00e1s is rendk\u00edv\u00fcl biztat\u00f3an alakult. A bajnoki c\u00edm\u00e9rt a Dorog mellett a Szeksz\u00e1rd, a P\u00e9csi \u00c9rcb\u00e1ny\u00e1sz \u00e9s a Gy\u0151ri D\u00f3zsa harcolt. A mez\u0151nyben szerepelt m\u00e9g a P\u00e9csi B\u00e1ny\u00e1sz, valamint a Kaposv\u00e1ri T\u00e1ncsics \u00e9s a Kaposv\u00e1ri R\u00e1k\u00f3czi is. Rajtuk k\u00edv\u00fcl a Savaria, a F\u0171zf\u0151, a Tapolcai Bauxitb\u00e1ny\u00e1sz, a Veszpr\u00e9mi Bakonyvegy\u00e9sz, az Ajkai B\u00e1ny\u00e1sz, a M\u00e1za-Sz\u00e1szv\u00e1r \u00e9s az Alm\u00e1sf\u00fczit\u0151i Timf\u00f6ldgy\u00e1r alkotta a mez\u0151nyt.<\/p>\n<p><em><span style=\"font-size: 10pt;\"><img loading=\"lazy\" decoding=\"async\" class=\"wp-image-81440 aligncenter\" src=\"https:\/\/dorogimedence.hu\/wp-content\/uploads\/2026\/06\/71_1.jpg\" alt=\"\" width=\"497\" height=\"408\" srcset=\"https:\/\/dorogimedence.hu\/wp-content\/uploads\/2026\/06\/71_1.jpg 396w, https:\/\/dorogimedence.hu\/wp-content\/uploads\/2026\/06\/71_1-150x123.jpg 150w\" sizes=\"(max-width: 497px) 100vw, 497px\" \/><\/span><\/em><\/p>\n<p class=\"isSelectedEnd\" style=\"text-align: center;\"><em><span style=\"font-size: 10pt;\">A Tapolca elleni m\u00e9rk\u0151z\u00e9s beharangoz\u00f3ja<\/span><\/em><\/p>\n<p class=\"isSelectedEnd\" style=\"text-align: justify;\">A tavaszi id\u00e9ny legkiemelked\u0151bb id\u0151szaka \u00e1prilis \u00e9s m\u00e1jus volt, amikor a dorogiak egym\u00e1s ut\u00e1n nyolc m\u00e9rk\u0151z\u00e9st nyertek meg. A sorozat a Tapolca elleni hazai 4\u20131-es sikerrel kezd\u0151d\u00f6tt, majd a k\u00f6vetkez\u0151 fordul\u00f3ban idegenben is ugyanilyen ar\u00e1nyban gy\u0151ztek.<\/p>\n<p class=\"isSelectedEnd\" style=\"text-align: justify;\">A Tapolca elleni m\u00e9rk\u0151z\u00e9s el\u0151tti beharangoz\u00f3 nem v\u00e9letlen\u00fcl nevezte veszedelmes ellenf\u00e9lnek a Bauxitb\u00e1ny\u00e1szt. A bakonyi egy\u00fcttes t\u00f6bb egykori NB I-es j\u00e1t\u00e9kossal rendelkezett, \u00e9s k\u00f6zvetlen\u00fcl a dorogi tal\u00e1lkoz\u00f3 el\u0151tt az akkori listavezet\u0151 P\u00e9csi \u00c9rcb\u00e1ny\u00e1szt is legy\u0151zte. A Dorog ellen azonban csak Heged\u0171s sz\u00e9p\u00edt\u0151 tal\u00e1lat\u00e1ra futotta erej\u00fckb\u0151l, amely r\u00e1ad\u00e1sul egy er\u0151sen vitathat\u00f3 b\u00fcntet\u0151b\u0151l sz\u00fcletett.<\/p>\n<p><img loading=\"lazy\" decoding=\"async\" class=\"aligncenter wp-image-81443 \" src=\"https:\/\/dorogimedence.hu\/wp-content\/uploads\/2026\/06\/71_4.jpg\" alt=\"\" width=\"513\" height=\"683\" srcset=\"https:\/\/dorogimedence.hu\/wp-content\/uploads\/2026\/06\/71_4.jpg 440w, https:\/\/dorogimedence.hu\/wp-content\/uploads\/2026\/06\/71_4-150x200.jpg 150w\" sizes=\"(max-width: 513px) 100vw, 513px\" \/><\/p>\n<p style=\"text-align: center;\"><span style=\"font-size: 10pt;\"><em>A Veszpr\u00e9m elleni beharangoz\u00f3<\/em><\/span><\/p>\n<p class=\"isSelectedEnd\" style=\"text-align: justify;\">A sorozat cs\u00facspontj\u00e1t a P\u00e9csi B\u00e1ny\u00e1sz ellen, P\u00e9csen aratott 5\u20130-s gy\u0151zelem jelentette. \u00d6t fordul\u00f3val a bajnoks\u00e1g v\u00e9ge el\u0151tt m\u00e1r sokan a Dorogot tartott\u00e1k a legnagyobb es\u00e9lyesnek, ekkor azonban hazai p\u00e1ly\u00e1n 3\u20132-es veres\u00e9get szenvedtek a Szeksz\u00e1rdt\u00f3l. A v\u00e9ghajr\u00e1 \u00edgy ism\u00e9t rendk\u00edv\u00fcl izgalmass\u00e1 v\u00e1lt.<\/p>\n<p class=\"isSelectedEnd\" style=\"text-align: justify;\">A folytat\u00e1sban azonban a dorogiak h\u00e1rom egym\u00e1st k\u00f6vet\u0151 m\u00e9rk\u0151z\u00e9s\u00fcket is megnyert\u00e9k, \u00edgy a Savaria elleni 2\u20130-s gy\u0151zelem m\u00e1r matematikailag is bajnoki c\u00edmet \u00e9s feljut\u00e1st jelentett sz\u00e1mukra. Az 1971. j\u00fanius 27-\u00e9n megrendezett utols\u00f3 fordul\u00f3ban ez\u00e9rt m\u00e1r nem tudtak ugyanazzal a koncentr\u00e1ci\u00f3val p\u00e1ly\u00e1ra l\u00e9pni, \u00e9s 2\u20131-es veres\u00e9get szenvedtek P\u00e1p\u00e1n.<\/p>\n<p><img loading=\"lazy\" decoding=\"async\" class=\"aligncenter wp-image-81447 \" src=\"https:\/\/dorogimedence.hu\/wp-content\/uploads\/2026\/06\/71_6.jpg\" alt=\"\" width=\"747\" height=\"424\" srcset=\"https:\/\/dorogimedence.hu\/wp-content\/uploads\/2026\/06\/71_6.jpg 402w, https:\/\/dorogimedence.hu\/wp-content\/uploads\/2026\/06\/71_6-150x85.jpg 150w\" sizes=\"(max-width: 747px) 100vw, 747px\" \/><\/p>\n<p class=\"isSelectedEnd\" style=\"text-align: center;\"><span style=\"font-size: 10pt;\"><em>Korabeli beharangoz\u00f3 a mindent eld\u00f6nt\u0151 m\u00e9rk\u0151z\u00e9s el\u0151tt<\/em><\/span><\/p>\n<p class=\"isSelectedEnd\" style=\"text-align: justify;\">Az utols\u00f3 fordul\u00f3ban elszenvedett veres\u00e9g ellen\u00e9re a Dorogi B\u00e1ny\u00e1sz h\u00e1rom pont el\u0151nnyel nyerte meg a bajnoks\u00e1got a Szeksz\u00e1rd el\u0151tt. A bronz\u00e9rmes a P\u00e9csi \u00c9rcb\u00e1ny\u00e1sz lett, m\u00edg a Gy\u0151ri D\u00f3zsa a negyedik helyen v\u00e9gzett. \u00c9rdekess\u00e9g, hogy a m\u00e1sik p\u00e9csi egy\u00fcttes, a P\u00e9csi B\u00e1ny\u00e1sz kiesett, \u00e9s ugyanez a sors jutott \u2013 nem kis meglepet\u00e9sre \u2013 a Kaposv\u00e1ri R\u00e1k\u00f3czinak is.<\/p>\n<p class=\"isSelectedEnd\" style=\"text-align: justify;\">A dorogiak teljes\u00edtm\u00e9nye \u00f6nmag\u00e1\u00e9rt besz\u00e9lt: 30 bajnoki m\u00e9rk\u0151z\u00e9sen 20 gy\u0151zelmet arattak, 4 d\u00f6ntetlent \u00e9rtek el \u00e9s 6 alkalommal szenvedtek veres\u00e9get. G\u00f3lar\u00e1nyuk 61:21 volt.<\/p>\n<p><img loading=\"lazy\" decoding=\"async\" class=\"aligncenter wp-image-81444 size-full\" src=\"https:\/\/dorogimedence.hu\/wp-content\/uploads\/2026\/06\/71_5.jpg\" alt=\"\" width=\"766\" height=\"648\" srcset=\"https:\/\/dorogimedence.hu\/wp-content\/uploads\/2026\/06\/71_5.jpg 766w, https:\/\/dorogimedence.hu\/wp-content\/uploads\/2026\/06\/71_5-600x508.jpg 600w, https:\/\/dorogimedence.hu\/wp-content\/uploads\/2026\/06\/71_5-150x127.jpg 150w, https:\/\/dorogimedence.hu\/wp-content\/uploads\/2026\/06\/71_5-450x381.jpg 450w\" sizes=\"(max-width: 766px) 100vw, 766px\" \/><\/p>\n<p class=\"isSelectedEnd\" style=\"text-align: center;\"><em><span style=\"font-size: 10pt;\">A megyei \u00fajs\u00e1g 1971. j\u00fanius 22-i sz\u00e1m\u00e1nak legfontosabb h\u00edre<\/span><\/em><\/p>\n<p class=\"isSelectedEnd\" style=\"text-align: justify;\">Dorogon nagy \u00f6r\u00f6mmel fogadt\u00e1k a sikert, hiszen h\u00e1rom \u00e9s f\u00e9l id\u00e9ny ut\u00e1n ism\u00e9t magasabb oszt\u00e1lyban szerepelhetett a csapat. Horv\u00e1th Istv\u00e1n teljes\u00edtm\u00e9nye k\u00fcl\u00f6n eml\u00edt\u00e9st \u00e9rdemel. B\u00e1r Ilku Istv\u00e1n sz\u00fcks\u00e9g eset\u00e9n bevethet\u0151 lett volna, a tartal\u00e9k kapus, Pilcz Istv\u00e1n pedig v\u00e9gig rendelkez\u00e9sre \u00e1llt, a teljes id\u00e9ny sor\u00e1n Horv\u00e1th \u0151rizte a kaput. R\u00e1ad\u00e1sul kiv\u00e1l\u00f3 teljes\u00edtm\u00e9nyt ny\u00fajtott: 13 m\u00e9rk\u0151z\u00e9sen nem kapott g\u00f3lt. Egyetlen eml\u00e9kezetes hib\u00e1ja a Gy\u0151ri D\u00f3zsa elleni idegenbeli tal\u00e1lkoz\u00f3n esett \u00f6ng\u00f3l volt, amely az 1\u20131-es v\u00e9geredm\u00e9nyt eredm\u00e9nyezte.<\/p>\n<p class=\"isSelectedEnd\">\u00c9rdekess\u00e9g, hogy a csapat mindh\u00e1rom kapusa az Istv\u00e1n keresztnevet viselte.<\/p>\n<p class=\"isSelectedEnd\">A h\u00e1zi g\u00f3lkir\u00e1ly Peszeki Jen\u0151 lett 19 tal\u00e1lattal. \u0150t Vir\u00e1g P\u00e1l \u00e9s R\u00e1tvai Istv\u00e1n k\u00f6vette egyar\u00e1nt 11 g\u00f3llal.<\/p>\n<p class=\"isSelectedEnd\" style=\"text-align: center;\"><strong>A Dorogi B\u00e1ny\u00e1sz bajnokcsapata:<\/strong><\/p>\n<p class=\"isSelectedEnd\" style=\"text-align: justify;\">Aspir\u00e1ny Ferenc, Bartalos J\u00f3zsef, Berecz J\u00f3zsef, Bred\u00e1n Viktor, Cs\u00f3ri L\u00e1szl\u00f3, Gabala Ferenc, Halm\u00e1gyi P\u00e9ter, Horv\u00e1th Istv\u00e1n, Horv\u00e1th P\u00e9ter, Ilku Istv\u00e1n, Kiss Rudolf, Peszeki Jen\u0151, Pilcz Istv\u00e1n, Pusztai Ede, R\u00e1tvai Istv\u00e1n, So\u00f3s L\u00e1szl\u00f3, Tak\u00e1cs Tibor, T\u00f3th Gyula, Vir\u00e1g P\u00e1l.<\/p>\n<p class=\"isSelectedEnd\">Vezet\u0151edz\u0151: H\u00e1ry L\u00e1szl\u00f3; p\u00e1lyaedz\u0151: Varga J\u00e1nos.<\/p>\n<p><img loading=\"lazy\" decoding=\"async\" class=\"aligncenter wp-image-81488 size-full\" src=\"https:\/\/dorogimedence.hu\/wp-content\/uploads\/2026\/06\/71_11.jpg\" alt=\"\" width=\"1278\" height=\"1034\" srcset=\"https:\/\/dorogimedence.hu\/wp-content\/uploads\/2026\/06\/71_11.jpg 1278w, https:\/\/dorogimedence.hu\/wp-content\/uploads\/2026\/06\/71_11-600x485.jpg 600w, https:\/\/dorogimedence.hu\/wp-content\/uploads\/2026\/06\/71_11-768x621.jpg 768w, https:\/\/dorogimedence.hu\/wp-content\/uploads\/2026\/06\/71_11-150x121.jpg 150w, https:\/\/dorogimedence.hu\/wp-content\/uploads\/2026\/06\/71_11-450x364.jpg 450w, https:\/\/dorogimedence.hu\/wp-content\/uploads\/2026\/06\/71_11-1200x971.jpg 1200w\" sizes=\"(max-width: 1278px) 100vw, 1278px\" \/><\/p>\n<p style=\"text-align: center;\"><span style=\"font-size: 10pt;\"><em>A bajnokcsapat m\u00e9ltat\u00e1sa a megyei \u00fajs\u00e1gban<\/em><\/span><\/p>\n<p class=\"isSelectedEnd\" style=\"text-align: justify;\">Nagy lelkesed\u00e9ssel \u00e9s bizakodva v\u00e1rta minden dorogi szimpatiz\u00e1ns a magasabb oszt\u00e1lyban t\u00f6rt\u00e9n\u0151 szerepl\u00e9st. Akkor azonban m\u00e9g kevesen sejtett\u00e9k, hogy a m\u00e1sodoszt\u00e1ly csup\u00e1n ugr\u00f3deszk\u00e1t jelent majd a csapat sz\u00e1m\u00e1ra, amely k\u00e9t \u00e9vvel k\u00e9s\u0151bb ism\u00e9t az \u00e9lvonalban szerepelhetett.<\/p>\n<p class=\"isSelectedEnd\"><span style=\"text-decoration: underline;\"><em>Bor\u00edt\u00f3k\u00e9p<\/em><\/span>: A bajnok dorogi csapat tabl\u00f3ja<\/p>\n<p style=\"text-align: justify;\">Fot\u00f3mell\u00e9klet: A cikkben szerepl\u0151 valamennyi k\u00e9p a Kom\u00e1rom megyei Dolgoz\u00f3k Lapj\u00e1nak 1970\u20131971-es sz\u00e1maib\u00f3l sz\u00e1rmaznak.<\/p>\n<p style=\"text-align: justify;\">Megjegyz\u00e9s: A korabeli sajt\u00f3ban gyakran el\u0151fordult, hogy egy-egy sportol\u00f3 nev\u00e9t elt\u00e9r\u0151 form\u00e1ban \u00edrt\u00e1k. A jelen cikkben szerepl\u0151 nevek azonban minden esetben a hivatalos \u00e9s helyes alakjukban szerepelnek. Ennek megfelel\u0151en n\u00e9hol az \u00fajs\u00e1gmell\u00e9kletben \u00e9s \u00e9vk\u00f6nyvekben olvashat\u00f3 H\u00e1ri n\u00e9vv\u00e1ltozat helyett a H\u00e1ry, m\u00edg a Vir\u00e1gh forma helyett a Vir\u00e1g tekintend\u0151 helyesnek.<\/p>\n<p style=\"text-align: justify;\">K\u00fcl\u00f6n k\u00f6sz\u00f6net Menyh\u00e1rt Csaba r\u00e9sz\u00e9re az eredeti cikkek p\u00f3tl\u00e1s\u00e1\u00e9rt, amelyek az arch\u00edvumunkb\u00f3l kor\u00e1bban t\u00f6rl\u0151dtek, valamint Reg\u0151s L\u00e1szl\u00f3nak H\u00e1ry L\u00e1szl\u00f3 nev\u00e9nek a helyes haszn\u00e1lat\u00e1nak a meger\u0151s\u00edt\u00e9s\u00e9ben.<\/p>\n<p><em><strong>Szab\u00f3 Gyula<\/strong><\/em><\/p>\n","protected":false},"excerpt":{"rendered":"<p>\u00d6t \u00e9s f\u00e9l \u00e9vtizeddel ezel\u0151tt a Dorog 1923, 1939 \u00e9s 1944 ut\u00e1n imm\u00e1r negyedszer nyerte meg a harmadoszt\u00e1ly\u00fa bajnoks\u00e1got. Az 1971-ben megszerzett arany\u00e9rem nemcsak feljut\u00e1st \u00e9rt, hanem egy olyan felemelked\u00e9s kezdet\u00e9t is jelentette, amely k\u00e9t \u00e9vvel k\u00e9s\u0151bb ism\u00e9t az \u00e9lvonalba vezette a csapatot (Az \u00f6t \u00e9vvel ezel\u0151tti cikkem friss\u00edtett, b\u0151v\u00edtett v\u00e1ltozata). A hatvanas \u00e9vek m\u00e1sodik<\/p>\n","protected":false},"author":4,"featured_media":81325,"comment_status":"closed","ping_status":"closed","sticky":false,"template":"","format":"standard","meta":{"ngg_post_thumbnail":0,"footnotes":""},"categories":[2,3,6031,5],"tags":[],"class_list":["post-81257","post","type-post","status-publish","format-standard","has-post-thumbnail","category-dorog","category-hirek","category-kerek-evfordulok","category-sport"],"yoast_head":"<!-- This site is optimized with the Yoast SEO plugin v28.3 - https:\/\/yoast.com\/product\/yoast-seo-wordpress\/ -->\n<title>55 \u00e9ve t\u00f6rt\u00e9nt: Bajnoki c\u00edmet nyert \u00e9s az NB I\/B-be jutott a Dorogi B\u00e1ny\u00e1sz labdar\u00fag\u00f3csapata<\/title>\n<meta name=\"robots\" content=\"index, follow, max-snippet:-1, max-image-preview:large, max-video-preview:-1\" \/>\n<link rel=\"canonical\" href=\"https:\/\/dorogimedence.hu\/index.php\/2026\/06\/28\/55-eve-tortent-bajnoki-cimet-nyert-es-az-nb-i-b-be-jutott-a-dorogi-banyasz-labdarugocsapata\/\" class=\"yoast-seo-meta-tag\" \/>\n<meta property=\"og:locale\" content=\"hu_HU\" class=\"yoast-seo-meta-tag\" \/>\n<meta property=\"og:type\" content=\"article\" class=\"yoast-seo-meta-tag\" \/>\n<meta property=\"og:title\" content=\"55 \u00e9ve t\u00f6rt\u00e9nt: Bajnoki c\u00edmet nyert \u00e9s az NB I\/B-be jutott a Dorogi B\u00e1ny\u00e1sz labdar\u00fag\u00f3csapata\" class=\"yoast-seo-meta-tag\" \/>\n<meta property=\"og:description\" content=\"\u00d6t \u00e9s f\u00e9l \u00e9vtizeddel ezel\u0151tt a Dorog 1923, 1939 \u00e9s 1944 ut\u00e1n imm\u00e1r negyedszer nyerte meg a harmadoszt\u00e1ly\u00fa bajnoks\u00e1got. Az 1971-ben megszerzett arany\u00e9rem nemcsak feljut\u00e1st \u00e9rt, hanem egy olyan felemelked\u00e9s kezdet\u00e9t is jelentette, amely k\u00e9t \u00e9vvel k\u00e9s\u0151bb ism\u00e9t az \u00e9lvonalba vezette a csapatot (Az \u00f6t \u00e9vvel ezel\u0151tti cikkem friss\u00edtett, b\u0151v\u00edtett v\u00e1ltozata). A hatvanas \u00e9vek m\u00e1sodik\" class=\"yoast-seo-meta-tag\" \/>\n<meta property=\"og:url\" content=\"https:\/\/dorogimedence.hu\/index.php\/2026\/06\/28\/55-eve-tortent-bajnoki-cimet-nyert-es-az-nb-i-b-be-jutott-a-dorogi-banyasz-labdarugocsapata\/\" class=\"yoast-seo-meta-tag\" \/>\n<meta property=\"og:site_name\" content=\"Dorogi-medence Region\u00e1lis H\u00edrport\u00e1l\" class=\"yoast-seo-meta-tag\" \/>\n<meta property=\"article:publisher\" content=\"https:\/\/www.facebook.com\/dorogimedence\/\" class=\"yoast-seo-meta-tag\" \/>\n<meta property=\"article:published_time\" content=\"2026-06-28T05:33:31+00:00\" class=\"yoast-seo-meta-tag\" \/>\n<meta property=\"article:modified_time\" content=\"2026-06-29T02:48:40+00:00\" class=\"yoast-seo-meta-tag\" \/>\n<meta property=\"og:image\" content=\"https:\/\/dorogimedence.hu\/wp-content\/uploads\/2026\/06\/dorog-bajnokcsapat-1971.jpg\" class=\"yoast-seo-meta-tag\" \/>\n\t<meta property=\"og:image:width\" content=\"1920\" class=\"yoast-seo-meta-tag\" \/>\n\t<meta property=\"og:image:height\" content=\"970\" class=\"yoast-seo-meta-tag\" \/>\n\t<meta property=\"og:image:type\" content=\"image\/jpeg\" class=\"yoast-seo-meta-tag\" \/>\n<meta name=\"author\" content=\"Szab\u00f3 Gyula\" class=\"yoast-seo-meta-tag\" \/>\n<meta name=\"twitter:card\" content=\"summary_large_image\" class=\"yoast-seo-meta-tag\" \/>\n<meta name=\"twitter:label1\" content=\"Szerz\u0151:\" class=\"yoast-seo-meta-tag\" \/>\n\t<meta name=\"twitter:data1\" content=\"Szab\u00f3 Gyula\" class=\"yoast-seo-meta-tag\" \/>\n\t<meta name=\"twitter:label2\" content=\"Becs\u00fclt olvas\u00e1si id\u0151\" class=\"yoast-seo-meta-tag\" \/>\n\t<meta name=\"twitter:data2\" content=\"10 perc\" class=\"yoast-seo-meta-tag\" \/>\n<script type=\"application\/ld+json\" class=\"yoast-schema-graph\">{\"@context\":\"https:\\\/\\\/schema.org\",\"@graph\":[{\"@type\":\"Article\",\"@id\":\"https:\\\/\\\/dorogimedence.hu\\\/index.php\\\/2026\\\/06\\\/28\\\/55-eve-tortent-bajnoki-cimet-nyert-es-az-nb-i-b-be-jutott-a-dorogi-banyasz-labdarugocsapata\\\/#article\",\"isPartOf\":{\"@id\":\"https:\\\/\\\/dorogimedence.hu\\\/index.php\\\/2026\\\/06\\\/28\\\/55-eve-tortent-bajnoki-cimet-nyert-es-az-nb-i-b-be-jutott-a-dorogi-banyasz-labdarugocsapata\\\/\"},\"author\":{\"name\":\"Szab\u00f3 Gyula\",\"@id\":\"https:\\\/\\\/dorogimedence.hu\\\/#\\\/schema\\\/person\\\/76605e8151ec1b7376385cd184ede973\"},\"headline\":\"55 \u00e9ve t\u00f6rt\u00e9nt: Bajnoki c\u00edmet nyert \u00e9s az NB I\\\/B-be jutott a Dorogi B\u00e1ny\u00e1sz labdar\u00fag\u00f3csapata\",\"datePublished\":\"2026-06-28T05:33:31+00:00\",\"dateModified\":\"2026-06-29T02:48:40+00:00\",\"mainEntityOfPage\":{\"@id\":\"https:\\\/\\\/dorogimedence.hu\\\/index.php\\\/2026\\\/06\\\/28\\\/55-eve-tortent-bajnoki-cimet-nyert-es-az-nb-i-b-be-jutott-a-dorogi-banyasz-labdarugocsapata\\\/\"},\"wordCount\":2082,\"publisher\":{\"@id\":\"https:\\\/\\\/dorogimedence.hu\\\/#organization\"},\"image\":{\"@id\":\"https:\\\/\\\/dorogimedence.hu\\\/index.php\\\/2026\\\/06\\\/28\\\/55-eve-tortent-bajnoki-cimet-nyert-es-az-nb-i-b-be-jutott-a-dorogi-banyasz-labdarugocsapata\\\/#primaryimage\"},\"thumbnailUrl\":\"https:\\\/\\\/dorogimedence.hu\\\/wp-content\\\/uploads\\\/2026\\\/06\\\/dorog-bajnokcsapat-1971.jpg\",\"articleSection\":[\"Dorog\",\"H\u00edrek\",\"Kerek \u00e9vfordul\u00f3k\",\"Sport\"],\"inLanguage\":\"hu\"},{\"@type\":\"WebPage\",\"@id\":\"https:\\\/\\\/dorogimedence.hu\\\/index.php\\\/2026\\\/06\\\/28\\\/55-eve-tortent-bajnoki-cimet-nyert-es-az-nb-i-b-be-jutott-a-dorogi-banyasz-labdarugocsapata\\\/\",\"url\":\"https:\\\/\\\/dorogimedence.hu\\\/index.php\\\/2026\\\/06\\\/28\\\/55-eve-tortent-bajnoki-cimet-nyert-es-az-nb-i-b-be-jutott-a-dorogi-banyasz-labdarugocsapata\\\/\",\"name\":\"55 \u00e9ve t\u00f6rt\u00e9nt: Bajnoki c\u00edmet nyert \u00e9s az NB I\\\/B-be jutott a Dorogi B\u00e1ny\u00e1sz labdar\u00fag\u00f3csapata\",\"isPartOf\":{\"@id\":\"https:\\\/\\\/dorogimedence.hu\\\/#website\"},\"primaryImageOfPage\":{\"@id\":\"https:\\\/\\\/dorogimedence.hu\\\/index.php\\\/2026\\\/06\\\/28\\\/55-eve-tortent-bajnoki-cimet-nyert-es-az-nb-i-b-be-jutott-a-dorogi-banyasz-labdarugocsapata\\\/#primaryimage\"},\"image\":{\"@id\":\"https:\\\/\\\/dorogimedence.hu\\\/index.php\\\/2026\\\/06\\\/28\\\/55-eve-tortent-bajnoki-cimet-nyert-es-az-nb-i-b-be-jutott-a-dorogi-banyasz-labdarugocsapata\\\/#primaryimage\"},\"thumbnailUrl\":\"https:\\\/\\\/dorogimedence.hu\\\/wp-content\\\/uploads\\\/2026\\\/06\\\/dorog-bajnokcsapat-1971.jpg\",\"datePublished\":\"2026-06-28T05:33:31+00:00\",\"dateModified\":\"2026-06-29T02:48:40+00:00\",\"breadcrumb\":{\"@id\":\"https:\\\/\\\/dorogimedence.hu\\\/index.php\\\/2026\\\/06\\\/28\\\/55-eve-tortent-bajnoki-cimet-nyert-es-az-nb-i-b-be-jutott-a-dorogi-banyasz-labdarugocsapata\\\/#breadcrumb\"},\"inLanguage\":\"hu\",\"potentialAction\":[{\"@type\":\"ReadAction\",\"target\":[\"https:\\\/\\\/dorogimedence.hu\\\/index.php\\\/2026\\\/06\\\/28\\\/55-eve-tortent-bajnoki-cimet-nyert-es-az-nb-i-b-be-jutott-a-dorogi-banyasz-labdarugocsapata\\\/\"]}]},{\"@type\":\"ImageObject\",\"inLanguage\":\"hu\",\"@id\":\"https:\\\/\\\/dorogimedence.hu\\\/index.php\\\/2026\\\/06\\\/28\\\/55-eve-tortent-bajnoki-cimet-nyert-es-az-nb-i-b-be-jutott-a-dorogi-banyasz-labdarugocsapata\\\/#primaryimage\",\"url\":\"https:\\\/\\\/dorogimedence.hu\\\/wp-content\\\/uploads\\\/2026\\\/06\\\/dorog-bajnokcsapat-1971.jpg\",\"contentUrl\":\"https:\\\/\\\/dorogimedence.hu\\\/wp-content\\\/uploads\\\/2026\\\/06\\\/dorog-bajnokcsapat-1971.jpg\",\"width\":1920,\"height\":970},{\"@type\":\"BreadcrumbList\",\"@id\":\"https:\\\/\\\/dorogimedence.hu\\\/index.php\\\/2026\\\/06\\\/28\\\/55-eve-tortent-bajnoki-cimet-nyert-es-az-nb-i-b-be-jutott-a-dorogi-banyasz-labdarugocsapata\\\/#breadcrumb\",\"itemListElement\":[{\"@type\":\"ListItem\",\"position\":1,\"name\":\"Kezd\u0151lap\",\"item\":\"https:\\\/\\\/dorogimedence.hu\\\/\"},{\"@type\":\"ListItem\",\"position\":2,\"name\":\"55 \u00e9ve t\u00f6rt\u00e9nt: Bajnoki c\u00edmet nyert \u00e9s az NB I\\\/B-be jutott a Dorogi B\u00e1ny\u00e1sz labdar\u00fag\u00f3csapata\"}]},{\"@type\":\"WebSite\",\"@id\":\"https:\\\/\\\/dorogimedence.hu\\\/#website\",\"url\":\"https:\\\/\\\/dorogimedence.hu\\\/\",\"name\":\"Dorogi-medence Region\u00e1lis H\u00edrport\u00e1l\",\"description\":\"Dorog, Keszt\u00f6lc, Le\u00e1nyv\u00e1r, Piliscs\u00e9v, Tokod, Tokodalt\u00e1r\u00f3, Csolnok, Esztergom-kertv\u00e1ros: h\u00edrek, programok\",\"publisher\":{\"@id\":\"https:\\\/\\\/dorogimedence.hu\\\/#organization\"},\"potentialAction\":[{\"@type\":\"SearchAction\",\"target\":{\"@type\":\"EntryPoint\",\"urlTemplate\":\"https:\\\/\\\/dorogimedence.hu\\\/?s={search_term_string}\"},\"query-input\":{\"@type\":\"PropertyValueSpecification\",\"valueRequired\":true,\"valueName\":\"search_term_string\"}}],\"inLanguage\":\"hu\"},{\"@type\":\"Organization\",\"@id\":\"https:\\\/\\\/dorogimedence.hu\\\/#organization\",\"name\":\"Dorogi-medence Region\u00e1lis H\u00edrport\u00e1l\",\"url\":\"https:\\\/\\\/dorogimedence.hu\\\/\",\"logo\":{\"@type\":\"ImageObject\",\"inLanguage\":\"hu\",\"@id\":\"https:\\\/\\\/dorogimedence.hu\\\/#\\\/schema\\\/logo\\\/image\\\/\",\"url\":\"https:\\\/\\\/dorogimedence.hu\\\/wp-content\\\/uploads\\\/2021\\\/04\\\/logo-feher-600.png\",\"contentUrl\":\"https:\\\/\\\/dorogimedence.hu\\\/wp-content\\\/uploads\\\/2021\\\/04\\\/logo-feher-600.png\",\"width\":600,\"height\":100,\"caption\":\"Dorogi-medence Region\u00e1lis H\u00edrport\u00e1l\"},\"image\":{\"@id\":\"https:\\\/\\\/dorogimedence.hu\\\/#\\\/schema\\\/logo\\\/image\\\/\"},\"sameAs\":[\"https:\\\/\\\/www.facebook.com\\\/dorogimedence\\\/\"]},{\"@type\":\"Person\",\"@id\":\"https:\\\/\\\/dorogimedence.hu\\\/#\\\/schema\\\/person\\\/76605e8151ec1b7376385cd184ede973\",\"name\":\"Szab\u00f3 Gyula\",\"image\":{\"@type\":\"ImageObject\",\"inLanguage\":\"hu\",\"@id\":\"\\\/\\\/www.gravatar.com\\\/avatar\\\/3e44b6fb2ef9bcea3639958cc2a587cb?s=96&#038;r=g&#038;d=mm\",\"url\":\"\\\/\\\/www.gravatar.com\\\/avatar\\\/3e44b6fb2ef9bcea3639958cc2a587cb?s=96&#038;r=g&#038;d=mm\",\"contentUrl\":\"\\\/\\\/www.gravatar.com\\\/avatar\\\/3e44b6fb2ef9bcea3639958cc2a587cb?s=96&#038;r=g&#038;d=mm\",\"caption\":\"Szab\u00f3 Gyula\"}}]}<\/script>\n<!-- \/ Yoast SEO plugin. -->","yoast_head_json":{"title":"55 \u00e9ve t\u00f6rt\u00e9nt: Bajnoki c\u00edmet nyert \u00e9s az NB I\/B-be jutott a Dorogi B\u00e1ny\u00e1sz labdar\u00fag\u00f3csapata","robots":{"index":"index","follow":"follow","max-snippet":"max-snippet:-1","max-image-preview":"max-image-preview:large","max-video-preview":"max-video-preview:-1"},"canonical":"https:\/\/dorogimedence.hu\/index.php\/2026\/06\/28\/55-eve-tortent-bajnoki-cimet-nyert-es-az-nb-i-b-be-jutott-a-dorogi-banyasz-labdarugocsapata\/","og_locale":"hu_HU","og_type":"article","og_title":"55 \u00e9ve t\u00f6rt\u00e9nt: Bajnoki c\u00edmet nyert \u00e9s az NB I\/B-be jutott a Dorogi B\u00e1ny\u00e1sz labdar\u00fag\u00f3csapata","og_description":"\u00d6t \u00e9s f\u00e9l \u00e9vtizeddel ezel\u0151tt a Dorog 1923, 1939 \u00e9s 1944 ut\u00e1n imm\u00e1r negyedszer nyerte meg a harmadoszt\u00e1ly\u00fa bajnoks\u00e1got. Az 1971-ben megszerzett arany\u00e9rem nemcsak feljut\u00e1st \u00e9rt, hanem egy olyan felemelked\u00e9s kezdet\u00e9t is jelentette, amely k\u00e9t \u00e9vvel k\u00e9s\u0151bb ism\u00e9t az \u00e9lvonalba vezette a csapatot (Az \u00f6t \u00e9vvel ezel\u0151tti cikkem friss\u00edtett, b\u0151v\u00edtett v\u00e1ltozata). A hatvanas \u00e9vek m\u00e1sodik","og_url":"https:\/\/dorogimedence.hu\/index.php\/2026\/06\/28\/55-eve-tortent-bajnoki-cimet-nyert-es-az-nb-i-b-be-jutott-a-dorogi-banyasz-labdarugocsapata\/","og_site_name":"Dorogi-medence Region\u00e1lis H\u00edrport\u00e1l","article_publisher":"https:\/\/www.facebook.com\/dorogimedence\/","article_published_time":"2026-06-28T05:33:31+00:00","article_modified_time":"2026-06-29T02:48:40+00:00","og_image":[{"width":1920,"height":970,"url":"https:\/\/dorogimedence.hu\/wp-content\/uploads\/2026\/06\/dorog-bajnokcsapat-1971.jpg","type":"image\/jpeg"}],"author":"Szab\u00f3 Gyula","twitter_card":"summary_large_image","twitter_misc":{"Szerz\u0151:":"Szab\u00f3 Gyula","Becs\u00fclt olvas\u00e1si id\u0151":"10 perc"},"schema":{"@context":"https:\/\/schema.org","@graph":[{"@type":"Article","@id":"https:\/\/dorogimedence.hu\/index.php\/2026\/06\/28\/55-eve-tortent-bajnoki-cimet-nyert-es-az-nb-i-b-be-jutott-a-dorogi-banyasz-labdarugocsapata\/#article","isPartOf":{"@id":"https:\/\/dorogimedence.hu\/index.php\/2026\/06\/28\/55-eve-tortent-bajnoki-cimet-nyert-es-az-nb-i-b-be-jutott-a-dorogi-banyasz-labdarugocsapata\/"},"author":{"name":"Szab\u00f3 Gyula","@id":"https:\/\/dorogimedence.hu\/#\/schema\/person\/76605e8151ec1b7376385cd184ede973"},"headline":"55 \u00e9ve t\u00f6rt\u00e9nt: Bajnoki c\u00edmet nyert \u00e9s az NB I\/B-be jutott a Dorogi B\u00e1ny\u00e1sz labdar\u00fag\u00f3csapata","datePublished":"2026-06-28T05:33:31+00:00","dateModified":"2026-06-29T02:48:40+00:00","mainEntityOfPage":{"@id":"https:\/\/dorogimedence.hu\/index.php\/2026\/06\/28\/55-eve-tortent-bajnoki-cimet-nyert-es-az-nb-i-b-be-jutott-a-dorogi-banyasz-labdarugocsapata\/"},"wordCount":2082,"publisher":{"@id":"https:\/\/dorogimedence.hu\/#organization"},"image":{"@id":"https:\/\/dorogimedence.hu\/index.php\/2026\/06\/28\/55-eve-tortent-bajnoki-cimet-nyert-es-az-nb-i-b-be-jutott-a-dorogi-banyasz-labdarugocsapata\/#primaryimage"},"thumbnailUrl":"https:\/\/dorogimedence.hu\/wp-content\/uploads\/2026\/06\/dorog-bajnokcsapat-1971.jpg","articleSection":["Dorog","H\u00edrek","Kerek \u00e9vfordul\u00f3k","Sport"],"inLanguage":"hu"},{"@type":"WebPage","@id":"https:\/\/dorogimedence.hu\/index.php\/2026\/06\/28\/55-eve-tortent-bajnoki-cimet-nyert-es-az-nb-i-b-be-jutott-a-dorogi-banyasz-labdarugocsapata\/","url":"https:\/\/dorogimedence.hu\/index.php\/2026\/06\/28\/55-eve-tortent-bajnoki-cimet-nyert-es-az-nb-i-b-be-jutott-a-dorogi-banyasz-labdarugocsapata\/","name":"55 \u00e9ve t\u00f6rt\u00e9nt: Bajnoki c\u00edmet nyert \u00e9s az NB I\/B-be jutott a Dorogi B\u00e1ny\u00e1sz labdar\u00fag\u00f3csapata","isPartOf":{"@id":"https:\/\/dorogimedence.hu\/#website"},"primaryImageOfPage":{"@id":"https:\/\/dorogimedence.hu\/index.php\/2026\/06\/28\/55-eve-tortent-bajnoki-cimet-nyert-es-az-nb-i-b-be-jutott-a-dorogi-banyasz-labdarugocsapata\/#primaryimage"},"image":{"@id":"https:\/\/dorogimedence.hu\/index.php\/2026\/06\/28\/55-eve-tortent-bajnoki-cimet-nyert-es-az-nb-i-b-be-jutott-a-dorogi-banyasz-labdarugocsapata\/#primaryimage"},"thumbnailUrl":"https:\/\/dorogimedence.hu\/wp-content\/uploads\/2026\/06\/dorog-bajnokcsapat-1971.jpg","datePublished":"2026-06-28T05:33:31+00:00","dateModified":"2026-06-29T02:48:40+00:00","breadcrumb":{"@id":"https:\/\/dorogimedence.hu\/index.php\/2026\/06\/28\/55-eve-tortent-bajnoki-cimet-nyert-es-az-nb-i-b-be-jutott-a-dorogi-banyasz-labdarugocsapata\/#breadcrumb"},"inLanguage":"hu","potentialAction":[{"@type":"ReadAction","target":["https:\/\/dorogimedence.hu\/index.php\/2026\/06\/28\/55-eve-tortent-bajnoki-cimet-nyert-es-az-nb-i-b-be-jutott-a-dorogi-banyasz-labdarugocsapata\/"]}]},{"@type":"ImageObject","inLanguage":"hu","@id":"https:\/\/dorogimedence.hu\/index.php\/2026\/06\/28\/55-eve-tortent-bajnoki-cimet-nyert-es-az-nb-i-b-be-jutott-a-dorogi-banyasz-labdarugocsapata\/#primaryimage","url":"https:\/\/dorogimedence.hu\/wp-content\/uploads\/2026\/06\/dorog-bajnokcsapat-1971.jpg","contentUrl":"https:\/\/dorogimedence.hu\/wp-content\/uploads\/2026\/06\/dorog-bajnokcsapat-1971.jpg","width":1920,"height":970},{"@type":"BreadcrumbList","@id":"https:\/\/dorogimedence.hu\/index.php\/2026\/06\/28\/55-eve-tortent-bajnoki-cimet-nyert-es-az-nb-i-b-be-jutott-a-dorogi-banyasz-labdarugocsapata\/#breadcrumb","itemListElement":[{"@type":"ListItem","position":1,"name":"Kezd\u0151lap","item":"https:\/\/dorogimedence.hu\/"},{"@type":"ListItem","position":2,"name":"55 \u00e9ve t\u00f6rt\u00e9nt: Bajnoki c\u00edmet nyert \u00e9s az NB I\/B-be jutott a Dorogi B\u00e1ny\u00e1sz labdar\u00fag\u00f3csapata"}]},{"@type":"WebSite","@id":"https:\/\/dorogimedence.hu\/#website","url":"https:\/\/dorogimedence.hu\/","name":"Dorogi-medence Region\u00e1lis H\u00edrport\u00e1l","description":"Dorog, Keszt\u00f6lc, Le\u00e1nyv\u00e1r, Piliscs\u00e9v, Tokod, Tokodalt\u00e1r\u00f3, Csolnok, Esztergom-kertv\u00e1ros: h\u00edrek, programok","publisher":{"@id":"https:\/\/dorogimedence.hu\/#organization"},"potentialAction":[{"@type":"SearchAction","target":{"@type":"EntryPoint","urlTemplate":"https:\/\/dorogimedence.hu\/?s={search_term_string}"},"query-input":{"@type":"PropertyValueSpecification","valueRequired":true,"valueName":"search_term_string"}}],"inLanguage":"hu"},{"@type":"Organization","@id":"https:\/\/dorogimedence.hu\/#organization","name":"Dorogi-medence Region\u00e1lis H\u00edrport\u00e1l","url":"https:\/\/dorogimedence.hu\/","logo":{"@type":"ImageObject","inLanguage":"hu","@id":"https:\/\/dorogimedence.hu\/#\/schema\/logo\/image\/","url":"https:\/\/dorogimedence.hu\/wp-content\/uploads\/2021\/04\/logo-feher-600.png","contentUrl":"https:\/\/dorogimedence.hu\/wp-content\/uploads\/2021\/04\/logo-feher-600.png","width":600,"height":100,"caption":"Dorogi-medence Region\u00e1lis H\u00edrport\u00e1l"},"image":{"@id":"https:\/\/dorogimedence.hu\/#\/schema\/logo\/image\/"},"sameAs":["https:\/\/www.facebook.com\/dorogimedence\/"]},{"@type":"Person","@id":"https:\/\/dorogimedence.hu\/#\/schema\/person\/76605e8151ec1b7376385cd184ede973","name":"Szab\u00f3 Gyula","image":{"@type":"ImageObject","inLanguage":"hu","@id":"\/\/www.gravatar.com\/avatar\/3e44b6fb2ef9bcea3639958cc2a587cb?s=96&#038;r=g&#038;d=mm","url":"\/\/www.gravatar.com\/avatar\/3e44b6fb2ef9bcea3639958cc2a587cb?s=96&#038;r=g&#038;d=mm","contentUrl":"\/\/www.gravatar.com\/avatar\/3e44b6fb2ef9bcea3639958cc2a587cb?s=96&#038;r=g&#038;d=mm","caption":"Szab\u00f3 Gyula"}}]}},"_links":{"self":[{"href":"https:\/\/dorogimedence.hu\/index.php\/wp-json\/wp\/v2\/posts\/81257","targetHints":{"allow":["GET"]}}],"collection":[{"href":"https:\/\/dorogimedence.hu\/index.php\/wp-json\/wp\/v2\/posts"}],"about":[{"href":"https:\/\/dorogimedence.hu\/index.php\/wp-json\/wp\/v2\/types\/post"}],"author":[{"embeddable":true,"href":"https:\/\/dorogimedence.hu\/index.php\/wp-json\/wp\/v2\/users\/4"}],"replies":[{"embeddable":true,"href":"https:\/\/dorogimedence.hu\/index.php\/wp-json\/wp\/v2\/comments?post=81257"}],"version-history":[{"count":12,"href":"https:\/\/dorogimedence.hu\/index.php\/wp-json\/wp\/v2\/posts\/81257\/revisions"}],"predecessor-version":[{"id":81560,"href":"https:\/\/dorogimedence.hu\/index.php\/wp-json\/wp\/v2\/posts\/81257\/revisions\/81560"}],"wp:featuredmedia":[{"embeddable":true,"href":"https:\/\/dorogimedence.hu\/index.php\/wp-json\/wp\/v2\/media\/81325"}],"wp:attachment":[{"href":"https:\/\/dorogimedence.hu\/index.php\/wp-json\/wp\/v2\/media?parent=81257"}],"wp:term":[{"taxonomy":"category","embeddable":true,"href":"https:\/\/dorogimedence.hu\/index.php\/wp-json\/wp\/v2\/categories?post=81257"},{"taxonomy":"post_tag","embeddable":true,"href":"https:\/\/dorogimedence.hu\/index.php\/wp-json\/wp\/v2\/tags?post=81257"}],"curies":[{"name":"wp","href":"https:\/\/api.w.org\/{rel}","templated":true}]}}