{"id":81240,"date":"2026-06-19T16:05:28","date_gmt":"2026-06-19T14:05:28","guid":{"rendered":"https:\/\/dorogimedence.hu\/?p=81240"},"modified":"2026-06-19T16:05:28","modified_gmt":"2026-06-19T14:05:28","slug":"elhunyt-dr-bona-gabor-tortenesz","status":"publish","type":"post","link":"https:\/\/dorogimedence.hu\/index.php\/2026\/06\/19\/elhunyt-dr-bona-gabor-tortenesz\/","title":{"rendered":"Elhunyt dr. Bona G\u00e1bor t\u00f6rt\u00e9n\u00e9sz"},"content":{"rendered":"<p><strong>M\u00e9ly megrend\u00fcl\u00e9ssel b\u00facs\u00fazik <a href=\"https:\/\/www.facebook.com\/dorogvarosonkormanyzata\/posts\/pfbid032qq1fTcaASJPc3YesZ1yqKNc3TWcJDMT8PxDHcyujsZ5o6zGqg1J2S5LaG1V8kYul\" target=\"_blank\" rel=\"noopener\"><span style=\"text-decoration: underline; color: #0000ff;\">Dorog V\u00e1ros \u00d6nkorm\u00e1nyzata<\/span><\/a> dr. Bona G\u00e1bort\u00f3l, a Pro Urbe-d\u00edjas t\u00f6rt\u00e9n\u00e9szt\u0151l, aki tudom\u00e1nyos munk\u00e1ss\u00e1g\u00e1val, k\u00f6z\u00e9leti szerepv\u00e1llal\u00e1s\u00e1val \u00e9s a v\u00e1roshoz val\u00f3 elk\u00f6telezetts\u00e9g\u00e9vel maradand\u00f3 nyomot hagyott a telep\u00fcl\u00e9s \u00e9let\u00e9ben.<\/strong><\/p>\n<p>Dr. Bona G\u00e1bor 1948. december 13-\u00e1n sz\u00fcletett Budapesten. A Debreceni Kossuth Lajos Tudom\u00e1nyegyetemen szerzett t\u00f6rt\u00e9nelem\u2013f\u00f6ldrajz szakos diplom\u00e1t 1973-ban, majd a Hadt\u00f6rt\u00e9neti Int\u00e9zetben kezdte p\u00e1lyafut\u00e1s\u00e1t. Tudom\u00e1nyos kutat\u00e1sainak k\u00f6z\u00e9ppontj\u00e1ban az 1848\u201349-es forradalom \u00e9s szabads\u00e1gharc t\u00f6rt\u00e9nete \u00e1llt, amelynek egyik legismertebb \u00e9s legelismertebb kutat\u00f3ja lett Magyarorsz\u00e1gon.<\/p>\n<p>1978-ban doktor\u00e1lt, 1986-ban kandid\u00e1tusi fokozatot szerzett. P\u00e1lyafut\u00e1sa sor\u00e1n sz\u00e1mos jelent\u0151s tiszts\u00e9get t\u00f6lt\u00f6tt be: volt a Hadt\u00f6rt\u00e9neti K\u00f6zlem\u00e9nyek f\u0151szerkeszt\u0151je, a b\u00e9csi Hadilev\u00e9lt\u00e1r magyar lev\u00e9lt\u00e1ri deleg\u00e1ci\u00f3j\u00e1nak vezet\u0151je, k\u00e9s\u0151bb pedig a Hadt\u00f6rt\u00e9neti Int\u00e9zet igazgat\u00f3ja \u00e9s f\u0151igazgat\u00f3-helyettese. Tudom\u00e1nyos munk\u00e1ss\u00e1g\u00e1t 2000-ben az MTA doktora c\u00edmmel ismert\u00e9k el.<\/p>\n<p>Az oktat\u00e1sban is meghat\u00e1roz\u00f3 szerepet v\u00e1llalt. A Miskolci Egyetem \u00daj- \u00e9s Leg\u00fajabb kori Magyar T\u00f6rt\u00e9nelem Tansz\u00e9k\u00e9n docensk\u00e9nt, majd professzork\u00e9nt oktatott, 2007-t\u0151l tansz\u00e9kvezet\u0151 egyetemi tan\u00e1rk\u00e9nt dolgozott.<\/p>\n<h3>T\u00f6bb mint \u00f6t \u00e9vtized Dorogon<\/h3>\n<p>Dr. Bona G\u00e1bor 1972 \u00f3ta \u00e9lt csal\u00e1dj\u00e1val Dorogon. Nemcsak tud\u00f3sk\u00e9nt, hanem akt\u00edv k\u00f6z\u00e9leti szerepl\u0151k\u00e9nt is sokat tett a v\u00e1ros\u00e9rt. Volt tan\u00e1cstag, hossz\u00fa \u00e9veken \u00e1t vezette Dorog V\u00e1ros Kultur\u00e1lis K\u00f6zalap\u00edtv\u00e1ny\u00e1nak kurat\u00f3rium\u00e1t, r\u00e9szt vett a helyi kultur\u00e1lis \u00e9let szervez\u00e9s\u00e9ben, valamint tagja volt a Dorog V\u00e1ros Bar\u00e1tai Egyes\u00fclet\u00e9nek is.<\/p>\n<p>Nev\u00e9hez f\u0171z\u0151dik t\u00f6bb jelent\u0151s t\u00f6rt\u00e9nelmi rendezv\u00e9ny \u00e9s konferencia megszervez\u00e9se. Kiemelked\u0151 esem\u00e9ny volt az 1848\u201349-es szabads\u00e1gharc 150. \u00e9vfordul\u00f3ja alkalm\u00e1b\u00f3l, 1998-ban megrendezett nagyszab\u00e1s\u00fa t\u00f6rt\u00e9nelmi konferencia a Megb\u00e9k\u00e9l\u00e9s Napj\u00e1n.<\/p>\n<h3>A sport\u00e9letben is szerepet v\u00e1llalt<\/h3>\n<p>A t\u00f6rt\u00e9n\u00e9sz a helyi sport\u00e9let t\u00e1mogat\u00e1s\u00e1b\u00f3l is kivette a r\u00e9sz\u00e9t. 1999-ben fi\u00e1val, Bona G\u00e1bor Gerg\u0151vel k\u00f6z\u00f6sen alap\u00edtotta meg a Dorogi K\u00e9zilabda Klubot, amelynek els\u0151 eln\u00f6ke volt.<\/p>\n<h3>Pro Urbe-d\u00edjjal ismert\u00e9k el munk\u00e1ss\u00e1g\u00e1t<\/h3>\n<p>Dorog V\u00e1ros \u00d6nkorm\u00e1nyzat\u00e1nak K\u00e9pvisel\u0151-test\u00fclete 1999-ben Pro Urbe d\u00edjjal t\u00fcntette ki a v\u00e1ros \u00e9rdek\u00e9ben v\u00e9gzett kiemelked\u0151 k\u00f6z\u00e9leti \u00e9s tudom\u00e1nyos tev\u00e9kenys\u00e9g\u00e9\u00e9rt.<\/p>\n<p>Dr. Bona G\u00e1bor sz\u00e1mos k\u00f6nyv, tanulm\u00e1ny \u00e9s tudom\u00e1nyos publik\u00e1ci\u00f3 szerz\u0151je volt, el\u0151ad\u00e1sai \u00e9s kutat\u00e1sai gener\u00e1ci\u00f3k sz\u00e1m\u00e1ra tett\u00e9k \u00e9rthet\u0151bb\u00e9 \u00e9s \u00e1t\u00e9lhet\u0151bb\u00e9 a magyar t\u00f6rt\u00e9nelem egyik legfontosabb korszak\u00e1t.<\/p>\n<p>Dorog v\u00e1rosa egy kiv\u00e1l\u00f3 tud\u00f3st, k\u00f6z\u00e9leti szem\u00e9lyis\u00e9get \u00e9s elk\u00f6telezett lok\u00e1lpatri\u00f3t\u00e1t vesz\u00edtett el szem\u00e9ly\u00e9ben.<\/p>\n<p>Eml\u00e9k\u00e9t tisztelettel meg\u0151rizz\u00fck.<\/p>\n<p><em>Bor\u00edt\u00f3k\u00e9p: Wikipedia<\/em><\/p>\n","protected":false},"excerpt":{"rendered":"<p>M\u00e9ly megrend\u00fcl\u00e9ssel b\u00facs\u00fazik Dorog V\u00e1ros \u00d6nkorm\u00e1nyzata dr. Bona G\u00e1bort\u00f3l, a Pro Urbe-d\u00edjas t\u00f6rt\u00e9n\u00e9szt\u0151l, aki tudom\u00e1nyos munk\u00e1ss\u00e1g\u00e1val, k\u00f6z\u00e9leti szerepv\u00e1llal\u00e1s\u00e1val \u00e9s a v\u00e1roshoz val\u00f3 elk\u00f6telezetts\u00e9g\u00e9vel maradand\u00f3 nyomot hagyott a telep\u00fcl\u00e9s \u00e9let\u00e9ben. Dr. Bona G\u00e1bor 1948. december 13-\u00e1n sz\u00fcletett Budapesten. A Debreceni Kossuth Lajos Tudom\u00e1nyegyetemen szerzett t\u00f6rt\u00e9nelem\u2013f\u00f6ldrajz szakos diplom\u00e1t 1973-ban, majd a Hadt\u00f6rt\u00e9neti Int\u00e9zetben kezdte p\u00e1lyafut\u00e1s\u00e1t. Tudom\u00e1nyos kutat\u00e1sainak<\/p>\n","protected":false},"author":1,"featured_media":81241,"comment_status":"closed","ping_status":"closed","sticky":false,"template":"","format":"standard","meta":{"ngg_post_thumbnail":0,"footnotes":""},"categories":[2,3],"tags":[2315,15,1691],"class_list":["post-81240","post","type-post","status-publish","format-standard","has-post-thumbnail","category-dorog","category-hirek","tag-bona-gabor","tag-dorog","tag-gyaszhir"],"yoast_head":"<!-- This site is optimized with the Yoast SEO plugin v28.3 - https:\/\/yoast.com\/product\/yoast-seo-wordpress\/ -->\n<title>Elhunyt dr. Bona G\u00e1bor t\u00f6rt\u00e9n\u00e9sz<\/title>\n<meta name=\"robots\" content=\"index, follow, max-snippet:-1, max-image-preview:large, max-video-preview:-1\" \/>\n<link rel=\"canonical\" href=\"https:\/\/dorogimedence.hu\/index.php\/2026\/06\/19\/elhunyt-dr-bona-gabor-tortenesz\/\" class=\"yoast-seo-meta-tag\" \/>\n<meta property=\"og:locale\" content=\"hu_HU\" class=\"yoast-seo-meta-tag\" \/>\n<meta property=\"og:type\" content=\"article\" class=\"yoast-seo-meta-tag\" \/>\n<meta property=\"og:title\" content=\"Elhunyt dr. Bona G\u00e1bor t\u00f6rt\u00e9n\u00e9sz\" class=\"yoast-seo-meta-tag\" \/>\n<meta property=\"og:description\" content=\"M\u00e9ly megrend\u00fcl\u00e9ssel b\u00facs\u00fazik Dorog V\u00e1ros \u00d6nkorm\u00e1nyzata dr. Bona G\u00e1bort\u00f3l, a Pro Urbe-d\u00edjas t\u00f6rt\u00e9n\u00e9szt\u0151l, aki tudom\u00e1nyos munk\u00e1ss\u00e1g\u00e1val, k\u00f6z\u00e9leti szerepv\u00e1llal\u00e1s\u00e1val \u00e9s a v\u00e1roshoz val\u00f3 elk\u00f6telezetts\u00e9g\u00e9vel maradand\u00f3 nyomot hagyott a telep\u00fcl\u00e9s \u00e9let\u00e9ben. Dr. Bona G\u00e1bor 1948. december 13-\u00e1n sz\u00fcletett Budapesten. A Debreceni Kossuth Lajos Tudom\u00e1nyegyetemen szerzett t\u00f6rt\u00e9nelem\u2013f\u00f6ldrajz szakos diplom\u00e1t 1973-ban, majd a Hadt\u00f6rt\u00e9neti Int\u00e9zetben kezdte p\u00e1lyafut\u00e1s\u00e1t. Tudom\u00e1nyos kutat\u00e1sainak\" class=\"yoast-seo-meta-tag\" \/>\n<meta property=\"og:url\" content=\"https:\/\/dorogimedence.hu\/index.php\/2026\/06\/19\/elhunyt-dr-bona-gabor-tortenesz\/\" class=\"yoast-seo-meta-tag\" \/>\n<meta property=\"og:site_name\" content=\"Dorogi-medence Region\u00e1lis H\u00edrport\u00e1l\" class=\"yoast-seo-meta-tag\" \/>\n<meta property=\"article:publisher\" content=\"https:\/\/www.facebook.com\/dorogimedence\/\" class=\"yoast-seo-meta-tag\" \/>\n<meta property=\"article:published_time\" content=\"2026-06-19T14:05:28+00:00\" class=\"yoast-seo-meta-tag\" \/>\n<meta property=\"og:image\" content=\"https:\/\/dorogimedence.hu\/wp-content\/uploads\/2026\/06\/bona-gabor.jpg\" class=\"yoast-seo-meta-tag\" \/>\n\t<meta property=\"og:image:width\" content=\"911\" class=\"yoast-seo-meta-tag\" \/>\n\t<meta property=\"og:image:height\" content=\"460\" class=\"yoast-seo-meta-tag\" \/>\n\t<meta property=\"og:image:type\" content=\"image\/jpeg\" class=\"yoast-seo-meta-tag\" \/>\n<meta name=\"author\" content=\"dorogimedence.hu\" class=\"yoast-seo-meta-tag\" \/>\n<meta name=\"twitter:card\" content=\"summary_large_image\" class=\"yoast-seo-meta-tag\" \/>\n<meta name=\"twitter:label1\" content=\"Szerz\u0151:\" class=\"yoast-seo-meta-tag\" \/>\n\t<meta name=\"twitter:data1\" content=\"dorogimedence.hu\" class=\"yoast-seo-meta-tag\" \/>\n\t<meta name=\"twitter:label2\" content=\"Becs\u00fclt olvas\u00e1si id\u0151\" class=\"yoast-seo-meta-tag\" \/>\n\t<meta name=\"twitter:data2\" content=\"3 perc\" class=\"yoast-seo-meta-tag\" \/>\n<script type=\"application\/ld+json\" class=\"yoast-schema-graph\">{\"@context\":\"https:\\\/\\\/schema.org\",\"@graph\":[{\"@type\":\"Article\",\"@id\":\"https:\\\/\\\/dorogimedence.hu\\\/index.php\\\/2026\\\/06\\\/19\\\/elhunyt-dr-bona-gabor-tortenesz\\\/#article\",\"isPartOf\":{\"@id\":\"https:\\\/\\\/dorogimedence.hu\\\/index.php\\\/2026\\\/06\\\/19\\\/elhunyt-dr-bona-gabor-tortenesz\\\/\"},\"author\":{\"name\":\"dorogimedence.hu\",\"@id\":\"https:\\\/\\\/dorogimedence.hu\\\/#\\\/schema\\\/person\\\/ce6091eeb7e95ecdc87890d6aa8e0fd4\"},\"headline\":\"Elhunyt dr. Bona G\u00e1bor t\u00f6rt\u00e9n\u00e9sz\",\"datePublished\":\"2026-06-19T14:05:28+00:00\",\"mainEntityOfPage\":{\"@id\":\"https:\\\/\\\/dorogimedence.hu\\\/index.php\\\/2026\\\/06\\\/19\\\/elhunyt-dr-bona-gabor-tortenesz\\\/\"},\"wordCount\":563,\"publisher\":{\"@id\":\"https:\\\/\\\/dorogimedence.hu\\\/#organization\"},\"image\":{\"@id\":\"https:\\\/\\\/dorogimedence.hu\\\/index.php\\\/2026\\\/06\\\/19\\\/elhunyt-dr-bona-gabor-tortenesz\\\/#primaryimage\"},\"thumbnailUrl\":\"https:\\\/\\\/dorogimedence.hu\\\/wp-content\\\/uploads\\\/2026\\\/06\\\/bona-gabor.jpg\",\"keywords\":[\"Bona G\u00e1bor\",\"Dorog\",\"gy\u00e1szh\u00edr\"],\"articleSection\":[\"Dorog\",\"H\u00edrek\"],\"inLanguage\":\"hu\"},{\"@type\":\"WebPage\",\"@id\":\"https:\\\/\\\/dorogimedence.hu\\\/index.php\\\/2026\\\/06\\\/19\\\/elhunyt-dr-bona-gabor-tortenesz\\\/\",\"url\":\"https:\\\/\\\/dorogimedence.hu\\\/index.php\\\/2026\\\/06\\\/19\\\/elhunyt-dr-bona-gabor-tortenesz\\\/\",\"name\":\"Elhunyt dr. Bona G\u00e1bor t\u00f6rt\u00e9n\u00e9sz\",\"isPartOf\":{\"@id\":\"https:\\\/\\\/dorogimedence.hu\\\/#website\"},\"primaryImageOfPage\":{\"@id\":\"https:\\\/\\\/dorogimedence.hu\\\/index.php\\\/2026\\\/06\\\/19\\\/elhunyt-dr-bona-gabor-tortenesz\\\/#primaryimage\"},\"image\":{\"@id\":\"https:\\\/\\\/dorogimedence.hu\\\/index.php\\\/2026\\\/06\\\/19\\\/elhunyt-dr-bona-gabor-tortenesz\\\/#primaryimage\"},\"thumbnailUrl\":\"https:\\\/\\\/dorogimedence.hu\\\/wp-content\\\/uploads\\\/2026\\\/06\\\/bona-gabor.jpg\",\"datePublished\":\"2026-06-19T14:05:28+00:00\",\"breadcrumb\":{\"@id\":\"https:\\\/\\\/dorogimedence.hu\\\/index.php\\\/2026\\\/06\\\/19\\\/elhunyt-dr-bona-gabor-tortenesz\\\/#breadcrumb\"},\"inLanguage\":\"hu\",\"potentialAction\":[{\"@type\":\"ReadAction\",\"target\":[\"https:\\\/\\\/dorogimedence.hu\\\/index.php\\\/2026\\\/06\\\/19\\\/elhunyt-dr-bona-gabor-tortenesz\\\/\"]}]},{\"@type\":\"ImageObject\",\"inLanguage\":\"hu\",\"@id\":\"https:\\\/\\\/dorogimedence.hu\\\/index.php\\\/2026\\\/06\\\/19\\\/elhunyt-dr-bona-gabor-tortenesz\\\/#primaryimage\",\"url\":\"https:\\\/\\\/dorogimedence.hu\\\/wp-content\\\/uploads\\\/2026\\\/06\\\/bona-gabor.jpg\",\"contentUrl\":\"https:\\\/\\\/dorogimedence.hu\\\/wp-content\\\/uploads\\\/2026\\\/06\\\/bona-gabor.jpg\",\"width\":911,\"height\":460},{\"@type\":\"BreadcrumbList\",\"@id\":\"https:\\\/\\\/dorogimedence.hu\\\/index.php\\\/2026\\\/06\\\/19\\\/elhunyt-dr-bona-gabor-tortenesz\\\/#breadcrumb\",\"itemListElement\":[{\"@type\":\"ListItem\",\"position\":1,\"name\":\"Kezd\u0151lap\",\"item\":\"https:\\\/\\\/dorogimedence.hu\\\/\"},{\"@type\":\"ListItem\",\"position\":2,\"name\":\"Elhunyt dr. Bona G\u00e1bor t\u00f6rt\u00e9n\u00e9sz\"}]},{\"@type\":\"WebSite\",\"@id\":\"https:\\\/\\\/dorogimedence.hu\\\/#website\",\"url\":\"https:\\\/\\\/dorogimedence.hu\\\/\",\"name\":\"Dorogi-medence Region\u00e1lis H\u00edrport\u00e1l\",\"description\":\"Dorog, Keszt\u00f6lc, Le\u00e1nyv\u00e1r, Piliscs\u00e9v, Tokod, Tokodalt\u00e1r\u00f3, Csolnok, Esztergom-kertv\u00e1ros: h\u00edrek, programok\",\"publisher\":{\"@id\":\"https:\\\/\\\/dorogimedence.hu\\\/#organization\"},\"potentialAction\":[{\"@type\":\"SearchAction\",\"target\":{\"@type\":\"EntryPoint\",\"urlTemplate\":\"https:\\\/\\\/dorogimedence.hu\\\/?s={search_term_string}\"},\"query-input\":{\"@type\":\"PropertyValueSpecification\",\"valueRequired\":true,\"valueName\":\"search_term_string\"}}],\"inLanguage\":\"hu\"},{\"@type\":\"Organization\",\"@id\":\"https:\\\/\\\/dorogimedence.hu\\\/#organization\",\"name\":\"Dorogi-medence Region\u00e1lis H\u00edrport\u00e1l\",\"url\":\"https:\\\/\\\/dorogimedence.hu\\\/\",\"logo\":{\"@type\":\"ImageObject\",\"inLanguage\":\"hu\",\"@id\":\"https:\\\/\\\/dorogimedence.hu\\\/#\\\/schema\\\/logo\\\/image\\\/\",\"url\":\"https:\\\/\\\/dorogimedence.hu\\\/wp-content\\\/uploads\\\/2021\\\/04\\\/logo-feher-600.png\",\"contentUrl\":\"https:\\\/\\\/dorogimedence.hu\\\/wp-content\\\/uploads\\\/2021\\\/04\\\/logo-feher-600.png\",\"width\":600,\"height\":100,\"caption\":\"Dorogi-medence Region\u00e1lis H\u00edrport\u00e1l\"},\"image\":{\"@id\":\"https:\\\/\\\/dorogimedence.hu\\\/#\\\/schema\\\/logo\\\/image\\\/\"},\"sameAs\":[\"https:\\\/\\\/www.facebook.com\\\/dorogimedence\\\/\"]},{\"@type\":\"Person\",\"@id\":\"https:\\\/\\\/dorogimedence.hu\\\/#\\\/schema\\\/person\\\/ce6091eeb7e95ecdc87890d6aa8e0fd4\",\"name\":\"dorogimedence.hu\",\"image\":{\"@type\":\"ImageObject\",\"inLanguage\":\"hu\",\"@id\":\"\\\/\\\/www.gravatar.com\\\/avatar\\\/d8d45f8901aadff40a4af72c0b826f1d?s=96&#038;r=g&#038;d=mm\",\"url\":\"\\\/\\\/www.gravatar.com\\\/avatar\\\/d8d45f8901aadff40a4af72c0b826f1d?s=96&#038;r=g&#038;d=mm\",\"contentUrl\":\"\\\/\\\/www.gravatar.com\\\/avatar\\\/d8d45f8901aadff40a4af72c0b826f1d?s=96&#038;r=g&#038;d=mm\",\"caption\":\"dorogimedence.hu\"}}]}<\/script>\n<!-- \/ Yoast SEO plugin. -->","yoast_head_json":{"title":"Elhunyt dr. Bona G\u00e1bor t\u00f6rt\u00e9n\u00e9sz","robots":{"index":"index","follow":"follow","max-snippet":"max-snippet:-1","max-image-preview":"max-image-preview:large","max-video-preview":"max-video-preview:-1"},"canonical":"https:\/\/dorogimedence.hu\/index.php\/2026\/06\/19\/elhunyt-dr-bona-gabor-tortenesz\/","og_locale":"hu_HU","og_type":"article","og_title":"Elhunyt dr. Bona G\u00e1bor t\u00f6rt\u00e9n\u00e9sz","og_description":"M\u00e9ly megrend\u00fcl\u00e9ssel b\u00facs\u00fazik Dorog V\u00e1ros \u00d6nkorm\u00e1nyzata dr. Bona G\u00e1bort\u00f3l, a Pro Urbe-d\u00edjas t\u00f6rt\u00e9n\u00e9szt\u0151l, aki tudom\u00e1nyos munk\u00e1ss\u00e1g\u00e1val, k\u00f6z\u00e9leti szerepv\u00e1llal\u00e1s\u00e1val \u00e9s a v\u00e1roshoz val\u00f3 elk\u00f6telezetts\u00e9g\u00e9vel maradand\u00f3 nyomot hagyott a telep\u00fcl\u00e9s \u00e9let\u00e9ben. Dr. Bona G\u00e1bor 1948. december 13-\u00e1n sz\u00fcletett Budapesten. A Debreceni Kossuth Lajos Tudom\u00e1nyegyetemen szerzett t\u00f6rt\u00e9nelem\u2013f\u00f6ldrajz szakos diplom\u00e1t 1973-ban, majd a Hadt\u00f6rt\u00e9neti Int\u00e9zetben kezdte p\u00e1lyafut\u00e1s\u00e1t. Tudom\u00e1nyos kutat\u00e1sainak","og_url":"https:\/\/dorogimedence.hu\/index.php\/2026\/06\/19\/elhunyt-dr-bona-gabor-tortenesz\/","og_site_name":"Dorogi-medence Region\u00e1lis H\u00edrport\u00e1l","article_publisher":"https:\/\/www.facebook.com\/dorogimedence\/","article_published_time":"2026-06-19T14:05:28+00:00","og_image":[{"width":911,"height":460,"url":"https:\/\/dorogimedence.hu\/wp-content\/uploads\/2026\/06\/bona-gabor.jpg","type":"image\/jpeg"}],"author":"dorogimedence.hu","twitter_card":"summary_large_image","twitter_misc":{"Szerz\u0151:":"dorogimedence.hu","Becs\u00fclt olvas\u00e1si id\u0151":"3 perc"},"schema":{"@context":"https:\/\/schema.org","@graph":[{"@type":"Article","@id":"https:\/\/dorogimedence.hu\/index.php\/2026\/06\/19\/elhunyt-dr-bona-gabor-tortenesz\/#article","isPartOf":{"@id":"https:\/\/dorogimedence.hu\/index.php\/2026\/06\/19\/elhunyt-dr-bona-gabor-tortenesz\/"},"author":{"name":"dorogimedence.hu","@id":"https:\/\/dorogimedence.hu\/#\/schema\/person\/ce6091eeb7e95ecdc87890d6aa8e0fd4"},"headline":"Elhunyt dr. Bona G\u00e1bor t\u00f6rt\u00e9n\u00e9sz","datePublished":"2026-06-19T14:05:28+00:00","mainEntityOfPage":{"@id":"https:\/\/dorogimedence.hu\/index.php\/2026\/06\/19\/elhunyt-dr-bona-gabor-tortenesz\/"},"wordCount":563,"publisher":{"@id":"https:\/\/dorogimedence.hu\/#organization"},"image":{"@id":"https:\/\/dorogimedence.hu\/index.php\/2026\/06\/19\/elhunyt-dr-bona-gabor-tortenesz\/#primaryimage"},"thumbnailUrl":"https:\/\/dorogimedence.hu\/wp-content\/uploads\/2026\/06\/bona-gabor.jpg","keywords":["Bona G\u00e1bor","Dorog","gy\u00e1szh\u00edr"],"articleSection":["Dorog","H\u00edrek"],"inLanguage":"hu"},{"@type":"WebPage","@id":"https:\/\/dorogimedence.hu\/index.php\/2026\/06\/19\/elhunyt-dr-bona-gabor-tortenesz\/","url":"https:\/\/dorogimedence.hu\/index.php\/2026\/06\/19\/elhunyt-dr-bona-gabor-tortenesz\/","name":"Elhunyt dr. Bona G\u00e1bor t\u00f6rt\u00e9n\u00e9sz","isPartOf":{"@id":"https:\/\/dorogimedence.hu\/#website"},"primaryImageOfPage":{"@id":"https:\/\/dorogimedence.hu\/index.php\/2026\/06\/19\/elhunyt-dr-bona-gabor-tortenesz\/#primaryimage"},"image":{"@id":"https:\/\/dorogimedence.hu\/index.php\/2026\/06\/19\/elhunyt-dr-bona-gabor-tortenesz\/#primaryimage"},"thumbnailUrl":"https:\/\/dorogimedence.hu\/wp-content\/uploads\/2026\/06\/bona-gabor.jpg","datePublished":"2026-06-19T14:05:28+00:00","breadcrumb":{"@id":"https:\/\/dorogimedence.hu\/index.php\/2026\/06\/19\/elhunyt-dr-bona-gabor-tortenesz\/#breadcrumb"},"inLanguage":"hu","potentialAction":[{"@type":"ReadAction","target":["https:\/\/dorogimedence.hu\/index.php\/2026\/06\/19\/elhunyt-dr-bona-gabor-tortenesz\/"]}]},{"@type":"ImageObject","inLanguage":"hu","@id":"https:\/\/dorogimedence.hu\/index.php\/2026\/06\/19\/elhunyt-dr-bona-gabor-tortenesz\/#primaryimage","url":"https:\/\/dorogimedence.hu\/wp-content\/uploads\/2026\/06\/bona-gabor.jpg","contentUrl":"https:\/\/dorogimedence.hu\/wp-content\/uploads\/2026\/06\/bona-gabor.jpg","width":911,"height":460},{"@type":"BreadcrumbList","@id":"https:\/\/dorogimedence.hu\/index.php\/2026\/06\/19\/elhunyt-dr-bona-gabor-tortenesz\/#breadcrumb","itemListElement":[{"@type":"ListItem","position":1,"name":"Kezd\u0151lap","item":"https:\/\/dorogimedence.hu\/"},{"@type":"ListItem","position":2,"name":"Elhunyt dr. Bona G\u00e1bor t\u00f6rt\u00e9n\u00e9sz"}]},{"@type":"WebSite","@id":"https:\/\/dorogimedence.hu\/#website","url":"https:\/\/dorogimedence.hu\/","name":"Dorogi-medence Region\u00e1lis H\u00edrport\u00e1l","description":"Dorog, Keszt\u00f6lc, Le\u00e1nyv\u00e1r, Piliscs\u00e9v, Tokod, Tokodalt\u00e1r\u00f3, Csolnok, Esztergom-kertv\u00e1ros: h\u00edrek, programok","publisher":{"@id":"https:\/\/dorogimedence.hu\/#organization"},"potentialAction":[{"@type":"SearchAction","target":{"@type":"EntryPoint","urlTemplate":"https:\/\/dorogimedence.hu\/?s={search_term_string}"},"query-input":{"@type":"PropertyValueSpecification","valueRequired":true,"valueName":"search_term_string"}}],"inLanguage":"hu"},{"@type":"Organization","@id":"https:\/\/dorogimedence.hu\/#organization","name":"Dorogi-medence Region\u00e1lis H\u00edrport\u00e1l","url":"https:\/\/dorogimedence.hu\/","logo":{"@type":"ImageObject","inLanguage":"hu","@id":"https:\/\/dorogimedence.hu\/#\/schema\/logo\/image\/","url":"https:\/\/dorogimedence.hu\/wp-content\/uploads\/2021\/04\/logo-feher-600.png","contentUrl":"https:\/\/dorogimedence.hu\/wp-content\/uploads\/2021\/04\/logo-feher-600.png","width":600,"height":100,"caption":"Dorogi-medence Region\u00e1lis H\u00edrport\u00e1l"},"image":{"@id":"https:\/\/dorogimedence.hu\/#\/schema\/logo\/image\/"},"sameAs":["https:\/\/www.facebook.com\/dorogimedence\/"]},{"@type":"Person","@id":"https:\/\/dorogimedence.hu\/#\/schema\/person\/ce6091eeb7e95ecdc87890d6aa8e0fd4","name":"dorogimedence.hu","image":{"@type":"ImageObject","inLanguage":"hu","@id":"\/\/www.gravatar.com\/avatar\/d8d45f8901aadff40a4af72c0b826f1d?s=96&#038;r=g&#038;d=mm","url":"\/\/www.gravatar.com\/avatar\/d8d45f8901aadff40a4af72c0b826f1d?s=96&#038;r=g&#038;d=mm","contentUrl":"\/\/www.gravatar.com\/avatar\/d8d45f8901aadff40a4af72c0b826f1d?s=96&#038;r=g&#038;d=mm","caption":"dorogimedence.hu"}}]}},"_links":{"self":[{"href":"https:\/\/dorogimedence.hu\/index.php\/wp-json\/wp\/v2\/posts\/81240","targetHints":{"allow":["GET"]}}],"collection":[{"href":"https:\/\/dorogimedence.hu\/index.php\/wp-json\/wp\/v2\/posts"}],"about":[{"href":"https:\/\/dorogimedence.hu\/index.php\/wp-json\/wp\/v2\/types\/post"}],"author":[{"embeddable":true,"href":"https:\/\/dorogimedence.hu\/index.php\/wp-json\/wp\/v2\/users\/1"}],"replies":[{"embeddable":true,"href":"https:\/\/dorogimedence.hu\/index.php\/wp-json\/wp\/v2\/comments?post=81240"}],"version-history":[{"count":1,"href":"https:\/\/dorogimedence.hu\/index.php\/wp-json\/wp\/v2\/posts\/81240\/revisions"}],"predecessor-version":[{"id":81242,"href":"https:\/\/dorogimedence.hu\/index.php\/wp-json\/wp\/v2\/posts\/81240\/revisions\/81242"}],"wp:featuredmedia":[{"embeddable":true,"href":"https:\/\/dorogimedence.hu\/index.php\/wp-json\/wp\/v2\/media\/81241"}],"wp:attachment":[{"href":"https:\/\/dorogimedence.hu\/index.php\/wp-json\/wp\/v2\/media?parent=81240"}],"wp:term":[{"taxonomy":"category","embeddable":true,"href":"https:\/\/dorogimedence.hu\/index.php\/wp-json\/wp\/v2\/categories?post=81240"},{"taxonomy":"post_tag","embeddable":true,"href":"https:\/\/dorogimedence.hu\/index.php\/wp-json\/wp\/v2\/tags?post=81240"}],"curies":[{"name":"wp","href":"https:\/\/api.w.org\/{rel}","templated":true}]}}