{"id":81224,"date":"2026-06-19T09:40:37","date_gmt":"2026-06-19T07:40:37","guid":{"rendered":"https:\/\/dorogimedence.hu\/?p=81224"},"modified":"2026-06-19T09:40:37","modified_gmt":"2026-06-19T07:40:37","slug":"tour-horizont-tobb-szaz-kerekparos-halad-at-dorogon-a-kovetkezo-napokban","status":"publish","type":"post","link":"https:\/\/dorogimedence.hu\/index.php\/2026\/06\/19\/tour-horizont-tobb-szaz-kerekparos-halad-at-dorogon-a-kovetkezo-napokban\/","title":{"rendered":"Tour Horizont: t\u00f6bb sz\u00e1z ker\u00e9kp\u00e1ros halad \u00e1t Dorogon a k\u00f6vetkez\u0151 napokban"},"content":{"rendered":"<p><strong>J\u00fanius 20. \u00e9s 26. k\u00f6z\u00f6tt rendezik meg els\u0151 alkalommal a Tour Horizont ker\u00e9kp\u00e1ros esem\u00e9nyt, amelynek r\u00e9sztvev\u0151i a Szentgotth\u00e1rd \u00e9s Budapest k\u00f6z\u00f6tti, k\u00f6zel 700 kilom\u00e9teres Horizont \u00fatvonalat teljes\u00edtik. A mez\u0151ny Dorogon is \u00e1thalad, \u00edgy a k\u00f6vetkez\u0151 napokban a megszokottn\u00e1l j\u00f3val t\u00f6bb ker\u00e9kp\u00e1rossal tal\u00e1lkozhatnak a helyiek.<\/strong><\/p>\n<p>A Tour Horizont a Horizont ker\u00e9kp\u00e1ros kalandt\u00fara hivatalos, \u00e9vente visszat\u00e9r\u0151 rendezv\u00e9nye, amelyet hagyom\u00e1nyteremt\u0151 c\u00e9llal ind\u00edtottak \u00fatj\u00e1ra a szervez\u0151k. Az els\u0151 esem\u00e9nyen 330 bring\u00e1s v\u00e1llalkozik a teljes t\u00e1v teljes\u00edt\u00e9s\u00e9re.<\/p>\n<p>A r\u00e9sztvev\u0151k nem egyszerre, nagy csoportban haladnak, hanem egy\u00e9nileg vagy kisebb t\u00e1rsas\u00e1gokban, saj\u00e1t temp\u00f3juk szerint teljes\u00edtik az \u00fatvonalat. Emiatt a ker\u00e9kp\u00e1rosok \u00e9rkez\u00e9se t\u00f6bb napon \u00e1t folyamatos lesz, \u00edgy a v\u00e1rosban nem egyetlen nagy mez\u0151nyre, hanem elsz\u00f3rtan \u00e9rkez\u0151 bring\u00e1sokra lehet sz\u00e1m\u00edtani.<\/p>\n<p>Dorog a t\u00fara \u00fatvonal\u00e1nak 630. kilom\u00e9ter\u00e9n\u00e9l tal\u00e1lhat\u00f3, \u00edgy a r\u00e9sztvev\u0151k ekkorra m\u00e1r jelent\u0151s t\u00e1vols\u00e1got tudnak maguk m\u00f6g\u00f6tt. A szervez\u0151k t\u00e1j\u00e9koztat\u00e1sa szerint az els\u0151 ker\u00e9kp\u00e1rosok v\u00e1rhat\u00f3an j\u00fanius 21-\u00e9n, vas\u00e1rnap 18 \u00f3ra k\u00f6r\u00fcl \u00e9rkeznek a v\u00e1rosba, m\u00edg a mez\u0151ny utols\u00f3 tagjai v\u00e1rhat\u00f3an j\u00fanius 26-\u00e1n, p\u00e9nteken d\u00e9lel\u0151tt haladnak \u00e1t Dorogon.<\/p>\n<p>A <span style=\"color: #0000ff;\"><a style=\"color: #0000ff;\" href=\"https:\/\/www.facebook.com\/dorogvarosonkormanyzata\/posts\/pfbid02K4ZkcToNaBer3roCPfSxiuDjihCDg9U8F47uo8Mhfk4eu8AAoB49jK3VYxUvzo2Ul\" target=\"_blank\" rel=\"noopener\"><span style=\"text-decoration: underline;\">v\u00e1rosvezet\u00e9s arra h\u00edvja fel a figyelmet<\/span><\/a><\/span>, hogy a ker\u00e9kp\u00e1ros turist\u00e1k fontos szerepl\u0151i a helyi turizmusnak \u00e9s vend\u00e9gl\u00e1t\u00e1snak. Az \u00faton l\u00e9v\u0151 sportol\u00f3k gyakran vesznek ig\u00e9nybe sz\u00e1ll\u00e1shelyeket, \u00e9ttermeket, k\u00e1v\u00e9z\u00f3kat \u00e9s \u00fczleteket, \u00edgy a helyi v\u00e1llalkoz\u00e1sok sz\u00e1m\u00e1ra is lehet\u0151s\u00e9get jelenthet az esem\u00e9ny.<\/p>\n<p>Az \u00f6nkorm\u00e1nyzat arra k\u00e9ri a dorogiakat, hogy fogadj\u00e1k szeretettel az \u00e1thalad\u00f3 ker\u00e9kp\u00e1rosokat. Egy-egy biztat\u00f3 sz\u00f3, integet\u00e9s vagy ak\u00e1r egy \u00fat menti \u00fczenet is sokat jelenthet a hossz\u00fa t\u00e1vot teljes\u00edt\u0151knek, \u00e9s hozz\u00e1j\u00e1rulhat ahhoz, hogy a v\u00e1ros j\u00f3 eml\u00e9kk\u00e9nt maradjon meg benn\u00fck.<\/p>\n<p><em>Bor\u00edt\u00f3k\u00e9p: illusztr\u00e1ci\u00f3 (ChatGPT &#8211; AI)<\/em><\/p>\n","protected":false},"excerpt":{"rendered":"<p>J\u00fanius 20. \u00e9s 26. k\u00f6z\u00f6tt rendezik meg els\u0151 alkalommal a Tour Horizont ker\u00e9kp\u00e1ros esem\u00e9nyt, amelynek r\u00e9sztvev\u0151i a Szentgotth\u00e1rd \u00e9s Budapest k\u00f6z\u00f6tti, k\u00f6zel 700 kilom\u00e9teres Horizont \u00fatvonalat teljes\u00edtik. A mez\u0151ny Dorogon is \u00e1thalad, \u00edgy a k\u00f6vetkez\u0151 napokban a megszokottn\u00e1l j\u00f3val t\u00f6bb ker\u00e9kp\u00e1rossal tal\u00e1lkozhatnak a helyiek. A Tour Horizont a Horizont ker\u00e9kp\u00e1ros kalandt\u00fara hivatalos, \u00e9vente visszat\u00e9r\u0151 rendezv\u00e9nye,<\/p>\n","protected":false},"author":1,"featured_media":81225,"comment_status":"closed","ping_status":"closed","sticky":false,"template":"","format":"standard","meta":{"ngg_post_thumbnail":0,"footnotes":""},"categories":[2,3],"tags":[15,134,16,8939,308],"class_list":["post-81224","post","type-post","status-publish","format-standard","has-post-thumbnail","category-dorog","category-hirek","tag-dorog","tag-kerekpar","tag-sport","tag-tour-horizont","tag-tura"],"yoast_head":"<!-- This site is optimized with the Yoast SEO plugin v28.3 - https:\/\/yoast.com\/product\/yoast-seo-wordpress\/ -->\n<title>Tour Horizont: t\u00f6bb sz\u00e1z ker\u00e9kp\u00e1ros halad \u00e1t Dorogon a k\u00f6vetkez\u0151 napokban<\/title>\n<meta name=\"robots\" content=\"index, follow, max-snippet:-1, max-image-preview:large, max-video-preview:-1\" \/>\n<link rel=\"canonical\" href=\"https:\/\/dorogimedence.hu\/index.php\/2026\/06\/19\/tour-horizont-tobb-szaz-kerekparos-halad-at-dorogon-a-kovetkezo-napokban\/\" class=\"yoast-seo-meta-tag\" \/>\n<meta property=\"og:locale\" content=\"hu_HU\" class=\"yoast-seo-meta-tag\" \/>\n<meta property=\"og:type\" content=\"article\" class=\"yoast-seo-meta-tag\" \/>\n<meta property=\"og:title\" content=\"Tour Horizont: t\u00f6bb sz\u00e1z ker\u00e9kp\u00e1ros halad \u00e1t Dorogon a k\u00f6vetkez\u0151 napokban\" class=\"yoast-seo-meta-tag\" \/>\n<meta property=\"og:description\" content=\"J\u00fanius 20. \u00e9s 26. k\u00f6z\u00f6tt rendezik meg els\u0151 alkalommal a Tour Horizont ker\u00e9kp\u00e1ros esem\u00e9nyt, amelynek r\u00e9sztvev\u0151i a Szentgotth\u00e1rd \u00e9s Budapest k\u00f6z\u00f6tti, k\u00f6zel 700 kilom\u00e9teres Horizont \u00fatvonalat teljes\u00edtik. A mez\u0151ny Dorogon is \u00e1thalad, \u00edgy a k\u00f6vetkez\u0151 napokban a megszokottn\u00e1l j\u00f3val t\u00f6bb ker\u00e9kp\u00e1rossal tal\u00e1lkozhatnak a helyiek. A Tour Horizont a Horizont ker\u00e9kp\u00e1ros kalandt\u00fara hivatalos, \u00e9vente visszat\u00e9r\u0151 rendezv\u00e9nye,\" class=\"yoast-seo-meta-tag\" \/>\n<meta property=\"og:url\" content=\"https:\/\/dorogimedence.hu\/index.php\/2026\/06\/19\/tour-horizont-tobb-szaz-kerekparos-halad-at-dorogon-a-kovetkezo-napokban\/\" class=\"yoast-seo-meta-tag\" \/>\n<meta property=\"og:site_name\" content=\"Dorogi-medence Region\u00e1lis H\u00edrport\u00e1l\" class=\"yoast-seo-meta-tag\" \/>\n<meta property=\"article:publisher\" content=\"https:\/\/www.facebook.com\/dorogimedence\/\" class=\"yoast-seo-meta-tag\" \/>\n<meta property=\"article:published_time\" content=\"2026-06-19T07:40:37+00:00\" class=\"yoast-seo-meta-tag\" \/>\n<meta property=\"og:image\" content=\"https:\/\/dorogimedence.hu\/wp-content\/uploads\/2026\/06\/ChatGPT-Image-2026.-jun.-19.-09_39_59.png\" class=\"yoast-seo-meta-tag\" \/>\n\t<meta property=\"og:image:width\" content=\"755\" class=\"yoast-seo-meta-tag\" \/>\n\t<meta property=\"og:image:height\" content=\"382\" class=\"yoast-seo-meta-tag\" \/>\n\t<meta property=\"og:image:type\" content=\"image\/png\" class=\"yoast-seo-meta-tag\" \/>\n<meta name=\"author\" content=\"dorogimedence.hu\" class=\"yoast-seo-meta-tag\" \/>\n<meta name=\"twitter:card\" content=\"summary_large_image\" class=\"yoast-seo-meta-tag\" \/>\n<meta name=\"twitter:label1\" content=\"Szerz\u0151:\" class=\"yoast-seo-meta-tag\" \/>\n\t<meta name=\"twitter:data1\" content=\"dorogimedence.hu\" class=\"yoast-seo-meta-tag\" \/>\n\t<meta name=\"twitter:label2\" content=\"Becs\u00fclt olvas\u00e1si id\u0151\" class=\"yoast-seo-meta-tag\" \/>\n\t<meta name=\"twitter:data2\" content=\"2 perc\" class=\"yoast-seo-meta-tag\" \/>\n<script type=\"application\/ld+json\" class=\"yoast-schema-graph\">{\"@context\":\"https:\\\/\\\/schema.org\",\"@graph\":[{\"@type\":\"Article\",\"@id\":\"https:\\\/\\\/dorogimedence.hu\\\/index.php\\\/2026\\\/06\\\/19\\\/tour-horizont-tobb-szaz-kerekparos-halad-at-dorogon-a-kovetkezo-napokban\\\/#article\",\"isPartOf\":{\"@id\":\"https:\\\/\\\/dorogimedence.hu\\\/index.php\\\/2026\\\/06\\\/19\\\/tour-horizont-tobb-szaz-kerekparos-halad-at-dorogon-a-kovetkezo-napokban\\\/\"},\"author\":{\"name\":\"dorogimedence.hu\",\"@id\":\"https:\\\/\\\/dorogimedence.hu\\\/#\\\/schema\\\/person\\\/ce6091eeb7e95ecdc87890d6aa8e0fd4\"},\"headline\":\"Tour Horizont: t\u00f6bb sz\u00e1z ker\u00e9kp\u00e1ros halad \u00e1t Dorogon a k\u00f6vetkez\u0151 napokban\",\"datePublished\":\"2026-06-19T07:40:37+00:00\",\"mainEntityOfPage\":{\"@id\":\"https:\\\/\\\/dorogimedence.hu\\\/index.php\\\/2026\\\/06\\\/19\\\/tour-horizont-tobb-szaz-kerekparos-halad-at-dorogon-a-kovetkezo-napokban\\\/\"},\"wordCount\":393,\"publisher\":{\"@id\":\"https:\\\/\\\/dorogimedence.hu\\\/#organization\"},\"image\":{\"@id\":\"https:\\\/\\\/dorogimedence.hu\\\/index.php\\\/2026\\\/06\\\/19\\\/tour-horizont-tobb-szaz-kerekparos-halad-at-dorogon-a-kovetkezo-napokban\\\/#primaryimage\"},\"thumbnailUrl\":\"https:\\\/\\\/dorogimedence.hu\\\/wp-content\\\/uploads\\\/2026\\\/06\\\/ChatGPT-Image-2026.-jun.-19.-09_39_59.png\",\"keywords\":[\"Dorog\",\"ker\u00e9kp\u00e1r\",\"sport\",\"Tour Horizont\",\"t\u00fara\"],\"articleSection\":[\"Dorog\",\"H\u00edrek\"],\"inLanguage\":\"hu\"},{\"@type\":\"WebPage\",\"@id\":\"https:\\\/\\\/dorogimedence.hu\\\/index.php\\\/2026\\\/06\\\/19\\\/tour-horizont-tobb-szaz-kerekparos-halad-at-dorogon-a-kovetkezo-napokban\\\/\",\"url\":\"https:\\\/\\\/dorogimedence.hu\\\/index.php\\\/2026\\\/06\\\/19\\\/tour-horizont-tobb-szaz-kerekparos-halad-at-dorogon-a-kovetkezo-napokban\\\/\",\"name\":\"Tour Horizont: t\u00f6bb sz\u00e1z ker\u00e9kp\u00e1ros halad \u00e1t Dorogon a k\u00f6vetkez\u0151 napokban\",\"isPartOf\":{\"@id\":\"https:\\\/\\\/dorogimedence.hu\\\/#website\"},\"primaryImageOfPage\":{\"@id\":\"https:\\\/\\\/dorogimedence.hu\\\/index.php\\\/2026\\\/06\\\/19\\\/tour-horizont-tobb-szaz-kerekparos-halad-at-dorogon-a-kovetkezo-napokban\\\/#primaryimage\"},\"image\":{\"@id\":\"https:\\\/\\\/dorogimedence.hu\\\/index.php\\\/2026\\\/06\\\/19\\\/tour-horizont-tobb-szaz-kerekparos-halad-at-dorogon-a-kovetkezo-napokban\\\/#primaryimage\"},\"thumbnailUrl\":\"https:\\\/\\\/dorogimedence.hu\\\/wp-content\\\/uploads\\\/2026\\\/06\\\/ChatGPT-Image-2026.-jun.-19.-09_39_59.png\",\"datePublished\":\"2026-06-19T07:40:37+00:00\",\"breadcrumb\":{\"@id\":\"https:\\\/\\\/dorogimedence.hu\\\/index.php\\\/2026\\\/06\\\/19\\\/tour-horizont-tobb-szaz-kerekparos-halad-at-dorogon-a-kovetkezo-napokban\\\/#breadcrumb\"},\"inLanguage\":\"hu\",\"potentialAction\":[{\"@type\":\"ReadAction\",\"target\":[\"https:\\\/\\\/dorogimedence.hu\\\/index.php\\\/2026\\\/06\\\/19\\\/tour-horizont-tobb-szaz-kerekparos-halad-at-dorogon-a-kovetkezo-napokban\\\/\"]}]},{\"@type\":\"ImageObject\",\"inLanguage\":\"hu\",\"@id\":\"https:\\\/\\\/dorogimedence.hu\\\/index.php\\\/2026\\\/06\\\/19\\\/tour-horizont-tobb-szaz-kerekparos-halad-at-dorogon-a-kovetkezo-napokban\\\/#primaryimage\",\"url\":\"https:\\\/\\\/dorogimedence.hu\\\/wp-content\\\/uploads\\\/2026\\\/06\\\/ChatGPT-Image-2026.-jun.-19.-09_39_59.png\",\"contentUrl\":\"https:\\\/\\\/dorogimedence.hu\\\/wp-content\\\/uploads\\\/2026\\\/06\\\/ChatGPT-Image-2026.-jun.-19.-09_39_59.png\",\"width\":1764,\"height\":892},{\"@type\":\"BreadcrumbList\",\"@id\":\"https:\\\/\\\/dorogimedence.hu\\\/index.php\\\/2026\\\/06\\\/19\\\/tour-horizont-tobb-szaz-kerekparos-halad-at-dorogon-a-kovetkezo-napokban\\\/#breadcrumb\",\"itemListElement\":[{\"@type\":\"ListItem\",\"position\":1,\"name\":\"Kezd\u0151lap\",\"item\":\"https:\\\/\\\/dorogimedence.hu\\\/\"},{\"@type\":\"ListItem\",\"position\":2,\"name\":\"Tour Horizont: t\u00f6bb sz\u00e1z ker\u00e9kp\u00e1ros halad \u00e1t Dorogon a k\u00f6vetkez\u0151 napokban\"}]},{\"@type\":\"WebSite\",\"@id\":\"https:\\\/\\\/dorogimedence.hu\\\/#website\",\"url\":\"https:\\\/\\\/dorogimedence.hu\\\/\",\"name\":\"Dorogi-medence Region\u00e1lis H\u00edrport\u00e1l\",\"description\":\"Dorog, Keszt\u00f6lc, Le\u00e1nyv\u00e1r, Piliscs\u00e9v, Tokod, Tokodalt\u00e1r\u00f3, Csolnok, Esztergom-kertv\u00e1ros: h\u00edrek, programok\",\"publisher\":{\"@id\":\"https:\\\/\\\/dorogimedence.hu\\\/#organization\"},\"potentialAction\":[{\"@type\":\"SearchAction\",\"target\":{\"@type\":\"EntryPoint\",\"urlTemplate\":\"https:\\\/\\\/dorogimedence.hu\\\/?s={search_term_string}\"},\"query-input\":{\"@type\":\"PropertyValueSpecification\",\"valueRequired\":true,\"valueName\":\"search_term_string\"}}],\"inLanguage\":\"hu\"},{\"@type\":\"Organization\",\"@id\":\"https:\\\/\\\/dorogimedence.hu\\\/#organization\",\"name\":\"Dorogi-medence Region\u00e1lis H\u00edrport\u00e1l\",\"url\":\"https:\\\/\\\/dorogimedence.hu\\\/\",\"logo\":{\"@type\":\"ImageObject\",\"inLanguage\":\"hu\",\"@id\":\"https:\\\/\\\/dorogimedence.hu\\\/#\\\/schema\\\/logo\\\/image\\\/\",\"url\":\"https:\\\/\\\/dorogimedence.hu\\\/wp-content\\\/uploads\\\/2021\\\/04\\\/logo-feher-600.png\",\"contentUrl\":\"https:\\\/\\\/dorogimedence.hu\\\/wp-content\\\/uploads\\\/2021\\\/04\\\/logo-feher-600.png\",\"width\":600,\"height\":100,\"caption\":\"Dorogi-medence Region\u00e1lis H\u00edrport\u00e1l\"},\"image\":{\"@id\":\"https:\\\/\\\/dorogimedence.hu\\\/#\\\/schema\\\/logo\\\/image\\\/\"},\"sameAs\":[\"https:\\\/\\\/www.facebook.com\\\/dorogimedence\\\/\"]},{\"@type\":\"Person\",\"@id\":\"https:\\\/\\\/dorogimedence.hu\\\/#\\\/schema\\\/person\\\/ce6091eeb7e95ecdc87890d6aa8e0fd4\",\"name\":\"dorogimedence.hu\",\"image\":{\"@type\":\"ImageObject\",\"inLanguage\":\"hu\",\"@id\":\"\\\/\\\/www.gravatar.com\\\/avatar\\\/d8d45f8901aadff40a4af72c0b826f1d?s=96&#038;r=g&#038;d=mm\",\"url\":\"\\\/\\\/www.gravatar.com\\\/avatar\\\/d8d45f8901aadff40a4af72c0b826f1d?s=96&#038;r=g&#038;d=mm\",\"contentUrl\":\"\\\/\\\/www.gravatar.com\\\/avatar\\\/d8d45f8901aadff40a4af72c0b826f1d?s=96&#038;r=g&#038;d=mm\",\"caption\":\"dorogimedence.hu\"}}]}<\/script>\n<!-- \/ Yoast SEO plugin. -->","yoast_head_json":{"title":"Tour Horizont: t\u00f6bb sz\u00e1z ker\u00e9kp\u00e1ros halad \u00e1t Dorogon a k\u00f6vetkez\u0151 napokban","robots":{"index":"index","follow":"follow","max-snippet":"max-snippet:-1","max-image-preview":"max-image-preview:large","max-video-preview":"max-video-preview:-1"},"canonical":"https:\/\/dorogimedence.hu\/index.php\/2026\/06\/19\/tour-horizont-tobb-szaz-kerekparos-halad-at-dorogon-a-kovetkezo-napokban\/","og_locale":"hu_HU","og_type":"article","og_title":"Tour Horizont: t\u00f6bb sz\u00e1z ker\u00e9kp\u00e1ros halad \u00e1t Dorogon a k\u00f6vetkez\u0151 napokban","og_description":"J\u00fanius 20. \u00e9s 26. k\u00f6z\u00f6tt rendezik meg els\u0151 alkalommal a Tour Horizont ker\u00e9kp\u00e1ros esem\u00e9nyt, amelynek r\u00e9sztvev\u0151i a Szentgotth\u00e1rd \u00e9s Budapest k\u00f6z\u00f6tti, k\u00f6zel 700 kilom\u00e9teres Horizont \u00fatvonalat teljes\u00edtik. A mez\u0151ny Dorogon is \u00e1thalad, \u00edgy a k\u00f6vetkez\u0151 napokban a megszokottn\u00e1l j\u00f3val t\u00f6bb ker\u00e9kp\u00e1rossal tal\u00e1lkozhatnak a helyiek. A Tour Horizont a Horizont ker\u00e9kp\u00e1ros kalandt\u00fara hivatalos, \u00e9vente visszat\u00e9r\u0151 rendezv\u00e9nye,","og_url":"https:\/\/dorogimedence.hu\/index.php\/2026\/06\/19\/tour-horizont-tobb-szaz-kerekparos-halad-at-dorogon-a-kovetkezo-napokban\/","og_site_name":"Dorogi-medence Region\u00e1lis H\u00edrport\u00e1l","article_publisher":"https:\/\/www.facebook.com\/dorogimedence\/","article_published_time":"2026-06-19T07:40:37+00:00","og_image":[{"url":"https:\/\/dorogimedence.hu\/wp-content\/uploads\/2026\/06\/ChatGPT-Image-2026.-jun.-19.-09_39_59.png","width":755,"height":382,"type":"image\/png"}],"author":"dorogimedence.hu","twitter_card":"summary_large_image","twitter_misc":{"Szerz\u0151:":"dorogimedence.hu","Becs\u00fclt olvas\u00e1si id\u0151":"2 perc"},"schema":{"@context":"https:\/\/schema.org","@graph":[{"@type":"Article","@id":"https:\/\/dorogimedence.hu\/index.php\/2026\/06\/19\/tour-horizont-tobb-szaz-kerekparos-halad-at-dorogon-a-kovetkezo-napokban\/#article","isPartOf":{"@id":"https:\/\/dorogimedence.hu\/index.php\/2026\/06\/19\/tour-horizont-tobb-szaz-kerekparos-halad-at-dorogon-a-kovetkezo-napokban\/"},"author":{"name":"dorogimedence.hu","@id":"https:\/\/dorogimedence.hu\/#\/schema\/person\/ce6091eeb7e95ecdc87890d6aa8e0fd4"},"headline":"Tour Horizont: t\u00f6bb sz\u00e1z ker\u00e9kp\u00e1ros halad \u00e1t Dorogon a k\u00f6vetkez\u0151 napokban","datePublished":"2026-06-19T07:40:37+00:00","mainEntityOfPage":{"@id":"https:\/\/dorogimedence.hu\/index.php\/2026\/06\/19\/tour-horizont-tobb-szaz-kerekparos-halad-at-dorogon-a-kovetkezo-napokban\/"},"wordCount":393,"publisher":{"@id":"https:\/\/dorogimedence.hu\/#organization"},"image":{"@id":"https:\/\/dorogimedence.hu\/index.php\/2026\/06\/19\/tour-horizont-tobb-szaz-kerekparos-halad-at-dorogon-a-kovetkezo-napokban\/#primaryimage"},"thumbnailUrl":"https:\/\/dorogimedence.hu\/wp-content\/uploads\/2026\/06\/ChatGPT-Image-2026.-jun.-19.-09_39_59.png","keywords":["Dorog","ker\u00e9kp\u00e1r","sport","Tour Horizont","t\u00fara"],"articleSection":["Dorog","H\u00edrek"],"inLanguage":"hu"},{"@type":"WebPage","@id":"https:\/\/dorogimedence.hu\/index.php\/2026\/06\/19\/tour-horizont-tobb-szaz-kerekparos-halad-at-dorogon-a-kovetkezo-napokban\/","url":"https:\/\/dorogimedence.hu\/index.php\/2026\/06\/19\/tour-horizont-tobb-szaz-kerekparos-halad-at-dorogon-a-kovetkezo-napokban\/","name":"Tour Horizont: t\u00f6bb sz\u00e1z ker\u00e9kp\u00e1ros halad \u00e1t Dorogon a k\u00f6vetkez\u0151 napokban","isPartOf":{"@id":"https:\/\/dorogimedence.hu\/#website"},"primaryImageOfPage":{"@id":"https:\/\/dorogimedence.hu\/index.php\/2026\/06\/19\/tour-horizont-tobb-szaz-kerekparos-halad-at-dorogon-a-kovetkezo-napokban\/#primaryimage"},"image":{"@id":"https:\/\/dorogimedence.hu\/index.php\/2026\/06\/19\/tour-horizont-tobb-szaz-kerekparos-halad-at-dorogon-a-kovetkezo-napokban\/#primaryimage"},"thumbnailUrl":"https:\/\/dorogimedence.hu\/wp-content\/uploads\/2026\/06\/ChatGPT-Image-2026.-jun.-19.-09_39_59.png","datePublished":"2026-06-19T07:40:37+00:00","breadcrumb":{"@id":"https:\/\/dorogimedence.hu\/index.php\/2026\/06\/19\/tour-horizont-tobb-szaz-kerekparos-halad-at-dorogon-a-kovetkezo-napokban\/#breadcrumb"},"inLanguage":"hu","potentialAction":[{"@type":"ReadAction","target":["https:\/\/dorogimedence.hu\/index.php\/2026\/06\/19\/tour-horizont-tobb-szaz-kerekparos-halad-at-dorogon-a-kovetkezo-napokban\/"]}]},{"@type":"ImageObject","inLanguage":"hu","@id":"https:\/\/dorogimedence.hu\/index.php\/2026\/06\/19\/tour-horizont-tobb-szaz-kerekparos-halad-at-dorogon-a-kovetkezo-napokban\/#primaryimage","url":"https:\/\/dorogimedence.hu\/wp-content\/uploads\/2026\/06\/ChatGPT-Image-2026.-jun.-19.-09_39_59.png","contentUrl":"https:\/\/dorogimedence.hu\/wp-content\/uploads\/2026\/06\/ChatGPT-Image-2026.-jun.-19.-09_39_59.png","width":1764,"height":892},{"@type":"BreadcrumbList","@id":"https:\/\/dorogimedence.hu\/index.php\/2026\/06\/19\/tour-horizont-tobb-szaz-kerekparos-halad-at-dorogon-a-kovetkezo-napokban\/#breadcrumb","itemListElement":[{"@type":"ListItem","position":1,"name":"Kezd\u0151lap","item":"https:\/\/dorogimedence.hu\/"},{"@type":"ListItem","position":2,"name":"Tour Horizont: t\u00f6bb sz\u00e1z ker\u00e9kp\u00e1ros halad \u00e1t Dorogon a k\u00f6vetkez\u0151 napokban"}]},{"@type":"WebSite","@id":"https:\/\/dorogimedence.hu\/#website","url":"https:\/\/dorogimedence.hu\/","name":"Dorogi-medence Region\u00e1lis H\u00edrport\u00e1l","description":"Dorog, Keszt\u00f6lc, Le\u00e1nyv\u00e1r, Piliscs\u00e9v, Tokod, Tokodalt\u00e1r\u00f3, Csolnok, Esztergom-kertv\u00e1ros: h\u00edrek, programok","publisher":{"@id":"https:\/\/dorogimedence.hu\/#organization"},"potentialAction":[{"@type":"SearchAction","target":{"@type":"EntryPoint","urlTemplate":"https:\/\/dorogimedence.hu\/?s={search_term_string}"},"query-input":{"@type":"PropertyValueSpecification","valueRequired":true,"valueName":"search_term_string"}}],"inLanguage":"hu"},{"@type":"Organization","@id":"https:\/\/dorogimedence.hu\/#organization","name":"Dorogi-medence Region\u00e1lis H\u00edrport\u00e1l","url":"https:\/\/dorogimedence.hu\/","logo":{"@type":"ImageObject","inLanguage":"hu","@id":"https:\/\/dorogimedence.hu\/#\/schema\/logo\/image\/","url":"https:\/\/dorogimedence.hu\/wp-content\/uploads\/2021\/04\/logo-feher-600.png","contentUrl":"https:\/\/dorogimedence.hu\/wp-content\/uploads\/2021\/04\/logo-feher-600.png","width":600,"height":100,"caption":"Dorogi-medence Region\u00e1lis H\u00edrport\u00e1l"},"image":{"@id":"https:\/\/dorogimedence.hu\/#\/schema\/logo\/image\/"},"sameAs":["https:\/\/www.facebook.com\/dorogimedence\/"]},{"@type":"Person","@id":"https:\/\/dorogimedence.hu\/#\/schema\/person\/ce6091eeb7e95ecdc87890d6aa8e0fd4","name":"dorogimedence.hu","image":{"@type":"ImageObject","inLanguage":"hu","@id":"\/\/www.gravatar.com\/avatar\/d8d45f8901aadff40a4af72c0b826f1d?s=96&#038;r=g&#038;d=mm","url":"\/\/www.gravatar.com\/avatar\/d8d45f8901aadff40a4af72c0b826f1d?s=96&#038;r=g&#038;d=mm","contentUrl":"\/\/www.gravatar.com\/avatar\/d8d45f8901aadff40a4af72c0b826f1d?s=96&#038;r=g&#038;d=mm","caption":"dorogimedence.hu"}}]}},"_links":{"self":[{"href":"https:\/\/dorogimedence.hu\/index.php\/wp-json\/wp\/v2\/posts\/81224","targetHints":{"allow":["GET"]}}],"collection":[{"href":"https:\/\/dorogimedence.hu\/index.php\/wp-json\/wp\/v2\/posts"}],"about":[{"href":"https:\/\/dorogimedence.hu\/index.php\/wp-json\/wp\/v2\/types\/post"}],"author":[{"embeddable":true,"href":"https:\/\/dorogimedence.hu\/index.php\/wp-json\/wp\/v2\/users\/1"}],"replies":[{"embeddable":true,"href":"https:\/\/dorogimedence.hu\/index.php\/wp-json\/wp\/v2\/comments?post=81224"}],"version-history":[{"count":1,"href":"https:\/\/dorogimedence.hu\/index.php\/wp-json\/wp\/v2\/posts\/81224\/revisions"}],"predecessor-version":[{"id":81226,"href":"https:\/\/dorogimedence.hu\/index.php\/wp-json\/wp\/v2\/posts\/81224\/revisions\/81226"}],"wp:featuredmedia":[{"embeddable":true,"href":"https:\/\/dorogimedence.hu\/index.php\/wp-json\/wp\/v2\/media\/81225"}],"wp:attachment":[{"href":"https:\/\/dorogimedence.hu\/index.php\/wp-json\/wp\/v2\/media?parent=81224"}],"wp:term":[{"taxonomy":"category","embeddable":true,"href":"https:\/\/dorogimedence.hu\/index.php\/wp-json\/wp\/v2\/categories?post=81224"},{"taxonomy":"post_tag","embeddable":true,"href":"https:\/\/dorogimedence.hu\/index.php\/wp-json\/wp\/v2\/tags?post=81224"}],"curies":[{"name":"wp","href":"https:\/\/api.w.org\/{rel}","templated":true}]}}