{"id":81220,"date":"2026-06-19T09:12:50","date_gmt":"2026-06-19T07:12:50","guid":{"rendered":"https:\/\/dorogimedence.hu\/?p=81220"},"modified":"2026-06-19T09:12:50","modified_gmt":"2026-06-19T07:12:50","slug":"esztergomi-sikerek-a-megyei-horgasz-negytusan","status":"publish","type":"post","link":"https:\/\/dorogimedence.hu\/index.php\/2026\/06\/19\/esztergomi-sikerek-a-megyei-horgasz-negytusan\/","title":{"rendered":"Esztergomi sikerek a megyei horg\u00e1sz n\u00e9gytus\u00e1n"},"content":{"rendered":"<p><strong>A Kom\u00e1rom-Sz\u0151nyi K\u00f3rh\u00e1z tavon rendezte meg a megyei sz\u00f6vets\u00e9g \u00e9s a Sz\u0151nyi Dolgoz\u00f3k Sporthorg\u00e1sz Egyes\u00fclete a 48. Orsz\u00e1gos Ifj\u00fas\u00e1gi \u00e9s Serd\u00fcl\u0151 Horg\u00e1szvet\u00e9lked\u0151 megyei d\u00f6nt\u0151j\u00e9t, ahol 38 gyerek vet\u00e9lkedett c\u00e9lba dob\u00e1sban, szerel\u00e9k k\u00e9sz\u00edt\u00e9s\u00e9ben, kishalfog\u00e1sban \u00e9s szellemi feladatokban.<\/strong><\/p>\n<p>A kishalfog\u00e1shoz a versenyz\u0151k a szervez\u0151k \u00e1ltal biztos\u00edtott spiccbotokat \u00e9s a szerel\u00e9k k\u00e9sz\u00edt\u00e9s versenysz\u00e1mban elk\u00e9sz\u00edtett szerel\u00e9keiket haszn\u00e1lhatt\u00e1k. Az etet\u0151anyagot \u00e9s csalit szint\u00e9n a szervez\u0151k biztos\u00edtott\u00e1k a versenyz\u0151k r\u00e9sz\u00e9re.<\/p>\n<p>A vet\u00e9lked\u0151nek csak nyertesei voltak. A kishalfog\u00e1sn\u00e1l haszn\u00e1lt spiccbotot \u00e9s szerel\u00e9ket a versenyz\u0151k megkapt\u00e1k aj\u00e1nd\u00e9kba. A megyei vet\u00e9lked\u0151 3 koroszt\u00e1ly\u00e1nak \u00e9s a legjobb felk\u00e9sz\u00edt\u0151k 1-3. helyezettje \u00e9rt\u00e9kes kup\u00e1t \u00e9s t\u00e1rgyjutalmat nyert d\u00edjk\u00e9nt az egyes\u00fclet\u00e9nek.<\/p>\n<p><strong>Legjobb felk\u00e9sz\u00edt\u0151k:<\/strong><\/p>\n<ul>\n<li>Osvald Zsolt, Vasas HE. Esztergom<\/li>\n<li>Polm\u00fcller Ferenc, Kom\u00e1romi HE<\/li>\n<li>Benczik Attila, Sz\u0151nyi Dolgoz\u00f3k SHE<\/li>\n<\/ul>\n<p><strong>Serd\u00fcl\u0151 kateg\u00f3ria:<\/strong><\/p>\n<ol>\n<li>Z\u00e1gonyi D\u00e1vid, Vasas HE. Esztergom<\/li>\n<li>Zsigri Orsolya, Vasas HE. Esztergom<\/li>\n<li>Hermann Barnab\u00e1s, Szom\u00f3di HE.<\/li>\n<\/ol>\n<p><strong>Ifj\u00fas\u00e1gi kateg\u00f3ria:<\/strong><\/p>\n<ol>\n<li>Troll M\u00e1t\u00e9, Vasas HE. Esztergom<\/li>\n<li>R\u00e1bai M\u00e1t\u00e9, Vasas HE. Esztergom<\/li>\n<li>Kugler Vince, Vasas HE. Esztergom<\/li>\n<\/ol>\n<p><strong>Ivad\u00e9k kateg\u00f3ria:<\/strong><\/p>\n<ol>\n<li>R\u00e1tkai Barnab\u00e1s, Vasas HE. Esztergom<\/li>\n<li>Troll L\u00e9na, Vasas HE. Esztergom<\/li>\n<li>K\u00e1lm\u00e1n Andr\u00e1s, Vasas HE. Esztergom<\/li>\n<\/ol>\n<p><img fetchpriority=\"high\" decoding=\"async\" class=\"alignnone size-full wp-image-81222\" src=\"https:\/\/dorogimedence.hu\/wp-content\/uploads\/2026\/06\/0616Negytusagyerekeknek2026FOTO1.jpg\" alt=\"\" width=\"1536\" height=\"2048\" srcset=\"https:\/\/dorogimedence.hu\/wp-content\/uploads\/2026\/06\/0616Negytusagyerekeknek2026FOTO1.jpg 1536w, https:\/\/dorogimedence.hu\/wp-content\/uploads\/2026\/06\/0616Negytusagyerekeknek2026FOTO1-450x600.jpg 450w, https:\/\/dorogimedence.hu\/wp-content\/uploads\/2026\/06\/0616Negytusagyerekeknek2026FOTO1-1440x1920.jpg 1440w, https:\/\/dorogimedence.hu\/wp-content\/uploads\/2026\/06\/0616Negytusagyerekeknek2026FOTO1-768x1024.jpg 768w, https:\/\/dorogimedence.hu\/wp-content\/uploads\/2026\/06\/0616Negytusagyerekeknek2026FOTO1-1152x1536.jpg 1152w, https:\/\/dorogimedence.hu\/wp-content\/uploads\/2026\/06\/0616Negytusagyerekeknek2026FOTO1-150x200.jpg 150w, https:\/\/dorogimedence.hu\/wp-content\/uploads\/2026\/06\/0616Negytusagyerekeknek2026FOTO1-1200x1600.jpg 1200w\" sizes=\"(max-width: 1536px) 100vw, 1536px\" \/><\/p>\n","protected":false},"excerpt":{"rendered":"<p>A Kom\u00e1rom-Sz\u0151nyi K\u00f3rh\u00e1z tavon rendezte meg a megyei sz\u00f6vets\u00e9g \u00e9s a Sz\u0151nyi Dolgoz\u00f3k Sporthorg\u00e1sz Egyes\u00fclete a 48. Orsz\u00e1gos Ifj\u00fas\u00e1gi \u00e9s Serd\u00fcl\u0151 Horg\u00e1szvet\u00e9lked\u0151 megyei d\u00f6nt\u0151j\u00e9t, ahol 38 gyerek vet\u00e9lkedett c\u00e9lba dob\u00e1sban, szerel\u00e9k k\u00e9sz\u00edt\u00e9s\u00e9ben, kishalfog\u00e1sban \u00e9s szellemi feladatokban. A kishalfog\u00e1shoz a versenyz\u0151k a szervez\u0151k \u00e1ltal biztos\u00edtott spiccbotokat \u00e9s a szerel\u00e9k k\u00e9sz\u00edt\u00e9s versenysz\u00e1mban elk\u00e9sz\u00edtett szerel\u00e9keiket haszn\u00e1lhatt\u00e1k. Az etet\u0151anyagot<\/p>\n","protected":false},"author":1,"featured_media":81221,"comment_status":"closed","ping_status":"closed","sticky":false,"template":"","format":"standard","meta":{"ngg_post_thumbnail":0,"footnotes":""},"categories":[38,3,56,5],"tags":[4825,598,792,16],"class_list":["post-81220","post","type-post","status-publish","format-standard","has-post-thumbnail","category-esztergom","category-hirek","category-komarom-esztergom","category-sport","tag-horgasz","tag-horgaszat","tag-horgaszverseny","tag-sport"],"yoast_head":"<!-- This site is optimized with the Yoast SEO plugin v28.3 - https:\/\/yoast.com\/product\/yoast-seo-wordpress\/ -->\n<title>Esztergomi sikerek a megyei horg\u00e1sz n\u00e9gytus\u00e1n<\/title>\n<meta name=\"robots\" content=\"index, follow, max-snippet:-1, max-image-preview:large, max-video-preview:-1\" \/>\n<link rel=\"canonical\" href=\"https:\/\/dorogimedence.hu\/index.php\/2026\/06\/19\/esztergomi-sikerek-a-megyei-horgasz-negytusan\/\" class=\"yoast-seo-meta-tag\" \/>\n<meta property=\"og:locale\" content=\"hu_HU\" class=\"yoast-seo-meta-tag\" \/>\n<meta property=\"og:type\" content=\"article\" class=\"yoast-seo-meta-tag\" \/>\n<meta property=\"og:title\" content=\"Esztergomi sikerek a megyei horg\u00e1sz n\u00e9gytus\u00e1n\" class=\"yoast-seo-meta-tag\" \/>\n<meta property=\"og:description\" content=\"A Kom\u00e1rom-Sz\u0151nyi K\u00f3rh\u00e1z tavon rendezte meg a megyei sz\u00f6vets\u00e9g \u00e9s a Sz\u0151nyi Dolgoz\u00f3k Sporthorg\u00e1sz Egyes\u00fclete a 48. Orsz\u00e1gos Ifj\u00fas\u00e1gi \u00e9s Serd\u00fcl\u0151 Horg\u00e1szvet\u00e9lked\u0151 megyei d\u00f6nt\u0151j\u00e9t, ahol 38 gyerek vet\u00e9lkedett c\u00e9lba dob\u00e1sban, szerel\u00e9k k\u00e9sz\u00edt\u00e9s\u00e9ben, kishalfog\u00e1sban \u00e9s szellemi feladatokban. A kishalfog\u00e1shoz a versenyz\u0151k a szervez\u0151k \u00e1ltal biztos\u00edtott spiccbotokat \u00e9s a szerel\u00e9k k\u00e9sz\u00edt\u00e9s versenysz\u00e1mban elk\u00e9sz\u00edtett szerel\u00e9keiket haszn\u00e1lhatt\u00e1k. Az etet\u0151anyagot\" class=\"yoast-seo-meta-tag\" \/>\n<meta property=\"og:url\" content=\"https:\/\/dorogimedence.hu\/index.php\/2026\/06\/19\/esztergomi-sikerek-a-megyei-horgasz-negytusan\/\" class=\"yoast-seo-meta-tag\" \/>\n<meta property=\"og:site_name\" content=\"Dorogi-medence Region\u00e1lis H\u00edrport\u00e1l\" class=\"yoast-seo-meta-tag\" \/>\n<meta property=\"article:publisher\" content=\"https:\/\/www.facebook.com\/dorogimedence\/\" class=\"yoast-seo-meta-tag\" \/>\n<meta property=\"article:published_time\" content=\"2026-06-19T07:12:50+00:00\" class=\"yoast-seo-meta-tag\" \/>\n<meta property=\"og:image\" content=\"https:\/\/dorogimedence.hu\/wp-content\/uploads\/2026\/06\/0616Negytusagyerekeknek2026FOTO2.jpg\" class=\"yoast-seo-meta-tag\" \/>\n\t<meta property=\"og:image:width\" content=\"2048\" class=\"yoast-seo-meta-tag\" \/>\n\t<meta property=\"og:image:height\" content=\"1536\" class=\"yoast-seo-meta-tag\" \/>\n\t<meta property=\"og:image:type\" content=\"image\/jpeg\" class=\"yoast-seo-meta-tag\" \/>\n<meta name=\"author\" content=\"dorogimedence.hu\" class=\"yoast-seo-meta-tag\" \/>\n<meta name=\"twitter:card\" content=\"summary_large_image\" class=\"yoast-seo-meta-tag\" \/>\n<meta name=\"twitter:label1\" content=\"Szerz\u0151:\" class=\"yoast-seo-meta-tag\" \/>\n\t<meta name=\"twitter:data1\" content=\"dorogimedence.hu\" class=\"yoast-seo-meta-tag\" \/>\n\t<meta name=\"twitter:label2\" content=\"Becs\u00fclt olvas\u00e1si id\u0151\" class=\"yoast-seo-meta-tag\" \/>\n\t<meta name=\"twitter:data2\" content=\"1 perc\" class=\"yoast-seo-meta-tag\" \/>\n<script type=\"application\/ld+json\" class=\"yoast-schema-graph\">{\"@context\":\"https:\\\/\\\/schema.org\",\"@graph\":[{\"@type\":\"Article\",\"@id\":\"https:\\\/\\\/dorogimedence.hu\\\/index.php\\\/2026\\\/06\\\/19\\\/esztergomi-sikerek-a-megyei-horgasz-negytusan\\\/#article\",\"isPartOf\":{\"@id\":\"https:\\\/\\\/dorogimedence.hu\\\/index.php\\\/2026\\\/06\\\/19\\\/esztergomi-sikerek-a-megyei-horgasz-negytusan\\\/\"},\"author\":{\"name\":\"dorogimedence.hu\",\"@id\":\"https:\\\/\\\/dorogimedence.hu\\\/#\\\/schema\\\/person\\\/ce6091eeb7e95ecdc87890d6aa8e0fd4\"},\"headline\":\"Esztergomi sikerek a megyei horg\u00e1sz n\u00e9gytus\u00e1n\",\"datePublished\":\"2026-06-19T07:12:50+00:00\",\"mainEntityOfPage\":{\"@id\":\"https:\\\/\\\/dorogimedence.hu\\\/index.php\\\/2026\\\/06\\\/19\\\/esztergomi-sikerek-a-megyei-horgasz-negytusan\\\/\"},\"wordCount\":270,\"publisher\":{\"@id\":\"https:\\\/\\\/dorogimedence.hu\\\/#organization\"},\"image\":{\"@id\":\"https:\\\/\\\/dorogimedence.hu\\\/index.php\\\/2026\\\/06\\\/19\\\/esztergomi-sikerek-a-megyei-horgasz-negytusan\\\/#primaryimage\"},\"thumbnailUrl\":\"https:\\\/\\\/dorogimedence.hu\\\/wp-content\\\/uploads\\\/2026\\\/06\\\/0616Negytusagyerekeknek2026FOTO2.jpg\",\"keywords\":[\"horg\u00e1sz\",\"horg\u00e1szat\",\"horg\u00e1szverseny\",\"sport\"],\"articleSection\":[\"Esztergom\",\"H\u00edrek\",\"Kom\u00e1rom-Esztergom\",\"Sport\"],\"inLanguage\":\"hu\"},{\"@type\":\"WebPage\",\"@id\":\"https:\\\/\\\/dorogimedence.hu\\\/index.php\\\/2026\\\/06\\\/19\\\/esztergomi-sikerek-a-megyei-horgasz-negytusan\\\/\",\"url\":\"https:\\\/\\\/dorogimedence.hu\\\/index.php\\\/2026\\\/06\\\/19\\\/esztergomi-sikerek-a-megyei-horgasz-negytusan\\\/\",\"name\":\"Esztergomi sikerek a megyei horg\u00e1sz n\u00e9gytus\u00e1n\",\"isPartOf\":{\"@id\":\"https:\\\/\\\/dorogimedence.hu\\\/#website\"},\"primaryImageOfPage\":{\"@id\":\"https:\\\/\\\/dorogimedence.hu\\\/index.php\\\/2026\\\/06\\\/19\\\/esztergomi-sikerek-a-megyei-horgasz-negytusan\\\/#primaryimage\"},\"image\":{\"@id\":\"https:\\\/\\\/dorogimedence.hu\\\/index.php\\\/2026\\\/06\\\/19\\\/esztergomi-sikerek-a-megyei-horgasz-negytusan\\\/#primaryimage\"},\"thumbnailUrl\":\"https:\\\/\\\/dorogimedence.hu\\\/wp-content\\\/uploads\\\/2026\\\/06\\\/0616Negytusagyerekeknek2026FOTO2.jpg\",\"datePublished\":\"2026-06-19T07:12:50+00:00\",\"breadcrumb\":{\"@id\":\"https:\\\/\\\/dorogimedence.hu\\\/index.php\\\/2026\\\/06\\\/19\\\/esztergomi-sikerek-a-megyei-horgasz-negytusan\\\/#breadcrumb\"},\"inLanguage\":\"hu\",\"potentialAction\":[{\"@type\":\"ReadAction\",\"target\":[\"https:\\\/\\\/dorogimedence.hu\\\/index.php\\\/2026\\\/06\\\/19\\\/esztergomi-sikerek-a-megyei-horgasz-negytusan\\\/\"]}]},{\"@type\":\"ImageObject\",\"inLanguage\":\"hu\",\"@id\":\"https:\\\/\\\/dorogimedence.hu\\\/index.php\\\/2026\\\/06\\\/19\\\/esztergomi-sikerek-a-megyei-horgasz-negytusan\\\/#primaryimage\",\"url\":\"https:\\\/\\\/dorogimedence.hu\\\/wp-content\\\/uploads\\\/2026\\\/06\\\/0616Negytusagyerekeknek2026FOTO2.jpg\",\"contentUrl\":\"https:\\\/\\\/dorogimedence.hu\\\/wp-content\\\/uploads\\\/2026\\\/06\\\/0616Negytusagyerekeknek2026FOTO2.jpg\",\"width\":2048,\"height\":1536},{\"@type\":\"BreadcrumbList\",\"@id\":\"https:\\\/\\\/dorogimedence.hu\\\/index.php\\\/2026\\\/06\\\/19\\\/esztergomi-sikerek-a-megyei-horgasz-negytusan\\\/#breadcrumb\",\"itemListElement\":[{\"@type\":\"ListItem\",\"position\":1,\"name\":\"Kezd\u0151lap\",\"item\":\"https:\\\/\\\/dorogimedence.hu\\\/\"},{\"@type\":\"ListItem\",\"position\":2,\"name\":\"Esztergomi sikerek a megyei horg\u00e1sz n\u00e9gytus\u00e1n\"}]},{\"@type\":\"WebSite\",\"@id\":\"https:\\\/\\\/dorogimedence.hu\\\/#website\",\"url\":\"https:\\\/\\\/dorogimedence.hu\\\/\",\"name\":\"Dorogi-medence Region\u00e1lis H\u00edrport\u00e1l\",\"description\":\"Dorog, Keszt\u00f6lc, Le\u00e1nyv\u00e1r, Piliscs\u00e9v, Tokod, Tokodalt\u00e1r\u00f3, Csolnok, Esztergom-kertv\u00e1ros: h\u00edrek, programok\",\"publisher\":{\"@id\":\"https:\\\/\\\/dorogimedence.hu\\\/#organization\"},\"potentialAction\":[{\"@type\":\"SearchAction\",\"target\":{\"@type\":\"EntryPoint\",\"urlTemplate\":\"https:\\\/\\\/dorogimedence.hu\\\/?s={search_term_string}\"},\"query-input\":{\"@type\":\"PropertyValueSpecification\",\"valueRequired\":true,\"valueName\":\"search_term_string\"}}],\"inLanguage\":\"hu\"},{\"@type\":\"Organization\",\"@id\":\"https:\\\/\\\/dorogimedence.hu\\\/#organization\",\"name\":\"Dorogi-medence Region\u00e1lis H\u00edrport\u00e1l\",\"url\":\"https:\\\/\\\/dorogimedence.hu\\\/\",\"logo\":{\"@type\":\"ImageObject\",\"inLanguage\":\"hu\",\"@id\":\"https:\\\/\\\/dorogimedence.hu\\\/#\\\/schema\\\/logo\\\/image\\\/\",\"url\":\"https:\\\/\\\/dorogimedence.hu\\\/wp-content\\\/uploads\\\/2021\\\/04\\\/logo-feher-600.png\",\"contentUrl\":\"https:\\\/\\\/dorogimedence.hu\\\/wp-content\\\/uploads\\\/2021\\\/04\\\/logo-feher-600.png\",\"width\":600,\"height\":100,\"caption\":\"Dorogi-medence Region\u00e1lis H\u00edrport\u00e1l\"},\"image\":{\"@id\":\"https:\\\/\\\/dorogimedence.hu\\\/#\\\/schema\\\/logo\\\/image\\\/\"},\"sameAs\":[\"https:\\\/\\\/www.facebook.com\\\/dorogimedence\\\/\"]},{\"@type\":\"Person\",\"@id\":\"https:\\\/\\\/dorogimedence.hu\\\/#\\\/schema\\\/person\\\/ce6091eeb7e95ecdc87890d6aa8e0fd4\",\"name\":\"dorogimedence.hu\",\"image\":{\"@type\":\"ImageObject\",\"inLanguage\":\"hu\",\"@id\":\"\\\/\\\/www.gravatar.com\\\/avatar\\\/d8d45f8901aadff40a4af72c0b826f1d?s=96&#038;r=g&#038;d=mm\",\"url\":\"\\\/\\\/www.gravatar.com\\\/avatar\\\/d8d45f8901aadff40a4af72c0b826f1d?s=96&#038;r=g&#038;d=mm\",\"contentUrl\":\"\\\/\\\/www.gravatar.com\\\/avatar\\\/d8d45f8901aadff40a4af72c0b826f1d?s=96&#038;r=g&#038;d=mm\",\"caption\":\"dorogimedence.hu\"}}]}<\/script>\n<!-- \/ Yoast SEO plugin. -->","yoast_head_json":{"title":"Esztergomi sikerek a megyei horg\u00e1sz n\u00e9gytus\u00e1n","robots":{"index":"index","follow":"follow","max-snippet":"max-snippet:-1","max-image-preview":"max-image-preview:large","max-video-preview":"max-video-preview:-1"},"canonical":"https:\/\/dorogimedence.hu\/index.php\/2026\/06\/19\/esztergomi-sikerek-a-megyei-horgasz-negytusan\/","og_locale":"hu_HU","og_type":"article","og_title":"Esztergomi sikerek a megyei horg\u00e1sz n\u00e9gytus\u00e1n","og_description":"A Kom\u00e1rom-Sz\u0151nyi K\u00f3rh\u00e1z tavon rendezte meg a megyei sz\u00f6vets\u00e9g \u00e9s a Sz\u0151nyi Dolgoz\u00f3k Sporthorg\u00e1sz Egyes\u00fclete a 48. Orsz\u00e1gos Ifj\u00fas\u00e1gi \u00e9s Serd\u00fcl\u0151 Horg\u00e1szvet\u00e9lked\u0151 megyei d\u00f6nt\u0151j\u00e9t, ahol 38 gyerek vet\u00e9lkedett c\u00e9lba dob\u00e1sban, szerel\u00e9k k\u00e9sz\u00edt\u00e9s\u00e9ben, kishalfog\u00e1sban \u00e9s szellemi feladatokban. A kishalfog\u00e1shoz a versenyz\u0151k a szervez\u0151k \u00e1ltal biztos\u00edtott spiccbotokat \u00e9s a szerel\u00e9k k\u00e9sz\u00edt\u00e9s versenysz\u00e1mban elk\u00e9sz\u00edtett szerel\u00e9keiket haszn\u00e1lhatt\u00e1k. Az etet\u0151anyagot","og_url":"https:\/\/dorogimedence.hu\/index.php\/2026\/06\/19\/esztergomi-sikerek-a-megyei-horgasz-negytusan\/","og_site_name":"Dorogi-medence Region\u00e1lis H\u00edrport\u00e1l","article_publisher":"https:\/\/www.facebook.com\/dorogimedence\/","article_published_time":"2026-06-19T07:12:50+00:00","og_image":[{"width":2048,"height":1536,"url":"https:\/\/dorogimedence.hu\/wp-content\/uploads\/2026\/06\/0616Negytusagyerekeknek2026FOTO2.jpg","type":"image\/jpeg"}],"author":"dorogimedence.hu","twitter_card":"summary_large_image","twitter_misc":{"Szerz\u0151:":"dorogimedence.hu","Becs\u00fclt olvas\u00e1si id\u0151":"1 perc"},"schema":{"@context":"https:\/\/schema.org","@graph":[{"@type":"Article","@id":"https:\/\/dorogimedence.hu\/index.php\/2026\/06\/19\/esztergomi-sikerek-a-megyei-horgasz-negytusan\/#article","isPartOf":{"@id":"https:\/\/dorogimedence.hu\/index.php\/2026\/06\/19\/esztergomi-sikerek-a-megyei-horgasz-negytusan\/"},"author":{"name":"dorogimedence.hu","@id":"https:\/\/dorogimedence.hu\/#\/schema\/person\/ce6091eeb7e95ecdc87890d6aa8e0fd4"},"headline":"Esztergomi sikerek a megyei horg\u00e1sz n\u00e9gytus\u00e1n","datePublished":"2026-06-19T07:12:50+00:00","mainEntityOfPage":{"@id":"https:\/\/dorogimedence.hu\/index.php\/2026\/06\/19\/esztergomi-sikerek-a-megyei-horgasz-negytusan\/"},"wordCount":270,"publisher":{"@id":"https:\/\/dorogimedence.hu\/#organization"},"image":{"@id":"https:\/\/dorogimedence.hu\/index.php\/2026\/06\/19\/esztergomi-sikerek-a-megyei-horgasz-negytusan\/#primaryimage"},"thumbnailUrl":"https:\/\/dorogimedence.hu\/wp-content\/uploads\/2026\/06\/0616Negytusagyerekeknek2026FOTO2.jpg","keywords":["horg\u00e1sz","horg\u00e1szat","horg\u00e1szverseny","sport"],"articleSection":["Esztergom","H\u00edrek","Kom\u00e1rom-Esztergom","Sport"],"inLanguage":"hu"},{"@type":"WebPage","@id":"https:\/\/dorogimedence.hu\/index.php\/2026\/06\/19\/esztergomi-sikerek-a-megyei-horgasz-negytusan\/","url":"https:\/\/dorogimedence.hu\/index.php\/2026\/06\/19\/esztergomi-sikerek-a-megyei-horgasz-negytusan\/","name":"Esztergomi sikerek a megyei horg\u00e1sz n\u00e9gytus\u00e1n","isPartOf":{"@id":"https:\/\/dorogimedence.hu\/#website"},"primaryImageOfPage":{"@id":"https:\/\/dorogimedence.hu\/index.php\/2026\/06\/19\/esztergomi-sikerek-a-megyei-horgasz-negytusan\/#primaryimage"},"image":{"@id":"https:\/\/dorogimedence.hu\/index.php\/2026\/06\/19\/esztergomi-sikerek-a-megyei-horgasz-negytusan\/#primaryimage"},"thumbnailUrl":"https:\/\/dorogimedence.hu\/wp-content\/uploads\/2026\/06\/0616Negytusagyerekeknek2026FOTO2.jpg","datePublished":"2026-06-19T07:12:50+00:00","breadcrumb":{"@id":"https:\/\/dorogimedence.hu\/index.php\/2026\/06\/19\/esztergomi-sikerek-a-megyei-horgasz-negytusan\/#breadcrumb"},"inLanguage":"hu","potentialAction":[{"@type":"ReadAction","target":["https:\/\/dorogimedence.hu\/index.php\/2026\/06\/19\/esztergomi-sikerek-a-megyei-horgasz-negytusan\/"]}]},{"@type":"ImageObject","inLanguage":"hu","@id":"https:\/\/dorogimedence.hu\/index.php\/2026\/06\/19\/esztergomi-sikerek-a-megyei-horgasz-negytusan\/#primaryimage","url":"https:\/\/dorogimedence.hu\/wp-content\/uploads\/2026\/06\/0616Negytusagyerekeknek2026FOTO2.jpg","contentUrl":"https:\/\/dorogimedence.hu\/wp-content\/uploads\/2026\/06\/0616Negytusagyerekeknek2026FOTO2.jpg","width":2048,"height":1536},{"@type":"BreadcrumbList","@id":"https:\/\/dorogimedence.hu\/index.php\/2026\/06\/19\/esztergomi-sikerek-a-megyei-horgasz-negytusan\/#breadcrumb","itemListElement":[{"@type":"ListItem","position":1,"name":"Kezd\u0151lap","item":"https:\/\/dorogimedence.hu\/"},{"@type":"ListItem","position":2,"name":"Esztergomi sikerek a megyei horg\u00e1sz n\u00e9gytus\u00e1n"}]},{"@type":"WebSite","@id":"https:\/\/dorogimedence.hu\/#website","url":"https:\/\/dorogimedence.hu\/","name":"Dorogi-medence Region\u00e1lis H\u00edrport\u00e1l","description":"Dorog, Keszt\u00f6lc, Le\u00e1nyv\u00e1r, Piliscs\u00e9v, Tokod, Tokodalt\u00e1r\u00f3, Csolnok, Esztergom-kertv\u00e1ros: h\u00edrek, programok","publisher":{"@id":"https:\/\/dorogimedence.hu\/#organization"},"potentialAction":[{"@type":"SearchAction","target":{"@type":"EntryPoint","urlTemplate":"https:\/\/dorogimedence.hu\/?s={search_term_string}"},"query-input":{"@type":"PropertyValueSpecification","valueRequired":true,"valueName":"search_term_string"}}],"inLanguage":"hu"},{"@type":"Organization","@id":"https:\/\/dorogimedence.hu\/#organization","name":"Dorogi-medence Region\u00e1lis H\u00edrport\u00e1l","url":"https:\/\/dorogimedence.hu\/","logo":{"@type":"ImageObject","inLanguage":"hu","@id":"https:\/\/dorogimedence.hu\/#\/schema\/logo\/image\/","url":"https:\/\/dorogimedence.hu\/wp-content\/uploads\/2021\/04\/logo-feher-600.png","contentUrl":"https:\/\/dorogimedence.hu\/wp-content\/uploads\/2021\/04\/logo-feher-600.png","width":600,"height":100,"caption":"Dorogi-medence Region\u00e1lis H\u00edrport\u00e1l"},"image":{"@id":"https:\/\/dorogimedence.hu\/#\/schema\/logo\/image\/"},"sameAs":["https:\/\/www.facebook.com\/dorogimedence\/"]},{"@type":"Person","@id":"https:\/\/dorogimedence.hu\/#\/schema\/person\/ce6091eeb7e95ecdc87890d6aa8e0fd4","name":"dorogimedence.hu","image":{"@type":"ImageObject","inLanguage":"hu","@id":"\/\/www.gravatar.com\/avatar\/d8d45f8901aadff40a4af72c0b826f1d?s=96&#038;r=g&#038;d=mm","url":"\/\/www.gravatar.com\/avatar\/d8d45f8901aadff40a4af72c0b826f1d?s=96&#038;r=g&#038;d=mm","contentUrl":"\/\/www.gravatar.com\/avatar\/d8d45f8901aadff40a4af72c0b826f1d?s=96&#038;r=g&#038;d=mm","caption":"dorogimedence.hu"}}]}},"_links":{"self":[{"href":"https:\/\/dorogimedence.hu\/index.php\/wp-json\/wp\/v2\/posts\/81220","targetHints":{"allow":["GET"]}}],"collection":[{"href":"https:\/\/dorogimedence.hu\/index.php\/wp-json\/wp\/v2\/posts"}],"about":[{"href":"https:\/\/dorogimedence.hu\/index.php\/wp-json\/wp\/v2\/types\/post"}],"author":[{"embeddable":true,"href":"https:\/\/dorogimedence.hu\/index.php\/wp-json\/wp\/v2\/users\/1"}],"replies":[{"embeddable":true,"href":"https:\/\/dorogimedence.hu\/index.php\/wp-json\/wp\/v2\/comments?post=81220"}],"version-history":[{"count":1,"href":"https:\/\/dorogimedence.hu\/index.php\/wp-json\/wp\/v2\/posts\/81220\/revisions"}],"predecessor-version":[{"id":81223,"href":"https:\/\/dorogimedence.hu\/index.php\/wp-json\/wp\/v2\/posts\/81220\/revisions\/81223"}],"wp:featuredmedia":[{"embeddable":true,"href":"https:\/\/dorogimedence.hu\/index.php\/wp-json\/wp\/v2\/media\/81221"}],"wp:attachment":[{"href":"https:\/\/dorogimedence.hu\/index.php\/wp-json\/wp\/v2\/media?parent=81220"}],"wp:term":[{"taxonomy":"category","embeddable":true,"href":"https:\/\/dorogimedence.hu\/index.php\/wp-json\/wp\/v2\/categories?post=81220"},{"taxonomy":"post_tag","embeddable":true,"href":"https:\/\/dorogimedence.hu\/index.php\/wp-json\/wp\/v2\/tags?post=81220"}],"curies":[{"name":"wp","href":"https:\/\/api.w.org\/{rel}","templated":true}]}}