{"id":81211,"date":"2026-06-18T15:10:06","date_gmt":"2026-06-18T13:10:06","guid":{"rendered":"https:\/\/dorogimedence.hu\/?p=81211"},"modified":"2026-06-18T15:11:28","modified_gmt":"2026-06-18T13:11:28","slug":"utlezarasok-es-buszmegallo-athelyezes-varhato-a-dobozi-mihaly-utcanal","status":"publish","type":"post","link":"https:\/\/dorogimedence.hu\/index.php\/2026\/06\/18\/utlezarasok-es-buszmegallo-athelyezes-varhato-a-dobozi-mihaly-utcanal\/","title":{"rendered":"\u00datlez\u00e1r\u00e1sok \u00e9s buszmeg\u00e1ll\u00f3-\u00e1thelyez\u00e9s v\u00e1rhat\u00f3 a Dobozi Mih\u00e1ly utc\u00e1n\u00e1l"},"content":{"rendered":"<p><strong>J\u00fanius v\u00e9g\u00e9n \u00e9s j\u00falius elej\u00e9n ideiglenes forgalomkorl\u00e1toz\u00e1sokra, valamint buszmeg\u00e1ll\u00f3-\u00e1thelyez\u00e9sre kell sz\u00e1m\u00edtani Esztergomban a Dobozi Mih\u00e1ly utca t\u00e9rs\u00e9g\u00e9ben. Az <a href=\"https:\/\/esztergom.hu\/hirek\/2580-forgalomkorlatozasok_es_utlezarasok_varhatok_a_dobozi_mihaly_utca_tersegeben\" target=\"_blank\" rel=\"noopener\"><span style=\"text-decoration: underline; color: #0000ff;\">\u00f6nkorm\u00e1nyzat t\u00e1j\u00e9koztat\u00e1sa szerint<\/span><\/a> aszfaltoz\u00e1si munk\u00e1latok miatt t\u00f6bb \u00fatvonalon is v\u00e1ltozik a k\u00f6zleked\u00e9si rend.<\/strong><\/p>\n<h3>K\u00e9t h\u00e9tv\u00e9g\u00e9t \u00e9rintenek a munk\u00e1latok<\/h3>\n<p>A kivitelez\u0151 2026. j\u00fanius 27\u201328-\u00e1n, valamint j\u00falius 4\u20135-\u00e9n v\u00e9gez aszfaltoz\u00e1si munk\u00e1kat a Dobozi Mih\u00e1ly utca \u00e9s a Vaskapui \u00fat keresztez\u0151d\u00e9s\u00e9ben. A korl\u00e1toz\u00e1sok mindk\u00e9t h\u00e9tv\u00e9g\u00e9n reggel 7 \u00e9s este 18 \u00f3ra k\u00f6z\u00f6tt lesznek \u00e9rv\u00e9nyben.<\/p>\n<p>A munk\u00e1latok idej\u00e9n lez\u00e1rj\u00e1k a Vaskapui \u00fat \u00e9s a F\u00f6ldm\u0171ves \u00fat csom\u00f3ponti \u00e1g\u00e1t. A Dobozi Mih\u00e1ly utc\u00e1n f\u00e9lp\u00e1ly\u00e1s \u00fatsz\u0171k\u00fclet mellett, ideiglenes jelz\u0151l\u00e1mp\u00e1s forgalomir\u00e1ny\u00edt\u00e1s seg\u00edti a k\u00f6zleked\u00e9st. A Kop\u00e1csy J\u00f3zsef utc\u00e1ban jelz\u0151\u0151r\u00f6k ir\u00e1ny\u00edtj\u00e1k majd a forgalmat, az utc\u00e1t pedig v\u00e1ltott ir\u00e1nyban kiz\u00e1r\u00f3lag a menetrend szerinti aut\u00f3buszok haszn\u00e1lhatj\u00e1k.<\/p>\n<h3>Ker\u00fcl\u0151utakra is sz\u00e1m\u00edtani kell<\/h3>\n<p>A Vaskapui \u00fat Visegr\u00e1d fel\u0151l a MOL benzink\u00fat el\u0151tti balra kanyarod\u00e1si lehet\u0151s\u00e9gen kereszt\u00fcl k\u00f6zel\u00edthet\u0151 meg. A F\u00f6ldm\u0171ves \u00fatr\u00f3l a Dobozi Mih\u00e1ly utc\u00e1ra a V\u00e1r \u00faton kereszt\u00fcl lehet kijutni, ez\u00e9rt az arra k\u00f6zleked\u0151knek ker\u00fcl\u0151\u00fat haszn\u00e1lat\u00e1ra kell k\u00e9sz\u00fclni\u00fck. A k\u00f6z\u00f6ss\u00e9gi k\u00f6zleked\u00e9s zavartalan m\u0171k\u00f6d\u00e9se \u00e9rdek\u00e9ben a K\u0151r\u00f6sy L\u00e1szl\u00f3 \u00faton ideiglenes buszmeg\u00e1ll\u00f3kat alak\u00edtanak ki.<\/p>\n<h3>Ideiglenesen \u00e1thelyezik a buszmeg\u00e1ll\u00f3t<\/h3>\n<p>A munk\u00e1latok miatt a <a href=\"https:\/\/www.mavcsoport.hu\/mavinform\/esztergom-junius-22-etol-ideiglenes-megalloathelyezes\" target=\"_blank\" rel=\"noopener\"><span style=\"text-decoration: underline; color: #0000ff;\">M\u00c1V-csoport t\u00e1j\u00e9koztat\u00e1sa szerint<\/span><\/a> 2026. j\u00fanius 22-\u00e9n 8 \u00f3r\u00e1t\u00f3l v\u00e1rhat\u00f3an j\u00falius 6-ig ideiglenesen \u00e1thelyezik a Dobozi Mih\u00e1ly utca aut\u00f3busz-meg\u00e1ll\u00f3helyet. A v\u00e1rosk\u00f6zpont ir\u00e1ny\u00e1ba k\u00f6zleked\u0151 aut\u00f3buszokra k\u00f6r\u00fclbel\u00fcl 350 m\u00e9terrel el\u0151r\u00e9bb lehet felsz\u00e1llni, m\u00edg Pilismar\u00f3t ir\u00e1ny\u00e1ba mintegy 100 m\u00e9terrel h\u00e1tr\u00e9bb helyezik \u00e1t a meg\u00e1ll\u00f3t.<\/p>\n<p>Az \u00f6nkorm\u00e1nyzat \u00e9s a k\u00f6z\u00fatkezel\u0151 arra k\u00e9ri a k\u00f6zleked\u0151ket, hogy a korl\u00e1toz\u00e1sok idej\u00e9n fokozott figyelemmel k\u00f6zlekedjenek, \u00e9s lehet\u0151s\u00e9g szerint el\u0151re tervezz\u00e9k meg \u00fatvonalukat.<\/p>\n","protected":false},"excerpt":{"rendered":"<p>J\u00fanius v\u00e9g\u00e9n \u00e9s j\u00falius elej\u00e9n ideiglenes forgalomkorl\u00e1toz\u00e1sokra, valamint buszmeg\u00e1ll\u00f3-\u00e1thelyez\u00e9sre kell sz\u00e1m\u00edtani Esztergomban a Dobozi Mih\u00e1ly utca t\u00e9rs\u00e9g\u00e9ben. Az \u00f6nkorm\u00e1nyzat t\u00e1j\u00e9koztat\u00e1sa szerint aszfaltoz\u00e1si munk\u00e1latok miatt t\u00f6bb \u00fatvonalon is v\u00e1ltozik a k\u00f6zleked\u00e9si rend. K\u00e9t h\u00e9tv\u00e9g\u00e9t \u00e9rintenek a munk\u00e1latok A kivitelez\u0151 2026. j\u00fanius 27\u201328-\u00e1n, valamint j\u00falius 4\u20135-\u00e9n v\u00e9gez aszfaltoz\u00e1si munk\u00e1kat a Dobozi Mih\u00e1ly utca \u00e9s a Vaskapui \u00fat<\/p>\n","protected":false},"author":1,"featured_media":46913,"comment_status":"closed","ping_status":"closed","sticky":false,"template":"","format":"standard","meta":{"ngg_post_thumbnail":0,"footnotes":""},"categories":[38,3],"tags":[458,1043,8938,42,738,292,818,1015],"class_list":["post-81211","post","type-post","status-publish","format-standard","has-post-thumbnail","category-esztergom","category-hirek","tag-autobusz","tag-busz","tag-buszmegallo-athelyezes","tag-esztergom","tag-forgalomkorlatozas","tag-mav","tag-utlezaras","tag-volanbusz"],"yoast_head":"<!-- This site is optimized with the Yoast SEO plugin v28.3 - https:\/\/yoast.com\/product\/yoast-seo-wordpress\/ -->\n<title>\u00datlez\u00e1r\u00e1sok \u00e9s buszmeg\u00e1ll\u00f3-\u00e1thelyez\u00e9s v\u00e1rhat\u00f3 a Dobozi Mih\u00e1ly utc\u00e1n\u00e1l<\/title>\n<meta name=\"robots\" content=\"index, follow, max-snippet:-1, max-image-preview:large, max-video-preview:-1\" \/>\n<link rel=\"canonical\" href=\"https:\/\/dorogimedence.hu\/index.php\/2026\/06\/18\/utlezarasok-es-buszmegallo-athelyezes-varhato-a-dobozi-mihaly-utcanal\/\" class=\"yoast-seo-meta-tag\" \/>\n<meta property=\"og:locale\" content=\"hu_HU\" class=\"yoast-seo-meta-tag\" \/>\n<meta property=\"og:type\" content=\"article\" class=\"yoast-seo-meta-tag\" \/>\n<meta property=\"og:title\" content=\"\u00datlez\u00e1r\u00e1sok \u00e9s buszmeg\u00e1ll\u00f3-\u00e1thelyez\u00e9s v\u00e1rhat\u00f3 a Dobozi Mih\u00e1ly utc\u00e1n\u00e1l\" class=\"yoast-seo-meta-tag\" \/>\n<meta property=\"og:description\" content=\"J\u00fanius v\u00e9g\u00e9n \u00e9s j\u00falius elej\u00e9n ideiglenes forgalomkorl\u00e1toz\u00e1sokra, valamint buszmeg\u00e1ll\u00f3-\u00e1thelyez\u00e9sre kell sz\u00e1m\u00edtani Esztergomban a Dobozi Mih\u00e1ly utca t\u00e9rs\u00e9g\u00e9ben. Az \u00f6nkorm\u00e1nyzat t\u00e1j\u00e9koztat\u00e1sa szerint aszfaltoz\u00e1si munk\u00e1latok miatt t\u00f6bb \u00fatvonalon is v\u00e1ltozik a k\u00f6zleked\u00e9si rend. K\u00e9t h\u00e9tv\u00e9g\u00e9t \u00e9rintenek a munk\u00e1latok A kivitelez\u0151 2026. j\u00fanius 27\u201328-\u00e1n, valamint j\u00falius 4\u20135-\u00e9n v\u00e9gez aszfaltoz\u00e1si munk\u00e1kat a Dobozi Mih\u00e1ly utca \u00e9s a Vaskapui \u00fat\" class=\"yoast-seo-meta-tag\" \/>\n<meta property=\"og:url\" content=\"https:\/\/dorogimedence.hu\/index.php\/2026\/06\/18\/utlezarasok-es-buszmegallo-athelyezes-varhato-a-dobozi-mihaly-utcanal\/\" class=\"yoast-seo-meta-tag\" \/>\n<meta property=\"og:site_name\" content=\"Dorogi-medence Region\u00e1lis H\u00edrport\u00e1l\" class=\"yoast-seo-meta-tag\" \/>\n<meta property=\"article:publisher\" content=\"https:\/\/www.facebook.com\/dorogimedence\/\" class=\"yoast-seo-meta-tag\" \/>\n<meta property=\"article:published_time\" content=\"2026-06-18T13:10:06+00:00\" class=\"yoast-seo-meta-tag\" \/>\n<meta property=\"article:modified_time\" content=\"2026-06-18T13:11:28+00:00\" class=\"yoast-seo-meta-tag\" \/>\n<meta property=\"og:image\" content=\"https:\/\/dorogimedence.hu\/wp-content\/uploads\/2022\/09\/traffic_signs_g8657c2d28_1280.jpg\" class=\"yoast-seo-meta-tag\" \/>\n\t<meta property=\"og:image:width\" content=\"1280\" class=\"yoast-seo-meta-tag\" \/>\n\t<meta property=\"og:image:height\" content=\"905\" class=\"yoast-seo-meta-tag\" \/>\n\t<meta property=\"og:image:type\" content=\"image\/jpeg\" class=\"yoast-seo-meta-tag\" \/>\n<meta name=\"author\" content=\"dorogimedence.hu\" class=\"yoast-seo-meta-tag\" \/>\n<meta name=\"twitter:card\" content=\"summary_large_image\" class=\"yoast-seo-meta-tag\" \/>\n<meta name=\"twitter:label1\" content=\"Szerz\u0151:\" class=\"yoast-seo-meta-tag\" \/>\n\t<meta name=\"twitter:data1\" content=\"dorogimedence.hu\" class=\"yoast-seo-meta-tag\" \/>\n\t<meta name=\"twitter:label2\" content=\"Becs\u00fclt olvas\u00e1si id\u0151\" class=\"yoast-seo-meta-tag\" \/>\n\t<meta name=\"twitter:data2\" content=\"2 perc\" class=\"yoast-seo-meta-tag\" \/>\n<script type=\"application\/ld+json\" class=\"yoast-schema-graph\">{\"@context\":\"https:\\\/\\\/schema.org\",\"@graph\":[{\"@type\":\"Article\",\"@id\":\"https:\\\/\\\/dorogimedence.hu\\\/index.php\\\/2026\\\/06\\\/18\\\/utlezarasok-es-buszmegallo-athelyezes-varhato-a-dobozi-mihaly-utcanal\\\/#article\",\"isPartOf\":{\"@id\":\"https:\\\/\\\/dorogimedence.hu\\\/index.php\\\/2026\\\/06\\\/18\\\/utlezarasok-es-buszmegallo-athelyezes-varhato-a-dobozi-mihaly-utcanal\\\/\"},\"author\":{\"name\":\"dorogimedence.hu\",\"@id\":\"https:\\\/\\\/dorogimedence.hu\\\/#\\\/schema\\\/person\\\/ce6091eeb7e95ecdc87890d6aa8e0fd4\"},\"headline\":\"\u00datlez\u00e1r\u00e1sok \u00e9s buszmeg\u00e1ll\u00f3-\u00e1thelyez\u00e9s v\u00e1rhat\u00f3 a Dobozi Mih\u00e1ly utc\u00e1n\u00e1l\",\"datePublished\":\"2026-06-18T13:10:06+00:00\",\"dateModified\":\"2026-06-18T13:11:28+00:00\",\"mainEntityOfPage\":{\"@id\":\"https:\\\/\\\/dorogimedence.hu\\\/index.php\\\/2026\\\/06\\\/18\\\/utlezarasok-es-buszmegallo-athelyezes-varhato-a-dobozi-mihaly-utcanal\\\/\"},\"wordCount\":443,\"publisher\":{\"@id\":\"https:\\\/\\\/dorogimedence.hu\\\/#organization\"},\"image\":{\"@id\":\"https:\\\/\\\/dorogimedence.hu\\\/index.php\\\/2026\\\/06\\\/18\\\/utlezarasok-es-buszmegallo-athelyezes-varhato-a-dobozi-mihaly-utcanal\\\/#primaryimage\"},\"thumbnailUrl\":\"https:\\\/\\\/dorogimedence.hu\\\/wp-content\\\/uploads\\\/2022\\\/09\\\/traffic_signs_g8657c2d28_1280.jpg\",\"keywords\":[\"aut\u00f3busz\",\"busz\",\"buszmeg\u00e1ll\u00f3-\u00e1thelyez\u00e9s\",\"esztergom\",\"forgalomkorl\u00e1toz\u00e1s\",\"m\u00e1v\",\"\u00fatlez\u00e1r\u00e1s\",\"vol\u00e1nbusz\"],\"articleSection\":[\"Esztergom\",\"H\u00edrek\"],\"inLanguage\":\"hu\"},{\"@type\":\"WebPage\",\"@id\":\"https:\\\/\\\/dorogimedence.hu\\\/index.php\\\/2026\\\/06\\\/18\\\/utlezarasok-es-buszmegallo-athelyezes-varhato-a-dobozi-mihaly-utcanal\\\/\",\"url\":\"https:\\\/\\\/dorogimedence.hu\\\/index.php\\\/2026\\\/06\\\/18\\\/utlezarasok-es-buszmegallo-athelyezes-varhato-a-dobozi-mihaly-utcanal\\\/\",\"name\":\"\u00datlez\u00e1r\u00e1sok \u00e9s buszmeg\u00e1ll\u00f3-\u00e1thelyez\u00e9s v\u00e1rhat\u00f3 a Dobozi Mih\u00e1ly utc\u00e1n\u00e1l\",\"isPartOf\":{\"@id\":\"https:\\\/\\\/dorogimedence.hu\\\/#website\"},\"primaryImageOfPage\":{\"@id\":\"https:\\\/\\\/dorogimedence.hu\\\/index.php\\\/2026\\\/06\\\/18\\\/utlezarasok-es-buszmegallo-athelyezes-varhato-a-dobozi-mihaly-utcanal\\\/#primaryimage\"},\"image\":{\"@id\":\"https:\\\/\\\/dorogimedence.hu\\\/index.php\\\/2026\\\/06\\\/18\\\/utlezarasok-es-buszmegallo-athelyezes-varhato-a-dobozi-mihaly-utcanal\\\/#primaryimage\"},\"thumbnailUrl\":\"https:\\\/\\\/dorogimedence.hu\\\/wp-content\\\/uploads\\\/2022\\\/09\\\/traffic_signs_g8657c2d28_1280.jpg\",\"datePublished\":\"2026-06-18T13:10:06+00:00\",\"dateModified\":\"2026-06-18T13:11:28+00:00\",\"breadcrumb\":{\"@id\":\"https:\\\/\\\/dorogimedence.hu\\\/index.php\\\/2026\\\/06\\\/18\\\/utlezarasok-es-buszmegallo-athelyezes-varhato-a-dobozi-mihaly-utcanal\\\/#breadcrumb\"},\"inLanguage\":\"hu\",\"potentialAction\":[{\"@type\":\"ReadAction\",\"target\":[\"https:\\\/\\\/dorogimedence.hu\\\/index.php\\\/2026\\\/06\\\/18\\\/utlezarasok-es-buszmegallo-athelyezes-varhato-a-dobozi-mihaly-utcanal\\\/\"]}]},{\"@type\":\"ImageObject\",\"inLanguage\":\"hu\",\"@id\":\"https:\\\/\\\/dorogimedence.hu\\\/index.php\\\/2026\\\/06\\\/18\\\/utlezarasok-es-buszmegallo-athelyezes-varhato-a-dobozi-mihaly-utcanal\\\/#primaryimage\",\"url\":\"https:\\\/\\\/dorogimedence.hu\\\/wp-content\\\/uploads\\\/2022\\\/09\\\/traffic_signs_g8657c2d28_1280.jpg\",\"contentUrl\":\"https:\\\/\\\/dorogimedence.hu\\\/wp-content\\\/uploads\\\/2022\\\/09\\\/traffic_signs_g8657c2d28_1280.jpg\",\"width\":1280,\"height\":905},{\"@type\":\"BreadcrumbList\",\"@id\":\"https:\\\/\\\/dorogimedence.hu\\\/index.php\\\/2026\\\/06\\\/18\\\/utlezarasok-es-buszmegallo-athelyezes-varhato-a-dobozi-mihaly-utcanal\\\/#breadcrumb\",\"itemListElement\":[{\"@type\":\"ListItem\",\"position\":1,\"name\":\"Kezd\u0151lap\",\"item\":\"https:\\\/\\\/dorogimedence.hu\\\/\"},{\"@type\":\"ListItem\",\"position\":2,\"name\":\"\u00datlez\u00e1r\u00e1sok \u00e9s buszmeg\u00e1ll\u00f3-\u00e1thelyez\u00e9s v\u00e1rhat\u00f3 a Dobozi Mih\u00e1ly utc\u00e1n\u00e1l\"}]},{\"@type\":\"WebSite\",\"@id\":\"https:\\\/\\\/dorogimedence.hu\\\/#website\",\"url\":\"https:\\\/\\\/dorogimedence.hu\\\/\",\"name\":\"Dorogi-medence Region\u00e1lis H\u00edrport\u00e1l\",\"description\":\"Dorog, Keszt\u00f6lc, Le\u00e1nyv\u00e1r, Piliscs\u00e9v, Tokod, Tokodalt\u00e1r\u00f3, Csolnok, Esztergom-kertv\u00e1ros: h\u00edrek, programok\",\"publisher\":{\"@id\":\"https:\\\/\\\/dorogimedence.hu\\\/#organization\"},\"potentialAction\":[{\"@type\":\"SearchAction\",\"target\":{\"@type\":\"EntryPoint\",\"urlTemplate\":\"https:\\\/\\\/dorogimedence.hu\\\/?s={search_term_string}\"},\"query-input\":{\"@type\":\"PropertyValueSpecification\",\"valueRequired\":true,\"valueName\":\"search_term_string\"}}],\"inLanguage\":\"hu\"},{\"@type\":\"Organization\",\"@id\":\"https:\\\/\\\/dorogimedence.hu\\\/#organization\",\"name\":\"Dorogi-medence Region\u00e1lis H\u00edrport\u00e1l\",\"url\":\"https:\\\/\\\/dorogimedence.hu\\\/\",\"logo\":{\"@type\":\"ImageObject\",\"inLanguage\":\"hu\",\"@id\":\"https:\\\/\\\/dorogimedence.hu\\\/#\\\/schema\\\/logo\\\/image\\\/\",\"url\":\"https:\\\/\\\/dorogimedence.hu\\\/wp-content\\\/uploads\\\/2021\\\/04\\\/logo-feher-600.png\",\"contentUrl\":\"https:\\\/\\\/dorogimedence.hu\\\/wp-content\\\/uploads\\\/2021\\\/04\\\/logo-feher-600.png\",\"width\":600,\"height\":100,\"caption\":\"Dorogi-medence Region\u00e1lis H\u00edrport\u00e1l\"},\"image\":{\"@id\":\"https:\\\/\\\/dorogimedence.hu\\\/#\\\/schema\\\/logo\\\/image\\\/\"},\"sameAs\":[\"https:\\\/\\\/www.facebook.com\\\/dorogimedence\\\/\"]},{\"@type\":\"Person\",\"@id\":\"https:\\\/\\\/dorogimedence.hu\\\/#\\\/schema\\\/person\\\/ce6091eeb7e95ecdc87890d6aa8e0fd4\",\"name\":\"dorogimedence.hu\",\"image\":{\"@type\":\"ImageObject\",\"inLanguage\":\"hu\",\"@id\":\"\\\/\\\/www.gravatar.com\\\/avatar\\\/d8d45f8901aadff40a4af72c0b826f1d?s=96&#038;r=g&#038;d=mm\",\"url\":\"\\\/\\\/www.gravatar.com\\\/avatar\\\/d8d45f8901aadff40a4af72c0b826f1d?s=96&#038;r=g&#038;d=mm\",\"contentUrl\":\"\\\/\\\/www.gravatar.com\\\/avatar\\\/d8d45f8901aadff40a4af72c0b826f1d?s=96&#038;r=g&#038;d=mm\",\"caption\":\"dorogimedence.hu\"}}]}<\/script>\n<!-- \/ Yoast SEO plugin. -->","yoast_head_json":{"title":"\u00datlez\u00e1r\u00e1sok \u00e9s buszmeg\u00e1ll\u00f3-\u00e1thelyez\u00e9s v\u00e1rhat\u00f3 a Dobozi Mih\u00e1ly utc\u00e1n\u00e1l","robots":{"index":"index","follow":"follow","max-snippet":"max-snippet:-1","max-image-preview":"max-image-preview:large","max-video-preview":"max-video-preview:-1"},"canonical":"https:\/\/dorogimedence.hu\/index.php\/2026\/06\/18\/utlezarasok-es-buszmegallo-athelyezes-varhato-a-dobozi-mihaly-utcanal\/","og_locale":"hu_HU","og_type":"article","og_title":"\u00datlez\u00e1r\u00e1sok \u00e9s buszmeg\u00e1ll\u00f3-\u00e1thelyez\u00e9s v\u00e1rhat\u00f3 a Dobozi Mih\u00e1ly utc\u00e1n\u00e1l","og_description":"J\u00fanius v\u00e9g\u00e9n \u00e9s j\u00falius elej\u00e9n ideiglenes forgalomkorl\u00e1toz\u00e1sokra, valamint buszmeg\u00e1ll\u00f3-\u00e1thelyez\u00e9sre kell sz\u00e1m\u00edtani Esztergomban a Dobozi Mih\u00e1ly utca t\u00e9rs\u00e9g\u00e9ben. Az \u00f6nkorm\u00e1nyzat t\u00e1j\u00e9koztat\u00e1sa szerint aszfaltoz\u00e1si munk\u00e1latok miatt t\u00f6bb \u00fatvonalon is v\u00e1ltozik a k\u00f6zleked\u00e9si rend. K\u00e9t h\u00e9tv\u00e9g\u00e9t \u00e9rintenek a munk\u00e1latok A kivitelez\u0151 2026. j\u00fanius 27\u201328-\u00e1n, valamint j\u00falius 4\u20135-\u00e9n v\u00e9gez aszfaltoz\u00e1si munk\u00e1kat a Dobozi Mih\u00e1ly utca \u00e9s a Vaskapui \u00fat","og_url":"https:\/\/dorogimedence.hu\/index.php\/2026\/06\/18\/utlezarasok-es-buszmegallo-athelyezes-varhato-a-dobozi-mihaly-utcanal\/","og_site_name":"Dorogi-medence Region\u00e1lis H\u00edrport\u00e1l","article_publisher":"https:\/\/www.facebook.com\/dorogimedence\/","article_published_time":"2026-06-18T13:10:06+00:00","article_modified_time":"2026-06-18T13:11:28+00:00","og_image":[{"width":1280,"height":905,"url":"https:\/\/dorogimedence.hu\/wp-content\/uploads\/2022\/09\/traffic_signs_g8657c2d28_1280.jpg","type":"image\/jpeg"}],"author":"dorogimedence.hu","twitter_card":"summary_large_image","twitter_misc":{"Szerz\u0151:":"dorogimedence.hu","Becs\u00fclt olvas\u00e1si id\u0151":"2 perc"},"schema":{"@context":"https:\/\/schema.org","@graph":[{"@type":"Article","@id":"https:\/\/dorogimedence.hu\/index.php\/2026\/06\/18\/utlezarasok-es-buszmegallo-athelyezes-varhato-a-dobozi-mihaly-utcanal\/#article","isPartOf":{"@id":"https:\/\/dorogimedence.hu\/index.php\/2026\/06\/18\/utlezarasok-es-buszmegallo-athelyezes-varhato-a-dobozi-mihaly-utcanal\/"},"author":{"name":"dorogimedence.hu","@id":"https:\/\/dorogimedence.hu\/#\/schema\/person\/ce6091eeb7e95ecdc87890d6aa8e0fd4"},"headline":"\u00datlez\u00e1r\u00e1sok \u00e9s buszmeg\u00e1ll\u00f3-\u00e1thelyez\u00e9s v\u00e1rhat\u00f3 a Dobozi Mih\u00e1ly utc\u00e1n\u00e1l","datePublished":"2026-06-18T13:10:06+00:00","dateModified":"2026-06-18T13:11:28+00:00","mainEntityOfPage":{"@id":"https:\/\/dorogimedence.hu\/index.php\/2026\/06\/18\/utlezarasok-es-buszmegallo-athelyezes-varhato-a-dobozi-mihaly-utcanal\/"},"wordCount":443,"publisher":{"@id":"https:\/\/dorogimedence.hu\/#organization"},"image":{"@id":"https:\/\/dorogimedence.hu\/index.php\/2026\/06\/18\/utlezarasok-es-buszmegallo-athelyezes-varhato-a-dobozi-mihaly-utcanal\/#primaryimage"},"thumbnailUrl":"https:\/\/dorogimedence.hu\/wp-content\/uploads\/2022\/09\/traffic_signs_g8657c2d28_1280.jpg","keywords":["aut\u00f3busz","busz","buszmeg\u00e1ll\u00f3-\u00e1thelyez\u00e9s","esztergom","forgalomkorl\u00e1toz\u00e1s","m\u00e1v","\u00fatlez\u00e1r\u00e1s","vol\u00e1nbusz"],"articleSection":["Esztergom","H\u00edrek"],"inLanguage":"hu"},{"@type":"WebPage","@id":"https:\/\/dorogimedence.hu\/index.php\/2026\/06\/18\/utlezarasok-es-buszmegallo-athelyezes-varhato-a-dobozi-mihaly-utcanal\/","url":"https:\/\/dorogimedence.hu\/index.php\/2026\/06\/18\/utlezarasok-es-buszmegallo-athelyezes-varhato-a-dobozi-mihaly-utcanal\/","name":"\u00datlez\u00e1r\u00e1sok \u00e9s buszmeg\u00e1ll\u00f3-\u00e1thelyez\u00e9s v\u00e1rhat\u00f3 a Dobozi Mih\u00e1ly utc\u00e1n\u00e1l","isPartOf":{"@id":"https:\/\/dorogimedence.hu\/#website"},"primaryImageOfPage":{"@id":"https:\/\/dorogimedence.hu\/index.php\/2026\/06\/18\/utlezarasok-es-buszmegallo-athelyezes-varhato-a-dobozi-mihaly-utcanal\/#primaryimage"},"image":{"@id":"https:\/\/dorogimedence.hu\/index.php\/2026\/06\/18\/utlezarasok-es-buszmegallo-athelyezes-varhato-a-dobozi-mihaly-utcanal\/#primaryimage"},"thumbnailUrl":"https:\/\/dorogimedence.hu\/wp-content\/uploads\/2022\/09\/traffic_signs_g8657c2d28_1280.jpg","datePublished":"2026-06-18T13:10:06+00:00","dateModified":"2026-06-18T13:11:28+00:00","breadcrumb":{"@id":"https:\/\/dorogimedence.hu\/index.php\/2026\/06\/18\/utlezarasok-es-buszmegallo-athelyezes-varhato-a-dobozi-mihaly-utcanal\/#breadcrumb"},"inLanguage":"hu","potentialAction":[{"@type":"ReadAction","target":["https:\/\/dorogimedence.hu\/index.php\/2026\/06\/18\/utlezarasok-es-buszmegallo-athelyezes-varhato-a-dobozi-mihaly-utcanal\/"]}]},{"@type":"ImageObject","inLanguage":"hu","@id":"https:\/\/dorogimedence.hu\/index.php\/2026\/06\/18\/utlezarasok-es-buszmegallo-athelyezes-varhato-a-dobozi-mihaly-utcanal\/#primaryimage","url":"https:\/\/dorogimedence.hu\/wp-content\/uploads\/2022\/09\/traffic_signs_g8657c2d28_1280.jpg","contentUrl":"https:\/\/dorogimedence.hu\/wp-content\/uploads\/2022\/09\/traffic_signs_g8657c2d28_1280.jpg","width":1280,"height":905},{"@type":"BreadcrumbList","@id":"https:\/\/dorogimedence.hu\/index.php\/2026\/06\/18\/utlezarasok-es-buszmegallo-athelyezes-varhato-a-dobozi-mihaly-utcanal\/#breadcrumb","itemListElement":[{"@type":"ListItem","position":1,"name":"Kezd\u0151lap","item":"https:\/\/dorogimedence.hu\/"},{"@type":"ListItem","position":2,"name":"\u00datlez\u00e1r\u00e1sok \u00e9s buszmeg\u00e1ll\u00f3-\u00e1thelyez\u00e9s v\u00e1rhat\u00f3 a Dobozi Mih\u00e1ly utc\u00e1n\u00e1l"}]},{"@type":"WebSite","@id":"https:\/\/dorogimedence.hu\/#website","url":"https:\/\/dorogimedence.hu\/","name":"Dorogi-medence Region\u00e1lis H\u00edrport\u00e1l","description":"Dorog, Keszt\u00f6lc, Le\u00e1nyv\u00e1r, Piliscs\u00e9v, Tokod, Tokodalt\u00e1r\u00f3, Csolnok, Esztergom-kertv\u00e1ros: h\u00edrek, programok","publisher":{"@id":"https:\/\/dorogimedence.hu\/#organization"},"potentialAction":[{"@type":"SearchAction","target":{"@type":"EntryPoint","urlTemplate":"https:\/\/dorogimedence.hu\/?s={search_term_string}"},"query-input":{"@type":"PropertyValueSpecification","valueRequired":true,"valueName":"search_term_string"}}],"inLanguage":"hu"},{"@type":"Organization","@id":"https:\/\/dorogimedence.hu\/#organization","name":"Dorogi-medence Region\u00e1lis H\u00edrport\u00e1l","url":"https:\/\/dorogimedence.hu\/","logo":{"@type":"ImageObject","inLanguage":"hu","@id":"https:\/\/dorogimedence.hu\/#\/schema\/logo\/image\/","url":"https:\/\/dorogimedence.hu\/wp-content\/uploads\/2021\/04\/logo-feher-600.png","contentUrl":"https:\/\/dorogimedence.hu\/wp-content\/uploads\/2021\/04\/logo-feher-600.png","width":600,"height":100,"caption":"Dorogi-medence Region\u00e1lis H\u00edrport\u00e1l"},"image":{"@id":"https:\/\/dorogimedence.hu\/#\/schema\/logo\/image\/"},"sameAs":["https:\/\/www.facebook.com\/dorogimedence\/"]},{"@type":"Person","@id":"https:\/\/dorogimedence.hu\/#\/schema\/person\/ce6091eeb7e95ecdc87890d6aa8e0fd4","name":"dorogimedence.hu","image":{"@type":"ImageObject","inLanguage":"hu","@id":"\/\/www.gravatar.com\/avatar\/d8d45f8901aadff40a4af72c0b826f1d?s=96&#038;r=g&#038;d=mm","url":"\/\/www.gravatar.com\/avatar\/d8d45f8901aadff40a4af72c0b826f1d?s=96&#038;r=g&#038;d=mm","contentUrl":"\/\/www.gravatar.com\/avatar\/d8d45f8901aadff40a4af72c0b826f1d?s=96&#038;r=g&#038;d=mm","caption":"dorogimedence.hu"}}]}},"_links":{"self":[{"href":"https:\/\/dorogimedence.hu\/index.php\/wp-json\/wp\/v2\/posts\/81211","targetHints":{"allow":["GET"]}}],"collection":[{"href":"https:\/\/dorogimedence.hu\/index.php\/wp-json\/wp\/v2\/posts"}],"about":[{"href":"https:\/\/dorogimedence.hu\/index.php\/wp-json\/wp\/v2\/types\/post"}],"author":[{"embeddable":true,"href":"https:\/\/dorogimedence.hu\/index.php\/wp-json\/wp\/v2\/users\/1"}],"replies":[{"embeddable":true,"href":"https:\/\/dorogimedence.hu\/index.php\/wp-json\/wp\/v2\/comments?post=81211"}],"version-history":[{"count":1,"href":"https:\/\/dorogimedence.hu\/index.php\/wp-json\/wp\/v2\/posts\/81211\/revisions"}],"predecessor-version":[{"id":81212,"href":"https:\/\/dorogimedence.hu\/index.php\/wp-json\/wp\/v2\/posts\/81211\/revisions\/81212"}],"wp:featuredmedia":[{"embeddable":true,"href":"https:\/\/dorogimedence.hu\/index.php\/wp-json\/wp\/v2\/media\/46913"}],"wp:attachment":[{"href":"https:\/\/dorogimedence.hu\/index.php\/wp-json\/wp\/v2\/media?parent=81211"}],"wp:term":[{"taxonomy":"category","embeddable":true,"href":"https:\/\/dorogimedence.hu\/index.php\/wp-json\/wp\/v2\/categories?post=81211"},{"taxonomy":"post_tag","embeddable":true,"href":"https:\/\/dorogimedence.hu\/index.php\/wp-json\/wp\/v2\/tags?post=81211"}],"curies":[{"name":"wp","href":"https:\/\/api.w.org\/{rel}","templated":true}]}}