{"id":81205,"date":"2026-06-18T14:38:46","date_gmt":"2026-06-18T12:38:46","guid":{"rendered":"https:\/\/dorogimedence.hu\/?p=81205"},"modified":"2026-06-18T14:38:46","modified_gmt":"2026-06-18T12:38:46","slug":"megnyilt-az-uj-duna-parti-setany-esztergomban","status":"publish","type":"post","link":"https:\/\/dorogimedence.hu\/index.php\/2026\/06\/18\/megnyilt-az-uj-duna-parti-setany-esztergomban\/","title":{"rendered":"Megny\u00edlt az \u00faj Duna-parti s\u00e9t\u00e1ny Esztergomban"},"content":{"rendered":"<p><strong>J\u00fanius 18-\u00e1n \u00fajabb fontos m\u00e9rf\u00f6ldk\u0151h\u00f6z \u00e9rkezett Esztergom \u00e1rv\u00edzv\u00e9delmi fejleszt\u00e9se: elbontott\u00e1k a kordonokat a Pr\u00edm\u00e1s-szigeten \u00e9p\u00fcl\u0151 \u00faj v\u00e9dvonal elk\u00e9sz\u00fclt szakasz\u00e1n, \u00edgy ism\u00e9t megny\u00edlt a Duna-part az ott s\u00e9t\u00e1l\u00f3k el\u0151tt, valamint \u00fajra l\u00e1togathat\u00f3v\u00e1 v\u00e1lt a Palkovics-pad is. A h\u00edrt Hern\u00e1di \u00c1d\u00e1m polg\u00e1rmester osztotta meg <a href=\"https:\/\/www.facebook.com\/hernadiadam.esztergom\/posts\/pfbid0oM1bkiw7CupRM2zCpDmu17NBzcepWwfimkMMdUj8cSGcBT82pgBmCEPCtDFzvSaVl\" target=\"_blank\" rel=\"noopener\"><span style=\"text-decoration: underline; color: #0000ff;\">k\u00f6z\u00f6ss\u00e9gi oldal\u00e1n<\/span><\/a>.<\/strong><\/p>\n<h3>Az \u00e1rv\u00edzv\u00e9delem mellett a v\u00e1rosk\u00e9p is meg\u00fajul<\/h3>\n<p>Az Esztergom \u00e1rv\u00edzv\u00e9delm\u00e9nek fejleszt\u00e9se elnevez\u00e9s\u0171 beruh\u00e1z\u00e1s keret\u00e9ben a Pr\u00edm\u00e1s-szigeten mintegy 1,5 kilom\u00e9ter hosszban \u00e9p\u00fcl ki \u00faj \u00e1rv\u00edzv\u00e9delmi rendszer. A M\u00e1ria Val\u00e9ria h\u00edd t\u00e9rs\u00e9g\u00e9t\u0151l a Palkovics-padig tart\u00f3 szakaszon parapetfalb\u00f3l \u00e9s mobil \u00e1rv\u00edzv\u00e9delmi elemekb\u0151l \u00e1ll\u00f3 v\u00e9dvonal k\u00e9sz\u00fcl, amelyet \u00fagy terveztek meg, hogy illeszkedjen a t\u00f6rt\u00e9nelmi k\u00f6rnyezethez, mik\u00f6zben meg\u0151rzi a Duna-part jelleg\u00e9t \u00e9s a panor\u00e1m\u00e1t.<\/p>\n<p>A fejleszt\u00e9s r\u00e9szek\u00e9nt egy \u00faj Duna-parti s\u00e9t\u00e1nyszakasz is l\u00e9trej\u00f6tt. Az \u00faj t\u00e9rburkolatokkal, d\u00edszkandel\u00e1berekkel, padokkal \u00e9s n\u00f6v\u00e9nytelep\u00edt\u00e9sekkel kialak\u00edtott promen\u00e1d a v\u00e1ros egyik legszebb panor\u00e1m\u00e1j\u00fa partszakasz\u00e1v\u00e1 v\u00e1lt. A rendszer t\u00f6bb pontj\u00e1n \u00fagynevezett kulisszany\u00edl\u00e1sok biztos\u00edtj\u00e1k a kik\u00f6t\u0151k \u00e9s a v\u00edzpart megk\u00f6zel\u00edthet\u0151s\u00e9g\u00e9t, mik\u00f6zben \u00e1rv\u00edz idej\u00e9n ezek a ny\u00edl\u00e1sok lez\u00e1rhat\u00f3k.<\/p>\n<p><img fetchpriority=\"high\" decoding=\"async\" class=\"size-full wp-image-81207\" src=\"https:\/\/dorogimedence.hu\/wp-content\/uploads\/2026\/06\/727058857_1616630503806016_2885185776850187946_n.jpg\" alt=\"\" width=\"2048\" height=\"1150\" srcset=\"https:\/\/dorogimedence.hu\/wp-content\/uploads\/2026\/06\/727058857_1616630503806016_2885185776850187946_n.jpg 2048w, https:\/\/dorogimedence.hu\/wp-content\/uploads\/2026\/06\/727058857_1616630503806016_2885185776850187946_n-600x337.jpg 600w, https:\/\/dorogimedence.hu\/wp-content\/uploads\/2026\/06\/727058857_1616630503806016_2885185776850187946_n-1920x1078.jpg 1920w, https:\/\/dorogimedence.hu\/wp-content\/uploads\/2026\/06\/727058857_1616630503806016_2885185776850187946_n-768x431.jpg 768w, https:\/\/dorogimedence.hu\/wp-content\/uploads\/2026\/06\/727058857_1616630503806016_2885185776850187946_n-1536x863.jpg 1536w, https:\/\/dorogimedence.hu\/wp-content\/uploads\/2026\/06\/727058857_1616630503806016_2885185776850187946_n-150x84.jpg 150w, https:\/\/dorogimedence.hu\/wp-content\/uploads\/2026\/06\/727058857_1616630503806016_2885185776850187946_n-450x253.jpg 450w, https:\/\/dorogimedence.hu\/wp-content\/uploads\/2026\/06\/727058857_1616630503806016_2885185776850187946_n-1200x674.jpg 1200w\" sizes=\"(max-width: 2048px) 100vw, 2048px\" \/><\/p>\n<h3>Meg\u00fajult a Palkovics-pad k\u00f6rnyezete<\/h3>\n<p>A beruh\u00e1z\u00e1s a v\u00e1ros egyik legismertebb dunaparti pihen\u0151hely\u00e9t, a Palkovics-padot is \u00e9rintette. A kor\u00e1bban lez\u00e1rt ter\u00fclet jelent\u0151s \u00e1talakul\u00e1son ment kereszt\u00fcl: \u00faj t\u00e9rburkolatok, l\u00e9pcs\u0151k, d\u00edszkandel\u00e1berek, padok \u00e9s z\u00f6ldfel\u00fcletek k\u00e9sz\u00fcltek, amelyek rendezett \u00e9s m\u00e9lt\u00f3 k\u00f6rnyezetet biztos\u00edtanak a v\u00e1ros egyik legismertebb tal\u00e1lkoz\u00f3- \u00e9s pihen\u0151hely\u00e9nek.<\/p>\n<p>A pad h\u00f3napokon kereszt\u00fcl munkater\u00fcleten bel\u00fcl volt, ez\u00e9rt nem lehetett megk\u00f6zel\u00edteni. A kordonok elbont\u00e1s\u00e1val azonban ism\u00e9t l\u00e1togathat\u00f3v\u00e1 v\u00e1lt, \u00e9s \u00fajra birtokba vehetik a Dun\u00e1ban, a Bazilik\u00e1ban vagy a M\u00e1ria Val\u00e9ria h\u00edd l\u00e1tv\u00e1ny\u00e1ban gy\u00f6ny\u00f6rk\u00f6d\u0151 s\u00e9t\u00e1l\u00f3k.<\/p>\n<p><img decoding=\"async\" class=\"alignnone size-full wp-image-81208\" src=\"https:\/\/dorogimedence.hu\/wp-content\/uploads\/2026\/06\/726494955_1616630313806035_2798076195692554927_n.jpg\" alt=\"\" width=\"2048\" height=\"1536\" srcset=\"https:\/\/dorogimedence.hu\/wp-content\/uploads\/2026\/06\/726494955_1616630313806035_2798076195692554927_n.jpg 2048w, https:\/\/dorogimedence.hu\/wp-content\/uploads\/2026\/06\/726494955_1616630313806035_2798076195692554927_n-600x450.jpg 600w, https:\/\/dorogimedence.hu\/wp-content\/uploads\/2026\/06\/726494955_1616630313806035_2798076195692554927_n-1920x1440.jpg 1920w, https:\/\/dorogimedence.hu\/wp-content\/uploads\/2026\/06\/726494955_1616630313806035_2798076195692554927_n-768x576.jpg 768w, https:\/\/dorogimedence.hu\/wp-content\/uploads\/2026\/06\/726494955_1616630313806035_2798076195692554927_n-1536x1152.jpg 1536w, https:\/\/dorogimedence.hu\/wp-content\/uploads\/2026\/06\/726494955_1616630313806035_2798076195692554927_n-150x113.jpg 150w, https:\/\/dorogimedence.hu\/wp-content\/uploads\/2026\/06\/726494955_1616630313806035_2798076195692554927_n-450x338.jpg 450w, https:\/\/dorogimedence.hu\/wp-content\/uploads\/2026\/06\/726494955_1616630313806035_2798076195692554927_n-1200x900.jpg 1200w\" sizes=\"(max-width: 2048px) 100vw, 2048px\" \/><\/p>\n<h3>Hamarosan teljess\u00e9 v\u00e1lik a l\u00e1tv\u00e1ny<\/h3>\n<p>Hern\u00e1di \u00c1d\u00e1m t\u00e1j\u00e9koztat\u00e1sa szerint a s\u00e9t\u00e1ny kialak\u00edt\u00e1sa m\u00e9g nem fejez\u0151d\u00f6tt be teljesen, a k\u00f6zvil\u00e1g\u00edt\u00e1s tov\u00e1bbi elemei a j\u00f6v\u0151 h\u00e9t folyam\u00e1n \u00e9rkeznek meg. Ezek telep\u00edt\u00e9s\u00e9vel v\u00e1lik teljess\u00e9 a partszakasz \u00faj arculata.<\/p>\n<h3>Hossz\u00fa t\u00e1v\u00fa v\u00e9delem a Duna \u00e1rvizei ellen<\/h3>\n<p>A fejleszt\u00e9s c\u00e9lja, hogy korszer\u0171 \u00e9s biztons\u00e1gos \u00e1rv\u00edzv\u00e9delmi rendszert hozzanak l\u00e9tre Esztergomban. A szakemberek szerint a kor\u00e1bbi v\u00e9dvonal m\u00e1r nem felelt meg marad\u00e9ktalanul a mai \u00e1rv\u00edzv\u00e9delmi k\u00f6vetelm\u00e9nyeknek, ez\u00e9rt v\u00e1lt sz\u00fcks\u00e9gess\u00e9 az \u00faj rendszer ki\u00e9p\u00edt\u00e9se.<\/p>\n<p>A most megnyitott s\u00e9t\u00e1nyszakasz az \u00e9p\u00fcl\u0151 beruh\u00e1z\u00e1s egyik legl\u00e1tv\u00e1nyosabb eleme. Az \u00faj Duna-parti promen\u00e1d nemcsak az \u00e1rv\u00edzv\u00e9delem szempontj\u00e1b\u00f3l jelent el\u0151rel\u00e9p\u00e9st, hanem egy olyan k\u00f6z\u00f6ss\u00e9gi t\u00e9rrel is gazdag\u00edtja Esztergomot, amely egyszerre szolg\u00e1lja a kikapcsol\u00f3d\u00e1st, a v\u00e1rosk\u00e9pet \u00e9s a turizmust.<\/p>\n<p><img decoding=\"async\" class=\"alignnone size-full wp-image-81209\" src=\"https:\/\/dorogimedence.hu\/wp-content\/uploads\/2026\/06\/726145749_1558481752479042_8436104076714637348_n.jpg\" alt=\"\" width=\"2048\" height=\"1538\" srcset=\"https:\/\/dorogimedence.hu\/wp-content\/uploads\/2026\/06\/726145749_1558481752479042_8436104076714637348_n.jpg 2048w, https:\/\/dorogimedence.hu\/wp-content\/uploads\/2026\/06\/726145749_1558481752479042_8436104076714637348_n-600x451.jpg 600w, https:\/\/dorogimedence.hu\/wp-content\/uploads\/2026\/06\/726145749_1558481752479042_8436104076714637348_n-1920x1442.jpg 1920w, https:\/\/dorogimedence.hu\/wp-content\/uploads\/2026\/06\/726145749_1558481752479042_8436104076714637348_n-768x577.jpg 768w, https:\/\/dorogimedence.hu\/wp-content\/uploads\/2026\/06\/726145749_1558481752479042_8436104076714637348_n-1536x1154.jpg 1536w, https:\/\/dorogimedence.hu\/wp-content\/uploads\/2026\/06\/726145749_1558481752479042_8436104076714637348_n-150x113.jpg 150w, https:\/\/dorogimedence.hu\/wp-content\/uploads\/2026\/06\/726145749_1558481752479042_8436104076714637348_n-450x338.jpg 450w, https:\/\/dorogimedence.hu\/wp-content\/uploads\/2026\/06\/726145749_1558481752479042_8436104076714637348_n-1200x901.jpg 1200w\" sizes=\"(max-width: 2048px) 100vw, 2048px\" \/><\/p>\n<p><em>Fot\u00f3k: Hern\u00e1di \u00c1d\u00e1m Facebook-oldala<\/em><\/p>\n","protected":false},"excerpt":{"rendered":"<p>J\u00fanius 18-\u00e1n \u00fajabb fontos m\u00e9rf\u00f6ldk\u0151h\u00f6z \u00e9rkezett Esztergom \u00e1rv\u00edzv\u00e9delmi fejleszt\u00e9se: elbontott\u00e1k a kordonokat a Pr\u00edm\u00e1s-szigeten \u00e9p\u00fcl\u0151 \u00faj v\u00e9dvonal elk\u00e9sz\u00fclt szakasz\u00e1n, \u00edgy ism\u00e9t megny\u00edlt a Duna-part az ott s\u00e9t\u00e1l\u00f3k el\u0151tt, valamint \u00fajra l\u00e1togathat\u00f3v\u00e1 v\u00e1lt a Palkovics-pad is. A h\u00edrt Hern\u00e1di \u00c1d\u00e1m polg\u00e1rmester osztotta meg k\u00f6z\u00f6ss\u00e9gi oldal\u00e1n. Az \u00e1rv\u00edzv\u00e9delem mellett a v\u00e1rosk\u00e9p is meg\u00fajul Az Esztergom \u00e1rv\u00edzv\u00e9delm\u00e9nek fejleszt\u00e9se<\/p>\n","protected":false},"author":1,"featured_media":81206,"comment_status":"closed","ping_status":"closed","sticky":false,"template":"","format":"standard","meta":{"ngg_post_thumbnail":0,"footnotes":""},"categories":[38,3],"tags":[229,42,5624,136],"class_list":["post-81205","post","type-post","status-publish","format-standard","has-post-thumbnail","category-esztergom","category-hirek","tag-duna","tag-esztergom","tag-featured","tag-gat"],"yoast_head":"<!-- This site is optimized with the Yoast SEO plugin v28.3 - https:\/\/yoast.com\/product\/yoast-seo-wordpress\/ -->\n<title>Megny\u00edlt az \u00faj Duna-parti s\u00e9t\u00e1ny Esztergomban<\/title>\n<meta name=\"robots\" content=\"index, follow, max-snippet:-1, max-image-preview:large, max-video-preview:-1\" \/>\n<link rel=\"canonical\" href=\"https:\/\/dorogimedence.hu\/index.php\/2026\/06\/18\/megnyilt-az-uj-duna-parti-setany-esztergomban\/\" class=\"yoast-seo-meta-tag\" \/>\n<meta property=\"og:locale\" content=\"hu_HU\" class=\"yoast-seo-meta-tag\" \/>\n<meta property=\"og:type\" content=\"article\" class=\"yoast-seo-meta-tag\" \/>\n<meta property=\"og:title\" content=\"Megny\u00edlt az \u00faj Duna-parti s\u00e9t\u00e1ny Esztergomban\" class=\"yoast-seo-meta-tag\" \/>\n<meta property=\"og:description\" content=\"J\u00fanius 18-\u00e1n \u00fajabb fontos m\u00e9rf\u00f6ldk\u0151h\u00f6z \u00e9rkezett Esztergom \u00e1rv\u00edzv\u00e9delmi fejleszt\u00e9se: elbontott\u00e1k a kordonokat a Pr\u00edm\u00e1s-szigeten \u00e9p\u00fcl\u0151 \u00faj v\u00e9dvonal elk\u00e9sz\u00fclt szakasz\u00e1n, \u00edgy ism\u00e9t megny\u00edlt a Duna-part az ott s\u00e9t\u00e1l\u00f3k el\u0151tt, valamint \u00fajra l\u00e1togathat\u00f3v\u00e1 v\u00e1lt a Palkovics-pad is. A h\u00edrt Hern\u00e1di \u00c1d\u00e1m polg\u00e1rmester osztotta meg k\u00f6z\u00f6ss\u00e9gi oldal\u00e1n. Az \u00e1rv\u00edzv\u00e9delem mellett a v\u00e1rosk\u00e9p is meg\u00fajul Az Esztergom \u00e1rv\u00edzv\u00e9delm\u00e9nek fejleszt\u00e9se\" class=\"yoast-seo-meta-tag\" \/>\n<meta property=\"og:url\" content=\"https:\/\/dorogimedence.hu\/index.php\/2026\/06\/18\/megnyilt-az-uj-duna-parti-setany-esztergomban\/\" class=\"yoast-seo-meta-tag\" \/>\n<meta property=\"og:site_name\" content=\"Dorogi-medence Region\u00e1lis H\u00edrport\u00e1l\" class=\"yoast-seo-meta-tag\" \/>\n<meta property=\"article:publisher\" content=\"https:\/\/www.facebook.com\/dorogimedence\/\" class=\"yoast-seo-meta-tag\" \/>\n<meta property=\"article:published_time\" content=\"2026-06-18T12:38:46+00:00\" class=\"yoast-seo-meta-tag\" \/>\n<meta property=\"og:image\" content=\"https:\/\/dorogimedence.hu\/wp-content\/uploads\/2026\/06\/725803856_1616630387139361_8894304812127154940_n.jpg\" class=\"yoast-seo-meta-tag\" \/>\n\t<meta property=\"og:image:width\" content=\"2048\" class=\"yoast-seo-meta-tag\" \/>\n\t<meta property=\"og:image:height\" content=\"1536\" class=\"yoast-seo-meta-tag\" \/>\n\t<meta property=\"og:image:type\" content=\"image\/jpeg\" class=\"yoast-seo-meta-tag\" \/>\n<meta name=\"author\" content=\"dorogimedence.hu\" class=\"yoast-seo-meta-tag\" \/>\n<meta name=\"twitter:card\" content=\"summary_large_image\" class=\"yoast-seo-meta-tag\" \/>\n<meta name=\"twitter:label1\" content=\"Szerz\u0151:\" class=\"yoast-seo-meta-tag\" \/>\n\t<meta name=\"twitter:data1\" content=\"dorogimedence.hu\" class=\"yoast-seo-meta-tag\" \/>\n\t<meta name=\"twitter:label2\" content=\"Becs\u00fclt olvas\u00e1si id\u0151\" class=\"yoast-seo-meta-tag\" \/>\n\t<meta name=\"twitter:data2\" content=\"3 perc\" class=\"yoast-seo-meta-tag\" \/>\n<script type=\"application\/ld+json\" class=\"yoast-schema-graph\">{\"@context\":\"https:\\\/\\\/schema.org\",\"@graph\":[{\"@type\":\"Article\",\"@id\":\"https:\\\/\\\/dorogimedence.hu\\\/index.php\\\/2026\\\/06\\\/18\\\/megnyilt-az-uj-duna-parti-setany-esztergomban\\\/#article\",\"isPartOf\":{\"@id\":\"https:\\\/\\\/dorogimedence.hu\\\/index.php\\\/2026\\\/06\\\/18\\\/megnyilt-az-uj-duna-parti-setany-esztergomban\\\/\"},\"author\":{\"name\":\"dorogimedence.hu\",\"@id\":\"https:\\\/\\\/dorogimedence.hu\\\/#\\\/schema\\\/person\\\/ce6091eeb7e95ecdc87890d6aa8e0fd4\"},\"headline\":\"Megny\u00edlt az \u00faj Duna-parti s\u00e9t\u00e1ny Esztergomban\",\"datePublished\":\"2026-06-18T12:38:46+00:00\",\"mainEntityOfPage\":{\"@id\":\"https:\\\/\\\/dorogimedence.hu\\\/index.php\\\/2026\\\/06\\\/18\\\/megnyilt-az-uj-duna-parti-setany-esztergomban\\\/\"},\"wordCount\":605,\"publisher\":{\"@id\":\"https:\\\/\\\/dorogimedence.hu\\\/#organization\"},\"image\":{\"@id\":\"https:\\\/\\\/dorogimedence.hu\\\/index.php\\\/2026\\\/06\\\/18\\\/megnyilt-az-uj-duna-parti-setany-esztergomban\\\/#primaryimage\"},\"thumbnailUrl\":\"https:\\\/\\\/dorogimedence.hu\\\/wp-content\\\/uploads\\\/2026\\\/06\\\/725803856_1616630387139361_8894304812127154940_n.jpg\",\"keywords\":[\"Duna\",\"esztergom\",\"featured\",\"g\u00e1t\"],\"articleSection\":[\"Esztergom\",\"H\u00edrek\"],\"inLanguage\":\"hu\"},{\"@type\":\"WebPage\",\"@id\":\"https:\\\/\\\/dorogimedence.hu\\\/index.php\\\/2026\\\/06\\\/18\\\/megnyilt-az-uj-duna-parti-setany-esztergomban\\\/\",\"url\":\"https:\\\/\\\/dorogimedence.hu\\\/index.php\\\/2026\\\/06\\\/18\\\/megnyilt-az-uj-duna-parti-setany-esztergomban\\\/\",\"name\":\"Megny\u00edlt az \u00faj Duna-parti s\u00e9t\u00e1ny Esztergomban\",\"isPartOf\":{\"@id\":\"https:\\\/\\\/dorogimedence.hu\\\/#website\"},\"primaryImageOfPage\":{\"@id\":\"https:\\\/\\\/dorogimedence.hu\\\/index.php\\\/2026\\\/06\\\/18\\\/megnyilt-az-uj-duna-parti-setany-esztergomban\\\/#primaryimage\"},\"image\":{\"@id\":\"https:\\\/\\\/dorogimedence.hu\\\/index.php\\\/2026\\\/06\\\/18\\\/megnyilt-az-uj-duna-parti-setany-esztergomban\\\/#primaryimage\"},\"thumbnailUrl\":\"https:\\\/\\\/dorogimedence.hu\\\/wp-content\\\/uploads\\\/2026\\\/06\\\/725803856_1616630387139361_8894304812127154940_n.jpg\",\"datePublished\":\"2026-06-18T12:38:46+00:00\",\"breadcrumb\":{\"@id\":\"https:\\\/\\\/dorogimedence.hu\\\/index.php\\\/2026\\\/06\\\/18\\\/megnyilt-az-uj-duna-parti-setany-esztergomban\\\/#breadcrumb\"},\"inLanguage\":\"hu\",\"potentialAction\":[{\"@type\":\"ReadAction\",\"target\":[\"https:\\\/\\\/dorogimedence.hu\\\/index.php\\\/2026\\\/06\\\/18\\\/megnyilt-az-uj-duna-parti-setany-esztergomban\\\/\"]}]},{\"@type\":\"ImageObject\",\"inLanguage\":\"hu\",\"@id\":\"https:\\\/\\\/dorogimedence.hu\\\/index.php\\\/2026\\\/06\\\/18\\\/megnyilt-az-uj-duna-parti-setany-esztergomban\\\/#primaryimage\",\"url\":\"https:\\\/\\\/dorogimedence.hu\\\/wp-content\\\/uploads\\\/2026\\\/06\\\/725803856_1616630387139361_8894304812127154940_n.jpg\",\"contentUrl\":\"https:\\\/\\\/dorogimedence.hu\\\/wp-content\\\/uploads\\\/2026\\\/06\\\/725803856_1616630387139361_8894304812127154940_n.jpg\",\"width\":2048,\"height\":1536},{\"@type\":\"BreadcrumbList\",\"@id\":\"https:\\\/\\\/dorogimedence.hu\\\/index.php\\\/2026\\\/06\\\/18\\\/megnyilt-az-uj-duna-parti-setany-esztergomban\\\/#breadcrumb\",\"itemListElement\":[{\"@type\":\"ListItem\",\"position\":1,\"name\":\"Kezd\u0151lap\",\"item\":\"https:\\\/\\\/dorogimedence.hu\\\/\"},{\"@type\":\"ListItem\",\"position\":2,\"name\":\"Megny\u00edlt az \u00faj Duna-parti s\u00e9t\u00e1ny Esztergomban\"}]},{\"@type\":\"WebSite\",\"@id\":\"https:\\\/\\\/dorogimedence.hu\\\/#website\",\"url\":\"https:\\\/\\\/dorogimedence.hu\\\/\",\"name\":\"Dorogi-medence Region\u00e1lis H\u00edrport\u00e1l\",\"description\":\"Dorog, Keszt\u00f6lc, Le\u00e1nyv\u00e1r, Piliscs\u00e9v, Tokod, Tokodalt\u00e1r\u00f3, Csolnok, Esztergom-kertv\u00e1ros: h\u00edrek, programok\",\"publisher\":{\"@id\":\"https:\\\/\\\/dorogimedence.hu\\\/#organization\"},\"potentialAction\":[{\"@type\":\"SearchAction\",\"target\":{\"@type\":\"EntryPoint\",\"urlTemplate\":\"https:\\\/\\\/dorogimedence.hu\\\/?s={search_term_string}\"},\"query-input\":{\"@type\":\"PropertyValueSpecification\",\"valueRequired\":true,\"valueName\":\"search_term_string\"}}],\"inLanguage\":\"hu\"},{\"@type\":\"Organization\",\"@id\":\"https:\\\/\\\/dorogimedence.hu\\\/#organization\",\"name\":\"Dorogi-medence Region\u00e1lis H\u00edrport\u00e1l\",\"url\":\"https:\\\/\\\/dorogimedence.hu\\\/\",\"logo\":{\"@type\":\"ImageObject\",\"inLanguage\":\"hu\",\"@id\":\"https:\\\/\\\/dorogimedence.hu\\\/#\\\/schema\\\/logo\\\/image\\\/\",\"url\":\"https:\\\/\\\/dorogimedence.hu\\\/wp-content\\\/uploads\\\/2021\\\/04\\\/logo-feher-600.png\",\"contentUrl\":\"https:\\\/\\\/dorogimedence.hu\\\/wp-content\\\/uploads\\\/2021\\\/04\\\/logo-feher-600.png\",\"width\":600,\"height\":100,\"caption\":\"Dorogi-medence Region\u00e1lis H\u00edrport\u00e1l\"},\"image\":{\"@id\":\"https:\\\/\\\/dorogimedence.hu\\\/#\\\/schema\\\/logo\\\/image\\\/\"},\"sameAs\":[\"https:\\\/\\\/www.facebook.com\\\/dorogimedence\\\/\"]},{\"@type\":\"Person\",\"@id\":\"https:\\\/\\\/dorogimedence.hu\\\/#\\\/schema\\\/person\\\/ce6091eeb7e95ecdc87890d6aa8e0fd4\",\"name\":\"dorogimedence.hu\",\"image\":{\"@type\":\"ImageObject\",\"inLanguage\":\"hu\",\"@id\":\"\\\/\\\/www.gravatar.com\\\/avatar\\\/d8d45f8901aadff40a4af72c0b826f1d?s=96&#038;r=g&#038;d=mm\",\"url\":\"\\\/\\\/www.gravatar.com\\\/avatar\\\/d8d45f8901aadff40a4af72c0b826f1d?s=96&#038;r=g&#038;d=mm\",\"contentUrl\":\"\\\/\\\/www.gravatar.com\\\/avatar\\\/d8d45f8901aadff40a4af72c0b826f1d?s=96&#038;r=g&#038;d=mm\",\"caption\":\"dorogimedence.hu\"}}]}<\/script>\n<!-- \/ Yoast SEO plugin. -->","yoast_head_json":{"title":"Megny\u00edlt az \u00faj Duna-parti s\u00e9t\u00e1ny Esztergomban","robots":{"index":"index","follow":"follow","max-snippet":"max-snippet:-1","max-image-preview":"max-image-preview:large","max-video-preview":"max-video-preview:-1"},"canonical":"https:\/\/dorogimedence.hu\/index.php\/2026\/06\/18\/megnyilt-az-uj-duna-parti-setany-esztergomban\/","og_locale":"hu_HU","og_type":"article","og_title":"Megny\u00edlt az \u00faj Duna-parti s\u00e9t\u00e1ny Esztergomban","og_description":"J\u00fanius 18-\u00e1n \u00fajabb fontos m\u00e9rf\u00f6ldk\u0151h\u00f6z \u00e9rkezett Esztergom \u00e1rv\u00edzv\u00e9delmi fejleszt\u00e9se: elbontott\u00e1k a kordonokat a Pr\u00edm\u00e1s-szigeten \u00e9p\u00fcl\u0151 \u00faj v\u00e9dvonal elk\u00e9sz\u00fclt szakasz\u00e1n, \u00edgy ism\u00e9t megny\u00edlt a Duna-part az ott s\u00e9t\u00e1l\u00f3k el\u0151tt, valamint \u00fajra l\u00e1togathat\u00f3v\u00e1 v\u00e1lt a Palkovics-pad is. A h\u00edrt Hern\u00e1di \u00c1d\u00e1m polg\u00e1rmester osztotta meg k\u00f6z\u00f6ss\u00e9gi oldal\u00e1n. Az \u00e1rv\u00edzv\u00e9delem mellett a v\u00e1rosk\u00e9p is meg\u00fajul Az Esztergom \u00e1rv\u00edzv\u00e9delm\u00e9nek fejleszt\u00e9se","og_url":"https:\/\/dorogimedence.hu\/index.php\/2026\/06\/18\/megnyilt-az-uj-duna-parti-setany-esztergomban\/","og_site_name":"Dorogi-medence Region\u00e1lis H\u00edrport\u00e1l","article_publisher":"https:\/\/www.facebook.com\/dorogimedence\/","article_published_time":"2026-06-18T12:38:46+00:00","og_image":[{"width":2048,"height":1536,"url":"https:\/\/dorogimedence.hu\/wp-content\/uploads\/2026\/06\/725803856_1616630387139361_8894304812127154940_n.jpg","type":"image\/jpeg"}],"author":"dorogimedence.hu","twitter_card":"summary_large_image","twitter_misc":{"Szerz\u0151:":"dorogimedence.hu","Becs\u00fclt olvas\u00e1si id\u0151":"3 perc"},"schema":{"@context":"https:\/\/schema.org","@graph":[{"@type":"Article","@id":"https:\/\/dorogimedence.hu\/index.php\/2026\/06\/18\/megnyilt-az-uj-duna-parti-setany-esztergomban\/#article","isPartOf":{"@id":"https:\/\/dorogimedence.hu\/index.php\/2026\/06\/18\/megnyilt-az-uj-duna-parti-setany-esztergomban\/"},"author":{"name":"dorogimedence.hu","@id":"https:\/\/dorogimedence.hu\/#\/schema\/person\/ce6091eeb7e95ecdc87890d6aa8e0fd4"},"headline":"Megny\u00edlt az \u00faj Duna-parti s\u00e9t\u00e1ny Esztergomban","datePublished":"2026-06-18T12:38:46+00:00","mainEntityOfPage":{"@id":"https:\/\/dorogimedence.hu\/index.php\/2026\/06\/18\/megnyilt-az-uj-duna-parti-setany-esztergomban\/"},"wordCount":605,"publisher":{"@id":"https:\/\/dorogimedence.hu\/#organization"},"image":{"@id":"https:\/\/dorogimedence.hu\/index.php\/2026\/06\/18\/megnyilt-az-uj-duna-parti-setany-esztergomban\/#primaryimage"},"thumbnailUrl":"https:\/\/dorogimedence.hu\/wp-content\/uploads\/2026\/06\/725803856_1616630387139361_8894304812127154940_n.jpg","keywords":["Duna","esztergom","featured","g\u00e1t"],"articleSection":["Esztergom","H\u00edrek"],"inLanguage":"hu"},{"@type":"WebPage","@id":"https:\/\/dorogimedence.hu\/index.php\/2026\/06\/18\/megnyilt-az-uj-duna-parti-setany-esztergomban\/","url":"https:\/\/dorogimedence.hu\/index.php\/2026\/06\/18\/megnyilt-az-uj-duna-parti-setany-esztergomban\/","name":"Megny\u00edlt az \u00faj Duna-parti s\u00e9t\u00e1ny Esztergomban","isPartOf":{"@id":"https:\/\/dorogimedence.hu\/#website"},"primaryImageOfPage":{"@id":"https:\/\/dorogimedence.hu\/index.php\/2026\/06\/18\/megnyilt-az-uj-duna-parti-setany-esztergomban\/#primaryimage"},"image":{"@id":"https:\/\/dorogimedence.hu\/index.php\/2026\/06\/18\/megnyilt-az-uj-duna-parti-setany-esztergomban\/#primaryimage"},"thumbnailUrl":"https:\/\/dorogimedence.hu\/wp-content\/uploads\/2026\/06\/725803856_1616630387139361_8894304812127154940_n.jpg","datePublished":"2026-06-18T12:38:46+00:00","breadcrumb":{"@id":"https:\/\/dorogimedence.hu\/index.php\/2026\/06\/18\/megnyilt-az-uj-duna-parti-setany-esztergomban\/#breadcrumb"},"inLanguage":"hu","potentialAction":[{"@type":"ReadAction","target":["https:\/\/dorogimedence.hu\/index.php\/2026\/06\/18\/megnyilt-az-uj-duna-parti-setany-esztergomban\/"]}]},{"@type":"ImageObject","inLanguage":"hu","@id":"https:\/\/dorogimedence.hu\/index.php\/2026\/06\/18\/megnyilt-az-uj-duna-parti-setany-esztergomban\/#primaryimage","url":"https:\/\/dorogimedence.hu\/wp-content\/uploads\/2026\/06\/725803856_1616630387139361_8894304812127154940_n.jpg","contentUrl":"https:\/\/dorogimedence.hu\/wp-content\/uploads\/2026\/06\/725803856_1616630387139361_8894304812127154940_n.jpg","width":2048,"height":1536},{"@type":"BreadcrumbList","@id":"https:\/\/dorogimedence.hu\/index.php\/2026\/06\/18\/megnyilt-az-uj-duna-parti-setany-esztergomban\/#breadcrumb","itemListElement":[{"@type":"ListItem","position":1,"name":"Kezd\u0151lap","item":"https:\/\/dorogimedence.hu\/"},{"@type":"ListItem","position":2,"name":"Megny\u00edlt az \u00faj Duna-parti s\u00e9t\u00e1ny Esztergomban"}]},{"@type":"WebSite","@id":"https:\/\/dorogimedence.hu\/#website","url":"https:\/\/dorogimedence.hu\/","name":"Dorogi-medence Region\u00e1lis H\u00edrport\u00e1l","description":"Dorog, Keszt\u00f6lc, Le\u00e1nyv\u00e1r, Piliscs\u00e9v, Tokod, Tokodalt\u00e1r\u00f3, Csolnok, Esztergom-kertv\u00e1ros: h\u00edrek, programok","publisher":{"@id":"https:\/\/dorogimedence.hu\/#organization"},"potentialAction":[{"@type":"SearchAction","target":{"@type":"EntryPoint","urlTemplate":"https:\/\/dorogimedence.hu\/?s={search_term_string}"},"query-input":{"@type":"PropertyValueSpecification","valueRequired":true,"valueName":"search_term_string"}}],"inLanguage":"hu"},{"@type":"Organization","@id":"https:\/\/dorogimedence.hu\/#organization","name":"Dorogi-medence Region\u00e1lis H\u00edrport\u00e1l","url":"https:\/\/dorogimedence.hu\/","logo":{"@type":"ImageObject","inLanguage":"hu","@id":"https:\/\/dorogimedence.hu\/#\/schema\/logo\/image\/","url":"https:\/\/dorogimedence.hu\/wp-content\/uploads\/2021\/04\/logo-feher-600.png","contentUrl":"https:\/\/dorogimedence.hu\/wp-content\/uploads\/2021\/04\/logo-feher-600.png","width":600,"height":100,"caption":"Dorogi-medence Region\u00e1lis H\u00edrport\u00e1l"},"image":{"@id":"https:\/\/dorogimedence.hu\/#\/schema\/logo\/image\/"},"sameAs":["https:\/\/www.facebook.com\/dorogimedence\/"]},{"@type":"Person","@id":"https:\/\/dorogimedence.hu\/#\/schema\/person\/ce6091eeb7e95ecdc87890d6aa8e0fd4","name":"dorogimedence.hu","image":{"@type":"ImageObject","inLanguage":"hu","@id":"\/\/www.gravatar.com\/avatar\/d8d45f8901aadff40a4af72c0b826f1d?s=96&#038;r=g&#038;d=mm","url":"\/\/www.gravatar.com\/avatar\/d8d45f8901aadff40a4af72c0b826f1d?s=96&#038;r=g&#038;d=mm","contentUrl":"\/\/www.gravatar.com\/avatar\/d8d45f8901aadff40a4af72c0b826f1d?s=96&#038;r=g&#038;d=mm","caption":"dorogimedence.hu"}}]}},"_links":{"self":[{"href":"https:\/\/dorogimedence.hu\/index.php\/wp-json\/wp\/v2\/posts\/81205","targetHints":{"allow":["GET"]}}],"collection":[{"href":"https:\/\/dorogimedence.hu\/index.php\/wp-json\/wp\/v2\/posts"}],"about":[{"href":"https:\/\/dorogimedence.hu\/index.php\/wp-json\/wp\/v2\/types\/post"}],"author":[{"embeddable":true,"href":"https:\/\/dorogimedence.hu\/index.php\/wp-json\/wp\/v2\/users\/1"}],"replies":[{"embeddable":true,"href":"https:\/\/dorogimedence.hu\/index.php\/wp-json\/wp\/v2\/comments?post=81205"}],"version-history":[{"count":1,"href":"https:\/\/dorogimedence.hu\/index.php\/wp-json\/wp\/v2\/posts\/81205\/revisions"}],"predecessor-version":[{"id":81210,"href":"https:\/\/dorogimedence.hu\/index.php\/wp-json\/wp\/v2\/posts\/81205\/revisions\/81210"}],"wp:featuredmedia":[{"embeddable":true,"href":"https:\/\/dorogimedence.hu\/index.php\/wp-json\/wp\/v2\/media\/81206"}],"wp:attachment":[{"href":"https:\/\/dorogimedence.hu\/index.php\/wp-json\/wp\/v2\/media?parent=81205"}],"wp:term":[{"taxonomy":"category","embeddable":true,"href":"https:\/\/dorogimedence.hu\/index.php\/wp-json\/wp\/v2\/categories?post=81205"},{"taxonomy":"post_tag","embeddable":true,"href":"https:\/\/dorogimedence.hu\/index.php\/wp-json\/wp\/v2\/tags?post=81205"}],"curies":[{"name":"wp","href":"https:\/\/api.w.org\/{rel}","templated":true}]}}