{"id":81179,"date":"2026-06-18T07:25:52","date_gmt":"2026-06-18T05:25:52","guid":{"rendered":"https:\/\/dorogimedence.hu\/?p=81179"},"modified":"2026-06-18T07:25:52","modified_gmt":"2026-06-18T05:25:52","slug":"nyari-utazas-elott-ezt-mindenkepp-ellenorizze-tanacsokat-adott-a-magyar-kozut","status":"publish","type":"post","link":"https:\/\/dorogimedence.hu\/index.php\/2026\/06\/18\/nyari-utazas-elott-ezt-mindenkepp-ellenorizze-tanacsokat-adott-a-magyar-kozut\/","title":{"rendered":"Ny\u00e1ri utaz\u00e1s el\u0151tt ezt mindenk\u00e9pp ellen\u0151rizze \u2013 tan\u00e1csokat adott a Magyar K\u00f6z\u00fat"},"content":{"rendered":"<p><strong>A ny\u00e1ri sz\u00fcnet \u00e9s a szabads\u00e1gok id\u0151szak\u00e1nak kezdet\u00e9vel jelent\u0151sen megn\u0151 a forgalom a magyar utakon. Sokan indulnak hosszabb utaz\u00e1sra belf\u00f6ldi vagy k\u00fclf\u00f6ldi \u00fati c\u00e9lok fel\u00e9, ez\u00e9rt a Magyar K\u00f6z\u00fat Nonprofit Zrt. \u00f6sszegy\u0171jt\u00f6tte azokat a legfontosabb tudnival\u00f3kat, amelyek seg\u00edthetnek a biztons\u00e1gos \u00e9s z\u00f6kken\u0151mentes k\u00f6zleked\u00e9sben.<\/strong><\/p>\n<h3>M\u00e1r az indul\u00e1s el\u0151tt \u00e9rdemes felk\u00e9sz\u00fclni<\/h3>\n<p>A szakemberek szerint az egyik legfontosabb l\u00e9p\u00e9s az utaz\u00e1s alapos megtervez\u00e9se. \u00c9rdemes el\u0151re t\u00e1j\u00e9koz\u00f3dni az \u00fatvonalr\u00f3l, valamint alternat\u00edv lehet\u0151s\u00e9geket is sz\u00e1m\u00edt\u00e1sba venni arra az esetre, ha baleset vagy torl\u00f3d\u00e1s miatt elakadna a forgalom. A Magyar K\u00f6z\u00fat p\u00e9ldak\u00e9nt eml\u00edti, hogy a Balaton t\u00e9rs\u00e9ge nemcsak az M7-es aut\u00f3p\u00e1ly\u00e1n kereszt\u00fcl k\u00f6zel\u00edthet\u0151 meg, hanem m\u00e1s \u00fatvonalakon is.<\/p>\n<p>Arra is felh\u00edvj\u00e1k a figyelmet, hogy lehet\u0151s\u00e9g szerint \u00e9rdemes elker\u00fclni a legforgalmasabb id\u0151szakokat. A tapasztalatok szerint p\u00e9ntek d\u00e9lut\u00e1n, szombat d\u00e9lel\u0151tt, valamint vas\u00e1rnap este \u00e9s h\u00e9tf\u0151 reggel a legnagyobb a forgalom az orsz\u00e1g f\u0151bb \u00fatvonalain. Ilyenkor m\u00e1r egy kisebb koccan\u00e1s is hossz\u00fa kilom\u00e9teres torl\u00f3d\u00e1sokat okozhat.<\/p>\n<p>Indul\u00e1s el\u0151tt c\u00e9lszer\u0171 t\u00e1j\u00e9koz\u00f3dni az aktu\u00e1lis forgalmi helyzetr\u0151l az \u00datinform szolg\u00e1lat\u00e1n\u00e1l vagy annak online fel\u00fcletein, tov\u00e1bb\u00e1 hosszabb \u00fatra mindig elegend\u0151 \u00fczemanyaggal, valamint megfelel\u0151 mennyis\u00e9g\u0171 iv\u00f3v\u00edzzel \u00e9s friss\u00edt\u0151vel aj\u00e1nlott elindulni.<\/p>\n<h3>Ne csak a navig\u00e1ci\u00f3ra hagyatkozzunk<\/h3>\n<p>A Magyar K\u00f6z\u00fat arra k\u00e9ri a j\u00e1rm\u0171vezet\u0151ket, hogy a navig\u00e1ci\u00f3s eszk\u00f6z\u00f6k haszn\u00e1lata mellett mindig figyelj\u00e9k az \u00fatir\u00e1nyjelz\u0151 t\u00e1bl\u00e1kat is. Ha valaki elv\u00e9ti a lehajt\u00f3t az aut\u00f3p\u00e1ly\u00e1n, semmik\u00e9ppen sem szabad megfordulni vagy visszatolatni, hanem a k\u00f6vetkez\u0151 csom\u00f3pontn\u00e1l kell szab\u00e1lyosan visszafordulni.<\/p>\n<p>A szakemberek hangs\u00falyozz\u00e1k a megfelel\u0151 k\u00f6vet\u00e9si t\u00e1vols\u00e1g fontoss\u00e1g\u00e1t is. Er\u0151s forgalomban k\u00fcl\u00f6n\u00f6sen l\u00e9nyeges, hogy a j\u00e1rm\u0171vezet\u0151k elegend\u0151 helyet hagyjanak maguk el\u0151tt, \u00edgy v\u00e1ratlan helyzetben is biztons\u00e1gosan tudnak reag\u00e1lni.<\/p>\n<h3>Torl\u00f3d\u00e1sn\u00e1l a biztons\u00e1gi folyos\u00f3 \u00e9letet menthet<\/h3>\n<p>Amennyiben a forgalom hirtelen lelassul vagy meg\u00e1ll, aj\u00e1nlott bekapcsolni a v\u00e9szvillog\u00f3t, hogy a m\u00f6g\u00f6ttes j\u00e1rm\u0171vek vezet\u0151i id\u0151ben \u00e9szlelj\u00e9k a vesz\u00e9lyhelyzetet. Torl\u00f3d\u00e1s eset\u00e9n k\u00fcl\u00f6n\u00f6sen fontos a biztons\u00e1gi folyos\u00f3 kialak\u00edt\u00e1sa, amely lehet\u0151v\u00e9 teszi a ment\u0151-, t\u0171zolt\u00f3- \u00e9s rend\u0151rs\u00e9gi j\u00e1rm\u0171vek gyors el\u0151rejut\u00e1s\u00e1t.<\/p>\n<p>A Magyar K\u00f6z\u00fat kiemeli, hogy a le\u00e1ll\u00f3s\u00e1vot m\u00e9g dug\u00f3ban sem szabad haszn\u00e1lni, illetve tilos visszatolatni vagy megfordulni az aut\u00f3p\u00e1ly\u00e1n, kiv\u00e9ve, ha erre a rend\u0151rs\u00e9g k\u00fcl\u00f6n utas\u00edt\u00e1st ad.<\/p>\n<h3>A ny\u00e1ri zivatarok is fokozott figyelmet ig\u00e9nyelnek<\/h3>\n<p>A ny\u00e1ri h\u00f3napokban gyakran fordulnak el\u0151 z\u00e1porok \u00e9s zivatarok, amelyek r\u00f6vid id\u0151 alatt jelent\u0151sen ronthatj\u00e1k a l\u00e1t\u00e1si viszonyokat \u00e9s cs\u00fasz\u00f3ss\u00e1 tehetik az \u00fatfel\u00fcletet. A k\u00f6z\u00fatkezel\u0151 szerint ilyen helyzetekben a sebess\u00e9get mindig az \u00fat- \u00e9s l\u00e1t\u00e1si viszonyokhoz kell igaz\u00edtani.<\/p>\n<p>Baleset vagy m\u0171szaki hiba eset\u00e9n a j\u00e1rm\u0171 utasainak miel\u0151bb a szalagkorl\u00e1ton k\u00edv\u00fcl, biztons\u00e1gos helyen kell v\u00e1rakozniuk. A t\u00f6bbi k\u00f6zleked\u0151nek pedig azt javasolj\u00e1k, hogy ne lass\u00edtsanak indokolatlanul a helysz\u00edn mellett, mert a b\u00e1m\u00e9szkod\u00e1s tov\u00e1bbi torl\u00f3d\u00e1sokat id\u00e9zhet el\u0151.<\/p>\n<h3>K\u00f6zutasok dolgoznak az utak mellett<\/h3>\n<p>A Magyar K\u00f6z\u00fat arra is eml\u00e9keztetett, hogy a ny\u00e1ri id\u0151szakban orsz\u00e1gszerte sz\u00e1mos \u00fatfenntart\u00e1si \u00e9s fel\u00faj\u00edt\u00e1si munka zajlik. A munkater\u00fcletek k\u00f6zel\u00e9ben ez\u00e9rt fokozott figyelemmel, a kihelyezett jelz\u00e9seket betartva kell k\u00f6zlekedni, hiszen a k\u00f6zutas szakemberek nap mint nap az utak mellett dolgoznak a k\u00f6zleked\u00e9s biztons\u00e1g\u00e1nak fenntart\u00e1s\u00e1\u00e9rt.<\/p>\n<p><em>Bor\u00edt\u00f3k\u00e9p: illusztr\u00e1ci\u00f3 (ChatGPT &#8211; AI)<\/em><\/p>\n","protected":false},"excerpt":{"rendered":"<p>A ny\u00e1ri sz\u00fcnet \u00e9s a szabads\u00e1gok id\u0151szak\u00e1nak kezdet\u00e9vel jelent\u0151sen megn\u0151 a forgalom a magyar utakon. Sokan indulnak hosszabb utaz\u00e1sra belf\u00f6ldi vagy k\u00fclf\u00f6ldi \u00fati c\u00e9lok fel\u00e9, ez\u00e9rt a Magyar K\u00f6z\u00fat Nonprofit Zrt. \u00f6sszegy\u0171jt\u00f6tte azokat a legfontosabb tudnival\u00f3kat, amelyek seg\u00edthetnek a biztons\u00e1gos \u00e9s z\u00f6kken\u0151mentes k\u00f6zleked\u00e9sben. M\u00e1r az indul\u00e1s el\u0151tt \u00e9rdemes felk\u00e9sz\u00fclni A szakemberek szerint az egyik legfontosabb<\/p>\n","protected":false},"author":1,"featured_media":81180,"comment_status":"closed","ping_status":"closed","sticky":false,"template":"","format":"standard","meta":{"ngg_post_thumbnail":0,"footnotes":""},"categories":[3],"tags":[1838],"class_list":["post-81179","post","type-post","status-publish","format-standard","has-post-thumbnail","category-hirek","tag-magyar-kozut"],"yoast_head":"<!-- This site is optimized with the Yoast SEO plugin v28.3 - https:\/\/yoast.com\/product\/yoast-seo-wordpress\/ -->\n<title>Ny\u00e1ri utaz\u00e1s el\u0151tt ezt mindenk\u00e9pp ellen\u0151rizze \u2013 tan\u00e1csokat adott a Magyar K\u00f6z\u00fat<\/title>\n<meta name=\"robots\" content=\"index, follow, max-snippet:-1, max-image-preview:large, max-video-preview:-1\" \/>\n<link rel=\"canonical\" href=\"https:\/\/dorogimedence.hu\/index.php\/2026\/06\/18\/nyari-utazas-elott-ezt-mindenkepp-ellenorizze-tanacsokat-adott-a-magyar-kozut\/\" class=\"yoast-seo-meta-tag\" \/>\n<meta property=\"og:locale\" content=\"hu_HU\" class=\"yoast-seo-meta-tag\" \/>\n<meta property=\"og:type\" content=\"article\" class=\"yoast-seo-meta-tag\" \/>\n<meta property=\"og:title\" content=\"Ny\u00e1ri utaz\u00e1s el\u0151tt ezt mindenk\u00e9pp ellen\u0151rizze \u2013 tan\u00e1csokat adott a Magyar K\u00f6z\u00fat\" class=\"yoast-seo-meta-tag\" \/>\n<meta property=\"og:description\" content=\"A ny\u00e1ri sz\u00fcnet \u00e9s a szabads\u00e1gok id\u0151szak\u00e1nak kezdet\u00e9vel jelent\u0151sen megn\u0151 a forgalom a magyar utakon. Sokan indulnak hosszabb utaz\u00e1sra belf\u00f6ldi vagy k\u00fclf\u00f6ldi \u00fati c\u00e9lok fel\u00e9, ez\u00e9rt a Magyar K\u00f6z\u00fat Nonprofit Zrt. \u00f6sszegy\u0171jt\u00f6tte azokat a legfontosabb tudnival\u00f3kat, amelyek seg\u00edthetnek a biztons\u00e1gos \u00e9s z\u00f6kken\u0151mentes k\u00f6zleked\u00e9sben. M\u00e1r az indul\u00e1s el\u0151tt \u00e9rdemes felk\u00e9sz\u00fclni A szakemberek szerint az egyik legfontosabb\" class=\"yoast-seo-meta-tag\" \/>\n<meta property=\"og:url\" content=\"https:\/\/dorogimedence.hu\/index.php\/2026\/06\/18\/nyari-utazas-elott-ezt-mindenkepp-ellenorizze-tanacsokat-adott-a-magyar-kozut\/\" class=\"yoast-seo-meta-tag\" \/>\n<meta property=\"og:site_name\" content=\"Dorogi-medence Region\u00e1lis H\u00edrport\u00e1l\" class=\"yoast-seo-meta-tag\" \/>\n<meta property=\"article:publisher\" content=\"https:\/\/www.facebook.com\/dorogimedence\/\" class=\"yoast-seo-meta-tag\" \/>\n<meta property=\"article:published_time\" content=\"2026-06-18T05:25:52+00:00\" class=\"yoast-seo-meta-tag\" \/>\n<meta property=\"og:image\" content=\"https:\/\/dorogimedence.hu\/wp-content\/uploads\/2026\/06\/ChatGPT-Image-2026.-jun.-18.-07_23_21.png\" class=\"yoast-seo-meta-tag\" \/>\n\t<meta property=\"og:image:width\" content=\"1660\" class=\"yoast-seo-meta-tag\" \/>\n\t<meta property=\"og:image:height\" content=\"948\" class=\"yoast-seo-meta-tag\" \/>\n\t<meta property=\"og:image:type\" content=\"image\/png\" class=\"yoast-seo-meta-tag\" \/>\n<meta name=\"author\" content=\"dorogimedence.hu\" class=\"yoast-seo-meta-tag\" \/>\n<meta name=\"twitter:card\" content=\"summary_large_image\" class=\"yoast-seo-meta-tag\" \/>\n<meta name=\"twitter:label1\" content=\"Szerz\u0151:\" class=\"yoast-seo-meta-tag\" \/>\n\t<meta name=\"twitter:data1\" content=\"dorogimedence.hu\" class=\"yoast-seo-meta-tag\" \/>\n\t<meta name=\"twitter:label2\" content=\"Becs\u00fclt olvas\u00e1si id\u0151\" class=\"yoast-seo-meta-tag\" \/>\n\t<meta name=\"twitter:data2\" content=\"4 perc\" class=\"yoast-seo-meta-tag\" \/>\n<script type=\"application\/ld+json\" class=\"yoast-schema-graph\">{\"@context\":\"https:\\\/\\\/schema.org\",\"@graph\":[{\"@type\":\"Article\",\"@id\":\"https:\\\/\\\/dorogimedence.hu\\\/index.php\\\/2026\\\/06\\\/18\\\/nyari-utazas-elott-ezt-mindenkepp-ellenorizze-tanacsokat-adott-a-magyar-kozut\\\/#article\",\"isPartOf\":{\"@id\":\"https:\\\/\\\/dorogimedence.hu\\\/index.php\\\/2026\\\/06\\\/18\\\/nyari-utazas-elott-ezt-mindenkepp-ellenorizze-tanacsokat-adott-a-magyar-kozut\\\/\"},\"author\":{\"name\":\"dorogimedence.hu\",\"@id\":\"https:\\\/\\\/dorogimedence.hu\\\/#\\\/schema\\\/person\\\/ce6091eeb7e95ecdc87890d6aa8e0fd4\"},\"headline\":\"Ny\u00e1ri utaz\u00e1s el\u0151tt ezt mindenk\u00e9pp ellen\u0151rizze \u2013 tan\u00e1csokat adott a Magyar K\u00f6z\u00fat\",\"datePublished\":\"2026-06-18T05:25:52+00:00\",\"mainEntityOfPage\":{\"@id\":\"https:\\\/\\\/dorogimedence.hu\\\/index.php\\\/2026\\\/06\\\/18\\\/nyari-utazas-elott-ezt-mindenkepp-ellenorizze-tanacsokat-adott-a-magyar-kozut\\\/\"},\"wordCount\":744,\"publisher\":{\"@id\":\"https:\\\/\\\/dorogimedence.hu\\\/#organization\"},\"image\":{\"@id\":\"https:\\\/\\\/dorogimedence.hu\\\/index.php\\\/2026\\\/06\\\/18\\\/nyari-utazas-elott-ezt-mindenkepp-ellenorizze-tanacsokat-adott-a-magyar-kozut\\\/#primaryimage\"},\"thumbnailUrl\":\"https:\\\/\\\/dorogimedence.hu\\\/wp-content\\\/uploads\\\/2026\\\/06\\\/ChatGPT-Image-2026.-jun.-18.-07_23_21.png\",\"keywords\":[\"Magyar K\u00f6z\u00fat\"],\"articleSection\":[\"H\u00edrek\"],\"inLanguage\":\"hu\"},{\"@type\":\"WebPage\",\"@id\":\"https:\\\/\\\/dorogimedence.hu\\\/index.php\\\/2026\\\/06\\\/18\\\/nyari-utazas-elott-ezt-mindenkepp-ellenorizze-tanacsokat-adott-a-magyar-kozut\\\/\",\"url\":\"https:\\\/\\\/dorogimedence.hu\\\/index.php\\\/2026\\\/06\\\/18\\\/nyari-utazas-elott-ezt-mindenkepp-ellenorizze-tanacsokat-adott-a-magyar-kozut\\\/\",\"name\":\"Ny\u00e1ri utaz\u00e1s el\u0151tt ezt mindenk\u00e9pp ellen\u0151rizze \u2013 tan\u00e1csokat adott a Magyar K\u00f6z\u00fat\",\"isPartOf\":{\"@id\":\"https:\\\/\\\/dorogimedence.hu\\\/#website\"},\"primaryImageOfPage\":{\"@id\":\"https:\\\/\\\/dorogimedence.hu\\\/index.php\\\/2026\\\/06\\\/18\\\/nyari-utazas-elott-ezt-mindenkepp-ellenorizze-tanacsokat-adott-a-magyar-kozut\\\/#primaryimage\"},\"image\":{\"@id\":\"https:\\\/\\\/dorogimedence.hu\\\/index.php\\\/2026\\\/06\\\/18\\\/nyari-utazas-elott-ezt-mindenkepp-ellenorizze-tanacsokat-adott-a-magyar-kozut\\\/#primaryimage\"},\"thumbnailUrl\":\"https:\\\/\\\/dorogimedence.hu\\\/wp-content\\\/uploads\\\/2026\\\/06\\\/ChatGPT-Image-2026.-jun.-18.-07_23_21.png\",\"datePublished\":\"2026-06-18T05:25:52+00:00\",\"breadcrumb\":{\"@id\":\"https:\\\/\\\/dorogimedence.hu\\\/index.php\\\/2026\\\/06\\\/18\\\/nyari-utazas-elott-ezt-mindenkepp-ellenorizze-tanacsokat-adott-a-magyar-kozut\\\/#breadcrumb\"},\"inLanguage\":\"hu\",\"potentialAction\":[{\"@type\":\"ReadAction\",\"target\":[\"https:\\\/\\\/dorogimedence.hu\\\/index.php\\\/2026\\\/06\\\/18\\\/nyari-utazas-elott-ezt-mindenkepp-ellenorizze-tanacsokat-adott-a-magyar-kozut\\\/\"]}]},{\"@type\":\"ImageObject\",\"inLanguage\":\"hu\",\"@id\":\"https:\\\/\\\/dorogimedence.hu\\\/index.php\\\/2026\\\/06\\\/18\\\/nyari-utazas-elott-ezt-mindenkepp-ellenorizze-tanacsokat-adott-a-magyar-kozut\\\/#primaryimage\",\"url\":\"https:\\\/\\\/dorogimedence.hu\\\/wp-content\\\/uploads\\\/2026\\\/06\\\/ChatGPT-Image-2026.-jun.-18.-07_23_21.png\",\"contentUrl\":\"https:\\\/\\\/dorogimedence.hu\\\/wp-content\\\/uploads\\\/2026\\\/06\\\/ChatGPT-Image-2026.-jun.-18.-07_23_21.png\",\"width\":1660,\"height\":948},{\"@type\":\"BreadcrumbList\",\"@id\":\"https:\\\/\\\/dorogimedence.hu\\\/index.php\\\/2026\\\/06\\\/18\\\/nyari-utazas-elott-ezt-mindenkepp-ellenorizze-tanacsokat-adott-a-magyar-kozut\\\/#breadcrumb\",\"itemListElement\":[{\"@type\":\"ListItem\",\"position\":1,\"name\":\"Kezd\u0151lap\",\"item\":\"https:\\\/\\\/dorogimedence.hu\\\/\"},{\"@type\":\"ListItem\",\"position\":2,\"name\":\"Ny\u00e1ri utaz\u00e1s el\u0151tt ezt mindenk\u00e9pp ellen\u0151rizze \u2013 tan\u00e1csokat adott a Magyar K\u00f6z\u00fat\"}]},{\"@type\":\"WebSite\",\"@id\":\"https:\\\/\\\/dorogimedence.hu\\\/#website\",\"url\":\"https:\\\/\\\/dorogimedence.hu\\\/\",\"name\":\"Dorogi-medence Region\u00e1lis H\u00edrport\u00e1l\",\"description\":\"Dorog, Keszt\u00f6lc, Le\u00e1nyv\u00e1r, Piliscs\u00e9v, Tokod, Tokodalt\u00e1r\u00f3, Csolnok, Esztergom-kertv\u00e1ros: h\u00edrek, programok\",\"publisher\":{\"@id\":\"https:\\\/\\\/dorogimedence.hu\\\/#organization\"},\"potentialAction\":[{\"@type\":\"SearchAction\",\"target\":{\"@type\":\"EntryPoint\",\"urlTemplate\":\"https:\\\/\\\/dorogimedence.hu\\\/?s={search_term_string}\"},\"query-input\":{\"@type\":\"PropertyValueSpecification\",\"valueRequired\":true,\"valueName\":\"search_term_string\"}}],\"inLanguage\":\"hu\"},{\"@type\":\"Organization\",\"@id\":\"https:\\\/\\\/dorogimedence.hu\\\/#organization\",\"name\":\"Dorogi-medence Region\u00e1lis H\u00edrport\u00e1l\",\"url\":\"https:\\\/\\\/dorogimedence.hu\\\/\",\"logo\":{\"@type\":\"ImageObject\",\"inLanguage\":\"hu\",\"@id\":\"https:\\\/\\\/dorogimedence.hu\\\/#\\\/schema\\\/logo\\\/image\\\/\",\"url\":\"https:\\\/\\\/dorogimedence.hu\\\/wp-content\\\/uploads\\\/2021\\\/04\\\/logo-feher-600.png\",\"contentUrl\":\"https:\\\/\\\/dorogimedence.hu\\\/wp-content\\\/uploads\\\/2021\\\/04\\\/logo-feher-600.png\",\"width\":600,\"height\":100,\"caption\":\"Dorogi-medence Region\u00e1lis H\u00edrport\u00e1l\"},\"image\":{\"@id\":\"https:\\\/\\\/dorogimedence.hu\\\/#\\\/schema\\\/logo\\\/image\\\/\"},\"sameAs\":[\"https:\\\/\\\/www.facebook.com\\\/dorogimedence\\\/\"]},{\"@type\":\"Person\",\"@id\":\"https:\\\/\\\/dorogimedence.hu\\\/#\\\/schema\\\/person\\\/ce6091eeb7e95ecdc87890d6aa8e0fd4\",\"name\":\"dorogimedence.hu\",\"image\":{\"@type\":\"ImageObject\",\"inLanguage\":\"hu\",\"@id\":\"\\\/\\\/www.gravatar.com\\\/avatar\\\/d8d45f8901aadff40a4af72c0b826f1d?s=96&#038;r=g&#038;d=mm\",\"url\":\"\\\/\\\/www.gravatar.com\\\/avatar\\\/d8d45f8901aadff40a4af72c0b826f1d?s=96&#038;r=g&#038;d=mm\",\"contentUrl\":\"\\\/\\\/www.gravatar.com\\\/avatar\\\/d8d45f8901aadff40a4af72c0b826f1d?s=96&#038;r=g&#038;d=mm\",\"caption\":\"dorogimedence.hu\"}}]}<\/script>\n<!-- \/ Yoast SEO plugin. -->","yoast_head_json":{"title":"Ny\u00e1ri utaz\u00e1s el\u0151tt ezt mindenk\u00e9pp ellen\u0151rizze \u2013 tan\u00e1csokat adott a Magyar K\u00f6z\u00fat","robots":{"index":"index","follow":"follow","max-snippet":"max-snippet:-1","max-image-preview":"max-image-preview:large","max-video-preview":"max-video-preview:-1"},"canonical":"https:\/\/dorogimedence.hu\/index.php\/2026\/06\/18\/nyari-utazas-elott-ezt-mindenkepp-ellenorizze-tanacsokat-adott-a-magyar-kozut\/","og_locale":"hu_HU","og_type":"article","og_title":"Ny\u00e1ri utaz\u00e1s el\u0151tt ezt mindenk\u00e9pp ellen\u0151rizze \u2013 tan\u00e1csokat adott a Magyar K\u00f6z\u00fat","og_description":"A ny\u00e1ri sz\u00fcnet \u00e9s a szabads\u00e1gok id\u0151szak\u00e1nak kezdet\u00e9vel jelent\u0151sen megn\u0151 a forgalom a magyar utakon. Sokan indulnak hosszabb utaz\u00e1sra belf\u00f6ldi vagy k\u00fclf\u00f6ldi \u00fati c\u00e9lok fel\u00e9, ez\u00e9rt a Magyar K\u00f6z\u00fat Nonprofit Zrt. \u00f6sszegy\u0171jt\u00f6tte azokat a legfontosabb tudnival\u00f3kat, amelyek seg\u00edthetnek a biztons\u00e1gos \u00e9s z\u00f6kken\u0151mentes k\u00f6zleked\u00e9sben. M\u00e1r az indul\u00e1s el\u0151tt \u00e9rdemes felk\u00e9sz\u00fclni A szakemberek szerint az egyik legfontosabb","og_url":"https:\/\/dorogimedence.hu\/index.php\/2026\/06\/18\/nyari-utazas-elott-ezt-mindenkepp-ellenorizze-tanacsokat-adott-a-magyar-kozut\/","og_site_name":"Dorogi-medence Region\u00e1lis H\u00edrport\u00e1l","article_publisher":"https:\/\/www.facebook.com\/dorogimedence\/","article_published_time":"2026-06-18T05:25:52+00:00","og_image":[{"width":1660,"height":948,"url":"https:\/\/dorogimedence.hu\/wp-content\/uploads\/2026\/06\/ChatGPT-Image-2026.-jun.-18.-07_23_21.png","type":"image\/png"}],"author":"dorogimedence.hu","twitter_card":"summary_large_image","twitter_misc":{"Szerz\u0151:":"dorogimedence.hu","Becs\u00fclt olvas\u00e1si id\u0151":"4 perc"},"schema":{"@context":"https:\/\/schema.org","@graph":[{"@type":"Article","@id":"https:\/\/dorogimedence.hu\/index.php\/2026\/06\/18\/nyari-utazas-elott-ezt-mindenkepp-ellenorizze-tanacsokat-adott-a-magyar-kozut\/#article","isPartOf":{"@id":"https:\/\/dorogimedence.hu\/index.php\/2026\/06\/18\/nyari-utazas-elott-ezt-mindenkepp-ellenorizze-tanacsokat-adott-a-magyar-kozut\/"},"author":{"name":"dorogimedence.hu","@id":"https:\/\/dorogimedence.hu\/#\/schema\/person\/ce6091eeb7e95ecdc87890d6aa8e0fd4"},"headline":"Ny\u00e1ri utaz\u00e1s el\u0151tt ezt mindenk\u00e9pp ellen\u0151rizze \u2013 tan\u00e1csokat adott a Magyar K\u00f6z\u00fat","datePublished":"2026-06-18T05:25:52+00:00","mainEntityOfPage":{"@id":"https:\/\/dorogimedence.hu\/index.php\/2026\/06\/18\/nyari-utazas-elott-ezt-mindenkepp-ellenorizze-tanacsokat-adott-a-magyar-kozut\/"},"wordCount":744,"publisher":{"@id":"https:\/\/dorogimedence.hu\/#organization"},"image":{"@id":"https:\/\/dorogimedence.hu\/index.php\/2026\/06\/18\/nyari-utazas-elott-ezt-mindenkepp-ellenorizze-tanacsokat-adott-a-magyar-kozut\/#primaryimage"},"thumbnailUrl":"https:\/\/dorogimedence.hu\/wp-content\/uploads\/2026\/06\/ChatGPT-Image-2026.-jun.-18.-07_23_21.png","keywords":["Magyar K\u00f6z\u00fat"],"articleSection":["H\u00edrek"],"inLanguage":"hu"},{"@type":"WebPage","@id":"https:\/\/dorogimedence.hu\/index.php\/2026\/06\/18\/nyari-utazas-elott-ezt-mindenkepp-ellenorizze-tanacsokat-adott-a-magyar-kozut\/","url":"https:\/\/dorogimedence.hu\/index.php\/2026\/06\/18\/nyari-utazas-elott-ezt-mindenkepp-ellenorizze-tanacsokat-adott-a-magyar-kozut\/","name":"Ny\u00e1ri utaz\u00e1s el\u0151tt ezt mindenk\u00e9pp ellen\u0151rizze \u2013 tan\u00e1csokat adott a Magyar K\u00f6z\u00fat","isPartOf":{"@id":"https:\/\/dorogimedence.hu\/#website"},"primaryImageOfPage":{"@id":"https:\/\/dorogimedence.hu\/index.php\/2026\/06\/18\/nyari-utazas-elott-ezt-mindenkepp-ellenorizze-tanacsokat-adott-a-magyar-kozut\/#primaryimage"},"image":{"@id":"https:\/\/dorogimedence.hu\/index.php\/2026\/06\/18\/nyari-utazas-elott-ezt-mindenkepp-ellenorizze-tanacsokat-adott-a-magyar-kozut\/#primaryimage"},"thumbnailUrl":"https:\/\/dorogimedence.hu\/wp-content\/uploads\/2026\/06\/ChatGPT-Image-2026.-jun.-18.-07_23_21.png","datePublished":"2026-06-18T05:25:52+00:00","breadcrumb":{"@id":"https:\/\/dorogimedence.hu\/index.php\/2026\/06\/18\/nyari-utazas-elott-ezt-mindenkepp-ellenorizze-tanacsokat-adott-a-magyar-kozut\/#breadcrumb"},"inLanguage":"hu","potentialAction":[{"@type":"ReadAction","target":["https:\/\/dorogimedence.hu\/index.php\/2026\/06\/18\/nyari-utazas-elott-ezt-mindenkepp-ellenorizze-tanacsokat-adott-a-magyar-kozut\/"]}]},{"@type":"ImageObject","inLanguage":"hu","@id":"https:\/\/dorogimedence.hu\/index.php\/2026\/06\/18\/nyari-utazas-elott-ezt-mindenkepp-ellenorizze-tanacsokat-adott-a-magyar-kozut\/#primaryimage","url":"https:\/\/dorogimedence.hu\/wp-content\/uploads\/2026\/06\/ChatGPT-Image-2026.-jun.-18.-07_23_21.png","contentUrl":"https:\/\/dorogimedence.hu\/wp-content\/uploads\/2026\/06\/ChatGPT-Image-2026.-jun.-18.-07_23_21.png","width":1660,"height":948},{"@type":"BreadcrumbList","@id":"https:\/\/dorogimedence.hu\/index.php\/2026\/06\/18\/nyari-utazas-elott-ezt-mindenkepp-ellenorizze-tanacsokat-adott-a-magyar-kozut\/#breadcrumb","itemListElement":[{"@type":"ListItem","position":1,"name":"Kezd\u0151lap","item":"https:\/\/dorogimedence.hu\/"},{"@type":"ListItem","position":2,"name":"Ny\u00e1ri utaz\u00e1s el\u0151tt ezt mindenk\u00e9pp ellen\u0151rizze \u2013 tan\u00e1csokat adott a Magyar K\u00f6z\u00fat"}]},{"@type":"WebSite","@id":"https:\/\/dorogimedence.hu\/#website","url":"https:\/\/dorogimedence.hu\/","name":"Dorogi-medence Region\u00e1lis H\u00edrport\u00e1l","description":"Dorog, Keszt\u00f6lc, Le\u00e1nyv\u00e1r, Piliscs\u00e9v, Tokod, Tokodalt\u00e1r\u00f3, Csolnok, Esztergom-kertv\u00e1ros: h\u00edrek, programok","publisher":{"@id":"https:\/\/dorogimedence.hu\/#organization"},"potentialAction":[{"@type":"SearchAction","target":{"@type":"EntryPoint","urlTemplate":"https:\/\/dorogimedence.hu\/?s={search_term_string}"},"query-input":{"@type":"PropertyValueSpecification","valueRequired":true,"valueName":"search_term_string"}}],"inLanguage":"hu"},{"@type":"Organization","@id":"https:\/\/dorogimedence.hu\/#organization","name":"Dorogi-medence Region\u00e1lis H\u00edrport\u00e1l","url":"https:\/\/dorogimedence.hu\/","logo":{"@type":"ImageObject","inLanguage":"hu","@id":"https:\/\/dorogimedence.hu\/#\/schema\/logo\/image\/","url":"https:\/\/dorogimedence.hu\/wp-content\/uploads\/2021\/04\/logo-feher-600.png","contentUrl":"https:\/\/dorogimedence.hu\/wp-content\/uploads\/2021\/04\/logo-feher-600.png","width":600,"height":100,"caption":"Dorogi-medence Region\u00e1lis H\u00edrport\u00e1l"},"image":{"@id":"https:\/\/dorogimedence.hu\/#\/schema\/logo\/image\/"},"sameAs":["https:\/\/www.facebook.com\/dorogimedence\/"]},{"@type":"Person","@id":"https:\/\/dorogimedence.hu\/#\/schema\/person\/ce6091eeb7e95ecdc87890d6aa8e0fd4","name":"dorogimedence.hu","image":{"@type":"ImageObject","inLanguage":"hu","@id":"\/\/www.gravatar.com\/avatar\/d8d45f8901aadff40a4af72c0b826f1d?s=96&#038;r=g&#038;d=mm","url":"\/\/www.gravatar.com\/avatar\/d8d45f8901aadff40a4af72c0b826f1d?s=96&#038;r=g&#038;d=mm","contentUrl":"\/\/www.gravatar.com\/avatar\/d8d45f8901aadff40a4af72c0b826f1d?s=96&#038;r=g&#038;d=mm","caption":"dorogimedence.hu"}}]}},"_links":{"self":[{"href":"https:\/\/dorogimedence.hu\/index.php\/wp-json\/wp\/v2\/posts\/81179","targetHints":{"allow":["GET"]}}],"collection":[{"href":"https:\/\/dorogimedence.hu\/index.php\/wp-json\/wp\/v2\/posts"}],"about":[{"href":"https:\/\/dorogimedence.hu\/index.php\/wp-json\/wp\/v2\/types\/post"}],"author":[{"embeddable":true,"href":"https:\/\/dorogimedence.hu\/index.php\/wp-json\/wp\/v2\/users\/1"}],"replies":[{"embeddable":true,"href":"https:\/\/dorogimedence.hu\/index.php\/wp-json\/wp\/v2\/comments?post=81179"}],"version-history":[{"count":1,"href":"https:\/\/dorogimedence.hu\/index.php\/wp-json\/wp\/v2\/posts\/81179\/revisions"}],"predecessor-version":[{"id":81181,"href":"https:\/\/dorogimedence.hu\/index.php\/wp-json\/wp\/v2\/posts\/81179\/revisions\/81181"}],"wp:featuredmedia":[{"embeddable":true,"href":"https:\/\/dorogimedence.hu\/index.php\/wp-json\/wp\/v2\/media\/81180"}],"wp:attachment":[{"href":"https:\/\/dorogimedence.hu\/index.php\/wp-json\/wp\/v2\/media?parent=81179"}],"wp:term":[{"taxonomy":"category","embeddable":true,"href":"https:\/\/dorogimedence.hu\/index.php\/wp-json\/wp\/v2\/categories?post=81179"},{"taxonomy":"post_tag","embeddable":true,"href":"https:\/\/dorogimedence.hu\/index.php\/wp-json\/wp\/v2\/tags?post=81179"}],"curies":[{"name":"wp","href":"https:\/\/api.w.org\/{rel}","templated":true}]}}