{"id":81171,"date":"2026-06-17T04:00:42","date_gmt":"2026-06-17T02:00:42","guid":{"rendered":"https:\/\/dorogimedence.hu\/?p=81171"},"modified":"2026-06-17T14:34:03","modified_gmt":"2026-06-17T12:34:03","slug":"hogyan-segiti-az-e-bike-kolcsonzes-a-kerekparos-turizmus-fejlodeset-esztergomban","status":"publish","type":"post","link":"https:\/\/dorogimedence.hu\/index.php\/2026\/06\/17\/hogyan-segiti-az-e-bike-kolcsonzes-a-kerekparos-turizmus-fejlodeset-esztergomban\/","title":{"rendered":"Hogyan seg\u00edti az e-bike k\u00f6lcs\u00f6nz\u00e9s a ker\u00e9kp\u00e1ros turizmus fejl\u0151d\u00e9s\u00e9t Esztergomban"},"content":{"rendered":"<p><strong>Esztergom r\u00e9g\u00f3ta az egyik fontos meg\u00e1ll\u00f3 a Duna ment\u00e9n azok sz\u00e1m\u00e1ra, akik a t\u00f6rt\u00e9nelmi l\u00e1tnival\u00f3k, a foly\u00f3parti \u00fatvonalak vagy a szlov\u00e1k hat\u00e1ron \u00e1t\u00edvel\u0151 r\u00f6vid kir\u00e1ndul\u00e1sok ir\u00e1nt \u00e9rdekl\u0151dnek. Az e-bike k\u00f6lcs\u00f6nz\u00e9s most \u00faj elemmel b\u0151v\u00edti a v\u00e1ros turisztikai k\u00edn\u00e1lat\u00e1t.<\/strong><\/p>\n<p>A 2026 j\u00fanius\u00e1t\u00f3l el\u00e9rhet\u0151 t\u00f6bb elektromos ker\u00e9kp\u00e1rnak k\u00f6sz\u00f6nhet\u0151en a l\u00e1togat\u00f3k kisebb fizikai megterhel\u00e9ssel fedezhetik fel Esztergomot, a Dunakanyart \u00e9s a k\u00f6rnyez\u0151 telep\u00fcl\u00e9seket. Ez a turizmus szempontj\u00e1b\u00f3l az\u00e9rt fontos, mert a ker\u00e9kp\u00e1ros \u00fatvonalakat csal\u00e1dok, id\u0151sebb utaz\u00f3k \u00e9s olyan emberek sz\u00e1m\u00e1ra is el\u00e9rhet\u0151bb\u00e9 teszi, akik egy\u00e9bk\u00e9nt nem v\u00e1llalkozn\u00e1nak eg\u00e9sz napos bringat\u00far\u00e1ra.<\/p>\n<h2><strong>Mi\u00e9rt teszik az e-bike-ok el\u00e9rhet\u0151bb\u00e9 a ker\u00e9kp\u00e1ros turizmust?<\/strong><\/h2>\n<p>Az e-bike-ok sz\u00e9lesebb k\u00f6r sz\u00e1m\u00e1ra teszik el\u00e9rhet\u0151v\u00e9 a ker\u00e9kp\u00e1ros turizmust. Esztergom k\u00f6rny\u00e9k\u00e9n dombos szakaszok, foly\u00f3parti \u00fatvonalak \u00e9s hat\u00e1ron \u00e1tny\u00fal\u00f3 kir\u00e1ndul\u00e1si lehet\u0151s\u00e9gek tal\u00e1lhat\u00f3k, \u00edgy az elektromos r\u00e1seg\u00edt\u00e9s megk\u00f6nny\u00edti a hosszabb t\u00e1vok \u00e9s emelked\u0151k lek\u00fczd\u00e9s\u00e9t.<\/p>\n<p>Ez k\u00fcl\u00f6n\u00f6sen hasznos azoknak, akik egy nap alatt t\u00f6bb helysz\u00ednt szeretn\u00e9nek felkeresni. Egy l\u00e1togat\u00f3 megn\u00e9zheti a Bazilik\u00e1t, v\u00e9gigker\u00e9kp\u00e1rozhat a Duna ment\u00e9n, \u00e1thaladhat a M\u00e1ria Val\u00e9ria h\u00eddon P\u00e1rk\u00e1nyba, majd est\u00e9re visszat\u00e9rhet Esztergomba.<\/p>\n<p>Az e-bike nemcsak k\u00e9nyelmesebb k\u00f6zleked\u00e9st biztos\u00edt, hanem nagyobb rugalmass\u00e1got is ad. A l\u00e1togat\u00f3k k\u00f6nnyebben tervezhetnek f\u00e9l- vagy eg\u00e9sz napos t\u00far\u00e1kat, t\u00f6bb id\u0151t t\u00f6lthetnek a t\u00e9rs\u00e9gben, \u00e9s \u00fatk\u00f6zben helyi szolg\u00e1ltat\u00e1sokat is ig\u00e9nybe vehetnek.<\/p>\n<p>Az e-bike-ok lehet\u0151v\u00e9 teszik, hogy egyetlen nap alatt t\u00f6bbet l\u00e1ssunk a r\u00e9gi\u00f3b\u00f3l, de a ker\u00e9kp\u00e1roz\u00f3k t\u00f6bbs\u00e9ge \u00edgy is rendszeresen meg\u00e1ll pihenni, \u00e9tkezni vagy kikapcsol\u00f3dni. Ezekben a sz\u00fcnetekben sokan online sz\u00f3rakoz\u00e1si lehet\u0151s\u00e9geket is keresnek.<\/p>\n<p>Akiket \u00e9rdekelnek a kaszin\u00f3b\u00f3nuszok, prom\u00f3ci\u00f3k \u00e9s j\u00e1t\u00e9kos\u00e9rt\u00e9kel\u00e9sek, azok a <span style=\"text-decoration: underline; color: #0000ff;\"><a style=\"color: #0000ff; text-decoration: underline;\" href=\"https:\/\/www.slotozilla.com\/hu\/casino-velemenyek\/vulkanspiele-casino-bonus\" target=\"_blank\" rel=\"noopener\"><strong>tov\u00e1bbi tippek itt<\/strong><\/a><\/span> oldalon tal\u00e1lnak inform\u00e1ci\u00f3kat, t\u00f6bbek k\u00f6z\u00f6tt a VulkanSpiele aj\u00e1nlatair\u00f3l is. Ezek \u00e1ttekint\u00e9se seg\u00edthet jobban megismerni a platform m\u0171k\u00f6d\u00e9s\u00e9t \u00e9s az aktu\u00e1lisan el\u00e9rhet\u0151 prom\u00f3ci\u00f3kat.<\/p>\n<h2><strong>Esztergom fejl\u0151d\u0151 ker\u00e9kp\u00e1ros turisztikai \u00f6kosziszt\u00e9m\u00e1ja<\/strong><\/h2>\n<figure id=\"attachment_81172\" aria-describedby=\"caption-attachment-81172\" style=\"width: 1125px\" class=\"wp-caption alignnone\"><img fetchpriority=\"high\" decoding=\"async\" class=\"size-full wp-image-81172\" src=\"https:\/\/dorogimedence.hu\/wp-content\/uploads\/2026\/06\/02.png\" alt=\"\" width=\"1125\" height=\"750\" srcset=\"https:\/\/dorogimedence.hu\/wp-content\/uploads\/2026\/06\/02.png 1125w, https:\/\/dorogimedence.hu\/wp-content\/uploads\/2026\/06\/02-600x400.png 600w, https:\/\/dorogimedence.hu\/wp-content\/uploads\/2026\/06\/02-768x512.png 768w, https:\/\/dorogimedence.hu\/wp-content\/uploads\/2026\/06\/02-150x100.png 150w, https:\/\/dorogimedence.hu\/wp-content\/uploads\/2026\/06\/02-450x300.png 450w, https:\/\/dorogimedence.hu\/wp-content\/uploads\/2026\/06\/02-272x182.png 272w\" sizes=\"(max-width: 1125px) 100vw, 1125px\" \/><figcaption id=\"caption-attachment-81172\" class=\"wp-caption-text\">Fot\u00f3: pexels.com \/ Jenda Kube\u0161<\/figcaption><\/figure>\n<p>Az e-bike k\u00f6lcs\u00f6nz\u00e9s b\u0151v\u00fcl\u00e9se egy sz\u00e9lesebb turisztikai fejleszt\u00e9s r\u00e9sze Esztergomban. Az Esztergomi R\u00f6gbi Kft. az Akt\u00edv Magyarorsz\u00e1g Program t\u00e1mogat\u00e1s\u00e1val <a href=\"https:\/\/www.kemma.hu\/helyi-gazdasag\/2026\/05\/elektromos-kerekpar-e-bike-kolcsonzes-neuzer-andras\" target=\"_blank\" rel=\"noopener\"><span style=\"text-decoration: underline; color: #0000ff;\">15 elektromos r\u00e1seg\u00edt\u00e9s\u0171 ker\u00e9kp\u00e1rt<\/span><\/a> szerzett be, amelyek a Rugby Club Hostelhez \u00e9s a Suzuki Ar\u00e9n\u00e1hoz kapcsol\u00f3dnak, \u00e9s v\u00e1rhat\u00f3an vezetett t\u00far\u00e1kat, valamint nyilv\u00e1nos k\u00f6lcs\u00f6nz\u00e9st is t\u00e1mogatnak.<\/p>\n<p>A ker\u00e9kp\u00e1ros turizmus siker\u00e9hez azonban nem el\u00e9g egyetlen szolg\u00e1ltat\u00e1s. Sz\u00fcks\u00e9g van j\u00f3l ki\u00e9p\u00edtett \u00fatvonalakra, k\u00f6lcs\u00f6nz\u0151pontokra, sz\u00e1ll\u00e1shelyekre \u00e9s k\u00f6nnyen el\u00e9rhet\u0151 inform\u00e1ci\u00f3kra. Esztergom kedvez\u0151 helyzetben van, hiszen a Duna menti fekv\u00e9se \u00e9s a P\u00e1rk\u00e1nnyal val\u00f3 kapcsolata kiv\u00e1l\u00f3 alapot biztos\u00edt a r\u00f6videbb \u00e9s hosszabb ker\u00e9kp\u00e1ros kir\u00e1ndul\u00e1sokhoz.<\/p>\n<p>A fejl\u0151d\u00e9st t\u00f6bb t\u00e9nyez\u0151 is t\u00e1mogatja:<\/p>\n<ul>\n<li>Kapcsol\u00f3d\u00e1s a Duna menti ker\u00e9kp\u00e1r\u00fathoz \u00e9s az EuroVelo 6 \u00fatvonalhoz.<\/li>\n<li>A M\u00e1ria Val\u00e9ria h\u00edd, amely \u00f6sszek\u00f6ti Esztergomot \u00e9s P\u00e1rk\u00e1nyt.<\/li>\n<li>Sz\u00e1ll\u00e1shelyekhez \u00e9s k\u00f6zter\u00fcletekhez kapcsol\u00f3d\u00f3 k\u00f6lcs\u00f6nz\u0151pontok.<\/li>\n<li>L\u00e1tnival\u00f3k, p\u00e9ld\u00e1ul a Bazilika, a v\u00e1rnegyed, a Duna-parti s\u00e9t\u00e1ny \u00e9s a Palatinus-t\u00f3.<\/li>\n<li>Hat\u00e1ron \u00e1tny\u00fal\u00f3 turisztikai lehet\u0151s\u00e9gek.<\/li>\n<\/ul>\n<p>Az MV Bike rendszer tov\u00e1bb er\u0151s\u00edti ezt a h\u00e1l\u00f3zatot, mivel mind Esztergomban, mind P\u00e1rk\u00e1nyban el\u00e9rhet\u0151. Ez a hat\u00e1ron \u00e1tny\u00fal\u00f3 kapcsolat a t\u00e9rs\u00e9g egyik legnagyobb el\u0151nye, amelyet kev\u00e9s magyar v\u00e1ros k\u00edn\u00e1l ilyen egyszer\u0171 form\u00e1ban.<\/p>\n<h2><strong>Gazdas\u00e1gi \u00e9s turisztikai el\u0151ny\u00f6k a t\u00e9rs\u00e9g sz\u00e1m\u00e1ra<\/strong><\/h2>\n<p>A ker\u00e9kp\u00e1ros turizmus t\u00f6bb m\u00f3don is t\u00e1mogathatja a helyi gazdas\u00e1got. A ker\u00e9kp\u00e1roz\u00f3k jellemz\u0151en t\u00f6bb kisebb v\u00e1s\u00e1rl\u00e1st hajtanak v\u00e9gre a nap sor\u00e1n: reggeli k\u00e1v\u00e9, eb\u00e9d egy t\u00fara ut\u00e1n, m\u00fazeumi bel\u00e9p\u0151k, harapnival\u00f3k, jav\u00edt\u00e1sok vagy sz\u00e1ll\u00e1s. Ezek a k\u00f6lt\u00e9sek sz\u00e1mos v\u00e1llalkoz\u00e1s k\u00f6z\u00f6tt oszlanak meg, nem pedig egyetlen helyen koncentr\u00e1l\u00f3dnak.<\/p>\n<p>Az e-bike k\u00f6lcs\u00f6nz\u00e9s seg\u00edthet olyan l\u00e1togat\u00f3k vonz\u00e1s\u00e1ban is, akik egy\u00e9bk\u00e9nt csak n\u00e9h\u00e1ny \u00f3r\u00e1t t\u00f6lten\u00e9nek a v\u00e1rosban. A Bazilika megtekint\u00e9s\u00e9re \u00e9rkez\u0151 vend\u00e9g p\u00e9ld\u00e1ul k\u00f6nnyebben d\u00f6nthet egy hosszabb tart\u00f3zkod\u00e1s mellett, ha egy b\u00e9relt ker\u00e9kp\u00e1rral egyszer\u0171en beilleszthet\u0151 a programba egy Duna-parti \u00fatvonal vagy egy p\u00e1rk\u00e1nyi kir\u00e1ndul\u00e1s. Ez el\u0151ny\u00f6s lehet a panzi\u00f3k, \u00e9ttermek, idegenvezet\u0151k, \u00fczletek \u00e9s kultur\u00e1lis int\u00e9zm\u00e9nyek sz\u00e1m\u00e1ra is.<\/p>\n<table width=\"615\">\n<tbody>\n<tr>\n<td width=\"167\"><strong>El\u0151ny ter\u00fclete<\/strong><\/td>\n<td width=\"447\"><strong>Hogyan seg\u00edthet az e-bike k\u00f6lcs\u00f6nz\u00e9s?<\/strong><\/td>\n<\/tr>\n<tr>\n<td width=\"167\">Sz\u00e1ll\u00e1shelyek<\/td>\n<td width=\"447\">Hosszabb tart\u00f3zkod\u00e1sok az eg\u00e9sz napos t\u00far\u00e1kat tervez\u0151 ker\u00e9kp\u00e1ros turist\u00e1knak<\/td>\n<\/tr>\n<tr>\n<td width=\"167\">\u00c9ttermek \u00e9s k\u00e1v\u00e9z\u00f3k<\/td>\n<td width=\"447\">T\u00f6bb meg\u00e1ll\u00f3 a t\u00far\u00e1k el\u0151tt, k\u00f6zben \u00e9s ut\u00e1n<\/td>\n<\/tr>\n<tr>\n<td width=\"167\">Helyi l\u00e1tnival\u00f3k<\/td>\n<td width=\"447\">K\u00f6nnyebb el\u00e9rhet\u0151s\u00e9g a belv\u00e1roson k\u00edv\u00fcli helysz\u00ednekhez<\/td>\n<\/tr>\n<tr>\n<td width=\"167\">T\u00faraszervez\u0151k<\/td>\n<td width=\"447\">T\u00f6bb lehet\u0151s\u00e9g vezetett ker\u00e9kp\u00e1rt\u00far\u00e1k ind\u00edt\u00e1s\u00e1ra<\/td>\n<\/tr>\n<tr>\n<td width=\"167\">Hat\u00e1ron \u00e1tny\u00fal\u00f3 turizmus<\/td>\n<td width=\"447\">N\u00f6vekv\u0151 forgalom Esztergom \u00e9s P\u00e1rk\u00e1ny k\u00f6z\u00f6tt<\/td>\n<\/tr>\n<tr>\n<td width=\"167\">Fenntarthat\u00f3 k\u00f6zleked\u00e9s<\/td>\n<td width=\"447\">Kevesebb aut\u00f3haszn\u00e1lat r\u00f6vid region\u00e1lis utakon<\/td>\n<\/tr>\n<\/tbody>\n<\/table>\n<p>A k\u00f6z\u00f6ss\u00e9g sz\u00e1m\u00e1ra is jelentkezhetnek el\u0151ny\u00f6k. A ker\u00e9kp\u00e1ros l\u00e1togat\u00f3k sz\u00e1m\u00e1nak n\u00f6veked\u00e9se \u00f6szt\u00f6n\u00f6zheti az \u00fatjelz\u00e9sek, a biztons\u00e1gosabb \u00fatvonalak, a pihen\u0151helyek \u00e9s a ker\u00e9kp\u00e1rbar\u00e1t szolg\u00e1ltat\u00e1sok fejleszt\u00e9s\u00e9t. Megfelel\u0151 tervez\u00e9s mellett ezek a fejleszt\u00e9sek a helyi lakosok mindennapi k\u00f6zleked\u00e9s\u00e9t is jav\u00edthatj\u00e1k. A turisztikai infrastrukt\u00fara \u00e1ltal\u00e1ban akkor m\u0171k\u00f6dik a leghat\u00e9konyabban, ha egyszerre szolg\u00e1lja a vend\u00e9geket \u00e9s a helyi k\u00f6z\u00f6ss\u00e9get.<\/p>\n<h2><strong>\u00d6sszegz\u00e9s<\/strong><\/h2>\n<p>Az e-bike k\u00f6lcs\u00f6nz\u00e9s seg\u00edt Esztergomnak tov\u00e1bb \u00e9p\u00edteni a Duna menti ker\u00e9kp\u00e1ros \u00fati c\u00e9lk\u00e9nt kialak\u00edtott poz\u00edci\u00f3j\u00e1t. A hosszabb \u00e9s v\u00e1ltozatosabb \u00fatvonalakat t\u00f6bb ember sz\u00e1m\u00e1ra teszi el\u00e9rhet\u0151v\u00e9, t\u00e1mogatja a hat\u00e1ron \u00e1tny\u00fal\u00f3 utaz\u00e1sokat, \u00e9s \u00faj bev\u00e9teli lehet\u0151s\u00e9geket teremt a turisztikai szolg\u00e1ltat\u00f3k sz\u00e1m\u00e1ra.<\/p>\n<p>A tov\u00e1bbi fejl\u0151d\u00e9shez pontos \u00fatvonalinform\u00e1ci\u00f3kra, megb\u00edzhat\u00f3 k\u00f6lcs\u00f6nz\u00e9si lehet\u0151s\u00e9gekre \u00e9s a v\u00e1llalkoz\u00e1sok k\u00f6z\u00f6tti egy\u00fcttm\u0171k\u00f6d\u00e9sre lesz sz\u00fcks\u00e9g. Ha ezek a felt\u00e9telek teljes\u00fclnek, Esztergom tov\u00e1bb er\u0151s\u00edtheti szerep\u00e9t a region\u00e1lis ker\u00e9kp\u00e1ros turizmusban, mik\u00f6zben k\u00e9zzelfoghat\u00f3 el\u0151ny\u00f6ket k\u00edn\u00e1l a helyi k\u00f6z\u00f6ss\u00e9g sz\u00e1m\u00e1ra is.<\/p>\n","protected":false},"excerpt":{"rendered":"<p>Esztergom r\u00e9g\u00f3ta az egyik fontos meg\u00e1ll\u00f3 a Duna ment\u00e9n azok sz\u00e1m\u00e1ra, akik a t\u00f6rt\u00e9nelmi l\u00e1tnival\u00f3k, a foly\u00f3parti \u00fatvonalak vagy a szlov\u00e1k hat\u00e1ron \u00e1t\u00edvel\u0151 r\u00f6vid kir\u00e1ndul\u00e1sok ir\u00e1nt \u00e9rdekl\u0151dnek. Az e-bike k\u00f6lcs\u00f6nz\u00e9s most \u00faj elemmel b\u0151v\u00edti a v\u00e1ros turisztikai k\u00edn\u00e1lat\u00e1t. A 2026 j\u00fanius\u00e1t\u00f3l el\u00e9rhet\u0151 t\u00f6bb elektromos ker\u00e9kp\u00e1rnak k\u00f6sz\u00f6nhet\u0151en a l\u00e1togat\u00f3k kisebb fizikai megterhel\u00e9ssel fedezhetik fel Esztergomot, a<\/p>\n","protected":false},"author":1,"featured_media":81173,"comment_status":"closed","ping_status":"closed","sticky":false,"template":"","format":"standard","meta":{"ngg_post_thumbnail":0,"footnotes":""},"categories":[3],"tags":[],"class_list":["post-81171","post","type-post","status-publish","format-standard","has-post-thumbnail","category-hirek"],"yoast_head":"<!-- This site is optimized with the Yoast SEO plugin v28.3 - https:\/\/yoast.com\/product\/yoast-seo-wordpress\/ -->\n<title>E-bike k\u00f6lcs\u00f6nz\u00e9s \u00e9s a turizmus Esztergomban<\/title>\n<meta name=\"description\" content=\"Az e-bike k\u00f6lcs\u00f6nz\u00e9s seg\u00edti Esztergomot a ker\u00e9kp\u00e1ros turist\u00e1k vonz\u00e1s\u00e1ban, t\u00e1mogatja a hat\u00e1ron \u00e1tny\u00fal\u00f3 utaz\u00e1sokat, \u00e9s \u00faj lehet\u0151s\u00e9geket teremt a helyi turisztikai v\u00e1llalkoz\u00e1sok sz\u00e1m\u00e1ra.\" class=\"yoast-seo-meta-tag\" \/>\n<meta name=\"robots\" content=\"index, follow, max-snippet:-1, max-image-preview:large, max-video-preview:-1\" \/>\n<link rel=\"canonical\" href=\"https:\/\/dorogimedence.hu\/index.php\/2026\/06\/17\/hogyan-segiti-az-e-bike-kolcsonzes-a-kerekparos-turizmus-fejlodeset-esztergomban\/\" class=\"yoast-seo-meta-tag\" \/>\n<meta property=\"og:locale\" content=\"hu_HU\" class=\"yoast-seo-meta-tag\" \/>\n<meta property=\"og:type\" content=\"article\" class=\"yoast-seo-meta-tag\" \/>\n<meta property=\"og:title\" content=\"E-bike k\u00f6lcs\u00f6nz\u00e9s \u00e9s a turizmus Esztergomban\" class=\"yoast-seo-meta-tag\" \/>\n<meta property=\"og:description\" content=\"Az e-bike k\u00f6lcs\u00f6nz\u00e9s seg\u00edti Esztergomot a ker\u00e9kp\u00e1ros turist\u00e1k vonz\u00e1s\u00e1ban, t\u00e1mogatja a hat\u00e1ron \u00e1tny\u00fal\u00f3 utaz\u00e1sokat, \u00e9s \u00faj lehet\u0151s\u00e9geket teremt a helyi turisztikai v\u00e1llalkoz\u00e1sok sz\u00e1m\u00e1ra.\" class=\"yoast-seo-meta-tag\" \/>\n<meta property=\"og:url\" content=\"https:\/\/dorogimedence.hu\/index.php\/2026\/06\/17\/hogyan-segiti-az-e-bike-kolcsonzes-a-kerekparos-turizmus-fejlodeset-esztergomban\/\" class=\"yoast-seo-meta-tag\" \/>\n<meta property=\"og:site_name\" content=\"Dorogi-medence Region\u00e1lis H\u00edrport\u00e1l\" class=\"yoast-seo-meta-tag\" \/>\n<meta property=\"article:publisher\" content=\"https:\/\/www.facebook.com\/dorogimedence\/\" class=\"yoast-seo-meta-tag\" \/>\n<meta property=\"article:published_time\" content=\"2026-06-17T02:00:42+00:00\" class=\"yoast-seo-meta-tag\" \/>\n<meta property=\"article:modified_time\" content=\"2026-06-17T12:34:03+00:00\" class=\"yoast-seo-meta-tag\" \/>\n<meta property=\"og:image\" content=\"https:\/\/dorogimedence.hu\/wp-content\/uploads\/2026\/06\/01.png\" class=\"yoast-seo-meta-tag\" \/>\n\t<meta property=\"og:image:width\" content=\"755\" class=\"yoast-seo-meta-tag\" \/>\n\t<meta property=\"og:image:height\" content=\"504\" class=\"yoast-seo-meta-tag\" \/>\n\t<meta property=\"og:image:type\" content=\"image\/png\" class=\"yoast-seo-meta-tag\" \/>\n<meta name=\"author\" content=\"dorogimedence.hu\" class=\"yoast-seo-meta-tag\" \/>\n<meta name=\"twitter:card\" content=\"summary_large_image\" class=\"yoast-seo-meta-tag\" \/>\n<meta name=\"twitter:label1\" content=\"Szerz\u0151:\" class=\"yoast-seo-meta-tag\" \/>\n\t<meta name=\"twitter:data1\" content=\"dorogimedence.hu\" class=\"yoast-seo-meta-tag\" \/>\n\t<meta name=\"twitter:label2\" content=\"Becs\u00fclt olvas\u00e1si id\u0151\" class=\"yoast-seo-meta-tag\" \/>\n\t<meta name=\"twitter:data2\" content=\"7 perc\" class=\"yoast-seo-meta-tag\" \/>\n<script type=\"application\/ld+json\" class=\"yoast-schema-graph\">{\"@context\":\"https:\\\/\\\/schema.org\",\"@graph\":[{\"@type\":\"Article\",\"@id\":\"https:\\\/\\\/dorogimedence.hu\\\/index.php\\\/2026\\\/06\\\/17\\\/hogyan-segiti-az-e-bike-kolcsonzes-a-kerekparos-turizmus-fejlodeset-esztergomban\\\/#article\",\"isPartOf\":{\"@id\":\"https:\\\/\\\/dorogimedence.hu\\\/index.php\\\/2026\\\/06\\\/17\\\/hogyan-segiti-az-e-bike-kolcsonzes-a-kerekparos-turizmus-fejlodeset-esztergomban\\\/\"},\"author\":{\"name\":\"dorogimedence.hu\",\"@id\":\"https:\\\/\\\/dorogimedence.hu\\\/#\\\/schema\\\/person\\\/ce6091eeb7e95ecdc87890d6aa8e0fd4\"},\"headline\":\"Hogyan seg\u00edti az e-bike k\u00f6lcs\u00f6nz\u00e9s a ker\u00e9kp\u00e1ros turizmus fejl\u0151d\u00e9s\u00e9t Esztergomban\",\"datePublished\":\"2026-06-17T02:00:42+00:00\",\"dateModified\":\"2026-06-17T12:34:03+00:00\",\"mainEntityOfPage\":{\"@id\":\"https:\\\/\\\/dorogimedence.hu\\\/index.php\\\/2026\\\/06\\\/17\\\/hogyan-segiti-az-e-bike-kolcsonzes-a-kerekparos-turizmus-fejlodeset-esztergomban\\\/\"},\"wordCount\":1324,\"publisher\":{\"@id\":\"https:\\\/\\\/dorogimedence.hu\\\/#organization\"},\"image\":{\"@id\":\"https:\\\/\\\/dorogimedence.hu\\\/index.php\\\/2026\\\/06\\\/17\\\/hogyan-segiti-az-e-bike-kolcsonzes-a-kerekparos-turizmus-fejlodeset-esztergomban\\\/#primaryimage\"},\"thumbnailUrl\":\"https:\\\/\\\/dorogimedence.hu\\\/wp-content\\\/uploads\\\/2026\\\/06\\\/01.png\",\"articleSection\":[\"H\u00edrek\"],\"inLanguage\":\"hu\"},{\"@type\":\"WebPage\",\"@id\":\"https:\\\/\\\/dorogimedence.hu\\\/index.php\\\/2026\\\/06\\\/17\\\/hogyan-segiti-az-e-bike-kolcsonzes-a-kerekparos-turizmus-fejlodeset-esztergomban\\\/\",\"url\":\"https:\\\/\\\/dorogimedence.hu\\\/index.php\\\/2026\\\/06\\\/17\\\/hogyan-segiti-az-e-bike-kolcsonzes-a-kerekparos-turizmus-fejlodeset-esztergomban\\\/\",\"name\":\"E-bike k\u00f6lcs\u00f6nz\u00e9s \u00e9s a turizmus Esztergomban\",\"isPartOf\":{\"@id\":\"https:\\\/\\\/dorogimedence.hu\\\/#website\"},\"primaryImageOfPage\":{\"@id\":\"https:\\\/\\\/dorogimedence.hu\\\/index.php\\\/2026\\\/06\\\/17\\\/hogyan-segiti-az-e-bike-kolcsonzes-a-kerekparos-turizmus-fejlodeset-esztergomban\\\/#primaryimage\"},\"image\":{\"@id\":\"https:\\\/\\\/dorogimedence.hu\\\/index.php\\\/2026\\\/06\\\/17\\\/hogyan-segiti-az-e-bike-kolcsonzes-a-kerekparos-turizmus-fejlodeset-esztergomban\\\/#primaryimage\"},\"thumbnailUrl\":\"https:\\\/\\\/dorogimedence.hu\\\/wp-content\\\/uploads\\\/2026\\\/06\\\/01.png\",\"datePublished\":\"2026-06-17T02:00:42+00:00\",\"dateModified\":\"2026-06-17T12:34:03+00:00\",\"description\":\"Az e-bike k\u00f6lcs\u00f6nz\u00e9s seg\u00edti Esztergomot a ker\u00e9kp\u00e1ros turist\u00e1k vonz\u00e1s\u00e1ban, t\u00e1mogatja a hat\u00e1ron \u00e1tny\u00fal\u00f3 utaz\u00e1sokat, \u00e9s \u00faj lehet\u0151s\u00e9geket teremt a helyi turisztikai v\u00e1llalkoz\u00e1sok sz\u00e1m\u00e1ra.\",\"breadcrumb\":{\"@id\":\"https:\\\/\\\/dorogimedence.hu\\\/index.php\\\/2026\\\/06\\\/17\\\/hogyan-segiti-az-e-bike-kolcsonzes-a-kerekparos-turizmus-fejlodeset-esztergomban\\\/#breadcrumb\"},\"inLanguage\":\"hu\",\"potentialAction\":[{\"@type\":\"ReadAction\",\"target\":[\"https:\\\/\\\/dorogimedence.hu\\\/index.php\\\/2026\\\/06\\\/17\\\/hogyan-segiti-az-e-bike-kolcsonzes-a-kerekparos-turizmus-fejlodeset-esztergomban\\\/\"]}]},{\"@type\":\"ImageObject\",\"inLanguage\":\"hu\",\"@id\":\"https:\\\/\\\/dorogimedence.hu\\\/index.php\\\/2026\\\/06\\\/17\\\/hogyan-segiti-az-e-bike-kolcsonzes-a-kerekparos-turizmus-fejlodeset-esztergomban\\\/#primaryimage\",\"url\":\"https:\\\/\\\/dorogimedence.hu\\\/wp-content\\\/uploads\\\/2026\\\/06\\\/01.png\",\"contentUrl\":\"https:\\\/\\\/dorogimedence.hu\\\/wp-content\\\/uploads\\\/2026\\\/06\\\/01.png\",\"width\":1124,\"height\":750,\"caption\":\"Fot\u00f3: pexels.com \\\/ Motor TruckRun\"},{\"@type\":\"BreadcrumbList\",\"@id\":\"https:\\\/\\\/dorogimedence.hu\\\/index.php\\\/2026\\\/06\\\/17\\\/hogyan-segiti-az-e-bike-kolcsonzes-a-kerekparos-turizmus-fejlodeset-esztergomban\\\/#breadcrumb\",\"itemListElement\":[{\"@type\":\"ListItem\",\"position\":1,\"name\":\"Kezd\u0151lap\",\"item\":\"https:\\\/\\\/dorogimedence.hu\\\/\"},{\"@type\":\"ListItem\",\"position\":2,\"name\":\"Hogyan seg\u00edti az e-bike k\u00f6lcs\u00f6nz\u00e9s a ker\u00e9kp\u00e1ros turizmus fejl\u0151d\u00e9s\u00e9t Esztergomban\"}]},{\"@type\":\"WebSite\",\"@id\":\"https:\\\/\\\/dorogimedence.hu\\\/#website\",\"url\":\"https:\\\/\\\/dorogimedence.hu\\\/\",\"name\":\"Dorogi-medence Region\u00e1lis H\u00edrport\u00e1l\",\"description\":\"Dorog, Keszt\u00f6lc, Le\u00e1nyv\u00e1r, Piliscs\u00e9v, Tokod, Tokodalt\u00e1r\u00f3, Csolnok, Esztergom-kertv\u00e1ros: h\u00edrek, programok\",\"publisher\":{\"@id\":\"https:\\\/\\\/dorogimedence.hu\\\/#organization\"},\"potentialAction\":[{\"@type\":\"SearchAction\",\"target\":{\"@type\":\"EntryPoint\",\"urlTemplate\":\"https:\\\/\\\/dorogimedence.hu\\\/?s={search_term_string}\"},\"query-input\":{\"@type\":\"PropertyValueSpecification\",\"valueRequired\":true,\"valueName\":\"search_term_string\"}}],\"inLanguage\":\"hu\"},{\"@type\":\"Organization\",\"@id\":\"https:\\\/\\\/dorogimedence.hu\\\/#organization\",\"name\":\"Dorogi-medence Region\u00e1lis H\u00edrport\u00e1l\",\"url\":\"https:\\\/\\\/dorogimedence.hu\\\/\",\"logo\":{\"@type\":\"ImageObject\",\"inLanguage\":\"hu\",\"@id\":\"https:\\\/\\\/dorogimedence.hu\\\/#\\\/schema\\\/logo\\\/image\\\/\",\"url\":\"https:\\\/\\\/dorogimedence.hu\\\/wp-content\\\/uploads\\\/2021\\\/04\\\/logo-feher-600.png\",\"contentUrl\":\"https:\\\/\\\/dorogimedence.hu\\\/wp-content\\\/uploads\\\/2021\\\/04\\\/logo-feher-600.png\",\"width\":600,\"height\":100,\"caption\":\"Dorogi-medence Region\u00e1lis H\u00edrport\u00e1l\"},\"image\":{\"@id\":\"https:\\\/\\\/dorogimedence.hu\\\/#\\\/schema\\\/logo\\\/image\\\/\"},\"sameAs\":[\"https:\\\/\\\/www.facebook.com\\\/dorogimedence\\\/\"]},{\"@type\":\"Person\",\"@id\":\"https:\\\/\\\/dorogimedence.hu\\\/#\\\/schema\\\/person\\\/ce6091eeb7e95ecdc87890d6aa8e0fd4\",\"name\":\"dorogimedence.hu\",\"image\":{\"@type\":\"ImageObject\",\"inLanguage\":\"hu\",\"@id\":\"\\\/\\\/www.gravatar.com\\\/avatar\\\/d8d45f8901aadff40a4af72c0b826f1d?s=96&#038;r=g&#038;d=mm\",\"url\":\"\\\/\\\/www.gravatar.com\\\/avatar\\\/d8d45f8901aadff40a4af72c0b826f1d?s=96&#038;r=g&#038;d=mm\",\"contentUrl\":\"\\\/\\\/www.gravatar.com\\\/avatar\\\/d8d45f8901aadff40a4af72c0b826f1d?s=96&#038;r=g&#038;d=mm\",\"caption\":\"dorogimedence.hu\"}}]}<\/script>\n<!-- \/ Yoast SEO plugin. -->","yoast_head_json":{"title":"E-bike k\u00f6lcs\u00f6nz\u00e9s \u00e9s a turizmus Esztergomban","description":"Az e-bike k\u00f6lcs\u00f6nz\u00e9s seg\u00edti Esztergomot a ker\u00e9kp\u00e1ros turist\u00e1k vonz\u00e1s\u00e1ban, t\u00e1mogatja a hat\u00e1ron \u00e1tny\u00fal\u00f3 utaz\u00e1sokat, \u00e9s \u00faj lehet\u0151s\u00e9geket teremt a helyi turisztikai v\u00e1llalkoz\u00e1sok sz\u00e1m\u00e1ra.","robots":{"index":"index","follow":"follow","max-snippet":"max-snippet:-1","max-image-preview":"max-image-preview:large","max-video-preview":"max-video-preview:-1"},"canonical":"https:\/\/dorogimedence.hu\/index.php\/2026\/06\/17\/hogyan-segiti-az-e-bike-kolcsonzes-a-kerekparos-turizmus-fejlodeset-esztergomban\/","og_locale":"hu_HU","og_type":"article","og_title":"E-bike k\u00f6lcs\u00f6nz\u00e9s \u00e9s a turizmus Esztergomban","og_description":"Az e-bike k\u00f6lcs\u00f6nz\u00e9s seg\u00edti Esztergomot a ker\u00e9kp\u00e1ros turist\u00e1k vonz\u00e1s\u00e1ban, t\u00e1mogatja a hat\u00e1ron \u00e1tny\u00fal\u00f3 utaz\u00e1sokat, \u00e9s \u00faj lehet\u0151s\u00e9geket teremt a helyi turisztikai v\u00e1llalkoz\u00e1sok sz\u00e1m\u00e1ra.","og_url":"https:\/\/dorogimedence.hu\/index.php\/2026\/06\/17\/hogyan-segiti-az-e-bike-kolcsonzes-a-kerekparos-turizmus-fejlodeset-esztergomban\/","og_site_name":"Dorogi-medence Region\u00e1lis H\u00edrport\u00e1l","article_publisher":"https:\/\/www.facebook.com\/dorogimedence\/","article_published_time":"2026-06-17T02:00:42+00:00","article_modified_time":"2026-06-17T12:34:03+00:00","og_image":[{"url":"https:\/\/dorogimedence.hu\/wp-content\/uploads\/2026\/06\/01.png","width":755,"height":504,"type":"image\/png"}],"author":"dorogimedence.hu","twitter_card":"summary_large_image","twitter_misc":{"Szerz\u0151:":"dorogimedence.hu","Becs\u00fclt olvas\u00e1si id\u0151":"7 perc"},"schema":{"@context":"https:\/\/schema.org","@graph":[{"@type":"Article","@id":"https:\/\/dorogimedence.hu\/index.php\/2026\/06\/17\/hogyan-segiti-az-e-bike-kolcsonzes-a-kerekparos-turizmus-fejlodeset-esztergomban\/#article","isPartOf":{"@id":"https:\/\/dorogimedence.hu\/index.php\/2026\/06\/17\/hogyan-segiti-az-e-bike-kolcsonzes-a-kerekparos-turizmus-fejlodeset-esztergomban\/"},"author":{"name":"dorogimedence.hu","@id":"https:\/\/dorogimedence.hu\/#\/schema\/person\/ce6091eeb7e95ecdc87890d6aa8e0fd4"},"headline":"Hogyan seg\u00edti az e-bike k\u00f6lcs\u00f6nz\u00e9s a ker\u00e9kp\u00e1ros turizmus fejl\u0151d\u00e9s\u00e9t Esztergomban","datePublished":"2026-06-17T02:00:42+00:00","dateModified":"2026-06-17T12:34:03+00:00","mainEntityOfPage":{"@id":"https:\/\/dorogimedence.hu\/index.php\/2026\/06\/17\/hogyan-segiti-az-e-bike-kolcsonzes-a-kerekparos-turizmus-fejlodeset-esztergomban\/"},"wordCount":1324,"publisher":{"@id":"https:\/\/dorogimedence.hu\/#organization"},"image":{"@id":"https:\/\/dorogimedence.hu\/index.php\/2026\/06\/17\/hogyan-segiti-az-e-bike-kolcsonzes-a-kerekparos-turizmus-fejlodeset-esztergomban\/#primaryimage"},"thumbnailUrl":"https:\/\/dorogimedence.hu\/wp-content\/uploads\/2026\/06\/01.png","articleSection":["H\u00edrek"],"inLanguage":"hu"},{"@type":"WebPage","@id":"https:\/\/dorogimedence.hu\/index.php\/2026\/06\/17\/hogyan-segiti-az-e-bike-kolcsonzes-a-kerekparos-turizmus-fejlodeset-esztergomban\/","url":"https:\/\/dorogimedence.hu\/index.php\/2026\/06\/17\/hogyan-segiti-az-e-bike-kolcsonzes-a-kerekparos-turizmus-fejlodeset-esztergomban\/","name":"E-bike k\u00f6lcs\u00f6nz\u00e9s \u00e9s a turizmus Esztergomban","isPartOf":{"@id":"https:\/\/dorogimedence.hu\/#website"},"primaryImageOfPage":{"@id":"https:\/\/dorogimedence.hu\/index.php\/2026\/06\/17\/hogyan-segiti-az-e-bike-kolcsonzes-a-kerekparos-turizmus-fejlodeset-esztergomban\/#primaryimage"},"image":{"@id":"https:\/\/dorogimedence.hu\/index.php\/2026\/06\/17\/hogyan-segiti-az-e-bike-kolcsonzes-a-kerekparos-turizmus-fejlodeset-esztergomban\/#primaryimage"},"thumbnailUrl":"https:\/\/dorogimedence.hu\/wp-content\/uploads\/2026\/06\/01.png","datePublished":"2026-06-17T02:00:42+00:00","dateModified":"2026-06-17T12:34:03+00:00","description":"Az e-bike k\u00f6lcs\u00f6nz\u00e9s seg\u00edti Esztergomot a ker\u00e9kp\u00e1ros turist\u00e1k vonz\u00e1s\u00e1ban, t\u00e1mogatja a hat\u00e1ron \u00e1tny\u00fal\u00f3 utaz\u00e1sokat, \u00e9s \u00faj lehet\u0151s\u00e9geket teremt a helyi turisztikai v\u00e1llalkoz\u00e1sok sz\u00e1m\u00e1ra.","breadcrumb":{"@id":"https:\/\/dorogimedence.hu\/index.php\/2026\/06\/17\/hogyan-segiti-az-e-bike-kolcsonzes-a-kerekparos-turizmus-fejlodeset-esztergomban\/#breadcrumb"},"inLanguage":"hu","potentialAction":[{"@type":"ReadAction","target":["https:\/\/dorogimedence.hu\/index.php\/2026\/06\/17\/hogyan-segiti-az-e-bike-kolcsonzes-a-kerekparos-turizmus-fejlodeset-esztergomban\/"]}]},{"@type":"ImageObject","inLanguage":"hu","@id":"https:\/\/dorogimedence.hu\/index.php\/2026\/06\/17\/hogyan-segiti-az-e-bike-kolcsonzes-a-kerekparos-turizmus-fejlodeset-esztergomban\/#primaryimage","url":"https:\/\/dorogimedence.hu\/wp-content\/uploads\/2026\/06\/01.png","contentUrl":"https:\/\/dorogimedence.hu\/wp-content\/uploads\/2026\/06\/01.png","width":1124,"height":750,"caption":"Fot\u00f3: pexels.com \/ Motor TruckRun"},{"@type":"BreadcrumbList","@id":"https:\/\/dorogimedence.hu\/index.php\/2026\/06\/17\/hogyan-segiti-az-e-bike-kolcsonzes-a-kerekparos-turizmus-fejlodeset-esztergomban\/#breadcrumb","itemListElement":[{"@type":"ListItem","position":1,"name":"Kezd\u0151lap","item":"https:\/\/dorogimedence.hu\/"},{"@type":"ListItem","position":2,"name":"Hogyan seg\u00edti az e-bike k\u00f6lcs\u00f6nz\u00e9s a ker\u00e9kp\u00e1ros turizmus fejl\u0151d\u00e9s\u00e9t Esztergomban"}]},{"@type":"WebSite","@id":"https:\/\/dorogimedence.hu\/#website","url":"https:\/\/dorogimedence.hu\/","name":"Dorogi-medence Region\u00e1lis H\u00edrport\u00e1l","description":"Dorog, Keszt\u00f6lc, Le\u00e1nyv\u00e1r, Piliscs\u00e9v, Tokod, Tokodalt\u00e1r\u00f3, Csolnok, Esztergom-kertv\u00e1ros: h\u00edrek, programok","publisher":{"@id":"https:\/\/dorogimedence.hu\/#organization"},"potentialAction":[{"@type":"SearchAction","target":{"@type":"EntryPoint","urlTemplate":"https:\/\/dorogimedence.hu\/?s={search_term_string}"},"query-input":{"@type":"PropertyValueSpecification","valueRequired":true,"valueName":"search_term_string"}}],"inLanguage":"hu"},{"@type":"Organization","@id":"https:\/\/dorogimedence.hu\/#organization","name":"Dorogi-medence Region\u00e1lis H\u00edrport\u00e1l","url":"https:\/\/dorogimedence.hu\/","logo":{"@type":"ImageObject","inLanguage":"hu","@id":"https:\/\/dorogimedence.hu\/#\/schema\/logo\/image\/","url":"https:\/\/dorogimedence.hu\/wp-content\/uploads\/2021\/04\/logo-feher-600.png","contentUrl":"https:\/\/dorogimedence.hu\/wp-content\/uploads\/2021\/04\/logo-feher-600.png","width":600,"height":100,"caption":"Dorogi-medence Region\u00e1lis H\u00edrport\u00e1l"},"image":{"@id":"https:\/\/dorogimedence.hu\/#\/schema\/logo\/image\/"},"sameAs":["https:\/\/www.facebook.com\/dorogimedence\/"]},{"@type":"Person","@id":"https:\/\/dorogimedence.hu\/#\/schema\/person\/ce6091eeb7e95ecdc87890d6aa8e0fd4","name":"dorogimedence.hu","image":{"@type":"ImageObject","inLanguage":"hu","@id":"\/\/www.gravatar.com\/avatar\/d8d45f8901aadff40a4af72c0b826f1d?s=96&#038;r=g&#038;d=mm","url":"\/\/www.gravatar.com\/avatar\/d8d45f8901aadff40a4af72c0b826f1d?s=96&#038;r=g&#038;d=mm","contentUrl":"\/\/www.gravatar.com\/avatar\/d8d45f8901aadff40a4af72c0b826f1d?s=96&#038;r=g&#038;d=mm","caption":"dorogimedence.hu"}}]}},"_links":{"self":[{"href":"https:\/\/dorogimedence.hu\/index.php\/wp-json\/wp\/v2\/posts\/81171","targetHints":{"allow":["GET"]}}],"collection":[{"href":"https:\/\/dorogimedence.hu\/index.php\/wp-json\/wp\/v2\/posts"}],"about":[{"href":"https:\/\/dorogimedence.hu\/index.php\/wp-json\/wp\/v2\/types\/post"}],"author":[{"embeddable":true,"href":"https:\/\/dorogimedence.hu\/index.php\/wp-json\/wp\/v2\/users\/1"}],"replies":[{"embeddable":true,"href":"https:\/\/dorogimedence.hu\/index.php\/wp-json\/wp\/v2\/comments?post=81171"}],"version-history":[{"count":1,"href":"https:\/\/dorogimedence.hu\/index.php\/wp-json\/wp\/v2\/posts\/81171\/revisions"}],"predecessor-version":[{"id":81174,"href":"https:\/\/dorogimedence.hu\/index.php\/wp-json\/wp\/v2\/posts\/81171\/revisions\/81174"}],"wp:featuredmedia":[{"embeddable":true,"href":"https:\/\/dorogimedence.hu\/index.php\/wp-json\/wp\/v2\/media\/81173"}],"wp:attachment":[{"href":"https:\/\/dorogimedence.hu\/index.php\/wp-json\/wp\/v2\/media?parent=81171"}],"wp:term":[{"taxonomy":"category","embeddable":true,"href":"https:\/\/dorogimedence.hu\/index.php\/wp-json\/wp\/v2\/categories?post=81171"},{"taxonomy":"post_tag","embeddable":true,"href":"https:\/\/dorogimedence.hu\/index.php\/wp-json\/wp\/v2\/tags?post=81171"}],"curies":[{"name":"wp","href":"https:\/\/api.w.org\/{rel}","templated":true}]}}