{"id":80527,"date":"2026-06-21T08:27:51","date_gmt":"2026-06-21T06:27:51","guid":{"rendered":"https:\/\/dorogimedence.hu\/?p=80527"},"modified":"2026-06-21T18:51:30","modified_gmt":"2026-06-21T16:51:30","slug":"45-eve-tortent-a-dorogi-rockfesztival-1-resz","status":"publish","type":"post","link":"https:\/\/dorogimedence.hu\/index.php\/2026\/06\/21\/45-eve-tortent-a-dorogi-rockfesztival-1-resz\/","title":{"rendered":"45 \u00e9ve t\u00f6rt\u00e9nt: A Dorogi Rockfesztiv\u00e1l (1. r\u00e9sz)"},"content":{"rendered":"<p style=\"text-align: justify;\" data-start=\"52\" data-end=\"520\"><strong><em>N\u00e9gy \u00e9s f\u00e9l \u00e9vtizeddel ezel\u0151tt, 1981. j\u00fanius 27-\u00e9n rendezt\u00e9k meg azt a m\u00e1ig kuri\u00f3zumnak sz\u00e1m\u00edt\u00f3 esem\u00e9nyt, amelynek sor\u00e1n n\u00e9h\u00e1ny k\u00fclf\u00f6ldi fell\u00e9p\u0151 mellett a hazai rockzene akkori k\u00e9pvisel\u0151inek sz\u00edne-java is sz\u00ednpadra l\u00e9pett a t\u00f6bb t\u00edzezres k\u00f6z\u00f6ns\u00e9g el\u0151tt. Azon a bizonyos j\u00faniusi h\u00e9tv\u00e9g\u00e9n Dorogra a telep\u00fcl\u00e9s lakoss\u00e1g\u00e1nak t\u00f6bbsz\u00f6r\u00f6se \u00e9rkezett. Az \u00e9vfordul\u00f3ra k\u00e9sz\u00fclt megeml\u00e9kez\u0151 cikksorozat t\u00f6bb r\u00e9szben jelenik meg, amelynek bevezet\u0151 fejezete ezennel kezdet\u00e9t is veszi \u00e9s k\u00e9t naponta \u00fctemezve jelennek meg a k\u00f6vetkez\u0151 r\u00e9szek. \u00cdgy a 2. r\u00e9sz j\u00fanius 23-\u00e1n lesz olvashat\u00f3<\/em><\/strong> (Az 5 \u00e9vvel ezel\u0151tti cikkem friss\u00edtett v\u00e1ltozata)<em><strong>.<\/strong><\/em><\/p>\n<p style=\"text-align: justify;\" data-start=\"522\" data-end=\"867\">A nem mindennapi rendezv\u00e9ny \u00f6tletgazd\u00e1i dorogi fiatalok voltak, akik a meg\u00e1lmodott nagyszab\u00e1s\u00fa koncertet Dorog kett\u0151s jubileum\u00e1nak jegy\u00e9ben szervezett \u00fcnnepi programsorozat\u00e1ba illesztve kapt\u00e1k meg a sz\u00fcks\u00e9ges enged\u00e9lyeket. Mai sz\u00f3haszn\u00e1lattal \u00e9lve val\u00f3di \u201enagy dob\u00e1snak\u201d sz\u00e1m\u00edtott a megakoncert, amely joggal \u00e9rdemelte ki a fesztiv\u00e1l elnevez\u00e9st.<\/p>\n<p style=\"text-align: justify;\" data-start=\"869\" data-end=\"1733\">Az 1981-es \u00e9v k\u00fcl\u00f6nleges helyet foglal el Dorog t\u00f6rt\u00e9net\u00e9ben, hiszen k\u00e9t jelent\u0151s \u00e9vfordul\u00f3t is \u00fcnnepeltek ekkor \u2013 m\u00e9g ha az egyik n\u00e9mi pontos\u00edt\u00e1sra is szorul. A telep\u00fcl\u00e9s fenn\u00e1ll\u00e1s\u00e1nak 800. \u00e9vfordul\u00f3j\u00e1t arra alapozt\u00e1k, hogy Dorog neve a legkor\u00e1bbi fennmaradt \u00edr\u00e1sos eml\u00e9kben III. B\u00e9la kir\u00e1ly 1181-ben kiadott oklevel\u00e9ben szerepel. Az okirat egy birtokadom\u00e1ny kapcs\u00e1n eml\u00edti a telep\u00fcl\u00e9st. Term\u00e9szetesen ebb\u0151l nem szerencs\u00e9s egy\u00e9rtelm\u0171en Dorog eredet\u00e9t levezetni, hiszen a telep\u00fcl\u00e9s m\u00e1r Szent Istv\u00e1n kir\u00e1ly kor\u00e1ban is ismert helynek sz\u00e1m\u00edtott, s\u0151t jelent\u0151s szerepet t\u00f6lt\u00f6tt be az \u00c1rp\u00e1d-kori Magyarorsz\u00e1g \u00e9let\u00e9ben. Emellett r\u00f3mai kori eml\u00e9kek \u00e9s leletek is bizony\u00edtj\u00e1k, hogy Dorog t\u00f6rt\u00e9nete j\u00f3val 1181 el\u00e9 ny\u00falik vissza. A m\u00e1sik jubileum a dorogi sz\u00e9nb\u00e1ny\u00e1szat 1781-es megindul\u00e1s\u00e1nak 200. \u00e9vfordul\u00f3ja volt. Ett\u0151l f\u00fcggetlen\u00fcl a kett\u0151s \u00fcnnep jelent\u0151s\u00e9ge vitathatatlan.<\/p>\n<p data-start=\"869\" data-end=\"1733\"><img fetchpriority=\"high\" decoding=\"async\" class=\"aligncenter wp-image-80530 size-full\" src=\"https:\/\/dorogimedence.hu\/wp-content\/uploads\/2026\/05\/DF1_1.jpg\" alt=\"\" width=\"2126\" height=\"1614\" srcset=\"https:\/\/dorogimedence.hu\/wp-content\/uploads\/2026\/05\/DF1_1.jpg 2126w, https:\/\/dorogimedence.hu\/wp-content\/uploads\/2026\/05\/DF1_1-600x456.jpg 600w, https:\/\/dorogimedence.hu\/wp-content\/uploads\/2026\/05\/DF1_1-1920x1458.jpg 1920w, https:\/\/dorogimedence.hu\/wp-content\/uploads\/2026\/05\/DF1_1-768x583.jpg 768w, https:\/\/dorogimedence.hu\/wp-content\/uploads\/2026\/05\/DF1_1-1536x1166.jpg 1536w, https:\/\/dorogimedence.hu\/wp-content\/uploads\/2026\/05\/DF1_1-2048x1555.jpg 2048w, https:\/\/dorogimedence.hu\/wp-content\/uploads\/2026\/05\/DF1_1-150x114.jpg 150w, https:\/\/dorogimedence.hu\/wp-content\/uploads\/2026\/05\/DF1_1-450x342.jpg 450w, https:\/\/dorogimedence.hu\/wp-content\/uploads\/2026\/05\/DF1_1-1200x911.jpg 1200w\" sizes=\"(max-width: 2126px) 100vw, 2126px\" \/><\/p>\n<p style=\"text-align: center;\" data-start=\"1735\" data-end=\"1803\"><span style=\"font-size: 10pt;\"><em>A Schmidt-villa f\u0151homlokzata a fesztiv\u00e1lt megel\u0151z\u0151 \u00e9vekben<\/em><\/span><\/p>\n<p style=\"text-align: justify;\" data-start=\"1805\" data-end=\"2560\">A fesztiv\u00e1l helysz\u00edn\u00e9\u00fcl a telep\u00fcl\u00e9s egykori egyik legjelent\u0151sebb k\u00f6z\u00e9leti szem\u00e9lyis\u00e9g\u00e9nek, dr. Schmidt S\u00e1ndor b\u00e1nyaf\u0151tan\u00e1csosnak ny\u00e1ri rezidenci\u00e1ja, a r\u00f3la elnevezett Schmidt-villa parkja szolg\u00e1lt. A ter\u00fclet az Esztergomi \u00fat, az Eperjesi \u00fat, a Bocskai sor \u00e9s a Keny\u00e9rmez\u0151i-patak \u00e1ltal hat\u00e1rolt, mintegy 400\u00d7200 m\u00e9teres kisz\u00f6gell\u00e9sben helyezkedik el. A Schmidt csal\u00e1d eg\u00e9szen 1940-ig rendszeresen haszn\u00e1lta a vill\u00e1t, majd az \u00e1llamos\u00edt\u00e1st k\u00f6vet\u0151en k\u00fcl\u00f6nb\u00f6z\u0151 k\u00f6z\u00f6ss\u00e9gi funkci\u00f3kat kapott az \u00e9p\u00fclet. T\u00f6bbek k\u00f6z\u00f6tt v\u00e1j\u00e1rk\u00e9pz\u0151 iskola m\u0171k\u00f6d\u00f6tt benne, k\u00e9s\u0151bb pedig ism\u00e9t oktat\u00e1si c\u00e9lokat szolg\u00e1lt. 1975 szeptember\u00e9t\u0151l a helyi D\u00f3zsa Gy\u00f6rgy \u00c1ltal\u00e1nos Iskola kihelyezett als\u00f3 tagozatos oszt\u00e1lyainak adott otthont, tantermekkel, \u00e9tkez\u0151vel, tornateremmel \u00e9s napk\u00f6zivel.<\/p>\n<p data-start=\"1805\" data-end=\"2560\"><img decoding=\"async\" class=\"aligncenter wp-image-80532 size-full\" src=\"https:\/\/dorogimedence.hu\/wp-content\/uploads\/2026\/05\/DF1_3.jpg\" alt=\"\" width=\"817\" height=\"558\" srcset=\"https:\/\/dorogimedence.hu\/wp-content\/uploads\/2026\/05\/DF1_3.jpg 817w, https:\/\/dorogimedence.hu\/wp-content\/uploads\/2026\/05\/DF1_3-600x410.jpg 600w, https:\/\/dorogimedence.hu\/wp-content\/uploads\/2026\/05\/DF1_3-768x525.jpg 768w, https:\/\/dorogimedence.hu\/wp-content\/uploads\/2026\/05\/DF1_3-150x102.jpg 150w, https:\/\/dorogimedence.hu\/wp-content\/uploads\/2026\/05\/DF1_3-450x307.jpg 450w\" sizes=\"(max-width: 817px) 100vw, 817px\" \/><\/p>\n<p style=\"text-align: justify;\" data-start=\"2562\" data-end=\"2736\"><span style=\"font-size: 10pt;\"><em>A villa park fel\u0151li \u00e9p\u00fcletsz\u00e1rnya a medenc\u00e9vel m\u00e9g eredeti sz\u00e9ps\u00e9g\u00e9ben. A sz\u00ednpadr\u00f3l balra tekintve az \u00e9p\u00fclet ezen r\u00e9sze volt l\u00e1that\u00f3 az addigra m\u00e1r \u00fcres medenc\u00e9vel<\/em><\/span><\/p>\n<p style=\"text-align: justify;\" data-start=\"2738\" data-end=\"3448\">J\u00f3magam is itt v\u00e9geztem az \u00e1ltal\u00e1nos iskola els\u0151 n\u00e9gy oszt\u00e1ly\u00e1t, \u00edgy j\u00f3l ismertem \u00e9s nagyon szerettem a villa minden zug\u00e1t. Miut\u00e1n 1980-ra a D\u00f3zsa iskol\u00e1ban \u00faj tantermek \u00e9p\u00fcltek egy teljesen \u00f6n\u00e1ll\u00f3 sz\u00e1rny kialak\u00edt\u00e1s\u00e1val, valamennyi oszt\u00e1ly visszak\u00f6lt\u00f6zhetett a k\u00f6zponti \u00e9p\u00fcletbe. Akkoriban az iskola minden \u00e9vfolyamon h\u00e1rom p\u00e1rhuzamos oszt\u00e1llyal m\u0171k\u00f6d\u00f6tt, \u00f6sszesen t\u00f6bb mint 700 di\u00e1kkal \u00e9s mintegy harmincf\u0151s tantest\u00fclettel. A fesztiv\u00e1l idej\u00e9n teh\u00e1t a Schmidt-villa m\u00e1r egy \u00e9ve \u00fcresen \u00e1llt. Ugyancsak m\u00e9g az 1970-es \u00e9vek els\u0151 fel\u00e9ben alak\u00edtottak ki sportp\u00e1ly\u00e1kat a park ter\u00fclet\u00e9n a dorogi \u00fczemi t\u00f6megsportcsapatok sz\u00e1m\u00e1ra, k\u00f6zt\u00fck egy szabv\u00e1ny m\u00e9ret\u0171 labdar\u00fag\u00f3p\u00e1ly\u00e1t is, amely 1981 nyar\u00e1n szint\u00e9n a hely\u00e9n volt.<\/p>\n<p data-start=\"2738\" data-end=\"3448\"><img decoding=\"async\" class=\"aligncenter wp-image-80531 size-full\" src=\"https:\/\/dorogimedence.hu\/wp-content\/uploads\/2026\/05\/DF1_2.jpg\" alt=\"\" width=\"678\" height=\"518\" srcset=\"https:\/\/dorogimedence.hu\/wp-content\/uploads\/2026\/05\/DF1_2.jpg 678w, https:\/\/dorogimedence.hu\/wp-content\/uploads\/2026\/05\/DF1_2-600x458.jpg 600w, https:\/\/dorogimedence.hu\/wp-content\/uploads\/2026\/05\/DF1_2-150x115.jpg 150w, https:\/\/dorogimedence.hu\/wp-content\/uploads\/2026\/05\/DF1_2-450x344.jpg 450w\" sizes=\"(max-width: 678px) 100vw, 678px\" \/><\/p>\n<p style=\"text-align: justify;\" data-start=\"3450\" data-end=\"3596\"><span style=\"font-size: 10pt;\"><em>A szinte semmit sem v\u00e1ltozott egykori k\u00fczd\u0151t\u00e9r a sz\u00ednpad fel\u0151l a Schmidt-villa parkj\u00e1ban napjainkban. Itt foglalt helyet a k\u00f6z\u00f6ns\u00e9g java.<\/em><\/span><\/p>\n<p style=\"text-align: justify;\" data-start=\"3598\" data-end=\"4114\">A rendezv\u00e9ny f\u0151szervez\u0151i helyi fiatalok voltak, akik az akkori KISZ \u00e9gisze alatt, a K\u0151b\u00e1nyai Gy\u00f3gyszer\u00e1rugy\u00e1r Dorogi Gy\u00e1regys\u00e9g\u00e9vel \u2013 a mai Richter Gedeon dorogi \u00fczem\u00e9nek el\u0151dj\u00e9vel \u2013 \u00e9s az Ifj\u00fas\u00e1gi Magazinnal \u00f6sszefogva val\u00f3s\u00edtott\u00e1k meg a fesztiv\u00e1lt. Minden bizonnyal eredetileg is egy nagyszab\u00e1s\u00fa rockkoncert megszervez\u00e9se volt a c\u00e9ljuk, a kett\u0151s jubileum azonban kiv\u00e1l\u00f3 alkalmat k\u00edn\u00e1lt arra, hogy t\u00e1mogat\u00e1st kapjanak az illet\u00e9kes szervekt\u0151l. A rendezv\u00e9ny v\u00e9g\u00fcl hivatalosan is az \u00fcnnepi programsorozat r\u00e9sz\u00e9v\u00e9 v\u00e1lt.<\/p>\n<p style=\"text-align: justify;\" data-start=\"4116\" data-end=\"4630\">Dorogon m\u00e1r kor\u00e1bban is nagy n\u00e9pszer\u0171s\u00e9gnek \u00f6rvendtek a k\u00fcl\u00f6nf\u00e9le k\u00f6nny\u0171zenei rendezv\u00e9nyek, k\u00fcl\u00f6n\u00f6sen a \u201970-es \u00e9vek m\u00e1sodik fel\u00e9ben berobban\u00f3 hard rock \u00e9s progressz\u00edv rock ir\u00e1nt n\u0151tt meg az \u00e9rdekl\u0151d\u00e9s. A helyi fiatalok d\u00f6nt\u0151 t\u00f6bbs\u00e9ge rajongott a m\u0171faj\u00e9rt, b\u00e1r az id\u0151sebb gener\u00e1ci\u00f3 k\u00f6r\u00e9ben sem sz\u00e1m\u00edtott idegennek ez a zenei vil\u00e1g. Szinte valamennyi jelent\u0151s hazai zenekar rendszeresen fell\u00e9pett Dorogon, els\u0151sorban a m\u0171vel\u0151d\u00e9si h\u00e1zban \u00e9s annak kerthelyis\u00e9g\u00e9ben, ahol a koncertek t\u00f6bbnyire telt h\u00e1z el\u0151tt zajlottak.<\/p>\n<p data-start=\"4116\" data-end=\"4630\"><img loading=\"lazy\" decoding=\"async\" class=\"aligncenter wp-image-80540 \" src=\"https:\/\/dorogimedence.hu\/wp-content\/uploads\/2026\/05\/DF1_9.jpg\" alt=\"\" width=\"682\" height=\"420\" srcset=\"https:\/\/dorogimedence.hu\/wp-content\/uploads\/2026\/05\/DF1_9.jpg 499w, https:\/\/dorogimedence.hu\/wp-content\/uploads\/2026\/05\/DF1_9-150x92.jpg 150w, https:\/\/dorogimedence.hu\/wp-content\/uploads\/2026\/05\/DF1_9-450x277.jpg 450w\" sizes=\"(max-width: 682px) 100vw, 682px\" \/><\/p>\n<p style=\"text-align: justify;\" data-start=\"4116\" data-end=\"4630\"><span style=\"font-size: 10pt;\"><em>A sz\u00e1mos rockkoncertet meg\u00e9lt m\u0171vel\u0151d\u00e9si k\u00f6zpont a hetvenes \u00e9vek v\u00e9g\u00e9n. A fesztiv\u00e1loz\u00f3k nagy r\u00e9sze is megfordult itt.<\/em><\/span><\/p>\n<p style=\"text-align: justify;\" data-start=\"4760\" data-end=\"5717\">Ekkora horderej\u0171 zenei rendezv\u00e9ny azonban m\u00e9g orsz\u00e1gos szinten is ritkas\u00e1gnak sz\u00e1m\u00edtott. Az els\u0151 igaz\u00e1n jelent\u0151s hazai k\u00f6nny\u0171zenei fesztiv\u00e1lt 1973-ban rendezt\u00e9k Miskolcon, \u00e1m annak hangulata \u00e9s zenei vil\u00e1ga t\u00f6bb ponton elt\u00e9rt a dorogi esem\u00e9nyt\u0151l. A di\u00f3sgy\u0151ri stadionban megtartott fesztiv\u00e1l k\u00f6z\u00f6ns\u00e9ge a lel\u00e1t\u00f3kr\u00f3l figyelhette az el\u0151ad\u00e1sokat, amelyek a p\u00e1lya sz\u00e9l\u00e9n fel\u00e1ll\u00edtott sz\u00ednpadon zajlottak. Ett\u0151l f\u00fcggetlen\u00fcl a miskolci fesztiv\u00e1l \u00fatt\u00f6r\u0151 \u00e9s legend\u00e1s esem\u00e9nynek sz\u00e1m\u00edtott. Az ilyen rendezv\u00e9nyek kapcs\u00e1n \u00f3hatatlanul felmer\u00fcl a Woodstocki Fesztiv\u00e1l neve is, mint \u00f6sszehasonl\u00edt\u00e1si alap \u00e9s kultur\u00e1lis m\u00e9rf\u00f6ldk\u0151. Ugyanakkor nem felt\u00e9tlen\u00fcl szerencs\u00e9s ak\u00e1r a miskolci, ak\u00e1r a dorogi rendezv\u00e9nyt \u201ekis Woodstockk\u00e9nt\u201d emlegetni, m\u00e9g ha ez h\u00edzelg\u0151en is hangzik. Szint\u00e9n nagy visszhangot v\u00e1ltott ki az 1980. augusztus 23-\u00e1n, az \u00d3budai-szigeten megrendezett Fekete B\u00e1r\u00e1nyok koncert, ahol a P. Mobil, a Beatrice \u00e9s a Hobo Blues Band l\u00e9pett fel hatalmas t\u00f6meg el\u0151tt.<\/p>\n<p data-start=\"4760\" data-end=\"5717\"><img loading=\"lazy\" decoding=\"async\" class=\"aligncenter wp-image-80534 \" src=\"https:\/\/dorogimedence.hu\/wp-content\/uploads\/2026\/05\/DF1_5.jpg\" alt=\"\" width=\"556\" height=\"404\" srcset=\"https:\/\/dorogimedence.hu\/wp-content\/uploads\/2026\/05\/DF1_5.jpg 480w, https:\/\/dorogimedence.hu\/wp-content\/uploads\/2026\/05\/DF1_5-150x109.jpg 150w, https:\/\/dorogimedence.hu\/wp-content\/uploads\/2026\/05\/DF1_5-450x327.jpg 450w\" sizes=\"(max-width: 556px) 100vw, 556px\" \/><\/p>\n<p style=\"text-align: center;\" data-start=\"5719\" data-end=\"5807\"><span style=\"font-size: 10pt;\"><em>A Piramis koncertj\u00e9nek beharangoz\u00f3ja a megyei lap 1977. augusztus 5-i sz\u00e1m\u00e1ban<\/em><\/span><\/p>\n<p style=\"text-align: justify;\" data-start=\"5809\" data-end=\"6194\">T\u00e9ny, hogy az 1981-es dorogi rendezv\u00e9ny a maga kor\u00e1ban \u00f3ri\u00e1si v\u00e1llalkoz\u00e1snak sz\u00e1m\u00edtott. Az akkori b\u00fcrokratikus rendszer \u00fatveszt\u0151i \u00e9s a sz\u00e1mos neh\u00e9zs\u00e9g ellen\u00e9re siker\u00fclt enged\u00e9lyeztetni a fesztiv\u00e1lt, ami \u00f6nmag\u00e1ban is komoly eredm\u00e9ny volt. Ebben nagy szerepet j\u00e1tszott a kett\u0151s jubileumi programsorozat, ugyanakkor egy kor\u00e1bbi sikeres pr\u00f3b\u00e1lkoz\u00e1s is hozz\u00e1j\u00e1rult a bizalom kialakul\u00e1s\u00e1hoz.<\/p>\n<p style=\"text-align: justify;\" data-start=\"6196\" data-end=\"6733\">A fesztiv\u00e1l k\u00f6zvetlen el\u0151zm\u00e9ny\u00e9nek tekinthet\u0151 az 1980. j\u00falius 20-\u00e1n megrendezett nagyobb szab\u00e1s\u00fa rockkoncert, amelyet ugyancsak a dorogi KISZ-fiatalok \u00e9s a K\u0151b\u00e1nyai Gy\u00f3gyszergy\u00e1r helyi \u00fczeme szervezett meg a Schmidt-vill\u00e1ban. B\u00e1r nagys\u00e1grendj\u00e9ben m\u00e9g messze elmaradt az egy \u00e9vvel k\u00e9s\u0151bbi fesztiv\u00e1lt\u00f3l, m\u00e1r ez az eg\u00e9sz napos rendezv\u00e9ny is t\u00f6bb zenekart vonultatott fel, \u00e9s minden tekintetben sikeresnek bizonyult. Nemcsak a k\u00f6z\u00f6ns\u00e9g \u00e9s a szervez\u0151k, hanem a korabeli sajt\u00f3 \u00e9s az illet\u00e9kes hivatalos szervek is elismer\u0151en nyilatkoztak r\u00f3la.<\/p>\n<p data-start=\"6196\" data-end=\"6733\"><img loading=\"lazy\" decoding=\"async\" class=\"aligncenter wp-image-80533 size-full\" src=\"https:\/\/dorogimedence.hu\/wp-content\/uploads\/2026\/05\/DF1_4.jpg\" alt=\"\" width=\"560\" height=\"498\" srcset=\"https:\/\/dorogimedence.hu\/wp-content\/uploads\/2026\/05\/DF1_4.jpg 560w, https:\/\/dorogimedence.hu\/wp-content\/uploads\/2026\/05\/DF1_4-150x133.jpg 150w, https:\/\/dorogimedence.hu\/wp-content\/uploads\/2026\/05\/DF1_4-450x400.jpg 450w\" sizes=\"(max-width: 560px) 100vw, 560px\" \/><\/p>\n<p style=\"text-align: center;\" data-start=\"6735\" data-end=\"6817\"><span style=\"font-size: 10pt;\"><em>A \u201eKisfesztiv\u00e1lr\u00f3l\u201d sz\u00f3l\u00f3 cikk (Dolgoz\u00f3k Lapja \u2013 1980. j\u00falius 23-i sz\u00e1m)<\/em><\/span><\/p>\n<p style=\"text-align: justify;\" data-start=\"6819\" data-end=\"7268\">A fesztiv\u00e1l el\u0151k\u00e9sz\u00edt\u0151 munk\u00e1latai mintegy k\u00e9t h\u00f3nappal a koncert el\u0151tt kezd\u0151dtek meg, h\u00edre pedig szinte fut\u00f3t\u0171zk\u00e9nt terjedt orsz\u00e1gszerte. Riporterek \u00e9s \u00fajs\u00e1g\u00edr\u00f3k \u00e9rkeztek Dorogra, hogy inform\u00e1ci\u00f3kat gy\u0171jtsenek az esem\u00e9nyr\u0151l. Egy alkalommal m\u00e9g Buz\u00e1nszky Jen\u0151t, a dorogi futball legend\u00e1s alakj\u00e1t is felkerest\u00e9k, aki term\u00e9szetesen hallott a k\u00e9sz\u00fcl\u0151 rendezv\u00e9nyr\u0151l, b\u00e1r maga sem gondolta volna, hogy v\u00e9g\u00fcl t\u00f6bb t\u00edzezres t\u00f6meg \u00e9rkezik majd a telep\u00fcl\u00e9sre.<\/p>\n<p style=\"text-align: justify;\" data-start=\"7270\" data-end=\"8081\">A szervez\u0151k is csak tal\u00e1lgatt\u00e1k a v\u00e1rhat\u00f3 l\u00e1togat\u00f3sz\u00e1mot, de abban biztosak voltak, hogy t\u00edzezres nagys\u00e1grenddel sz\u00e1molni kell. A korabeli beharangoz\u00f3kban v\u00e9g\u00fcl mintegy 15 ezer r\u00e9sztvev\u0151t prognosztiz\u00e1ltak. Ez az\u00e9rt fontos k\u00f6r\u00fclm\u00e9ny, mert j\u00f3l mutatja: a szervez\u0151k tiszt\u00e1ban voltak azzal, hogy rendk\u00edv\u00fcli l\u00e9pt\u00e9k\u0171 esem\u00e9nyre k\u00e9sz\u00fclnek. B\u00e1r t\u00f6rt\u00e9ntek el\u0151k\u00e9sz\u00fcletek, az \u00e9tkez\u00e9si, italoz\u00e1si, valamint a mosd\u00f3- \u00e9s illemhelyhaszn\u00e1lati lehet\u0151s\u00e9gek m\u00e1r n\u00e9h\u00e1ny ezres t\u00f6meg eset\u00e9n is sz\u0171k\u00f6snek bizonyultak volna. Az akkori viszonyokat figyelembe v\u00e9ve is alulszervezettnek sz\u00e1m\u00edtott a rendezv\u00e9ny ezen a t\u00e9ren, mai szemmel n\u00e9zve pedig egyenesen elk\u00e9pzelhetetlen k\u00f6r\u00fclm\u00e9nyek uralkodtak volna. M\u00e9gis, ott \u00e9s akkor mindez zavarta tal\u00e1n legkev\u00e9sb\u00e9 a fesztiv\u00e1loz\u00f3kat. A k\u00f6z\u00f6ss\u00e9gi \u00e9lm\u00e9ny \u00e9s a zene szeretete szinte mindent fel\u00fcl\u00edrt.<\/p>\n<p data-start=\"7270\" data-end=\"8081\"><img loading=\"lazy\" decoding=\"async\" class=\"aligncenter wp-image-80535 size-full\" src=\"https:\/\/dorogimedence.hu\/wp-content\/uploads\/2026\/05\/DF1_6.jpg\" alt=\"\" width=\"334\" height=\"417\" srcset=\"https:\/\/dorogimedence.hu\/wp-content\/uploads\/2026\/05\/DF1_6.jpg 334w, https:\/\/dorogimedence.hu\/wp-content\/uploads\/2026\/05\/DF1_6-150x187.jpg 150w\" sizes=\"(max-width: 334px) 100vw, 334px\" \/><\/p>\n<p style=\"text-align: center;\" data-start=\"8083\" data-end=\"8163\"><span style=\"font-size: 10pt;\"><em>Beharangoz\u00f3 egy kor\u00e1bbi koncertre (Dolgoz\u00f3k Lapja \u2013 1978. m\u00e1rcius 29.)<\/em><\/span><\/p>\n<p style=\"text-align: justify;\" data-start=\"8165\" data-end=\"8600\">Bel\u00e9pve 1981 j\u00fanius\u00e1ba, egy orsz\u00e1got l\u00e1zban tart\u00f3 sportesem\u00e9ny mozgatta meg a k\u00f6zv\u00e9lem\u00e9nyt. A magyar labdar\u00fag\u00f3-v\u00e1logatott ekkor kezdte meg vil\u00e1gbajnoki selejtez\u0151it az 1982-es spanyolorsz\u00e1gi vb-re val\u00f3 kijut\u00e1s rem\u00e9ny\u00e9ben, \u00e9s j\u00fanius 6-\u00e1n \u2013 pontosan h\u00e1rom h\u00e9ttel a fesztiv\u00e1l el\u0151tt \u2013 a N\u00e9pstadionban fogadta az angol v\u00e1logatottat. A magyar csapat addig Sv\u00e1jc ellen d\u00f6ntetlent j\u00e1tszott, legy\u0151zte Rom\u00e1ni\u00e1t, majd Norv\u00e9gi\u00e1ban is gy\u0151zni tudott.<\/p>\n<p style=\"text-align: justify;\" data-start=\"8602\" data-end=\"9342\">Az angolok elleni tal\u00e1lkoz\u00f3 el\u0151tt k\u00fcl\u00f6nleges g\u00e1lam\u00e9rk\u0151z\u00e9sre ker\u00fclt sor Budapest \u00e9s Vid\u00e9k v\u00e1logatottjai k\u00f6z\u00f6tt, amelynek aprop\u00f3j\u00e1t Pusk\u00e1s Ferenc hazal\u00e1togat\u00e1sa adta. A Budapest csapat\u00e1ban p\u00e1ly\u00e1ra l\u00e9pett Grosics Gyula is, m\u00edg a Vid\u00e9k egy\u00fcttes\u00e9ben h\u00e1rom dorogi legenda \u2013 Buz\u00e1nszky Jen\u0151, Monostori Tivadar \u00e9s Sz\u0171cs Lajos \u2013 szerepelt. Mindk\u00e9t csapat kapit\u00e1nya dorogi k\u00f6t\u0151d\u00e9s\u0171 volt: a budapestieket Grosics, a vid\u00e9kieket Buz\u00e1nszky vezette. A magyar v\u00e1logatottban ugyancsak szerepelt egy egykori dorogi j\u00e1t\u00e9kos, Mucha J\u00f3zsef. Az \u00fcnnepi futballhangulatot ugyanakkor be\u00e1rny\u00e9kolta, hogy n\u00e9h\u00e1ny nappal kor\u00e1bban elhunyt az Aranycsapat kiv\u00e1l\u00f3s\u00e1ga, L\u00f3r\u00e1nt Gyula. A g\u00e1lam\u00e9rk\u0151z\u00e9s 3\u20133-as d\u00f6ntetlennel z\u00e1rult, m\u00edg az esti vb-selejtez\u0151n Anglia 3\u20131-re gy\u0151z\u00f6tt.<\/p>\n<p data-start=\"8602\" data-end=\"9342\"><img loading=\"lazy\" decoding=\"async\" class=\"aligncenter wp-image-80536 size-full\" src=\"https:\/\/dorogimedence.hu\/wp-content\/uploads\/2026\/05\/DF1_7.jpg\" alt=\"\" width=\"332\" height=\"289\" srcset=\"https:\/\/dorogimedence.hu\/wp-content\/uploads\/2026\/05\/DF1_7.jpg 332w, https:\/\/dorogimedence.hu\/wp-content\/uploads\/2026\/05\/DF1_7-150x131.jpg 150w\" sizes=\"(max-width: 332px) 100vw, 332px\" \/><\/p>\n<p style=\"text-align: center;\" data-start=\"9344\" data-end=\"9438\"><span style=\"font-size: 10pt;\"><em>A fenti Gener\u00e1l-cikk folytat\u00e1sa, amelynek szerz\u0151je az 1981-es fesztiv\u00e1l f\u0151szervez\u0151je<\/em><\/span><\/p>\n<p style=\"text-align: justify;\" data-start=\"9440\" data-end=\"10052\">Dorogon \u00e9ppen a fesztiv\u00e1lt megel\u0151z\u0151 h\u00e9tv\u00e9g\u00e9n, j\u00fanius 21-\u00e9n j\u00e1tszotta utols\u00f3 bajnoki m\u00e9rk\u0151z\u00e9s\u00e9t az NB II-ben szerepl\u0151 dorogi labdar\u00fag\u00f3csapat. A keretben olyan kiv\u00e1l\u00f3s\u00e1gok szerepeltek, mint a k\u00e9s\u0151bbi v\u00e1logatott Andrusch J\u00f3zsef, vagy az NB I-ben kor\u00e1bban m\u00e1r nevet szerzett Arany Mih\u00e1ly, az Engelbrecht testv\u00e9rek \u2013 J\u00f3zsef \u00e9s Zolt\u00e1n \u2013, valamint Laczk\u00f3 Istv\u00e1n. A dorogiak t\u00f6bb mint k\u00e9tezer n\u00e9z\u0151 el\u0151tt fogadt\u00e1k a Balassagyarmatot. A vend\u00e9gek a bronz\u00e9rem rem\u00e9ny\u00e9ben \u00e9rkeztek, v\u00e9g\u00fcl azonban g\u00f3lz\u00e1poros m\u00e9rk\u0151z\u00e9sen 6\u20134-es veres\u00e9get szenvedtek, \u00edgy lecs\u00fasztak a dobog\u00f3r\u00f3l, m\u00edg a Dorog meger\u0151s\u00edtette hely\u00e9t a k\u00f6z\u00e9pmez\u0151nyben.<\/p>\n<p style=\"text-align: justify;\" data-start=\"10054\" data-end=\"10470\">Ugyanezen a h\u00e9tv\u00e9g\u00e9n rendezt\u00e9k meg Dorogon a modellez\u0151k megyei bajnoks\u00e1g\u00e1t is a Palatinusz-t\u00f3n\u00e1l, ahol a dorogi K\u00f6les J\u00e1nos k\u00e9t kateg\u00f3ri\u00e1ban is m\u00e1sodik helyez\u00e9st \u00e9rt el. Szint\u00e9n ekkor zajlott a XI. megyei Ifj\u00fa G\u00e1rda-szemle, amelyet a dorogi j\u00e1r\u00e1s csapata nyert meg, ezzel kiv\u00edvva az orsz\u00e1gos d\u00f6nt\u0151n val\u00f3 r\u00e9szv\u00e9tel jog\u00e1t. A Gerecse-t\u00far\u00e1n egy\u00e9niben ugyancsak dorogi siker sz\u00fcletett: Balogh Imre v\u00e9gzett az els\u0151 helyen.<\/p>\n<p data-start=\"10054\" data-end=\"10470\"><img loading=\"lazy\" decoding=\"async\" class=\"aligncenter wp-image-80539 \" src=\"https:\/\/dorogimedence.hu\/wp-content\/uploads\/2026\/05\/DF1_8.jpg\" alt=\"\" width=\"674\" height=\"520\" srcset=\"https:\/\/dorogimedence.hu\/wp-content\/uploads\/2026\/05\/DF1_8.jpg 296w, https:\/\/dorogimedence.hu\/wp-content\/uploads\/2026\/05\/DF1_8-150x116.jpg 150w\" sizes=\"(max-width: 674px) 100vw, 674px\" \/><\/p>\n<p style=\"text-align: center;\" data-start=\"10472\" data-end=\"10505\"><em>\u00a0<span style=\"font-size: 10pt;\">Az Otthon mozi n\u00e9z\u0151tere<\/span><\/em><\/p>\n<p style=\"text-align: justify;\" data-start=\"10507\" data-end=\"10908\">\u00c9s hogy teljes legyen a korabeli hangulatk\u00e9p, \u00e9rdemes r\u00f6viden megeml\u00edteni a dorogi Otthon mozi m\u0171sor\u00e1t is. Egyr\u00e9szt ez is fontos kordokumentumnak tekinthet\u0151, m\u00e1sr\u00e9szt a fesztiv\u00e1lra \u00e9rkez\u0151k k\u00f6z\u00fcl t\u00f6bben is be\u00fcltek valamelyik esti vet\u00edt\u00e9sre. Dorogon rendk\u00edv\u00fcl n\u00e9pszer\u0171ek voltak a filmel\u0151ad\u00e1sok, a sz\u00e9p kialak\u00edt\u00e1s\u00fa \u00e9s nagy befogad\u00f3k\u00e9pess\u00e9g\u0171 filmsz\u00ednh\u00e1z pedig gyakran premier el\u0151tti vet\u00edt\u00e9seket is kapott.<\/p>\n<p style=\"text-align: justify;\" data-start=\"10910\" data-end=\"11289\">A rockfesztiv\u00e1l h\u00e9tv\u00e9g\u00e9j\u00e9n p\u00e9ntekt\u0151l vas\u00e1rnapig a <em data-start=\"10960\" data-end=\"10994\">Sheila meghalt \u00e9s New Yorkban \u00e9l<\/em> c\u00edm\u0171 filmet vet\u00edtett\u00e9k. Az azt k\u00f6vet\u0151 napokban t\u00f6bbek k\u00f6z\u00f6tt az <em data-start=\"11059\" data-end=\"11084\">Indi\u00e1nkaland Ontari\u00f3ban<\/em>, a <em data-start=\"11088\" data-end=\"11108\">B\u00e1tors\u00e1g, fussunk!<\/em>, a <em data-start=\"11112\" data-end=\"11133\">Piedone Egyiptomban<\/em>, <em data-start=\"11135\" data-end=\"11153\">A Pog\u00e1ny Madonna<\/em>, a <em data-start=\"11157\" data-end=\"11182\">Sz\u00e1ll a kakukk f\u00e9szk\u00e9re<\/em>, a <em data-start=\"11186\" data-end=\"11199\">J\u00e1nos vit\u00e9z<\/em>, a <em data-start=\"11203\" data-end=\"11230\">Megtal\u00e1lt\u00e1k a 7. sz\u00e1zadot<\/em> \u00e9s a <em data-start=\"11236\" data-end=\"11268\">Megh\u00edv\u00e1s egy gyilkos vacsor\u00e1ra<\/em> szerepelt a m\u0171soron.<\/p>\n<p data-start=\"11291\" data-end=\"11314\"><em data-start=\"11291\" data-end=\"11314\">Folytat\u00e1s k\u00f6vetkezik\u2026<\/em><\/p>\n<p data-start=\"11316\" data-end=\"11388\"><strong data-start=\"11316\" data-end=\"11330\">Bor\u00edt\u00f3k\u00e9p:<\/strong> Sz\u00ednpadon a Progn\u00f3zis \u2013 a Progn\u00f3zis egy\u00fcttes arch\u00edvum\u00e1b\u00f3l<\/p>\n<p data-start=\"11390\" data-end=\"11465\" data-is-last-node=\"\" data-is-only-node=\"\"><em data-start=\"11390\" data-end=\"11465\" data-is-last-node=\"\">K\u00fcl\u00f6n k\u00f6sz\u00f6net a bor\u00edt\u00f3k\u00e9p\u00e9rt V\u00f6r\u00f6s Istv\u00e1nnak \u00e9s a Progn\u00f3zis egy\u00fcttesnek.<\/em><\/p>\n<p data-start=\"11390\" data-end=\"11465\" data-is-last-node=\"\" data-is-only-node=\"\"><em><strong>Szab\u00f3 Gyula<\/strong><\/em><\/p>\n","protected":false},"excerpt":{"rendered":"<p>N\u00e9gy \u00e9s f\u00e9l \u00e9vtizeddel ezel\u0151tt, 1981. j\u00fanius 27-\u00e9n rendezt\u00e9k meg azt a m\u00e1ig kuri\u00f3zumnak sz\u00e1m\u00edt\u00f3 esem\u00e9nyt, amelynek sor\u00e1n n\u00e9h\u00e1ny k\u00fclf\u00f6ldi fell\u00e9p\u0151 mellett a hazai rockzene akkori k\u00e9pvisel\u0151inek sz\u00edne-java is sz\u00ednpadra l\u00e9pett a t\u00f6bb t\u00edzezres k\u00f6z\u00f6ns\u00e9g el\u0151tt. Azon a bizonyos j\u00faniusi h\u00e9tv\u00e9g\u00e9n Dorogra a telep\u00fcl\u00e9s lakoss\u00e1g\u00e1nak t\u00f6bbsz\u00f6r\u00f6se \u00e9rkezett. Az \u00e9vfordul\u00f3ra k\u00e9sz\u00fclt megeml\u00e9kez\u0151 cikksorozat t\u00f6bb r\u00e9szben jelenik<\/p>\n","protected":false},"author":4,"featured_media":81187,"comment_status":"closed","ping_status":"closed","sticky":false,"template":"","format":"standard","meta":{"ngg_post_thumbnail":0,"footnotes":""},"categories":[2,5769,3,6031],"tags":[],"class_list":["post-80527","post","type-post","status-publish","format-standard","has-post-thumbnail","category-dorog","category-dorogi-rockfesztival","category-hirek","category-kerek-evfordulok"],"yoast_head":"<!-- This site is optimized with the Yoast SEO plugin v28.3 - https:\/\/yoast.com\/product\/yoast-seo-wordpress\/ -->\n<title>45 \u00e9ve t\u00f6rt\u00e9nt: A Dorogi Rockfesztiv\u00e1l (1. r\u00e9sz)<\/title>\n<meta name=\"robots\" content=\"index, follow, max-snippet:-1, max-image-preview:large, max-video-preview:-1\" \/>\n<link rel=\"canonical\" href=\"https:\/\/dorogimedence.hu\/index.php\/2026\/06\/21\/45-eve-tortent-a-dorogi-rockfesztival-1-resz\/\" class=\"yoast-seo-meta-tag\" \/>\n<meta property=\"og:locale\" content=\"hu_HU\" class=\"yoast-seo-meta-tag\" \/>\n<meta property=\"og:type\" content=\"article\" class=\"yoast-seo-meta-tag\" \/>\n<meta property=\"og:title\" content=\"45 \u00e9ve t\u00f6rt\u00e9nt: A Dorogi Rockfesztiv\u00e1l (1. r\u00e9sz)\" class=\"yoast-seo-meta-tag\" \/>\n<meta property=\"og:description\" content=\"N\u00e9gy \u00e9s f\u00e9l \u00e9vtizeddel ezel\u0151tt, 1981. j\u00fanius 27-\u00e9n rendezt\u00e9k meg azt a m\u00e1ig kuri\u00f3zumnak sz\u00e1m\u00edt\u00f3 esem\u00e9nyt, amelynek sor\u00e1n n\u00e9h\u00e1ny k\u00fclf\u00f6ldi fell\u00e9p\u0151 mellett a hazai rockzene akkori k\u00e9pvisel\u0151inek sz\u00edne-java is sz\u00ednpadra l\u00e9pett a t\u00f6bb t\u00edzezres k\u00f6z\u00f6ns\u00e9g el\u0151tt. Azon a bizonyos j\u00faniusi h\u00e9tv\u00e9g\u00e9n Dorogra a telep\u00fcl\u00e9s lakoss\u00e1g\u00e1nak t\u00f6bbsz\u00f6r\u00f6se \u00e9rkezett. Az \u00e9vfordul\u00f3ra k\u00e9sz\u00fclt megeml\u00e9kez\u0151 cikksorozat t\u00f6bb r\u00e9szben jelenik\" class=\"yoast-seo-meta-tag\" \/>\n<meta property=\"og:url\" content=\"https:\/\/dorogimedence.hu\/index.php\/2026\/06\/21\/45-eve-tortent-a-dorogi-rockfesztival-1-resz\/\" class=\"yoast-seo-meta-tag\" \/>\n<meta property=\"og:site_name\" content=\"Dorogi-medence Region\u00e1lis H\u00edrport\u00e1l\" class=\"yoast-seo-meta-tag\" \/>\n<meta property=\"article:publisher\" content=\"https:\/\/www.facebook.com\/dorogimedence\/\" class=\"yoast-seo-meta-tag\" \/>\n<meta property=\"article:published_time\" content=\"2026-06-21T06:27:51+00:00\" class=\"yoast-seo-meta-tag\" \/>\n<meta property=\"article:modified_time\" content=\"2026-06-21T16:51:30+00:00\" class=\"yoast-seo-meta-tag\" \/>\n<meta property=\"og:image\" content=\"https:\/\/dorogimedence.hu\/wp-content\/uploads\/2026\/06\/rockfesztival-03.jpg\" class=\"yoast-seo-meta-tag\" \/>\n\t<meta property=\"og:image:width\" content=\"1920\" class=\"yoast-seo-meta-tag\" \/>\n\t<meta property=\"og:image:height\" content=\"970\" class=\"yoast-seo-meta-tag\" \/>\n\t<meta property=\"og:image:type\" content=\"image\/jpeg\" class=\"yoast-seo-meta-tag\" \/>\n<meta name=\"author\" content=\"Szab\u00f3 Gyula\" class=\"yoast-seo-meta-tag\" \/>\n<meta name=\"twitter:card\" content=\"summary_large_image\" class=\"yoast-seo-meta-tag\" \/>\n<meta name=\"twitter:label1\" content=\"Szerz\u0151:\" class=\"yoast-seo-meta-tag\" \/>\n\t<meta name=\"twitter:data1\" content=\"Szab\u00f3 Gyula\" class=\"yoast-seo-meta-tag\" \/>\n\t<meta name=\"twitter:label2\" content=\"Becs\u00fclt olvas\u00e1si id\u0151\" class=\"yoast-seo-meta-tag\" \/>\n\t<meta name=\"twitter:data2\" content=\"12 perc\" class=\"yoast-seo-meta-tag\" \/>\n<script type=\"application\/ld+json\" class=\"yoast-schema-graph\">{\"@context\":\"https:\\\/\\\/schema.org\",\"@graph\":[{\"@type\":\"Article\",\"@id\":\"https:\\\/\\\/dorogimedence.hu\\\/index.php\\\/2026\\\/06\\\/21\\\/45-eve-tortent-a-dorogi-rockfesztival-1-resz\\\/#article\",\"isPartOf\":{\"@id\":\"https:\\\/\\\/dorogimedence.hu\\\/index.php\\\/2026\\\/06\\\/21\\\/45-eve-tortent-a-dorogi-rockfesztival-1-resz\\\/\"},\"author\":{\"name\":\"Szab\u00f3 Gyula\",\"@id\":\"https:\\\/\\\/dorogimedence.hu\\\/#\\\/schema\\\/person\\\/76605e8151ec1b7376385cd184ede973\"},\"headline\":\"45 \u00e9ve t\u00f6rt\u00e9nt: A Dorogi Rockfesztiv\u00e1l (1. r\u00e9sz)\",\"datePublished\":\"2026-06-21T06:27:51+00:00\",\"dateModified\":\"2026-06-21T16:51:30+00:00\",\"mainEntityOfPage\":{\"@id\":\"https:\\\/\\\/dorogimedence.hu\\\/index.php\\\/2026\\\/06\\\/21\\\/45-eve-tortent-a-dorogi-rockfesztival-1-resz\\\/\"},\"wordCount\":2451,\"publisher\":{\"@id\":\"https:\\\/\\\/dorogimedence.hu\\\/#organization\"},\"image\":{\"@id\":\"https:\\\/\\\/dorogimedence.hu\\\/index.php\\\/2026\\\/06\\\/21\\\/45-eve-tortent-a-dorogi-rockfesztival-1-resz\\\/#primaryimage\"},\"thumbnailUrl\":\"https:\\\/\\\/dorogimedence.hu\\\/wp-content\\\/uploads\\\/2026\\\/06\\\/rockfesztival-03.jpg\",\"articleSection\":[\"Dorog\",\"Dorogi Rockfesztiv\u00e1l\",\"H\u00edrek\",\"Kerek \u00e9vfordul\u00f3k\"],\"inLanguage\":\"hu\"},{\"@type\":\"WebPage\",\"@id\":\"https:\\\/\\\/dorogimedence.hu\\\/index.php\\\/2026\\\/06\\\/21\\\/45-eve-tortent-a-dorogi-rockfesztival-1-resz\\\/\",\"url\":\"https:\\\/\\\/dorogimedence.hu\\\/index.php\\\/2026\\\/06\\\/21\\\/45-eve-tortent-a-dorogi-rockfesztival-1-resz\\\/\",\"name\":\"45 \u00e9ve t\u00f6rt\u00e9nt: A Dorogi Rockfesztiv\u00e1l (1. r\u00e9sz)\",\"isPartOf\":{\"@id\":\"https:\\\/\\\/dorogimedence.hu\\\/#website\"},\"primaryImageOfPage\":{\"@id\":\"https:\\\/\\\/dorogimedence.hu\\\/index.php\\\/2026\\\/06\\\/21\\\/45-eve-tortent-a-dorogi-rockfesztival-1-resz\\\/#primaryimage\"},\"image\":{\"@id\":\"https:\\\/\\\/dorogimedence.hu\\\/index.php\\\/2026\\\/06\\\/21\\\/45-eve-tortent-a-dorogi-rockfesztival-1-resz\\\/#primaryimage\"},\"thumbnailUrl\":\"https:\\\/\\\/dorogimedence.hu\\\/wp-content\\\/uploads\\\/2026\\\/06\\\/rockfesztival-03.jpg\",\"datePublished\":\"2026-06-21T06:27:51+00:00\",\"dateModified\":\"2026-06-21T16:51:30+00:00\",\"breadcrumb\":{\"@id\":\"https:\\\/\\\/dorogimedence.hu\\\/index.php\\\/2026\\\/06\\\/21\\\/45-eve-tortent-a-dorogi-rockfesztival-1-resz\\\/#breadcrumb\"},\"inLanguage\":\"hu\",\"potentialAction\":[{\"@type\":\"ReadAction\",\"target\":[\"https:\\\/\\\/dorogimedence.hu\\\/index.php\\\/2026\\\/06\\\/21\\\/45-eve-tortent-a-dorogi-rockfesztival-1-resz\\\/\"]}]},{\"@type\":\"ImageObject\",\"inLanguage\":\"hu\",\"@id\":\"https:\\\/\\\/dorogimedence.hu\\\/index.php\\\/2026\\\/06\\\/21\\\/45-eve-tortent-a-dorogi-rockfesztival-1-resz\\\/#primaryimage\",\"url\":\"https:\\\/\\\/dorogimedence.hu\\\/wp-content\\\/uploads\\\/2026\\\/06\\\/rockfesztival-03.jpg\",\"contentUrl\":\"https:\\\/\\\/dorogimedence.hu\\\/wp-content\\\/uploads\\\/2026\\\/06\\\/rockfesztival-03.jpg\",\"width\":1920,\"height\":970},{\"@type\":\"BreadcrumbList\",\"@id\":\"https:\\\/\\\/dorogimedence.hu\\\/index.php\\\/2026\\\/06\\\/21\\\/45-eve-tortent-a-dorogi-rockfesztival-1-resz\\\/#breadcrumb\",\"itemListElement\":[{\"@type\":\"ListItem\",\"position\":1,\"name\":\"Kezd\u0151lap\",\"item\":\"https:\\\/\\\/dorogimedence.hu\\\/\"},{\"@type\":\"ListItem\",\"position\":2,\"name\":\"45 \u00e9ve t\u00f6rt\u00e9nt: A Dorogi Rockfesztiv\u00e1l (1. r\u00e9sz)\"}]},{\"@type\":\"WebSite\",\"@id\":\"https:\\\/\\\/dorogimedence.hu\\\/#website\",\"url\":\"https:\\\/\\\/dorogimedence.hu\\\/\",\"name\":\"Dorogi-medence Region\u00e1lis H\u00edrport\u00e1l\",\"description\":\"Dorog, Keszt\u00f6lc, Le\u00e1nyv\u00e1r, Piliscs\u00e9v, Tokod, Tokodalt\u00e1r\u00f3, Csolnok, Esztergom-kertv\u00e1ros: h\u00edrek, programok\",\"publisher\":{\"@id\":\"https:\\\/\\\/dorogimedence.hu\\\/#organization\"},\"potentialAction\":[{\"@type\":\"SearchAction\",\"target\":{\"@type\":\"EntryPoint\",\"urlTemplate\":\"https:\\\/\\\/dorogimedence.hu\\\/?s={search_term_string}\"},\"query-input\":{\"@type\":\"PropertyValueSpecification\",\"valueRequired\":true,\"valueName\":\"search_term_string\"}}],\"inLanguage\":\"hu\"},{\"@type\":\"Organization\",\"@id\":\"https:\\\/\\\/dorogimedence.hu\\\/#organization\",\"name\":\"Dorogi-medence Region\u00e1lis H\u00edrport\u00e1l\",\"url\":\"https:\\\/\\\/dorogimedence.hu\\\/\",\"logo\":{\"@type\":\"ImageObject\",\"inLanguage\":\"hu\",\"@id\":\"https:\\\/\\\/dorogimedence.hu\\\/#\\\/schema\\\/logo\\\/image\\\/\",\"url\":\"https:\\\/\\\/dorogimedence.hu\\\/wp-content\\\/uploads\\\/2021\\\/04\\\/logo-feher-600.png\",\"contentUrl\":\"https:\\\/\\\/dorogimedence.hu\\\/wp-content\\\/uploads\\\/2021\\\/04\\\/logo-feher-600.png\",\"width\":600,\"height\":100,\"caption\":\"Dorogi-medence Region\u00e1lis H\u00edrport\u00e1l\"},\"image\":{\"@id\":\"https:\\\/\\\/dorogimedence.hu\\\/#\\\/schema\\\/logo\\\/image\\\/\"},\"sameAs\":[\"https:\\\/\\\/www.facebook.com\\\/dorogimedence\\\/\"]},{\"@type\":\"Person\",\"@id\":\"https:\\\/\\\/dorogimedence.hu\\\/#\\\/schema\\\/person\\\/76605e8151ec1b7376385cd184ede973\",\"name\":\"Szab\u00f3 Gyula\",\"image\":{\"@type\":\"ImageObject\",\"inLanguage\":\"hu\",\"@id\":\"\\\/\\\/www.gravatar.com\\\/avatar\\\/3e44b6fb2ef9bcea3639958cc2a587cb?s=96&#038;r=g&#038;d=mm\",\"url\":\"\\\/\\\/www.gravatar.com\\\/avatar\\\/3e44b6fb2ef9bcea3639958cc2a587cb?s=96&#038;r=g&#038;d=mm\",\"contentUrl\":\"\\\/\\\/www.gravatar.com\\\/avatar\\\/3e44b6fb2ef9bcea3639958cc2a587cb?s=96&#038;r=g&#038;d=mm\",\"caption\":\"Szab\u00f3 Gyula\"}}]}<\/script>\n<!-- \/ Yoast SEO plugin. -->","yoast_head_json":{"title":"45 \u00e9ve t\u00f6rt\u00e9nt: A Dorogi Rockfesztiv\u00e1l (1. r\u00e9sz)","robots":{"index":"index","follow":"follow","max-snippet":"max-snippet:-1","max-image-preview":"max-image-preview:large","max-video-preview":"max-video-preview:-1"},"canonical":"https:\/\/dorogimedence.hu\/index.php\/2026\/06\/21\/45-eve-tortent-a-dorogi-rockfesztival-1-resz\/","og_locale":"hu_HU","og_type":"article","og_title":"45 \u00e9ve t\u00f6rt\u00e9nt: A Dorogi Rockfesztiv\u00e1l (1. r\u00e9sz)","og_description":"N\u00e9gy \u00e9s f\u00e9l \u00e9vtizeddel ezel\u0151tt, 1981. j\u00fanius 27-\u00e9n rendezt\u00e9k meg azt a m\u00e1ig kuri\u00f3zumnak sz\u00e1m\u00edt\u00f3 esem\u00e9nyt, amelynek sor\u00e1n n\u00e9h\u00e1ny k\u00fclf\u00f6ldi fell\u00e9p\u0151 mellett a hazai rockzene akkori k\u00e9pvisel\u0151inek sz\u00edne-java is sz\u00ednpadra l\u00e9pett a t\u00f6bb t\u00edzezres k\u00f6z\u00f6ns\u00e9g el\u0151tt. Azon a bizonyos j\u00faniusi h\u00e9tv\u00e9g\u00e9n Dorogra a telep\u00fcl\u00e9s lakoss\u00e1g\u00e1nak t\u00f6bbsz\u00f6r\u00f6se \u00e9rkezett. Az \u00e9vfordul\u00f3ra k\u00e9sz\u00fclt megeml\u00e9kez\u0151 cikksorozat t\u00f6bb r\u00e9szben jelenik","og_url":"https:\/\/dorogimedence.hu\/index.php\/2026\/06\/21\/45-eve-tortent-a-dorogi-rockfesztival-1-resz\/","og_site_name":"Dorogi-medence Region\u00e1lis H\u00edrport\u00e1l","article_publisher":"https:\/\/www.facebook.com\/dorogimedence\/","article_published_time":"2026-06-21T06:27:51+00:00","article_modified_time":"2026-06-21T16:51:30+00:00","og_image":[{"width":1920,"height":970,"url":"https:\/\/dorogimedence.hu\/wp-content\/uploads\/2026\/06\/rockfesztival-03.jpg","type":"image\/jpeg"}],"author":"Szab\u00f3 Gyula","twitter_card":"summary_large_image","twitter_misc":{"Szerz\u0151:":"Szab\u00f3 Gyula","Becs\u00fclt olvas\u00e1si id\u0151":"12 perc"},"schema":{"@context":"https:\/\/schema.org","@graph":[{"@type":"Article","@id":"https:\/\/dorogimedence.hu\/index.php\/2026\/06\/21\/45-eve-tortent-a-dorogi-rockfesztival-1-resz\/#article","isPartOf":{"@id":"https:\/\/dorogimedence.hu\/index.php\/2026\/06\/21\/45-eve-tortent-a-dorogi-rockfesztival-1-resz\/"},"author":{"name":"Szab\u00f3 Gyula","@id":"https:\/\/dorogimedence.hu\/#\/schema\/person\/76605e8151ec1b7376385cd184ede973"},"headline":"45 \u00e9ve t\u00f6rt\u00e9nt: A Dorogi Rockfesztiv\u00e1l (1. r\u00e9sz)","datePublished":"2026-06-21T06:27:51+00:00","dateModified":"2026-06-21T16:51:30+00:00","mainEntityOfPage":{"@id":"https:\/\/dorogimedence.hu\/index.php\/2026\/06\/21\/45-eve-tortent-a-dorogi-rockfesztival-1-resz\/"},"wordCount":2451,"publisher":{"@id":"https:\/\/dorogimedence.hu\/#organization"},"image":{"@id":"https:\/\/dorogimedence.hu\/index.php\/2026\/06\/21\/45-eve-tortent-a-dorogi-rockfesztival-1-resz\/#primaryimage"},"thumbnailUrl":"https:\/\/dorogimedence.hu\/wp-content\/uploads\/2026\/06\/rockfesztival-03.jpg","articleSection":["Dorog","Dorogi Rockfesztiv\u00e1l","H\u00edrek","Kerek \u00e9vfordul\u00f3k"],"inLanguage":"hu"},{"@type":"WebPage","@id":"https:\/\/dorogimedence.hu\/index.php\/2026\/06\/21\/45-eve-tortent-a-dorogi-rockfesztival-1-resz\/","url":"https:\/\/dorogimedence.hu\/index.php\/2026\/06\/21\/45-eve-tortent-a-dorogi-rockfesztival-1-resz\/","name":"45 \u00e9ve t\u00f6rt\u00e9nt: A Dorogi Rockfesztiv\u00e1l (1. r\u00e9sz)","isPartOf":{"@id":"https:\/\/dorogimedence.hu\/#website"},"primaryImageOfPage":{"@id":"https:\/\/dorogimedence.hu\/index.php\/2026\/06\/21\/45-eve-tortent-a-dorogi-rockfesztival-1-resz\/#primaryimage"},"image":{"@id":"https:\/\/dorogimedence.hu\/index.php\/2026\/06\/21\/45-eve-tortent-a-dorogi-rockfesztival-1-resz\/#primaryimage"},"thumbnailUrl":"https:\/\/dorogimedence.hu\/wp-content\/uploads\/2026\/06\/rockfesztival-03.jpg","datePublished":"2026-06-21T06:27:51+00:00","dateModified":"2026-06-21T16:51:30+00:00","breadcrumb":{"@id":"https:\/\/dorogimedence.hu\/index.php\/2026\/06\/21\/45-eve-tortent-a-dorogi-rockfesztival-1-resz\/#breadcrumb"},"inLanguage":"hu","potentialAction":[{"@type":"ReadAction","target":["https:\/\/dorogimedence.hu\/index.php\/2026\/06\/21\/45-eve-tortent-a-dorogi-rockfesztival-1-resz\/"]}]},{"@type":"ImageObject","inLanguage":"hu","@id":"https:\/\/dorogimedence.hu\/index.php\/2026\/06\/21\/45-eve-tortent-a-dorogi-rockfesztival-1-resz\/#primaryimage","url":"https:\/\/dorogimedence.hu\/wp-content\/uploads\/2026\/06\/rockfesztival-03.jpg","contentUrl":"https:\/\/dorogimedence.hu\/wp-content\/uploads\/2026\/06\/rockfesztival-03.jpg","width":1920,"height":970},{"@type":"BreadcrumbList","@id":"https:\/\/dorogimedence.hu\/index.php\/2026\/06\/21\/45-eve-tortent-a-dorogi-rockfesztival-1-resz\/#breadcrumb","itemListElement":[{"@type":"ListItem","position":1,"name":"Kezd\u0151lap","item":"https:\/\/dorogimedence.hu\/"},{"@type":"ListItem","position":2,"name":"45 \u00e9ve t\u00f6rt\u00e9nt: A Dorogi Rockfesztiv\u00e1l (1. r\u00e9sz)"}]},{"@type":"WebSite","@id":"https:\/\/dorogimedence.hu\/#website","url":"https:\/\/dorogimedence.hu\/","name":"Dorogi-medence Region\u00e1lis H\u00edrport\u00e1l","description":"Dorog, Keszt\u00f6lc, Le\u00e1nyv\u00e1r, Piliscs\u00e9v, Tokod, Tokodalt\u00e1r\u00f3, Csolnok, Esztergom-kertv\u00e1ros: h\u00edrek, programok","publisher":{"@id":"https:\/\/dorogimedence.hu\/#organization"},"potentialAction":[{"@type":"SearchAction","target":{"@type":"EntryPoint","urlTemplate":"https:\/\/dorogimedence.hu\/?s={search_term_string}"},"query-input":{"@type":"PropertyValueSpecification","valueRequired":true,"valueName":"search_term_string"}}],"inLanguage":"hu"},{"@type":"Organization","@id":"https:\/\/dorogimedence.hu\/#organization","name":"Dorogi-medence Region\u00e1lis H\u00edrport\u00e1l","url":"https:\/\/dorogimedence.hu\/","logo":{"@type":"ImageObject","inLanguage":"hu","@id":"https:\/\/dorogimedence.hu\/#\/schema\/logo\/image\/","url":"https:\/\/dorogimedence.hu\/wp-content\/uploads\/2021\/04\/logo-feher-600.png","contentUrl":"https:\/\/dorogimedence.hu\/wp-content\/uploads\/2021\/04\/logo-feher-600.png","width":600,"height":100,"caption":"Dorogi-medence Region\u00e1lis H\u00edrport\u00e1l"},"image":{"@id":"https:\/\/dorogimedence.hu\/#\/schema\/logo\/image\/"},"sameAs":["https:\/\/www.facebook.com\/dorogimedence\/"]},{"@type":"Person","@id":"https:\/\/dorogimedence.hu\/#\/schema\/person\/76605e8151ec1b7376385cd184ede973","name":"Szab\u00f3 Gyula","image":{"@type":"ImageObject","inLanguage":"hu","@id":"\/\/www.gravatar.com\/avatar\/3e44b6fb2ef9bcea3639958cc2a587cb?s=96&#038;r=g&#038;d=mm","url":"\/\/www.gravatar.com\/avatar\/3e44b6fb2ef9bcea3639958cc2a587cb?s=96&#038;r=g&#038;d=mm","contentUrl":"\/\/www.gravatar.com\/avatar\/3e44b6fb2ef9bcea3639958cc2a587cb?s=96&#038;r=g&#038;d=mm","caption":"Szab\u00f3 Gyula"}}]}},"_links":{"self":[{"href":"https:\/\/dorogimedence.hu\/index.php\/wp-json\/wp\/v2\/posts\/80527","targetHints":{"allow":["GET"]}}],"collection":[{"href":"https:\/\/dorogimedence.hu\/index.php\/wp-json\/wp\/v2\/posts"}],"about":[{"href":"https:\/\/dorogimedence.hu\/index.php\/wp-json\/wp\/v2\/types\/post"}],"author":[{"embeddable":true,"href":"https:\/\/dorogimedence.hu\/index.php\/wp-json\/wp\/v2\/users\/4"}],"replies":[{"embeddable":true,"href":"https:\/\/dorogimedence.hu\/index.php\/wp-json\/wp\/v2\/comments?post=80527"}],"version-history":[{"count":12,"href":"https:\/\/dorogimedence.hu\/index.php\/wp-json\/wp\/v2\/posts\/80527\/revisions"}],"predecessor-version":[{"id":81279,"href":"https:\/\/dorogimedence.hu\/index.php\/wp-json\/wp\/v2\/posts\/80527\/revisions\/81279"}],"wp:featuredmedia":[{"embeddable":true,"href":"https:\/\/dorogimedence.hu\/index.php\/wp-json\/wp\/v2\/media\/81187"}],"wp:attachment":[{"href":"https:\/\/dorogimedence.hu\/index.php\/wp-json\/wp\/v2\/media?parent=80527"}],"wp:term":[{"taxonomy":"category","embeddable":true,"href":"https:\/\/dorogimedence.hu\/index.php\/wp-json\/wp\/v2\/categories?post=80527"},{"taxonomy":"post_tag","embeddable":true,"href":"https:\/\/dorogimedence.hu\/index.php\/wp-json\/wp\/v2\/tags?post=80527"}],"curies":[{"name":"wp","href":"https:\/\/api.w.org\/{rel}","templated":true}]}}