{"id":8041,"date":"2018-01-31T05:49:42","date_gmt":"2018-01-31T04:49:42","guid":{"rendered":"http:\/\/dorogimedence.hu\/?p=8041"},"modified":"2018-01-31T05:49:42","modified_gmt":"2018-01-31T04:49:42","slug":"hires-magyarok-a-dorogi-konyvtarban","status":"publish","type":"post","link":"https:\/\/dorogimedence.hu\/index.php\/2018\/01\/31\/hires-magyarok-a-dorogi-konyvtarban\/","title":{"rendered":"H\u00edres magyarok a dorogi k\u00f6nyvt\u00e1rban"},"content":{"rendered":"<p><strong>Janu\u00e1r 25-\u00e9n, cs\u00fct\u00f6rt\u00f6k\u00f6n, az \u00e9v els\u0151 k\u00f6z\u00f6ns\u00e9gtal\u00e1lkoz\u00f3ja keret\u00e9ben Csiff\u00e1ry Gabriella tartott izgalmas k\u00f6nyvbemutat\u00f3t a dorogi G\u00e1thy Zolt\u00e1n V\u00e1rosi K\u00f6nyvt\u00e1rban <\/strong><em>&#8211; sz\u00e1mol be az esem\u00e9nyr\u0151l Dorog v\u00e1ros a <a href=\"http:\/\/dorog.hu\/index.php?oldal=65&amp;hir=2703\" target=\"_blank\" rel=\"noopener\"><span style=\"text-decoration: underline; color: #0000ff;\">honlapj\u00e1n<\/span><\/a>.<\/em><strong><br \/>\n<\/strong><\/p>\n<p>Nem el\u0151sz\u00f6r hallhattuk a nagyszer\u0171 el\u0151ad\u00f3i k\u00e9szs\u00e9gekkel meg\u00e1ldott szerz\u0151t, aki ez\u00fattal imm\u00e1r tizen\u00f6t\u00f6dik k\u00f6tet\u00e9t mutatta be.<\/p>\n<p>Magyar\u00e1zom a bizony\u00edtv\u00e1nyom&#8230; &#8211; H\u00edres magyarok az iskol\u00e1ban c\u00edm\u0171 nagysiker\u0171 k\u00f6nyv\u00e9t t\u00f6bb mint 5 \u00e9vnyi kutat\u00f3munk\u00e1nak k\u00f6sz\u00f6nhet\u0151en siker\u00fclt elk\u00e9sz\u00edtenie a Budapest F\u0151v\u00e1rosi Lev\u00e9lt\u00e1r f\u0151lev\u00e9lt\u00e1ros\u00e1nak. Sz\u00e1mos helyen: k\u00f6nyvt\u00e1rakban, lev\u00e9lt\u00e1rakban, iskolai iratt\u00e1rakban, mag\u00e1ngy\u0171jtem\u00e9nyekben \u00e9s szem\u00e9lyes tal\u00e1lkoz\u00f3kon igyekezett kider\u00edteni eddig kev\u00e9ss\u00e9 ismert r\u00e9szleteket 82 egykori h\u00edres magyar, k\u00f6zt\u00fck neves \u00edr\u00f3k, k\u00f6lt\u0151k, tud\u00f3sok \u00e9s sz\u00edn\u00e9szek iskolai \u00e9veir\u0151l. Az \u00edgy megszerzett, \u00e1tn\u00e9zett, lefot\u00f3zott \u00e9s \u00f6sszevetett dokument\u00e1ci\u00f3kon kereszt\u00fcl mutatja be a 19-20. sz\u00e1zad fontos szem\u00e9lyis\u00e9geinek fiatalkori \u00e9veit, t\u00f6bbnyire sikertelens\u00e9geiket, kudarcaikat, bukd\u00e1csol\u00e1saikat.<\/p>\n<p>A k\u00f6tet maga egy\u00e1ltal\u00e1n nem az egykori vagy mindenkori iskola \u00e9s iskolarendszer kritik\u00e1ja, sokkal ink\u00e1bb megd\u00f6bbent\u0151 t\u00e9nyeket tartalmaz\u00f3, b\u00e1tor\u00edt\u00f3 \u00fczenet a t\u00e1rsadalomnak \u00e9s a sz\u00fcl\u0151knek: nem kell felt\u00e9tlen\u00fcl k\u00e9ts\u00e9gbe esni, ha a gyermeknek a t\u00f6bbnyire sz\u00fcks\u00e9gszer\u0171en uniformiz\u00e1lt iskolakeret sz\u0171knek bizonyul. E\u00f6tv\u00f6s L\u00f3r\u00e1nd fizikus a gimn\u00e1zium els\u0151 oszt\u00e1ly\u00e1nak m\u00e1sodik f\u00e9l\u00e9v\u00e9ben term\u00e9szettanb\u00f3l (fizika) el\u00e9gs\u00e9ges volt; Arany J\u00e1nos k\u00f6lt\u0151 h\u00e1rom \u00e9v ut\u00e1n hagyta ott a Debreceni Reform\u00e1tus Koll\u00e9giumot a szabadabb \u00e9let rem\u00e9ny\u00e9ben; M\u00e1ndy Iv\u00e1n \u00edr\u00f3 iskol\u00e1ba menet el\u00e1jult a stresszt\u0151l; \u0150ze Lajos Kossuth-d\u00edjas sz\u00edn\u00e9sz gyerekkor\u00e1ban a feleltet\u00e9skor csak dadogni tudott&#8230;<\/p>\n<p>A rendk\u00edv\u00fcl ig\u00e9nyesen meg\u00edrt \u00e9s -szerkesztett k\u00f6nyv pozit\u00edv visszhangjai is hozz\u00e1j\u00e1rulnak n\u00e9pszer\u0171s\u00e9g\u00e9hez, Dorogon pedig a telt h\u00e1zas k\u00f6z\u00f6ns\u00e9g bizony\u00edtotta siker\u00e9t.<\/p>\n<p><em>Forr\u00e1s: dorog.hu<\/em><br \/>\n<em>Fot\u00f3: librarius.hu<\/em><\/p>\n","protected":false},"excerpt":{"rendered":"<p>Janu\u00e1r 25-\u00e9n, cs\u00fct\u00f6rt\u00f6k\u00f6n, az \u00e9v els\u0151 k\u00f6z\u00f6ns\u00e9gtal\u00e1lkoz\u00f3ja keret\u00e9ben Csiff\u00e1ry Gabriella tartott izgalmas k\u00f6nyvbemutat\u00f3t a dorogi G\u00e1thy Zolt\u00e1n V\u00e1rosi K\u00f6nyvt\u00e1rban &#8211; sz\u00e1mol be az esem\u00e9nyr\u0151l Dorog v\u00e1ros a honlapj\u00e1n. Nem el\u0151sz\u00f6r hallhattuk a nagyszer\u0171 el\u0151ad\u00f3i k\u00e9szs\u00e9gekkel meg\u00e1ldott szerz\u0151t, aki ez\u00fattal imm\u00e1r tizen\u00f6t\u00f6dik k\u00f6tet\u00e9t mutatta be. Magyar\u00e1zom a bizony\u00edtv\u00e1nyom&#8230; &#8211; H\u00edres magyarok az iskol\u00e1ban c\u00edm\u0171 nagysiker\u0171 k\u00f6nyv\u00e9t<\/p>\n","protected":false},"author":1,"featured_media":8043,"comment_status":"closed","ping_status":"closed","sticky":false,"template":"","format":"standard","meta":{"ngg_post_thumbnail":0,"footnotes":""},"categories":[2,3],"tags":[2120,15,673,144],"class_list":{"0":"post-8041","1":"post","2":"type-post","3":"status-publish","4":"format-standard","5":"has-post-thumbnail","7":"category-dorog","8":"category-hirek","9":"tag-csiffary-gabriella","10":"tag-dorog","11":"tag-konyvbemutato","12":"tag-konyvtar"},"yoast_head":"<!-- This site is optimized with the Yoast SEO plugin v27.4 - https:\/\/yoast.com\/product\/yoast-seo-wordpress\/ -->\n<title>H\u00edres magyarok a dorogi k\u00f6nyvt\u00e1rban<\/title>\n<meta name=\"robots\" content=\"index, follow, max-snippet:-1, max-image-preview:large, max-video-preview:-1\" \/>\n<link rel=\"canonical\" href=\"https:\/\/dorogimedence.hu\/index.php\/2018\/01\/31\/hires-magyarok-a-dorogi-konyvtarban\/\" class=\"yoast-seo-meta-tag\" \/>\n<meta property=\"og:locale\" content=\"hu_HU\" class=\"yoast-seo-meta-tag\" \/>\n<meta property=\"og:type\" content=\"article\" class=\"yoast-seo-meta-tag\" \/>\n<meta property=\"og:title\" content=\"H\u00edres magyarok a dorogi k\u00f6nyvt\u00e1rban\" class=\"yoast-seo-meta-tag\" \/>\n<meta property=\"og:description\" content=\"Janu\u00e1r 25-\u00e9n, cs\u00fct\u00f6rt\u00f6k\u00f6n, az \u00e9v els\u0151 k\u00f6z\u00f6ns\u00e9gtal\u00e1lkoz\u00f3ja keret\u00e9ben Csiff\u00e1ry Gabriella tartott izgalmas k\u00f6nyvbemutat\u00f3t a dorogi G\u00e1thy Zolt\u00e1n V\u00e1rosi K\u00f6nyvt\u00e1rban &#8211; sz\u00e1mol be az esem\u00e9nyr\u0151l Dorog v\u00e1ros a honlapj\u00e1n. Nem el\u0151sz\u00f6r hallhattuk a nagyszer\u0171 el\u0151ad\u00f3i k\u00e9szs\u00e9gekkel meg\u00e1ldott szerz\u0151t, aki ez\u00fattal imm\u00e1r tizen\u00f6t\u00f6dik k\u00f6tet\u00e9t mutatta be. Magyar\u00e1zom a bizony\u00edtv\u00e1nyom&#8230; &#8211; H\u00edres magyarok az iskol\u00e1ban c\u00edm\u0171 nagysiker\u0171 k\u00f6nyv\u00e9t\" class=\"yoast-seo-meta-tag\" \/>\n<meta property=\"og:url\" content=\"https:\/\/dorogimedence.hu\/index.php\/2018\/01\/31\/hires-magyarok-a-dorogi-konyvtarban\/\" class=\"yoast-seo-meta-tag\" \/>\n<meta property=\"og:site_name\" content=\"Dorogi-medence Region\u00e1lis H\u00edrport\u00e1l\" class=\"yoast-seo-meta-tag\" \/>\n<meta property=\"article:publisher\" content=\"https:\/\/www.facebook.com\/dorogimedence\/\" class=\"yoast-seo-meta-tag\" \/>\n<meta property=\"article:published_time\" content=\"2018-01-31T04:49:42+00:00\" class=\"yoast-seo-meta-tag\" \/>\n<meta property=\"og:image\" content=\"https:\/\/i0.wp.com\/dorogimedence.hu\/wp-content\/uploads\/2018\/01\/csiffary-gabriella-02.jpg?fit=670%2C365&ssl=1\" class=\"yoast-seo-meta-tag\" \/>\n\t<meta property=\"og:image:width\" content=\"670\" class=\"yoast-seo-meta-tag\" \/>\n\t<meta property=\"og:image:height\" content=\"365\" class=\"yoast-seo-meta-tag\" \/>\n\t<meta property=\"og:image:type\" content=\"image\/jpeg\" class=\"yoast-seo-meta-tag\" \/>\n<meta name=\"author\" content=\"dorogimedence.hu\" class=\"yoast-seo-meta-tag\" \/>\n<meta name=\"twitter:card\" content=\"summary_large_image\" class=\"yoast-seo-meta-tag\" \/>\n<meta name=\"twitter:label1\" content=\"Szerz\u0151:\" class=\"yoast-seo-meta-tag\" \/>\n\t<meta name=\"twitter:data1\" content=\"dorogimedence.hu\" class=\"yoast-seo-meta-tag\" \/>\n\t<meta name=\"twitter:label2\" content=\"Becs\u00fclt olvas\u00e1si id\u0151\" class=\"yoast-seo-meta-tag\" \/>\n\t<meta name=\"twitter:data2\" content=\"2 perc\" class=\"yoast-seo-meta-tag\" \/>\n<script type=\"application\/ld+json\" class=\"yoast-schema-graph\">{\"@context\":\"https:\\\/\\\/schema.org\",\"@graph\":[{\"@type\":\"Article\",\"@id\":\"https:\\\/\\\/dorogimedence.hu\\\/index.php\\\/2018\\\/01\\\/31\\\/hires-magyarok-a-dorogi-konyvtarban\\\/#article\",\"isPartOf\":{\"@id\":\"https:\\\/\\\/dorogimedence.hu\\\/index.php\\\/2018\\\/01\\\/31\\\/hires-magyarok-a-dorogi-konyvtarban\\\/\"},\"author\":{\"name\":\"dorogimedence.hu\",\"@id\":\"https:\\\/\\\/dorogimedence.hu\\\/#\\\/schema\\\/person\\\/ce6091eeb7e95ecdc87890d6aa8e0fd4\"},\"headline\":\"H\u00edres magyarok a dorogi k\u00f6nyvt\u00e1rban\",\"datePublished\":\"2018-01-31T04:49:42+00:00\",\"mainEntityOfPage\":{\"@id\":\"https:\\\/\\\/dorogimedence.hu\\\/index.php\\\/2018\\\/01\\\/31\\\/hires-magyarok-a-dorogi-konyvtarban\\\/\"},\"wordCount\":413,\"publisher\":{\"@id\":\"https:\\\/\\\/dorogimedence.hu\\\/#organization\"},\"image\":{\"@id\":\"https:\\\/\\\/dorogimedence.hu\\\/index.php\\\/2018\\\/01\\\/31\\\/hires-magyarok-a-dorogi-konyvtarban\\\/#primaryimage\"},\"thumbnailUrl\":\"https:\\\/\\\/dorogimedence.hu\\\/wp-content\\\/uploads\\\/2018\\\/01\\\/csiffary-gabriella-02.jpg\",\"keywords\":[\"Csiff\u00e1ry Gabriella\",\"Dorog\",\"k\u00f6nyvbemutat\u00f3\",\"k\u00f6nyvt\u00e1r\"],\"articleSection\":[\"Dorog\",\"H\u00edrek\"],\"inLanguage\":\"hu\"},{\"@type\":\"WebPage\",\"@id\":\"https:\\\/\\\/dorogimedence.hu\\\/index.php\\\/2018\\\/01\\\/31\\\/hires-magyarok-a-dorogi-konyvtarban\\\/\",\"url\":\"https:\\\/\\\/dorogimedence.hu\\\/index.php\\\/2018\\\/01\\\/31\\\/hires-magyarok-a-dorogi-konyvtarban\\\/\",\"name\":\"H\u00edres magyarok a dorogi k\u00f6nyvt\u00e1rban\",\"isPartOf\":{\"@id\":\"https:\\\/\\\/dorogimedence.hu\\\/#website\"},\"primaryImageOfPage\":{\"@id\":\"https:\\\/\\\/dorogimedence.hu\\\/index.php\\\/2018\\\/01\\\/31\\\/hires-magyarok-a-dorogi-konyvtarban\\\/#primaryimage\"},\"image\":{\"@id\":\"https:\\\/\\\/dorogimedence.hu\\\/index.php\\\/2018\\\/01\\\/31\\\/hires-magyarok-a-dorogi-konyvtarban\\\/#primaryimage\"},\"thumbnailUrl\":\"https:\\\/\\\/dorogimedence.hu\\\/wp-content\\\/uploads\\\/2018\\\/01\\\/csiffary-gabriella-02.jpg\",\"datePublished\":\"2018-01-31T04:49:42+00:00\",\"breadcrumb\":{\"@id\":\"https:\\\/\\\/dorogimedence.hu\\\/index.php\\\/2018\\\/01\\\/31\\\/hires-magyarok-a-dorogi-konyvtarban\\\/#breadcrumb\"},\"inLanguage\":\"hu\",\"potentialAction\":[{\"@type\":\"ReadAction\",\"target\":[\"https:\\\/\\\/dorogimedence.hu\\\/index.php\\\/2018\\\/01\\\/31\\\/hires-magyarok-a-dorogi-konyvtarban\\\/\"]}]},{\"@type\":\"ImageObject\",\"inLanguage\":\"hu\",\"@id\":\"https:\\\/\\\/dorogimedence.hu\\\/index.php\\\/2018\\\/01\\\/31\\\/hires-magyarok-a-dorogi-konyvtarban\\\/#primaryimage\",\"url\":\"https:\\\/\\\/dorogimedence.hu\\\/wp-content\\\/uploads\\\/2018\\\/01\\\/csiffary-gabriella-02.jpg\",\"contentUrl\":\"https:\\\/\\\/dorogimedence.hu\\\/wp-content\\\/uploads\\\/2018\\\/01\\\/csiffary-gabriella-02.jpg\",\"width\":670,\"height\":365},{\"@type\":\"BreadcrumbList\",\"@id\":\"https:\\\/\\\/dorogimedence.hu\\\/index.php\\\/2018\\\/01\\\/31\\\/hires-magyarok-a-dorogi-konyvtarban\\\/#breadcrumb\",\"itemListElement\":[{\"@type\":\"ListItem\",\"position\":1,\"name\":\"Kezd\u0151lap\",\"item\":\"https:\\\/\\\/dorogimedence.hu\\\/\"},{\"@type\":\"ListItem\",\"position\":2,\"name\":\"H\u00edres magyarok a dorogi k\u00f6nyvt\u00e1rban\"}]},{\"@type\":\"WebSite\",\"@id\":\"https:\\\/\\\/dorogimedence.hu\\\/#website\",\"url\":\"https:\\\/\\\/dorogimedence.hu\\\/\",\"name\":\"Dorogi-medence Region\u00e1lis H\u00edrport\u00e1l\",\"description\":\"Dorog, Keszt\u00f6lc, Le\u00e1nyv\u00e1r, Piliscs\u00e9v, Tokod, Tokodalt\u00e1r\u00f3, Csolnok, Esztergom-kertv\u00e1ros: h\u00edrek, programok\",\"publisher\":{\"@id\":\"https:\\\/\\\/dorogimedence.hu\\\/#organization\"},\"potentialAction\":[{\"@type\":\"SearchAction\",\"target\":{\"@type\":\"EntryPoint\",\"urlTemplate\":\"https:\\\/\\\/dorogimedence.hu\\\/?s={search_term_string}\"},\"query-input\":{\"@type\":\"PropertyValueSpecification\",\"valueRequired\":true,\"valueName\":\"search_term_string\"}}],\"inLanguage\":\"hu\"},{\"@type\":\"Organization\",\"@id\":\"https:\\\/\\\/dorogimedence.hu\\\/#organization\",\"name\":\"Dorogi-medence Region\u00e1lis H\u00edrport\u00e1l\",\"url\":\"https:\\\/\\\/dorogimedence.hu\\\/\",\"logo\":{\"@type\":\"ImageObject\",\"inLanguage\":\"hu\",\"@id\":\"https:\\\/\\\/dorogimedence.hu\\\/#\\\/schema\\\/logo\\\/image\\\/\",\"url\":\"https:\\\/\\\/dorogimedence.hu\\\/wp-content\\\/uploads\\\/2021\\\/04\\\/logo-feher-600.png\",\"contentUrl\":\"https:\\\/\\\/dorogimedence.hu\\\/wp-content\\\/uploads\\\/2021\\\/04\\\/logo-feher-600.png\",\"width\":600,\"height\":100,\"caption\":\"Dorogi-medence Region\u00e1lis H\u00edrport\u00e1l\"},\"image\":{\"@id\":\"https:\\\/\\\/dorogimedence.hu\\\/#\\\/schema\\\/logo\\\/image\\\/\"},\"sameAs\":[\"https:\\\/\\\/www.facebook.com\\\/dorogimedence\\\/\"]},{\"@type\":\"Person\",\"@id\":\"https:\\\/\\\/dorogimedence.hu\\\/#\\\/schema\\\/person\\\/ce6091eeb7e95ecdc87890d6aa8e0fd4\",\"name\":\"dorogimedence.hu\",\"image\":{\"@type\":\"ImageObject\",\"inLanguage\":\"hu\",\"@id\":\"\\\/\\\/www.gravatar.com\\\/avatar\\\/d8d45f8901aadff40a4af72c0b826f1d?s=96&#038;r=g&#038;d=mm\",\"url\":\"\\\/\\\/www.gravatar.com\\\/avatar\\\/d8d45f8901aadff40a4af72c0b826f1d?s=96&#038;r=g&#038;d=mm\",\"contentUrl\":\"\\\/\\\/www.gravatar.com\\\/avatar\\\/d8d45f8901aadff40a4af72c0b826f1d?s=96&#038;r=g&#038;d=mm\",\"caption\":\"dorogimedence.hu\"}}]}<\/script>\n<!-- \/ Yoast SEO plugin. -->","yoast_head_json":{"title":"H\u00edres magyarok a dorogi k\u00f6nyvt\u00e1rban","robots":{"index":"index","follow":"follow","max-snippet":"max-snippet:-1","max-image-preview":"max-image-preview:large","max-video-preview":"max-video-preview:-1"},"canonical":"https:\/\/dorogimedence.hu\/index.php\/2018\/01\/31\/hires-magyarok-a-dorogi-konyvtarban\/","og_locale":"hu_HU","og_type":"article","og_title":"H\u00edres magyarok a dorogi k\u00f6nyvt\u00e1rban","og_description":"Janu\u00e1r 25-\u00e9n, cs\u00fct\u00f6rt\u00f6k\u00f6n, az \u00e9v els\u0151 k\u00f6z\u00f6ns\u00e9gtal\u00e1lkoz\u00f3ja keret\u00e9ben Csiff\u00e1ry Gabriella tartott izgalmas k\u00f6nyvbemutat\u00f3t a dorogi G\u00e1thy Zolt\u00e1n V\u00e1rosi K\u00f6nyvt\u00e1rban &#8211; sz\u00e1mol be az esem\u00e9nyr\u0151l Dorog v\u00e1ros a honlapj\u00e1n. Nem el\u0151sz\u00f6r hallhattuk a nagyszer\u0171 el\u0151ad\u00f3i k\u00e9szs\u00e9gekkel meg\u00e1ldott szerz\u0151t, aki ez\u00fattal imm\u00e1r tizen\u00f6t\u00f6dik k\u00f6tet\u00e9t mutatta be. Magyar\u00e1zom a bizony\u00edtv\u00e1nyom&#8230; &#8211; H\u00edres magyarok az iskol\u00e1ban c\u00edm\u0171 nagysiker\u0171 k\u00f6nyv\u00e9t","og_url":"https:\/\/dorogimedence.hu\/index.php\/2018\/01\/31\/hires-magyarok-a-dorogi-konyvtarban\/","og_site_name":"Dorogi-medence Region\u00e1lis H\u00edrport\u00e1l","article_publisher":"https:\/\/www.facebook.com\/dorogimedence\/","article_published_time":"2018-01-31T04:49:42+00:00","og_image":[{"width":670,"height":365,"url":"https:\/\/i0.wp.com\/dorogimedence.hu\/wp-content\/uploads\/2018\/01\/csiffary-gabriella-02.jpg?fit=670%2C365&ssl=1","type":"image\/jpeg"}],"author":"dorogimedence.hu","twitter_card":"summary_large_image","twitter_misc":{"Szerz\u0151:":"dorogimedence.hu","Becs\u00fclt olvas\u00e1si id\u0151":"2 perc"},"schema":{"@context":"https:\/\/schema.org","@graph":[{"@type":"Article","@id":"https:\/\/dorogimedence.hu\/index.php\/2018\/01\/31\/hires-magyarok-a-dorogi-konyvtarban\/#article","isPartOf":{"@id":"https:\/\/dorogimedence.hu\/index.php\/2018\/01\/31\/hires-magyarok-a-dorogi-konyvtarban\/"},"author":{"name":"dorogimedence.hu","@id":"https:\/\/dorogimedence.hu\/#\/schema\/person\/ce6091eeb7e95ecdc87890d6aa8e0fd4"},"headline":"H\u00edres magyarok a dorogi k\u00f6nyvt\u00e1rban","datePublished":"2018-01-31T04:49:42+00:00","mainEntityOfPage":{"@id":"https:\/\/dorogimedence.hu\/index.php\/2018\/01\/31\/hires-magyarok-a-dorogi-konyvtarban\/"},"wordCount":413,"publisher":{"@id":"https:\/\/dorogimedence.hu\/#organization"},"image":{"@id":"https:\/\/dorogimedence.hu\/index.php\/2018\/01\/31\/hires-magyarok-a-dorogi-konyvtarban\/#primaryimage"},"thumbnailUrl":"https:\/\/dorogimedence.hu\/wp-content\/uploads\/2018\/01\/csiffary-gabriella-02.jpg","keywords":["Csiff\u00e1ry Gabriella","Dorog","k\u00f6nyvbemutat\u00f3","k\u00f6nyvt\u00e1r"],"articleSection":["Dorog","H\u00edrek"],"inLanguage":"hu"},{"@type":"WebPage","@id":"https:\/\/dorogimedence.hu\/index.php\/2018\/01\/31\/hires-magyarok-a-dorogi-konyvtarban\/","url":"https:\/\/dorogimedence.hu\/index.php\/2018\/01\/31\/hires-magyarok-a-dorogi-konyvtarban\/","name":"H\u00edres magyarok a dorogi k\u00f6nyvt\u00e1rban","isPartOf":{"@id":"https:\/\/dorogimedence.hu\/#website"},"primaryImageOfPage":{"@id":"https:\/\/dorogimedence.hu\/index.php\/2018\/01\/31\/hires-magyarok-a-dorogi-konyvtarban\/#primaryimage"},"image":{"@id":"https:\/\/dorogimedence.hu\/index.php\/2018\/01\/31\/hires-magyarok-a-dorogi-konyvtarban\/#primaryimage"},"thumbnailUrl":"https:\/\/dorogimedence.hu\/wp-content\/uploads\/2018\/01\/csiffary-gabriella-02.jpg","datePublished":"2018-01-31T04:49:42+00:00","breadcrumb":{"@id":"https:\/\/dorogimedence.hu\/index.php\/2018\/01\/31\/hires-magyarok-a-dorogi-konyvtarban\/#breadcrumb"},"inLanguage":"hu","potentialAction":[{"@type":"ReadAction","target":["https:\/\/dorogimedence.hu\/index.php\/2018\/01\/31\/hires-magyarok-a-dorogi-konyvtarban\/"]}]},{"@type":"ImageObject","inLanguage":"hu","@id":"https:\/\/dorogimedence.hu\/index.php\/2018\/01\/31\/hires-magyarok-a-dorogi-konyvtarban\/#primaryimage","url":"https:\/\/dorogimedence.hu\/wp-content\/uploads\/2018\/01\/csiffary-gabriella-02.jpg","contentUrl":"https:\/\/dorogimedence.hu\/wp-content\/uploads\/2018\/01\/csiffary-gabriella-02.jpg","width":670,"height":365},{"@type":"BreadcrumbList","@id":"https:\/\/dorogimedence.hu\/index.php\/2018\/01\/31\/hires-magyarok-a-dorogi-konyvtarban\/#breadcrumb","itemListElement":[{"@type":"ListItem","position":1,"name":"Kezd\u0151lap","item":"https:\/\/dorogimedence.hu\/"},{"@type":"ListItem","position":2,"name":"H\u00edres magyarok a dorogi k\u00f6nyvt\u00e1rban"}]},{"@type":"WebSite","@id":"https:\/\/dorogimedence.hu\/#website","url":"https:\/\/dorogimedence.hu\/","name":"Dorogi-medence Region\u00e1lis H\u00edrport\u00e1l","description":"Dorog, Keszt\u00f6lc, Le\u00e1nyv\u00e1r, Piliscs\u00e9v, Tokod, Tokodalt\u00e1r\u00f3, Csolnok, Esztergom-kertv\u00e1ros: h\u00edrek, programok","publisher":{"@id":"https:\/\/dorogimedence.hu\/#organization"},"potentialAction":[{"@type":"SearchAction","target":{"@type":"EntryPoint","urlTemplate":"https:\/\/dorogimedence.hu\/?s={search_term_string}"},"query-input":{"@type":"PropertyValueSpecification","valueRequired":true,"valueName":"search_term_string"}}],"inLanguage":"hu"},{"@type":"Organization","@id":"https:\/\/dorogimedence.hu\/#organization","name":"Dorogi-medence Region\u00e1lis H\u00edrport\u00e1l","url":"https:\/\/dorogimedence.hu\/","logo":{"@type":"ImageObject","inLanguage":"hu","@id":"https:\/\/dorogimedence.hu\/#\/schema\/logo\/image\/","url":"https:\/\/dorogimedence.hu\/wp-content\/uploads\/2021\/04\/logo-feher-600.png","contentUrl":"https:\/\/dorogimedence.hu\/wp-content\/uploads\/2021\/04\/logo-feher-600.png","width":600,"height":100,"caption":"Dorogi-medence Region\u00e1lis H\u00edrport\u00e1l"},"image":{"@id":"https:\/\/dorogimedence.hu\/#\/schema\/logo\/image\/"},"sameAs":["https:\/\/www.facebook.com\/dorogimedence\/"]},{"@type":"Person","@id":"https:\/\/dorogimedence.hu\/#\/schema\/person\/ce6091eeb7e95ecdc87890d6aa8e0fd4","name":"dorogimedence.hu","image":{"@type":"ImageObject","inLanguage":"hu","@id":"\/\/www.gravatar.com\/avatar\/d8d45f8901aadff40a4af72c0b826f1d?s=96&#038;r=g&#038;d=mm","url":"\/\/www.gravatar.com\/avatar\/d8d45f8901aadff40a4af72c0b826f1d?s=96&#038;r=g&#038;d=mm","contentUrl":"\/\/www.gravatar.com\/avatar\/d8d45f8901aadff40a4af72c0b826f1d?s=96&#038;r=g&#038;d=mm","caption":"dorogimedence.hu"}}]}},"_links":{"self":[{"href":"https:\/\/dorogimedence.hu\/index.php\/wp-json\/wp\/v2\/posts\/8041","targetHints":{"allow":["GET"]}}],"collection":[{"href":"https:\/\/dorogimedence.hu\/index.php\/wp-json\/wp\/v2\/posts"}],"about":[{"href":"https:\/\/dorogimedence.hu\/index.php\/wp-json\/wp\/v2\/types\/post"}],"author":[{"embeddable":true,"href":"https:\/\/dorogimedence.hu\/index.php\/wp-json\/wp\/v2\/users\/1"}],"replies":[{"embeddable":true,"href":"https:\/\/dorogimedence.hu\/index.php\/wp-json\/wp\/v2\/comments?post=8041"}],"version-history":[{"count":0,"href":"https:\/\/dorogimedence.hu\/index.php\/wp-json\/wp\/v2\/posts\/8041\/revisions"}],"wp:featuredmedia":[{"embeddable":true,"href":"https:\/\/dorogimedence.hu\/index.php\/wp-json\/wp\/v2\/media\/8043"}],"wp:attachment":[{"href":"https:\/\/dorogimedence.hu\/index.php\/wp-json\/wp\/v2\/media?parent=8041"}],"wp:term":[{"taxonomy":"category","embeddable":true,"href":"https:\/\/dorogimedence.hu\/index.php\/wp-json\/wp\/v2\/categories?post=8041"},{"taxonomy":"post_tag","embeddable":true,"href":"https:\/\/dorogimedence.hu\/index.php\/wp-json\/wp\/v2\/tags?post=8041"}],"curies":[{"name":"wp","href":"https:\/\/api.w.org\/{rel}","templated":true}]}}