{"id":8035,"date":"2018-01-31T05:22:36","date_gmt":"2018-01-31T04:22:36","guid":{"rendered":"http:\/\/dorogimedence.hu\/?p=8035"},"modified":"2018-01-31T05:22:36","modified_gmt":"2018-01-31T04:22:36","slug":"esztergomi-csaladok-konyvbemutatoja","status":"publish","type":"post","link":"https:\/\/dorogimedence.hu\/index.php\/2018\/01\/31\/esztergomi-csaladok-konyvbemutatoja\/","title":{"rendered":"Esztergomi csal\u00e1dok k\u00f6nyvbemutat\u00f3ja"},"content":{"rendered":"<p><strong>Az Esztergomi Helischer J\u00f3zsef V\u00e1rosi K\u00f6nyvt\u00e1rban mutatt\u00e1k be janu\u00e1r 29-\u00e9n, Osvai L\u00e1szl\u00f3 \u00e9s Szendrei R\u00f3bert helyismereti k\u00f6tet\u00e9t, mely az Esztergomi csal\u00e1dok c\u00edmet viseli.<\/strong><\/p>\n<p>A k\u00f6tet hat csal\u00e1dot mutat be, a Feichtinger, a Kamenszky, a L\u0151rinczy, a Niedermann, Palkovics \u00e9s Pfalcz csal\u00e1d t\u00f6rt\u00e9net\u00e9t ismerhetj\u00fck meg. A k\u00f6nyv a k\u00f6nyvt\u00e1r V\u00e1rosunk, M\u00faltunk sorozat\u00e1nak negyedik r\u00e9sze. A rendezv\u00e9ny kezdet\u00e9n V\u00e1rady Eszter igazgat\u00f3 asszony k\u00f6sz\u00f6netet mondott Romanek Etelka polg\u00e1rmesterasszonynak az \u00f6nkorm\u00e1nyzat t\u00e1mogat\u00e1s\u00e1\u00e9rt, valamint \u00e1tny\u00fajtott neki egy k\u00f6tetet, mint a k\u00f6nyvben szerepl\u0151 egyik lesz\u00e1rmazottnak. A k\u00f6nyvbemutat\u00f3n jelenl\u00e9v\u0151 valamennyi lesz\u00e1rmazott, ut\u00f3d szint\u00e9n megkapta aj\u00e1nd\u00e9kba az Esztergomi csal\u00e1dok egy-egy p\u00e9ld\u00e1ny\u00e1t.<\/p>\n<p>A szerz\u0151kr\u0151l: dr. Osvai L\u00e1szl\u00f3 belgy\u00f3gy\u00e1sz, t\u00fcd\u0151gy\u00f3gy\u00e1sz f\u0151orvos, nyugd\u00edjba vonul\u00e1s\u00e1ig a belgy\u00f3gy\u00e1szat oszt\u00e1lyvezet\u0151 f\u0151orvosa. 1977. okt\u00f3ber 1-\u00e9n ker\u00fclt Esztergomba \u00e9s a belgy\u00f3gy\u00e1szaton kezdtem el dolgozni. 1994-t\u0151l lett az Esztergomi T\u00fcd\u0151gondoz\u00f3 vezet\u0151je. Az\u00f3ta kezeli, gondozza a v\u00e1ros \u00e9s a vonz\u00e1sk\u00f6rzet\u00e9be tartoz\u00f3 t\u00fcd\u0151betegeket. 2000-t\u0151l jelennek meg orvos portr\u00e9i az esztergomi orvosokr\u00f3l, valamint \u0151 \u00edrta meg az esztergomi k\u00f3rh\u00e1z t\u00f6rt\u00e9net\u00e9t is. Szerkeszt\u00e9s\u00e9ben jelenik meg a Kolos f\u00fczetek \u00e9s \u0151 kezeli Esztergom jelent\u0151s helyt\u00f6rt\u00e9neti honlapj\u00e1t a <span style=\"color: #0000ff;\"><strong><span style=\"text-decoration: underline;\"><a style=\"color: #0000ff; text-decoration: underline;\" href=\"http:\/\/www.ekor-lap.hu\/\" target=\"_blank\" rel=\"noopener\">www.ekor-lap.hu<\/a><\/span><\/strong><\/span> oldalt.<\/p>\n<p><img fetchpriority=\"high\" decoding=\"async\" class=\"alignnone size-full wp-image-8038\" src=\"https:\/\/dorogimedence.hu\/wp-content\/uploads\/2018\/01\/esztergomi-csaladok-02.jpg\" alt=\"\" width=\"670\" height=\"365\" srcset=\"https:\/\/dorogimedence.hu\/wp-content\/uploads\/2018\/01\/esztergomi-csaladok-02.jpg 670w, https:\/\/dorogimedence.hu\/wp-content\/uploads\/2018\/01\/esztergomi-csaladok-02-300x163.jpg 300w\" sizes=\"(max-width: 670px) 100vw, 670px\" \/><\/p>\n<p>Dr. Szendrei R\u00f3bert, jog\u00e1sz, szoci\u00e1lpolitikai szak\u00e9rt\u0151, \u00f6nkorm\u00e1nyzati tan\u00e1csad\u00f3, k\u00e9t kisl\u00e1ny \u00e9desapja. Besz\u00e9lt arr\u00f3l, hogy annakidej\u00e9n, gyermekkor\u00e1ban nagyapja fogta k\u00e9zen, s vitte mag\u00e1val a csal\u00e1d gy\u00f6kereit kutat\u00f3 \u00fatj\u00e1ra, lev\u00e9lt\u00e1rakba, pl\u00e9b\u00e1ni\u00e1kra. T\u00f6rt\u00e9nelmi id\u0151utaz\u00e1sk\u00e9nt \u00e9le meg az \u00edr\u00e1st, sok mindent meg\u00e9rtett saj\u00e1t mag\u00e1b\u00f3l is.<\/p>\n<p>1683-ban, a t\u00f6r\u00f6k ki\u0171z\u00e9se ut\u00e1n a romokban hever\u0151 Esztergomot elkezdt\u00e9k \u00fajj\u00e1\u00e9p\u00edteni. 1686 ut\u00e1n olasz hadm\u00e9rn\u00f6k\u00f6k dolgoztak az \u00e1t\u00e9p\u00edt\u00e9seken, de v\u00e9g\u00fcl csak a t\u00f6r\u00f6k rombol\u00e1st \u00e1ll\u00edtott\u00e1k helyre. A harcok alatt Esztergom teljesen eln\u00e9ptelenedett, alig maradt n\u00e9gysz\u00e1z lakosa. A megy\u00e9t 8-9 ezer ember lakta. A nemess\u00e9g \u00e9s a polg\u00e1rs\u00e1g elmenek\u00fclt. A v\u00e1rost a feud\u00e1lis k\u00f6t\u00f6tts\u00e9gek el\u0151l menek\u00fcl\u0151 jobb\u00e1gyok, n\u00e9metek, csehek, r\u00e1cok n\u00e9pes\u00edtett\u00e9k be \u00fajra. \u0150k az ingyen kapott f\u00f6ldekre v\u00e1lyogh\u00e1zakat \u00e9p\u00edtettek a k\u00f6z\u00e9pkori k\u0151h\u00e1zak hely\u00e9n. A v\u00e1ros megindult a polg\u00e1rosod\u00e1s \u00fatj\u00e1n. Ez id\u0151 t\u00e1jt \u00e9p\u00edttette fel Kereszt\u00e9ly \u00c1gost \u00e9rsek a V\u00e1rmegyeh\u00e1z\u00e1t az \u00c9rseki V\u00edziv\u00e1rosban, ezzel is jelezve, hogy a t\u00f6r\u00f6k h\u00f3d\u00edt\u00e1s ut\u00e1n is jogot form\u00e1l a v\u00e1rmegye \u00f6r\u00f6k\u00f6s f\u0151isp\u00e1ns\u00e1g\u00e1ra.<\/p>\n<p><img decoding=\"async\" class=\"alignnone size-full wp-image-8039\" src=\"https:\/\/dorogimedence.hu\/wp-content\/uploads\/2018\/01\/esztergomi-csaladok-03.jpg\" alt=\"\" width=\"670\" height=\"365\" srcset=\"https:\/\/dorogimedence.hu\/wp-content\/uploads\/2018\/01\/esztergomi-csaladok-03.jpg 670w, https:\/\/dorogimedence.hu\/wp-content\/uploads\/2018\/01\/esztergomi-csaladok-03-300x163.jpg 300w\" sizes=\"(max-width: 670px) 100vw, 670px\" \/><\/p>\n<p>A v\u00e1ros visszafoglal\u00e1s\u00e1t k\u00f6vet\u0151en \u00e9p\u00fclt fel a mai V\u00e1rosh\u00e1za a Piac t\u00e9ren, ami ekkor Botty\u00e1n J\u00e1nos h\u00e1za volt. A h\u00e1zat a kir\u00e1ly k\u00fari\u00e1v\u00e1 avatta, ezzel elismerte Botty\u00e1nt, mint v\u00e1rosi polg\u00e1rt. Ez ad\u00f3mentess\u00e9ggel j\u00e1rt egy\u00fctt, ami nem tetszett a v\u00e1rosiaknak. A f\u0151b\u00edr\u00f3 h\u00e1z\u00e1t megt\u00e1madt\u00e1k, \u00e9s Botty\u00e1nt is meghurcolt\u00e1k emiatt. Id\u0151vel \u00fajj\u00e1\u00e9p\u00edtett\u00e9k a v\u00e1rosi templomokat. 1700-ban letett\u00e9k a ferences templom alapk\u00f6v\u00e9t is. 1701-re a kir\u00e1lyi v\u00e1rost m\u00e1r k\u00e9tezren lakt\u00e1k. \u00dajra iskol\u00e1k kezdtek m\u0171k\u00f6dni, er\u0151re kapott az ipar, sorra c\u00e9hek alakultak. Az \u00e9rseks\u00e9g \u00e9s a papi test\u00fcletek viszont a t\u00f6r\u00f6k ki\u0171z\u00e9s\u00e9vel sem k\u00f6lt\u00f6ztek vissza Esztergomba, b\u00e1r 1691-ben I. Lip\u00f3t 10 000 forint\u00e9rt visszaadta Esztergomot \u00e9s \u00c9rsek\u00fajv\u00e1rt az \u00e9rseknek, akinek feladata lett volna a v\u00e1rosok helyre\u00e1ll\u00edt\u00e1sa. I<em>.<\/em> Lip\u00f3t 1703. okt\u00f3ber 23-\u00e1n B\u00e9csben kiadta azt az oklevelet, ami Esztergomot visszahelyezte r\u00e9gi jogaiba. Sajnos, a kiv\u00e1lts\u00e1glev\u00e9l a R\u00e1k\u00f3czi-szabads\u00e1gharc alatt elpusztult. Az \u00e9rseks\u00e9g v\u00e9g\u00fcl csak 1820-ban ker\u00fclt vissza Esztergomba \u2013 ekkor indult meg igaz\u00e1n a v\u00e1ros felvir\u00e1gz\u00e1sa, b\u00e1r a k\u00f6tetben eml\u00edtett csal\u00e1dok is m\u00e1r j\u00f3val kor\u00e1bban telepedtek meg Esztergomban. Sok ma \u00e1ll\u00f3 \u00e9p\u00fcletet ezen csal\u00e1dok \u0151sei kezdtek el \u00e9p\u00edttetni. P\u00e9ld\u00e1ul Feichinger J\u00f3zsef \u00e9s S\u00e1ndor a re\u00e1liskola alap\u00edt\u00e1s\u00e1ban v\u00e1llalt oroszl\u00e1nr\u00e9szt, L\u0151rinczy Rezs\u0151 az els\u0151 esztergomi k\u00f3rh\u00e1z alap\u00edt\u00f3ja. Kamenszky Istv\u00e1nnak k\u00f6sz\u00f6nhet\u0151, hogy Esztergomban a polg\u00e1rok kev\u00e9s \u00e1ldozattal v\u00e9szelt\u00e9k \u00e1t a koleraj\u00e1rv\u00e1nyt. Palkovics L\u00e1szl\u00f3 Esztergom utols\u00f3 alisp\u00e1nja volt. A t\u00f6rt\u00e9nelem viharai a csal\u00e1dok \u00e9let\u00e9re is hat\u00e1ssal voltak. Err\u0151l olvashatnak a k\u00f6nyvben pontos adatokkal, esem\u00e9nyekkel, fot\u00f3kkal illusztr\u00e1ltan, ugyanakkor val\u00f3ban olvasm\u00e1nyosan.<\/p>\n<p>Amint annak a szerz\u0151k is hangot adtak, az alkalom s a k\u00f6tet, azonkiv\u00fcl, hogy elolvas\u00e1sa val\u00f3ban tartalmas, \u00e9rt\u00e9kes \u00e9s \u00e9rdekes id\u0151t\u00f6lt\u00e9st jelent, rem\u00e9lhet\u0151leg buzd\u00edt\u00e1s mindenki sz\u00e1m\u00e1ra, hogy keresse gy\u00f6kereit, kutassa felmen\u0151it. \u00cdgy alaposabban megismerheti \u00f6nmag\u00e1t is, \u00e9s meger\u0151s\u00f6dik identit\u00e1sa, amelyre a mai vil\u00e1gban k\u00fcl\u00f6n\u00f6sen nagy sz\u00fcks\u00e9ge van mindannyiunknak.<\/p>\n<p><em><strong>H\u00e1mosn\u00e9 Sz\u0151ke Anna<\/strong><\/em><\/p>\n<p><em>Fot\u00f3k: Ny\u00e1ri Andrea<\/em><\/p>\n","protected":false},"excerpt":{"rendered":"<p>Az Esztergomi Helischer J\u00f3zsef V\u00e1rosi K\u00f6nyvt\u00e1rban mutatt\u00e1k be janu\u00e1r 29-\u00e9n, Osvai L\u00e1szl\u00f3 \u00e9s Szendrei R\u00f3bert helyismereti k\u00f6tet\u00e9t, mely az Esztergomi csal\u00e1dok c\u00edmet viseli. A k\u00f6tet hat csal\u00e1dot mutat be, a Feichtinger, a Kamenszky, a L\u0151rinczy, a Niedermann, Palkovics \u00e9s Pfalcz csal\u00e1d t\u00f6rt\u00e9net\u00e9t ismerhetj\u00fck meg. A k\u00f6nyv a k\u00f6nyvt\u00e1r V\u00e1rosunk, M\u00faltunk sorozat\u00e1nak negyedik r\u00e9sze. A rendezv\u00e9ny<\/p>\n","protected":false},"author":1,"featured_media":8037,"comment_status":"closed","ping_status":"closed","sticky":false,"template":"","format":"standard","meta":{"ngg_post_thumbnail":0,"footnotes":""},"categories":[38,3],"tags":[42,673,144],"class_list":{"0":"post-8035","1":"post","2":"type-post","3":"status-publish","4":"format-standard","5":"has-post-thumbnail","7":"category-esztergom","8":"category-hirek","9":"tag-esztergom","10":"tag-konyvbemutato","11":"tag-konyvtar"},"yoast_head":"<!-- This site is optimized with the Yoast SEO plugin v27.5 - https:\/\/yoast.com\/product\/yoast-seo-wordpress\/ -->\n<title>Esztergomi csal\u00e1dok k\u00f6nyvbemutat\u00f3ja<\/title>\n<meta name=\"robots\" content=\"index, follow, max-snippet:-1, max-image-preview:large, max-video-preview:-1\" \/>\n<link rel=\"canonical\" href=\"https:\/\/dorogimedence.hu\/index.php\/2018\/01\/31\/esztergomi-csaladok-konyvbemutatoja\/\" class=\"yoast-seo-meta-tag\" \/>\n<meta property=\"og:locale\" content=\"hu_HU\" class=\"yoast-seo-meta-tag\" \/>\n<meta property=\"og:type\" content=\"article\" class=\"yoast-seo-meta-tag\" \/>\n<meta property=\"og:title\" content=\"Esztergomi csal\u00e1dok k\u00f6nyvbemutat\u00f3ja\" class=\"yoast-seo-meta-tag\" \/>\n<meta property=\"og:description\" content=\"Az Esztergomi Helischer J\u00f3zsef V\u00e1rosi K\u00f6nyvt\u00e1rban mutatt\u00e1k be janu\u00e1r 29-\u00e9n, Osvai L\u00e1szl\u00f3 \u00e9s Szendrei R\u00f3bert helyismereti k\u00f6tet\u00e9t, mely az Esztergomi csal\u00e1dok c\u00edmet viseli. A k\u00f6tet hat csal\u00e1dot mutat be, a Feichtinger, a Kamenszky, a L\u0151rinczy, a Niedermann, Palkovics \u00e9s Pfalcz csal\u00e1d t\u00f6rt\u00e9net\u00e9t ismerhetj\u00fck meg. A k\u00f6nyv a k\u00f6nyvt\u00e1r V\u00e1rosunk, M\u00faltunk sorozat\u00e1nak negyedik r\u00e9sze. A rendezv\u00e9ny\" class=\"yoast-seo-meta-tag\" \/>\n<meta property=\"og:url\" content=\"https:\/\/dorogimedence.hu\/index.php\/2018\/01\/31\/esztergomi-csaladok-konyvbemutatoja\/\" class=\"yoast-seo-meta-tag\" \/>\n<meta property=\"og:site_name\" content=\"Dorogi-medence Region\u00e1lis H\u00edrport\u00e1l\" class=\"yoast-seo-meta-tag\" \/>\n<meta property=\"article:publisher\" content=\"https:\/\/www.facebook.com\/dorogimedence\/\" class=\"yoast-seo-meta-tag\" \/>\n<meta property=\"article:published_time\" content=\"2018-01-31T04:22:36+00:00\" class=\"yoast-seo-meta-tag\" \/>\n<meta property=\"og:image\" content=\"https:\/\/i0.wp.com\/dorogimedence.hu\/wp-content\/uploads\/2018\/01\/esztergomi-csaladok-01.jpg?fit=670%2C365&ssl=1\" class=\"yoast-seo-meta-tag\" \/>\n\t<meta property=\"og:image:width\" content=\"670\" class=\"yoast-seo-meta-tag\" \/>\n\t<meta property=\"og:image:height\" content=\"365\" class=\"yoast-seo-meta-tag\" \/>\n\t<meta property=\"og:image:type\" content=\"image\/jpeg\" class=\"yoast-seo-meta-tag\" \/>\n<meta name=\"author\" content=\"dorogimedence.hu\" class=\"yoast-seo-meta-tag\" \/>\n<meta name=\"twitter:card\" content=\"summary_large_image\" class=\"yoast-seo-meta-tag\" \/>\n<meta name=\"twitter:label1\" content=\"Szerz\u0151:\" class=\"yoast-seo-meta-tag\" \/>\n\t<meta name=\"twitter:data1\" content=\"dorogimedence.hu\" class=\"yoast-seo-meta-tag\" \/>\n\t<meta name=\"twitter:label2\" content=\"Becs\u00fclt olvas\u00e1si id\u0151\" class=\"yoast-seo-meta-tag\" \/>\n\t<meta name=\"twitter:data2\" content=\"5 perc\" class=\"yoast-seo-meta-tag\" \/>\n<script type=\"application\/ld+json\" class=\"yoast-schema-graph\">{\"@context\":\"https:\\\/\\\/schema.org\",\"@graph\":[{\"@type\":\"Article\",\"@id\":\"https:\\\/\\\/dorogimedence.hu\\\/index.php\\\/2018\\\/01\\\/31\\\/esztergomi-csaladok-konyvbemutatoja\\\/#article\",\"isPartOf\":{\"@id\":\"https:\\\/\\\/dorogimedence.hu\\\/index.php\\\/2018\\\/01\\\/31\\\/esztergomi-csaladok-konyvbemutatoja\\\/\"},\"author\":{\"name\":\"dorogimedence.hu\",\"@id\":\"https:\\\/\\\/dorogimedence.hu\\\/#\\\/schema\\\/person\\\/ce6091eeb7e95ecdc87890d6aa8e0fd4\"},\"headline\":\"Esztergomi csal\u00e1dok k\u00f6nyvbemutat\u00f3ja\",\"datePublished\":\"2018-01-31T04:22:36+00:00\",\"mainEntityOfPage\":{\"@id\":\"https:\\\/\\\/dorogimedence.hu\\\/index.php\\\/2018\\\/01\\\/31\\\/esztergomi-csaladok-konyvbemutatoja\\\/\"},\"wordCount\":977,\"publisher\":{\"@id\":\"https:\\\/\\\/dorogimedence.hu\\\/#organization\"},\"image\":{\"@id\":\"https:\\\/\\\/dorogimedence.hu\\\/index.php\\\/2018\\\/01\\\/31\\\/esztergomi-csaladok-konyvbemutatoja\\\/#primaryimage\"},\"thumbnailUrl\":\"https:\\\/\\\/dorogimedence.hu\\\/wp-content\\\/uploads\\\/2018\\\/01\\\/esztergomi-csaladok-01.jpg\",\"keywords\":[\"esztergom\",\"k\u00f6nyvbemutat\u00f3\",\"k\u00f6nyvt\u00e1r\"],\"articleSection\":[\"Esztergom\",\"H\u00edrek\"],\"inLanguage\":\"hu\"},{\"@type\":\"WebPage\",\"@id\":\"https:\\\/\\\/dorogimedence.hu\\\/index.php\\\/2018\\\/01\\\/31\\\/esztergomi-csaladok-konyvbemutatoja\\\/\",\"url\":\"https:\\\/\\\/dorogimedence.hu\\\/index.php\\\/2018\\\/01\\\/31\\\/esztergomi-csaladok-konyvbemutatoja\\\/\",\"name\":\"Esztergomi csal\u00e1dok k\u00f6nyvbemutat\u00f3ja\",\"isPartOf\":{\"@id\":\"https:\\\/\\\/dorogimedence.hu\\\/#website\"},\"primaryImageOfPage\":{\"@id\":\"https:\\\/\\\/dorogimedence.hu\\\/index.php\\\/2018\\\/01\\\/31\\\/esztergomi-csaladok-konyvbemutatoja\\\/#primaryimage\"},\"image\":{\"@id\":\"https:\\\/\\\/dorogimedence.hu\\\/index.php\\\/2018\\\/01\\\/31\\\/esztergomi-csaladok-konyvbemutatoja\\\/#primaryimage\"},\"thumbnailUrl\":\"https:\\\/\\\/dorogimedence.hu\\\/wp-content\\\/uploads\\\/2018\\\/01\\\/esztergomi-csaladok-01.jpg\",\"datePublished\":\"2018-01-31T04:22:36+00:00\",\"breadcrumb\":{\"@id\":\"https:\\\/\\\/dorogimedence.hu\\\/index.php\\\/2018\\\/01\\\/31\\\/esztergomi-csaladok-konyvbemutatoja\\\/#breadcrumb\"},\"inLanguage\":\"hu\",\"potentialAction\":[{\"@type\":\"ReadAction\",\"target\":[\"https:\\\/\\\/dorogimedence.hu\\\/index.php\\\/2018\\\/01\\\/31\\\/esztergomi-csaladok-konyvbemutatoja\\\/\"]}]},{\"@type\":\"ImageObject\",\"inLanguage\":\"hu\",\"@id\":\"https:\\\/\\\/dorogimedence.hu\\\/index.php\\\/2018\\\/01\\\/31\\\/esztergomi-csaladok-konyvbemutatoja\\\/#primaryimage\",\"url\":\"https:\\\/\\\/dorogimedence.hu\\\/wp-content\\\/uploads\\\/2018\\\/01\\\/esztergomi-csaladok-01.jpg\",\"contentUrl\":\"https:\\\/\\\/dorogimedence.hu\\\/wp-content\\\/uploads\\\/2018\\\/01\\\/esztergomi-csaladok-01.jpg\",\"width\":670,\"height\":365},{\"@type\":\"BreadcrumbList\",\"@id\":\"https:\\\/\\\/dorogimedence.hu\\\/index.php\\\/2018\\\/01\\\/31\\\/esztergomi-csaladok-konyvbemutatoja\\\/#breadcrumb\",\"itemListElement\":[{\"@type\":\"ListItem\",\"position\":1,\"name\":\"Kezd\u0151lap\",\"item\":\"https:\\\/\\\/dorogimedence.hu\\\/\"},{\"@type\":\"ListItem\",\"position\":2,\"name\":\"Esztergomi csal\u00e1dok k\u00f6nyvbemutat\u00f3ja\"}]},{\"@type\":\"WebSite\",\"@id\":\"https:\\\/\\\/dorogimedence.hu\\\/#website\",\"url\":\"https:\\\/\\\/dorogimedence.hu\\\/\",\"name\":\"Dorogi-medence Region\u00e1lis H\u00edrport\u00e1l\",\"description\":\"Dorog, Keszt\u00f6lc, Le\u00e1nyv\u00e1r, Piliscs\u00e9v, Tokod, Tokodalt\u00e1r\u00f3, Csolnok, Esztergom-kertv\u00e1ros: h\u00edrek, programok\",\"publisher\":{\"@id\":\"https:\\\/\\\/dorogimedence.hu\\\/#organization\"},\"potentialAction\":[{\"@type\":\"SearchAction\",\"target\":{\"@type\":\"EntryPoint\",\"urlTemplate\":\"https:\\\/\\\/dorogimedence.hu\\\/?s={search_term_string}\"},\"query-input\":{\"@type\":\"PropertyValueSpecification\",\"valueRequired\":true,\"valueName\":\"search_term_string\"}}],\"inLanguage\":\"hu\"},{\"@type\":\"Organization\",\"@id\":\"https:\\\/\\\/dorogimedence.hu\\\/#organization\",\"name\":\"Dorogi-medence Region\u00e1lis H\u00edrport\u00e1l\",\"url\":\"https:\\\/\\\/dorogimedence.hu\\\/\",\"logo\":{\"@type\":\"ImageObject\",\"inLanguage\":\"hu\",\"@id\":\"https:\\\/\\\/dorogimedence.hu\\\/#\\\/schema\\\/logo\\\/image\\\/\",\"url\":\"https:\\\/\\\/dorogimedence.hu\\\/wp-content\\\/uploads\\\/2021\\\/04\\\/logo-feher-600.png\",\"contentUrl\":\"https:\\\/\\\/dorogimedence.hu\\\/wp-content\\\/uploads\\\/2021\\\/04\\\/logo-feher-600.png\",\"width\":600,\"height\":100,\"caption\":\"Dorogi-medence Region\u00e1lis H\u00edrport\u00e1l\"},\"image\":{\"@id\":\"https:\\\/\\\/dorogimedence.hu\\\/#\\\/schema\\\/logo\\\/image\\\/\"},\"sameAs\":[\"https:\\\/\\\/www.facebook.com\\\/dorogimedence\\\/\"]},{\"@type\":\"Person\",\"@id\":\"https:\\\/\\\/dorogimedence.hu\\\/#\\\/schema\\\/person\\\/ce6091eeb7e95ecdc87890d6aa8e0fd4\",\"name\":\"dorogimedence.hu\",\"image\":{\"@type\":\"ImageObject\",\"inLanguage\":\"hu\",\"@id\":\"\\\/\\\/www.gravatar.com\\\/avatar\\\/d8d45f8901aadff40a4af72c0b826f1d?s=96&#038;r=g&#038;d=mm\",\"url\":\"\\\/\\\/www.gravatar.com\\\/avatar\\\/d8d45f8901aadff40a4af72c0b826f1d?s=96&#038;r=g&#038;d=mm\",\"contentUrl\":\"\\\/\\\/www.gravatar.com\\\/avatar\\\/d8d45f8901aadff40a4af72c0b826f1d?s=96&#038;r=g&#038;d=mm\",\"caption\":\"dorogimedence.hu\"}}]}<\/script>\n<!-- \/ Yoast SEO plugin. -->","yoast_head_json":{"title":"Esztergomi csal\u00e1dok k\u00f6nyvbemutat\u00f3ja","robots":{"index":"index","follow":"follow","max-snippet":"max-snippet:-1","max-image-preview":"max-image-preview:large","max-video-preview":"max-video-preview:-1"},"canonical":"https:\/\/dorogimedence.hu\/index.php\/2018\/01\/31\/esztergomi-csaladok-konyvbemutatoja\/","og_locale":"hu_HU","og_type":"article","og_title":"Esztergomi csal\u00e1dok k\u00f6nyvbemutat\u00f3ja","og_description":"Az Esztergomi Helischer J\u00f3zsef V\u00e1rosi K\u00f6nyvt\u00e1rban mutatt\u00e1k be janu\u00e1r 29-\u00e9n, Osvai L\u00e1szl\u00f3 \u00e9s Szendrei R\u00f3bert helyismereti k\u00f6tet\u00e9t, mely az Esztergomi csal\u00e1dok c\u00edmet viseli. A k\u00f6tet hat csal\u00e1dot mutat be, a Feichtinger, a Kamenszky, a L\u0151rinczy, a Niedermann, Palkovics \u00e9s Pfalcz csal\u00e1d t\u00f6rt\u00e9net\u00e9t ismerhetj\u00fck meg. A k\u00f6nyv a k\u00f6nyvt\u00e1r V\u00e1rosunk, M\u00faltunk sorozat\u00e1nak negyedik r\u00e9sze. A rendezv\u00e9ny","og_url":"https:\/\/dorogimedence.hu\/index.php\/2018\/01\/31\/esztergomi-csaladok-konyvbemutatoja\/","og_site_name":"Dorogi-medence Region\u00e1lis H\u00edrport\u00e1l","article_publisher":"https:\/\/www.facebook.com\/dorogimedence\/","article_published_time":"2018-01-31T04:22:36+00:00","og_image":[{"width":670,"height":365,"url":"https:\/\/i0.wp.com\/dorogimedence.hu\/wp-content\/uploads\/2018\/01\/esztergomi-csaladok-01.jpg?fit=670%2C365&ssl=1","type":"image\/jpeg"}],"author":"dorogimedence.hu","twitter_card":"summary_large_image","twitter_misc":{"Szerz\u0151:":"dorogimedence.hu","Becs\u00fclt olvas\u00e1si id\u0151":"5 perc"},"schema":{"@context":"https:\/\/schema.org","@graph":[{"@type":"Article","@id":"https:\/\/dorogimedence.hu\/index.php\/2018\/01\/31\/esztergomi-csaladok-konyvbemutatoja\/#article","isPartOf":{"@id":"https:\/\/dorogimedence.hu\/index.php\/2018\/01\/31\/esztergomi-csaladok-konyvbemutatoja\/"},"author":{"name":"dorogimedence.hu","@id":"https:\/\/dorogimedence.hu\/#\/schema\/person\/ce6091eeb7e95ecdc87890d6aa8e0fd4"},"headline":"Esztergomi csal\u00e1dok k\u00f6nyvbemutat\u00f3ja","datePublished":"2018-01-31T04:22:36+00:00","mainEntityOfPage":{"@id":"https:\/\/dorogimedence.hu\/index.php\/2018\/01\/31\/esztergomi-csaladok-konyvbemutatoja\/"},"wordCount":977,"publisher":{"@id":"https:\/\/dorogimedence.hu\/#organization"},"image":{"@id":"https:\/\/dorogimedence.hu\/index.php\/2018\/01\/31\/esztergomi-csaladok-konyvbemutatoja\/#primaryimage"},"thumbnailUrl":"https:\/\/dorogimedence.hu\/wp-content\/uploads\/2018\/01\/esztergomi-csaladok-01.jpg","keywords":["esztergom","k\u00f6nyvbemutat\u00f3","k\u00f6nyvt\u00e1r"],"articleSection":["Esztergom","H\u00edrek"],"inLanguage":"hu"},{"@type":"WebPage","@id":"https:\/\/dorogimedence.hu\/index.php\/2018\/01\/31\/esztergomi-csaladok-konyvbemutatoja\/","url":"https:\/\/dorogimedence.hu\/index.php\/2018\/01\/31\/esztergomi-csaladok-konyvbemutatoja\/","name":"Esztergomi csal\u00e1dok k\u00f6nyvbemutat\u00f3ja","isPartOf":{"@id":"https:\/\/dorogimedence.hu\/#website"},"primaryImageOfPage":{"@id":"https:\/\/dorogimedence.hu\/index.php\/2018\/01\/31\/esztergomi-csaladok-konyvbemutatoja\/#primaryimage"},"image":{"@id":"https:\/\/dorogimedence.hu\/index.php\/2018\/01\/31\/esztergomi-csaladok-konyvbemutatoja\/#primaryimage"},"thumbnailUrl":"https:\/\/dorogimedence.hu\/wp-content\/uploads\/2018\/01\/esztergomi-csaladok-01.jpg","datePublished":"2018-01-31T04:22:36+00:00","breadcrumb":{"@id":"https:\/\/dorogimedence.hu\/index.php\/2018\/01\/31\/esztergomi-csaladok-konyvbemutatoja\/#breadcrumb"},"inLanguage":"hu","potentialAction":[{"@type":"ReadAction","target":["https:\/\/dorogimedence.hu\/index.php\/2018\/01\/31\/esztergomi-csaladok-konyvbemutatoja\/"]}]},{"@type":"ImageObject","inLanguage":"hu","@id":"https:\/\/dorogimedence.hu\/index.php\/2018\/01\/31\/esztergomi-csaladok-konyvbemutatoja\/#primaryimage","url":"https:\/\/dorogimedence.hu\/wp-content\/uploads\/2018\/01\/esztergomi-csaladok-01.jpg","contentUrl":"https:\/\/dorogimedence.hu\/wp-content\/uploads\/2018\/01\/esztergomi-csaladok-01.jpg","width":670,"height":365},{"@type":"BreadcrumbList","@id":"https:\/\/dorogimedence.hu\/index.php\/2018\/01\/31\/esztergomi-csaladok-konyvbemutatoja\/#breadcrumb","itemListElement":[{"@type":"ListItem","position":1,"name":"Kezd\u0151lap","item":"https:\/\/dorogimedence.hu\/"},{"@type":"ListItem","position":2,"name":"Esztergomi csal\u00e1dok k\u00f6nyvbemutat\u00f3ja"}]},{"@type":"WebSite","@id":"https:\/\/dorogimedence.hu\/#website","url":"https:\/\/dorogimedence.hu\/","name":"Dorogi-medence Region\u00e1lis H\u00edrport\u00e1l","description":"Dorog, Keszt\u00f6lc, Le\u00e1nyv\u00e1r, Piliscs\u00e9v, Tokod, Tokodalt\u00e1r\u00f3, Csolnok, Esztergom-kertv\u00e1ros: h\u00edrek, programok","publisher":{"@id":"https:\/\/dorogimedence.hu\/#organization"},"potentialAction":[{"@type":"SearchAction","target":{"@type":"EntryPoint","urlTemplate":"https:\/\/dorogimedence.hu\/?s={search_term_string}"},"query-input":{"@type":"PropertyValueSpecification","valueRequired":true,"valueName":"search_term_string"}}],"inLanguage":"hu"},{"@type":"Organization","@id":"https:\/\/dorogimedence.hu\/#organization","name":"Dorogi-medence Region\u00e1lis H\u00edrport\u00e1l","url":"https:\/\/dorogimedence.hu\/","logo":{"@type":"ImageObject","inLanguage":"hu","@id":"https:\/\/dorogimedence.hu\/#\/schema\/logo\/image\/","url":"https:\/\/dorogimedence.hu\/wp-content\/uploads\/2021\/04\/logo-feher-600.png","contentUrl":"https:\/\/dorogimedence.hu\/wp-content\/uploads\/2021\/04\/logo-feher-600.png","width":600,"height":100,"caption":"Dorogi-medence Region\u00e1lis H\u00edrport\u00e1l"},"image":{"@id":"https:\/\/dorogimedence.hu\/#\/schema\/logo\/image\/"},"sameAs":["https:\/\/www.facebook.com\/dorogimedence\/"]},{"@type":"Person","@id":"https:\/\/dorogimedence.hu\/#\/schema\/person\/ce6091eeb7e95ecdc87890d6aa8e0fd4","name":"dorogimedence.hu","image":{"@type":"ImageObject","inLanguage":"hu","@id":"\/\/www.gravatar.com\/avatar\/d8d45f8901aadff40a4af72c0b826f1d?s=96&#038;r=g&#038;d=mm","url":"\/\/www.gravatar.com\/avatar\/d8d45f8901aadff40a4af72c0b826f1d?s=96&#038;r=g&#038;d=mm","contentUrl":"\/\/www.gravatar.com\/avatar\/d8d45f8901aadff40a4af72c0b826f1d?s=96&#038;r=g&#038;d=mm","caption":"dorogimedence.hu"}}]}},"_links":{"self":[{"href":"https:\/\/dorogimedence.hu\/index.php\/wp-json\/wp\/v2\/posts\/8035","targetHints":{"allow":["GET"]}}],"collection":[{"href":"https:\/\/dorogimedence.hu\/index.php\/wp-json\/wp\/v2\/posts"}],"about":[{"href":"https:\/\/dorogimedence.hu\/index.php\/wp-json\/wp\/v2\/types\/post"}],"author":[{"embeddable":true,"href":"https:\/\/dorogimedence.hu\/index.php\/wp-json\/wp\/v2\/users\/1"}],"replies":[{"embeddable":true,"href":"https:\/\/dorogimedence.hu\/index.php\/wp-json\/wp\/v2\/comments?post=8035"}],"version-history":[{"count":0,"href":"https:\/\/dorogimedence.hu\/index.php\/wp-json\/wp\/v2\/posts\/8035\/revisions"}],"wp:featuredmedia":[{"embeddable":true,"href":"https:\/\/dorogimedence.hu\/index.php\/wp-json\/wp\/v2\/media\/8037"}],"wp:attachment":[{"href":"https:\/\/dorogimedence.hu\/index.php\/wp-json\/wp\/v2\/media?parent=8035"}],"wp:term":[{"taxonomy":"category","embeddable":true,"href":"https:\/\/dorogimedence.hu\/index.php\/wp-json\/wp\/v2\/categories?post=8035"},{"taxonomy":"post_tag","embeddable":true,"href":"https:\/\/dorogimedence.hu\/index.php\/wp-json\/wp\/v2\/tags?post=8035"}],"curies":[{"name":"wp","href":"https:\/\/api.w.org\/{rel}","templated":true}]}}