{"id":8005,"date":"2018-01-30T08:43:41","date_gmt":"2018-01-30T07:43:41","guid":{"rendered":"http:\/\/dorogimedence.hu\/?p=8005"},"modified":"2018-01-30T08:43:41","modified_gmt":"2018-01-30T07:43:41","slug":"felhivas-eros-szelre","status":"publish","type":"post","link":"https:\/\/dorogimedence.hu\/index.php\/2018\/01\/30\/felhivas-eros-szelre\/","title":{"rendered":"Felh\u00edv\u00e1s er\u0151s sz\u00e9lre"},"content":{"rendered":"<p><strong>Fokozott figyelemmel k\u00f6zlekedjenek az er\u0151s sz\u00e9l miatt! A Kom\u00e1rom-Esztergom Megyei Rend\u0151r-f\u0151kapit\u00e1nys\u00e1g az al\u00e1bbi k\u00f6zleked\u00e9si tan\u00e1csokkal szolg\u00e1l:<\/strong><\/p>\n<p>&#8211; Viharos sz\u00e9lben cs\u00f6kkentse a sebess\u00e9g\u00e9t, fokozott figyelemmel k\u00f6zlekedjen \u00e9s tartson nagyobb k\u00f6vet\u00e9si t\u00e1vols\u00e1got!<br \/>\n&#8211; Nagy sz\u00e9lben nem tan\u00e1csos olyan p\u00f3tkocsit \u00e9s ut\u00e1nfut\u00f3t vontatni, amely k\u00f6nny\u0171 \u00e9s nagy az oldalfel\u00fclete, mert az er\u0151s sz\u00e9l k\u00f6nnyen felbor\u00edthatja!<br \/>\n&#8211; A viharos sz\u00e9ll\u00f6k\u00e9sek kisz\u00e1m\u00edthatatlanok. K\u00e9t k\u00e9zzel, er\u0151sen tartva fogja a korm\u00e1nyt, f\u0151k\u00e9nt erd\u0151s r\u00e9szr\u0151l ny\u00edlt ter\u00fcletre k\u00f6zlekedve!<br \/>\n&#8211; \u00d3vakodjon a hirtelen korm\u00e1nymozdulatokt\u00f3l!<br \/>\n&#8211; Magas \u00e9p\u00edt\u00e9s\u0171 j\u00e1rm\u0171vek, teheraut\u00f3k, kamionok el\u0151z\u00e9sekor a sz\u00e9l ir\u00e1ny\u00e1t\u00f3l f\u00fcgg\u0151en sz\u00e1m\u00edtson hirtelen fell\u00e9p\u0151 oldalsz\u00e9lre vagy annak megsz\u0171n\u00e9s\u00e9re!<br \/>\n&#8211; A gyalogosoknak, ker\u00e9kp\u00e1rosoknak hagyjon a szok\u00e1sosn\u00e1l nagyobb oldalt\u00e1vols\u00e1got!<br \/>\n&#8211; V\u00edz\u00e1tfoly\u00e1sok \u00e9szlel\u00e9sekor hirtelen f\u00e9kez\u00e9s helyett fokozatosan cs\u00f6kkentse a sebess\u00e9g\u00e9t!<br \/>\n&#8211; Erd\u0151s, bokros r\u00e9szen a lehull\u00f3 falevelek es\u0151s id\u0151ben m\u00e9g cs\u00fasz\u00f3sabb\u00e1 teszik az utat, ez\u00e9rt a sebess\u00e9g megv\u00e1laszt\u00e1s\u00e1n\u00e1l alkalmazkodjon a megv\u00e1ltozott \u00fatviszonyokhoz!<br \/>\n&#8211; Balesetvesz\u00e9lyes a nem megfelel\u0151 kil\u00e1t\u00e1s, ez\u00e9rt elindul\u00e1s el\u0151tt a p\u00e1r\u00e1t el kell t\u00e1vol\u00edtani!<br \/>\n&#8211; Amikor a l\u00e1t\u00e1si viszonyok annyira korl\u00e1tozott\u00e1 v\u00e1lnak, hogy nem l\u00e1that\u00f3 biztons\u00e1gos t\u00e1vols\u00e1gban az \u00fat sz\u00e9le vagy egy m\u00e1sik j\u00e1rm\u0171, akkor biztons\u00e1gos helyen \u00e1lljon f\u00e9lre, \u00e9s v\u00e1rja meg, am\u00edg csendesedik az es\u0151!<\/p>\n<p>Felh\u00edvjuk a k\u00f6zleked\u0151ket fokozott figyelemmel k\u00f6zlekedjenek!<\/p>\n<p><em><strong>Kom\u00e1rom-Esztergom Megyei Rend\u0151r-f\u0151kapit\u00e1nys\u00e1g Sajt\u00f3<\/strong><\/em><\/p>\n","protected":false},"excerpt":{"rendered":"<p>Fokozott figyelemmel k\u00f6zlekedjenek az er\u0151s sz\u00e9l miatt! A Kom\u00e1rom-Esztergom Megyei Rend\u0151r-f\u0151kapit\u00e1nys\u00e1g az al\u00e1bbi k\u00f6zleked\u00e9si tan\u00e1csokkal szolg\u00e1l: &#8211; Viharos sz\u00e9lben cs\u00f6kkentse a sebess\u00e9g\u00e9t, fokozott figyelemmel k\u00f6zlekedjen \u00e9s tartson nagyobb k\u00f6vet\u00e9si t\u00e1vols\u00e1got! &#8211; Nagy sz\u00e9lben nem tan\u00e1csos olyan p\u00f3tkocsit \u00e9s ut\u00e1nfut\u00f3t vontatni, amely k\u00f6nny\u0171 \u00e9s nagy az oldalfel\u00fclete, mert az er\u0151s sz\u00e9l k\u00f6nnyen felbor\u00edthatja! &#8211; A viharos<\/p>\n","protected":false},"author":1,"featured_media":6611,"comment_status":"closed","ping_status":"closed","sticky":false,"template":"","format":"standard","meta":{"ngg_post_thumbnail":0,"footnotes":""},"categories":[3],"tags":[2152,77,61,1778,1453],"class_list":{"0":"post-8005","1":"post","2":"type-post","3":"status-publish","4":"format-standard","5":"has-post-thumbnail","7":"category-hirek","8":"tag-eros-szel","9":"tag-felhivas","10":"tag-rendorsegi-hirek","11":"tag-szel","12":"tag-szelvihar"},"yoast_head":"<!-- This site is optimized with the Yoast SEO plugin v27.4 - https:\/\/yoast.com\/product\/yoast-seo-wordpress\/ -->\n<title>Felh\u00edv\u00e1s er\u0151s sz\u00e9lre<\/title>\n<meta name=\"robots\" content=\"index, follow, max-snippet:-1, max-image-preview:large, max-video-preview:-1\" \/>\n<link rel=\"canonical\" href=\"https:\/\/dorogimedence.hu\/index.php\/2018\/01\/30\/felhivas-eros-szelre\/\" class=\"yoast-seo-meta-tag\" \/>\n<meta property=\"og:locale\" content=\"hu_HU\" class=\"yoast-seo-meta-tag\" \/>\n<meta property=\"og:type\" content=\"article\" class=\"yoast-seo-meta-tag\" \/>\n<meta property=\"og:title\" content=\"Felh\u00edv\u00e1s er\u0151s sz\u00e9lre\" class=\"yoast-seo-meta-tag\" \/>\n<meta property=\"og:description\" content=\"Fokozott figyelemmel k\u00f6zlekedjenek az er\u0151s sz\u00e9l miatt! A Kom\u00e1rom-Esztergom Megyei Rend\u0151r-f\u0151kapit\u00e1nys\u00e1g az al\u00e1bbi k\u00f6zleked\u00e9si tan\u00e1csokkal szolg\u00e1l: &#8211; Viharos sz\u00e9lben cs\u00f6kkentse a sebess\u00e9g\u00e9t, fokozott figyelemmel k\u00f6zlekedjen \u00e9s tartson nagyobb k\u00f6vet\u00e9si t\u00e1vols\u00e1got! &#8211; Nagy sz\u00e9lben nem tan\u00e1csos olyan p\u00f3tkocsit \u00e9s ut\u00e1nfut\u00f3t vontatni, amely k\u00f6nny\u0171 \u00e9s nagy az oldalfel\u00fclete, mert az er\u0151s sz\u00e9l k\u00f6nnyen felbor\u00edthatja! &#8211; A viharos\" class=\"yoast-seo-meta-tag\" \/>\n<meta property=\"og:url\" content=\"https:\/\/dorogimedence.hu\/index.php\/2018\/01\/30\/felhivas-eros-szelre\/\" class=\"yoast-seo-meta-tag\" \/>\n<meta property=\"og:site_name\" content=\"Dorogi-medence Region\u00e1lis H\u00edrport\u00e1l\" class=\"yoast-seo-meta-tag\" \/>\n<meta property=\"article:publisher\" content=\"https:\/\/www.facebook.com\/dorogimedence\/\" class=\"yoast-seo-meta-tag\" \/>\n<meta property=\"article:published_time\" content=\"2018-01-30T07:43:41+00:00\" class=\"yoast-seo-meta-tag\" \/>\n<meta property=\"og:image\" content=\"https:\/\/i0.wp.com\/dorogimedence.hu\/wp-content\/uploads\/2017\/11\/szel-01.jpg?fit=670%2C365&ssl=1\" class=\"yoast-seo-meta-tag\" \/>\n\t<meta property=\"og:image:width\" content=\"670\" class=\"yoast-seo-meta-tag\" \/>\n\t<meta property=\"og:image:height\" content=\"365\" class=\"yoast-seo-meta-tag\" \/>\n\t<meta property=\"og:image:type\" content=\"image\/jpeg\" class=\"yoast-seo-meta-tag\" \/>\n<meta name=\"author\" content=\"dorogimedence.hu\" class=\"yoast-seo-meta-tag\" \/>\n<meta name=\"twitter:card\" content=\"summary_large_image\" class=\"yoast-seo-meta-tag\" \/>\n<meta name=\"twitter:label1\" content=\"Szerz\u0151:\" class=\"yoast-seo-meta-tag\" \/>\n\t<meta name=\"twitter:data1\" content=\"dorogimedence.hu\" class=\"yoast-seo-meta-tag\" \/>\n\t<meta name=\"twitter:label2\" content=\"Becs\u00fclt olvas\u00e1si id\u0151\" class=\"yoast-seo-meta-tag\" \/>\n\t<meta name=\"twitter:data2\" content=\"2 perc\" class=\"yoast-seo-meta-tag\" \/>\n<script type=\"application\/ld+json\" class=\"yoast-schema-graph\">{\"@context\":\"https:\\\/\\\/schema.org\",\"@graph\":[{\"@type\":\"Article\",\"@id\":\"https:\\\/\\\/dorogimedence.hu\\\/index.php\\\/2018\\\/01\\\/30\\\/felhivas-eros-szelre\\\/#article\",\"isPartOf\":{\"@id\":\"https:\\\/\\\/dorogimedence.hu\\\/index.php\\\/2018\\\/01\\\/30\\\/felhivas-eros-szelre\\\/\"},\"author\":{\"name\":\"dorogimedence.hu\",\"@id\":\"https:\\\/\\\/dorogimedence.hu\\\/#\\\/schema\\\/person\\\/ce6091eeb7e95ecdc87890d6aa8e0fd4\"},\"headline\":\"Felh\u00edv\u00e1s er\u0151s sz\u00e9lre\",\"datePublished\":\"2018-01-30T07:43:41+00:00\",\"mainEntityOfPage\":{\"@id\":\"https:\\\/\\\/dorogimedence.hu\\\/index.php\\\/2018\\\/01\\\/30\\\/felhivas-eros-szelre\\\/\"},\"wordCount\":332,\"publisher\":{\"@id\":\"https:\\\/\\\/dorogimedence.hu\\\/#organization\"},\"image\":{\"@id\":\"https:\\\/\\\/dorogimedence.hu\\\/index.php\\\/2018\\\/01\\\/30\\\/felhivas-eros-szelre\\\/#primaryimage\"},\"thumbnailUrl\":\"https:\\\/\\\/dorogimedence.hu\\\/wp-content\\\/uploads\\\/2017\\\/11\\\/szel-01.jpg\",\"keywords\":[\"er\u0151s sz\u00e9l\",\"felh\u00edv\u00e1s\",\"rend\u0151rs\u00e9gi h\u00edrek\",\"sz\u00e9l\",\"sz\u00e9lvihar\"],\"articleSection\":[\"H\u00edrek\"],\"inLanguage\":\"hu\"},{\"@type\":\"WebPage\",\"@id\":\"https:\\\/\\\/dorogimedence.hu\\\/index.php\\\/2018\\\/01\\\/30\\\/felhivas-eros-szelre\\\/\",\"url\":\"https:\\\/\\\/dorogimedence.hu\\\/index.php\\\/2018\\\/01\\\/30\\\/felhivas-eros-szelre\\\/\",\"name\":\"Felh\u00edv\u00e1s er\u0151s sz\u00e9lre\",\"isPartOf\":{\"@id\":\"https:\\\/\\\/dorogimedence.hu\\\/#website\"},\"primaryImageOfPage\":{\"@id\":\"https:\\\/\\\/dorogimedence.hu\\\/index.php\\\/2018\\\/01\\\/30\\\/felhivas-eros-szelre\\\/#primaryimage\"},\"image\":{\"@id\":\"https:\\\/\\\/dorogimedence.hu\\\/index.php\\\/2018\\\/01\\\/30\\\/felhivas-eros-szelre\\\/#primaryimage\"},\"thumbnailUrl\":\"https:\\\/\\\/dorogimedence.hu\\\/wp-content\\\/uploads\\\/2017\\\/11\\\/szel-01.jpg\",\"datePublished\":\"2018-01-30T07:43:41+00:00\",\"breadcrumb\":{\"@id\":\"https:\\\/\\\/dorogimedence.hu\\\/index.php\\\/2018\\\/01\\\/30\\\/felhivas-eros-szelre\\\/#breadcrumb\"},\"inLanguage\":\"hu\",\"potentialAction\":[{\"@type\":\"ReadAction\",\"target\":[\"https:\\\/\\\/dorogimedence.hu\\\/index.php\\\/2018\\\/01\\\/30\\\/felhivas-eros-szelre\\\/\"]}]},{\"@type\":\"ImageObject\",\"inLanguage\":\"hu\",\"@id\":\"https:\\\/\\\/dorogimedence.hu\\\/index.php\\\/2018\\\/01\\\/30\\\/felhivas-eros-szelre\\\/#primaryimage\",\"url\":\"https:\\\/\\\/dorogimedence.hu\\\/wp-content\\\/uploads\\\/2017\\\/11\\\/szel-01.jpg\",\"contentUrl\":\"https:\\\/\\\/dorogimedence.hu\\\/wp-content\\\/uploads\\\/2017\\\/11\\\/szel-01.jpg\",\"width\":670,\"height\":365},{\"@type\":\"BreadcrumbList\",\"@id\":\"https:\\\/\\\/dorogimedence.hu\\\/index.php\\\/2018\\\/01\\\/30\\\/felhivas-eros-szelre\\\/#breadcrumb\",\"itemListElement\":[{\"@type\":\"ListItem\",\"position\":1,\"name\":\"Kezd\u0151lap\",\"item\":\"https:\\\/\\\/dorogimedence.hu\\\/\"},{\"@type\":\"ListItem\",\"position\":2,\"name\":\"Felh\u00edv\u00e1s er\u0151s sz\u00e9lre\"}]},{\"@type\":\"WebSite\",\"@id\":\"https:\\\/\\\/dorogimedence.hu\\\/#website\",\"url\":\"https:\\\/\\\/dorogimedence.hu\\\/\",\"name\":\"Dorogi-medence Region\u00e1lis H\u00edrport\u00e1l\",\"description\":\"Dorog, Keszt\u00f6lc, Le\u00e1nyv\u00e1r, Piliscs\u00e9v, Tokod, Tokodalt\u00e1r\u00f3, Csolnok, Esztergom-kertv\u00e1ros: h\u00edrek, programok\",\"publisher\":{\"@id\":\"https:\\\/\\\/dorogimedence.hu\\\/#organization\"},\"potentialAction\":[{\"@type\":\"SearchAction\",\"target\":{\"@type\":\"EntryPoint\",\"urlTemplate\":\"https:\\\/\\\/dorogimedence.hu\\\/?s={search_term_string}\"},\"query-input\":{\"@type\":\"PropertyValueSpecification\",\"valueRequired\":true,\"valueName\":\"search_term_string\"}}],\"inLanguage\":\"hu\"},{\"@type\":\"Organization\",\"@id\":\"https:\\\/\\\/dorogimedence.hu\\\/#organization\",\"name\":\"Dorogi-medence Region\u00e1lis H\u00edrport\u00e1l\",\"url\":\"https:\\\/\\\/dorogimedence.hu\\\/\",\"logo\":{\"@type\":\"ImageObject\",\"inLanguage\":\"hu\",\"@id\":\"https:\\\/\\\/dorogimedence.hu\\\/#\\\/schema\\\/logo\\\/image\\\/\",\"url\":\"https:\\\/\\\/dorogimedence.hu\\\/wp-content\\\/uploads\\\/2021\\\/04\\\/logo-feher-600.png\",\"contentUrl\":\"https:\\\/\\\/dorogimedence.hu\\\/wp-content\\\/uploads\\\/2021\\\/04\\\/logo-feher-600.png\",\"width\":600,\"height\":100,\"caption\":\"Dorogi-medence Region\u00e1lis H\u00edrport\u00e1l\"},\"image\":{\"@id\":\"https:\\\/\\\/dorogimedence.hu\\\/#\\\/schema\\\/logo\\\/image\\\/\"},\"sameAs\":[\"https:\\\/\\\/www.facebook.com\\\/dorogimedence\\\/\"]},{\"@type\":\"Person\",\"@id\":\"https:\\\/\\\/dorogimedence.hu\\\/#\\\/schema\\\/person\\\/ce6091eeb7e95ecdc87890d6aa8e0fd4\",\"name\":\"dorogimedence.hu\",\"image\":{\"@type\":\"ImageObject\",\"inLanguage\":\"hu\",\"@id\":\"\\\/\\\/www.gravatar.com\\\/avatar\\\/d8d45f8901aadff40a4af72c0b826f1d?s=96&#038;r=g&#038;d=mm\",\"url\":\"\\\/\\\/www.gravatar.com\\\/avatar\\\/d8d45f8901aadff40a4af72c0b826f1d?s=96&#038;r=g&#038;d=mm\",\"contentUrl\":\"\\\/\\\/www.gravatar.com\\\/avatar\\\/d8d45f8901aadff40a4af72c0b826f1d?s=96&#038;r=g&#038;d=mm\",\"caption\":\"dorogimedence.hu\"}}]}<\/script>\n<!-- \/ Yoast SEO plugin. -->","yoast_head_json":{"title":"Felh\u00edv\u00e1s er\u0151s sz\u00e9lre","robots":{"index":"index","follow":"follow","max-snippet":"max-snippet:-1","max-image-preview":"max-image-preview:large","max-video-preview":"max-video-preview:-1"},"canonical":"https:\/\/dorogimedence.hu\/index.php\/2018\/01\/30\/felhivas-eros-szelre\/","og_locale":"hu_HU","og_type":"article","og_title":"Felh\u00edv\u00e1s er\u0151s sz\u00e9lre","og_description":"Fokozott figyelemmel k\u00f6zlekedjenek az er\u0151s sz\u00e9l miatt! A Kom\u00e1rom-Esztergom Megyei Rend\u0151r-f\u0151kapit\u00e1nys\u00e1g az al\u00e1bbi k\u00f6zleked\u00e9si tan\u00e1csokkal szolg\u00e1l: &#8211; Viharos sz\u00e9lben cs\u00f6kkentse a sebess\u00e9g\u00e9t, fokozott figyelemmel k\u00f6zlekedjen \u00e9s tartson nagyobb k\u00f6vet\u00e9si t\u00e1vols\u00e1got! &#8211; Nagy sz\u00e9lben nem tan\u00e1csos olyan p\u00f3tkocsit \u00e9s ut\u00e1nfut\u00f3t vontatni, amely k\u00f6nny\u0171 \u00e9s nagy az oldalfel\u00fclete, mert az er\u0151s sz\u00e9l k\u00f6nnyen felbor\u00edthatja! &#8211; A viharos","og_url":"https:\/\/dorogimedence.hu\/index.php\/2018\/01\/30\/felhivas-eros-szelre\/","og_site_name":"Dorogi-medence Region\u00e1lis H\u00edrport\u00e1l","article_publisher":"https:\/\/www.facebook.com\/dorogimedence\/","article_published_time":"2018-01-30T07:43:41+00:00","og_image":[{"width":670,"height":365,"url":"https:\/\/i0.wp.com\/dorogimedence.hu\/wp-content\/uploads\/2017\/11\/szel-01.jpg?fit=670%2C365&ssl=1","type":"image\/jpeg"}],"author":"dorogimedence.hu","twitter_card":"summary_large_image","twitter_misc":{"Szerz\u0151:":"dorogimedence.hu","Becs\u00fclt olvas\u00e1si id\u0151":"2 perc"},"schema":{"@context":"https:\/\/schema.org","@graph":[{"@type":"Article","@id":"https:\/\/dorogimedence.hu\/index.php\/2018\/01\/30\/felhivas-eros-szelre\/#article","isPartOf":{"@id":"https:\/\/dorogimedence.hu\/index.php\/2018\/01\/30\/felhivas-eros-szelre\/"},"author":{"name":"dorogimedence.hu","@id":"https:\/\/dorogimedence.hu\/#\/schema\/person\/ce6091eeb7e95ecdc87890d6aa8e0fd4"},"headline":"Felh\u00edv\u00e1s er\u0151s sz\u00e9lre","datePublished":"2018-01-30T07:43:41+00:00","mainEntityOfPage":{"@id":"https:\/\/dorogimedence.hu\/index.php\/2018\/01\/30\/felhivas-eros-szelre\/"},"wordCount":332,"publisher":{"@id":"https:\/\/dorogimedence.hu\/#organization"},"image":{"@id":"https:\/\/dorogimedence.hu\/index.php\/2018\/01\/30\/felhivas-eros-szelre\/#primaryimage"},"thumbnailUrl":"https:\/\/dorogimedence.hu\/wp-content\/uploads\/2017\/11\/szel-01.jpg","keywords":["er\u0151s sz\u00e9l","felh\u00edv\u00e1s","rend\u0151rs\u00e9gi h\u00edrek","sz\u00e9l","sz\u00e9lvihar"],"articleSection":["H\u00edrek"],"inLanguage":"hu"},{"@type":"WebPage","@id":"https:\/\/dorogimedence.hu\/index.php\/2018\/01\/30\/felhivas-eros-szelre\/","url":"https:\/\/dorogimedence.hu\/index.php\/2018\/01\/30\/felhivas-eros-szelre\/","name":"Felh\u00edv\u00e1s er\u0151s sz\u00e9lre","isPartOf":{"@id":"https:\/\/dorogimedence.hu\/#website"},"primaryImageOfPage":{"@id":"https:\/\/dorogimedence.hu\/index.php\/2018\/01\/30\/felhivas-eros-szelre\/#primaryimage"},"image":{"@id":"https:\/\/dorogimedence.hu\/index.php\/2018\/01\/30\/felhivas-eros-szelre\/#primaryimage"},"thumbnailUrl":"https:\/\/dorogimedence.hu\/wp-content\/uploads\/2017\/11\/szel-01.jpg","datePublished":"2018-01-30T07:43:41+00:00","breadcrumb":{"@id":"https:\/\/dorogimedence.hu\/index.php\/2018\/01\/30\/felhivas-eros-szelre\/#breadcrumb"},"inLanguage":"hu","potentialAction":[{"@type":"ReadAction","target":["https:\/\/dorogimedence.hu\/index.php\/2018\/01\/30\/felhivas-eros-szelre\/"]}]},{"@type":"ImageObject","inLanguage":"hu","@id":"https:\/\/dorogimedence.hu\/index.php\/2018\/01\/30\/felhivas-eros-szelre\/#primaryimage","url":"https:\/\/dorogimedence.hu\/wp-content\/uploads\/2017\/11\/szel-01.jpg","contentUrl":"https:\/\/dorogimedence.hu\/wp-content\/uploads\/2017\/11\/szel-01.jpg","width":670,"height":365},{"@type":"BreadcrumbList","@id":"https:\/\/dorogimedence.hu\/index.php\/2018\/01\/30\/felhivas-eros-szelre\/#breadcrumb","itemListElement":[{"@type":"ListItem","position":1,"name":"Kezd\u0151lap","item":"https:\/\/dorogimedence.hu\/"},{"@type":"ListItem","position":2,"name":"Felh\u00edv\u00e1s er\u0151s sz\u00e9lre"}]},{"@type":"WebSite","@id":"https:\/\/dorogimedence.hu\/#website","url":"https:\/\/dorogimedence.hu\/","name":"Dorogi-medence Region\u00e1lis H\u00edrport\u00e1l","description":"Dorog, Keszt\u00f6lc, Le\u00e1nyv\u00e1r, Piliscs\u00e9v, Tokod, Tokodalt\u00e1r\u00f3, Csolnok, Esztergom-kertv\u00e1ros: h\u00edrek, programok","publisher":{"@id":"https:\/\/dorogimedence.hu\/#organization"},"potentialAction":[{"@type":"SearchAction","target":{"@type":"EntryPoint","urlTemplate":"https:\/\/dorogimedence.hu\/?s={search_term_string}"},"query-input":{"@type":"PropertyValueSpecification","valueRequired":true,"valueName":"search_term_string"}}],"inLanguage":"hu"},{"@type":"Organization","@id":"https:\/\/dorogimedence.hu\/#organization","name":"Dorogi-medence Region\u00e1lis H\u00edrport\u00e1l","url":"https:\/\/dorogimedence.hu\/","logo":{"@type":"ImageObject","inLanguage":"hu","@id":"https:\/\/dorogimedence.hu\/#\/schema\/logo\/image\/","url":"https:\/\/dorogimedence.hu\/wp-content\/uploads\/2021\/04\/logo-feher-600.png","contentUrl":"https:\/\/dorogimedence.hu\/wp-content\/uploads\/2021\/04\/logo-feher-600.png","width":600,"height":100,"caption":"Dorogi-medence Region\u00e1lis H\u00edrport\u00e1l"},"image":{"@id":"https:\/\/dorogimedence.hu\/#\/schema\/logo\/image\/"},"sameAs":["https:\/\/www.facebook.com\/dorogimedence\/"]},{"@type":"Person","@id":"https:\/\/dorogimedence.hu\/#\/schema\/person\/ce6091eeb7e95ecdc87890d6aa8e0fd4","name":"dorogimedence.hu","image":{"@type":"ImageObject","inLanguage":"hu","@id":"\/\/www.gravatar.com\/avatar\/d8d45f8901aadff40a4af72c0b826f1d?s=96&#038;r=g&#038;d=mm","url":"\/\/www.gravatar.com\/avatar\/d8d45f8901aadff40a4af72c0b826f1d?s=96&#038;r=g&#038;d=mm","contentUrl":"\/\/www.gravatar.com\/avatar\/d8d45f8901aadff40a4af72c0b826f1d?s=96&#038;r=g&#038;d=mm","caption":"dorogimedence.hu"}}]}},"_links":{"self":[{"href":"https:\/\/dorogimedence.hu\/index.php\/wp-json\/wp\/v2\/posts\/8005","targetHints":{"allow":["GET"]}}],"collection":[{"href":"https:\/\/dorogimedence.hu\/index.php\/wp-json\/wp\/v2\/posts"}],"about":[{"href":"https:\/\/dorogimedence.hu\/index.php\/wp-json\/wp\/v2\/types\/post"}],"author":[{"embeddable":true,"href":"https:\/\/dorogimedence.hu\/index.php\/wp-json\/wp\/v2\/users\/1"}],"replies":[{"embeddable":true,"href":"https:\/\/dorogimedence.hu\/index.php\/wp-json\/wp\/v2\/comments?post=8005"}],"version-history":[{"count":0,"href":"https:\/\/dorogimedence.hu\/index.php\/wp-json\/wp\/v2\/posts\/8005\/revisions"}],"wp:featuredmedia":[{"embeddable":true,"href":"https:\/\/dorogimedence.hu\/index.php\/wp-json\/wp\/v2\/media\/6611"}],"wp:attachment":[{"href":"https:\/\/dorogimedence.hu\/index.php\/wp-json\/wp\/v2\/media?parent=8005"}],"wp:term":[{"taxonomy":"category","embeddable":true,"href":"https:\/\/dorogimedence.hu\/index.php\/wp-json\/wp\/v2\/categories?post=8005"},{"taxonomy":"post_tag","embeddable":true,"href":"https:\/\/dorogimedence.hu\/index.php\/wp-json\/wp\/v2\/tags?post=8005"}],"curies":[{"name":"wp","href":"https:\/\/api.w.org\/{rel}","templated":true}]}}