{"id":79891,"date":"2026-05-02T12:19:13","date_gmt":"2026-05-02T10:19:13","guid":{"rendered":"https:\/\/dorogimedence.hu\/?p=79891"},"modified":"2026-05-02T12:19:13","modified_gmt":"2026-05-02T10:19:13","slug":"tobb-kobmeter-szemetet-gyujtottek-a-pilisben","status":"publish","type":"post","link":"https:\/\/dorogimedence.hu\/index.php\/2026\/05\/02\/tobb-kobmeter-szemetet-gyujtottek-a-pilisben\/","title":{"rendered":"T\u00f6bb k\u00f6bm\u00e9ter szemetet gy\u0171jt\u00f6ttek a Pilisben"},"content":{"rendered":"<p><strong>Nem a pihen\u00e9sr\u0151l sz\u00f3lt az idei m\u00e1jus elseje a Pilisben: a Benedek Endre Barlangkutat\u00f3 Egyes\u00fclet (BEBTE) Szem\u00e9tirt\u00f3k csapata ink\u00e1bb a term\u00e9szet meg\u00f3v\u00e1s\u00e1t v\u00e1lasztotta, \u00e9s jelent\u0151s mennyis\u00e9g\u0171 hullad\u00e9kt\u00f3l tiszt\u00edtotta meg az erd\u0151t.<\/strong><\/p>\n<p>A Bar\u00e1tk\u00fati parkol\u00f3 \u00e9s a K\u00e9tb\u00fckkfa-nyereg k\u00f6z\u00f6tti szakaszon, a Dobog\u00f3k\u0151i \u00fat ment\u00e9n szervezett akci\u00f3ban k\u00f6zel 30 f\u0151 vett r\u00e9szt. A csapat \u00f6sszesen 7 helysz\u00ednen dolgozott, \u00e9s mintegy 10 k\u00f6bm\u00e9ternyi illeg\u00e1lisan lerakott hullad\u00e9kot gy\u0171jt\u00f6tt \u00f6ssze.<\/p>\n<p><img fetchpriority=\"high\" decoding=\"async\" class=\"alignnone size-full wp-image-79893\" src=\"https:\/\/dorogimedence.hu\/wp-content\/uploads\/2026\/05\/685991856_1274658814833157_1807761477574287568_n.jpg\" alt=\"\" width=\"2048\" height=\"1449\" srcset=\"https:\/\/dorogimedence.hu\/wp-content\/uploads\/2026\/05\/685991856_1274658814833157_1807761477574287568_n.jpg 2048w, https:\/\/dorogimedence.hu\/wp-content\/uploads\/2026\/05\/685991856_1274658814833157_1807761477574287568_n-600x425.jpg 600w, https:\/\/dorogimedence.hu\/wp-content\/uploads\/2026\/05\/685991856_1274658814833157_1807761477574287568_n-1920x1358.jpg 1920w, https:\/\/dorogimedence.hu\/wp-content\/uploads\/2026\/05\/685991856_1274658814833157_1807761477574287568_n-768x543.jpg 768w, https:\/\/dorogimedence.hu\/wp-content\/uploads\/2026\/05\/685991856_1274658814833157_1807761477574287568_n-1536x1087.jpg 1536w, https:\/\/dorogimedence.hu\/wp-content\/uploads\/2026\/05\/685991856_1274658814833157_1807761477574287568_n-150x106.jpg 150w, https:\/\/dorogimedence.hu\/wp-content\/uploads\/2026\/05\/685991856_1274658814833157_1807761477574287568_n-450x318.jpg 450w, https:\/\/dorogimedence.hu\/wp-content\/uploads\/2026\/05\/685991856_1274658814833157_1807761477574287568_n-1200x849.jpg 1200w\" sizes=\"(max-width: 2048px) 100vw, 2048px\" \/><\/p>\n<p>A munka kor\u00e1ntsem volt egyszer\u0171: a meredek hegyoldalon, s\u0171r\u0171 aljn\u00f6v\u00e9nyzetben kellett a zs\u00e1kokba gy\u0171jt\u00f6tt szemetet feljuttatni a f\u0151\u00fatig. A ter\u00fcleten \u00e9vtizedek alatt felhalmozott hullad\u00e9k rendk\u00edv\u00fcl vegyes k\u00e9pet mutatott \u2013 az \u00e9p\u00edt\u00e9si t\u00f6rmel\u00e9kt\u0151l \u00e9s k\u00e1belekt\u0151l kezdve az aut\u00f3gumikon \u00e1t eg\u00e9szen a h\u00e1ztart\u00e1si \u00e9s egy\u00e9b, sokszor megh\u00f6kkent\u0151 t\u00e1rgyakig.<\/p>\n<p>A mostani akci\u00f3 egy kor\u00e1bbi, m\u00e1rcius 31-i szem\u00e9tszed\u00e9s folytat\u00e1sa volt, amikor a f\u0151\u00fatr\u00f3l l\u00e1that\u00f3 r\u00e9szeket m\u00e1r megtiszt\u00edtott\u00e1k. Az erd\u0151 m\u00e9ly\u00e9n maradt hullad\u00e9k elt\u00e1vol\u00edt\u00e1s\u00e1hoz azonban t\u00f6bb emberre volt sz\u00fcks\u00e9g \u2013 ezt a feladatot v\u00e1llalt\u00e1k most az \u00f6nk\u00e9ntesek.<\/p>\n<p><img decoding=\"async\" class=\"alignnone size-full wp-image-79894\" src=\"https:\/\/dorogimedence.hu\/wp-content\/uploads\/2026\/05\/685928587_1274658514833187_5492756780092510524_n.jpg\" alt=\"\" width=\"2048\" height=\"1100\" srcset=\"https:\/\/dorogimedence.hu\/wp-content\/uploads\/2026\/05\/685928587_1274658514833187_5492756780092510524_n.jpg 2048w, https:\/\/dorogimedence.hu\/wp-content\/uploads\/2026\/05\/685928587_1274658514833187_5492756780092510524_n-600x322.jpg 600w, https:\/\/dorogimedence.hu\/wp-content\/uploads\/2026\/05\/685928587_1274658514833187_5492756780092510524_n-1920x1031.jpg 1920w, https:\/\/dorogimedence.hu\/wp-content\/uploads\/2026\/05\/685928587_1274658514833187_5492756780092510524_n-768x413.jpg 768w, https:\/\/dorogimedence.hu\/wp-content\/uploads\/2026\/05\/685928587_1274658514833187_5492756780092510524_n-1536x825.jpg 1536w, https:\/\/dorogimedence.hu\/wp-content\/uploads\/2026\/05\/685928587_1274658514833187_5492756780092510524_n-150x81.jpg 150w, https:\/\/dorogimedence.hu\/wp-content\/uploads\/2026\/05\/685928587_1274658514833187_5492756780092510524_n-450x242.jpg 450w, https:\/\/dorogimedence.hu\/wp-content\/uploads\/2026\/05\/685928587_1274658514833187_5492756780092510524_n-1200x645.jpg 1200w\" sizes=\"(max-width: 2048px) 100vw, 2048px\" \/><\/p>\n<p>A <a href=\"https:\/\/www.facebook.com\/groups\/bebteszemetirtok\/posts\/1911929609499056\" target=\"_blank\" rel=\"noopener\"><span style=\"text-decoration: underline; color: #0000ff;\">BEBTE felh\u00edvta a figyelmet<\/span><\/a> arra is, hogy b\u00e1r a hullad\u00e9k \u00f6sszegy\u0171jt\u00e9se fontos l\u00e9p\u00e9s, a legnagyobb hangs\u00falyt a megel\u0151z\u00e9sre \u00e9s a k\u00f6rnyezettudatos szeml\u00e9let er\u0151s\u00edt\u00e9s\u00e9re kell helyezni. Mint \u00edrj\u00e1k, a k\u00f6rnyezetszennyez\u00e9s napjaink egyik leg\u00e9get\u0151bb probl\u00e9m\u00e1ja, amely ellen mindenkinek k\u00f6teless\u00e9ge tenni.<\/p>\n<p>Az akci\u00f3hoz t\u00f6bbek k\u00f6z\u00f6tt a \u201eZ\u00f6ld\u00fcl a P\u00e1zm\u00e1ny\u201d csapata, helyi lakosok, budapestiek, valamint az esztergomi \u00f6nkorm\u00e1nyzat k\u00e9pvisel\u0151-test\u00fclet\u00e9nek n\u00e9h\u00e1ny tagja is csatlakozott. A begy\u0171jt\u00f6tt hullad\u00e9k elsz\u00e1ll\u00edt\u00e1s\u00e1r\u00f3l Esztergom V\u00e1ros \u00d6nkorm\u00e1nyzata gondoskodik.<\/p>\n<p>A szervez\u0151k szerint a munka hasznos volt, ugyanakkor j\u00f3l mutatja, hogy tov\u00e1bbra is komoly probl\u00e9m\u00e1t jelent az illeg\u00e1lis hullad\u00e9klerak\u00e1s a t\u00e9rs\u00e9g kedvelt kir\u00e1ndul\u00f3helyein.<\/p>\n<p><img decoding=\"async\" class=\"alignnone size-full wp-image-79895\" src=\"https:\/\/dorogimedence.hu\/wp-content\/uploads\/2026\/05\/686168577_1274658518166520_4340273860773330819_n.jpg\" alt=\"\" width=\"2048\" height=\"1136\" srcset=\"https:\/\/dorogimedence.hu\/wp-content\/uploads\/2026\/05\/686168577_1274658518166520_4340273860773330819_n.jpg 2048w, https:\/\/dorogimedence.hu\/wp-content\/uploads\/2026\/05\/686168577_1274658518166520_4340273860773330819_n-600x333.jpg 600w, https:\/\/dorogimedence.hu\/wp-content\/uploads\/2026\/05\/686168577_1274658518166520_4340273860773330819_n-1920x1065.jpg 1920w, https:\/\/dorogimedence.hu\/wp-content\/uploads\/2026\/05\/686168577_1274658518166520_4340273860773330819_n-768x426.jpg 768w, https:\/\/dorogimedence.hu\/wp-content\/uploads\/2026\/05\/686168577_1274658518166520_4340273860773330819_n-1536x852.jpg 1536w, https:\/\/dorogimedence.hu\/wp-content\/uploads\/2026\/05\/686168577_1274658518166520_4340273860773330819_n-150x83.jpg 150w, https:\/\/dorogimedence.hu\/wp-content\/uploads\/2026\/05\/686168577_1274658518166520_4340273860773330819_n-450x250.jpg 450w, https:\/\/dorogimedence.hu\/wp-content\/uploads\/2026\/05\/686168577_1274658518166520_4340273860773330819_n-1200x666.jpg 1200w\" sizes=\"(max-width: 2048px) 100vw, 2048px\" \/> <img loading=\"lazy\" decoding=\"async\" class=\"alignnone size-full wp-image-79896\" src=\"https:\/\/dorogimedence.hu\/wp-content\/uploads\/2026\/05\/686354706_1274658484833190_5272105826509058569_n-scaled.jpg\" alt=\"\" width=\"2560\" height=\"1213\" srcset=\"https:\/\/dorogimedence.hu\/wp-content\/uploads\/2026\/05\/686354706_1274658484833190_5272105826509058569_n-scaled.jpg 2560w, https:\/\/dorogimedence.hu\/wp-content\/uploads\/2026\/05\/686354706_1274658484833190_5272105826509058569_n-600x284.jpg 600w, https:\/\/dorogimedence.hu\/wp-content\/uploads\/2026\/05\/686354706_1274658484833190_5272105826509058569_n-1920x910.jpg 1920w, https:\/\/dorogimedence.hu\/wp-content\/uploads\/2026\/05\/686354706_1274658484833190_5272105826509058569_n-768x364.jpg 768w, https:\/\/dorogimedence.hu\/wp-content\/uploads\/2026\/05\/686354706_1274658484833190_5272105826509058569_n-1536x728.jpg 1536w, https:\/\/dorogimedence.hu\/wp-content\/uploads\/2026\/05\/686354706_1274658484833190_5272105826509058569_n-2048x971.jpg 2048w, https:\/\/dorogimedence.hu\/wp-content\/uploads\/2026\/05\/686354706_1274658484833190_5272105826509058569_n-150x71.jpg 150w, https:\/\/dorogimedence.hu\/wp-content\/uploads\/2026\/05\/686354706_1274658484833190_5272105826509058569_n-450x213.jpg 450w, https:\/\/dorogimedence.hu\/wp-content\/uploads\/2026\/05\/686354706_1274658484833190_5272105826509058569_n-1200x569.jpg 1200w\" sizes=\"(max-width: 2560px) 100vw, 2560px\" \/><\/p>\n<p><em>Fot\u00f3k: <span class=\"x193iq5w xeuugli x13faqbe x1vvkbs x1xmvt09 x1lliihq x1s928wv xhkezso x1gmr53x x1cpjm7i x1fgarty x1943h6x xudqn12 x3x7a5m x6prxxf xvq8zen xo1l8bm xzsf02u x1yc453h\" dir=\"auto\">Kissn\u00e9 Csorba Erika, Lieber Tam\u00e1s, Pes\u00e1k Anna, Szilvay Attila, Varga \u00c1rp\u00e1d felv\u00e9telei<\/span><\/em><\/p>\n","protected":false},"excerpt":{"rendered":"<p>Nem a pihen\u00e9sr\u0151l sz\u00f3lt az idei m\u00e1jus elseje a Pilisben: a Benedek Endre Barlangkutat\u00f3 Egyes\u00fclet (BEBTE) Szem\u00e9tirt\u00f3k csapata ink\u00e1bb a term\u00e9szet meg\u00f3v\u00e1s\u00e1t v\u00e1lasztotta, \u00e9s jelent\u0151s mennyis\u00e9g\u0171 hullad\u00e9kt\u00f3l tiszt\u00edtotta meg az erd\u0151t. A Bar\u00e1tk\u00fati parkol\u00f3 \u00e9s a K\u00e9tb\u00fckkfa-nyereg k\u00f6z\u00f6tti szakaszon, a Dobog\u00f3k\u0151i \u00fat ment\u00e9n szervezett akci\u00f3ban k\u00f6zel 30 f\u0151 vett r\u00e9szt. A csapat \u00f6sszesen 7 helysz\u00ednen<\/p>\n","protected":false},"author":1,"featured_media":79892,"comment_status":"closed","ping_status":"closed","sticky":false,"template":"","format":"standard","meta":{"ngg_post_thumbnail":0,"footnotes":""},"categories":[38,3],"tags":[1065,42,5624,151,3958,2397],"class_list":{"0":"post-79891","1":"post","2":"type-post","3":"status-publish","4":"format-standard","5":"has-post-thumbnail","7":"category-esztergom","8":"category-hirek","9":"tag-bebte","10":"tag-esztergom","11":"tag-featured","12":"tag-pilis","13":"tag-szemetirtok","14":"tag-szemetszedes"},"yoast_head":"<!-- This site is optimized with the Yoast SEO plugin v27.5 - https:\/\/yoast.com\/product\/yoast-seo-wordpress\/ -->\n<title>T\u00f6bb k\u00f6bm\u00e9ter szemetet gy\u0171jt\u00f6ttek a Pilisben<\/title>\n<meta name=\"robots\" content=\"index, follow, max-snippet:-1, max-image-preview:large, max-video-preview:-1\" \/>\n<link rel=\"canonical\" href=\"https:\/\/dorogimedence.hu\/index.php\/2026\/05\/02\/tobb-kobmeter-szemetet-gyujtottek-a-pilisben\/\" class=\"yoast-seo-meta-tag\" \/>\n<meta property=\"og:locale\" content=\"hu_HU\" class=\"yoast-seo-meta-tag\" \/>\n<meta property=\"og:type\" content=\"article\" class=\"yoast-seo-meta-tag\" \/>\n<meta property=\"og:title\" content=\"T\u00f6bb k\u00f6bm\u00e9ter szemetet gy\u0171jt\u00f6ttek a Pilisben\" class=\"yoast-seo-meta-tag\" \/>\n<meta property=\"og:description\" content=\"Nem a pihen\u00e9sr\u0151l sz\u00f3lt az idei m\u00e1jus elseje a Pilisben: a Benedek Endre Barlangkutat\u00f3 Egyes\u00fclet (BEBTE) Szem\u00e9tirt\u00f3k csapata ink\u00e1bb a term\u00e9szet meg\u00f3v\u00e1s\u00e1t v\u00e1lasztotta, \u00e9s jelent\u0151s mennyis\u00e9g\u0171 hullad\u00e9kt\u00f3l tiszt\u00edtotta meg az erd\u0151t. A Bar\u00e1tk\u00fati parkol\u00f3 \u00e9s a K\u00e9tb\u00fckkfa-nyereg k\u00f6z\u00f6tti szakaszon, a Dobog\u00f3k\u0151i \u00fat ment\u00e9n szervezett akci\u00f3ban k\u00f6zel 30 f\u0151 vett r\u00e9szt. A csapat \u00f6sszesen 7 helysz\u00ednen\" class=\"yoast-seo-meta-tag\" \/>\n<meta property=\"og:url\" content=\"https:\/\/dorogimedence.hu\/index.php\/2026\/05\/02\/tobb-kobmeter-szemetet-gyujtottek-a-pilisben\/\" class=\"yoast-seo-meta-tag\" \/>\n<meta property=\"og:site_name\" content=\"Dorogi-medence Region\u00e1lis H\u00edrport\u00e1l\" class=\"yoast-seo-meta-tag\" \/>\n<meta property=\"article:publisher\" content=\"https:\/\/www.facebook.com\/dorogimedence\/\" class=\"yoast-seo-meta-tag\" \/>\n<meta property=\"article:published_time\" content=\"2026-05-02T10:19:13+00:00\" class=\"yoast-seo-meta-tag\" \/>\n<meta property=\"og:image\" content=\"https:\/\/dorogimedence.hu\/wp-content\/uploads\/2026\/05\/687878607_1274658611499844_2694520192222763764_n.jpg\" class=\"yoast-seo-meta-tag\" \/>\n\t<meta property=\"og:image:width\" content=\"2048\" class=\"yoast-seo-meta-tag\" \/>\n\t<meta property=\"og:image:height\" content=\"1363\" class=\"yoast-seo-meta-tag\" \/>\n\t<meta property=\"og:image:type\" content=\"image\/jpeg\" class=\"yoast-seo-meta-tag\" \/>\n<meta name=\"author\" content=\"dorogimedence.hu\" class=\"yoast-seo-meta-tag\" \/>\n<meta name=\"twitter:card\" content=\"summary_large_image\" class=\"yoast-seo-meta-tag\" \/>\n<meta name=\"twitter:label1\" content=\"Szerz\u0151:\" class=\"yoast-seo-meta-tag\" \/>\n\t<meta name=\"twitter:data1\" content=\"dorogimedence.hu\" class=\"yoast-seo-meta-tag\" \/>\n\t<meta name=\"twitter:label2\" content=\"Becs\u00fclt olvas\u00e1si id\u0151\" class=\"yoast-seo-meta-tag\" \/>\n\t<meta name=\"twitter:data2\" content=\"2 perc\" class=\"yoast-seo-meta-tag\" \/>\n<script type=\"application\/ld+json\" class=\"yoast-schema-graph\">{\"@context\":\"https:\\\/\\\/schema.org\",\"@graph\":[{\"@type\":\"Article\",\"@id\":\"https:\\\/\\\/dorogimedence.hu\\\/index.php\\\/2026\\\/05\\\/02\\\/tobb-kobmeter-szemetet-gyujtottek-a-pilisben\\\/#article\",\"isPartOf\":{\"@id\":\"https:\\\/\\\/dorogimedence.hu\\\/index.php\\\/2026\\\/05\\\/02\\\/tobb-kobmeter-szemetet-gyujtottek-a-pilisben\\\/\"},\"author\":{\"name\":\"dorogimedence.hu\",\"@id\":\"https:\\\/\\\/dorogimedence.hu\\\/#\\\/schema\\\/person\\\/ce6091eeb7e95ecdc87890d6aa8e0fd4\"},\"headline\":\"T\u00f6bb k\u00f6bm\u00e9ter szemetet gy\u0171jt\u00f6ttek a Pilisben\",\"datePublished\":\"2026-05-02T10:19:13+00:00\",\"mainEntityOfPage\":{\"@id\":\"https:\\\/\\\/dorogimedence.hu\\\/index.php\\\/2026\\\/05\\\/02\\\/tobb-kobmeter-szemetet-gyujtottek-a-pilisben\\\/\"},\"wordCount\":414,\"publisher\":{\"@id\":\"https:\\\/\\\/dorogimedence.hu\\\/#organization\"},\"image\":{\"@id\":\"https:\\\/\\\/dorogimedence.hu\\\/index.php\\\/2026\\\/05\\\/02\\\/tobb-kobmeter-szemetet-gyujtottek-a-pilisben\\\/#primaryimage\"},\"thumbnailUrl\":\"https:\\\/\\\/dorogimedence.hu\\\/wp-content\\\/uploads\\\/2026\\\/05\\\/687878607_1274658611499844_2694520192222763764_n.jpg\",\"keywords\":[\"BEBTE\",\"esztergom\",\"featured\",\"Pilis\",\"Szem\u00e9t\u00edrt\u00f3k\",\"szem\u00e9tszed\u00e9s\"],\"articleSection\":[\"Esztergom\",\"H\u00edrek\"],\"inLanguage\":\"hu\"},{\"@type\":\"WebPage\",\"@id\":\"https:\\\/\\\/dorogimedence.hu\\\/index.php\\\/2026\\\/05\\\/02\\\/tobb-kobmeter-szemetet-gyujtottek-a-pilisben\\\/\",\"url\":\"https:\\\/\\\/dorogimedence.hu\\\/index.php\\\/2026\\\/05\\\/02\\\/tobb-kobmeter-szemetet-gyujtottek-a-pilisben\\\/\",\"name\":\"T\u00f6bb k\u00f6bm\u00e9ter szemetet gy\u0171jt\u00f6ttek a Pilisben\",\"isPartOf\":{\"@id\":\"https:\\\/\\\/dorogimedence.hu\\\/#website\"},\"primaryImageOfPage\":{\"@id\":\"https:\\\/\\\/dorogimedence.hu\\\/index.php\\\/2026\\\/05\\\/02\\\/tobb-kobmeter-szemetet-gyujtottek-a-pilisben\\\/#primaryimage\"},\"image\":{\"@id\":\"https:\\\/\\\/dorogimedence.hu\\\/index.php\\\/2026\\\/05\\\/02\\\/tobb-kobmeter-szemetet-gyujtottek-a-pilisben\\\/#primaryimage\"},\"thumbnailUrl\":\"https:\\\/\\\/dorogimedence.hu\\\/wp-content\\\/uploads\\\/2026\\\/05\\\/687878607_1274658611499844_2694520192222763764_n.jpg\",\"datePublished\":\"2026-05-02T10:19:13+00:00\",\"breadcrumb\":{\"@id\":\"https:\\\/\\\/dorogimedence.hu\\\/index.php\\\/2026\\\/05\\\/02\\\/tobb-kobmeter-szemetet-gyujtottek-a-pilisben\\\/#breadcrumb\"},\"inLanguage\":\"hu\",\"potentialAction\":[{\"@type\":\"ReadAction\",\"target\":[\"https:\\\/\\\/dorogimedence.hu\\\/index.php\\\/2026\\\/05\\\/02\\\/tobb-kobmeter-szemetet-gyujtottek-a-pilisben\\\/\"]}]},{\"@type\":\"ImageObject\",\"inLanguage\":\"hu\",\"@id\":\"https:\\\/\\\/dorogimedence.hu\\\/index.php\\\/2026\\\/05\\\/02\\\/tobb-kobmeter-szemetet-gyujtottek-a-pilisben\\\/#primaryimage\",\"url\":\"https:\\\/\\\/dorogimedence.hu\\\/wp-content\\\/uploads\\\/2026\\\/05\\\/687878607_1274658611499844_2694520192222763764_n.jpg\",\"contentUrl\":\"https:\\\/\\\/dorogimedence.hu\\\/wp-content\\\/uploads\\\/2026\\\/05\\\/687878607_1274658611499844_2694520192222763764_n.jpg\",\"width\":2048,\"height\":1363},{\"@type\":\"BreadcrumbList\",\"@id\":\"https:\\\/\\\/dorogimedence.hu\\\/index.php\\\/2026\\\/05\\\/02\\\/tobb-kobmeter-szemetet-gyujtottek-a-pilisben\\\/#breadcrumb\",\"itemListElement\":[{\"@type\":\"ListItem\",\"position\":1,\"name\":\"Kezd\u0151lap\",\"item\":\"https:\\\/\\\/dorogimedence.hu\\\/\"},{\"@type\":\"ListItem\",\"position\":2,\"name\":\"T\u00f6bb k\u00f6bm\u00e9ter szemetet gy\u0171jt\u00f6ttek a Pilisben\"}]},{\"@type\":\"WebSite\",\"@id\":\"https:\\\/\\\/dorogimedence.hu\\\/#website\",\"url\":\"https:\\\/\\\/dorogimedence.hu\\\/\",\"name\":\"Dorogi-medence Region\u00e1lis H\u00edrport\u00e1l\",\"description\":\"Dorog, Keszt\u00f6lc, Le\u00e1nyv\u00e1r, Piliscs\u00e9v, Tokod, Tokodalt\u00e1r\u00f3, Csolnok, Esztergom-kertv\u00e1ros: h\u00edrek, programok\",\"publisher\":{\"@id\":\"https:\\\/\\\/dorogimedence.hu\\\/#organization\"},\"potentialAction\":[{\"@type\":\"SearchAction\",\"target\":{\"@type\":\"EntryPoint\",\"urlTemplate\":\"https:\\\/\\\/dorogimedence.hu\\\/?s={search_term_string}\"},\"query-input\":{\"@type\":\"PropertyValueSpecification\",\"valueRequired\":true,\"valueName\":\"search_term_string\"}}],\"inLanguage\":\"hu\"},{\"@type\":\"Organization\",\"@id\":\"https:\\\/\\\/dorogimedence.hu\\\/#organization\",\"name\":\"Dorogi-medence Region\u00e1lis H\u00edrport\u00e1l\",\"url\":\"https:\\\/\\\/dorogimedence.hu\\\/\",\"logo\":{\"@type\":\"ImageObject\",\"inLanguage\":\"hu\",\"@id\":\"https:\\\/\\\/dorogimedence.hu\\\/#\\\/schema\\\/logo\\\/image\\\/\",\"url\":\"https:\\\/\\\/dorogimedence.hu\\\/wp-content\\\/uploads\\\/2021\\\/04\\\/logo-feher-600.png\",\"contentUrl\":\"https:\\\/\\\/dorogimedence.hu\\\/wp-content\\\/uploads\\\/2021\\\/04\\\/logo-feher-600.png\",\"width\":600,\"height\":100,\"caption\":\"Dorogi-medence Region\u00e1lis H\u00edrport\u00e1l\"},\"image\":{\"@id\":\"https:\\\/\\\/dorogimedence.hu\\\/#\\\/schema\\\/logo\\\/image\\\/\"},\"sameAs\":[\"https:\\\/\\\/www.facebook.com\\\/dorogimedence\\\/\"]},{\"@type\":\"Person\",\"@id\":\"https:\\\/\\\/dorogimedence.hu\\\/#\\\/schema\\\/person\\\/ce6091eeb7e95ecdc87890d6aa8e0fd4\",\"name\":\"dorogimedence.hu\",\"image\":{\"@type\":\"ImageObject\",\"inLanguage\":\"hu\",\"@id\":\"\\\/\\\/www.gravatar.com\\\/avatar\\\/d8d45f8901aadff40a4af72c0b826f1d?s=96&#038;r=g&#038;d=mm\",\"url\":\"\\\/\\\/www.gravatar.com\\\/avatar\\\/d8d45f8901aadff40a4af72c0b826f1d?s=96&#038;r=g&#038;d=mm\",\"contentUrl\":\"\\\/\\\/www.gravatar.com\\\/avatar\\\/d8d45f8901aadff40a4af72c0b826f1d?s=96&#038;r=g&#038;d=mm\",\"caption\":\"dorogimedence.hu\"}}]}<\/script>\n<!-- \/ Yoast SEO plugin. -->","yoast_head_json":{"title":"T\u00f6bb k\u00f6bm\u00e9ter szemetet gy\u0171jt\u00f6ttek a Pilisben","robots":{"index":"index","follow":"follow","max-snippet":"max-snippet:-1","max-image-preview":"max-image-preview:large","max-video-preview":"max-video-preview:-1"},"canonical":"https:\/\/dorogimedence.hu\/index.php\/2026\/05\/02\/tobb-kobmeter-szemetet-gyujtottek-a-pilisben\/","og_locale":"hu_HU","og_type":"article","og_title":"T\u00f6bb k\u00f6bm\u00e9ter szemetet gy\u0171jt\u00f6ttek a Pilisben","og_description":"Nem a pihen\u00e9sr\u0151l sz\u00f3lt az idei m\u00e1jus elseje a Pilisben: a Benedek Endre Barlangkutat\u00f3 Egyes\u00fclet (BEBTE) Szem\u00e9tirt\u00f3k csapata ink\u00e1bb a term\u00e9szet meg\u00f3v\u00e1s\u00e1t v\u00e1lasztotta, \u00e9s jelent\u0151s mennyis\u00e9g\u0171 hullad\u00e9kt\u00f3l tiszt\u00edtotta meg az erd\u0151t. A Bar\u00e1tk\u00fati parkol\u00f3 \u00e9s a K\u00e9tb\u00fckkfa-nyereg k\u00f6z\u00f6tti szakaszon, a Dobog\u00f3k\u0151i \u00fat ment\u00e9n szervezett akci\u00f3ban k\u00f6zel 30 f\u0151 vett r\u00e9szt. A csapat \u00f6sszesen 7 helysz\u00ednen","og_url":"https:\/\/dorogimedence.hu\/index.php\/2026\/05\/02\/tobb-kobmeter-szemetet-gyujtottek-a-pilisben\/","og_site_name":"Dorogi-medence Region\u00e1lis H\u00edrport\u00e1l","article_publisher":"https:\/\/www.facebook.com\/dorogimedence\/","article_published_time":"2026-05-02T10:19:13+00:00","og_image":[{"width":2048,"height":1363,"url":"https:\/\/dorogimedence.hu\/wp-content\/uploads\/2026\/05\/687878607_1274658611499844_2694520192222763764_n.jpg","type":"image\/jpeg"}],"author":"dorogimedence.hu","twitter_card":"summary_large_image","twitter_misc":{"Szerz\u0151:":"dorogimedence.hu","Becs\u00fclt olvas\u00e1si id\u0151":"2 perc"},"schema":{"@context":"https:\/\/schema.org","@graph":[{"@type":"Article","@id":"https:\/\/dorogimedence.hu\/index.php\/2026\/05\/02\/tobb-kobmeter-szemetet-gyujtottek-a-pilisben\/#article","isPartOf":{"@id":"https:\/\/dorogimedence.hu\/index.php\/2026\/05\/02\/tobb-kobmeter-szemetet-gyujtottek-a-pilisben\/"},"author":{"name":"dorogimedence.hu","@id":"https:\/\/dorogimedence.hu\/#\/schema\/person\/ce6091eeb7e95ecdc87890d6aa8e0fd4"},"headline":"T\u00f6bb k\u00f6bm\u00e9ter szemetet gy\u0171jt\u00f6ttek a Pilisben","datePublished":"2026-05-02T10:19:13+00:00","mainEntityOfPage":{"@id":"https:\/\/dorogimedence.hu\/index.php\/2026\/05\/02\/tobb-kobmeter-szemetet-gyujtottek-a-pilisben\/"},"wordCount":414,"publisher":{"@id":"https:\/\/dorogimedence.hu\/#organization"},"image":{"@id":"https:\/\/dorogimedence.hu\/index.php\/2026\/05\/02\/tobb-kobmeter-szemetet-gyujtottek-a-pilisben\/#primaryimage"},"thumbnailUrl":"https:\/\/dorogimedence.hu\/wp-content\/uploads\/2026\/05\/687878607_1274658611499844_2694520192222763764_n.jpg","keywords":["BEBTE","esztergom","featured","Pilis","Szem\u00e9t\u00edrt\u00f3k","szem\u00e9tszed\u00e9s"],"articleSection":["Esztergom","H\u00edrek"],"inLanguage":"hu"},{"@type":"WebPage","@id":"https:\/\/dorogimedence.hu\/index.php\/2026\/05\/02\/tobb-kobmeter-szemetet-gyujtottek-a-pilisben\/","url":"https:\/\/dorogimedence.hu\/index.php\/2026\/05\/02\/tobb-kobmeter-szemetet-gyujtottek-a-pilisben\/","name":"T\u00f6bb k\u00f6bm\u00e9ter szemetet gy\u0171jt\u00f6ttek a Pilisben","isPartOf":{"@id":"https:\/\/dorogimedence.hu\/#website"},"primaryImageOfPage":{"@id":"https:\/\/dorogimedence.hu\/index.php\/2026\/05\/02\/tobb-kobmeter-szemetet-gyujtottek-a-pilisben\/#primaryimage"},"image":{"@id":"https:\/\/dorogimedence.hu\/index.php\/2026\/05\/02\/tobb-kobmeter-szemetet-gyujtottek-a-pilisben\/#primaryimage"},"thumbnailUrl":"https:\/\/dorogimedence.hu\/wp-content\/uploads\/2026\/05\/687878607_1274658611499844_2694520192222763764_n.jpg","datePublished":"2026-05-02T10:19:13+00:00","breadcrumb":{"@id":"https:\/\/dorogimedence.hu\/index.php\/2026\/05\/02\/tobb-kobmeter-szemetet-gyujtottek-a-pilisben\/#breadcrumb"},"inLanguage":"hu","potentialAction":[{"@type":"ReadAction","target":["https:\/\/dorogimedence.hu\/index.php\/2026\/05\/02\/tobb-kobmeter-szemetet-gyujtottek-a-pilisben\/"]}]},{"@type":"ImageObject","inLanguage":"hu","@id":"https:\/\/dorogimedence.hu\/index.php\/2026\/05\/02\/tobb-kobmeter-szemetet-gyujtottek-a-pilisben\/#primaryimage","url":"https:\/\/dorogimedence.hu\/wp-content\/uploads\/2026\/05\/687878607_1274658611499844_2694520192222763764_n.jpg","contentUrl":"https:\/\/dorogimedence.hu\/wp-content\/uploads\/2026\/05\/687878607_1274658611499844_2694520192222763764_n.jpg","width":2048,"height":1363},{"@type":"BreadcrumbList","@id":"https:\/\/dorogimedence.hu\/index.php\/2026\/05\/02\/tobb-kobmeter-szemetet-gyujtottek-a-pilisben\/#breadcrumb","itemListElement":[{"@type":"ListItem","position":1,"name":"Kezd\u0151lap","item":"https:\/\/dorogimedence.hu\/"},{"@type":"ListItem","position":2,"name":"T\u00f6bb k\u00f6bm\u00e9ter szemetet gy\u0171jt\u00f6ttek a Pilisben"}]},{"@type":"WebSite","@id":"https:\/\/dorogimedence.hu\/#website","url":"https:\/\/dorogimedence.hu\/","name":"Dorogi-medence Region\u00e1lis H\u00edrport\u00e1l","description":"Dorog, Keszt\u00f6lc, Le\u00e1nyv\u00e1r, Piliscs\u00e9v, Tokod, Tokodalt\u00e1r\u00f3, Csolnok, Esztergom-kertv\u00e1ros: h\u00edrek, programok","publisher":{"@id":"https:\/\/dorogimedence.hu\/#organization"},"potentialAction":[{"@type":"SearchAction","target":{"@type":"EntryPoint","urlTemplate":"https:\/\/dorogimedence.hu\/?s={search_term_string}"},"query-input":{"@type":"PropertyValueSpecification","valueRequired":true,"valueName":"search_term_string"}}],"inLanguage":"hu"},{"@type":"Organization","@id":"https:\/\/dorogimedence.hu\/#organization","name":"Dorogi-medence Region\u00e1lis H\u00edrport\u00e1l","url":"https:\/\/dorogimedence.hu\/","logo":{"@type":"ImageObject","inLanguage":"hu","@id":"https:\/\/dorogimedence.hu\/#\/schema\/logo\/image\/","url":"https:\/\/dorogimedence.hu\/wp-content\/uploads\/2021\/04\/logo-feher-600.png","contentUrl":"https:\/\/dorogimedence.hu\/wp-content\/uploads\/2021\/04\/logo-feher-600.png","width":600,"height":100,"caption":"Dorogi-medence Region\u00e1lis H\u00edrport\u00e1l"},"image":{"@id":"https:\/\/dorogimedence.hu\/#\/schema\/logo\/image\/"},"sameAs":["https:\/\/www.facebook.com\/dorogimedence\/"]},{"@type":"Person","@id":"https:\/\/dorogimedence.hu\/#\/schema\/person\/ce6091eeb7e95ecdc87890d6aa8e0fd4","name":"dorogimedence.hu","image":{"@type":"ImageObject","inLanguage":"hu","@id":"\/\/www.gravatar.com\/avatar\/d8d45f8901aadff40a4af72c0b826f1d?s=96&#038;r=g&#038;d=mm","url":"\/\/www.gravatar.com\/avatar\/d8d45f8901aadff40a4af72c0b826f1d?s=96&#038;r=g&#038;d=mm","contentUrl":"\/\/www.gravatar.com\/avatar\/d8d45f8901aadff40a4af72c0b826f1d?s=96&#038;r=g&#038;d=mm","caption":"dorogimedence.hu"}}]}},"_links":{"self":[{"href":"https:\/\/dorogimedence.hu\/index.php\/wp-json\/wp\/v2\/posts\/79891","targetHints":{"allow":["GET"]}}],"collection":[{"href":"https:\/\/dorogimedence.hu\/index.php\/wp-json\/wp\/v2\/posts"}],"about":[{"href":"https:\/\/dorogimedence.hu\/index.php\/wp-json\/wp\/v2\/types\/post"}],"author":[{"embeddable":true,"href":"https:\/\/dorogimedence.hu\/index.php\/wp-json\/wp\/v2\/users\/1"}],"replies":[{"embeddable":true,"href":"https:\/\/dorogimedence.hu\/index.php\/wp-json\/wp\/v2\/comments?post=79891"}],"version-history":[{"count":1,"href":"https:\/\/dorogimedence.hu\/index.php\/wp-json\/wp\/v2\/posts\/79891\/revisions"}],"predecessor-version":[{"id":79897,"href":"https:\/\/dorogimedence.hu\/index.php\/wp-json\/wp\/v2\/posts\/79891\/revisions\/79897"}],"wp:featuredmedia":[{"embeddable":true,"href":"https:\/\/dorogimedence.hu\/index.php\/wp-json\/wp\/v2\/media\/79892"}],"wp:attachment":[{"href":"https:\/\/dorogimedence.hu\/index.php\/wp-json\/wp\/v2\/media?parent=79891"}],"wp:term":[{"taxonomy":"category","embeddable":true,"href":"https:\/\/dorogimedence.hu\/index.php\/wp-json\/wp\/v2\/categories?post=79891"},{"taxonomy":"post_tag","embeddable":true,"href":"https:\/\/dorogimedence.hu\/index.php\/wp-json\/wp\/v2\/tags?post=79891"}],"curies":[{"name":"wp","href":"https:\/\/api.w.org\/{rel}","templated":true}]}}