{"id":79880,"date":"2026-05-02T08:14:12","date_gmt":"2026-05-02T06:14:12","guid":{"rendered":"https:\/\/dorogimedence.hu\/?p=79880"},"modified":"2026-05-02T08:14:12","modified_gmt":"2026-05-02T06:14:12","slug":"iden-is-felaron-fagyizhatunk-a-magyar-fagylalt-napjan","status":"publish","type":"post","link":"https:\/\/dorogimedence.hu\/index.php\/2026\/05\/02\/iden-is-felaron-fagyizhatunk-a-magyar-fagylalt-napjan\/","title":{"rendered":"Id\u00e9n is f\u00e9l\u00e1ron fagyizhatunk a Magyar Fagylalt Napj\u00e1n"},"content":{"rendered":"<p><strong>M\u00e1jus 8-\u00e1n ism\u00e9t j\u00f6n a Magyar Fagylalt Napja, amelyhez t\u00e9rs\u00e9g\u00fcnkb\u0151l a t\u00e1ti Cs\u00f6pi Bisztr\u00f3 \u00e9s a csolnoki Simplicity K\u00e1v\u00e9- \u00e9s Fagyilabor is csatlakozott \u2013 \u00edgy helyben is kihaszn\u00e1lhatjuk az akci\u00f3t.<\/strong><\/p>\n<p>Az <a href=\"https:\/\/elmenyszakertelem.hu\/magyar-fagylalt-napja\/\" target=\"_blank\" rel=\"noopener\"><span style=\"text-decoration: underline; color: #0000ff;\">orsz\u00e1gos kezdem\u00e9nyez\u00e9shez<\/span><\/a> id\u00e9n mintegy 300 cukr\u00e1szda \u00e9s fagylaltoz\u00f3 csatlakozott. A r\u00e9sztvev\u0151 helyeken legal\u00e1bb n\u00e9gyf\u00e9le fagylaltot k\u00edn\u00e1lnak f\u00e9l \u00e1ron, helyben fogyaszt\u00e1sra, \u00edgy remek alkalom ny\u00edlik arra, hogy a klasszikus kedvencek mellett \u00faj, k\u00fcl\u00f6nleges \u00edzeket is kipr\u00f3b\u00e1ljunk.<\/p>\n<p>A rendezv\u00e9nyt az \u00c9lm\u00e9ny \u00e9s Szak\u00e9rtelem Magyarorsz\u00e1g Alap\u00edtv\u00e1ny h\u00edvta \u00e9letre azzal a c\u00e9llal, hogy n\u00e9pszer\u0171s\u00edtse a hazai k\u00e9zm\u0171ves fagylaltkult\u00far\u00e1t, \u00e9s t\u00e1mogassa a magyar v\u00e1llalkoz\u00e1sokat. Az esem\u00e9ny \u00e9vr\u0151l \u00e9vre egyre nagyobb \u00e9rdekl\u0151d\u00e9s mellett zajlik, tavalyhoz k\u00e9pest id\u00e9n m\u00e1r csaknem dupl\u00e1j\u00e1ra n\u0151tt a r\u00e9sztvev\u0151k sz\u00e1ma.<\/p>\n<p>Az idei programot az M-GEL Hungary Kft. is t\u00e1mogatja, amely alapanyag-kedvezm\u00e9nyekkel seg\u00edti a csatlakoz\u00f3 fagylaltoz\u00f3kat. A k\u00edn\u00e1latban egyre gyakrabban jelennek meg kreat\u00edv, ak\u00e1r s\u00fctem\u00e9nyek ihlette fagylaltk\u00fcl\u00f6nlegess\u00e9gek is, \u00edgy a megszokott \u00edzek mellett izgalmas \u00fajdons\u00e1gokra is sz\u00e1m\u00edthatunk.<\/p>\n<p>A jelentkez\u00e9si hat\u00e1rid\u0151 m\u00e1jus 2-a, \u00edgy a r\u00e9sztvev\u0151 helyek list\u00e1ja m\u00e9g b\u0151v\u00fclhet, de a m\u00e1r majdnem v\u00e9glegesnek mondhat\u00f3 orsz\u00e1gos lista <a href=\"https:\/\/elmenyszakertelem.hu\/magyar-fagylalt-napja\/\" target=\"_blank\" rel=\"noopener\"><span style=\"text-decoration: underline; color: #0000ff;\">ide kattintva<\/span><\/a> \u00e9rhet\u0151 el. A t\u00e9rs\u00e9gben teh\u00e1t T\u00e1ton \u00e9s Csolnokon is \u00e9rdemes lesz meg\u00e1llni egy gomb\u00f3c fagyira \u2013 m\u00e1jus 8-\u00e1n f\u00e9l \u00e1ron.<\/p>\n<p><em>Bor\u00edt\u00f3k\u00e9p: illusztr\u00e1ci\u00f3 (ChatGPT &#8211; AI)<\/em><\/p>\n","protected":false},"excerpt":{"rendered":"<p>M\u00e1jus 8-\u00e1n ism\u00e9t j\u00f6n a Magyar Fagylalt Napja, amelyhez t\u00e9rs\u00e9g\u00fcnkb\u0151l a t\u00e1ti Cs\u00f6pi Bisztr\u00f3 \u00e9s a csolnoki Simplicity K\u00e1v\u00e9- \u00e9s Fagyilabor is csatlakozott \u2013 \u00edgy helyben is kihaszn\u00e1lhatjuk az akci\u00f3t. Az orsz\u00e1gos kezdem\u00e9nyez\u00e9shez id\u00e9n mintegy 300 cukr\u00e1szda \u00e9s fagylaltoz\u00f3 csatlakozott. A r\u00e9sztvev\u0151 helyeken legal\u00e1bb n\u00e9gyf\u00e9le fagylaltot k\u00edn\u00e1lnak f\u00e9l \u00e1ron, helyben fogyaszt\u00e1sra, \u00edgy remek alkalom ny\u00edlik<\/p>\n","protected":false},"author":1,"featured_media":79881,"comment_status":"closed","ping_status":"closed","sticky":false,"template":"","format":"standard","meta":{"ngg_post_thumbnail":0,"footnotes":""},"categories":[64,3,6948,110],"tags":[66,8862,111],"class_list":{"0":"post-79880","1":"post","2":"type-post","3":"status-publish","4":"format-standard","5":"has-post-thumbnail","7":"category-csolnok","8":"category-hirek","9":"category-szines","10":"category-tat","11":"tag-csolnok","12":"tag-magyar-fagylalt-napja","13":"tag-tat"},"yoast_head":"<!-- This site is optimized with the Yoast SEO plugin v27.5 - https:\/\/yoast.com\/product\/yoast-seo-wordpress\/ -->\n<title>Id\u00e9n is f\u00e9l\u00e1ron fagyizhatunk a Magyar Fagylalt Napj\u00e1n<\/title>\n<meta name=\"robots\" content=\"index, follow, max-snippet:-1, max-image-preview:large, max-video-preview:-1\" \/>\n<link rel=\"canonical\" href=\"https:\/\/dorogimedence.hu\/index.php\/2026\/05\/02\/iden-is-felaron-fagyizhatunk-a-magyar-fagylalt-napjan\/\" class=\"yoast-seo-meta-tag\" \/>\n<meta property=\"og:locale\" content=\"hu_HU\" class=\"yoast-seo-meta-tag\" \/>\n<meta property=\"og:type\" content=\"article\" class=\"yoast-seo-meta-tag\" \/>\n<meta property=\"og:title\" content=\"Id\u00e9n is f\u00e9l\u00e1ron fagyizhatunk a Magyar Fagylalt Napj\u00e1n\" class=\"yoast-seo-meta-tag\" \/>\n<meta property=\"og:description\" content=\"M\u00e1jus 8-\u00e1n ism\u00e9t j\u00f6n a Magyar Fagylalt Napja, amelyhez t\u00e9rs\u00e9g\u00fcnkb\u0151l a t\u00e1ti Cs\u00f6pi Bisztr\u00f3 \u00e9s a csolnoki Simplicity K\u00e1v\u00e9- \u00e9s Fagyilabor is csatlakozott \u2013 \u00edgy helyben is kihaszn\u00e1lhatjuk az akci\u00f3t. Az orsz\u00e1gos kezdem\u00e9nyez\u00e9shez id\u00e9n mintegy 300 cukr\u00e1szda \u00e9s fagylaltoz\u00f3 csatlakozott. A r\u00e9sztvev\u0151 helyeken legal\u00e1bb n\u00e9gyf\u00e9le fagylaltot k\u00edn\u00e1lnak f\u00e9l \u00e1ron, helyben fogyaszt\u00e1sra, \u00edgy remek alkalom ny\u00edlik\" class=\"yoast-seo-meta-tag\" \/>\n<meta property=\"og:url\" content=\"https:\/\/dorogimedence.hu\/index.php\/2026\/05\/02\/iden-is-felaron-fagyizhatunk-a-magyar-fagylalt-napjan\/\" class=\"yoast-seo-meta-tag\" \/>\n<meta property=\"og:site_name\" content=\"Dorogi-medence Region\u00e1lis H\u00edrport\u00e1l\" class=\"yoast-seo-meta-tag\" \/>\n<meta property=\"article:publisher\" content=\"https:\/\/www.facebook.com\/dorogimedence\/\" class=\"yoast-seo-meta-tag\" \/>\n<meta property=\"article:published_time\" content=\"2026-05-02T06:14:12+00:00\" class=\"yoast-seo-meta-tag\" \/>\n<meta property=\"og:image\" content=\"https:\/\/dorogimedence.hu\/wp-content\/uploads\/2026\/05\/ChatGPT-Image-2026.-maj.-2.-08_13_27.png\" class=\"yoast-seo-meta-tag\" \/>\n\t<meta property=\"og:image:width\" content=\"1536\" class=\"yoast-seo-meta-tag\" \/>\n\t<meta property=\"og:image:height\" content=\"1024\" class=\"yoast-seo-meta-tag\" \/>\n\t<meta property=\"og:image:type\" content=\"image\/png\" class=\"yoast-seo-meta-tag\" \/>\n<meta name=\"author\" content=\"dorogimedence.hu\" class=\"yoast-seo-meta-tag\" \/>\n<meta name=\"twitter:card\" content=\"summary_large_image\" class=\"yoast-seo-meta-tag\" \/>\n<meta name=\"twitter:label1\" content=\"Szerz\u0151:\" class=\"yoast-seo-meta-tag\" \/>\n\t<meta name=\"twitter:data1\" content=\"dorogimedence.hu\" class=\"yoast-seo-meta-tag\" \/>\n\t<meta name=\"twitter:label2\" content=\"Becs\u00fclt olvas\u00e1si id\u0151\" class=\"yoast-seo-meta-tag\" \/>\n\t<meta name=\"twitter:data2\" content=\"1 perc\" class=\"yoast-seo-meta-tag\" \/>\n<script type=\"application\/ld+json\" class=\"yoast-schema-graph\">{\"@context\":\"https:\\\/\\\/schema.org\",\"@graph\":[{\"@type\":\"Article\",\"@id\":\"https:\\\/\\\/dorogimedence.hu\\\/index.php\\\/2026\\\/05\\\/02\\\/iden-is-felaron-fagyizhatunk-a-magyar-fagylalt-napjan\\\/#article\",\"isPartOf\":{\"@id\":\"https:\\\/\\\/dorogimedence.hu\\\/index.php\\\/2026\\\/05\\\/02\\\/iden-is-felaron-fagyizhatunk-a-magyar-fagylalt-napjan\\\/\"},\"author\":{\"name\":\"dorogimedence.hu\",\"@id\":\"https:\\\/\\\/dorogimedence.hu\\\/#\\\/schema\\\/person\\\/ce6091eeb7e95ecdc87890d6aa8e0fd4\"},\"headline\":\"Id\u00e9n is f\u00e9l\u00e1ron fagyizhatunk a Magyar Fagylalt Napj\u00e1n\",\"datePublished\":\"2026-05-02T06:14:12+00:00\",\"mainEntityOfPage\":{\"@id\":\"https:\\\/\\\/dorogimedence.hu\\\/index.php\\\/2026\\\/05\\\/02\\\/iden-is-felaron-fagyizhatunk-a-magyar-fagylalt-napjan\\\/\"},\"wordCount\":304,\"publisher\":{\"@id\":\"https:\\\/\\\/dorogimedence.hu\\\/#organization\"},\"image\":{\"@id\":\"https:\\\/\\\/dorogimedence.hu\\\/index.php\\\/2026\\\/05\\\/02\\\/iden-is-felaron-fagyizhatunk-a-magyar-fagylalt-napjan\\\/#primaryimage\"},\"thumbnailUrl\":\"https:\\\/\\\/dorogimedence.hu\\\/wp-content\\\/uploads\\\/2026\\\/05\\\/ChatGPT-Image-2026.-maj.-2.-08_13_27.png\",\"keywords\":[\"Csolnok\",\"Magyar Fagylalt Napja\",\"T\u00e1t\"],\"articleSection\":[\"Csolnok\",\"H\u00edrek\",\"Sz\u00ednes\",\"T\u00e1t\"],\"inLanguage\":\"hu\"},{\"@type\":\"WebPage\",\"@id\":\"https:\\\/\\\/dorogimedence.hu\\\/index.php\\\/2026\\\/05\\\/02\\\/iden-is-felaron-fagyizhatunk-a-magyar-fagylalt-napjan\\\/\",\"url\":\"https:\\\/\\\/dorogimedence.hu\\\/index.php\\\/2026\\\/05\\\/02\\\/iden-is-felaron-fagyizhatunk-a-magyar-fagylalt-napjan\\\/\",\"name\":\"Id\u00e9n is f\u00e9l\u00e1ron fagyizhatunk a Magyar Fagylalt Napj\u00e1n\",\"isPartOf\":{\"@id\":\"https:\\\/\\\/dorogimedence.hu\\\/#website\"},\"primaryImageOfPage\":{\"@id\":\"https:\\\/\\\/dorogimedence.hu\\\/index.php\\\/2026\\\/05\\\/02\\\/iden-is-felaron-fagyizhatunk-a-magyar-fagylalt-napjan\\\/#primaryimage\"},\"image\":{\"@id\":\"https:\\\/\\\/dorogimedence.hu\\\/index.php\\\/2026\\\/05\\\/02\\\/iden-is-felaron-fagyizhatunk-a-magyar-fagylalt-napjan\\\/#primaryimage\"},\"thumbnailUrl\":\"https:\\\/\\\/dorogimedence.hu\\\/wp-content\\\/uploads\\\/2026\\\/05\\\/ChatGPT-Image-2026.-maj.-2.-08_13_27.png\",\"datePublished\":\"2026-05-02T06:14:12+00:00\",\"breadcrumb\":{\"@id\":\"https:\\\/\\\/dorogimedence.hu\\\/index.php\\\/2026\\\/05\\\/02\\\/iden-is-felaron-fagyizhatunk-a-magyar-fagylalt-napjan\\\/#breadcrumb\"},\"inLanguage\":\"hu\",\"potentialAction\":[{\"@type\":\"ReadAction\",\"target\":[\"https:\\\/\\\/dorogimedence.hu\\\/index.php\\\/2026\\\/05\\\/02\\\/iden-is-felaron-fagyizhatunk-a-magyar-fagylalt-napjan\\\/\"]}]},{\"@type\":\"ImageObject\",\"inLanguage\":\"hu\",\"@id\":\"https:\\\/\\\/dorogimedence.hu\\\/index.php\\\/2026\\\/05\\\/02\\\/iden-is-felaron-fagyizhatunk-a-magyar-fagylalt-napjan\\\/#primaryimage\",\"url\":\"https:\\\/\\\/dorogimedence.hu\\\/wp-content\\\/uploads\\\/2026\\\/05\\\/ChatGPT-Image-2026.-maj.-2.-08_13_27.png\",\"contentUrl\":\"https:\\\/\\\/dorogimedence.hu\\\/wp-content\\\/uploads\\\/2026\\\/05\\\/ChatGPT-Image-2026.-maj.-2.-08_13_27.png\",\"width\":1536,\"height\":1024},{\"@type\":\"BreadcrumbList\",\"@id\":\"https:\\\/\\\/dorogimedence.hu\\\/index.php\\\/2026\\\/05\\\/02\\\/iden-is-felaron-fagyizhatunk-a-magyar-fagylalt-napjan\\\/#breadcrumb\",\"itemListElement\":[{\"@type\":\"ListItem\",\"position\":1,\"name\":\"Kezd\u0151lap\",\"item\":\"https:\\\/\\\/dorogimedence.hu\\\/\"},{\"@type\":\"ListItem\",\"position\":2,\"name\":\"Id\u00e9n is f\u00e9l\u00e1ron fagyizhatunk a Magyar Fagylalt Napj\u00e1n\"}]},{\"@type\":\"WebSite\",\"@id\":\"https:\\\/\\\/dorogimedence.hu\\\/#website\",\"url\":\"https:\\\/\\\/dorogimedence.hu\\\/\",\"name\":\"Dorogi-medence Region\u00e1lis H\u00edrport\u00e1l\",\"description\":\"Dorog, Keszt\u00f6lc, Le\u00e1nyv\u00e1r, Piliscs\u00e9v, Tokod, Tokodalt\u00e1r\u00f3, Csolnok, Esztergom-kertv\u00e1ros: h\u00edrek, programok\",\"publisher\":{\"@id\":\"https:\\\/\\\/dorogimedence.hu\\\/#organization\"},\"potentialAction\":[{\"@type\":\"SearchAction\",\"target\":{\"@type\":\"EntryPoint\",\"urlTemplate\":\"https:\\\/\\\/dorogimedence.hu\\\/?s={search_term_string}\"},\"query-input\":{\"@type\":\"PropertyValueSpecification\",\"valueRequired\":true,\"valueName\":\"search_term_string\"}}],\"inLanguage\":\"hu\"},{\"@type\":\"Organization\",\"@id\":\"https:\\\/\\\/dorogimedence.hu\\\/#organization\",\"name\":\"Dorogi-medence Region\u00e1lis H\u00edrport\u00e1l\",\"url\":\"https:\\\/\\\/dorogimedence.hu\\\/\",\"logo\":{\"@type\":\"ImageObject\",\"inLanguage\":\"hu\",\"@id\":\"https:\\\/\\\/dorogimedence.hu\\\/#\\\/schema\\\/logo\\\/image\\\/\",\"url\":\"https:\\\/\\\/dorogimedence.hu\\\/wp-content\\\/uploads\\\/2021\\\/04\\\/logo-feher-600.png\",\"contentUrl\":\"https:\\\/\\\/dorogimedence.hu\\\/wp-content\\\/uploads\\\/2021\\\/04\\\/logo-feher-600.png\",\"width\":600,\"height\":100,\"caption\":\"Dorogi-medence Region\u00e1lis H\u00edrport\u00e1l\"},\"image\":{\"@id\":\"https:\\\/\\\/dorogimedence.hu\\\/#\\\/schema\\\/logo\\\/image\\\/\"},\"sameAs\":[\"https:\\\/\\\/www.facebook.com\\\/dorogimedence\\\/\"]},{\"@type\":\"Person\",\"@id\":\"https:\\\/\\\/dorogimedence.hu\\\/#\\\/schema\\\/person\\\/ce6091eeb7e95ecdc87890d6aa8e0fd4\",\"name\":\"dorogimedence.hu\",\"image\":{\"@type\":\"ImageObject\",\"inLanguage\":\"hu\",\"@id\":\"\\\/\\\/www.gravatar.com\\\/avatar\\\/d8d45f8901aadff40a4af72c0b826f1d?s=96&#038;r=g&#038;d=mm\",\"url\":\"\\\/\\\/www.gravatar.com\\\/avatar\\\/d8d45f8901aadff40a4af72c0b826f1d?s=96&#038;r=g&#038;d=mm\",\"contentUrl\":\"\\\/\\\/www.gravatar.com\\\/avatar\\\/d8d45f8901aadff40a4af72c0b826f1d?s=96&#038;r=g&#038;d=mm\",\"caption\":\"dorogimedence.hu\"}}]}<\/script>\n<!-- \/ Yoast SEO plugin. -->","yoast_head_json":{"title":"Id\u00e9n is f\u00e9l\u00e1ron fagyizhatunk a Magyar Fagylalt Napj\u00e1n","robots":{"index":"index","follow":"follow","max-snippet":"max-snippet:-1","max-image-preview":"max-image-preview:large","max-video-preview":"max-video-preview:-1"},"canonical":"https:\/\/dorogimedence.hu\/index.php\/2026\/05\/02\/iden-is-felaron-fagyizhatunk-a-magyar-fagylalt-napjan\/","og_locale":"hu_HU","og_type":"article","og_title":"Id\u00e9n is f\u00e9l\u00e1ron fagyizhatunk a Magyar Fagylalt Napj\u00e1n","og_description":"M\u00e1jus 8-\u00e1n ism\u00e9t j\u00f6n a Magyar Fagylalt Napja, amelyhez t\u00e9rs\u00e9g\u00fcnkb\u0151l a t\u00e1ti Cs\u00f6pi Bisztr\u00f3 \u00e9s a csolnoki Simplicity K\u00e1v\u00e9- \u00e9s Fagyilabor is csatlakozott \u2013 \u00edgy helyben is kihaszn\u00e1lhatjuk az akci\u00f3t. Az orsz\u00e1gos kezdem\u00e9nyez\u00e9shez id\u00e9n mintegy 300 cukr\u00e1szda \u00e9s fagylaltoz\u00f3 csatlakozott. A r\u00e9sztvev\u0151 helyeken legal\u00e1bb n\u00e9gyf\u00e9le fagylaltot k\u00edn\u00e1lnak f\u00e9l \u00e1ron, helyben fogyaszt\u00e1sra, \u00edgy remek alkalom ny\u00edlik","og_url":"https:\/\/dorogimedence.hu\/index.php\/2026\/05\/02\/iden-is-felaron-fagyizhatunk-a-magyar-fagylalt-napjan\/","og_site_name":"Dorogi-medence Region\u00e1lis H\u00edrport\u00e1l","article_publisher":"https:\/\/www.facebook.com\/dorogimedence\/","article_published_time":"2026-05-02T06:14:12+00:00","og_image":[{"width":1536,"height":1024,"url":"https:\/\/dorogimedence.hu\/wp-content\/uploads\/2026\/05\/ChatGPT-Image-2026.-maj.-2.-08_13_27.png","type":"image\/png"}],"author":"dorogimedence.hu","twitter_card":"summary_large_image","twitter_misc":{"Szerz\u0151:":"dorogimedence.hu","Becs\u00fclt olvas\u00e1si id\u0151":"1 perc"},"schema":{"@context":"https:\/\/schema.org","@graph":[{"@type":"Article","@id":"https:\/\/dorogimedence.hu\/index.php\/2026\/05\/02\/iden-is-felaron-fagyizhatunk-a-magyar-fagylalt-napjan\/#article","isPartOf":{"@id":"https:\/\/dorogimedence.hu\/index.php\/2026\/05\/02\/iden-is-felaron-fagyizhatunk-a-magyar-fagylalt-napjan\/"},"author":{"name":"dorogimedence.hu","@id":"https:\/\/dorogimedence.hu\/#\/schema\/person\/ce6091eeb7e95ecdc87890d6aa8e0fd4"},"headline":"Id\u00e9n is f\u00e9l\u00e1ron fagyizhatunk a Magyar Fagylalt Napj\u00e1n","datePublished":"2026-05-02T06:14:12+00:00","mainEntityOfPage":{"@id":"https:\/\/dorogimedence.hu\/index.php\/2026\/05\/02\/iden-is-felaron-fagyizhatunk-a-magyar-fagylalt-napjan\/"},"wordCount":304,"publisher":{"@id":"https:\/\/dorogimedence.hu\/#organization"},"image":{"@id":"https:\/\/dorogimedence.hu\/index.php\/2026\/05\/02\/iden-is-felaron-fagyizhatunk-a-magyar-fagylalt-napjan\/#primaryimage"},"thumbnailUrl":"https:\/\/dorogimedence.hu\/wp-content\/uploads\/2026\/05\/ChatGPT-Image-2026.-maj.-2.-08_13_27.png","keywords":["Csolnok","Magyar Fagylalt Napja","T\u00e1t"],"articleSection":["Csolnok","H\u00edrek","Sz\u00ednes","T\u00e1t"],"inLanguage":"hu"},{"@type":"WebPage","@id":"https:\/\/dorogimedence.hu\/index.php\/2026\/05\/02\/iden-is-felaron-fagyizhatunk-a-magyar-fagylalt-napjan\/","url":"https:\/\/dorogimedence.hu\/index.php\/2026\/05\/02\/iden-is-felaron-fagyizhatunk-a-magyar-fagylalt-napjan\/","name":"Id\u00e9n is f\u00e9l\u00e1ron fagyizhatunk a Magyar Fagylalt Napj\u00e1n","isPartOf":{"@id":"https:\/\/dorogimedence.hu\/#website"},"primaryImageOfPage":{"@id":"https:\/\/dorogimedence.hu\/index.php\/2026\/05\/02\/iden-is-felaron-fagyizhatunk-a-magyar-fagylalt-napjan\/#primaryimage"},"image":{"@id":"https:\/\/dorogimedence.hu\/index.php\/2026\/05\/02\/iden-is-felaron-fagyizhatunk-a-magyar-fagylalt-napjan\/#primaryimage"},"thumbnailUrl":"https:\/\/dorogimedence.hu\/wp-content\/uploads\/2026\/05\/ChatGPT-Image-2026.-maj.-2.-08_13_27.png","datePublished":"2026-05-02T06:14:12+00:00","breadcrumb":{"@id":"https:\/\/dorogimedence.hu\/index.php\/2026\/05\/02\/iden-is-felaron-fagyizhatunk-a-magyar-fagylalt-napjan\/#breadcrumb"},"inLanguage":"hu","potentialAction":[{"@type":"ReadAction","target":["https:\/\/dorogimedence.hu\/index.php\/2026\/05\/02\/iden-is-felaron-fagyizhatunk-a-magyar-fagylalt-napjan\/"]}]},{"@type":"ImageObject","inLanguage":"hu","@id":"https:\/\/dorogimedence.hu\/index.php\/2026\/05\/02\/iden-is-felaron-fagyizhatunk-a-magyar-fagylalt-napjan\/#primaryimage","url":"https:\/\/dorogimedence.hu\/wp-content\/uploads\/2026\/05\/ChatGPT-Image-2026.-maj.-2.-08_13_27.png","contentUrl":"https:\/\/dorogimedence.hu\/wp-content\/uploads\/2026\/05\/ChatGPT-Image-2026.-maj.-2.-08_13_27.png","width":1536,"height":1024},{"@type":"BreadcrumbList","@id":"https:\/\/dorogimedence.hu\/index.php\/2026\/05\/02\/iden-is-felaron-fagyizhatunk-a-magyar-fagylalt-napjan\/#breadcrumb","itemListElement":[{"@type":"ListItem","position":1,"name":"Kezd\u0151lap","item":"https:\/\/dorogimedence.hu\/"},{"@type":"ListItem","position":2,"name":"Id\u00e9n is f\u00e9l\u00e1ron fagyizhatunk a Magyar Fagylalt Napj\u00e1n"}]},{"@type":"WebSite","@id":"https:\/\/dorogimedence.hu\/#website","url":"https:\/\/dorogimedence.hu\/","name":"Dorogi-medence Region\u00e1lis H\u00edrport\u00e1l","description":"Dorog, Keszt\u00f6lc, Le\u00e1nyv\u00e1r, Piliscs\u00e9v, Tokod, Tokodalt\u00e1r\u00f3, Csolnok, Esztergom-kertv\u00e1ros: h\u00edrek, programok","publisher":{"@id":"https:\/\/dorogimedence.hu\/#organization"},"potentialAction":[{"@type":"SearchAction","target":{"@type":"EntryPoint","urlTemplate":"https:\/\/dorogimedence.hu\/?s={search_term_string}"},"query-input":{"@type":"PropertyValueSpecification","valueRequired":true,"valueName":"search_term_string"}}],"inLanguage":"hu"},{"@type":"Organization","@id":"https:\/\/dorogimedence.hu\/#organization","name":"Dorogi-medence Region\u00e1lis H\u00edrport\u00e1l","url":"https:\/\/dorogimedence.hu\/","logo":{"@type":"ImageObject","inLanguage":"hu","@id":"https:\/\/dorogimedence.hu\/#\/schema\/logo\/image\/","url":"https:\/\/dorogimedence.hu\/wp-content\/uploads\/2021\/04\/logo-feher-600.png","contentUrl":"https:\/\/dorogimedence.hu\/wp-content\/uploads\/2021\/04\/logo-feher-600.png","width":600,"height":100,"caption":"Dorogi-medence Region\u00e1lis H\u00edrport\u00e1l"},"image":{"@id":"https:\/\/dorogimedence.hu\/#\/schema\/logo\/image\/"},"sameAs":["https:\/\/www.facebook.com\/dorogimedence\/"]},{"@type":"Person","@id":"https:\/\/dorogimedence.hu\/#\/schema\/person\/ce6091eeb7e95ecdc87890d6aa8e0fd4","name":"dorogimedence.hu","image":{"@type":"ImageObject","inLanguage":"hu","@id":"\/\/www.gravatar.com\/avatar\/d8d45f8901aadff40a4af72c0b826f1d?s=96&#038;r=g&#038;d=mm","url":"\/\/www.gravatar.com\/avatar\/d8d45f8901aadff40a4af72c0b826f1d?s=96&#038;r=g&#038;d=mm","contentUrl":"\/\/www.gravatar.com\/avatar\/d8d45f8901aadff40a4af72c0b826f1d?s=96&#038;r=g&#038;d=mm","caption":"dorogimedence.hu"}}]}},"_links":{"self":[{"href":"https:\/\/dorogimedence.hu\/index.php\/wp-json\/wp\/v2\/posts\/79880","targetHints":{"allow":["GET"]}}],"collection":[{"href":"https:\/\/dorogimedence.hu\/index.php\/wp-json\/wp\/v2\/posts"}],"about":[{"href":"https:\/\/dorogimedence.hu\/index.php\/wp-json\/wp\/v2\/types\/post"}],"author":[{"embeddable":true,"href":"https:\/\/dorogimedence.hu\/index.php\/wp-json\/wp\/v2\/users\/1"}],"replies":[{"embeddable":true,"href":"https:\/\/dorogimedence.hu\/index.php\/wp-json\/wp\/v2\/comments?post=79880"}],"version-history":[{"count":1,"href":"https:\/\/dorogimedence.hu\/index.php\/wp-json\/wp\/v2\/posts\/79880\/revisions"}],"predecessor-version":[{"id":79882,"href":"https:\/\/dorogimedence.hu\/index.php\/wp-json\/wp\/v2\/posts\/79880\/revisions\/79882"}],"wp:featuredmedia":[{"embeddable":true,"href":"https:\/\/dorogimedence.hu\/index.php\/wp-json\/wp\/v2\/media\/79881"}],"wp:attachment":[{"href":"https:\/\/dorogimedence.hu\/index.php\/wp-json\/wp\/v2\/media?parent=79880"}],"wp:term":[{"taxonomy":"category","embeddable":true,"href":"https:\/\/dorogimedence.hu\/index.php\/wp-json\/wp\/v2\/categories?post=79880"},{"taxonomy":"post_tag","embeddable":true,"href":"https:\/\/dorogimedence.hu\/index.php\/wp-json\/wp\/v2\/tags?post=79880"}],"curies":[{"name":"wp","href":"https:\/\/api.w.org\/{rel}","templated":true}]}}