{"id":79875,"date":"2026-05-01T07:59:46","date_gmt":"2026-05-01T05:59:46","guid":{"rendered":"https:\/\/dorogimedence.hu\/?p=79875"},"modified":"2026-05-01T07:59:46","modified_gmt":"2026-05-01T05:59:46","slug":"ma-kezdodnek-az-esztergom-napok-harom-nap-tobb-tucat-program","status":"publish","type":"post","link":"https:\/\/dorogimedence.hu\/index.php\/2026\/05\/01\/ma-kezdodnek-az-esztergom-napok-harom-nap-tobb-tucat-program\/","title":{"rendered":"Ma kezd\u0151dnek az Esztergom Napok: h\u00e1rom nap, t\u00f6bb tucat program"},"content":{"rendered":"<p><strong>M\u00e1jus 1. \u00e9s 3. k\u00f6z\u00f6tt ism\u00e9t nagyszab\u00e1s\u00fa programsorozat v\u00e1rja az \u00e9rdekl\u0151d\u0151ket Esztergomban: ma kezd\u0151dnek az Esztergom Napok, ahol h\u00e1rom napon \u00e1t koncertek, csal\u00e1di programok \u00e9s k\u00f6z\u00f6ss\u00e9gi \u00e9lm\u00e9nyek v\u00e1ltj\u00e1k egym\u00e1st a v\u00e1ros f\u0151ter\u00e9n. A rendezv\u00e9ny a megyei jog\u00fa v\u00e1rosi rang \u00fcnnep\u00e9hez kapcsol\u00f3dik, \u00e9s id\u00e9n is ingyenesen l\u00e1togathat\u00f3.<\/strong><\/p>\n<p>A Sz\u00e9chenyi t\u00e9r ez\u00fattal is a fesztiv\u00e1l k\u00f6zponti helysz\u00edne, ahol napk\u00f6zben a csal\u00e1dokat megsz\u00f3l\u00edt\u00f3 programok, d\u00e9lut\u00e1n \u00e9s est\u00e9nk\u00e9nt pedig ismert el\u0151ad\u00f3k koncertjei v\u00e1rj\u00e1k a l\u00e1togat\u00f3kat.<\/p>\n<h3>Programok<\/h3>\n<p><strong>M\u00e1jus 1. (p\u00e9ntek)<\/strong><\/p>\n<ul>\n<li>11:00 Kiskal\u00e1sz Zenekar<\/li>\n<li>12:30 Bad\u00e1r Tam\u00e1s b\u0171v\u00e9sz el\u0151ad\u00e1sa<\/li>\n<li>15:00 Kv\u00edz Show<\/li>\n<li>17:30 J\u00f3vil\u00e1gvan<\/li>\n<li>20:00 4S Street<\/li>\n<\/ul>\n<p><strong>M\u00e1jus 2. (szombat)<\/strong><\/p>\n<ul>\n<li>11:00 Bubor\u00e9k Egy\u00fcttes<\/li>\n<li>12:00 Canem kuty\u00e1s bemutat\u00f3<\/li>\n<li>15:00 ISZKIRI Zenekar<\/li>\n<li>17:00 Vision Band<\/li>\n<li>18:45 Cimbali Tri\u00f3<\/li>\n<li>20:00 Follow The Flow<\/li>\n<\/ul>\n<p><strong>M\u00e1jus 3. (vas\u00e1rnap)<\/strong><\/p>\n<ul>\n<li>11:00 Sulifeszt<\/li>\n<li>15:00 G\u00f3lyal\u00e1bas \u00e9s lufihajtogat\u00f3s m\u0171sor<\/li>\n<li>17:00 Brandny\u00fal<\/li>\n<li>18:00 Kelet Brass Band<\/li>\n<li>20:00 Kowalsky meg a Vega<\/li>\n<\/ul>\n<p>A sz\u00ednpadi programok mellett mindh\u00e1rom nap tov\u00e1bbi \u00e9lm\u00e9nyek is v\u00e1rj\u00e1k az \u00e9rdekl\u0151d\u0151ket: 10 \u00e9s 18 \u00f3ra k\u00f6z\u00f6tt arcfest\u00e9s, csill\u00e1mtetov\u00e1l\u00e1s, l\u00e9gv\u00e1r, nosztalgia k\u00f6rhinta, VR-\u00e9lm\u00e9ny \u00e9s k\u00e9zm\u0171ves foglalkoz\u00e1sok sz\u00ednes\u00edtik a k\u00edn\u00e1latot.<\/p>\n<p><img fetchpriority=\"high\" decoding=\"async\" class=\"alignnone size-full wp-image-79878\" src=\"https:\/\/dorogimedence.hu\/wp-content\/uploads\/2026\/05\/en-01.jpg\" alt=\"\" width=\"1920\" height=\"1280\" srcset=\"https:\/\/dorogimedence.hu\/wp-content\/uploads\/2026\/05\/en-01.jpg 1920w, https:\/\/dorogimedence.hu\/wp-content\/uploads\/2026\/05\/en-01-600x400.jpg 600w, https:\/\/dorogimedence.hu\/wp-content\/uploads\/2026\/05\/en-01-768x512.jpg 768w, https:\/\/dorogimedence.hu\/wp-content\/uploads\/2026\/05\/en-01-1536x1024.jpg 1536w, https:\/\/dorogimedence.hu\/wp-content\/uploads\/2026\/05\/en-01-150x100.jpg 150w, https:\/\/dorogimedence.hu\/wp-content\/uploads\/2026\/05\/en-01-450x300.jpg 450w, https:\/\/dorogimedence.hu\/wp-content\/uploads\/2026\/05\/en-01-1200x800.jpg 1200w, https:\/\/dorogimedence.hu\/wp-content\/uploads\/2026\/05\/en-01-272x182.jpg 272w\" sizes=\"(max-width: 1920px) 100vw, 1920px\" \/><\/p>\n<h3>Gasztron\u00f3mia \u00e9s v\u00e1s\u00e1r a f\u0151t\u00e9ren<\/h3>\n<p>A rendezv\u00e9ny ideje alatt gasztroudvar is m\u0171k\u00f6dik a Sz\u00e9chenyi t\u00e9ren, ahol street food \u00e9telek, \u00e9dess\u00e9gek \u00e9s italok k\u00f6z\u00fcl v\u00e1logathatnak a l\u00e1togat\u00f3k. A vend\u00e9gl\u00e1t\u00f3k k\u00f6z\u00f6tt megtal\u00e1lhat\u00f3 t\u00f6bbek k\u00f6z\u00f6tt a Bar di Strada, a Galagony\u00e1s Habz\u00f3m\u0171hely, a Kedvenc K\u00fcrt\u0151skal\u00e1cs, a Nyakas Borkocsi vagy a Visegr\u00e1di S\u00f6r. A gasztroudvar m\u00e1jus 1. \u00e9s 3. k\u00f6z\u00f6tt naponta 10:00 \u00e9s 23:00 \u00f3ra k\u00f6z\u00f6tt tart nyitva.<\/p>\n<p>A k\u00e9zm\u0171ves v\u00e1s\u00e1r szint\u00e9n a program r\u00e9sze, ahol egyedi, saj\u00e1t k\u00e9sz\u00edt\u00e9s\u0171 term\u00e9keket k\u00edn\u00e1lnak a ki\u00e1ll\u00edt\u00f3k \u2013 \u00e9kszereket, dekor\u00e1ci\u00f3kat, textilterm\u00e9keket \u00e9s h\u00e1zi k\u00e9sz\u00edt\u00e9s\u0171 finoms\u00e1gokat is. A v\u00e1s\u00e1r m\u00e1jus 1. \u00e9s 3. k\u00f6z\u00f6tt naponta 10:00 \u00e9s 18:00 \u00f3ra k\u00f6z\u00f6tt l\u00e1togathat\u00f3.<\/p>\n<h3>Ingyenes programok h\u00e1rom napon \u00e1t<\/h3>\n<p>Az Esztergom Napok minden koroszt\u00e1ly sz\u00e1m\u00e1ra k\u00edn\u00e1l kikapcsol\u00f3d\u00e1si lehet\u0151s\u00e9get, a szervez\u0151k c\u00e9lja pedig id\u00e9n is az, hogy k\u00f6z\u00f6s \u00e9lm\u00e9nny\u00e9 v\u00e1ljon a v\u00e1rosi \u00fcnnep.<\/p>\n<p><strong>Tov\u00e1bbi r\u00e9szletek a Visit Esztergom <a href=\"https:\/\/esztergomnapok.visitesztergom.hu\/\" target=\"_blank\" rel=\"noopener\"><span style=\"text-decoration: underline; color: #0000ff;\">honlapj\u00e1n<\/span><\/a>, valamint <span style=\"color: #0000ff;\"><a style=\"color: #0000ff;\" href=\"https:\/\/www.facebook.com\/iranyesztergom\" target=\"_blank\" rel=\"noopener\"><span style=\"text-decoration: underline;\">Facebook-oldal\u00e1n<\/span><\/a><\/span> tal\u00e1lhat\u00f3k!<\/strong><\/p>\n","protected":false},"excerpt":{"rendered":"<p>M\u00e1jus 1. \u00e9s 3. k\u00f6z\u00f6tt ism\u00e9t nagyszab\u00e1s\u00fa programsorozat v\u00e1rja az \u00e9rdekl\u0151d\u0151ket Esztergomban: ma kezd\u0151dnek az Esztergom Napok, ahol h\u00e1rom napon \u00e1t koncertek, csal\u00e1di programok \u00e9s k\u00f6z\u00f6ss\u00e9gi \u00e9lm\u00e9nyek v\u00e1ltj\u00e1k egym\u00e1st a v\u00e1ros f\u0151ter\u00e9n. A rendezv\u00e9ny a megyei jog\u00fa v\u00e1rosi rang \u00fcnnep\u00e9hez kapcsol\u00f3dik, \u00e9s id\u00e9n is ingyenesen l\u00e1togathat\u00f3. A Sz\u00e9chenyi t\u00e9r ez\u00fattal is a fesztiv\u00e1l k\u00f6zponti helysz\u00edne,<\/p>\n","protected":false},"author":1,"featured_media":79876,"comment_status":"closed","ping_status":"closed","sticky":false,"template":"","format":"standard","meta":{"ngg_post_thumbnail":0,"footnotes":""},"categories":[38,3,3561],"tags":[42,8861,5624,101],"class_list":{"0":"post-79875","1":"post","2":"type-post","3":"status-publish","4":"format-standard","5":"has-post-thumbnail","7":"category-esztergom","8":"category-hirek","9":"category-programok","10":"tag-esztergom","11":"tag-esztergom-napok","12":"tag-featured","13":"tag-program"},"yoast_head":"<!-- This site is optimized with the Yoast SEO plugin v27.5 - https:\/\/yoast.com\/product\/yoast-seo-wordpress\/ -->\n<title>Ma kezd\u0151dnek az Esztergom Napok: h\u00e1rom nap, t\u00f6bb tucat program<\/title>\n<meta name=\"robots\" content=\"index, follow, max-snippet:-1, max-image-preview:large, max-video-preview:-1\" \/>\n<link rel=\"canonical\" href=\"https:\/\/dorogimedence.hu\/index.php\/2026\/05\/01\/ma-kezdodnek-az-esztergom-napok-harom-nap-tobb-tucat-program\/\" class=\"yoast-seo-meta-tag\" \/>\n<meta property=\"og:locale\" content=\"hu_HU\" class=\"yoast-seo-meta-tag\" \/>\n<meta property=\"og:type\" content=\"article\" class=\"yoast-seo-meta-tag\" \/>\n<meta property=\"og:title\" content=\"Ma kezd\u0151dnek az Esztergom Napok: h\u00e1rom nap, t\u00f6bb tucat program\" class=\"yoast-seo-meta-tag\" \/>\n<meta property=\"og:description\" content=\"M\u00e1jus 1. \u00e9s 3. k\u00f6z\u00f6tt ism\u00e9t nagyszab\u00e1s\u00fa programsorozat v\u00e1rja az \u00e9rdekl\u0151d\u0151ket Esztergomban: ma kezd\u0151dnek az Esztergom Napok, ahol h\u00e1rom napon \u00e1t koncertek, csal\u00e1di programok \u00e9s k\u00f6z\u00f6ss\u00e9gi \u00e9lm\u00e9nyek v\u00e1ltj\u00e1k egym\u00e1st a v\u00e1ros f\u0151ter\u00e9n. A rendezv\u00e9ny a megyei jog\u00fa v\u00e1rosi rang \u00fcnnep\u00e9hez kapcsol\u00f3dik, \u00e9s id\u00e9n is ingyenesen l\u00e1togathat\u00f3. A Sz\u00e9chenyi t\u00e9r ez\u00fattal is a fesztiv\u00e1l k\u00f6zponti helysz\u00edne,\" class=\"yoast-seo-meta-tag\" \/>\n<meta property=\"og:url\" content=\"https:\/\/dorogimedence.hu\/index.php\/2026\/05\/01\/ma-kezdodnek-az-esztergom-napok-harom-nap-tobb-tucat-program\/\" class=\"yoast-seo-meta-tag\" \/>\n<meta property=\"og:site_name\" content=\"Dorogi-medence Region\u00e1lis H\u00edrport\u00e1l\" class=\"yoast-seo-meta-tag\" \/>\n<meta property=\"article:publisher\" content=\"https:\/\/www.facebook.com\/dorogimedence\/\" class=\"yoast-seo-meta-tag\" \/>\n<meta property=\"article:published_time\" content=\"2026-05-01T05:59:46+00:00\" class=\"yoast-seo-meta-tag\" \/>\n<meta property=\"og:image\" content=\"https:\/\/dorogimedence.hu\/wp-content\/uploads\/2026\/05\/en-03.jpg\" class=\"yoast-seo-meta-tag\" \/>\n\t<meta property=\"og:image:width\" content=\"1920\" class=\"yoast-seo-meta-tag\" \/>\n\t<meta property=\"og:image:height\" content=\"1438\" class=\"yoast-seo-meta-tag\" \/>\n\t<meta property=\"og:image:type\" content=\"image\/jpeg\" class=\"yoast-seo-meta-tag\" \/>\n<meta name=\"author\" content=\"dorogimedence.hu\" class=\"yoast-seo-meta-tag\" \/>\n<meta name=\"twitter:card\" content=\"summary_large_image\" class=\"yoast-seo-meta-tag\" \/>\n<meta name=\"twitter:label1\" content=\"Szerz\u0151:\" class=\"yoast-seo-meta-tag\" \/>\n\t<meta name=\"twitter:data1\" content=\"dorogimedence.hu\" class=\"yoast-seo-meta-tag\" \/>\n\t<meta name=\"twitter:label2\" content=\"Becs\u00fclt olvas\u00e1si id\u0151\" class=\"yoast-seo-meta-tag\" \/>\n\t<meta name=\"twitter:data2\" content=\"2 perc\" class=\"yoast-seo-meta-tag\" \/>\n<script type=\"application\/ld+json\" class=\"yoast-schema-graph\">{\"@context\":\"https:\\\/\\\/schema.org\",\"@graph\":[{\"@type\":\"Article\",\"@id\":\"https:\\\/\\\/dorogimedence.hu\\\/index.php\\\/2026\\\/05\\\/01\\\/ma-kezdodnek-az-esztergom-napok-harom-nap-tobb-tucat-program\\\/#article\",\"isPartOf\":{\"@id\":\"https:\\\/\\\/dorogimedence.hu\\\/index.php\\\/2026\\\/05\\\/01\\\/ma-kezdodnek-az-esztergom-napok-harom-nap-tobb-tucat-program\\\/\"},\"author\":{\"name\":\"dorogimedence.hu\",\"@id\":\"https:\\\/\\\/dorogimedence.hu\\\/#\\\/schema\\\/person\\\/ce6091eeb7e95ecdc87890d6aa8e0fd4\"},\"headline\":\"Ma kezd\u0151dnek az Esztergom Napok: h\u00e1rom nap, t\u00f6bb tucat program\",\"datePublished\":\"2026-05-01T05:59:46+00:00\",\"mainEntityOfPage\":{\"@id\":\"https:\\\/\\\/dorogimedence.hu\\\/index.php\\\/2026\\\/05\\\/01\\\/ma-kezdodnek-az-esztergom-napok-harom-nap-tobb-tucat-program\\\/\"},\"wordCount\":474,\"publisher\":{\"@id\":\"https:\\\/\\\/dorogimedence.hu\\\/#organization\"},\"image\":{\"@id\":\"https:\\\/\\\/dorogimedence.hu\\\/index.php\\\/2026\\\/05\\\/01\\\/ma-kezdodnek-az-esztergom-napok-harom-nap-tobb-tucat-program\\\/#primaryimage\"},\"thumbnailUrl\":\"https:\\\/\\\/dorogimedence.hu\\\/wp-content\\\/uploads\\\/2026\\\/05\\\/en-03.jpg\",\"keywords\":[\"esztergom\",\"Esztergom Napok\",\"featured\",\"program\"],\"articleSection\":[\"Esztergom\",\"H\u00edrek\",\"Programok\"],\"inLanguage\":\"hu\"},{\"@type\":\"WebPage\",\"@id\":\"https:\\\/\\\/dorogimedence.hu\\\/index.php\\\/2026\\\/05\\\/01\\\/ma-kezdodnek-az-esztergom-napok-harom-nap-tobb-tucat-program\\\/\",\"url\":\"https:\\\/\\\/dorogimedence.hu\\\/index.php\\\/2026\\\/05\\\/01\\\/ma-kezdodnek-az-esztergom-napok-harom-nap-tobb-tucat-program\\\/\",\"name\":\"Ma kezd\u0151dnek az Esztergom Napok: h\u00e1rom nap, t\u00f6bb tucat program\",\"isPartOf\":{\"@id\":\"https:\\\/\\\/dorogimedence.hu\\\/#website\"},\"primaryImageOfPage\":{\"@id\":\"https:\\\/\\\/dorogimedence.hu\\\/index.php\\\/2026\\\/05\\\/01\\\/ma-kezdodnek-az-esztergom-napok-harom-nap-tobb-tucat-program\\\/#primaryimage\"},\"image\":{\"@id\":\"https:\\\/\\\/dorogimedence.hu\\\/index.php\\\/2026\\\/05\\\/01\\\/ma-kezdodnek-az-esztergom-napok-harom-nap-tobb-tucat-program\\\/#primaryimage\"},\"thumbnailUrl\":\"https:\\\/\\\/dorogimedence.hu\\\/wp-content\\\/uploads\\\/2026\\\/05\\\/en-03.jpg\",\"datePublished\":\"2026-05-01T05:59:46+00:00\",\"breadcrumb\":{\"@id\":\"https:\\\/\\\/dorogimedence.hu\\\/index.php\\\/2026\\\/05\\\/01\\\/ma-kezdodnek-az-esztergom-napok-harom-nap-tobb-tucat-program\\\/#breadcrumb\"},\"inLanguage\":\"hu\",\"potentialAction\":[{\"@type\":\"ReadAction\",\"target\":[\"https:\\\/\\\/dorogimedence.hu\\\/index.php\\\/2026\\\/05\\\/01\\\/ma-kezdodnek-az-esztergom-napok-harom-nap-tobb-tucat-program\\\/\"]}]},{\"@type\":\"ImageObject\",\"inLanguage\":\"hu\",\"@id\":\"https:\\\/\\\/dorogimedence.hu\\\/index.php\\\/2026\\\/05\\\/01\\\/ma-kezdodnek-az-esztergom-napok-harom-nap-tobb-tucat-program\\\/#primaryimage\",\"url\":\"https:\\\/\\\/dorogimedence.hu\\\/wp-content\\\/uploads\\\/2026\\\/05\\\/en-03.jpg\",\"contentUrl\":\"https:\\\/\\\/dorogimedence.hu\\\/wp-content\\\/uploads\\\/2026\\\/05\\\/en-03.jpg\",\"width\":1920,\"height\":1438},{\"@type\":\"BreadcrumbList\",\"@id\":\"https:\\\/\\\/dorogimedence.hu\\\/index.php\\\/2026\\\/05\\\/01\\\/ma-kezdodnek-az-esztergom-napok-harom-nap-tobb-tucat-program\\\/#breadcrumb\",\"itemListElement\":[{\"@type\":\"ListItem\",\"position\":1,\"name\":\"Kezd\u0151lap\",\"item\":\"https:\\\/\\\/dorogimedence.hu\\\/\"},{\"@type\":\"ListItem\",\"position\":2,\"name\":\"Ma kezd\u0151dnek az Esztergom Napok: h\u00e1rom nap, t\u00f6bb tucat program\"}]},{\"@type\":\"WebSite\",\"@id\":\"https:\\\/\\\/dorogimedence.hu\\\/#website\",\"url\":\"https:\\\/\\\/dorogimedence.hu\\\/\",\"name\":\"Dorogi-medence Region\u00e1lis H\u00edrport\u00e1l\",\"description\":\"Dorog, Keszt\u00f6lc, Le\u00e1nyv\u00e1r, Piliscs\u00e9v, Tokod, Tokodalt\u00e1r\u00f3, Csolnok, Esztergom-kertv\u00e1ros: h\u00edrek, programok\",\"publisher\":{\"@id\":\"https:\\\/\\\/dorogimedence.hu\\\/#organization\"},\"potentialAction\":[{\"@type\":\"SearchAction\",\"target\":{\"@type\":\"EntryPoint\",\"urlTemplate\":\"https:\\\/\\\/dorogimedence.hu\\\/?s={search_term_string}\"},\"query-input\":{\"@type\":\"PropertyValueSpecification\",\"valueRequired\":true,\"valueName\":\"search_term_string\"}}],\"inLanguage\":\"hu\"},{\"@type\":\"Organization\",\"@id\":\"https:\\\/\\\/dorogimedence.hu\\\/#organization\",\"name\":\"Dorogi-medence Region\u00e1lis H\u00edrport\u00e1l\",\"url\":\"https:\\\/\\\/dorogimedence.hu\\\/\",\"logo\":{\"@type\":\"ImageObject\",\"inLanguage\":\"hu\",\"@id\":\"https:\\\/\\\/dorogimedence.hu\\\/#\\\/schema\\\/logo\\\/image\\\/\",\"url\":\"https:\\\/\\\/dorogimedence.hu\\\/wp-content\\\/uploads\\\/2021\\\/04\\\/logo-feher-600.png\",\"contentUrl\":\"https:\\\/\\\/dorogimedence.hu\\\/wp-content\\\/uploads\\\/2021\\\/04\\\/logo-feher-600.png\",\"width\":600,\"height\":100,\"caption\":\"Dorogi-medence Region\u00e1lis H\u00edrport\u00e1l\"},\"image\":{\"@id\":\"https:\\\/\\\/dorogimedence.hu\\\/#\\\/schema\\\/logo\\\/image\\\/\"},\"sameAs\":[\"https:\\\/\\\/www.facebook.com\\\/dorogimedence\\\/\"]},{\"@type\":\"Person\",\"@id\":\"https:\\\/\\\/dorogimedence.hu\\\/#\\\/schema\\\/person\\\/ce6091eeb7e95ecdc87890d6aa8e0fd4\",\"name\":\"dorogimedence.hu\",\"image\":{\"@type\":\"ImageObject\",\"inLanguage\":\"hu\",\"@id\":\"\\\/\\\/www.gravatar.com\\\/avatar\\\/d8d45f8901aadff40a4af72c0b826f1d?s=96&#038;r=g&#038;d=mm\",\"url\":\"\\\/\\\/www.gravatar.com\\\/avatar\\\/d8d45f8901aadff40a4af72c0b826f1d?s=96&#038;r=g&#038;d=mm\",\"contentUrl\":\"\\\/\\\/www.gravatar.com\\\/avatar\\\/d8d45f8901aadff40a4af72c0b826f1d?s=96&#038;r=g&#038;d=mm\",\"caption\":\"dorogimedence.hu\"}}]}<\/script>\n<!-- \/ Yoast SEO plugin. -->","yoast_head_json":{"title":"Ma kezd\u0151dnek az Esztergom Napok: h\u00e1rom nap, t\u00f6bb tucat program","robots":{"index":"index","follow":"follow","max-snippet":"max-snippet:-1","max-image-preview":"max-image-preview:large","max-video-preview":"max-video-preview:-1"},"canonical":"https:\/\/dorogimedence.hu\/index.php\/2026\/05\/01\/ma-kezdodnek-az-esztergom-napok-harom-nap-tobb-tucat-program\/","og_locale":"hu_HU","og_type":"article","og_title":"Ma kezd\u0151dnek az Esztergom Napok: h\u00e1rom nap, t\u00f6bb tucat program","og_description":"M\u00e1jus 1. \u00e9s 3. k\u00f6z\u00f6tt ism\u00e9t nagyszab\u00e1s\u00fa programsorozat v\u00e1rja az \u00e9rdekl\u0151d\u0151ket Esztergomban: ma kezd\u0151dnek az Esztergom Napok, ahol h\u00e1rom napon \u00e1t koncertek, csal\u00e1di programok \u00e9s k\u00f6z\u00f6ss\u00e9gi \u00e9lm\u00e9nyek v\u00e1ltj\u00e1k egym\u00e1st a v\u00e1ros f\u0151ter\u00e9n. A rendezv\u00e9ny a megyei jog\u00fa v\u00e1rosi rang \u00fcnnep\u00e9hez kapcsol\u00f3dik, \u00e9s id\u00e9n is ingyenesen l\u00e1togathat\u00f3. A Sz\u00e9chenyi t\u00e9r ez\u00fattal is a fesztiv\u00e1l k\u00f6zponti helysz\u00edne,","og_url":"https:\/\/dorogimedence.hu\/index.php\/2026\/05\/01\/ma-kezdodnek-az-esztergom-napok-harom-nap-tobb-tucat-program\/","og_site_name":"Dorogi-medence Region\u00e1lis H\u00edrport\u00e1l","article_publisher":"https:\/\/www.facebook.com\/dorogimedence\/","article_published_time":"2026-05-01T05:59:46+00:00","og_image":[{"width":1920,"height":1438,"url":"https:\/\/dorogimedence.hu\/wp-content\/uploads\/2026\/05\/en-03.jpg","type":"image\/jpeg"}],"author":"dorogimedence.hu","twitter_card":"summary_large_image","twitter_misc":{"Szerz\u0151:":"dorogimedence.hu","Becs\u00fclt olvas\u00e1si id\u0151":"2 perc"},"schema":{"@context":"https:\/\/schema.org","@graph":[{"@type":"Article","@id":"https:\/\/dorogimedence.hu\/index.php\/2026\/05\/01\/ma-kezdodnek-az-esztergom-napok-harom-nap-tobb-tucat-program\/#article","isPartOf":{"@id":"https:\/\/dorogimedence.hu\/index.php\/2026\/05\/01\/ma-kezdodnek-az-esztergom-napok-harom-nap-tobb-tucat-program\/"},"author":{"name":"dorogimedence.hu","@id":"https:\/\/dorogimedence.hu\/#\/schema\/person\/ce6091eeb7e95ecdc87890d6aa8e0fd4"},"headline":"Ma kezd\u0151dnek az Esztergom Napok: h\u00e1rom nap, t\u00f6bb tucat program","datePublished":"2026-05-01T05:59:46+00:00","mainEntityOfPage":{"@id":"https:\/\/dorogimedence.hu\/index.php\/2026\/05\/01\/ma-kezdodnek-az-esztergom-napok-harom-nap-tobb-tucat-program\/"},"wordCount":474,"publisher":{"@id":"https:\/\/dorogimedence.hu\/#organization"},"image":{"@id":"https:\/\/dorogimedence.hu\/index.php\/2026\/05\/01\/ma-kezdodnek-az-esztergom-napok-harom-nap-tobb-tucat-program\/#primaryimage"},"thumbnailUrl":"https:\/\/dorogimedence.hu\/wp-content\/uploads\/2026\/05\/en-03.jpg","keywords":["esztergom","Esztergom Napok","featured","program"],"articleSection":["Esztergom","H\u00edrek","Programok"],"inLanguage":"hu"},{"@type":"WebPage","@id":"https:\/\/dorogimedence.hu\/index.php\/2026\/05\/01\/ma-kezdodnek-az-esztergom-napok-harom-nap-tobb-tucat-program\/","url":"https:\/\/dorogimedence.hu\/index.php\/2026\/05\/01\/ma-kezdodnek-az-esztergom-napok-harom-nap-tobb-tucat-program\/","name":"Ma kezd\u0151dnek az Esztergom Napok: h\u00e1rom nap, t\u00f6bb tucat program","isPartOf":{"@id":"https:\/\/dorogimedence.hu\/#website"},"primaryImageOfPage":{"@id":"https:\/\/dorogimedence.hu\/index.php\/2026\/05\/01\/ma-kezdodnek-az-esztergom-napok-harom-nap-tobb-tucat-program\/#primaryimage"},"image":{"@id":"https:\/\/dorogimedence.hu\/index.php\/2026\/05\/01\/ma-kezdodnek-az-esztergom-napok-harom-nap-tobb-tucat-program\/#primaryimage"},"thumbnailUrl":"https:\/\/dorogimedence.hu\/wp-content\/uploads\/2026\/05\/en-03.jpg","datePublished":"2026-05-01T05:59:46+00:00","breadcrumb":{"@id":"https:\/\/dorogimedence.hu\/index.php\/2026\/05\/01\/ma-kezdodnek-az-esztergom-napok-harom-nap-tobb-tucat-program\/#breadcrumb"},"inLanguage":"hu","potentialAction":[{"@type":"ReadAction","target":["https:\/\/dorogimedence.hu\/index.php\/2026\/05\/01\/ma-kezdodnek-az-esztergom-napok-harom-nap-tobb-tucat-program\/"]}]},{"@type":"ImageObject","inLanguage":"hu","@id":"https:\/\/dorogimedence.hu\/index.php\/2026\/05\/01\/ma-kezdodnek-az-esztergom-napok-harom-nap-tobb-tucat-program\/#primaryimage","url":"https:\/\/dorogimedence.hu\/wp-content\/uploads\/2026\/05\/en-03.jpg","contentUrl":"https:\/\/dorogimedence.hu\/wp-content\/uploads\/2026\/05\/en-03.jpg","width":1920,"height":1438},{"@type":"BreadcrumbList","@id":"https:\/\/dorogimedence.hu\/index.php\/2026\/05\/01\/ma-kezdodnek-az-esztergom-napok-harom-nap-tobb-tucat-program\/#breadcrumb","itemListElement":[{"@type":"ListItem","position":1,"name":"Kezd\u0151lap","item":"https:\/\/dorogimedence.hu\/"},{"@type":"ListItem","position":2,"name":"Ma kezd\u0151dnek az Esztergom Napok: h\u00e1rom nap, t\u00f6bb tucat program"}]},{"@type":"WebSite","@id":"https:\/\/dorogimedence.hu\/#website","url":"https:\/\/dorogimedence.hu\/","name":"Dorogi-medence Region\u00e1lis H\u00edrport\u00e1l","description":"Dorog, Keszt\u00f6lc, Le\u00e1nyv\u00e1r, Piliscs\u00e9v, Tokod, Tokodalt\u00e1r\u00f3, Csolnok, Esztergom-kertv\u00e1ros: h\u00edrek, programok","publisher":{"@id":"https:\/\/dorogimedence.hu\/#organization"},"potentialAction":[{"@type":"SearchAction","target":{"@type":"EntryPoint","urlTemplate":"https:\/\/dorogimedence.hu\/?s={search_term_string}"},"query-input":{"@type":"PropertyValueSpecification","valueRequired":true,"valueName":"search_term_string"}}],"inLanguage":"hu"},{"@type":"Organization","@id":"https:\/\/dorogimedence.hu\/#organization","name":"Dorogi-medence Region\u00e1lis H\u00edrport\u00e1l","url":"https:\/\/dorogimedence.hu\/","logo":{"@type":"ImageObject","inLanguage":"hu","@id":"https:\/\/dorogimedence.hu\/#\/schema\/logo\/image\/","url":"https:\/\/dorogimedence.hu\/wp-content\/uploads\/2021\/04\/logo-feher-600.png","contentUrl":"https:\/\/dorogimedence.hu\/wp-content\/uploads\/2021\/04\/logo-feher-600.png","width":600,"height":100,"caption":"Dorogi-medence Region\u00e1lis H\u00edrport\u00e1l"},"image":{"@id":"https:\/\/dorogimedence.hu\/#\/schema\/logo\/image\/"},"sameAs":["https:\/\/www.facebook.com\/dorogimedence\/"]},{"@type":"Person","@id":"https:\/\/dorogimedence.hu\/#\/schema\/person\/ce6091eeb7e95ecdc87890d6aa8e0fd4","name":"dorogimedence.hu","image":{"@type":"ImageObject","inLanguage":"hu","@id":"\/\/www.gravatar.com\/avatar\/d8d45f8901aadff40a4af72c0b826f1d?s=96&#038;r=g&#038;d=mm","url":"\/\/www.gravatar.com\/avatar\/d8d45f8901aadff40a4af72c0b826f1d?s=96&#038;r=g&#038;d=mm","contentUrl":"\/\/www.gravatar.com\/avatar\/d8d45f8901aadff40a4af72c0b826f1d?s=96&#038;r=g&#038;d=mm","caption":"dorogimedence.hu"}}]}},"_links":{"self":[{"href":"https:\/\/dorogimedence.hu\/index.php\/wp-json\/wp\/v2\/posts\/79875","targetHints":{"allow":["GET"]}}],"collection":[{"href":"https:\/\/dorogimedence.hu\/index.php\/wp-json\/wp\/v2\/posts"}],"about":[{"href":"https:\/\/dorogimedence.hu\/index.php\/wp-json\/wp\/v2\/types\/post"}],"author":[{"embeddable":true,"href":"https:\/\/dorogimedence.hu\/index.php\/wp-json\/wp\/v2\/users\/1"}],"replies":[{"embeddable":true,"href":"https:\/\/dorogimedence.hu\/index.php\/wp-json\/wp\/v2\/comments?post=79875"}],"version-history":[{"count":1,"href":"https:\/\/dorogimedence.hu\/index.php\/wp-json\/wp\/v2\/posts\/79875\/revisions"}],"predecessor-version":[{"id":79879,"href":"https:\/\/dorogimedence.hu\/index.php\/wp-json\/wp\/v2\/posts\/79875\/revisions\/79879"}],"wp:featuredmedia":[{"embeddable":true,"href":"https:\/\/dorogimedence.hu\/index.php\/wp-json\/wp\/v2\/media\/79876"}],"wp:attachment":[{"href":"https:\/\/dorogimedence.hu\/index.php\/wp-json\/wp\/v2\/media?parent=79875"}],"wp:term":[{"taxonomy":"category","embeddable":true,"href":"https:\/\/dorogimedence.hu\/index.php\/wp-json\/wp\/v2\/categories?post=79875"},{"taxonomy":"post_tag","embeddable":true,"href":"https:\/\/dorogimedence.hu\/index.php\/wp-json\/wp\/v2\/tags?post=79875"}],"curies":[{"name":"wp","href":"https:\/\/api.w.org\/{rel}","templated":true}]}}