{"id":79867,"date":"2026-05-01T07:08:54","date_gmt":"2026-05-01T05:08:54","guid":{"rendered":"https:\/\/dorogimedence.hu\/?p=79867"},"modified":"2026-05-01T07:08:54","modified_gmt":"2026-05-01T05:08:54","slug":"kiuteses-esztergomi-gyozelem-karnyujtasnyira-a-negyedik-hely","status":"publish","type":"post","link":"https:\/\/dorogimedence.hu\/index.php\/2026\/05\/01\/kiuteses-esztergomi-gyozelem-karnyujtasnyira-a-negyedik-hely\/","title":{"rendered":"Ki\u00fct\u00e9ses esztergomi gy\u0151zelem, karny\u00fajt\u00e1snyira a negyedik hely"},"content":{"rendered":"<p><strong>F\u00f6l\u00e9nyes gy\u0151zelmet aratott a MOL Esztergom a n\u0151i k\u00e9zilabda NB I-ben: az esztergomiak \u00e1prilis 30-\u00e1n, cs\u00fct\u00f6rt\u00f6k\u00f6n 41\u201318-ra nyertek a Koz\u00e1rmisleny otthon\u00e1ban.<\/strong><\/p>\n<p>A 24. fordul\u00f3b\u00f3l el\u0151rehozott m\u00e9rk\u0151z\u00e9sen m\u00e1r az els\u0151 f\u00e9lid\u0151ben eld\u0151lt a tal\u00e1lkoz\u00f3 sorsa. Az Esztergom magabiztos j\u00e1t\u00e9kkal, stabil v\u00e9dekez\u00e9ssel \u00e9s hat\u00e9kony t\u00e1mad\u00e1sokkal fokozatosan n\u00f6velte el\u0151ny\u00e9t, a sz\u00fcnetben m\u00e1r 25\u20137-re vezetett.<\/p>\n<p>A vend\u00e9gekn\u00e9l Herczeg Lili kiemelked\u0151 teljes\u00edtm\u00e9nyt ny\u00fajtott, a kapus 15 v\u00e9d\u00e9ssel \u00e9s k\u00f6zel 50 sz\u00e1zal\u00e9kos hat\u00e9konys\u00e1ggal seg\u00edtette csapat\u00e1t. A g\u00f3lszerz\u0151k k\u00f6z\u00fcl Szmolek Apoll\u00f3nia hat tal\u00e1latig jutott, m\u00edg Varga Em\u00edlia, Ballai Anna \u00e9s Schatzl Natalie egyar\u00e1nt \u00f6t g\u00f3lt szerzett. A hazaiakn\u00e1l Scheffer Zsanett \u00e9s Br\u00e9da Luca volt a legeredm\u00e9nyesebb, mindketten hat g\u00f3lig jutottak.<\/p>\n<p>A magabiztos sikerrel az Esztergom nagyon k\u00f6zel ker\u00fclt ahhoz, hogy bebiztos\u00edtsa a negyedik hely\u00e9t a bajnoks\u00e1gban, amelyr\u0151l a k\u00f6vetkez\u0151 m\u00e9rk\u0151z\u00e9s\u00e9n d\u00f6nthet.<\/p>\n<p><strong>N\u0150I K\u00c9ZILABDA NB I &#8211; <\/strong><strong>A 24. FORDUL\u00d3B\u00d3L EL\u0150REHOZOTT M\u00c9RK\u0150Z\u00c9S<\/strong><br \/>\n<strong>KOZ\u00c1RMISLENY&nbsp;KA\u2013MOL ESZTERGOM 18\u201341<\/strong> (7\u201325)<br \/>\n<strong>Koz\u00e1rmisleny,<\/strong> <strong>200 <\/strong>n\u00e9z\u0151. <strong>V:<\/strong> Kov\u00e1cs T., M\u00e1ndli<br \/>\n<strong>KOZ\u00c1RMISLENY:<\/strong> Wichmann \u2013 Bursac <strong>1,<\/strong> Kecsk\u00e9s <strong>2, <\/strong>Lengyel, BR\u00c9DA <strong>6 (2),<\/strong> SCHEFFER <strong>6 (1),<\/strong> Cs\u00f6kmei. <strong>Csere:<\/strong> SZAB\u00d3 L. (kapus), Brettner <strong>1,<\/strong> H\u00f3nig, Fridsz\u00e1m, Koll\u00e1r <strong>2,<\/strong> Prozlik, R\u00e1cz P., Daradics. <strong>Edz\u0151:<\/strong> Kov\u00e1cs Tam\u00e1s<br \/>\n<strong>ESZTERGOM:<\/strong> HERCZEG \u2013 TEPL\u00c1N <strong>4,<\/strong> Ballai B. <strong>2,<\/strong> Horv\u00e1th F. <strong>2,<\/strong> Kisfaludy, Farag\u00f3 Lea <strong>3,<\/strong> SCHATZL NATALIE <strong>5.<\/strong> <strong>Csere:<\/strong> VARGA E. <strong>5 (2),<\/strong> Jacques <strong>3,<\/strong> SZMOLEK <strong>6,<\/strong> Szucs\u00e1nszki <strong>1,<\/strong> HAJTAI <strong>4,<\/strong> BALLAI A. <strong>5,<\/strong> Mlink\u00f3 <strong>1,<\/strong> Majoros. <strong>Edz\u0151:<\/strong> Elek G\u00e1bor<br \/>\n<strong>Az eredm\u00e9ny alakul\u00e1sa.<\/strong> <strong>5. perc:<\/strong> 1\u20133. <strong>13. p.:<\/strong> 5\u20138. <strong>20. p.:<\/strong> 6\u201314. <strong>27. p.:<\/strong> 7\u201325. <strong>37. p.:<\/strong> 10\u201330. <strong>49. p.:<\/strong> 15\u201336. <strong>55. p.:<\/strong> 16\u201340<br \/>\n<strong>Ki\u00e1ll\u00edt\u00e1sok:<\/strong> \u2013, ill. 2 perc<br \/>\n<strong>H\u00e9tm\u00e9teresek:<\/strong> 3\/3, ill. 2\/2<br \/>\n<strong>MESTERM\u00c9RLEG<\/strong><br \/>\n<strong>Kov\u00e1cs Tam\u00e1s:<\/strong> \u2013 T\u00fals\u00e1gosan fiatal csapat vagyunk, nem lehetett k\u00e9rd\u00e9ses, ki nyer. De m\u00e9g az \u00e1g is h\u00fazott minket, hiszen a v\u00e9delem tengely\u00e9b\u0151l egy embert az els\u0151 f\u00e9lid\u0151ben elvesz\u00edtett\u00fcnk. A legrutinosabb j\u00e1t\u00e9kosunkat meg csup\u00e1n f\u00e9l terhel\u00e9ssel tudtuk forgatni.<br \/>\n<strong>Elek G\u00e1bor:<\/strong> \u2013 K\u00f6sz\u00f6nj\u00fck a hazaiaknak, hogy \u00e1trakt\u00e1k a m\u00e9rk\u0151z\u00e9st egy nek\u00fcnk kedvez\u0151 id\u0151pontra. Nek\u00fcnk nagyon kellettek m\u00e9g a pontok. Tudtuk, a v\u00e9dekez\u00e9sre kell helyezn\u00fcnk a hangs\u00falyt, ami siker\u00fclt is.<\/p>\n<div class=\"table-wrapper\">\n<figure class=\"table\">\n<table class=\"ck-table-resized\">\n<colgroup>\n<col>\n<col>\n<col>\n<col>\n<col>\n<col>\n<col>\n<col><\/colgroup>\n<tbody>\n<tr>\n<td><strong>AZ \u00c1LL\u00c1S<\/strong><\/td>\n<td><strong>M<\/strong><\/td>\n<td><strong>Gy<\/strong><\/td>\n<td><strong>D<\/strong><\/td>\n<td><strong>V<\/strong><\/td>\n<td><strong>L\u2013K<\/strong><\/td>\n<td><strong>Gk&nbsp;<\/strong><\/td>\n<td><strong>P&nbsp;<\/strong><\/td>\n<\/tr>\n<tr>\n<td><strong>&nbsp; 1. Gy\u0151r<\/strong><\/td>\n<td>22<\/td>\n<td>21<\/td>\n<td>1<\/td>\n<td>\u2013<\/td>\n<td>818\u2013516<\/td>\n<td>+302&nbsp;<\/td>\n<td>43&nbsp;<\/td>\n<\/tr>\n<tr>\n<td><strong>&nbsp; 2. FTC<\/strong><\/td>\n<td>22<\/td>\n<td>20<\/td>\n<td>1<\/td>\n<td>1<\/td>\n<td>756\u2013546<\/td>\n<td>+210&nbsp;<\/td>\n<td>41&nbsp;<\/td>\n<\/tr>\n<tr>\n<td><strong>&nbsp; 3. Debrecen<\/strong><\/td>\n<td>22<\/td>\n<td>20<\/td>\n<td>\u2013<\/td>\n<td>2<\/td>\n<td>738\u2013510<\/td>\n<td>+228&nbsp;<\/td>\n<td>40&nbsp;<\/td>\n<\/tr>\n<tr>\n<td><strong>&nbsp; 4. Esztergom<\/strong><\/td>\n<td>23<\/td>\n<td>16<\/td>\n<td>2<\/td>\n<td>5<\/td>\n<td>753\u2013594<\/td>\n<td>+159&nbsp;<\/td>\n<td>34&nbsp;<\/td>\n<\/tr>\n<tr>\n<td><strong>&nbsp; 5. V\u00e1c<\/strong><\/td>\n<td>22<\/td>\n<td>13<\/td>\n<td>1<\/td>\n<td>8<\/td>\n<td>653\u2013591<\/td>\n<td>+62&nbsp;<\/td>\n<td>27&nbsp;<\/td>\n<\/tr>\n<tr>\n<td><strong>&nbsp; 6. Sz\u00e9kesfeh\u00e9rv\u00e1r<\/strong><\/td>\n<td>22<\/td>\n<td>12<\/td>\n<td>1<\/td>\n<td>9<\/td>\n<td>598\u2013570<\/td>\n<td>+28&nbsp;<\/td>\n<td>25&nbsp;<\/td>\n<\/tr>\n<tr>\n<td><strong>&nbsp; 7. Mosonmagyar\u00f3v\u00e1r<\/strong><\/td>\n<td>22<\/td>\n<td>8<\/td>\n<td>2<\/td>\n<td>12<\/td>\n<td>587\u2013606<\/td>\n<td>\u201319&nbsp;<\/td>\n<td>18&nbsp;<\/td>\n<\/tr>\n<tr>\n<td><strong>&nbsp; 8. Kisv\u00e1rda<\/strong><\/td>\n<td>22<\/td>\n<td>9<\/td>\n<td>\u2013<\/td>\n<td>13<\/td>\n<td>569\u2013627<\/td>\n<td>\u201358&nbsp;<\/td>\n<td>18&nbsp;<\/td>\n<\/tr>\n<tr>\n<td><strong>&nbsp; 9. Buda\u00f6rs<\/strong><\/td>\n<td>22<\/td>\n<td>7<\/td>\n<td>3<\/td>\n<td>12<\/td>\n<td>590\u2013640<\/td>\n<td>\u201350&nbsp;<\/td>\n<td>17&nbsp;<\/td>\n<\/tr>\n<tr>\n<td><strong>10. Szombathely<\/strong><\/td>\n<td>22<\/td>\n<td>7<\/td>\n<td>2<\/td>\n<td>13<\/td>\n<td>613\u2013686<\/td>\n<td>\u201373&nbsp;<\/td>\n<td>16&nbsp;<\/td>\n<\/tr>\n<tr>\n<td><strong>11. Vasas<\/strong><\/td>\n<td>22<\/td>\n<td>6<\/td>\n<td>3<\/td>\n<td>13<\/td>\n<td>588\u2013639<\/td>\n<td>\u201351&nbsp;<\/td>\n<td>15&nbsp;<\/td>\n<\/tr>\n<tr>\n<td><strong>12. NEKA<\/strong><\/td>\n<td>22<\/td>\n<td>6<\/td>\n<td>\u2013<\/td>\n<td>16<\/td>\n<td>560\u2013694<\/td>\n<td>\u2013134&nbsp;<\/td>\n<td>12&nbsp;<\/td>\n<\/tr>\n<tr>\n<td><strong>13. Koz\u00e1rmisleny<\/strong><\/td>\n<td>23<\/td>\n<td>1<\/td>\n<td>\u2013<\/td>\n<td>22<\/td>\n<td>526\u2013789<\/td>\n<td>\u2013263&nbsp;<\/td>\n<td>2&nbsp;<\/td>\n<\/tr>\n<tr>\n<td><strong>14. Duna\u00fajv\u00e1ros<\/strong><\/td>\n<td>22<\/td>\n<td>\u2013<\/td>\n<td>2<\/td>\n<td>20<\/td>\n<td>472\u2013813<\/td>\n<td>\u2013341&nbsp;<\/td>\n<td>2<\/td>\n<\/tr>\n<\/tbody>\n<\/table>\n<\/figure>\n<\/div>\n<p><em>Forr\u00e1s: <a href=\"https:\/\/www.nemzetisport.hu\/kezilabda\/2026\/04\/konnyeden-nyert-az-esztergom-egy-lepesre-a-negyedik-hely-bebiztositasatol-a-noi-kezi-nb-i-ben\" target=\"_blank\" rel=\"noopener\"><span style=\"text-decoration: underline; color: #0000ff;\">Nemzeti Sport<\/span><\/a><\/em><br \/>\n<em>Bor\u00edt\u00f3k\u00e9p: Esztergom Handball Facebook-oldal<\/em><\/p>\n","protected":false},"excerpt":{"rendered":"<p>F\u00f6l\u00e9nyes gy\u0151zelmet aratott a MOL Esztergom a n\u0151i k\u00e9zilabda NB I-ben: az esztergomiak \u00e1prilis 30-\u00e1n, cs\u00fct\u00f6rt\u00f6k\u00f6n 41\u201318-ra nyertek a Koz\u00e1rmisleny otthon\u00e1ban. A 24. fordul\u00f3b\u00f3l el\u0151rehozott m\u00e9rk\u0151z\u00e9sen m\u00e1r az els\u0151 f\u00e9lid\u0151ben eld\u0151lt a tal\u00e1lkoz\u00f3 sorsa. Az Esztergom magabiztos j\u00e1t\u00e9kkal, stabil v\u00e9dekez\u00e9ssel \u00e9s hat\u00e9kony t\u00e1mad\u00e1sokkal fokozatosan n\u00f6velte el\u0151ny\u00e9t, a sz\u00fcnetben m\u00e1r 25\u20137-re vezetett. A vend\u00e9gekn\u00e9l Herczeg Lili<\/p>\n","protected":false},"author":1,"featured_media":79868,"comment_status":"closed","ping_status":"closed","sticky":false,"template":"","format":"standard","meta":{"ngg_post_thumbnail":0,"footnotes":""},"categories":[38,3,5],"tags":[42,355,8025,16],"class_list":{"0":"post-79867","1":"post","2":"type-post","3":"status-publish","4":"format-standard","5":"has-post-thumbnail","7":"category-esztergom","8":"category-hirek","9":"category-sport","10":"tag-esztergom","11":"tag-kezilabda","12":"tag-mol-esztergom","13":"tag-sport"},"yoast_head":"<!-- This site is optimized with the Yoast SEO plugin v27.5 - https:\/\/yoast.com\/product\/yoast-seo-wordpress\/ -->\n<title>Ki\u00fct\u00e9ses esztergomi gy\u0151zelem, karny\u00fajt\u00e1snyira a negyedik hely<\/title>\n<meta name=\"robots\" content=\"index, follow, max-snippet:-1, max-image-preview:large, max-video-preview:-1\" \/>\n<link rel=\"canonical\" href=\"https:\/\/dorogimedence.hu\/index.php\/2026\/05\/01\/kiuteses-esztergomi-gyozelem-karnyujtasnyira-a-negyedik-hely\/\" class=\"yoast-seo-meta-tag\" \/>\n<meta property=\"og:locale\" content=\"hu_HU\" class=\"yoast-seo-meta-tag\" \/>\n<meta property=\"og:type\" content=\"article\" class=\"yoast-seo-meta-tag\" \/>\n<meta property=\"og:title\" content=\"Ki\u00fct\u00e9ses esztergomi gy\u0151zelem, karny\u00fajt\u00e1snyira a negyedik hely\" class=\"yoast-seo-meta-tag\" \/>\n<meta property=\"og:description\" content=\"F\u00f6l\u00e9nyes gy\u0151zelmet aratott a MOL Esztergom a n\u0151i k\u00e9zilabda NB I-ben: az esztergomiak \u00e1prilis 30-\u00e1n, cs\u00fct\u00f6rt\u00f6k\u00f6n 41\u201318-ra nyertek a Koz\u00e1rmisleny otthon\u00e1ban. A 24. fordul\u00f3b\u00f3l el\u0151rehozott m\u00e9rk\u0151z\u00e9sen m\u00e1r az els\u0151 f\u00e9lid\u0151ben eld\u0151lt a tal\u00e1lkoz\u00f3 sorsa. Az Esztergom magabiztos j\u00e1t\u00e9kkal, stabil v\u00e9dekez\u00e9ssel \u00e9s hat\u00e9kony t\u00e1mad\u00e1sokkal fokozatosan n\u00f6velte el\u0151ny\u00e9t, a sz\u00fcnetben m\u00e1r 25\u20137-re vezetett. A vend\u00e9gekn\u00e9l Herczeg Lili\" class=\"yoast-seo-meta-tag\" \/>\n<meta property=\"og:url\" content=\"https:\/\/dorogimedence.hu\/index.php\/2026\/05\/01\/kiuteses-esztergomi-gyozelem-karnyujtasnyira-a-negyedik-hely\/\" class=\"yoast-seo-meta-tag\" \/>\n<meta property=\"og:site_name\" content=\"Dorogi-medence Region\u00e1lis H\u00edrport\u00e1l\" class=\"yoast-seo-meta-tag\" \/>\n<meta property=\"article:publisher\" content=\"https:\/\/www.facebook.com\/dorogimedence\/\" class=\"yoast-seo-meta-tag\" \/>\n<meta property=\"article:published_time\" content=\"2026-05-01T05:08:54+00:00\" class=\"yoast-seo-meta-tag\" \/>\n<meta property=\"og:image\" content=\"https:\/\/dorogimedence.hu\/wp-content\/uploads\/2026\/05\/kezilabda.jpg\" class=\"yoast-seo-meta-tag\" \/>\n\t<meta property=\"og:image:width\" content=\"1920\" class=\"yoast-seo-meta-tag\" \/>\n\t<meta property=\"og:image:height\" content=\"970\" class=\"yoast-seo-meta-tag\" \/>\n\t<meta property=\"og:image:type\" content=\"image\/jpeg\" class=\"yoast-seo-meta-tag\" \/>\n<meta name=\"author\" content=\"dorogimedence.hu\" class=\"yoast-seo-meta-tag\" \/>\n<meta name=\"twitter:card\" content=\"summary_large_image\" class=\"yoast-seo-meta-tag\" \/>\n<meta name=\"twitter:label1\" content=\"Szerz\u0151:\" class=\"yoast-seo-meta-tag\" \/>\n\t<meta name=\"twitter:data1\" content=\"dorogimedence.hu\" class=\"yoast-seo-meta-tag\" \/>\n\t<meta name=\"twitter:label2\" content=\"Becs\u00fclt olvas\u00e1si id\u0151\" class=\"yoast-seo-meta-tag\" \/>\n\t<meta name=\"twitter:data2\" content=\"3 perc\" class=\"yoast-seo-meta-tag\" \/>\n<script type=\"application\/ld+json\" class=\"yoast-schema-graph\">{\"@context\":\"https:\\\/\\\/schema.org\",\"@graph\":[{\"@type\":\"Article\",\"@id\":\"https:\\\/\\\/dorogimedence.hu\\\/index.php\\\/2026\\\/05\\\/01\\\/kiuteses-esztergomi-gyozelem-karnyujtasnyira-a-negyedik-hely\\\/#article\",\"isPartOf\":{\"@id\":\"https:\\\/\\\/dorogimedence.hu\\\/index.php\\\/2026\\\/05\\\/01\\\/kiuteses-esztergomi-gyozelem-karnyujtasnyira-a-negyedik-hely\\\/\"},\"author\":{\"name\":\"dorogimedence.hu\",\"@id\":\"https:\\\/\\\/dorogimedence.hu\\\/#\\\/schema\\\/person\\\/ce6091eeb7e95ecdc87890d6aa8e0fd4\"},\"headline\":\"Ki\u00fct\u00e9ses esztergomi gy\u0151zelem, karny\u00fajt\u00e1snyira a negyedik hely\",\"datePublished\":\"2026-05-01T05:08:54+00:00\",\"mainEntityOfPage\":{\"@id\":\"https:\\\/\\\/dorogimedence.hu\\\/index.php\\\/2026\\\/05\\\/01\\\/kiuteses-esztergomi-gyozelem-karnyujtasnyira-a-negyedik-hely\\\/\"},\"wordCount\":517,\"publisher\":{\"@id\":\"https:\\\/\\\/dorogimedence.hu\\\/#organization\"},\"image\":{\"@id\":\"https:\\\/\\\/dorogimedence.hu\\\/index.php\\\/2026\\\/05\\\/01\\\/kiuteses-esztergomi-gyozelem-karnyujtasnyira-a-negyedik-hely\\\/#primaryimage\"},\"thumbnailUrl\":\"https:\\\/\\\/dorogimedence.hu\\\/wp-content\\\/uploads\\\/2026\\\/05\\\/kezilabda.jpg\",\"keywords\":[\"esztergom\",\"k\u00e9zilabda\",\"Mol Esztergom\",\"sport\"],\"articleSection\":[\"Esztergom\",\"H\u00edrek\",\"Sport\"],\"inLanguage\":\"hu\"},{\"@type\":\"WebPage\",\"@id\":\"https:\\\/\\\/dorogimedence.hu\\\/index.php\\\/2026\\\/05\\\/01\\\/kiuteses-esztergomi-gyozelem-karnyujtasnyira-a-negyedik-hely\\\/\",\"url\":\"https:\\\/\\\/dorogimedence.hu\\\/index.php\\\/2026\\\/05\\\/01\\\/kiuteses-esztergomi-gyozelem-karnyujtasnyira-a-negyedik-hely\\\/\",\"name\":\"Ki\u00fct\u00e9ses esztergomi gy\u0151zelem, karny\u00fajt\u00e1snyira a negyedik hely\",\"isPartOf\":{\"@id\":\"https:\\\/\\\/dorogimedence.hu\\\/#website\"},\"primaryImageOfPage\":{\"@id\":\"https:\\\/\\\/dorogimedence.hu\\\/index.php\\\/2026\\\/05\\\/01\\\/kiuteses-esztergomi-gyozelem-karnyujtasnyira-a-negyedik-hely\\\/#primaryimage\"},\"image\":{\"@id\":\"https:\\\/\\\/dorogimedence.hu\\\/index.php\\\/2026\\\/05\\\/01\\\/kiuteses-esztergomi-gyozelem-karnyujtasnyira-a-negyedik-hely\\\/#primaryimage\"},\"thumbnailUrl\":\"https:\\\/\\\/dorogimedence.hu\\\/wp-content\\\/uploads\\\/2026\\\/05\\\/kezilabda.jpg\",\"datePublished\":\"2026-05-01T05:08:54+00:00\",\"breadcrumb\":{\"@id\":\"https:\\\/\\\/dorogimedence.hu\\\/index.php\\\/2026\\\/05\\\/01\\\/kiuteses-esztergomi-gyozelem-karnyujtasnyira-a-negyedik-hely\\\/#breadcrumb\"},\"inLanguage\":\"hu\",\"potentialAction\":[{\"@type\":\"ReadAction\",\"target\":[\"https:\\\/\\\/dorogimedence.hu\\\/index.php\\\/2026\\\/05\\\/01\\\/kiuteses-esztergomi-gyozelem-karnyujtasnyira-a-negyedik-hely\\\/\"]}]},{\"@type\":\"ImageObject\",\"inLanguage\":\"hu\",\"@id\":\"https:\\\/\\\/dorogimedence.hu\\\/index.php\\\/2026\\\/05\\\/01\\\/kiuteses-esztergomi-gyozelem-karnyujtasnyira-a-negyedik-hely\\\/#primaryimage\",\"url\":\"https:\\\/\\\/dorogimedence.hu\\\/wp-content\\\/uploads\\\/2026\\\/05\\\/kezilabda.jpg\",\"contentUrl\":\"https:\\\/\\\/dorogimedence.hu\\\/wp-content\\\/uploads\\\/2026\\\/05\\\/kezilabda.jpg\",\"width\":1920,\"height\":970},{\"@type\":\"BreadcrumbList\",\"@id\":\"https:\\\/\\\/dorogimedence.hu\\\/index.php\\\/2026\\\/05\\\/01\\\/kiuteses-esztergomi-gyozelem-karnyujtasnyira-a-negyedik-hely\\\/#breadcrumb\",\"itemListElement\":[{\"@type\":\"ListItem\",\"position\":1,\"name\":\"Kezd\u0151lap\",\"item\":\"https:\\\/\\\/dorogimedence.hu\\\/\"},{\"@type\":\"ListItem\",\"position\":2,\"name\":\"Ki\u00fct\u00e9ses esztergomi gy\u0151zelem, karny\u00fajt\u00e1snyira a negyedik hely\"}]},{\"@type\":\"WebSite\",\"@id\":\"https:\\\/\\\/dorogimedence.hu\\\/#website\",\"url\":\"https:\\\/\\\/dorogimedence.hu\\\/\",\"name\":\"Dorogi-medence Region\u00e1lis H\u00edrport\u00e1l\",\"description\":\"Dorog, Keszt\u00f6lc, Le\u00e1nyv\u00e1r, Piliscs\u00e9v, Tokod, Tokodalt\u00e1r\u00f3, Csolnok, Esztergom-kertv\u00e1ros: h\u00edrek, programok\",\"publisher\":{\"@id\":\"https:\\\/\\\/dorogimedence.hu\\\/#organization\"},\"potentialAction\":[{\"@type\":\"SearchAction\",\"target\":{\"@type\":\"EntryPoint\",\"urlTemplate\":\"https:\\\/\\\/dorogimedence.hu\\\/?s={search_term_string}\"},\"query-input\":{\"@type\":\"PropertyValueSpecification\",\"valueRequired\":true,\"valueName\":\"search_term_string\"}}],\"inLanguage\":\"hu\"},{\"@type\":\"Organization\",\"@id\":\"https:\\\/\\\/dorogimedence.hu\\\/#organization\",\"name\":\"Dorogi-medence Region\u00e1lis H\u00edrport\u00e1l\",\"url\":\"https:\\\/\\\/dorogimedence.hu\\\/\",\"logo\":{\"@type\":\"ImageObject\",\"inLanguage\":\"hu\",\"@id\":\"https:\\\/\\\/dorogimedence.hu\\\/#\\\/schema\\\/logo\\\/image\\\/\",\"url\":\"https:\\\/\\\/dorogimedence.hu\\\/wp-content\\\/uploads\\\/2021\\\/04\\\/logo-feher-600.png\",\"contentUrl\":\"https:\\\/\\\/dorogimedence.hu\\\/wp-content\\\/uploads\\\/2021\\\/04\\\/logo-feher-600.png\",\"width\":600,\"height\":100,\"caption\":\"Dorogi-medence Region\u00e1lis H\u00edrport\u00e1l\"},\"image\":{\"@id\":\"https:\\\/\\\/dorogimedence.hu\\\/#\\\/schema\\\/logo\\\/image\\\/\"},\"sameAs\":[\"https:\\\/\\\/www.facebook.com\\\/dorogimedence\\\/\"]},{\"@type\":\"Person\",\"@id\":\"https:\\\/\\\/dorogimedence.hu\\\/#\\\/schema\\\/person\\\/ce6091eeb7e95ecdc87890d6aa8e0fd4\",\"name\":\"dorogimedence.hu\",\"image\":{\"@type\":\"ImageObject\",\"inLanguage\":\"hu\",\"@id\":\"\\\/\\\/www.gravatar.com\\\/avatar\\\/d8d45f8901aadff40a4af72c0b826f1d?s=96&#038;r=g&#038;d=mm\",\"url\":\"\\\/\\\/www.gravatar.com\\\/avatar\\\/d8d45f8901aadff40a4af72c0b826f1d?s=96&#038;r=g&#038;d=mm\",\"contentUrl\":\"\\\/\\\/www.gravatar.com\\\/avatar\\\/d8d45f8901aadff40a4af72c0b826f1d?s=96&#038;r=g&#038;d=mm\",\"caption\":\"dorogimedence.hu\"}}]}<\/script>\n<!-- \/ Yoast SEO plugin. -->","yoast_head_json":{"title":"Ki\u00fct\u00e9ses esztergomi gy\u0151zelem, karny\u00fajt\u00e1snyira a negyedik hely","robots":{"index":"index","follow":"follow","max-snippet":"max-snippet:-1","max-image-preview":"max-image-preview:large","max-video-preview":"max-video-preview:-1"},"canonical":"https:\/\/dorogimedence.hu\/index.php\/2026\/05\/01\/kiuteses-esztergomi-gyozelem-karnyujtasnyira-a-negyedik-hely\/","og_locale":"hu_HU","og_type":"article","og_title":"Ki\u00fct\u00e9ses esztergomi gy\u0151zelem, karny\u00fajt\u00e1snyira a negyedik hely","og_description":"F\u00f6l\u00e9nyes gy\u0151zelmet aratott a MOL Esztergom a n\u0151i k\u00e9zilabda NB I-ben: az esztergomiak \u00e1prilis 30-\u00e1n, cs\u00fct\u00f6rt\u00f6k\u00f6n 41\u201318-ra nyertek a Koz\u00e1rmisleny otthon\u00e1ban. A 24. fordul\u00f3b\u00f3l el\u0151rehozott m\u00e9rk\u0151z\u00e9sen m\u00e1r az els\u0151 f\u00e9lid\u0151ben eld\u0151lt a tal\u00e1lkoz\u00f3 sorsa. Az Esztergom magabiztos j\u00e1t\u00e9kkal, stabil v\u00e9dekez\u00e9ssel \u00e9s hat\u00e9kony t\u00e1mad\u00e1sokkal fokozatosan n\u00f6velte el\u0151ny\u00e9t, a sz\u00fcnetben m\u00e1r 25\u20137-re vezetett. A vend\u00e9gekn\u00e9l Herczeg Lili","og_url":"https:\/\/dorogimedence.hu\/index.php\/2026\/05\/01\/kiuteses-esztergomi-gyozelem-karnyujtasnyira-a-negyedik-hely\/","og_site_name":"Dorogi-medence Region\u00e1lis H\u00edrport\u00e1l","article_publisher":"https:\/\/www.facebook.com\/dorogimedence\/","article_published_time":"2026-05-01T05:08:54+00:00","og_image":[{"width":1920,"height":970,"url":"https:\/\/dorogimedence.hu\/wp-content\/uploads\/2026\/05\/kezilabda.jpg","type":"image\/jpeg"}],"author":"dorogimedence.hu","twitter_card":"summary_large_image","twitter_misc":{"Szerz\u0151:":"dorogimedence.hu","Becs\u00fclt olvas\u00e1si id\u0151":"3 perc"},"schema":{"@context":"https:\/\/schema.org","@graph":[{"@type":"Article","@id":"https:\/\/dorogimedence.hu\/index.php\/2026\/05\/01\/kiuteses-esztergomi-gyozelem-karnyujtasnyira-a-negyedik-hely\/#article","isPartOf":{"@id":"https:\/\/dorogimedence.hu\/index.php\/2026\/05\/01\/kiuteses-esztergomi-gyozelem-karnyujtasnyira-a-negyedik-hely\/"},"author":{"name":"dorogimedence.hu","@id":"https:\/\/dorogimedence.hu\/#\/schema\/person\/ce6091eeb7e95ecdc87890d6aa8e0fd4"},"headline":"Ki\u00fct\u00e9ses esztergomi gy\u0151zelem, karny\u00fajt\u00e1snyira a negyedik hely","datePublished":"2026-05-01T05:08:54+00:00","mainEntityOfPage":{"@id":"https:\/\/dorogimedence.hu\/index.php\/2026\/05\/01\/kiuteses-esztergomi-gyozelem-karnyujtasnyira-a-negyedik-hely\/"},"wordCount":517,"publisher":{"@id":"https:\/\/dorogimedence.hu\/#organization"},"image":{"@id":"https:\/\/dorogimedence.hu\/index.php\/2026\/05\/01\/kiuteses-esztergomi-gyozelem-karnyujtasnyira-a-negyedik-hely\/#primaryimage"},"thumbnailUrl":"https:\/\/dorogimedence.hu\/wp-content\/uploads\/2026\/05\/kezilabda.jpg","keywords":["esztergom","k\u00e9zilabda","Mol Esztergom","sport"],"articleSection":["Esztergom","H\u00edrek","Sport"],"inLanguage":"hu"},{"@type":"WebPage","@id":"https:\/\/dorogimedence.hu\/index.php\/2026\/05\/01\/kiuteses-esztergomi-gyozelem-karnyujtasnyira-a-negyedik-hely\/","url":"https:\/\/dorogimedence.hu\/index.php\/2026\/05\/01\/kiuteses-esztergomi-gyozelem-karnyujtasnyira-a-negyedik-hely\/","name":"Ki\u00fct\u00e9ses esztergomi gy\u0151zelem, karny\u00fajt\u00e1snyira a negyedik hely","isPartOf":{"@id":"https:\/\/dorogimedence.hu\/#website"},"primaryImageOfPage":{"@id":"https:\/\/dorogimedence.hu\/index.php\/2026\/05\/01\/kiuteses-esztergomi-gyozelem-karnyujtasnyira-a-negyedik-hely\/#primaryimage"},"image":{"@id":"https:\/\/dorogimedence.hu\/index.php\/2026\/05\/01\/kiuteses-esztergomi-gyozelem-karnyujtasnyira-a-negyedik-hely\/#primaryimage"},"thumbnailUrl":"https:\/\/dorogimedence.hu\/wp-content\/uploads\/2026\/05\/kezilabda.jpg","datePublished":"2026-05-01T05:08:54+00:00","breadcrumb":{"@id":"https:\/\/dorogimedence.hu\/index.php\/2026\/05\/01\/kiuteses-esztergomi-gyozelem-karnyujtasnyira-a-negyedik-hely\/#breadcrumb"},"inLanguage":"hu","potentialAction":[{"@type":"ReadAction","target":["https:\/\/dorogimedence.hu\/index.php\/2026\/05\/01\/kiuteses-esztergomi-gyozelem-karnyujtasnyira-a-negyedik-hely\/"]}]},{"@type":"ImageObject","inLanguage":"hu","@id":"https:\/\/dorogimedence.hu\/index.php\/2026\/05\/01\/kiuteses-esztergomi-gyozelem-karnyujtasnyira-a-negyedik-hely\/#primaryimage","url":"https:\/\/dorogimedence.hu\/wp-content\/uploads\/2026\/05\/kezilabda.jpg","contentUrl":"https:\/\/dorogimedence.hu\/wp-content\/uploads\/2026\/05\/kezilabda.jpg","width":1920,"height":970},{"@type":"BreadcrumbList","@id":"https:\/\/dorogimedence.hu\/index.php\/2026\/05\/01\/kiuteses-esztergomi-gyozelem-karnyujtasnyira-a-negyedik-hely\/#breadcrumb","itemListElement":[{"@type":"ListItem","position":1,"name":"Kezd\u0151lap","item":"https:\/\/dorogimedence.hu\/"},{"@type":"ListItem","position":2,"name":"Ki\u00fct\u00e9ses esztergomi gy\u0151zelem, karny\u00fajt\u00e1snyira a negyedik hely"}]},{"@type":"WebSite","@id":"https:\/\/dorogimedence.hu\/#website","url":"https:\/\/dorogimedence.hu\/","name":"Dorogi-medence Region\u00e1lis H\u00edrport\u00e1l","description":"Dorog, Keszt\u00f6lc, Le\u00e1nyv\u00e1r, Piliscs\u00e9v, Tokod, Tokodalt\u00e1r\u00f3, Csolnok, Esztergom-kertv\u00e1ros: h\u00edrek, programok","publisher":{"@id":"https:\/\/dorogimedence.hu\/#organization"},"potentialAction":[{"@type":"SearchAction","target":{"@type":"EntryPoint","urlTemplate":"https:\/\/dorogimedence.hu\/?s={search_term_string}"},"query-input":{"@type":"PropertyValueSpecification","valueRequired":true,"valueName":"search_term_string"}}],"inLanguage":"hu"},{"@type":"Organization","@id":"https:\/\/dorogimedence.hu\/#organization","name":"Dorogi-medence Region\u00e1lis H\u00edrport\u00e1l","url":"https:\/\/dorogimedence.hu\/","logo":{"@type":"ImageObject","inLanguage":"hu","@id":"https:\/\/dorogimedence.hu\/#\/schema\/logo\/image\/","url":"https:\/\/dorogimedence.hu\/wp-content\/uploads\/2021\/04\/logo-feher-600.png","contentUrl":"https:\/\/dorogimedence.hu\/wp-content\/uploads\/2021\/04\/logo-feher-600.png","width":600,"height":100,"caption":"Dorogi-medence Region\u00e1lis H\u00edrport\u00e1l"},"image":{"@id":"https:\/\/dorogimedence.hu\/#\/schema\/logo\/image\/"},"sameAs":["https:\/\/www.facebook.com\/dorogimedence\/"]},{"@type":"Person","@id":"https:\/\/dorogimedence.hu\/#\/schema\/person\/ce6091eeb7e95ecdc87890d6aa8e0fd4","name":"dorogimedence.hu","image":{"@type":"ImageObject","inLanguage":"hu","@id":"\/\/www.gravatar.com\/avatar\/d8d45f8901aadff40a4af72c0b826f1d?s=96&#038;r=g&#038;d=mm","url":"\/\/www.gravatar.com\/avatar\/d8d45f8901aadff40a4af72c0b826f1d?s=96&#038;r=g&#038;d=mm","contentUrl":"\/\/www.gravatar.com\/avatar\/d8d45f8901aadff40a4af72c0b826f1d?s=96&#038;r=g&#038;d=mm","caption":"dorogimedence.hu"}}]}},"_links":{"self":[{"href":"https:\/\/dorogimedence.hu\/index.php\/wp-json\/wp\/v2\/posts\/79867","targetHints":{"allow":["GET"]}}],"collection":[{"href":"https:\/\/dorogimedence.hu\/index.php\/wp-json\/wp\/v2\/posts"}],"about":[{"href":"https:\/\/dorogimedence.hu\/index.php\/wp-json\/wp\/v2\/types\/post"}],"author":[{"embeddable":true,"href":"https:\/\/dorogimedence.hu\/index.php\/wp-json\/wp\/v2\/users\/1"}],"replies":[{"embeddable":true,"href":"https:\/\/dorogimedence.hu\/index.php\/wp-json\/wp\/v2\/comments?post=79867"}],"version-history":[{"count":1,"href":"https:\/\/dorogimedence.hu\/index.php\/wp-json\/wp\/v2\/posts\/79867\/revisions"}],"predecessor-version":[{"id":79869,"href":"https:\/\/dorogimedence.hu\/index.php\/wp-json\/wp\/v2\/posts\/79867\/revisions\/79869"}],"wp:featuredmedia":[{"embeddable":true,"href":"https:\/\/dorogimedence.hu\/index.php\/wp-json\/wp\/v2\/media\/79868"}],"wp:attachment":[{"href":"https:\/\/dorogimedence.hu\/index.php\/wp-json\/wp\/v2\/media?parent=79867"}],"wp:term":[{"taxonomy":"category","embeddable":true,"href":"https:\/\/dorogimedence.hu\/index.php\/wp-json\/wp\/v2\/categories?post=79867"},{"taxonomy":"post_tag","embeddable":true,"href":"https:\/\/dorogimedence.hu\/index.php\/wp-json\/wp\/v2\/tags?post=79867"}],"curies":[{"name":"wp","href":"https:\/\/api.w.org\/{rel}","templated":true}]}}