{"id":79850,"date":"2026-04-30T12:18:02","date_gmt":"2026-04-30T10:18:02","guid":{"rendered":"https:\/\/dorogimedence.hu\/?p=79850"},"modified":"2026-04-30T12:34:28","modified_gmt":"2026-04-30T10:34:28","slug":"majus-1-jen-ingyenes-lesz-a-parkolas-esztergom-egy-reszen","status":"publish","type":"post","link":"https:\/\/dorogimedence.hu\/index.php\/2026\/04\/30\/majus-1-jen-ingyenes-lesz-a-parkolas-esztergom-egy-reszen\/","title":{"rendered":"M\u00e1jus 1-j\u00e9n ingyenes lesz a parkol\u00e1s Esztergom egy r\u00e9sz\u00e9n"},"content":{"rendered":"<p><strong>Ingyenes lesz a parkol\u00e1s Esztergom nagy r\u00e9sz\u00e9n 2026. m\u00e1jus 1-j\u00e9n, p\u00e9nteken<\/strong> <em>\u2013 h\u00edvta fel a figyelmet a <a href=\"https:\/\/www.strigonium.hu\/tagvallalatok\/granparkolo\/hir\/185-tajekoztatas-ingyenes-parkolasrol\" target=\"_blank\" rel=\"noopener\"><span style=\"text-decoration: underline; color: #0000ff;\">Gran Parkol\u00f3 Kft.<\/span><\/a><\/em><\/p>\n<p>A t\u00e1j\u00e9koztat\u00e1s szerint a munkasz\u00fcneti napra val\u00f3 tekintettel a v\u00e1ros ter\u00fclet\u00e9n ezen a napon nem kell parkol\u00e1si d\u00edjat fizetni, azonban fontos kiv\u00e9tel, hogy a turisztikai \u00f6vezetben, valamint a IV. d\u00edj\u00f6vezetben tov\u00e1bbra is d\u00edjk\u00f6teles marad a parkol\u00e1s.<\/p>\n<p>A megszokott rend m\u00e1jus 2-t\u0151l, szombatt\u00f3l \u00e1ll vissza, \u00edgy ekkort\u00f3l ism\u00e9t fizetni kell a parkol\u00e1s\u00e9rt az \u00e9rintett ter\u00fcleteken.<\/p>\n<p>A szolg\u00e1ltat\u00f3 k\u00e9ri az aut\u00f3sokat, hogy a parkol\u00e1s sor\u00e1n figyeljenek az \u00f6vezeti jel\u00f6l\u00e9sekre, \u00e9s ennek megfelel\u0151en v\u00e1ltsanak jegyet ott, ahol sz\u00fcks\u00e9ges.<\/p>\n","protected":false},"excerpt":{"rendered":"<p>Ingyenes lesz a parkol\u00e1s Esztergom nagy r\u00e9sz\u00e9n 2026. m\u00e1jus 1-j\u00e9n, p\u00e9nteken \u2013 h\u00edvta fel a figyelmet a Gran Parkol\u00f3 Kft. A t\u00e1j\u00e9koztat\u00e1s szerint a munkasz\u00fcneti napra val\u00f3 tekintettel a v\u00e1ros ter\u00fclet\u00e9n ezen a napon nem kell parkol\u00e1si d\u00edjat fizetni, azonban fontos kiv\u00e9tel, hogy a turisztikai \u00f6vezetben, valamint a IV. d\u00edj\u00f6vezetben tov\u00e1bbra is d\u00edjk\u00f6teles marad a<\/p>\n","protected":false},"author":1,"featured_media":51824,"comment_status":"closed","ping_status":"closed","sticky":false,"template":"","format":"standard","meta":{"ngg_post_thumbnail":0,"footnotes":""},"categories":[38,3],"tags":[42,615,512],"class_list":{"0":"post-79850","1":"post","2":"type-post","3":"status-publish","4":"format-standard","5":"has-post-thumbnail","7":"category-esztergom","8":"category-hirek","9":"tag-esztergom","10":"tag-ingyenes-parkolas","11":"tag-parkolas"},"yoast_head":"<!-- This site is optimized with the Yoast SEO plugin v27.5 - https:\/\/yoast.com\/product\/yoast-seo-wordpress\/ -->\n<title>M\u00e1jus 1-j\u00e9n ingyenes lesz a parkol\u00e1s Esztergom egy r\u00e9sz\u00e9n<\/title>\n<meta name=\"robots\" content=\"index, follow, max-snippet:-1, max-image-preview:large, max-video-preview:-1\" \/>\n<link rel=\"canonical\" href=\"https:\/\/dorogimedence.hu\/index.php\/2026\/04\/30\/majus-1-jen-ingyenes-lesz-a-parkolas-esztergom-egy-reszen\/\" class=\"yoast-seo-meta-tag\" \/>\n<meta property=\"og:locale\" content=\"hu_HU\" class=\"yoast-seo-meta-tag\" \/>\n<meta property=\"og:type\" content=\"article\" class=\"yoast-seo-meta-tag\" \/>\n<meta property=\"og:title\" content=\"M\u00e1jus 1-j\u00e9n ingyenes lesz a parkol\u00e1s Esztergom egy r\u00e9sz\u00e9n\" class=\"yoast-seo-meta-tag\" \/>\n<meta property=\"og:description\" content=\"Ingyenes lesz a parkol\u00e1s Esztergom nagy r\u00e9sz\u00e9n 2026. m\u00e1jus 1-j\u00e9n, p\u00e9nteken \u2013 h\u00edvta fel a figyelmet a Gran Parkol\u00f3 Kft. A t\u00e1j\u00e9koztat\u00e1s szerint a munkasz\u00fcneti napra val\u00f3 tekintettel a v\u00e1ros ter\u00fclet\u00e9n ezen a napon nem kell parkol\u00e1si d\u00edjat fizetni, azonban fontos kiv\u00e9tel, hogy a turisztikai \u00f6vezetben, valamint a IV. d\u00edj\u00f6vezetben tov\u00e1bbra is d\u00edjk\u00f6teles marad a\" class=\"yoast-seo-meta-tag\" \/>\n<meta property=\"og:url\" content=\"https:\/\/dorogimedence.hu\/index.php\/2026\/04\/30\/majus-1-jen-ingyenes-lesz-a-parkolas-esztergom-egy-reszen\/\" class=\"yoast-seo-meta-tag\" \/>\n<meta property=\"og:site_name\" content=\"Dorogi-medence Region\u00e1lis H\u00edrport\u00e1l\" class=\"yoast-seo-meta-tag\" \/>\n<meta property=\"article:publisher\" content=\"https:\/\/www.facebook.com\/dorogimedence\/\" class=\"yoast-seo-meta-tag\" \/>\n<meta property=\"article:published_time\" content=\"2026-04-30T10:18:02+00:00\" class=\"yoast-seo-meta-tag\" \/>\n<meta property=\"article:modified_time\" content=\"2026-04-30T10:34:28+00:00\" class=\"yoast-seo-meta-tag\" \/>\n<meta property=\"og:image\" content=\"https:\/\/dorogimedence.hu\/wp-content\/uploads\/2023\/04\/parkolas-kep.jpg\" class=\"yoast-seo-meta-tag\" \/>\n\t<meta property=\"og:image:width\" content=\"1200\" class=\"yoast-seo-meta-tag\" \/>\n\t<meta property=\"og:image:height\" content=\"800\" class=\"yoast-seo-meta-tag\" \/>\n\t<meta property=\"og:image:type\" content=\"image\/jpeg\" class=\"yoast-seo-meta-tag\" \/>\n<meta name=\"author\" content=\"dorogimedence.hu\" class=\"yoast-seo-meta-tag\" \/>\n<meta name=\"twitter:card\" content=\"summary_large_image\" class=\"yoast-seo-meta-tag\" \/>\n<meta name=\"twitter:label1\" content=\"Szerz\u0151:\" class=\"yoast-seo-meta-tag\" \/>\n\t<meta name=\"twitter:data1\" content=\"dorogimedence.hu\" class=\"yoast-seo-meta-tag\" \/>\n\t<meta name=\"twitter:label2\" content=\"Becs\u00fclt olvas\u00e1si id\u0151\" class=\"yoast-seo-meta-tag\" \/>\n\t<meta name=\"twitter:data2\" content=\"1 perc\" class=\"yoast-seo-meta-tag\" \/>\n<script type=\"application\/ld+json\" class=\"yoast-schema-graph\">{\"@context\":\"https:\\\/\\\/schema.org\",\"@graph\":[{\"@type\":\"Article\",\"@id\":\"https:\\\/\\\/dorogimedence.hu\\\/index.php\\\/2026\\\/04\\\/30\\\/majus-1-jen-ingyenes-lesz-a-parkolas-esztergom-egy-reszen\\\/#article\",\"isPartOf\":{\"@id\":\"https:\\\/\\\/dorogimedence.hu\\\/index.php\\\/2026\\\/04\\\/30\\\/majus-1-jen-ingyenes-lesz-a-parkolas-esztergom-egy-reszen\\\/\"},\"author\":{\"name\":\"dorogimedence.hu\",\"@id\":\"https:\\\/\\\/dorogimedence.hu\\\/#\\\/schema\\\/person\\\/ce6091eeb7e95ecdc87890d6aa8e0fd4\"},\"headline\":\"M\u00e1jus 1-j\u00e9n ingyenes lesz a parkol\u00e1s Esztergom egy r\u00e9sz\u00e9n\",\"datePublished\":\"2026-04-30T10:18:02+00:00\",\"dateModified\":\"2026-04-30T10:34:28+00:00\",\"mainEntityOfPage\":{\"@id\":\"https:\\\/\\\/dorogimedence.hu\\\/index.php\\\/2026\\\/04\\\/30\\\/majus-1-jen-ingyenes-lesz-a-parkolas-esztergom-egy-reszen\\\/\"},\"wordCount\":149,\"publisher\":{\"@id\":\"https:\\\/\\\/dorogimedence.hu\\\/#organization\"},\"image\":{\"@id\":\"https:\\\/\\\/dorogimedence.hu\\\/index.php\\\/2026\\\/04\\\/30\\\/majus-1-jen-ingyenes-lesz-a-parkolas-esztergom-egy-reszen\\\/#primaryimage\"},\"thumbnailUrl\":\"https:\\\/\\\/dorogimedence.hu\\\/wp-content\\\/uploads\\\/2023\\\/04\\\/parkolas-kep.jpg\",\"keywords\":[\"esztergom\",\"ingyenes parkol\u00e1s\",\"parkol\u00e1s\"],\"articleSection\":[\"Esztergom\",\"H\u00edrek\"],\"inLanguage\":\"hu\"},{\"@type\":\"WebPage\",\"@id\":\"https:\\\/\\\/dorogimedence.hu\\\/index.php\\\/2026\\\/04\\\/30\\\/majus-1-jen-ingyenes-lesz-a-parkolas-esztergom-egy-reszen\\\/\",\"url\":\"https:\\\/\\\/dorogimedence.hu\\\/index.php\\\/2026\\\/04\\\/30\\\/majus-1-jen-ingyenes-lesz-a-parkolas-esztergom-egy-reszen\\\/\",\"name\":\"M\u00e1jus 1-j\u00e9n ingyenes lesz a parkol\u00e1s Esztergom egy r\u00e9sz\u00e9n\",\"isPartOf\":{\"@id\":\"https:\\\/\\\/dorogimedence.hu\\\/#website\"},\"primaryImageOfPage\":{\"@id\":\"https:\\\/\\\/dorogimedence.hu\\\/index.php\\\/2026\\\/04\\\/30\\\/majus-1-jen-ingyenes-lesz-a-parkolas-esztergom-egy-reszen\\\/#primaryimage\"},\"image\":{\"@id\":\"https:\\\/\\\/dorogimedence.hu\\\/index.php\\\/2026\\\/04\\\/30\\\/majus-1-jen-ingyenes-lesz-a-parkolas-esztergom-egy-reszen\\\/#primaryimage\"},\"thumbnailUrl\":\"https:\\\/\\\/dorogimedence.hu\\\/wp-content\\\/uploads\\\/2023\\\/04\\\/parkolas-kep.jpg\",\"datePublished\":\"2026-04-30T10:18:02+00:00\",\"dateModified\":\"2026-04-30T10:34:28+00:00\",\"breadcrumb\":{\"@id\":\"https:\\\/\\\/dorogimedence.hu\\\/index.php\\\/2026\\\/04\\\/30\\\/majus-1-jen-ingyenes-lesz-a-parkolas-esztergom-egy-reszen\\\/#breadcrumb\"},\"inLanguage\":\"hu\",\"potentialAction\":[{\"@type\":\"ReadAction\",\"target\":[\"https:\\\/\\\/dorogimedence.hu\\\/index.php\\\/2026\\\/04\\\/30\\\/majus-1-jen-ingyenes-lesz-a-parkolas-esztergom-egy-reszen\\\/\"]}]},{\"@type\":\"ImageObject\",\"inLanguage\":\"hu\",\"@id\":\"https:\\\/\\\/dorogimedence.hu\\\/index.php\\\/2026\\\/04\\\/30\\\/majus-1-jen-ingyenes-lesz-a-parkolas-esztergom-egy-reszen\\\/#primaryimage\",\"url\":\"https:\\\/\\\/dorogimedence.hu\\\/wp-content\\\/uploads\\\/2023\\\/04\\\/parkolas-kep.jpg\",\"contentUrl\":\"https:\\\/\\\/dorogimedence.hu\\\/wp-content\\\/uploads\\\/2023\\\/04\\\/parkolas-kep.jpg\",\"width\":1200,\"height\":800},{\"@type\":\"BreadcrumbList\",\"@id\":\"https:\\\/\\\/dorogimedence.hu\\\/index.php\\\/2026\\\/04\\\/30\\\/majus-1-jen-ingyenes-lesz-a-parkolas-esztergom-egy-reszen\\\/#breadcrumb\",\"itemListElement\":[{\"@type\":\"ListItem\",\"position\":1,\"name\":\"Kezd\u0151lap\",\"item\":\"https:\\\/\\\/dorogimedence.hu\\\/\"},{\"@type\":\"ListItem\",\"position\":2,\"name\":\"M\u00e1jus 1-j\u00e9n ingyenes lesz a parkol\u00e1s Esztergom egy r\u00e9sz\u00e9n\"}]},{\"@type\":\"WebSite\",\"@id\":\"https:\\\/\\\/dorogimedence.hu\\\/#website\",\"url\":\"https:\\\/\\\/dorogimedence.hu\\\/\",\"name\":\"Dorogi-medence Region\u00e1lis H\u00edrport\u00e1l\",\"description\":\"Dorog, Keszt\u00f6lc, Le\u00e1nyv\u00e1r, Piliscs\u00e9v, Tokod, Tokodalt\u00e1r\u00f3, Csolnok, Esztergom-kertv\u00e1ros: h\u00edrek, programok\",\"publisher\":{\"@id\":\"https:\\\/\\\/dorogimedence.hu\\\/#organization\"},\"potentialAction\":[{\"@type\":\"SearchAction\",\"target\":{\"@type\":\"EntryPoint\",\"urlTemplate\":\"https:\\\/\\\/dorogimedence.hu\\\/?s={search_term_string}\"},\"query-input\":{\"@type\":\"PropertyValueSpecification\",\"valueRequired\":true,\"valueName\":\"search_term_string\"}}],\"inLanguage\":\"hu\"},{\"@type\":\"Organization\",\"@id\":\"https:\\\/\\\/dorogimedence.hu\\\/#organization\",\"name\":\"Dorogi-medence Region\u00e1lis H\u00edrport\u00e1l\",\"url\":\"https:\\\/\\\/dorogimedence.hu\\\/\",\"logo\":{\"@type\":\"ImageObject\",\"inLanguage\":\"hu\",\"@id\":\"https:\\\/\\\/dorogimedence.hu\\\/#\\\/schema\\\/logo\\\/image\\\/\",\"url\":\"https:\\\/\\\/dorogimedence.hu\\\/wp-content\\\/uploads\\\/2021\\\/04\\\/logo-feher-600.png\",\"contentUrl\":\"https:\\\/\\\/dorogimedence.hu\\\/wp-content\\\/uploads\\\/2021\\\/04\\\/logo-feher-600.png\",\"width\":600,\"height\":100,\"caption\":\"Dorogi-medence Region\u00e1lis H\u00edrport\u00e1l\"},\"image\":{\"@id\":\"https:\\\/\\\/dorogimedence.hu\\\/#\\\/schema\\\/logo\\\/image\\\/\"},\"sameAs\":[\"https:\\\/\\\/www.facebook.com\\\/dorogimedence\\\/\"]},{\"@type\":\"Person\",\"@id\":\"https:\\\/\\\/dorogimedence.hu\\\/#\\\/schema\\\/person\\\/ce6091eeb7e95ecdc87890d6aa8e0fd4\",\"name\":\"dorogimedence.hu\",\"image\":{\"@type\":\"ImageObject\",\"inLanguage\":\"hu\",\"@id\":\"\\\/\\\/www.gravatar.com\\\/avatar\\\/d8d45f8901aadff40a4af72c0b826f1d?s=96&#038;r=g&#038;d=mm\",\"url\":\"\\\/\\\/www.gravatar.com\\\/avatar\\\/d8d45f8901aadff40a4af72c0b826f1d?s=96&#038;r=g&#038;d=mm\",\"contentUrl\":\"\\\/\\\/www.gravatar.com\\\/avatar\\\/d8d45f8901aadff40a4af72c0b826f1d?s=96&#038;r=g&#038;d=mm\",\"caption\":\"dorogimedence.hu\"}}]}<\/script>\n<!-- \/ Yoast SEO plugin. -->","yoast_head_json":{"title":"M\u00e1jus 1-j\u00e9n ingyenes lesz a parkol\u00e1s Esztergom egy r\u00e9sz\u00e9n","robots":{"index":"index","follow":"follow","max-snippet":"max-snippet:-1","max-image-preview":"max-image-preview:large","max-video-preview":"max-video-preview:-1"},"canonical":"https:\/\/dorogimedence.hu\/index.php\/2026\/04\/30\/majus-1-jen-ingyenes-lesz-a-parkolas-esztergom-egy-reszen\/","og_locale":"hu_HU","og_type":"article","og_title":"M\u00e1jus 1-j\u00e9n ingyenes lesz a parkol\u00e1s Esztergom egy r\u00e9sz\u00e9n","og_description":"Ingyenes lesz a parkol\u00e1s Esztergom nagy r\u00e9sz\u00e9n 2026. m\u00e1jus 1-j\u00e9n, p\u00e9nteken \u2013 h\u00edvta fel a figyelmet a Gran Parkol\u00f3 Kft. A t\u00e1j\u00e9koztat\u00e1s szerint a munkasz\u00fcneti napra val\u00f3 tekintettel a v\u00e1ros ter\u00fclet\u00e9n ezen a napon nem kell parkol\u00e1si d\u00edjat fizetni, azonban fontos kiv\u00e9tel, hogy a turisztikai \u00f6vezetben, valamint a IV. d\u00edj\u00f6vezetben tov\u00e1bbra is d\u00edjk\u00f6teles marad a","og_url":"https:\/\/dorogimedence.hu\/index.php\/2026\/04\/30\/majus-1-jen-ingyenes-lesz-a-parkolas-esztergom-egy-reszen\/","og_site_name":"Dorogi-medence Region\u00e1lis H\u00edrport\u00e1l","article_publisher":"https:\/\/www.facebook.com\/dorogimedence\/","article_published_time":"2026-04-30T10:18:02+00:00","article_modified_time":"2026-04-30T10:34:28+00:00","og_image":[{"width":1200,"height":800,"url":"https:\/\/dorogimedence.hu\/wp-content\/uploads\/2023\/04\/parkolas-kep.jpg","type":"image\/jpeg"}],"author":"dorogimedence.hu","twitter_card":"summary_large_image","twitter_misc":{"Szerz\u0151:":"dorogimedence.hu","Becs\u00fclt olvas\u00e1si id\u0151":"1 perc"},"schema":{"@context":"https:\/\/schema.org","@graph":[{"@type":"Article","@id":"https:\/\/dorogimedence.hu\/index.php\/2026\/04\/30\/majus-1-jen-ingyenes-lesz-a-parkolas-esztergom-egy-reszen\/#article","isPartOf":{"@id":"https:\/\/dorogimedence.hu\/index.php\/2026\/04\/30\/majus-1-jen-ingyenes-lesz-a-parkolas-esztergom-egy-reszen\/"},"author":{"name":"dorogimedence.hu","@id":"https:\/\/dorogimedence.hu\/#\/schema\/person\/ce6091eeb7e95ecdc87890d6aa8e0fd4"},"headline":"M\u00e1jus 1-j\u00e9n ingyenes lesz a parkol\u00e1s Esztergom egy r\u00e9sz\u00e9n","datePublished":"2026-04-30T10:18:02+00:00","dateModified":"2026-04-30T10:34:28+00:00","mainEntityOfPage":{"@id":"https:\/\/dorogimedence.hu\/index.php\/2026\/04\/30\/majus-1-jen-ingyenes-lesz-a-parkolas-esztergom-egy-reszen\/"},"wordCount":149,"publisher":{"@id":"https:\/\/dorogimedence.hu\/#organization"},"image":{"@id":"https:\/\/dorogimedence.hu\/index.php\/2026\/04\/30\/majus-1-jen-ingyenes-lesz-a-parkolas-esztergom-egy-reszen\/#primaryimage"},"thumbnailUrl":"https:\/\/dorogimedence.hu\/wp-content\/uploads\/2023\/04\/parkolas-kep.jpg","keywords":["esztergom","ingyenes parkol\u00e1s","parkol\u00e1s"],"articleSection":["Esztergom","H\u00edrek"],"inLanguage":"hu"},{"@type":"WebPage","@id":"https:\/\/dorogimedence.hu\/index.php\/2026\/04\/30\/majus-1-jen-ingyenes-lesz-a-parkolas-esztergom-egy-reszen\/","url":"https:\/\/dorogimedence.hu\/index.php\/2026\/04\/30\/majus-1-jen-ingyenes-lesz-a-parkolas-esztergom-egy-reszen\/","name":"M\u00e1jus 1-j\u00e9n ingyenes lesz a parkol\u00e1s Esztergom egy r\u00e9sz\u00e9n","isPartOf":{"@id":"https:\/\/dorogimedence.hu\/#website"},"primaryImageOfPage":{"@id":"https:\/\/dorogimedence.hu\/index.php\/2026\/04\/30\/majus-1-jen-ingyenes-lesz-a-parkolas-esztergom-egy-reszen\/#primaryimage"},"image":{"@id":"https:\/\/dorogimedence.hu\/index.php\/2026\/04\/30\/majus-1-jen-ingyenes-lesz-a-parkolas-esztergom-egy-reszen\/#primaryimage"},"thumbnailUrl":"https:\/\/dorogimedence.hu\/wp-content\/uploads\/2023\/04\/parkolas-kep.jpg","datePublished":"2026-04-30T10:18:02+00:00","dateModified":"2026-04-30T10:34:28+00:00","breadcrumb":{"@id":"https:\/\/dorogimedence.hu\/index.php\/2026\/04\/30\/majus-1-jen-ingyenes-lesz-a-parkolas-esztergom-egy-reszen\/#breadcrumb"},"inLanguage":"hu","potentialAction":[{"@type":"ReadAction","target":["https:\/\/dorogimedence.hu\/index.php\/2026\/04\/30\/majus-1-jen-ingyenes-lesz-a-parkolas-esztergom-egy-reszen\/"]}]},{"@type":"ImageObject","inLanguage":"hu","@id":"https:\/\/dorogimedence.hu\/index.php\/2026\/04\/30\/majus-1-jen-ingyenes-lesz-a-parkolas-esztergom-egy-reszen\/#primaryimage","url":"https:\/\/dorogimedence.hu\/wp-content\/uploads\/2023\/04\/parkolas-kep.jpg","contentUrl":"https:\/\/dorogimedence.hu\/wp-content\/uploads\/2023\/04\/parkolas-kep.jpg","width":1200,"height":800},{"@type":"BreadcrumbList","@id":"https:\/\/dorogimedence.hu\/index.php\/2026\/04\/30\/majus-1-jen-ingyenes-lesz-a-parkolas-esztergom-egy-reszen\/#breadcrumb","itemListElement":[{"@type":"ListItem","position":1,"name":"Kezd\u0151lap","item":"https:\/\/dorogimedence.hu\/"},{"@type":"ListItem","position":2,"name":"M\u00e1jus 1-j\u00e9n ingyenes lesz a parkol\u00e1s Esztergom egy r\u00e9sz\u00e9n"}]},{"@type":"WebSite","@id":"https:\/\/dorogimedence.hu\/#website","url":"https:\/\/dorogimedence.hu\/","name":"Dorogi-medence Region\u00e1lis H\u00edrport\u00e1l","description":"Dorog, Keszt\u00f6lc, Le\u00e1nyv\u00e1r, Piliscs\u00e9v, Tokod, Tokodalt\u00e1r\u00f3, Csolnok, Esztergom-kertv\u00e1ros: h\u00edrek, programok","publisher":{"@id":"https:\/\/dorogimedence.hu\/#organization"},"potentialAction":[{"@type":"SearchAction","target":{"@type":"EntryPoint","urlTemplate":"https:\/\/dorogimedence.hu\/?s={search_term_string}"},"query-input":{"@type":"PropertyValueSpecification","valueRequired":true,"valueName":"search_term_string"}}],"inLanguage":"hu"},{"@type":"Organization","@id":"https:\/\/dorogimedence.hu\/#organization","name":"Dorogi-medence Region\u00e1lis H\u00edrport\u00e1l","url":"https:\/\/dorogimedence.hu\/","logo":{"@type":"ImageObject","inLanguage":"hu","@id":"https:\/\/dorogimedence.hu\/#\/schema\/logo\/image\/","url":"https:\/\/dorogimedence.hu\/wp-content\/uploads\/2021\/04\/logo-feher-600.png","contentUrl":"https:\/\/dorogimedence.hu\/wp-content\/uploads\/2021\/04\/logo-feher-600.png","width":600,"height":100,"caption":"Dorogi-medence Region\u00e1lis H\u00edrport\u00e1l"},"image":{"@id":"https:\/\/dorogimedence.hu\/#\/schema\/logo\/image\/"},"sameAs":["https:\/\/www.facebook.com\/dorogimedence\/"]},{"@type":"Person","@id":"https:\/\/dorogimedence.hu\/#\/schema\/person\/ce6091eeb7e95ecdc87890d6aa8e0fd4","name":"dorogimedence.hu","image":{"@type":"ImageObject","inLanguage":"hu","@id":"\/\/www.gravatar.com\/avatar\/d8d45f8901aadff40a4af72c0b826f1d?s=96&#038;r=g&#038;d=mm","url":"\/\/www.gravatar.com\/avatar\/d8d45f8901aadff40a4af72c0b826f1d?s=96&#038;r=g&#038;d=mm","contentUrl":"\/\/www.gravatar.com\/avatar\/d8d45f8901aadff40a4af72c0b826f1d?s=96&#038;r=g&#038;d=mm","caption":"dorogimedence.hu"}}]}},"_links":{"self":[{"href":"https:\/\/dorogimedence.hu\/index.php\/wp-json\/wp\/v2\/posts\/79850","targetHints":{"allow":["GET"]}}],"collection":[{"href":"https:\/\/dorogimedence.hu\/index.php\/wp-json\/wp\/v2\/posts"}],"about":[{"href":"https:\/\/dorogimedence.hu\/index.php\/wp-json\/wp\/v2\/types\/post"}],"author":[{"embeddable":true,"href":"https:\/\/dorogimedence.hu\/index.php\/wp-json\/wp\/v2\/users\/1"}],"replies":[{"embeddable":true,"href":"https:\/\/dorogimedence.hu\/index.php\/wp-json\/wp\/v2\/comments?post=79850"}],"version-history":[{"count":3,"href":"https:\/\/dorogimedence.hu\/index.php\/wp-json\/wp\/v2\/posts\/79850\/revisions"}],"predecessor-version":[{"id":79853,"href":"https:\/\/dorogimedence.hu\/index.php\/wp-json\/wp\/v2\/posts\/79850\/revisions\/79853"}],"wp:featuredmedia":[{"embeddable":true,"href":"https:\/\/dorogimedence.hu\/index.php\/wp-json\/wp\/v2\/media\/51824"}],"wp:attachment":[{"href":"https:\/\/dorogimedence.hu\/index.php\/wp-json\/wp\/v2\/media?parent=79850"}],"wp:term":[{"taxonomy":"category","embeddable":true,"href":"https:\/\/dorogimedence.hu\/index.php\/wp-json\/wp\/v2\/categories?post=79850"},{"taxonomy":"post_tag","embeddable":true,"href":"https:\/\/dorogimedence.hu\/index.php\/wp-json\/wp\/v2\/tags?post=79850"}],"curies":[{"name":"wp","href":"https:\/\/api.w.org\/{rel}","templated":true}]}}