{"id":79835,"date":"2026-04-30T08:11:55","date_gmt":"2026-04-30T06:11:55","guid":{"rendered":"https:\/\/dorogimedence.hu\/?p=79835"},"modified":"2026-04-30T08:11:55","modified_gmt":"2026-04-30T06:11:55","slug":"mar-majus-elsejevel-elkezdodik-az-eloszezoni-menetrend-a-mav-csoportnal","status":"publish","type":"post","link":"https:\/\/dorogimedence.hu\/index.php\/2026\/04\/30\/mar-majus-elsejevel-elkezdodik-az-eloszezoni-menetrend-a-mav-csoportnal\/","title":{"rendered":"M\u00e1r m\u00e1jus elsej\u00e9vel elkezd\u0151dik az el\u0151szezoni menetrend a M\u00c1V-csoportn\u00e1l"},"content":{"rendered":"<p><strong>A megszokottn\u00e1l kor\u00e1bban, m\u00e1r a m\u00e1jus elsejei hossz\u00fa h\u00e9tv\u00e9g\u00e9n \u00e9letbe l\u00e9p az el\u0151szezoni menetrend a M\u00c1V-csoportn\u00e1l. A k\u00f6zleked\u00e9si t\u00e1rsas\u00e1g emellett a ballag\u00e1sok \u00e9s a j\u00f6v\u0151 h\u00e9ten kezd\u0151d\u0151 \u00e9retts\u00e9gik idej\u00e9re is meger\u0151s\u00edtett kapacit\u00e1sokkal k\u00e9sz\u00fcl <\/strong><em>&#8211; <a href=\"https:\/\/www.mavcsoport.hu\/node\/191478\" target=\"_blank\" rel=\"noopener\"><span style=\"text-decoration: underline; color: #0000ff;\">k\u00f6z\u00f6lte honlapj\u00e1n<\/span><\/a> a M\u00c1V Zrt.<\/em><\/p>\n<p>A hossz\u00fa h\u00e9tv\u00e9g\u00e9n t\u00f6bb j\u00e1rat k\u00f6zlekedik a Balaton fel\u00e9 Budapestr\u0151l \u00e9s a dun\u00e1nt\u00fali nagyv\u00e1rosokb\u00f3l, a t\u00f3part ment\u00e9n pedig csatlakoz\u00f3 buszj\u00e1ratok seg\u00edtik a tov\u00e1bbutaz\u00e1st. M\u00e1r cs\u00fct\u00f6rt\u00f6k d\u00e9lut\u00e1nt\u00f3l er\u0151s\u00edtik a forgalmat: a Balaton ir\u00e1ny\u00e1ba t\u00f6bb k\u00f6zvetlen, dupla FLIRT motorvonatokb\u00f3l \u00e1ll\u00f3 D\u00e9li-&gt;Parti InterR\u00e9gi\u00f3 indul, a Katica j\u00e1ratok szint\u00e9n nagyobb kapacit\u00e1ssal k\u00f6zlekednek, \u00edgy legal\u00e1bb 10 sz\u00e1zal\u00e9kkal t\u00f6bb \u00fcl\u0151hely \u00e1ll rendelkez\u00e9sre a tavalyihoz k\u00e9pest.<\/p>\n<p>M\u00e1jus elsej\u00e9t\u0151l a n\u00e9pszer\u0171 balatoni j\u00e1ratok \u2013 k\u00f6zt\u00fck a J\u00e9gmad\u00e1r, a Szitak\u00f6t\u0151 \u00e9s a Keresztesp\u00f3k \u2013 ak\u00e1r 600 f\u00e9r\u0151helyes KISS emeletes motorvonatokkal k\u00f6zlekednek. A Velencei-t\u00f3 fel\u00e9 k\u00f6zleked\u0151 Z30-as j\u00e1ratokon is nagyobb kapacit\u00e1st biztos\u00edtanak.<\/p>\n<p>A ker\u00e9kp\u00e1rosokra is gondoltak: a Balaton \u00e9szaki partj\u00e1ra a V\u00edzip\u00f3k sebesvonatokat, illetve a K\u00e9k Hull\u00e1m InterCityket aj\u00e1nlj\u00e1k, m\u00edg a d\u00e9li part fel\u00e9 a T\u00f3part InterCityken nagykapacit\u00e1s\u00fa ker\u00e9kp\u00e1rsz\u00e1ll\u00edt\u00f3 kocsik seg\u00edtik az utaz\u00e1st. Emellett t\u00f6bb ker\u00e9kp\u00e1rsz\u00e1ll\u00edt\u00f3 kocsi k\u00f6zlekedik a Bakony, a B\u00f6rzs\u00f6ny \u00e9s a Tisza-t\u00f3 t\u00e9rs\u00e9g\u00e9be is.<\/p>\n<p>Nemcsak a Balaton t\u00e9rs\u00e9g\u00e9ben b\u0151v\u00fcl a kapacit\u00e1s: az InterR\u00e9gi\u00f3 \u00e9s InterCity j\u00e1ratok orsz\u00e1gszerte t\u00f6bb kocsival k\u00f6zlekednek, sz\u00e1mos nagyv\u00e1ros \u2013 p\u00e9ld\u00e1ul P\u00e9cs, Szeged, Miskolc vagy Debrecen \u2013 ir\u00e1ny\u00e1ba is.<\/p>\n<p>A t\u00e1rsas\u00e1g az \u00fcnnepi id\u0151szakban meger\u0151s\u00edtett \u00fcgyelettel k\u00e9sz\u00fcl: az Orsz\u00e1gos Hav\u00e1riak\u00f6zpont t\u00f6bb munkat\u00e1rssal seg\u00edti a rendk\u00edv\u00fcli helyzetek kezel\u00e9s\u00e9t, a f\u0151bb p\u00e1lyaudvarokon pedig utasmenedzserek \u00e9s di\u00e1kmunk\u00e1sok t\u00e1mogatj\u00e1k a t\u00e1j\u00e9koztat\u00e1st.<\/p>\n<p>Fontos v\u00e1ltoz\u00e1s, hogy az el\u0151szezonban a Balaton fel\u00e9 k\u00f6zleked\u0151 InterCity \u00e9s expresszvonatokra \u2013 Budapest \u00e9s a t\u00f3 k\u00f6z\u00f6tt \u2013 k\u00f6telez\u0151 a helyjegyv\u00e1lt\u00e1s, helyjegy n\u00e9lk\u00fcl csak a part menti \u00e1llom\u00e1sok k\u00f6z\u00f6tt lehet utazni.<\/p>\n<p><strong>A hossz\u00fa h\u00e9tv\u00e9g\u00e9n a vonatok k\u00f6zleked\u00e9si rendje is v\u00e1ltozik:<\/strong><br \/>\n\u2013 m\u00e1jus 1-j\u00e9n szombati,<br \/>\n\u2013 m\u00e1jus 2-\u00e1n \u00fcnnepnapi,<br \/>\n\u2013 m\u00e1jus 3-\u00e1n vas\u00e1rnapi menetrend szerint j\u00e1rnak.<\/p>\n<p><strong>Az aut\u00f3buszokra \u00e9rv\u00e9nyes k\u00f6zleked\u00e9si rend a hossz\u00fa h\u00e9tv\u00e9g\u00e9n \u00e9s k\u00f6rny\u00e9k\u00e9n a k\u00f6vetkez\u0151 m\u00f3don alakul:<\/strong><br \/>\n\u2013 \u00e1prilis 29-\u00e9n (szerd\u00e1n) munka \u00e9s tan\u00edt\u00e1si napi,<br \/>\n\u2013 30-\u00e1n (cs\u00fct\u00f6rt\u00f6k\u00f6n) utols\u00f3 munka \u00e9s tan\u00edt\u00e1si napi,<br \/>\n\u2013 m\u00e1jus 1-j\u00e9n (p\u00e9nteken) munkasz\u00fcneti napi,<br \/>\n\u2013 2-\u00e1n (szombaton) szabadnapi,<br \/>\n\u2013 3-\u00e1n (vas\u00e1rnap) a h\u00e9t els\u0151 munka \u00e9s tan\u00edt\u00e1si napj\u00e1t megel\u0151z\u0151 munkasz\u00fcneti napi,<br \/>\n\u2013 4-\u00e9n (h\u00e9tf\u0151n) els\u0151 munka \u00e9s tan\u00edt\u00e1si napi rend szerint k\u00f6zlekednek a j\u00e1ratok.<\/p>\n<p>A Vol\u00e1nbusz j\u00e1ratai szint\u00e9n s\u0171r\u00edtve k\u00f6zlekednek: a nagy forgalm\u00fa viszonylatokon sz\u00fcks\u00e9g eset\u00e9n t\u00f6bb aut\u00f3buszt is forgalomba \u00e1ll\u00edtanak, k\u00fcl\u00f6n\u00f6sen a turisztikai c\u00e9lpontok \u2013 p\u00e9ld\u00e1ul a M\u00e1tra, a B\u00fckk vagy a Pilis \u2013 ir\u00e1ny\u00e1ba.<\/p>\n<p>A H\u00c9V vonalain m\u00e1jus 1-j\u00e9n \u00fcnnepnapi, a h\u00e9tv\u00e9ge tov\u00e1bbi r\u00e9sz\u00e9ben pedig a megszokott h\u00e9tv\u00e9gi menetrend lesz \u00e9rv\u00e9nyben.<\/p>\n<p>A t\u00e1rsas\u00e1g felh\u00edvja a figyelmet: \u00e9rdemes el\u0151v\u00e9telben megv\u00e1ltani a jegyeket, p\u00e9ld\u00e1ul a M\u00c1V+ applik\u00e1ci\u00f3ban, ahol minden belf\u00f6ldi jegyre \u00e9s helyjegyre 15 sz\u00e1zal\u00e9kos kedvezm\u00e9ny \u00e9rhet\u0151 el.<\/p>\n<p>A k\u00f6zleked\u00e9st ugyanakkor tov\u00e1bbra is \u00e9rinti a D\u00e9li k\u00f6rvas\u00fat \u00e9p\u00edt\u00e9se: a gy\u0151ri \u00e9s p\u00e9csi f\u0151vonalon a hossz\u00fa h\u00e9tv\u00e9g\u00e9n is v\u00e1g\u00e1nyz\u00e1ri menetrend \u00e9rv\u00e9nyes, a Keleti p\u00e1lyaudvart \u00e9rint\u0151 dun\u00e1nt\u00fali j\u00e1ratok t\u00f6bbs\u00e9ge csak Kelenf\u00f6ldig k\u00f6zlekedik.<\/p>\n<p>A M\u00c1V-csoport k\u00f6zl\u00e9se szerint a c\u00e9l, hogy a megn\u00f6vekedett utasforgalom ellen\u00e9re is min\u00e9l k\u00e9nyelmesebb \u00e9s kisz\u00e1m\u00edthat\u00f3bb legyen az utaz\u00e1s a hossz\u00fa h\u00e9tv\u00e9g\u00e9n \u00e9s az el\u0151szezon kezdet\u00e9n.<\/p>\n","protected":false},"excerpt":{"rendered":"<p>A megszokottn\u00e1l kor\u00e1bban, m\u00e1r a m\u00e1jus elsejei hossz\u00fa h\u00e9tv\u00e9g\u00e9n \u00e9letbe l\u00e9p az el\u0151szezoni menetrend a M\u00c1V-csoportn\u00e1l. A k\u00f6zleked\u00e9si t\u00e1rsas\u00e1g emellett a ballag\u00e1sok \u00e9s a j\u00f6v\u0151 h\u00e9ten kezd\u0151d\u0151 \u00e9retts\u00e9gik idej\u00e9re is meger\u0151s\u00edtett kapacit\u00e1sokkal k\u00e9sz\u00fcl &#8211; k\u00f6z\u00f6lte honlapj\u00e1n a M\u00c1V Zrt. A hossz\u00fa h\u00e9tv\u00e9g\u00e9n t\u00f6bb j\u00e1rat k\u00f6zlekedik a Balaton fel\u00e9 Budapestr\u0151l \u00e9s a dun\u00e1nt\u00fali nagyv\u00e1rosokb\u00f3l, a t\u00f3part<\/p>\n","protected":false},"author":1,"featured_media":74286,"comment_status":"closed","ping_status":"closed","sticky":false,"template":"","format":"standard","meta":{"ngg_post_thumbnail":0,"footnotes":""},"categories":[6934,3],"tags":[458,1043,8856,859,292,293,381,4787,291],"class_list":{"0":"post-79835","1":"post","2":"type-post","3":"status-publish","4":"format-standard","5":"has-post-thumbnail","7":"category-belfold","8":"category-hirek","9":"tag-autobusz","10":"tag-busz","11":"tag-eloszezon","12":"tag-majus-1","13":"tag-mav","14":"tag-menetrend","15":"tag-vasut","16":"tag-volan","17":"tag-vonat"},"yoast_head":"<!-- This site is optimized with the Yoast SEO plugin v27.5 - https:\/\/yoast.com\/product\/yoast-seo-wordpress\/ -->\n<title>M\u00e1r m\u00e1jus elsej\u00e9vel elkezd\u0151dik az el\u0151szezoni menetrend a M\u00c1V-csoportn\u00e1l<\/title>\n<meta name=\"robots\" content=\"index, follow, max-snippet:-1, max-image-preview:large, max-video-preview:-1\" \/>\n<link rel=\"canonical\" href=\"https:\/\/dorogimedence.hu\/index.php\/2026\/04\/30\/mar-majus-elsejevel-elkezdodik-az-eloszezoni-menetrend-a-mav-csoportnal\/\" class=\"yoast-seo-meta-tag\" \/>\n<meta property=\"og:locale\" content=\"hu_HU\" class=\"yoast-seo-meta-tag\" \/>\n<meta property=\"og:type\" content=\"article\" class=\"yoast-seo-meta-tag\" \/>\n<meta property=\"og:title\" content=\"M\u00e1r m\u00e1jus elsej\u00e9vel elkezd\u0151dik az el\u0151szezoni menetrend a M\u00c1V-csoportn\u00e1l\" class=\"yoast-seo-meta-tag\" \/>\n<meta property=\"og:description\" content=\"A megszokottn\u00e1l kor\u00e1bban, m\u00e1r a m\u00e1jus elsejei hossz\u00fa h\u00e9tv\u00e9g\u00e9n \u00e9letbe l\u00e9p az el\u0151szezoni menetrend a M\u00c1V-csoportn\u00e1l. A k\u00f6zleked\u00e9si t\u00e1rsas\u00e1g emellett a ballag\u00e1sok \u00e9s a j\u00f6v\u0151 h\u00e9ten kezd\u0151d\u0151 \u00e9retts\u00e9gik idej\u00e9re is meger\u0151s\u00edtett kapacit\u00e1sokkal k\u00e9sz\u00fcl &#8211; k\u00f6z\u00f6lte honlapj\u00e1n a M\u00c1V Zrt. A hossz\u00fa h\u00e9tv\u00e9g\u00e9n t\u00f6bb j\u00e1rat k\u00f6zlekedik a Balaton fel\u00e9 Budapestr\u0151l \u00e9s a dun\u00e1nt\u00fali nagyv\u00e1rosokb\u00f3l, a t\u00f3part\" class=\"yoast-seo-meta-tag\" \/>\n<meta property=\"og:url\" content=\"https:\/\/dorogimedence.hu\/index.php\/2026\/04\/30\/mar-majus-elsejevel-elkezdodik-az-eloszezoni-menetrend-a-mav-csoportnal\/\" class=\"yoast-seo-meta-tag\" \/>\n<meta property=\"og:site_name\" content=\"Dorogi-medence Region\u00e1lis H\u00edrport\u00e1l\" class=\"yoast-seo-meta-tag\" \/>\n<meta property=\"article:publisher\" content=\"https:\/\/www.facebook.com\/dorogimedence\/\" class=\"yoast-seo-meta-tag\" \/>\n<meta property=\"article:published_time\" content=\"2026-04-30T06:11:55+00:00\" class=\"yoast-seo-meta-tag\" \/>\n<meta property=\"og:image\" content=\"https:\/\/dorogimedence.hu\/wp-content\/uploads\/2025\/09\/vonat-busz.png\" class=\"yoast-seo-meta-tag\" \/>\n\t<meta property=\"og:image:width\" content=\"830\" class=\"yoast-seo-meta-tag\" \/>\n\t<meta property=\"og:image:height\" content=\"450\" class=\"yoast-seo-meta-tag\" \/>\n\t<meta property=\"og:image:type\" content=\"image\/png\" class=\"yoast-seo-meta-tag\" \/>\n<meta name=\"author\" content=\"dorogimedence.hu\" class=\"yoast-seo-meta-tag\" \/>\n<meta name=\"twitter:card\" content=\"summary_large_image\" class=\"yoast-seo-meta-tag\" \/>\n<meta name=\"twitter:label1\" content=\"Szerz\u0151:\" class=\"yoast-seo-meta-tag\" \/>\n\t<meta name=\"twitter:data1\" content=\"dorogimedence.hu\" class=\"yoast-seo-meta-tag\" \/>\n\t<meta name=\"twitter:label2\" content=\"Becs\u00fclt olvas\u00e1si id\u0151\" class=\"yoast-seo-meta-tag\" \/>\n\t<meta name=\"twitter:data2\" content=\"4 perc\" class=\"yoast-seo-meta-tag\" \/>\n<script type=\"application\/ld+json\" class=\"yoast-schema-graph\">{\"@context\":\"https:\\\/\\\/schema.org\",\"@graph\":[{\"@type\":\"Article\",\"@id\":\"https:\\\/\\\/dorogimedence.hu\\\/index.php\\\/2026\\\/04\\\/30\\\/mar-majus-elsejevel-elkezdodik-az-eloszezoni-menetrend-a-mav-csoportnal\\\/#article\",\"isPartOf\":{\"@id\":\"https:\\\/\\\/dorogimedence.hu\\\/index.php\\\/2026\\\/04\\\/30\\\/mar-majus-elsejevel-elkezdodik-az-eloszezoni-menetrend-a-mav-csoportnal\\\/\"},\"author\":{\"name\":\"dorogimedence.hu\",\"@id\":\"https:\\\/\\\/dorogimedence.hu\\\/#\\\/schema\\\/person\\\/ce6091eeb7e95ecdc87890d6aa8e0fd4\"},\"headline\":\"M\u00e1r m\u00e1jus elsej\u00e9vel elkezd\u0151dik az el\u0151szezoni menetrend a M\u00c1V-csoportn\u00e1l\",\"datePublished\":\"2026-04-30T06:11:55+00:00\",\"mainEntityOfPage\":{\"@id\":\"https:\\\/\\\/dorogimedence.hu\\\/index.php\\\/2026\\\/04\\\/30\\\/mar-majus-elsejevel-elkezdodik-az-eloszezoni-menetrend-a-mav-csoportnal\\\/\"},\"wordCount\":814,\"publisher\":{\"@id\":\"https:\\\/\\\/dorogimedence.hu\\\/#organization\"},\"image\":{\"@id\":\"https:\\\/\\\/dorogimedence.hu\\\/index.php\\\/2026\\\/04\\\/30\\\/mar-majus-elsejevel-elkezdodik-az-eloszezoni-menetrend-a-mav-csoportnal\\\/#primaryimage\"},\"thumbnailUrl\":\"https:\\\/\\\/dorogimedence.hu\\\/wp-content\\\/uploads\\\/2025\\\/09\\\/vonat-busz.png\",\"keywords\":[\"aut\u00f3busz\",\"busz\",\"el\u0151szezon\",\"M\u00e1jus 1.\",\"m\u00e1v\",\"menetrend\",\"vas\u00fat\",\"Vol\u00e1n\",\"vonat\"],\"articleSection\":[\"Belf\u00f6ld, Gazdas\u00e1g\",\"H\u00edrek\"],\"inLanguage\":\"hu\"},{\"@type\":\"WebPage\",\"@id\":\"https:\\\/\\\/dorogimedence.hu\\\/index.php\\\/2026\\\/04\\\/30\\\/mar-majus-elsejevel-elkezdodik-az-eloszezoni-menetrend-a-mav-csoportnal\\\/\",\"url\":\"https:\\\/\\\/dorogimedence.hu\\\/index.php\\\/2026\\\/04\\\/30\\\/mar-majus-elsejevel-elkezdodik-az-eloszezoni-menetrend-a-mav-csoportnal\\\/\",\"name\":\"M\u00e1r m\u00e1jus elsej\u00e9vel elkezd\u0151dik az el\u0151szezoni menetrend a M\u00c1V-csoportn\u00e1l\",\"isPartOf\":{\"@id\":\"https:\\\/\\\/dorogimedence.hu\\\/#website\"},\"primaryImageOfPage\":{\"@id\":\"https:\\\/\\\/dorogimedence.hu\\\/index.php\\\/2026\\\/04\\\/30\\\/mar-majus-elsejevel-elkezdodik-az-eloszezoni-menetrend-a-mav-csoportnal\\\/#primaryimage\"},\"image\":{\"@id\":\"https:\\\/\\\/dorogimedence.hu\\\/index.php\\\/2026\\\/04\\\/30\\\/mar-majus-elsejevel-elkezdodik-az-eloszezoni-menetrend-a-mav-csoportnal\\\/#primaryimage\"},\"thumbnailUrl\":\"https:\\\/\\\/dorogimedence.hu\\\/wp-content\\\/uploads\\\/2025\\\/09\\\/vonat-busz.png\",\"datePublished\":\"2026-04-30T06:11:55+00:00\",\"breadcrumb\":{\"@id\":\"https:\\\/\\\/dorogimedence.hu\\\/index.php\\\/2026\\\/04\\\/30\\\/mar-majus-elsejevel-elkezdodik-az-eloszezoni-menetrend-a-mav-csoportnal\\\/#breadcrumb\"},\"inLanguage\":\"hu\",\"potentialAction\":[{\"@type\":\"ReadAction\",\"target\":[\"https:\\\/\\\/dorogimedence.hu\\\/index.php\\\/2026\\\/04\\\/30\\\/mar-majus-elsejevel-elkezdodik-az-eloszezoni-menetrend-a-mav-csoportnal\\\/\"]}]},{\"@type\":\"ImageObject\",\"inLanguage\":\"hu\",\"@id\":\"https:\\\/\\\/dorogimedence.hu\\\/index.php\\\/2026\\\/04\\\/30\\\/mar-majus-elsejevel-elkezdodik-az-eloszezoni-menetrend-a-mav-csoportnal\\\/#primaryimage\",\"url\":\"https:\\\/\\\/dorogimedence.hu\\\/wp-content\\\/uploads\\\/2025\\\/09\\\/vonat-busz.png\",\"contentUrl\":\"https:\\\/\\\/dorogimedence.hu\\\/wp-content\\\/uploads\\\/2025\\\/09\\\/vonat-busz.png\",\"width\":830,\"height\":450},{\"@type\":\"BreadcrumbList\",\"@id\":\"https:\\\/\\\/dorogimedence.hu\\\/index.php\\\/2026\\\/04\\\/30\\\/mar-majus-elsejevel-elkezdodik-az-eloszezoni-menetrend-a-mav-csoportnal\\\/#breadcrumb\",\"itemListElement\":[{\"@type\":\"ListItem\",\"position\":1,\"name\":\"Kezd\u0151lap\",\"item\":\"https:\\\/\\\/dorogimedence.hu\\\/\"},{\"@type\":\"ListItem\",\"position\":2,\"name\":\"M\u00e1r m\u00e1jus elsej\u00e9vel elkezd\u0151dik az el\u0151szezoni menetrend a M\u00c1V-csoportn\u00e1l\"}]},{\"@type\":\"WebSite\",\"@id\":\"https:\\\/\\\/dorogimedence.hu\\\/#website\",\"url\":\"https:\\\/\\\/dorogimedence.hu\\\/\",\"name\":\"Dorogi-medence Region\u00e1lis H\u00edrport\u00e1l\",\"description\":\"Dorog, Keszt\u00f6lc, Le\u00e1nyv\u00e1r, Piliscs\u00e9v, Tokod, Tokodalt\u00e1r\u00f3, Csolnok, Esztergom-kertv\u00e1ros: h\u00edrek, programok\",\"publisher\":{\"@id\":\"https:\\\/\\\/dorogimedence.hu\\\/#organization\"},\"potentialAction\":[{\"@type\":\"SearchAction\",\"target\":{\"@type\":\"EntryPoint\",\"urlTemplate\":\"https:\\\/\\\/dorogimedence.hu\\\/?s={search_term_string}\"},\"query-input\":{\"@type\":\"PropertyValueSpecification\",\"valueRequired\":true,\"valueName\":\"search_term_string\"}}],\"inLanguage\":\"hu\"},{\"@type\":\"Organization\",\"@id\":\"https:\\\/\\\/dorogimedence.hu\\\/#organization\",\"name\":\"Dorogi-medence Region\u00e1lis H\u00edrport\u00e1l\",\"url\":\"https:\\\/\\\/dorogimedence.hu\\\/\",\"logo\":{\"@type\":\"ImageObject\",\"inLanguage\":\"hu\",\"@id\":\"https:\\\/\\\/dorogimedence.hu\\\/#\\\/schema\\\/logo\\\/image\\\/\",\"url\":\"https:\\\/\\\/dorogimedence.hu\\\/wp-content\\\/uploads\\\/2021\\\/04\\\/logo-feher-600.png\",\"contentUrl\":\"https:\\\/\\\/dorogimedence.hu\\\/wp-content\\\/uploads\\\/2021\\\/04\\\/logo-feher-600.png\",\"width\":600,\"height\":100,\"caption\":\"Dorogi-medence Region\u00e1lis H\u00edrport\u00e1l\"},\"image\":{\"@id\":\"https:\\\/\\\/dorogimedence.hu\\\/#\\\/schema\\\/logo\\\/image\\\/\"},\"sameAs\":[\"https:\\\/\\\/www.facebook.com\\\/dorogimedence\\\/\"]},{\"@type\":\"Person\",\"@id\":\"https:\\\/\\\/dorogimedence.hu\\\/#\\\/schema\\\/person\\\/ce6091eeb7e95ecdc87890d6aa8e0fd4\",\"name\":\"dorogimedence.hu\",\"image\":{\"@type\":\"ImageObject\",\"inLanguage\":\"hu\",\"@id\":\"\\\/\\\/www.gravatar.com\\\/avatar\\\/d8d45f8901aadff40a4af72c0b826f1d?s=96&#038;r=g&#038;d=mm\",\"url\":\"\\\/\\\/www.gravatar.com\\\/avatar\\\/d8d45f8901aadff40a4af72c0b826f1d?s=96&#038;r=g&#038;d=mm\",\"contentUrl\":\"\\\/\\\/www.gravatar.com\\\/avatar\\\/d8d45f8901aadff40a4af72c0b826f1d?s=96&#038;r=g&#038;d=mm\",\"caption\":\"dorogimedence.hu\"}}]}<\/script>\n<!-- \/ Yoast SEO plugin. -->","yoast_head_json":{"title":"M\u00e1r m\u00e1jus elsej\u00e9vel elkezd\u0151dik az el\u0151szezoni menetrend a M\u00c1V-csoportn\u00e1l","robots":{"index":"index","follow":"follow","max-snippet":"max-snippet:-1","max-image-preview":"max-image-preview:large","max-video-preview":"max-video-preview:-1"},"canonical":"https:\/\/dorogimedence.hu\/index.php\/2026\/04\/30\/mar-majus-elsejevel-elkezdodik-az-eloszezoni-menetrend-a-mav-csoportnal\/","og_locale":"hu_HU","og_type":"article","og_title":"M\u00e1r m\u00e1jus elsej\u00e9vel elkezd\u0151dik az el\u0151szezoni menetrend a M\u00c1V-csoportn\u00e1l","og_description":"A megszokottn\u00e1l kor\u00e1bban, m\u00e1r a m\u00e1jus elsejei hossz\u00fa h\u00e9tv\u00e9g\u00e9n \u00e9letbe l\u00e9p az el\u0151szezoni menetrend a M\u00c1V-csoportn\u00e1l. A k\u00f6zleked\u00e9si t\u00e1rsas\u00e1g emellett a ballag\u00e1sok \u00e9s a j\u00f6v\u0151 h\u00e9ten kezd\u0151d\u0151 \u00e9retts\u00e9gik idej\u00e9re is meger\u0151s\u00edtett kapacit\u00e1sokkal k\u00e9sz\u00fcl &#8211; k\u00f6z\u00f6lte honlapj\u00e1n a M\u00c1V Zrt. A hossz\u00fa h\u00e9tv\u00e9g\u00e9n t\u00f6bb j\u00e1rat k\u00f6zlekedik a Balaton fel\u00e9 Budapestr\u0151l \u00e9s a dun\u00e1nt\u00fali nagyv\u00e1rosokb\u00f3l, a t\u00f3part","og_url":"https:\/\/dorogimedence.hu\/index.php\/2026\/04\/30\/mar-majus-elsejevel-elkezdodik-az-eloszezoni-menetrend-a-mav-csoportnal\/","og_site_name":"Dorogi-medence Region\u00e1lis H\u00edrport\u00e1l","article_publisher":"https:\/\/www.facebook.com\/dorogimedence\/","article_published_time":"2026-04-30T06:11:55+00:00","og_image":[{"width":830,"height":450,"url":"https:\/\/dorogimedence.hu\/wp-content\/uploads\/2025\/09\/vonat-busz.png","type":"image\/png"}],"author":"dorogimedence.hu","twitter_card":"summary_large_image","twitter_misc":{"Szerz\u0151:":"dorogimedence.hu","Becs\u00fclt olvas\u00e1si id\u0151":"4 perc"},"schema":{"@context":"https:\/\/schema.org","@graph":[{"@type":"Article","@id":"https:\/\/dorogimedence.hu\/index.php\/2026\/04\/30\/mar-majus-elsejevel-elkezdodik-az-eloszezoni-menetrend-a-mav-csoportnal\/#article","isPartOf":{"@id":"https:\/\/dorogimedence.hu\/index.php\/2026\/04\/30\/mar-majus-elsejevel-elkezdodik-az-eloszezoni-menetrend-a-mav-csoportnal\/"},"author":{"name":"dorogimedence.hu","@id":"https:\/\/dorogimedence.hu\/#\/schema\/person\/ce6091eeb7e95ecdc87890d6aa8e0fd4"},"headline":"M\u00e1r m\u00e1jus elsej\u00e9vel elkezd\u0151dik az el\u0151szezoni menetrend a M\u00c1V-csoportn\u00e1l","datePublished":"2026-04-30T06:11:55+00:00","mainEntityOfPage":{"@id":"https:\/\/dorogimedence.hu\/index.php\/2026\/04\/30\/mar-majus-elsejevel-elkezdodik-az-eloszezoni-menetrend-a-mav-csoportnal\/"},"wordCount":814,"publisher":{"@id":"https:\/\/dorogimedence.hu\/#organization"},"image":{"@id":"https:\/\/dorogimedence.hu\/index.php\/2026\/04\/30\/mar-majus-elsejevel-elkezdodik-az-eloszezoni-menetrend-a-mav-csoportnal\/#primaryimage"},"thumbnailUrl":"https:\/\/dorogimedence.hu\/wp-content\/uploads\/2025\/09\/vonat-busz.png","keywords":["aut\u00f3busz","busz","el\u0151szezon","M\u00e1jus 1.","m\u00e1v","menetrend","vas\u00fat","Vol\u00e1n","vonat"],"articleSection":["Belf\u00f6ld, Gazdas\u00e1g","H\u00edrek"],"inLanguage":"hu"},{"@type":"WebPage","@id":"https:\/\/dorogimedence.hu\/index.php\/2026\/04\/30\/mar-majus-elsejevel-elkezdodik-az-eloszezoni-menetrend-a-mav-csoportnal\/","url":"https:\/\/dorogimedence.hu\/index.php\/2026\/04\/30\/mar-majus-elsejevel-elkezdodik-az-eloszezoni-menetrend-a-mav-csoportnal\/","name":"M\u00e1r m\u00e1jus elsej\u00e9vel elkezd\u0151dik az el\u0151szezoni menetrend a M\u00c1V-csoportn\u00e1l","isPartOf":{"@id":"https:\/\/dorogimedence.hu\/#website"},"primaryImageOfPage":{"@id":"https:\/\/dorogimedence.hu\/index.php\/2026\/04\/30\/mar-majus-elsejevel-elkezdodik-az-eloszezoni-menetrend-a-mav-csoportnal\/#primaryimage"},"image":{"@id":"https:\/\/dorogimedence.hu\/index.php\/2026\/04\/30\/mar-majus-elsejevel-elkezdodik-az-eloszezoni-menetrend-a-mav-csoportnal\/#primaryimage"},"thumbnailUrl":"https:\/\/dorogimedence.hu\/wp-content\/uploads\/2025\/09\/vonat-busz.png","datePublished":"2026-04-30T06:11:55+00:00","breadcrumb":{"@id":"https:\/\/dorogimedence.hu\/index.php\/2026\/04\/30\/mar-majus-elsejevel-elkezdodik-az-eloszezoni-menetrend-a-mav-csoportnal\/#breadcrumb"},"inLanguage":"hu","potentialAction":[{"@type":"ReadAction","target":["https:\/\/dorogimedence.hu\/index.php\/2026\/04\/30\/mar-majus-elsejevel-elkezdodik-az-eloszezoni-menetrend-a-mav-csoportnal\/"]}]},{"@type":"ImageObject","inLanguage":"hu","@id":"https:\/\/dorogimedence.hu\/index.php\/2026\/04\/30\/mar-majus-elsejevel-elkezdodik-az-eloszezoni-menetrend-a-mav-csoportnal\/#primaryimage","url":"https:\/\/dorogimedence.hu\/wp-content\/uploads\/2025\/09\/vonat-busz.png","contentUrl":"https:\/\/dorogimedence.hu\/wp-content\/uploads\/2025\/09\/vonat-busz.png","width":830,"height":450},{"@type":"BreadcrumbList","@id":"https:\/\/dorogimedence.hu\/index.php\/2026\/04\/30\/mar-majus-elsejevel-elkezdodik-az-eloszezoni-menetrend-a-mav-csoportnal\/#breadcrumb","itemListElement":[{"@type":"ListItem","position":1,"name":"Kezd\u0151lap","item":"https:\/\/dorogimedence.hu\/"},{"@type":"ListItem","position":2,"name":"M\u00e1r m\u00e1jus elsej\u00e9vel elkezd\u0151dik az el\u0151szezoni menetrend a M\u00c1V-csoportn\u00e1l"}]},{"@type":"WebSite","@id":"https:\/\/dorogimedence.hu\/#website","url":"https:\/\/dorogimedence.hu\/","name":"Dorogi-medence Region\u00e1lis H\u00edrport\u00e1l","description":"Dorog, Keszt\u00f6lc, Le\u00e1nyv\u00e1r, Piliscs\u00e9v, Tokod, Tokodalt\u00e1r\u00f3, Csolnok, Esztergom-kertv\u00e1ros: h\u00edrek, programok","publisher":{"@id":"https:\/\/dorogimedence.hu\/#organization"},"potentialAction":[{"@type":"SearchAction","target":{"@type":"EntryPoint","urlTemplate":"https:\/\/dorogimedence.hu\/?s={search_term_string}"},"query-input":{"@type":"PropertyValueSpecification","valueRequired":true,"valueName":"search_term_string"}}],"inLanguage":"hu"},{"@type":"Organization","@id":"https:\/\/dorogimedence.hu\/#organization","name":"Dorogi-medence Region\u00e1lis H\u00edrport\u00e1l","url":"https:\/\/dorogimedence.hu\/","logo":{"@type":"ImageObject","inLanguage":"hu","@id":"https:\/\/dorogimedence.hu\/#\/schema\/logo\/image\/","url":"https:\/\/dorogimedence.hu\/wp-content\/uploads\/2021\/04\/logo-feher-600.png","contentUrl":"https:\/\/dorogimedence.hu\/wp-content\/uploads\/2021\/04\/logo-feher-600.png","width":600,"height":100,"caption":"Dorogi-medence Region\u00e1lis H\u00edrport\u00e1l"},"image":{"@id":"https:\/\/dorogimedence.hu\/#\/schema\/logo\/image\/"},"sameAs":["https:\/\/www.facebook.com\/dorogimedence\/"]},{"@type":"Person","@id":"https:\/\/dorogimedence.hu\/#\/schema\/person\/ce6091eeb7e95ecdc87890d6aa8e0fd4","name":"dorogimedence.hu","image":{"@type":"ImageObject","inLanguage":"hu","@id":"\/\/www.gravatar.com\/avatar\/d8d45f8901aadff40a4af72c0b826f1d?s=96&#038;r=g&#038;d=mm","url":"\/\/www.gravatar.com\/avatar\/d8d45f8901aadff40a4af72c0b826f1d?s=96&#038;r=g&#038;d=mm","contentUrl":"\/\/www.gravatar.com\/avatar\/d8d45f8901aadff40a4af72c0b826f1d?s=96&#038;r=g&#038;d=mm","caption":"dorogimedence.hu"}}]}},"_links":{"self":[{"href":"https:\/\/dorogimedence.hu\/index.php\/wp-json\/wp\/v2\/posts\/79835","targetHints":{"allow":["GET"]}}],"collection":[{"href":"https:\/\/dorogimedence.hu\/index.php\/wp-json\/wp\/v2\/posts"}],"about":[{"href":"https:\/\/dorogimedence.hu\/index.php\/wp-json\/wp\/v2\/types\/post"}],"author":[{"embeddable":true,"href":"https:\/\/dorogimedence.hu\/index.php\/wp-json\/wp\/v2\/users\/1"}],"replies":[{"embeddable":true,"href":"https:\/\/dorogimedence.hu\/index.php\/wp-json\/wp\/v2\/comments?post=79835"}],"version-history":[{"count":1,"href":"https:\/\/dorogimedence.hu\/index.php\/wp-json\/wp\/v2\/posts\/79835\/revisions"}],"predecessor-version":[{"id":79836,"href":"https:\/\/dorogimedence.hu\/index.php\/wp-json\/wp\/v2\/posts\/79835\/revisions\/79836"}],"wp:featuredmedia":[{"embeddable":true,"href":"https:\/\/dorogimedence.hu\/index.php\/wp-json\/wp\/v2\/media\/74286"}],"wp:attachment":[{"href":"https:\/\/dorogimedence.hu\/index.php\/wp-json\/wp\/v2\/media?parent=79835"}],"wp:term":[{"taxonomy":"category","embeddable":true,"href":"https:\/\/dorogimedence.hu\/index.php\/wp-json\/wp\/v2\/categories?post=79835"},{"taxonomy":"post_tag","embeddable":true,"href":"https:\/\/dorogimedence.hu\/index.php\/wp-json\/wp\/v2\/tags?post=79835"}],"curies":[{"name":"wp","href":"https:\/\/api.w.org\/{rel}","templated":true}]}}