{"id":79827,"date":"2026-04-29T11:23:15","date_gmt":"2026-04-29T09:23:15","guid":{"rendered":"https:\/\/dorogimedence.hu\/?p=79827"},"modified":"2026-04-29T11:23:15","modified_gmt":"2026-04-29T09:23:15","slug":"szoros-meccsen-kapott-ki-az-esztergom-szucsanszki-zitat-is-bucsuztattak","status":"publish","type":"post","link":"https:\/\/dorogimedence.hu\/index.php\/2026\/04\/29\/szoros-meccsen-kapott-ki-az-esztergom-szucsanszki-zitat-is-bucsuztattak\/","title":{"rendered":"Szoros meccsen kapott ki az Esztergom, Szucs\u00e1nszki Zit\u00e1t is b\u00facs\u00faztatt\u00e1k"},"content":{"rendered":"<p><strong>Szoros m\u00e9rk\u0151z\u00e9sen szenvedett veres\u00e9get a MOL Esztergom az FTC-Rail Cargo Hungaria ellen a n\u0151i k\u00e9zilabda NB I 22. fordul\u00f3j\u00e1ban, \u00e1prilis 28-\u00e1n, kedden. A vend\u00e9gek v\u00e9g\u00fcl 31\u201328-ra nyertek a Suzuki Ar\u00e9n\u00e1ban.<\/strong><\/p>\n<p>A tal\u00e1lkoz\u00f3t a Ferencv\u00e1ros kezdte jobban, gyorsan el\u0151nybe ker\u00fcltek, de a hazaiak igyekeztek tartani a l\u00e9p\u00e9st. Hajtai Vanessza \u00e9s Varga Em\u00edlia g\u00f3ljaival kapaszkodott az Esztergom, mik\u00f6zben a vend\u00e9gekn\u00e9l Simon Petra \u00e9s Malestein volt eredm\u00e9nyes. A f\u00e9lid\u0151 hajr\u00e1j\u00e1ra t\u00f6bb hiba is becs\u00faszott a hazaiakn\u00e1l, amit kihaszn\u00e1lt az FTC, \u00edgy 11\u201316-os \u00e1ll\u00e1ssal vonultak sz\u00fcnetre a csapatok.<\/p>\n<p>A m\u00e1sodik f\u00e9lid\u0151ben nagyot k\u00fczd\u00f6tt az Esztergom, \u00e9s gyorsan cs\u00f6kkentette h\u00e1tr\u00e1ny\u00e1t. Horv\u00e1th Fanni \u00e9s Ballai Anna vez\u00e9rlet\u00e9vel felz\u00e1rk\u00f3ztak, ut\u00f3bbi sorozatban szerzett g\u00f3ljaival tartotta versenyben a hazaiakat. Farag\u00f3 Lea \u00e1tl\u00f6v\u00e9sei \u00e9s h\u00e9tm\u00e9teresei is sokat jelentettek, \u00e9s m\u00e1r csak k\u00e9t g\u00f3l volt a k\u00fcl\u00f6nbs\u00e9g.<\/p>\n<p>A vend\u00e9gek azonban \u00fajra ritmust v\u00e1ltottak, Janurik Kinga v\u00e9d\u00e9sei \u00e9s a pontos t\u00e1mad\u00f3j\u00e1t\u00e9k ism\u00e9t n\u00f6velte az el\u0151nyt. B\u00e1r az Esztergom a hajr\u00e1ban is k\u00fczd\u00f6tt, a pontszerz\u00e9s v\u00e9g\u00fcl elmaradt, a Ferencv\u00e1ros 31\u201328-ra megnyerte a rangad\u00f3t.<\/p>\n<p>A m\u00e9rk\u0151z\u00e9s k\u00fcl\u00f6nleges pillanata volt, hogy a tal\u00e1lkoz\u00f3 el\u0151tt b\u00facs\u00faztatt\u00e1k a p\u00e1lyafut\u00e1sa v\u00e9g\u00e9n j\u00e1r\u00f3 Szucs\u00e1nszki Zit\u00e1t. A 147-szeres v\u00e1logatott ir\u00e1ny\u00edt\u00f3t vastapssal k\u00f6sz\u00f6nt\u00f6tt\u00e9k, mezsz\u00e1m\u00e1t pedig visszavonultatj\u00e1k Esztergomban.<\/p>\n<p><strong>N\u0150I K\u00c9ZILABDA NB I &#8211; <\/strong><strong>22. FORDUL\u00d3<\/strong><br \/>\n<strong>MOL ESZTERGOM\u2013FTC-RAIL CARGO HUNGARIA 28\u201331<\/strong> (11\u201316)<br \/>\n<strong>Esztergom, 950<\/strong> n\u00e9z\u0151. <strong>V:<\/strong> B\u00f3na, F\u00f6ldesi<br \/>\n<strong>ESZTERGOM:<\/strong> Bukovszky \u2013 Kov\u00e1cs Anett <strong>1,<\/strong> Majoros K., Kisfaludy, Horv\u00e1th F. <strong>3,<\/strong> Farag\u00f3 Lea <strong>5 (2),<\/strong> HAJTAI <strong>3. Csere:<\/strong> Herczeg L. (kapus), VARGA EM\u00cdLIA <strong>6 (2),<\/strong> Ballai B. <strong>1,<\/strong> Szmolek <strong>1,<\/strong> Jacques <strong>2,<\/strong> Mlink\u00f3, Tepl\u00e1n <strong>1,<\/strong> BALLAI A. <strong>5. Edz\u0151:<\/strong> Elek G\u00e1bor<br \/>\n<strong>FERENCV\u00c1ROS:<\/strong> B\u00f6de-B\u00edr\u00f3 \u2013 Bal\u00e1zs B. <strong>1,<\/strong> Tranborg <strong>1,<\/strong> Bord\u00e1s R., SIMON P. <strong>7 (1),<\/strong> VOGEL <strong>5,<\/strong> H\u00c1RSFALVI <strong>3.<\/strong> <strong>Csere:<\/strong> Janurik (kapus), Malestein <strong>5 (4),<\/strong> Szeibert <strong>1,<\/strong> INGSTAD <strong>4,<\/strong> Klujber <strong>4.<\/strong> <strong>Edz\u0151:<\/strong> Jesper Jensen<br \/>\n<strong>Az eredm\u00e9ny alakul\u00e1sa.<\/strong> <strong>5. perc:<\/strong> 2\u20134. <strong>16. p.:<\/strong> 6\u201310. <strong>27.<\/strong> <strong>p.:<\/strong> 9\u201314. <strong>37. p.:<\/strong> 17\u201318. <strong>42. p.:<\/strong> 17\u201323. <strong>51. p.:<\/strong> 22\u201328. <strong>57. p.:<\/strong> 26\u201329<br \/>\n<strong>Ki\u00e1ll\u00edt\u00e1sok:<\/strong> 6, ill. 2 perc<br \/>\n<strong>H\u00e9tm\u00e9teresek:<\/strong> 5\/4, ill. 6\/5<br \/>\n<strong>MESTERM\u00c9RLEG<\/strong><br \/>\n<strong>Elek G\u00e1bor:<\/strong> \u2013 A Fradi v\u00e9gig kontroll\u00e1lta a m\u00e9rk\u0151z\u00e9st, \u00e9s meg\u00e9rdemelte a gy\u0151zelmet. Az els\u0151 f\u00e9lid\u0151ben f\u00e1radt \u00e9s ijedt csapat benyom\u00e1s\u00e1t keltett\u00fck, a m\u00e1sodikban viszont m\u00e1r olyan teljes\u00edtm\u00e9nyt ny\u00fajtottunk, amit a k\u00f6z\u00f6ns\u00e9g\u00fcnk is elv\u00e1r.<br \/>\n<strong>Jesper Jensen:<\/strong> \u2013 S\u0171r\u0171 id\u0151szakon vagyunk t\u00fal, f\u00e1radtan \u00e9s megfogyatkozva \u00e9rkezt\u00fcnk. Az els\u0151 f\u00e9lid\u0151ben a lerohan\u00e1saink nem \u00fagy m\u0171k\u00f6dtek, ahogyan tervezt\u00fck, a m\u00e1sodikban azonban stabil el\u0151nyt harcoltunk ki.<\/p>\n<table class=\"ck-table-resized\">\n<tbody>\n<tr>\n<td><strong>AZ \u00c1LL\u00c1S<\/strong><\/td>\n<td><strong>M<\/strong><\/td>\n<td><strong>Gy<\/strong><\/td>\n<td><strong>D<\/strong><\/td>\n<td><strong>V<\/strong><\/td>\n<td><strong>L\u2013K<\/strong><\/td>\n<td><strong>Gk&nbsp;<\/strong><\/td>\n<td><strong>P&nbsp;<\/strong><\/td>\n<\/tr>\n<tr>\n<td><strong>&nbsp; 1. Gy\u0151r<\/strong><\/td>\n<td>22<\/td>\n<td>21<\/td>\n<td>1<\/td>\n<td>\u2013<\/td>\n<td>818\u2013516<\/td>\n<td>+302&nbsp;<\/td>\n<td>43&nbsp;<\/td>\n<\/tr>\n<tr>\n<td><strong>&nbsp; 2. FTC<\/strong><\/td>\n<td>22<\/td>\n<td>20<\/td>\n<td>1<\/td>\n<td>1<\/td>\n<td>756\u2013546<\/td>\n<td>+210&nbsp;<\/td>\n<td>41&nbsp;<\/td>\n<\/tr>\n<tr>\n<td><strong>&nbsp; 3. Debrecen<\/strong><\/td>\n<td>22<\/td>\n<td>20<\/td>\n<td>\u2013<\/td>\n<td>2<\/td>\n<td>738\u2013510<\/td>\n<td>+228&nbsp;<\/td>\n<td>40&nbsp;<\/td>\n<\/tr>\n<tr>\n<td><strong>&nbsp; 4. Esztergom<\/strong><\/td>\n<td>22<\/td>\n<td>15<\/td>\n<td>2<\/td>\n<td>5<\/td>\n<td>712\u2013576<\/td>\n<td>+136&nbsp;<\/td>\n<td>32&nbsp;<\/td>\n<\/tr>\n<tr>\n<td><strong>&nbsp; 5. V\u00e1c<\/strong><\/td>\n<td>22<\/td>\n<td>13<\/td>\n<td>1<\/td>\n<td>8<\/td>\n<td>653\u2013591<\/td>\n<td>+62&nbsp;<\/td>\n<td>27&nbsp;<\/td>\n<\/tr>\n<tr>\n<td><strong>&nbsp; 6. Sz\u00e9kesfeh\u00e9rv\u00e1r<\/strong><\/td>\n<td>22<\/td>\n<td>12<\/td>\n<td>1<\/td>\n<td>9<\/td>\n<td>598\u2013570<\/td>\n<td>+28&nbsp;<\/td>\n<td>25&nbsp;<\/td>\n<\/tr>\n<tr>\n<td><strong>&nbsp; 7. Mosonmagyar\u00f3v\u00e1r<\/strong><\/td>\n<td>22<\/td>\n<td>8<\/td>\n<td>2<\/td>\n<td>12<\/td>\n<td>587\u2013606<\/td>\n<td>\u201319&nbsp;<\/td>\n<td>18&nbsp;<\/td>\n<\/tr>\n<tr>\n<td><strong>&nbsp; 8. Kisv\u00e1rda<\/strong><\/td>\n<td>22<\/td>\n<td>9<\/td>\n<td>\u2013<\/td>\n<td>13<\/td>\n<td>569\u2013627<\/td>\n<td>\u201358&nbsp;<\/td>\n<td>18&nbsp;<\/td>\n<\/tr>\n<tr>\n<td><strong>&nbsp; 9. Buda\u00f6rs<\/strong><\/td>\n<td>22<\/td>\n<td>7<\/td>\n<td>3<\/td>\n<td>12<\/td>\n<td>590\u2013640<\/td>\n<td>\u201350&nbsp;<\/td>\n<td>17&nbsp;<\/td>\n<\/tr>\n<tr>\n<td><strong>10. Szombathely<\/strong><\/td>\n<td>22<\/td>\n<td>7<\/td>\n<td>2<\/td>\n<td>13<\/td>\n<td>613\u2013686<\/td>\n<td>\u201373&nbsp;<\/td>\n<td>16&nbsp;<\/td>\n<\/tr>\n<tr>\n<td><strong>11. Vasas<\/strong><\/td>\n<td>22<\/td>\n<td>6<\/td>\n<td>3<\/td>\n<td>13<\/td>\n<td>588\u2013639<\/td>\n<td>\u201351&nbsp;<\/td>\n<td>15&nbsp;<\/td>\n<\/tr>\n<tr>\n<td><strong>12. NEKA<\/strong><\/td>\n<td>22<\/td>\n<td>6<\/td>\n<td>\u2013<\/td>\n<td>16<\/td>\n<td>560\u2013694<\/td>\n<td>\u2013134&nbsp;<\/td>\n<td>12&nbsp;<\/td>\n<\/tr>\n<tr>\n<td><strong>13. Koz\u00e1rmisleny<\/strong><\/td>\n<td>22<\/td>\n<td>1<\/td>\n<td>\u2013<\/td>\n<td>21<\/td>\n<td>508\u2013748<\/td>\n<td>\u2013240&nbsp;<\/td>\n<td>2&nbsp;<\/td>\n<\/tr>\n<tr>\n<td><strong>14. Duna\u00fajv\u00e1ros<\/strong><\/td>\n<td>22<\/td>\n<td>\u2013<\/td>\n<td>2<\/td>\n<td>20<\/td>\n<td>472\u2013813<\/td>\n<td>\u2013341&nbsp;<\/td>\n<td>2<\/td>\n<\/tr>\n<\/tbody>\n<\/table>\n<p><em>Felhaszn\u00e1lt forr\u00e1sok: <a href=\"https:\/\/www.facebook.com\/esztergomhandball\" target=\"_blank\" rel=\"noopener\"><span style=\"text-decoration: underline;\"><span style=\"color: #0000ff; text-decoration: underline;\">Esztergom Handball Facebook-oldal<\/span><\/span><\/a> \/ <a href=\"https:\/\/www.nemzetisport.hu\/kezilabda\/2026\/04\/szucsanszki-zitat-elbucsuztattak-esztergomban-ahol-az-ftc-orulhetett-a-rangado-utan\" target=\"_blank\" rel=\"noopener\"><span style=\"text-decoration: underline; color: #0000ff;\">Nemzeti Sport<\/span><\/a><\/em><br \/>\n<em>Bor\u00edt\u00f3k\u00e9p: Esztergom Handball Facebook-oldal<\/em><\/p>\n","protected":false},"excerpt":{"rendered":"<p>Szoros m\u00e9rk\u0151z\u00e9sen szenvedett veres\u00e9get a MOL Esztergom az FTC-Rail Cargo Hungaria ellen a n\u0151i k\u00e9zilabda NB I 22. fordul\u00f3j\u00e1ban, \u00e1prilis 28-\u00e1n, kedden. A vend\u00e9gek v\u00e9g\u00fcl 31\u201328-ra nyertek a Suzuki Ar\u00e9n\u00e1ban. A tal\u00e1lkoz\u00f3t a Ferencv\u00e1ros kezdte jobban, gyorsan el\u0151nybe ker\u00fcltek, de a hazaiak igyekeztek tartani a l\u00e9p\u00e9st. Hajtai Vanessza \u00e9s Varga Em\u00edlia g\u00f3ljaival kapaszkodott az Esztergom,<\/p>\n","protected":false},"author":1,"featured_media":79828,"comment_status":"closed","ping_status":"closed","sticky":false,"template":"","format":"standard","meta":{"ngg_post_thumbnail":0,"footnotes":""},"categories":[38,3,5],"tags":[42,355,8025,7855,16],"class_list":{"0":"post-79827","1":"post","2":"type-post","3":"status-publish","4":"format-standard","5":"has-post-thumbnail","7":"category-esztergom","8":"category-hirek","9":"category-sport","10":"tag-esztergom","11":"tag-kezilabda","12":"tag-mol-esztergom","13":"tag-nb-i","14":"tag-sport"},"yoast_head":"<!-- This site is optimized with the Yoast SEO plugin v27.5 - https:\/\/yoast.com\/product\/yoast-seo-wordpress\/ -->\n<title>Szoros meccsen kapott ki az Esztergom, Szucs\u00e1nszki Zit\u00e1t is b\u00facs\u00faztatt\u00e1k<\/title>\n<meta name=\"robots\" content=\"index, follow, max-snippet:-1, max-image-preview:large, max-video-preview:-1\" \/>\n<link rel=\"canonical\" href=\"https:\/\/dorogimedence.hu\/index.php\/2026\/04\/29\/szoros-meccsen-kapott-ki-az-esztergom-szucsanszki-zitat-is-bucsuztattak\/\" class=\"yoast-seo-meta-tag\" \/>\n<meta property=\"og:locale\" content=\"hu_HU\" class=\"yoast-seo-meta-tag\" \/>\n<meta property=\"og:type\" content=\"article\" class=\"yoast-seo-meta-tag\" \/>\n<meta property=\"og:title\" content=\"Szoros meccsen kapott ki az Esztergom, Szucs\u00e1nszki Zit\u00e1t is b\u00facs\u00faztatt\u00e1k\" class=\"yoast-seo-meta-tag\" \/>\n<meta property=\"og:description\" content=\"Szoros m\u00e9rk\u0151z\u00e9sen szenvedett veres\u00e9get a MOL Esztergom az FTC-Rail Cargo Hungaria ellen a n\u0151i k\u00e9zilabda NB I 22. fordul\u00f3j\u00e1ban, \u00e1prilis 28-\u00e1n, kedden. A vend\u00e9gek v\u00e9g\u00fcl 31\u201328-ra nyertek a Suzuki Ar\u00e9n\u00e1ban. A tal\u00e1lkoz\u00f3t a Ferencv\u00e1ros kezdte jobban, gyorsan el\u0151nybe ker\u00fcltek, de a hazaiak igyekeztek tartani a l\u00e9p\u00e9st. Hajtai Vanessza \u00e9s Varga Em\u00edlia g\u00f3ljaival kapaszkodott az Esztergom,\" class=\"yoast-seo-meta-tag\" \/>\n<meta property=\"og:url\" content=\"https:\/\/dorogimedence.hu\/index.php\/2026\/04\/29\/szoros-meccsen-kapott-ki-az-esztergom-szucsanszki-zitat-is-bucsuztattak\/\" class=\"yoast-seo-meta-tag\" \/>\n<meta property=\"og:site_name\" content=\"Dorogi-medence Region\u00e1lis H\u00edrport\u00e1l\" class=\"yoast-seo-meta-tag\" \/>\n<meta property=\"article:publisher\" content=\"https:\/\/www.facebook.com\/dorogimedence\/\" class=\"yoast-seo-meta-tag\" \/>\n<meta property=\"article:published_time\" content=\"2026-04-29T09:23:15+00:00\" class=\"yoast-seo-meta-tag\" \/>\n<meta property=\"og:image\" content=\"https:\/\/dorogimedence.hu\/wp-content\/uploads\/2026\/04\/kezilabda-2.jpg\" class=\"yoast-seo-meta-tag\" \/>\n\t<meta property=\"og:image:width\" content=\"1920\" class=\"yoast-seo-meta-tag\" \/>\n\t<meta property=\"og:image:height\" content=\"970\" class=\"yoast-seo-meta-tag\" \/>\n\t<meta property=\"og:image:type\" content=\"image\/jpeg\" class=\"yoast-seo-meta-tag\" \/>\n<meta name=\"author\" content=\"dorogimedence.hu\" class=\"yoast-seo-meta-tag\" \/>\n<meta name=\"twitter:card\" content=\"summary_large_image\" class=\"yoast-seo-meta-tag\" \/>\n<meta name=\"twitter:label1\" content=\"Szerz\u0151:\" class=\"yoast-seo-meta-tag\" \/>\n\t<meta name=\"twitter:data1\" content=\"dorogimedence.hu\" class=\"yoast-seo-meta-tag\" \/>\n\t<meta name=\"twitter:label2\" content=\"Becs\u00fclt olvas\u00e1si id\u0151\" class=\"yoast-seo-meta-tag\" \/>\n\t<meta name=\"twitter:data2\" content=\"3 perc\" class=\"yoast-seo-meta-tag\" \/>\n<script type=\"application\/ld+json\" class=\"yoast-schema-graph\">{\"@context\":\"https:\\\/\\\/schema.org\",\"@graph\":[{\"@type\":\"Article\",\"@id\":\"https:\\\/\\\/dorogimedence.hu\\\/index.php\\\/2026\\\/04\\\/29\\\/szoros-meccsen-kapott-ki-az-esztergom-szucsanszki-zitat-is-bucsuztattak\\\/#article\",\"isPartOf\":{\"@id\":\"https:\\\/\\\/dorogimedence.hu\\\/index.php\\\/2026\\\/04\\\/29\\\/szoros-meccsen-kapott-ki-az-esztergom-szucsanszki-zitat-is-bucsuztattak\\\/\"},\"author\":{\"name\":\"dorogimedence.hu\",\"@id\":\"https:\\\/\\\/dorogimedence.hu\\\/#\\\/schema\\\/person\\\/ce6091eeb7e95ecdc87890d6aa8e0fd4\"},\"headline\":\"Szoros meccsen kapott ki az Esztergom, Szucs\u00e1nszki Zit\u00e1t is b\u00facs\u00faztatt\u00e1k\",\"datePublished\":\"2026-04-29T09:23:15+00:00\",\"mainEntityOfPage\":{\"@id\":\"https:\\\/\\\/dorogimedence.hu\\\/index.php\\\/2026\\\/04\\\/29\\\/szoros-meccsen-kapott-ki-az-esztergom-szucsanszki-zitat-is-bucsuztattak\\\/\"},\"wordCount\":604,\"publisher\":{\"@id\":\"https:\\\/\\\/dorogimedence.hu\\\/#organization\"},\"image\":{\"@id\":\"https:\\\/\\\/dorogimedence.hu\\\/index.php\\\/2026\\\/04\\\/29\\\/szoros-meccsen-kapott-ki-az-esztergom-szucsanszki-zitat-is-bucsuztattak\\\/#primaryimage\"},\"thumbnailUrl\":\"https:\\\/\\\/dorogimedence.hu\\\/wp-content\\\/uploads\\\/2026\\\/04\\\/kezilabda-2.jpg\",\"keywords\":[\"esztergom\",\"k\u00e9zilabda\",\"Mol Esztergom\",\"NB I\",\"sport\"],\"articleSection\":[\"Esztergom\",\"H\u00edrek\",\"Sport\"],\"inLanguage\":\"hu\"},{\"@type\":\"WebPage\",\"@id\":\"https:\\\/\\\/dorogimedence.hu\\\/index.php\\\/2026\\\/04\\\/29\\\/szoros-meccsen-kapott-ki-az-esztergom-szucsanszki-zitat-is-bucsuztattak\\\/\",\"url\":\"https:\\\/\\\/dorogimedence.hu\\\/index.php\\\/2026\\\/04\\\/29\\\/szoros-meccsen-kapott-ki-az-esztergom-szucsanszki-zitat-is-bucsuztattak\\\/\",\"name\":\"Szoros meccsen kapott ki az Esztergom, Szucs\u00e1nszki Zit\u00e1t is b\u00facs\u00faztatt\u00e1k\",\"isPartOf\":{\"@id\":\"https:\\\/\\\/dorogimedence.hu\\\/#website\"},\"primaryImageOfPage\":{\"@id\":\"https:\\\/\\\/dorogimedence.hu\\\/index.php\\\/2026\\\/04\\\/29\\\/szoros-meccsen-kapott-ki-az-esztergom-szucsanszki-zitat-is-bucsuztattak\\\/#primaryimage\"},\"image\":{\"@id\":\"https:\\\/\\\/dorogimedence.hu\\\/index.php\\\/2026\\\/04\\\/29\\\/szoros-meccsen-kapott-ki-az-esztergom-szucsanszki-zitat-is-bucsuztattak\\\/#primaryimage\"},\"thumbnailUrl\":\"https:\\\/\\\/dorogimedence.hu\\\/wp-content\\\/uploads\\\/2026\\\/04\\\/kezilabda-2.jpg\",\"datePublished\":\"2026-04-29T09:23:15+00:00\",\"breadcrumb\":{\"@id\":\"https:\\\/\\\/dorogimedence.hu\\\/index.php\\\/2026\\\/04\\\/29\\\/szoros-meccsen-kapott-ki-az-esztergom-szucsanszki-zitat-is-bucsuztattak\\\/#breadcrumb\"},\"inLanguage\":\"hu\",\"potentialAction\":[{\"@type\":\"ReadAction\",\"target\":[\"https:\\\/\\\/dorogimedence.hu\\\/index.php\\\/2026\\\/04\\\/29\\\/szoros-meccsen-kapott-ki-az-esztergom-szucsanszki-zitat-is-bucsuztattak\\\/\"]}]},{\"@type\":\"ImageObject\",\"inLanguage\":\"hu\",\"@id\":\"https:\\\/\\\/dorogimedence.hu\\\/index.php\\\/2026\\\/04\\\/29\\\/szoros-meccsen-kapott-ki-az-esztergom-szucsanszki-zitat-is-bucsuztattak\\\/#primaryimage\",\"url\":\"https:\\\/\\\/dorogimedence.hu\\\/wp-content\\\/uploads\\\/2026\\\/04\\\/kezilabda-2.jpg\",\"contentUrl\":\"https:\\\/\\\/dorogimedence.hu\\\/wp-content\\\/uploads\\\/2026\\\/04\\\/kezilabda-2.jpg\",\"width\":1920,\"height\":970},{\"@type\":\"BreadcrumbList\",\"@id\":\"https:\\\/\\\/dorogimedence.hu\\\/index.php\\\/2026\\\/04\\\/29\\\/szoros-meccsen-kapott-ki-az-esztergom-szucsanszki-zitat-is-bucsuztattak\\\/#breadcrumb\",\"itemListElement\":[{\"@type\":\"ListItem\",\"position\":1,\"name\":\"Kezd\u0151lap\",\"item\":\"https:\\\/\\\/dorogimedence.hu\\\/\"},{\"@type\":\"ListItem\",\"position\":2,\"name\":\"Szoros meccsen kapott ki az Esztergom, Szucs\u00e1nszki Zit\u00e1t is b\u00facs\u00faztatt\u00e1k\"}]},{\"@type\":\"WebSite\",\"@id\":\"https:\\\/\\\/dorogimedence.hu\\\/#website\",\"url\":\"https:\\\/\\\/dorogimedence.hu\\\/\",\"name\":\"Dorogi-medence Region\u00e1lis H\u00edrport\u00e1l\",\"description\":\"Dorog, Keszt\u00f6lc, Le\u00e1nyv\u00e1r, Piliscs\u00e9v, Tokod, Tokodalt\u00e1r\u00f3, Csolnok, Esztergom-kertv\u00e1ros: h\u00edrek, programok\",\"publisher\":{\"@id\":\"https:\\\/\\\/dorogimedence.hu\\\/#organization\"},\"potentialAction\":[{\"@type\":\"SearchAction\",\"target\":{\"@type\":\"EntryPoint\",\"urlTemplate\":\"https:\\\/\\\/dorogimedence.hu\\\/?s={search_term_string}\"},\"query-input\":{\"@type\":\"PropertyValueSpecification\",\"valueRequired\":true,\"valueName\":\"search_term_string\"}}],\"inLanguage\":\"hu\"},{\"@type\":\"Organization\",\"@id\":\"https:\\\/\\\/dorogimedence.hu\\\/#organization\",\"name\":\"Dorogi-medence Region\u00e1lis H\u00edrport\u00e1l\",\"url\":\"https:\\\/\\\/dorogimedence.hu\\\/\",\"logo\":{\"@type\":\"ImageObject\",\"inLanguage\":\"hu\",\"@id\":\"https:\\\/\\\/dorogimedence.hu\\\/#\\\/schema\\\/logo\\\/image\\\/\",\"url\":\"https:\\\/\\\/dorogimedence.hu\\\/wp-content\\\/uploads\\\/2021\\\/04\\\/logo-feher-600.png\",\"contentUrl\":\"https:\\\/\\\/dorogimedence.hu\\\/wp-content\\\/uploads\\\/2021\\\/04\\\/logo-feher-600.png\",\"width\":600,\"height\":100,\"caption\":\"Dorogi-medence Region\u00e1lis H\u00edrport\u00e1l\"},\"image\":{\"@id\":\"https:\\\/\\\/dorogimedence.hu\\\/#\\\/schema\\\/logo\\\/image\\\/\"},\"sameAs\":[\"https:\\\/\\\/www.facebook.com\\\/dorogimedence\\\/\"]},{\"@type\":\"Person\",\"@id\":\"https:\\\/\\\/dorogimedence.hu\\\/#\\\/schema\\\/person\\\/ce6091eeb7e95ecdc87890d6aa8e0fd4\",\"name\":\"dorogimedence.hu\",\"image\":{\"@type\":\"ImageObject\",\"inLanguage\":\"hu\",\"@id\":\"\\\/\\\/www.gravatar.com\\\/avatar\\\/d8d45f8901aadff40a4af72c0b826f1d?s=96&#038;r=g&#038;d=mm\",\"url\":\"\\\/\\\/www.gravatar.com\\\/avatar\\\/d8d45f8901aadff40a4af72c0b826f1d?s=96&#038;r=g&#038;d=mm\",\"contentUrl\":\"\\\/\\\/www.gravatar.com\\\/avatar\\\/d8d45f8901aadff40a4af72c0b826f1d?s=96&#038;r=g&#038;d=mm\",\"caption\":\"dorogimedence.hu\"}}]}<\/script>\n<!-- \/ Yoast SEO plugin. -->","yoast_head_json":{"title":"Szoros meccsen kapott ki az Esztergom, Szucs\u00e1nszki Zit\u00e1t is b\u00facs\u00faztatt\u00e1k","robots":{"index":"index","follow":"follow","max-snippet":"max-snippet:-1","max-image-preview":"max-image-preview:large","max-video-preview":"max-video-preview:-1"},"canonical":"https:\/\/dorogimedence.hu\/index.php\/2026\/04\/29\/szoros-meccsen-kapott-ki-az-esztergom-szucsanszki-zitat-is-bucsuztattak\/","og_locale":"hu_HU","og_type":"article","og_title":"Szoros meccsen kapott ki az Esztergom, Szucs\u00e1nszki Zit\u00e1t is b\u00facs\u00faztatt\u00e1k","og_description":"Szoros m\u00e9rk\u0151z\u00e9sen szenvedett veres\u00e9get a MOL Esztergom az FTC-Rail Cargo Hungaria ellen a n\u0151i k\u00e9zilabda NB I 22. fordul\u00f3j\u00e1ban, \u00e1prilis 28-\u00e1n, kedden. A vend\u00e9gek v\u00e9g\u00fcl 31\u201328-ra nyertek a Suzuki Ar\u00e9n\u00e1ban. A tal\u00e1lkoz\u00f3t a Ferencv\u00e1ros kezdte jobban, gyorsan el\u0151nybe ker\u00fcltek, de a hazaiak igyekeztek tartani a l\u00e9p\u00e9st. Hajtai Vanessza \u00e9s Varga Em\u00edlia g\u00f3ljaival kapaszkodott az Esztergom,","og_url":"https:\/\/dorogimedence.hu\/index.php\/2026\/04\/29\/szoros-meccsen-kapott-ki-az-esztergom-szucsanszki-zitat-is-bucsuztattak\/","og_site_name":"Dorogi-medence Region\u00e1lis H\u00edrport\u00e1l","article_publisher":"https:\/\/www.facebook.com\/dorogimedence\/","article_published_time":"2026-04-29T09:23:15+00:00","og_image":[{"width":1920,"height":970,"url":"https:\/\/dorogimedence.hu\/wp-content\/uploads\/2026\/04\/kezilabda-2.jpg","type":"image\/jpeg"}],"author":"dorogimedence.hu","twitter_card":"summary_large_image","twitter_misc":{"Szerz\u0151:":"dorogimedence.hu","Becs\u00fclt olvas\u00e1si id\u0151":"3 perc"},"schema":{"@context":"https:\/\/schema.org","@graph":[{"@type":"Article","@id":"https:\/\/dorogimedence.hu\/index.php\/2026\/04\/29\/szoros-meccsen-kapott-ki-az-esztergom-szucsanszki-zitat-is-bucsuztattak\/#article","isPartOf":{"@id":"https:\/\/dorogimedence.hu\/index.php\/2026\/04\/29\/szoros-meccsen-kapott-ki-az-esztergom-szucsanszki-zitat-is-bucsuztattak\/"},"author":{"name":"dorogimedence.hu","@id":"https:\/\/dorogimedence.hu\/#\/schema\/person\/ce6091eeb7e95ecdc87890d6aa8e0fd4"},"headline":"Szoros meccsen kapott ki az Esztergom, Szucs\u00e1nszki Zit\u00e1t is b\u00facs\u00faztatt\u00e1k","datePublished":"2026-04-29T09:23:15+00:00","mainEntityOfPage":{"@id":"https:\/\/dorogimedence.hu\/index.php\/2026\/04\/29\/szoros-meccsen-kapott-ki-az-esztergom-szucsanszki-zitat-is-bucsuztattak\/"},"wordCount":604,"publisher":{"@id":"https:\/\/dorogimedence.hu\/#organization"},"image":{"@id":"https:\/\/dorogimedence.hu\/index.php\/2026\/04\/29\/szoros-meccsen-kapott-ki-az-esztergom-szucsanszki-zitat-is-bucsuztattak\/#primaryimage"},"thumbnailUrl":"https:\/\/dorogimedence.hu\/wp-content\/uploads\/2026\/04\/kezilabda-2.jpg","keywords":["esztergom","k\u00e9zilabda","Mol Esztergom","NB I","sport"],"articleSection":["Esztergom","H\u00edrek","Sport"],"inLanguage":"hu"},{"@type":"WebPage","@id":"https:\/\/dorogimedence.hu\/index.php\/2026\/04\/29\/szoros-meccsen-kapott-ki-az-esztergom-szucsanszki-zitat-is-bucsuztattak\/","url":"https:\/\/dorogimedence.hu\/index.php\/2026\/04\/29\/szoros-meccsen-kapott-ki-az-esztergom-szucsanszki-zitat-is-bucsuztattak\/","name":"Szoros meccsen kapott ki az Esztergom, Szucs\u00e1nszki Zit\u00e1t is b\u00facs\u00faztatt\u00e1k","isPartOf":{"@id":"https:\/\/dorogimedence.hu\/#website"},"primaryImageOfPage":{"@id":"https:\/\/dorogimedence.hu\/index.php\/2026\/04\/29\/szoros-meccsen-kapott-ki-az-esztergom-szucsanszki-zitat-is-bucsuztattak\/#primaryimage"},"image":{"@id":"https:\/\/dorogimedence.hu\/index.php\/2026\/04\/29\/szoros-meccsen-kapott-ki-az-esztergom-szucsanszki-zitat-is-bucsuztattak\/#primaryimage"},"thumbnailUrl":"https:\/\/dorogimedence.hu\/wp-content\/uploads\/2026\/04\/kezilabda-2.jpg","datePublished":"2026-04-29T09:23:15+00:00","breadcrumb":{"@id":"https:\/\/dorogimedence.hu\/index.php\/2026\/04\/29\/szoros-meccsen-kapott-ki-az-esztergom-szucsanszki-zitat-is-bucsuztattak\/#breadcrumb"},"inLanguage":"hu","potentialAction":[{"@type":"ReadAction","target":["https:\/\/dorogimedence.hu\/index.php\/2026\/04\/29\/szoros-meccsen-kapott-ki-az-esztergom-szucsanszki-zitat-is-bucsuztattak\/"]}]},{"@type":"ImageObject","inLanguage":"hu","@id":"https:\/\/dorogimedence.hu\/index.php\/2026\/04\/29\/szoros-meccsen-kapott-ki-az-esztergom-szucsanszki-zitat-is-bucsuztattak\/#primaryimage","url":"https:\/\/dorogimedence.hu\/wp-content\/uploads\/2026\/04\/kezilabda-2.jpg","contentUrl":"https:\/\/dorogimedence.hu\/wp-content\/uploads\/2026\/04\/kezilabda-2.jpg","width":1920,"height":970},{"@type":"BreadcrumbList","@id":"https:\/\/dorogimedence.hu\/index.php\/2026\/04\/29\/szoros-meccsen-kapott-ki-az-esztergom-szucsanszki-zitat-is-bucsuztattak\/#breadcrumb","itemListElement":[{"@type":"ListItem","position":1,"name":"Kezd\u0151lap","item":"https:\/\/dorogimedence.hu\/"},{"@type":"ListItem","position":2,"name":"Szoros meccsen kapott ki az Esztergom, Szucs\u00e1nszki Zit\u00e1t is b\u00facs\u00faztatt\u00e1k"}]},{"@type":"WebSite","@id":"https:\/\/dorogimedence.hu\/#website","url":"https:\/\/dorogimedence.hu\/","name":"Dorogi-medence Region\u00e1lis H\u00edrport\u00e1l","description":"Dorog, Keszt\u00f6lc, Le\u00e1nyv\u00e1r, Piliscs\u00e9v, Tokod, Tokodalt\u00e1r\u00f3, Csolnok, Esztergom-kertv\u00e1ros: h\u00edrek, programok","publisher":{"@id":"https:\/\/dorogimedence.hu\/#organization"},"potentialAction":[{"@type":"SearchAction","target":{"@type":"EntryPoint","urlTemplate":"https:\/\/dorogimedence.hu\/?s={search_term_string}"},"query-input":{"@type":"PropertyValueSpecification","valueRequired":true,"valueName":"search_term_string"}}],"inLanguage":"hu"},{"@type":"Organization","@id":"https:\/\/dorogimedence.hu\/#organization","name":"Dorogi-medence Region\u00e1lis H\u00edrport\u00e1l","url":"https:\/\/dorogimedence.hu\/","logo":{"@type":"ImageObject","inLanguage":"hu","@id":"https:\/\/dorogimedence.hu\/#\/schema\/logo\/image\/","url":"https:\/\/dorogimedence.hu\/wp-content\/uploads\/2021\/04\/logo-feher-600.png","contentUrl":"https:\/\/dorogimedence.hu\/wp-content\/uploads\/2021\/04\/logo-feher-600.png","width":600,"height":100,"caption":"Dorogi-medence Region\u00e1lis H\u00edrport\u00e1l"},"image":{"@id":"https:\/\/dorogimedence.hu\/#\/schema\/logo\/image\/"},"sameAs":["https:\/\/www.facebook.com\/dorogimedence\/"]},{"@type":"Person","@id":"https:\/\/dorogimedence.hu\/#\/schema\/person\/ce6091eeb7e95ecdc87890d6aa8e0fd4","name":"dorogimedence.hu","image":{"@type":"ImageObject","inLanguage":"hu","@id":"\/\/www.gravatar.com\/avatar\/d8d45f8901aadff40a4af72c0b826f1d?s=96&#038;r=g&#038;d=mm","url":"\/\/www.gravatar.com\/avatar\/d8d45f8901aadff40a4af72c0b826f1d?s=96&#038;r=g&#038;d=mm","contentUrl":"\/\/www.gravatar.com\/avatar\/d8d45f8901aadff40a4af72c0b826f1d?s=96&#038;r=g&#038;d=mm","caption":"dorogimedence.hu"}}]}},"_links":{"self":[{"href":"https:\/\/dorogimedence.hu\/index.php\/wp-json\/wp\/v2\/posts\/79827","targetHints":{"allow":["GET"]}}],"collection":[{"href":"https:\/\/dorogimedence.hu\/index.php\/wp-json\/wp\/v2\/posts"}],"about":[{"href":"https:\/\/dorogimedence.hu\/index.php\/wp-json\/wp\/v2\/types\/post"}],"author":[{"embeddable":true,"href":"https:\/\/dorogimedence.hu\/index.php\/wp-json\/wp\/v2\/users\/1"}],"replies":[{"embeddable":true,"href":"https:\/\/dorogimedence.hu\/index.php\/wp-json\/wp\/v2\/comments?post=79827"}],"version-history":[{"count":1,"href":"https:\/\/dorogimedence.hu\/index.php\/wp-json\/wp\/v2\/posts\/79827\/revisions"}],"predecessor-version":[{"id":79829,"href":"https:\/\/dorogimedence.hu\/index.php\/wp-json\/wp\/v2\/posts\/79827\/revisions\/79829"}],"wp:featuredmedia":[{"embeddable":true,"href":"https:\/\/dorogimedence.hu\/index.php\/wp-json\/wp\/v2\/media\/79828"}],"wp:attachment":[{"href":"https:\/\/dorogimedence.hu\/index.php\/wp-json\/wp\/v2\/media?parent=79827"}],"wp:term":[{"taxonomy":"category","embeddable":true,"href":"https:\/\/dorogimedence.hu\/index.php\/wp-json\/wp\/v2\/categories?post=79827"},{"taxonomy":"post_tag","embeddable":true,"href":"https:\/\/dorogimedence.hu\/index.php\/wp-json\/wp\/v2\/tags?post=79827"}],"curies":[{"name":"wp","href":"https:\/\/api.w.org\/{rel}","templated":true}]}}