{"id":79811,"date":"2026-04-28T14:33:11","date_gmt":"2026-04-28T12:33:11","guid":{"rendered":"https:\/\/dorogimedence.hu\/?p=79811"},"modified":"2026-04-28T14:33:11","modified_gmt":"2026-04-28T12:33:11","slug":"kozel-200-viragot-ultettek-a-fold-napjan-a-meszlenyi-iskolaban","status":"publish","type":"post","link":"https:\/\/dorogimedence.hu\/index.php\/2026\/04\/28\/kozel-200-viragot-ultettek-a-fold-napjan-a-meszlenyi-iskolaban\/","title":{"rendered":"K\u00f6zel 200 vir\u00e1got \u00fcltettek a F\u00f6ld napj\u00e1n a Meszl\u00e9nyi iskol\u00e1ban"},"content":{"rendered":"<p><strong>A F\u00f6ld napja alkalm\u00e1b\u00f3l l\u00e1tv\u00e1nyos \u00e9s p\u00e9lda\u00e9rt\u00e9k\u0171 akci\u00f3val csatlakozott a nemzetk\u00f6zi kezdem\u00e9nyez\u00e9shez az esztergom-kertv\u00e1rosi <a href=\"https:\/\/www.facebook.com\/permalink.php?story_fbid=pfbid0fCDCZph3ABMu9apQUqrMDWKitF6tVsuRRHyBEL1u2LdmMR3CDFSH7TLhRPRoH2hfl&amp;id=100057239088301\" target=\"_blank\" rel=\"noopener\"><span style=\"text-decoration: underline; color: #0000ff;\">Meszl\u00e9nyi Zolt\u00e1n Katolikus \u00c1ltal\u00e1nos Iskola<\/span><\/a>.<\/strong><\/p>\n<p>Az \u00e1prilis 22-\u00e9n tartott program c\u00e9lja id\u00e9n is az volt, hogy felh\u00edvja a figyelmet a k\u00f6rnyezetv\u00e9delem fontoss\u00e1g\u00e1ra, valamint arra, hogy mindannyian felel\u0151sek vagyunk bolyg\u00f3nk j\u00f6v\u0151j\u00e9\u00e9rt. A kezdem\u00e9nyez\u00e9shez az iskola teljes k\u00f6z\u00f6ss\u00e9ge megmozdult: di\u00e1kok \u00e9s pedag\u00f3gusok egy\u00fctt dolgoztak az\u00e9rt, hogy szebb\u00e9 tegy\u00e9k k\u00f6rnyezet\u00fcket.<\/p>\n<p><img fetchpriority=\"high\" decoding=\"async\" class=\"alignnone size-full wp-image-79813\" src=\"https:\/\/dorogimedence.hu\/wp-content\/uploads\/2026\/04\/680896559_1489748656276423_7633767896152839884_n.jpg\" alt=\"\" width=\"2048\" height=\"1536\" srcset=\"https:\/\/dorogimedence.hu\/wp-content\/uploads\/2026\/04\/680896559_1489748656276423_7633767896152839884_n.jpg 2048w, https:\/\/dorogimedence.hu\/wp-content\/uploads\/2026\/04\/680896559_1489748656276423_7633767896152839884_n-600x450.jpg 600w, https:\/\/dorogimedence.hu\/wp-content\/uploads\/2026\/04\/680896559_1489748656276423_7633767896152839884_n-1920x1440.jpg 1920w, https:\/\/dorogimedence.hu\/wp-content\/uploads\/2026\/04\/680896559_1489748656276423_7633767896152839884_n-768x576.jpg 768w, https:\/\/dorogimedence.hu\/wp-content\/uploads\/2026\/04\/680896559_1489748656276423_7633767896152839884_n-1536x1152.jpg 1536w, https:\/\/dorogimedence.hu\/wp-content\/uploads\/2026\/04\/680896559_1489748656276423_7633767896152839884_n-150x113.jpg 150w, https:\/\/dorogimedence.hu\/wp-content\/uploads\/2026\/04\/680896559_1489748656276423_7633767896152839884_n-450x338.jpg 450w, https:\/\/dorogimedence.hu\/wp-content\/uploads\/2026\/04\/680896559_1489748656276423_7633767896152839884_n-1200x900.jpg 1200w\" sizes=\"(max-width: 2048px) 100vw, 2048px\" \/><\/p>\n<p>A nap egyik legl\u00e1tv\u00e1nyosabb eredm\u00e9nye, hogy a tanul\u00f3k k\u00f6zel 200 darab vir\u00e1got hoztak otthonr\u00f3l, amelyeket az iskolaudvar k\u00fcl\u00f6nb\u00f6z\u0151 r\u00e9szein \u00fcltettek el. A k\u00f6z\u00f6s munka sor\u00e1n az udvar jelent\u0151sen megsz\u00e9p\u00fclt, a n\u00f6v\u00e9nyek pedig hossz\u00fa t\u00e1von is hozz\u00e1j\u00e1rulnak majd a k\u00f6rnyezet bar\u00e1ts\u00e1gosabb\u00e1 t\u00e9tel\u00e9hez.<\/p>\n<p>A program keret\u00e9ben a 7. oszt\u00e1lyos di\u00e1kok egy v\u00e9rszilvaf\u00e1t is el\u00fcltettek, amelynek gondoz\u00e1s\u00e1t v\u00e1llalt\u00e1k, \u00edgy a fa nemcsak a F\u00f6ld napj\u00e1nak eml\u00e9k\u00e9t \u0151rzi majd, hanem a k\u00f6z\u00f6ss\u00e9g \u00f6sszefog\u00e1s\u00e1t is szimboliz\u00e1lja.<\/p>\n<p><img decoding=\"async\" class=\"alignnone size-full wp-image-79814\" src=\"https:\/\/dorogimedence.hu\/wp-content\/uploads\/2026\/04\/681476870_1489748989609723_5796691340459652629_n.jpg\" alt=\"\" width=\"2048\" height=\"1536\" srcset=\"https:\/\/dorogimedence.hu\/wp-content\/uploads\/2026\/04\/681476870_1489748989609723_5796691340459652629_n.jpg 2048w, https:\/\/dorogimedence.hu\/wp-content\/uploads\/2026\/04\/681476870_1489748989609723_5796691340459652629_n-600x450.jpg 600w, https:\/\/dorogimedence.hu\/wp-content\/uploads\/2026\/04\/681476870_1489748989609723_5796691340459652629_n-1920x1440.jpg 1920w, https:\/\/dorogimedence.hu\/wp-content\/uploads\/2026\/04\/681476870_1489748989609723_5796691340459652629_n-768x576.jpg 768w, https:\/\/dorogimedence.hu\/wp-content\/uploads\/2026\/04\/681476870_1489748989609723_5796691340459652629_n-1536x1152.jpg 1536w, https:\/\/dorogimedence.hu\/wp-content\/uploads\/2026\/04\/681476870_1489748989609723_5796691340459652629_n-150x113.jpg 150w, https:\/\/dorogimedence.hu\/wp-content\/uploads\/2026\/04\/681476870_1489748989609723_5796691340459652629_n-450x338.jpg 450w, https:\/\/dorogimedence.hu\/wp-content\/uploads\/2026\/04\/681476870_1489748989609723_5796691340459652629_n-1200x900.jpg 1200w\" sizes=\"(max-width: 2048px) 100vw, 2048px\" \/><\/p>\n<p>Az akci\u00f3 szakmai ir\u00e1ny\u00edt\u00e1s\u00e1t Barany\u00e1n\u00e9 B. Szilvia tan\u00e1rn\u0151 v\u00e9gezte, aki vezet\u00e9s\u00e9vel egy igaz\u00e1n tartalmas \u00e9s maradand\u00f3 \u00e9lm\u00e9nyt ny\u00fajt\u00f3 program val\u00f3sult meg.<\/p>\n<p>A kezdem\u00e9nyez\u00e9s j\u00f3l p\u00e9ld\u00e1zza, hogy a k\u00f6rnyezettudatos szeml\u00e9let m\u00e1r fiatal korban is er\u0151s\u00edthet\u0151 \u2013 \u00e9s ak\u00e1r egy iskolaudvar is z\u00f6ldebb\u00e9 v\u00e1lhat egyetlen nap alatt.<\/p>\n<p><em>Fot\u00f3k, forr\u00e1s: Meszl\u00e9nyi Zolt\u00e1n Katolikus \u00c1ltal\u00e1nos Iskola<\/em><\/p>\n","protected":false},"excerpt":{"rendered":"<p>A F\u00f6ld napja alkalm\u00e1b\u00f3l l\u00e1tv\u00e1nyos \u00e9s p\u00e9lda\u00e9rt\u00e9k\u0171 akci\u00f3val csatlakozott a nemzetk\u00f6zi kezdem\u00e9nyez\u00e9shez az esztergom-kertv\u00e1rosi Meszl\u00e9nyi Zolt\u00e1n Katolikus \u00c1ltal\u00e1nos Iskola. Az \u00e1prilis 22-\u00e9n tartott program c\u00e9lja id\u00e9n is az volt, hogy felh\u00edvja a figyelmet a k\u00f6rnyezetv\u00e9delem fontoss\u00e1g\u00e1ra, valamint arra, hogy mindannyian felel\u0151sek vagyunk bolyg\u00f3nk j\u00f6v\u0151j\u00e9\u00e9rt. A kezdem\u00e9nyez\u00e9shez az iskola teljes k\u00f6z\u00f6ss\u00e9ge megmozdult: di\u00e1kok \u00e9s pedag\u00f3gusok egy\u00fctt<\/p>\n","protected":false},"author":1,"featured_media":79812,"comment_status":"closed","ping_status":"closed","sticky":false,"template":"","format":"standard","meta":{"ngg_post_thumbnail":0,"footnotes":""},"categories":[38,7,3],"tags":[42,169,2512,6029,2576],"class_list":{"0":"post-79811","1":"post","2":"type-post","3":"status-publish","4":"format-standard","5":"has-post-thumbnail","7":"category-esztergom","8":"category-esztergom_kertvaros","9":"category-hirek","10":"tag-esztergom","11":"tag-esztergom-kertvaros","12":"tag-fold-napja","13":"tag-meszlenyi-zoltan-katolikus-altalanos-iskola","14":"tag-viragultetes"},"yoast_head":"<!-- This site is optimized with the Yoast SEO plugin v27.4 - https:\/\/yoast.com\/product\/yoast-seo-wordpress\/ -->\n<title>K\u00f6zel 200 vir\u00e1got \u00fcltettek a F\u00f6ld napj\u00e1n a Meszl\u00e9nyi iskol\u00e1ban<\/title>\n<meta name=\"robots\" content=\"index, follow, max-snippet:-1, max-image-preview:large, max-video-preview:-1\" \/>\n<link rel=\"canonical\" href=\"https:\/\/dorogimedence.hu\/index.php\/2026\/04\/28\/kozel-200-viragot-ultettek-a-fold-napjan-a-meszlenyi-iskolaban\/\" class=\"yoast-seo-meta-tag\" \/>\n<meta property=\"og:locale\" content=\"hu_HU\" class=\"yoast-seo-meta-tag\" \/>\n<meta property=\"og:type\" content=\"article\" class=\"yoast-seo-meta-tag\" \/>\n<meta property=\"og:title\" content=\"K\u00f6zel 200 vir\u00e1got \u00fcltettek a F\u00f6ld napj\u00e1n a Meszl\u00e9nyi iskol\u00e1ban\" class=\"yoast-seo-meta-tag\" \/>\n<meta property=\"og:description\" content=\"A F\u00f6ld napja alkalm\u00e1b\u00f3l l\u00e1tv\u00e1nyos \u00e9s p\u00e9lda\u00e9rt\u00e9k\u0171 akci\u00f3val csatlakozott a nemzetk\u00f6zi kezdem\u00e9nyez\u00e9shez az esztergom-kertv\u00e1rosi Meszl\u00e9nyi Zolt\u00e1n Katolikus \u00c1ltal\u00e1nos Iskola. Az \u00e1prilis 22-\u00e9n tartott program c\u00e9lja id\u00e9n is az volt, hogy felh\u00edvja a figyelmet a k\u00f6rnyezetv\u00e9delem fontoss\u00e1g\u00e1ra, valamint arra, hogy mindannyian felel\u0151sek vagyunk bolyg\u00f3nk j\u00f6v\u0151j\u00e9\u00e9rt. A kezdem\u00e9nyez\u00e9shez az iskola teljes k\u00f6z\u00f6ss\u00e9ge megmozdult: di\u00e1kok \u00e9s pedag\u00f3gusok egy\u00fctt\" class=\"yoast-seo-meta-tag\" \/>\n<meta property=\"og:url\" content=\"https:\/\/dorogimedence.hu\/index.php\/2026\/04\/28\/kozel-200-viragot-ultettek-a-fold-napjan-a-meszlenyi-iskolaban\/\" class=\"yoast-seo-meta-tag\" \/>\n<meta property=\"og:site_name\" content=\"Dorogi-medence Region\u00e1lis H\u00edrport\u00e1l\" class=\"yoast-seo-meta-tag\" \/>\n<meta property=\"article:publisher\" content=\"https:\/\/www.facebook.com\/dorogimedence\/\" class=\"yoast-seo-meta-tag\" \/>\n<meta property=\"article:published_time\" content=\"2026-04-28T12:33:11+00:00\" class=\"yoast-seo-meta-tag\" \/>\n<meta property=\"og:image\" content=\"https:\/\/dorogimedence.hu\/wp-content\/uploads\/2026\/04\/682928931_1489748952943060_7911593120432596213_n.jpg\" class=\"yoast-seo-meta-tag\" \/>\n\t<meta property=\"og:image:width\" content=\"2048\" class=\"yoast-seo-meta-tag\" \/>\n\t<meta property=\"og:image:height\" content=\"1536\" class=\"yoast-seo-meta-tag\" \/>\n\t<meta property=\"og:image:type\" content=\"image\/jpeg\" class=\"yoast-seo-meta-tag\" \/>\n<meta name=\"author\" content=\"dorogimedence.hu\" class=\"yoast-seo-meta-tag\" \/>\n<meta name=\"twitter:card\" content=\"summary_large_image\" class=\"yoast-seo-meta-tag\" \/>\n<meta name=\"twitter:label1\" content=\"Szerz\u0151:\" class=\"yoast-seo-meta-tag\" \/>\n\t<meta name=\"twitter:data1\" content=\"dorogimedence.hu\" class=\"yoast-seo-meta-tag\" \/>\n\t<meta name=\"twitter:label2\" content=\"Becs\u00fclt olvas\u00e1si id\u0151\" class=\"yoast-seo-meta-tag\" \/>\n\t<meta name=\"twitter:data2\" content=\"2 perc\" class=\"yoast-seo-meta-tag\" \/>\n<script type=\"application\/ld+json\" class=\"yoast-schema-graph\">{\"@context\":\"https:\\\/\\\/schema.org\",\"@graph\":[{\"@type\":\"Article\",\"@id\":\"https:\\\/\\\/dorogimedence.hu\\\/index.php\\\/2026\\\/04\\\/28\\\/kozel-200-viragot-ultettek-a-fold-napjan-a-meszlenyi-iskolaban\\\/#article\",\"isPartOf\":{\"@id\":\"https:\\\/\\\/dorogimedence.hu\\\/index.php\\\/2026\\\/04\\\/28\\\/kozel-200-viragot-ultettek-a-fold-napjan-a-meszlenyi-iskolaban\\\/\"},\"author\":{\"name\":\"dorogimedence.hu\",\"@id\":\"https:\\\/\\\/dorogimedence.hu\\\/#\\\/schema\\\/person\\\/ce6091eeb7e95ecdc87890d6aa8e0fd4\"},\"headline\":\"K\u00f6zel 200 vir\u00e1got \u00fcltettek a F\u00f6ld napj\u00e1n a Meszl\u00e9nyi iskol\u00e1ban\",\"datePublished\":\"2026-04-28T12:33:11+00:00\",\"mainEntityOfPage\":{\"@id\":\"https:\\\/\\\/dorogimedence.hu\\\/index.php\\\/2026\\\/04\\\/28\\\/kozel-200-viragot-ultettek-a-fold-napjan-a-meszlenyi-iskolaban\\\/\"},\"wordCount\":315,\"publisher\":{\"@id\":\"https:\\\/\\\/dorogimedence.hu\\\/#organization\"},\"image\":{\"@id\":\"https:\\\/\\\/dorogimedence.hu\\\/index.php\\\/2026\\\/04\\\/28\\\/kozel-200-viragot-ultettek-a-fold-napjan-a-meszlenyi-iskolaban\\\/#primaryimage\"},\"thumbnailUrl\":\"https:\\\/\\\/dorogimedence.hu\\\/wp-content\\\/uploads\\\/2026\\\/04\\\/682928931_1489748952943060_7911593120432596213_n.jpg\",\"keywords\":[\"esztergom\",\"Esztergom-kertv\u00e1ros\",\"F\u00f6ld Napja\",\"Meszl\u00e9nyi Zolt\u00e1n Katolikus \u00c1ltal\u00e1nos Iskola\",\"vir\u00e1g\u00fcltet\u00e9s\"],\"articleSection\":[\"Esztergom\",\"Esztergom-kertv\u00e1ros\",\"H\u00edrek\"],\"inLanguage\":\"hu\"},{\"@type\":\"WebPage\",\"@id\":\"https:\\\/\\\/dorogimedence.hu\\\/index.php\\\/2026\\\/04\\\/28\\\/kozel-200-viragot-ultettek-a-fold-napjan-a-meszlenyi-iskolaban\\\/\",\"url\":\"https:\\\/\\\/dorogimedence.hu\\\/index.php\\\/2026\\\/04\\\/28\\\/kozel-200-viragot-ultettek-a-fold-napjan-a-meszlenyi-iskolaban\\\/\",\"name\":\"K\u00f6zel 200 vir\u00e1got \u00fcltettek a F\u00f6ld napj\u00e1n a Meszl\u00e9nyi iskol\u00e1ban\",\"isPartOf\":{\"@id\":\"https:\\\/\\\/dorogimedence.hu\\\/#website\"},\"primaryImageOfPage\":{\"@id\":\"https:\\\/\\\/dorogimedence.hu\\\/index.php\\\/2026\\\/04\\\/28\\\/kozel-200-viragot-ultettek-a-fold-napjan-a-meszlenyi-iskolaban\\\/#primaryimage\"},\"image\":{\"@id\":\"https:\\\/\\\/dorogimedence.hu\\\/index.php\\\/2026\\\/04\\\/28\\\/kozel-200-viragot-ultettek-a-fold-napjan-a-meszlenyi-iskolaban\\\/#primaryimage\"},\"thumbnailUrl\":\"https:\\\/\\\/dorogimedence.hu\\\/wp-content\\\/uploads\\\/2026\\\/04\\\/682928931_1489748952943060_7911593120432596213_n.jpg\",\"datePublished\":\"2026-04-28T12:33:11+00:00\",\"breadcrumb\":{\"@id\":\"https:\\\/\\\/dorogimedence.hu\\\/index.php\\\/2026\\\/04\\\/28\\\/kozel-200-viragot-ultettek-a-fold-napjan-a-meszlenyi-iskolaban\\\/#breadcrumb\"},\"inLanguage\":\"hu\",\"potentialAction\":[{\"@type\":\"ReadAction\",\"target\":[\"https:\\\/\\\/dorogimedence.hu\\\/index.php\\\/2026\\\/04\\\/28\\\/kozel-200-viragot-ultettek-a-fold-napjan-a-meszlenyi-iskolaban\\\/\"]}]},{\"@type\":\"ImageObject\",\"inLanguage\":\"hu\",\"@id\":\"https:\\\/\\\/dorogimedence.hu\\\/index.php\\\/2026\\\/04\\\/28\\\/kozel-200-viragot-ultettek-a-fold-napjan-a-meszlenyi-iskolaban\\\/#primaryimage\",\"url\":\"https:\\\/\\\/dorogimedence.hu\\\/wp-content\\\/uploads\\\/2026\\\/04\\\/682928931_1489748952943060_7911593120432596213_n.jpg\",\"contentUrl\":\"https:\\\/\\\/dorogimedence.hu\\\/wp-content\\\/uploads\\\/2026\\\/04\\\/682928931_1489748952943060_7911593120432596213_n.jpg\",\"width\":2048,\"height\":1536},{\"@type\":\"BreadcrumbList\",\"@id\":\"https:\\\/\\\/dorogimedence.hu\\\/index.php\\\/2026\\\/04\\\/28\\\/kozel-200-viragot-ultettek-a-fold-napjan-a-meszlenyi-iskolaban\\\/#breadcrumb\",\"itemListElement\":[{\"@type\":\"ListItem\",\"position\":1,\"name\":\"Kezd\u0151lap\",\"item\":\"https:\\\/\\\/dorogimedence.hu\\\/\"},{\"@type\":\"ListItem\",\"position\":2,\"name\":\"K\u00f6zel 200 vir\u00e1got \u00fcltettek a F\u00f6ld napj\u00e1n a Meszl\u00e9nyi iskol\u00e1ban\"}]},{\"@type\":\"WebSite\",\"@id\":\"https:\\\/\\\/dorogimedence.hu\\\/#website\",\"url\":\"https:\\\/\\\/dorogimedence.hu\\\/\",\"name\":\"Dorogi-medence Region\u00e1lis H\u00edrport\u00e1l\",\"description\":\"Dorog, Keszt\u00f6lc, Le\u00e1nyv\u00e1r, Piliscs\u00e9v, Tokod, Tokodalt\u00e1r\u00f3, Csolnok, Esztergom-kertv\u00e1ros: h\u00edrek, programok\",\"publisher\":{\"@id\":\"https:\\\/\\\/dorogimedence.hu\\\/#organization\"},\"potentialAction\":[{\"@type\":\"SearchAction\",\"target\":{\"@type\":\"EntryPoint\",\"urlTemplate\":\"https:\\\/\\\/dorogimedence.hu\\\/?s={search_term_string}\"},\"query-input\":{\"@type\":\"PropertyValueSpecification\",\"valueRequired\":true,\"valueName\":\"search_term_string\"}}],\"inLanguage\":\"hu\"},{\"@type\":\"Organization\",\"@id\":\"https:\\\/\\\/dorogimedence.hu\\\/#organization\",\"name\":\"Dorogi-medence Region\u00e1lis H\u00edrport\u00e1l\",\"url\":\"https:\\\/\\\/dorogimedence.hu\\\/\",\"logo\":{\"@type\":\"ImageObject\",\"inLanguage\":\"hu\",\"@id\":\"https:\\\/\\\/dorogimedence.hu\\\/#\\\/schema\\\/logo\\\/image\\\/\",\"url\":\"https:\\\/\\\/dorogimedence.hu\\\/wp-content\\\/uploads\\\/2021\\\/04\\\/logo-feher-600.png\",\"contentUrl\":\"https:\\\/\\\/dorogimedence.hu\\\/wp-content\\\/uploads\\\/2021\\\/04\\\/logo-feher-600.png\",\"width\":600,\"height\":100,\"caption\":\"Dorogi-medence Region\u00e1lis H\u00edrport\u00e1l\"},\"image\":{\"@id\":\"https:\\\/\\\/dorogimedence.hu\\\/#\\\/schema\\\/logo\\\/image\\\/\"},\"sameAs\":[\"https:\\\/\\\/www.facebook.com\\\/dorogimedence\\\/\"]},{\"@type\":\"Person\",\"@id\":\"https:\\\/\\\/dorogimedence.hu\\\/#\\\/schema\\\/person\\\/ce6091eeb7e95ecdc87890d6aa8e0fd4\",\"name\":\"dorogimedence.hu\",\"image\":{\"@type\":\"ImageObject\",\"inLanguage\":\"hu\",\"@id\":\"\\\/\\\/www.gravatar.com\\\/avatar\\\/d8d45f8901aadff40a4af72c0b826f1d?s=96&#038;r=g&#038;d=mm\",\"url\":\"\\\/\\\/www.gravatar.com\\\/avatar\\\/d8d45f8901aadff40a4af72c0b826f1d?s=96&#038;r=g&#038;d=mm\",\"contentUrl\":\"\\\/\\\/www.gravatar.com\\\/avatar\\\/d8d45f8901aadff40a4af72c0b826f1d?s=96&#038;r=g&#038;d=mm\",\"caption\":\"dorogimedence.hu\"}}]}<\/script>\n<!-- \/ Yoast SEO plugin. -->","yoast_head_json":{"title":"K\u00f6zel 200 vir\u00e1got \u00fcltettek a F\u00f6ld napj\u00e1n a Meszl\u00e9nyi iskol\u00e1ban","robots":{"index":"index","follow":"follow","max-snippet":"max-snippet:-1","max-image-preview":"max-image-preview:large","max-video-preview":"max-video-preview:-1"},"canonical":"https:\/\/dorogimedence.hu\/index.php\/2026\/04\/28\/kozel-200-viragot-ultettek-a-fold-napjan-a-meszlenyi-iskolaban\/","og_locale":"hu_HU","og_type":"article","og_title":"K\u00f6zel 200 vir\u00e1got \u00fcltettek a F\u00f6ld napj\u00e1n a Meszl\u00e9nyi iskol\u00e1ban","og_description":"A F\u00f6ld napja alkalm\u00e1b\u00f3l l\u00e1tv\u00e1nyos \u00e9s p\u00e9lda\u00e9rt\u00e9k\u0171 akci\u00f3val csatlakozott a nemzetk\u00f6zi kezdem\u00e9nyez\u00e9shez az esztergom-kertv\u00e1rosi Meszl\u00e9nyi Zolt\u00e1n Katolikus \u00c1ltal\u00e1nos Iskola. Az \u00e1prilis 22-\u00e9n tartott program c\u00e9lja id\u00e9n is az volt, hogy felh\u00edvja a figyelmet a k\u00f6rnyezetv\u00e9delem fontoss\u00e1g\u00e1ra, valamint arra, hogy mindannyian felel\u0151sek vagyunk bolyg\u00f3nk j\u00f6v\u0151j\u00e9\u00e9rt. A kezdem\u00e9nyez\u00e9shez az iskola teljes k\u00f6z\u00f6ss\u00e9ge megmozdult: di\u00e1kok \u00e9s pedag\u00f3gusok egy\u00fctt","og_url":"https:\/\/dorogimedence.hu\/index.php\/2026\/04\/28\/kozel-200-viragot-ultettek-a-fold-napjan-a-meszlenyi-iskolaban\/","og_site_name":"Dorogi-medence Region\u00e1lis H\u00edrport\u00e1l","article_publisher":"https:\/\/www.facebook.com\/dorogimedence\/","article_published_time":"2026-04-28T12:33:11+00:00","og_image":[{"width":2048,"height":1536,"url":"https:\/\/dorogimedence.hu\/wp-content\/uploads\/2026\/04\/682928931_1489748952943060_7911593120432596213_n.jpg","type":"image\/jpeg"}],"author":"dorogimedence.hu","twitter_card":"summary_large_image","twitter_misc":{"Szerz\u0151:":"dorogimedence.hu","Becs\u00fclt olvas\u00e1si id\u0151":"2 perc"},"schema":{"@context":"https:\/\/schema.org","@graph":[{"@type":"Article","@id":"https:\/\/dorogimedence.hu\/index.php\/2026\/04\/28\/kozel-200-viragot-ultettek-a-fold-napjan-a-meszlenyi-iskolaban\/#article","isPartOf":{"@id":"https:\/\/dorogimedence.hu\/index.php\/2026\/04\/28\/kozel-200-viragot-ultettek-a-fold-napjan-a-meszlenyi-iskolaban\/"},"author":{"name":"dorogimedence.hu","@id":"https:\/\/dorogimedence.hu\/#\/schema\/person\/ce6091eeb7e95ecdc87890d6aa8e0fd4"},"headline":"K\u00f6zel 200 vir\u00e1got \u00fcltettek a F\u00f6ld napj\u00e1n a Meszl\u00e9nyi iskol\u00e1ban","datePublished":"2026-04-28T12:33:11+00:00","mainEntityOfPage":{"@id":"https:\/\/dorogimedence.hu\/index.php\/2026\/04\/28\/kozel-200-viragot-ultettek-a-fold-napjan-a-meszlenyi-iskolaban\/"},"wordCount":315,"publisher":{"@id":"https:\/\/dorogimedence.hu\/#organization"},"image":{"@id":"https:\/\/dorogimedence.hu\/index.php\/2026\/04\/28\/kozel-200-viragot-ultettek-a-fold-napjan-a-meszlenyi-iskolaban\/#primaryimage"},"thumbnailUrl":"https:\/\/dorogimedence.hu\/wp-content\/uploads\/2026\/04\/682928931_1489748952943060_7911593120432596213_n.jpg","keywords":["esztergom","Esztergom-kertv\u00e1ros","F\u00f6ld Napja","Meszl\u00e9nyi Zolt\u00e1n Katolikus \u00c1ltal\u00e1nos Iskola","vir\u00e1g\u00fcltet\u00e9s"],"articleSection":["Esztergom","Esztergom-kertv\u00e1ros","H\u00edrek"],"inLanguage":"hu"},{"@type":"WebPage","@id":"https:\/\/dorogimedence.hu\/index.php\/2026\/04\/28\/kozel-200-viragot-ultettek-a-fold-napjan-a-meszlenyi-iskolaban\/","url":"https:\/\/dorogimedence.hu\/index.php\/2026\/04\/28\/kozel-200-viragot-ultettek-a-fold-napjan-a-meszlenyi-iskolaban\/","name":"K\u00f6zel 200 vir\u00e1got \u00fcltettek a F\u00f6ld napj\u00e1n a Meszl\u00e9nyi iskol\u00e1ban","isPartOf":{"@id":"https:\/\/dorogimedence.hu\/#website"},"primaryImageOfPage":{"@id":"https:\/\/dorogimedence.hu\/index.php\/2026\/04\/28\/kozel-200-viragot-ultettek-a-fold-napjan-a-meszlenyi-iskolaban\/#primaryimage"},"image":{"@id":"https:\/\/dorogimedence.hu\/index.php\/2026\/04\/28\/kozel-200-viragot-ultettek-a-fold-napjan-a-meszlenyi-iskolaban\/#primaryimage"},"thumbnailUrl":"https:\/\/dorogimedence.hu\/wp-content\/uploads\/2026\/04\/682928931_1489748952943060_7911593120432596213_n.jpg","datePublished":"2026-04-28T12:33:11+00:00","breadcrumb":{"@id":"https:\/\/dorogimedence.hu\/index.php\/2026\/04\/28\/kozel-200-viragot-ultettek-a-fold-napjan-a-meszlenyi-iskolaban\/#breadcrumb"},"inLanguage":"hu","potentialAction":[{"@type":"ReadAction","target":["https:\/\/dorogimedence.hu\/index.php\/2026\/04\/28\/kozel-200-viragot-ultettek-a-fold-napjan-a-meszlenyi-iskolaban\/"]}]},{"@type":"ImageObject","inLanguage":"hu","@id":"https:\/\/dorogimedence.hu\/index.php\/2026\/04\/28\/kozel-200-viragot-ultettek-a-fold-napjan-a-meszlenyi-iskolaban\/#primaryimage","url":"https:\/\/dorogimedence.hu\/wp-content\/uploads\/2026\/04\/682928931_1489748952943060_7911593120432596213_n.jpg","contentUrl":"https:\/\/dorogimedence.hu\/wp-content\/uploads\/2026\/04\/682928931_1489748952943060_7911593120432596213_n.jpg","width":2048,"height":1536},{"@type":"BreadcrumbList","@id":"https:\/\/dorogimedence.hu\/index.php\/2026\/04\/28\/kozel-200-viragot-ultettek-a-fold-napjan-a-meszlenyi-iskolaban\/#breadcrumb","itemListElement":[{"@type":"ListItem","position":1,"name":"Kezd\u0151lap","item":"https:\/\/dorogimedence.hu\/"},{"@type":"ListItem","position":2,"name":"K\u00f6zel 200 vir\u00e1got \u00fcltettek a F\u00f6ld napj\u00e1n a Meszl\u00e9nyi iskol\u00e1ban"}]},{"@type":"WebSite","@id":"https:\/\/dorogimedence.hu\/#website","url":"https:\/\/dorogimedence.hu\/","name":"Dorogi-medence Region\u00e1lis H\u00edrport\u00e1l","description":"Dorog, Keszt\u00f6lc, Le\u00e1nyv\u00e1r, Piliscs\u00e9v, Tokod, Tokodalt\u00e1r\u00f3, Csolnok, Esztergom-kertv\u00e1ros: h\u00edrek, programok","publisher":{"@id":"https:\/\/dorogimedence.hu\/#organization"},"potentialAction":[{"@type":"SearchAction","target":{"@type":"EntryPoint","urlTemplate":"https:\/\/dorogimedence.hu\/?s={search_term_string}"},"query-input":{"@type":"PropertyValueSpecification","valueRequired":true,"valueName":"search_term_string"}}],"inLanguage":"hu"},{"@type":"Organization","@id":"https:\/\/dorogimedence.hu\/#organization","name":"Dorogi-medence Region\u00e1lis H\u00edrport\u00e1l","url":"https:\/\/dorogimedence.hu\/","logo":{"@type":"ImageObject","inLanguage":"hu","@id":"https:\/\/dorogimedence.hu\/#\/schema\/logo\/image\/","url":"https:\/\/dorogimedence.hu\/wp-content\/uploads\/2021\/04\/logo-feher-600.png","contentUrl":"https:\/\/dorogimedence.hu\/wp-content\/uploads\/2021\/04\/logo-feher-600.png","width":600,"height":100,"caption":"Dorogi-medence Region\u00e1lis H\u00edrport\u00e1l"},"image":{"@id":"https:\/\/dorogimedence.hu\/#\/schema\/logo\/image\/"},"sameAs":["https:\/\/www.facebook.com\/dorogimedence\/"]},{"@type":"Person","@id":"https:\/\/dorogimedence.hu\/#\/schema\/person\/ce6091eeb7e95ecdc87890d6aa8e0fd4","name":"dorogimedence.hu","image":{"@type":"ImageObject","inLanguage":"hu","@id":"\/\/www.gravatar.com\/avatar\/d8d45f8901aadff40a4af72c0b826f1d?s=96&#038;r=g&#038;d=mm","url":"\/\/www.gravatar.com\/avatar\/d8d45f8901aadff40a4af72c0b826f1d?s=96&#038;r=g&#038;d=mm","contentUrl":"\/\/www.gravatar.com\/avatar\/d8d45f8901aadff40a4af72c0b826f1d?s=96&#038;r=g&#038;d=mm","caption":"dorogimedence.hu"}}]}},"_links":{"self":[{"href":"https:\/\/dorogimedence.hu\/index.php\/wp-json\/wp\/v2\/posts\/79811","targetHints":{"allow":["GET"]}}],"collection":[{"href":"https:\/\/dorogimedence.hu\/index.php\/wp-json\/wp\/v2\/posts"}],"about":[{"href":"https:\/\/dorogimedence.hu\/index.php\/wp-json\/wp\/v2\/types\/post"}],"author":[{"embeddable":true,"href":"https:\/\/dorogimedence.hu\/index.php\/wp-json\/wp\/v2\/users\/1"}],"replies":[{"embeddable":true,"href":"https:\/\/dorogimedence.hu\/index.php\/wp-json\/wp\/v2\/comments?post=79811"}],"version-history":[{"count":1,"href":"https:\/\/dorogimedence.hu\/index.php\/wp-json\/wp\/v2\/posts\/79811\/revisions"}],"predecessor-version":[{"id":79815,"href":"https:\/\/dorogimedence.hu\/index.php\/wp-json\/wp\/v2\/posts\/79811\/revisions\/79815"}],"wp:featuredmedia":[{"embeddable":true,"href":"https:\/\/dorogimedence.hu\/index.php\/wp-json\/wp\/v2\/media\/79812"}],"wp:attachment":[{"href":"https:\/\/dorogimedence.hu\/index.php\/wp-json\/wp\/v2\/media?parent=79811"}],"wp:term":[{"taxonomy":"category","embeddable":true,"href":"https:\/\/dorogimedence.hu\/index.php\/wp-json\/wp\/v2\/categories?post=79811"},{"taxonomy":"post_tag","embeddable":true,"href":"https:\/\/dorogimedence.hu\/index.php\/wp-json\/wp\/v2\/tags?post=79811"}],"curies":[{"name":"wp","href":"https:\/\/api.w.org\/{rel}","templated":true}]}}