{"id":79807,"date":"2026-04-28T13:59:25","date_gmt":"2026-04-28T11:59:25","guid":{"rendered":"https:\/\/dorogimedence.hu\/?p=79807"},"modified":"2026-04-28T13:59:25","modified_gmt":"2026-04-28T11:59:25","slug":"arany-minositesek-abonybol-taroltak-az-esztergomi-novendekek","status":"publish","type":"post","link":"https:\/\/dorogimedence.hu\/index.php\/2026\/04\/28\/arany-minositesek-abonybol-taroltak-az-esztergomi-novendekek\/","title":{"rendered":"Arany min\u0151s\u00edt\u00e9sek Abonyb\u00f3l \u2013 taroltak az esztergomi n\u00f6vend\u00e9kek"},"content":{"rendered":"<p><strong>Kiemelked\u0151 sikereket \u00e9rtek el az esztergomi Zsolt N\u00e1ndor Katolikus Zeneiskola n\u00f6vend\u00e9kei a jubileumi, X. Abonyi Orsz\u00e1gos Vad\u00e1szk\u00fcrt-, M\u00e9lyr\u00e9zf\u00fav\u00f3s- \u00e9s R\u00e9zf\u00fav\u00f3s Kamarazenei Versenyen.<\/strong><\/p>\n<p>A rangos megm\u00e9rettet\u00e9st 2026. \u00e1prilis 22-\u00e9n rendezte meg az Abonyi Bihari J\u00e1nos Alapfok\u00fa M\u0171v\u00e9szeti Iskola, ahol az orsz\u00e1g k\u00fcl\u00f6nb\u00f6z\u0151 pontjair\u00f3l \u00e9rkeztek fiatal tehets\u00e9gek, hogy \u00f6sszem\u00e9rj\u00e9k tud\u00e1sukat a r\u00e9zf\u00fav\u00f3s zene ter\u00fclet\u00e9n.<\/p>\n<p>Az esztergomi di\u00e1kok t\u00f6bb kateg\u00f3ri\u00e1ban is kimagasl\u00f3 eredm\u00e9nyeket \u00e9rtek el. Sz\u00f3l\u00f3 kateg\u00f3ri\u00e1ban \u0150si Boldizs\u00e1r k\u00fcrt\u00f6n, valamint Rangits Andr\u00e1s harson\u00e1n egyar\u00e1nt kiemelt arany min\u0151s\u00edt\u00e9st szerzett. Kamarazene kateg\u00f3ri\u00e1ban a r\u00e9zf\u00fav\u00f3s kvartett \u2013 D\u00e1niel Lest\u00e1k \u00e9s Mikl\u00f3s J\u00e1nos trombit\u00e1sokkal kieg\u00e9sz\u00fclve \u2013 arany min\u0151s\u00edt\u00e9st kapott.<\/p>\n<p><img fetchpriority=\"high\" decoding=\"async\" class=\"alignnone size-full wp-image-79809\" src=\"https:\/\/dorogimedence.hu\/wp-content\/uploads\/2026\/04\/676585007_1422922996303733_6872233307932532459_n.jpg\" alt=\"\" width=\"2048\" height=\"1536\" srcset=\"https:\/\/dorogimedence.hu\/wp-content\/uploads\/2026\/04\/676585007_1422922996303733_6872233307932532459_n.jpg 2048w, https:\/\/dorogimedence.hu\/wp-content\/uploads\/2026\/04\/676585007_1422922996303733_6872233307932532459_n-600x450.jpg 600w, https:\/\/dorogimedence.hu\/wp-content\/uploads\/2026\/04\/676585007_1422922996303733_6872233307932532459_n-1920x1440.jpg 1920w, https:\/\/dorogimedence.hu\/wp-content\/uploads\/2026\/04\/676585007_1422922996303733_6872233307932532459_n-768x576.jpg 768w, https:\/\/dorogimedence.hu\/wp-content\/uploads\/2026\/04\/676585007_1422922996303733_6872233307932532459_n-1536x1152.jpg 1536w, https:\/\/dorogimedence.hu\/wp-content\/uploads\/2026\/04\/676585007_1422922996303733_6872233307932532459_n-150x113.jpg 150w, https:\/\/dorogimedence.hu\/wp-content\/uploads\/2026\/04\/676585007_1422922996303733_6872233307932532459_n-450x338.jpg 450w, https:\/\/dorogimedence.hu\/wp-content\/uploads\/2026\/04\/676585007_1422922996303733_6872233307932532459_n-1200x900.jpg 1200w\" sizes=\"(max-width: 2048px) 100vw, 2048px\" \/><\/p>\n<p>A sikerhez nagyban hozz\u00e1j\u00e1rult a felk\u00e9sz\u00edt\u0151 munka is: a n\u00f6vend\u00e9kek Szalkay D\u00e1vid tan\u00e1r ir\u00e1ny\u00edt\u00e1s\u00e1val k\u00e9sz\u00fcltek, a produkci\u00f3kat pedig Rem\u00e9nyi Orsolya zongorak\u00eds\u00e9rete seg\u00edtette.<\/p>\n<p>A jubileumi verseny m\u00e9lt\u00f3 \u00fcnnepe volt a r\u00e9zf\u00fav\u00f3s zen\u00e9nek, ahol az esztergomi fiatalok ism\u00e9t bizony\u00edtott\u00e1k tehets\u00e9g\u00fcket \u00e9s felk\u00e9sz\u00fclts\u00e9g\u00fcket.<\/p>\n<p><em>Fot\u00f3k, forr\u00e1s: Zsolt N\u00e1ndor Katolikus Zeneiskola Facebook-oldal<\/em><\/p>\n","protected":false},"excerpt":{"rendered":"<p>Kiemelked\u0151 sikereket \u00e9rtek el az esztergomi Zsolt N\u00e1ndor Katolikus Zeneiskola n\u00f6vend\u00e9kei a jubileumi, X. Abonyi Orsz\u00e1gos Vad\u00e1szk\u00fcrt-, M\u00e9lyr\u00e9zf\u00fav\u00f3s- \u00e9s R\u00e9zf\u00fav\u00f3s Kamarazenei Versenyen. A rangos megm\u00e9rettet\u00e9st 2026. \u00e1prilis 22-\u00e9n rendezte meg az Abonyi Bihari J\u00e1nos Alapfok\u00fa M\u0171v\u00e9szeti Iskola, ahol az orsz\u00e1g k\u00fcl\u00f6nb\u00f6z\u0151 pontjair\u00f3l \u00e9rkeztek fiatal tehets\u00e9gek, hogy \u00f6sszem\u00e9rj\u00e9k tud\u00e1sukat a r\u00e9zf\u00fav\u00f3s zene ter\u00fclet\u00e9n. Az esztergomi di\u00e1kok<\/p>\n","protected":false},"author":1,"featured_media":79808,"comment_status":"closed","ping_status":"closed","sticky":false,"template":"","format":"standard","meta":{"ngg_post_thumbnail":0,"footnotes":""},"categories":[38,3],"tags":[42,451,107,997,8852],"class_list":{"0":"post-79807","1":"post","2":"type-post","3":"status-publish","4":"format-standard","5":"has-post-thumbnail","7":"category-esztergom","8":"category-hirek","9":"tag-esztergom","10":"tag-verseny","11":"tag-zene","12":"tag-zeneiskola","13":"tag-zsolt-nandor-katolikus-zeneiskola"},"yoast_head":"<!-- This site is optimized with the Yoast SEO plugin v27.4 - https:\/\/yoast.com\/product\/yoast-seo-wordpress\/ -->\n<title>Arany min\u0151s\u00edt\u00e9sek Abonyb\u00f3l \u2013 taroltak az esztergomi n\u00f6vend\u00e9kek<\/title>\n<meta name=\"robots\" content=\"index, follow, max-snippet:-1, max-image-preview:large, max-video-preview:-1\" \/>\n<link rel=\"canonical\" href=\"https:\/\/dorogimedence.hu\/index.php\/2026\/04\/28\/arany-minositesek-abonybol-taroltak-az-esztergomi-novendekek\/\" class=\"yoast-seo-meta-tag\" \/>\n<meta property=\"og:locale\" content=\"hu_HU\" class=\"yoast-seo-meta-tag\" \/>\n<meta property=\"og:type\" content=\"article\" class=\"yoast-seo-meta-tag\" \/>\n<meta property=\"og:title\" content=\"Arany min\u0151s\u00edt\u00e9sek Abonyb\u00f3l \u2013 taroltak az esztergomi n\u00f6vend\u00e9kek\" class=\"yoast-seo-meta-tag\" \/>\n<meta property=\"og:description\" content=\"Kiemelked\u0151 sikereket \u00e9rtek el az esztergomi Zsolt N\u00e1ndor Katolikus Zeneiskola n\u00f6vend\u00e9kei a jubileumi, X. Abonyi Orsz\u00e1gos Vad\u00e1szk\u00fcrt-, M\u00e9lyr\u00e9zf\u00fav\u00f3s- \u00e9s R\u00e9zf\u00fav\u00f3s Kamarazenei Versenyen. A rangos megm\u00e9rettet\u00e9st 2026. \u00e1prilis 22-\u00e9n rendezte meg az Abonyi Bihari J\u00e1nos Alapfok\u00fa M\u0171v\u00e9szeti Iskola, ahol az orsz\u00e1g k\u00fcl\u00f6nb\u00f6z\u0151 pontjair\u00f3l \u00e9rkeztek fiatal tehets\u00e9gek, hogy \u00f6sszem\u00e9rj\u00e9k tud\u00e1sukat a r\u00e9zf\u00fav\u00f3s zene ter\u00fclet\u00e9n. Az esztergomi di\u00e1kok\" class=\"yoast-seo-meta-tag\" \/>\n<meta property=\"og:url\" content=\"https:\/\/dorogimedence.hu\/index.php\/2026\/04\/28\/arany-minositesek-abonybol-taroltak-az-esztergomi-novendekek\/\" class=\"yoast-seo-meta-tag\" \/>\n<meta property=\"og:site_name\" content=\"Dorogi-medence Region\u00e1lis H\u00edrport\u00e1l\" class=\"yoast-seo-meta-tag\" \/>\n<meta property=\"article:publisher\" content=\"https:\/\/www.facebook.com\/dorogimedence\/\" class=\"yoast-seo-meta-tag\" \/>\n<meta property=\"article:published_time\" content=\"2026-04-28T11:59:25+00:00\" class=\"yoast-seo-meta-tag\" \/>\n<meta property=\"og:image\" content=\"https:\/\/dorogimedence.hu\/wp-content\/uploads\/2026\/04\/679921566_1422923022970397_5040748270783780865_n.jpg\" class=\"yoast-seo-meta-tag\" \/>\n\t<meta property=\"og:image:width\" content=\"2048\" class=\"yoast-seo-meta-tag\" \/>\n\t<meta property=\"og:image:height\" content=\"1536\" class=\"yoast-seo-meta-tag\" \/>\n\t<meta property=\"og:image:type\" content=\"image\/jpeg\" class=\"yoast-seo-meta-tag\" \/>\n<meta name=\"author\" content=\"dorogimedence.hu\" class=\"yoast-seo-meta-tag\" \/>\n<meta name=\"twitter:card\" content=\"summary_large_image\" class=\"yoast-seo-meta-tag\" \/>\n<meta name=\"twitter:label1\" content=\"Szerz\u0151:\" class=\"yoast-seo-meta-tag\" \/>\n\t<meta name=\"twitter:data1\" content=\"dorogimedence.hu\" class=\"yoast-seo-meta-tag\" \/>\n\t<meta name=\"twitter:label2\" content=\"Becs\u00fclt olvas\u00e1si id\u0151\" class=\"yoast-seo-meta-tag\" \/>\n\t<meta name=\"twitter:data2\" content=\"1 perc\" class=\"yoast-seo-meta-tag\" \/>\n<script type=\"application\/ld+json\" class=\"yoast-schema-graph\">{\"@context\":\"https:\\\/\\\/schema.org\",\"@graph\":[{\"@type\":\"Article\",\"@id\":\"https:\\\/\\\/dorogimedence.hu\\\/index.php\\\/2026\\\/04\\\/28\\\/arany-minositesek-abonybol-taroltak-az-esztergomi-novendekek\\\/#article\",\"isPartOf\":{\"@id\":\"https:\\\/\\\/dorogimedence.hu\\\/index.php\\\/2026\\\/04\\\/28\\\/arany-minositesek-abonybol-taroltak-az-esztergomi-novendekek\\\/\"},\"author\":{\"name\":\"dorogimedence.hu\",\"@id\":\"https:\\\/\\\/dorogimedence.hu\\\/#\\\/schema\\\/person\\\/ce6091eeb7e95ecdc87890d6aa8e0fd4\"},\"headline\":\"Arany min\u0151s\u00edt\u00e9sek Abonyb\u00f3l \u2013 taroltak az esztergomi n\u00f6vend\u00e9kek\",\"datePublished\":\"2026-04-28T11:59:25+00:00\",\"mainEntityOfPage\":{\"@id\":\"https:\\\/\\\/dorogimedence.hu\\\/index.php\\\/2026\\\/04\\\/28\\\/arany-minositesek-abonybol-taroltak-az-esztergomi-novendekek\\\/\"},\"wordCount\":251,\"publisher\":{\"@id\":\"https:\\\/\\\/dorogimedence.hu\\\/#organization\"},\"image\":{\"@id\":\"https:\\\/\\\/dorogimedence.hu\\\/index.php\\\/2026\\\/04\\\/28\\\/arany-minositesek-abonybol-taroltak-az-esztergomi-novendekek\\\/#primaryimage\"},\"thumbnailUrl\":\"https:\\\/\\\/dorogimedence.hu\\\/wp-content\\\/uploads\\\/2026\\\/04\\\/679921566_1422923022970397_5040748270783780865_n.jpg\",\"keywords\":[\"esztergom\",\"verseny\",\"zene\",\"zeneiskola\",\"Zsolt N\u00e1ndor Katolikus Zeneiskola\"],\"articleSection\":[\"Esztergom\",\"H\u00edrek\"],\"inLanguage\":\"hu\"},{\"@type\":\"WebPage\",\"@id\":\"https:\\\/\\\/dorogimedence.hu\\\/index.php\\\/2026\\\/04\\\/28\\\/arany-minositesek-abonybol-taroltak-az-esztergomi-novendekek\\\/\",\"url\":\"https:\\\/\\\/dorogimedence.hu\\\/index.php\\\/2026\\\/04\\\/28\\\/arany-minositesek-abonybol-taroltak-az-esztergomi-novendekek\\\/\",\"name\":\"Arany min\u0151s\u00edt\u00e9sek Abonyb\u00f3l \u2013 taroltak az esztergomi n\u00f6vend\u00e9kek\",\"isPartOf\":{\"@id\":\"https:\\\/\\\/dorogimedence.hu\\\/#website\"},\"primaryImageOfPage\":{\"@id\":\"https:\\\/\\\/dorogimedence.hu\\\/index.php\\\/2026\\\/04\\\/28\\\/arany-minositesek-abonybol-taroltak-az-esztergomi-novendekek\\\/#primaryimage\"},\"image\":{\"@id\":\"https:\\\/\\\/dorogimedence.hu\\\/index.php\\\/2026\\\/04\\\/28\\\/arany-minositesek-abonybol-taroltak-az-esztergomi-novendekek\\\/#primaryimage\"},\"thumbnailUrl\":\"https:\\\/\\\/dorogimedence.hu\\\/wp-content\\\/uploads\\\/2026\\\/04\\\/679921566_1422923022970397_5040748270783780865_n.jpg\",\"datePublished\":\"2026-04-28T11:59:25+00:00\",\"breadcrumb\":{\"@id\":\"https:\\\/\\\/dorogimedence.hu\\\/index.php\\\/2026\\\/04\\\/28\\\/arany-minositesek-abonybol-taroltak-az-esztergomi-novendekek\\\/#breadcrumb\"},\"inLanguage\":\"hu\",\"potentialAction\":[{\"@type\":\"ReadAction\",\"target\":[\"https:\\\/\\\/dorogimedence.hu\\\/index.php\\\/2026\\\/04\\\/28\\\/arany-minositesek-abonybol-taroltak-az-esztergomi-novendekek\\\/\"]}]},{\"@type\":\"ImageObject\",\"inLanguage\":\"hu\",\"@id\":\"https:\\\/\\\/dorogimedence.hu\\\/index.php\\\/2026\\\/04\\\/28\\\/arany-minositesek-abonybol-taroltak-az-esztergomi-novendekek\\\/#primaryimage\",\"url\":\"https:\\\/\\\/dorogimedence.hu\\\/wp-content\\\/uploads\\\/2026\\\/04\\\/679921566_1422923022970397_5040748270783780865_n.jpg\",\"contentUrl\":\"https:\\\/\\\/dorogimedence.hu\\\/wp-content\\\/uploads\\\/2026\\\/04\\\/679921566_1422923022970397_5040748270783780865_n.jpg\",\"width\":2048,\"height\":1536},{\"@type\":\"BreadcrumbList\",\"@id\":\"https:\\\/\\\/dorogimedence.hu\\\/index.php\\\/2026\\\/04\\\/28\\\/arany-minositesek-abonybol-taroltak-az-esztergomi-novendekek\\\/#breadcrumb\",\"itemListElement\":[{\"@type\":\"ListItem\",\"position\":1,\"name\":\"Kezd\u0151lap\",\"item\":\"https:\\\/\\\/dorogimedence.hu\\\/\"},{\"@type\":\"ListItem\",\"position\":2,\"name\":\"Arany min\u0151s\u00edt\u00e9sek Abonyb\u00f3l \u2013 taroltak az esztergomi n\u00f6vend\u00e9kek\"}]},{\"@type\":\"WebSite\",\"@id\":\"https:\\\/\\\/dorogimedence.hu\\\/#website\",\"url\":\"https:\\\/\\\/dorogimedence.hu\\\/\",\"name\":\"Dorogi-medence Region\u00e1lis H\u00edrport\u00e1l\",\"description\":\"Dorog, Keszt\u00f6lc, Le\u00e1nyv\u00e1r, Piliscs\u00e9v, Tokod, Tokodalt\u00e1r\u00f3, Csolnok, Esztergom-kertv\u00e1ros: h\u00edrek, programok\",\"publisher\":{\"@id\":\"https:\\\/\\\/dorogimedence.hu\\\/#organization\"},\"potentialAction\":[{\"@type\":\"SearchAction\",\"target\":{\"@type\":\"EntryPoint\",\"urlTemplate\":\"https:\\\/\\\/dorogimedence.hu\\\/?s={search_term_string}\"},\"query-input\":{\"@type\":\"PropertyValueSpecification\",\"valueRequired\":true,\"valueName\":\"search_term_string\"}}],\"inLanguage\":\"hu\"},{\"@type\":\"Organization\",\"@id\":\"https:\\\/\\\/dorogimedence.hu\\\/#organization\",\"name\":\"Dorogi-medence Region\u00e1lis H\u00edrport\u00e1l\",\"url\":\"https:\\\/\\\/dorogimedence.hu\\\/\",\"logo\":{\"@type\":\"ImageObject\",\"inLanguage\":\"hu\",\"@id\":\"https:\\\/\\\/dorogimedence.hu\\\/#\\\/schema\\\/logo\\\/image\\\/\",\"url\":\"https:\\\/\\\/dorogimedence.hu\\\/wp-content\\\/uploads\\\/2021\\\/04\\\/logo-feher-600.png\",\"contentUrl\":\"https:\\\/\\\/dorogimedence.hu\\\/wp-content\\\/uploads\\\/2021\\\/04\\\/logo-feher-600.png\",\"width\":600,\"height\":100,\"caption\":\"Dorogi-medence Region\u00e1lis H\u00edrport\u00e1l\"},\"image\":{\"@id\":\"https:\\\/\\\/dorogimedence.hu\\\/#\\\/schema\\\/logo\\\/image\\\/\"},\"sameAs\":[\"https:\\\/\\\/www.facebook.com\\\/dorogimedence\\\/\"]},{\"@type\":\"Person\",\"@id\":\"https:\\\/\\\/dorogimedence.hu\\\/#\\\/schema\\\/person\\\/ce6091eeb7e95ecdc87890d6aa8e0fd4\",\"name\":\"dorogimedence.hu\",\"image\":{\"@type\":\"ImageObject\",\"inLanguage\":\"hu\",\"@id\":\"\\\/\\\/www.gravatar.com\\\/avatar\\\/d8d45f8901aadff40a4af72c0b826f1d?s=96&#038;r=g&#038;d=mm\",\"url\":\"\\\/\\\/www.gravatar.com\\\/avatar\\\/d8d45f8901aadff40a4af72c0b826f1d?s=96&#038;r=g&#038;d=mm\",\"contentUrl\":\"\\\/\\\/www.gravatar.com\\\/avatar\\\/d8d45f8901aadff40a4af72c0b826f1d?s=96&#038;r=g&#038;d=mm\",\"caption\":\"dorogimedence.hu\"}}]}<\/script>\n<!-- \/ Yoast SEO plugin. -->","yoast_head_json":{"title":"Arany min\u0151s\u00edt\u00e9sek Abonyb\u00f3l \u2013 taroltak az esztergomi n\u00f6vend\u00e9kek","robots":{"index":"index","follow":"follow","max-snippet":"max-snippet:-1","max-image-preview":"max-image-preview:large","max-video-preview":"max-video-preview:-1"},"canonical":"https:\/\/dorogimedence.hu\/index.php\/2026\/04\/28\/arany-minositesek-abonybol-taroltak-az-esztergomi-novendekek\/","og_locale":"hu_HU","og_type":"article","og_title":"Arany min\u0151s\u00edt\u00e9sek Abonyb\u00f3l \u2013 taroltak az esztergomi n\u00f6vend\u00e9kek","og_description":"Kiemelked\u0151 sikereket \u00e9rtek el az esztergomi Zsolt N\u00e1ndor Katolikus Zeneiskola n\u00f6vend\u00e9kei a jubileumi, X. Abonyi Orsz\u00e1gos Vad\u00e1szk\u00fcrt-, M\u00e9lyr\u00e9zf\u00fav\u00f3s- \u00e9s R\u00e9zf\u00fav\u00f3s Kamarazenei Versenyen. A rangos megm\u00e9rettet\u00e9st 2026. \u00e1prilis 22-\u00e9n rendezte meg az Abonyi Bihari J\u00e1nos Alapfok\u00fa M\u0171v\u00e9szeti Iskola, ahol az orsz\u00e1g k\u00fcl\u00f6nb\u00f6z\u0151 pontjair\u00f3l \u00e9rkeztek fiatal tehets\u00e9gek, hogy \u00f6sszem\u00e9rj\u00e9k tud\u00e1sukat a r\u00e9zf\u00fav\u00f3s zene ter\u00fclet\u00e9n. Az esztergomi di\u00e1kok","og_url":"https:\/\/dorogimedence.hu\/index.php\/2026\/04\/28\/arany-minositesek-abonybol-taroltak-az-esztergomi-novendekek\/","og_site_name":"Dorogi-medence Region\u00e1lis H\u00edrport\u00e1l","article_publisher":"https:\/\/www.facebook.com\/dorogimedence\/","article_published_time":"2026-04-28T11:59:25+00:00","og_image":[{"width":2048,"height":1536,"url":"https:\/\/dorogimedence.hu\/wp-content\/uploads\/2026\/04\/679921566_1422923022970397_5040748270783780865_n.jpg","type":"image\/jpeg"}],"author":"dorogimedence.hu","twitter_card":"summary_large_image","twitter_misc":{"Szerz\u0151:":"dorogimedence.hu","Becs\u00fclt olvas\u00e1si id\u0151":"1 perc"},"schema":{"@context":"https:\/\/schema.org","@graph":[{"@type":"Article","@id":"https:\/\/dorogimedence.hu\/index.php\/2026\/04\/28\/arany-minositesek-abonybol-taroltak-az-esztergomi-novendekek\/#article","isPartOf":{"@id":"https:\/\/dorogimedence.hu\/index.php\/2026\/04\/28\/arany-minositesek-abonybol-taroltak-az-esztergomi-novendekek\/"},"author":{"name":"dorogimedence.hu","@id":"https:\/\/dorogimedence.hu\/#\/schema\/person\/ce6091eeb7e95ecdc87890d6aa8e0fd4"},"headline":"Arany min\u0151s\u00edt\u00e9sek Abonyb\u00f3l \u2013 taroltak az esztergomi n\u00f6vend\u00e9kek","datePublished":"2026-04-28T11:59:25+00:00","mainEntityOfPage":{"@id":"https:\/\/dorogimedence.hu\/index.php\/2026\/04\/28\/arany-minositesek-abonybol-taroltak-az-esztergomi-novendekek\/"},"wordCount":251,"publisher":{"@id":"https:\/\/dorogimedence.hu\/#organization"},"image":{"@id":"https:\/\/dorogimedence.hu\/index.php\/2026\/04\/28\/arany-minositesek-abonybol-taroltak-az-esztergomi-novendekek\/#primaryimage"},"thumbnailUrl":"https:\/\/dorogimedence.hu\/wp-content\/uploads\/2026\/04\/679921566_1422923022970397_5040748270783780865_n.jpg","keywords":["esztergom","verseny","zene","zeneiskola","Zsolt N\u00e1ndor Katolikus Zeneiskola"],"articleSection":["Esztergom","H\u00edrek"],"inLanguage":"hu"},{"@type":"WebPage","@id":"https:\/\/dorogimedence.hu\/index.php\/2026\/04\/28\/arany-minositesek-abonybol-taroltak-az-esztergomi-novendekek\/","url":"https:\/\/dorogimedence.hu\/index.php\/2026\/04\/28\/arany-minositesek-abonybol-taroltak-az-esztergomi-novendekek\/","name":"Arany min\u0151s\u00edt\u00e9sek Abonyb\u00f3l \u2013 taroltak az esztergomi n\u00f6vend\u00e9kek","isPartOf":{"@id":"https:\/\/dorogimedence.hu\/#website"},"primaryImageOfPage":{"@id":"https:\/\/dorogimedence.hu\/index.php\/2026\/04\/28\/arany-minositesek-abonybol-taroltak-az-esztergomi-novendekek\/#primaryimage"},"image":{"@id":"https:\/\/dorogimedence.hu\/index.php\/2026\/04\/28\/arany-minositesek-abonybol-taroltak-az-esztergomi-novendekek\/#primaryimage"},"thumbnailUrl":"https:\/\/dorogimedence.hu\/wp-content\/uploads\/2026\/04\/679921566_1422923022970397_5040748270783780865_n.jpg","datePublished":"2026-04-28T11:59:25+00:00","breadcrumb":{"@id":"https:\/\/dorogimedence.hu\/index.php\/2026\/04\/28\/arany-minositesek-abonybol-taroltak-az-esztergomi-novendekek\/#breadcrumb"},"inLanguage":"hu","potentialAction":[{"@type":"ReadAction","target":["https:\/\/dorogimedence.hu\/index.php\/2026\/04\/28\/arany-minositesek-abonybol-taroltak-az-esztergomi-novendekek\/"]}]},{"@type":"ImageObject","inLanguage":"hu","@id":"https:\/\/dorogimedence.hu\/index.php\/2026\/04\/28\/arany-minositesek-abonybol-taroltak-az-esztergomi-novendekek\/#primaryimage","url":"https:\/\/dorogimedence.hu\/wp-content\/uploads\/2026\/04\/679921566_1422923022970397_5040748270783780865_n.jpg","contentUrl":"https:\/\/dorogimedence.hu\/wp-content\/uploads\/2026\/04\/679921566_1422923022970397_5040748270783780865_n.jpg","width":2048,"height":1536},{"@type":"BreadcrumbList","@id":"https:\/\/dorogimedence.hu\/index.php\/2026\/04\/28\/arany-minositesek-abonybol-taroltak-az-esztergomi-novendekek\/#breadcrumb","itemListElement":[{"@type":"ListItem","position":1,"name":"Kezd\u0151lap","item":"https:\/\/dorogimedence.hu\/"},{"@type":"ListItem","position":2,"name":"Arany min\u0151s\u00edt\u00e9sek Abonyb\u00f3l \u2013 taroltak az esztergomi n\u00f6vend\u00e9kek"}]},{"@type":"WebSite","@id":"https:\/\/dorogimedence.hu\/#website","url":"https:\/\/dorogimedence.hu\/","name":"Dorogi-medence Region\u00e1lis H\u00edrport\u00e1l","description":"Dorog, Keszt\u00f6lc, Le\u00e1nyv\u00e1r, Piliscs\u00e9v, Tokod, Tokodalt\u00e1r\u00f3, Csolnok, Esztergom-kertv\u00e1ros: h\u00edrek, programok","publisher":{"@id":"https:\/\/dorogimedence.hu\/#organization"},"potentialAction":[{"@type":"SearchAction","target":{"@type":"EntryPoint","urlTemplate":"https:\/\/dorogimedence.hu\/?s={search_term_string}"},"query-input":{"@type":"PropertyValueSpecification","valueRequired":true,"valueName":"search_term_string"}}],"inLanguage":"hu"},{"@type":"Organization","@id":"https:\/\/dorogimedence.hu\/#organization","name":"Dorogi-medence Region\u00e1lis H\u00edrport\u00e1l","url":"https:\/\/dorogimedence.hu\/","logo":{"@type":"ImageObject","inLanguage":"hu","@id":"https:\/\/dorogimedence.hu\/#\/schema\/logo\/image\/","url":"https:\/\/dorogimedence.hu\/wp-content\/uploads\/2021\/04\/logo-feher-600.png","contentUrl":"https:\/\/dorogimedence.hu\/wp-content\/uploads\/2021\/04\/logo-feher-600.png","width":600,"height":100,"caption":"Dorogi-medence Region\u00e1lis H\u00edrport\u00e1l"},"image":{"@id":"https:\/\/dorogimedence.hu\/#\/schema\/logo\/image\/"},"sameAs":["https:\/\/www.facebook.com\/dorogimedence\/"]},{"@type":"Person","@id":"https:\/\/dorogimedence.hu\/#\/schema\/person\/ce6091eeb7e95ecdc87890d6aa8e0fd4","name":"dorogimedence.hu","image":{"@type":"ImageObject","inLanguage":"hu","@id":"\/\/www.gravatar.com\/avatar\/d8d45f8901aadff40a4af72c0b826f1d?s=96&#038;r=g&#038;d=mm","url":"\/\/www.gravatar.com\/avatar\/d8d45f8901aadff40a4af72c0b826f1d?s=96&#038;r=g&#038;d=mm","contentUrl":"\/\/www.gravatar.com\/avatar\/d8d45f8901aadff40a4af72c0b826f1d?s=96&#038;r=g&#038;d=mm","caption":"dorogimedence.hu"}}]}},"_links":{"self":[{"href":"https:\/\/dorogimedence.hu\/index.php\/wp-json\/wp\/v2\/posts\/79807","targetHints":{"allow":["GET"]}}],"collection":[{"href":"https:\/\/dorogimedence.hu\/index.php\/wp-json\/wp\/v2\/posts"}],"about":[{"href":"https:\/\/dorogimedence.hu\/index.php\/wp-json\/wp\/v2\/types\/post"}],"author":[{"embeddable":true,"href":"https:\/\/dorogimedence.hu\/index.php\/wp-json\/wp\/v2\/users\/1"}],"replies":[{"embeddable":true,"href":"https:\/\/dorogimedence.hu\/index.php\/wp-json\/wp\/v2\/comments?post=79807"}],"version-history":[{"count":1,"href":"https:\/\/dorogimedence.hu\/index.php\/wp-json\/wp\/v2\/posts\/79807\/revisions"}],"predecessor-version":[{"id":79810,"href":"https:\/\/dorogimedence.hu\/index.php\/wp-json\/wp\/v2\/posts\/79807\/revisions\/79810"}],"wp:featuredmedia":[{"embeddable":true,"href":"https:\/\/dorogimedence.hu\/index.php\/wp-json\/wp\/v2\/media\/79808"}],"wp:attachment":[{"href":"https:\/\/dorogimedence.hu\/index.php\/wp-json\/wp\/v2\/media?parent=79807"}],"wp:term":[{"taxonomy":"category","embeddable":true,"href":"https:\/\/dorogimedence.hu\/index.php\/wp-json\/wp\/v2\/categories?post=79807"},{"taxonomy":"post_tag","embeddable":true,"href":"https:\/\/dorogimedence.hu\/index.php\/wp-json\/wp\/v2\/tags?post=79807"}],"curies":[{"name":"wp","href":"https:\/\/api.w.org\/{rel}","templated":true}]}}