{"id":79781,"date":"2026-04-28T09:24:49","date_gmt":"2026-04-28T07:24:49","guid":{"rendered":"https:\/\/dorogimedence.hu\/?p=79781"},"modified":"2026-04-28T09:27:59","modified_gmt":"2026-04-28T07:27:59","slug":"elkeszult-az-ablak-a-jovore-kozossegi-zoldter-dorogon","status":"publish","type":"post","link":"https:\/\/dorogimedence.hu\/index.php\/2026\/04\/28\/elkeszult-az-ablak-a-jovore-kozossegi-zoldter-dorogon\/","title":{"rendered":"Elk\u00e9sz\u00fclt az \u201eAblak a j\u00f6v\u0151re\u201d k\u00f6z\u00f6ss\u00e9gi z\u00f6ldt\u00e9r Dorogon"},"content":{"rendered":"<p><strong>\u00c1prilis 27-\u00e9n \u00fcnnep\u00e9lyesen is \u00e1tadt\u00e1k Dorogon, a Schmidt S\u00e1ndor lak\u00f3telepen az \u201eAblak a j\u00f6v\u0151re\u201d k\u00f6z\u00f6ss\u00e9gi z\u00f6ldteret, amely h\u00f3napokon \u00e1t tart\u00f3 k\u00f6z\u00f6s munka eredm\u00e9nyek\u00e9nt val\u00f3sult meg. A projekt m\u00f6g\u00f6tt civil \u00f6sszefog\u00e1s, \u00f6nk\u00e9ntesek munk\u00e1ja \u00e9s szakmai t\u00e1mogat\u00e1s \u00e1ll, a c\u00e9l pedig egy \u00e9lhet\u0151bb, z\u00f6ldebb \u00e9s k\u00f6z\u00f6ss\u00e9g\u00e9p\u00edt\u0151 t\u00e9r l\u00e9trehoz\u00e1sa volt. Az esem\u00e9nyen a projekt meg\u00e1lmod\u00f3i \u00e9s t\u00e1mogat\u00f3i is megsz\u00f3laltak, majd oklevelekkel k\u00f6sz\u00f6nt\u00e9k meg a r\u00e9sztvev\u0151k munk\u00e1j\u00e1t.<\/strong><\/p>\n<p><img fetchpriority=\"high\" decoding=\"async\" class=\"alignnone size-full wp-image-79786\" src=\"https:\/\/dorogimedence.hu\/wp-content\/uploads\/2026\/04\/IMG_2990.jpg\" alt=\"\" width=\"1920\" height=\"1280\" srcset=\"https:\/\/dorogimedence.hu\/wp-content\/uploads\/2026\/04\/IMG_2990.jpg 1920w, https:\/\/dorogimedence.hu\/wp-content\/uploads\/2026\/04\/IMG_2990-600x400.jpg 600w, https:\/\/dorogimedence.hu\/wp-content\/uploads\/2026\/04\/IMG_2990-768x512.jpg 768w, https:\/\/dorogimedence.hu\/wp-content\/uploads\/2026\/04\/IMG_2990-1536x1024.jpg 1536w, https:\/\/dorogimedence.hu\/wp-content\/uploads\/2026\/04\/IMG_2990-150x100.jpg 150w, https:\/\/dorogimedence.hu\/wp-content\/uploads\/2026\/04\/IMG_2990-450x300.jpg 450w, https:\/\/dorogimedence.hu\/wp-content\/uploads\/2026\/04\/IMG_2990-1200x800.jpg 1200w, https:\/\/dorogimedence.hu\/wp-content\/uploads\/2026\/04\/IMG_2990-272x182.jpg 272w\" sizes=\"(max-width: 1920px) 100vw, 1920px\" \/><\/p>\n<p>A kezdem\u00e9nyez\u00e9sr\u0151l port\u00e1lunk kor\u00e1bban t\u00f6bb alkalommal is besz\u00e1molt: a k\u00f6z\u00f6ss\u00e9gi \u00f6tletel\u00e9st\u0151l kezdve a <a href=\"https:\/\/dorogimedence.hu\/index.php\/2026\/03\/22\/kozossegi-osszefogassal-epul-dorog-elso-miyawaki-erdeje\/\" target=\"_blank\" rel=\"noopener\"><span style=\"text-decoration: underline; color: #0000ff;\">megval\u00f3s\u00edt\u00e1s folyamat\u00e1n \u00e1t<\/span><\/a> eg\u00e9szen a <a href=\"https:\/\/dorogimedence.hu\/index.php\/2026\/04\/20\/elkeszult-az-ablak-a-jovore-kozossegi-zoldter\/\" target=\"_blank\" rel=\"noopener\"><span style=\"text-decoration: underline; color: #0000ff;\">k\u00e9sz z\u00f6ldt\u00e9r kialak\u00edt\u00e1s\u00e1ig<\/span><\/a>. Az <a href=\"https:\/\/dorogimedence.hu\/index.php\/2026\/03\/31\/tovabb-szepul-dorogon-az-ablak-a-jovore-kozossegi-zoldterulet\/\" target=\"_blank\" rel=\"noopener\"><span style=\"text-decoration: underline; color: #0000ff;\">elk\u00e9sz\u00fclt ter\u00fcleten<\/span><\/a> Miyawaki-erd\u0151, es\u0151kert, f\u0171szerkert, magas\u00e1gy\u00e1sok \u00e9s pihen\u0151pontok kaptak helyet, \u00edgy nemcsak kikapcsol\u00f3d\u00e1sra, hanem k\u00f6z\u00f6s kert\u00e9szked\u00e9sre \u00e9s tanul\u00e1sra is lehet\u0151s\u00e9get k\u00edn\u00e1l.<\/p>\n<h3><strong>K\u00f6z\u00f6ss\u00e9gi \u00f6tletb\u0151l val\u00f3s\u00e1g<\/strong><\/h3>\n<p><img decoding=\"async\" class=\"alignnone size-full wp-image-79782\" src=\"https:\/\/dorogimedence.hu\/wp-content\/uploads\/2026\/04\/IMG_3002.jpg\" alt=\"\" width=\"1920\" height=\"1280\" srcset=\"https:\/\/dorogimedence.hu\/wp-content\/uploads\/2026\/04\/IMG_3002.jpg 1920w, https:\/\/dorogimedence.hu\/wp-content\/uploads\/2026\/04\/IMG_3002-600x400.jpg 600w, https:\/\/dorogimedence.hu\/wp-content\/uploads\/2026\/04\/IMG_3002-768x512.jpg 768w, https:\/\/dorogimedence.hu\/wp-content\/uploads\/2026\/04\/IMG_3002-1536x1024.jpg 1536w, https:\/\/dorogimedence.hu\/wp-content\/uploads\/2026\/04\/IMG_3002-150x100.jpg 150w, https:\/\/dorogimedence.hu\/wp-content\/uploads\/2026\/04\/IMG_3002-450x300.jpg 450w, https:\/\/dorogimedence.hu\/wp-content\/uploads\/2026\/04\/IMG_3002-1200x800.jpg 1200w, https:\/\/dorogimedence.hu\/wp-content\/uploads\/2026\/04\/IMG_3002-272x182.jpg 272w\" sizes=\"(max-width: 1920px) 100vw, 1920px\" \/><\/p>\n<p>Els\u0151k\u00e9nt Kissn\u00e9 Csorba Erika, a projekt vezet\u0151je, a BEBTE Szem\u00e9tirt\u00f3k \u00f6tletgazd\u00e1jak\u00e9nt id\u00e9zte fel az elm\u00falt id\u0151szakot. Elmondta, hogy a kezdem\u00e9nyez\u00e9s egy 2025 tavaszi civil tal\u00e1lkoz\u00f3b\u00f3l indult, ahol a r\u00e9sztvev\u0151k Dorog k\u00f6rnyezeti \u00e1llapot\u00e1r\u00f3l \u00e9s a lehets\u00e9ges k\u00f6z\u00f6s l\u00e9p\u00e9sekr\u0151l gondolkodtak. A folyamatot a Kort\u00e1rs \u00c9p\u00edt\u00e9szeti K\u00f6zpont Alap\u00edtv\u00e1ny (K\u00c9K) is t\u00e1mogatta, amely workshopokkal seg\u00edtette a k\u00f6z\u00f6s tervez\u00e9st. A kezdeti k\u00f6z\u00f6ss\u00e9gi kert \u00f6tlet v\u00e9g\u00fcl egy kisebb l\u00e9pt\u00e9k\u0171, de sokkal sz\u00e9lesebb k\u00f6z\u00f6ss\u00e9get megsz\u00f3l\u00edt\u00f3 z\u00f6ldt\u00e9rr\u00e9 form\u00e1l\u00f3dott. Kiemelte: a projekt a v\u00e1ros t\u00e1mogat\u00e1s\u00e1val val\u00f3sulhatott meg, \u00e9s rengeteg \u00f6nk\u00e9ntes munk\u00e1j\u00e1nak k\u00f6sz\u00f6nhet\u0151, hogy ma m\u00e1r k\u00e9zzelfoghat\u00f3 eredm\u00e9nyk\u00e9nt \u00e1ll a lak\u00f3telepen. Hozz\u00e1tette, a c\u00e9l nemcsak egy t\u00e9r l\u00e9trehoz\u00e1sa volt, hanem egy olyan hely\u00e9, ahol a k\u00f6z\u00f6ss\u00e9g egy\u00fctt lehet, tanulhat \u00e9s tehet a k\u00f6rnyezet\u00e9\u00e9rt.<\/p>\n<h3><strong>J\u00f3 p\u00e9lda lehet m\u00e1sok sz\u00e1m\u00e1ra is<\/strong><\/h3>\n<p><img decoding=\"async\" class=\"alignnone size-full wp-image-79783\" src=\"https:\/\/dorogimedence.hu\/wp-content\/uploads\/2026\/04\/IMG_3023.jpg\" alt=\"\" width=\"1920\" height=\"1280\" srcset=\"https:\/\/dorogimedence.hu\/wp-content\/uploads\/2026\/04\/IMG_3023.jpg 1920w, https:\/\/dorogimedence.hu\/wp-content\/uploads\/2026\/04\/IMG_3023-600x400.jpg 600w, https:\/\/dorogimedence.hu\/wp-content\/uploads\/2026\/04\/IMG_3023-768x512.jpg 768w, https:\/\/dorogimedence.hu\/wp-content\/uploads\/2026\/04\/IMG_3023-1536x1024.jpg 1536w, https:\/\/dorogimedence.hu\/wp-content\/uploads\/2026\/04\/IMG_3023-150x100.jpg 150w, https:\/\/dorogimedence.hu\/wp-content\/uploads\/2026\/04\/IMG_3023-450x300.jpg 450w, https:\/\/dorogimedence.hu\/wp-content\/uploads\/2026\/04\/IMG_3023-1200x800.jpg 1200w, https:\/\/dorogimedence.hu\/wp-content\/uploads\/2026\/04\/IMG_3023-272x182.jpg 272w\" sizes=\"(max-width: 1920px) 100vw, 1920px\" \/><\/p>\n<p>A Kort\u00e1rs \u00c9p\u00edt\u00e9szeti K\u00f6zpont k\u00e9pviselet\u00e9ben Dr. Pink Edit hangs\u00falyozta: a projekt egy uni\u00f3s program r\u00e9szek\u00e9nt val\u00f3sult meg, amelynek egyik legfontosabb c\u00e9lja a k\u00f6z\u00f6ss\u00e9gek meger\u0151s\u00edt\u00e9se \u00e9s cselekv\u0151k\u00e9pess\u00e9 t\u00e9tele. Mint mondta, k\u00fcl\u00f6n\u00f6sen \u00e9rt\u00e9kesek azok a kezdem\u00e9nyez\u00e9sek, amelyek alulr\u00f3l szervez\u0151dnek, \u00e9s val\u00f3di k\u00f6z\u00f6s ig\u00e9nyek ment\u00e9n j\u00f6nnek l\u00e9tre. R\u00e1mutatott, hogy az ilyen k\u00f6z\u00f6sen meg\u00e1lmodott \u00e9s megval\u00f3s\u00edtott terekre jobban vigy\u00e1z a k\u00f6z\u00f6ss\u00e9g is. A kialak\u00edtott park elemei nemcsak eszt\u00e9tikai, hanem eduk\u00e1ci\u00f3s szerepet is bet\u00f6ltenek, \u00e9s a kl\u00edmav\u00e1ltoz\u00e1shoz val\u00f3 alkalmazkod\u00e1s fontoss\u00e1g\u00e1ra is felh\u00edvj\u00e1k a figyelmet. Kiemelte: az \u201eAblak a j\u00f6v\u0151re\u201d projekt olyan sikeres p\u00e9lda, amely ak\u00e1r nemzetk\u00f6zi szinten is bemutathat\u00f3 lehet.<\/p>\n<h3><strong>P\u00e9lda\u00e9rt\u00e9k\u0171 \u00f6sszefog\u00e1s Dorogon<\/strong><\/h3>\n<p><img loading=\"lazy\" decoding=\"async\" class=\"alignnone size-full wp-image-79784\" src=\"https:\/\/dorogimedence.hu\/wp-content\/uploads\/2026\/04\/IMG_3033.jpg\" alt=\"\" width=\"1920\" height=\"1280\" srcset=\"https:\/\/dorogimedence.hu\/wp-content\/uploads\/2026\/04\/IMG_3033.jpg 1920w, https:\/\/dorogimedence.hu\/wp-content\/uploads\/2026\/04\/IMG_3033-600x400.jpg 600w, https:\/\/dorogimedence.hu\/wp-content\/uploads\/2026\/04\/IMG_3033-768x512.jpg 768w, https:\/\/dorogimedence.hu\/wp-content\/uploads\/2026\/04\/IMG_3033-1536x1024.jpg 1536w, https:\/\/dorogimedence.hu\/wp-content\/uploads\/2026\/04\/IMG_3033-150x100.jpg 150w, https:\/\/dorogimedence.hu\/wp-content\/uploads\/2026\/04\/IMG_3033-450x300.jpg 450w, https:\/\/dorogimedence.hu\/wp-content\/uploads\/2026\/04\/IMG_3033-1200x800.jpg 1200w, https:\/\/dorogimedence.hu\/wp-content\/uploads\/2026\/04\/IMG_3033-272x182.jpg 272w\" sizes=\"(max-width: 1920px) 100vw, 1920px\" \/><\/p>\n<p>Szegv\u00e1ri J\u00f3zsef \u00f6nkorm\u00e1nyzati k\u00e9pvisel\u0151 besz\u00e9d\u00e9ben k\u00f6sz\u00f6netet mondott mindazoknak, akik r\u00e9szt vettek a megval\u00f3s\u00edt\u00e1sban. Felid\u00e9zte, hogy a k\u00f6z\u00f6s tervez\u00e9si folyamat sor\u00e1n rengeteg \u00f6tlet sz\u00fcletett, \u00e9s val\u00f3di csapatmunka alakult ki civilek \u00e9s az \u00f6nkorm\u00e1nyzat k\u00f6z\u00f6tt. Hangs\u00falyozta, hogy a projekt k\u00fcl\u00f6nlegess\u00e9ge \u00e9ppen abban rejlik, hogy nem egy \u201efel\u00fclr\u0151l \u00e9rkez\u0151\u201d kezdem\u00e9nyez\u00e9s volt, hanem k\u00f6z\u00f6s gondolkod\u00e1s eredm\u00e9nye. Kiemelte azt is, hogy a megval\u00f3s\u00edt\u00e1s sor\u00e1n sokan fizikailag is hozz\u00e1j\u00e1rultak a munk\u00e1hoz, ami tov\u00e1bb er\u0151s\u00edtette a k\u00f6z\u00f6ss\u00e9gi jelleget. B\u00edzik abban, hogy a most \u00e1tadott z\u00f6ldt\u00e9r egy hosszabb folyamat kezdete lesz, \u00e9s \u00faj lend\u00fcletet adhat a lak\u00f3telepi k\u00f6z\u00f6ss\u00e9gi \u00e9letnek.<\/p>\n<h3><strong>K\u00f6z\u00f6s t\u00e9r, k\u00f6z\u00f6s felel\u0151ss\u00e9g<\/strong><\/h3>\n<p><img loading=\"lazy\" decoding=\"async\" class=\"alignnone size-full wp-image-79787\" src=\"https:\/\/dorogimedence.hu\/wp-content\/uploads\/2026\/04\/IMG_3072.jpg\" alt=\"\" width=\"1920\" height=\"1280\" srcset=\"https:\/\/dorogimedence.hu\/wp-content\/uploads\/2026\/04\/IMG_3072.jpg 1920w, https:\/\/dorogimedence.hu\/wp-content\/uploads\/2026\/04\/IMG_3072-600x400.jpg 600w, https:\/\/dorogimedence.hu\/wp-content\/uploads\/2026\/04\/IMG_3072-768x512.jpg 768w, https:\/\/dorogimedence.hu\/wp-content\/uploads\/2026\/04\/IMG_3072-1536x1024.jpg 1536w, https:\/\/dorogimedence.hu\/wp-content\/uploads\/2026\/04\/IMG_3072-150x100.jpg 150w, https:\/\/dorogimedence.hu\/wp-content\/uploads\/2026\/04\/IMG_3072-450x300.jpg 450w, https:\/\/dorogimedence.hu\/wp-content\/uploads\/2026\/04\/IMG_3072-1200x800.jpg 1200w, https:\/\/dorogimedence.hu\/wp-content\/uploads\/2026\/04\/IMG_3072-272x182.jpg 272w\" sizes=\"(max-width: 1920px) 100vw, 1920px\" \/><\/p>\n<p>Az \u00e1tad\u00f3n oklevelekkel ismert\u00e9k el az \u00f6nk\u00e9ntesek \u00e9s k\u00f6zrem\u0171k\u00f6d\u0151k munk\u00e1j\u00e1t, majd a r\u00e9sztvev\u0151k k\u00f6z\u00f6sen j\u00e1rt\u00e1k be az elk\u00e9sz\u00fclt ter\u00fcletet. A szervez\u0151k hangs\u00falyozt\u00e1k: a projekt val\u00f3di k\u00f6z\u00f6s munka eredm\u00e9nye, amelynek fenntart\u00e1s\u00e1ban a j\u00f6v\u0151ben is fontos szerepe lesz a helyi k\u00f6z\u00f6ss\u00e9gnek.<\/p>\n<p>K\u00e9rik a k\u00f6rny\u00e9k lak\u00f3it, hogy lehet\u0151s\u00e9g szerint seg\u00edts\u00e9k a frissen \u00fcltetett n\u00f6v\u00e9nyek gondoz\u00e1s\u00e1t, p\u00e9ld\u00e1ul locsol\u00e1ssal. A c\u00e9l, hogy az \u201eAblak a j\u00f6v\u0151re\u201d ne csak egy elk\u00e9sz\u00fclt beruh\u00e1z\u00e1s legyen, hanem hossz\u00fa t\u00e1von is \u00e9l\u0151, k\u00f6z\u00f6ss\u00e9gi t\u00e9rk\u00e9nt m\u0171k\u00f6dj\u00f6n Dorogon.<\/p>\n<p>A projekt a MOL Z\u00f6ld O\u00e1zis p\u00e1ly\u00e1zat t\u00e1mogat\u00e1s\u00e1val, valamint a BEBTE Szem\u00e9tirt\u00f3k csoport, a Civilek a Fejl\u0151d\u0151 V\u00e1ros\u00e9rt Egyes\u00fclet, a Dorogi Fut\u00f3k\u00f6r SE, a Dorogi Ker\u00e9kp\u00e1ros Egyes\u00fclet, a K\u00d6Z\u00d6D Egyes\u00fclet, valamint a dorogi \u00f6nkorm\u00e1nyzat k\u00f6zrem\u0171k\u00f6d\u00e9s\u00e9vel val\u00f3sult meg.<\/p>\n<p><em><img loading=\"lazy\" decoding=\"async\" class=\"alignnone size-full wp-image-79788\" src=\"https:\/\/dorogimedence.hu\/wp-content\/uploads\/2026\/04\/IMG_2987.jpg\" alt=\"\" width=\"1920\" height=\"1280\" srcset=\"https:\/\/dorogimedence.hu\/wp-content\/uploads\/2026\/04\/IMG_2987.jpg 1920w, https:\/\/dorogimedence.hu\/wp-content\/uploads\/2026\/04\/IMG_2987-600x400.jpg 600w, https:\/\/dorogimedence.hu\/wp-content\/uploads\/2026\/04\/IMG_2987-768x512.jpg 768w, https:\/\/dorogimedence.hu\/wp-content\/uploads\/2026\/04\/IMG_2987-1536x1024.jpg 1536w, https:\/\/dorogimedence.hu\/wp-content\/uploads\/2026\/04\/IMG_2987-150x100.jpg 150w, https:\/\/dorogimedence.hu\/wp-content\/uploads\/2026\/04\/IMG_2987-450x300.jpg 450w, https:\/\/dorogimedence.hu\/wp-content\/uploads\/2026\/04\/IMG_2987-1200x800.jpg 1200w, https:\/\/dorogimedence.hu\/wp-content\/uploads\/2026\/04\/IMG_2987-272x182.jpg 272w\" sizes=\"(max-width: 1920px) 100vw, 1920px\" \/> <img loading=\"lazy\" decoding=\"async\" class=\"alignnone size-full wp-image-79789\" src=\"https:\/\/dorogimedence.hu\/wp-content\/uploads\/2026\/04\/IMG_3012.jpg\" alt=\"\" width=\"1920\" height=\"1280\" srcset=\"https:\/\/dorogimedence.hu\/wp-content\/uploads\/2026\/04\/IMG_3012.jpg 1920w, https:\/\/dorogimedence.hu\/wp-content\/uploads\/2026\/04\/IMG_3012-600x400.jpg 600w, https:\/\/dorogimedence.hu\/wp-content\/uploads\/2026\/04\/IMG_3012-768x512.jpg 768w, https:\/\/dorogimedence.hu\/wp-content\/uploads\/2026\/04\/IMG_3012-1536x1024.jpg 1536w, https:\/\/dorogimedence.hu\/wp-content\/uploads\/2026\/04\/IMG_3012-150x100.jpg 150w, https:\/\/dorogimedence.hu\/wp-content\/uploads\/2026\/04\/IMG_3012-450x300.jpg 450w, https:\/\/dorogimedence.hu\/wp-content\/uploads\/2026\/04\/IMG_3012-1200x800.jpg 1200w, https:\/\/dorogimedence.hu\/wp-content\/uploads\/2026\/04\/IMG_3012-272x182.jpg 272w\" sizes=\"(max-width: 1920px) 100vw, 1920px\" \/> <img loading=\"lazy\" decoding=\"async\" class=\"alignnone size-full wp-image-79790\" src=\"https:\/\/dorogimedence.hu\/wp-content\/uploads\/2026\/04\/IMG_3025.jpg\" alt=\"\" width=\"1920\" height=\"1280\" srcset=\"https:\/\/dorogimedence.hu\/wp-content\/uploads\/2026\/04\/IMG_3025.jpg 1920w, https:\/\/dorogimedence.hu\/wp-content\/uploads\/2026\/04\/IMG_3025-600x400.jpg 600w, https:\/\/dorogimedence.hu\/wp-content\/uploads\/2026\/04\/IMG_3025-768x512.jpg 768w, https:\/\/dorogimedence.hu\/wp-content\/uploads\/2026\/04\/IMG_3025-1536x1024.jpg 1536w, https:\/\/dorogimedence.hu\/wp-content\/uploads\/2026\/04\/IMG_3025-150x100.jpg 150w, https:\/\/dorogimedence.hu\/wp-content\/uploads\/2026\/04\/IMG_3025-450x300.jpg 450w, https:\/\/dorogimedence.hu\/wp-content\/uploads\/2026\/04\/IMG_3025-1200x800.jpg 1200w, https:\/\/dorogimedence.hu\/wp-content\/uploads\/2026\/04\/IMG_3025-272x182.jpg 272w\" sizes=\"(max-width: 1920px) 100vw, 1920px\" \/> <img loading=\"lazy\" decoding=\"async\" class=\"alignnone size-full wp-image-79791\" src=\"https:\/\/dorogimedence.hu\/wp-content\/uploads\/2026\/04\/IMG_3063.jpg\" alt=\"\" width=\"1920\" height=\"1280\" srcset=\"https:\/\/dorogimedence.hu\/wp-content\/uploads\/2026\/04\/IMG_3063.jpg 1920w, https:\/\/dorogimedence.hu\/wp-content\/uploads\/2026\/04\/IMG_3063-600x400.jpg 600w, https:\/\/dorogimedence.hu\/wp-content\/uploads\/2026\/04\/IMG_3063-768x512.jpg 768w, https:\/\/dorogimedence.hu\/wp-content\/uploads\/2026\/04\/IMG_3063-1536x1024.jpg 1536w, https:\/\/dorogimedence.hu\/wp-content\/uploads\/2026\/04\/IMG_3063-150x100.jpg 150w, https:\/\/dorogimedence.hu\/wp-content\/uploads\/2026\/04\/IMG_3063-450x300.jpg 450w, https:\/\/dorogimedence.hu\/wp-content\/uploads\/2026\/04\/IMG_3063-1200x800.jpg 1200w, https:\/\/dorogimedence.hu\/wp-content\/uploads\/2026\/04\/IMG_3063-272x182.jpg 272w\" sizes=\"(max-width: 1920px) 100vw, 1920px\" \/> <img loading=\"lazy\" decoding=\"async\" class=\"alignnone size-full wp-image-79792\" src=\"https:\/\/dorogimedence.hu\/wp-content\/uploads\/2026\/04\/IMG_3071.jpg\" alt=\"\" width=\"1920\" height=\"1280\" srcset=\"https:\/\/dorogimedence.hu\/wp-content\/uploads\/2026\/04\/IMG_3071.jpg 1920w, https:\/\/dorogimedence.hu\/wp-content\/uploads\/2026\/04\/IMG_3071-600x400.jpg 600w, https:\/\/dorogimedence.hu\/wp-content\/uploads\/2026\/04\/IMG_3071-768x512.jpg 768w, https:\/\/dorogimedence.hu\/wp-content\/uploads\/2026\/04\/IMG_3071-1536x1024.jpg 1536w, https:\/\/dorogimedence.hu\/wp-content\/uploads\/2026\/04\/IMG_3071-150x100.jpg 150w, https:\/\/dorogimedence.hu\/wp-content\/uploads\/2026\/04\/IMG_3071-450x300.jpg 450w, https:\/\/dorogimedence.hu\/wp-content\/uploads\/2026\/04\/IMG_3071-1200x800.jpg 1200w, https:\/\/dorogimedence.hu\/wp-content\/uploads\/2026\/04\/IMG_3071-272x182.jpg 272w\" sizes=\"(max-width: 1920px) 100vw, 1920px\" \/> <img loading=\"lazy\" decoding=\"async\" class=\"alignnone size-full wp-image-79793\" src=\"https:\/\/dorogimedence.hu\/wp-content\/uploads\/2026\/04\/IMG_3074.jpg\" alt=\"\" width=\"1920\" height=\"1280\" srcset=\"https:\/\/dorogimedence.hu\/wp-content\/uploads\/2026\/04\/IMG_3074.jpg 1920w, https:\/\/dorogimedence.hu\/wp-content\/uploads\/2026\/04\/IMG_3074-600x400.jpg 600w, https:\/\/dorogimedence.hu\/wp-content\/uploads\/2026\/04\/IMG_3074-768x512.jpg 768w, https:\/\/dorogimedence.hu\/wp-content\/uploads\/2026\/04\/IMG_3074-1536x1024.jpg 1536w, https:\/\/dorogimedence.hu\/wp-content\/uploads\/2026\/04\/IMG_3074-150x100.jpg 150w, https:\/\/dorogimedence.hu\/wp-content\/uploads\/2026\/04\/IMG_3074-450x300.jpg 450w, https:\/\/dorogimedence.hu\/wp-content\/uploads\/2026\/04\/IMG_3074-1200x800.jpg 1200w, https:\/\/dorogimedence.hu\/wp-content\/uploads\/2026\/04\/IMG_3074-272x182.jpg 272w\" sizes=\"(max-width: 1920px) 100vw, 1920px\" \/><\/em><em>Fot\u00f3k: Dorogi-medence<\/em><\/p>\n","protected":false},"excerpt":{"rendered":"<p>\u00c1prilis 27-\u00e9n \u00fcnnep\u00e9lyesen is \u00e1tadt\u00e1k Dorogon, a Schmidt S\u00e1ndor lak\u00f3telepen az \u201eAblak a j\u00f6v\u0151re\u201d k\u00f6z\u00f6ss\u00e9gi z\u00f6ldteret, amely h\u00f3napokon \u00e1t tart\u00f3 k\u00f6z\u00f6s munka eredm\u00e9nyek\u00e9nt val\u00f3sult meg. A projekt m\u00f6g\u00f6tt civil \u00f6sszefog\u00e1s, \u00f6nk\u00e9ntesek munk\u00e1ja \u00e9s szakmai t\u00e1mogat\u00e1s \u00e1ll, a c\u00e9l pedig egy \u00e9lhet\u0151bb, z\u00f6ldebb \u00e9s k\u00f6z\u00f6ss\u00e9g\u00e9p\u00edt\u0151 t\u00e9r l\u00e9trehoz\u00e1sa volt. Az esem\u00e9nyen a projekt meg\u00e1lmod\u00f3i \u00e9s t\u00e1mogat\u00f3i is<\/p>\n","protected":false},"author":1,"featured_media":79785,"comment_status":"closed","ping_status":"closed","sticky":false,"template":"","format":"standard","meta":{"ngg_post_thumbnail":0,"footnotes":""},"categories":[2,3],"tags":[8749,15,5624,2445,8771],"class_list":{"0":"post-79781","1":"post","2":"type-post","3":"status-publish","4":"format-standard","5":"has-post-thumbnail","7":"category-dorog","8":"category-hirek","9":"tag-ablak-a-jovore","10":"tag-dorog","11":"tag-featured","12":"tag-kozossegi-kert","13":"tag-schmidt-sandor-lakotelep"},"yoast_head":"<!-- This site is optimized with the Yoast SEO plugin v27.4 - https:\/\/yoast.com\/product\/yoast-seo-wordpress\/ -->\n<title>Elk\u00e9sz\u00fclt az \u201eAblak a j\u00f6v\u0151re\u201d k\u00f6z\u00f6ss\u00e9gi z\u00f6ldt\u00e9r Dorogon<\/title>\n<meta name=\"robots\" content=\"index, follow, max-snippet:-1, max-image-preview:large, max-video-preview:-1\" \/>\n<link rel=\"canonical\" href=\"https:\/\/dorogimedence.hu\/index.php\/2026\/04\/28\/elkeszult-az-ablak-a-jovore-kozossegi-zoldter-dorogon\/\" class=\"yoast-seo-meta-tag\" \/>\n<meta property=\"og:locale\" content=\"hu_HU\" class=\"yoast-seo-meta-tag\" \/>\n<meta property=\"og:type\" content=\"article\" class=\"yoast-seo-meta-tag\" \/>\n<meta property=\"og:title\" content=\"Elk\u00e9sz\u00fclt az \u201eAblak a j\u00f6v\u0151re\u201d k\u00f6z\u00f6ss\u00e9gi z\u00f6ldt\u00e9r Dorogon\" class=\"yoast-seo-meta-tag\" \/>\n<meta property=\"og:description\" content=\"\u00c1prilis 27-\u00e9n \u00fcnnep\u00e9lyesen is \u00e1tadt\u00e1k Dorogon, a Schmidt S\u00e1ndor lak\u00f3telepen az \u201eAblak a j\u00f6v\u0151re\u201d k\u00f6z\u00f6ss\u00e9gi z\u00f6ldteret, amely h\u00f3napokon \u00e1t tart\u00f3 k\u00f6z\u00f6s munka eredm\u00e9nyek\u00e9nt val\u00f3sult meg. A projekt m\u00f6g\u00f6tt civil \u00f6sszefog\u00e1s, \u00f6nk\u00e9ntesek munk\u00e1ja \u00e9s szakmai t\u00e1mogat\u00e1s \u00e1ll, a c\u00e9l pedig egy \u00e9lhet\u0151bb, z\u00f6ldebb \u00e9s k\u00f6z\u00f6ss\u00e9g\u00e9p\u00edt\u0151 t\u00e9r l\u00e9trehoz\u00e1sa volt. Az esem\u00e9nyen a projekt meg\u00e1lmod\u00f3i \u00e9s t\u00e1mogat\u00f3i is\" class=\"yoast-seo-meta-tag\" \/>\n<meta property=\"og:url\" content=\"https:\/\/dorogimedence.hu\/index.php\/2026\/04\/28\/elkeszult-az-ablak-a-jovore-kozossegi-zoldter-dorogon\/\" class=\"yoast-seo-meta-tag\" \/>\n<meta property=\"og:site_name\" content=\"Dorogi-medence Region\u00e1lis H\u00edrport\u00e1l\" class=\"yoast-seo-meta-tag\" \/>\n<meta property=\"article:publisher\" content=\"https:\/\/www.facebook.com\/dorogimedence\/\" class=\"yoast-seo-meta-tag\" \/>\n<meta property=\"article:published_time\" content=\"2026-04-28T07:24:49+00:00\" class=\"yoast-seo-meta-tag\" \/>\n<meta property=\"article:modified_time\" content=\"2026-04-28T07:27:59+00:00\" class=\"yoast-seo-meta-tag\" \/>\n<meta property=\"og:image\" content=\"https:\/\/dorogimedence.hu\/wp-content\/uploads\/2026\/04\/IMG_2984.jpg\" class=\"yoast-seo-meta-tag\" \/>\n\t<meta property=\"og:image:width\" content=\"1920\" class=\"yoast-seo-meta-tag\" \/>\n\t<meta property=\"og:image:height\" content=\"1280\" class=\"yoast-seo-meta-tag\" \/>\n\t<meta property=\"og:image:type\" content=\"image\/jpeg\" class=\"yoast-seo-meta-tag\" \/>\n<meta name=\"author\" content=\"dorogimedence.hu\" class=\"yoast-seo-meta-tag\" \/>\n<meta name=\"twitter:card\" content=\"summary_large_image\" class=\"yoast-seo-meta-tag\" \/>\n<meta name=\"twitter:label1\" content=\"Szerz\u0151:\" class=\"yoast-seo-meta-tag\" \/>\n\t<meta name=\"twitter:data1\" content=\"dorogimedence.hu\" class=\"yoast-seo-meta-tag\" \/>\n\t<meta name=\"twitter:label2\" content=\"Becs\u00fclt olvas\u00e1si id\u0151\" class=\"yoast-seo-meta-tag\" \/>\n\t<meta name=\"twitter:data2\" content=\"5 perc\" class=\"yoast-seo-meta-tag\" \/>\n<script type=\"application\/ld+json\" class=\"yoast-schema-graph\">{\"@context\":\"https:\\\/\\\/schema.org\",\"@graph\":[{\"@type\":\"Article\",\"@id\":\"https:\\\/\\\/dorogimedence.hu\\\/index.php\\\/2026\\\/04\\\/28\\\/elkeszult-az-ablak-a-jovore-kozossegi-zoldter-dorogon\\\/#article\",\"isPartOf\":{\"@id\":\"https:\\\/\\\/dorogimedence.hu\\\/index.php\\\/2026\\\/04\\\/28\\\/elkeszult-az-ablak-a-jovore-kozossegi-zoldter-dorogon\\\/\"},\"author\":{\"name\":\"dorogimedence.hu\",\"@id\":\"https:\\\/\\\/dorogimedence.hu\\\/#\\\/schema\\\/person\\\/ce6091eeb7e95ecdc87890d6aa8e0fd4\"},\"headline\":\"Elk\u00e9sz\u00fclt az \u201eAblak a j\u00f6v\u0151re\u201d k\u00f6z\u00f6ss\u00e9gi z\u00f6ldt\u00e9r Dorogon\",\"datePublished\":\"2026-04-28T07:24:49+00:00\",\"dateModified\":\"2026-04-28T07:27:59+00:00\",\"mainEntityOfPage\":{\"@id\":\"https:\\\/\\\/dorogimedence.hu\\\/index.php\\\/2026\\\/04\\\/28\\\/elkeszult-az-ablak-a-jovore-kozossegi-zoldter-dorogon\\\/\"},\"wordCount\":955,\"publisher\":{\"@id\":\"https:\\\/\\\/dorogimedence.hu\\\/#organization\"},\"image\":{\"@id\":\"https:\\\/\\\/dorogimedence.hu\\\/index.php\\\/2026\\\/04\\\/28\\\/elkeszult-az-ablak-a-jovore-kozossegi-zoldter-dorogon\\\/#primaryimage\"},\"thumbnailUrl\":\"https:\\\/\\\/dorogimedence.hu\\\/wp-content\\\/uploads\\\/2026\\\/04\\\/IMG_2984.jpg\",\"keywords\":[\"Ablak a j\u00f6v\u0151re\",\"Dorog\",\"featured\",\"k\u00f6z\u00f6ss\u00e9gi kert\",\"Schmidt S\u00e1ndor lak\u00f3telep\"],\"articleSection\":[\"Dorog\",\"H\u00edrek\"],\"inLanguage\":\"hu\"},{\"@type\":\"WebPage\",\"@id\":\"https:\\\/\\\/dorogimedence.hu\\\/index.php\\\/2026\\\/04\\\/28\\\/elkeszult-az-ablak-a-jovore-kozossegi-zoldter-dorogon\\\/\",\"url\":\"https:\\\/\\\/dorogimedence.hu\\\/index.php\\\/2026\\\/04\\\/28\\\/elkeszult-az-ablak-a-jovore-kozossegi-zoldter-dorogon\\\/\",\"name\":\"Elk\u00e9sz\u00fclt az \u201eAblak a j\u00f6v\u0151re\u201d k\u00f6z\u00f6ss\u00e9gi z\u00f6ldt\u00e9r Dorogon\",\"isPartOf\":{\"@id\":\"https:\\\/\\\/dorogimedence.hu\\\/#website\"},\"primaryImageOfPage\":{\"@id\":\"https:\\\/\\\/dorogimedence.hu\\\/index.php\\\/2026\\\/04\\\/28\\\/elkeszult-az-ablak-a-jovore-kozossegi-zoldter-dorogon\\\/#primaryimage\"},\"image\":{\"@id\":\"https:\\\/\\\/dorogimedence.hu\\\/index.php\\\/2026\\\/04\\\/28\\\/elkeszult-az-ablak-a-jovore-kozossegi-zoldter-dorogon\\\/#primaryimage\"},\"thumbnailUrl\":\"https:\\\/\\\/dorogimedence.hu\\\/wp-content\\\/uploads\\\/2026\\\/04\\\/IMG_2984.jpg\",\"datePublished\":\"2026-04-28T07:24:49+00:00\",\"dateModified\":\"2026-04-28T07:27:59+00:00\",\"breadcrumb\":{\"@id\":\"https:\\\/\\\/dorogimedence.hu\\\/index.php\\\/2026\\\/04\\\/28\\\/elkeszult-az-ablak-a-jovore-kozossegi-zoldter-dorogon\\\/#breadcrumb\"},\"inLanguage\":\"hu\",\"potentialAction\":[{\"@type\":\"ReadAction\",\"target\":[\"https:\\\/\\\/dorogimedence.hu\\\/index.php\\\/2026\\\/04\\\/28\\\/elkeszult-az-ablak-a-jovore-kozossegi-zoldter-dorogon\\\/\"]}]},{\"@type\":\"ImageObject\",\"inLanguage\":\"hu\",\"@id\":\"https:\\\/\\\/dorogimedence.hu\\\/index.php\\\/2026\\\/04\\\/28\\\/elkeszult-az-ablak-a-jovore-kozossegi-zoldter-dorogon\\\/#primaryimage\",\"url\":\"https:\\\/\\\/dorogimedence.hu\\\/wp-content\\\/uploads\\\/2026\\\/04\\\/IMG_2984.jpg\",\"contentUrl\":\"https:\\\/\\\/dorogimedence.hu\\\/wp-content\\\/uploads\\\/2026\\\/04\\\/IMG_2984.jpg\",\"width\":1920,\"height\":1280},{\"@type\":\"BreadcrumbList\",\"@id\":\"https:\\\/\\\/dorogimedence.hu\\\/index.php\\\/2026\\\/04\\\/28\\\/elkeszult-az-ablak-a-jovore-kozossegi-zoldter-dorogon\\\/#breadcrumb\",\"itemListElement\":[{\"@type\":\"ListItem\",\"position\":1,\"name\":\"Kezd\u0151lap\",\"item\":\"https:\\\/\\\/dorogimedence.hu\\\/\"},{\"@type\":\"ListItem\",\"position\":2,\"name\":\"Elk\u00e9sz\u00fclt az \u201eAblak a j\u00f6v\u0151re\u201d k\u00f6z\u00f6ss\u00e9gi z\u00f6ldt\u00e9r Dorogon\"}]},{\"@type\":\"WebSite\",\"@id\":\"https:\\\/\\\/dorogimedence.hu\\\/#website\",\"url\":\"https:\\\/\\\/dorogimedence.hu\\\/\",\"name\":\"Dorogi-medence Region\u00e1lis H\u00edrport\u00e1l\",\"description\":\"Dorog, Keszt\u00f6lc, Le\u00e1nyv\u00e1r, Piliscs\u00e9v, Tokod, Tokodalt\u00e1r\u00f3, Csolnok, Esztergom-kertv\u00e1ros: h\u00edrek, programok\",\"publisher\":{\"@id\":\"https:\\\/\\\/dorogimedence.hu\\\/#organization\"},\"potentialAction\":[{\"@type\":\"SearchAction\",\"target\":{\"@type\":\"EntryPoint\",\"urlTemplate\":\"https:\\\/\\\/dorogimedence.hu\\\/?s={search_term_string}\"},\"query-input\":{\"@type\":\"PropertyValueSpecification\",\"valueRequired\":true,\"valueName\":\"search_term_string\"}}],\"inLanguage\":\"hu\"},{\"@type\":\"Organization\",\"@id\":\"https:\\\/\\\/dorogimedence.hu\\\/#organization\",\"name\":\"Dorogi-medence Region\u00e1lis H\u00edrport\u00e1l\",\"url\":\"https:\\\/\\\/dorogimedence.hu\\\/\",\"logo\":{\"@type\":\"ImageObject\",\"inLanguage\":\"hu\",\"@id\":\"https:\\\/\\\/dorogimedence.hu\\\/#\\\/schema\\\/logo\\\/image\\\/\",\"url\":\"https:\\\/\\\/dorogimedence.hu\\\/wp-content\\\/uploads\\\/2021\\\/04\\\/logo-feher-600.png\",\"contentUrl\":\"https:\\\/\\\/dorogimedence.hu\\\/wp-content\\\/uploads\\\/2021\\\/04\\\/logo-feher-600.png\",\"width\":600,\"height\":100,\"caption\":\"Dorogi-medence Region\u00e1lis H\u00edrport\u00e1l\"},\"image\":{\"@id\":\"https:\\\/\\\/dorogimedence.hu\\\/#\\\/schema\\\/logo\\\/image\\\/\"},\"sameAs\":[\"https:\\\/\\\/www.facebook.com\\\/dorogimedence\\\/\"]},{\"@type\":\"Person\",\"@id\":\"https:\\\/\\\/dorogimedence.hu\\\/#\\\/schema\\\/person\\\/ce6091eeb7e95ecdc87890d6aa8e0fd4\",\"name\":\"dorogimedence.hu\",\"image\":{\"@type\":\"ImageObject\",\"inLanguage\":\"hu\",\"@id\":\"\\\/\\\/www.gravatar.com\\\/avatar\\\/d8d45f8901aadff40a4af72c0b826f1d?s=96&#038;r=g&#038;d=mm\",\"url\":\"\\\/\\\/www.gravatar.com\\\/avatar\\\/d8d45f8901aadff40a4af72c0b826f1d?s=96&#038;r=g&#038;d=mm\",\"contentUrl\":\"\\\/\\\/www.gravatar.com\\\/avatar\\\/d8d45f8901aadff40a4af72c0b826f1d?s=96&#038;r=g&#038;d=mm\",\"caption\":\"dorogimedence.hu\"}}]}<\/script>\n<!-- \/ Yoast SEO plugin. -->","yoast_head_json":{"title":"Elk\u00e9sz\u00fclt az \u201eAblak a j\u00f6v\u0151re\u201d k\u00f6z\u00f6ss\u00e9gi z\u00f6ldt\u00e9r Dorogon","robots":{"index":"index","follow":"follow","max-snippet":"max-snippet:-1","max-image-preview":"max-image-preview:large","max-video-preview":"max-video-preview:-1"},"canonical":"https:\/\/dorogimedence.hu\/index.php\/2026\/04\/28\/elkeszult-az-ablak-a-jovore-kozossegi-zoldter-dorogon\/","og_locale":"hu_HU","og_type":"article","og_title":"Elk\u00e9sz\u00fclt az \u201eAblak a j\u00f6v\u0151re\u201d k\u00f6z\u00f6ss\u00e9gi z\u00f6ldt\u00e9r Dorogon","og_description":"\u00c1prilis 27-\u00e9n \u00fcnnep\u00e9lyesen is \u00e1tadt\u00e1k Dorogon, a Schmidt S\u00e1ndor lak\u00f3telepen az \u201eAblak a j\u00f6v\u0151re\u201d k\u00f6z\u00f6ss\u00e9gi z\u00f6ldteret, amely h\u00f3napokon \u00e1t tart\u00f3 k\u00f6z\u00f6s munka eredm\u00e9nyek\u00e9nt val\u00f3sult meg. A projekt m\u00f6g\u00f6tt civil \u00f6sszefog\u00e1s, \u00f6nk\u00e9ntesek munk\u00e1ja \u00e9s szakmai t\u00e1mogat\u00e1s \u00e1ll, a c\u00e9l pedig egy \u00e9lhet\u0151bb, z\u00f6ldebb \u00e9s k\u00f6z\u00f6ss\u00e9g\u00e9p\u00edt\u0151 t\u00e9r l\u00e9trehoz\u00e1sa volt. Az esem\u00e9nyen a projekt meg\u00e1lmod\u00f3i \u00e9s t\u00e1mogat\u00f3i is","og_url":"https:\/\/dorogimedence.hu\/index.php\/2026\/04\/28\/elkeszult-az-ablak-a-jovore-kozossegi-zoldter-dorogon\/","og_site_name":"Dorogi-medence Region\u00e1lis H\u00edrport\u00e1l","article_publisher":"https:\/\/www.facebook.com\/dorogimedence\/","article_published_time":"2026-04-28T07:24:49+00:00","article_modified_time":"2026-04-28T07:27:59+00:00","og_image":[{"width":1920,"height":1280,"url":"https:\/\/dorogimedence.hu\/wp-content\/uploads\/2026\/04\/IMG_2984.jpg","type":"image\/jpeg"}],"author":"dorogimedence.hu","twitter_card":"summary_large_image","twitter_misc":{"Szerz\u0151:":"dorogimedence.hu","Becs\u00fclt olvas\u00e1si id\u0151":"5 perc"},"schema":{"@context":"https:\/\/schema.org","@graph":[{"@type":"Article","@id":"https:\/\/dorogimedence.hu\/index.php\/2026\/04\/28\/elkeszult-az-ablak-a-jovore-kozossegi-zoldter-dorogon\/#article","isPartOf":{"@id":"https:\/\/dorogimedence.hu\/index.php\/2026\/04\/28\/elkeszult-az-ablak-a-jovore-kozossegi-zoldter-dorogon\/"},"author":{"name":"dorogimedence.hu","@id":"https:\/\/dorogimedence.hu\/#\/schema\/person\/ce6091eeb7e95ecdc87890d6aa8e0fd4"},"headline":"Elk\u00e9sz\u00fclt az \u201eAblak a j\u00f6v\u0151re\u201d k\u00f6z\u00f6ss\u00e9gi z\u00f6ldt\u00e9r Dorogon","datePublished":"2026-04-28T07:24:49+00:00","dateModified":"2026-04-28T07:27:59+00:00","mainEntityOfPage":{"@id":"https:\/\/dorogimedence.hu\/index.php\/2026\/04\/28\/elkeszult-az-ablak-a-jovore-kozossegi-zoldter-dorogon\/"},"wordCount":955,"publisher":{"@id":"https:\/\/dorogimedence.hu\/#organization"},"image":{"@id":"https:\/\/dorogimedence.hu\/index.php\/2026\/04\/28\/elkeszult-az-ablak-a-jovore-kozossegi-zoldter-dorogon\/#primaryimage"},"thumbnailUrl":"https:\/\/dorogimedence.hu\/wp-content\/uploads\/2026\/04\/IMG_2984.jpg","keywords":["Ablak a j\u00f6v\u0151re","Dorog","featured","k\u00f6z\u00f6ss\u00e9gi kert","Schmidt S\u00e1ndor lak\u00f3telep"],"articleSection":["Dorog","H\u00edrek"],"inLanguage":"hu"},{"@type":"WebPage","@id":"https:\/\/dorogimedence.hu\/index.php\/2026\/04\/28\/elkeszult-az-ablak-a-jovore-kozossegi-zoldter-dorogon\/","url":"https:\/\/dorogimedence.hu\/index.php\/2026\/04\/28\/elkeszult-az-ablak-a-jovore-kozossegi-zoldter-dorogon\/","name":"Elk\u00e9sz\u00fclt az \u201eAblak a j\u00f6v\u0151re\u201d k\u00f6z\u00f6ss\u00e9gi z\u00f6ldt\u00e9r Dorogon","isPartOf":{"@id":"https:\/\/dorogimedence.hu\/#website"},"primaryImageOfPage":{"@id":"https:\/\/dorogimedence.hu\/index.php\/2026\/04\/28\/elkeszult-az-ablak-a-jovore-kozossegi-zoldter-dorogon\/#primaryimage"},"image":{"@id":"https:\/\/dorogimedence.hu\/index.php\/2026\/04\/28\/elkeszult-az-ablak-a-jovore-kozossegi-zoldter-dorogon\/#primaryimage"},"thumbnailUrl":"https:\/\/dorogimedence.hu\/wp-content\/uploads\/2026\/04\/IMG_2984.jpg","datePublished":"2026-04-28T07:24:49+00:00","dateModified":"2026-04-28T07:27:59+00:00","breadcrumb":{"@id":"https:\/\/dorogimedence.hu\/index.php\/2026\/04\/28\/elkeszult-az-ablak-a-jovore-kozossegi-zoldter-dorogon\/#breadcrumb"},"inLanguage":"hu","potentialAction":[{"@type":"ReadAction","target":["https:\/\/dorogimedence.hu\/index.php\/2026\/04\/28\/elkeszult-az-ablak-a-jovore-kozossegi-zoldter-dorogon\/"]}]},{"@type":"ImageObject","inLanguage":"hu","@id":"https:\/\/dorogimedence.hu\/index.php\/2026\/04\/28\/elkeszult-az-ablak-a-jovore-kozossegi-zoldter-dorogon\/#primaryimage","url":"https:\/\/dorogimedence.hu\/wp-content\/uploads\/2026\/04\/IMG_2984.jpg","contentUrl":"https:\/\/dorogimedence.hu\/wp-content\/uploads\/2026\/04\/IMG_2984.jpg","width":1920,"height":1280},{"@type":"BreadcrumbList","@id":"https:\/\/dorogimedence.hu\/index.php\/2026\/04\/28\/elkeszult-az-ablak-a-jovore-kozossegi-zoldter-dorogon\/#breadcrumb","itemListElement":[{"@type":"ListItem","position":1,"name":"Kezd\u0151lap","item":"https:\/\/dorogimedence.hu\/"},{"@type":"ListItem","position":2,"name":"Elk\u00e9sz\u00fclt az \u201eAblak a j\u00f6v\u0151re\u201d k\u00f6z\u00f6ss\u00e9gi z\u00f6ldt\u00e9r Dorogon"}]},{"@type":"WebSite","@id":"https:\/\/dorogimedence.hu\/#website","url":"https:\/\/dorogimedence.hu\/","name":"Dorogi-medence Region\u00e1lis H\u00edrport\u00e1l","description":"Dorog, Keszt\u00f6lc, Le\u00e1nyv\u00e1r, Piliscs\u00e9v, Tokod, Tokodalt\u00e1r\u00f3, Csolnok, Esztergom-kertv\u00e1ros: h\u00edrek, programok","publisher":{"@id":"https:\/\/dorogimedence.hu\/#organization"},"potentialAction":[{"@type":"SearchAction","target":{"@type":"EntryPoint","urlTemplate":"https:\/\/dorogimedence.hu\/?s={search_term_string}"},"query-input":{"@type":"PropertyValueSpecification","valueRequired":true,"valueName":"search_term_string"}}],"inLanguage":"hu"},{"@type":"Organization","@id":"https:\/\/dorogimedence.hu\/#organization","name":"Dorogi-medence Region\u00e1lis H\u00edrport\u00e1l","url":"https:\/\/dorogimedence.hu\/","logo":{"@type":"ImageObject","inLanguage":"hu","@id":"https:\/\/dorogimedence.hu\/#\/schema\/logo\/image\/","url":"https:\/\/dorogimedence.hu\/wp-content\/uploads\/2021\/04\/logo-feher-600.png","contentUrl":"https:\/\/dorogimedence.hu\/wp-content\/uploads\/2021\/04\/logo-feher-600.png","width":600,"height":100,"caption":"Dorogi-medence Region\u00e1lis H\u00edrport\u00e1l"},"image":{"@id":"https:\/\/dorogimedence.hu\/#\/schema\/logo\/image\/"},"sameAs":["https:\/\/www.facebook.com\/dorogimedence\/"]},{"@type":"Person","@id":"https:\/\/dorogimedence.hu\/#\/schema\/person\/ce6091eeb7e95ecdc87890d6aa8e0fd4","name":"dorogimedence.hu","image":{"@type":"ImageObject","inLanguage":"hu","@id":"\/\/www.gravatar.com\/avatar\/d8d45f8901aadff40a4af72c0b826f1d?s=96&#038;r=g&#038;d=mm","url":"\/\/www.gravatar.com\/avatar\/d8d45f8901aadff40a4af72c0b826f1d?s=96&#038;r=g&#038;d=mm","contentUrl":"\/\/www.gravatar.com\/avatar\/d8d45f8901aadff40a4af72c0b826f1d?s=96&#038;r=g&#038;d=mm","caption":"dorogimedence.hu"}}]}},"_links":{"self":[{"href":"https:\/\/dorogimedence.hu\/index.php\/wp-json\/wp\/v2\/posts\/79781","targetHints":{"allow":["GET"]}}],"collection":[{"href":"https:\/\/dorogimedence.hu\/index.php\/wp-json\/wp\/v2\/posts"}],"about":[{"href":"https:\/\/dorogimedence.hu\/index.php\/wp-json\/wp\/v2\/types\/post"}],"author":[{"embeddable":true,"href":"https:\/\/dorogimedence.hu\/index.php\/wp-json\/wp\/v2\/users\/1"}],"replies":[{"embeddable":true,"href":"https:\/\/dorogimedence.hu\/index.php\/wp-json\/wp\/v2\/comments?post=79781"}],"version-history":[{"count":3,"href":"https:\/\/dorogimedence.hu\/index.php\/wp-json\/wp\/v2\/posts\/79781\/revisions"}],"predecessor-version":[{"id":79796,"href":"https:\/\/dorogimedence.hu\/index.php\/wp-json\/wp\/v2\/posts\/79781\/revisions\/79796"}],"wp:featuredmedia":[{"embeddable":true,"href":"https:\/\/dorogimedence.hu\/index.php\/wp-json\/wp\/v2\/media\/79785"}],"wp:attachment":[{"href":"https:\/\/dorogimedence.hu\/index.php\/wp-json\/wp\/v2\/media?parent=79781"}],"wp:term":[{"taxonomy":"category","embeddable":true,"href":"https:\/\/dorogimedence.hu\/index.php\/wp-json\/wp\/v2\/categories?post=79781"},{"taxonomy":"post_tag","embeddable":true,"href":"https:\/\/dorogimedence.hu\/index.php\/wp-json\/wp\/v2\/tags?post=79781"}],"curies":[{"name":"wp","href":"https:\/\/api.w.org\/{rel}","templated":true}]}}