{"id":79757,"date":"2026-04-27T10:33:19","date_gmt":"2026-04-27T08:33:19","guid":{"rendered":"https:\/\/dorogimedence.hu\/?p=79757"},"modified":"2026-04-27T10:33:19","modified_gmt":"2026-04-27T08:33:19","slug":"vilagbajnoki-cimet-vedett-bakk-eszter-a-kempo-vb-n","status":"publish","type":"post","link":"https:\/\/dorogimedence.hu\/index.php\/2026\/04\/27\/vilagbajnoki-cimet-vedett-bakk-eszter-a-kempo-vb-n\/","title":{"rendered":"Vil\u00e1gbajnoki c\u00edmet v\u00e9dett Bakk Eszter a kempo vb-n"},"content":{"rendered":"<p><strong>Kiemelked\u0151 eredm\u00e9nyekkel z\u00e1rta a XXII. Kempo Vil\u00e1gbajnoks\u00e1got Bakk Eszter, aki az esztergom-kertv\u00e1rosi \u00e9s s\u00e1ris\u00e1pi edz\u00e9seken k\u00e9sz\u00fclve k\u00e9pviselte a Fighting Kempo st\u00edlust a t\u00f6r\u00f6korsz\u00e1gi Kemerben megrendezett vil\u00e1gversenyen.<\/strong><\/p>\n<p>A rangos megm\u00e9rettet\u00e9sen 39 orsz\u00e1g versenyz\u0151i l\u00e9ptek tatamira, ahol Eszter n\u00e9gy versenysz\u00e1mban is elindult, \u00e9s komoly kih\u00edv\u00e1sokkal n\u00e9zett szembe. B\u00e1r koroszt\u00e1lya alapj\u00e1n a 18\u201321 \u00e9vesek k\u00f6z\u00e9 tartozik, a sorsol\u00e1s \u00e9s az ellenfelek miatt t\u00f6bb esetben a feln\u0151tt mez\u0151nyben kellett helyt\u00e1llnia.<\/p>\n<p>A fiatal sportol\u00f3 azonban ism\u00e9t bizony\u00edtotta tehets\u00e9g\u00e9t \u00e9s felk\u00e9sz\u00fclts\u00e9g\u00e9t: k\u00e9t ez\u00fcst- \u00e9s egy arany\u00e9rmet szerzett, ut\u00f3bbival pedig megv\u00e9dte vil\u00e1gbajnoki c\u00edm\u00e9t semi kempo versenysz\u00e1mban. Ezzel m\u00e1r \u00f6t m\u00e9rk\u0151z\u00e9s \u00f3ta veretlen ezen a szinten.<\/p>\n<p><img fetchpriority=\"high\" decoding=\"async\" class=\"alignnone size-full wp-image-79759\" src=\"https:\/\/dorogimedence.hu\/wp-content\/uploads\/2026\/04\/bakk-02.jpg\" alt=\"\" width=\"1920\" height=\"1440\" srcset=\"https:\/\/dorogimedence.hu\/wp-content\/uploads\/2026\/04\/bakk-02.jpg 1920w, https:\/\/dorogimedence.hu\/wp-content\/uploads\/2026\/04\/bakk-02-600x450.jpg 600w, https:\/\/dorogimedence.hu\/wp-content\/uploads\/2026\/04\/bakk-02-768x576.jpg 768w, https:\/\/dorogimedence.hu\/wp-content\/uploads\/2026\/04\/bakk-02-1536x1152.jpg 1536w, https:\/\/dorogimedence.hu\/wp-content\/uploads\/2026\/04\/bakk-02-150x113.jpg 150w, https:\/\/dorogimedence.hu\/wp-content\/uploads\/2026\/04\/bakk-02-450x338.jpg 450w, https:\/\/dorogimedence.hu\/wp-content\/uploads\/2026\/04\/bakk-02-1200x900.jpg 1200w\" sizes=\"(max-width: 1920px) 100vw, 1920px\" \/><\/p>\n<p>A siker m\u00f6g\u00f6tt komoly szakmai munka \u00e1ll: Bakk Eszter teljes\u00edtm\u00e9ny\u00e9ben a tudatos felk\u00e9sz\u00fcl\u00e9s, a megfelel\u0151 taktika \u00e9s a magas szint\u0171 edz\u00e9smunka egyar\u00e1nt szerepet j\u00e1tszott. Eredm\u00e9nyei nemcsak hozt\u00e1k, hanem helyenk\u00e9nt meg is haladt\u00e1k az el\u0151zetes v\u00e1rakoz\u00e1sokat.<\/p>\n<p>A felk\u00e9sz\u00fcl\u00e9st \u00e9s a versenyz\u00e9st t\u00f6bb szakember is seg\u00edtette, k\u00f6zt\u00fck Lacza \u00c1d\u00e1m Ill\u00e9s, a Magyar Kempo Sz\u00f6vets\u00e9g vezet\u0151je, valamint a Fighting Kempo edz\u0151i, Pokorni G\u00e1bor \u00e9s Pokorni \u00c1d\u00e1m.<\/p>\n<p>A vil\u00e1gbajnoks\u00e1g ut\u00e1n kijelenthet\u0151: Bakk Eszter a International Kempo Federation egyik legtehets\u00e9gesebb versenyz\u0151je, aki imm\u00e1r a feln\u0151ttek k\u00f6z\u00f6tt is vil\u00e1gbajnoknak mondhatja mag\u00e1t.<\/p>\n<p><em>Fot\u00f3k: Fighting Kempo<\/em><\/p>\n","protected":false},"excerpt":{"rendered":"<p>Kiemelked\u0151 eredm\u00e9nyekkel z\u00e1rta a XXII. Kempo Vil\u00e1gbajnoks\u00e1got Bakk Eszter, aki az esztergom-kertv\u00e1rosi \u00e9s s\u00e1ris\u00e1pi edz\u00e9seken k\u00e9sz\u00fclve k\u00e9pviselte a Fighting Kempo st\u00edlust a t\u00f6r\u00f6korsz\u00e1gi Kemerben megrendezett vil\u00e1gversenyen. A rangos megm\u00e9rettet\u00e9sen 39 orsz\u00e1g versenyz\u0151i l\u00e9ptek tatamira, ahol Eszter n\u00e9gy versenysz\u00e1mban is elindult, \u00e9s komoly kih\u00edv\u00e1sokkal n\u00e9zett szembe. B\u00e1r koroszt\u00e1lya alapj\u00e1n a 18\u201321 \u00e9vesek k\u00f6z\u00e9 tartozik, a sorsol\u00e1s<\/p>\n","protected":false},"author":1,"featured_media":79758,"comment_status":"closed","ping_status":"closed","sticky":false,"template":"","format":"standard","meta":{"ngg_post_thumbnail":0,"footnotes":""},"categories":[38,7,3,5],"tags":[169,3080,444,16],"class_list":{"0":"post-79757","1":"post","2":"type-post","3":"status-publish","4":"format-standard","5":"has-post-thumbnail","7":"category-esztergom","8":"category-esztergom_kertvaros","9":"category-hirek","10":"category-sport","11":"tag-esztergom-kertvaros","12":"tag-fighting-kempo-pokorni-team","13":"tag-kempo","14":"tag-sport"},"yoast_head":"<!-- This site is optimized with the Yoast SEO plugin v27.4 - https:\/\/yoast.com\/product\/yoast-seo-wordpress\/ -->\n<title>Vil\u00e1gbajnoki c\u00edmet v\u00e9dett Bakk Eszter a kempo vb-n<\/title>\n<meta name=\"robots\" content=\"index, follow, max-snippet:-1, max-image-preview:large, max-video-preview:-1\" \/>\n<link rel=\"canonical\" href=\"https:\/\/dorogimedence.hu\/index.php\/2026\/04\/27\/vilagbajnoki-cimet-vedett-bakk-eszter-a-kempo-vb-n\/\" class=\"yoast-seo-meta-tag\" \/>\n<meta property=\"og:locale\" content=\"hu_HU\" class=\"yoast-seo-meta-tag\" \/>\n<meta property=\"og:type\" content=\"article\" class=\"yoast-seo-meta-tag\" \/>\n<meta property=\"og:title\" content=\"Vil\u00e1gbajnoki c\u00edmet v\u00e9dett Bakk Eszter a kempo vb-n\" class=\"yoast-seo-meta-tag\" \/>\n<meta property=\"og:description\" content=\"Kiemelked\u0151 eredm\u00e9nyekkel z\u00e1rta a XXII. Kempo Vil\u00e1gbajnoks\u00e1got Bakk Eszter, aki az esztergom-kertv\u00e1rosi \u00e9s s\u00e1ris\u00e1pi edz\u00e9seken k\u00e9sz\u00fclve k\u00e9pviselte a Fighting Kempo st\u00edlust a t\u00f6r\u00f6korsz\u00e1gi Kemerben megrendezett vil\u00e1gversenyen. A rangos megm\u00e9rettet\u00e9sen 39 orsz\u00e1g versenyz\u0151i l\u00e9ptek tatamira, ahol Eszter n\u00e9gy versenysz\u00e1mban is elindult, \u00e9s komoly kih\u00edv\u00e1sokkal n\u00e9zett szembe. B\u00e1r koroszt\u00e1lya alapj\u00e1n a 18\u201321 \u00e9vesek k\u00f6z\u00e9 tartozik, a sorsol\u00e1s\" class=\"yoast-seo-meta-tag\" \/>\n<meta property=\"og:url\" content=\"https:\/\/dorogimedence.hu\/index.php\/2026\/04\/27\/vilagbajnoki-cimet-vedett-bakk-eszter-a-kempo-vb-n\/\" class=\"yoast-seo-meta-tag\" \/>\n<meta property=\"og:site_name\" content=\"Dorogi-medence Region\u00e1lis H\u00edrport\u00e1l\" class=\"yoast-seo-meta-tag\" \/>\n<meta property=\"article:publisher\" content=\"https:\/\/www.facebook.com\/dorogimedence\/\" class=\"yoast-seo-meta-tag\" \/>\n<meta property=\"article:published_time\" content=\"2026-04-27T08:33:19+00:00\" class=\"yoast-seo-meta-tag\" \/>\n<meta property=\"og:image\" content=\"https:\/\/dorogimedence.hu\/wp-content\/uploads\/2026\/04\/bakk-01.jpg\" class=\"yoast-seo-meta-tag\" \/>\n\t<meta property=\"og:image:width\" content=\"1920\" class=\"yoast-seo-meta-tag\" \/>\n\t<meta property=\"og:image:height\" content=\"970\" class=\"yoast-seo-meta-tag\" \/>\n\t<meta property=\"og:image:type\" content=\"image\/jpeg\" class=\"yoast-seo-meta-tag\" \/>\n<meta name=\"author\" content=\"dorogimedence.hu\" class=\"yoast-seo-meta-tag\" \/>\n<meta name=\"twitter:card\" content=\"summary_large_image\" class=\"yoast-seo-meta-tag\" \/>\n<meta name=\"twitter:label1\" content=\"Szerz\u0151:\" class=\"yoast-seo-meta-tag\" \/>\n\t<meta name=\"twitter:data1\" content=\"dorogimedence.hu\" class=\"yoast-seo-meta-tag\" \/>\n\t<meta name=\"twitter:label2\" content=\"Becs\u00fclt olvas\u00e1si id\u0151\" class=\"yoast-seo-meta-tag\" \/>\n\t<meta name=\"twitter:data2\" content=\"1 perc\" class=\"yoast-seo-meta-tag\" \/>\n<script type=\"application\/ld+json\" class=\"yoast-schema-graph\">{\"@context\":\"https:\\\/\\\/schema.org\",\"@graph\":[{\"@type\":\"Article\",\"@id\":\"https:\\\/\\\/dorogimedence.hu\\\/index.php\\\/2026\\\/04\\\/27\\\/vilagbajnoki-cimet-vedett-bakk-eszter-a-kempo-vb-n\\\/#article\",\"isPartOf\":{\"@id\":\"https:\\\/\\\/dorogimedence.hu\\\/index.php\\\/2026\\\/04\\\/27\\\/vilagbajnoki-cimet-vedett-bakk-eszter-a-kempo-vb-n\\\/\"},\"author\":{\"name\":\"dorogimedence.hu\",\"@id\":\"https:\\\/\\\/dorogimedence.hu\\\/#\\\/schema\\\/person\\\/ce6091eeb7e95ecdc87890d6aa8e0fd4\"},\"headline\":\"Vil\u00e1gbajnoki c\u00edmet v\u00e9dett Bakk Eszter a kempo vb-n\",\"datePublished\":\"2026-04-27T08:33:19+00:00\",\"mainEntityOfPage\":{\"@id\":\"https:\\\/\\\/dorogimedence.hu\\\/index.php\\\/2026\\\/04\\\/27\\\/vilagbajnoki-cimet-vedett-bakk-eszter-a-kempo-vb-n\\\/\"},\"wordCount\":297,\"publisher\":{\"@id\":\"https:\\\/\\\/dorogimedence.hu\\\/#organization\"},\"image\":{\"@id\":\"https:\\\/\\\/dorogimedence.hu\\\/index.php\\\/2026\\\/04\\\/27\\\/vilagbajnoki-cimet-vedett-bakk-eszter-a-kempo-vb-n\\\/#primaryimage\"},\"thumbnailUrl\":\"https:\\\/\\\/dorogimedence.hu\\\/wp-content\\\/uploads\\\/2026\\\/04\\\/bakk-01.jpg\",\"keywords\":[\"Esztergom-kertv\u00e1ros\",\"Fighting Kempo Pokorni Team\",\"Kempo\",\"sport\"],\"articleSection\":[\"Esztergom\",\"Esztergom-kertv\u00e1ros\",\"H\u00edrek\",\"Sport\"],\"inLanguage\":\"hu\"},{\"@type\":\"WebPage\",\"@id\":\"https:\\\/\\\/dorogimedence.hu\\\/index.php\\\/2026\\\/04\\\/27\\\/vilagbajnoki-cimet-vedett-bakk-eszter-a-kempo-vb-n\\\/\",\"url\":\"https:\\\/\\\/dorogimedence.hu\\\/index.php\\\/2026\\\/04\\\/27\\\/vilagbajnoki-cimet-vedett-bakk-eszter-a-kempo-vb-n\\\/\",\"name\":\"Vil\u00e1gbajnoki c\u00edmet v\u00e9dett Bakk Eszter a kempo vb-n\",\"isPartOf\":{\"@id\":\"https:\\\/\\\/dorogimedence.hu\\\/#website\"},\"primaryImageOfPage\":{\"@id\":\"https:\\\/\\\/dorogimedence.hu\\\/index.php\\\/2026\\\/04\\\/27\\\/vilagbajnoki-cimet-vedett-bakk-eszter-a-kempo-vb-n\\\/#primaryimage\"},\"image\":{\"@id\":\"https:\\\/\\\/dorogimedence.hu\\\/index.php\\\/2026\\\/04\\\/27\\\/vilagbajnoki-cimet-vedett-bakk-eszter-a-kempo-vb-n\\\/#primaryimage\"},\"thumbnailUrl\":\"https:\\\/\\\/dorogimedence.hu\\\/wp-content\\\/uploads\\\/2026\\\/04\\\/bakk-01.jpg\",\"datePublished\":\"2026-04-27T08:33:19+00:00\",\"breadcrumb\":{\"@id\":\"https:\\\/\\\/dorogimedence.hu\\\/index.php\\\/2026\\\/04\\\/27\\\/vilagbajnoki-cimet-vedett-bakk-eszter-a-kempo-vb-n\\\/#breadcrumb\"},\"inLanguage\":\"hu\",\"potentialAction\":[{\"@type\":\"ReadAction\",\"target\":[\"https:\\\/\\\/dorogimedence.hu\\\/index.php\\\/2026\\\/04\\\/27\\\/vilagbajnoki-cimet-vedett-bakk-eszter-a-kempo-vb-n\\\/\"]}]},{\"@type\":\"ImageObject\",\"inLanguage\":\"hu\",\"@id\":\"https:\\\/\\\/dorogimedence.hu\\\/index.php\\\/2026\\\/04\\\/27\\\/vilagbajnoki-cimet-vedett-bakk-eszter-a-kempo-vb-n\\\/#primaryimage\",\"url\":\"https:\\\/\\\/dorogimedence.hu\\\/wp-content\\\/uploads\\\/2026\\\/04\\\/bakk-01.jpg\",\"contentUrl\":\"https:\\\/\\\/dorogimedence.hu\\\/wp-content\\\/uploads\\\/2026\\\/04\\\/bakk-01.jpg\",\"width\":1920,\"height\":970},{\"@type\":\"BreadcrumbList\",\"@id\":\"https:\\\/\\\/dorogimedence.hu\\\/index.php\\\/2026\\\/04\\\/27\\\/vilagbajnoki-cimet-vedett-bakk-eszter-a-kempo-vb-n\\\/#breadcrumb\",\"itemListElement\":[{\"@type\":\"ListItem\",\"position\":1,\"name\":\"Kezd\u0151lap\",\"item\":\"https:\\\/\\\/dorogimedence.hu\\\/\"},{\"@type\":\"ListItem\",\"position\":2,\"name\":\"Vil\u00e1gbajnoki c\u00edmet v\u00e9dett Bakk Eszter a kempo vb-n\"}]},{\"@type\":\"WebSite\",\"@id\":\"https:\\\/\\\/dorogimedence.hu\\\/#website\",\"url\":\"https:\\\/\\\/dorogimedence.hu\\\/\",\"name\":\"Dorogi-medence Region\u00e1lis H\u00edrport\u00e1l\",\"description\":\"Dorog, Keszt\u00f6lc, Le\u00e1nyv\u00e1r, Piliscs\u00e9v, Tokod, Tokodalt\u00e1r\u00f3, Csolnok, Esztergom-kertv\u00e1ros: h\u00edrek, programok\",\"publisher\":{\"@id\":\"https:\\\/\\\/dorogimedence.hu\\\/#organization\"},\"potentialAction\":[{\"@type\":\"SearchAction\",\"target\":{\"@type\":\"EntryPoint\",\"urlTemplate\":\"https:\\\/\\\/dorogimedence.hu\\\/?s={search_term_string}\"},\"query-input\":{\"@type\":\"PropertyValueSpecification\",\"valueRequired\":true,\"valueName\":\"search_term_string\"}}],\"inLanguage\":\"hu\"},{\"@type\":\"Organization\",\"@id\":\"https:\\\/\\\/dorogimedence.hu\\\/#organization\",\"name\":\"Dorogi-medence Region\u00e1lis H\u00edrport\u00e1l\",\"url\":\"https:\\\/\\\/dorogimedence.hu\\\/\",\"logo\":{\"@type\":\"ImageObject\",\"inLanguage\":\"hu\",\"@id\":\"https:\\\/\\\/dorogimedence.hu\\\/#\\\/schema\\\/logo\\\/image\\\/\",\"url\":\"https:\\\/\\\/dorogimedence.hu\\\/wp-content\\\/uploads\\\/2021\\\/04\\\/logo-feher-600.png\",\"contentUrl\":\"https:\\\/\\\/dorogimedence.hu\\\/wp-content\\\/uploads\\\/2021\\\/04\\\/logo-feher-600.png\",\"width\":600,\"height\":100,\"caption\":\"Dorogi-medence Region\u00e1lis H\u00edrport\u00e1l\"},\"image\":{\"@id\":\"https:\\\/\\\/dorogimedence.hu\\\/#\\\/schema\\\/logo\\\/image\\\/\"},\"sameAs\":[\"https:\\\/\\\/www.facebook.com\\\/dorogimedence\\\/\"]},{\"@type\":\"Person\",\"@id\":\"https:\\\/\\\/dorogimedence.hu\\\/#\\\/schema\\\/person\\\/ce6091eeb7e95ecdc87890d6aa8e0fd4\",\"name\":\"dorogimedence.hu\",\"image\":{\"@type\":\"ImageObject\",\"inLanguage\":\"hu\",\"@id\":\"\\\/\\\/www.gravatar.com\\\/avatar\\\/d8d45f8901aadff40a4af72c0b826f1d?s=96&#038;r=g&#038;d=mm\",\"url\":\"\\\/\\\/www.gravatar.com\\\/avatar\\\/d8d45f8901aadff40a4af72c0b826f1d?s=96&#038;r=g&#038;d=mm\",\"contentUrl\":\"\\\/\\\/www.gravatar.com\\\/avatar\\\/d8d45f8901aadff40a4af72c0b826f1d?s=96&#038;r=g&#038;d=mm\",\"caption\":\"dorogimedence.hu\"}}]}<\/script>\n<!-- \/ Yoast SEO plugin. -->","yoast_head_json":{"title":"Vil\u00e1gbajnoki c\u00edmet v\u00e9dett Bakk Eszter a kempo vb-n","robots":{"index":"index","follow":"follow","max-snippet":"max-snippet:-1","max-image-preview":"max-image-preview:large","max-video-preview":"max-video-preview:-1"},"canonical":"https:\/\/dorogimedence.hu\/index.php\/2026\/04\/27\/vilagbajnoki-cimet-vedett-bakk-eszter-a-kempo-vb-n\/","og_locale":"hu_HU","og_type":"article","og_title":"Vil\u00e1gbajnoki c\u00edmet v\u00e9dett Bakk Eszter a kempo vb-n","og_description":"Kiemelked\u0151 eredm\u00e9nyekkel z\u00e1rta a XXII. Kempo Vil\u00e1gbajnoks\u00e1got Bakk Eszter, aki az esztergom-kertv\u00e1rosi \u00e9s s\u00e1ris\u00e1pi edz\u00e9seken k\u00e9sz\u00fclve k\u00e9pviselte a Fighting Kempo st\u00edlust a t\u00f6r\u00f6korsz\u00e1gi Kemerben megrendezett vil\u00e1gversenyen. A rangos megm\u00e9rettet\u00e9sen 39 orsz\u00e1g versenyz\u0151i l\u00e9ptek tatamira, ahol Eszter n\u00e9gy versenysz\u00e1mban is elindult, \u00e9s komoly kih\u00edv\u00e1sokkal n\u00e9zett szembe. B\u00e1r koroszt\u00e1lya alapj\u00e1n a 18\u201321 \u00e9vesek k\u00f6z\u00e9 tartozik, a sorsol\u00e1s","og_url":"https:\/\/dorogimedence.hu\/index.php\/2026\/04\/27\/vilagbajnoki-cimet-vedett-bakk-eszter-a-kempo-vb-n\/","og_site_name":"Dorogi-medence Region\u00e1lis H\u00edrport\u00e1l","article_publisher":"https:\/\/www.facebook.com\/dorogimedence\/","article_published_time":"2026-04-27T08:33:19+00:00","og_image":[{"width":1920,"height":970,"url":"https:\/\/dorogimedence.hu\/wp-content\/uploads\/2026\/04\/bakk-01.jpg","type":"image\/jpeg"}],"author":"dorogimedence.hu","twitter_card":"summary_large_image","twitter_misc":{"Szerz\u0151:":"dorogimedence.hu","Becs\u00fclt olvas\u00e1si id\u0151":"1 perc"},"schema":{"@context":"https:\/\/schema.org","@graph":[{"@type":"Article","@id":"https:\/\/dorogimedence.hu\/index.php\/2026\/04\/27\/vilagbajnoki-cimet-vedett-bakk-eszter-a-kempo-vb-n\/#article","isPartOf":{"@id":"https:\/\/dorogimedence.hu\/index.php\/2026\/04\/27\/vilagbajnoki-cimet-vedett-bakk-eszter-a-kempo-vb-n\/"},"author":{"name":"dorogimedence.hu","@id":"https:\/\/dorogimedence.hu\/#\/schema\/person\/ce6091eeb7e95ecdc87890d6aa8e0fd4"},"headline":"Vil\u00e1gbajnoki c\u00edmet v\u00e9dett Bakk Eszter a kempo vb-n","datePublished":"2026-04-27T08:33:19+00:00","mainEntityOfPage":{"@id":"https:\/\/dorogimedence.hu\/index.php\/2026\/04\/27\/vilagbajnoki-cimet-vedett-bakk-eszter-a-kempo-vb-n\/"},"wordCount":297,"publisher":{"@id":"https:\/\/dorogimedence.hu\/#organization"},"image":{"@id":"https:\/\/dorogimedence.hu\/index.php\/2026\/04\/27\/vilagbajnoki-cimet-vedett-bakk-eszter-a-kempo-vb-n\/#primaryimage"},"thumbnailUrl":"https:\/\/dorogimedence.hu\/wp-content\/uploads\/2026\/04\/bakk-01.jpg","keywords":["Esztergom-kertv\u00e1ros","Fighting Kempo Pokorni Team","Kempo","sport"],"articleSection":["Esztergom","Esztergom-kertv\u00e1ros","H\u00edrek","Sport"],"inLanguage":"hu"},{"@type":"WebPage","@id":"https:\/\/dorogimedence.hu\/index.php\/2026\/04\/27\/vilagbajnoki-cimet-vedett-bakk-eszter-a-kempo-vb-n\/","url":"https:\/\/dorogimedence.hu\/index.php\/2026\/04\/27\/vilagbajnoki-cimet-vedett-bakk-eszter-a-kempo-vb-n\/","name":"Vil\u00e1gbajnoki c\u00edmet v\u00e9dett Bakk Eszter a kempo vb-n","isPartOf":{"@id":"https:\/\/dorogimedence.hu\/#website"},"primaryImageOfPage":{"@id":"https:\/\/dorogimedence.hu\/index.php\/2026\/04\/27\/vilagbajnoki-cimet-vedett-bakk-eszter-a-kempo-vb-n\/#primaryimage"},"image":{"@id":"https:\/\/dorogimedence.hu\/index.php\/2026\/04\/27\/vilagbajnoki-cimet-vedett-bakk-eszter-a-kempo-vb-n\/#primaryimage"},"thumbnailUrl":"https:\/\/dorogimedence.hu\/wp-content\/uploads\/2026\/04\/bakk-01.jpg","datePublished":"2026-04-27T08:33:19+00:00","breadcrumb":{"@id":"https:\/\/dorogimedence.hu\/index.php\/2026\/04\/27\/vilagbajnoki-cimet-vedett-bakk-eszter-a-kempo-vb-n\/#breadcrumb"},"inLanguage":"hu","potentialAction":[{"@type":"ReadAction","target":["https:\/\/dorogimedence.hu\/index.php\/2026\/04\/27\/vilagbajnoki-cimet-vedett-bakk-eszter-a-kempo-vb-n\/"]}]},{"@type":"ImageObject","inLanguage":"hu","@id":"https:\/\/dorogimedence.hu\/index.php\/2026\/04\/27\/vilagbajnoki-cimet-vedett-bakk-eszter-a-kempo-vb-n\/#primaryimage","url":"https:\/\/dorogimedence.hu\/wp-content\/uploads\/2026\/04\/bakk-01.jpg","contentUrl":"https:\/\/dorogimedence.hu\/wp-content\/uploads\/2026\/04\/bakk-01.jpg","width":1920,"height":970},{"@type":"BreadcrumbList","@id":"https:\/\/dorogimedence.hu\/index.php\/2026\/04\/27\/vilagbajnoki-cimet-vedett-bakk-eszter-a-kempo-vb-n\/#breadcrumb","itemListElement":[{"@type":"ListItem","position":1,"name":"Kezd\u0151lap","item":"https:\/\/dorogimedence.hu\/"},{"@type":"ListItem","position":2,"name":"Vil\u00e1gbajnoki c\u00edmet v\u00e9dett Bakk Eszter a kempo vb-n"}]},{"@type":"WebSite","@id":"https:\/\/dorogimedence.hu\/#website","url":"https:\/\/dorogimedence.hu\/","name":"Dorogi-medence Region\u00e1lis H\u00edrport\u00e1l","description":"Dorog, Keszt\u00f6lc, Le\u00e1nyv\u00e1r, Piliscs\u00e9v, Tokod, Tokodalt\u00e1r\u00f3, Csolnok, Esztergom-kertv\u00e1ros: h\u00edrek, programok","publisher":{"@id":"https:\/\/dorogimedence.hu\/#organization"},"potentialAction":[{"@type":"SearchAction","target":{"@type":"EntryPoint","urlTemplate":"https:\/\/dorogimedence.hu\/?s={search_term_string}"},"query-input":{"@type":"PropertyValueSpecification","valueRequired":true,"valueName":"search_term_string"}}],"inLanguage":"hu"},{"@type":"Organization","@id":"https:\/\/dorogimedence.hu\/#organization","name":"Dorogi-medence Region\u00e1lis H\u00edrport\u00e1l","url":"https:\/\/dorogimedence.hu\/","logo":{"@type":"ImageObject","inLanguage":"hu","@id":"https:\/\/dorogimedence.hu\/#\/schema\/logo\/image\/","url":"https:\/\/dorogimedence.hu\/wp-content\/uploads\/2021\/04\/logo-feher-600.png","contentUrl":"https:\/\/dorogimedence.hu\/wp-content\/uploads\/2021\/04\/logo-feher-600.png","width":600,"height":100,"caption":"Dorogi-medence Region\u00e1lis H\u00edrport\u00e1l"},"image":{"@id":"https:\/\/dorogimedence.hu\/#\/schema\/logo\/image\/"},"sameAs":["https:\/\/www.facebook.com\/dorogimedence\/"]},{"@type":"Person","@id":"https:\/\/dorogimedence.hu\/#\/schema\/person\/ce6091eeb7e95ecdc87890d6aa8e0fd4","name":"dorogimedence.hu","image":{"@type":"ImageObject","inLanguage":"hu","@id":"\/\/www.gravatar.com\/avatar\/d8d45f8901aadff40a4af72c0b826f1d?s=96&#038;r=g&#038;d=mm","url":"\/\/www.gravatar.com\/avatar\/d8d45f8901aadff40a4af72c0b826f1d?s=96&#038;r=g&#038;d=mm","contentUrl":"\/\/www.gravatar.com\/avatar\/d8d45f8901aadff40a4af72c0b826f1d?s=96&#038;r=g&#038;d=mm","caption":"dorogimedence.hu"}}]}},"_links":{"self":[{"href":"https:\/\/dorogimedence.hu\/index.php\/wp-json\/wp\/v2\/posts\/79757","targetHints":{"allow":["GET"]}}],"collection":[{"href":"https:\/\/dorogimedence.hu\/index.php\/wp-json\/wp\/v2\/posts"}],"about":[{"href":"https:\/\/dorogimedence.hu\/index.php\/wp-json\/wp\/v2\/types\/post"}],"author":[{"embeddable":true,"href":"https:\/\/dorogimedence.hu\/index.php\/wp-json\/wp\/v2\/users\/1"}],"replies":[{"embeddable":true,"href":"https:\/\/dorogimedence.hu\/index.php\/wp-json\/wp\/v2\/comments?post=79757"}],"version-history":[{"count":1,"href":"https:\/\/dorogimedence.hu\/index.php\/wp-json\/wp\/v2\/posts\/79757\/revisions"}],"predecessor-version":[{"id":79760,"href":"https:\/\/dorogimedence.hu\/index.php\/wp-json\/wp\/v2\/posts\/79757\/revisions\/79760"}],"wp:featuredmedia":[{"embeddable":true,"href":"https:\/\/dorogimedence.hu\/index.php\/wp-json\/wp\/v2\/media\/79758"}],"wp:attachment":[{"href":"https:\/\/dorogimedence.hu\/index.php\/wp-json\/wp\/v2\/media?parent=79757"}],"wp:term":[{"taxonomy":"category","embeddable":true,"href":"https:\/\/dorogimedence.hu\/index.php\/wp-json\/wp\/v2\/categories?post=79757"},{"taxonomy":"post_tag","embeddable":true,"href":"https:\/\/dorogimedence.hu\/index.php\/wp-json\/wp\/v2\/tags?post=79757"}],"curies":[{"name":"wp","href":"https:\/\/api.w.org\/{rel}","templated":true}]}}