{"id":79754,"date":"2026-04-27T09:30:09","date_gmt":"2026-04-27T07:30:09","guid":{"rendered":"https:\/\/dorogimedence.hu\/?p=79754"},"modified":"2026-04-27T09:30:09","modified_gmt":"2026-04-27T07:30:09","slug":"uj-jatekosokkal-erosit-a-mol-esztergom","status":"publish","type":"post","link":"https:\/\/dorogimedence.hu\/index.php\/2026\/04\/27\/uj-jatekosokkal-erosit-a-mol-esztergom\/","title":{"rendered":"\u00daj j\u00e1t\u00e9kosokkal er\u0151s\u00edt a MOL Esztergom"},"content":{"rendered":"<p><strong>H\u00e1rom \u00faj j\u00e1t\u00e9kossal er\u0151s\u00edti keret\u00e9t a k\u00f6vetkez\u0151 szezonra a MOL Esztergom: a 2026\/2027-es id\u00e9nyben Bohner Zsanett, V\u00e1rtok Tamara \u00e9s Farag\u00f3 Luca is a csapathoz \u00e9rkezik.<\/strong><\/p>\n<p>A klub szakmai koncepci\u00f3ja tov\u00e1bbra is a magyar tehets\u00e9gekre \u00e9p\u00edt. <a href=\"https:\/\/www.facebook.com\/esztergomhandball\/posts\/pfbid0pGGzyJtWxMyabwEa7nhdabS6kEp2oi6mLgvbUoaWyw2jTx2q6maJq3FJMfSAMV3Ul\" target=\"_blank\" rel=\"noopener\"><span style=\"text-decoration: underline; color: #0000ff;\">Elek G\u00e1bor vezet\u0151edz\u0151 kiemelte<\/span><\/a>: az igazol\u00e1sokn\u00e1l els\u0151dleges szempont a hazai ut\u00e1np\u00f3tl\u00e1s \u00e9s a magyar j\u00e1t\u00e9kosok el\u0151t\u00e9rbe helyez\u00e9se. Mint fogalmazott, el\u0151sz\u00f6r mindig a saj\u00e1t nevel\u00e9s\u0171 j\u00e1t\u00e9kosokat vizsg\u00e1lj\u00e1k, majd a fiatal magyar tehets\u00e9gek \u00e9s a tapasztaltabb hazai k\u00e9zilabd\u00e1z\u00f3k k\u00f6vetkeznek, \u00e9s csak ezt k\u00f6vet\u0151en ker\u00fclnek k\u00e9pbe a l\u00e9gi\u00f3sok. Hozz\u00e1tette, az \u00faj \u00e9rkez\u0151k k\u00f6z\u00fcl Bohner Zsanett szem\u00e9ly\u00e9ben egy nagy potenci\u00e1llal rendelkez\u0151 fiatal tehets\u00e9get igazoltak, m\u00edg V\u00e1rtok Tamara \u00e9s Farag\u00f3 Luca azonnali er\u0151s\u00edt\u00e9st jelenthetnek.<\/p>\n<p>A klub r\u00e9sz\u00e9r\u0151l <a href=\"https:\/\/www.facebook.com\/esztergomhandball\/posts\/pfbid0pGGzyJtWxMyabwEa7nhdabS6kEp2oi6mLgvbUoaWyw2jTx2q6maJq3FJMfSAMV3Ul\" target=\"_blank\" rel=\"noopener\"><span style=\"text-decoration: underline; color: #0000ff;\">Ligeti Andr\u00e1s hangs\u00falyozta<\/span><\/a>: a MOL Esztergom hossz\u00fa t\u00e1v\u00fa strat\u00e9gi\u00e1ja v\u00e1ltozatlan, tov\u00e1bbra is magyar j\u00e1t\u00e9kosokra \u00e9p\u00edtik a j\u00f6v\u0151t. Mint kiemelte, a csapat fejl\u0151d\u00e9se az elm\u00falt id\u0151szak eredm\u00e9nyeiben is megmutatkozik: a tavalyi bajnoki bronz\u00e9rem ut\u00e1n id\u00e9n az Eur\u00f3pa-liga Final Four szerepl\u00e9s is bizony\u00edtja a tudatos \u00e9p\u00edtkez\u00e9st.<\/p>\n<p>A h\u00e1rom \u00e9rkez\u0151 k\u00f6z\u00fcl Farag\u00f3 Luca junior Eur\u00f3pa-bajnok be\u00e1ll\u00f3, aki m\u00e1r a feln\u0151tt v\u00e1logatottban is bemutatkozott, \u00e9s nemzetk\u00f6zi tapasztalattal is rendelkezik. V\u00e1rtok Tamara junior vil\u00e1gbajnoki ez\u00fcst\u00e9rmes jobbsz\u00e9ls\u0151k\u00e9nt \u00e9rkezik, gyors \u00e9s dinamikus j\u00e1t\u00e9k\u00e1val \u00faj lehet\u0151s\u00e9geket nyithat a csapat sz\u00e1m\u00e1ra. Bohner Zsanett mind\u00f6ssze 17 \u00e9ves, de a klub hosszabb t\u00e1von komoly potenci\u00e1lt l\u00e1t benne.<\/p>\n<p>A MOL Esztergom c\u00e9lja, hogy az \u00faj igazol\u00e1sokkal tov\u00e1bb er\u0151s\u00edtse versenyk\u00e9pess\u00e9g\u00e9t, \u00e9s a k\u00f6vetkez\u0151 szezonban is meghat\u00e1roz\u00f3 szerepl\u0151je legyen a hazai \u00e9s nemzetk\u00f6zi mez\u0151nynek.<\/p>\n<p><em>Bor\u00edt\u00f3k\u00e9p, forr\u00e1s: Esztergom Handball Facebook-oldal<\/em><\/p>\n","protected":false},"excerpt":{"rendered":"<p>H\u00e1rom \u00faj j\u00e1t\u00e9kossal er\u0151s\u00edti keret\u00e9t a k\u00f6vetkez\u0151 szezonra a MOL Esztergom: a 2026\/2027-es id\u00e9nyben Bohner Zsanett, V\u00e1rtok Tamara \u00e9s Farag\u00f3 Luca is a csapathoz \u00e9rkezik. A klub szakmai koncepci\u00f3ja tov\u00e1bbra is a magyar tehets\u00e9gekre \u00e9p\u00edt. Elek G\u00e1bor vezet\u0151edz\u0151 kiemelte: az igazol\u00e1sokn\u00e1l els\u0151dleges szempont a hazai ut\u00e1np\u00f3tl\u00e1s \u00e9s a magyar j\u00e1t\u00e9kosok el\u0151t\u00e9rbe helyez\u00e9se. Mint fogalmazott, el\u0151sz\u00f6r<\/p>\n","protected":false},"author":1,"featured_media":79755,"comment_status":"closed","ping_status":"closed","sticky":false,"template":"","format":"standard","meta":{"ngg_post_thumbnail":0,"footnotes":""},"categories":[38,3,5],"tags":[42,355,8025,16],"class_list":{"0":"post-79754","1":"post","2":"type-post","3":"status-publish","4":"format-standard","5":"has-post-thumbnail","7":"category-esztergom","8":"category-hirek","9":"category-sport","10":"tag-esztergom","11":"tag-kezilabda","12":"tag-mol-esztergom","13":"tag-sport"},"yoast_head":"<!-- This site is optimized with the Yoast SEO plugin v27.4 - https:\/\/yoast.com\/product\/yoast-seo-wordpress\/ -->\n<title>\u00daj j\u00e1t\u00e9kosokkal er\u0151s\u00edt a MOL Esztergom<\/title>\n<meta name=\"robots\" content=\"index, follow, max-snippet:-1, max-image-preview:large, max-video-preview:-1\" \/>\n<link rel=\"canonical\" href=\"https:\/\/dorogimedence.hu\/index.php\/2026\/04\/27\/uj-jatekosokkal-erosit-a-mol-esztergom\/\" class=\"yoast-seo-meta-tag\" \/>\n<meta property=\"og:locale\" content=\"hu_HU\" class=\"yoast-seo-meta-tag\" \/>\n<meta property=\"og:type\" content=\"article\" class=\"yoast-seo-meta-tag\" \/>\n<meta property=\"og:title\" content=\"\u00daj j\u00e1t\u00e9kosokkal er\u0151s\u00edt a MOL Esztergom\" class=\"yoast-seo-meta-tag\" \/>\n<meta property=\"og:description\" content=\"H\u00e1rom \u00faj j\u00e1t\u00e9kossal er\u0151s\u00edti keret\u00e9t a k\u00f6vetkez\u0151 szezonra a MOL Esztergom: a 2026\/2027-es id\u00e9nyben Bohner Zsanett, V\u00e1rtok Tamara \u00e9s Farag\u00f3 Luca is a csapathoz \u00e9rkezik. A klub szakmai koncepci\u00f3ja tov\u00e1bbra is a magyar tehets\u00e9gekre \u00e9p\u00edt. Elek G\u00e1bor vezet\u0151edz\u0151 kiemelte: az igazol\u00e1sokn\u00e1l els\u0151dleges szempont a hazai ut\u00e1np\u00f3tl\u00e1s \u00e9s a magyar j\u00e1t\u00e9kosok el\u0151t\u00e9rbe helyez\u00e9se. Mint fogalmazott, el\u0151sz\u00f6r\" class=\"yoast-seo-meta-tag\" \/>\n<meta property=\"og:url\" content=\"https:\/\/dorogimedence.hu\/index.php\/2026\/04\/27\/uj-jatekosokkal-erosit-a-mol-esztergom\/\" class=\"yoast-seo-meta-tag\" \/>\n<meta property=\"og:site_name\" content=\"Dorogi-medence Region\u00e1lis H\u00edrport\u00e1l\" class=\"yoast-seo-meta-tag\" \/>\n<meta property=\"article:publisher\" content=\"https:\/\/www.facebook.com\/dorogimedence\/\" class=\"yoast-seo-meta-tag\" \/>\n<meta property=\"article:published_time\" content=\"2026-04-27T07:30:09+00:00\" class=\"yoast-seo-meta-tag\" \/>\n<meta property=\"og:image\" content=\"https:\/\/dorogimedence.hu\/wp-content\/uploads\/2026\/04\/kezilabda-1.jpg\" class=\"yoast-seo-meta-tag\" \/>\n\t<meta property=\"og:image:width\" content=\"1920\" class=\"yoast-seo-meta-tag\" \/>\n\t<meta property=\"og:image:height\" content=\"970\" class=\"yoast-seo-meta-tag\" \/>\n\t<meta property=\"og:image:type\" content=\"image\/jpeg\" class=\"yoast-seo-meta-tag\" \/>\n<meta name=\"author\" content=\"dorogimedence.hu\" class=\"yoast-seo-meta-tag\" \/>\n<meta name=\"twitter:card\" content=\"summary_large_image\" class=\"yoast-seo-meta-tag\" \/>\n<meta name=\"twitter:label1\" content=\"Szerz\u0151:\" class=\"yoast-seo-meta-tag\" \/>\n\t<meta name=\"twitter:data1\" content=\"dorogimedence.hu\" class=\"yoast-seo-meta-tag\" \/>\n\t<meta name=\"twitter:label2\" content=\"Becs\u00fclt olvas\u00e1si id\u0151\" class=\"yoast-seo-meta-tag\" \/>\n\t<meta name=\"twitter:data2\" content=\"2 perc\" class=\"yoast-seo-meta-tag\" \/>\n<script type=\"application\/ld+json\" class=\"yoast-schema-graph\">{\"@context\":\"https:\\\/\\\/schema.org\",\"@graph\":[{\"@type\":\"Article\",\"@id\":\"https:\\\/\\\/dorogimedence.hu\\\/index.php\\\/2026\\\/04\\\/27\\\/uj-jatekosokkal-erosit-a-mol-esztergom\\\/#article\",\"isPartOf\":{\"@id\":\"https:\\\/\\\/dorogimedence.hu\\\/index.php\\\/2026\\\/04\\\/27\\\/uj-jatekosokkal-erosit-a-mol-esztergom\\\/\"},\"author\":{\"name\":\"dorogimedence.hu\",\"@id\":\"https:\\\/\\\/dorogimedence.hu\\\/#\\\/schema\\\/person\\\/ce6091eeb7e95ecdc87890d6aa8e0fd4\"},\"headline\":\"\u00daj j\u00e1t\u00e9kosokkal er\u0151s\u00edt a MOL Esztergom\",\"datePublished\":\"2026-04-27T07:30:09+00:00\",\"mainEntityOfPage\":{\"@id\":\"https:\\\/\\\/dorogimedence.hu\\\/index.php\\\/2026\\\/04\\\/27\\\/uj-jatekosokkal-erosit-a-mol-esztergom\\\/\"},\"wordCount\":371,\"publisher\":{\"@id\":\"https:\\\/\\\/dorogimedence.hu\\\/#organization\"},\"image\":{\"@id\":\"https:\\\/\\\/dorogimedence.hu\\\/index.php\\\/2026\\\/04\\\/27\\\/uj-jatekosokkal-erosit-a-mol-esztergom\\\/#primaryimage\"},\"thumbnailUrl\":\"https:\\\/\\\/dorogimedence.hu\\\/wp-content\\\/uploads\\\/2026\\\/04\\\/kezilabda-1.jpg\",\"keywords\":[\"esztergom\",\"k\u00e9zilabda\",\"Mol Esztergom\",\"sport\"],\"articleSection\":[\"Esztergom\",\"H\u00edrek\",\"Sport\"],\"inLanguage\":\"hu\"},{\"@type\":\"WebPage\",\"@id\":\"https:\\\/\\\/dorogimedence.hu\\\/index.php\\\/2026\\\/04\\\/27\\\/uj-jatekosokkal-erosit-a-mol-esztergom\\\/\",\"url\":\"https:\\\/\\\/dorogimedence.hu\\\/index.php\\\/2026\\\/04\\\/27\\\/uj-jatekosokkal-erosit-a-mol-esztergom\\\/\",\"name\":\"\u00daj j\u00e1t\u00e9kosokkal er\u0151s\u00edt a MOL Esztergom\",\"isPartOf\":{\"@id\":\"https:\\\/\\\/dorogimedence.hu\\\/#website\"},\"primaryImageOfPage\":{\"@id\":\"https:\\\/\\\/dorogimedence.hu\\\/index.php\\\/2026\\\/04\\\/27\\\/uj-jatekosokkal-erosit-a-mol-esztergom\\\/#primaryimage\"},\"image\":{\"@id\":\"https:\\\/\\\/dorogimedence.hu\\\/index.php\\\/2026\\\/04\\\/27\\\/uj-jatekosokkal-erosit-a-mol-esztergom\\\/#primaryimage\"},\"thumbnailUrl\":\"https:\\\/\\\/dorogimedence.hu\\\/wp-content\\\/uploads\\\/2026\\\/04\\\/kezilabda-1.jpg\",\"datePublished\":\"2026-04-27T07:30:09+00:00\",\"breadcrumb\":{\"@id\":\"https:\\\/\\\/dorogimedence.hu\\\/index.php\\\/2026\\\/04\\\/27\\\/uj-jatekosokkal-erosit-a-mol-esztergom\\\/#breadcrumb\"},\"inLanguage\":\"hu\",\"potentialAction\":[{\"@type\":\"ReadAction\",\"target\":[\"https:\\\/\\\/dorogimedence.hu\\\/index.php\\\/2026\\\/04\\\/27\\\/uj-jatekosokkal-erosit-a-mol-esztergom\\\/\"]}]},{\"@type\":\"ImageObject\",\"inLanguage\":\"hu\",\"@id\":\"https:\\\/\\\/dorogimedence.hu\\\/index.php\\\/2026\\\/04\\\/27\\\/uj-jatekosokkal-erosit-a-mol-esztergom\\\/#primaryimage\",\"url\":\"https:\\\/\\\/dorogimedence.hu\\\/wp-content\\\/uploads\\\/2026\\\/04\\\/kezilabda-1.jpg\",\"contentUrl\":\"https:\\\/\\\/dorogimedence.hu\\\/wp-content\\\/uploads\\\/2026\\\/04\\\/kezilabda-1.jpg\",\"width\":1920,\"height\":970},{\"@type\":\"BreadcrumbList\",\"@id\":\"https:\\\/\\\/dorogimedence.hu\\\/index.php\\\/2026\\\/04\\\/27\\\/uj-jatekosokkal-erosit-a-mol-esztergom\\\/#breadcrumb\",\"itemListElement\":[{\"@type\":\"ListItem\",\"position\":1,\"name\":\"Kezd\u0151lap\",\"item\":\"https:\\\/\\\/dorogimedence.hu\\\/\"},{\"@type\":\"ListItem\",\"position\":2,\"name\":\"\u00daj j\u00e1t\u00e9kosokkal er\u0151s\u00edt a MOL Esztergom\"}]},{\"@type\":\"WebSite\",\"@id\":\"https:\\\/\\\/dorogimedence.hu\\\/#website\",\"url\":\"https:\\\/\\\/dorogimedence.hu\\\/\",\"name\":\"Dorogi-medence Region\u00e1lis H\u00edrport\u00e1l\",\"description\":\"Dorog, Keszt\u00f6lc, Le\u00e1nyv\u00e1r, Piliscs\u00e9v, Tokod, Tokodalt\u00e1r\u00f3, Csolnok, Esztergom-kertv\u00e1ros: h\u00edrek, programok\",\"publisher\":{\"@id\":\"https:\\\/\\\/dorogimedence.hu\\\/#organization\"},\"potentialAction\":[{\"@type\":\"SearchAction\",\"target\":{\"@type\":\"EntryPoint\",\"urlTemplate\":\"https:\\\/\\\/dorogimedence.hu\\\/?s={search_term_string}\"},\"query-input\":{\"@type\":\"PropertyValueSpecification\",\"valueRequired\":true,\"valueName\":\"search_term_string\"}}],\"inLanguage\":\"hu\"},{\"@type\":\"Organization\",\"@id\":\"https:\\\/\\\/dorogimedence.hu\\\/#organization\",\"name\":\"Dorogi-medence Region\u00e1lis H\u00edrport\u00e1l\",\"url\":\"https:\\\/\\\/dorogimedence.hu\\\/\",\"logo\":{\"@type\":\"ImageObject\",\"inLanguage\":\"hu\",\"@id\":\"https:\\\/\\\/dorogimedence.hu\\\/#\\\/schema\\\/logo\\\/image\\\/\",\"url\":\"https:\\\/\\\/dorogimedence.hu\\\/wp-content\\\/uploads\\\/2021\\\/04\\\/logo-feher-600.png\",\"contentUrl\":\"https:\\\/\\\/dorogimedence.hu\\\/wp-content\\\/uploads\\\/2021\\\/04\\\/logo-feher-600.png\",\"width\":600,\"height\":100,\"caption\":\"Dorogi-medence Region\u00e1lis H\u00edrport\u00e1l\"},\"image\":{\"@id\":\"https:\\\/\\\/dorogimedence.hu\\\/#\\\/schema\\\/logo\\\/image\\\/\"},\"sameAs\":[\"https:\\\/\\\/www.facebook.com\\\/dorogimedence\\\/\"]},{\"@type\":\"Person\",\"@id\":\"https:\\\/\\\/dorogimedence.hu\\\/#\\\/schema\\\/person\\\/ce6091eeb7e95ecdc87890d6aa8e0fd4\",\"name\":\"dorogimedence.hu\",\"image\":{\"@type\":\"ImageObject\",\"inLanguage\":\"hu\",\"@id\":\"\\\/\\\/www.gravatar.com\\\/avatar\\\/d8d45f8901aadff40a4af72c0b826f1d?s=96&#038;r=g&#038;d=mm\",\"url\":\"\\\/\\\/www.gravatar.com\\\/avatar\\\/d8d45f8901aadff40a4af72c0b826f1d?s=96&#038;r=g&#038;d=mm\",\"contentUrl\":\"\\\/\\\/www.gravatar.com\\\/avatar\\\/d8d45f8901aadff40a4af72c0b826f1d?s=96&#038;r=g&#038;d=mm\",\"caption\":\"dorogimedence.hu\"}}]}<\/script>\n<!-- \/ Yoast SEO plugin. -->","yoast_head_json":{"title":"\u00daj j\u00e1t\u00e9kosokkal er\u0151s\u00edt a MOL Esztergom","robots":{"index":"index","follow":"follow","max-snippet":"max-snippet:-1","max-image-preview":"max-image-preview:large","max-video-preview":"max-video-preview:-1"},"canonical":"https:\/\/dorogimedence.hu\/index.php\/2026\/04\/27\/uj-jatekosokkal-erosit-a-mol-esztergom\/","og_locale":"hu_HU","og_type":"article","og_title":"\u00daj j\u00e1t\u00e9kosokkal er\u0151s\u00edt a MOL Esztergom","og_description":"H\u00e1rom \u00faj j\u00e1t\u00e9kossal er\u0151s\u00edti keret\u00e9t a k\u00f6vetkez\u0151 szezonra a MOL Esztergom: a 2026\/2027-es id\u00e9nyben Bohner Zsanett, V\u00e1rtok Tamara \u00e9s Farag\u00f3 Luca is a csapathoz \u00e9rkezik. A klub szakmai koncepci\u00f3ja tov\u00e1bbra is a magyar tehets\u00e9gekre \u00e9p\u00edt. Elek G\u00e1bor vezet\u0151edz\u0151 kiemelte: az igazol\u00e1sokn\u00e1l els\u0151dleges szempont a hazai ut\u00e1np\u00f3tl\u00e1s \u00e9s a magyar j\u00e1t\u00e9kosok el\u0151t\u00e9rbe helyez\u00e9se. Mint fogalmazott, el\u0151sz\u00f6r","og_url":"https:\/\/dorogimedence.hu\/index.php\/2026\/04\/27\/uj-jatekosokkal-erosit-a-mol-esztergom\/","og_site_name":"Dorogi-medence Region\u00e1lis H\u00edrport\u00e1l","article_publisher":"https:\/\/www.facebook.com\/dorogimedence\/","article_published_time":"2026-04-27T07:30:09+00:00","og_image":[{"width":1920,"height":970,"url":"https:\/\/dorogimedence.hu\/wp-content\/uploads\/2026\/04\/kezilabda-1.jpg","type":"image\/jpeg"}],"author":"dorogimedence.hu","twitter_card":"summary_large_image","twitter_misc":{"Szerz\u0151:":"dorogimedence.hu","Becs\u00fclt olvas\u00e1si id\u0151":"2 perc"},"schema":{"@context":"https:\/\/schema.org","@graph":[{"@type":"Article","@id":"https:\/\/dorogimedence.hu\/index.php\/2026\/04\/27\/uj-jatekosokkal-erosit-a-mol-esztergom\/#article","isPartOf":{"@id":"https:\/\/dorogimedence.hu\/index.php\/2026\/04\/27\/uj-jatekosokkal-erosit-a-mol-esztergom\/"},"author":{"name":"dorogimedence.hu","@id":"https:\/\/dorogimedence.hu\/#\/schema\/person\/ce6091eeb7e95ecdc87890d6aa8e0fd4"},"headline":"\u00daj j\u00e1t\u00e9kosokkal er\u0151s\u00edt a MOL Esztergom","datePublished":"2026-04-27T07:30:09+00:00","mainEntityOfPage":{"@id":"https:\/\/dorogimedence.hu\/index.php\/2026\/04\/27\/uj-jatekosokkal-erosit-a-mol-esztergom\/"},"wordCount":371,"publisher":{"@id":"https:\/\/dorogimedence.hu\/#organization"},"image":{"@id":"https:\/\/dorogimedence.hu\/index.php\/2026\/04\/27\/uj-jatekosokkal-erosit-a-mol-esztergom\/#primaryimage"},"thumbnailUrl":"https:\/\/dorogimedence.hu\/wp-content\/uploads\/2026\/04\/kezilabda-1.jpg","keywords":["esztergom","k\u00e9zilabda","Mol Esztergom","sport"],"articleSection":["Esztergom","H\u00edrek","Sport"],"inLanguage":"hu"},{"@type":"WebPage","@id":"https:\/\/dorogimedence.hu\/index.php\/2026\/04\/27\/uj-jatekosokkal-erosit-a-mol-esztergom\/","url":"https:\/\/dorogimedence.hu\/index.php\/2026\/04\/27\/uj-jatekosokkal-erosit-a-mol-esztergom\/","name":"\u00daj j\u00e1t\u00e9kosokkal er\u0151s\u00edt a MOL Esztergom","isPartOf":{"@id":"https:\/\/dorogimedence.hu\/#website"},"primaryImageOfPage":{"@id":"https:\/\/dorogimedence.hu\/index.php\/2026\/04\/27\/uj-jatekosokkal-erosit-a-mol-esztergom\/#primaryimage"},"image":{"@id":"https:\/\/dorogimedence.hu\/index.php\/2026\/04\/27\/uj-jatekosokkal-erosit-a-mol-esztergom\/#primaryimage"},"thumbnailUrl":"https:\/\/dorogimedence.hu\/wp-content\/uploads\/2026\/04\/kezilabda-1.jpg","datePublished":"2026-04-27T07:30:09+00:00","breadcrumb":{"@id":"https:\/\/dorogimedence.hu\/index.php\/2026\/04\/27\/uj-jatekosokkal-erosit-a-mol-esztergom\/#breadcrumb"},"inLanguage":"hu","potentialAction":[{"@type":"ReadAction","target":["https:\/\/dorogimedence.hu\/index.php\/2026\/04\/27\/uj-jatekosokkal-erosit-a-mol-esztergom\/"]}]},{"@type":"ImageObject","inLanguage":"hu","@id":"https:\/\/dorogimedence.hu\/index.php\/2026\/04\/27\/uj-jatekosokkal-erosit-a-mol-esztergom\/#primaryimage","url":"https:\/\/dorogimedence.hu\/wp-content\/uploads\/2026\/04\/kezilabda-1.jpg","contentUrl":"https:\/\/dorogimedence.hu\/wp-content\/uploads\/2026\/04\/kezilabda-1.jpg","width":1920,"height":970},{"@type":"BreadcrumbList","@id":"https:\/\/dorogimedence.hu\/index.php\/2026\/04\/27\/uj-jatekosokkal-erosit-a-mol-esztergom\/#breadcrumb","itemListElement":[{"@type":"ListItem","position":1,"name":"Kezd\u0151lap","item":"https:\/\/dorogimedence.hu\/"},{"@type":"ListItem","position":2,"name":"\u00daj j\u00e1t\u00e9kosokkal er\u0151s\u00edt a MOL Esztergom"}]},{"@type":"WebSite","@id":"https:\/\/dorogimedence.hu\/#website","url":"https:\/\/dorogimedence.hu\/","name":"Dorogi-medence Region\u00e1lis H\u00edrport\u00e1l","description":"Dorog, Keszt\u00f6lc, Le\u00e1nyv\u00e1r, Piliscs\u00e9v, Tokod, Tokodalt\u00e1r\u00f3, Csolnok, Esztergom-kertv\u00e1ros: h\u00edrek, programok","publisher":{"@id":"https:\/\/dorogimedence.hu\/#organization"},"potentialAction":[{"@type":"SearchAction","target":{"@type":"EntryPoint","urlTemplate":"https:\/\/dorogimedence.hu\/?s={search_term_string}"},"query-input":{"@type":"PropertyValueSpecification","valueRequired":true,"valueName":"search_term_string"}}],"inLanguage":"hu"},{"@type":"Organization","@id":"https:\/\/dorogimedence.hu\/#organization","name":"Dorogi-medence Region\u00e1lis H\u00edrport\u00e1l","url":"https:\/\/dorogimedence.hu\/","logo":{"@type":"ImageObject","inLanguage":"hu","@id":"https:\/\/dorogimedence.hu\/#\/schema\/logo\/image\/","url":"https:\/\/dorogimedence.hu\/wp-content\/uploads\/2021\/04\/logo-feher-600.png","contentUrl":"https:\/\/dorogimedence.hu\/wp-content\/uploads\/2021\/04\/logo-feher-600.png","width":600,"height":100,"caption":"Dorogi-medence Region\u00e1lis H\u00edrport\u00e1l"},"image":{"@id":"https:\/\/dorogimedence.hu\/#\/schema\/logo\/image\/"},"sameAs":["https:\/\/www.facebook.com\/dorogimedence\/"]},{"@type":"Person","@id":"https:\/\/dorogimedence.hu\/#\/schema\/person\/ce6091eeb7e95ecdc87890d6aa8e0fd4","name":"dorogimedence.hu","image":{"@type":"ImageObject","inLanguage":"hu","@id":"\/\/www.gravatar.com\/avatar\/d8d45f8901aadff40a4af72c0b826f1d?s=96&#038;r=g&#038;d=mm","url":"\/\/www.gravatar.com\/avatar\/d8d45f8901aadff40a4af72c0b826f1d?s=96&#038;r=g&#038;d=mm","contentUrl":"\/\/www.gravatar.com\/avatar\/d8d45f8901aadff40a4af72c0b826f1d?s=96&#038;r=g&#038;d=mm","caption":"dorogimedence.hu"}}]}},"_links":{"self":[{"href":"https:\/\/dorogimedence.hu\/index.php\/wp-json\/wp\/v2\/posts\/79754","targetHints":{"allow":["GET"]}}],"collection":[{"href":"https:\/\/dorogimedence.hu\/index.php\/wp-json\/wp\/v2\/posts"}],"about":[{"href":"https:\/\/dorogimedence.hu\/index.php\/wp-json\/wp\/v2\/types\/post"}],"author":[{"embeddable":true,"href":"https:\/\/dorogimedence.hu\/index.php\/wp-json\/wp\/v2\/users\/1"}],"replies":[{"embeddable":true,"href":"https:\/\/dorogimedence.hu\/index.php\/wp-json\/wp\/v2\/comments?post=79754"}],"version-history":[{"count":1,"href":"https:\/\/dorogimedence.hu\/index.php\/wp-json\/wp\/v2\/posts\/79754\/revisions"}],"predecessor-version":[{"id":79756,"href":"https:\/\/dorogimedence.hu\/index.php\/wp-json\/wp\/v2\/posts\/79754\/revisions\/79756"}],"wp:featuredmedia":[{"embeddable":true,"href":"https:\/\/dorogimedence.hu\/index.php\/wp-json\/wp\/v2\/media\/79755"}],"wp:attachment":[{"href":"https:\/\/dorogimedence.hu\/index.php\/wp-json\/wp\/v2\/media?parent=79754"}],"wp:term":[{"taxonomy":"category","embeddable":true,"href":"https:\/\/dorogimedence.hu\/index.php\/wp-json\/wp\/v2\/categories?post=79754"},{"taxonomy":"post_tag","embeddable":true,"href":"https:\/\/dorogimedence.hu\/index.php\/wp-json\/wp\/v2\/tags?post=79754"}],"curies":[{"name":"wp","href":"https:\/\/api.w.org\/{rel}","templated":true}]}}