{"id":79749,"date":"2026-04-27T08:06:45","date_gmt":"2026-04-27T06:06:45","guid":{"rendered":"https:\/\/dorogimedence.hu\/?p=79749"},"modified":"2026-04-27T08:06:45","modified_gmt":"2026-04-27T06:06:45","slug":"1000-facsemetet-ultettek-a-primas-szigeten-egy-voros-mokus-is-uj-otthonra-talalt","status":"publish","type":"post","link":"https:\/\/dorogimedence.hu\/index.php\/2026\/04\/27\/1000-facsemetet-ultettek-a-primas-szigeten-egy-voros-mokus-is-uj-otthonra-talalt\/","title":{"rendered":"1000 facsemet\u00e9t \u00fcltettek a Pr\u00edm\u00e1s-szigeten \u2013 egy v\u00f6r\u00f6s m\u00f3kus is \u00faj otthonra tal\u00e1lt"},"content":{"rendered":"<p><strong>K\u00f6z\u00f6ss\u00e9gi \u00f6sszefog\u00e1ssal t\u00f6bb mint ezer facsemet\u00e9t \u00e9s cserj\u00e9t \u00fcltettek el \u00e1prilis 25-\u00e9n, szombaton az esztergomi Pr\u00edm\u00e1s-szigeten. Az akci\u00f3t az <a href=\"https:\/\/www.facebook.com\/permalink.php?story_fbid=pfbid0DuQk7nr2E6E5P1yZoExvLmZ4qKde8rA1jUkbPLn8EV71M1srmqccVUYv8AQrcknfl&amp;id=61566068985185\" target=\"_blank\" rel=\"noopener\"><span style=\"text-decoration: underline; color: #0000ff;\">Esztergomi Term\u00e9szetbar\u00e1tok Egyes\u00fclete<\/span><\/a> szervezte, Esztergom Megyei Jog\u00fa V\u00e1ros egy\u00fcttm\u0171k\u00f6d\u00e9s\u00e9vel, a Z\u00f6ld O\u00e1zis p\u00e1ly\u00e1zat t\u00e1mogat\u00e1s\u00e1val.<\/strong><\/p>\n<p>A kezdem\u00e9nyez\u00e9s c\u00e9lja egy \u0151shonos fajokb\u00f3l \u00e1ll\u00f3, soksz\u00edn\u0171 \u00e1rt\u00e9ri ligeterd\u0151 alapjainak megteremt\u00e9se volt. A ter\u00fcleten olyan n\u00f6v\u00e9nyek ker\u00fcltek a f\u00f6ldbe, mint a v\u00e9nic szil, a m\u00e9zg\u00e1s \u00e9ger, a kocs\u00e1nyos t\u00f6lgy, a fekete \u00e9s sz\u00fcrke ny\u00e1r, valamint k\u00fcl\u00f6nb\u00f6z\u0151 cserjefajok \u2013 t\u00f6bbek k\u00f6z\u00f6tt k\u00e1nyabangita, mogyor\u00f3 \u00e9s kutyabenge.<\/p>\n<p><img fetchpriority=\"high\" decoding=\"async\" class=\"alignnone size-full wp-image-79751\" src=\"https:\/\/dorogimedence.hu\/wp-content\/uploads\/2026\/04\/680678136_122215788860535632_6100325528439794212_n.jpg\" alt=\"\" width=\"1215\" height=\"911\" srcset=\"https:\/\/dorogimedence.hu\/wp-content\/uploads\/2026\/04\/680678136_122215788860535632_6100325528439794212_n.jpg 1215w, https:\/\/dorogimedence.hu\/wp-content\/uploads\/2026\/04\/680678136_122215788860535632_6100325528439794212_n-600x450.jpg 600w, https:\/\/dorogimedence.hu\/wp-content\/uploads\/2026\/04\/680678136_122215788860535632_6100325528439794212_n-768x576.jpg 768w, https:\/\/dorogimedence.hu\/wp-content\/uploads\/2026\/04\/680678136_122215788860535632_6100325528439794212_n-150x112.jpg 150w, https:\/\/dorogimedence.hu\/wp-content\/uploads\/2026\/04\/680678136_122215788860535632_6100325528439794212_n-450x337.jpg 450w, https:\/\/dorogimedence.hu\/wp-content\/uploads\/2026\/04\/680678136_122215788860535632_6100325528439794212_n-1200x900.jpg 1200w\" sizes=\"(max-width: 1215px) 100vw, 1215px\" \/><\/p>\n<p>Az \u00fcltet\u00e9s sor\u00e1n nemcsak a mennyis\u00e9gre, hanem a szakmai min\u0151s\u00e9gre is nagy hangs\u00falyt fektettek: a csemet\u00e9k al\u00e1 mikorrhiza gomb\u00e1t helyeztek, a talajt mulccsal takart\u00e1k, a fiatal n\u00f6v\u00e9nyeket pedig sz\u00fcks\u00e9g eset\u00e9n t\u00f6rzsv\u00e9delemmel \u00e9s kar\u00f3z\u00e1ssal l\u00e1tt\u00e1k el. Az els\u0151 alapos \u00f6nt\u00f6z\u00e9st m\u00e1r az \u00fcltet\u00e9st k\u00f6vet\u0151en meg is kapt\u00e1k.<\/p>\n<p>A munk\u00e1ban sz\u00e1mos \u00f6nk\u00e9ntes vett r\u00e9szt, \u00e9s a szervez\u0151k t\u00f6bb szakember seg\u00edts\u00e9g\u00e9t is ig\u00e9nybe vett\u00e9k, k\u00f6zt\u00fck a Pilisi Parkerd\u0151 munkat\u00e1rsait \u00e9s a v\u00e1ros f\u0151kert\u00e9sz\u00e9t. A projekt anyagi h\u00e1tter\u00e9t a MOL \u00daj-Eur\u00f3pa Alap\u00edtv\u00e1ny biztos\u00edtotta.<\/p>\n<p>Az esem\u00e9ny k\u00fcl\u00f6nleges momentuma volt, hogy egy mentett v\u00f6r\u00f6s m\u00f3kus is \u00faj otthonra tal\u00e1lt a sziget f\u00e1inak lombkoron\u00e1j\u00e1ban, az Ott-Hont Vadment\u0151 \u00e9s K\u00f6z\u00f6ss\u00e9gi Seg\u00edt\u0151 Alap\u00edtv\u00e1ny k\u00f6zrem\u0171k\u00f6d\u00e9s\u00e9vel.<\/p>\n<p><img decoding=\"async\" class=\"alignnone size-full wp-image-79752\" src=\"https:\/\/dorogimedence.hu\/wp-content\/uploads\/2026\/04\/678316725_122215788920535632_6325788272360282601_n.jpg\" alt=\"\" width=\"1215\" height=\"911\" srcset=\"https:\/\/dorogimedence.hu\/wp-content\/uploads\/2026\/04\/678316725_122215788920535632_6325788272360282601_n.jpg 1215w, https:\/\/dorogimedence.hu\/wp-content\/uploads\/2026\/04\/678316725_122215788920535632_6325788272360282601_n-600x450.jpg 600w, https:\/\/dorogimedence.hu\/wp-content\/uploads\/2026\/04\/678316725_122215788920535632_6325788272360282601_n-768x576.jpg 768w, https:\/\/dorogimedence.hu\/wp-content\/uploads\/2026\/04\/678316725_122215788920535632_6325788272360282601_n-150x112.jpg 150w, https:\/\/dorogimedence.hu\/wp-content\/uploads\/2026\/04\/678316725_122215788920535632_6325788272360282601_n-450x337.jpg 450w, https:\/\/dorogimedence.hu\/wp-content\/uploads\/2026\/04\/678316725_122215788920535632_6325788272360282601_n-1200x900.jpg 1200w\" sizes=\"(max-width: 1215px) 100vw, 1215px\" \/><\/p>\n<p><a href=\"https:\/\/www.facebook.com\/reel\/795062270114587\" target=\"_blank\" rel=\"noopener\"><span style=\"text-decoration: underline; color: #0000ff;\">Hern\u00e1di \u00c1d\u00e1m Facebook-oldal\u00e1n kiemelte<\/span><\/a>: a k\u00f6z\u00f6s munka sor\u00e1n \u2013 m\u00e9g egy \u00fatra d\u0151lt fa elt\u00e1vol\u00edt\u00e1sa ellen\u00e9re is \u2013 mind\u00f6ssze n\u00e9gy \u00f3ra alatt siker\u00fclt el\u00fcltetni a n\u00f6v\u00e9nyeket. Mint fogalmazott, minden el\u00fcltetett fa a j\u00f6v\u0151 Esztergom\u00e1t szolg\u00e1lja.<\/p>\n<p>A fejleszt\u00e9s ezzel m\u00e9g nem \u00e9r v\u00e9get: a k\u00f6zelj\u00f6v\u0151ben mad\u00e1rod\u00fak, m\u00f3kusetet\u0151k \u00e9s egy\u00e9b \u00e9l\u0151hely-fejleszt\u0151 elemek is kihelyez\u00e9sre ker\u00fclnek a Pr\u00edm\u00e1s-szigeten, tov\u00e1bb er\u0151s\u00edtve a ter\u00fclet term\u00e9szetk\u00f6zeli jelleg\u00e9t.<\/p>\n<p><em>Fot\u00f3k: Esztergomi Term\u00e9szetbar\u00e1tok Egyes\u00fclete<\/em><\/p>\n","protected":false},"excerpt":{"rendered":"<p>K\u00f6z\u00f6ss\u00e9gi \u00f6sszefog\u00e1ssal t\u00f6bb mint ezer facsemet\u00e9t \u00e9s cserj\u00e9t \u00fcltettek el \u00e1prilis 25-\u00e9n, szombaton az esztergomi Pr\u00edm\u00e1s-szigeten. Az akci\u00f3t az Esztergomi Term\u00e9szetbar\u00e1tok Egyes\u00fclete szervezte, Esztergom Megyei Jog\u00fa V\u00e1ros egy\u00fcttm\u0171k\u00f6d\u00e9s\u00e9vel, a Z\u00f6ld O\u00e1zis p\u00e1ly\u00e1zat t\u00e1mogat\u00e1s\u00e1val. A kezdem\u00e9nyez\u00e9s c\u00e9lja egy \u0151shonos fajokb\u00f3l \u00e1ll\u00f3, soksz\u00edn\u0171 \u00e1rt\u00e9ri ligeterd\u0151 alapjainak megteremt\u00e9se volt. A ter\u00fcleten olyan n\u00f6v\u00e9nyek ker\u00fcltek a f\u00f6ldbe, mint a<\/p>\n","protected":false},"author":1,"featured_media":79750,"comment_status":"closed","ping_status":"closed","sticky":false,"template":"","format":"standard","meta":{"ngg_post_thumbnail":0,"footnotes":""},"categories":[38,3],"tags":[42,4394,5624,8073],"class_list":{"0":"post-79749","1":"post","2":"type-post","3":"status-publish","4":"format-standard","5":"has-post-thumbnail","7":"category-esztergom","8":"category-hirek","9":"tag-esztergom","10":"tag-faultetes","11":"tag-featured","12":"tag-primas-sziget"},"yoast_head":"<!-- This site is optimized with the Yoast SEO plugin v27.4 - https:\/\/yoast.com\/product\/yoast-seo-wordpress\/ -->\n<title>1000 facsemet\u00e9t \u00fcltettek a Pr\u00edm\u00e1s-szigeten \u2013 egy v\u00f6r\u00f6s m\u00f3kus is \u00faj otthonra tal\u00e1lt<\/title>\n<meta name=\"robots\" content=\"index, follow, max-snippet:-1, max-image-preview:large, max-video-preview:-1\" \/>\n<link rel=\"canonical\" href=\"https:\/\/dorogimedence.hu\/index.php\/2026\/04\/27\/1000-facsemetet-ultettek-a-primas-szigeten-egy-voros-mokus-is-uj-otthonra-talalt\/\" class=\"yoast-seo-meta-tag\" \/>\n<meta property=\"og:locale\" content=\"hu_HU\" class=\"yoast-seo-meta-tag\" \/>\n<meta property=\"og:type\" content=\"article\" class=\"yoast-seo-meta-tag\" \/>\n<meta property=\"og:title\" content=\"1000 facsemet\u00e9t \u00fcltettek a Pr\u00edm\u00e1s-szigeten \u2013 egy v\u00f6r\u00f6s m\u00f3kus is \u00faj otthonra tal\u00e1lt\" class=\"yoast-seo-meta-tag\" \/>\n<meta property=\"og:description\" content=\"K\u00f6z\u00f6ss\u00e9gi \u00f6sszefog\u00e1ssal t\u00f6bb mint ezer facsemet\u00e9t \u00e9s cserj\u00e9t \u00fcltettek el \u00e1prilis 25-\u00e9n, szombaton az esztergomi Pr\u00edm\u00e1s-szigeten. Az akci\u00f3t az Esztergomi Term\u00e9szetbar\u00e1tok Egyes\u00fclete szervezte, Esztergom Megyei Jog\u00fa V\u00e1ros egy\u00fcttm\u0171k\u00f6d\u00e9s\u00e9vel, a Z\u00f6ld O\u00e1zis p\u00e1ly\u00e1zat t\u00e1mogat\u00e1s\u00e1val. A kezdem\u00e9nyez\u00e9s c\u00e9lja egy \u0151shonos fajokb\u00f3l \u00e1ll\u00f3, soksz\u00edn\u0171 \u00e1rt\u00e9ri ligeterd\u0151 alapjainak megteremt\u00e9se volt. A ter\u00fcleten olyan n\u00f6v\u00e9nyek ker\u00fcltek a f\u00f6ldbe, mint a\" class=\"yoast-seo-meta-tag\" \/>\n<meta property=\"og:url\" content=\"https:\/\/dorogimedence.hu\/index.php\/2026\/04\/27\/1000-facsemetet-ultettek-a-primas-szigeten-egy-voros-mokus-is-uj-otthonra-talalt\/\" class=\"yoast-seo-meta-tag\" \/>\n<meta property=\"og:site_name\" content=\"Dorogi-medence Region\u00e1lis H\u00edrport\u00e1l\" class=\"yoast-seo-meta-tag\" \/>\n<meta property=\"article:publisher\" content=\"https:\/\/www.facebook.com\/dorogimedence\/\" class=\"yoast-seo-meta-tag\" \/>\n<meta property=\"article:published_time\" content=\"2026-04-27T06:06:45+00:00\" class=\"yoast-seo-meta-tag\" \/>\n<meta property=\"og:image\" content=\"https:\/\/dorogimedence.hu\/wp-content\/uploads\/2026\/04\/679674792_122215789352535632_3559152771163914223_n.jpg\" class=\"yoast-seo-meta-tag\" \/>\n\t<meta property=\"og:image:width\" content=\"1215\" class=\"yoast-seo-meta-tag\" \/>\n\t<meta property=\"og:image:height\" content=\"911\" class=\"yoast-seo-meta-tag\" \/>\n\t<meta property=\"og:image:type\" content=\"image\/jpeg\" class=\"yoast-seo-meta-tag\" \/>\n<meta name=\"author\" content=\"dorogimedence.hu\" class=\"yoast-seo-meta-tag\" \/>\n<meta name=\"twitter:card\" content=\"summary_large_image\" class=\"yoast-seo-meta-tag\" \/>\n<meta name=\"twitter:label1\" content=\"Szerz\u0151:\" class=\"yoast-seo-meta-tag\" \/>\n\t<meta name=\"twitter:data1\" content=\"dorogimedence.hu\" class=\"yoast-seo-meta-tag\" \/>\n\t<meta name=\"twitter:label2\" content=\"Becs\u00fclt olvas\u00e1si id\u0151\" class=\"yoast-seo-meta-tag\" \/>\n\t<meta name=\"twitter:data2\" content=\"2 perc\" class=\"yoast-seo-meta-tag\" \/>\n<script type=\"application\/ld+json\" class=\"yoast-schema-graph\">{\"@context\":\"https:\\\/\\\/schema.org\",\"@graph\":[{\"@type\":\"Article\",\"@id\":\"https:\\\/\\\/dorogimedence.hu\\\/index.php\\\/2026\\\/04\\\/27\\\/1000-facsemetet-ultettek-a-primas-szigeten-egy-voros-mokus-is-uj-otthonra-talalt\\\/#article\",\"isPartOf\":{\"@id\":\"https:\\\/\\\/dorogimedence.hu\\\/index.php\\\/2026\\\/04\\\/27\\\/1000-facsemetet-ultettek-a-primas-szigeten-egy-voros-mokus-is-uj-otthonra-talalt\\\/\"},\"author\":{\"name\":\"dorogimedence.hu\",\"@id\":\"https:\\\/\\\/dorogimedence.hu\\\/#\\\/schema\\\/person\\\/ce6091eeb7e95ecdc87890d6aa8e0fd4\"},\"headline\":\"1000 facsemet\u00e9t \u00fcltettek a Pr\u00edm\u00e1s-szigeten \u2013 egy v\u00f6r\u00f6s m\u00f3kus is \u00faj otthonra tal\u00e1lt\",\"datePublished\":\"2026-04-27T06:06:45+00:00\",\"mainEntityOfPage\":{\"@id\":\"https:\\\/\\\/dorogimedence.hu\\\/index.php\\\/2026\\\/04\\\/27\\\/1000-facsemetet-ultettek-a-primas-szigeten-egy-voros-mokus-is-uj-otthonra-talalt\\\/\"},\"wordCount\":437,\"publisher\":{\"@id\":\"https:\\\/\\\/dorogimedence.hu\\\/#organization\"},\"image\":{\"@id\":\"https:\\\/\\\/dorogimedence.hu\\\/index.php\\\/2026\\\/04\\\/27\\\/1000-facsemetet-ultettek-a-primas-szigeten-egy-voros-mokus-is-uj-otthonra-talalt\\\/#primaryimage\"},\"thumbnailUrl\":\"https:\\\/\\\/dorogimedence.hu\\\/wp-content\\\/uploads\\\/2026\\\/04\\\/679674792_122215789352535632_3559152771163914223_n.jpg\",\"keywords\":[\"esztergom\",\"fa\u00fcltet\u00e9s\",\"featured\",\"Pr\u00edm\u00e1s-sziget\"],\"articleSection\":[\"Esztergom\",\"H\u00edrek\"],\"inLanguage\":\"hu\"},{\"@type\":\"WebPage\",\"@id\":\"https:\\\/\\\/dorogimedence.hu\\\/index.php\\\/2026\\\/04\\\/27\\\/1000-facsemetet-ultettek-a-primas-szigeten-egy-voros-mokus-is-uj-otthonra-talalt\\\/\",\"url\":\"https:\\\/\\\/dorogimedence.hu\\\/index.php\\\/2026\\\/04\\\/27\\\/1000-facsemetet-ultettek-a-primas-szigeten-egy-voros-mokus-is-uj-otthonra-talalt\\\/\",\"name\":\"1000 facsemet\u00e9t \u00fcltettek a Pr\u00edm\u00e1s-szigeten \u2013 egy v\u00f6r\u00f6s m\u00f3kus is \u00faj otthonra tal\u00e1lt\",\"isPartOf\":{\"@id\":\"https:\\\/\\\/dorogimedence.hu\\\/#website\"},\"primaryImageOfPage\":{\"@id\":\"https:\\\/\\\/dorogimedence.hu\\\/index.php\\\/2026\\\/04\\\/27\\\/1000-facsemetet-ultettek-a-primas-szigeten-egy-voros-mokus-is-uj-otthonra-talalt\\\/#primaryimage\"},\"image\":{\"@id\":\"https:\\\/\\\/dorogimedence.hu\\\/index.php\\\/2026\\\/04\\\/27\\\/1000-facsemetet-ultettek-a-primas-szigeten-egy-voros-mokus-is-uj-otthonra-talalt\\\/#primaryimage\"},\"thumbnailUrl\":\"https:\\\/\\\/dorogimedence.hu\\\/wp-content\\\/uploads\\\/2026\\\/04\\\/679674792_122215789352535632_3559152771163914223_n.jpg\",\"datePublished\":\"2026-04-27T06:06:45+00:00\",\"breadcrumb\":{\"@id\":\"https:\\\/\\\/dorogimedence.hu\\\/index.php\\\/2026\\\/04\\\/27\\\/1000-facsemetet-ultettek-a-primas-szigeten-egy-voros-mokus-is-uj-otthonra-talalt\\\/#breadcrumb\"},\"inLanguage\":\"hu\",\"potentialAction\":[{\"@type\":\"ReadAction\",\"target\":[\"https:\\\/\\\/dorogimedence.hu\\\/index.php\\\/2026\\\/04\\\/27\\\/1000-facsemetet-ultettek-a-primas-szigeten-egy-voros-mokus-is-uj-otthonra-talalt\\\/\"]}]},{\"@type\":\"ImageObject\",\"inLanguage\":\"hu\",\"@id\":\"https:\\\/\\\/dorogimedence.hu\\\/index.php\\\/2026\\\/04\\\/27\\\/1000-facsemetet-ultettek-a-primas-szigeten-egy-voros-mokus-is-uj-otthonra-talalt\\\/#primaryimage\",\"url\":\"https:\\\/\\\/dorogimedence.hu\\\/wp-content\\\/uploads\\\/2026\\\/04\\\/679674792_122215789352535632_3559152771163914223_n.jpg\",\"contentUrl\":\"https:\\\/\\\/dorogimedence.hu\\\/wp-content\\\/uploads\\\/2026\\\/04\\\/679674792_122215789352535632_3559152771163914223_n.jpg\",\"width\":1215,\"height\":911},{\"@type\":\"BreadcrumbList\",\"@id\":\"https:\\\/\\\/dorogimedence.hu\\\/index.php\\\/2026\\\/04\\\/27\\\/1000-facsemetet-ultettek-a-primas-szigeten-egy-voros-mokus-is-uj-otthonra-talalt\\\/#breadcrumb\",\"itemListElement\":[{\"@type\":\"ListItem\",\"position\":1,\"name\":\"Kezd\u0151lap\",\"item\":\"https:\\\/\\\/dorogimedence.hu\\\/\"},{\"@type\":\"ListItem\",\"position\":2,\"name\":\"1000 facsemet\u00e9t \u00fcltettek a Pr\u00edm\u00e1s-szigeten \u2013 egy v\u00f6r\u00f6s m\u00f3kus is \u00faj otthonra tal\u00e1lt\"}]},{\"@type\":\"WebSite\",\"@id\":\"https:\\\/\\\/dorogimedence.hu\\\/#website\",\"url\":\"https:\\\/\\\/dorogimedence.hu\\\/\",\"name\":\"Dorogi-medence Region\u00e1lis H\u00edrport\u00e1l\",\"description\":\"Dorog, Keszt\u00f6lc, Le\u00e1nyv\u00e1r, Piliscs\u00e9v, Tokod, Tokodalt\u00e1r\u00f3, Csolnok, Esztergom-kertv\u00e1ros: h\u00edrek, programok\",\"publisher\":{\"@id\":\"https:\\\/\\\/dorogimedence.hu\\\/#organization\"},\"potentialAction\":[{\"@type\":\"SearchAction\",\"target\":{\"@type\":\"EntryPoint\",\"urlTemplate\":\"https:\\\/\\\/dorogimedence.hu\\\/?s={search_term_string}\"},\"query-input\":{\"@type\":\"PropertyValueSpecification\",\"valueRequired\":true,\"valueName\":\"search_term_string\"}}],\"inLanguage\":\"hu\"},{\"@type\":\"Organization\",\"@id\":\"https:\\\/\\\/dorogimedence.hu\\\/#organization\",\"name\":\"Dorogi-medence Region\u00e1lis H\u00edrport\u00e1l\",\"url\":\"https:\\\/\\\/dorogimedence.hu\\\/\",\"logo\":{\"@type\":\"ImageObject\",\"inLanguage\":\"hu\",\"@id\":\"https:\\\/\\\/dorogimedence.hu\\\/#\\\/schema\\\/logo\\\/image\\\/\",\"url\":\"https:\\\/\\\/dorogimedence.hu\\\/wp-content\\\/uploads\\\/2021\\\/04\\\/logo-feher-600.png\",\"contentUrl\":\"https:\\\/\\\/dorogimedence.hu\\\/wp-content\\\/uploads\\\/2021\\\/04\\\/logo-feher-600.png\",\"width\":600,\"height\":100,\"caption\":\"Dorogi-medence Region\u00e1lis H\u00edrport\u00e1l\"},\"image\":{\"@id\":\"https:\\\/\\\/dorogimedence.hu\\\/#\\\/schema\\\/logo\\\/image\\\/\"},\"sameAs\":[\"https:\\\/\\\/www.facebook.com\\\/dorogimedence\\\/\"]},{\"@type\":\"Person\",\"@id\":\"https:\\\/\\\/dorogimedence.hu\\\/#\\\/schema\\\/person\\\/ce6091eeb7e95ecdc87890d6aa8e0fd4\",\"name\":\"dorogimedence.hu\",\"image\":{\"@type\":\"ImageObject\",\"inLanguage\":\"hu\",\"@id\":\"\\\/\\\/www.gravatar.com\\\/avatar\\\/d8d45f8901aadff40a4af72c0b826f1d?s=96&#038;r=g&#038;d=mm\",\"url\":\"\\\/\\\/www.gravatar.com\\\/avatar\\\/d8d45f8901aadff40a4af72c0b826f1d?s=96&#038;r=g&#038;d=mm\",\"contentUrl\":\"\\\/\\\/www.gravatar.com\\\/avatar\\\/d8d45f8901aadff40a4af72c0b826f1d?s=96&#038;r=g&#038;d=mm\",\"caption\":\"dorogimedence.hu\"}}]}<\/script>\n<!-- \/ Yoast SEO plugin. -->","yoast_head_json":{"title":"1000 facsemet\u00e9t \u00fcltettek a Pr\u00edm\u00e1s-szigeten \u2013 egy v\u00f6r\u00f6s m\u00f3kus is \u00faj otthonra tal\u00e1lt","robots":{"index":"index","follow":"follow","max-snippet":"max-snippet:-1","max-image-preview":"max-image-preview:large","max-video-preview":"max-video-preview:-1"},"canonical":"https:\/\/dorogimedence.hu\/index.php\/2026\/04\/27\/1000-facsemetet-ultettek-a-primas-szigeten-egy-voros-mokus-is-uj-otthonra-talalt\/","og_locale":"hu_HU","og_type":"article","og_title":"1000 facsemet\u00e9t \u00fcltettek a Pr\u00edm\u00e1s-szigeten \u2013 egy v\u00f6r\u00f6s m\u00f3kus is \u00faj otthonra tal\u00e1lt","og_description":"K\u00f6z\u00f6ss\u00e9gi \u00f6sszefog\u00e1ssal t\u00f6bb mint ezer facsemet\u00e9t \u00e9s cserj\u00e9t \u00fcltettek el \u00e1prilis 25-\u00e9n, szombaton az esztergomi Pr\u00edm\u00e1s-szigeten. Az akci\u00f3t az Esztergomi Term\u00e9szetbar\u00e1tok Egyes\u00fclete szervezte, Esztergom Megyei Jog\u00fa V\u00e1ros egy\u00fcttm\u0171k\u00f6d\u00e9s\u00e9vel, a Z\u00f6ld O\u00e1zis p\u00e1ly\u00e1zat t\u00e1mogat\u00e1s\u00e1val. A kezdem\u00e9nyez\u00e9s c\u00e9lja egy \u0151shonos fajokb\u00f3l \u00e1ll\u00f3, soksz\u00edn\u0171 \u00e1rt\u00e9ri ligeterd\u0151 alapjainak megteremt\u00e9se volt. A ter\u00fcleten olyan n\u00f6v\u00e9nyek ker\u00fcltek a f\u00f6ldbe, mint a","og_url":"https:\/\/dorogimedence.hu\/index.php\/2026\/04\/27\/1000-facsemetet-ultettek-a-primas-szigeten-egy-voros-mokus-is-uj-otthonra-talalt\/","og_site_name":"Dorogi-medence Region\u00e1lis H\u00edrport\u00e1l","article_publisher":"https:\/\/www.facebook.com\/dorogimedence\/","article_published_time":"2026-04-27T06:06:45+00:00","og_image":[{"width":1215,"height":911,"url":"https:\/\/dorogimedence.hu\/wp-content\/uploads\/2026\/04\/679674792_122215789352535632_3559152771163914223_n.jpg","type":"image\/jpeg"}],"author":"dorogimedence.hu","twitter_card":"summary_large_image","twitter_misc":{"Szerz\u0151:":"dorogimedence.hu","Becs\u00fclt olvas\u00e1si id\u0151":"2 perc"},"schema":{"@context":"https:\/\/schema.org","@graph":[{"@type":"Article","@id":"https:\/\/dorogimedence.hu\/index.php\/2026\/04\/27\/1000-facsemetet-ultettek-a-primas-szigeten-egy-voros-mokus-is-uj-otthonra-talalt\/#article","isPartOf":{"@id":"https:\/\/dorogimedence.hu\/index.php\/2026\/04\/27\/1000-facsemetet-ultettek-a-primas-szigeten-egy-voros-mokus-is-uj-otthonra-talalt\/"},"author":{"name":"dorogimedence.hu","@id":"https:\/\/dorogimedence.hu\/#\/schema\/person\/ce6091eeb7e95ecdc87890d6aa8e0fd4"},"headline":"1000 facsemet\u00e9t \u00fcltettek a Pr\u00edm\u00e1s-szigeten \u2013 egy v\u00f6r\u00f6s m\u00f3kus is \u00faj otthonra tal\u00e1lt","datePublished":"2026-04-27T06:06:45+00:00","mainEntityOfPage":{"@id":"https:\/\/dorogimedence.hu\/index.php\/2026\/04\/27\/1000-facsemetet-ultettek-a-primas-szigeten-egy-voros-mokus-is-uj-otthonra-talalt\/"},"wordCount":437,"publisher":{"@id":"https:\/\/dorogimedence.hu\/#organization"},"image":{"@id":"https:\/\/dorogimedence.hu\/index.php\/2026\/04\/27\/1000-facsemetet-ultettek-a-primas-szigeten-egy-voros-mokus-is-uj-otthonra-talalt\/#primaryimage"},"thumbnailUrl":"https:\/\/dorogimedence.hu\/wp-content\/uploads\/2026\/04\/679674792_122215789352535632_3559152771163914223_n.jpg","keywords":["esztergom","fa\u00fcltet\u00e9s","featured","Pr\u00edm\u00e1s-sziget"],"articleSection":["Esztergom","H\u00edrek"],"inLanguage":"hu"},{"@type":"WebPage","@id":"https:\/\/dorogimedence.hu\/index.php\/2026\/04\/27\/1000-facsemetet-ultettek-a-primas-szigeten-egy-voros-mokus-is-uj-otthonra-talalt\/","url":"https:\/\/dorogimedence.hu\/index.php\/2026\/04\/27\/1000-facsemetet-ultettek-a-primas-szigeten-egy-voros-mokus-is-uj-otthonra-talalt\/","name":"1000 facsemet\u00e9t \u00fcltettek a Pr\u00edm\u00e1s-szigeten \u2013 egy v\u00f6r\u00f6s m\u00f3kus is \u00faj otthonra tal\u00e1lt","isPartOf":{"@id":"https:\/\/dorogimedence.hu\/#website"},"primaryImageOfPage":{"@id":"https:\/\/dorogimedence.hu\/index.php\/2026\/04\/27\/1000-facsemetet-ultettek-a-primas-szigeten-egy-voros-mokus-is-uj-otthonra-talalt\/#primaryimage"},"image":{"@id":"https:\/\/dorogimedence.hu\/index.php\/2026\/04\/27\/1000-facsemetet-ultettek-a-primas-szigeten-egy-voros-mokus-is-uj-otthonra-talalt\/#primaryimage"},"thumbnailUrl":"https:\/\/dorogimedence.hu\/wp-content\/uploads\/2026\/04\/679674792_122215789352535632_3559152771163914223_n.jpg","datePublished":"2026-04-27T06:06:45+00:00","breadcrumb":{"@id":"https:\/\/dorogimedence.hu\/index.php\/2026\/04\/27\/1000-facsemetet-ultettek-a-primas-szigeten-egy-voros-mokus-is-uj-otthonra-talalt\/#breadcrumb"},"inLanguage":"hu","potentialAction":[{"@type":"ReadAction","target":["https:\/\/dorogimedence.hu\/index.php\/2026\/04\/27\/1000-facsemetet-ultettek-a-primas-szigeten-egy-voros-mokus-is-uj-otthonra-talalt\/"]}]},{"@type":"ImageObject","inLanguage":"hu","@id":"https:\/\/dorogimedence.hu\/index.php\/2026\/04\/27\/1000-facsemetet-ultettek-a-primas-szigeten-egy-voros-mokus-is-uj-otthonra-talalt\/#primaryimage","url":"https:\/\/dorogimedence.hu\/wp-content\/uploads\/2026\/04\/679674792_122215789352535632_3559152771163914223_n.jpg","contentUrl":"https:\/\/dorogimedence.hu\/wp-content\/uploads\/2026\/04\/679674792_122215789352535632_3559152771163914223_n.jpg","width":1215,"height":911},{"@type":"BreadcrumbList","@id":"https:\/\/dorogimedence.hu\/index.php\/2026\/04\/27\/1000-facsemetet-ultettek-a-primas-szigeten-egy-voros-mokus-is-uj-otthonra-talalt\/#breadcrumb","itemListElement":[{"@type":"ListItem","position":1,"name":"Kezd\u0151lap","item":"https:\/\/dorogimedence.hu\/"},{"@type":"ListItem","position":2,"name":"1000 facsemet\u00e9t \u00fcltettek a Pr\u00edm\u00e1s-szigeten \u2013 egy v\u00f6r\u00f6s m\u00f3kus is \u00faj otthonra tal\u00e1lt"}]},{"@type":"WebSite","@id":"https:\/\/dorogimedence.hu\/#website","url":"https:\/\/dorogimedence.hu\/","name":"Dorogi-medence Region\u00e1lis H\u00edrport\u00e1l","description":"Dorog, Keszt\u00f6lc, Le\u00e1nyv\u00e1r, Piliscs\u00e9v, Tokod, Tokodalt\u00e1r\u00f3, Csolnok, Esztergom-kertv\u00e1ros: h\u00edrek, programok","publisher":{"@id":"https:\/\/dorogimedence.hu\/#organization"},"potentialAction":[{"@type":"SearchAction","target":{"@type":"EntryPoint","urlTemplate":"https:\/\/dorogimedence.hu\/?s={search_term_string}"},"query-input":{"@type":"PropertyValueSpecification","valueRequired":true,"valueName":"search_term_string"}}],"inLanguage":"hu"},{"@type":"Organization","@id":"https:\/\/dorogimedence.hu\/#organization","name":"Dorogi-medence Region\u00e1lis H\u00edrport\u00e1l","url":"https:\/\/dorogimedence.hu\/","logo":{"@type":"ImageObject","inLanguage":"hu","@id":"https:\/\/dorogimedence.hu\/#\/schema\/logo\/image\/","url":"https:\/\/dorogimedence.hu\/wp-content\/uploads\/2021\/04\/logo-feher-600.png","contentUrl":"https:\/\/dorogimedence.hu\/wp-content\/uploads\/2021\/04\/logo-feher-600.png","width":600,"height":100,"caption":"Dorogi-medence Region\u00e1lis H\u00edrport\u00e1l"},"image":{"@id":"https:\/\/dorogimedence.hu\/#\/schema\/logo\/image\/"},"sameAs":["https:\/\/www.facebook.com\/dorogimedence\/"]},{"@type":"Person","@id":"https:\/\/dorogimedence.hu\/#\/schema\/person\/ce6091eeb7e95ecdc87890d6aa8e0fd4","name":"dorogimedence.hu","image":{"@type":"ImageObject","inLanguage":"hu","@id":"\/\/www.gravatar.com\/avatar\/d8d45f8901aadff40a4af72c0b826f1d?s=96&#038;r=g&#038;d=mm","url":"\/\/www.gravatar.com\/avatar\/d8d45f8901aadff40a4af72c0b826f1d?s=96&#038;r=g&#038;d=mm","contentUrl":"\/\/www.gravatar.com\/avatar\/d8d45f8901aadff40a4af72c0b826f1d?s=96&#038;r=g&#038;d=mm","caption":"dorogimedence.hu"}}]}},"_links":{"self":[{"href":"https:\/\/dorogimedence.hu\/index.php\/wp-json\/wp\/v2\/posts\/79749","targetHints":{"allow":["GET"]}}],"collection":[{"href":"https:\/\/dorogimedence.hu\/index.php\/wp-json\/wp\/v2\/posts"}],"about":[{"href":"https:\/\/dorogimedence.hu\/index.php\/wp-json\/wp\/v2\/types\/post"}],"author":[{"embeddable":true,"href":"https:\/\/dorogimedence.hu\/index.php\/wp-json\/wp\/v2\/users\/1"}],"replies":[{"embeddable":true,"href":"https:\/\/dorogimedence.hu\/index.php\/wp-json\/wp\/v2\/comments?post=79749"}],"version-history":[{"count":1,"href":"https:\/\/dorogimedence.hu\/index.php\/wp-json\/wp\/v2\/posts\/79749\/revisions"}],"predecessor-version":[{"id":79753,"href":"https:\/\/dorogimedence.hu\/index.php\/wp-json\/wp\/v2\/posts\/79749\/revisions\/79753"}],"wp:featuredmedia":[{"embeddable":true,"href":"https:\/\/dorogimedence.hu\/index.php\/wp-json\/wp\/v2\/media\/79750"}],"wp:attachment":[{"href":"https:\/\/dorogimedence.hu\/index.php\/wp-json\/wp\/v2\/media?parent=79749"}],"wp:term":[{"taxonomy":"category","embeddable":true,"href":"https:\/\/dorogimedence.hu\/index.php\/wp-json\/wp\/v2\/categories?post=79749"},{"taxonomy":"post_tag","embeddable":true,"href":"https:\/\/dorogimedence.hu\/index.php\/wp-json\/wp\/v2\/tags?post=79749"}],"curies":[{"name":"wp","href":"https:\/\/api.w.org\/{rel}","templated":true}]}}