{"id":7964,"date":"2018-01-28T10:03:54","date_gmt":"2018-01-28T09:03:54","guid":{"rendered":"http:\/\/dorogimedence.hu\/?p=7964"},"modified":"2018-01-28T10:03:54","modified_gmt":"2018-01-28T09:03:54","slug":"elhunyt-fellegi-istvan-dorog-legendas-labdarugoja","status":"publish","type":"post","link":"https:\/\/dorogimedence.hu\/index.php\/2018\/01\/28\/elhunyt-fellegi-istvan-dorog-legendas-labdarugoja\/","title":{"rendered":"Elhunyt Fellegi Istv\u00e1n, Dorog legend\u00e1s labdar\u00fag\u00f3ja"},"content":{"rendered":"<p><strong>Janu\u00e1r 27-\u00e9n, szombaton, hosszas betegs\u00e9g ut\u00e1n, 80 \u00e9ves kor\u00e1ban elhunyt Fellegi Istv\u00e1n, labdar\u00fag\u00f3, az Dorogi FC \u00d6r\u00f6k\u00f6s Tagja, okleveles b\u00e1nyag\u00e9p\u00e9sz \u00e9s b\u00e1nya-villamoss\u00e1gi \u00fczemm\u00e9rn\u00f6k. A Dorogi B\u00e1ny\u00e1sz egykori kiv\u00e1l\u00f3 j\u00e1t\u00e9kosa, akit csapatt\u00e1rs\u00e1val, Proh\u00e1szka J\u00e1nossal a vil\u00e1g egyik legjobb fedezetp\u00e1rosak\u00e9nt tartottak sz\u00e1mon az 1960-as \u00e9vekben.<\/strong><\/p>\n<p><em><strong>A fot\u00f3n<\/strong> <strong>Fellegi Istv\u00e1n a fels\u0151 sorban jobbr\u00f3l az els\u0151.<\/strong><\/em> Fellegi Istv\u00e1n 1937. j\u00falius 21-\u00e9n Dorogon sz\u00fcletett. Eredeti neve Ferp\u00e1sz Istv\u00e1n volt, amelyet labdar\u00fag\u00f3 p\u00e1lyafut\u00e1s\u00e1nak kezdet\u00e9n v\u00e1ltoztatta Fellegire. Hivat\u00e1s\u00e1t tekintve okleves b\u00e1nyag\u00e9p\u00e9sz \u00e9s b\u00e1nya-villamoss\u00e1gi \u00fczemm\u00e9rn\u00f6k. Diplom\u00e1it a Neh\u00e9zipari M\u0171szaki Egyetem B\u00e1nyam\u00e9rn\u00f6ki \u00e9s \u00dczemm\u00e9rn\u00f6ki Kar\u00e1n szerezte. A Dorogi Sz\u00e9nb\u00e1ny\u00e1k Brikett\u00fczem\u00e9nek \u00fczemr\u00e9szleg-vezet\u0151je volt. Labdar\u00fag\u00f3 p\u00e1lyafut\u00e1s\u00e1t a Dorogi B\u00e1ny\u00e1sz k\u00f6ly\u00f6kcsapat\u00e1ban kezdte az 1950-es \u00e9vek elej\u00e9n. A feln\u0151ttcsapatban a Szeged elleni 2:0-s dorogi gy\u0151zelmet hoz\u00f3 m\u00e9rk\u0151z\u00e9sen mutatkozott be 1957-ben. Tehets\u00e9ge hamar megmutatkozott. Hamarosan ut\u00e1np\u00f3tl\u00e1s v\u00e1logatott, valamint az NB. I-es dorogi csapat stabil tagja lett. Az id\u0151k sor\u00e1n a fedezet poszton Proh\u00e1szka J\u00e1nossal kiv\u00e9teles p\u00e1rost alkottak, akikn\u00e9l aligha volt kiv\u00e1l\u00f3bb m\u00e9g vil\u00e1gviszonylatban sem. Nem csak hat\u00e9konyan j\u00e1tszottak, de technik\u00e1jukkal is \u00e1mulatban ejtett\u00e9k a szakembereket. A h\u00edres p\u00e1ros azonban nem csak a labdar\u00fag\u00f3 p\u00e1ly\u00e1n volt elv\u00e1laszthatatlan, hanem a mag\u00e1n\u00e9letben is az egyik legjobb bar\u00e1tok \u00e9s szomsz\u00e9dok voltak.<\/p>\n<p>1957-1968 k\u00f6z\u00f6tt <strong>208 alkalommal szerepelt a dorogi csapatban<\/strong>. <strong>Tagja volt<\/strong> minden id\u0151k legjobb dorogi csapat\u00e1nak, a <strong>Dorogi Aranycsapatnak<\/strong>. Vid\u00e9k legjobbja c\u00edmet nyert 1963-ban. Az \u00e9v legjobb j\u00e1t\u00e9kosa c\u00edmet kapta posztj\u00e1n 1962-ben. Szerepelt a legend\u00e1s H\u00fasv\u00e9t Kup\u00e1n Br\u00fcsszelben, ahol a dorogiak kupagy\u0151ztes lettek, megel\u0151zve olyan vil\u00e1gh\u00edr\u0171 csapatokat, mint az Anderlecht, a Juventus, vagy a Bayern M\u00fcnchen, valamint a Rappan Kup\u00e1ban. 2001-ben a Dorogi FC \u00d6r\u00f6k\u00f6s Tagja c\u00edmmel t\u00fcntett\u00e9k ki.<\/p>\n<p><em>Forr\u00e1s: wikipedia.org (Petrik J\u00f3zsef-P\u00e9ntek S\u00e1ndor: A Dorogi B\u00e1ny\u00e1sz SC 75 \u00e9ves Jubileumi Emlk\u00e9kk\u00f6nyve\/ A Dorogi B\u00e1ny\u00e1sz labdar\u00fag\u00f3i. Solym\u00e1r Judit &#8211; Kov\u00e1cs Lajos: Dorogi lexikon p\/89. Petrik J\u00f3zsef-P\u00e9ntek S\u00e1ndor: A Dorogi B\u00e1ny\u00e1sz SC 75 \u00e9ves Jubileumi Emlk\u00e9kk\u00f6nyve\/ M\u00e9rk\u0151z\u00e9sr\u0151l m\u00e9rk\u0151z\u00e9sre.<\/em><\/p>\n","protected":false},"excerpt":{"rendered":"<p>Janu\u00e1r 27-\u00e9n, szombaton, hosszas betegs\u00e9g ut\u00e1n, 80 \u00e9ves kor\u00e1ban elhunyt Fellegi Istv\u00e1n, labdar\u00fag\u00f3, az Dorogi FC \u00d6r\u00f6k\u00f6s Tagja, okleveles b\u00e1nyag\u00e9p\u00e9sz \u00e9s b\u00e1nya-villamoss\u00e1gi \u00fczemm\u00e9rn\u00f6k. A Dorogi B\u00e1ny\u00e1sz egykori kiv\u00e1l\u00f3 j\u00e1t\u00e9kosa, akit csapatt\u00e1rs\u00e1val, Proh\u00e1szka J\u00e1nossal a vil\u00e1g egyik legjobb fedezetp\u00e1rosak\u00e9nt tartottak sz\u00e1mon az 1960-as \u00e9vekben. A fot\u00f3n Fellegi Istv\u00e1n a fels\u0151 sorban jobbr\u00f3l az els\u0151. Fellegi Istv\u00e1n<\/p>\n","protected":false},"author":1,"featured_media":7966,"comment_status":"closed","ping_status":"closed","sticky":false,"template":"","format":"standard","meta":{"ngg_post_thumbnail":0,"footnotes":""},"categories":[2,3,5],"tags":[15,2146,2147,70,69,1691,72,16],"class_list":{"0":"post-7964","1":"post","2":"type-post","3":"status-publish","4":"format-standard","5":"has-post-thumbnail","7":"category-dorog","8":"category-hirek","9":"category-sport","10":"tag-dorog","11":"tag-fellegi-istvan","12":"tag-ferpasz-istvan","13":"tag-foci","14":"tag-futball","15":"tag-gyaszhir","16":"tag-labdarugas","17":"tag-sport"},"yoast_head":"<!-- This site is optimized with the Yoast SEO plugin v27.5 - https:\/\/yoast.com\/product\/yoast-seo-wordpress\/ -->\n<title>Elhunyt Fellegi Istv\u00e1n, Dorog legend\u00e1s labdar\u00fag\u00f3ja<\/title>\n<meta name=\"robots\" content=\"index, follow, max-snippet:-1, max-image-preview:large, max-video-preview:-1\" \/>\n<link rel=\"canonical\" href=\"https:\/\/dorogimedence.hu\/index.php\/2018\/01\/28\/elhunyt-fellegi-istvan-dorog-legendas-labdarugoja\/\" class=\"yoast-seo-meta-tag\" \/>\n<meta property=\"og:locale\" content=\"hu_HU\" class=\"yoast-seo-meta-tag\" \/>\n<meta property=\"og:type\" content=\"article\" class=\"yoast-seo-meta-tag\" \/>\n<meta property=\"og:title\" content=\"Elhunyt Fellegi Istv\u00e1n, Dorog legend\u00e1s labdar\u00fag\u00f3ja\" class=\"yoast-seo-meta-tag\" \/>\n<meta property=\"og:description\" content=\"Janu\u00e1r 27-\u00e9n, szombaton, hosszas betegs\u00e9g ut\u00e1n, 80 \u00e9ves kor\u00e1ban elhunyt Fellegi Istv\u00e1n, labdar\u00fag\u00f3, az Dorogi FC \u00d6r\u00f6k\u00f6s Tagja, okleveles b\u00e1nyag\u00e9p\u00e9sz \u00e9s b\u00e1nya-villamoss\u00e1gi \u00fczemm\u00e9rn\u00f6k. A Dorogi B\u00e1ny\u00e1sz egykori kiv\u00e1l\u00f3 j\u00e1t\u00e9kosa, akit csapatt\u00e1rs\u00e1val, Proh\u00e1szka J\u00e1nossal a vil\u00e1g egyik legjobb fedezetp\u00e1rosak\u00e9nt tartottak sz\u00e1mon az 1960-as \u00e9vekben. A fot\u00f3n Fellegi Istv\u00e1n a fels\u0151 sorban jobbr\u00f3l az els\u0151. Fellegi Istv\u00e1n\" class=\"yoast-seo-meta-tag\" \/>\n<meta property=\"og:url\" content=\"https:\/\/dorogimedence.hu\/index.php\/2018\/01\/28\/elhunyt-fellegi-istvan-dorog-legendas-labdarugoja\/\" class=\"yoast-seo-meta-tag\" \/>\n<meta property=\"og:site_name\" content=\"Dorogi-medence Region\u00e1lis H\u00edrport\u00e1l\" class=\"yoast-seo-meta-tag\" \/>\n<meta property=\"article:publisher\" content=\"https:\/\/www.facebook.com\/dorogimedence\/\" class=\"yoast-seo-meta-tag\" \/>\n<meta property=\"article:published_time\" content=\"2018-01-28T09:03:54+00:00\" class=\"yoast-seo-meta-tag\" \/>\n<meta property=\"og:image\" content=\"https:\/\/i0.wp.com\/dorogimedence.hu\/wp-content\/uploads\/2018\/01\/fellegi-01.jpg?fit=670%2C365&ssl=1\" class=\"yoast-seo-meta-tag\" \/>\n\t<meta property=\"og:image:width\" content=\"670\" class=\"yoast-seo-meta-tag\" \/>\n\t<meta property=\"og:image:height\" content=\"365\" class=\"yoast-seo-meta-tag\" \/>\n\t<meta property=\"og:image:type\" content=\"image\/jpeg\" class=\"yoast-seo-meta-tag\" \/>\n<meta name=\"author\" content=\"dorogimedence.hu\" class=\"yoast-seo-meta-tag\" \/>\n<meta name=\"twitter:card\" content=\"summary_large_image\" class=\"yoast-seo-meta-tag\" \/>\n<meta name=\"twitter:label1\" content=\"Szerz\u0151:\" class=\"yoast-seo-meta-tag\" \/>\n\t<meta name=\"twitter:data1\" content=\"dorogimedence.hu\" class=\"yoast-seo-meta-tag\" \/>\n\t<meta name=\"twitter:label2\" content=\"Becs\u00fclt olvas\u00e1si id\u0151\" class=\"yoast-seo-meta-tag\" \/>\n\t<meta name=\"twitter:data2\" content=\"2 perc\" class=\"yoast-seo-meta-tag\" \/>\n<script type=\"application\/ld+json\" class=\"yoast-schema-graph\">{\"@context\":\"https:\\\/\\\/schema.org\",\"@graph\":[{\"@type\":\"Article\",\"@id\":\"https:\\\/\\\/dorogimedence.hu\\\/index.php\\\/2018\\\/01\\\/28\\\/elhunyt-fellegi-istvan-dorog-legendas-labdarugoja\\\/#article\",\"isPartOf\":{\"@id\":\"https:\\\/\\\/dorogimedence.hu\\\/index.php\\\/2018\\\/01\\\/28\\\/elhunyt-fellegi-istvan-dorog-legendas-labdarugoja\\\/\"},\"author\":{\"name\":\"dorogimedence.hu\",\"@id\":\"https:\\\/\\\/dorogimedence.hu\\\/#\\\/schema\\\/person\\\/ce6091eeb7e95ecdc87890d6aa8e0fd4\"},\"headline\":\"Elhunyt Fellegi Istv\u00e1n, Dorog legend\u00e1s labdar\u00fag\u00f3ja\",\"datePublished\":\"2018-01-28T09:03:54+00:00\",\"mainEntityOfPage\":{\"@id\":\"https:\\\/\\\/dorogimedence.hu\\\/index.php\\\/2018\\\/01\\\/28\\\/elhunyt-fellegi-istvan-dorog-legendas-labdarugoja\\\/\"},\"wordCount\":464,\"publisher\":{\"@id\":\"https:\\\/\\\/dorogimedence.hu\\\/#organization\"},\"image\":{\"@id\":\"https:\\\/\\\/dorogimedence.hu\\\/index.php\\\/2018\\\/01\\\/28\\\/elhunyt-fellegi-istvan-dorog-legendas-labdarugoja\\\/#primaryimage\"},\"thumbnailUrl\":\"https:\\\/\\\/dorogimedence.hu\\\/wp-content\\\/uploads\\\/2018\\\/01\\\/fellegi-01.jpg\",\"keywords\":[\"Dorog\",\"Fellegi Istv\u00e1n\",\"Ferp\u00e1sz Istv\u00e1n\",\"foci\",\"futball\",\"gy\u00e1szh\u00edr\",\"labdar\u00fag\u00e1s\",\"sport\"],\"articleSection\":[\"Dorog\",\"H\u00edrek\",\"Sport\"],\"inLanguage\":\"hu\"},{\"@type\":\"WebPage\",\"@id\":\"https:\\\/\\\/dorogimedence.hu\\\/index.php\\\/2018\\\/01\\\/28\\\/elhunyt-fellegi-istvan-dorog-legendas-labdarugoja\\\/\",\"url\":\"https:\\\/\\\/dorogimedence.hu\\\/index.php\\\/2018\\\/01\\\/28\\\/elhunyt-fellegi-istvan-dorog-legendas-labdarugoja\\\/\",\"name\":\"Elhunyt Fellegi Istv\u00e1n, Dorog legend\u00e1s labdar\u00fag\u00f3ja\",\"isPartOf\":{\"@id\":\"https:\\\/\\\/dorogimedence.hu\\\/#website\"},\"primaryImageOfPage\":{\"@id\":\"https:\\\/\\\/dorogimedence.hu\\\/index.php\\\/2018\\\/01\\\/28\\\/elhunyt-fellegi-istvan-dorog-legendas-labdarugoja\\\/#primaryimage\"},\"image\":{\"@id\":\"https:\\\/\\\/dorogimedence.hu\\\/index.php\\\/2018\\\/01\\\/28\\\/elhunyt-fellegi-istvan-dorog-legendas-labdarugoja\\\/#primaryimage\"},\"thumbnailUrl\":\"https:\\\/\\\/dorogimedence.hu\\\/wp-content\\\/uploads\\\/2018\\\/01\\\/fellegi-01.jpg\",\"datePublished\":\"2018-01-28T09:03:54+00:00\",\"breadcrumb\":{\"@id\":\"https:\\\/\\\/dorogimedence.hu\\\/index.php\\\/2018\\\/01\\\/28\\\/elhunyt-fellegi-istvan-dorog-legendas-labdarugoja\\\/#breadcrumb\"},\"inLanguage\":\"hu\",\"potentialAction\":[{\"@type\":\"ReadAction\",\"target\":[\"https:\\\/\\\/dorogimedence.hu\\\/index.php\\\/2018\\\/01\\\/28\\\/elhunyt-fellegi-istvan-dorog-legendas-labdarugoja\\\/\"]}]},{\"@type\":\"ImageObject\",\"inLanguage\":\"hu\",\"@id\":\"https:\\\/\\\/dorogimedence.hu\\\/index.php\\\/2018\\\/01\\\/28\\\/elhunyt-fellegi-istvan-dorog-legendas-labdarugoja\\\/#primaryimage\",\"url\":\"https:\\\/\\\/dorogimedence.hu\\\/wp-content\\\/uploads\\\/2018\\\/01\\\/fellegi-01.jpg\",\"contentUrl\":\"https:\\\/\\\/dorogimedence.hu\\\/wp-content\\\/uploads\\\/2018\\\/01\\\/fellegi-01.jpg\",\"width\":670,\"height\":365},{\"@type\":\"BreadcrumbList\",\"@id\":\"https:\\\/\\\/dorogimedence.hu\\\/index.php\\\/2018\\\/01\\\/28\\\/elhunyt-fellegi-istvan-dorog-legendas-labdarugoja\\\/#breadcrumb\",\"itemListElement\":[{\"@type\":\"ListItem\",\"position\":1,\"name\":\"Kezd\u0151lap\",\"item\":\"https:\\\/\\\/dorogimedence.hu\\\/\"},{\"@type\":\"ListItem\",\"position\":2,\"name\":\"Elhunyt Fellegi Istv\u00e1n, Dorog legend\u00e1s labdar\u00fag\u00f3ja\"}]},{\"@type\":\"WebSite\",\"@id\":\"https:\\\/\\\/dorogimedence.hu\\\/#website\",\"url\":\"https:\\\/\\\/dorogimedence.hu\\\/\",\"name\":\"Dorogi-medence Region\u00e1lis H\u00edrport\u00e1l\",\"description\":\"Dorog, Keszt\u00f6lc, Le\u00e1nyv\u00e1r, Piliscs\u00e9v, Tokod, Tokodalt\u00e1r\u00f3, Csolnok, Esztergom-kertv\u00e1ros: h\u00edrek, programok\",\"publisher\":{\"@id\":\"https:\\\/\\\/dorogimedence.hu\\\/#organization\"},\"potentialAction\":[{\"@type\":\"SearchAction\",\"target\":{\"@type\":\"EntryPoint\",\"urlTemplate\":\"https:\\\/\\\/dorogimedence.hu\\\/?s={search_term_string}\"},\"query-input\":{\"@type\":\"PropertyValueSpecification\",\"valueRequired\":true,\"valueName\":\"search_term_string\"}}],\"inLanguage\":\"hu\"},{\"@type\":\"Organization\",\"@id\":\"https:\\\/\\\/dorogimedence.hu\\\/#organization\",\"name\":\"Dorogi-medence Region\u00e1lis H\u00edrport\u00e1l\",\"url\":\"https:\\\/\\\/dorogimedence.hu\\\/\",\"logo\":{\"@type\":\"ImageObject\",\"inLanguage\":\"hu\",\"@id\":\"https:\\\/\\\/dorogimedence.hu\\\/#\\\/schema\\\/logo\\\/image\\\/\",\"url\":\"https:\\\/\\\/dorogimedence.hu\\\/wp-content\\\/uploads\\\/2021\\\/04\\\/logo-feher-600.png\",\"contentUrl\":\"https:\\\/\\\/dorogimedence.hu\\\/wp-content\\\/uploads\\\/2021\\\/04\\\/logo-feher-600.png\",\"width\":600,\"height\":100,\"caption\":\"Dorogi-medence Region\u00e1lis H\u00edrport\u00e1l\"},\"image\":{\"@id\":\"https:\\\/\\\/dorogimedence.hu\\\/#\\\/schema\\\/logo\\\/image\\\/\"},\"sameAs\":[\"https:\\\/\\\/www.facebook.com\\\/dorogimedence\\\/\"]},{\"@type\":\"Person\",\"@id\":\"https:\\\/\\\/dorogimedence.hu\\\/#\\\/schema\\\/person\\\/ce6091eeb7e95ecdc87890d6aa8e0fd4\",\"name\":\"dorogimedence.hu\",\"image\":{\"@type\":\"ImageObject\",\"inLanguage\":\"hu\",\"@id\":\"\\\/\\\/www.gravatar.com\\\/avatar\\\/d8d45f8901aadff40a4af72c0b826f1d?s=96&#038;r=g&#038;d=mm\",\"url\":\"\\\/\\\/www.gravatar.com\\\/avatar\\\/d8d45f8901aadff40a4af72c0b826f1d?s=96&#038;r=g&#038;d=mm\",\"contentUrl\":\"\\\/\\\/www.gravatar.com\\\/avatar\\\/d8d45f8901aadff40a4af72c0b826f1d?s=96&#038;r=g&#038;d=mm\",\"caption\":\"dorogimedence.hu\"}}]}<\/script>\n<!-- \/ Yoast SEO plugin. -->","yoast_head_json":{"title":"Elhunyt Fellegi Istv\u00e1n, Dorog legend\u00e1s labdar\u00fag\u00f3ja","robots":{"index":"index","follow":"follow","max-snippet":"max-snippet:-1","max-image-preview":"max-image-preview:large","max-video-preview":"max-video-preview:-1"},"canonical":"https:\/\/dorogimedence.hu\/index.php\/2018\/01\/28\/elhunyt-fellegi-istvan-dorog-legendas-labdarugoja\/","og_locale":"hu_HU","og_type":"article","og_title":"Elhunyt Fellegi Istv\u00e1n, Dorog legend\u00e1s labdar\u00fag\u00f3ja","og_description":"Janu\u00e1r 27-\u00e9n, szombaton, hosszas betegs\u00e9g ut\u00e1n, 80 \u00e9ves kor\u00e1ban elhunyt Fellegi Istv\u00e1n, labdar\u00fag\u00f3, az Dorogi FC \u00d6r\u00f6k\u00f6s Tagja, okleveles b\u00e1nyag\u00e9p\u00e9sz \u00e9s b\u00e1nya-villamoss\u00e1gi \u00fczemm\u00e9rn\u00f6k. A Dorogi B\u00e1ny\u00e1sz egykori kiv\u00e1l\u00f3 j\u00e1t\u00e9kosa, akit csapatt\u00e1rs\u00e1val, Proh\u00e1szka J\u00e1nossal a vil\u00e1g egyik legjobb fedezetp\u00e1rosak\u00e9nt tartottak sz\u00e1mon az 1960-as \u00e9vekben. A fot\u00f3n Fellegi Istv\u00e1n a fels\u0151 sorban jobbr\u00f3l az els\u0151. Fellegi Istv\u00e1n","og_url":"https:\/\/dorogimedence.hu\/index.php\/2018\/01\/28\/elhunyt-fellegi-istvan-dorog-legendas-labdarugoja\/","og_site_name":"Dorogi-medence Region\u00e1lis H\u00edrport\u00e1l","article_publisher":"https:\/\/www.facebook.com\/dorogimedence\/","article_published_time":"2018-01-28T09:03:54+00:00","og_image":[{"width":670,"height":365,"url":"https:\/\/i0.wp.com\/dorogimedence.hu\/wp-content\/uploads\/2018\/01\/fellegi-01.jpg?fit=670%2C365&ssl=1","type":"image\/jpeg"}],"author":"dorogimedence.hu","twitter_card":"summary_large_image","twitter_misc":{"Szerz\u0151:":"dorogimedence.hu","Becs\u00fclt olvas\u00e1si id\u0151":"2 perc"},"schema":{"@context":"https:\/\/schema.org","@graph":[{"@type":"Article","@id":"https:\/\/dorogimedence.hu\/index.php\/2018\/01\/28\/elhunyt-fellegi-istvan-dorog-legendas-labdarugoja\/#article","isPartOf":{"@id":"https:\/\/dorogimedence.hu\/index.php\/2018\/01\/28\/elhunyt-fellegi-istvan-dorog-legendas-labdarugoja\/"},"author":{"name":"dorogimedence.hu","@id":"https:\/\/dorogimedence.hu\/#\/schema\/person\/ce6091eeb7e95ecdc87890d6aa8e0fd4"},"headline":"Elhunyt Fellegi Istv\u00e1n, Dorog legend\u00e1s labdar\u00fag\u00f3ja","datePublished":"2018-01-28T09:03:54+00:00","mainEntityOfPage":{"@id":"https:\/\/dorogimedence.hu\/index.php\/2018\/01\/28\/elhunyt-fellegi-istvan-dorog-legendas-labdarugoja\/"},"wordCount":464,"publisher":{"@id":"https:\/\/dorogimedence.hu\/#organization"},"image":{"@id":"https:\/\/dorogimedence.hu\/index.php\/2018\/01\/28\/elhunyt-fellegi-istvan-dorog-legendas-labdarugoja\/#primaryimage"},"thumbnailUrl":"https:\/\/dorogimedence.hu\/wp-content\/uploads\/2018\/01\/fellegi-01.jpg","keywords":["Dorog","Fellegi Istv\u00e1n","Ferp\u00e1sz Istv\u00e1n","foci","futball","gy\u00e1szh\u00edr","labdar\u00fag\u00e1s","sport"],"articleSection":["Dorog","H\u00edrek","Sport"],"inLanguage":"hu"},{"@type":"WebPage","@id":"https:\/\/dorogimedence.hu\/index.php\/2018\/01\/28\/elhunyt-fellegi-istvan-dorog-legendas-labdarugoja\/","url":"https:\/\/dorogimedence.hu\/index.php\/2018\/01\/28\/elhunyt-fellegi-istvan-dorog-legendas-labdarugoja\/","name":"Elhunyt Fellegi Istv\u00e1n, Dorog legend\u00e1s labdar\u00fag\u00f3ja","isPartOf":{"@id":"https:\/\/dorogimedence.hu\/#website"},"primaryImageOfPage":{"@id":"https:\/\/dorogimedence.hu\/index.php\/2018\/01\/28\/elhunyt-fellegi-istvan-dorog-legendas-labdarugoja\/#primaryimage"},"image":{"@id":"https:\/\/dorogimedence.hu\/index.php\/2018\/01\/28\/elhunyt-fellegi-istvan-dorog-legendas-labdarugoja\/#primaryimage"},"thumbnailUrl":"https:\/\/dorogimedence.hu\/wp-content\/uploads\/2018\/01\/fellegi-01.jpg","datePublished":"2018-01-28T09:03:54+00:00","breadcrumb":{"@id":"https:\/\/dorogimedence.hu\/index.php\/2018\/01\/28\/elhunyt-fellegi-istvan-dorog-legendas-labdarugoja\/#breadcrumb"},"inLanguage":"hu","potentialAction":[{"@type":"ReadAction","target":["https:\/\/dorogimedence.hu\/index.php\/2018\/01\/28\/elhunyt-fellegi-istvan-dorog-legendas-labdarugoja\/"]}]},{"@type":"ImageObject","inLanguage":"hu","@id":"https:\/\/dorogimedence.hu\/index.php\/2018\/01\/28\/elhunyt-fellegi-istvan-dorog-legendas-labdarugoja\/#primaryimage","url":"https:\/\/dorogimedence.hu\/wp-content\/uploads\/2018\/01\/fellegi-01.jpg","contentUrl":"https:\/\/dorogimedence.hu\/wp-content\/uploads\/2018\/01\/fellegi-01.jpg","width":670,"height":365},{"@type":"BreadcrumbList","@id":"https:\/\/dorogimedence.hu\/index.php\/2018\/01\/28\/elhunyt-fellegi-istvan-dorog-legendas-labdarugoja\/#breadcrumb","itemListElement":[{"@type":"ListItem","position":1,"name":"Kezd\u0151lap","item":"https:\/\/dorogimedence.hu\/"},{"@type":"ListItem","position":2,"name":"Elhunyt Fellegi Istv\u00e1n, Dorog legend\u00e1s labdar\u00fag\u00f3ja"}]},{"@type":"WebSite","@id":"https:\/\/dorogimedence.hu\/#website","url":"https:\/\/dorogimedence.hu\/","name":"Dorogi-medence Region\u00e1lis H\u00edrport\u00e1l","description":"Dorog, Keszt\u00f6lc, Le\u00e1nyv\u00e1r, Piliscs\u00e9v, Tokod, Tokodalt\u00e1r\u00f3, Csolnok, Esztergom-kertv\u00e1ros: h\u00edrek, programok","publisher":{"@id":"https:\/\/dorogimedence.hu\/#organization"},"potentialAction":[{"@type":"SearchAction","target":{"@type":"EntryPoint","urlTemplate":"https:\/\/dorogimedence.hu\/?s={search_term_string}"},"query-input":{"@type":"PropertyValueSpecification","valueRequired":true,"valueName":"search_term_string"}}],"inLanguage":"hu"},{"@type":"Organization","@id":"https:\/\/dorogimedence.hu\/#organization","name":"Dorogi-medence Region\u00e1lis H\u00edrport\u00e1l","url":"https:\/\/dorogimedence.hu\/","logo":{"@type":"ImageObject","inLanguage":"hu","@id":"https:\/\/dorogimedence.hu\/#\/schema\/logo\/image\/","url":"https:\/\/dorogimedence.hu\/wp-content\/uploads\/2021\/04\/logo-feher-600.png","contentUrl":"https:\/\/dorogimedence.hu\/wp-content\/uploads\/2021\/04\/logo-feher-600.png","width":600,"height":100,"caption":"Dorogi-medence Region\u00e1lis H\u00edrport\u00e1l"},"image":{"@id":"https:\/\/dorogimedence.hu\/#\/schema\/logo\/image\/"},"sameAs":["https:\/\/www.facebook.com\/dorogimedence\/"]},{"@type":"Person","@id":"https:\/\/dorogimedence.hu\/#\/schema\/person\/ce6091eeb7e95ecdc87890d6aa8e0fd4","name":"dorogimedence.hu","image":{"@type":"ImageObject","inLanguage":"hu","@id":"\/\/www.gravatar.com\/avatar\/d8d45f8901aadff40a4af72c0b826f1d?s=96&#038;r=g&#038;d=mm","url":"\/\/www.gravatar.com\/avatar\/d8d45f8901aadff40a4af72c0b826f1d?s=96&#038;r=g&#038;d=mm","contentUrl":"\/\/www.gravatar.com\/avatar\/d8d45f8901aadff40a4af72c0b826f1d?s=96&#038;r=g&#038;d=mm","caption":"dorogimedence.hu"}}]}},"_links":{"self":[{"href":"https:\/\/dorogimedence.hu\/index.php\/wp-json\/wp\/v2\/posts\/7964","targetHints":{"allow":["GET"]}}],"collection":[{"href":"https:\/\/dorogimedence.hu\/index.php\/wp-json\/wp\/v2\/posts"}],"about":[{"href":"https:\/\/dorogimedence.hu\/index.php\/wp-json\/wp\/v2\/types\/post"}],"author":[{"embeddable":true,"href":"https:\/\/dorogimedence.hu\/index.php\/wp-json\/wp\/v2\/users\/1"}],"replies":[{"embeddable":true,"href":"https:\/\/dorogimedence.hu\/index.php\/wp-json\/wp\/v2\/comments?post=7964"}],"version-history":[{"count":0,"href":"https:\/\/dorogimedence.hu\/index.php\/wp-json\/wp\/v2\/posts\/7964\/revisions"}],"wp:featuredmedia":[{"embeddable":true,"href":"https:\/\/dorogimedence.hu\/index.php\/wp-json\/wp\/v2\/media\/7966"}],"wp:attachment":[{"href":"https:\/\/dorogimedence.hu\/index.php\/wp-json\/wp\/v2\/media?parent=7964"}],"wp:term":[{"taxonomy":"category","embeddable":true,"href":"https:\/\/dorogimedence.hu\/index.php\/wp-json\/wp\/v2\/categories?post=7964"},{"taxonomy":"post_tag","embeddable":true,"href":"https:\/\/dorogimedence.hu\/index.php\/wp-json\/wp\/v2\/tags?post=7964"}],"curies":[{"name":"wp","href":"https:\/\/api.w.org\/{rel}","templated":true}]}}