{"id":79618,"date":"2026-04-21T11:07:25","date_gmt":"2026-04-21T09:07:25","guid":{"rendered":"https:\/\/dorogimedence.hu\/?p=79618"},"modified":"2026-04-21T11:07:25","modified_gmt":"2026-04-21T09:07:25","slug":"35-eves-a-magyar-suzuki","status":"publish","type":"post","link":"https:\/\/dorogimedence.hu\/index.php\/2026\/04\/21\/35-eves-a-magyar-suzuki\/","title":{"rendered":"35 \u00e9ves a Magyar Suzuki"},"content":{"rendered":"<p><strong>2026. \u00e1prilis 21. \u2013 Jelent\u0151s m\u00e9rf\u00f6ldk\u0151h\u00f6z \u00e9rt a Magyar Suzuki Zrt: az esztergomi v\u00e1llalatot 35 \u00e9vvel ezel\u0151tt alap\u00edtott\u00e1k \u00e9s tett\u00e9k le a gy\u00e1r alapk\u00f6v\u00e9t. A Suzuki Csoport egyetlen eur\u00f3pai \u00fczem\u00e9ben az \u00e9vtizedek sor\u00e1n h\u00e9t ikonikus modell k\u00e9sz\u00fclt, mik\u00f6zben a v\u00e1llalat az orsz\u00e1g egyik meghat\u00e1roz\u00f3 gazdas\u00e1gi szerepl\u0151j\u00e9v\u00e9 v\u00e1lt.<\/strong><\/p>\n<p>\u00d6tven \u00e9v kihagy\u00e1s ut\u00e1n \u00e9ledt \u00fajj\u00e1 a magyarorsz\u00e1gi szem\u00e9lyg\u00e9pj\u00e1rm\u0171-gy\u00e1rt\u00e1s, amikor 1991-ben a Suzuki Motor Corporation, a magyar korm\u00e1ny, az Itochu \u00e9s a Vil\u00e1gbank megalak\u00edtotta a Magyar Suzukit. A jap\u00e1nok egy vil\u00e1gsz\u00ednvonal\u00fa, teljesk\u00f6r\u0171 gy\u00e1rt\u00e1si tev\u00e9kenys\u00e9get alkalmaz\u00f3 gy\u00e1rat hoztak l\u00e9tre Magyarorsz\u00e1gon. A v\u00e1llalat 1992-ben a Suzuki Swiftek sorozatgy\u00e1rt\u00e1s\u00e1val kezdte meg a termel\u00e9st. Az itt k\u00e9sz\u00fcl\u0151 aut\u00f3k imm\u00e1r b\u00e1rki sz\u00e1m\u00e1ra el\u00e9rhet\u0151v\u00e9 v\u00e1ltak. A magyarok hamar megszerett\u00e9k a Suzukikat, ahogy nevezt\u00e9k, a \u201emi aut\u00f3nkat\u201d. 35 \u00e9v alatt \u00f6sszesen h\u00e9tf\u00e9le modell, a Swiften t\u00fal Wagon R+, Ignis, SX4, Splash, SX4 S-CROSS \u00e9s Vitara k\u00e9sz\u00fclt Esztergomban. 2024-ben m\u00e1r a 4 milliomodik Suzuki modell g\u00f6rd\u00fclt le a magyar gy\u00e1rt\u00f3sorr\u00f3l. A fenntarthat\u00f3 aut\u00f3z\u00e1st el\u0151t\u00e9rbe helyezve 2020 \u00f3ta, az eur\u00f3pai piacokra a Magyar Suzuki m\u00e1r csak hibrid meghajt\u00e1ssal \u00e9rt\u00e9kes\u00edt modelleket. Jelenleg Esztergomban Vitara \u00e9s S-CROSS modellek k\u00e9sz\u00fclnek. A gy\u00e1rt\u00f3v\u00e1llalat stabil, megb\u00edzhat\u00f3, min\u0151s\u00e9gi besz\u00e1ll\u00edt\u00f3i h\u00e1l\u00f3zattal dolgozik. Sz\u00e1mos magyarorsz\u00e1gi partner\u00e9vel a sorozatgy\u00e1rt\u00e1s indul\u00e1sa \u00f3ta m\u0171k\u00f6dik egy\u00fctt.<\/p>\n<h3><strong>Magas szakmai kompetencia \u00e9s tud\u00e1s<\/strong><\/h3>\n<p>A Magyar Suzuki meghat\u00e1roz\u00f3 szerepl\u0151 a j\u00e1rm\u0171ipari gy\u00e1rt\u00f3i piacon termel\u0151erej\u00e9t, munk\u00e1ltat\u00f3i st\u00e1tus\u00e1t tekintve. Folyamatosan fejleszti \u00fczem\u00e9t, amely a digitaliz\u00e1ci\u00f3t, a hat\u00e9konys\u00e1gn\u00f6vel\u00e9st, a jelenlegi kapacit\u00e1s maxim\u00e1lis kihaszn\u00e1l\u00e1s\u00e1t, a j\u00f6v\u0151beli ig\u00e9nyek rugalmas kiszolg\u00e1l\u00e1s\u00e1t, valamint a karbonsemleges m\u0171k\u00f6d\u00e9s el\u00e9r\u00e9s\u00e9t t\u00e1mogatja. A Suzuki a kezdetekt\u0151l \u00f6sszesen t\u00f6bb mint 2 milli\u00e1rd eur\u00f3t fektetett be Magyarorsz\u00e1gon.<\/p>\n<p>Esztergomban 35 \u00e9v alatt magas szint\u0171 kompetenci\u00e1kat \u00e9s tud\u00e1st halmoztak fel, els\u0151sorban a m\u00e9rn\u00f6ki-, a logisztikai- \u00e9s az IT ter\u00fcleteken.<\/p>\n<h3><strong>Stabil gazdas\u00e1gi szerepl\u0151 Magyarorsz\u00e1gon<\/strong><\/h3>\n<p>Az orsz\u00e1g egyik vezet\u0151 iparv\u00e1llalatak\u00e9nt \u00e1rbev\u00e9tele alapj\u00e1n rendre az orsz\u00e1g TOP20 nagyv\u00e1llalata k\u00f6z\u00f6tt v\u00e9gez. Partnereinek, besz\u00e1ll\u00edt\u00f3inak, valamint 78 tag\u00fa orsz\u00e1gos m\u00e1rkakeresked\u0151i h\u00e1l\u00f3zat\u00e1nak k\u00f6sz\u00f6nhet\u0151en mintegy 10.000 munkav\u00e1llal\u00f3 meg\u00e9lhet\u00e9s\u00e9hez j\u00e1rul hozz\u00e1. Az Esztergomban gy\u00e1rtott \u00e9s az import\u00e1lt Suzuki-modellek idehaza a legn\u00e9pszer\u0171bb aut\u00f3k k\u00f6z\u00e9 tartoznak a mag\u00e1n- \u00e9s flottav\u00e1s\u00e1rl\u00f3k k\u00f6r\u00e9ben. &nbsp;A v\u00e1llalat az \u00e9vtizedek sor\u00e1n \u00f6sszesen 22 alkalommal v\u00e9gzett a magyarorsz\u00e1gi \u00faj szem\u00e9lyaut\u00f3 \u00e9rt\u00e9kes\u00edt\u00e9si lista \u00e9l\u00e9n. A hazai piacra \u00e9s a vil\u00e1g t\u00f6bb mint 100 orsz\u00e1g\u00e1ba export\u00e1lt aut\u00f3k gy\u00e1rt\u00e1s\u00e1n k\u00edv\u00fcl a t\u00e1rsas\u00e1g import\u00e1lt Suzuki szem\u00e9lyaut\u00f3k, motorker\u00e9kp\u00e1rok \u00e9s haj\u00f3motorok \u00e9rt\u00e9kes\u00edt\u00e9s\u00e9vel is foglalkozik.<\/p>\n<h3><strong>Fenntarthat\u00f3 j\u00f6v\u0151<\/strong><\/h3>\n<p>Igazodva az anyav\u00e1llalat t\u00f6rekv\u00e9seihez &#8211; a Suzuki 2050-re szeretn\u00e9 el\u00e9rni a karbonsemlegess\u00e9get gy\u00e1rt\u00e1s \u00e9s modellek tekintet\u00e9ben vil\u00e1gszerte &#8211; a Magyar Suzuki kiemelt figyelmet ford\u00edt a fenntarthat\u00f3 m\u0171k\u00f6d\u00e9sre \u00e9s termel\u00e9sre, melyet saj\u00e1t napelempark \u00e9s h\u0151szivatty\u00fak t\u00e1mogatnak.<\/p>\n<p>Felel\u0151s v\u00e1llalatk\u00e9nt \u00e9s egy\u00fcttm\u0171k\u00f6d\u0151 partnerk\u00e9nt a Magyar Suzuki alap\u00edt\u00e1sa \u00f3ta hossz\u00fa t\u00e1v\u00fa, \u00e9rt\u00e9kteremt\u0151 helyi \u00e9s orsz\u00e1gos kezdem\u00e9nyez\u00e9sekben vesz r\u00e9szt a t\u00e1rsadalom, a k\u00f6rnyezet \u00e9s a gazdas\u00e1g t\u00e1mogat\u00e1sa \u00e9rdek\u00e9ben. Kiemelt figyelmet ford\u00edt a helyi oktat\u00e1si-, kultur\u00e1lis- \u00e9s sport\u00e9let, illetve orsz\u00e1gos szinten a k\u00f6zleked\u00e9sbiztons\u00e1g t\u00e1mogat\u00e1s\u00e1ra.<\/p>\n<h3><strong>Megbecs\u00fclt koll\u00e9g\u00e1k, loj\u00e1lis egy\u00fcttm\u0171k\u00f6d\u00e9sek<\/strong><\/h3>\n<p>Gondoskod\u00f3 munkaad\u00f3k\u00e9nt tiszteli \u00e9s megbecs\u00fcli minden koll\u00e9g\u00e1j\u00e1t, munkav\u00e1llal\u00f3i pedig loj\u00e1lisak: dolgoz\u00f3inak t\u00f6bb mint fele legal\u00e1bb 10 \u00e9ve, 25-en a kezdetek \u00f3ta, 35 \u00e9ve er\u0151s\u00edtik a k\u00f6z\u00f6ss\u00e9get. A r\u00e9gi\u00f3 egyik legnagyobb foglalkoztat\u00f3jak\u00e9nt kiemelt figyelmet ford\u00edt a j\u00f6v\u0151 gener\u00e1ci\u00f3j\u00e1nak felkarol\u00e1s\u00e1ra. Az \u00faj technol\u00f3gi\u00e1k, a digitaliz\u00e1ci\u00f3 \u00e9s a folyamatosan v\u00e1ltoz\u00f3 ig\u00e9nyek kih\u00edv\u00e1saihoz csatlakozva nagy hangs\u00falyt fektet a j\u00f6v\u0151 szakembereinek k\u00e9pz\u00e9s\u00e9re. A Suzuki Akad\u00e9mia keretein bel\u00fcl egy olyan j\u00f6v\u0151bemutat\u00f3 k\u00e9pz\u00e9si erny\u0151programot hoztak l\u00e9tre, amely tud\u00e1smegoszt\u00e1st jelent v\u00e1llalaton \u00e9s c\u00e9gcsoporton bel\u00fcl, reag\u00e1l a munkaer\u0151piaci kih\u00edv\u00e1sokra \u00e9s hidat k\u00e9pez gener\u00e1ci\u00f3k, illetve kut\u00far\u00e1k k\u00f6z\u00f6tt. Hozz\u00e1j\u00e1rul a stabil c\u00e9gm\u0171k\u00f6d\u00e9shez \u00e9s termel\u00e9shez, illetve a megfelel\u0151 munkaer\u0151 megtal\u00e1l\u00e1s\u00e1hoz \u00e9s megtart\u00e1s\u00e1hoz. A program r\u00e9szek\u00e9nt m\u0171k\u00f6d\u0151 Karbantart\u00f3 Akad\u00e9mia a szakmai alapok meger\u0151s\u00edt\u00e9s\u00e9hez, a Glob\u00e1lis Tehets\u00e9gmenedzsment Program a tud\u00e1sh\u00e1l\u00f3zat \u00e9p\u00edt\u00e9s\u00e9hez j\u00e1rul hozz\u00e1, m\u00edg a Vezet\u0151i Akad\u00e9mia pedig az er\u0151s, stabil vezet\u0151i b\u00e1zist seg\u00edti. A 2023-ben elindult du\u00e1lis k\u00e9pz\u00e9sen a Suzuki Oktat\u00e1si Centrumban m\u00e1r 37 di\u00e1k tanul. Az eddig v\u00e9gzett di\u00e1kok fele pedig a Magyar Suzukin\u00e1l helyezkedett el.<\/p>\n<h3><strong>\u201e35 \u00e9v \u2013 Minden aut\u00f3 egy t\u00f6rt\u00e9net\u201d <\/strong><\/h3>\n<p>A Magyar Suzuki Zrt. az \u00e9vfordul\u00f3 alkalm\u00e1b\u00f3l orsz\u00e1gos kamp\u00e1nyt ind\u00edt, amely r\u00e9szek\u00e9nt szeretn\u00e9 megmutatni, hogy a v\u00e1llalat hogyan lett az orsz\u00e1g egyik meghat\u00e1roz\u00f3 v\u00e1llalata \u00e9s egyben a v\u00e1s\u00e1rl\u00f3k egyik legbiztosabb d\u00f6nt\u00e9se. P\u00e1ly\u00e1zatot hirdet \u201e35 \u00e9v &#8211; Minden aut\u00f3 egy t\u00f6rt\u00e9net\u201d c\u00edmmel. Olyan t\u00f6rt\u00e9neteket v\u00e1r, amelyekb\u0151l kider\u00fcl, hogy a m\u00e1rka mik\u00e9nt j\u00e1tszott fontos szerepet a magyarok \u00e9let\u00e9ben. Az esztergomi gy\u00e1rt\u00f3v\u00e1llalat olyan szem\u00e9lyes t\u00f6rt\u00e9neteket keres amelyek bemutatj\u00e1k, mit jelentett a v\u00e1s\u00e1rl\u00f3knak, a j\u00e1rm\u0171tulajdonosoknak, csal\u00e1doknak, bar\u00e1ti k\u00f6z\u00f6ss\u00e9geknek a Suzuki \u00e9s hogyan v\u00e1lt \u00e9let\u00fck meghat\u00e1roz\u00f3 szerepl\u0151j\u00e9v\u00e9. A p\u00e1ly\u00e1z\u00f3k szabadon elmes\u00e9lhetik \u00e9lm\u00e9nyeiket, vagy b\u00e1rmilyen meghat\u00f3, humoros, inspir\u00e1l\u00f3 pillanatot, amely n\u00e9lk\u00fcl m\u00e1s lenne az \u00e9let\u00fck. A p\u00e1ly\u00e1zatok beny\u00fajt\u00e1s\u00e1r\u00f3l, formai k\u00f6vetelm\u00e9ny\u00e9r\u0151l \u00e9s d\u00edjaz\u00e1s\u00e1r\u00f3l, illetve a nyertes p\u00e1lyamunk\u00e1k felhaszn\u00e1l\u00e1s\u00e1r\u00f3l tov\u00e1bbi inform\u00e1ci\u00f3kat a <a href=\"https:\/\/www.suzuki.hu\/corporate\/hu\/35-eves-a-suzuki\" target=\"_blank\" rel=\"noopener\"><span style=\"text-decoration: underline; color: #0000ff;\">https:\/\/www.suzuki.hu\/corporate\/hu\/35-eves-a-suzuki<\/span><\/a> oldalon tal\u00e1lhatnak az \u00e9rdekl\u0151d\u0151k.<\/p>\n<p>A Magyar Suzuki jubileumi vide\u00f3ja itt \u00e9rhet\u0151 el:<\/p>\n<p><iframe title=\"35 \u00e9ve melletted - Minden helyzetben\" width=\"755\" height=\"425\" src=\"https:\/\/www.youtube.com\/embed\/ThQ21LIq2Es?feature=oembed\" frameborder=\"0\" allow=\"accelerometer; autoplay; clipboard-write; encrypted-media; gyroscope; picture-in-picture; web-share\" referrerpolicy=\"strict-origin-when-cross-origin\" allowfullscreen><\/iframe><\/p>\n<p><em>Bor\u00edt\u00f3k\u00e9p: suzuki.hu<\/em><\/p>\n","protected":false},"excerpt":{"rendered":"<p>2026. \u00e1prilis 21. \u2013 Jelent\u0151s m\u00e9rf\u00f6ldk\u0151h\u00f6z \u00e9rt a Magyar Suzuki Zrt: az esztergomi v\u00e1llalatot 35 \u00e9vvel ezel\u0151tt alap\u00edtott\u00e1k \u00e9s tett\u00e9k le a gy\u00e1r alapk\u00f6v\u00e9t. A Suzuki Csoport egyetlen eur\u00f3pai \u00fczem\u00e9ben az \u00e9vtizedek sor\u00e1n h\u00e9t ikonikus modell k\u00e9sz\u00fclt, mik\u00f6zben a v\u00e1llalat az orsz\u00e1g egyik meghat\u00e1roz\u00f3 gazdas\u00e1gi szerepl\u0151j\u00e9v\u00e9 v\u00e1lt. \u00d6tven \u00e9v kihagy\u00e1s ut\u00e1n \u00e9ledt \u00fajj\u00e1 a magyarorsz\u00e1gi<\/p>\n","protected":false},"author":1,"featured_media":79619,"comment_status":"closed","ping_status":"closed","sticky":false,"template":"","format":"standard","meta":{"ngg_post_thumbnail":0,"footnotes":""},"categories":[38,3],"tags":[42,4792,261],"class_list":{"0":"post-79618","1":"post","2":"type-post","3":"status-publish","4":"format-standard","5":"has-post-thumbnail","7":"category-esztergom","8":"category-hirek","9":"tag-esztergom","10":"tag-magyar-suzuki","11":"tag-suzuki"},"yoast_head":"<!-- This site is optimized with the Yoast SEO plugin v27.4 - https:\/\/yoast.com\/product\/yoast-seo-wordpress\/ -->\n<title>35 \u00e9ves a Magyar Suzuki<\/title>\n<meta name=\"robots\" content=\"index, follow, max-snippet:-1, max-image-preview:large, max-video-preview:-1\" \/>\n<link rel=\"canonical\" href=\"https:\/\/dorogimedence.hu\/index.php\/2026\/04\/21\/35-eves-a-magyar-suzuki\/\" class=\"yoast-seo-meta-tag\" \/>\n<meta property=\"og:locale\" content=\"hu_HU\" class=\"yoast-seo-meta-tag\" \/>\n<meta property=\"og:type\" content=\"article\" class=\"yoast-seo-meta-tag\" \/>\n<meta property=\"og:title\" content=\"35 \u00e9ves a Magyar Suzuki\" class=\"yoast-seo-meta-tag\" \/>\n<meta property=\"og:description\" content=\"2026. \u00e1prilis 21. \u2013 Jelent\u0151s m\u00e9rf\u00f6ldk\u0151h\u00f6z \u00e9rt a Magyar Suzuki Zrt: az esztergomi v\u00e1llalatot 35 \u00e9vvel ezel\u0151tt alap\u00edtott\u00e1k \u00e9s tett\u00e9k le a gy\u00e1r alapk\u00f6v\u00e9t. A Suzuki Csoport egyetlen eur\u00f3pai \u00fczem\u00e9ben az \u00e9vtizedek sor\u00e1n h\u00e9t ikonikus modell k\u00e9sz\u00fclt, mik\u00f6zben a v\u00e1llalat az orsz\u00e1g egyik meghat\u00e1roz\u00f3 gazdas\u00e1gi szerepl\u0151j\u00e9v\u00e9 v\u00e1lt. \u00d6tven \u00e9v kihagy\u00e1s ut\u00e1n \u00e9ledt \u00fajj\u00e1 a magyarorsz\u00e1gi\" class=\"yoast-seo-meta-tag\" \/>\n<meta property=\"og:url\" content=\"https:\/\/dorogimedence.hu\/index.php\/2026\/04\/21\/35-eves-a-magyar-suzuki\/\" class=\"yoast-seo-meta-tag\" \/>\n<meta property=\"og:site_name\" content=\"Dorogi-medence Region\u00e1lis H\u00edrport\u00e1l\" class=\"yoast-seo-meta-tag\" \/>\n<meta property=\"article:publisher\" content=\"https:\/\/www.facebook.com\/dorogimedence\/\" class=\"yoast-seo-meta-tag\" \/>\n<meta property=\"article:published_time\" content=\"2026-04-21T09:07:25+00:00\" class=\"yoast-seo-meta-tag\" \/>\n<meta property=\"og:image\" content=\"https:\/\/dorogimedence.hu\/wp-content\/uploads\/2026\/04\/suzuki.jpg\" class=\"yoast-seo-meta-tag\" \/>\n\t<meta property=\"og:image:width\" content=\"1920\" class=\"yoast-seo-meta-tag\" \/>\n\t<meta property=\"og:image:height\" content=\"970\" class=\"yoast-seo-meta-tag\" \/>\n\t<meta property=\"og:image:type\" content=\"image\/jpeg\" class=\"yoast-seo-meta-tag\" \/>\n<meta name=\"author\" content=\"dorogimedence.hu\" class=\"yoast-seo-meta-tag\" \/>\n<meta name=\"twitter:card\" content=\"summary_large_image\" class=\"yoast-seo-meta-tag\" \/>\n<meta name=\"twitter:label1\" content=\"Szerz\u0151:\" class=\"yoast-seo-meta-tag\" \/>\n\t<meta name=\"twitter:data1\" content=\"dorogimedence.hu\" class=\"yoast-seo-meta-tag\" \/>\n\t<meta name=\"twitter:label2\" content=\"Becs\u00fclt olvas\u00e1si id\u0151\" class=\"yoast-seo-meta-tag\" \/>\n\t<meta name=\"twitter:data2\" content=\"6 perc\" class=\"yoast-seo-meta-tag\" \/>\n<script type=\"application\/ld+json\" class=\"yoast-schema-graph\">{\"@context\":\"https:\\\/\\\/schema.org\",\"@graph\":[{\"@type\":\"Article\",\"@id\":\"https:\\\/\\\/dorogimedence.hu\\\/index.php\\\/2026\\\/04\\\/21\\\/35-eves-a-magyar-suzuki\\\/#article\",\"isPartOf\":{\"@id\":\"https:\\\/\\\/dorogimedence.hu\\\/index.php\\\/2026\\\/04\\\/21\\\/35-eves-a-magyar-suzuki\\\/\"},\"author\":{\"name\":\"dorogimedence.hu\",\"@id\":\"https:\\\/\\\/dorogimedence.hu\\\/#\\\/schema\\\/person\\\/ce6091eeb7e95ecdc87890d6aa8e0fd4\"},\"headline\":\"35 \u00e9ves a Magyar Suzuki\",\"datePublished\":\"2026-04-21T09:07:25+00:00\",\"mainEntityOfPage\":{\"@id\":\"https:\\\/\\\/dorogimedence.hu\\\/index.php\\\/2026\\\/04\\\/21\\\/35-eves-a-magyar-suzuki\\\/\"},\"wordCount\":1229,\"publisher\":{\"@id\":\"https:\\\/\\\/dorogimedence.hu\\\/#organization\"},\"image\":{\"@id\":\"https:\\\/\\\/dorogimedence.hu\\\/index.php\\\/2026\\\/04\\\/21\\\/35-eves-a-magyar-suzuki\\\/#primaryimage\"},\"thumbnailUrl\":\"https:\\\/\\\/dorogimedence.hu\\\/wp-content\\\/uploads\\\/2026\\\/04\\\/suzuki.jpg\",\"keywords\":[\"esztergom\",\"Magyar Suzuki\",\"Suzuki\"],\"articleSection\":[\"Esztergom\",\"H\u00edrek\"],\"inLanguage\":\"hu\"},{\"@type\":\"WebPage\",\"@id\":\"https:\\\/\\\/dorogimedence.hu\\\/index.php\\\/2026\\\/04\\\/21\\\/35-eves-a-magyar-suzuki\\\/\",\"url\":\"https:\\\/\\\/dorogimedence.hu\\\/index.php\\\/2026\\\/04\\\/21\\\/35-eves-a-magyar-suzuki\\\/\",\"name\":\"35 \u00e9ves a Magyar Suzuki\",\"isPartOf\":{\"@id\":\"https:\\\/\\\/dorogimedence.hu\\\/#website\"},\"primaryImageOfPage\":{\"@id\":\"https:\\\/\\\/dorogimedence.hu\\\/index.php\\\/2026\\\/04\\\/21\\\/35-eves-a-magyar-suzuki\\\/#primaryimage\"},\"image\":{\"@id\":\"https:\\\/\\\/dorogimedence.hu\\\/index.php\\\/2026\\\/04\\\/21\\\/35-eves-a-magyar-suzuki\\\/#primaryimage\"},\"thumbnailUrl\":\"https:\\\/\\\/dorogimedence.hu\\\/wp-content\\\/uploads\\\/2026\\\/04\\\/suzuki.jpg\",\"datePublished\":\"2026-04-21T09:07:25+00:00\",\"breadcrumb\":{\"@id\":\"https:\\\/\\\/dorogimedence.hu\\\/index.php\\\/2026\\\/04\\\/21\\\/35-eves-a-magyar-suzuki\\\/#breadcrumb\"},\"inLanguage\":\"hu\",\"potentialAction\":[{\"@type\":\"ReadAction\",\"target\":[\"https:\\\/\\\/dorogimedence.hu\\\/index.php\\\/2026\\\/04\\\/21\\\/35-eves-a-magyar-suzuki\\\/\"]}]},{\"@type\":\"ImageObject\",\"inLanguage\":\"hu\",\"@id\":\"https:\\\/\\\/dorogimedence.hu\\\/index.php\\\/2026\\\/04\\\/21\\\/35-eves-a-magyar-suzuki\\\/#primaryimage\",\"url\":\"https:\\\/\\\/dorogimedence.hu\\\/wp-content\\\/uploads\\\/2026\\\/04\\\/suzuki.jpg\",\"contentUrl\":\"https:\\\/\\\/dorogimedence.hu\\\/wp-content\\\/uploads\\\/2026\\\/04\\\/suzuki.jpg\",\"width\":1920,\"height\":970},{\"@type\":\"BreadcrumbList\",\"@id\":\"https:\\\/\\\/dorogimedence.hu\\\/index.php\\\/2026\\\/04\\\/21\\\/35-eves-a-magyar-suzuki\\\/#breadcrumb\",\"itemListElement\":[{\"@type\":\"ListItem\",\"position\":1,\"name\":\"Kezd\u0151lap\",\"item\":\"https:\\\/\\\/dorogimedence.hu\\\/\"},{\"@type\":\"ListItem\",\"position\":2,\"name\":\"35 \u00e9ves a Magyar Suzuki\"}]},{\"@type\":\"WebSite\",\"@id\":\"https:\\\/\\\/dorogimedence.hu\\\/#website\",\"url\":\"https:\\\/\\\/dorogimedence.hu\\\/\",\"name\":\"Dorogi-medence Region\u00e1lis H\u00edrport\u00e1l\",\"description\":\"Dorog, Keszt\u00f6lc, Le\u00e1nyv\u00e1r, Piliscs\u00e9v, Tokod, Tokodalt\u00e1r\u00f3, Csolnok, Esztergom-kertv\u00e1ros: h\u00edrek, programok\",\"publisher\":{\"@id\":\"https:\\\/\\\/dorogimedence.hu\\\/#organization\"},\"potentialAction\":[{\"@type\":\"SearchAction\",\"target\":{\"@type\":\"EntryPoint\",\"urlTemplate\":\"https:\\\/\\\/dorogimedence.hu\\\/?s={search_term_string}\"},\"query-input\":{\"@type\":\"PropertyValueSpecification\",\"valueRequired\":true,\"valueName\":\"search_term_string\"}}],\"inLanguage\":\"hu\"},{\"@type\":\"Organization\",\"@id\":\"https:\\\/\\\/dorogimedence.hu\\\/#organization\",\"name\":\"Dorogi-medence Region\u00e1lis H\u00edrport\u00e1l\",\"url\":\"https:\\\/\\\/dorogimedence.hu\\\/\",\"logo\":{\"@type\":\"ImageObject\",\"inLanguage\":\"hu\",\"@id\":\"https:\\\/\\\/dorogimedence.hu\\\/#\\\/schema\\\/logo\\\/image\\\/\",\"url\":\"https:\\\/\\\/dorogimedence.hu\\\/wp-content\\\/uploads\\\/2021\\\/04\\\/logo-feher-600.png\",\"contentUrl\":\"https:\\\/\\\/dorogimedence.hu\\\/wp-content\\\/uploads\\\/2021\\\/04\\\/logo-feher-600.png\",\"width\":600,\"height\":100,\"caption\":\"Dorogi-medence Region\u00e1lis H\u00edrport\u00e1l\"},\"image\":{\"@id\":\"https:\\\/\\\/dorogimedence.hu\\\/#\\\/schema\\\/logo\\\/image\\\/\"},\"sameAs\":[\"https:\\\/\\\/www.facebook.com\\\/dorogimedence\\\/\"]},{\"@type\":\"Person\",\"@id\":\"https:\\\/\\\/dorogimedence.hu\\\/#\\\/schema\\\/person\\\/ce6091eeb7e95ecdc87890d6aa8e0fd4\",\"name\":\"dorogimedence.hu\",\"image\":{\"@type\":\"ImageObject\",\"inLanguage\":\"hu\",\"@id\":\"\\\/\\\/www.gravatar.com\\\/avatar\\\/d8d45f8901aadff40a4af72c0b826f1d?s=96&#038;r=g&#038;d=mm\",\"url\":\"\\\/\\\/www.gravatar.com\\\/avatar\\\/d8d45f8901aadff40a4af72c0b826f1d?s=96&#038;r=g&#038;d=mm\",\"contentUrl\":\"\\\/\\\/www.gravatar.com\\\/avatar\\\/d8d45f8901aadff40a4af72c0b826f1d?s=96&#038;r=g&#038;d=mm\",\"caption\":\"dorogimedence.hu\"}}]}<\/script>\n<!-- \/ Yoast SEO plugin. -->","yoast_head_json":{"title":"35 \u00e9ves a Magyar Suzuki","robots":{"index":"index","follow":"follow","max-snippet":"max-snippet:-1","max-image-preview":"max-image-preview:large","max-video-preview":"max-video-preview:-1"},"canonical":"https:\/\/dorogimedence.hu\/index.php\/2026\/04\/21\/35-eves-a-magyar-suzuki\/","og_locale":"hu_HU","og_type":"article","og_title":"35 \u00e9ves a Magyar Suzuki","og_description":"2026. \u00e1prilis 21. \u2013 Jelent\u0151s m\u00e9rf\u00f6ldk\u0151h\u00f6z \u00e9rt a Magyar Suzuki Zrt: az esztergomi v\u00e1llalatot 35 \u00e9vvel ezel\u0151tt alap\u00edtott\u00e1k \u00e9s tett\u00e9k le a gy\u00e1r alapk\u00f6v\u00e9t. A Suzuki Csoport egyetlen eur\u00f3pai \u00fczem\u00e9ben az \u00e9vtizedek sor\u00e1n h\u00e9t ikonikus modell k\u00e9sz\u00fclt, mik\u00f6zben a v\u00e1llalat az orsz\u00e1g egyik meghat\u00e1roz\u00f3 gazdas\u00e1gi szerepl\u0151j\u00e9v\u00e9 v\u00e1lt. \u00d6tven \u00e9v kihagy\u00e1s ut\u00e1n \u00e9ledt \u00fajj\u00e1 a magyarorsz\u00e1gi","og_url":"https:\/\/dorogimedence.hu\/index.php\/2026\/04\/21\/35-eves-a-magyar-suzuki\/","og_site_name":"Dorogi-medence Region\u00e1lis H\u00edrport\u00e1l","article_publisher":"https:\/\/www.facebook.com\/dorogimedence\/","article_published_time":"2026-04-21T09:07:25+00:00","og_image":[{"width":1920,"height":970,"url":"https:\/\/dorogimedence.hu\/wp-content\/uploads\/2026\/04\/suzuki.jpg","type":"image\/jpeg"}],"author":"dorogimedence.hu","twitter_card":"summary_large_image","twitter_misc":{"Szerz\u0151:":"dorogimedence.hu","Becs\u00fclt olvas\u00e1si id\u0151":"6 perc"},"schema":{"@context":"https:\/\/schema.org","@graph":[{"@type":"Article","@id":"https:\/\/dorogimedence.hu\/index.php\/2026\/04\/21\/35-eves-a-magyar-suzuki\/#article","isPartOf":{"@id":"https:\/\/dorogimedence.hu\/index.php\/2026\/04\/21\/35-eves-a-magyar-suzuki\/"},"author":{"name":"dorogimedence.hu","@id":"https:\/\/dorogimedence.hu\/#\/schema\/person\/ce6091eeb7e95ecdc87890d6aa8e0fd4"},"headline":"35 \u00e9ves a Magyar Suzuki","datePublished":"2026-04-21T09:07:25+00:00","mainEntityOfPage":{"@id":"https:\/\/dorogimedence.hu\/index.php\/2026\/04\/21\/35-eves-a-magyar-suzuki\/"},"wordCount":1229,"publisher":{"@id":"https:\/\/dorogimedence.hu\/#organization"},"image":{"@id":"https:\/\/dorogimedence.hu\/index.php\/2026\/04\/21\/35-eves-a-magyar-suzuki\/#primaryimage"},"thumbnailUrl":"https:\/\/dorogimedence.hu\/wp-content\/uploads\/2026\/04\/suzuki.jpg","keywords":["esztergom","Magyar Suzuki","Suzuki"],"articleSection":["Esztergom","H\u00edrek"],"inLanguage":"hu"},{"@type":"WebPage","@id":"https:\/\/dorogimedence.hu\/index.php\/2026\/04\/21\/35-eves-a-magyar-suzuki\/","url":"https:\/\/dorogimedence.hu\/index.php\/2026\/04\/21\/35-eves-a-magyar-suzuki\/","name":"35 \u00e9ves a Magyar Suzuki","isPartOf":{"@id":"https:\/\/dorogimedence.hu\/#website"},"primaryImageOfPage":{"@id":"https:\/\/dorogimedence.hu\/index.php\/2026\/04\/21\/35-eves-a-magyar-suzuki\/#primaryimage"},"image":{"@id":"https:\/\/dorogimedence.hu\/index.php\/2026\/04\/21\/35-eves-a-magyar-suzuki\/#primaryimage"},"thumbnailUrl":"https:\/\/dorogimedence.hu\/wp-content\/uploads\/2026\/04\/suzuki.jpg","datePublished":"2026-04-21T09:07:25+00:00","breadcrumb":{"@id":"https:\/\/dorogimedence.hu\/index.php\/2026\/04\/21\/35-eves-a-magyar-suzuki\/#breadcrumb"},"inLanguage":"hu","potentialAction":[{"@type":"ReadAction","target":["https:\/\/dorogimedence.hu\/index.php\/2026\/04\/21\/35-eves-a-magyar-suzuki\/"]}]},{"@type":"ImageObject","inLanguage":"hu","@id":"https:\/\/dorogimedence.hu\/index.php\/2026\/04\/21\/35-eves-a-magyar-suzuki\/#primaryimage","url":"https:\/\/dorogimedence.hu\/wp-content\/uploads\/2026\/04\/suzuki.jpg","contentUrl":"https:\/\/dorogimedence.hu\/wp-content\/uploads\/2026\/04\/suzuki.jpg","width":1920,"height":970},{"@type":"BreadcrumbList","@id":"https:\/\/dorogimedence.hu\/index.php\/2026\/04\/21\/35-eves-a-magyar-suzuki\/#breadcrumb","itemListElement":[{"@type":"ListItem","position":1,"name":"Kezd\u0151lap","item":"https:\/\/dorogimedence.hu\/"},{"@type":"ListItem","position":2,"name":"35 \u00e9ves a Magyar Suzuki"}]},{"@type":"WebSite","@id":"https:\/\/dorogimedence.hu\/#website","url":"https:\/\/dorogimedence.hu\/","name":"Dorogi-medence Region\u00e1lis H\u00edrport\u00e1l","description":"Dorog, Keszt\u00f6lc, Le\u00e1nyv\u00e1r, Piliscs\u00e9v, Tokod, Tokodalt\u00e1r\u00f3, Csolnok, Esztergom-kertv\u00e1ros: h\u00edrek, programok","publisher":{"@id":"https:\/\/dorogimedence.hu\/#organization"},"potentialAction":[{"@type":"SearchAction","target":{"@type":"EntryPoint","urlTemplate":"https:\/\/dorogimedence.hu\/?s={search_term_string}"},"query-input":{"@type":"PropertyValueSpecification","valueRequired":true,"valueName":"search_term_string"}}],"inLanguage":"hu"},{"@type":"Organization","@id":"https:\/\/dorogimedence.hu\/#organization","name":"Dorogi-medence Region\u00e1lis H\u00edrport\u00e1l","url":"https:\/\/dorogimedence.hu\/","logo":{"@type":"ImageObject","inLanguage":"hu","@id":"https:\/\/dorogimedence.hu\/#\/schema\/logo\/image\/","url":"https:\/\/dorogimedence.hu\/wp-content\/uploads\/2021\/04\/logo-feher-600.png","contentUrl":"https:\/\/dorogimedence.hu\/wp-content\/uploads\/2021\/04\/logo-feher-600.png","width":600,"height":100,"caption":"Dorogi-medence Region\u00e1lis H\u00edrport\u00e1l"},"image":{"@id":"https:\/\/dorogimedence.hu\/#\/schema\/logo\/image\/"},"sameAs":["https:\/\/www.facebook.com\/dorogimedence\/"]},{"@type":"Person","@id":"https:\/\/dorogimedence.hu\/#\/schema\/person\/ce6091eeb7e95ecdc87890d6aa8e0fd4","name":"dorogimedence.hu","image":{"@type":"ImageObject","inLanguage":"hu","@id":"\/\/www.gravatar.com\/avatar\/d8d45f8901aadff40a4af72c0b826f1d?s=96&#038;r=g&#038;d=mm","url":"\/\/www.gravatar.com\/avatar\/d8d45f8901aadff40a4af72c0b826f1d?s=96&#038;r=g&#038;d=mm","contentUrl":"\/\/www.gravatar.com\/avatar\/d8d45f8901aadff40a4af72c0b826f1d?s=96&#038;r=g&#038;d=mm","caption":"dorogimedence.hu"}}]}},"_links":{"self":[{"href":"https:\/\/dorogimedence.hu\/index.php\/wp-json\/wp\/v2\/posts\/79618","targetHints":{"allow":["GET"]}}],"collection":[{"href":"https:\/\/dorogimedence.hu\/index.php\/wp-json\/wp\/v2\/posts"}],"about":[{"href":"https:\/\/dorogimedence.hu\/index.php\/wp-json\/wp\/v2\/types\/post"}],"author":[{"embeddable":true,"href":"https:\/\/dorogimedence.hu\/index.php\/wp-json\/wp\/v2\/users\/1"}],"replies":[{"embeddable":true,"href":"https:\/\/dorogimedence.hu\/index.php\/wp-json\/wp\/v2\/comments?post=79618"}],"version-history":[{"count":1,"href":"https:\/\/dorogimedence.hu\/index.php\/wp-json\/wp\/v2\/posts\/79618\/revisions"}],"predecessor-version":[{"id":79620,"href":"https:\/\/dorogimedence.hu\/index.php\/wp-json\/wp\/v2\/posts\/79618\/revisions\/79620"}],"wp:featuredmedia":[{"embeddable":true,"href":"https:\/\/dorogimedence.hu\/index.php\/wp-json\/wp\/v2\/media\/79619"}],"wp:attachment":[{"href":"https:\/\/dorogimedence.hu\/index.php\/wp-json\/wp\/v2\/media?parent=79618"}],"wp:term":[{"taxonomy":"category","embeddable":true,"href":"https:\/\/dorogimedence.hu\/index.php\/wp-json\/wp\/v2\/categories?post=79618"},{"taxonomy":"post_tag","embeddable":true,"href":"https:\/\/dorogimedence.hu\/index.php\/wp-json\/wp\/v2\/tags?post=79618"}],"curies":[{"name":"wp","href":"https:\/\/api.w.org\/{rel}","templated":true}]}}