{"id":79263,"date":"2026-04-07T14:01:24","date_gmt":"2026-04-07T12:01:24","guid":{"rendered":"https:\/\/dorogimedence.hu\/?p=79263"},"modified":"2026-04-07T14:01:24","modified_gmt":"2026-04-07T12:01:24","slug":"negyszeres-verkor-teljesito-lett-a-dorogi-futokor-tagja","status":"publish","type":"post","link":"https:\/\/dorogimedence.hu\/index.php\/2026\/04\/07\/negyszeres-verkor-teljesito-lett-a-dorogi-futokor-tagja\/","title":{"rendered":"N\u00e9gyszeres V\u00e9rk\u00f6r teljes\u00edt\u0151 lett a Dorogi Fut\u00f3k\u00f6r tagja"},"content":{"rendered":"<p><strong>\u00dajabb sz\u00e9p eredm\u00e9nyt \u00e9rt el a Dorogi Fut\u00f3k\u00f6r Sportegyes\u00fclet egyik tagja: S\u00e1ndor Szilvia imm\u00e1r n\u00e9gyszeres V\u00e9rk\u00f6r-teljes\u00edt\u0151 lett.<\/strong><\/p>\n<p>A V\u00e9rk\u00f6r egy 77 kilom\u00e9teres teljes\u00edtm\u00e9nyt\u00fara a V\u00e9rtesben, amelyet futva vagy t\u00far\u00e1zva is lehet teljes\u00edteni. A k\u00f6rt\u00fara Oroszl\u00e1nyb\u00f3l indul \u00e9s oda is t\u00e9r vissza, a r\u00e9sztvev\u0151kre pedig nemcsak a hossz\u00fa t\u00e1v, hanem jelent\u0151s szintemelked\u00e9s is v\u00e1r: \u00f6sszesen 1615 m\u00e9tert kell lek\u00fczdeni\u00fck.<\/p>\n<p>Szilvia az elm\u00falt h\u00e9tv\u00e9g\u00e9n rendezett esem\u00e9nyen 10 \u00f3ra 26 perc 22 m\u00e1sodperc alatt teljes\u00edtette a t\u00e1vot. A 345 indul\u00f3 k\u00f6z\u00fcl az el\u0151kel\u0151 22. helyen \u00e9rt c\u00e9lba, a n\u0151i mez\u0151nyben pedig az 5. helyet szerezte meg.<\/p>\n<p><img fetchpriority=\"high\" decoding=\"async\" class=\"alignnone size-full wp-image-79265\" src=\"https:\/\/dorogimedence.hu\/wp-content\/uploads\/2026\/04\/667788997_1431752032296381_172625948317082123_n.jpg\" alt=\"\" width=\"2048\" height=\"2048\" srcset=\"https:\/\/dorogimedence.hu\/wp-content\/uploads\/2026\/04\/667788997_1431752032296381_172625948317082123_n.jpg 2048w, https:\/\/dorogimedence.hu\/wp-content\/uploads\/2026\/04\/667788997_1431752032296381_172625948317082123_n-600x600.jpg 600w, https:\/\/dorogimedence.hu\/wp-content\/uploads\/2026\/04\/667788997_1431752032296381_172625948317082123_n-1920x1920.jpg 1920w, https:\/\/dorogimedence.hu\/wp-content\/uploads\/2026\/04\/667788997_1431752032296381_172625948317082123_n-300x300.jpg 300w, https:\/\/dorogimedence.hu\/wp-content\/uploads\/2026\/04\/667788997_1431752032296381_172625948317082123_n-768x768.jpg 768w, https:\/\/dorogimedence.hu\/wp-content\/uploads\/2026\/04\/667788997_1431752032296381_172625948317082123_n-1536x1536.jpg 1536w, https:\/\/dorogimedence.hu\/wp-content\/uploads\/2026\/04\/667788997_1431752032296381_172625948317082123_n-150x150.jpg 150w, https:\/\/dorogimedence.hu\/wp-content\/uploads\/2026\/04\/667788997_1431752032296381_172625948317082123_n-450x450.jpg 450w, https:\/\/dorogimedence.hu\/wp-content\/uploads\/2026\/04\/667788997_1431752032296381_172625948317082123_n-1200x1200.jpg 1200w\" sizes=\"(max-width: 2048px) 100vw, 2048px\" \/><\/p>\n<p>Mint elmondta, a V\u00e9rtes terepe nem annyira neh\u00e9z, mint p\u00e9ld\u00e1ul a M\u00e1tra, ugyanakkor a hossz\u00fa t\u00e1v miatt komoly kih\u00edv\u00e1st jelent. \u00d6sszehasonl\u00edt\u00e1sk\u00e9nt kiemelte, hogy a T\u00e9li M\u00e1tra XL t\u00e1vja 40 kilom\u00e9teren tartalmaz k\u00f6zel ugyanekkora, 1599 m\u00e9teres szintemelked\u00e9st.<\/p>\n<p>A mostani teljes\u00edtm\u00e9ny kiv\u00e1l\u00f3 felk\u00e9sz\u00fcl\u00e9s volt sz\u00e1m\u00e1ra a h\u00e1rom h\u00e9t m\u00falva esed\u00e9kes Ultrabalatonra.<\/p>\n<p>A Dorogi Fut\u00f3k\u00f6r Sportegyes\u00fclet ez\u00faton is gratul\u00e1l S\u00e1ndor Szilvi\u00e1nak az \u00fajabb kiemelked\u0151 eredm\u00e9nyhez.<\/p>\n<p><em>Fot\u00f3k, forr\u00e1s: Dorogi Fut\u00f3k\u00f6r Facebook-oldal<\/em><\/p>\n","protected":false},"excerpt":{"rendered":"<p>\u00dajabb sz\u00e9p eredm\u00e9nyt \u00e9rt el a Dorogi Fut\u00f3k\u00f6r Sportegyes\u00fclet egyik tagja: S\u00e1ndor Szilvia imm\u00e1r n\u00e9gyszeres V\u00e9rk\u00f6r-teljes\u00edt\u0151 lett. A V\u00e9rk\u00f6r egy 77 kilom\u00e9teres teljes\u00edtm\u00e9nyt\u00fara a V\u00e9rtesben, amelyet futva vagy t\u00far\u00e1zva is lehet teljes\u00edteni. A k\u00f6rt\u00fara Oroszl\u00e1nyb\u00f3l indul \u00e9s oda is t\u00e9r vissza, a r\u00e9sztvev\u0151kre pedig nemcsak a hossz\u00fa t\u00e1v, hanem jelent\u0151s szintemelked\u00e9s is v\u00e1r: \u00f6sszesen 1615<\/p>\n","protected":false},"author":1,"featured_media":79264,"comment_status":"closed","ping_status":"closed","sticky":false,"template":"","format":"standard","meta":{"ngg_post_thumbnail":0,"footnotes":""},"categories":[2,3,5],"tags":[15,749,287,16],"class_list":{"0":"post-79263","1":"post","2":"type-post","3":"status-publish","4":"format-standard","5":"has-post-thumbnail","7":"category-dorog","8":"category-hirek","9":"category-sport","10":"tag-dorog","11":"tag-dorogi-futokor","12":"tag-futas","13":"tag-sport"},"yoast_head":"<!-- This site is optimized with the Yoast SEO plugin v27.5 - https:\/\/yoast.com\/product\/yoast-seo-wordpress\/ -->\n<title>N\u00e9gyszeres V\u00e9rk\u00f6r teljes\u00edt\u0151 lett a Dorogi Fut\u00f3k\u00f6r tagja<\/title>\n<meta name=\"robots\" content=\"index, follow, max-snippet:-1, max-image-preview:large, max-video-preview:-1\" \/>\n<link rel=\"canonical\" href=\"https:\/\/dorogimedence.hu\/index.php\/2026\/04\/07\/negyszeres-verkor-teljesito-lett-a-dorogi-futokor-tagja\/\" class=\"yoast-seo-meta-tag\" \/>\n<meta property=\"og:locale\" content=\"hu_HU\" class=\"yoast-seo-meta-tag\" \/>\n<meta property=\"og:type\" content=\"article\" class=\"yoast-seo-meta-tag\" \/>\n<meta property=\"og:title\" content=\"N\u00e9gyszeres V\u00e9rk\u00f6r teljes\u00edt\u0151 lett a Dorogi Fut\u00f3k\u00f6r tagja\" class=\"yoast-seo-meta-tag\" \/>\n<meta property=\"og:description\" content=\"\u00dajabb sz\u00e9p eredm\u00e9nyt \u00e9rt el a Dorogi Fut\u00f3k\u00f6r Sportegyes\u00fclet egyik tagja: S\u00e1ndor Szilvia imm\u00e1r n\u00e9gyszeres V\u00e9rk\u00f6r-teljes\u00edt\u0151 lett. A V\u00e9rk\u00f6r egy 77 kilom\u00e9teres teljes\u00edtm\u00e9nyt\u00fara a V\u00e9rtesben, amelyet futva vagy t\u00far\u00e1zva is lehet teljes\u00edteni. A k\u00f6rt\u00fara Oroszl\u00e1nyb\u00f3l indul \u00e9s oda is t\u00e9r vissza, a r\u00e9sztvev\u0151kre pedig nemcsak a hossz\u00fa t\u00e1v, hanem jelent\u0151s szintemelked\u00e9s is v\u00e1r: \u00f6sszesen 1615\" class=\"yoast-seo-meta-tag\" \/>\n<meta property=\"og:url\" content=\"https:\/\/dorogimedence.hu\/index.php\/2026\/04\/07\/negyszeres-verkor-teljesito-lett-a-dorogi-futokor-tagja\/\" class=\"yoast-seo-meta-tag\" \/>\n<meta property=\"og:site_name\" content=\"Dorogi-medence Region\u00e1lis H\u00edrport\u00e1l\" class=\"yoast-seo-meta-tag\" \/>\n<meta property=\"article:publisher\" content=\"https:\/\/www.facebook.com\/dorogimedence\/\" class=\"yoast-seo-meta-tag\" \/>\n<meta property=\"article:published_time\" content=\"2026-04-07T12:01:24+00:00\" class=\"yoast-seo-meta-tag\" \/>\n<meta property=\"og:image\" content=\"https:\/\/dorogimedence.hu\/wp-content\/uploads\/2026\/04\/667208541_1431751845629733_5845495552981357087_n.jpg\" class=\"yoast-seo-meta-tag\" \/>\n\t<meta property=\"og:image:width\" content=\"2048\" class=\"yoast-seo-meta-tag\" \/>\n\t<meta property=\"og:image:height\" content=\"1365\" class=\"yoast-seo-meta-tag\" \/>\n\t<meta property=\"og:image:type\" content=\"image\/jpeg\" class=\"yoast-seo-meta-tag\" \/>\n<meta name=\"author\" content=\"dorogimedence.hu\" class=\"yoast-seo-meta-tag\" \/>\n<meta name=\"twitter:card\" content=\"summary_large_image\" class=\"yoast-seo-meta-tag\" \/>\n<meta name=\"twitter:label1\" content=\"Szerz\u0151:\" class=\"yoast-seo-meta-tag\" \/>\n\t<meta name=\"twitter:data1\" content=\"dorogimedence.hu\" class=\"yoast-seo-meta-tag\" \/>\n\t<meta name=\"twitter:label2\" content=\"Becs\u00fclt olvas\u00e1si id\u0151\" class=\"yoast-seo-meta-tag\" \/>\n\t<meta name=\"twitter:data2\" content=\"1 perc\" class=\"yoast-seo-meta-tag\" \/>\n<script type=\"application\/ld+json\" class=\"yoast-schema-graph\">{\"@context\":\"https:\\\/\\\/schema.org\",\"@graph\":[{\"@type\":\"Article\",\"@id\":\"https:\\\/\\\/dorogimedence.hu\\\/index.php\\\/2026\\\/04\\\/07\\\/negyszeres-verkor-teljesito-lett-a-dorogi-futokor-tagja\\\/#article\",\"isPartOf\":{\"@id\":\"https:\\\/\\\/dorogimedence.hu\\\/index.php\\\/2026\\\/04\\\/07\\\/negyszeres-verkor-teljesito-lett-a-dorogi-futokor-tagja\\\/\"},\"author\":{\"name\":\"dorogimedence.hu\",\"@id\":\"https:\\\/\\\/dorogimedence.hu\\\/#\\\/schema\\\/person\\\/ce6091eeb7e95ecdc87890d6aa8e0fd4\"},\"headline\":\"N\u00e9gyszeres V\u00e9rk\u00f6r teljes\u00edt\u0151 lett a Dorogi Fut\u00f3k\u00f6r tagja\",\"datePublished\":\"2026-04-07T12:01:24+00:00\",\"mainEntityOfPage\":{\"@id\":\"https:\\\/\\\/dorogimedence.hu\\\/index.php\\\/2026\\\/04\\\/07\\\/negyszeres-verkor-teljesito-lett-a-dorogi-futokor-tagja\\\/\"},\"wordCount\":255,\"publisher\":{\"@id\":\"https:\\\/\\\/dorogimedence.hu\\\/#organization\"},\"image\":{\"@id\":\"https:\\\/\\\/dorogimedence.hu\\\/index.php\\\/2026\\\/04\\\/07\\\/negyszeres-verkor-teljesito-lett-a-dorogi-futokor-tagja\\\/#primaryimage\"},\"thumbnailUrl\":\"https:\\\/\\\/dorogimedence.hu\\\/wp-content\\\/uploads\\\/2026\\\/04\\\/667208541_1431751845629733_5845495552981357087_n.jpg\",\"keywords\":[\"Dorog\",\"Dorogi fut\u00f3k\u00f6r\",\"fut\u00e1s\",\"sport\"],\"articleSection\":[\"Dorog\",\"H\u00edrek\",\"Sport\"],\"inLanguage\":\"hu\"},{\"@type\":\"WebPage\",\"@id\":\"https:\\\/\\\/dorogimedence.hu\\\/index.php\\\/2026\\\/04\\\/07\\\/negyszeres-verkor-teljesito-lett-a-dorogi-futokor-tagja\\\/\",\"url\":\"https:\\\/\\\/dorogimedence.hu\\\/index.php\\\/2026\\\/04\\\/07\\\/negyszeres-verkor-teljesito-lett-a-dorogi-futokor-tagja\\\/\",\"name\":\"N\u00e9gyszeres V\u00e9rk\u00f6r teljes\u00edt\u0151 lett a Dorogi Fut\u00f3k\u00f6r tagja\",\"isPartOf\":{\"@id\":\"https:\\\/\\\/dorogimedence.hu\\\/#website\"},\"primaryImageOfPage\":{\"@id\":\"https:\\\/\\\/dorogimedence.hu\\\/index.php\\\/2026\\\/04\\\/07\\\/negyszeres-verkor-teljesito-lett-a-dorogi-futokor-tagja\\\/#primaryimage\"},\"image\":{\"@id\":\"https:\\\/\\\/dorogimedence.hu\\\/index.php\\\/2026\\\/04\\\/07\\\/negyszeres-verkor-teljesito-lett-a-dorogi-futokor-tagja\\\/#primaryimage\"},\"thumbnailUrl\":\"https:\\\/\\\/dorogimedence.hu\\\/wp-content\\\/uploads\\\/2026\\\/04\\\/667208541_1431751845629733_5845495552981357087_n.jpg\",\"datePublished\":\"2026-04-07T12:01:24+00:00\",\"breadcrumb\":{\"@id\":\"https:\\\/\\\/dorogimedence.hu\\\/index.php\\\/2026\\\/04\\\/07\\\/negyszeres-verkor-teljesito-lett-a-dorogi-futokor-tagja\\\/#breadcrumb\"},\"inLanguage\":\"hu\",\"potentialAction\":[{\"@type\":\"ReadAction\",\"target\":[\"https:\\\/\\\/dorogimedence.hu\\\/index.php\\\/2026\\\/04\\\/07\\\/negyszeres-verkor-teljesito-lett-a-dorogi-futokor-tagja\\\/\"]}]},{\"@type\":\"ImageObject\",\"inLanguage\":\"hu\",\"@id\":\"https:\\\/\\\/dorogimedence.hu\\\/index.php\\\/2026\\\/04\\\/07\\\/negyszeres-verkor-teljesito-lett-a-dorogi-futokor-tagja\\\/#primaryimage\",\"url\":\"https:\\\/\\\/dorogimedence.hu\\\/wp-content\\\/uploads\\\/2026\\\/04\\\/667208541_1431751845629733_5845495552981357087_n.jpg\",\"contentUrl\":\"https:\\\/\\\/dorogimedence.hu\\\/wp-content\\\/uploads\\\/2026\\\/04\\\/667208541_1431751845629733_5845495552981357087_n.jpg\",\"width\":2048,\"height\":1365},{\"@type\":\"BreadcrumbList\",\"@id\":\"https:\\\/\\\/dorogimedence.hu\\\/index.php\\\/2026\\\/04\\\/07\\\/negyszeres-verkor-teljesito-lett-a-dorogi-futokor-tagja\\\/#breadcrumb\",\"itemListElement\":[{\"@type\":\"ListItem\",\"position\":1,\"name\":\"Kezd\u0151lap\",\"item\":\"https:\\\/\\\/dorogimedence.hu\\\/\"},{\"@type\":\"ListItem\",\"position\":2,\"name\":\"N\u00e9gyszeres V\u00e9rk\u00f6r teljes\u00edt\u0151 lett a Dorogi Fut\u00f3k\u00f6r tagja\"}]},{\"@type\":\"WebSite\",\"@id\":\"https:\\\/\\\/dorogimedence.hu\\\/#website\",\"url\":\"https:\\\/\\\/dorogimedence.hu\\\/\",\"name\":\"Dorogi-medence Region\u00e1lis H\u00edrport\u00e1l\",\"description\":\"Dorog, Keszt\u00f6lc, Le\u00e1nyv\u00e1r, Piliscs\u00e9v, Tokod, Tokodalt\u00e1r\u00f3, Csolnok, Esztergom-kertv\u00e1ros: h\u00edrek, programok\",\"publisher\":{\"@id\":\"https:\\\/\\\/dorogimedence.hu\\\/#organization\"},\"potentialAction\":[{\"@type\":\"SearchAction\",\"target\":{\"@type\":\"EntryPoint\",\"urlTemplate\":\"https:\\\/\\\/dorogimedence.hu\\\/?s={search_term_string}\"},\"query-input\":{\"@type\":\"PropertyValueSpecification\",\"valueRequired\":true,\"valueName\":\"search_term_string\"}}],\"inLanguage\":\"hu\"},{\"@type\":\"Organization\",\"@id\":\"https:\\\/\\\/dorogimedence.hu\\\/#organization\",\"name\":\"Dorogi-medence Region\u00e1lis H\u00edrport\u00e1l\",\"url\":\"https:\\\/\\\/dorogimedence.hu\\\/\",\"logo\":{\"@type\":\"ImageObject\",\"inLanguage\":\"hu\",\"@id\":\"https:\\\/\\\/dorogimedence.hu\\\/#\\\/schema\\\/logo\\\/image\\\/\",\"url\":\"https:\\\/\\\/dorogimedence.hu\\\/wp-content\\\/uploads\\\/2021\\\/04\\\/logo-feher-600.png\",\"contentUrl\":\"https:\\\/\\\/dorogimedence.hu\\\/wp-content\\\/uploads\\\/2021\\\/04\\\/logo-feher-600.png\",\"width\":600,\"height\":100,\"caption\":\"Dorogi-medence Region\u00e1lis H\u00edrport\u00e1l\"},\"image\":{\"@id\":\"https:\\\/\\\/dorogimedence.hu\\\/#\\\/schema\\\/logo\\\/image\\\/\"},\"sameAs\":[\"https:\\\/\\\/www.facebook.com\\\/dorogimedence\\\/\"]},{\"@type\":\"Person\",\"@id\":\"https:\\\/\\\/dorogimedence.hu\\\/#\\\/schema\\\/person\\\/ce6091eeb7e95ecdc87890d6aa8e0fd4\",\"name\":\"dorogimedence.hu\",\"image\":{\"@type\":\"ImageObject\",\"inLanguage\":\"hu\",\"@id\":\"\\\/\\\/www.gravatar.com\\\/avatar\\\/d8d45f8901aadff40a4af72c0b826f1d?s=96&#038;r=g&#038;d=mm\",\"url\":\"\\\/\\\/www.gravatar.com\\\/avatar\\\/d8d45f8901aadff40a4af72c0b826f1d?s=96&#038;r=g&#038;d=mm\",\"contentUrl\":\"\\\/\\\/www.gravatar.com\\\/avatar\\\/d8d45f8901aadff40a4af72c0b826f1d?s=96&#038;r=g&#038;d=mm\",\"caption\":\"dorogimedence.hu\"}}]}<\/script>\n<!-- \/ Yoast SEO plugin. -->","yoast_head_json":{"title":"N\u00e9gyszeres V\u00e9rk\u00f6r teljes\u00edt\u0151 lett a Dorogi Fut\u00f3k\u00f6r tagja","robots":{"index":"index","follow":"follow","max-snippet":"max-snippet:-1","max-image-preview":"max-image-preview:large","max-video-preview":"max-video-preview:-1"},"canonical":"https:\/\/dorogimedence.hu\/index.php\/2026\/04\/07\/negyszeres-verkor-teljesito-lett-a-dorogi-futokor-tagja\/","og_locale":"hu_HU","og_type":"article","og_title":"N\u00e9gyszeres V\u00e9rk\u00f6r teljes\u00edt\u0151 lett a Dorogi Fut\u00f3k\u00f6r tagja","og_description":"\u00dajabb sz\u00e9p eredm\u00e9nyt \u00e9rt el a Dorogi Fut\u00f3k\u00f6r Sportegyes\u00fclet egyik tagja: S\u00e1ndor Szilvia imm\u00e1r n\u00e9gyszeres V\u00e9rk\u00f6r-teljes\u00edt\u0151 lett. A V\u00e9rk\u00f6r egy 77 kilom\u00e9teres teljes\u00edtm\u00e9nyt\u00fara a V\u00e9rtesben, amelyet futva vagy t\u00far\u00e1zva is lehet teljes\u00edteni. A k\u00f6rt\u00fara Oroszl\u00e1nyb\u00f3l indul \u00e9s oda is t\u00e9r vissza, a r\u00e9sztvev\u0151kre pedig nemcsak a hossz\u00fa t\u00e1v, hanem jelent\u0151s szintemelked\u00e9s is v\u00e1r: \u00f6sszesen 1615","og_url":"https:\/\/dorogimedence.hu\/index.php\/2026\/04\/07\/negyszeres-verkor-teljesito-lett-a-dorogi-futokor-tagja\/","og_site_name":"Dorogi-medence Region\u00e1lis H\u00edrport\u00e1l","article_publisher":"https:\/\/www.facebook.com\/dorogimedence\/","article_published_time":"2026-04-07T12:01:24+00:00","og_image":[{"width":2048,"height":1365,"url":"https:\/\/dorogimedence.hu\/wp-content\/uploads\/2026\/04\/667208541_1431751845629733_5845495552981357087_n.jpg","type":"image\/jpeg"}],"author":"dorogimedence.hu","twitter_card":"summary_large_image","twitter_misc":{"Szerz\u0151:":"dorogimedence.hu","Becs\u00fclt olvas\u00e1si id\u0151":"1 perc"},"schema":{"@context":"https:\/\/schema.org","@graph":[{"@type":"Article","@id":"https:\/\/dorogimedence.hu\/index.php\/2026\/04\/07\/negyszeres-verkor-teljesito-lett-a-dorogi-futokor-tagja\/#article","isPartOf":{"@id":"https:\/\/dorogimedence.hu\/index.php\/2026\/04\/07\/negyszeres-verkor-teljesito-lett-a-dorogi-futokor-tagja\/"},"author":{"name":"dorogimedence.hu","@id":"https:\/\/dorogimedence.hu\/#\/schema\/person\/ce6091eeb7e95ecdc87890d6aa8e0fd4"},"headline":"N\u00e9gyszeres V\u00e9rk\u00f6r teljes\u00edt\u0151 lett a Dorogi Fut\u00f3k\u00f6r tagja","datePublished":"2026-04-07T12:01:24+00:00","mainEntityOfPage":{"@id":"https:\/\/dorogimedence.hu\/index.php\/2026\/04\/07\/negyszeres-verkor-teljesito-lett-a-dorogi-futokor-tagja\/"},"wordCount":255,"publisher":{"@id":"https:\/\/dorogimedence.hu\/#organization"},"image":{"@id":"https:\/\/dorogimedence.hu\/index.php\/2026\/04\/07\/negyszeres-verkor-teljesito-lett-a-dorogi-futokor-tagja\/#primaryimage"},"thumbnailUrl":"https:\/\/dorogimedence.hu\/wp-content\/uploads\/2026\/04\/667208541_1431751845629733_5845495552981357087_n.jpg","keywords":["Dorog","Dorogi fut\u00f3k\u00f6r","fut\u00e1s","sport"],"articleSection":["Dorog","H\u00edrek","Sport"],"inLanguage":"hu"},{"@type":"WebPage","@id":"https:\/\/dorogimedence.hu\/index.php\/2026\/04\/07\/negyszeres-verkor-teljesito-lett-a-dorogi-futokor-tagja\/","url":"https:\/\/dorogimedence.hu\/index.php\/2026\/04\/07\/negyszeres-verkor-teljesito-lett-a-dorogi-futokor-tagja\/","name":"N\u00e9gyszeres V\u00e9rk\u00f6r teljes\u00edt\u0151 lett a Dorogi Fut\u00f3k\u00f6r tagja","isPartOf":{"@id":"https:\/\/dorogimedence.hu\/#website"},"primaryImageOfPage":{"@id":"https:\/\/dorogimedence.hu\/index.php\/2026\/04\/07\/negyszeres-verkor-teljesito-lett-a-dorogi-futokor-tagja\/#primaryimage"},"image":{"@id":"https:\/\/dorogimedence.hu\/index.php\/2026\/04\/07\/negyszeres-verkor-teljesito-lett-a-dorogi-futokor-tagja\/#primaryimage"},"thumbnailUrl":"https:\/\/dorogimedence.hu\/wp-content\/uploads\/2026\/04\/667208541_1431751845629733_5845495552981357087_n.jpg","datePublished":"2026-04-07T12:01:24+00:00","breadcrumb":{"@id":"https:\/\/dorogimedence.hu\/index.php\/2026\/04\/07\/negyszeres-verkor-teljesito-lett-a-dorogi-futokor-tagja\/#breadcrumb"},"inLanguage":"hu","potentialAction":[{"@type":"ReadAction","target":["https:\/\/dorogimedence.hu\/index.php\/2026\/04\/07\/negyszeres-verkor-teljesito-lett-a-dorogi-futokor-tagja\/"]}]},{"@type":"ImageObject","inLanguage":"hu","@id":"https:\/\/dorogimedence.hu\/index.php\/2026\/04\/07\/negyszeres-verkor-teljesito-lett-a-dorogi-futokor-tagja\/#primaryimage","url":"https:\/\/dorogimedence.hu\/wp-content\/uploads\/2026\/04\/667208541_1431751845629733_5845495552981357087_n.jpg","contentUrl":"https:\/\/dorogimedence.hu\/wp-content\/uploads\/2026\/04\/667208541_1431751845629733_5845495552981357087_n.jpg","width":2048,"height":1365},{"@type":"BreadcrumbList","@id":"https:\/\/dorogimedence.hu\/index.php\/2026\/04\/07\/negyszeres-verkor-teljesito-lett-a-dorogi-futokor-tagja\/#breadcrumb","itemListElement":[{"@type":"ListItem","position":1,"name":"Kezd\u0151lap","item":"https:\/\/dorogimedence.hu\/"},{"@type":"ListItem","position":2,"name":"N\u00e9gyszeres V\u00e9rk\u00f6r teljes\u00edt\u0151 lett a Dorogi Fut\u00f3k\u00f6r tagja"}]},{"@type":"WebSite","@id":"https:\/\/dorogimedence.hu\/#website","url":"https:\/\/dorogimedence.hu\/","name":"Dorogi-medence Region\u00e1lis H\u00edrport\u00e1l","description":"Dorog, Keszt\u00f6lc, Le\u00e1nyv\u00e1r, Piliscs\u00e9v, Tokod, Tokodalt\u00e1r\u00f3, Csolnok, Esztergom-kertv\u00e1ros: h\u00edrek, programok","publisher":{"@id":"https:\/\/dorogimedence.hu\/#organization"},"potentialAction":[{"@type":"SearchAction","target":{"@type":"EntryPoint","urlTemplate":"https:\/\/dorogimedence.hu\/?s={search_term_string}"},"query-input":{"@type":"PropertyValueSpecification","valueRequired":true,"valueName":"search_term_string"}}],"inLanguage":"hu"},{"@type":"Organization","@id":"https:\/\/dorogimedence.hu\/#organization","name":"Dorogi-medence Region\u00e1lis H\u00edrport\u00e1l","url":"https:\/\/dorogimedence.hu\/","logo":{"@type":"ImageObject","inLanguage":"hu","@id":"https:\/\/dorogimedence.hu\/#\/schema\/logo\/image\/","url":"https:\/\/dorogimedence.hu\/wp-content\/uploads\/2021\/04\/logo-feher-600.png","contentUrl":"https:\/\/dorogimedence.hu\/wp-content\/uploads\/2021\/04\/logo-feher-600.png","width":600,"height":100,"caption":"Dorogi-medence Region\u00e1lis H\u00edrport\u00e1l"},"image":{"@id":"https:\/\/dorogimedence.hu\/#\/schema\/logo\/image\/"},"sameAs":["https:\/\/www.facebook.com\/dorogimedence\/"]},{"@type":"Person","@id":"https:\/\/dorogimedence.hu\/#\/schema\/person\/ce6091eeb7e95ecdc87890d6aa8e0fd4","name":"dorogimedence.hu","image":{"@type":"ImageObject","inLanguage":"hu","@id":"\/\/www.gravatar.com\/avatar\/d8d45f8901aadff40a4af72c0b826f1d?s=96&#038;r=g&#038;d=mm","url":"\/\/www.gravatar.com\/avatar\/d8d45f8901aadff40a4af72c0b826f1d?s=96&#038;r=g&#038;d=mm","contentUrl":"\/\/www.gravatar.com\/avatar\/d8d45f8901aadff40a4af72c0b826f1d?s=96&#038;r=g&#038;d=mm","caption":"dorogimedence.hu"}}]}},"_links":{"self":[{"href":"https:\/\/dorogimedence.hu\/index.php\/wp-json\/wp\/v2\/posts\/79263","targetHints":{"allow":["GET"]}}],"collection":[{"href":"https:\/\/dorogimedence.hu\/index.php\/wp-json\/wp\/v2\/posts"}],"about":[{"href":"https:\/\/dorogimedence.hu\/index.php\/wp-json\/wp\/v2\/types\/post"}],"author":[{"embeddable":true,"href":"https:\/\/dorogimedence.hu\/index.php\/wp-json\/wp\/v2\/users\/1"}],"replies":[{"embeddable":true,"href":"https:\/\/dorogimedence.hu\/index.php\/wp-json\/wp\/v2\/comments?post=79263"}],"version-history":[{"count":1,"href":"https:\/\/dorogimedence.hu\/index.php\/wp-json\/wp\/v2\/posts\/79263\/revisions"}],"predecessor-version":[{"id":79266,"href":"https:\/\/dorogimedence.hu\/index.php\/wp-json\/wp\/v2\/posts\/79263\/revisions\/79266"}],"wp:featuredmedia":[{"embeddable":true,"href":"https:\/\/dorogimedence.hu\/index.php\/wp-json\/wp\/v2\/media\/79264"}],"wp:attachment":[{"href":"https:\/\/dorogimedence.hu\/index.php\/wp-json\/wp\/v2\/media?parent=79263"}],"wp:term":[{"taxonomy":"category","embeddable":true,"href":"https:\/\/dorogimedence.hu\/index.php\/wp-json\/wp\/v2\/categories?post=79263"},{"taxonomy":"post_tag","embeddable":true,"href":"https:\/\/dorogimedence.hu\/index.php\/wp-json\/wp\/v2\/tags?post=79263"}],"curies":[{"name":"wp","href":"https:\/\/api.w.org\/{rel}","templated":true}]}}