{"id":79167,"date":"2026-04-04T06:53:32","date_gmt":"2026-04-04T04:53:32","guid":{"rendered":"https:\/\/dorogimedence.hu\/?p=79167"},"modified":"2026-04-06T09:14:43","modified_gmt":"2026-04-06T07:14:43","slug":"70-eve-tortent-az-ifjusagi-labdarugo-europa-bajnoksag-szinhelye-volt-dorog","status":"publish","type":"post","link":"https:\/\/dorogimedence.hu\/index.php\/2026\/04\/04\/70-eve-tortent-az-ifjusagi-labdarugo-europa-bajnoksag-szinhelye-volt-dorog\/","title":{"rendered":"70 \u00e9ve t\u00f6rt\u00e9nt: Az ifj\u00fas\u00e1gi labdar\u00fag\u00f3 Eur\u00f3pa-bajnoks\u00e1g sz\u00ednhelye volt Dorog"},"content":{"rendered":"<p style=\"text-align: justify;\" data-start=\"995\" data-end=\"1247\"><strong><em>H\u00e9t \u00e9vtizeddel ezel\u0151tt komoly megtiszteltet\u00e9s \u00e9rte v\u00e1rosunkat: a IX. Ifj\u00fas\u00e1gi Labdar\u00fag\u00f3 Eur\u00f3pa-bajnoks\u00e1g sor\u00e1n Dorog k\u00e9t m\u00e9rk\u0151z\u00e9snek is otthont adhatott. N\u00e9gy nemzet ut\u00e1np\u00f3tl\u00e1s-v\u00e1logatottja l\u00e9pett p\u00e1ly\u00e1ra a dorogi stadionban, nagy \u00e9rdekl\u0151d\u00e9s k\u00f6zepette. Ezzel a cikkel k\u00edv\u00e1nok minden Kedves Olvas\u00f3nak \u00c1ldott H\u00fasv\u00e9tot!<\/em><\/strong><\/p>\n<p style=\"text-align: justify;\" data-start=\"1249\" data-end=\"1726\">Az ifj\u00fas\u00e1gi kontinensviadalt el\u0151sz\u00f6r 1948-ban rendezt\u00e9k meg a Nemzetk\u00f6zi Labdar\u00fag\u00f3 Sz\u00f6vets\u00e9g (FIFA) szervez\u00e9s\u00e9ben, amelynek h\u00e1zigazd\u00e1ja \u00e9s els\u0151 gy\u0151ztese Anglia volt. Ezt k\u00f6vet\u0151en minden \u00e9vben sor ker\u00fclt a torn\u00e1ra: Hollandia, Ausztria, Franciaorsz\u00e1g, Spanyolorsz\u00e1g, Belgium, Nyugat-N\u00e9metorsz\u00e1g \u00e9s Olaszorsz\u00e1g ut\u00e1n Magyarorsz\u00e1g kapta meg a rendez\u00e9s jog\u00e1t. Ez \u00f6nmag\u00e1ban is jelent\u0151s elismer\u00e9snek sz\u00e1m\u00edtott, r\u00e1ad\u00e1sul haz\u00e1nk els\u0151k\u00e9nt lehetett h\u00e1zigazda a keleti blokk orsz\u00e1gai k\u00f6z\u00fcl.<\/p>\n<p data-start=\"1249\" data-end=\"1726\"><img fetchpriority=\"high\" decoding=\"async\" class=\"aligncenter wp-image-79186 size-full\" src=\"https:\/\/dorogimedence.hu\/wp-content\/uploads\/2026\/04\/EB1.jpg\" alt=\"\" width=\"914\" height=\"580\" srcset=\"https:\/\/dorogimedence.hu\/wp-content\/uploads\/2026\/04\/EB1.jpg 914w, https:\/\/dorogimedence.hu\/wp-content\/uploads\/2026\/04\/EB1-600x381.jpg 600w, https:\/\/dorogimedence.hu\/wp-content\/uploads\/2026\/04\/EB1-768x487.jpg 768w, https:\/\/dorogimedence.hu\/wp-content\/uploads\/2026\/04\/EB1-150x95.jpg 150w, https:\/\/dorogimedence.hu\/wp-content\/uploads\/2026\/04\/EB1-450x286.jpg 450w\" sizes=\"(max-width: 914px) 100vw, 914px\" \/><\/p>\n<p style=\"text-align: center;\" data-start=\"1249\" data-end=\"1726\"><span style=\"font-size: 10pt;\"><em>M\u00e9rk\u0151z\u00e9s jegyz\u0151k\u00f6nyv fejl\u00e9ce (forr\u00e1s: https:\/\/library.hungaricana.hu\/hu\/view\/SportKiadas_1956_04)<\/em><\/span><\/p>\n<p style=\"text-align: justify;\" data-start=\"1728\" data-end=\"2336\">A magyar ifj\u00fas\u00e1gi v\u00e1logatott m\u00e1r kor\u00e1bban is bizony\u00edtott: az 1953-as, Belgiumban rendezett Eur\u00f3pa-bajnoks\u00e1got megnyerte. A magyarorsz\u00e1gi torna lebonyol\u00edt\u00e1sa \u2013 az el\u0151z\u0151 \u00e9vi olaszorsz\u00e1gi viadalhoz hasonl\u00f3an \u2013 rendhagy\u00f3 volt. A 16 r\u00e9sztvev\u0151 v\u00e1logatott (Anglia, Ausztria, Belgium, Bulg\u00e1ria, Csehszlov\u00e1kia, Franciaorsz\u00e1g, G\u00f6r\u00f6gorsz\u00e1g, Jugoszl\u00e1via, Lengyelorsz\u00e1g, Magyarorsz\u00e1g, NDK, NSZK, Olaszorsz\u00e1g, Rom\u00e1nia, Saar-vid\u00e9k \u00e9s T\u00f6r\u00f6korsz\u00e1g) n\u00e9gy csoportban m\u00e9rk\u0151z\u00f6tt meg egym\u00e1ssal, azonban a csoportk\u00fczdelmeket nem k\u00f6vett\u00e9k helyoszt\u00f3k vagy kies\u00e9ses szakasz. A n\u00e9gy csoportgy\u0151ztest megosztott gy\u0151ztesk\u00e9nt hirdett\u00e9k ki.<\/p>\n<p data-start=\"1728\" data-end=\"2336\"><img decoding=\"async\" class=\"aligncenter wp-image-79187 size-full\" src=\"https:\/\/dorogimedence.hu\/wp-content\/uploads\/2026\/04\/EB2.jpg\" alt=\"\" width=\"1050\" height=\"510\" srcset=\"https:\/\/dorogimedence.hu\/wp-content\/uploads\/2026\/04\/EB2.jpg 1050w, https:\/\/dorogimedence.hu\/wp-content\/uploads\/2026\/04\/EB2-600x291.jpg 600w, https:\/\/dorogimedence.hu\/wp-content\/uploads\/2026\/04\/EB2-768x373.jpg 768w, https:\/\/dorogimedence.hu\/wp-content\/uploads\/2026\/04\/EB2-150x73.jpg 150w, https:\/\/dorogimedence.hu\/wp-content\/uploads\/2026\/04\/EB2-450x219.jpg 450w\" sizes=\"(max-width: 1050px) 100vw, 1050px\" \/><\/p>\n<p style=\"text-align: center;\" data-start=\"1728\" data-end=\"2336\"><span style=\"font-size: 10pt;\"><em>M\u00e9rk\u0151z\u00e9s jegyz\u0151k\u00f6nyv z\u00e1r\u00f3r\u00e9sze (forr\u00e1s: https:\/\/library.hungaricana.hu\/hu\/view\/SportKiadas_1956_04)<\/em><\/span><\/p>\n<p style=\"text-align: justify;\" data-start=\"2338\" data-end=\"2784\">1955-t\u0151l az Eur\u00f3pai Labdar\u00fag\u00f3-sz\u00f6vets\u00e9g (UEFA) vette \u00e1t a torna lebonyol\u00edt\u00e1s\u00e1t. A Magyar Labdar\u00fag\u00f3 Sz\u00f6vets\u00e9g igyekezett m\u00e9lt\u00f3 h\u00e1zigazd\u00e1ja lenni az esem\u00e9nynek, \u00e9s ez\u00fattal nem kiz\u00e1r\u00f3lag a f\u0151v\u00e1rosra koncentr\u00e1lt, hanem vid\u00e9ki helysz\u00edneket is bevont a rendez\u00e9sbe. A kiv\u00e1lasztott telep\u00fcl\u00e9sek k\u00f6z\u00f6tt Dorog is szerepelt, amely akkoriban a magyar labdar\u00fag\u00e1s egyik leger\u0151sebb vid\u00e9ki fellegv\u00e1r\u00e1nak sz\u00e1m\u00edtott, r\u00e1ad\u00e1sul tekint\u00e9lyes sportp\u00e1ly\u00e1val rendelkezett. A t\u00f6bbi vid\u00e9ki helysz\u00edn t\u00f6bbek k\u00f6z\u00f6tt Sz\u00e9kesfeh\u00e9rv\u00e1r, Gy\u0151r, Tatab\u00e1nya, Salg\u00f3tarj\u00e1n, Kecskem\u00e9t, Eger \u00e9s Cegl\u00e9d volt. A torna 1956. m\u00e1rcius 28 \u00e9s \u00e1prilis 2. k\u00f6z\u00f6tt zajlott, m\u00e9gpedig a h\u00fasv\u00e9ti Nagyh\u00e9t szerd\u00e1j\u00e1n kezd\u0151d\u0151en, mag\u00e1ban foglalva H\u00fasv\u00e9tot is.<\/p>\n<p style=\"text-align: justify;\" data-start=\"2786\" data-end=\"3192\">Ehhez t\u00e1rsult a dorogi k\u00f6z\u00f6ns\u00e9g legend\u00e1s sportszeretete \u00e9s lelkesed\u00e9se. A szervez\u0151k joggal sz\u00e1m\u00edtottak jelent\u0151s \u00e9rdekl\u0151d\u00e9sre \u2013 \u00e9s nem is csal\u00f3dtak. M\u00edg az egyetlen budapesti helysz\u00ednen, az MTK stadionj\u00e1ban mintegy k\u00e9tezer n\u00e9z\u0151 foglalt helyet a lel\u00e1t\u00f3kon, addig Dorogon ennek h\u00e1romszorosa, mintegy hatezer szurkol\u00f3 tekintette meg a m\u00e9rk\u0151z\u00e9seket. A t\u00f6bbi vid\u00e9ki helysz\u00ednen is sz\u00e9p sz\u00e1m\u00fa k\u00f6z\u00f6ns\u00e9g gy\u0171lt \u00f6ssze. A dorogi stadion a B- \u00e9s a D-csoport m\u00e9rk\u0151z\u00e9sei k\u00f6z\u00fcl kapott egy-egy tal\u00e1lkoz\u00f3t. M\u00e1rcius 28-\u00e1n az Olaszorsz\u00e1g\u2013Belgium \u00f6sszecsap\u00e1st rendezt\u00e9k meg hatezer n\u00e9z\u0151 el\u0151tt, amely 2\u20131-es olasz gy\u0151zelemmel z\u00e1rult.<\/p>\n<p data-start=\"2786\" data-end=\"3192\"><img decoding=\"async\" class=\"aligncenter wp-image-79188 size-full\" src=\"https:\/\/dorogimedence.hu\/wp-content\/uploads\/2026\/04\/EB3.jpg\" alt=\"\" width=\"988\" height=\"526\" srcset=\"https:\/\/dorogimedence.hu\/wp-content\/uploads\/2026\/04\/EB3.jpg 988w, https:\/\/dorogimedence.hu\/wp-content\/uploads\/2026\/04\/EB3-600x319.jpg 600w, https:\/\/dorogimedence.hu\/wp-content\/uploads\/2026\/04\/EB3-768x409.jpg 768w, https:\/\/dorogimedence.hu\/wp-content\/uploads\/2026\/04\/EB3-150x80.jpg 150w, https:\/\/dorogimedence.hu\/wp-content\/uploads\/2026\/04\/EB3-450x240.jpg 450w\" sizes=\"(max-width: 988px) 100vw, 988px\" \/><\/p>\n<p style=\"text-align: center;\" data-start=\"2786\" data-end=\"3192\"><span style=\"font-size: 10pt;\"><em>M\u00e9rk\u0151z\u00e9s jegyz\u0151k\u00f6nyv fejl\u00e9ce 2. (forr\u00e1s: https:\/\/library.hungaricana.hu\/hu\/view\/SportKiadas_1956_04)<\/em><\/span><\/p>\n<p style=\"text-align: justify;\" data-start=\"3399\" data-end=\"3513\">\u00c1prilis 2-\u00e1n a Csehszlov\u00e1kia\u2013T\u00f6r\u00f6korsz\u00e1g m\u00e9rk\u0151z\u00e9sre ker\u00fclt sor, amelyet 1\u20130-ra a csehszlov\u00e1k v\u00e1logatott nyert meg. A magyar csapat az A-csoportban Anglia, NSZK \u00e9s Bulg\u00e1ria ellenfelek\u00e9nt magabiztosan v\u00e9gzett az \u00e9len. A B-csoportot Olaszorsz\u00e1g, a C-csoportot Rom\u00e1nia, m\u00edg a D-csoportot Csehszlov\u00e1kia nyerte. A torna g\u00f3lkir\u00e1lya a magyar Pov\u00e1zsai L\u00e1szl\u00f3, a Csepel j\u00e1t\u00e9kosa lett h\u00e1rom tal\u00e1lattal, m\u00edg J\u00f3zsa S\u00e1ndor a legjobb j\u00e1t\u00e9kosnak j\u00e1r\u00f3 elismer\u00e9st \u00e9rdemelte ki.<\/p>\n<p data-start=\"3399\" data-end=\"3513\"><img loading=\"lazy\" decoding=\"async\" class=\"aligncenter wp-image-79189 size-full\" src=\"https:\/\/dorogimedence.hu\/wp-content\/uploads\/2026\/04\/EB4.jpg\" alt=\"\" width=\"988\" height=\"604\" srcset=\"https:\/\/dorogimedence.hu\/wp-content\/uploads\/2026\/04\/EB4.jpg 988w, https:\/\/dorogimedence.hu\/wp-content\/uploads\/2026\/04\/EB4-600x367.jpg 600w, https:\/\/dorogimedence.hu\/wp-content\/uploads\/2026\/04\/EB4-768x470.jpg 768w, https:\/\/dorogimedence.hu\/wp-content\/uploads\/2026\/04\/EB4-150x92.jpg 150w, https:\/\/dorogimedence.hu\/wp-content\/uploads\/2026\/04\/EB4-450x275.jpg 450w\" sizes=\"(max-width: 988px) 100vw, 988px\" \/><\/p>\n<p style=\"text-align: center;\" data-start=\"3399\" data-end=\"3513\"><span style=\"font-size: 10pt;\"><em>M\u00e9rk\u0151z\u00e9s jegyz\u0151k\u00f6nyv z\u00e1r\u00f3r\u00e9sze 2. (forr\u00e1s: https:\/\/library.hungaricana.hu\/hu\/view\/SportKiadas_1956_04)<\/em><\/span><\/p>\n<p style=\"text-align: justify;\" data-start=\"3862\" data-end=\"4197\">A torn\u00e1nak t\u00f6rt\u00e9neti \u00e9rdekess\u00e9ge is volt: a Saar-vid\u00e9k m\u00e9g \u00f6n\u00e1ll\u00f3 \u00e1llamk\u00e9nt ind\u00edthatott v\u00e1logatottat, \u00e9s csak egy \u00e9vvel k\u00e9s\u0151bb, 1957-ben olvadt be az NSZK-ba. Szomor\u00fa t\u00f6rt\u00e9nelmi vonatkoz\u00e1s ugyanakkor, hogy a nagy rem\u00e9nyekkel szerepl\u0151 magyar ut\u00e1np\u00f3tl\u00e1s-v\u00e1logatott t\u00f6bb j\u00e1t\u00e9kosa az 1956-os esem\u00e9nyeket k\u00f6vet\u0151en az emigr\u00e1ci\u00f3t v\u00e1lasztotta.<\/p>\n<p style=\"text-align: justify;\" data-start=\"4199\" data-end=\"4582\">Sportt\u00f6rt\u00e9neti szempontb\u00f3l azonban \u00f6r\u00f6mteli eml\u00e9k marad, hogy a B-v\u00e1logatott k\u00f6zvetlen\u00fcl a magyarorsz\u00e1gi Eur\u00f3pa-bajnoks\u00e1g megkezd\u00e9se el\u0151tt, m\u00e1rcius 25-\u00e9n az MTK stadionban 1\u20131-es d\u00f6ntetlent j\u00e1tszott Franciaorsz\u00e1g ellen. A magyar csapatban n\u00e9gy dorogi j\u00e1t\u00e9kos \u2013 Ilku Istv\u00e1n, Ilku P\u00e9ter, P\u00e1lmai S\u00e1ndor \u00e9s Proh\u00e1szka J\u00e1nos \u2013 is szerepelt, ami k\u00fcl\u00f6n b\u00fcszkes\u00e9get jelentett a v\u00e1ros sz\u00e1m\u00e1ra.<\/p>\n<p data-start=\"4199\" data-end=\"4582\"><strong data-start=\"4589\" data-end=\"4603\">Bor\u00edt\u00f3k\u00e9p:<\/strong> Az Ifj\u00fas\u00e1gi Eur\u00f3pa-kupa serlege a f\u0151 organiz\u00e1tor \u00e9s a rendez\u0151 sz\u00f6vets\u00e9g c\u00edmer\u00e9vel<\/p>\n<p style=\"text-align: center;\">Felhaszn\u00e1lt forr\u00e1sok<\/p>\n<ul>\n<li style=\"text-align: justify;\">Temp\u00f3 Fradi!: 1956 &#8211; M\u00e1trai S\u00e1ndor a v\u00e1logatottban &#8211; www.tempofradi.hu online<\/li>\n<li style=\"text-align: justify;\">V\u00e1logatott okoss\u00e1gok: Avagy magyarok az ifj\u00fas\u00e1gi labdar\u00fag\u00f3 Eur\u00f3pa Bajnoks\u00e1gokon (1953-1967) &#8211; www.valogatott.blog.hu online<\/li>\n<\/ul>\n<p><em><strong>Szab\u00f3 Gyula<\/strong><\/em><\/p>\n","protected":false},"excerpt":{"rendered":"<p>H\u00e9t \u00e9vtizeddel ezel\u0151tt komoly megtiszteltet\u00e9s \u00e9rte v\u00e1rosunkat: a IX. Ifj\u00fas\u00e1gi Labdar\u00fag\u00f3 Eur\u00f3pa-bajnoks\u00e1g sor\u00e1n Dorog k\u00e9t m\u00e9rk\u0151z\u00e9snek is otthont adhatott. N\u00e9gy nemzet ut\u00e1np\u00f3tl\u00e1s-v\u00e1logatottja l\u00e9pett p\u00e1ly\u00e1ra a dorogi stadionban, nagy \u00e9rdekl\u0151d\u00e9s k\u00f6zepette. Ezzel a cikkel k\u00edv\u00e1nok minden Kedves Olvas\u00f3nak \u00c1ldott H\u00fasv\u00e9tot! Az ifj\u00fas\u00e1gi kontinensviadalt el\u0151sz\u00f6r 1948-ban rendezt\u00e9k meg a Nemzetk\u00f6zi Labdar\u00fag\u00f3 Sz\u00f6vets\u00e9g (FIFA) szervez\u00e9s\u00e9ben, amelynek h\u00e1zigazd\u00e1ja \u00e9s<\/p>\n","protected":false},"author":4,"featured_media":79182,"comment_status":"closed","ping_status":"closed","sticky":false,"template":"","format":"standard","meta":{"ngg_post_thumbnail":0,"footnotes":""},"categories":[2,3,6031,5],"tags":[5624],"class_list":{"0":"post-79167","1":"post","2":"type-post","3":"status-publish","4":"format-standard","5":"has-post-thumbnail","7":"category-dorog","8":"category-hirek","9":"category-kerek-evfordulok","10":"category-sport","11":"tag-featured"},"yoast_head":"<!-- This site is optimized with the Yoast SEO plugin v27.5 - https:\/\/yoast.com\/product\/yoast-seo-wordpress\/ -->\n<title>70 \u00e9ve t\u00f6rt\u00e9nt: Az ifj\u00fas\u00e1gi labdar\u00fag\u00f3 Eur\u00f3pa-bajnoks\u00e1g sz\u00ednhelye volt Dorog<\/title>\n<meta name=\"robots\" content=\"index, follow, max-snippet:-1, max-image-preview:large, max-video-preview:-1\" \/>\n<link rel=\"canonical\" href=\"https:\/\/dorogimedence.hu\/index.php\/2026\/04\/04\/70-eve-tortent-az-ifjusagi-labdarugo-europa-bajnoksag-szinhelye-volt-dorog\/\" class=\"yoast-seo-meta-tag\" \/>\n<meta property=\"og:locale\" content=\"hu_HU\" class=\"yoast-seo-meta-tag\" \/>\n<meta property=\"og:type\" content=\"article\" class=\"yoast-seo-meta-tag\" \/>\n<meta property=\"og:title\" content=\"70 \u00e9ve t\u00f6rt\u00e9nt: Az ifj\u00fas\u00e1gi labdar\u00fag\u00f3 Eur\u00f3pa-bajnoks\u00e1g sz\u00ednhelye volt Dorog\" class=\"yoast-seo-meta-tag\" \/>\n<meta property=\"og:description\" content=\"H\u00e9t \u00e9vtizeddel ezel\u0151tt komoly megtiszteltet\u00e9s \u00e9rte v\u00e1rosunkat: a IX. Ifj\u00fas\u00e1gi Labdar\u00fag\u00f3 Eur\u00f3pa-bajnoks\u00e1g sor\u00e1n Dorog k\u00e9t m\u00e9rk\u0151z\u00e9snek is otthont adhatott. N\u00e9gy nemzet ut\u00e1np\u00f3tl\u00e1s-v\u00e1logatottja l\u00e9pett p\u00e1ly\u00e1ra a dorogi stadionban, nagy \u00e9rdekl\u0151d\u00e9s k\u00f6zepette. Ezzel a cikkel k\u00edv\u00e1nok minden Kedves Olvas\u00f3nak \u00c1ldott H\u00fasv\u00e9tot! Az ifj\u00fas\u00e1gi kontinensviadalt el\u0151sz\u00f6r 1948-ban rendezt\u00e9k meg a Nemzetk\u00f6zi Labdar\u00fag\u00f3 Sz\u00f6vets\u00e9g (FIFA) szervez\u00e9s\u00e9ben, amelynek h\u00e1zigazd\u00e1ja \u00e9s\" class=\"yoast-seo-meta-tag\" \/>\n<meta property=\"og:url\" content=\"https:\/\/dorogimedence.hu\/index.php\/2026\/04\/04\/70-eve-tortent-az-ifjusagi-labdarugo-europa-bajnoksag-szinhelye-volt-dorog\/\" class=\"yoast-seo-meta-tag\" \/>\n<meta property=\"og:site_name\" content=\"Dorogi-medence Region\u00e1lis H\u00edrport\u00e1l\" class=\"yoast-seo-meta-tag\" \/>\n<meta property=\"article:publisher\" content=\"https:\/\/www.facebook.com\/dorogimedence\/\" class=\"yoast-seo-meta-tag\" \/>\n<meta property=\"article:published_time\" content=\"2026-04-04T04:53:32+00:00\" class=\"yoast-seo-meta-tag\" \/>\n<meta property=\"article:modified_time\" content=\"2026-04-06T07:14:43+00:00\" class=\"yoast-seo-meta-tag\" \/>\n<meta property=\"og:image\" content=\"https:\/\/dorogimedence.hu\/wp-content\/uploads\/2026\/04\/Boritokep.jpg\" class=\"yoast-seo-meta-tag\" \/>\n\t<meta property=\"og:image:width\" content=\"1438\" class=\"yoast-seo-meta-tag\" \/>\n\t<meta property=\"og:image:height\" content=\"834\" class=\"yoast-seo-meta-tag\" \/>\n\t<meta property=\"og:image:type\" content=\"image\/jpeg\" class=\"yoast-seo-meta-tag\" \/>\n<meta name=\"author\" content=\"Szab\u00f3 Gyula\" class=\"yoast-seo-meta-tag\" \/>\n<meta name=\"twitter:card\" content=\"summary_large_image\" class=\"yoast-seo-meta-tag\" \/>\n<meta name=\"twitter:label1\" content=\"Szerz\u0151:\" class=\"yoast-seo-meta-tag\" \/>\n\t<meta name=\"twitter:data1\" content=\"Szab\u00f3 Gyula\" class=\"yoast-seo-meta-tag\" \/>\n\t<meta name=\"twitter:label2\" content=\"Becs\u00fclt olvas\u00e1si id\u0151\" class=\"yoast-seo-meta-tag\" \/>\n\t<meta name=\"twitter:data2\" content=\"5 perc\" class=\"yoast-seo-meta-tag\" \/>\n<script type=\"application\/ld+json\" class=\"yoast-schema-graph\">{\"@context\":\"https:\\\/\\\/schema.org\",\"@graph\":[{\"@type\":\"Article\",\"@id\":\"https:\\\/\\\/dorogimedence.hu\\\/index.php\\\/2026\\\/04\\\/04\\\/70-eve-tortent-az-ifjusagi-labdarugo-europa-bajnoksag-szinhelye-volt-dorog\\\/#article\",\"isPartOf\":{\"@id\":\"https:\\\/\\\/dorogimedence.hu\\\/index.php\\\/2026\\\/04\\\/04\\\/70-eve-tortent-az-ifjusagi-labdarugo-europa-bajnoksag-szinhelye-volt-dorog\\\/\"},\"author\":{\"name\":\"Szab\u00f3 Gyula\",\"@id\":\"https:\\\/\\\/dorogimedence.hu\\\/#\\\/schema\\\/person\\\/76605e8151ec1b7376385cd184ede973\"},\"headline\":\"70 \u00e9ve t\u00f6rt\u00e9nt: Az ifj\u00fas\u00e1gi labdar\u00fag\u00f3 Eur\u00f3pa-bajnoks\u00e1g sz\u00ednhelye volt Dorog\",\"datePublished\":\"2026-04-04T04:53:32+00:00\",\"dateModified\":\"2026-04-06T07:14:43+00:00\",\"mainEntityOfPage\":{\"@id\":\"https:\\\/\\\/dorogimedence.hu\\\/index.php\\\/2026\\\/04\\\/04\\\/70-eve-tortent-az-ifjusagi-labdarugo-europa-bajnoksag-szinhelye-volt-dorog\\\/\"},\"wordCount\":986,\"publisher\":{\"@id\":\"https:\\\/\\\/dorogimedence.hu\\\/#organization\"},\"image\":{\"@id\":\"https:\\\/\\\/dorogimedence.hu\\\/index.php\\\/2026\\\/04\\\/04\\\/70-eve-tortent-az-ifjusagi-labdarugo-europa-bajnoksag-szinhelye-volt-dorog\\\/#primaryimage\"},\"thumbnailUrl\":\"https:\\\/\\\/dorogimedence.hu\\\/wp-content\\\/uploads\\\/2026\\\/04\\\/Boritokep.jpg\",\"keywords\":[\"featured\"],\"articleSection\":[\"Dorog\",\"H\u00edrek\",\"Kerek \u00e9vfordul\u00f3k\",\"Sport\"],\"inLanguage\":\"hu\"},{\"@type\":\"WebPage\",\"@id\":\"https:\\\/\\\/dorogimedence.hu\\\/index.php\\\/2026\\\/04\\\/04\\\/70-eve-tortent-az-ifjusagi-labdarugo-europa-bajnoksag-szinhelye-volt-dorog\\\/\",\"url\":\"https:\\\/\\\/dorogimedence.hu\\\/index.php\\\/2026\\\/04\\\/04\\\/70-eve-tortent-az-ifjusagi-labdarugo-europa-bajnoksag-szinhelye-volt-dorog\\\/\",\"name\":\"70 \u00e9ve t\u00f6rt\u00e9nt: Az ifj\u00fas\u00e1gi labdar\u00fag\u00f3 Eur\u00f3pa-bajnoks\u00e1g sz\u00ednhelye volt Dorog\",\"isPartOf\":{\"@id\":\"https:\\\/\\\/dorogimedence.hu\\\/#website\"},\"primaryImageOfPage\":{\"@id\":\"https:\\\/\\\/dorogimedence.hu\\\/index.php\\\/2026\\\/04\\\/04\\\/70-eve-tortent-az-ifjusagi-labdarugo-europa-bajnoksag-szinhelye-volt-dorog\\\/#primaryimage\"},\"image\":{\"@id\":\"https:\\\/\\\/dorogimedence.hu\\\/index.php\\\/2026\\\/04\\\/04\\\/70-eve-tortent-az-ifjusagi-labdarugo-europa-bajnoksag-szinhelye-volt-dorog\\\/#primaryimage\"},\"thumbnailUrl\":\"https:\\\/\\\/dorogimedence.hu\\\/wp-content\\\/uploads\\\/2026\\\/04\\\/Boritokep.jpg\",\"datePublished\":\"2026-04-04T04:53:32+00:00\",\"dateModified\":\"2026-04-06T07:14:43+00:00\",\"breadcrumb\":{\"@id\":\"https:\\\/\\\/dorogimedence.hu\\\/index.php\\\/2026\\\/04\\\/04\\\/70-eve-tortent-az-ifjusagi-labdarugo-europa-bajnoksag-szinhelye-volt-dorog\\\/#breadcrumb\"},\"inLanguage\":\"hu\",\"potentialAction\":[{\"@type\":\"ReadAction\",\"target\":[\"https:\\\/\\\/dorogimedence.hu\\\/index.php\\\/2026\\\/04\\\/04\\\/70-eve-tortent-az-ifjusagi-labdarugo-europa-bajnoksag-szinhelye-volt-dorog\\\/\"]}]},{\"@type\":\"ImageObject\",\"inLanguage\":\"hu\",\"@id\":\"https:\\\/\\\/dorogimedence.hu\\\/index.php\\\/2026\\\/04\\\/04\\\/70-eve-tortent-az-ifjusagi-labdarugo-europa-bajnoksag-szinhelye-volt-dorog\\\/#primaryimage\",\"url\":\"https:\\\/\\\/dorogimedence.hu\\\/wp-content\\\/uploads\\\/2026\\\/04\\\/Boritokep.jpg\",\"contentUrl\":\"https:\\\/\\\/dorogimedence.hu\\\/wp-content\\\/uploads\\\/2026\\\/04\\\/Boritokep.jpg\",\"width\":1438,\"height\":834},{\"@type\":\"BreadcrumbList\",\"@id\":\"https:\\\/\\\/dorogimedence.hu\\\/index.php\\\/2026\\\/04\\\/04\\\/70-eve-tortent-az-ifjusagi-labdarugo-europa-bajnoksag-szinhelye-volt-dorog\\\/#breadcrumb\",\"itemListElement\":[{\"@type\":\"ListItem\",\"position\":1,\"name\":\"Kezd\u0151lap\",\"item\":\"https:\\\/\\\/dorogimedence.hu\\\/\"},{\"@type\":\"ListItem\",\"position\":2,\"name\":\"70 \u00e9ve t\u00f6rt\u00e9nt: Az ifj\u00fas\u00e1gi labdar\u00fag\u00f3 Eur\u00f3pa-bajnoks\u00e1g sz\u00ednhelye volt Dorog\"}]},{\"@type\":\"WebSite\",\"@id\":\"https:\\\/\\\/dorogimedence.hu\\\/#website\",\"url\":\"https:\\\/\\\/dorogimedence.hu\\\/\",\"name\":\"Dorogi-medence Region\u00e1lis H\u00edrport\u00e1l\",\"description\":\"Dorog, Keszt\u00f6lc, Le\u00e1nyv\u00e1r, Piliscs\u00e9v, Tokod, Tokodalt\u00e1r\u00f3, Csolnok, Esztergom-kertv\u00e1ros: h\u00edrek, programok\",\"publisher\":{\"@id\":\"https:\\\/\\\/dorogimedence.hu\\\/#organization\"},\"potentialAction\":[{\"@type\":\"SearchAction\",\"target\":{\"@type\":\"EntryPoint\",\"urlTemplate\":\"https:\\\/\\\/dorogimedence.hu\\\/?s={search_term_string}\"},\"query-input\":{\"@type\":\"PropertyValueSpecification\",\"valueRequired\":true,\"valueName\":\"search_term_string\"}}],\"inLanguage\":\"hu\"},{\"@type\":\"Organization\",\"@id\":\"https:\\\/\\\/dorogimedence.hu\\\/#organization\",\"name\":\"Dorogi-medence Region\u00e1lis H\u00edrport\u00e1l\",\"url\":\"https:\\\/\\\/dorogimedence.hu\\\/\",\"logo\":{\"@type\":\"ImageObject\",\"inLanguage\":\"hu\",\"@id\":\"https:\\\/\\\/dorogimedence.hu\\\/#\\\/schema\\\/logo\\\/image\\\/\",\"url\":\"https:\\\/\\\/dorogimedence.hu\\\/wp-content\\\/uploads\\\/2021\\\/04\\\/logo-feher-600.png\",\"contentUrl\":\"https:\\\/\\\/dorogimedence.hu\\\/wp-content\\\/uploads\\\/2021\\\/04\\\/logo-feher-600.png\",\"width\":600,\"height\":100,\"caption\":\"Dorogi-medence Region\u00e1lis H\u00edrport\u00e1l\"},\"image\":{\"@id\":\"https:\\\/\\\/dorogimedence.hu\\\/#\\\/schema\\\/logo\\\/image\\\/\"},\"sameAs\":[\"https:\\\/\\\/www.facebook.com\\\/dorogimedence\\\/\"]},{\"@type\":\"Person\",\"@id\":\"https:\\\/\\\/dorogimedence.hu\\\/#\\\/schema\\\/person\\\/76605e8151ec1b7376385cd184ede973\",\"name\":\"Szab\u00f3 Gyula\",\"image\":{\"@type\":\"ImageObject\",\"inLanguage\":\"hu\",\"@id\":\"\\\/\\\/www.gravatar.com\\\/avatar\\\/3e44b6fb2ef9bcea3639958cc2a587cb?s=96&#038;r=g&#038;d=mm\",\"url\":\"\\\/\\\/www.gravatar.com\\\/avatar\\\/3e44b6fb2ef9bcea3639958cc2a587cb?s=96&#038;r=g&#038;d=mm\",\"contentUrl\":\"\\\/\\\/www.gravatar.com\\\/avatar\\\/3e44b6fb2ef9bcea3639958cc2a587cb?s=96&#038;r=g&#038;d=mm\",\"caption\":\"Szab\u00f3 Gyula\"}}]}<\/script>\n<!-- \/ Yoast SEO plugin. -->","yoast_head_json":{"title":"70 \u00e9ve t\u00f6rt\u00e9nt: Az ifj\u00fas\u00e1gi labdar\u00fag\u00f3 Eur\u00f3pa-bajnoks\u00e1g sz\u00ednhelye volt Dorog","robots":{"index":"index","follow":"follow","max-snippet":"max-snippet:-1","max-image-preview":"max-image-preview:large","max-video-preview":"max-video-preview:-1"},"canonical":"https:\/\/dorogimedence.hu\/index.php\/2026\/04\/04\/70-eve-tortent-az-ifjusagi-labdarugo-europa-bajnoksag-szinhelye-volt-dorog\/","og_locale":"hu_HU","og_type":"article","og_title":"70 \u00e9ve t\u00f6rt\u00e9nt: Az ifj\u00fas\u00e1gi labdar\u00fag\u00f3 Eur\u00f3pa-bajnoks\u00e1g sz\u00ednhelye volt Dorog","og_description":"H\u00e9t \u00e9vtizeddel ezel\u0151tt komoly megtiszteltet\u00e9s \u00e9rte v\u00e1rosunkat: a IX. Ifj\u00fas\u00e1gi Labdar\u00fag\u00f3 Eur\u00f3pa-bajnoks\u00e1g sor\u00e1n Dorog k\u00e9t m\u00e9rk\u0151z\u00e9snek is otthont adhatott. N\u00e9gy nemzet ut\u00e1np\u00f3tl\u00e1s-v\u00e1logatottja l\u00e9pett p\u00e1ly\u00e1ra a dorogi stadionban, nagy \u00e9rdekl\u0151d\u00e9s k\u00f6zepette. Ezzel a cikkel k\u00edv\u00e1nok minden Kedves Olvas\u00f3nak \u00c1ldott H\u00fasv\u00e9tot! Az ifj\u00fas\u00e1gi kontinensviadalt el\u0151sz\u00f6r 1948-ban rendezt\u00e9k meg a Nemzetk\u00f6zi Labdar\u00fag\u00f3 Sz\u00f6vets\u00e9g (FIFA) szervez\u00e9s\u00e9ben, amelynek h\u00e1zigazd\u00e1ja \u00e9s","og_url":"https:\/\/dorogimedence.hu\/index.php\/2026\/04\/04\/70-eve-tortent-az-ifjusagi-labdarugo-europa-bajnoksag-szinhelye-volt-dorog\/","og_site_name":"Dorogi-medence Region\u00e1lis H\u00edrport\u00e1l","article_publisher":"https:\/\/www.facebook.com\/dorogimedence\/","article_published_time":"2026-04-04T04:53:32+00:00","article_modified_time":"2026-04-06T07:14:43+00:00","og_image":[{"width":1438,"height":834,"url":"https:\/\/dorogimedence.hu\/wp-content\/uploads\/2026\/04\/Boritokep.jpg","type":"image\/jpeg"}],"author":"Szab\u00f3 Gyula","twitter_card":"summary_large_image","twitter_misc":{"Szerz\u0151:":"Szab\u00f3 Gyula","Becs\u00fclt olvas\u00e1si id\u0151":"5 perc"},"schema":{"@context":"https:\/\/schema.org","@graph":[{"@type":"Article","@id":"https:\/\/dorogimedence.hu\/index.php\/2026\/04\/04\/70-eve-tortent-az-ifjusagi-labdarugo-europa-bajnoksag-szinhelye-volt-dorog\/#article","isPartOf":{"@id":"https:\/\/dorogimedence.hu\/index.php\/2026\/04\/04\/70-eve-tortent-az-ifjusagi-labdarugo-europa-bajnoksag-szinhelye-volt-dorog\/"},"author":{"name":"Szab\u00f3 Gyula","@id":"https:\/\/dorogimedence.hu\/#\/schema\/person\/76605e8151ec1b7376385cd184ede973"},"headline":"70 \u00e9ve t\u00f6rt\u00e9nt: Az ifj\u00fas\u00e1gi labdar\u00fag\u00f3 Eur\u00f3pa-bajnoks\u00e1g sz\u00ednhelye volt Dorog","datePublished":"2026-04-04T04:53:32+00:00","dateModified":"2026-04-06T07:14:43+00:00","mainEntityOfPage":{"@id":"https:\/\/dorogimedence.hu\/index.php\/2026\/04\/04\/70-eve-tortent-az-ifjusagi-labdarugo-europa-bajnoksag-szinhelye-volt-dorog\/"},"wordCount":986,"publisher":{"@id":"https:\/\/dorogimedence.hu\/#organization"},"image":{"@id":"https:\/\/dorogimedence.hu\/index.php\/2026\/04\/04\/70-eve-tortent-az-ifjusagi-labdarugo-europa-bajnoksag-szinhelye-volt-dorog\/#primaryimage"},"thumbnailUrl":"https:\/\/dorogimedence.hu\/wp-content\/uploads\/2026\/04\/Boritokep.jpg","keywords":["featured"],"articleSection":["Dorog","H\u00edrek","Kerek \u00e9vfordul\u00f3k","Sport"],"inLanguage":"hu"},{"@type":"WebPage","@id":"https:\/\/dorogimedence.hu\/index.php\/2026\/04\/04\/70-eve-tortent-az-ifjusagi-labdarugo-europa-bajnoksag-szinhelye-volt-dorog\/","url":"https:\/\/dorogimedence.hu\/index.php\/2026\/04\/04\/70-eve-tortent-az-ifjusagi-labdarugo-europa-bajnoksag-szinhelye-volt-dorog\/","name":"70 \u00e9ve t\u00f6rt\u00e9nt: Az ifj\u00fas\u00e1gi labdar\u00fag\u00f3 Eur\u00f3pa-bajnoks\u00e1g sz\u00ednhelye volt Dorog","isPartOf":{"@id":"https:\/\/dorogimedence.hu\/#website"},"primaryImageOfPage":{"@id":"https:\/\/dorogimedence.hu\/index.php\/2026\/04\/04\/70-eve-tortent-az-ifjusagi-labdarugo-europa-bajnoksag-szinhelye-volt-dorog\/#primaryimage"},"image":{"@id":"https:\/\/dorogimedence.hu\/index.php\/2026\/04\/04\/70-eve-tortent-az-ifjusagi-labdarugo-europa-bajnoksag-szinhelye-volt-dorog\/#primaryimage"},"thumbnailUrl":"https:\/\/dorogimedence.hu\/wp-content\/uploads\/2026\/04\/Boritokep.jpg","datePublished":"2026-04-04T04:53:32+00:00","dateModified":"2026-04-06T07:14:43+00:00","breadcrumb":{"@id":"https:\/\/dorogimedence.hu\/index.php\/2026\/04\/04\/70-eve-tortent-az-ifjusagi-labdarugo-europa-bajnoksag-szinhelye-volt-dorog\/#breadcrumb"},"inLanguage":"hu","potentialAction":[{"@type":"ReadAction","target":["https:\/\/dorogimedence.hu\/index.php\/2026\/04\/04\/70-eve-tortent-az-ifjusagi-labdarugo-europa-bajnoksag-szinhelye-volt-dorog\/"]}]},{"@type":"ImageObject","inLanguage":"hu","@id":"https:\/\/dorogimedence.hu\/index.php\/2026\/04\/04\/70-eve-tortent-az-ifjusagi-labdarugo-europa-bajnoksag-szinhelye-volt-dorog\/#primaryimage","url":"https:\/\/dorogimedence.hu\/wp-content\/uploads\/2026\/04\/Boritokep.jpg","contentUrl":"https:\/\/dorogimedence.hu\/wp-content\/uploads\/2026\/04\/Boritokep.jpg","width":1438,"height":834},{"@type":"BreadcrumbList","@id":"https:\/\/dorogimedence.hu\/index.php\/2026\/04\/04\/70-eve-tortent-az-ifjusagi-labdarugo-europa-bajnoksag-szinhelye-volt-dorog\/#breadcrumb","itemListElement":[{"@type":"ListItem","position":1,"name":"Kezd\u0151lap","item":"https:\/\/dorogimedence.hu\/"},{"@type":"ListItem","position":2,"name":"70 \u00e9ve t\u00f6rt\u00e9nt: Az ifj\u00fas\u00e1gi labdar\u00fag\u00f3 Eur\u00f3pa-bajnoks\u00e1g sz\u00ednhelye volt Dorog"}]},{"@type":"WebSite","@id":"https:\/\/dorogimedence.hu\/#website","url":"https:\/\/dorogimedence.hu\/","name":"Dorogi-medence Region\u00e1lis H\u00edrport\u00e1l","description":"Dorog, Keszt\u00f6lc, Le\u00e1nyv\u00e1r, Piliscs\u00e9v, Tokod, Tokodalt\u00e1r\u00f3, Csolnok, Esztergom-kertv\u00e1ros: h\u00edrek, programok","publisher":{"@id":"https:\/\/dorogimedence.hu\/#organization"},"potentialAction":[{"@type":"SearchAction","target":{"@type":"EntryPoint","urlTemplate":"https:\/\/dorogimedence.hu\/?s={search_term_string}"},"query-input":{"@type":"PropertyValueSpecification","valueRequired":true,"valueName":"search_term_string"}}],"inLanguage":"hu"},{"@type":"Organization","@id":"https:\/\/dorogimedence.hu\/#organization","name":"Dorogi-medence Region\u00e1lis H\u00edrport\u00e1l","url":"https:\/\/dorogimedence.hu\/","logo":{"@type":"ImageObject","inLanguage":"hu","@id":"https:\/\/dorogimedence.hu\/#\/schema\/logo\/image\/","url":"https:\/\/dorogimedence.hu\/wp-content\/uploads\/2021\/04\/logo-feher-600.png","contentUrl":"https:\/\/dorogimedence.hu\/wp-content\/uploads\/2021\/04\/logo-feher-600.png","width":600,"height":100,"caption":"Dorogi-medence Region\u00e1lis H\u00edrport\u00e1l"},"image":{"@id":"https:\/\/dorogimedence.hu\/#\/schema\/logo\/image\/"},"sameAs":["https:\/\/www.facebook.com\/dorogimedence\/"]},{"@type":"Person","@id":"https:\/\/dorogimedence.hu\/#\/schema\/person\/76605e8151ec1b7376385cd184ede973","name":"Szab\u00f3 Gyula","image":{"@type":"ImageObject","inLanguage":"hu","@id":"\/\/www.gravatar.com\/avatar\/3e44b6fb2ef9bcea3639958cc2a587cb?s=96&#038;r=g&#038;d=mm","url":"\/\/www.gravatar.com\/avatar\/3e44b6fb2ef9bcea3639958cc2a587cb?s=96&#038;r=g&#038;d=mm","contentUrl":"\/\/www.gravatar.com\/avatar\/3e44b6fb2ef9bcea3639958cc2a587cb?s=96&#038;r=g&#038;d=mm","caption":"Szab\u00f3 Gyula"}}]}},"_links":{"self":[{"href":"https:\/\/dorogimedence.hu\/index.php\/wp-json\/wp\/v2\/posts\/79167","targetHints":{"allow":["GET"]}}],"collection":[{"href":"https:\/\/dorogimedence.hu\/index.php\/wp-json\/wp\/v2\/posts"}],"about":[{"href":"https:\/\/dorogimedence.hu\/index.php\/wp-json\/wp\/v2\/types\/post"}],"author":[{"embeddable":true,"href":"https:\/\/dorogimedence.hu\/index.php\/wp-json\/wp\/v2\/users\/4"}],"replies":[{"embeddable":true,"href":"https:\/\/dorogimedence.hu\/index.php\/wp-json\/wp\/v2\/comments?post=79167"}],"version-history":[{"count":6,"href":"https:\/\/dorogimedence.hu\/index.php\/wp-json\/wp\/v2\/posts\/79167\/revisions"}],"predecessor-version":[{"id":79193,"href":"https:\/\/dorogimedence.hu\/index.php\/wp-json\/wp\/v2\/posts\/79167\/revisions\/79193"}],"wp:featuredmedia":[{"embeddable":true,"href":"https:\/\/dorogimedence.hu\/index.php\/wp-json\/wp\/v2\/media\/79182"}],"wp:attachment":[{"href":"https:\/\/dorogimedence.hu\/index.php\/wp-json\/wp\/v2\/media?parent=79167"}],"wp:term":[{"taxonomy":"category","embeddable":true,"href":"https:\/\/dorogimedence.hu\/index.php\/wp-json\/wp\/v2\/categories?post=79167"},{"taxonomy":"post_tag","embeddable":true,"href":"https:\/\/dorogimedence.hu\/index.php\/wp-json\/wp\/v2\/tags?post=79167"}],"curies":[{"name":"wp","href":"https:\/\/api.w.org\/{rel}","templated":true}]}}