{"id":7916,"date":"2018-01-26T05:18:02","date_gmt":"2018-01-26T04:18:02","guid":{"rendered":"http:\/\/dorogimedence.hu\/?p=7916"},"modified":"2018-01-26T05:18:02","modified_gmt":"2018-01-26T04:18:02","slug":"testvertelepulesuket-latogattak-meg-a-dorogiak","status":"publish","type":"post","link":"https:\/\/dorogimedence.hu\/index.php\/2018\/01\/26\/testvertelepulesuket-latogattak-meg-a-dorogiak\/","title":{"rendered":"Testv\u00e9rtelep\u00fcl\u00e9s\u00fcket l\u00e1togatt\u00e1k meg a dorogiak"},"content":{"rendered":"<p><strong>Doroggal k\u00f6z\u00f6sen rendeztek Fels\u0151boldogfalv\u00e1n \u00fcnneps\u00e9get a Magyar Kult\u00fara Napja alkalm\u00e1b\u00f3l janu\u00e1r 21-\u00e9n<\/strong> <em>&#8211; sz\u00e1mol be Dorog v\u00e1ros a <a href=\"http:\/\/dorog.hu\/index.php?oldal=65&amp;hir=2701\" target=\"_blank\" rel=\"noopener\"><span style=\"text-decoration: underline; color: #0000ff;\">honlapj\u00e1n<\/span><\/a>.<\/em><\/p>\n<p>Miut\u00e1n tavaly Dorogon mutatkoztak be a magyar kult\u00fara napj\u00e1n a fels\u0151boldogfalvi m\u0171v\u00e9szek &#8211; a n\u00e9pt\u00e1ncosok \u00e9s Farc\u00e1di S\u00e1ndor Levente fest\u0151m\u0171v\u00e9sz &#8211; id\u00e9n Dorogr\u00f3l utazott deleg\u00e1ci\u00f3 a sz\u00e9kelyf\u00f6ldi testv\u00e9rtelep\u00fcl\u00e9sre. A m\u0171vel\u0151d\u00e9si h\u00e1zban megtartott \u00fcnneps\u00e9get a Fels\u0151boldogfalv\u00e1\u00e9rt Egyes\u00fclet a helyi \u00f6nkorm\u00e1nyzattal k\u00f6z\u00f6sen szervezte meg.<\/p>\n<p>A Himnusz el\u00e9nekl\u00e9se ut\u00e1n S\u00e1ndor J\u00f3zsef, Fels\u0151boldogfalva polg\u00e1rmestere, majd dr. Tittmann J\u00e1nos, Dorog polg\u00e1rmestere mondott k\u00f6sz\u00f6nt\u0151t, mindketten a nap jelent\u0151s\u00e9g\u00e9t, illetve a k\u00f6z\u00f6s \u00fcnnepl\u00e9s fontoss\u00e1g\u00e1t hangs\u00falyozt\u00e1k besz\u00e9d\u00fckben.<\/p>\n<p>A kultur\u00e1lis m\u0171sor a dorogi Erkel Ferenc Zeneiskola \u00e9nekeseinek \u00e9s zongoram\u0171v\u00e9sz\u00e9nek el\u0151ad\u00e1s\u00e1val kezd\u0151d\u00f6tt. Ezt k\u00f6vette Farkas Bal\u00e1zs, a helyi F\u00fcl\u00f6p \u00c1ron \u00c1ltal\u00e1nos Iskola di\u00e1kj\u00e1nak szavalata. A m\u0171sor az Iglice n\u00e9pt\u00e1nccsoport \u00fcnnepi el\u0151ad\u00e1s\u00e1val folytat\u00f3dott. K\u00e9s\u0151bb dr. Hermann Guszt\u00e1v Mih\u00e1ly egyetemi docens, t\u00f6rt\u00e9n\u00e9sz tartott el\u0151ad\u00e1st a sz\u00e9kelyek eredet\u00e9r\u0151l.<\/p>\n<p>A sz\u00e9kely himnusz el\u00e9nekl\u00e9se ut\u00e1n az \u00e9rdekl\u0151d\u0151k a dorogi &#8211; Kapa Melinda, Kolonics P\u00e9ter, Szax Oliv\u00e9r \u00e9s V\u00e9gh \u00c9va &#8211; \u00e9s a helyi fest\u0151m\u0171v\u00e9szek (k\u00f6zt\u00fck Ist\u00f3k Em\u0151ke) alkot\u00e1saib\u00f3l ny\u00edlt ki\u00e1ll\u00edt\u00e1st tekinthett\u00e9k meg.<\/p>\n<p><em><strong>Egy\u00e9bk\u00e9nt Fels\u0151boldogfalva \u00e9s Dorog id\u00e9n augusztusban \u00fcnnepli a testv\u00e9rtelep\u00fcl\u00e9si szerz\u0151d\u00e9s al\u00e1\u00edr\u00e1s\u00e1nak \u00f6t\u00f6dik \u00e9vfordul\u00f3j\u00e1t.<\/strong><\/em><\/p>\n<p><em>Forr\u00e1s: dorog.hu<br \/>\nFot\u00f3: Google<\/em><\/p>\n","protected":false},"excerpt":{"rendered":"<p>Doroggal k\u00f6z\u00f6sen rendeztek Fels\u0151boldogfalv\u00e1n \u00fcnneps\u00e9get a Magyar Kult\u00fara Napja alkalm\u00e1b\u00f3l janu\u00e1r 21-\u00e9n &#8211; sz\u00e1mol be Dorog v\u00e1ros a honlapj\u00e1n. Miut\u00e1n tavaly Dorogon mutatkoztak be a magyar kult\u00fara napj\u00e1n a fels\u0151boldogfalvi m\u0171v\u00e9szek &#8211; a n\u00e9pt\u00e1ncosok \u00e9s Farc\u00e1di S\u00e1ndor Levente fest\u0151m\u0171v\u00e9sz &#8211; id\u00e9n Dorogr\u00f3l utazott deleg\u00e1ci\u00f3 a sz\u00e9kelyf\u00f6ldi testv\u00e9rtelep\u00fcl\u00e9sre. A m\u0171vel\u0151d\u00e9si h\u00e1zban megtartott \u00fcnneps\u00e9get a Fels\u0151boldogfalv\u00e1\u00e9rt Egyes\u00fclet<\/p>\n","protected":false},"author":1,"featured_media":7917,"comment_status":"closed","ping_status":"closed","sticky":false,"template":"","format":"standard","meta":{"ngg_post_thumbnail":0,"footnotes":""},"categories":[2,3],"tags":[15,1103,2108,125],"class_list":{"0":"post-7916","1":"post","2":"type-post","3":"status-publish","4":"format-standard","5":"has-post-thumbnail","7":"category-dorog","8":"category-hirek","9":"tag-dorog","10":"tag-felsoboldogfalva","11":"tag-magyar-kultura-napja","12":"tag-testvertelepules"},"yoast_head":"<!-- This site is optimized with the Yoast SEO plugin v27.5 - https:\/\/yoast.com\/product\/yoast-seo-wordpress\/ -->\n<title>Testv\u00e9rtelep\u00fcl\u00e9s\u00fcket l\u00e1togatt\u00e1k meg a dorogiak<\/title>\n<meta name=\"robots\" content=\"index, follow, max-snippet:-1, max-image-preview:large, max-video-preview:-1\" \/>\n<link rel=\"canonical\" href=\"https:\/\/dorogimedence.hu\/index.php\/2018\/01\/26\/testvertelepulesuket-latogattak-meg-a-dorogiak\/\" class=\"yoast-seo-meta-tag\" \/>\n<meta property=\"og:locale\" content=\"hu_HU\" class=\"yoast-seo-meta-tag\" \/>\n<meta property=\"og:type\" content=\"article\" class=\"yoast-seo-meta-tag\" \/>\n<meta property=\"og:title\" content=\"Testv\u00e9rtelep\u00fcl\u00e9s\u00fcket l\u00e1togatt\u00e1k meg a dorogiak\" class=\"yoast-seo-meta-tag\" \/>\n<meta property=\"og:description\" content=\"Doroggal k\u00f6z\u00f6sen rendeztek Fels\u0151boldogfalv\u00e1n \u00fcnneps\u00e9get a Magyar Kult\u00fara Napja alkalm\u00e1b\u00f3l janu\u00e1r 21-\u00e9n &#8211; sz\u00e1mol be Dorog v\u00e1ros a honlapj\u00e1n. Miut\u00e1n tavaly Dorogon mutatkoztak be a magyar kult\u00fara napj\u00e1n a fels\u0151boldogfalvi m\u0171v\u00e9szek &#8211; a n\u00e9pt\u00e1ncosok \u00e9s Farc\u00e1di S\u00e1ndor Levente fest\u0151m\u0171v\u00e9sz &#8211; id\u00e9n Dorogr\u00f3l utazott deleg\u00e1ci\u00f3 a sz\u00e9kelyf\u00f6ldi testv\u00e9rtelep\u00fcl\u00e9sre. A m\u0171vel\u0151d\u00e9si h\u00e1zban megtartott \u00fcnneps\u00e9get a Fels\u0151boldogfalv\u00e1\u00e9rt Egyes\u00fclet\" class=\"yoast-seo-meta-tag\" \/>\n<meta property=\"og:url\" content=\"https:\/\/dorogimedence.hu\/index.php\/2018\/01\/26\/testvertelepulesuket-latogattak-meg-a-dorogiak\/\" class=\"yoast-seo-meta-tag\" \/>\n<meta property=\"og:site_name\" content=\"Dorogi-medence Region\u00e1lis H\u00edrport\u00e1l\" class=\"yoast-seo-meta-tag\" \/>\n<meta property=\"article:publisher\" content=\"https:\/\/www.facebook.com\/dorogimedence\/\" class=\"yoast-seo-meta-tag\" \/>\n<meta property=\"article:published_time\" content=\"2018-01-26T04:18:02+00:00\" class=\"yoast-seo-meta-tag\" \/>\n<meta property=\"og:image\" content=\"https:\/\/i0.wp.com\/dorogimedence.hu\/wp-content\/uploads\/2018\/01\/felsoboldogfalva-01.jpg?fit=670%2C365&ssl=1\" class=\"yoast-seo-meta-tag\" \/>\n\t<meta property=\"og:image:width\" content=\"670\" class=\"yoast-seo-meta-tag\" \/>\n\t<meta property=\"og:image:height\" content=\"365\" class=\"yoast-seo-meta-tag\" \/>\n\t<meta property=\"og:image:type\" content=\"image\/jpeg\" class=\"yoast-seo-meta-tag\" \/>\n<meta name=\"author\" content=\"dorogimedence.hu\" class=\"yoast-seo-meta-tag\" \/>\n<meta name=\"twitter:card\" content=\"summary_large_image\" class=\"yoast-seo-meta-tag\" \/>\n<meta name=\"twitter:label1\" content=\"Szerz\u0151:\" class=\"yoast-seo-meta-tag\" \/>\n\t<meta name=\"twitter:data1\" content=\"dorogimedence.hu\" class=\"yoast-seo-meta-tag\" \/>\n\t<meta name=\"twitter:label2\" content=\"Becs\u00fclt olvas\u00e1si id\u0151\" class=\"yoast-seo-meta-tag\" \/>\n\t<meta name=\"twitter:data2\" content=\"2 perc\" class=\"yoast-seo-meta-tag\" \/>\n<script type=\"application\/ld+json\" class=\"yoast-schema-graph\">{\"@context\":\"https:\\\/\\\/schema.org\",\"@graph\":[{\"@type\":\"Article\",\"@id\":\"https:\\\/\\\/dorogimedence.hu\\\/index.php\\\/2018\\\/01\\\/26\\\/testvertelepulesuket-latogattak-meg-a-dorogiak\\\/#article\",\"isPartOf\":{\"@id\":\"https:\\\/\\\/dorogimedence.hu\\\/index.php\\\/2018\\\/01\\\/26\\\/testvertelepulesuket-latogattak-meg-a-dorogiak\\\/\"},\"author\":{\"name\":\"dorogimedence.hu\",\"@id\":\"https:\\\/\\\/dorogimedence.hu\\\/#\\\/schema\\\/person\\\/ce6091eeb7e95ecdc87890d6aa8e0fd4\"},\"headline\":\"Testv\u00e9rtelep\u00fcl\u00e9s\u00fcket l\u00e1togatt\u00e1k meg a dorogiak\",\"datePublished\":\"2018-01-26T04:18:02+00:00\",\"mainEntityOfPage\":{\"@id\":\"https:\\\/\\\/dorogimedence.hu\\\/index.php\\\/2018\\\/01\\\/26\\\/testvertelepulesuket-latogattak-meg-a-dorogiak\\\/\"},\"wordCount\":339,\"publisher\":{\"@id\":\"https:\\\/\\\/dorogimedence.hu\\\/#organization\"},\"image\":{\"@id\":\"https:\\\/\\\/dorogimedence.hu\\\/index.php\\\/2018\\\/01\\\/26\\\/testvertelepulesuket-latogattak-meg-a-dorogiak\\\/#primaryimage\"},\"thumbnailUrl\":\"https:\\\/\\\/dorogimedence.hu\\\/wp-content\\\/uploads\\\/2018\\\/01\\\/felsoboldogfalva-01.jpg\",\"keywords\":[\"Dorog\",\"Fels\u0151boldogfalva\",\"Magyar Kult\u00fara Napja\",\"testv\u00e9rtelep\u00fcl\u00e9s\"],\"articleSection\":[\"Dorog\",\"H\u00edrek\"],\"inLanguage\":\"hu\"},{\"@type\":\"WebPage\",\"@id\":\"https:\\\/\\\/dorogimedence.hu\\\/index.php\\\/2018\\\/01\\\/26\\\/testvertelepulesuket-latogattak-meg-a-dorogiak\\\/\",\"url\":\"https:\\\/\\\/dorogimedence.hu\\\/index.php\\\/2018\\\/01\\\/26\\\/testvertelepulesuket-latogattak-meg-a-dorogiak\\\/\",\"name\":\"Testv\u00e9rtelep\u00fcl\u00e9s\u00fcket l\u00e1togatt\u00e1k meg a dorogiak\",\"isPartOf\":{\"@id\":\"https:\\\/\\\/dorogimedence.hu\\\/#website\"},\"primaryImageOfPage\":{\"@id\":\"https:\\\/\\\/dorogimedence.hu\\\/index.php\\\/2018\\\/01\\\/26\\\/testvertelepulesuket-latogattak-meg-a-dorogiak\\\/#primaryimage\"},\"image\":{\"@id\":\"https:\\\/\\\/dorogimedence.hu\\\/index.php\\\/2018\\\/01\\\/26\\\/testvertelepulesuket-latogattak-meg-a-dorogiak\\\/#primaryimage\"},\"thumbnailUrl\":\"https:\\\/\\\/dorogimedence.hu\\\/wp-content\\\/uploads\\\/2018\\\/01\\\/felsoboldogfalva-01.jpg\",\"datePublished\":\"2018-01-26T04:18:02+00:00\",\"breadcrumb\":{\"@id\":\"https:\\\/\\\/dorogimedence.hu\\\/index.php\\\/2018\\\/01\\\/26\\\/testvertelepulesuket-latogattak-meg-a-dorogiak\\\/#breadcrumb\"},\"inLanguage\":\"hu\",\"potentialAction\":[{\"@type\":\"ReadAction\",\"target\":[\"https:\\\/\\\/dorogimedence.hu\\\/index.php\\\/2018\\\/01\\\/26\\\/testvertelepulesuket-latogattak-meg-a-dorogiak\\\/\"]}]},{\"@type\":\"ImageObject\",\"inLanguage\":\"hu\",\"@id\":\"https:\\\/\\\/dorogimedence.hu\\\/index.php\\\/2018\\\/01\\\/26\\\/testvertelepulesuket-latogattak-meg-a-dorogiak\\\/#primaryimage\",\"url\":\"https:\\\/\\\/dorogimedence.hu\\\/wp-content\\\/uploads\\\/2018\\\/01\\\/felsoboldogfalva-01.jpg\",\"contentUrl\":\"https:\\\/\\\/dorogimedence.hu\\\/wp-content\\\/uploads\\\/2018\\\/01\\\/felsoboldogfalva-01.jpg\",\"width\":670,\"height\":365},{\"@type\":\"BreadcrumbList\",\"@id\":\"https:\\\/\\\/dorogimedence.hu\\\/index.php\\\/2018\\\/01\\\/26\\\/testvertelepulesuket-latogattak-meg-a-dorogiak\\\/#breadcrumb\",\"itemListElement\":[{\"@type\":\"ListItem\",\"position\":1,\"name\":\"Kezd\u0151lap\",\"item\":\"https:\\\/\\\/dorogimedence.hu\\\/\"},{\"@type\":\"ListItem\",\"position\":2,\"name\":\"Testv\u00e9rtelep\u00fcl\u00e9s\u00fcket l\u00e1togatt\u00e1k meg a dorogiak\"}]},{\"@type\":\"WebSite\",\"@id\":\"https:\\\/\\\/dorogimedence.hu\\\/#website\",\"url\":\"https:\\\/\\\/dorogimedence.hu\\\/\",\"name\":\"Dorogi-medence Region\u00e1lis H\u00edrport\u00e1l\",\"description\":\"Dorog, Keszt\u00f6lc, Le\u00e1nyv\u00e1r, Piliscs\u00e9v, Tokod, Tokodalt\u00e1r\u00f3, Csolnok, Esztergom-kertv\u00e1ros: h\u00edrek, programok\",\"publisher\":{\"@id\":\"https:\\\/\\\/dorogimedence.hu\\\/#organization\"},\"potentialAction\":[{\"@type\":\"SearchAction\",\"target\":{\"@type\":\"EntryPoint\",\"urlTemplate\":\"https:\\\/\\\/dorogimedence.hu\\\/?s={search_term_string}\"},\"query-input\":{\"@type\":\"PropertyValueSpecification\",\"valueRequired\":true,\"valueName\":\"search_term_string\"}}],\"inLanguage\":\"hu\"},{\"@type\":\"Organization\",\"@id\":\"https:\\\/\\\/dorogimedence.hu\\\/#organization\",\"name\":\"Dorogi-medence Region\u00e1lis H\u00edrport\u00e1l\",\"url\":\"https:\\\/\\\/dorogimedence.hu\\\/\",\"logo\":{\"@type\":\"ImageObject\",\"inLanguage\":\"hu\",\"@id\":\"https:\\\/\\\/dorogimedence.hu\\\/#\\\/schema\\\/logo\\\/image\\\/\",\"url\":\"https:\\\/\\\/dorogimedence.hu\\\/wp-content\\\/uploads\\\/2021\\\/04\\\/logo-feher-600.png\",\"contentUrl\":\"https:\\\/\\\/dorogimedence.hu\\\/wp-content\\\/uploads\\\/2021\\\/04\\\/logo-feher-600.png\",\"width\":600,\"height\":100,\"caption\":\"Dorogi-medence Region\u00e1lis H\u00edrport\u00e1l\"},\"image\":{\"@id\":\"https:\\\/\\\/dorogimedence.hu\\\/#\\\/schema\\\/logo\\\/image\\\/\"},\"sameAs\":[\"https:\\\/\\\/www.facebook.com\\\/dorogimedence\\\/\"]},{\"@type\":\"Person\",\"@id\":\"https:\\\/\\\/dorogimedence.hu\\\/#\\\/schema\\\/person\\\/ce6091eeb7e95ecdc87890d6aa8e0fd4\",\"name\":\"dorogimedence.hu\",\"image\":{\"@type\":\"ImageObject\",\"inLanguage\":\"hu\",\"@id\":\"\\\/\\\/www.gravatar.com\\\/avatar\\\/d8d45f8901aadff40a4af72c0b826f1d?s=96&#038;r=g&#038;d=mm\",\"url\":\"\\\/\\\/www.gravatar.com\\\/avatar\\\/d8d45f8901aadff40a4af72c0b826f1d?s=96&#038;r=g&#038;d=mm\",\"contentUrl\":\"\\\/\\\/www.gravatar.com\\\/avatar\\\/d8d45f8901aadff40a4af72c0b826f1d?s=96&#038;r=g&#038;d=mm\",\"caption\":\"dorogimedence.hu\"}}]}<\/script>\n<!-- \/ Yoast SEO plugin. -->","yoast_head_json":{"title":"Testv\u00e9rtelep\u00fcl\u00e9s\u00fcket l\u00e1togatt\u00e1k meg a dorogiak","robots":{"index":"index","follow":"follow","max-snippet":"max-snippet:-1","max-image-preview":"max-image-preview:large","max-video-preview":"max-video-preview:-1"},"canonical":"https:\/\/dorogimedence.hu\/index.php\/2018\/01\/26\/testvertelepulesuket-latogattak-meg-a-dorogiak\/","og_locale":"hu_HU","og_type":"article","og_title":"Testv\u00e9rtelep\u00fcl\u00e9s\u00fcket l\u00e1togatt\u00e1k meg a dorogiak","og_description":"Doroggal k\u00f6z\u00f6sen rendeztek Fels\u0151boldogfalv\u00e1n \u00fcnneps\u00e9get a Magyar Kult\u00fara Napja alkalm\u00e1b\u00f3l janu\u00e1r 21-\u00e9n &#8211; sz\u00e1mol be Dorog v\u00e1ros a honlapj\u00e1n. Miut\u00e1n tavaly Dorogon mutatkoztak be a magyar kult\u00fara napj\u00e1n a fels\u0151boldogfalvi m\u0171v\u00e9szek &#8211; a n\u00e9pt\u00e1ncosok \u00e9s Farc\u00e1di S\u00e1ndor Levente fest\u0151m\u0171v\u00e9sz &#8211; id\u00e9n Dorogr\u00f3l utazott deleg\u00e1ci\u00f3 a sz\u00e9kelyf\u00f6ldi testv\u00e9rtelep\u00fcl\u00e9sre. A m\u0171vel\u0151d\u00e9si h\u00e1zban megtartott \u00fcnneps\u00e9get a Fels\u0151boldogfalv\u00e1\u00e9rt Egyes\u00fclet","og_url":"https:\/\/dorogimedence.hu\/index.php\/2018\/01\/26\/testvertelepulesuket-latogattak-meg-a-dorogiak\/","og_site_name":"Dorogi-medence Region\u00e1lis H\u00edrport\u00e1l","article_publisher":"https:\/\/www.facebook.com\/dorogimedence\/","article_published_time":"2018-01-26T04:18:02+00:00","og_image":[{"width":670,"height":365,"url":"https:\/\/i0.wp.com\/dorogimedence.hu\/wp-content\/uploads\/2018\/01\/felsoboldogfalva-01.jpg?fit=670%2C365&ssl=1","type":"image\/jpeg"}],"author":"dorogimedence.hu","twitter_card":"summary_large_image","twitter_misc":{"Szerz\u0151:":"dorogimedence.hu","Becs\u00fclt olvas\u00e1si id\u0151":"2 perc"},"schema":{"@context":"https:\/\/schema.org","@graph":[{"@type":"Article","@id":"https:\/\/dorogimedence.hu\/index.php\/2018\/01\/26\/testvertelepulesuket-latogattak-meg-a-dorogiak\/#article","isPartOf":{"@id":"https:\/\/dorogimedence.hu\/index.php\/2018\/01\/26\/testvertelepulesuket-latogattak-meg-a-dorogiak\/"},"author":{"name":"dorogimedence.hu","@id":"https:\/\/dorogimedence.hu\/#\/schema\/person\/ce6091eeb7e95ecdc87890d6aa8e0fd4"},"headline":"Testv\u00e9rtelep\u00fcl\u00e9s\u00fcket l\u00e1togatt\u00e1k meg a dorogiak","datePublished":"2018-01-26T04:18:02+00:00","mainEntityOfPage":{"@id":"https:\/\/dorogimedence.hu\/index.php\/2018\/01\/26\/testvertelepulesuket-latogattak-meg-a-dorogiak\/"},"wordCount":339,"publisher":{"@id":"https:\/\/dorogimedence.hu\/#organization"},"image":{"@id":"https:\/\/dorogimedence.hu\/index.php\/2018\/01\/26\/testvertelepulesuket-latogattak-meg-a-dorogiak\/#primaryimage"},"thumbnailUrl":"https:\/\/dorogimedence.hu\/wp-content\/uploads\/2018\/01\/felsoboldogfalva-01.jpg","keywords":["Dorog","Fels\u0151boldogfalva","Magyar Kult\u00fara Napja","testv\u00e9rtelep\u00fcl\u00e9s"],"articleSection":["Dorog","H\u00edrek"],"inLanguage":"hu"},{"@type":"WebPage","@id":"https:\/\/dorogimedence.hu\/index.php\/2018\/01\/26\/testvertelepulesuket-latogattak-meg-a-dorogiak\/","url":"https:\/\/dorogimedence.hu\/index.php\/2018\/01\/26\/testvertelepulesuket-latogattak-meg-a-dorogiak\/","name":"Testv\u00e9rtelep\u00fcl\u00e9s\u00fcket l\u00e1togatt\u00e1k meg a dorogiak","isPartOf":{"@id":"https:\/\/dorogimedence.hu\/#website"},"primaryImageOfPage":{"@id":"https:\/\/dorogimedence.hu\/index.php\/2018\/01\/26\/testvertelepulesuket-latogattak-meg-a-dorogiak\/#primaryimage"},"image":{"@id":"https:\/\/dorogimedence.hu\/index.php\/2018\/01\/26\/testvertelepulesuket-latogattak-meg-a-dorogiak\/#primaryimage"},"thumbnailUrl":"https:\/\/dorogimedence.hu\/wp-content\/uploads\/2018\/01\/felsoboldogfalva-01.jpg","datePublished":"2018-01-26T04:18:02+00:00","breadcrumb":{"@id":"https:\/\/dorogimedence.hu\/index.php\/2018\/01\/26\/testvertelepulesuket-latogattak-meg-a-dorogiak\/#breadcrumb"},"inLanguage":"hu","potentialAction":[{"@type":"ReadAction","target":["https:\/\/dorogimedence.hu\/index.php\/2018\/01\/26\/testvertelepulesuket-latogattak-meg-a-dorogiak\/"]}]},{"@type":"ImageObject","inLanguage":"hu","@id":"https:\/\/dorogimedence.hu\/index.php\/2018\/01\/26\/testvertelepulesuket-latogattak-meg-a-dorogiak\/#primaryimage","url":"https:\/\/dorogimedence.hu\/wp-content\/uploads\/2018\/01\/felsoboldogfalva-01.jpg","contentUrl":"https:\/\/dorogimedence.hu\/wp-content\/uploads\/2018\/01\/felsoboldogfalva-01.jpg","width":670,"height":365},{"@type":"BreadcrumbList","@id":"https:\/\/dorogimedence.hu\/index.php\/2018\/01\/26\/testvertelepulesuket-latogattak-meg-a-dorogiak\/#breadcrumb","itemListElement":[{"@type":"ListItem","position":1,"name":"Kezd\u0151lap","item":"https:\/\/dorogimedence.hu\/"},{"@type":"ListItem","position":2,"name":"Testv\u00e9rtelep\u00fcl\u00e9s\u00fcket l\u00e1togatt\u00e1k meg a dorogiak"}]},{"@type":"WebSite","@id":"https:\/\/dorogimedence.hu\/#website","url":"https:\/\/dorogimedence.hu\/","name":"Dorogi-medence Region\u00e1lis H\u00edrport\u00e1l","description":"Dorog, Keszt\u00f6lc, Le\u00e1nyv\u00e1r, Piliscs\u00e9v, Tokod, Tokodalt\u00e1r\u00f3, Csolnok, Esztergom-kertv\u00e1ros: h\u00edrek, programok","publisher":{"@id":"https:\/\/dorogimedence.hu\/#organization"},"potentialAction":[{"@type":"SearchAction","target":{"@type":"EntryPoint","urlTemplate":"https:\/\/dorogimedence.hu\/?s={search_term_string}"},"query-input":{"@type":"PropertyValueSpecification","valueRequired":true,"valueName":"search_term_string"}}],"inLanguage":"hu"},{"@type":"Organization","@id":"https:\/\/dorogimedence.hu\/#organization","name":"Dorogi-medence Region\u00e1lis H\u00edrport\u00e1l","url":"https:\/\/dorogimedence.hu\/","logo":{"@type":"ImageObject","inLanguage":"hu","@id":"https:\/\/dorogimedence.hu\/#\/schema\/logo\/image\/","url":"https:\/\/dorogimedence.hu\/wp-content\/uploads\/2021\/04\/logo-feher-600.png","contentUrl":"https:\/\/dorogimedence.hu\/wp-content\/uploads\/2021\/04\/logo-feher-600.png","width":600,"height":100,"caption":"Dorogi-medence Region\u00e1lis H\u00edrport\u00e1l"},"image":{"@id":"https:\/\/dorogimedence.hu\/#\/schema\/logo\/image\/"},"sameAs":["https:\/\/www.facebook.com\/dorogimedence\/"]},{"@type":"Person","@id":"https:\/\/dorogimedence.hu\/#\/schema\/person\/ce6091eeb7e95ecdc87890d6aa8e0fd4","name":"dorogimedence.hu","image":{"@type":"ImageObject","inLanguage":"hu","@id":"\/\/www.gravatar.com\/avatar\/d8d45f8901aadff40a4af72c0b826f1d?s=96&#038;r=g&#038;d=mm","url":"\/\/www.gravatar.com\/avatar\/d8d45f8901aadff40a4af72c0b826f1d?s=96&#038;r=g&#038;d=mm","contentUrl":"\/\/www.gravatar.com\/avatar\/d8d45f8901aadff40a4af72c0b826f1d?s=96&#038;r=g&#038;d=mm","caption":"dorogimedence.hu"}}]}},"_links":{"self":[{"href":"https:\/\/dorogimedence.hu\/index.php\/wp-json\/wp\/v2\/posts\/7916","targetHints":{"allow":["GET"]}}],"collection":[{"href":"https:\/\/dorogimedence.hu\/index.php\/wp-json\/wp\/v2\/posts"}],"about":[{"href":"https:\/\/dorogimedence.hu\/index.php\/wp-json\/wp\/v2\/types\/post"}],"author":[{"embeddable":true,"href":"https:\/\/dorogimedence.hu\/index.php\/wp-json\/wp\/v2\/users\/1"}],"replies":[{"embeddable":true,"href":"https:\/\/dorogimedence.hu\/index.php\/wp-json\/wp\/v2\/comments?post=7916"}],"version-history":[{"count":0,"href":"https:\/\/dorogimedence.hu\/index.php\/wp-json\/wp\/v2\/posts\/7916\/revisions"}],"wp:featuredmedia":[{"embeddable":true,"href":"https:\/\/dorogimedence.hu\/index.php\/wp-json\/wp\/v2\/media\/7917"}],"wp:attachment":[{"href":"https:\/\/dorogimedence.hu\/index.php\/wp-json\/wp\/v2\/media?parent=7916"}],"wp:term":[{"taxonomy":"category","embeddable":true,"href":"https:\/\/dorogimedence.hu\/index.php\/wp-json\/wp\/v2\/categories?post=7916"},{"taxonomy":"post_tag","embeddable":true,"href":"https:\/\/dorogimedence.hu\/index.php\/wp-json\/wp\/v2\/tags?post=7916"}],"curies":[{"name":"wp","href":"https:\/\/api.w.org\/{rel}","templated":true}]}}